{"id":3059,"date":"2017-11-08T09:50:02","date_gmt":"2017-11-08T08:50:02","guid":{"rendered":"https:\/\/www.schlanser.ch\/magazin\/?p=3059"},"modified":"2025-01-24T16:32:09","modified_gmt":"2025-01-24T15:32:09","slug":"camping-in-portugals-algarve","status":"publish","type":"post","link":"https:\/\/www.schlanser.ch\/magazin\/camping-in-portugals-algarve\/","title":{"rendered":"Camping in Portugals Algarve"},"content":{"rendered":"<h2>\u00ab Ein Streifzug durch die sch\u00f6nste K\u00fcstenregion Iberiens \u00bb<\/h2>\n<p style=\"text-align: justify;\"><strong>Ganz im S\u00fcdwesten Europas befinden sich die wohl sch\u00f6nsten Sandstr\u00e4nde des ganzen Kontinents. Portugal h\u00e4lt mit seiner s\u00fcdlichsten Region, der Algarve mit den St\u00e4dten Lagos und Faro, schon lange keinen Schatz mehr geheim. Zunehmend gut ausgebaute Infrastruktur, eine grosse Vielfalt an Unterk\u00fcnften und Aktivit\u00e4ten f\u00fcr die ganze Familie erg\u00e4nzen das naturnahe Entspannungsangebot in einer sonnenverw\u00f6hnten Region.<\/strong><\/p>\n<h2>Eine Region, die f\u00fcr jeden etwas bietet<\/h2>\n<p style=\"text-align: justify;\">Geht es um die ideale Gegend f\u00fcr Camping in Portugal, ist die Algarve erste Wahl. Hier kommt jeder auf seine Kosten: Den Kindern wird am Strand und in diversen Freizeitparks reichlich Spielraum gelassen. Junge Paare bestaunen romantische Sonnenunterg\u00e4nge an der Westk\u00fcste. Lebenslustige Partyg\u00e4nger entscheiden sich jeden Abend zwischen verschiedenen Feiern und Ruhebed\u00fcrftige lassen ihre Seele in einsamen Buchten baumeln. Nicht zuletzt ist die Region f\u00fcr ihr gesundes Klima bekannt, das insbesondere Senioren und Menschen mit chronischen Erkrankungen von Asthma bis Neurodermitis zu sch\u00e4tzen wissen.<\/p>\n<figure id=\"attachment_3085\" aria-describedby=\"caption-attachment-3085\" style=\"width: 600px\" class=\"wp-caption aligncenter\"><img loading=\"lazy\" decoding=\"async\" class=\"wp-image-3085 size-full\" title=\"Algarve in Portugal\" src=\"https:\/\/www.schlanser.ch\/magazin\/wp-content\/uploads\/2017\/11\/Algarve-in-Portugal.jpg\" alt=\"Algarve in Portugal\" width=\"600\" height=\"400\" srcset=\"https:\/\/www.schlanser.ch\/magazin\/wp-content\/uploads\/2017\/11\/Algarve-in-Portugal.jpg 600w, https:\/\/www.schlanser.ch\/magazin\/wp-content\/uploads\/2017\/11\/Algarve-in-Portugal-300x200.jpg 300w\" sizes=\"(max-width: 600px) 100vw, 600px\" \/><figcaption id=\"caption-attachment-3085\" class=\"wp-caption-text\">\u00a9 santosha57 \/ Fotolia.com<\/figcaption><\/figure>\n<p style=\"text-align: justify;\">Camping an der Algarve ist das ganze Jahr \u00fcber ein angenehmes Erlebnis. Selbst im Winter bleiben die Temperaturen an der K\u00fcste dem Gefrierpunkt fern. Im Sommer gibt es f\u00fcr mehr als sechs Monate nahezu durchgehend Sonnenschein. Beim Zelten in Portugal finden Sie im S\u00fcden des Landes sicherlich die sch\u00f6nsten Campingpl\u00e4tze und das vielf\u00e4ltigste Freizeitangebot.<\/p>\n<h2>Mehr als nur Badeurlaub<\/h2>\n<p style=\"text-align: justify;\">Die K\u00fcste S\u00fcdportugals ist zweifelsohne ein beeindruckender Anblick. Beim Algarve Camping k\u00f6nnen Sie sich zwischen einsamen Buchten und gepflegten Str\u00e4nden mit Bars und Restaurants entscheiden. Ein sehr beliebter Ferienort ist Lagos, das sowohl wegen seiner Str\u00e4nde als auch seiner Felsenh\u00f6hlen bekannt ist. Letztere k\u00f6nnen vom Wasser aus im Rahmen einer Bootstour besichtigt werden. Ganz in der N\u00e4he finden Sie das Fischerd\u00f6rfchen Alvor. An einer grossen Meeresbucht gelegen vereinen sich hier traditioneller Charakter eines portugiesischen \u00d6rtchens mit hervorragenden Fischrestaurants und gem\u00fctlichen Pubs.<\/p>\n<figure id=\"attachment_3082\" aria-describedby=\"caption-attachment-3082\" style=\"width: 600px\" class=\"wp-caption aligncenter\"><img loading=\"lazy\" decoding=\"async\" class=\"wp-image-3082 size-full\" title=\"Hafen von Alvor\" src=\"https:\/\/www.schlanser.ch\/magazin\/wp-content\/uploads\/2017\/11\/Hafen-von-Alvor.jpg\" alt=\"Hafen von Alvor\" width=\"600\" height=\"400\" srcset=\"https:\/\/www.schlanser.ch\/magazin\/wp-content\/uploads\/2017\/11\/Hafen-von-Alvor.jpg 600w, https:\/\/www.schlanser.ch\/magazin\/wp-content\/uploads\/2017\/11\/Hafen-von-Alvor-300x200.jpg 300w\" sizes=\"(max-width: 600px) 100vw, 600px\" \/><figcaption id=\"caption-attachment-3082\" class=\"wp-caption-text\">\u00a9 anammarques \/ Fotolia.com<\/figcaption><\/figure>\n<h2>Der letzte Bratwurststand vor Amerika<\/h2>\n<p style=\"text-align: justify;\">Fahren Sie ganz bis an das westliche Ende der Algarve, landen Sie in dem St\u00e4dtchen Sagres. Den meisten Leuten ist der Ort eher aufgrund des gleichnamigen Biers bekannt. Doch lohnt sich ein Besuch auch wegen des s\u00fcdwestlichsten Punkts Europas, dem Cabo de S\u00e3o Vicente mit seinem niedlichem Leuchtturm. Die umliegenden Steilk\u00fcsten sowie der letzte Bratwurststand vor Amerika sind tags\u00fcber echte Portugal-Highlights, w\u00e4hrend abends die rot im Meer versinkende Sonne zahlreiche Besucher anlockt.<\/p>\n<figure id=\"attachment_3080\" aria-describedby=\"caption-attachment-3080\" style=\"width: 600px\" class=\"wp-caption aligncenter\"><img loading=\"lazy\" decoding=\"async\" class=\"wp-image-3080 size-full\" title=\"Leuchtturm am Cabo de S\u00e3o Vicente\" src=\"https:\/\/www.schlanser.ch\/magazin\/wp-content\/uploads\/2017\/11\/Leuchtturm-am-Cabo-de-Sao-Vicente.jpg\" alt=\"Leuchtturm am Cabo de Sao Vicente\" width=\"600\" height=\"337\" srcset=\"https:\/\/www.schlanser.ch\/magazin\/wp-content\/uploads\/2017\/11\/Leuchtturm-am-Cabo-de-Sao-Vicente.jpg 600w, https:\/\/www.schlanser.ch\/magazin\/wp-content\/uploads\/2017\/11\/Leuchtturm-am-Cabo-de-Sao-Vicente-300x169.jpg 300w\" sizes=\"(max-width: 600px) 100vw, 600px\" \/><figcaption id=\"caption-attachment-3080\" class=\"wp-caption-text\">\u00a9 Nataraj \/ Fotolia.com<\/figcaption><\/figure>\n<h2>Abseits des Meeres<\/h2>\n<h3>Caldas de Monchique<\/h3>\n<p style=\"text-align: justify;\">Haben Sie beim Camping an der Algarve genug Meer gesehen, laden im Landesinneren weitere Attraktionen zu einem Ausflug ein. Caldas de Monchique ist ein kleiner Kurort etwas unterhalb des beschaulichen St\u00e4dtchens Monchique. Vom dortigen Thermalbad aus haben Sie eine wundersch\u00f6ne Aussicht \u00fcber die umliegenden H\u00fcgel. Bereits die R\u00f6mer wussten 100 v. Chr. diesen Kraftort zu sch\u00e4tzen.<\/p>\n<figure id=\"attachment_3076\" aria-describedby=\"caption-attachment-3076\" style=\"width: 600px\" class=\"wp-caption aligncenter\"><img loading=\"lazy\" decoding=\"async\" class=\"wp-image-3076 size-full\" title=\"Monchique in den Bergen von Algarve\" src=\"https:\/\/www.schlanser.ch\/magazin\/wp-content\/uploads\/2017\/11\/Monchique-in-den-Bergen-von-Algarve.jpg\" alt=\"Monchique in den Bergen von Algarve\" width=\"600\" height=\"400\" srcset=\"https:\/\/www.schlanser.ch\/magazin\/wp-content\/uploads\/2017\/11\/Monchique-in-den-Bergen-von-Algarve.jpg 600w, https:\/\/www.schlanser.ch\/magazin\/wp-content\/uploads\/2017\/11\/Monchique-in-den-Bergen-von-Algarve-300x200.jpg 300w\" sizes=\"(max-width: 600px) 100vw, 600px\" \/><figcaption id=\"caption-attachment-3076\" class=\"wp-caption-text\">\u00a9 eunikas \/ Fotolia.com<\/figcaption><\/figure>\n<h3>Silves<\/h3>\n<p style=\"text-align: justify;\">Nur ein St\u00fcckchen weiter im Osten liegt das mittelalterliche St\u00e4dtchen Silves. Die gut erhaltene Festungsanlage und die k\u00fchlen Gassen der Altstadt sind auch an heissen Sommertagen einen Besuch wert. Im August findet hier ausserdem ein mehrt\u00e4giges Mittelalterfest statt, das weit \u00fcber die Grenzen von Portugal hinaus bekannt ist.<\/p>\n<figure id=\"attachment_3078\" aria-describedby=\"caption-attachment-3078\" style=\"width: 600px\" class=\"wp-caption aligncenter\"><img loading=\"lazy\" decoding=\"async\" class=\"wp-image-3078 size-full\" title=\"Blick auf das Dorf von Silves\" src=\"https:\/\/www.schlanser.ch\/magazin\/wp-content\/uploads\/2017\/11\/Blick-auf-das-Dorf-von-Silves.jpg\" alt=\"Blick auf das Dorf von Silves\" width=\"600\" height=\"400\" srcset=\"https:\/\/www.schlanser.ch\/magazin\/wp-content\/uploads\/2017\/11\/Blick-auf-das-Dorf-von-Silves.jpg 600w, https:\/\/www.schlanser.ch\/magazin\/wp-content\/uploads\/2017\/11\/Blick-auf-das-Dorf-von-Silves-300x200.jpg 300w\" sizes=\"(max-width: 600px) 100vw, 600px\" \/><figcaption id=\"caption-attachment-3078\" class=\"wp-caption-text\">\u00a9 moedas1 \/ Fotolia.com<\/figcaption><\/figure>\n<h3>Faro<\/h3>\n<p style=\"text-align: justify;\">Die Hauptstadt der Algarve ist wegen des grossen Flughafens f\u00fcr viele lediglich eine Zwischenstation auf dem Weg zum Camping in Portugal. Dabei hat Faro viel mehr zu bieten als nur einen zentralen Verkehrsknotenpunkt. Seine malerische Altstadt wird von alten Stadtmauern umschlossen. Dort k\u00f6nnen Sie vorz\u00fcglich zwischen traditionellen Restaurants und gem\u00fctlichen Bars flanieren. Die Preise sind moderat, da sie in erster Linie an die einheimische Bev\u00f6lkerung gerichtet sind. Von der Geschichte der Stadt zeugen viele historische Geb\u00e4ude, an denen man oftmals die typischen blauen Azulejos Kacheln bewundern kann.<\/p>\n<figure id=\"attachment_3072\" aria-describedby=\"caption-attachment-3072\" style=\"width: 600px\" class=\"wp-caption aligncenter\"><img loading=\"lazy\" decoding=\"async\" class=\"wp-image-3072 size-full\" title=\"Strasse in Faro\" src=\"https:\/\/www.schlanser.ch\/magazin\/wp-content\/uploads\/2017\/11\/Strasse-in-Faro.jpg\" alt=\"Strasse in Faro\" width=\"600\" height=\"400\" srcset=\"https:\/\/www.schlanser.ch\/magazin\/wp-content\/uploads\/2017\/11\/Strasse-in-Faro.jpg 600w, https:\/\/www.schlanser.ch\/magazin\/wp-content\/uploads\/2017\/11\/Strasse-in-Faro-300x200.jpg 300w\" sizes=\"(max-width: 600px) 100vw, 600px\" \/><figcaption id=\"caption-attachment-3072\" class=\"wp-caption-text\">\u00a9 aniad \/ Fotolia.com<\/figcaption><\/figure>\n<h4>Faro und die V\u00f6gel<\/h4>\n<p style=\"text-align: justify;\">Es gibt in der Stadt direkt keinen Strand. Allerdings sind die ruhigen Str\u00e4nde auf den vorgelagerten Sandbankinseln eine gute Alternative. Faro selbst liegt am Nationalpark Ria Formosa. Dort k\u00f6nnen Sie vorz\u00fcglich V\u00f6gel beobachten. Viele Zugv\u00f6gel machen in den hiesigen Salzlagunen auf ihrem Weg nach Afrika Zwischenstation oder verbringen sogar das ganze Jahr hier.<\/p>\n<blockquote>\n<p style=\"text-align: justify;\">Besonders prachtvoll sind die rosafarbenen Flamingos.<\/p>\n<\/blockquote>\n<p style=\"text-align: justify;\">Weitere auff\u00e4llige V\u00f6gel sind die St\u00f6rche. Diese werden Sie beim Camping an der Algarve nicht nur im Nationalpark antreffen. Vielerorts sieht man ganze Schw\u00e4rme an heissen Fr\u00fchlingstagen hoch in den Himmel hinauf kreisen.<\/p>\n<h2>Freizeitparks<\/h2>\n<p style=\"text-align: justify;\">Insbesondere an Familien mit Kindern richten sich diverse Freizeitparks, die sich mittlerweile in der Region tummeln. Im Zoomarine k\u00f6nnen die Kleinen beispielsweise sogar mit echten Delfinen Kontakt aufnehmen, auf einer Schatzinsel mit Piraten toben oder sich in diversen Rutschen und Karussells vergn\u00fcgen. Das weltweit gr\u00f6sste Sandskulpturenfestival FIESA in der N\u00e4he von Pera h\u00e4lt f\u00fcr Jung und Alt etwas zum Staunen bereit.<\/p>\n<figure id=\"attachment_3069\" aria-describedby=\"caption-attachment-3069\" style=\"width: 600px\" class=\"wp-caption aligncenter\"><img loading=\"lazy\" decoding=\"async\" class=\"wp-image-3069 size-full\" title=\"Sandskulpturen in Algarve\" src=\"https:\/\/www.schlanser.ch\/magazin\/wp-content\/uploads\/2017\/11\/Sandskulpturen-in-Algarve.jpg\" alt=\"Sandskulpturen in Algarve\" width=\"600\" height=\"402\" srcset=\"https:\/\/www.schlanser.ch\/magazin\/wp-content\/uploads\/2017\/11\/Sandskulpturen-in-Algarve.jpg 600w, https:\/\/www.schlanser.ch\/magazin\/wp-content\/uploads\/2017\/11\/Sandskulpturen-in-Algarve-300x201.jpg 300w, https:\/\/www.schlanser.ch\/magazin\/wp-content\/uploads\/2017\/11\/Sandskulpturen-in-Algarve-110x75.jpg 110w\" sizes=\"(max-width: 600px) 100vw, 600px\" \/><figcaption id=\"caption-attachment-3069\" class=\"wp-caption-text\">\u00a9 Inna Felker \/ Fotolia.com<\/figcaption><\/figure>\n<h2>Kulinarisches in Portugal und der Region<\/h2>\n<p style=\"text-align: justify;\">Keinesfalls sollten Sie beim Zelten oder Campen in Portugal die einheimische K\u00fcche \u00fcbergehen. Wegen des langen K\u00fcstenstreifens Portugals stehen nat\u00fcrlich Fisch und Meeresfr\u00fcchte ganz hoch im Kurs. &#8222;Sardinhas Assadas&#8220;, gegrillte Sardinen, finden Sie in Portugal fast an jeder Ecke zu kaufen. Doch auch Lamm- und Schweinefleisch erfreuen sich grosser Beliebtheit. Gerne werden Sie mit Mais oder Bohnen zu einem reichhaltigen Gericht verarbeitet. Der bekannteste K\u00e4se des Landes, der &#8222;Queijo da Serra&#8220;, ist ein Schafsk\u00e4se. Es gibt ihn in milden, streichzarten Varianten bis hin zum w\u00fcrzigen, lang gereiften K\u00e4se.<\/p>\n<figure id=\"attachment_3066\" aria-describedby=\"caption-attachment-3066\" style=\"width: 600px\" class=\"wp-caption aligncenter\"><img loading=\"lazy\" decoding=\"async\" class=\"wp-image-3066 size-full\" title=\"Gegrillte Sardinen\" src=\"https:\/\/www.schlanser.ch\/magazin\/wp-content\/uploads\/2017\/11\/Gegrillte-Sardinen.jpg\" alt=\"Gegrillte Sardinen\" width=\"600\" height=\"400\" srcset=\"https:\/\/www.schlanser.ch\/magazin\/wp-content\/uploads\/2017\/11\/Gegrillte-Sardinen.jpg 600w, https:\/\/www.schlanser.ch\/magazin\/wp-content\/uploads\/2017\/11\/Gegrillte-Sardinen-300x200.jpg 300w\" sizes=\"(max-width: 600px) 100vw, 600px\" \/><figcaption id=\"caption-attachment-3066\" class=\"wp-caption-text\">\u00a9 uckyo \/ Fotolia.com<\/figcaption><\/figure>\n<p style=\"text-align: justify;\">Keinesfalls d\u00fcrfen Sie beim Algarve Camping die Konditorkunst verpassen. In der Pastelaria werden Sie zwar kaum etwas mit Schokolade finden, daf\u00fcr kunstvolle Geb\u00e4cke mit Mandeln sowie das Nationalgeb\u00e4ck aus Bl\u00e4tterteig und Pudding &#8222;Pastel de Nata&#8220;. Falls es Sie auf ein Glas Wein in eine Bar verschlagen sollte, haben wir noch einen Tipp parat: Die oft zum Wein gereichten Lupinensamen werden ausgelutscht. Die etwas z\u00e4he H\u00fclle spuckt man wieder aus.<\/p>\n<h2>Besonderheiten beim Camping in Portugal<\/h2>\n<p style=\"text-align: justify;\">Gerade im warmen S\u00fcden des Landes sollten Sie im Sommer die teils sehr hohen Temperaturen bedenken. An der K\u00fcste weht zwar meist eine frische Brise, doch k\u00f6nnen 40\u00b0 im Schatten auch hier anstrengend werden.<\/p>\n<p><img loading=\"lazy\" decoding=\"async\" class=\"aligncenter wp-image-3093 size-full\" title=\"Fenstermarkise Wachau PVC\" src=\"https:\/\/www.schlanser.ch\/magazin\/wp-content\/uploads\/2017\/11\/Fenstermarkise-Wachau-PVC.jpg\" alt=\"Fenstermarkise Wachau PVC\" width=\"600\" height=\"375\" srcset=\"https:\/\/www.schlanser.ch\/magazin\/wp-content\/uploads\/2017\/11\/Fenstermarkise-Wachau-PVC.jpg 600w, https:\/\/www.schlanser.ch\/magazin\/wp-content\/uploads\/2017\/11\/Fenstermarkise-Wachau-PVC-300x188.jpg 300w\" sizes=\"(max-width: 600px) 100vw, 600px\" \/><\/p>\n<p style=\"text-align: justify;\">Denken Sie also an Schattenspender wie Markisen oder Sonnensegel. Im Wohnmobil ist eine Dachluke mit Ventilator Gold wert, wenn Sie nicht sogar gelegentlich auf die Klimaanlage zur\u00fcckgreifen. Ihre <a href=\"https:\/\/www.schlanser.ch\/elektro\/energieversorgung\/camping-solaranlagen\/\">Solaranlage<\/a> wird hier mehr Strom produzieren, als Sie verbrauchen k\u00f6nnen.<\/p>\n<p><img loading=\"lazy\" decoding=\"async\" class=\"aligncenter wp-image-3091 size-full\" title=\"Fiamma Turbo-Kit Ventilator\" src=\"https:\/\/www.schlanser.ch\/magazin\/wp-content\/uploads\/2017\/11\/Fiamma-Turbo-Kit-Ventilator.jpg\" alt=\"Fiamma Turbo-Kit Ventilator\" width=\"600\" height=\"410\" srcset=\"https:\/\/www.schlanser.ch\/magazin\/wp-content\/uploads\/2017\/11\/Fiamma-Turbo-Kit-Ventilator.jpg 600w, https:\/\/www.schlanser.ch\/magazin\/wp-content\/uploads\/2017\/11\/Fiamma-Turbo-Kit-Ventilator-300x205.jpg 300w, https:\/\/www.schlanser.ch\/magazin\/wp-content\/uploads\/2017\/11\/Fiamma-Turbo-Kit-Ventilator-110x75.jpg 110w\" sizes=\"(max-width: 600px) 100vw, 600px\" \/><\/p>\n<p style=\"text-align: justify;\">F\u00fcr einen Strandurlaub bietet die K\u00fcstenregion bis in den Winter hinein gute Bedingungen. Vergessen Sie also nicht die passende Sitzunterlage f\u00fcr den Strand, eine bequeme Luftmatratze und f\u00fcr die Kinder einen Wasserball und Spritzpistolen einzupacken.<\/p>\n<h2>Tipps f\u00fcr Campingpl\u00e4tze von Faro bis Lagos<\/h2>\n<p style=\"text-align: justify;\">Anhand der folgenden vier, sehr beliebten Campingpl\u00e4tze erkennen Sie deutlich die Spannweite an Angeboten, die Sie in der Algarve vorfinden werden.<\/p>\n<figure id=\"attachment_3062\" aria-describedby=\"caption-attachment-3062\" style=\"width: 600px\" class=\"wp-caption aligncenter\"><img loading=\"lazy\" decoding=\"async\" class=\"wp-image-3062 size-full\" title=\"Strand in Lagos\" src=\"https:\/\/www.schlanser.ch\/magazin\/wp-content\/uploads\/2017\/11\/Strand-in-Lagos.jpg\" alt=\"Strand in Lagos\" width=\"600\" height=\"391\" srcset=\"https:\/\/www.schlanser.ch\/magazin\/wp-content\/uploads\/2017\/11\/Strand-in-Lagos.jpg 600w, https:\/\/www.schlanser.ch\/magazin\/wp-content\/uploads\/2017\/11\/Strand-in-Lagos-300x196.jpg 300w\" sizes=\"(max-width: 600px) 100vw, 600px\" \/><figcaption id=\"caption-attachment-3062\" class=\"wp-caption-text\">\u00a9 lukaszimilena \/ Fotolia.com<\/figcaption><\/figure>\n<ul>\n<li style=\"text-align: justify;\">So ist das Yelloh! Village Algarve-Turiscampo ein voll ausgestatteter Platz mit allen Annehmlichkeiten f\u00fcr den Camper. Mit einem Whirlpool, diversen weiteren Pools, einem Restaurant mit Buffet und \u00e0 la carte sowie Wellness- und Animationsprogramm kommt hier jedes Familienmitglied auf seine Kosten. Ganz nah bei Lagos gelegen, laufen Sie nur 2 km bis zum n\u00e4chsten Strand.<\/li>\n<li style=\"text-align: justify;\">Im Gegensatz dazu befindet sich die Eco-Lodge Brejeira ein St\u00fcck im Landesinneren inmitten der Serra de Monchique. Das Meer ist hier bestenfalls in der Ferne auszumachen. Daf\u00fcr haben Sie viel Ruhe und einen fantastischen Blick auf die umliegende H\u00fcgellandschaft. Die platzeigenen Jurten und Zirkuswagen sind geschmackvoll eingerichtet und lassen keine W\u00fcnsche offen.<\/li>\n<li style=\"text-align: justify;\">Nicht weit weg von Tavira liegt Camping Ria Formosa. Wie der Name erkennen l\u00e4sst, ist dieser Platz gleich neben dem bei Faro bereits beschriebenen Nationalpark. Ausser einem Schwimmbad finden Sie hier einen Spielplatz, ein Restaurant, einen platzeigenen Supermarkt und Bungalows zur Miete. Die N\u00e4he zu Faro macht das dortige Zelten noch attraktiver.<\/li>\n<li style=\"text-align: justify;\">F\u00fcr Globetrotter und alternative Camper sei zuletzt noch der Barrancostrand bei Raposeira genannt. Es handelt sich hier mehr um einen Parkplatz als um einen Campingplatz, doch wird er gemeinhin so genutzt. Die wundersch\u00f6ne, \u00fcberschaubare Bucht verf\u00fcgt \u00fcber einen meist recht einsamen, weissen Sandstrand.<\/li>\n<\/ul>\n","protected":false},"excerpt":{"rendered":"<p>\u00ab Ein Streifzug durch die sch\u00f6nste K\u00fcstenregion Iberiens \u00bb Ganz im S\u00fcdwesten Europas befinden sich die wohl sch\u00f6nsten Sandstr\u00e4nde des ganzen Kontinents. Portugal h\u00e4lt mit seiner s\u00fcdlichsten Region, der Algarve mit den St\u00e4dten Lagos und Faro, schon lange keinen Schatz mehr geheim. Zunehmend gut ausgebaute Infrastruktur, eine grosse Vielfalt an Unterk\u00fcnften und Aktivit\u00e4ten f\u00fcr die &hellip;<\/p>\n","protected":false},"author":1,"featured_media":3084,"comment_status":"closed","ping_status":"open","sticky":false,"template":"","format":"standard","meta":{"footnotes":""},"categories":[2],"tags":[432,201,435,436,434,40,31,431,423,225,433],"yoast_head":"<!-- This site is optimized with the Yoast SEO plugin v22.2 - https:\/\/yoast.com\/wordpress\/plugins\/seo\/ -->\n<title>Camping in Portugals Algarve - Schlanser Magazin<\/title>\n<meta name=\"description\" content=\"Begleiten Sie das Schlanser Campingmagazin auf eine Rundreise entlang der Algarve! \u2013 Wir zeigen Camping in Portugal von seiner sch\u00f6nsten Seite \u2714\" \/>\n<meta name=\"robots\" content=\"noindex, follow\" \/>\n<meta property=\"og:locale\" content=\"de_DE\" \/>\n<meta property=\"og:type\" content=\"article\" \/>\n<meta property=\"og:title\" content=\"Camping in Portugals Algarve - Schlanser Magazin\" \/>\n<meta property=\"og:description\" content=\"Begleiten Sie das Schlanser Campingmagazin auf eine Rundreise entlang der Algarve! \u2013 Wir zeigen Camping in Portugal von seiner sch\u00f6nsten Seite \u2714\" \/>\n<meta property=\"og:url\" content=\"https:\/\/www.schlanser.ch\/magazin\/camping-in-portugals-algarve\/\" \/>\n<meta property=\"og:site_name\" content=\"Schlanser Magazin\" \/>\n<meta property=\"article:published_time\" content=\"2017-11-08T08:50:02+00:00\" \/>\n<meta property=\"article:modified_time\" content=\"2025-01-24T15:32:09+00:00\" \/>\n<meta property=\"og:image\" content=\"https:\/\/www.schlanser.ch\/magazin\/wp-content\/uploads\/2017\/11\/Camping-in-Portugals-Algarve.jpg\" \/>\n\t<meta property=\"og:image:width\" content=\"800\" \/>\n\t<meta property=\"og:image:height\" content=\"534\" \/>\n\t<meta property=\"og:image:type\" content=\"image\/jpeg\" \/>\n<meta name=\"author\" content=\"admin\" \/>\n<meta name=\"twitter:card\" content=\"summary_large_image\" \/>\n<meta name=\"twitter:label1\" content=\"Verfasst von\" \/>\n\t<meta name=\"twitter:data1\" content=\"admin\" \/>\n\t<meta name=\"twitter:label2\" content=\"Gesch\u00e4tzte Lesezeit\" \/>\n\t<meta name=\"twitter:data2\" content=\"10 Minuten\" \/>\n<script type=\"application\/ld+json\" class=\"yoast-schema-graph\">{\"@context\":\"https:\/\/schema.org\",\"@graph\":[{\"@type\":\"WebPage\",\"@id\":\"https:\/\/www.schlanser.ch\/magazin\/camping-in-portugals-algarve\/\",\"url\":\"https:\/\/www.schlanser.ch\/magazin\/camping-in-portugals-algarve\/\",\"name\":\"Camping in Portugals Algarve - Schlanser Magazin\",\"isPartOf\":{\"@id\":\"https:\/\/www.schlanser.ch\/magazin\/#website\"},\"primaryImageOfPage\":{\"@id\":\"https:\/\/www.schlanser.ch\/magazin\/camping-in-portugals-algarve\/#primaryimage\"},\"image\":{\"@id\":\"https:\/\/www.schlanser.ch\/magazin\/camping-in-portugals-algarve\/#primaryimage\"},\"thumbnailUrl\":\"https:\/\/www.schlanser.ch\/magazin\/wp-content\/uploads\/2017\/11\/Camping-in-Portugals-Algarve.jpg\",\"datePublished\":\"2017-11-08T08:50:02+00:00\",\"dateModified\":\"2025-01-24T15:32:09+00:00\",\"author\":{\"@id\":\"https:\/\/www.schlanser.ch\/magazin\/#\/schema\/person\/000db0a103eb2594ba3daf394b1dfea2\"},\"description\":\"Begleiten Sie das Schlanser Campingmagazin auf eine Rundreise entlang der Algarve! \u2013 Wir zeigen Camping in Portugal von seiner sch\u00f6nsten Seite \u2714\",\"breadcrumb\":{\"@id\":\"https:\/\/www.schlanser.ch\/magazin\/camping-in-portugals-algarve\/#breadcrumb\"},\"inLanguage\":\"de-DE\",\"potentialAction\":[{\"@type\":\"ReadAction\",\"target\":[\"https:\/\/www.schlanser.ch\/magazin\/camping-in-portugals-algarve\/\"]}]},{\"@type\":\"ImageObject\",\"inLanguage\":\"de-DE\",\"@id\":\"https:\/\/www.schlanser.ch\/magazin\/camping-in-portugals-algarve\/#primaryimage\",\"url\":\"https:\/\/www.schlanser.ch\/magazin\/wp-content\/uploads\/2017\/11\/Camping-in-Portugals-Algarve.jpg\",\"contentUrl\":\"https:\/\/www.schlanser.ch\/magazin\/wp-content\/uploads\/2017\/11\/Camping-in-Portugals-Algarve.jpg\",\"width\":800,\"height\":534,\"caption\":\"\u00a9 kite_rin \/ Fotolia.com\"},{\"@type\":\"BreadcrumbList\",\"@id\":\"https:\/\/www.schlanser.ch\/magazin\/camping-in-portugals-algarve\/#breadcrumb\",\"itemListElement\":[{\"@type\":\"ListItem\",\"position\":1,\"name\":\"Startseite\",\"item\":\"https:\/\/www.schlanser.ch\/magazin\/\"},{\"@type\":\"ListItem\",\"position\":2,\"name\":\"Camping in Portugals Algarve\"}]},{\"@type\":\"WebSite\",\"@id\":\"https:\/\/www.schlanser.ch\/magazin\/#website\",\"url\":\"https:\/\/www.schlanser.ch\/magazin\/\",\"name\":\"Schlanser Magazin\",\"description\":\"\",\"potentialAction\":[{\"@type\":\"SearchAction\",\"target\":{\"@type\":\"EntryPoint\",\"urlTemplate\":\"https:\/\/www.schlanser.ch\/magazin\/?s={search_term_string}\"},\"query-input\":\"required name=search_term_string\"}],\"inLanguage\":\"de-DE\"},{\"@type\":\"Person\",\"@id\":\"https:\/\/www.schlanser.ch\/magazin\/#\/schema\/person\/000db0a103eb2594ba3daf394b1dfea2\",\"name\":\"admin\",\"image\":{\"@type\":\"ImageObject\",\"inLanguage\":\"de-DE\",\"@id\":\"https:\/\/www.schlanser.ch\/magazin\/#\/schema\/person\/image\/\",\"url\":\"https:\/\/secure.gravatar.com\/avatar\/a794a4fe8a9b9c52241597eb381dfa2e?s=96&d=mm&r=g\",\"contentUrl\":\"https:\/\/secure.gravatar.com\/avatar\/a794a4fe8a9b9c52241597eb381dfa2e?s=96&d=mm&r=g\",\"caption\":\"admin\"}}]}<\/script>\n<!-- \/ Yoast SEO plugin. -->","yoast_head_json":{"title":"Camping in Portugals Algarve - Schlanser Magazin","description":"Begleiten Sie das Schlanser Campingmagazin auf eine Rundreise entlang der Algarve! \u2013 Wir zeigen Camping in Portugal von seiner sch\u00f6nsten Seite \u2714","robots":{"index":"noindex","follow":"follow"},"og_locale":"de_DE","og_type":"article","og_title":"Camping in Portugals Algarve - Schlanser Magazin","og_description":"Begleiten Sie das Schlanser Campingmagazin auf eine Rundreise entlang der Algarve! \u2013 Wir zeigen Camping in Portugal von seiner sch\u00f6nsten Seite \u2714","og_url":"https:\/\/www.schlanser.ch\/magazin\/camping-in-portugals-algarve\/","og_site_name":"Schlanser Magazin","article_published_time":"2017-11-08T08:50:02+00:00","article_modified_time":"2025-01-24T15:32:09+00:00","og_image":[{"width":800,"height":534,"url":"https:\/\/www.schlanser.ch\/magazin\/wp-content\/uploads\/2017\/11\/Camping-in-Portugals-Algarve.jpg","type":"image\/jpeg"}],"author":"admin","twitter_card":"summary_large_image","twitter_misc":{"Verfasst von":"admin","Gesch\u00e4tzte Lesezeit":"10 Minuten"},"schema":{"@context":"https:\/\/schema.org","@graph":[{"@type":"WebPage","@id":"https:\/\/www.schlanser.ch\/magazin\/camping-in-portugals-algarve\/","url":"https:\/\/www.schlanser.ch\/magazin\/camping-in-portugals-algarve\/","name":"Camping in Portugals Algarve - Schlanser Magazin","isPartOf":{"@id":"https:\/\/www.schlanser.ch\/magazin\/#website"},"primaryImageOfPage":{"@id":"https:\/\/www.schlanser.ch\/magazin\/camping-in-portugals-algarve\/#primaryimage"},"image":{"@id":"https:\/\/www.schlanser.ch\/magazin\/camping-in-portugals-algarve\/#primaryimage"},"thumbnailUrl":"https:\/\/www.schlanser.ch\/magazin\/wp-content\/uploads\/2017\/11\/Camping-in-Portugals-Algarve.jpg","datePublished":"2017-11-08T08:50:02+00:00","dateModified":"2025-01-24T15:32:09+00:00","author":{"@id":"https:\/\/www.schlanser.ch\/magazin\/#\/schema\/person\/000db0a103eb2594ba3daf394b1dfea2"},"description":"Begleiten Sie das Schlanser Campingmagazin auf eine Rundreise entlang der Algarve! \u2013 Wir zeigen Camping in Portugal von seiner sch\u00f6nsten Seite \u2714","breadcrumb":{"@id":"https:\/\/www.schlanser.ch\/magazin\/camping-in-portugals-algarve\/#breadcrumb"},"inLanguage":"de-DE","potentialAction":[{"@type":"ReadAction","target":["https:\/\/www.schlanser.ch\/magazin\/camping-in-portugals-algarve\/"]}]},{"@type":"ImageObject","inLanguage":"de-DE","@id":"https:\/\/www.schlanser.ch\/magazin\/camping-in-portugals-algarve\/#primaryimage","url":"https:\/\/www.schlanser.ch\/magazin\/wp-content\/uploads\/2017\/11\/Camping-in-Portugals-Algarve.jpg","contentUrl":"https:\/\/www.schlanser.ch\/magazin\/wp-content\/uploads\/2017\/11\/Camping-in-Portugals-Algarve.jpg","width":800,"height":534,"caption":"\u00a9 kite_rin \/ Fotolia.com"},{"@type":"BreadcrumbList","@id":"https:\/\/www.schlanser.ch\/magazin\/camping-in-portugals-algarve\/#breadcrumb","itemListElement":[{"@type":"ListItem","position":1,"name":"Startseite","item":"https:\/\/www.schlanser.ch\/magazin\/"},{"@type":"ListItem","position":2,"name":"Camping in Portugals Algarve"}]},{"@type":"WebSite","@id":"https:\/\/www.schlanser.ch\/magazin\/#website","url":"https:\/\/www.schlanser.ch\/magazin\/","name":"Schlanser Magazin","description":"","potentialAction":[{"@type":"SearchAction","target":{"@type":"EntryPoint","urlTemplate":"https:\/\/www.schlanser.ch\/magazin\/?s={search_term_string}"},"query-input":"required name=search_term_string"}],"inLanguage":"de-DE"},{"@type":"Person","@id":"https:\/\/www.schlanser.ch\/magazin\/#\/schema\/person\/000db0a103eb2594ba3daf394b1dfea2","name":"admin","image":{"@type":"ImageObject","inLanguage":"de-DE","@id":"https:\/\/www.schlanser.ch\/magazin\/#\/schema\/person\/image\/","url":"https:\/\/secure.gravatar.com\/avatar\/a794a4fe8a9b9c52241597eb381dfa2e?s=96&d=mm&r=g","contentUrl":"https:\/\/secure.gravatar.com\/avatar\/a794a4fe8a9b9c52241597eb381dfa2e?s=96&d=mm&r=g","caption":"admin"}}]}},"_links":{"self":[{"href":"https:\/\/www.schlanser.ch\/magazin\/wp-json\/wp\/v2\/posts\/3059"}],"collection":[{"href":"https:\/\/www.schlanser.ch\/magazin\/wp-json\/wp\/v2\/posts"}],"about":[{"href":"https:\/\/www.schlanser.ch\/magazin\/wp-json\/wp\/v2\/types\/post"}],"author":[{"embeddable":true,"href":"https:\/\/www.schlanser.ch\/magazin\/wp-json\/wp\/v2\/users\/1"}],"replies":[{"embeddable":true,"href":"https:\/\/www.schlanser.ch\/magazin\/wp-json\/wp\/v2\/comments?post=3059"}],"version-history":[{"count":29,"href":"https:\/\/www.schlanser.ch\/magazin\/wp-json\/wp\/v2\/posts\/3059\/revisions"}],"predecessor-version":[{"id":16909,"href":"https:\/\/www.schlanser.ch\/magazin\/wp-json\/wp\/v2\/posts\/3059\/revisions\/16909"}],"wp:featuredmedia":[{"embeddable":true,"href":"https:\/\/www.schlanser.ch\/magazin\/wp-json\/wp\/v2\/media\/3084"}],"wp:attachment":[{"href":"https:\/\/www.schlanser.ch\/magazin\/wp-json\/wp\/v2\/media?parent=3059"}],"wp:term":[{"taxonomy":"category","embeddable":true,"href":"https:\/\/www.schlanser.ch\/magazin\/wp-json\/wp\/v2\/categories?post=3059"},{"taxonomy":"post_tag","embeddable":true,"href":"https:\/\/www.schlanser.ch\/magazin\/wp-json\/wp\/v2\/tags?post=3059"}],"curies":[{"name":"wp","href":"https:\/\/api.w.org\/{rel}","templated":true}]}}