{"id":3095,"date":"2017-11-09T15:12:50","date_gmt":"2017-11-09T14:12:50","guid":{"rendered":"https:\/\/www.schlanser.ch\/magazin\/?p=3095"},"modified":"2025-10-01T15:01:47","modified_gmt":"2025-10-01T13:01:47","slug":"eurocarry-fahrradtraeger","status":"publish","type":"post","link":"https:\/\/www.schlanser.ch\/magazin\/eurocarry-fahrradtraeger\/","title":{"rendered":"EuroCarry Fahrradtr\u00e4ger, Leitern, Relings und vieles mehr"},"content":{"rendered":"<h2>\u00ab Alles f\u00fcr funktionale Campingfahrzeuge \u00bb<\/h2>\n<p style=\"text-align: justify;\"><strong>Der Name &#8222;<\/strong><a href=\"https:\/\/www.schlanser.ch\/euro-carry\/\"><strong>EuroCarry<\/strong><\/a><strong>&#8220; steht f\u00fcr deutsche Qualit\u00e4tsware im Bereich von <\/strong><a href=\"https:\/\/www.schlanser.ch\/fahrzeug\/wohnwagen-und-wohnmobil-zubehoer\/fahrradtraeger\/\"><strong>Fahrradtr\u00e4gern<\/strong><\/a><strong>, <\/strong><strong>Fahrradtr\u00e4ger Zubeh\u00f6r<\/strong><strong>, Relingsystemen, <\/strong><strong>Leitern<\/strong><strong> und anderem Equipment f\u00fcr Campingfahrzeuge. Die Produktion des Labels findet ausschliesslich im oberschw\u00e4bischen Bad Saulgau statt. Im Laufe der 30-j\u00e4hrigen Firmengeschichte wurden die Produkte laufend verbessert und auf den neuesten Stand der Technik gebracht. So hat die Marke unter Campern in all den Jahren Ihren hervorragenden Ruf behalten.<\/strong><\/p>\n<h2>EuroCarry von 1985 bis heute<\/h2>\n<p style=\"text-align: justify;\">Das Unternehmen Alu-Line GmbH vermarktet unter dem Markennamen &#8222;EuroCarry&#8220; all ihre Produkte rund um Campingfahrzeuge. Der hoch spezialisierte Betrieb stellt dar\u00fcber hinaus Teile f\u00fcr die Medizintechnik, die M\u00f6belindustrie und den Schienenfahrzeugbau her. Im Jahr 1985 wurde das Unternehmen von Alfons Zimmerer gegr\u00fcndet. Trotz der fortlaufenden Expansion ist die Firma ihrem Stammsitz in Bad Saulgau stets treu geblieben. Heute betreibt das Unternehmen dort zusammen mit 84 Mitarbeitern ein 11.000 qm grosses Lager- und Produktionsareal.<\/p>\n<p><img loading=\"lazy\" decoding=\"async\" class=\"aligncenter wp-image-3117 size-full\" title=\"Fahrradtr\u00e4ger Duc\/Jum\/Box ab 06 von EuroCarry\" src=\"https:\/\/www.schlanser.ch\/magazin\/wp-content\/uploads\/2017\/11\/EuroCarry-Fahrradtraeger-Duc-Jum-Box-ab06.jpg\" alt=\"EuroCarry Fahrradtraeger Duc Jum Box ab06\" width=\"600\" height=\"570\" srcset=\"https:\/\/www.schlanser.ch\/magazin\/wp-content\/uploads\/2017\/11\/EuroCarry-Fahrradtraeger-Duc-Jum-Box-ab06.jpg 600w, https:\/\/www.schlanser.ch\/magazin\/wp-content\/uploads\/2017\/11\/EuroCarry-Fahrradtraeger-Duc-Jum-Box-ab06-300x285.jpg 300w\" sizes=\"(max-width: 600px) 100vw, 600px\" \/><\/p>\n<p style=\"text-align: justify;\">Bis 1997 wurden die Zubeh\u00f6rteile f\u00fcr Campingfahrzeuge von Alu-Line von der Firma <a href=\"https:\/\/www.schlanser.ch\/campingaz\/\">Campingaz<\/a> vertrieben. Seit der \u00dcbernahme durch <a href=\"https:\/\/www.schlanser.ch\/coleman\/\">Coleman<\/a> l\u00e4uft der Vertrieb unter dem Markennamen EuroCarry weiter. Die Produkte werden ausschliesslich \u00fcber den Grosshandel vertrieben. Eigene Verkaufsfilialen gibt es nicht.<\/p>\n<h2>Gepr\u00fcfte und zertifizierte Qualit\u00e4t<\/h2>\n<p style=\"text-align: justify;\">Vom Fahrradtr\u00e4ger bis hin zum Vorzeltboden zeichnen sich alle Produkte der Marke durch eine sehr einfache Handhabung und hohe Langlebigkeit aus. Insbesondere die Montage von Teilen, welche absolut sicher halten m\u00fcssen, wurde so einfach wie m\u00f6glich gestaltet. So ist es auch technisch weniger versierten Personen m\u00f6glich, einen EuroCarry Fahrradtr\u00e4ger oder eine Reling am Fahrzeug zu befestigen. F\u00fcr keines der Zubeh\u00f6rteile besteht Eintragungspflicht.<\/p>\n<blockquote>\n<p style=\"text-align: justify;\">Seit 2011 ist das Unternehmen nach der DIN EN ISO 9001 zertifiziert.<\/p>\n<\/blockquote>\n<p style=\"text-align: justify;\">Weitere Zertifizierungen wie die EN 1090-3:2008 und DIN EN 15085-2 beziehen sich auf die Qualit\u00e4t des Schweissens. Selbstverst\u00e4ndlich sind alle Teile auch T\u00dcV und GS gepr\u00fcft. Eine langj\u00e4hrige Verf\u00fcgbarkeit von Ersatzteilen wird ausserdem versprochen.<\/p>\n<h2>Gut unterwegs mit sicher befestigten Fahrr\u00e4dern<\/h2>\n<p style=\"text-align: justify;\">Grunds\u00e4tzlich sind die Fahrradtr\u00e4ger f\u00fcr zwei Velos mit jeweils einem Maximalgewicht von 20 kg ausgelegt. Einzelne Modelle weichen von diesem Standard ab. Einige Varianten sind sowohl f\u00fcr herk\u00f6mmliche Velos als auch f\u00fcr E-Bikes geeignet. Einzig die Maximalbelastung darf nicht \u00fcberschritten werden. Das eloxierte Aluminium sorgt f\u00fcr eine zeitlos ansehnliche Optik und hohe Stabilit\u00e4t. Die Radschalen sind aus glasfaserverst\u00e4rktem Polyamid gefertigt. Sie sind leicht zu verschieben und passen sich problemlos jedem Raddurchmesser an. Der Tr\u00e4ger ist auf eine wechselseitige Montage der Velos ausgelegt.<\/p>\n<p style=\"text-align: justify;\"><img loading=\"lazy\" decoding=\"async\" class=\"wp-image-3103 size-full alignleft\" title=\"Befestigungskralle von EuroCarry\" src=\"https:\/\/www.schlanser.ch\/magazin\/wp-content\/uploads\/2017\/11\/EuroCarry-Befestigungskralle.jpg\" alt=\"EuroCarry Befestigungskralle\" width=\"300\" height=\"239\" \/>Die Befestigungskrallen aus robustem PA6 halten jedes Velo sicher an seinem Platz. \u00dcblicherweise ist der Fahrradtr\u00e4ger pro Velo mit zwei Radschalen, zwei Spanngurten sowie einer Befestigungskralle ausgestattet. Letztere l\u00e4sst sich in jede Richtung schwenken und schont den Velorahmen durch gummierte Innenfl\u00e4chen. Haben Sie einmal keine Fahrr\u00e4der dabei, klappen Sie die Schienentr\u00e4ger hoch und sichern sie mit der daf\u00fcr vorgesehenen Vorrichtung.<\/p>\n<h3>Fahrradtr\u00e4ger f\u00fcr Vans und Reisemobile<\/h3>\n<p style=\"text-align: justify;\">Als Beispiel f\u00fcr die Rahmendaten eines EuroCarry Fahrradtr\u00e4gers f\u00fcr Vans lesen Sie hier die Angaben zu einem Modell f\u00fcr den VW T6. Dieser Tr\u00e4ger ist auf zwei Velos festgelegt und kann nicht erweitert werden. Der Aluminium-Doppelrohrrahmen darf mit maximal 40 kg belastet werden. Die Montage erfolgt ganz ohne Bohren. Der Tr\u00e4ger wird einfach mit Spannkrallen an der Heckklappe befestigt und mittels weiteren Spannelementen gesichert. Eine zus\u00e4tzliche Abst\u00fctzung erfolgt zudem an der Stossstange.<\/p>\n<p><img loading=\"lazy\" decoding=\"async\" class=\"aligncenter wp-image-3114 size-full\" title=\"Fahrradtr\u00e4ger &quot;VW T6&quot; von EuroCarry\" src=\"https:\/\/www.schlanser.ch\/magazin\/wp-content\/uploads\/2017\/11\/EuroCarry-Fahrradtraeger-VW-T6.jpg\" alt=\"EuroCarry Fahrradtraeger VW T6\" width=\"600\" height=\"600\" srcset=\"https:\/\/www.schlanser.ch\/magazin\/wp-content\/uploads\/2017\/11\/EuroCarry-Fahrradtraeger-VW-T6.jpg 600w, https:\/\/www.schlanser.ch\/magazin\/wp-content\/uploads\/2017\/11\/EuroCarry-Fahrradtraeger-VW-T6-150x150.jpg 150w, https:\/\/www.schlanser.ch\/magazin\/wp-content\/uploads\/2017\/11\/EuroCarry-Fahrradtraeger-VW-T6-300x300.jpg 300w\" sizes=\"(max-width: 600px) 100vw, 600px\" \/><\/p>\n<p style=\"text-align: justify;\">Das Modell &#8222;Nuevo&#8220; ist speziell konzipiert f\u00fcr die Montage an Reisemobilen oder Caravans mit grossen oder durchgehenden Heckfenstern. Die Standardausf\u00fchrung ist auf zwei Velos ausgelegt.<\/p>\n<blockquote>\n<p style=\"text-align: justify;\">Eine Erweiterung auf bis zu vier Velos ist m\u00f6glich.<\/p>\n<\/blockquote>\n<p style=\"text-align: justify;\">Die maximale Tragkraft liegt bei 60 kg. Ihren individuellen Bed\u00fcrfnissen entsprechend k\u00f6nnen Sie die H\u00f6he zwischen 80 cm und 150 cm stufenlos variieren. Die Montage am Heck erfolgt \u00fcber dem Heckfenster durch Verschraubung an der R\u00fcckwand.<\/p>\n<p><img loading=\"lazy\" decoding=\"async\" class=\"aligncenter wp-image-3105 size-full\" title=\"Fahrradtr\u00e4ger &quot;Nuevo&quot; von EuroCarry\" src=\"https:\/\/www.schlanser.ch\/magazin\/wp-content\/uploads\/2017\/11\/Fahrradtraeger-Nuevo.jpg\" alt=\"Fahrradtraeger Nuevo\" width=\"600\" height=\"560\" srcset=\"https:\/\/www.schlanser.ch\/magazin\/wp-content\/uploads\/2017\/11\/Fahrradtraeger-Nuevo.jpg 600w, https:\/\/www.schlanser.ch\/magazin\/wp-content\/uploads\/2017\/11\/Fahrradtraeger-Nuevo-300x280.jpg 300w\" sizes=\"(max-width: 600px) 100vw, 600px\" \/><\/p>\n<h3>Fahrradtr\u00e4ger f\u00fcr Kleintransporter<\/h3>\n<p style=\"text-align: justify;\">Der f\u00fcr den Citroen Traveller konzipierte Fahrradtr\u00e4ger passt genauso gut an den Peugeot Spacetourer und den Mazda Proace. Statt der beiden Velos k\u00f6nnen Sie den Tr\u00e4ger mit zwei E-Bikes beladen. Der optisch ansprechende Aluminium-Tr\u00e4ger wird ohne Bohren am Fahrzeug befestigt. Mit Spannkrallen und weiteren Spannelementen montieren Sie den Tr\u00e4ger direkt an der Heckklappe. Ebenfalls auf Kleintransporter ausgelegt ist der Eurocarry Ducato. Er l\u00e4sst sich sowohl am Fiat Ducato als auch am Citroen Jumper und dem Peugeot Boxer mit Baujahr ab 2006 montieren. Die Besonderheit des EuroCarry Ducato ist die verstellbare Ladeh\u00f6he. Sie k\u00f6nnen ihn entweder als Hochlader mit 150 cm oder als Tieflader mit 100 cm H\u00f6he nutzen.<\/p>\n<p><img loading=\"lazy\" decoding=\"async\" class=\"aligncenter wp-image-3107 size-full\" title=\"Fahrradtr\u00e4ger &quot;Citroen Traveller&quot; von EuroCarry\" src=\"https:\/\/www.schlanser.ch\/magazin\/wp-content\/uploads\/2017\/11\/EuroCarry-Fahrradtraeger-Citroen-Traveller.jpg\" alt=\"EuroCarry Fahrradtraeger Citroen Traveller\" width=\"600\" height=\"457\" srcset=\"https:\/\/www.schlanser.ch\/magazin\/wp-content\/uploads\/2017\/11\/EuroCarry-Fahrradtraeger-Citroen-Traveller.jpg 600w, https:\/\/www.schlanser.ch\/magazin\/wp-content\/uploads\/2017\/11\/EuroCarry-Fahrradtraeger-Citroen-Traveller-300x229.jpg 300w\" sizes=\"(max-width: 600px) 100vw, 600px\" \/><\/p>\n<h3>Ersatzteile f\u00fcr EuroCarry Fahrradtr\u00e4ger<\/h3>\n<p style=\"text-align: justify;\">M\u00f6chten Sie Ihren Fahrradtr\u00e4ger erweitern oder brauchen Sie Ersatzteile, k\u00f6nnen Sie diese problemlos nachbestellen. So finden Sie im Sortiment beispielsweise die Befestigungskralle. Der Krallenkopf ist um 360\u00b0 verstellbar und fasst auch grosse Fahrradrahmenquerschnitte. Achten Sie bei der Bestellung auf die L\u00e4nge des Abstandsrohrs. Je nachdem, ob es f\u00fcr das erste, zweite, dritte oder vierte Velo auf dem Tr\u00e4ger gedacht ist, ben\u00f6tigen Sie eine andere L\u00e4nge. F\u00fcr die Erweiterung finden Sie Einzelschienen sowohl f\u00fcr Heck- als auch Deichseltr\u00e4ger im Angebot.<\/p>\n<p><img loading=\"lazy\" decoding=\"async\" class=\"aligncenter wp-image-3099 size-full\" title=\"Deichseltr\u00e4ger-Schiene von EuroCarry\" src=\"https:\/\/www.schlanser.ch\/magazin\/wp-content\/uploads\/2017\/11\/EuroCarry-Schiene-Deichseltraeger.jpg\" alt=\"EuroCarry Schiene Deichseltraeger\" width=\"600\" height=\"200\" srcset=\"https:\/\/www.schlanser.ch\/magazin\/wp-content\/uploads\/2017\/11\/EuroCarry-Schiene-Deichseltraeger.jpg 600w, https:\/\/www.schlanser.ch\/magazin\/wp-content\/uploads\/2017\/11\/EuroCarry-Schiene-Deichseltraeger-300x100.jpg 300w\" sizes=\"(max-width: 600px) 100vw, 600px\" \/><\/p>\n<h2>Weiteres Sortiment der Marke<\/h2>\n<p style=\"text-align: justify;\">F\u00fcr Wassersportler gibt es im EuroCarry-Sortiment eigene Tr\u00e4ger f\u00fcr Kajaks und Surfbretter. Unter den diversen Leitern gibt es Modelle f\u00fcr Kastenw\u00e4gen sowie klappbare Varianten. Besondere Beachtung verdient zuletzt das ausgefeilte System f\u00fcr den Vorzeltboden von EuroCarry. Mit diesem Comfortsystem bauen Sie sich eine richtige Veranda vor das Campingfahrzeug. Tische und St\u00fchle stehen hier absolut wackelfest. Selbst bei starkem Regen m\u00fcssen Sie keine nassen F\u00fcsse bef\u00fcrchten. EuroCarry \u00fcberzeugt echte Camper durch kompromisslose L\u00f6sungen, eine dezente Optik, hohe Flexibilit\u00e4t und zuverl\u00e4ssige Stabilit\u00e4t.<\/p>\n<p><img loading=\"lazy\" decoding=\"async\" class=\"aligncenter wp-image-3109 size-full\" title=\"Hecktr\u00e4ger-Schiene von EuroCarry\" src=\"https:\/\/www.schlanser.ch\/magazin\/wp-content\/uploads\/2017\/11\/EuroCarry-Schiene-Hecktraeger.jpg\" alt=\"EuroCarry Schiene Hecktraeger\" width=\"600\" height=\"240\" srcset=\"https:\/\/www.schlanser.ch\/magazin\/wp-content\/uploads\/2017\/11\/EuroCarry-Schiene-Hecktraeger.jpg 600w, https:\/\/www.schlanser.ch\/magazin\/wp-content\/uploads\/2017\/11\/EuroCarry-Schiene-Hecktraeger-300x120.jpg 300w\" sizes=\"(max-width: 600px) 100vw, 600px\" \/><\/p>\n","protected":false},"excerpt":{"rendered":"<p>\u00ab Alles f\u00fcr funktionale Campingfahrzeuge \u00bb Der Name &#8222;EuroCarry&#8220; steht f\u00fcr deutsche Qualit\u00e4tsware im Bereich von Fahrradtr\u00e4gern, Fahrradtr\u00e4ger Zubeh\u00f6r, Relingsystemen, Leitern und anderem Equipment f\u00fcr Campingfahrzeuge. Die Produktion des Labels findet ausschliesslich im oberschw\u00e4bischen Bad Saulgau statt. Im Laufe der 30-j\u00e4hrigen Firmengeschichte wurden die Produkte laufend verbessert und auf den neuesten Stand der Technik gebracht. &hellip;<\/p>\n","protected":false},"author":1,"featured_media":3121,"comment_status":"closed","ping_status":"open","sticky":false,"template":"","format":"standard","meta":{"footnotes":""},"categories":[1],"tags":[438,439,437,290,23],"yoast_head":"<!-- This site is optimized with the Yoast SEO plugin v22.2 - https:\/\/yoast.com\/wordpress\/plugins\/seo\/ -->\n<title>EuroCarry Fahrradtr\u00e4ger, Leitern, Relings und vieles mehr - Schlanser Magazin<\/title>\n<meta name=\"description\" content=\"\u201eUrlaubsqualit\u00e4t Made in Germany\u201c \u2013 daf\u00fcr steht EuroCarry! \u2013 Schlanser stellt die deutsche Marke f\u00fcr Fahrradtr\u00e4ger \u2714 Leitern \u2714 Relings \u2714 vor!\" \/>\n<meta name=\"robots\" content=\"noindex, follow\" \/>\n<meta property=\"og:locale\" content=\"de_DE\" \/>\n<meta property=\"og:type\" content=\"article\" \/>\n<meta property=\"og:title\" content=\"EuroCarry Fahrradtr\u00e4ger, Leitern, Relings und vieles mehr - Schlanser Magazin\" \/>\n<meta property=\"og:description\" content=\"\u201eUrlaubsqualit\u00e4t Made in Germany\u201c \u2013 daf\u00fcr steht EuroCarry! \u2013 Schlanser stellt die deutsche Marke f\u00fcr Fahrradtr\u00e4ger \u2714 Leitern \u2714 Relings \u2714 vor!\" \/>\n<meta property=\"og:url\" content=\"https:\/\/www.schlanser.ch\/magazin\/eurocarry-fahrradtraeger\/\" \/>\n<meta property=\"og:site_name\" content=\"Schlanser Magazin\" \/>\n<meta property=\"article:published_time\" content=\"2017-11-09T14:12:50+00:00\" \/>\n<meta property=\"article:modified_time\" content=\"2025-10-01T13:01:47+00:00\" \/>\n<meta property=\"og:image\" content=\"https:\/\/www.schlanser.ch\/magazin\/wp-content\/uploads\/2017\/11\/EuroCarry-Fahrradtraeger.jpg\" \/>\n\t<meta property=\"og:image:width\" content=\"800\" \/>\n\t<meta property=\"og:image:height\" content=\"562\" \/>\n\t<meta property=\"og:image:type\" content=\"image\/jpeg\" \/>\n<meta name=\"author\" content=\"admin\" \/>\n<meta name=\"twitter:card\" content=\"summary_large_image\" \/>\n<meta name=\"twitter:label1\" content=\"Verfasst von\" \/>\n\t<meta name=\"twitter:data1\" content=\"admin\" \/>\n\t<meta name=\"twitter:label2\" content=\"Gesch\u00e4tzte Lesezeit\" \/>\n\t<meta name=\"twitter:data2\" content=\"7 Minuten\" \/>\n<script type=\"application\/ld+json\" class=\"yoast-schema-graph\">{\"@context\":\"https:\/\/schema.org\",\"@graph\":[{\"@type\":\"WebPage\",\"@id\":\"https:\/\/www.schlanser.ch\/magazin\/eurocarry-fahrradtraeger\/\",\"url\":\"https:\/\/www.schlanser.ch\/magazin\/eurocarry-fahrradtraeger\/\",\"name\":\"EuroCarry Fahrradtr\u00e4ger, Leitern, Relings und vieles mehr - Schlanser Magazin\",\"isPartOf\":{\"@id\":\"https:\/\/www.schlanser.ch\/magazin\/#website\"},\"primaryImageOfPage\":{\"@id\":\"https:\/\/www.schlanser.ch\/magazin\/eurocarry-fahrradtraeger\/#primaryimage\"},\"image\":{\"@id\":\"https:\/\/www.schlanser.ch\/magazin\/eurocarry-fahrradtraeger\/#primaryimage\"},\"thumbnailUrl\":\"https:\/\/www.schlanser.ch\/magazin\/wp-content\/uploads\/2017\/11\/EuroCarry-Fahrradtraeger.jpg\",\"datePublished\":\"2017-11-09T14:12:50+00:00\",\"dateModified\":\"2025-10-01T13:01:47+00:00\",\"author\":{\"@id\":\"https:\/\/www.schlanser.ch\/magazin\/#\/schema\/person\/000db0a103eb2594ba3daf394b1dfea2\"},\"description\":\"\u201eUrlaubsqualit\u00e4t Made in Germany\u201c \u2013 daf\u00fcr steht EuroCarry! \u2013 Schlanser stellt die deutsche Marke f\u00fcr Fahrradtr\u00e4ger \u2714 Leitern \u2714 Relings \u2714 vor!\",\"breadcrumb\":{\"@id\":\"https:\/\/www.schlanser.ch\/magazin\/eurocarry-fahrradtraeger\/#breadcrumb\"},\"inLanguage\":\"de-DE\",\"potentialAction\":[{\"@type\":\"ReadAction\",\"target\":[\"https:\/\/www.schlanser.ch\/magazin\/eurocarry-fahrradtraeger\/\"]}]},{\"@type\":\"ImageObject\",\"inLanguage\":\"de-DE\",\"@id\":\"https:\/\/www.schlanser.ch\/magazin\/eurocarry-fahrradtraeger\/#primaryimage\",\"url\":\"https:\/\/www.schlanser.ch\/magazin\/wp-content\/uploads\/2017\/11\/EuroCarry-Fahrradtraeger.jpg\",\"contentUrl\":\"https:\/\/www.schlanser.ch\/magazin\/wp-content\/uploads\/2017\/11\/EuroCarry-Fahrradtraeger.jpg\",\"width\":800,\"height\":562,\"caption\":\"\u00a9 miss_mafalda \/ Fotolia.com\"},{\"@type\":\"BreadcrumbList\",\"@id\":\"https:\/\/www.schlanser.ch\/magazin\/eurocarry-fahrradtraeger\/#breadcrumb\",\"itemListElement\":[{\"@type\":\"ListItem\",\"position\":1,\"name\":\"Startseite\",\"item\":\"https:\/\/www.schlanser.ch\/magazin\/\"},{\"@type\":\"ListItem\",\"position\":2,\"name\":\"EuroCarry Fahrradtr\u00e4ger, Leitern, Relings und vieles mehr\"}]},{\"@type\":\"WebSite\",\"@id\":\"https:\/\/www.schlanser.ch\/magazin\/#website\",\"url\":\"https:\/\/www.schlanser.ch\/magazin\/\",\"name\":\"Schlanser Magazin\",\"description\":\"\",\"potentialAction\":[{\"@type\":\"SearchAction\",\"target\":{\"@type\":\"EntryPoint\",\"urlTemplate\":\"https:\/\/www.schlanser.ch\/magazin\/?s={search_term_string}\"},\"query-input\":\"required name=search_term_string\"}],\"inLanguage\":\"de-DE\"},{\"@type\":\"Person\",\"@id\":\"https:\/\/www.schlanser.ch\/magazin\/#\/schema\/person\/000db0a103eb2594ba3daf394b1dfea2\",\"name\":\"admin\",\"image\":{\"@type\":\"ImageObject\",\"inLanguage\":\"de-DE\",\"@id\":\"https:\/\/www.schlanser.ch\/magazin\/#\/schema\/person\/image\/\",\"url\":\"https:\/\/secure.gravatar.com\/avatar\/a794a4fe8a9b9c52241597eb381dfa2e?s=96&d=mm&r=g\",\"contentUrl\":\"https:\/\/secure.gravatar.com\/avatar\/a794a4fe8a9b9c52241597eb381dfa2e?s=96&d=mm&r=g\",\"caption\":\"admin\"}}]}<\/script>\n<!-- \/ Yoast SEO plugin. -->","yoast_head_json":{"title":"EuroCarry Fahrradtr\u00e4ger, Leitern, Relings und vieles mehr - Schlanser Magazin","description":"\u201eUrlaubsqualit\u00e4t Made in Germany\u201c \u2013 daf\u00fcr steht EuroCarry! \u2013 Schlanser stellt die deutsche Marke f\u00fcr Fahrradtr\u00e4ger \u2714 Leitern \u2714 Relings \u2714 vor!","robots":{"index":"noindex","follow":"follow"},"og_locale":"de_DE","og_type":"article","og_title":"EuroCarry Fahrradtr\u00e4ger, Leitern, Relings und vieles mehr - Schlanser Magazin","og_description":"\u201eUrlaubsqualit\u00e4t Made in Germany\u201c \u2013 daf\u00fcr steht EuroCarry! \u2013 Schlanser stellt die deutsche Marke f\u00fcr Fahrradtr\u00e4ger \u2714 Leitern \u2714 Relings \u2714 vor!","og_url":"https:\/\/www.schlanser.ch\/magazin\/eurocarry-fahrradtraeger\/","og_site_name":"Schlanser Magazin","article_published_time":"2017-11-09T14:12:50+00:00","article_modified_time":"2025-10-01T13:01:47+00:00","og_image":[{"width":800,"height":562,"url":"https:\/\/www.schlanser.ch\/magazin\/wp-content\/uploads\/2017\/11\/EuroCarry-Fahrradtraeger.jpg","type":"image\/jpeg"}],"author":"admin","twitter_card":"summary_large_image","twitter_misc":{"Verfasst von":"admin","Gesch\u00e4tzte Lesezeit":"7 Minuten"},"schema":{"@context":"https:\/\/schema.org","@graph":[{"@type":"WebPage","@id":"https:\/\/www.schlanser.ch\/magazin\/eurocarry-fahrradtraeger\/","url":"https:\/\/www.schlanser.ch\/magazin\/eurocarry-fahrradtraeger\/","name":"EuroCarry Fahrradtr\u00e4ger, Leitern, Relings und vieles mehr - Schlanser Magazin","isPartOf":{"@id":"https:\/\/www.schlanser.ch\/magazin\/#website"},"primaryImageOfPage":{"@id":"https:\/\/www.schlanser.ch\/magazin\/eurocarry-fahrradtraeger\/#primaryimage"},"image":{"@id":"https:\/\/www.schlanser.ch\/magazin\/eurocarry-fahrradtraeger\/#primaryimage"},"thumbnailUrl":"https:\/\/www.schlanser.ch\/magazin\/wp-content\/uploads\/2017\/11\/EuroCarry-Fahrradtraeger.jpg","datePublished":"2017-11-09T14:12:50+00:00","dateModified":"2025-10-01T13:01:47+00:00","author":{"@id":"https:\/\/www.schlanser.ch\/magazin\/#\/schema\/person\/000db0a103eb2594ba3daf394b1dfea2"},"description":"\u201eUrlaubsqualit\u00e4t Made in Germany\u201c \u2013 daf\u00fcr steht EuroCarry! \u2013 Schlanser stellt die deutsche Marke f\u00fcr Fahrradtr\u00e4ger \u2714 Leitern \u2714 Relings \u2714 vor!","breadcrumb":{"@id":"https:\/\/www.schlanser.ch\/magazin\/eurocarry-fahrradtraeger\/#breadcrumb"},"inLanguage":"de-DE","potentialAction":[{"@type":"ReadAction","target":["https:\/\/www.schlanser.ch\/magazin\/eurocarry-fahrradtraeger\/"]}]},{"@type":"ImageObject","inLanguage":"de-DE","@id":"https:\/\/www.schlanser.ch\/magazin\/eurocarry-fahrradtraeger\/#primaryimage","url":"https:\/\/www.schlanser.ch\/magazin\/wp-content\/uploads\/2017\/11\/EuroCarry-Fahrradtraeger.jpg","contentUrl":"https:\/\/www.schlanser.ch\/magazin\/wp-content\/uploads\/2017\/11\/EuroCarry-Fahrradtraeger.jpg","width":800,"height":562,"caption":"\u00a9 miss_mafalda \/ Fotolia.com"},{"@type":"BreadcrumbList","@id":"https:\/\/www.schlanser.ch\/magazin\/eurocarry-fahrradtraeger\/#breadcrumb","itemListElement":[{"@type":"ListItem","position":1,"name":"Startseite","item":"https:\/\/www.schlanser.ch\/magazin\/"},{"@type":"ListItem","position":2,"name":"EuroCarry Fahrradtr\u00e4ger, Leitern, Relings und vieles mehr"}]},{"@type":"WebSite","@id":"https:\/\/www.schlanser.ch\/magazin\/#website","url":"https:\/\/www.schlanser.ch\/magazin\/","name":"Schlanser Magazin","description":"","potentialAction":[{"@type":"SearchAction","target":{"@type":"EntryPoint","urlTemplate":"https:\/\/www.schlanser.ch\/magazin\/?s={search_term_string}"},"query-input":"required name=search_term_string"}],"inLanguage":"de-DE"},{"@type":"Person","@id":"https:\/\/www.schlanser.ch\/magazin\/#\/schema\/person\/000db0a103eb2594ba3daf394b1dfea2","name":"admin","image":{"@type":"ImageObject","inLanguage":"de-DE","@id":"https:\/\/www.schlanser.ch\/magazin\/#\/schema\/person\/image\/","url":"https:\/\/secure.gravatar.com\/avatar\/a794a4fe8a9b9c52241597eb381dfa2e?s=96&d=mm&r=g","contentUrl":"https:\/\/secure.gravatar.com\/avatar\/a794a4fe8a9b9c52241597eb381dfa2e?s=96&d=mm&r=g","caption":"admin"}}]}},"_links":{"self":[{"href":"https:\/\/www.schlanser.ch\/magazin\/wp-json\/wp\/v2\/posts\/3095"}],"collection":[{"href":"https:\/\/www.schlanser.ch\/magazin\/wp-json\/wp\/v2\/posts"}],"about":[{"href":"https:\/\/www.schlanser.ch\/magazin\/wp-json\/wp\/v2\/types\/post"}],"author":[{"embeddable":true,"href":"https:\/\/www.schlanser.ch\/magazin\/wp-json\/wp\/v2\/users\/1"}],"replies":[{"embeddable":true,"href":"https:\/\/www.schlanser.ch\/magazin\/wp-json\/wp\/v2\/comments?post=3095"}],"version-history":[{"count":29,"href":"https:\/\/www.schlanser.ch\/magazin\/wp-json\/wp\/v2\/posts\/3095\/revisions"}],"predecessor-version":[{"id":16915,"href":"https:\/\/www.schlanser.ch\/magazin\/wp-json\/wp\/v2\/posts\/3095\/revisions\/16915"}],"wp:featuredmedia":[{"embeddable":true,"href":"https:\/\/www.schlanser.ch\/magazin\/wp-json\/wp\/v2\/media\/3121"}],"wp:attachment":[{"href":"https:\/\/www.schlanser.ch\/magazin\/wp-json\/wp\/v2\/media?parent=3095"}],"wp:term":[{"taxonomy":"category","embeddable":true,"href":"https:\/\/www.schlanser.ch\/magazin\/wp-json\/wp\/v2\/categories?post=3095"},{"taxonomy":"post_tag","embeddable":true,"href":"https:\/\/www.schlanser.ch\/magazin\/wp-json\/wp\/v2\/tags?post=3095"}],"curies":[{"name":"wp","href":"https:\/\/api.w.org\/{rel}","templated":true}]}}