{"id":3178,"date":"2017-11-16T14:45:54","date_gmt":"2017-11-16T13:45:54","guid":{"rendered":"https:\/\/www.schlanser.ch\/magazin\/?p=3178"},"modified":"2024-01-10T14:44:39","modified_gmt":"2024-01-10T13:44:39","slug":"vorzelte-fuer-wohnwagen","status":"publish","type":"post","link":"https:\/\/www.schlanser.ch\/magazin\/vorzelte-fuer-wohnwagen\/","title":{"rendered":"Berger, Brand, DWT \u2013 Die besten Vorzelte f\u00fcr Wohnwagen"},"content":{"rendered":"<p style=\"text-align: justify;\"><strong>Ein <\/strong><a href=\"https:\/\/www.schlanser.ch\/zelte\/vorzelte\/\"><strong>Vorzelt<\/strong><\/a><strong> erh\u00f6ht den Wohnkomfort und bietet mehr als einfachen Wetterschutz. Anschaffung, Aufbau und Einrichtung sind zeit- und kostenintensiv. Ein hochwertiges Zelt dankt diesen Aufwand mit langer Lebensdauer. Damit nicht nach wenigen Jahren im Ganzjahreszelt der Wunsch nach mehr Komfort erwacht, lohnt sich vor dem Kauf das genaue Hinsehen.<\/strong><\/p>\n<h2>Vier Jahreszeiten, ein Wohnwagenvorzelt<\/h2>\n<p style=\"text-align: justify;\">Die Anspr\u00fcche an ein Ganzjahreszelt k\u00f6nnen gr\u00f6sser nicht sein: Gl\u00fchende Hitze und frostige Winter erfordern durchg\u00e4ngig hochwertiges Material bei Plane und Gest\u00e4nge, Verarbeitung und <a href=\"https:\/\/www.schlanser.ch\/zelte\/zeltzubehoer\/\">Zeltzubeh\u00f6r<\/a>. Am Markt konnten sich unterschiedliche Zelthersteller etablieren.<\/p>\n<p><img loading=\"lazy\" decoding=\"async\" class=\"aligncenter wp-image-3198 size-full\" title=\"Ganzjahresvorzelt Tarifa von Brand\" src=\"https:\/\/www.schlanser.ch\/magazin\/wp-content\/uploads\/2017\/11\/Ganzjahresvorzelt-Tarifa.jpg\" alt=\"Ganzjahresvorzelt Tarifa\" width=\"600\" height=\"600\" srcset=\"https:\/\/www.schlanser.ch\/magazin\/wp-content\/uploads\/2017\/11\/Ganzjahresvorzelt-Tarifa.jpg 600w, https:\/\/www.schlanser.ch\/magazin\/wp-content\/uploads\/2017\/11\/Ganzjahresvorzelt-Tarifa-150x150.jpg 150w, https:\/\/www.schlanser.ch\/magazin\/wp-content\/uploads\/2017\/11\/Ganzjahresvorzelt-Tarifa-300x300.jpg 300w\" sizes=\"(max-width: 600px) 100vw, 600px\" \/><\/p>\n<p style=\"text-align: justify;\">Einige spezialisieren sich auf gesonderte Anforderungen, andere konzentrieren sich auf die h\u00e4ufigsten Erfordernisse von Vorzeltk\u00e4ufern und k\u00f6nnen deshalb das breiteste Spektrum in einem Zelt vereinen. Zelteigenschaften orientieren sich zun\u00e4chst an den Bed\u00fcrfnissen des Alltags in den Ferien oder am Wochenende.<\/p>\n<p><img loading=\"lazy\" decoding=\"async\" class=\"aligncenter wp-image-3195 size-full\" title=\"Wintervorzelt Swing von DWT\" src=\"https:\/\/www.schlanser.ch\/magazin\/wp-content\/uploads\/2017\/11\/DWT-Wintervorzelt-Swing.jpg\" alt=\"DWT Wintervorzelt Swing\" width=\"600\" height=\"375\" srcset=\"https:\/\/www.schlanser.ch\/magazin\/wp-content\/uploads\/2017\/11\/DWT-Wintervorzelt-Swing.jpg 600w, https:\/\/www.schlanser.ch\/magazin\/wp-content\/uploads\/2017\/11\/DWT-Wintervorzelt-Swing-300x188.jpg 300w\" sizes=\"(max-width: 600px) 100vw, 600px\" \/><\/p>\n<p style=\"text-align: justify;\">Wer viel Zeit im Wohnwagenvorzelt verbringt, hat andere Anforderungen als derjenige, der prim\u00e4r einen Unterstellplatz mit Wetterschutz vor der Wohnwagent\u00fcr sucht.<\/p>\n<h2>Drei im Vergleich<\/h2>\n<p style=\"text-align: justify;\"><a href=\"https:\/\/www.schlanser.ch\/berger\/\">Berger<\/a>, <a href=\"https:\/\/www.schlanser.ch\/dwt\/\">DWT<\/a> und Brand sind mit Ihren <a href=\"https:\/\/www.schlanser.ch\/zelte\/vorzelte\/wohnwagenvorzelte\/\">Wohnwagenvorzelten<\/a> auf allen Campingpl\u00e4tzen gut vertreten. Heute soll ein Blick in die Produktangaben der Hersteller Aufschluss dar\u00fcber geben, warum das so ist. So viele Camper k\u00f6nnen sich kaum irren. Zun\u00e4chst f\u00e4llt auf, dass DWT und Brand unterschiedliche Qualit\u00e4tsklassen anbieten. Gemessen an den Anforderungen an ein Ganzjahreszelt gelangen die normale und die gehobene Klasse in die n\u00e4here Betrachtung.<\/p>\n<p><img loading=\"lazy\" decoding=\"async\" class=\"aligncenter wp-image-3200 size-full\" title=\"Reisevorzelt f\u00fcr Wohnwagen von Berger\" src=\"https:\/\/www.schlanser.ch\/magazin\/wp-content\/uploads\/2017\/11\/Berger-Reisevorzelt-Wohnwagen.jpg\" alt=\"Berger Reisevorzelt Wohnwagen\" width=\"600\" height=\"375\" srcset=\"https:\/\/www.schlanser.ch\/magazin\/wp-content\/uploads\/2017\/11\/Berger-Reisevorzelt-Wohnwagen.jpg 600w, https:\/\/www.schlanser.ch\/magazin\/wp-content\/uploads\/2017\/11\/Berger-Reisevorzelt-Wohnwagen-300x188.jpg 300w\" sizes=\"(max-width: 600px) 100vw, 600px\" \/><\/p>\n<p style=\"text-align: justify;\">Berger unterscheidet seine Produktpalette nicht in dieser Weise. Der Grund mag in der verarbeiteten Zeltplane liegen, die beim Berger-Vorzelt immer aus 100 % Polyester besteht. Bei Brand und DWT sind die Seitenw\u00e4nde teilweise aus atmungsaktivem oder wasserdampfdurchl\u00e4ssigem Material und PVC.<\/p>\n<p><img loading=\"lazy\" decoding=\"async\" class=\"aligncenter wp-image-3204 size-full\" title=\"Reisevorzelt Garda Deluxe von Berger\" src=\"https:\/\/www.schlanser.ch\/magazin\/wp-content\/uploads\/2017\/11\/Berger-Reisevorzelt-Garda-Deluxe.jpg\" alt=\"Berger Reisevorzelt Garda Deluxe\" width=\"600\" height=\"375\" srcset=\"https:\/\/www.schlanser.ch\/magazin\/wp-content\/uploads\/2017\/11\/Berger-Reisevorzelt-Garda-Deluxe.jpg 600w, https:\/\/www.schlanser.ch\/magazin\/wp-content\/uploads\/2017\/11\/Berger-Reisevorzelt-Garda-Deluxe-300x188.jpg 300w\" sizes=\"(max-width: 600px) 100vw, 600px\" \/><\/p>\n<p style=\"text-align: justify;\">Alle verwendeten Planen sind witterungsbest\u00e4ndig und verrotten nicht. Das DWT-Vorzelt und das Brand-Vorzelt \u00fcberzeugen zudem durch einen optionalen Erker-Anbau anstelle einer Seitenwand. Ideal f\u00fcr die Unterbringung einer dauerhaft eingerichteten K\u00fcche.<\/p>\n<h2>Ausstattung und Bel\u00fcftung<\/h2>\n<p style=\"text-align: justify;\">Ein bewohntes Zelt muss der Schwitzwasserbildung trotzen, die durch Atemluft und Vorzeltheizung stark ansteigen kann. Dann regnet es von der Decke. Ein Innenhimmel kann dem erfolgreich entgegenwirken. Wo die Nachbarn gleich nebenan stehen oder die Sonne zu stark blendet, bilden Innengardinen praktischen Sichtschutz.<\/p>\n<p><img loading=\"lazy\" decoding=\"async\" class=\"aligncenter wp-image-3185 size-full\" title=\"Gardinen f\u00fcr Sonnenvordach Solera Lux II\" src=\"https:\/\/www.schlanser.ch\/magazin\/wp-content\/uploads\/2017\/11\/Gardinen-fuer-Sonnenvordach-Solera-Lux-II.jpg\" alt=\"Gardinen fuer Sonnenvordach Solera Lux II\" width=\"600\" height=\"600\" srcset=\"https:\/\/www.schlanser.ch\/magazin\/wp-content\/uploads\/2017\/11\/Gardinen-fuer-Sonnenvordach-Solera-Lux-II.jpg 600w, https:\/\/www.schlanser.ch\/magazin\/wp-content\/uploads\/2017\/11\/Gardinen-fuer-Sonnenvordach-Solera-Lux-II-150x150.jpg 150w, https:\/\/www.schlanser.ch\/magazin\/wp-content\/uploads\/2017\/11\/Gardinen-fuer-Sonnenvordach-Solera-Lux-II-300x300.jpg 300w\" sizes=\"(max-width: 600px) 100vw, 600px\" \/><\/p>\n<p style=\"text-align: justify;\">Gute L\u00fcftung und frei w\u00e4hlbare Eing\u00e4nge f\u00f6rdern das Raumklima. Eine eventuell verschliessbare L\u00fcftung im Dachbereich wirkt klimaregulierend, doch sind Gazefenster effektiver. H\u00e4ufig sind die seitlichen Fenster in Gaze und Fensterfolie geteilt, um Kochd\u00fcnste schnell abziehen zu lassen und quer zu l\u00fcften. Es geh\u00f6rt zu den Vorteilen hochwertiger Vorzelte, wenn die Gazefenster mit einer separaten Klappe aus Klarfolie zu schliessen sind.<\/p>\n<p><img loading=\"lazy\" decoding=\"async\" class=\"aligncenter wp-image-3189 size-full\" title=\"Ganzjahresvorzelt Tango\" src=\"https:\/\/www.schlanser.ch\/magazin\/wp-content\/uploads\/2017\/11\/Ganzjahresvorzelt-Tango.jpg\" alt=\"Ganzjahresvorzelt Tango\" width=\"600\" height=\"375\" srcset=\"https:\/\/www.schlanser.ch\/magazin\/wp-content\/uploads\/2017\/11\/Ganzjahresvorzelt-Tango.jpg 600w, https:\/\/www.schlanser.ch\/magazin\/wp-content\/uploads\/2017\/11\/Ganzjahresvorzelt-Tango-300x188.jpg 300w\" sizes=\"(max-width: 600px) 100vw, 600px\" \/><\/p>\n<p style=\"text-align: justify;\">Diese Funktion bringen das Brand-Vorzelt Tarifa und das Palazzo mit, aber auch das DWT-Vorzelt Tango. Berger bietet das Modell Campione diesen praktischen Luxus.<\/p>\n<h2>Lebensdauer verl\u00e4ngern<\/h2>\n<p style=\"text-align: justify;\">Von einigen Zelteigenschaften profitieren Sie zun\u00e4chst beim Aufbau. Wenn Dach, Seitenw\u00e4nde und Front in Einzelteilen vorliegen, ist der Aufbau meist deutlich einfacher. Immerhin bringt schwere Zeltplane ein erhebliches Gewicht mit sich. Austauschbare Segmente an der Front erlauben den individuellen Ausbau. Bei Regen bleibt es im Zelt trocken, wenn die T\u00fcr sowohl an der Front als auch an den Seiten liegen kann. Von Unf\u00e4llen abgesehen halten N\u00e4hte und Planen hochwertiger Ganzjahreszelte f\u00fcr mehrere Jahre selbst bei regelm\u00e4ssigem Auf- und Abbau. Voraussichtlich sind es die Reissverschl\u00fcsse, die unter der st\u00e4ndigen Belastung als erste versagen.<\/p>\n<p><img loading=\"lazy\" decoding=\"async\" class=\"aligncenter wp-image-3206 size-full\" title=\"Reisevorzelt Garda-L Deluxe von Berger\" src=\"https:\/\/www.schlanser.ch\/magazin\/wp-content\/uploads\/2017\/11\/Berger-Reisevorzelt-Garda-L-Deluxe.jpg\" alt=\"Berger Reisevorzelt Garda-L Deluxe\" width=\"600\" height=\"375\" srcset=\"https:\/\/www.schlanser.ch\/magazin\/wp-content\/uploads\/2017\/11\/Berger-Reisevorzelt-Garda-L-Deluxe.jpg 600w, https:\/\/www.schlanser.ch\/magazin\/wp-content\/uploads\/2017\/11\/Berger-Reisevorzelt-Garda-L-Deluxe-300x188.jpg 300w\" sizes=\"(max-width: 600px) 100vw, 600px\" \/><\/p>\n<p style=\"text-align: justify;\">Wenden Sie niemals Gewalt an, sondern pflegen Sie die Reissverschl\u00fcsse ab Kauf mit einem entsprechenden Reissverschluss-Spray. Ist es daf\u00fcr schon zu sp\u00e4t, ist derjenige im Vorteil, der das betroffene Seiten- oder Frontteil separat und ohne Komplettabbau ausbauen kann. Dieses Feature bietet das Berger-Vorzelt Fehmarn mit 5 Teilen und das Campione mit 7. F\u00fcr die Reparatur der Fenster- und T\u00fcrreissverschl\u00fcsse reicht das aus.<\/p>\n<h2>Gest\u00e4nge f\u00fcr sicheren Stand<\/h2>\n<p style=\"text-align: justify;\">Ein waagerechter Hohlsaum f\u00fcr Sturmgest\u00e4nge verleiht dem Zelt mehr Stabilit\u00e4t unter Windlast. Ein R\u00fcckgang der L\u00e4rmbel\u00e4stigung und weniger Materialbeanspruchung lassen sich so ebenfalls erzielen. W\u00e4hrend die Seitenteile zus\u00e4tzlichen Halt erfahren, l\u00e4sst sich die Front des Vorzelts so auch zur Veranda herabklappen. Sie profitieren vom Sonnenschutz bei optimaler Bel\u00fcftung.<\/p>\n<p><img loading=\"lazy\" decoding=\"async\" class=\"aligncenter wp-image-3202 size-full\" title=\"Teilvorzelt CORTINA II von DWT\" src=\"https:\/\/www.schlanser.ch\/magazin\/wp-content\/uploads\/2017\/11\/Teilvorzelt-CORTINA-II-von-DWT.jpg\" alt=\"Teilvorzelt CORTINA II von DWT\" width=\"600\" height=\"375\" srcset=\"https:\/\/www.schlanser.ch\/magazin\/wp-content\/uploads\/2017\/11\/Teilvorzelt-CORTINA-II-von-DWT.jpg 600w, https:\/\/www.schlanser.ch\/magazin\/wp-content\/uploads\/2017\/11\/Teilvorzelt-CORTINA-II-von-DWT-300x188.jpg 300w\" sizes=\"(max-width: 600px) 100vw, 600px\" \/><\/p>\n<p style=\"text-align: justify;\">Als Standard-Gest\u00e4nge bieten die meisten Hersteller 28 x 1 mm Stahl an. Bei dauerhafter Aufstellung und schlechten Witterungsbedingungen verspricht ein 32er-Gest\u00e4nge mehr Halt besonders unter Schneelast. F\u00fcr Reisen ist es wegen des hohen Gewichts hingegen ungeeignet. Zeltstangen aus Aluminium sind dann die optimale Wahl.<\/p>\n<p><img loading=\"lazy\" decoding=\"async\" class=\"aligncenter wp-image-3210 size-full\" title=\"Vorzelt Palazzo von Brand\" src=\"https:\/\/www.schlanser.ch\/magazin\/wp-content\/uploads\/2017\/11\/Vorzelt-Palazzo-von-Brand.jpg\" alt=\"Vorzelt Palazzo von Brand\" width=\"600\" height=\"375\" srcset=\"https:\/\/www.schlanser.ch\/magazin\/wp-content\/uploads\/2017\/11\/Vorzelt-Palazzo-von-Brand.jpg 600w, https:\/\/www.schlanser.ch\/magazin\/wp-content\/uploads\/2017\/11\/Vorzelt-Palazzo-von-Brand-300x188.jpg 300w\" sizes=\"(max-width: 600px) 100vw, 600px\" \/><\/p>\n<p style=\"text-align: justify;\">Manche Camper reduzieren sich unterwegs auf das allein aufstellbare Dach und sparen doppelt: Beim Gewicht f\u00fcr die Front- und Seitenteile sowie f\u00fcr zus\u00e4tzliche Stangen. Um kein Geld f\u00fcr ein ungewolltes Zubeh\u00f6r auszugeben, bietet Berger seine Vorzelte auf Wunsch ohne Gest\u00e4nge an, w\u00e4hrend Brand und DWT die Grundausstattung grunds\u00e4tzlich beilegen.<\/p>\n<h2>Vor dem Kauf die Gr\u00f6sse bestimmen<\/h2>\n<p style=\"text-align: justify;\">Vorzelt- und Wohnwagengr\u00f6sse stehen in einem Verh\u00e4ltnis zueinander. Hersteller sprechen vom Umlaufmass, das jeder Wohnwagenbesitzer individuell ermitteln muss. Daf\u00fcr ist eine nicht dehnbare Schnur durch die Kederleiste zu ziehen und bis an den Boden heranzuf\u00fchren. Bei einem Austausch ist das erst nach dem Abbau des alten Zeltes realisierbar. Alternativ werfen Sie die Schnur \u00fcber den Wohnwagen und nehmen das Mass auf diese Weise. Liegt das Ergebnis an der unteren Grenze zur n\u00e4chsten Gr\u00f6sse, w\u00e4hlen Sie die kleinere Ausf\u00fchrung.<\/p>\n<p><img loading=\"lazy\" decoding=\"async\" class=\"aligncenter wp-image-3208 size-full\" title=\"Reisevorzelt Arona Alu von Berger\" src=\"https:\/\/www.schlanser.ch\/magazin\/wp-content\/uploads\/2017\/11\/Reisevorzelt-Arona-Alu-von-Berger.jpg\" alt=\"Reisevorzelt Arona Alu von Berger\" width=\"600\" height=\"375\" srcset=\"https:\/\/www.schlanser.ch\/magazin\/wp-content\/uploads\/2017\/11\/Reisevorzelt-Arona-Alu-von-Berger.jpg 600w, https:\/\/www.schlanser.ch\/magazin\/wp-content\/uploads\/2017\/11\/Reisevorzelt-Arona-Alu-von-Berger-300x188.jpg 300w\" sizes=\"(max-width: 600px) 100vw, 600px\" \/><\/p>\n<p style=\"text-align: justify;\">Da jedes Zelt nach einem anderen Schnittmuster gefertigt ist, machen manche Hersteller exakte Angaben zur optimalen Passgenauigkeit, zum Beispiel, wenn das Zelt der Wahl zum Boden hin leicht ausgestellt ist. Die M\u00fche lohnt, denn bei idealer Passform und sorgf\u00e4ltiger Pflege erhalten Sie zuverl\u00e4ssigen Wind- und Wetterschutz. Und das f\u00fcr viele Jahre!<\/p>\n","protected":false},"excerpt":{"rendered":"<p>Ein Vorzelt erh\u00f6ht den Wohnkomfort und bietet mehr als einfachen Wetterschutz. Anschaffung, Aufbau und Einrichtung sind zeit- und kostenintensiv. Ein hochwertiges Zelt dankt diesen Aufwand mit langer Lebensdauer. Damit nicht nach wenigen Jahren im Ganzjahreszelt der Wunsch nach mehr Komfort erwacht, lohnt sich vor dem Kauf das genaue Hinsehen. Vier Jahreszeiten, ein Wohnwagenvorzelt Die Anspr\u00fcche &hellip;<\/p>\n","protected":false},"author":1,"featured_media":3188,"comment_status":"closed","ping_status":"open","sticky":false,"template":"","format":"standard","meta":{"footnotes":""},"categories":[1],"tags":[18,47,20,374,375,454,395,453,297,28],"yoast_head":"<!-- This site is optimized with the Yoast SEO plugin v22.2 - https:\/\/yoast.com\/wordpress\/plugins\/seo\/ -->\n<title>Berger, Brand, DWT \u2013 Die besten Vorzelte f\u00fcr Wohnwagen - Schlanser Magazin<\/title>\n<meta name=\"description\" content=\"Das Schlanser Magazin vergleicht Vorzelte von Markenherstellern: Wir erkl\u00e4ren Unterschiede | Stoffarten | Eignungen von Berger \u2714 Brand \u2714 DWT \u2714\" \/>\n<meta name=\"robots\" content=\"index, follow, max-snippet:-1, max-image-preview:large, max-video-preview:-1\" \/>\n<link rel=\"canonical\" href=\"https:\/\/www.schlanser.ch\/magazin\/vorzelte-fuer-wohnwagen\/\" \/>\n<meta property=\"og:locale\" content=\"de_DE\" \/>\n<meta property=\"og:type\" content=\"article\" \/>\n<meta property=\"og:title\" content=\"Berger, Brand, DWT \u2013 Die besten Vorzelte f\u00fcr Wohnwagen - Schlanser Magazin\" \/>\n<meta property=\"og:description\" content=\"Das Schlanser Magazin vergleicht Vorzelte von Markenherstellern: Wir erkl\u00e4ren Unterschiede | Stoffarten | Eignungen von Berger \u2714 Brand \u2714 DWT \u2714\" \/>\n<meta property=\"og:url\" content=\"https:\/\/www.schlanser.ch\/magazin\/vorzelte-fuer-wohnwagen\/\" \/>\n<meta property=\"og:site_name\" content=\"Schlanser Magazin\" \/>\n<meta property=\"article:published_time\" content=\"2017-11-16T13:45:54+00:00\" \/>\n<meta property=\"article:modified_time\" content=\"2024-01-10T13:44:39+00:00\" \/>\n<meta property=\"og:image\" content=\"https:\/\/www.schlanser.ch\/magazin\/wp-content\/uploads\/2017\/11\/Die-besten-Vorzelte-fuer-Wohnwagen.jpg\" \/>\n\t<meta property=\"og:image:width\" content=\"1000\" \/>\n\t<meta property=\"og:image:height\" content=\"625\" \/>\n\t<meta property=\"og:image:type\" content=\"image\/jpeg\" \/>\n<meta name=\"author\" content=\"admin\" \/>\n<meta name=\"twitter:card\" content=\"summary_large_image\" \/>\n<meta name=\"twitter:label1\" content=\"Verfasst von\" \/>\n\t<meta name=\"twitter:data1\" content=\"admin\" \/>\n\t<meta name=\"twitter:label2\" content=\"Gesch\u00e4tzte Lesezeit\" \/>\n\t<meta name=\"twitter:data2\" content=\"5 Minuten\" \/>\n<script type=\"application\/ld+json\" class=\"yoast-schema-graph\">{\"@context\":\"https:\/\/schema.org\",\"@graph\":[{\"@type\":\"WebPage\",\"@id\":\"https:\/\/www.schlanser.ch\/magazin\/vorzelte-fuer-wohnwagen\/\",\"url\":\"https:\/\/www.schlanser.ch\/magazin\/vorzelte-fuer-wohnwagen\/\",\"name\":\"Berger, Brand, DWT \u2013 Die besten Vorzelte f\u00fcr Wohnwagen - Schlanser Magazin\",\"isPartOf\":{\"@id\":\"https:\/\/www.schlanser.ch\/magazin\/#website\"},\"primaryImageOfPage\":{\"@id\":\"https:\/\/www.schlanser.ch\/magazin\/vorzelte-fuer-wohnwagen\/#primaryimage\"},\"image\":{\"@id\":\"https:\/\/www.schlanser.ch\/magazin\/vorzelte-fuer-wohnwagen\/#primaryimage\"},\"thumbnailUrl\":\"https:\/\/www.schlanser.ch\/magazin\/wp-content\/uploads\/2017\/11\/Die-besten-Vorzelte-fuer-Wohnwagen.jpg\",\"datePublished\":\"2017-11-16T13:45:54+00:00\",\"dateModified\":\"2024-01-10T13:44:39+00:00\",\"author\":{\"@id\":\"https:\/\/www.schlanser.ch\/magazin\/#\/schema\/person\/000db0a103eb2594ba3daf394b1dfea2\"},\"description\":\"Das Schlanser Magazin vergleicht Vorzelte von Markenherstellern: Wir erkl\u00e4ren Unterschiede | Stoffarten | Eignungen von Berger \u2714 Brand \u2714 DWT \u2714\",\"breadcrumb\":{\"@id\":\"https:\/\/www.schlanser.ch\/magazin\/vorzelte-fuer-wohnwagen\/#breadcrumb\"},\"inLanguage\":\"de-DE\",\"potentialAction\":[{\"@type\":\"ReadAction\",\"target\":[\"https:\/\/www.schlanser.ch\/magazin\/vorzelte-fuer-wohnwagen\/\"]}]},{\"@type\":\"ImageObject\",\"inLanguage\":\"de-DE\",\"@id\":\"https:\/\/www.schlanser.ch\/magazin\/vorzelte-fuer-wohnwagen\/#primaryimage\",\"url\":\"https:\/\/www.schlanser.ch\/magazin\/wp-content\/uploads\/2017\/11\/Die-besten-Vorzelte-fuer-Wohnwagen.jpg\",\"contentUrl\":\"https:\/\/www.schlanser.ch\/magazin\/wp-content\/uploads\/2017\/11\/Die-besten-Vorzelte-fuer-Wohnwagen.jpg\",\"width\":1000,\"height\":625},{\"@type\":\"BreadcrumbList\",\"@id\":\"https:\/\/www.schlanser.ch\/magazin\/vorzelte-fuer-wohnwagen\/#breadcrumb\",\"itemListElement\":[{\"@type\":\"ListItem\",\"position\":1,\"name\":\"Startseite\",\"item\":\"https:\/\/www.schlanser.ch\/magazin\/\"},{\"@type\":\"ListItem\",\"position\":2,\"name\":\"Berger, Brand, DWT \u2013 Die besten Vorzelte f\u00fcr Wohnwagen\"}]},{\"@type\":\"WebSite\",\"@id\":\"https:\/\/www.schlanser.ch\/magazin\/#website\",\"url\":\"https:\/\/www.schlanser.ch\/magazin\/\",\"name\":\"Schlanser Magazin\",\"description\":\"\",\"potentialAction\":[{\"@type\":\"SearchAction\",\"target\":{\"@type\":\"EntryPoint\",\"urlTemplate\":\"https:\/\/www.schlanser.ch\/magazin\/?s={search_term_string}\"},\"query-input\":\"required name=search_term_string\"}],\"inLanguage\":\"de-DE\"},{\"@type\":\"Person\",\"@id\":\"https:\/\/www.schlanser.ch\/magazin\/#\/schema\/person\/000db0a103eb2594ba3daf394b1dfea2\",\"name\":\"admin\",\"image\":{\"@type\":\"ImageObject\",\"inLanguage\":\"de-DE\",\"@id\":\"https:\/\/www.schlanser.ch\/magazin\/#\/schema\/person\/image\/\",\"url\":\"https:\/\/secure.gravatar.com\/avatar\/a794a4fe8a9b9c52241597eb381dfa2e?s=96&d=mm&r=g\",\"contentUrl\":\"https:\/\/secure.gravatar.com\/avatar\/a794a4fe8a9b9c52241597eb381dfa2e?s=96&d=mm&r=g\",\"caption\":\"admin\"}}]}<\/script>\n<!-- \/ Yoast SEO plugin. -->","yoast_head_json":{"title":"Berger, Brand, DWT \u2013 Die besten Vorzelte f\u00fcr Wohnwagen - Schlanser Magazin","description":"Das Schlanser Magazin vergleicht Vorzelte von Markenherstellern: Wir erkl\u00e4ren Unterschiede | Stoffarten | Eignungen von Berger \u2714 Brand \u2714 DWT \u2714","robots":{"index":"index","follow":"follow","max-snippet":"max-snippet:-1","max-image-preview":"max-image-preview:large","max-video-preview":"max-video-preview:-1"},"canonical":"https:\/\/www.schlanser.ch\/magazin\/vorzelte-fuer-wohnwagen\/","og_locale":"de_DE","og_type":"article","og_title":"Berger, Brand, DWT \u2013 Die besten Vorzelte f\u00fcr Wohnwagen - Schlanser Magazin","og_description":"Das Schlanser Magazin vergleicht Vorzelte von Markenherstellern: Wir erkl\u00e4ren Unterschiede | Stoffarten | Eignungen von Berger \u2714 Brand \u2714 DWT \u2714","og_url":"https:\/\/www.schlanser.ch\/magazin\/vorzelte-fuer-wohnwagen\/","og_site_name":"Schlanser Magazin","article_published_time":"2017-11-16T13:45:54+00:00","article_modified_time":"2024-01-10T13:44:39+00:00","og_image":[{"width":1000,"height":625,"url":"https:\/\/www.schlanser.ch\/magazin\/wp-content\/uploads\/2017\/11\/Die-besten-Vorzelte-fuer-Wohnwagen.jpg","type":"image\/jpeg"}],"author":"admin","twitter_card":"summary_large_image","twitter_misc":{"Verfasst von":"admin","Gesch\u00e4tzte Lesezeit":"5 Minuten"},"schema":{"@context":"https:\/\/schema.org","@graph":[{"@type":"WebPage","@id":"https:\/\/www.schlanser.ch\/magazin\/vorzelte-fuer-wohnwagen\/","url":"https:\/\/www.schlanser.ch\/magazin\/vorzelte-fuer-wohnwagen\/","name":"Berger, Brand, DWT \u2013 Die besten Vorzelte f\u00fcr Wohnwagen - Schlanser Magazin","isPartOf":{"@id":"https:\/\/www.schlanser.ch\/magazin\/#website"},"primaryImageOfPage":{"@id":"https:\/\/www.schlanser.ch\/magazin\/vorzelte-fuer-wohnwagen\/#primaryimage"},"image":{"@id":"https:\/\/www.schlanser.ch\/magazin\/vorzelte-fuer-wohnwagen\/#primaryimage"},"thumbnailUrl":"https:\/\/www.schlanser.ch\/magazin\/wp-content\/uploads\/2017\/11\/Die-besten-Vorzelte-fuer-Wohnwagen.jpg","datePublished":"2017-11-16T13:45:54+00:00","dateModified":"2024-01-10T13:44:39+00:00","author":{"@id":"https:\/\/www.schlanser.ch\/magazin\/#\/schema\/person\/000db0a103eb2594ba3daf394b1dfea2"},"description":"Das Schlanser Magazin vergleicht Vorzelte von Markenherstellern: Wir erkl\u00e4ren Unterschiede | Stoffarten | Eignungen von Berger \u2714 Brand \u2714 DWT \u2714","breadcrumb":{"@id":"https:\/\/www.schlanser.ch\/magazin\/vorzelte-fuer-wohnwagen\/#breadcrumb"},"inLanguage":"de-DE","potentialAction":[{"@type":"ReadAction","target":["https:\/\/www.schlanser.ch\/magazin\/vorzelte-fuer-wohnwagen\/"]}]},{"@type":"ImageObject","inLanguage":"de-DE","@id":"https:\/\/www.schlanser.ch\/magazin\/vorzelte-fuer-wohnwagen\/#primaryimage","url":"https:\/\/www.schlanser.ch\/magazin\/wp-content\/uploads\/2017\/11\/Die-besten-Vorzelte-fuer-Wohnwagen.jpg","contentUrl":"https:\/\/www.schlanser.ch\/magazin\/wp-content\/uploads\/2017\/11\/Die-besten-Vorzelte-fuer-Wohnwagen.jpg","width":1000,"height":625},{"@type":"BreadcrumbList","@id":"https:\/\/www.schlanser.ch\/magazin\/vorzelte-fuer-wohnwagen\/#breadcrumb","itemListElement":[{"@type":"ListItem","position":1,"name":"Startseite","item":"https:\/\/www.schlanser.ch\/magazin\/"},{"@type":"ListItem","position":2,"name":"Berger, Brand, DWT \u2013 Die besten Vorzelte f\u00fcr Wohnwagen"}]},{"@type":"WebSite","@id":"https:\/\/www.schlanser.ch\/magazin\/#website","url":"https:\/\/www.schlanser.ch\/magazin\/","name":"Schlanser Magazin","description":"","potentialAction":[{"@type":"SearchAction","target":{"@type":"EntryPoint","urlTemplate":"https:\/\/www.schlanser.ch\/magazin\/?s={search_term_string}"},"query-input":"required name=search_term_string"}],"inLanguage":"de-DE"},{"@type":"Person","@id":"https:\/\/www.schlanser.ch\/magazin\/#\/schema\/person\/000db0a103eb2594ba3daf394b1dfea2","name":"admin","image":{"@type":"ImageObject","inLanguage":"de-DE","@id":"https:\/\/www.schlanser.ch\/magazin\/#\/schema\/person\/image\/","url":"https:\/\/secure.gravatar.com\/avatar\/a794a4fe8a9b9c52241597eb381dfa2e?s=96&d=mm&r=g","contentUrl":"https:\/\/secure.gravatar.com\/avatar\/a794a4fe8a9b9c52241597eb381dfa2e?s=96&d=mm&r=g","caption":"admin"}}]}},"_links":{"self":[{"href":"https:\/\/www.schlanser.ch\/magazin\/wp-json\/wp\/v2\/posts\/3178"}],"collection":[{"href":"https:\/\/www.schlanser.ch\/magazin\/wp-json\/wp\/v2\/posts"}],"about":[{"href":"https:\/\/www.schlanser.ch\/magazin\/wp-json\/wp\/v2\/types\/post"}],"author":[{"embeddable":true,"href":"https:\/\/www.schlanser.ch\/magazin\/wp-json\/wp\/v2\/users\/1"}],"replies":[{"embeddable":true,"href":"https:\/\/www.schlanser.ch\/magazin\/wp-json\/wp\/v2\/comments?post=3178"}],"version-history":[{"count":35,"href":"https:\/\/www.schlanser.ch\/magazin\/wp-json\/wp\/v2\/posts\/3178\/revisions"}],"predecessor-version":[{"id":16920,"href":"https:\/\/www.schlanser.ch\/magazin\/wp-json\/wp\/v2\/posts\/3178\/revisions\/16920"}],"wp:featuredmedia":[{"embeddable":true,"href":"https:\/\/www.schlanser.ch\/magazin\/wp-json\/wp\/v2\/media\/3188"}],"wp:attachment":[{"href":"https:\/\/www.schlanser.ch\/magazin\/wp-json\/wp\/v2\/media?parent=3178"}],"wp:term":[{"taxonomy":"category","embeddable":true,"href":"https:\/\/www.schlanser.ch\/magazin\/wp-json\/wp\/v2\/categories?post=3178"},{"taxonomy":"post_tag","embeddable":true,"href":"https:\/\/www.schlanser.ch\/magazin\/wp-json\/wp\/v2\/tags?post=3178"}],"curies":[{"name":"wp","href":"https:\/\/api.w.org\/{rel}","templated":true}]}}