{"id":3295,"date":"2017-12-01T10:51:24","date_gmt":"2017-12-01T09:51:24","guid":{"rendered":"https:\/\/www.schlanser.ch\/magazin\/?p=3295"},"modified":"2023-01-10T13:04:16","modified_gmt":"2023-01-10T12:04:16","slug":"deuter-walker","status":"publish","type":"post","link":"https:\/\/www.schlanser.ch\/magazin\/deuter-walker\/","title":{"rendered":"Neu im Shop: Deuter Walker"},"content":{"rendered":"<h2>\u00ab Urbaner Trekkingrucksack in 3 Gr\u00f6ssen \u00bb<\/h2>\n<p style=\"text-align: justify;\"><strong>Der Name &#8222;<\/strong><a href=\"https:\/\/www.schlanser.ch\/deuter\/\"><strong>Deuter<\/strong><\/a><strong>&#8220; ist nicht nur unter Outdoorfans und Trekkingabenteurern weithin bekannt. Das Unternehmen produziert zwar <\/strong><strong>hochwertige Rucks\u00e4cke<\/strong><strong> und <\/strong><strong>Schlafs\u00e4cke<\/strong><strong> f\u00fcr die anspruchsvollsten Touren, bietet aber zugleich auch Modelle f\u00fcr den eher allt\u00e4glichen Gebrauch an. Mit dem Deuter Walker Trekkingrucksack findet sich nun ein praktischer Stadtrucksack auf dem Markt, der den Tragekomfort anspruchsvoller Tourenrucks\u00e4cken in sich birgt.<\/strong><\/p>\n<h2>Altbew\u00e4hrte Qualit\u00e4t<\/h2>\n<p style=\"text-align: justify;\">Seit dem Beginn des Unternehmens Deuter in Augsburg vor fast 120 Jahren wandern seine Produkte sprichw\u00f6rtlich um die ganze Welt. Selbst die ersten Rucks\u00e4cke aus schwerem Segeltuch und robustem Leinen waren bereits f\u00fcr Extremeins\u00e4tze beim Milit\u00e4r und bald auch bei Bergsteigern \u00e4usserst beliebt.<\/p>\n<p style=\"text-align: justify;\"><img loading=\"lazy\" decoding=\"async\" class=\"alignright wp-image-3333 size-full\" title=\"Deuter Zugspitze 24 Rucksack\" src=\"https:\/\/www.schlanser.ch\/magazin\/wp-content\/uploads\/2017\/12\/Deuter-Zugspitze-24-Rucksack.jpg\" alt=\"Deuter Zugspitze 24 Rucksack\" width=\"320\" height=\"410\" srcset=\"https:\/\/www.schlanser.ch\/magazin\/wp-content\/uploads\/2017\/12\/Deuter-Zugspitze-24-Rucksack.jpg 320w, https:\/\/www.schlanser.ch\/magazin\/wp-content\/uploads\/2017\/12\/Deuter-Zugspitze-24-Rucksack-234x300.jpg 234w\" sizes=\"(max-width: 320px) 100vw, 320px\" \/>Heute werden die Rucks\u00e4cke nicht nur auf allen 5 Kontinenten verkauft, sondern durchwandern diese zugleich ohne Unterlass auf den R\u00fccken von Abenteurern, Touristen und Gesch\u00e4ftsleuten. Seit dem sehr erfolgreichen Deuter Rucksack &#8222;Tauern&#8220; in den 1930ern ist die Entwicklung keineswegs stehengeblieben. Die wohl gr\u00f6sste Innovation ist das ausgefeilte R\u00fcckenbel\u00fcftungssystem. In den 80ern wurde hierf\u00fcr ein Netz auf der R\u00fcckseite angebracht. Mittlerweile ist das Aircomfort-System zu einem ausgekl\u00fcgelten Material- und Technikmix herangereift: Bei optimaler Tragestabilit\u00e4t wird der R\u00fccken des Tr\u00e4gers mit jeder Bewegung gel\u00fcftet, als ob kleine Luftpumpen auf dem R\u00fccken sitzen w\u00fcrden. Diese Technik ist selbstverst\u00e4ndlich in dem urbanen Trekkingrucksack &#8222;Walker&#8220; integriert.<\/p>\n<h2>Daypack mit vielen Extras<\/h2>\n<p style=\"text-align: justify;\">Der Hauptfokus bei der Entwicklung des Walkers lag auf dem allt\u00e4glichen Gebrauch. So ist der Rucksack zu einem zuverl\u00e4ssigen Begleiter f\u00fcr B\u00fcro, Uni, Einkaufsbummel oder Sightseeing geworden. Aus insgesamt drei verschiedenen Varianten k\u00f6nnen Sie die passende Gr\u00f6sse f\u00fcr sich ausw\u00e4hlen. Zwischen den Modellen mit 16, 20 und 24 Litern gibt es feine Unterschiede, die die ideale Passung auf ihren jeweiligen Tr\u00e4ger ausmachen. An dieser Stelle werden zun\u00e4chst die Gemeinsamkeiten der drei Walker-Modelle dargestellt.<\/p>\n<p style=\"text-align: justify;\"><img loading=\"lazy\" decoding=\"async\" class=\"alignright wp-image-3313 size-full\" title=\"Deuter Walker 24 Rucksack | Farbe: Grau\/Schwarz\" src=\"https:\/\/www.schlanser.ch\/magazin\/wp-content\/uploads\/2017\/12\/Deuter-Walker-24-Rucksack-grau-schwarz.jpg\" alt=\"Deuter Walker 24 Rucksack grau schwarz\" width=\"335\" height=\"410\" srcset=\"https:\/\/www.schlanser.ch\/magazin\/wp-content\/uploads\/2017\/12\/Deuter-Walker-24-Rucksack-grau-schwarz.jpg 335w, https:\/\/www.schlanser.ch\/magazin\/wp-content\/uploads\/2017\/12\/Deuter-Walker-24-Rucksack-grau-schwarz-245x300.jpg 245w\" sizes=\"(max-width: 335px) 100vw, 335px\" \/>Gleich beim ersten Anblick f\u00e4llt der Retro-Look auf. Augenscheinlich k\u00f6nnte man glauben, einen Rucksack aus der Mitte des vorigen Jahrhunderts vor sich zu haben. Das Design mit seinen vielf\u00e4ltigen Farbkombinationen erinnert stark an einen alten Deuter aus Baumwolle. Tats\u00e4chlich ist dieses Modell aber aus dem hoch entwickelten Material &#8222;600D Ripstop&#8220;. Die Mischung aus Polyester und Polyamid mit einer PU-Beschichtung ist besonders reissfest und bis zu 2000 mm Wassers\u00e4ule wasserfest. Beim Tragesystem setzt die bayerische Marke auf den bew\u00e4hrten Komfort der gepolsterten Schultertr\u00e4ger mit Soft-Edge-Abschl\u00fcssen. Eine perfekte Passform wird durch das V-f\u00f6rmige auseinanderlaufen der Schultertr\u00e4ger gew\u00e4hrleistet.<\/p>\n<p style=\"text-align: justify;\">Hier f\u00fchlen sich schmale wie breite Schultern wohl. Der stufenlos verstellbare Brustgurt sorgt f\u00fcr zus\u00e4tzliche Sicherheit. Die optimale R\u00fcckenbel\u00fcftung ist durch das Airstripes System garantiert. Eigentlich f\u00fcr sportliche Trekker konzipiert ist die Bel\u00fcftung von \u00fcber 80% der R\u00fcckenfl\u00e4che auch beim Rucksack f\u00fcr die Stadt ein dankbarer Luxus. Wer kommt im Sommer schon gerne mit einem schweissdurchtr\u00e4nkten R\u00fccken ins B\u00fcro oder die Vorlesung?<\/p>\n<p><center><img loading=\"lazy\" decoding=\"async\" class=\"alignnone wp-image-3339 size-full\" title=\"Deuter AC Lite 18 Rucksack | Farbe: Blau\/Gr\u00fcn\" src=\"https:\/\/www.schlanser.ch\/magazin\/wp-content\/uploads\/2017\/12\/Deuter-AC-Lite-18-Rucksack-blau-gruen.jpg\" alt=\"Deuter AC Lite 18 Rucksack blau gruen\" width=\"273\" height=\"350\" srcset=\"https:\/\/www.schlanser.ch\/magazin\/wp-content\/uploads\/2017\/12\/Deuter-AC-Lite-18-Rucksack-blau-gruen.jpg 273w, https:\/\/www.schlanser.ch\/magazin\/wp-content\/uploads\/2017\/12\/Deuter-AC-Lite-18-Rucksack-blau-gruen-234x300.jpg 234w\" sizes=\"(max-width: 273px) 100vw, 273px\" \/> <img loading=\"lazy\" decoding=\"async\" class=\"alignnone wp-image-3340 size-full\" title=\"Deuter AC Lite 18 Rucksack | Farbe: Schwarz\/Grau\" src=\"https:\/\/www.schlanser.ch\/magazin\/wp-content\/uploads\/2017\/12\/Deuter-AC-Lite-18-Rucksack-schwarz-grau.jpg\" alt=\"Deuter AC Lite 18 Rucksack schwarz grau\" width=\"273\" height=\"350\" srcset=\"https:\/\/www.schlanser.ch\/magazin\/wp-content\/uploads\/2017\/12\/Deuter-AC-Lite-18-Rucksack-schwarz-grau.jpg 273w, https:\/\/www.schlanser.ch\/magazin\/wp-content\/uploads\/2017\/12\/Deuter-AC-Lite-18-Rucksack-schwarz-grau-234x300.jpg 234w\" sizes=\"(max-width: 273px) 100vw, 273px\" \/><\/center><\/p>\n<h2>Deuter Walker 24 \u2013 der Arbeitskollege<\/h2>\n<p style=\"text-align: justify;\">Mit 24 Litern Volumen ist dies das gr\u00f6sste Walker-Modell. Was diesen Rucksack ganz klar von seinen kleineren Kollegen unterscheidet, ist das Laptopfach. Dieses ist im grossen Innenraum direkt am R\u00fccken angebracht.<\/p>\n<blockquote>\n<p style=\"text-align: justify;\">Es nimmt einen Laptop mit einer Gr\u00f6sse von bis zu 15,6 Zoll auf.<\/p>\n<\/blockquote>\n<p style=\"text-align: justify;\">Ideal f\u00fcr Leute, die den Laptop auch unterwegs nutzen, ist der seitliche Reissverschluss, \u00fcber den man den Laptop direkt entnehmen kann. Ein \u00d6ffnen des Deckels und W\u00fchlen im Hauptfach ist somit hinf\u00e4llig. Das Laptopfach bietet h\u00f6chste Sicherheit durch gute Polsterung und den Abstand zum Boden des Rucksacks. Selbst wenn Sie Ihr Gep\u00e4ck einmal etwas unsanft hinstellen sollten, wird der Laptop davon nichts mitbekommen.<\/p>\n<p style=\"text-align: justify;\"><img loading=\"lazy\" decoding=\"async\" class=\"alignleft wp-image-3306 size-full\" title=\"Deuter Walker 24 Rucksack | Farbe: Rot\/T\u00fcrkis\/Blau\" src=\"https:\/\/www.schlanser.ch\/magazin\/wp-content\/uploads\/2017\/12\/Deuter-Walker-24-Rucksack-rot-tuerkis-blau.jpg\" alt=\"Deuter Walker 24 Rucksack rot tuerkis blau\" width=\"335\" height=\"410\" srcset=\"https:\/\/www.schlanser.ch\/magazin\/wp-content\/uploads\/2017\/12\/Deuter-Walker-24-Rucksack-rot-tuerkis-blau.jpg 335w, https:\/\/www.schlanser.ch\/magazin\/wp-content\/uploads\/2017\/12\/Deuter-Walker-24-Rucksack-rot-tuerkis-blau-245x300.jpg 245w\" sizes=\"(max-width: 335px) 100vw, 335px\" \/>Dieses Modell wiegt 780 g und kommt standardm\u00e4ssig mit einem H\u00fcftgurt. Der Deckel wird mit 2 Schnallen verschlossen, die je nach F\u00fcllstand des Rucksacks in der L\u00e4nge variiert werden k\u00f6nnen. Im Organizerfach auf der Vorderseite bieten sich Ihnen diverse M\u00f6glichkeiten, kleine Utensilien gut aufger\u00e4umt unterzubringen. So finden Sie hier einen Schl\u00fcsselhalter und Sortierf\u00e4cher f\u00fcr Stifte und Smartphone. Auf der Aussenseite finden Sie eine elastische Aussentasche. Hier bringen Sie beispielsweise jederzeit greifbar eine Trinkflasche unter. Eine Aussentasche mit Reissverschluss befindet sich auf der anderen Seite. Hier sind Ladekabel oder anderes Zubeh\u00f6r sicher und schnell erreichbar untergebracht.<\/p>\n<h2>Deuter Walker 16 &amp; 20 \u2013 die leichten Alltagsbegleiter<\/h2>\n<p style=\"text-align: justify;\">Die beiden kleineren Walker unterscheiden sich nur hinsichtlich einiger weniger Aspekte. Was beide mit dem 24-Liter-Rucksack gemein haben, ist das Organizerfach an der Front. Lediglich bei der 16 Liter-Variante befindet sich der Schl\u00fcsselhalter nicht dort, sondern im Fach f\u00fcr Wertsachen. Dieses finden Sie bei beiden kleineren Modellen am oberen Ende des Hauptfachs. Mit einem Reissverschluss schliessen Sie hier wichtige Dinge, wie Pass, Geldbeutel oder USB-Stick sicher und gut erreichbar ein. Ebenfalls auf der R\u00fcckenseite im Hauptfach gibt es ein Dokumentenfach. In diesem sind Mappen, lose Bl\u00e4tter oder Briefe vor dem Verknittern gesch\u00fctzt.<\/p>\n<blockquote>\n<p style=\"text-align: justify;\">F\u00fcr Trinkflaschen und andere Dinge, die Sie ohne \u00d6ffnen des Rucksacks erreichen m\u00f6chten, finden sich aussen beidseitig elastische Taschen.<\/p>\n<\/blockquote>\n<p style=\"text-align: justify;\">Hinsichtlich des Leergewichts unterscheiden sich die beiden Rucks\u00e4cke nur um 120 g. So wiegen die 20 Liter-Version 640 g und das 16 Liter-Modell 520 g. Beide kommen ohne H\u00fcftgurt. Beim Walker 20 l\u00e4sst sich dieser bei Bedarf aber nachr\u00fcsten. Ein optisch sehr pr\u00e4gnanter Unterschied ist, dass der gr\u00f6ssere Rucksack mit zwei, der kleinere nur mit einer Schnalle verschlossen wird.<\/p>\n<h2><img loading=\"lazy\" decoding=\"async\" class=\"wp-image-3322 size-full alignleft\" title=\"Deuter Walker Rucksack mit Laptopfach\" src=\"https:\/\/www.schlanser.ch\/magazin\/wp-content\/uploads\/2017\/12\/Deuter-Walker-Rucksack-mit-Laptopfach.jpg\" alt=\"Deuter Walker Rucksack mit Laptopfach\" width=\"319\" height=\"390\" srcset=\"https:\/\/www.schlanser.ch\/magazin\/wp-content\/uploads\/2017\/12\/Deuter-Walker-Rucksack-mit-Laptopfach.jpg 319w, https:\/\/www.schlanser.ch\/magazin\/wp-content\/uploads\/2017\/12\/Deuter-Walker-Rucksack-mit-Laptopfach-245x300.jpg 245w\" sizes=\"(max-width: 319px) 100vw, 319px\" \/>Res\u00fcmee zum City-Walker<\/h2>\n<p style=\"text-align: justify;\">Alles in allem ist jede der drei Varianten ein sehr angenehmer Begleiter im Alltag und auf kleinen Ausfl\u00fcgen. Sind Hand- oder Umh\u00e4ngetaschen heutzutage f\u00fcr den Berufsalltag untauglich geworden, springt der Deuter Walker als neuer allt\u00e4glicher Begleiter ein. Er verteilt das Gewicht von Laptop, Unterlagen, B\u00fcchern und Snacks angenehm auf beiden Schultern und gegebenenfalls auf der H\u00fcfte. Gut gesch\u00fctzt und sortiert ist zudem alles, was Sie mit sich herumtragen. Verlieren oder Nicht-Finden gibt es mit diesen Rucks\u00e4cken nicht. Nun m\u00fcssen Sie sich nur noch f\u00fcr eine Gr\u00f6sse und Ihre Lieblingsfarbe entscheiden!<\/p>\n","protected":false},"excerpt":{"rendered":"<p>\u00ab Urbaner Trekkingrucksack in 3 Gr\u00f6ssen \u00bb Der Name &#8222;Deuter&#8220; ist nicht nur unter Outdoorfans und Trekkingabenteurern weithin bekannt. Das Unternehmen produziert zwar hochwertige Rucks\u00e4cke und Schlafs\u00e4cke f\u00fcr die anspruchsvollsten Touren, bietet aber zugleich auch Modelle f\u00fcr den eher allt\u00e4glichen Gebrauch an. Mit dem Deuter Walker Trekkingrucksack findet sich nun ein praktischer Stadtrucksack auf dem &hellip;<\/p>\n","protected":false},"author":1,"featured_media":3342,"comment_status":"closed","ping_status":"open","sticky":false,"template":"","format":"standard","meta":{"footnotes":""},"categories":[3],"tags":[54,237,52,234,236],"yoast_head":"<!-- This site is optimized with the Yoast SEO plugin v22.2 - https:\/\/yoast.com\/wordpress\/plugins\/seo\/ -->\n<title>Neu im Shop: Deuter Walker - Schlanser Magazin<\/title>\n<meta name=\"description\" content=\"Das Schlanser Magazin zeigt mit dem Deuter Walker einen neuen, vielseitigen Rucksack der bekannten Outdoormarke! Welche Gr\u00f6sse f\u00fcr welchen Zweck \u2714\" \/>\n<meta name=\"robots\" content=\"noindex, follow\" \/>\n<meta property=\"og:locale\" content=\"de_DE\" \/>\n<meta property=\"og:type\" content=\"article\" \/>\n<meta property=\"og:title\" content=\"Neu im Shop: Deuter Walker - Schlanser Magazin\" \/>\n<meta property=\"og:description\" content=\"Das Schlanser Magazin zeigt mit dem Deuter Walker einen neuen, vielseitigen Rucksack der bekannten Outdoormarke! Welche Gr\u00f6sse f\u00fcr welchen Zweck \u2714\" \/>\n<meta property=\"og:url\" content=\"https:\/\/www.schlanser.ch\/magazin\/deuter-walker\/\" \/>\n<meta property=\"og:site_name\" content=\"Schlanser Magazin\" \/>\n<meta property=\"article:published_time\" content=\"2017-12-01T09:51:24+00:00\" \/>\n<meta property=\"article:modified_time\" content=\"2023-01-10T12:04:16+00:00\" \/>\n<meta property=\"og:image\" content=\"https:\/\/www.schlanser.ch\/magazin\/wp-content\/uploads\/2017\/12\/Deuter-Walker.jpg\" \/>\n\t<meta property=\"og:image:width\" content=\"660\" \/>\n\t<meta property=\"og:image:height\" content=\"330\" \/>\n\t<meta property=\"og:image:type\" content=\"image\/jpeg\" \/>\n<meta name=\"author\" content=\"admin\" \/>\n<meta name=\"twitter:card\" content=\"summary_large_image\" \/>\n<meta name=\"twitter:label1\" content=\"Verfasst von\" \/>\n\t<meta name=\"twitter:data1\" content=\"admin\" \/>\n\t<meta name=\"twitter:label2\" content=\"Gesch\u00e4tzte Lesezeit\" \/>\n\t<meta name=\"twitter:data2\" content=\"7 Minuten\" \/>\n<script type=\"application\/ld+json\" class=\"yoast-schema-graph\">{\"@context\":\"https:\/\/schema.org\",\"@graph\":[{\"@type\":\"WebPage\",\"@id\":\"https:\/\/www.schlanser.ch\/magazin\/deuter-walker\/\",\"url\":\"https:\/\/www.schlanser.ch\/magazin\/deuter-walker\/\",\"name\":\"Neu im Shop: Deuter Walker - Schlanser Magazin\",\"isPartOf\":{\"@id\":\"https:\/\/www.schlanser.ch\/magazin\/#website\"},\"primaryImageOfPage\":{\"@id\":\"https:\/\/www.schlanser.ch\/magazin\/deuter-walker\/#primaryimage\"},\"image\":{\"@id\":\"https:\/\/www.schlanser.ch\/magazin\/deuter-walker\/#primaryimage\"},\"thumbnailUrl\":\"https:\/\/www.schlanser.ch\/magazin\/wp-content\/uploads\/2017\/12\/Deuter-Walker.jpg\",\"datePublished\":\"2017-12-01T09:51:24+00:00\",\"dateModified\":\"2023-01-10T12:04:16+00:00\",\"author\":{\"@id\":\"https:\/\/www.schlanser.ch\/magazin\/#\/schema\/person\/000db0a103eb2594ba3daf394b1dfea2\"},\"description\":\"Das Schlanser Magazin zeigt mit dem Deuter Walker einen neuen, vielseitigen Rucksack der bekannten Outdoormarke! Welche Gr\u00f6sse f\u00fcr welchen Zweck \u2714\",\"breadcrumb\":{\"@id\":\"https:\/\/www.schlanser.ch\/magazin\/deuter-walker\/#breadcrumb\"},\"inLanguage\":\"de-DE\",\"potentialAction\":[{\"@type\":\"ReadAction\",\"target\":[\"https:\/\/www.schlanser.ch\/magazin\/deuter-walker\/\"]}]},{\"@type\":\"ImageObject\",\"inLanguage\":\"de-DE\",\"@id\":\"https:\/\/www.schlanser.ch\/magazin\/deuter-walker\/#primaryimage\",\"url\":\"https:\/\/www.schlanser.ch\/magazin\/wp-content\/uploads\/2017\/12\/Deuter-Walker.jpg\",\"contentUrl\":\"https:\/\/www.schlanser.ch\/magazin\/wp-content\/uploads\/2017\/12\/Deuter-Walker.jpg\",\"width\":660,\"height\":330},{\"@type\":\"BreadcrumbList\",\"@id\":\"https:\/\/www.schlanser.ch\/magazin\/deuter-walker\/#breadcrumb\",\"itemListElement\":[{\"@type\":\"ListItem\",\"position\":1,\"name\":\"Startseite\",\"item\":\"https:\/\/www.schlanser.ch\/magazin\/\"},{\"@type\":\"ListItem\",\"position\":2,\"name\":\"Neu im Shop: Deuter Walker\"}]},{\"@type\":\"WebSite\",\"@id\":\"https:\/\/www.schlanser.ch\/magazin\/#website\",\"url\":\"https:\/\/www.schlanser.ch\/magazin\/\",\"name\":\"Schlanser Magazin\",\"description\":\"\",\"potentialAction\":[{\"@type\":\"SearchAction\",\"target\":{\"@type\":\"EntryPoint\",\"urlTemplate\":\"https:\/\/www.schlanser.ch\/magazin\/?s={search_term_string}\"},\"query-input\":\"required name=search_term_string\"}],\"inLanguage\":\"de-DE\"},{\"@type\":\"Person\",\"@id\":\"https:\/\/www.schlanser.ch\/magazin\/#\/schema\/person\/000db0a103eb2594ba3daf394b1dfea2\",\"name\":\"admin\",\"image\":{\"@type\":\"ImageObject\",\"inLanguage\":\"de-DE\",\"@id\":\"https:\/\/www.schlanser.ch\/magazin\/#\/schema\/person\/image\/\",\"url\":\"https:\/\/secure.gravatar.com\/avatar\/a794a4fe8a9b9c52241597eb381dfa2e?s=96&d=mm&r=g\",\"contentUrl\":\"https:\/\/secure.gravatar.com\/avatar\/a794a4fe8a9b9c52241597eb381dfa2e?s=96&d=mm&r=g\",\"caption\":\"admin\"}}]}<\/script>\n<!-- \/ Yoast SEO plugin. -->","yoast_head_json":{"title":"Neu im Shop: Deuter Walker - Schlanser Magazin","description":"Das Schlanser Magazin zeigt mit dem Deuter Walker einen neuen, vielseitigen Rucksack der bekannten Outdoormarke! Welche Gr\u00f6sse f\u00fcr welchen Zweck \u2714","robots":{"index":"noindex","follow":"follow"},"og_locale":"de_DE","og_type":"article","og_title":"Neu im Shop: Deuter Walker - Schlanser Magazin","og_description":"Das Schlanser Magazin zeigt mit dem Deuter Walker einen neuen, vielseitigen Rucksack der bekannten Outdoormarke! Welche Gr\u00f6sse f\u00fcr welchen Zweck \u2714","og_url":"https:\/\/www.schlanser.ch\/magazin\/deuter-walker\/","og_site_name":"Schlanser Magazin","article_published_time":"2017-12-01T09:51:24+00:00","article_modified_time":"2023-01-10T12:04:16+00:00","og_image":[{"width":660,"height":330,"url":"https:\/\/www.schlanser.ch\/magazin\/wp-content\/uploads\/2017\/12\/Deuter-Walker.jpg","type":"image\/jpeg"}],"author":"admin","twitter_card":"summary_large_image","twitter_misc":{"Verfasst von":"admin","Gesch\u00e4tzte Lesezeit":"7 Minuten"},"schema":{"@context":"https:\/\/schema.org","@graph":[{"@type":"WebPage","@id":"https:\/\/www.schlanser.ch\/magazin\/deuter-walker\/","url":"https:\/\/www.schlanser.ch\/magazin\/deuter-walker\/","name":"Neu im Shop: Deuter Walker - Schlanser Magazin","isPartOf":{"@id":"https:\/\/www.schlanser.ch\/magazin\/#website"},"primaryImageOfPage":{"@id":"https:\/\/www.schlanser.ch\/magazin\/deuter-walker\/#primaryimage"},"image":{"@id":"https:\/\/www.schlanser.ch\/magazin\/deuter-walker\/#primaryimage"},"thumbnailUrl":"https:\/\/www.schlanser.ch\/magazin\/wp-content\/uploads\/2017\/12\/Deuter-Walker.jpg","datePublished":"2017-12-01T09:51:24+00:00","dateModified":"2023-01-10T12:04:16+00:00","author":{"@id":"https:\/\/www.schlanser.ch\/magazin\/#\/schema\/person\/000db0a103eb2594ba3daf394b1dfea2"},"description":"Das Schlanser Magazin zeigt mit dem Deuter Walker einen neuen, vielseitigen Rucksack der bekannten Outdoormarke! Welche Gr\u00f6sse f\u00fcr welchen Zweck \u2714","breadcrumb":{"@id":"https:\/\/www.schlanser.ch\/magazin\/deuter-walker\/#breadcrumb"},"inLanguage":"de-DE","potentialAction":[{"@type":"ReadAction","target":["https:\/\/www.schlanser.ch\/magazin\/deuter-walker\/"]}]},{"@type":"ImageObject","inLanguage":"de-DE","@id":"https:\/\/www.schlanser.ch\/magazin\/deuter-walker\/#primaryimage","url":"https:\/\/www.schlanser.ch\/magazin\/wp-content\/uploads\/2017\/12\/Deuter-Walker.jpg","contentUrl":"https:\/\/www.schlanser.ch\/magazin\/wp-content\/uploads\/2017\/12\/Deuter-Walker.jpg","width":660,"height":330},{"@type":"BreadcrumbList","@id":"https:\/\/www.schlanser.ch\/magazin\/deuter-walker\/#breadcrumb","itemListElement":[{"@type":"ListItem","position":1,"name":"Startseite","item":"https:\/\/www.schlanser.ch\/magazin\/"},{"@type":"ListItem","position":2,"name":"Neu im Shop: Deuter Walker"}]},{"@type":"WebSite","@id":"https:\/\/www.schlanser.ch\/magazin\/#website","url":"https:\/\/www.schlanser.ch\/magazin\/","name":"Schlanser Magazin","description":"","potentialAction":[{"@type":"SearchAction","target":{"@type":"EntryPoint","urlTemplate":"https:\/\/www.schlanser.ch\/magazin\/?s={search_term_string}"},"query-input":"required name=search_term_string"}],"inLanguage":"de-DE"},{"@type":"Person","@id":"https:\/\/www.schlanser.ch\/magazin\/#\/schema\/person\/000db0a103eb2594ba3daf394b1dfea2","name":"admin","image":{"@type":"ImageObject","inLanguage":"de-DE","@id":"https:\/\/www.schlanser.ch\/magazin\/#\/schema\/person\/image\/","url":"https:\/\/secure.gravatar.com\/avatar\/a794a4fe8a9b9c52241597eb381dfa2e?s=96&d=mm&r=g","contentUrl":"https:\/\/secure.gravatar.com\/avatar\/a794a4fe8a9b9c52241597eb381dfa2e?s=96&d=mm&r=g","caption":"admin"}}]}},"_links":{"self":[{"href":"https:\/\/www.schlanser.ch\/magazin\/wp-json\/wp\/v2\/posts\/3295"}],"collection":[{"href":"https:\/\/www.schlanser.ch\/magazin\/wp-json\/wp\/v2\/posts"}],"about":[{"href":"https:\/\/www.schlanser.ch\/magazin\/wp-json\/wp\/v2\/types\/post"}],"author":[{"embeddable":true,"href":"https:\/\/www.schlanser.ch\/magazin\/wp-json\/wp\/v2\/users\/1"}],"replies":[{"embeddable":true,"href":"https:\/\/www.schlanser.ch\/magazin\/wp-json\/wp\/v2\/comments?post=3295"}],"version-history":[{"count":43,"href":"https:\/\/www.schlanser.ch\/magazin\/wp-json\/wp\/v2\/posts\/3295\/revisions"}],"predecessor-version":[{"id":12564,"href":"https:\/\/www.schlanser.ch\/magazin\/wp-json\/wp\/v2\/posts\/3295\/revisions\/12564"}],"wp:featuredmedia":[{"embeddable":true,"href":"https:\/\/www.schlanser.ch\/magazin\/wp-json\/wp\/v2\/media\/3342"}],"wp:attachment":[{"href":"https:\/\/www.schlanser.ch\/magazin\/wp-json\/wp\/v2\/media?parent=3295"}],"wp:term":[{"taxonomy":"category","embeddable":true,"href":"https:\/\/www.schlanser.ch\/magazin\/wp-json\/wp\/v2\/categories?post=3295"},{"taxonomy":"post_tag","embeddable":true,"href":"https:\/\/www.schlanser.ch\/magazin\/wp-json\/wp\/v2\/tags?post=3295"}],"curies":[{"name":"wp","href":"https:\/\/api.w.org\/{rel}","templated":true}]}}