{"id":331,"date":"2025-09-19T10:20:18","date_gmt":"2025-09-19T08:20:18","guid":{"rendered":"https:\/\/www.schlanser.ch\/magazin\/?p=331"},"modified":"2026-02-05T12:06:48","modified_gmt":"2026-02-05T11:06:48","slug":"camping-an-der-noerdlichen-adria","status":"publish","type":"post","link":"https:\/\/www.schlanser.ch\/magazin\/camping-an-der-noerdlichen-adria\/","title":{"rendered":"Camping an der Adria"},"content":{"rendered":"<h2>\u00ab Mit dem Wohnmobil rund um die Adria: Von Brindisi bis Albanien \u00bb<\/h2>\n<p style=\"text-align: justify;\"><strong>Es geh\u00f6rt zu den Vorz\u00fcgen einer Reise mit dem Wohnmobil, ortsungebunden zu sein und innerhalb weniger Wochen zahlreiche Stationen erleben zu k\u00f6nnen. Viele steuern zum <a href=\"https:\/\/www.schlanser.ch\/magazin\/campingplaetze-in-italien\/\">Camping Italien<\/a> an, wo sich Kunst, Kultur und Lebensart spielerisch miteinander verbinden. <strong>Camping an der Adria<\/strong> bietet dabei eine faszinierende Route: Von Brindisi in S\u00fcditalien f\u00fchrt die Reise nordw\u00e4rts \u00fcber Rimini und Trieste nach Kroatien, um dann s\u00fcdw\u00e4rts \u00fcber Montenegro bis nach Albanien zu f\u00fchren. Diese Route um das adriatische Meer vereint f\u00fcnf L\u00e4nder, traumhafte Str\u00e4nde und herrliche Landschaften mit reicher Kultur und Geschichte.<\/strong><\/p>\n<figure id=\"attachment_18907\" aria-describedby=\"caption-attachment-18907\" style=\"width: 660px\" class=\"wp-caption aligncenter\"><img loading=\"lazy\" decoding=\"async\" class=\"wp-image-18907 size-full\" title=\"Traumziel Adria, neue Urlaubsziele und Altbew\u00e4hrtes auf unserer Rundreise\" src=\"https:\/\/www.schlanser.ch\/magazin\/wp-content\/uploads\/2025\/10\/Camping-Adria-Italien-Kroatien-Slowenien-Albanien-Montenegro-1.jpg\" alt=\"Blick auf den Adria-Raum auf einer 3D Karte\" width=\"660\" height=\"370\" srcset=\"https:\/\/www.schlanser.ch\/magazin\/wp-content\/uploads\/2025\/10\/Camping-Adria-Italien-Kroatien-Slowenien-Albanien-Montenegro-1.jpg 660w, https:\/\/www.schlanser.ch\/magazin\/wp-content\/uploads\/2025\/10\/Camping-Adria-Italien-Kroatien-Slowenien-Albanien-Montenegro-1-300x168.jpg 300w\" sizes=\"(max-width: 660px) 100vw, 660px\" \/><figcaption id=\"caption-attachment-18907\" class=\"wp-caption-text\">\u00a9 Rai &#8211; stock.adobe.com<\/figcaption><\/figure>\n<h2>Camping an der Adria \u2013 Paradies f\u00fcr Campingfreunde<\/h2>\n<p style=\"text-align: justify;\">Die Route entlang der <strong>Adria<\/strong> umfasst etwa 1.500 Kilometer und f\u00fchrt durch f\u00fcnf faszinierende L\u00e4nder. Das adriatische Meer erstreckt sich \u00fcber mehr als 800 Kilometer L\u00e4nge. Camping an der Adria bedeutet dabei extreme Vielfalt: Von den apulischen Olivenhainen S\u00fcditaliens \u00fcber die langen Sandstr\u00e4nde der italienischen Riviera, die gepflegte slowenische K\u00fcste, die Inselwelt Kroatiens, die fjordartigen Buchten Montenegros bis zu den unber\u00fchrten Str\u00e4nden Albaniens. Die sch\u00f6nsten Campingpl\u00e4tze an der Adria liegen direkt am Meer, oft mit eigenem Strandzugang.<\/p>\n<p><a href=\"https:\/\/www.schlanser.ch\/zelte\/markisen-sonnensegel\/markisenzelte-waende\/\"><img loading=\"lazy\" decoding=\"async\" class=\"aligncenter wp-image-18675 size-large\" title=\"Wigo Rolli Plus Modul Markisenzelt - Komplett Set oder als Einzel Module bestellbar.\" src=\"https:\/\/www.schlanser.ch\/magazin\/wp-content\/uploads\/2017\/03\/wigo-rolli-plus-panoramic-300-12-volleingezogenes-markisenzelt-1024x640.jpg\" alt=\"Wigo Rolli Plus Modul Markisenzelt\" width=\"618\" height=\"386\" \/><\/a><\/p>\n<p style=\"text-align: justify;\">Geniessen Sie einzelne Highlights oder w\u00e4hlen individuelle Etappen f\u00fcr Ihre Ferien mit mediterranem Flair, wenn die Zeit f\u00fcr die ganze Tour nicht ausreicht. Einstieg und Ausstieg sind praktisch an jeder Station m\u00f6glich. Die Fahrt eignet sich f\u00fcr Campingfreunde, die mit Wohnmobil oder Wohnwagen unterwegs sind. Mit dem <a href=\"https:\/\/www.schlanser.ch\/zelte\/\">Zelt<\/a> sind Sie \u00fcberall an der Adria ebenso herzlich willkommen.<\/p>\n<h2>Etappe 1: Brindisi &#8211; Wo die grosse Adria-Reise beginnt<\/h2>\n<h3>Brindisi &#8211; Tor zum Salento<\/h3>\n<p style=\"text-align: justify;\">Brindisi, der bedeutende F\u00e4hrhafen an der S\u00fcdspitze der italienischen Adria, ist der ideale Startpunkt f\u00fcr diese grosse Reise. Camping in Italien an der Adria beginnt hier in Apulien, wo die historische Hafenstadt bereits in der Antike ein wichtiger Handelsplatz war. Von hier aus f\u00fchrte die Via Appia nach Rom. Campingpl\u00e4tze in der Umgebung bieten ideale Bedingungen f\u00fcr die Erkundung des Salento, der s\u00fcdlichsten Spitze Apuliens. Die Str\u00e4nde werden hier zunehmend karibischer mit t\u00fcrkisblauem Wasser und feinem Sand.<\/p>\n<figure id=\"attachment_18913\" aria-describedby=\"caption-attachment-18913\" style=\"width: 660px\" class=\"wp-caption aligncenter\"><img loading=\"lazy\" decoding=\"async\" class=\"wp-image-18913 size-full\" title=\"Der S\u00fcden Italiens, wundersch\u00f6n und im Sommer sehr hei\u00df\" src=\"https:\/\/www.schlanser.ch\/magazin\/wp-content\/uploads\/2025\/10\/Camping-Adria-Italien-Kroatien-Slowenien-Albanien-Montenegro-2.jpg\" alt=\"Blick auf Brindisi\" width=\"660\" height=\"440\" srcset=\"https:\/\/www.schlanser.ch\/magazin\/wp-content\/uploads\/2025\/10\/Camping-Adria-Italien-Kroatien-Slowenien-Albanien-Montenegro-2.jpg 660w, https:\/\/www.schlanser.ch\/magazin\/wp-content\/uploads\/2025\/10\/Camping-Adria-Italien-Kroatien-Slowenien-Albanien-Montenegro-2-300x200.jpg 300w\" sizes=\"(max-width: 660px) 100vw, 660px\" \/><figcaption id=\"caption-attachment-18913\" class=\"wp-caption-text\">\u00a9 eunikas &#8211; stock.adobe.com<\/figcaption><\/figure>\n<h3>Bari &#8211; Apuliens Hauptstadt<\/h3>\n<p style=\"text-align: justify;\">Etwa 120 Kilometer n\u00f6rdlich liegt Bari, die Hauptstadt Apuliens. Die Stadt bietet eine faszinierende Mischung aus Geschichte und Moderne. Die Altstadt mit ihren engen Gassen und die beeindruckende Basilika San Nicola sind einen Besuch wert. Campingpl\u00e4tze an der Adria in der Umgebung von Bari punkten mit ihrer N\u00e4he zu den ber\u00fchmten Trulli von Alberobello und den weissen St\u00e4dtchen des Valle d&#8217;Itria. Die K\u00fcste bietet hier kilometerlange Sandstr\u00e4nde und kristallklares Wasser.<\/p>\n<p><a href=\"https:\/\/www.schlanser.ch\/wohnwagenvorzelte\/vorzelte\/zelte\/516926\/berger-garda-air-4-season-aufblasbares-vorzelt-fuer-wohnwagen\"><img loading=\"lazy\" decoding=\"async\" class=\"aligncenter wp-image-3623 size-full\" title=\"Ein Teilvorzelt f\u00fcr jedes Wetter und jede Jahreszeit - ist das ideale Reisevorzelt f\u00fcr spontane Kurztrips und entspannte Campingtage\" src=\"https:\/\/www.schlanser.ch\/magazin\/wp-content\/uploads\/2017\/12\/Berger-Wohnwagenvorzelt-Garda-Deluxe.jpg\" alt=\"Berger Garda Air 4-Season aufblasbares Vorzelt f\u00fcr Wohnwagen\" width=\"600\" height=\"375\" srcset=\"https:\/\/www.schlanser.ch\/magazin\/wp-content\/uploads\/2017\/12\/Berger-Wohnwagenvorzelt-Garda-Deluxe.jpg 600w, https:\/\/www.schlanser.ch\/magazin\/wp-content\/uploads\/2017\/12\/Berger-Wohnwagenvorzelt-Garda-Deluxe-300x188.jpg 300w\" sizes=\"(max-width: 600px) 100vw, 600px\" \/><\/a><\/p>\n<h3>Pescara &#8211; Abruzzos Adriaperle<\/h3>\n<p style=\"text-align: justify;\">Weiter n\u00f6rdlich erreichen wir Pescara, die gr\u00f6sste Stadt an der Abruzzen-K\u00fcste. Die Stadt verbindet Strandleben mit urbanem Flair. Die langen Sandstr\u00e4nde und die lebhafte Strandpromenade machen Pescara zu einem beliebten Ziel f\u00fcr Camping an der Adria. Von hier aus lassen sich die nahegelegenen Nationalparks der Abruzzen erkunden, die ein einzigartiges Naturerlebnis bieten. Mehrere gut ausgestattete Campingpl\u00e4tze liegen sowohl direkt am Meer als auch im Hinterland.<\/p>\n<figure id=\"attachment_18910\" aria-describedby=\"caption-attachment-18910\" style=\"width: 660px\" class=\"wp-caption aligncenter\"><img loading=\"lazy\" decoding=\"async\" class=\"wp-image-18910 size-full\" title=\"Untersch\u00e4tzte Perle der s\u00fcdlichen italienischen Adria\" src=\"https:\/\/www.schlanser.ch\/magazin\/wp-content\/uploads\/2025\/10\/Camping-Adria-Italien-Kroatien-Slowenien-Albanien-Montenegro-5.jpg\" alt=\"Blick mit der Drohne auf Pescara und den Strand\" width=\"660\" height=\"399\" srcset=\"https:\/\/www.schlanser.ch\/magazin\/wp-content\/uploads\/2025\/10\/Camping-Adria-Italien-Kroatien-Slowenien-Albanien-Montenegro-5.jpg 660w, https:\/\/www.schlanser.ch\/magazin\/wp-content\/uploads\/2025\/10\/Camping-Adria-Italien-Kroatien-Slowenien-Albanien-Montenegro-5-300x181.jpg 300w\" sizes=\"(max-width: 660px) 100vw, 660px\" \/><figcaption id=\"caption-attachment-18910\" class=\"wp-caption-text\">\u00a9 Andrew Mayovskyy &#8211; stock.adobe.com<\/figcaption><\/figure>\n<h3>Ancona &#8211; Hafenstadt mit Geschichte<\/h3>\n<p style=\"text-align: justify;\">Die Hafenstadt Ancona liegt malerisch an einem H\u00fcgel und bietet einen spektakul\u00e4ren Blick auf das adriatische Meer. Mehrere Campingpl\u00e4tze in der Umgebung dienen als Zwischenstopp auf dem Weg nach Norden. Die Riviera del Conero s\u00fcdlich von Ancona gilt als eine der sch\u00f6nsten K\u00fcstenabschnitte Italiens mit kristallklarem Wasser und versteckten Buchten.<\/p>\n<h2>Etappe 2: Camping in Italien &#8211; Rimini und die Emilia-Romagna<\/h2>\n<p style=\"text-align: justify;\">In der Region Emilia-Romagna ist der Fremdenverkehr vorbildlich auf Touristen vorbereitet und weist entsprechend viele und gut ausgestattete Campingpl\u00e4tze auf. Camping in Italien an der Adria zeigt sich hier von seiner besten Seite: Pl\u00e4tze sind das ganze Jahr \u00fcber ge\u00f6ffnet und zahlreiche Attraktionen erwarten die Besucher. Darunter Themen- und Vergn\u00fcgungsparks sowie Zeugen der Geschichte Riminis, das als r\u00f6mische Kolonie gegr\u00fcndet wurde.<\/p>\n<figure id=\"attachment_336\" aria-describedby=\"caption-attachment-336\" style=\"width: 600px\" class=\"wp-caption aligncenter\"><img loading=\"lazy\" decoding=\"async\" class=\"wp-image-336 size-full\" title=\"Blick auf Emilia-Romagna\" src=\"https:\/\/www.schlanser.ch\/magazin\/wp-content\/uploads\/2016\/11\/Blick-auf-Emilia-Romagna.jpg\" alt=\"\u00a9 Mi.Ti. \/ Fotolia.com\" width=\"600\" height=\"399\" srcset=\"https:\/\/www.schlanser.ch\/magazin\/wp-content\/uploads\/2016\/11\/Blick-auf-Emilia-Romagna.jpg 600w, https:\/\/www.schlanser.ch\/magazin\/wp-content\/uploads\/2016\/11\/Blick-auf-Emilia-Romagna-300x200.jpg 300w, https:\/\/www.schlanser.ch\/magazin\/wp-content\/uploads\/2016\/11\/Blick-auf-Emilia-Romagna-310x205.jpg 310w\" sizes=\"(max-width: 600px) 100vw, 600px\" \/><figcaption id=\"caption-attachment-336\" class=\"wp-caption-text\">\u00a9 Mi.Ti. \/ Fotolia.com<\/figcaption><\/figure>\n<p style=\"text-align: justify;\">Anziehungspunkt Nummer 1 in Rimini sind jedoch die langen Str\u00e4nde der Adria, die sich scheinbar bis ins Endlose erstrecken. Die Suche im Internet nach &#8222;Camping Rimini&#8220; f\u00fchrt zu zahlreichen Anbietern. Trotz der grossen Auswahl ist eine fr\u00fchzeitige Buchung in der Hauptreisezeit empfehlenswert. Neben dem Leben am Adria-Badestrand erwartet eine kulturell vielf\u00e4ltige Stadt ihre Besucher mit einem ansprechenden Unterhaltungsprogramm f\u00fcr jeden Geschmack.<\/p>\n<h2>Von Rimini nach Cavallino &#8211; Venetiens K\u00fcste<\/h2>\n<p style=\"text-align: justify;\">Von Rimini aus f\u00fchrt die Route nordw\u00e4rts entlang namhafter italienischer St\u00e4dte wie Ravenna und ber\u00fchrt einige Regionalparks. Wer einen Stopp einlegen und sich in der freien Natur die Beine vertreten will, hat daf\u00fcr im Regionalpark Podelta Gelegenheit. Die Strasse f\u00fchrt direkt hindurch. Von hier aus sind es nur noch wenige Kilometer, bis die Sch\u00f6nheit Venezia in Sicht kommt.<\/p>\n<figure id=\"attachment_345\" aria-describedby=\"caption-attachment-345\" style=\"width: 600px\" class=\"wp-caption aligncenter\"><img loading=\"lazy\" decoding=\"async\" class=\"wp-image-345 size-full\" title=\"Canal Grande in Venedig\" src=\"https:\/\/www.schlanser.ch\/magazin\/wp-content\/uploads\/2016\/11\/Canal-Grande-in-Venedig.jpg\" alt=\"\u00a9 conorcrowe \/ Fotolia.com\" width=\"600\" height=\"409\" srcset=\"https:\/\/www.schlanser.ch\/magazin\/wp-content\/uploads\/2016\/11\/Canal-Grande-in-Venedig.jpg 600w, https:\/\/www.schlanser.ch\/magazin\/wp-content\/uploads\/2016\/11\/Canal-Grande-in-Venedig-300x205.jpg 300w, https:\/\/www.schlanser.ch\/magazin\/wp-content\/uploads\/2016\/11\/Canal-Grande-in-Venedig-110x75.jpg 110w\" sizes=\"(max-width: 600px) 100vw, 600px\" \/><figcaption id=\"caption-attachment-345\" class=\"wp-caption-text\">\u00a9 conorcrowe \/ Fotolia.com<\/figcaption><\/figure>\n<p style=\"text-align: justify;\">Die Laguneninsel ist mit dem Festland \u00fcber eine feste Verkehrsanbindung verbunden. Schon hier sind zahlreiche Campingpl\u00e4tze vorhanden, die sich inmitten einer dicht besiedelten Landschaft finden. Wer keinen Abstecher nach Padua plant, f\u00e4hrt durch bis nach Cavallino, um von dort aus Venedig mit der F\u00e4hre zu erreichen.<\/p>\n<h2>Halbinsel-Feeling auf dem Litoral: Camping Cavallino<\/h2>\n<p style=\"text-align: justify;\">Cavallino ist eine der Halbinseln der venezianischen Lagune an der Adria. Wer sich auf der Landzunge aufh\u00e4lt, ist umgeben von Meer. Mit wenigen Schritten ist der Strand der langen, aber schmalen Insel erreichbar. Wie auf einer Perlenschnur reihen sich die Campingpl\u00e4tze an der K\u00fcste aneinander. Das Angebot ist vor allem auf Familien zugeschnitten. Naturliebhaber kommen abseits des Trubels auf ihre Kosten. Ausfl\u00fcge f\u00fchren zum Beispiel ins Inselinnere. Die fruchtbaren B\u00f6den auf Cavallino dienen dem Anbau von Gem\u00fcse, das hier besonders frisch auf den Tisch kommt.<\/p>\n<figure id=\"attachment_384\" aria-describedby=\"caption-attachment-384\" style=\"width: 600px\" class=\"wp-caption aligncenter\"><img loading=\"lazy\" decoding=\"async\" class=\"wp-image-384 size-full\" title=\"Leuchtturm von Jesolo in Cavallino\" src=\"https:\/\/www.schlanser.ch\/magazin\/wp-content\/uploads\/2016\/10\/Leuchtturm-von-Jesolo-in-Cavallino.jpg\" alt=\"\u00a9 B. Plank\/ imBILDE.at \/ Fotolia.com\" width=\"600\" height=\"338\" srcset=\"https:\/\/www.schlanser.ch\/magazin\/wp-content\/uploads\/2016\/10\/Leuchtturm-von-Jesolo-in-Cavallino.jpg 600w, https:\/\/www.schlanser.ch\/magazin\/wp-content\/uploads\/2016\/10\/Leuchtturm-von-Jesolo-in-Cavallino-300x169.jpg 300w\" sizes=\"(max-width: 600px) 100vw, 600px\" \/><figcaption id=\"caption-attachment-384\" class=\"wp-caption-text\">\u00a9 B. Plank\/ imBILDE.at \/ Fotolia.com<\/figcaption><\/figure>\n<p style=\"text-align: justify;\">Von der wechselvollen Geschichte Cavallinos erz\u00e4hlen historische Geb\u00e4ude und architektonische Funde wie Mosaikb\u00f6den und r\u00f6mische Patrizierh\u00e4user. Eine \u00fcppige Vegetation s\u00e4umt die Lagune und l\u00e4dt zu Spazierg\u00e4ngen am weitl\u00e4ufigen Strand ein.<\/p>\n<h2>Venedig sehen \u2013 und im Camper \u00fcbernachten<\/h2>\n<p style=\"text-align: justify;\">Die einzigartige Stadt wurde so oft fotografiert und gefilmt, dass mancher meinen mag, Venedig bereits zu kennen, ohne jemals dort gewesen zu sein. Vermutlich wurde \u00fcber die Lagunenstadt auch schon alles gesagt. Trotzdem darf die ungew\u00f6hnliche Metropole beim Camping an der Adria nicht am Wegesrand liegen bleiben. Der pers\u00f6nliche Eindruck ist schliesslich durch nichts zu ersetzen. Gef\u00fchrte Touren befriedigen den Wissensdurst der Besucher. Wer sich auf eigene Faust auf den Weg macht, hat mehr Zeit f\u00fcr einzelne H\u00f6hepunkte.<\/p>\n<figure id=\"attachment_355\" aria-describedby=\"caption-attachment-355\" style=\"width: 600px\" class=\"wp-caption aligncenter\"><img loading=\"lazy\" decoding=\"async\" class=\"wp-image-355 size-full\" title=\"Markusplatz, Dogenpalast und San Giorgio Maggiore-Kirche im Hintergrund\" src=\"https:\/\/www.schlanser.ch\/magazin\/wp-content\/uploads\/2016\/11\/Markusplatz-Dogenpalast-und-San-Giorgio-Maggiore-Kirche-im-Hintergrund.jpg\" alt=\"\u00a9 motivthueringen8 \/ Fotolia.com\" width=\"600\" height=\"401\" srcset=\"https:\/\/www.schlanser.ch\/magazin\/wp-content\/uploads\/2016\/11\/Markusplatz-Dogenpalast-und-San-Giorgio-Maggiore-Kirche-im-Hintergrund.jpg 600w, https:\/\/www.schlanser.ch\/magazin\/wp-content\/uploads\/2016\/11\/Markusplatz-Dogenpalast-und-San-Giorgio-Maggiore-Kirche-im-Hintergrund-300x201.jpg 300w, https:\/\/www.schlanser.ch\/magazin\/wp-content\/uploads\/2016\/11\/Markusplatz-Dogenpalast-und-San-Giorgio-Maggiore-Kirche-im-Hintergrund-110x75.jpg 110w\" sizes=\"(max-width: 600px) 100vw, 600px\" \/><figcaption id=\"caption-attachment-355\" class=\"wp-caption-text\">\u00a9 motivthueringen8 \/ Fotolia.com<\/figcaption><\/figure>\n<p style=\"text-align: justify;\">Das ehemals bl\u00fchende Macht- und Handelszentrum atmet Geschichte, die sich in attraktiver Architektur und in Museen und Kulturveranstaltungen darstellt. Vom Ortsteil Punta Sabbioni aus gehen mehrmals in der Stunde F\u00e4hren zur Lagunenstadt und geplante Ausfl\u00fcge sind bei verschiedenen Anbietern buchbar.<\/p>\n<h2>Camping in Caorle \u2013 Mitten im Meer<\/h2>\n<p style=\"text-align: justify;\">Auf dem Weg nach Triest lohnt sich ein Stopp in Caorle. Die Gemeinde Caorle an der Adria erwartet die Reisenden mit zahlreichen Campingpl\u00e4tzen. Fischfang und Tourismus sind die Haupteinnahmequellen der Einwohner.<\/p>\n<figure id=\"attachment_359\" aria-describedby=\"caption-attachment-359\" style=\"width: 600px\" class=\"wp-caption aligncenter\"><img loading=\"lazy\" decoding=\"async\" class=\"wp-image-359 size-full\" title=\"Church of the Blessed Virgin of the Angel in Caorle\" src=\"https:\/\/www.schlanser.ch\/magazin\/wp-content\/uploads\/2016\/11\/Church-of-the-Blessed-Virgin-of-the-Angel-in-Caorle.jpg\" alt=\"\u00a9 centrodigitale.com \/ Fotolia.com\" width=\"600\" height=\"400\" srcset=\"https:\/\/www.schlanser.ch\/magazin\/wp-content\/uploads\/2016\/11\/Church-of-the-Blessed-Virgin-of-the-Angel-in-Caorle.jpg 600w, https:\/\/www.schlanser.ch\/magazin\/wp-content\/uploads\/2016\/11\/Church-of-the-Blessed-Virgin-of-the-Angel-in-Caorle-300x200.jpg 300w\" sizes=\"(max-width: 600px) 100vw, 600px\" \/><figcaption id=\"caption-attachment-359\" class=\"wp-caption-text\">\u00a9 centrodigitale.com \/ Fotolia.com<\/figcaption><\/figure>\n<p style=\"text-align: justify;\">Die 2000 Jahre alte Geschichte des Orts spiegelt sich in einer eigenwilligen Architektur aus kleinen Gassen und Glockent\u00fcrmen wider, die stark an das grosse Vorbild Venedig erinnert. Besonders beeindruckend und Wahrzeichen der Stadt: die ehemalige Bischofskirche mit ihrem 48 m hohen Campanile, der Caorle \u00fcberragt. Von Mai bis September \u00f6ffnet ein Vergn\u00fcgungspark f\u00fcr Besucher, aber ganzj\u00e4hrig lockt das Meer der Adria. Die Str\u00e4nde vor Caorle tragen bereits seit 1987 die Blaue Flagge f\u00fcr hervorragende Qualit\u00e4t und Sicherheit, die wir \u00fcbrigens bereits aus Cavallino kennen.<\/p>\n<h2>Camping Grado: Sonne pur<\/h2>\n<p style=\"text-align: justify;\">In Grado sind alle Str\u00e4nde nach S\u00fcden ausgerichtet. Das unterscheidet die idyllische Stadt von allen anderen Orten an der n\u00f6rdlichen Adria. In der Hauptreisezeit von Mai bis September fallen Geb\u00fchren f\u00fcr den Besuch des Hauptstrands an. Auch hier kann sich der Besucher auf gepr\u00fcfte Strand-Qualit\u00e4t verlassen. Der Hafen ist Fischereihafen und Marina in einem. Vier Campingpl\u00e4tze erwarten die G\u00e4ste auf dem Eiland, das von Lagunen und der Adria umschlossen ist. Von hier aus sind es 60 km bis nach Triest.<\/p>\n<figure id=\"attachment_366\" aria-describedby=\"caption-attachment-366\" style=\"width: 600px\" class=\"wp-caption aligncenter\"><img loading=\"lazy\" decoding=\"async\" class=\"wp-image-366 size-full\" title=\"Boote am Hafen in Grado\" src=\"https:\/\/www.schlanser.ch\/magazin\/wp-content\/uploads\/2016\/11\/Boote-am-Hafen-in-Grado.jpg\" alt=\"\u00a9 JFL Photography \/ Fotolia.com\" width=\"600\" height=\"400\" srcset=\"https:\/\/www.schlanser.ch\/magazin\/wp-content\/uploads\/2016\/11\/Boote-am-Hafen-in-Grado.jpg 600w, https:\/\/www.schlanser.ch\/magazin\/wp-content\/uploads\/2016\/11\/Boote-am-Hafen-in-Grado-300x200.jpg 300w\" sizes=\"(max-width: 600px) 100vw, 600px\" \/><figcaption id=\"caption-attachment-366\" class=\"wp-caption-text\">\u00a9 JFL Photography \/ Fotolia.com<\/figcaption><\/figure>\n<h2>Etappe 3: Triest &#8211; K.u.k.-Flair an der Adria<\/h2>\n<p style=\"text-align: justify;\">Wesentlich n\u00e4her von Grado ist es zur Grenze nach Slowenien. Von dort aus ist es kaum mehr als ein Tagesausflug in die Hafen- und Grossstadt Triest, das auf einem schmalen Streifen italienischen Hoheitsgebiets liegt. Triest kannte zahlreiche Herrscher, die sichtbare Spuren hinterlassen haben.<\/p>\n<figure id=\"attachment_368\" aria-describedby=\"caption-attachment-368\" style=\"width: 600px\" class=\"wp-caption aligncenter\"><img loading=\"lazy\" decoding=\"async\" class=\"wp-image-368 size-full\" title=\"Canal Grande in Triest\" src=\"https:\/\/www.schlanser.ch\/magazin\/wp-content\/uploads\/2016\/11\/Canal-Grande-in-Triest.jpg\" alt=\"\u00a9 eunikas \/ Fotolia.com\" width=\"600\" height=\"400\" srcset=\"https:\/\/www.schlanser.ch\/magazin\/wp-content\/uploads\/2016\/11\/Canal-Grande-in-Triest.jpg 600w, https:\/\/www.schlanser.ch\/magazin\/wp-content\/uploads\/2016\/11\/Canal-Grande-in-Triest-300x200.jpg 300w\" sizes=\"(max-width: 600px) 100vw, 600px\" \/><figcaption id=\"caption-attachment-368\" class=\"wp-caption-text\">\u00a9 eunikas \/ Fotolia.com<\/figcaption><\/figure>\n<p style=\"text-align: justify;\">Die Stadt besticht durch \u00f6sterreichisch-ungarische Architektur, Kaffeehauskultur und das imposante Schloss Miramare direkt am Meer. Seit dem Schengener Abkommen besteht zwischen Italien und Slowenien Reisefreiheit, was den Grenz\u00fcbertritt unproblematisch macht.<\/p>\n<h2>Etappe 4: Slowenien &#8211; Klein aber fein am Meer<\/h2>\n<p style=\"text-align: justify;\">Die k\u00fcrzeste Verbindung in Richtung Pula in Kroatien f\u00fchrt durch das Landesinnere Sloweniens. Die an der Adriak\u00fcste gelegenen Ortschaften Koper und Izola sind allerdings auf gut ausgebauten Strassen zu erreichen. Das Land besitzt zwar nur 46 Kilometer K\u00fcstenlinie, doch Camping in Slowenien am Meer bietet eine charmante Alternative mit hervorragender Infrastruktur.<\/p>\n<figure id=\"attachment_371\" aria-describedby=\"caption-attachment-371\" style=\"width: 600px\" class=\"wp-caption aligncenter\"><img loading=\"lazy\" decoding=\"async\" class=\"wp-image-371 size-full\" title=\"Izola in Slowenien\" src=\"https:\/\/www.schlanser.ch\/magazin\/wp-content\/uploads\/2016\/11\/Izola-in-Slowenien.jpg\" alt=\"Izola in Slowenien\" width=\"600\" height=\"399\" srcset=\"https:\/\/www.schlanser.ch\/magazin\/wp-content\/uploads\/2016\/11\/Izola-in-Slowenien.jpg 600w, https:\/\/www.schlanser.ch\/magazin\/wp-content\/uploads\/2016\/11\/Izola-in-Slowenien-300x200.jpg 300w, https:\/\/www.schlanser.ch\/magazin\/wp-content\/uploads\/2016\/11\/Izola-in-Slowenien-310x205.jpg 310w\" sizes=\"(max-width: 600px) 100vw, 600px\" \/><figcaption id=\"caption-attachment-371\" class=\"wp-caption-text\">\u00a9 Samuele Gallini \/ Fotolia.com<\/figcaption><\/figure>\n<h3>Camping Adria Ankaran &#8211; Sloweniens Perle<\/h3>\n<p style=\"text-align: justify;\">Der 4-Sterne Campingplatz Adria Ankaran liegt direkt am Strand in der K\u00fcstengemeinde Ankaran und gilt als einer der besten Campingpl\u00e4tze an der Adria in Slowenien. Auf 7 Hektar Gr\u00fcnfl\u00e4che bietet der Platz 430 Stellpl\u00e4tze sowie gepflegte Mobilheime, umgeben von Pinien und Olivenb\u00e4umen, die nat\u00fcrlichen Schatten spenden.<\/p>\n<p style=\"text-align: justify;\">Die Anlage befindet sich direkt am Meer mit etwa 400 Meter langem betoniertem Uferstreifen, Badeleitern, Badeinsel und 75 Meter langem Badesteg. Eine angrenzende gekieste Liegefl\u00e4che bietet zus\u00e4tzlichen Komfort. Der Campingplatz verf\u00fcgt \u00fcber ein Schwimmbad mit olympischen Massen, Wellness-Bereich mit finnischer, t\u00fcrkischer und Infrarotsauna, ein Hallenbad sowie mehrere Restaurants und Bars mit Meerblick.<\/p>\n<figure id=\"attachment_18908\" aria-describedby=\"caption-attachment-18908\" style=\"width: 660px\" class=\"wp-caption aligncenter\"><img loading=\"lazy\" decoding=\"async\" class=\"wp-image-18908 size-full\" title=\"Klein aber Fein - Sloweniens Adria Abschnitt\" src=\"https:\/\/www.schlanser.ch\/magazin\/wp-content\/uploads\/2025\/10\/Camping-Adria-Italien-Kroatien-Slowenien-Albanien-Montenegro-3.jpg\" alt=\"Blick auf Ankaran und slowenische Str\u00e4nde\" width=\"660\" height=\"440\" srcset=\"https:\/\/www.schlanser.ch\/magazin\/wp-content\/uploads\/2025\/10\/Camping-Adria-Italien-Kroatien-Slowenien-Albanien-Montenegro-3.jpg 660w, https:\/\/www.schlanser.ch\/magazin\/wp-content\/uploads\/2025\/10\/Camping-Adria-Italien-Kroatien-Slowenien-Albanien-Montenegro-3-300x200.jpg 300w\" sizes=\"(max-width: 660px) 100vw, 660px\" \/><figcaption id=\"caption-attachment-18908\" class=\"wp-caption-text\">\u00a9 majorosl66 &#8211; stock.adobe.com<\/figcaption><\/figure>\n<p style=\"text-align: justify;\">Besonders familienfreundlich ausgestattet mit Spielpl\u00e4tzen, &#8222;Jumpyland&#8220; mit Luftrutschen, H\u00fcpfburgen und Trampolinen sowie buntem Animationsprogramm inklusive Minidisco, Livemusik und Wassergymnastik. Sportliche G\u00e4ste nutzen Tennispl\u00e4tze, Beachvolleyball, Fitness-Center und Fahrradverleih. Die Lage zwischen Piran und Triest sowie nur eine Autostunde von Ljubljana entfernt macht Ankaran zum perfekten Ausgangspunkt f\u00fcr Ausfl\u00fcge. Der Platz ist von April bis November ge\u00f6ffnet und wurde von ECOCAMPING ausgezeichnet.<\/p>\n<p style=\"text-align: justify;\">150 Stellpl\u00e4tze sind f\u00fcr Tagesg\u00e4ste vorgesehen. Von hier aus sind es nur noch wenige Kilometer bis zum n\u00e4chsten Grenz\u00fcbertritt: Camping in Kroatien an der Adria wartet mit bezaubernden Landschaften und einer bew\u00e4hrten Gastkultur auf Ferieng\u00e4ste.<\/p>\n<p><a href=\"https:\/\/www.schlanser.ch\/hersteller\/berger\/7203\/berger-merano-4-familienzelt-fuer-4-personen\"><img loading=\"lazy\" decoding=\"async\" class=\"aligncenter wp-image-17934 size-full\" title=\"Das Zelt verf\u00fcgt \u00fcber drei Eing\u00e4nge, die jeweils auch als Sonnendach ausstellbar sind.\" src=\"https:\/\/www.schlanser.ch\/magazin\/wp-content\/uploads\/2026\/06\/berger-merano-4-familienzelt.jpg\" alt=\"Berger Merano 4 Familienzelt f\u00fcr 4 Personen\" width=\"620\" height=\"388\" srcset=\"https:\/\/www.schlanser.ch\/magazin\/wp-content\/uploads\/2026\/06\/berger-merano-4-familienzelt.jpg 620w, https:\/\/www.schlanser.ch\/magazin\/wp-content\/uploads\/2026\/06\/berger-merano-4-familienzelt-300x188.jpg 300w\" sizes=\"(max-width: 620px) 100vw, 620px\" \/><\/a><\/p>\n<h2>Etappe 5: Kroatien &#8211; Istriens gr\u00fcne K\u00fcste<\/h2>\n<p style=\"text-align: justify;\">Camping in Kroatien an der Adria erreicht in Istrien einen H\u00f6hepunkt der Reise. Die Route f\u00fchrt nun \u00fcber die <a href=\"https:\/\/www.schlanser.ch\/magazin\/camping-in-istrien\/\">kroatische Halbinsel Istrien &#8211; Camping<\/a> ist dort an den richtigen Stellen paradiesisch.<\/p>\n<h3>Camping Rovinj<\/h3>\n<p style=\"text-align: justify;\">Rund um Rovinj finden sich viele Campingpl\u00e4tze an der Adria in einer zunehmend h\u00fcgeliger werdenden Landschaft. In direkter Lage am Meer werben Platzbetreiber mit zahlreichen Schatten spendenden B\u00e4umen, die den heissen Sommer auf der kroatischen Halbinsel Istrien ertr\u00e4glich machen.<\/p>\n<figure id=\"attachment_374\" aria-describedby=\"caption-attachment-374\" style=\"width: 600px\" class=\"wp-caption aligncenter\"><img loading=\"lazy\" decoding=\"async\" class=\"wp-image-374 size-full\" title=\"Altstadt von Rovinj in Kroatien\" src=\"https:\/\/www.schlanser.ch\/magazin\/wp-content\/uploads\/2016\/11\/Altstadt-von-Rovinj-in-Kroatien.jpg\" alt=\"\u00a9 lukaszimilena \/ Fotolia.com\" width=\"600\" height=\"397\" srcset=\"https:\/\/www.schlanser.ch\/magazin\/wp-content\/uploads\/2016\/11\/Altstadt-von-Rovinj-in-Kroatien.jpg 600w, https:\/\/www.schlanser.ch\/magazin\/wp-content\/uploads\/2016\/11\/Altstadt-von-Rovinj-in-Kroatien-300x199.jpg 300w, https:\/\/www.schlanser.ch\/magazin\/wp-content\/uploads\/2016\/11\/Altstadt-von-Rovinj-in-Kroatien-310x205.jpg 310w\" sizes=\"(max-width: 600px) 100vw, 600px\" \/><figcaption id=\"caption-attachment-374\" class=\"wp-caption-text\">\u00a9 lukaszimilena \/ Fotolia.com<\/figcaption><\/figure>\n<h3>Pula &#8211; Istriens r\u00f6misches Erbe<\/h3>\n<p style=\"text-align: justify;\">Von Rovinj sind es nur noch knapp 40 km bis Pula.<\/p>\n<figure id=\"attachment_377\" aria-describedby=\"caption-attachment-377\" style=\"width: 600px\" class=\"wp-caption aligncenter\"><img loading=\"lazy\" decoding=\"async\" class=\"wp-image-377 size-full\" title=\"K\u00fcste von Pula\" src=\"https:\/\/www.schlanser.ch\/magazin\/wp-content\/uploads\/2016\/11\/K\u00fcste-von-Pula.jpg\" alt=\"\u00a9 jbarrios9000 \/ Fotolia.com\" width=\"600\" height=\"338\" srcset=\"https:\/\/www.schlanser.ch\/magazin\/wp-content\/uploads\/2016\/11\/K\u00fcste-von-Pula.jpg 600w, https:\/\/www.schlanser.ch\/magazin\/wp-content\/uploads\/2016\/11\/K\u00fcste-von-Pula-300x169.jpg 300w\" sizes=\"(max-width: 600px) 100vw, 600px\" \/><figcaption id=\"caption-attachment-377\" class=\"wp-caption-text\">\u00a9 jbarrios9000 \/ Fotolia.com<\/figcaption><\/figure>\n<p style=\"text-align: justify;\">In Pula erreichen Sie den s\u00fcdlichsten Zipfel Istriens und geniessen einen unverstellten Blick auf die blaue Adria, die mit einer abwechslungsreichen Landschaft zu mehr als nur einer Reise einl\u00e4dt. Die Stadt beeindruckt mit ihrem r\u00f6mischen Amphitheater, einem der besterhaltenen antiken Bauwerke der Welt. Die umliegenden Campingpl\u00e4tze an der Adria bieten ideale Ausgangspunkte f\u00fcr Ausfl\u00fcge zu den nahen Brijuni-Inseln, einem Nationalpark mit reicher Geschichte und einzigartiger Natur.<\/p>\n<figure id=\"attachment_18912\" aria-describedby=\"caption-attachment-18912\" style=\"width: 660px\" class=\"wp-caption aligncenter\"><img loading=\"lazy\" decoding=\"async\" class=\"wp-image-18912 size-full\" title=\"Krk eine Insel vor Krkvenica und absolutes Traumziel in Kroatien\" src=\"https:\/\/www.schlanser.ch\/magazin\/wp-content\/uploads\/2025\/10\/Camping-Adria-Italien-Kroatien-Slowenien-Albanien-Montenegro-8.jpg\" alt=\"Blick auf einen Campingplatz direkt am Meer auf der Insel Krk\" width=\"660\" height=\"371\" srcset=\"https:\/\/www.schlanser.ch\/magazin\/wp-content\/uploads\/2025\/10\/Camping-Adria-Italien-Kroatien-Slowenien-Albanien-Montenegro-8.jpg 660w, https:\/\/www.schlanser.ch\/magazin\/wp-content\/uploads\/2025\/10\/Camping-Adria-Italien-Kroatien-Slowenien-Albanien-Montenegro-8-300x169.jpg 300w\" sizes=\"(max-width: 660px) 100vw, 660px\" \/><figcaption id=\"caption-attachment-18912\" class=\"wp-caption-text\">\u00a9 Uldis &#8211; stock.adobe.com<\/figcaption><\/figure>\n<h2>Etappe 6: Kroatien &#8211; Von Zadar bis Dubrovnik<\/h2>\n<p style=\"text-align: justify;\">Von Pula f\u00fchrt die Route nun s\u00fcdw\u00e4rts entlang der dalmatinischen K\u00fcste.<\/p>\n<h3>Camping Maslina, Zaton bei Zadar<\/h3>\n<p style=\"text-align: justify;\">Das Camping Maslina liegt in der malerischen Bucht von Zaton, nur 15 Kilometer von der historischen Stadt Zadar entfernt. Dieser familiengef\u00fchrte Campingplatz bietet authentisches Camping in Kroatien an der Adria in naturnaher Umgebung. Umgeben von Olivenhainen und Pinienw\u00e4ldern erstreckt sich der Platz direkt am kristallklaren adriatischen Meer.<\/p>\n<p style=\"text-align: justify;\">Die Stellpl\u00e4tze liegen terrassenf\u00f6rmig angelegt mit direktem Blick auf die Adria. Ein eigener Kiesstrand mit flachem Einstieg ins Wasser macht den Platz besonders familienfreundlich. Die Sanit\u00e4ranlagen sind modern und sauber, ein kleiner Supermarkt und eine gem\u00fctliche Konoba (traditionelles kroatisches Restaurant) sorgen f\u00fcr die Versorgung. Von hier aus lassen sich die Nationalparks Paklenica und Kornaten sowie die Stadt Zadar mit ihren r\u00f6mischen Ruinen und der ber\u00fchmten Meeresorgel bequem erreichen.<\/p>\n<figure id=\"attachment_18916\" aria-describedby=\"caption-attachment-18916\" style=\"width: 660px\" class=\"wp-caption aligncenter\"><img loading=\"lazy\" decoding=\"async\" class=\"wp-image-18916 size-full\" title=\"Die weltber\u00fchmte Herz-Insel vor Zadar in Kroatien\" src=\"https:\/\/www.schlanser.ch\/magazin\/wp-content\/uploads\/2016\/10\/Zadar-Bucht-mit-Herz.jpg\" alt=\"Drohnenblick auf den Strand von Zadar\" width=\"660\" height=\"303\" srcset=\"https:\/\/www.schlanser.ch\/magazin\/wp-content\/uploads\/2016\/10\/Zadar-Bucht-mit-Herz.jpg 660w, https:\/\/www.schlanser.ch\/magazin\/wp-content\/uploads\/2016\/10\/Zadar-Bucht-mit-Herz-300x138.jpg 300w\" sizes=\"(max-width: 660px) 100vw, 660px\" \/><figcaption id=\"caption-attachment-18916\" class=\"wp-caption-text\">\u00a9 TatiG &#8211; stock.adobe.com<\/figcaption><\/figure>\n<h3>Dubrovnik &#8211; Die Perle der Adria<\/h3>\n<p style=\"text-align: justify;\">Weiter s\u00fcdlich erreicht die Route Dubrovnik, oft als &#8222;Perle der Adria&#8220; bezeichnet. Die Stadt beeindruckt mit ihrer vollst\u00e4ndig erhaltenen Stadtmauer und der UNESCO-gesch\u00fctzten Altstadt. Campingpl\u00e4tze in der Umgebung bieten ruhige Alternativen zum Trubel der Stadt.<\/p>\n<h2>Etappe 7: Montenegro &#8211; Geheimtipp mit Fjord-Charakter<\/h2>\n<p style=\"text-align: justify;\">Von Kroatien f\u00fchrt die Route nun nach Montenegro. Das Land bietet ein noch relativ unentdecktes Paradies f\u00fcr Camping an der Adria. Die montenegrinische K\u00fcste erstreckt sich \u00fcber 293 Kilometer und bietet eine spektakul\u00e4re Mischung aus Bergen, die steil ins Meer abfallen, und malerischen Buchten.<\/p>\n<h3>Die Bucht von Kotor &#8211; Fjordlandschaft am Mittelmeer<\/h3>\n<p style=\"text-align: justify;\">Die Bucht von Kotor geh\u00f6rt zum UNESCO-Weltkulturerbe und wird oft als s\u00fcdlichster Fjord Europas bezeichnet. Die historische Stadt Kotor mit ihrer venezianisch gepr\u00e4gten Altstadt ist ein absolutes Muss. Mehrere kleinere Campingpl\u00e4tze entlang der Bucht bieten urspr\u00fcngliches Camping an der Adria in spektakul\u00e4rer Kulisse. Die Strassen entlang der Bucht sind teilweise sehr eng und kurvenreich, was bei der Anfahrt mit gr\u00f6sseren Wohnmobilen zu beachten ist.<\/p>\n<figure id=\"attachment_18915\" aria-describedby=\"caption-attachment-18915\" style=\"width: 660px\" class=\"wp-caption aligncenter\"><img loading=\"lazy\" decoding=\"async\" class=\"wp-image-18915 size-full\" title=\"Montenegro geh\u00f6rt sicher zu den neuen Tourismusl\u00e4ndern und strahlt mit viel Elan und neuem Charme an der Adria\" src=\"https:\/\/www.schlanser.ch\/magazin\/wp-content\/uploads\/2016\/10\/Montenegro-Bucht-von-Kodor.jpg\" alt=\"Meer und Berge - Blick in die Bucht von Kotor\" width=\"660\" height=\"219\" srcset=\"https:\/\/www.schlanser.ch\/magazin\/wp-content\/uploads\/2016\/10\/Montenegro-Bucht-von-Kodor.jpg 660w, https:\/\/www.schlanser.ch\/magazin\/wp-content\/uploads\/2016\/10\/Montenegro-Bucht-von-Kodor-300x100.jpg 300w\" sizes=\"(max-width: 660px) 100vw, 660px\" \/><figcaption id=\"caption-attachment-18915\" class=\"wp-caption-text\">\u00a9 Givaga &#8211; stock.adobe.com<\/figcaption><\/figure>\n<h3>Budva und die montenegrinische Riviera<\/h3>\n<p style=\"text-align: justify;\">Budva, das touristische Zentrum Montenegros, bietet lebhaftes Strandleben und eine charmante Altstadt auf einer Halbinsel. Die montenegrinische Riviera punktet mit Sandstr\u00e4nden und t\u00fcrkisblauem Wasser. Campingpl\u00e4tze gibt es hier sowohl f\u00fcr Ruhesuchende als auch f\u00fcr Nachtschw\u00e4rmer. Das mediterrane Klima garantiert warme Sommer und milde Winter &#8211; ideal f\u00fcr eine verl\u00e4ngerte Campingsaison.<\/p>\n<h2>Etappe 8: Albanien &#8211; Wo das Abenteuer endet<\/h2>\n<p style=\"text-align: justify;\">Die albanische Adriak\u00fcste bildet den Endpunkt dieser grossen Reise und gilt noch als Geheimtipp. Die \u00fcber 360 Kilometer lange K\u00fcste bietet urspr\u00fcngliches Camping an der Adria fernab des Massentourismus.<\/p>\n<figure id=\"attachment_18911\" aria-describedby=\"caption-attachment-18911\" style=\"width: 660px\" class=\"wp-caption aligncenter\"><img loading=\"lazy\" decoding=\"async\" class=\"wp-image-18911 size-full\" title=\"Seen in Albanien unweit der Adria sind ein wundersch\u00f6nes Erlebnis zwischen Kultur und Badeurlaub\" src=\"https:\/\/www.schlanser.ch\/magazin\/wp-content\/uploads\/2025\/10\/Camping-Adria-Italien-Kroatien-Slowenien-Albanien-Montenegro-6.jpg\" alt=\"Die abgebildete Burg ist die Burg Rozafa, eine Burgruine am s\u00fcdlichen Rand der nordalbanischen Stadt Shkodra. \" width=\"660\" height=\"370\" srcset=\"https:\/\/www.schlanser.ch\/magazin\/wp-content\/uploads\/2025\/10\/Camping-Adria-Italien-Kroatien-Slowenien-Albanien-Montenegro-6.jpg 660w, https:\/\/www.schlanser.ch\/magazin\/wp-content\/uploads\/2025\/10\/Camping-Adria-Italien-Kroatien-Slowenien-Albanien-Montenegro-6-300x168.jpg 300w\" sizes=\"(max-width: 660px) 100vw, 660px\" \/><figcaption id=\"caption-attachment-18911\" class=\"wp-caption-text\">\u00a9 seksun &#8211; stock.adobe.com<\/figcaption><\/figure>\n<h3>Lake Shkodra Resort &#8211; Camping am gr\u00f6ssten See des Balkans<\/h3>\n<p style=\"text-align: justify;\">Im Norden Albaniens liegt das Lake Shkodra Resort am Shkodrasee, dem gr\u00f6ssten See des Balkans an der Grenze zwischen Albanien und Montenegro. Obwohl nicht direkt am adriatischen Meer gelegen, ist die Adria nur 20 Kilometer entfernt, was das Resort zum idealen Basislager macht.<\/p>\n<p style=\"text-align: justify;\">Das Resort bietet komfortable Stellpl\u00e4tze, moderne Sanit\u00e4ranlagen und ein Restaurant mit traditioneller albanischer K\u00fcche. Umgeben von Bergen und mit direktem Zugang zum See k\u00f6nnen G\u00e4ste hier Kanufahren, Vogelbeobachtungen unternehmen und die reiche Artenvielfalt des Gebiets erkunden. Die historische Stadt Shkodra mit ihrer imposanten Rozafa-Festung ist nur wenige Kilometer entfernt.<\/p>\n<figure id=\"attachment_18914\" aria-describedby=\"caption-attachment-18914\" style=\"width: 660px\" class=\"wp-caption aligncenter\"><img loading=\"lazy\" decoding=\"async\" class=\"wp-image-18914 size-full\" title=\"Das Ende der Adria: Ksamil liegt an der S\u00fcdspitze Albaniens am Ionischen Meer, nur etwa 4 Kilometer von der griechischen Insel Korfu entfernt. \" src=\"https:\/\/www.schlanser.ch\/magazin\/wp-content\/uploads\/2025\/10\/Camping-Adria-Italien-Kroatien-Slowenien-Albanien-Montenegro-7.jpg\" alt=\"Das Bild zeigt die K\u00fcstenstadt Ksamil in Albanien. Ksamil liegt an der albanischen Riviera und ist bekannt f\u00fcr seine Str\u00e4nde und das kristallklare, t\u00fcrkisfarbene Wasser. \" width=\"660\" height=\"440\" srcset=\"https:\/\/www.schlanser.ch\/magazin\/wp-content\/uploads\/2025\/10\/Camping-Adria-Italien-Kroatien-Slowenien-Albanien-Montenegro-7.jpg 660w, https:\/\/www.schlanser.ch\/magazin\/wp-content\/uploads\/2025\/10\/Camping-Adria-Italien-Kroatien-Slowenien-Albanien-Montenegro-7-300x200.jpg 300w\" sizes=\"(max-width: 660px) 100vw, 660px\" \/><figcaption id=\"caption-attachment-18914\" class=\"wp-caption-text\">\u00a9 gatsi &#8211; stock.adobe.com<\/figcaption><\/figure>\n<h3>Durres &#8211; Albaniens Strandmetropole<\/h3>\n<p style=\"text-align: justify;\">Durres, die zweitgr\u00f6sste Stadt Albaniens, besitzt einen der l\u00e4ngsten Sandstr\u00e4nde der Adria &#8211; \u00fcber 10 Kilometer feiner Sand erstrecken sich entlang der K\u00fcste. Die Stadt verf\u00fcgt \u00fcber ein beeindruckendes r\u00f6misches Amphitheater und eine lebendige St<\/p>\n","protected":false},"excerpt":{"rendered":"<p>\u00ab Mit dem Wohnmobil rund um die Adria: Von Brindisi bis Albanien \u00bb Es geh\u00f6rt zu den Vorz\u00fcgen einer Reise mit dem Wohnmobil, ortsungebunden zu sein und innerhalb weniger Wochen zahlreiche Stationen erleben zu k\u00f6nnen. Viele steuern zum Camping Italien an, wo sich Kunst, Kultur und Lebensart spielerisch miteinander verbinden. Camping an der Adria bietet &hellip;<\/p>\n","protected":false},"author":1,"featured_media":379,"comment_status":"closed","ping_status":"open","sticky":false,"template":"","format":"standard","meta":{"footnotes":""},"categories":[2],"tags":[47,34,14,28,13],"yoast_head":"<!-- This site is optimized with the Yoast SEO plugin v22.2 - https:\/\/yoast.com\/wordpress\/plugins\/seo\/ -->\n<title>Camping an der Adria - Schlanser Magazin<\/title>\n<meta name=\"description\" content=\"Das Schlanser Magazin begleitet Sie auf die sch\u00f6nsten Campingpl\u00e4tze an der Adria \u2013 \u2714Brindisi \u2714Grado \u2714Triest \u2714Pula \u2714Rovinj \u2714Montenegro \u2714Albanien\" \/>\n<meta name=\"robots\" content=\"index, follow, max-snippet:-1, max-image-preview:large, max-video-preview:-1\" \/>\n<link rel=\"canonical\" href=\"https:\/\/www.schlanser.ch\/magazin\/camping-an-der-noerdlichen-adria\/\" \/>\n<meta property=\"og:locale\" content=\"de_DE\" \/>\n<meta property=\"og:type\" content=\"article\" \/>\n<meta property=\"og:title\" content=\"Camping an der Adria - Schlanser Magazin\" \/>\n<meta property=\"og:description\" content=\"Das Schlanser Magazin begleitet Sie auf die sch\u00f6nsten Campingpl\u00e4tze an der Adria \u2013 \u2714Brindisi \u2714Grado \u2714Triest \u2714Pula \u2714Rovinj \u2714Montenegro \u2714Albanien\" \/>\n<meta property=\"og:url\" content=\"https:\/\/www.schlanser.ch\/magazin\/camping-an-der-noerdlichen-adria\/\" \/>\n<meta property=\"og:site_name\" content=\"Schlanser Magazin\" \/>\n<meta property=\"article:published_time\" content=\"2025-09-19T08:20:18+00:00\" \/>\n<meta property=\"article:modified_time\" content=\"2026-02-05T11:06:48+00:00\" \/>\n<meta property=\"og:image\" content=\"https:\/\/www.schlanser.ch\/magazin\/wp-content\/uploads\/2016\/11\/Camping-an-der-n\u00f6rdlichen-Adria.jpg\" \/>\n\t<meta property=\"og:image:width\" content=\"800\" \/>\n\t<meta property=\"og:image:height\" content=\"531\" \/>\n\t<meta property=\"og:image:type\" content=\"image\/jpeg\" \/>\n<meta name=\"author\" content=\"admin\" \/>\n<meta name=\"twitter:card\" content=\"summary_large_image\" \/>\n<meta name=\"twitter:label1\" content=\"Verfasst von\" \/>\n\t<meta name=\"twitter:data1\" content=\"admin\" \/>\n\t<meta name=\"twitter:label2\" content=\"Gesch\u00e4tzte Lesezeit\" \/>\n\t<meta name=\"twitter:data2\" content=\"18 Minuten\" \/>\n<script type=\"application\/ld+json\" class=\"yoast-schema-graph\">{\"@context\":\"https:\/\/schema.org\",\"@graph\":[{\"@type\":\"WebPage\",\"@id\":\"https:\/\/www.schlanser.ch\/magazin\/camping-an-der-noerdlichen-adria\/\",\"url\":\"https:\/\/www.schlanser.ch\/magazin\/camping-an-der-noerdlichen-adria\/\",\"name\":\"Camping an der Adria - Schlanser Magazin\",\"isPartOf\":{\"@id\":\"https:\/\/www.schlanser.ch\/magazin\/#website\"},\"primaryImageOfPage\":{\"@id\":\"https:\/\/www.schlanser.ch\/magazin\/camping-an-der-noerdlichen-adria\/#primaryimage\"},\"image\":{\"@id\":\"https:\/\/www.schlanser.ch\/magazin\/camping-an-der-noerdlichen-adria\/#primaryimage\"},\"thumbnailUrl\":\"https:\/\/www.schlanser.ch\/magazin\/wp-content\/uploads\/2016\/11\/Camping-an-der-n\u00f6rdlichen-Adria.jpg\",\"datePublished\":\"2025-09-19T08:20:18+00:00\",\"dateModified\":\"2026-02-05T11:06:48+00:00\",\"author\":{\"@id\":\"https:\/\/www.schlanser.ch\/magazin\/#\/schema\/person\/000db0a103eb2594ba3daf394b1dfea2\"},\"description\":\"Das Schlanser Magazin begleitet Sie auf die sch\u00f6nsten Campingpl\u00e4tze an der Adria \u2013 \u2714Brindisi \u2714Grado \u2714Triest \u2714Pula \u2714Rovinj \u2714Montenegro \u2714Albanien\",\"breadcrumb\":{\"@id\":\"https:\/\/www.schlanser.ch\/magazin\/camping-an-der-noerdlichen-adria\/#breadcrumb\"},\"inLanguage\":\"de-DE\",\"potentialAction\":[{\"@type\":\"ReadAction\",\"target\":[\"https:\/\/www.schlanser.ch\/magazin\/camping-an-der-noerdlichen-adria\/\"]}]},{\"@type\":\"ImageObject\",\"inLanguage\":\"de-DE\",\"@id\":\"https:\/\/www.schlanser.ch\/magazin\/camping-an-der-noerdlichen-adria\/#primaryimage\",\"url\":\"https:\/\/www.schlanser.ch\/magazin\/wp-content\/uploads\/2016\/11\/Camping-an-der-n\u00f6rdlichen-Adria.jpg\",\"contentUrl\":\"https:\/\/www.schlanser.ch\/magazin\/wp-content\/uploads\/2016\/11\/Camping-an-der-n\u00f6rdlichen-Adria.jpg\",\"width\":800,\"height\":531,\"caption\":\"\u00a9 photo 5000 \/ Fotolia.com\"},{\"@type\":\"BreadcrumbList\",\"@id\":\"https:\/\/www.schlanser.ch\/magazin\/camping-an-der-noerdlichen-adria\/#breadcrumb\",\"itemListElement\":[{\"@type\":\"ListItem\",\"position\":1,\"name\":\"Startseite\",\"item\":\"https:\/\/www.schlanser.ch\/magazin\/\"},{\"@type\":\"ListItem\",\"position\":2,\"name\":\"Camping an der Adria\"}]},{\"@type\":\"WebSite\",\"@id\":\"https:\/\/www.schlanser.ch\/magazin\/#website\",\"url\":\"https:\/\/www.schlanser.ch\/magazin\/\",\"name\":\"Schlanser Magazin\",\"description\":\"\",\"potentialAction\":[{\"@type\":\"SearchAction\",\"target\":{\"@type\":\"EntryPoint\",\"urlTemplate\":\"https:\/\/www.schlanser.ch\/magazin\/?s={search_term_string}\"},\"query-input\":\"required name=search_term_string\"}],\"inLanguage\":\"de-DE\"},{\"@type\":\"Person\",\"@id\":\"https:\/\/www.schlanser.ch\/magazin\/#\/schema\/person\/000db0a103eb2594ba3daf394b1dfea2\",\"name\":\"admin\",\"image\":{\"@type\":\"ImageObject\",\"inLanguage\":\"de-DE\",\"@id\":\"https:\/\/www.schlanser.ch\/magazin\/#\/schema\/person\/image\/\",\"url\":\"https:\/\/secure.gravatar.com\/avatar\/a794a4fe8a9b9c52241597eb381dfa2e?s=96&d=mm&r=g\",\"contentUrl\":\"https:\/\/secure.gravatar.com\/avatar\/a794a4fe8a9b9c52241597eb381dfa2e?s=96&d=mm&r=g\",\"caption\":\"admin\"}}]}<\/script>\n<!-- \/ Yoast SEO plugin. -->","yoast_head_json":{"title":"Camping an der Adria - Schlanser Magazin","description":"Das Schlanser Magazin begleitet Sie auf die sch\u00f6nsten Campingpl\u00e4tze an der Adria \u2013 \u2714Brindisi \u2714Grado \u2714Triest \u2714Pula \u2714Rovinj \u2714Montenegro \u2714Albanien","robots":{"index":"index","follow":"follow","max-snippet":"max-snippet:-1","max-image-preview":"max-image-preview:large","max-video-preview":"max-video-preview:-1"},"canonical":"https:\/\/www.schlanser.ch\/magazin\/camping-an-der-noerdlichen-adria\/","og_locale":"de_DE","og_type":"article","og_title":"Camping an der Adria - Schlanser Magazin","og_description":"Das Schlanser Magazin begleitet Sie auf die sch\u00f6nsten Campingpl\u00e4tze an der Adria \u2013 \u2714Brindisi \u2714Grado \u2714Triest \u2714Pula \u2714Rovinj \u2714Montenegro \u2714Albanien","og_url":"https:\/\/www.schlanser.ch\/magazin\/camping-an-der-noerdlichen-adria\/","og_site_name":"Schlanser Magazin","article_published_time":"2025-09-19T08:20:18+00:00","article_modified_time":"2026-02-05T11:06:48+00:00","og_image":[{"width":800,"height":531,"url":"https:\/\/www.schlanser.ch\/magazin\/wp-content\/uploads\/2016\/11\/Camping-an-der-n\u00f6rdlichen-Adria.jpg","type":"image\/jpeg"}],"author":"admin","twitter_card":"summary_large_image","twitter_misc":{"Verfasst von":"admin","Gesch\u00e4tzte Lesezeit":"18 Minuten"},"schema":{"@context":"https:\/\/schema.org","@graph":[{"@type":"WebPage","@id":"https:\/\/www.schlanser.ch\/magazin\/camping-an-der-noerdlichen-adria\/","url":"https:\/\/www.schlanser.ch\/magazin\/camping-an-der-noerdlichen-adria\/","name":"Camping an der Adria - Schlanser Magazin","isPartOf":{"@id":"https:\/\/www.schlanser.ch\/magazin\/#website"},"primaryImageOfPage":{"@id":"https:\/\/www.schlanser.ch\/magazin\/camping-an-der-noerdlichen-adria\/#primaryimage"},"image":{"@id":"https:\/\/www.schlanser.ch\/magazin\/camping-an-der-noerdlichen-adria\/#primaryimage"},"thumbnailUrl":"https:\/\/www.schlanser.ch\/magazin\/wp-content\/uploads\/2016\/11\/Camping-an-der-n\u00f6rdlichen-Adria.jpg","datePublished":"2025-09-19T08:20:18+00:00","dateModified":"2026-02-05T11:06:48+00:00","author":{"@id":"https:\/\/www.schlanser.ch\/magazin\/#\/schema\/person\/000db0a103eb2594ba3daf394b1dfea2"},"description":"Das Schlanser Magazin begleitet Sie auf die sch\u00f6nsten Campingpl\u00e4tze an der Adria \u2013 \u2714Brindisi \u2714Grado \u2714Triest \u2714Pula \u2714Rovinj \u2714Montenegro \u2714Albanien","breadcrumb":{"@id":"https:\/\/www.schlanser.ch\/magazin\/camping-an-der-noerdlichen-adria\/#breadcrumb"},"inLanguage":"de-DE","potentialAction":[{"@type":"ReadAction","target":["https:\/\/www.schlanser.ch\/magazin\/camping-an-der-noerdlichen-adria\/"]}]},{"@type":"ImageObject","inLanguage":"de-DE","@id":"https:\/\/www.schlanser.ch\/magazin\/camping-an-der-noerdlichen-adria\/#primaryimage","url":"https:\/\/www.schlanser.ch\/magazin\/wp-content\/uploads\/2016\/11\/Camping-an-der-n\u00f6rdlichen-Adria.jpg","contentUrl":"https:\/\/www.schlanser.ch\/magazin\/wp-content\/uploads\/2016\/11\/Camping-an-der-n\u00f6rdlichen-Adria.jpg","width":800,"height":531,"caption":"\u00a9 photo 5000 \/ Fotolia.com"},{"@type":"BreadcrumbList","@id":"https:\/\/www.schlanser.ch\/magazin\/camping-an-der-noerdlichen-adria\/#breadcrumb","itemListElement":[{"@type":"ListItem","position":1,"name":"Startseite","item":"https:\/\/www.schlanser.ch\/magazin\/"},{"@type":"ListItem","position":2,"name":"Camping an der Adria"}]},{"@type":"WebSite","@id":"https:\/\/www.schlanser.ch\/magazin\/#website","url":"https:\/\/www.schlanser.ch\/magazin\/","name":"Schlanser Magazin","description":"","potentialAction":[{"@type":"SearchAction","target":{"@type":"EntryPoint","urlTemplate":"https:\/\/www.schlanser.ch\/magazin\/?s={search_term_string}"},"query-input":"required name=search_term_string"}],"inLanguage":"de-DE"},{"@type":"Person","@id":"https:\/\/www.schlanser.ch\/magazin\/#\/schema\/person\/000db0a103eb2594ba3daf394b1dfea2","name":"admin","image":{"@type":"ImageObject","inLanguage":"de-DE","@id":"https:\/\/www.schlanser.ch\/magazin\/#\/schema\/person\/image\/","url":"https:\/\/secure.gravatar.com\/avatar\/a794a4fe8a9b9c52241597eb381dfa2e?s=96&d=mm&r=g","contentUrl":"https:\/\/secure.gravatar.com\/avatar\/a794a4fe8a9b9c52241597eb381dfa2e?s=96&d=mm&r=g","caption":"admin"}}]}},"_links":{"self":[{"href":"https:\/\/www.schlanser.ch\/magazin\/wp-json\/wp\/v2\/posts\/331"}],"collection":[{"href":"https:\/\/www.schlanser.ch\/magazin\/wp-json\/wp\/v2\/posts"}],"about":[{"href":"https:\/\/www.schlanser.ch\/magazin\/wp-json\/wp\/v2\/types\/post"}],"author":[{"embeddable":true,"href":"https:\/\/www.schlanser.ch\/magazin\/wp-json\/wp\/v2\/users\/1"}],"replies":[{"embeddable":true,"href":"https:\/\/www.schlanser.ch\/magazin\/wp-json\/wp\/v2\/comments?post=331"}],"version-history":[{"count":50,"href":"https:\/\/www.schlanser.ch\/magazin\/wp-json\/wp\/v2\/posts\/331\/revisions"}],"predecessor-version":[{"id":19133,"href":"https:\/\/www.schlanser.ch\/magazin\/wp-json\/wp\/v2\/posts\/331\/revisions\/19133"}],"wp:featuredmedia":[{"embeddable":true,"href":"https:\/\/www.schlanser.ch\/magazin\/wp-json\/wp\/v2\/media\/379"}],"wp:attachment":[{"href":"https:\/\/www.schlanser.ch\/magazin\/wp-json\/wp\/v2\/media?parent=331"}],"wp:term":[{"taxonomy":"category","embeddable":true,"href":"https:\/\/www.schlanser.ch\/magazin\/wp-json\/wp\/v2\/categories?post=331"},{"taxonomy":"post_tag","embeddable":true,"href":"https:\/\/www.schlanser.ch\/magazin\/wp-json\/wp\/v2\/tags?post=331"}],"curies":[{"name":"wp","href":"https:\/\/api.w.org\/{rel}","templated":true}]}}