{"id":3347,"date":"2017-12-06T10:14:24","date_gmt":"2017-12-06T09:14:24","guid":{"rendered":"https:\/\/www.schlanser.ch\/magazin\/?p=3347"},"modified":"2024-01-10T14:45:26","modified_gmt":"2024-01-10T13:45:26","slug":"campingstuhl-campingsessel-campinghocker","status":"publish","type":"post","link":"https:\/\/www.schlanser.ch\/magazin\/campingstuhl-campingsessel-campinghocker\/","title":{"rendered":"Campingstuhl, Campingsessel, Campinghocker"},"content":{"rendered":"<h2>\u00ab Sitzen Sie bequem in den Ferien \u00bb<\/h2>\n<p style=\"text-align: justify;\"><strong>&#8222;Die Beine hochlegen&#8220; ist ein gern genutztes Synonym f\u00fcr &#8222;sich ausruhen&#8220;. Und das kommt nicht von allzu weit her: Legen Sie die Beine in der Waagrechten ab, f\u00e4hrt allm\u00e4hlich der gesamte Kreislauf herunter. Der Puls wird langsamer und der Blutdruck sinkt. Das sind fast schon kleine Ferien. Wie Sie im Campingurlaub so richtig bequem sitzen, Beine hochlegen und Seele baumeln lassen k\u00f6nnen, verraten wir Ihnen hier. Viel Spass bei unserem Special zu\u00a0 <\/strong><a href=\"https:\/\/www.schlanser.ch\/moebel\/campingmoebel\/campingstuehle\/\"><strong>Campingstuhl, Campingsessel, Campinghocker<\/strong><\/a><strong>!<\/strong><\/p>\n<h2>Was ist das Besondere an Campingst\u00fchlen?<\/h2>\n<p style=\"text-align: justify;\">Bei Campingst\u00fchlen wird im Herstellungsprozess besonders auf drei Dinge geachtet: In erster Linie soll man auf einer Sitzgelegenheit nat\u00fcrlich bequem sitzen. Wegen des h\u00e4ufigen Transports und des meist begrenzten Raums in Wohnmobil oder Camping-Van muss der Campingstuhl aber ebenso handlich sowie platzsparend zu verstauen sein. Daher sind Campingst\u00fchle, Campinghocker und andere Sitzm\u00f6bel in der Regel flach zusammenklappbar.<\/p>\n<p><center><img loading=\"lazy\" decoding=\"async\" class=\"alignnone wp-image-3388 size-full\" title=\"Campingstuhl Mesh Deluxe von EA\" src=\"https:\/\/www.schlanser.ch\/magazin\/wp-content\/uploads\/2017\/12\/EA-Campingstuhl-Mesh-Deluxe.jpg\" alt=\"EA Campingstuhl Mesh Deluxe\" width=\"300\" height=\"300\" srcset=\"https:\/\/www.schlanser.ch\/magazin\/wp-content\/uploads\/2017\/12\/EA-Campingstuhl-Mesh-Deluxe.jpg 300w, https:\/\/www.schlanser.ch\/magazin\/wp-content\/uploads\/2017\/12\/EA-Campingstuhl-Mesh-Deluxe-150x150.jpg 150w\" sizes=\"(max-width: 300px) 100vw, 300px\" \/> <img loading=\"lazy\" decoding=\"async\" class=\"alignnone wp-image-3389 size-full\" title=\"Campingstuhl plumas von Outwell\" src=\"https:\/\/www.schlanser.ch\/magazin\/wp-content\/uploads\/2017\/12\/Outwell-Campingstuhl-plumas.jpg\" alt=\"Outwell Campingstuhl plumas\" width=\"248\" height=\"300\" \/><\/center><\/p>\n<p style=\"text-align: justify;\">Ein geringes Gewicht ist ausserdem bei den Modellen von Bedeutung, die im Urlaub oft mit an den Strand oder zum Picknickplatz getragen werden. Zu guter Letzt legen Hersteller grossen Wert auf robustes und pflegeleichtes Material. Schliesslich werden Campingst\u00fchle durchaus tagelang Draussen stehen gelassen. Dort m\u00fcssen sie zum Teil grossen Temperaturschwankungen und manchmal direkter Sonneneinstrahlung trotzen.<\/p>\n<figure id=\"attachment_3386\" aria-describedby=\"caption-attachment-3386\" style=\"width: 600px\" class=\"wp-caption aligncenter\"><img loading=\"lazy\" decoding=\"async\" class=\"wp-image-3386 size-full\" title=\"Mit Campingst\u00fchlen am Lagerfeuer\" src=\"https:\/\/www.schlanser.ch\/magazin\/wp-content\/uploads\/2017\/12\/Mit-Campingstuehlen-am-Lagerfeuer.jpg\" alt=\"Mit Campingstuehlen am Lagerfeuer\" width=\"600\" height=\"400\" srcset=\"https:\/\/www.schlanser.ch\/magazin\/wp-content\/uploads\/2017\/12\/Mit-Campingstuehlen-am-Lagerfeuer.jpg 600w, https:\/\/www.schlanser.ch\/magazin\/wp-content\/uploads\/2017\/12\/Mit-Campingstuehlen-am-Lagerfeuer-300x200.jpg 300w\" sizes=\"(max-width: 600px) 100vw, 600px\" \/><figcaption id=\"caption-attachment-3386\" class=\"wp-caption-text\">\u00a9 realstock1 \/ Fotolia.com<\/figcaption><\/figure>\n<p style=\"text-align: justify;\">Abh\u00e4ngig von Untergrund und Nutzer verschmutzt der Campingstuhl recht schnell. Deswegen ist ein pflegeleichtes Material \u00e4usserst dankbar. Dieses wischen Sie einfach mit einem feuchten Lappen sauber oder spritzen im H\u00e4rtefall den ganzen Stuhl mit einem harten Wasserstrahl ab. Aufgrund all der genannten Eigenschaften sind Campingsessel und Co. ausserdem sehr beliebte M\u00f6belst\u00fccke f\u00fcr Garten und Balkon. Im Sommer k\u00f6nnen Sie sie draussen stehen lassen. Im Winter lassen sie sich schnell und auf kleinstem Raum einlagern.<\/p>\n<h2>Der puritanische Campingstuhl<\/h2>\n<p style=\"text-align: justify;\">Wir beginnen unsere Ausf\u00fchrung \u00fcber Sitzm\u00f6bel f\u00fcrs Camping mit dem klassischen Campingstuhl. Dieses Modell zeichnet sich durch praktische Schlichtheit aus. Die R\u00fcckenlehne reicht in der Regel maximal bis auf Schulterh\u00f6he. An den Seiten finden Sie Armablagen. Diese sind nicht nur eine bequeme Ablagefl\u00e4che, sondern meist auch Verstellhebel f\u00fcr den Winkel der R\u00fcckenlehne.<\/p>\n<figure id=\"attachment_3382\" aria-describedby=\"caption-attachment-3382\" style=\"width: 600px\" class=\"wp-caption aligncenter\"><img loading=\"lazy\" decoding=\"async\" class=\"wp-image-3382 size-full\" title=\"Der puritanische Campingstuhl\" src=\"https:\/\/www.schlanser.ch\/magazin\/wp-content\/uploads\/2017\/12\/Der-puritanische-Campingstuhl.jpg\" alt=\"Der puritanische Campingstuhl\" width=\"600\" height=\"338\" srcset=\"https:\/\/www.schlanser.ch\/magazin\/wp-content\/uploads\/2017\/12\/Der-puritanische-Campingstuhl.jpg 600w, https:\/\/www.schlanser.ch\/magazin\/wp-content\/uploads\/2017\/12\/Der-puritanische-Campingstuhl-300x169.jpg 300w\" sizes=\"(max-width: 600px) 100vw, 600px\" \/><figcaption id=\"caption-attachment-3382\" class=\"wp-caption-text\">\u00a9 Franz \/ Fotolia.com<\/figcaption><\/figure>\n<p style=\"text-align: justify;\">Der einfache Campingstuhl eignet sich f\u00fcr Camper, deren Hauptanspruch es ist, eine handliche Sitzgelegenheit zu haben. Es sind meist die leichten und platzsparenden Modelle. Daher sind sie ideal f\u00fcr den h\u00e4ufigen Transport von Hand und perfekt bei wenig Stauraum im Fahrzeug. Soll eine ganze Sitzgarnitur im kleinen Vorzelt untergebracht werden, nimmt der Campingstuhl weniger Raum ein als ein ausladender Campingsessel. Auf glattem Untergrund, wie zum Beispiel einer Terrasse oder dem Vorzeltboden stehen St\u00fchle sehr stabil, deren F\u00fcsse auf Bodenh\u00f6he mit Querstreben verbunden sind. Hingegen sind f\u00fcr unebenes Terrain St\u00fchle zu bevorzugen, deren Querstreben weiter oben an den Stuhlbeinen angebracht sind.<\/p>\n<p><center><img loading=\"lazy\" decoding=\"async\" class=\"alignnone wp-image-3377 size-full\" title=\"Klappstuhl Advancer AG von Westfield\" src=\"https:\/\/www.schlanser.ch\/magazin\/wp-content\/uploads\/2017\/12\/Westfield-Klappstuhl-Advancer-AG.jpg\" alt=\"Westfield Klappstuhl Advancer AG\" width=\"300\" height=\"300\" srcset=\"https:\/\/www.schlanser.ch\/magazin\/wp-content\/uploads\/2017\/12\/Westfield-Klappstuhl-Advancer-AG.jpg 300w, https:\/\/www.schlanser.ch\/magazin\/wp-content\/uploads\/2017\/12\/Westfield-Klappstuhl-Advancer-AG-150x150.jpg 150w\" sizes=\"(max-width: 300px) 100vw, 300px\" \/> <img loading=\"lazy\" decoding=\"async\" class=\"alignnone wp-image-3378 size-full\" title=\"Klappstuhl Advancer DB von Westfield\" src=\"https:\/\/www.schlanser.ch\/magazin\/wp-content\/uploads\/2017\/12\/Westfield-Klappstuhl-Advancer-DB.jpg\" alt=\"Westfield Klappstuhl Advancer DB\" width=\"300\" height=\"300\" srcset=\"https:\/\/www.schlanser.ch\/magazin\/wp-content\/uploads\/2017\/12\/Westfield-Klappstuhl-Advancer-DB.jpg 300w, https:\/\/www.schlanser.ch\/magazin\/wp-content\/uploads\/2017\/12\/Westfield-Klappstuhl-Advancer-DB-150x150.jpg 150w\" sizes=\"(max-width: 300px) 100vw, 300px\" \/><\/center><\/p>\n<p style=\"text-align: justify;\">F\u00fcr besonders weichen Boden finden Sie beispielsweise bei <a href=\"https:\/\/www.schlanser.ch\/westfield\/\">Westfield<\/a> aufsteckbare Fussteller. Diese vergr\u00f6ssern die Standfl\u00e4che des Stuhlbeines und beugen so effektiv dem Versinken im Untergrund vor. Manche Firmen bieten spezielle Sitzm\u00f6bel f\u00fcrs Camping an, die in erster Linie f\u00fcr den Transport per Hand oder Handwagen geeignet sind.<\/p>\n<p><img loading=\"lazy\" decoding=\"async\" class=\"aligncenter wp-image-3375 size-full\" title=\"Beachline Strandstuhl von Berger\" src=\"https:\/\/www.schlanser.ch\/magazin\/wp-content\/uploads\/2017\/12\/Berger-Beachline-Strandstuhl.jpg\" alt=\"Berger Beachline Strandstuhl\" width=\"600\" height=\"600\" srcset=\"https:\/\/www.schlanser.ch\/magazin\/wp-content\/uploads\/2017\/12\/Berger-Beachline-Strandstuhl.jpg 600w, https:\/\/www.schlanser.ch\/magazin\/wp-content\/uploads\/2017\/12\/Berger-Beachline-Strandstuhl-150x150.jpg 150w, https:\/\/www.schlanser.ch\/magazin\/wp-content\/uploads\/2017\/12\/Berger-Beachline-Strandstuhl-300x300.jpg 300w\" sizes=\"(max-width: 600px) 100vw, 600px\" \/><\/p>\n<p style=\"text-align: justify;\">Dazu geh\u00f6ren auch die St\u00fchle aus der Beachline-Serie von <a href=\"https:\/\/www.schlanser.ch\/berger\/\">Fritz Berger<\/a>. Selbst Kinder k\u00f6nnen diese Sitzgelegenheiten zum Strand oder an den Badesee tragen. Das ist praktisch f\u00fcr alle, die gerne bequem sitzen und sich nicht auf der Erde niederlassen m\u00f6chten.<\/p>\n<h2>H\u00f6chster Luxus im Campingsessel<\/h2>\n<p style=\"text-align: justify;\">Campingsessel sind das H\u00f6chste an Komfort, den Sie sich beim Camping vorstellen k\u00f6nnen. Die R\u00fcckenlehne geht bis zum Kopf hinauf, wo in der Regel ein bequemes Kissen den Kopf angenehm st\u00fctzt. Sitzfl\u00e4che und R\u00fccken sind bequem gepolstert. Ein Campingsessel l\u00e4dt dazu ein, sich den lieben langen Tag gem\u00fctlich in der Sonne zu rekeln. Die Lehne kann in mehreren Stufen von der vertikalen bis zur horizontalen Position verstellt werden.<\/p>\n<p><center><img loading=\"lazy\" decoding=\"async\" class=\"alignnone wp-image-3368 size-full\" title=\"Campingsessel Compact XXL von Crespo\" src=\"https:\/\/www.schlanser.ch\/magazin\/wp-content\/uploads\/2017\/12\/Crespo-Campingsessel-Compact-XXL.jpg\" alt=\"Crespo Campingsessel Compact XXL\" width=\"300\" height=\"300\" srcset=\"https:\/\/www.schlanser.ch\/magazin\/wp-content\/uploads\/2017\/12\/Crespo-Campingsessel-Compact-XXL.jpg 300w, https:\/\/www.schlanser.ch\/magazin\/wp-content\/uploads\/2017\/12\/Crespo-Campingsessel-Compact-XXL-150x150.jpg 150w\" sizes=\"(max-width: 300px) 100vw, 300px\" \/> <img loading=\"lazy\" decoding=\"async\" class=\"alignnone wp-image-3369 size-full\" title=\"Gepolsterter Campingsessel Deluxe von Crespo\" src=\"https:\/\/www.schlanser.ch\/magazin\/wp-content\/uploads\/2017\/12\/Crespo-Campingsessel-Deluxe-gepolstert.jpg\" alt=\"Crespo Campingsessel Deluxe gepolstert\" width=\"300\" height=\"300\" srcset=\"https:\/\/www.schlanser.ch\/magazin\/wp-content\/uploads\/2017\/12\/Crespo-Campingsessel-Deluxe-gepolstert.jpg 300w, https:\/\/www.schlanser.ch\/magazin\/wp-content\/uploads\/2017\/12\/Crespo-Campingsessel-Deluxe-gepolstert-150x150.jpg 150w\" sizes=\"(max-width: 300px) 100vw, 300px\" \/><\/center><\/p>\n<p style=\"text-align: justify;\">Passend zu dem jeweiligen Campingsessel bieten die Hersteller oftmals eine Beinauflage an. Diese wird unter der Sitzfl\u00e4che eingeh\u00e4ngt. Vereinzelt finden Sie auch freistehende Varianten. In jedem Fall machen Beinauflagen aus dem Campingsessel eine bequeme Liege, auf der Sie sich im Urlaub ausruhen k\u00f6nnen.<\/p>\n<p><center><img loading=\"lazy\" decoding=\"async\" class=\"alignnone wp-image-3364 size-full\" title=\"Freistehende Beinauflage Air-Deluxe von Crespo\" src=\"https:\/\/www.schlanser.ch\/magazin\/wp-content\/uploads\/2017\/12\/Crespo-Beinauflage-freistehend-Air-Deluxe.jpg\" alt=\"Crespo Beinauflage freistehend Air-Deluxe\" width=\"300\" height=\"300\" srcset=\"https:\/\/www.schlanser.ch\/magazin\/wp-content\/uploads\/2017\/12\/Crespo-Beinauflage-freistehend-Air-Deluxe.jpg 300w, https:\/\/www.schlanser.ch\/magazin\/wp-content\/uploads\/2017\/12\/Crespo-Beinauflage-freistehend-Air-Deluxe-150x150.jpg 150w\" sizes=\"(max-width: 300px) 100vw, 300px\" \/> <img loading=\"lazy\" decoding=\"async\" class=\"alignnone wp-image-3365 size-full\" title=\"Campingsessel Compact 3D Air-Deluxe von Crespo\" src=\"https:\/\/www.schlanser.ch\/magazin\/wp-content\/uploads\/2017\/12\/Crespo-Campingsessel-Compact-3D-Air-Deluxe.jpg\" alt=\"Crespo Campingsessel Compact 3D Air-Deluxe\" width=\"300\" height=\"300\" srcset=\"https:\/\/www.schlanser.ch\/magazin\/wp-content\/uploads\/2017\/12\/Crespo-Campingsessel-Compact-3D-Air-Deluxe.jpg 300w, https:\/\/www.schlanser.ch\/magazin\/wp-content\/uploads\/2017\/12\/Crespo-Campingsessel-Compact-3D-Air-Deluxe-150x150.jpg 150w\" sizes=\"(max-width: 300px) 100vw, 300px\" \/><\/center><\/p>\n<p style=\"text-align: justify;\">Aufgrund des gr\u00f6sseren Platzbedarfs sind diese <a href=\"https:\/\/www.schlanser.ch\/moebel\/campingmoebel\/\">Campingm\u00f6bel<\/a> eher f\u00fcr ger\u00e4umige Wohnw\u00e4gen mit grossem Vorzelt geeignet. Alternativ stellen Sie sich den Campingsessel f\u00fcr die Ruhepausen Zuhause einfach in den Garten. Ist der Verwendungszweck vorrangig das Liegen, bietet sich gleichermassen eine <a href=\"https:\/\/www.schlanser.ch\/moebel\/campingmoebel\/campingliegen\/\">Sonnenliege<\/a> an. Mit drei einklappbaren Beinen ist diese ebenfalls recht kompakt aufzubewahren.<\/p>\n<p><img loading=\"lazy\" decoding=\"async\" class=\"aligncenter wp-image-3360 size-full\" title=\"XL Sonnenliege von Berger | Farbe: Grau\" src=\"https:\/\/www.schlanser.ch\/magazin\/wp-content\/uploads\/2017\/12\/Berger-Sonnenliege-XL-grau.jpg\" alt=\"Berger Sonnenliege XL grau\" width=\"600\" height=\"370\" srcset=\"https:\/\/www.schlanser.ch\/magazin\/wp-content\/uploads\/2017\/12\/Berger-Sonnenliege-XL-grau.jpg 600w, https:\/\/www.schlanser.ch\/magazin\/wp-content\/uploads\/2017\/12\/Berger-Sonnenliege-XL-grau-300x185.jpg 300w\" sizes=\"(max-width: 600px) 100vw, 600px\" \/><\/p>\n<p style=\"text-align: justify;\">Die luxuri\u00f6seren Modelle verf\u00fcgen \u00fcber ein Nackenkissen oder haben eine gr\u00f6ssere und h\u00f6here Liegefl\u00e4che. So zum Beispiel die Sonnenliege XL von Berger. Sie ist aufgrund ihrer H\u00f6he besonders praktisch f\u00fcr Personen mit Schwierigkeiten beim Aufstehen.<\/p>\n<h2>Klein, handlich und immer dabei: der Campinghocker<\/h2>\n<p style=\"text-align: justify;\">Die komplett abgespeckte Variante eines Campingstuhls ist der Campinghocker. Er bietet mit einer kleinen Sitzfl\u00e4che einen basalen Sitzkomfort. Eine R\u00fcckenlehne werden Sie hier ebenso wenig finden wie Armablagen. Daf\u00fcr ist der Campinghocker immer mit dabei.<\/p>\n<p><center><img loading=\"lazy\" decoding=\"async\" class=\"alignnone wp-image-3349 size-full\" title=\"Campinghocker CG von Westfield\" src=\"https:\/\/www.schlanser.ch\/magazin\/wp-content\/uploads\/2017\/12\/Westfield-Campinghocker-CG.jpg\" alt=\"Westfield Campinghocker CG\" width=\"300\" height=\"300\" srcset=\"https:\/\/www.schlanser.ch\/magazin\/wp-content\/uploads\/2017\/12\/Westfield-Campinghocker-CG.jpg 300w, https:\/\/www.schlanser.ch\/magazin\/wp-content\/uploads\/2017\/12\/Westfield-Campinghocker-CG-150x150.jpg 150w\" sizes=\"(max-width: 300px) 100vw, 300px\" \/> <img loading=\"lazy\" decoding=\"async\" class=\"alignnone wp-image-3350 size-full\" title=\"Campinghocker PB von Westfield\" src=\"https:\/\/www.schlanser.ch\/magazin\/wp-content\/uploads\/2017\/12\/Westfield-Campinghocker-PB.jpg\" alt=\"Westfield Campinghocker PB\" width=\"300\" height=\"300\" srcset=\"https:\/\/www.schlanser.ch\/magazin\/wp-content\/uploads\/2017\/12\/Westfield-Campinghocker-PB.jpg 300w, https:\/\/www.schlanser.ch\/magazin\/wp-content\/uploads\/2017\/12\/Westfield-Campinghocker-PB-150x150.jpg 150w\" sizes=\"(max-width: 300px) 100vw, 300px\" \/><\/center><\/p>\n<p style=\"text-align: justify;\">Er ist so leicht und kompakt, dass Sie ihn sogar zum Fussballspiel der Kinder oder f\u00fcr die Grossmutter auf den Tagesausflug mitnehmen werden. Beliebt ist er ausserdem beim Camping als Sitzgelegenheit f\u00fcr Kinder. Wenn die Kleinen viel zappeln und h\u00e4ufig aufspringen, w\u00e4re eine R\u00fcckenlehne eh nur im Weg.<\/p>\n<p><center><img loading=\"lazy\" decoding=\"async\" class=\"alignnone wp-image-3355 size-full\" title=\"Campinghocker von Crespo\" src=\"https:\/\/www.schlanser.ch\/magazin\/wp-content\/uploads\/2017\/12\/Crespo-Campinghocker.jpg\" alt=\"Crespo Campinghocker\" width=\"300\" height=\"300\" srcset=\"https:\/\/www.schlanser.ch\/magazin\/wp-content\/uploads\/2017\/12\/Crespo-Campinghocker.jpg 300w, https:\/\/www.schlanser.ch\/magazin\/wp-content\/uploads\/2017\/12\/Crespo-Campinghocker-150x150.jpg 150w\" sizes=\"(max-width: 300px) 100vw, 300px\" \/> <img loading=\"lazy\" decoding=\"async\" class=\"alignnone wp-image-3356 size-full\" title=\"Graue Platte zum Campinghocker von Crespo\" src=\"https:\/\/www.schlanser.ch\/magazin\/wp-content\/uploads\/2017\/12\/Graue-Platte-zum-Crespo-Campinghocker.jpg\" alt=\"Graue Platte zum Crespo Campinghocker\" width=\"300\" height=\"300\" srcset=\"https:\/\/www.schlanser.ch\/magazin\/wp-content\/uploads\/2017\/12\/Graue-Platte-zum-Crespo-Campinghocker.jpg 300w, https:\/\/www.schlanser.ch\/magazin\/wp-content\/uploads\/2017\/12\/Graue-Platte-zum-Crespo-Campinghocker-150x150.jpg 150w\" sizes=\"(max-width: 300px) 100vw, 300px\" \/><\/center><\/p>\n<p style=\"text-align: justify;\">Als Erweiterung zum Stuhl fungiert der Campinghocker als Beinablage. F\u00fcr viele Modelle werden erg\u00e4nzend kleine Platten angeboten. Firmen wie Crespo oder Westfield haben hier sehr stabile Varianten ausget\u00fcftelt. Mit der passenden Platte machen Sie aus Ihrem Campinghocker im Handumdrehen einen praktischen Beistelltisch.<\/p>\n<h2>Accessoires f\u00fcr Ihren Campingstuhl<\/h2>\n<p style=\"text-align: justify;\">Es gibt immer M\u00f6glichkeiten, die Zeit im Campingstuhl noch angenehmer zu gestalten. Ein Klassiker sind Polsterauflagen, die gleich mehrere Vorz\u00fcge mit sich bringen.<\/p>\n<p><img loading=\"lazy\" decoding=\"async\" class=\"aligncenter wp-image-3403 size-full\" title=\"Blaue Polsterauflage von Berger\" src=\"https:\/\/www.schlanser.ch\/magazin\/wp-content\/uploads\/2017\/12\/Berger-Polsterauflage-blau.jpg\" alt=\"Berger Polsterauflage blau\" width=\"600\" height=\"300\" srcset=\"https:\/\/www.schlanser.ch\/magazin\/wp-content\/uploads\/2017\/12\/Berger-Polsterauflage-blau.jpg 600w, https:\/\/www.schlanser.ch\/magazin\/wp-content\/uploads\/2017\/12\/Berger-Polsterauflage-blau-300x150.jpg 300w\" sizes=\"(max-width: 600px) 100vw, 600px\" \/><\/p>\n<p style=\"text-align: justify;\">Zum einen sitzen Sie mit einer zus\u00e4tzlichen Auflage sehr viel weicher. Zum anderen k\u00f6nnen Sie die Auflagen im Gegensatz zur Stuhlbespannung selbst ganz leicht waschen. Das Material ist in der Regel sehr pflegeleicht und dennoch sehr robust. Ein Bezug stellt ausserdem eine M\u00f6glichkeit dar, den Stuhl selbst zu schonen.<\/p>\n<p><center><img loading=\"lazy\" decoding=\"async\" class=\"alignnone wp-image-3399 size-full\" title=\"Blaue Frotteeauflage von Berger\" src=\"https:\/\/www.schlanser.ch\/magazin\/wp-content\/uploads\/2017\/12\/Berger-Frotteeauflage-blau.jpg\" alt=\"Berger Frotteeauflage blau\" width=\"300\" height=\"300\" srcset=\"https:\/\/www.schlanser.ch\/magazin\/wp-content\/uploads\/2017\/12\/Berger-Frotteeauflage-blau.jpg 300w, https:\/\/www.schlanser.ch\/magazin\/wp-content\/uploads\/2017\/12\/Berger-Frotteeauflage-blau-150x150.jpg 150w\" sizes=\"(max-width: 300px) 100vw, 300px\" \/> <img loading=\"lazy\" decoding=\"async\" class=\"alignnone wp-image-3400 size-full\" title=\"Graue Frotteeauflage von Berger\" src=\"https:\/\/www.schlanser.ch\/magazin\/wp-content\/uploads\/2017\/12\/Berger-Frotteeauflage-grau.jpg\" alt=\"Berger Frotteeauflage grau\" width=\"300\" height=\"300\" srcset=\"https:\/\/www.schlanser.ch\/magazin\/wp-content\/uploads\/2017\/12\/Berger-Frotteeauflage-grau.jpg 300w, https:\/\/www.schlanser.ch\/magazin\/wp-content\/uploads\/2017\/12\/Berger-Frotteeauflage-grau-150x150.jpg 150w\" sizes=\"(max-width: 300px) 100vw, 300px\" \/><\/center><\/p>\n<p style=\"text-align: justify;\">Spezielle Frottee-Auflagen haben einen hohen Baumwollanteil oder bestehen sogar zu 100 % aus diesem nat\u00fcrlichen Material. Es ist im Vergleich zu Kunstfaser sehr viel angenehmer an der Haut. Legen Sie zum Sonnen normalerweise ein herk\u00f6mmliches Handtuch \u00fcber Ihren Campingsessel, wird sie der Frotteebezug durch seine M\u00f6glichkeiten zur Fixierung von sich \u00fcberzeugen.<\/p>\n<p><a href=\"https:\/\/www.schlanser.ch\/moebel\/campingmoebel-zubehoer\/moebelzubehoer\/3546\/berger-getraenkehalter\" class=\"broken_link\"><img loading=\"lazy\" decoding=\"async\" class=\"aligncenter wp-image-3393 size-full\" title=\"Getr\u00e4nkehalter von Berger\" src=\"https:\/\/www.schlanser.ch\/magazin\/wp-content\/uploads\/2017\/12\/Berger-Getraenkehalter.jpg\" alt=\"Berger Getraenkehalter\" width=\"600\" height=\"600\" srcset=\"https:\/\/www.schlanser.ch\/magazin\/wp-content\/uploads\/2017\/12\/Berger-Getraenkehalter.jpg 600w, https:\/\/www.schlanser.ch\/magazin\/wp-content\/uploads\/2017\/12\/Berger-Getraenkehalter-150x150.jpg 150w, https:\/\/www.schlanser.ch\/magazin\/wp-content\/uploads\/2017\/12\/Berger-Getraenkehalter-300x300.jpg 300w\" sizes=\"(max-width: 600px) 100vw, 600px\" \/><\/a><\/p>\n<p style=\"text-align: justify;\">Andere Accessoires k\u00fcmmern sich um die Ablage der allt\u00e4glichen Gegenst\u00e4nde. So finden Sie bei Berger einen Getr\u00e4nkehalter, der seitlich an nahezu jedem Klappstuhl befestigt werden kann. Die beiden Abstellfl\u00e4chen weisen unterschiedlich grosse Durchmesser auf, sodass jedes Glas und jede Flasche hier einen Platz finden.<\/p>\n<p><img loading=\"lazy\" decoding=\"async\" class=\"aligncenter wp-image-3396 size-full\" title=\"Einh\u00e4ngetasche f\u00fcr St\u00fchle von Berger\" src=\"https:\/\/www.schlanser.ch\/magazin\/wp-content\/uploads\/2017\/12\/Berger-Einhaengetasche-fuer-Stuehle.jpg\" alt=\"Berger Einhaengetasche fuer Stuehle\" width=\"600\" height=\"480\" srcset=\"https:\/\/www.schlanser.ch\/magazin\/wp-content\/uploads\/2017\/12\/Berger-Einhaengetasche-fuer-Stuehle.jpg 600w, https:\/\/www.schlanser.ch\/magazin\/wp-content\/uploads\/2017\/12\/Berger-Einhaengetasche-fuer-Stuehle-300x240.jpg 300w\" sizes=\"(max-width: 600px) 100vw, 600px\" \/><\/p>\n<p style=\"text-align: justify;\">Eine Einh\u00e4ngetasche, wie es sie beispielsweise von Berger gibt, fixieren Sie seitlich an der Armlehne Ihres Campingstuhls. In den verschiedenen F\u00e4chern bringen Sie Ihre Zeitung, Ihr Buch, die Sonnencreme oder -brille ganz komfortabel unter. Aufstehen oder auch nur Aufsetzen, um Ihre Lekt\u00fcre beiseitezulegen, wird hiermit obsolet.<\/p>\n","protected":false},"excerpt":{"rendered":"<p>\u00ab Sitzen Sie bequem in den Ferien \u00bb &#8222;Die Beine hochlegen&#8220; ist ein gern genutztes Synonym f\u00fcr &#8222;sich ausruhen&#8220;. Und das kommt nicht von allzu weit her: Legen Sie die Beine in der Waagrechten ab, f\u00e4hrt allm\u00e4hlich der gesamte Kreislauf herunter. Der Puls wird langsamer und der Blutdruck sinkt. Das sind fast schon kleine Ferien. &hellip;<\/p>\n","protected":false},"author":1,"featured_media":3371,"comment_status":"closed","ping_status":"open","sticky":false,"template":"","format":"standard","meta":{"footnotes":""},"categories":[1],"tags":[466,468,18,201,463,462,226,467,464,472,470,471,233,56,469,33,231,229,465],"yoast_head":"<!-- This site is optimized with the Yoast SEO plugin v22.2 - https:\/\/yoast.com\/wordpress\/plugins\/seo\/ -->\n<title>Campingstuhl, Campingsessel, Campinghocker - Schlanser Magazin<\/title>\n<meta name=\"description\" content=\"Das Schlanser Magazin verr\u00e4t, worauf es bei Sitzgelegenheiten f\u00fcr den Campingplatz ankommt! Mehr zu Campingstuhl \u2714 Campingsessel \u2714 Campinghocker \u2714\" \/>\n<meta name=\"robots\" content=\"index, follow, max-snippet:-1, max-image-preview:large, max-video-preview:-1\" \/>\n<link rel=\"canonical\" href=\"https:\/\/www.schlanser.ch\/magazin\/campingstuhl-campingsessel-campinghocker\/\" \/>\n<meta property=\"og:locale\" content=\"de_DE\" \/>\n<meta property=\"og:type\" content=\"article\" \/>\n<meta property=\"og:title\" content=\"Campingstuhl, Campingsessel, Campinghocker - Schlanser Magazin\" \/>\n<meta property=\"og:description\" content=\"Das Schlanser Magazin verr\u00e4t, worauf es bei Sitzgelegenheiten f\u00fcr den Campingplatz ankommt! Mehr zu Campingstuhl \u2714 Campingsessel \u2714 Campinghocker \u2714\" \/>\n<meta property=\"og:url\" content=\"https:\/\/www.schlanser.ch\/magazin\/campingstuhl-campingsessel-campinghocker\/\" \/>\n<meta property=\"og:site_name\" content=\"Schlanser Magazin\" \/>\n<meta property=\"article:published_time\" content=\"2017-12-06T09:14:24+00:00\" \/>\n<meta property=\"article:modified_time\" content=\"2024-01-10T13:45:26+00:00\" \/>\n<meta property=\"og:image\" content=\"https:\/\/www.schlanser.ch\/magazin\/wp-content\/uploads\/2017\/12\/Campingstuhl-Campingsessel-Campinghocker.jpg\" \/>\n\t<meta property=\"og:image:width\" content=\"800\" \/>\n\t<meta property=\"og:image:height\" content=\"533\" \/>\n\t<meta property=\"og:image:type\" content=\"image\/jpeg\" \/>\n<meta name=\"author\" content=\"admin\" \/>\n<meta name=\"twitter:card\" content=\"summary_large_image\" \/>\n<meta name=\"twitter:label1\" content=\"Verfasst von\" \/>\n\t<meta name=\"twitter:data1\" content=\"admin\" \/>\n\t<meta name=\"twitter:label2\" content=\"Gesch\u00e4tzte Lesezeit\" \/>\n\t<meta name=\"twitter:data2\" content=\"6 Minuten\" \/>\n<script type=\"application\/ld+json\" class=\"yoast-schema-graph\">{\"@context\":\"https:\/\/schema.org\",\"@graph\":[{\"@type\":\"WebPage\",\"@id\":\"https:\/\/www.schlanser.ch\/magazin\/campingstuhl-campingsessel-campinghocker\/\",\"url\":\"https:\/\/www.schlanser.ch\/magazin\/campingstuhl-campingsessel-campinghocker\/\",\"name\":\"Campingstuhl, Campingsessel, Campinghocker - Schlanser Magazin\",\"isPartOf\":{\"@id\":\"https:\/\/www.schlanser.ch\/magazin\/#website\"},\"primaryImageOfPage\":{\"@id\":\"https:\/\/www.schlanser.ch\/magazin\/campingstuhl-campingsessel-campinghocker\/#primaryimage\"},\"image\":{\"@id\":\"https:\/\/www.schlanser.ch\/magazin\/campingstuhl-campingsessel-campinghocker\/#primaryimage\"},\"thumbnailUrl\":\"https:\/\/www.schlanser.ch\/magazin\/wp-content\/uploads\/2017\/12\/Campingstuhl-Campingsessel-Campinghocker.jpg\",\"datePublished\":\"2017-12-06T09:14:24+00:00\",\"dateModified\":\"2024-01-10T13:45:26+00:00\",\"author\":{\"@id\":\"https:\/\/www.schlanser.ch\/magazin\/#\/schema\/person\/000db0a103eb2594ba3daf394b1dfea2\"},\"description\":\"Das Schlanser Magazin verr\u00e4t, worauf es bei Sitzgelegenheiten f\u00fcr den Campingplatz ankommt! Mehr zu Campingstuhl \u2714 Campingsessel \u2714 Campinghocker \u2714\",\"breadcrumb\":{\"@id\":\"https:\/\/www.schlanser.ch\/magazin\/campingstuhl-campingsessel-campinghocker\/#breadcrumb\"},\"inLanguage\":\"de-DE\",\"potentialAction\":[{\"@type\":\"ReadAction\",\"target\":[\"https:\/\/www.schlanser.ch\/magazin\/campingstuhl-campingsessel-campinghocker\/\"]}]},{\"@type\":\"ImageObject\",\"inLanguage\":\"de-DE\",\"@id\":\"https:\/\/www.schlanser.ch\/magazin\/campingstuhl-campingsessel-campinghocker\/#primaryimage\",\"url\":\"https:\/\/www.schlanser.ch\/magazin\/wp-content\/uploads\/2017\/12\/Campingstuhl-Campingsessel-Campinghocker.jpg\",\"contentUrl\":\"https:\/\/www.schlanser.ch\/magazin\/wp-content\/uploads\/2017\/12\/Campingstuhl-Campingsessel-Campinghocker.jpg\",\"width\":800,\"height\":533,\"caption\":\"\u00a9 LazorPhotography \/ Fotolia.com\"},{\"@type\":\"BreadcrumbList\",\"@id\":\"https:\/\/www.schlanser.ch\/magazin\/campingstuhl-campingsessel-campinghocker\/#breadcrumb\",\"itemListElement\":[{\"@type\":\"ListItem\",\"position\":1,\"name\":\"Startseite\",\"item\":\"https:\/\/www.schlanser.ch\/magazin\/\"},{\"@type\":\"ListItem\",\"position\":2,\"name\":\"Campingstuhl, Campingsessel, Campinghocker\"}]},{\"@type\":\"WebSite\",\"@id\":\"https:\/\/www.schlanser.ch\/magazin\/#website\",\"url\":\"https:\/\/www.schlanser.ch\/magazin\/\",\"name\":\"Schlanser Magazin\",\"description\":\"\",\"potentialAction\":[{\"@type\":\"SearchAction\",\"target\":{\"@type\":\"EntryPoint\",\"urlTemplate\":\"https:\/\/www.schlanser.ch\/magazin\/?s={search_term_string}\"},\"query-input\":\"required name=search_term_string\"}],\"inLanguage\":\"de-DE\"},{\"@type\":\"Person\",\"@id\":\"https:\/\/www.schlanser.ch\/magazin\/#\/schema\/person\/000db0a103eb2594ba3daf394b1dfea2\",\"name\":\"admin\",\"image\":{\"@type\":\"ImageObject\",\"inLanguage\":\"de-DE\",\"@id\":\"https:\/\/www.schlanser.ch\/magazin\/#\/schema\/person\/image\/\",\"url\":\"https:\/\/secure.gravatar.com\/avatar\/a794a4fe8a9b9c52241597eb381dfa2e?s=96&d=mm&r=g\",\"contentUrl\":\"https:\/\/secure.gravatar.com\/avatar\/a794a4fe8a9b9c52241597eb381dfa2e?s=96&d=mm&r=g\",\"caption\":\"admin\"}}]}<\/script>\n<!-- \/ Yoast SEO plugin. -->","yoast_head_json":{"title":"Campingstuhl, Campingsessel, Campinghocker - Schlanser Magazin","description":"Das Schlanser Magazin verr\u00e4t, worauf es bei Sitzgelegenheiten f\u00fcr den Campingplatz ankommt! Mehr zu Campingstuhl \u2714 Campingsessel \u2714 Campinghocker \u2714","robots":{"index":"index","follow":"follow","max-snippet":"max-snippet:-1","max-image-preview":"max-image-preview:large","max-video-preview":"max-video-preview:-1"},"canonical":"https:\/\/www.schlanser.ch\/magazin\/campingstuhl-campingsessel-campinghocker\/","og_locale":"de_DE","og_type":"article","og_title":"Campingstuhl, Campingsessel, Campinghocker - Schlanser Magazin","og_description":"Das Schlanser Magazin verr\u00e4t, worauf es bei Sitzgelegenheiten f\u00fcr den Campingplatz ankommt! Mehr zu Campingstuhl \u2714 Campingsessel \u2714 Campinghocker \u2714","og_url":"https:\/\/www.schlanser.ch\/magazin\/campingstuhl-campingsessel-campinghocker\/","og_site_name":"Schlanser Magazin","article_published_time":"2017-12-06T09:14:24+00:00","article_modified_time":"2024-01-10T13:45:26+00:00","og_image":[{"width":800,"height":533,"url":"https:\/\/www.schlanser.ch\/magazin\/wp-content\/uploads\/2017\/12\/Campingstuhl-Campingsessel-Campinghocker.jpg","type":"image\/jpeg"}],"author":"admin","twitter_card":"summary_large_image","twitter_misc":{"Verfasst von":"admin","Gesch\u00e4tzte Lesezeit":"6 Minuten"},"schema":{"@context":"https:\/\/schema.org","@graph":[{"@type":"WebPage","@id":"https:\/\/www.schlanser.ch\/magazin\/campingstuhl-campingsessel-campinghocker\/","url":"https:\/\/www.schlanser.ch\/magazin\/campingstuhl-campingsessel-campinghocker\/","name":"Campingstuhl, Campingsessel, Campinghocker - Schlanser Magazin","isPartOf":{"@id":"https:\/\/www.schlanser.ch\/magazin\/#website"},"primaryImageOfPage":{"@id":"https:\/\/www.schlanser.ch\/magazin\/campingstuhl-campingsessel-campinghocker\/#primaryimage"},"image":{"@id":"https:\/\/www.schlanser.ch\/magazin\/campingstuhl-campingsessel-campinghocker\/#primaryimage"},"thumbnailUrl":"https:\/\/www.schlanser.ch\/magazin\/wp-content\/uploads\/2017\/12\/Campingstuhl-Campingsessel-Campinghocker.jpg","datePublished":"2017-12-06T09:14:24+00:00","dateModified":"2024-01-10T13:45:26+00:00","author":{"@id":"https:\/\/www.schlanser.ch\/magazin\/#\/schema\/person\/000db0a103eb2594ba3daf394b1dfea2"},"description":"Das Schlanser Magazin verr\u00e4t, worauf es bei Sitzgelegenheiten f\u00fcr den Campingplatz ankommt! Mehr zu Campingstuhl \u2714 Campingsessel \u2714 Campinghocker \u2714","breadcrumb":{"@id":"https:\/\/www.schlanser.ch\/magazin\/campingstuhl-campingsessel-campinghocker\/#breadcrumb"},"inLanguage":"de-DE","potentialAction":[{"@type":"ReadAction","target":["https:\/\/www.schlanser.ch\/magazin\/campingstuhl-campingsessel-campinghocker\/"]}]},{"@type":"ImageObject","inLanguage":"de-DE","@id":"https:\/\/www.schlanser.ch\/magazin\/campingstuhl-campingsessel-campinghocker\/#primaryimage","url":"https:\/\/www.schlanser.ch\/magazin\/wp-content\/uploads\/2017\/12\/Campingstuhl-Campingsessel-Campinghocker.jpg","contentUrl":"https:\/\/www.schlanser.ch\/magazin\/wp-content\/uploads\/2017\/12\/Campingstuhl-Campingsessel-Campinghocker.jpg","width":800,"height":533,"caption":"\u00a9 LazorPhotography \/ Fotolia.com"},{"@type":"BreadcrumbList","@id":"https:\/\/www.schlanser.ch\/magazin\/campingstuhl-campingsessel-campinghocker\/#breadcrumb","itemListElement":[{"@type":"ListItem","position":1,"name":"Startseite","item":"https:\/\/www.schlanser.ch\/magazin\/"},{"@type":"ListItem","position":2,"name":"Campingstuhl, Campingsessel, Campinghocker"}]},{"@type":"WebSite","@id":"https:\/\/www.schlanser.ch\/magazin\/#website","url":"https:\/\/www.schlanser.ch\/magazin\/","name":"Schlanser Magazin","description":"","potentialAction":[{"@type":"SearchAction","target":{"@type":"EntryPoint","urlTemplate":"https:\/\/www.schlanser.ch\/magazin\/?s={search_term_string}"},"query-input":"required name=search_term_string"}],"inLanguage":"de-DE"},{"@type":"Person","@id":"https:\/\/www.schlanser.ch\/magazin\/#\/schema\/person\/000db0a103eb2594ba3daf394b1dfea2","name":"admin","image":{"@type":"ImageObject","inLanguage":"de-DE","@id":"https:\/\/www.schlanser.ch\/magazin\/#\/schema\/person\/image\/","url":"https:\/\/secure.gravatar.com\/avatar\/a794a4fe8a9b9c52241597eb381dfa2e?s=96&d=mm&r=g","contentUrl":"https:\/\/secure.gravatar.com\/avatar\/a794a4fe8a9b9c52241597eb381dfa2e?s=96&d=mm&r=g","caption":"admin"}}]}},"_links":{"self":[{"href":"https:\/\/www.schlanser.ch\/magazin\/wp-json\/wp\/v2\/posts\/3347"}],"collection":[{"href":"https:\/\/www.schlanser.ch\/magazin\/wp-json\/wp\/v2\/posts"}],"about":[{"href":"https:\/\/www.schlanser.ch\/magazin\/wp-json\/wp\/v2\/types\/post"}],"author":[{"embeddable":true,"href":"https:\/\/www.schlanser.ch\/magazin\/wp-json\/wp\/v2\/users\/1"}],"replies":[{"embeddable":true,"href":"https:\/\/www.schlanser.ch\/magazin\/wp-json\/wp\/v2\/comments?post=3347"}],"version-history":[{"count":54,"href":"https:\/\/www.schlanser.ch\/magazin\/wp-json\/wp\/v2\/posts\/3347\/revisions"}],"predecessor-version":[{"id":16941,"href":"https:\/\/www.schlanser.ch\/magazin\/wp-json\/wp\/v2\/posts\/3347\/revisions\/16941"}],"wp:featuredmedia":[{"embeddable":true,"href":"https:\/\/www.schlanser.ch\/magazin\/wp-json\/wp\/v2\/media\/3371"}],"wp:attachment":[{"href":"https:\/\/www.schlanser.ch\/magazin\/wp-json\/wp\/v2\/media?parent=3347"}],"wp:term":[{"taxonomy":"category","embeddable":true,"href":"https:\/\/www.schlanser.ch\/magazin\/wp-json\/wp\/v2\/categories?post=3347"},{"taxonomy":"post_tag","embeddable":true,"href":"https:\/\/www.schlanser.ch\/magazin\/wp-json\/wp\/v2\/tags?post=3347"}],"curies":[{"name":"wp","href":"https:\/\/api.w.org\/{rel}","templated":true}]}}