{"id":3614,"date":"2017-12-07T09:57:42","date_gmt":"2017-12-07T08:57:42","guid":{"rendered":"https:\/\/www.schlanser.ch\/magazin\/?p=3614"},"modified":"2024-01-10T14:45:27","modified_gmt":"2024-01-10T13:45:27","slug":"wohnwagen-schutzdach","status":"publish","type":"post","link":"https:\/\/www.schlanser.ch\/magazin\/wohnwagen-schutzdach\/","title":{"rendered":"Wohnwagen Schutzdach"},"content":{"rendered":"<h2>\u00ab Bester Schutz f\u00fcr feststehende Wohnwagen von Nellen Zelte \u00bb<\/h2>\n<p style=\"text-align: justify;\"><strong>Auch wenn bereits Routine herrscht, bleibt der Auf- und Abbau zur Saison harte Arbeit. Wer seinen Wohnwagen einlagert, den beschleicht an milden Herbsttagen vielleicht Wehmut und auch der Winter bietet atemberaubende Sch\u00f6nheit in der Natur. Ein <\/strong><a href=\"https:\/\/www.schlanser.ch\/nellen\/\"><strong>Nellen Wohnwagen Schutzdach<\/strong><\/a><strong> verl\u00e4ngert die Campingsaison \u2013 und das ist nur einer von vielen Vorteilen \u2013 selbst im Sommer.<\/strong><\/p>\n<h2>Den Verschleiss verlangsamen<\/h2>\n<p style=\"text-align: justify;\">Jeder Gegenstand zeigt je nach Grad der Nutzung Gebrauchsspuren. Im Innenraum verursachen die Bewohner sichtbare Spuren, an der Aussenhaut des Wohnwagens wirken aggressive UV-Strahlen, Niederschl\u00e4ge wie Hagel und im Winter sogar Schneelast. Unbemerkt kriecht Feuchtigkeit in jede Ritze und sprengt diese auf, sobald der Frost kommt. Verwindungen w\u00e4hrend der Fahrt vergr\u00f6ssern den anfangs minimalen Schaden, bis es zu sp\u00e4t ist. Sind Besch\u00e4digungen bereits im Wageninneren sichtbar, kann Totalschaden drohen. Gerade \u00e4ltere Caravans profitieren von einem \u00dcberdach durch eine deutliche Verl\u00e4ngerung der Lebensdauer. Schutz bei allen Wetterlagen und permanente L\u00fcftung unter dem Dach ist Werterhalt pur. Neue M\u00f6glichkeiten der Inneneinrichtung und Nutzung entwickeln sich daraus ebenso.<\/p>\n<p><img loading=\"lazy\" decoding=\"async\" class=\"aligncenter wp-image-3637 size-full\" title=\"Teilvorzelt Juwel III von dwt Zelte\" src=\"https:\/\/www.schlanser.ch\/magazin\/wp-content\/uploads\/2017\/12\/Teilvorzelt-Juwel-III-von-dwt-Zelte.jpg\" alt=\"Teilvorzelt Juwel III von dwt Zelte\" width=\"600\" height=\"375\" srcset=\"https:\/\/www.schlanser.ch\/magazin\/wp-content\/uploads\/2017\/12\/Teilvorzelt-Juwel-III-von-dwt-Zelte.jpg 600w, https:\/\/www.schlanser.ch\/magazin\/wp-content\/uploads\/2017\/12\/Teilvorzelt-Juwel-III-von-dwt-Zelte-300x188.jpg 300w\" sizes=\"(max-width: 600px) 100vw, 600px\" \/><\/p>\n<h2>Leistungsspektrum Wind und Wetter<\/h2>\n<p style=\"text-align: justify;\">Immer wieder beweisen Schutzd\u00e4cher, dass sie mehr bewirken als ein fest montierter Unterstand f\u00fcr den Campingwagen. Die Tragf\u00e4higkeit ist erstaunlich. Angesichts hoher Schneelast fragt sich jeder Wohnwagenbesitzer, ob das Dach das Gewicht tr\u00e4gt und die Dichtungen halten. Ein Wohnwagen Schutzdach ist genau auf diese Leistung ausgelegt und kann noch mehr. Aus Erfahrungsberichten ist bekannt, dass Schutzd\u00e4cher schon herabst\u00fcrzende B\u00e4ume aufhalten konnten. Die Schwachstelle des \u00dcberdachs ist dabei weniger die Plane, sondern eher das Traggestell, das jeder Anbieter individuell entwickelt. Eine sichere Anbringung, die auch bei hoher Windlast standh\u00e4lt, ist ein Muss. Zus\u00e4tzlich zum Schutz als Wohnwagen Winterdach zeigt die Plane Eigenschaften bei der W\u00e4rmed\u00e4mmung. Das bringt weitere Pluspunkte in heissen Sommern.<\/p>\n<p><img loading=\"lazy\" decoding=\"async\" class=\"aligncenter wp-image-3618 size-full\" title=\"Eingangs-Schutzdach von Berger | Seitenteile bieten guten Wind- und Sichtschutz\" src=\"https:\/\/www.schlanser.ch\/magazin\/wp-content\/uploads\/2017\/12\/Eingangs-Schutzdach-von-Berger.jpg\" alt=\"Eingangs-Schutzdach von Berger\" width=\"600\" height=\"600\" srcset=\"https:\/\/www.schlanser.ch\/magazin\/wp-content\/uploads\/2017\/12\/Eingangs-Schutzdach-von-Berger.jpg 600w, https:\/\/www.schlanser.ch\/magazin\/wp-content\/uploads\/2017\/12\/Eingangs-Schutzdach-von-Berger-150x150.jpg 150w, https:\/\/www.schlanser.ch\/magazin\/wp-content\/uploads\/2017\/12\/Eingangs-Schutzdach-von-Berger-300x300.jpg 300w\" sizes=\"(max-width: 600px) 100vw, 600px\" \/><\/p>\n<h2>Als Schattenspender und Regenschutz \u00fcber Dachluken<\/h2>\n<p style=\"text-align: justify;\">Ein Schutzdach f\u00fcr Caravans ver\u00e4ndert zun\u00e4chst die akustischen Verh\u00e4ltnisse im Wohnwageninneren. Das werden Sie sp\u00e4testens beim ersten Regen erleben, der nicht mehr auf die Aussenhaut trommelt, sondern deutlich leiser ist. Durch den permanenten Schatten, den das Schutzdach spendet, ist im Sommer das Klima besser zu regeln. Stauw\u00e4rme kann abziehen, ohne dass die pralle Sonne durch <a href=\"https:\/\/www.schlanser.ch\/fahrzeug\/wohnwagen-wohnmobil-zubehoer\/dachhauben-dachluefter\/\">Dachluken<\/a> hineinscheint. Das f\u00fchrt allerdings auch eine gewisse Verdunklung im Wohnraum herbei, dem zum Beispiel Nellen Zelte mit einem Einsatz aus Klarsichtfolie im Panorama Dach begegnet. F\u00fcr mehr Thermoeigenschaften greifen Sie zu einer Ausf\u00fchrung mit beidseitig beschichteter Plane zum Beispiel gegen Schwitzwasser unter der Dachhaut. Trotzdem k\u00f6nnen Sie auch bei Regen die Dachluken ge\u00f6ffnet lassen, denn das Dach schirmt zuverl\u00e4ssig ab. Sogar Diebe scheuen den engen Zugang.<\/p>\n<p><img loading=\"lazy\" decoding=\"async\" class=\"aligncenter wp-image-3627 size-full\" title=\"Wohnwagen Schutzdach 450 von Nellen Zelte\" src=\"https:\/\/www.schlanser.ch\/magazin\/wp-content\/uploads\/2017\/12\/Wohnwagen-Schutzdach-450-von-Nellen-Zelte.jpg\" alt=\"Wohnwagen Schutzdach 450 von Nellen Zelte\" width=\"600\" height=\"600\" srcset=\"https:\/\/www.schlanser.ch\/magazin\/wp-content\/uploads\/2017\/12\/Wohnwagen-Schutzdach-450-von-Nellen-Zelte.jpg 600w, https:\/\/www.schlanser.ch\/magazin\/wp-content\/uploads\/2017\/12\/Wohnwagen-Schutzdach-450-von-Nellen-Zelte-150x150.jpg 150w, https:\/\/www.schlanser.ch\/magazin\/wp-content\/uploads\/2017\/12\/Wohnwagen-Schutzdach-450-von-Nellen-Zelte-300x300.jpg 300w\" sizes=\"(max-width: 600px) 100vw, 600px\" \/><\/p>\n<h2>Permanente Installation und Einrichtung<\/h2>\n<p style=\"text-align: justify;\">Der Dauerstellplatz kann bereits die Schwelle vom Camping zum Glamping darstellen. Es kommt immer auf den Ausbau an, der gew\u00fcnscht ist. Ganzj\u00e4hrig bewohnbare Ensembles zeugen von der Leistungsf\u00e4higkeit des angebotenen Campingzubeh\u00f6rs. Ohne die Anforderung, transportf\u00e4hig zu sein, fallen Optionen grossz\u00fcgiger aus und es zieht mehr Komfort ein. Ein K\u00fchlschrank in Haushaltsdimensionen oder die <a href=\"https:\/\/www.schlanser.ch\/moebel\/\">gem\u00fctlich eingerichtete Sitzgruppe<\/a> im <a href=\"https:\/\/www.schlanser.ch\/zelte\/vorzelte\/wohnwagenvorzelte\/\">w\u00e4rmeged\u00e4mmten Vorzelt<\/a> mit <a href=\"https:\/\/www.schlanser.ch\/elektro\/tv-zubehoer\/\">TV-Anschluss<\/a> ist fast schon \u00fcblich und unterscheidet sich stark vom Camping unterwegs \u2013 auf angenehme Weise. Wer trotz Wohnwagen \u00dcberdach neue Ziele erkunden will, baut ein freistehendes Vorzelt aus und greift zu einer Speziall\u00f6sung beim Schutzdach.<\/p>\n<p><img loading=\"lazy\" decoding=\"async\" class=\"aligncenter wp-image-3623 size-full\" title=\"Wohnwagenvorzelt Garda Deluxe von Berger\" src=\"https:\/\/www.schlanser.ch\/magazin\/wp-content\/uploads\/2017\/12\/Berger-Wohnwagenvorzelt-Garda-Deluxe.jpg\" alt=\"Berger Wohnwagenvorzelt Garda Deluxe\" width=\"600\" height=\"375\" srcset=\"https:\/\/www.schlanser.ch\/magazin\/wp-content\/uploads\/2017\/12\/Berger-Wohnwagenvorzelt-Garda-Deluxe.jpg 600w, https:\/\/www.schlanser.ch\/magazin\/wp-content\/uploads\/2017\/12\/Berger-Wohnwagenvorzelt-Garda-Deluxe-300x188.jpg 300w\" sizes=\"(max-width: 600px) 100vw, 600px\" \/><\/p>\n<h2>Besondere Anforderungen und individuelle Anpassung<\/h2>\n<p style=\"text-align: justify;\">Mobiles Camping und dauerhaftes Bleiben an einem Platz lassen sich durchaus miteinander verbinden. Nellen Zelte hat daf\u00fcr ein flach \u00fcber dem Wohnanh\u00e4nger zu installierendes Schutzdach im Programm. Vier Keder Einzugsschienen halten das Dach auch w\u00e4hrend der Fahrt an Ort und Stelle. Andere Varianten des Herstellers sind auf Schutzdachf\u00fcssen installiert. Der relative kurze Abstand der Alutr\u00e4ger verhindert die Bildung von Wassers\u00e4cken und sichert den Halt \u00fcber die ganze Fl\u00e4che. Im Allgemeinen richten sich die Preise nach Wohnwagenl\u00e4nge und -breite. Sonderausstattungen und Zubeh\u00f6r wie eine Dachdurchf\u00fchrung f\u00fcr Truma, Satelliten-Anschluss oder Regenrinnen als praktische und ansprechende Abschlussprofile kommen zum Preis hinzu. F\u00fcr die optimale Ausf\u00fchrung des Aufbaus empfehlen sich Fachkr\u00e4fte.<\/p>\n<p><img loading=\"lazy\" decoding=\"async\" class=\"aligncenter wp-image-3625 size-full\" title=\"Wohnwagen Schutzdach 450 von Nellen Zelte\" src=\"https:\/\/www.schlanser.ch\/magazin\/wp-content\/uploads\/2017\/12\/Nellen-Zelte-Wohnwagen-Schutzdach-450.jpg\" alt=\"Nellen Zelte Wohnwagen Schutzdach 450\" width=\"600\" height=\"544\" srcset=\"https:\/\/www.schlanser.ch\/magazin\/wp-content\/uploads\/2017\/12\/Nellen-Zelte-Wohnwagen-Schutzdach-450.jpg 600w, https:\/\/www.schlanser.ch\/magazin\/wp-content\/uploads\/2017\/12\/Nellen-Zelte-Wohnwagen-Schutzdach-450-300x272.jpg 300w\" sizes=\"(max-width: 600px) 100vw, 600px\" \/><\/p>\n<h2>Camping im Wandel<\/h2>\n<p style=\"text-align: justify;\">Wer schon lange die Freuden des Campings geniesst, hat Ver\u00e4nderungen erlebt. Ein gut gepflegter Caravan kann mehrere Vorzelte \u00fcberdauern, was mit einem Wohnwagen Schutzdach noch wahrscheinlicher wird. Zelt und \u00dcberdach m\u00fcssen auch beim Austausch miteinander kombinierbar sein, was Nellen Zelte durch Auflagenf\u00fcsse in unterschiedlichen H\u00f6hen realisiert. Das findige Unternehmen kann L\u00f6sungen anbieten f\u00fcr einen Anschluss an ein freistehendes, festes Vorzelt oder wenn das Zelt l\u00e4nger ist als der Caravan. Denkbar ist auch ein \u00dcberstand am Dach, der im Sommer ein schattiges Pl\u00e4tzchen bietet. Trotz der festen Installation bleiben Sie flexibel und passen sich Ver\u00e4nderungen einfach an.<\/p>\n<p><img loading=\"lazy\" decoding=\"async\" class=\"aligncenter wp-image-3631 size-full\" title=\"Reisevorzelt f\u00fcr Wohnwagen von Berger\" src=\"https:\/\/www.schlanser.ch\/magazin\/wp-content\/uploads\/2017\/12\/Reisevorzelt-Wohnwagen-Berger.jpg\" alt=\"Reisevorzelt Wohnwagen Berger\" width=\"600\" height=\"375\" srcset=\"https:\/\/www.schlanser.ch\/magazin\/wp-content\/uploads\/2017\/12\/Reisevorzelt-Wohnwagen-Berger.jpg 600w, https:\/\/www.schlanser.ch\/magazin\/wp-content\/uploads\/2017\/12\/Reisevorzelt-Wohnwagen-Berger-300x188.jpg 300w\" sizes=\"(max-width: 600px) 100vw, 600px\" \/><\/p>\n<h2>Vor dem Aufbau<\/h2>\n<p style=\"text-align: justify;\">Der freie Platz unter dem Schutzdach ist niedrig und erschwert Reparaturarbeiten. Nehmen Sie pers\u00f6nlich den Zustand des Wohnwagendachs vor der Montage des \u00dcberdachs in Augenschein und f\u00fchren Sie Instandhaltungsarbeiten jetzt aus. Achten Sie dabei auf alle Dachdurchf\u00fchrungen f\u00fcr Fernsehen oder Heizung, defekte Dachhauben und Dichtungen entlang der Verbundstellen von Platten. Stellen Sie fest, dass Dichtgummis por\u00f6s sind, wechseln Sie diese aus und beheben auch alle anderen M\u00e4ngel. Ersatzteile finden Sie nat\u00fcrlich in unserem gut sortierten Camping-Fachhandel in Flums oder im <a href=\"https:\/\/www.schlanser.ch\">Camping-Onlineshop auf schlanser.ch<\/a>.<\/p>\n<p><iframe loading=\"lazy\" style=\"border: 0;\" src=\"https:\/\/www.google.com\/maps\/embed?pb=!1m14!1m8!1m3!1d10866.334267853726!2d9.3421179!3d47.0876294!3m2!1i1024!2i768!4f13.1!3m3!1m2!1s0x0%3A0xe78d11a4e44831ba!2sSchlanser+GmbH+Campingzubeh%C3%B6r!5e0!3m2!1sde!2sde!4v1512641574482\" width=\"600\" height=\"450\" frameborder=\"0\" allowfullscreen=\"allowfullscreen\"><\/iframe><\/p>\n<p style=\"text-align: justify;\">Um dem Dach keine neuen Sch\u00e4den zuzuf\u00fcgen, nutzen Sie ein Brett oder \u00c4hnliches als Planke und um das Gewicht zu verteilen. W\u00e4hlen Sie eine Latte, die seitlich \u00fcber den Campingwagen hinausragt, und legen Sie diese \u00fcber die Aussenkanten. Achtung Rutschgefahr besonders bei N\u00e4sse! Sorgen Sie auch beim Auf- und Abstieg f\u00fcr Ihre Sicherheit. Sind alle notwendigen Arbeiten ausgef\u00fchrt, wissen Sie eine solide Basis unter Ihrem neuen Wohnwagen Schutzdach.<\/p>\n<h2>Montage vom Fachmann<\/h2>\n<p style=\"text-align: justify;\">Manche Vorzelte und Wohnwageneinrichtungen stehen dem gepflegten Ambiente im Haus in nichts nach. Diese Investition von Geld und Zeit ist sch\u00fctzenswert und kann mit einem Wohnwagen \u00dcberdach f\u00fcr lange Jahre erhalten bleiben. Die Montage als Wohnwagen Winterdach oder f\u00fcr besseres Klima an heissen Tagen ist zwingend sachgerecht auszuf\u00fchren. Da Schutzd\u00e4cher immer mehr Freunde gewinnen, ist die Arbeit von geschickten H\u00e4nden durchaus selbst durchzuf\u00fchren. Besser ist jedoch die Nutzung eines Aufbauservices.<\/p>\n<p><img loading=\"lazy\" decoding=\"async\" class=\"aligncenter wp-image-3633 size-full\" title=\"Wohnwagenvorzelt QEK Junior von Berger\" src=\"https:\/\/www.schlanser.ch\/magazin\/wp-content\/uploads\/2017\/12\/Wohnwagenvorzelt-QEK-Junior-Berger.jpg\" alt=\"Wohnwagenvorzelt QEK Junior Berger\" width=\"600\" height=\"375\" srcset=\"https:\/\/www.schlanser.ch\/magazin\/wp-content\/uploads\/2017\/12\/Wohnwagenvorzelt-QEK-Junior-Berger.jpg 600w, https:\/\/www.schlanser.ch\/magazin\/wp-content\/uploads\/2017\/12\/Wohnwagenvorzelt-QEK-Junior-Berger-300x188.jpg 300w\" sizes=\"(max-width: 600px) 100vw, 600px\" \/><\/p>\n<p style=\"text-align: justify;\">Hier sind Fachkr\u00e4fte am Werk, die Routine mitbringen und L\u00f6sungen f\u00fcr unerwartet auftretende Probleme kennen. Vermutlich haben sie auch alles notwendige Zubeh\u00f6r an Bord. Sorgenfreier kann die Montage nicht ablaufen.<\/p>\n","protected":false},"excerpt":{"rendered":"<p>\u00ab Bester Schutz f\u00fcr feststehende Wohnwagen von Nellen Zelte \u00bb Auch wenn bereits Routine herrscht, bleibt der Auf- und Abbau zur Saison harte Arbeit. Wer seinen Wohnwagen einlagert, den beschleicht an milden Herbsttagen vielleicht Wehmut und auch der Winter bietet atemberaubende Sch\u00f6nheit in der Natur. Ein Nellen Wohnwagen Schutzdach verl\u00e4ngert die Campingsaison \u2013 und das &hellip;<\/p>\n","protected":false},"author":1,"featured_media":3622,"comment_status":"closed","ping_status":"open","sticky":false,"template":"","format":"standard","meta":{"footnotes":""},"categories":[3],"tags":[473,81,378,297,28],"yoast_head":"<!-- This site is optimized with the Yoast SEO plugin v22.2 - https:\/\/yoast.com\/wordpress\/plugins\/seo\/ -->\n<title>Wohnwagen Schutzdach - Schlanser Magazin<\/title>\n<meta name=\"description\" content=\"Mit dem Unternehmen Nellen Zelte stellt das Schlanser Magazin Ihnen den idealen Partner f\u00fcr Schutz\u00fcberdachungen Ihres Caravans vor! \u2013 Wohnwagen Winterdach \u2714 \u00dcberdach \u2714\" \/>\n<meta name=\"robots\" content=\"index, follow, max-snippet:-1, max-image-preview:large, max-video-preview:-1\" \/>\n<link rel=\"canonical\" href=\"https:\/\/www.schlanser.ch\/magazin\/wohnwagen-schutzdach\/\" \/>\n<meta property=\"og:locale\" content=\"de_DE\" \/>\n<meta property=\"og:type\" content=\"article\" \/>\n<meta property=\"og:title\" content=\"Wohnwagen Schutzdach - Schlanser Magazin\" \/>\n<meta property=\"og:description\" content=\"Mit dem Unternehmen Nellen Zelte stellt das Schlanser Magazin Ihnen den idealen Partner f\u00fcr Schutz\u00fcberdachungen Ihres Caravans vor! \u2013 Wohnwagen Winterdach \u2714 \u00dcberdach \u2714\" \/>\n<meta property=\"og:url\" content=\"https:\/\/www.schlanser.ch\/magazin\/wohnwagen-schutzdach\/\" \/>\n<meta property=\"og:site_name\" content=\"Schlanser Magazin\" \/>\n<meta property=\"article:published_time\" content=\"2017-12-07T08:57:42+00:00\" \/>\n<meta property=\"article:modified_time\" content=\"2024-01-10T13:45:27+00:00\" \/>\n<meta property=\"og:image\" content=\"https:\/\/www.schlanser.ch\/magazin\/wp-content\/uploads\/2017\/12\/Wohnwagen-Schutzdach.jpg\" \/>\n\t<meta property=\"og:image:width\" content=\"1280\" \/>\n\t<meta property=\"og:image:height\" content=\"935\" \/>\n\t<meta property=\"og:image:type\" content=\"image\/jpeg\" \/>\n<meta name=\"author\" content=\"admin\" \/>\n<meta name=\"twitter:card\" content=\"summary_large_image\" \/>\n<meta name=\"twitter:label1\" content=\"Verfasst von\" \/>\n\t<meta name=\"twitter:data1\" content=\"admin\" \/>\n\t<meta name=\"twitter:label2\" content=\"Gesch\u00e4tzte Lesezeit\" \/>\n\t<meta name=\"twitter:data2\" content=\"5 Minuten\" \/>\n<script type=\"application\/ld+json\" class=\"yoast-schema-graph\">{\"@context\":\"https:\/\/schema.org\",\"@graph\":[{\"@type\":\"WebPage\",\"@id\":\"https:\/\/www.schlanser.ch\/magazin\/wohnwagen-schutzdach\/\",\"url\":\"https:\/\/www.schlanser.ch\/magazin\/wohnwagen-schutzdach\/\",\"name\":\"Wohnwagen Schutzdach - Schlanser Magazin\",\"isPartOf\":{\"@id\":\"https:\/\/www.schlanser.ch\/magazin\/#website\"},\"primaryImageOfPage\":{\"@id\":\"https:\/\/www.schlanser.ch\/magazin\/wohnwagen-schutzdach\/#primaryimage\"},\"image\":{\"@id\":\"https:\/\/www.schlanser.ch\/magazin\/wohnwagen-schutzdach\/#primaryimage\"},\"thumbnailUrl\":\"https:\/\/www.schlanser.ch\/magazin\/wp-content\/uploads\/2017\/12\/Wohnwagen-Schutzdach.jpg\",\"datePublished\":\"2017-12-07T08:57:42+00:00\",\"dateModified\":\"2024-01-10T13:45:27+00:00\",\"author\":{\"@id\":\"https:\/\/www.schlanser.ch\/magazin\/#\/schema\/person\/000db0a103eb2594ba3daf394b1dfea2\"},\"description\":\"Mit dem Unternehmen Nellen Zelte stellt das Schlanser Magazin Ihnen den idealen Partner f\u00fcr Schutz\u00fcberdachungen Ihres Caravans vor! \u2013 Wohnwagen Winterdach \u2714 \u00dcberdach \u2714\",\"breadcrumb\":{\"@id\":\"https:\/\/www.schlanser.ch\/magazin\/wohnwagen-schutzdach\/#breadcrumb\"},\"inLanguage\":\"de-DE\",\"potentialAction\":[{\"@type\":\"ReadAction\",\"target\":[\"https:\/\/www.schlanser.ch\/magazin\/wohnwagen-schutzdach\/\"]}]},{\"@type\":\"ImageObject\",\"inLanguage\":\"de-DE\",\"@id\":\"https:\/\/www.schlanser.ch\/magazin\/wohnwagen-schutzdach\/#primaryimage\",\"url\":\"https:\/\/www.schlanser.ch\/magazin\/wp-content\/uploads\/2017\/12\/Wohnwagen-Schutzdach.jpg\",\"contentUrl\":\"https:\/\/www.schlanser.ch\/magazin\/wp-content\/uploads\/2017\/12\/Wohnwagen-Schutzdach.jpg\",\"width\":1280,\"height\":935},{\"@type\":\"BreadcrumbList\",\"@id\":\"https:\/\/www.schlanser.ch\/magazin\/wohnwagen-schutzdach\/#breadcrumb\",\"itemListElement\":[{\"@type\":\"ListItem\",\"position\":1,\"name\":\"Startseite\",\"item\":\"https:\/\/www.schlanser.ch\/magazin\/\"},{\"@type\":\"ListItem\",\"position\":2,\"name\":\"Wohnwagen Schutzdach\"}]},{\"@type\":\"WebSite\",\"@id\":\"https:\/\/www.schlanser.ch\/magazin\/#website\",\"url\":\"https:\/\/www.schlanser.ch\/magazin\/\",\"name\":\"Schlanser Magazin\",\"description\":\"\",\"potentialAction\":[{\"@type\":\"SearchAction\",\"target\":{\"@type\":\"EntryPoint\",\"urlTemplate\":\"https:\/\/www.schlanser.ch\/magazin\/?s={search_term_string}\"},\"query-input\":\"required name=search_term_string\"}],\"inLanguage\":\"de-DE\"},{\"@type\":\"Person\",\"@id\":\"https:\/\/www.schlanser.ch\/magazin\/#\/schema\/person\/000db0a103eb2594ba3daf394b1dfea2\",\"name\":\"admin\",\"image\":{\"@type\":\"ImageObject\",\"inLanguage\":\"de-DE\",\"@id\":\"https:\/\/www.schlanser.ch\/magazin\/#\/schema\/person\/image\/\",\"url\":\"https:\/\/secure.gravatar.com\/avatar\/a794a4fe8a9b9c52241597eb381dfa2e?s=96&d=mm&r=g\",\"contentUrl\":\"https:\/\/secure.gravatar.com\/avatar\/a794a4fe8a9b9c52241597eb381dfa2e?s=96&d=mm&r=g\",\"caption\":\"admin\"}}]}<\/script>\n<!-- \/ Yoast SEO plugin. -->","yoast_head_json":{"title":"Wohnwagen Schutzdach - Schlanser Magazin","description":"Mit dem Unternehmen Nellen Zelte stellt das Schlanser Magazin Ihnen den idealen Partner f\u00fcr Schutz\u00fcberdachungen Ihres Caravans vor! \u2013 Wohnwagen Winterdach \u2714 \u00dcberdach \u2714","robots":{"index":"index","follow":"follow","max-snippet":"max-snippet:-1","max-image-preview":"max-image-preview:large","max-video-preview":"max-video-preview:-1"},"canonical":"https:\/\/www.schlanser.ch\/magazin\/wohnwagen-schutzdach\/","og_locale":"de_DE","og_type":"article","og_title":"Wohnwagen Schutzdach - Schlanser Magazin","og_description":"Mit dem Unternehmen Nellen Zelte stellt das Schlanser Magazin Ihnen den idealen Partner f\u00fcr Schutz\u00fcberdachungen Ihres Caravans vor! \u2013 Wohnwagen Winterdach \u2714 \u00dcberdach \u2714","og_url":"https:\/\/www.schlanser.ch\/magazin\/wohnwagen-schutzdach\/","og_site_name":"Schlanser Magazin","article_published_time":"2017-12-07T08:57:42+00:00","article_modified_time":"2024-01-10T13:45:27+00:00","og_image":[{"width":1280,"height":935,"url":"https:\/\/www.schlanser.ch\/magazin\/wp-content\/uploads\/2017\/12\/Wohnwagen-Schutzdach.jpg","type":"image\/jpeg"}],"author":"admin","twitter_card":"summary_large_image","twitter_misc":{"Verfasst von":"admin","Gesch\u00e4tzte Lesezeit":"5 Minuten"},"schema":{"@context":"https:\/\/schema.org","@graph":[{"@type":"WebPage","@id":"https:\/\/www.schlanser.ch\/magazin\/wohnwagen-schutzdach\/","url":"https:\/\/www.schlanser.ch\/magazin\/wohnwagen-schutzdach\/","name":"Wohnwagen Schutzdach - Schlanser Magazin","isPartOf":{"@id":"https:\/\/www.schlanser.ch\/magazin\/#website"},"primaryImageOfPage":{"@id":"https:\/\/www.schlanser.ch\/magazin\/wohnwagen-schutzdach\/#primaryimage"},"image":{"@id":"https:\/\/www.schlanser.ch\/magazin\/wohnwagen-schutzdach\/#primaryimage"},"thumbnailUrl":"https:\/\/www.schlanser.ch\/magazin\/wp-content\/uploads\/2017\/12\/Wohnwagen-Schutzdach.jpg","datePublished":"2017-12-07T08:57:42+00:00","dateModified":"2024-01-10T13:45:27+00:00","author":{"@id":"https:\/\/www.schlanser.ch\/magazin\/#\/schema\/person\/000db0a103eb2594ba3daf394b1dfea2"},"description":"Mit dem Unternehmen Nellen Zelte stellt das Schlanser Magazin Ihnen den idealen Partner f\u00fcr Schutz\u00fcberdachungen Ihres Caravans vor! \u2013 Wohnwagen Winterdach \u2714 \u00dcberdach \u2714","breadcrumb":{"@id":"https:\/\/www.schlanser.ch\/magazin\/wohnwagen-schutzdach\/#breadcrumb"},"inLanguage":"de-DE","potentialAction":[{"@type":"ReadAction","target":["https:\/\/www.schlanser.ch\/magazin\/wohnwagen-schutzdach\/"]}]},{"@type":"ImageObject","inLanguage":"de-DE","@id":"https:\/\/www.schlanser.ch\/magazin\/wohnwagen-schutzdach\/#primaryimage","url":"https:\/\/www.schlanser.ch\/magazin\/wp-content\/uploads\/2017\/12\/Wohnwagen-Schutzdach.jpg","contentUrl":"https:\/\/www.schlanser.ch\/magazin\/wp-content\/uploads\/2017\/12\/Wohnwagen-Schutzdach.jpg","width":1280,"height":935},{"@type":"BreadcrumbList","@id":"https:\/\/www.schlanser.ch\/magazin\/wohnwagen-schutzdach\/#breadcrumb","itemListElement":[{"@type":"ListItem","position":1,"name":"Startseite","item":"https:\/\/www.schlanser.ch\/magazin\/"},{"@type":"ListItem","position":2,"name":"Wohnwagen Schutzdach"}]},{"@type":"WebSite","@id":"https:\/\/www.schlanser.ch\/magazin\/#website","url":"https:\/\/www.schlanser.ch\/magazin\/","name":"Schlanser Magazin","description":"","potentialAction":[{"@type":"SearchAction","target":{"@type":"EntryPoint","urlTemplate":"https:\/\/www.schlanser.ch\/magazin\/?s={search_term_string}"},"query-input":"required name=search_term_string"}],"inLanguage":"de-DE"},{"@type":"Person","@id":"https:\/\/www.schlanser.ch\/magazin\/#\/schema\/person\/000db0a103eb2594ba3daf394b1dfea2","name":"admin","image":{"@type":"ImageObject","inLanguage":"de-DE","@id":"https:\/\/www.schlanser.ch\/magazin\/#\/schema\/person\/image\/","url":"https:\/\/secure.gravatar.com\/avatar\/a794a4fe8a9b9c52241597eb381dfa2e?s=96&d=mm&r=g","contentUrl":"https:\/\/secure.gravatar.com\/avatar\/a794a4fe8a9b9c52241597eb381dfa2e?s=96&d=mm&r=g","caption":"admin"}}]}},"_links":{"self":[{"href":"https:\/\/www.schlanser.ch\/magazin\/wp-json\/wp\/v2\/posts\/3614"}],"collection":[{"href":"https:\/\/www.schlanser.ch\/magazin\/wp-json\/wp\/v2\/posts"}],"about":[{"href":"https:\/\/www.schlanser.ch\/magazin\/wp-json\/wp\/v2\/types\/post"}],"author":[{"embeddable":true,"href":"https:\/\/www.schlanser.ch\/magazin\/wp-json\/wp\/v2\/users\/1"}],"replies":[{"embeddable":true,"href":"https:\/\/www.schlanser.ch\/magazin\/wp-json\/wp\/v2\/comments?post=3614"}],"version-history":[{"count":29,"href":"https:\/\/www.schlanser.ch\/magazin\/wp-json\/wp\/v2\/posts\/3614\/revisions"}],"predecessor-version":[{"id":16943,"href":"https:\/\/www.schlanser.ch\/magazin\/wp-json\/wp\/v2\/posts\/3614\/revisions\/16943"}],"wp:featuredmedia":[{"embeddable":true,"href":"https:\/\/www.schlanser.ch\/magazin\/wp-json\/wp\/v2\/media\/3622"}],"wp:attachment":[{"href":"https:\/\/www.schlanser.ch\/magazin\/wp-json\/wp\/v2\/media?parent=3614"}],"wp:term":[{"taxonomy":"category","embeddable":true,"href":"https:\/\/www.schlanser.ch\/magazin\/wp-json\/wp\/v2\/categories?post=3614"},{"taxonomy":"post_tag","embeddable":true,"href":"https:\/\/www.schlanser.ch\/magazin\/wp-json\/wp\/v2\/tags?post=3614"}],"curies":[{"name":"wp","href":"https:\/\/api.w.org\/{rel}","templated":true}]}}