{"id":3646,"date":"2017-12-11T10:01:07","date_gmt":"2017-12-11T09:01:07","guid":{"rendered":"https:\/\/www.schlanser.ch\/magazin\/?p=3646"},"modified":"2021-06-23T14:11:07","modified_gmt":"2021-06-23T12:11:07","slug":"aktivcamping","status":"publish","type":"post","link":"https:\/\/www.schlanser.ch\/magazin\/aktivcamping\/","title":{"rendered":"Aktivcamping"},"content":{"rendered":"<h2>\u00ab Sporturlaub im Zelt \u00bb<\/h2>\n<p style=\"text-align: justify;\"><strong>Im Alltag bewegen sich viele Leute nicht genug. Das ist weder f\u00fcr die physische noch die psychische Gesundheit gut. Da w\u00e4re es doch paradox, sich im Urlaub noch weniger zu bewegen und den ganzen Tag nur herumzuliegen. Ein 100% alternatives Programm bietet Ihnen Aktivcamping.<\/strong><\/p>\n<h2>Sporturlaub und Camping: Aktivcamping<\/h2>\n<p style=\"text-align: justify;\">Aktivcamping ist im Grunde eine besondere Art Sporturlaub. Das Naturerlebnis wird noch einmal dadurch gesteigert, dass man nicht nur den ganzen Tag, sondern auch die ganze Nacht an der frischen Luft verbringt. Zudem birgt ein Aktivurlaub mit Zelt viel mehr M\u00f6glichkeiten in sich, als der Sporturlaub in einem Hotel. Mit dem Zelt sind Sie mobiler.<\/p>\n<figure id=\"attachment_3668\" aria-describedby=\"caption-attachment-3668\" style=\"width: 600px\" class=\"wp-caption aligncenter\"><img loading=\"lazy\" decoding=\"async\" class=\"wp-image-3668 size-full\" title=\"Paar campt bei Nacht\" src=\"https:\/\/www.schlanser.ch\/magazin\/wp-content\/uploads\/2017\/12\/Paar-campt-bei-Nacht.jpg\" alt=\"Paar campt bei Nacht\" width=\"600\" height=\"469\" srcset=\"https:\/\/www.schlanser.ch\/magazin\/wp-content\/uploads\/2017\/12\/Paar-campt-bei-Nacht.jpg 600w, https:\/\/www.schlanser.ch\/magazin\/wp-content\/uploads\/2017\/12\/Paar-campt-bei-Nacht-300x235.jpg 300w\" sizes=\"(max-width: 600px) 100vw, 600px\" \/><figcaption id=\"caption-attachment-3668\" class=\"wp-caption-text\">\u00a9 Alina Isakovich \/ Fotolia.com<\/figcaption><\/figure>\n<p style=\"text-align: justify;\">Sie k\u00f6nnen in wundersch\u00f6nen, abgelegenen Landschaften \u00fcbernachten, in denen es keine festen Unterk\u00fcnfte gibt. Dies ist zum Beispiel beim Bergsteigen oder Wandern sehr praktisch. So sind Sie nicht gezwungen, sich an bestimmte Routen oder Tagesetappen zu halten, um abends stets die n\u00e4chste H\u00fctte oder Herberge zu erreichen.<\/p>\n<blockquote>\n<p style=\"text-align: justify;\">Im Urlaub mit Aktivcamping sind Sie 24 Stunden am Tag an der frischen Luft.<\/p>\n<\/blockquote>\n<p style=\"text-align: justify;\">Sie werden draussen kochen, essen, sich ausruhen und nat\u00fcrlich bewegen. Es ist ein unglaublich befreiendes Gef\u00fchl, wenn man feststellt, dass man alles Lebenswichtige mit sich tragen kann. Nach ein oder zwei Wochen Aktivcamping werden Sie sich erholt, fit und unheimlich entspannt wieder dem Arbeitsalltag zuwenden k\u00f6nnen.<\/p>\n<h2>Vorbereitung auf einen Sporturlaub im Zelt<\/h2>\n<p style=\"text-align: justify;\">So eine Unternehmung bedarf nat\u00fcrlich einer umfassenderen Vorbereitung als der Pauschalurlaub am Strand. Wenn Sie Ihre Ausr\u00fcstung t\u00e4glich aufs Neue schultern, auf Ihr Velo binden oder im Kanu unterbringen m\u00fcssen, sollten Sie sich vorher ein ganz genaues Bild davon machen, was Sie ben\u00f6tigen werden, und was nicht.<\/p>\n<p><img loading=\"lazy\" decoding=\"async\" class=\"aligncenter wp-image-3664 size-full\" title=\"Berger Tunnelzelt Sora 3\" src=\"https:\/\/www.schlanser.ch\/magazin\/wp-content\/uploads\/2017\/12\/Berger-Tunnelzelt-Sora-3.jpg\" alt=\"Berger Tunnelzelt Sora 3\" width=\"600\" height=\"376\" srcset=\"https:\/\/www.schlanser.ch\/magazin\/wp-content\/uploads\/2017\/12\/Berger-Tunnelzelt-Sora-3.jpg 600w, https:\/\/www.schlanser.ch\/magazin\/wp-content\/uploads\/2017\/12\/Berger-Tunnelzelt-Sora-3-300x188.jpg 300w\" sizes=\"(max-width: 600px) 100vw, 600px\" \/><\/p>\n<p style=\"text-align: justify;\">Grunds\u00e4tzlich sind <a href=\"https:\/\/www.schlanser.ch\/zelte\/campingzelte\/tunnelzelte\/\">Tunnelzelte<\/a> die leichtesten Wegbegleiter mit verh\u00e4ltnism\u00e4ssig grossem Schlafraum. M\u00f6chten Sie Skiwandern gehen oder oberhalb der Schneegrenze bergsteigen, empfiehlt sich jedoch eher ein <a href=\"https:\/\/www.schlanser.ch\/zelte\/campingzelte\/iglu-kuppelzelte\/\">Iglu- oder Kuppelzelt<\/a>. Es ist bei eventuell auftretendem Schneefall stabiler als das Tunnelzelt. Doch das ist nicht das Einzige, wor\u00fcber Sie vor dem Aktivcamping genau nachdenken sollten.<\/p>\n<p><img loading=\"lazy\" decoding=\"async\" class=\"aligncenter wp-image-3672 size-full\" title=\"Kuppelzelt Kobuk Valley 2 von Coleman\" src=\"https:\/\/www.schlanser.ch\/magazin\/wp-content\/uploads\/2017\/12\/Coleman-Kuppelzelt-Kobuk-Valley-2.jpg\" alt=\"Coleman Kuppelzelt Kobuk Valley 2\" width=\"600\" height=\"375\" srcset=\"https:\/\/www.schlanser.ch\/magazin\/wp-content\/uploads\/2017\/12\/Coleman-Kuppelzelt-Kobuk-Valley-2.jpg 600w, https:\/\/www.schlanser.ch\/magazin\/wp-content\/uploads\/2017\/12\/Coleman-Kuppelzelt-Kobuk-Valley-2-300x188.jpg 300w\" sizes=\"(max-width: 600px) 100vw, 600px\" \/><\/p>\n<p style=\"text-align: justify;\">Auch die restliche <a href=\"https:\/\/www.schlanser.ch\/outdoor-freizeit\/outdoor-ausruestung\/\">Outdoor-Ausr\u00fcstung<\/a> muss bestens durchdacht sein. Wir werden Ihnen im Folgenden zu den einzelnen Aktivit\u00e4ten mit Camping einige Tipps bez\u00fcglich idealer Destinationen und dem richtigen Gep\u00e4ck geben.<\/p>\n<h2>Aktivcamping mit Wandern<\/h2>\n<p style=\"text-align: justify;\">Alleine in Europa ist die Anzahl der m\u00f6glichen Reiseziele f\u00fcr einen traumhaften Aktivurlaub mit Camping endlos. Sehr viele M\u00f6glichkeiten liegen bekanntermassen direkt vor unseren Haust\u00fcren. Wir m\u00f6chten mit unseren Vorschl\u00e4gen hier lediglich ein wenig inspirieren, in welche Himmelsrichtung Sie sich ausserdem wenden k\u00f6nnten. Das (Fern-)wandernetz in Europa geh\u00f6rt wohl zu den bestausgebauten weltweit. Neben etlichen lokalen Vereinigungen, die sich insbesondere der Kennzeichnung von Tagesrouten verschrieben haben, sind es vor allem \u00fcber\u00f6rtliche Vereinigungen, die lange bis sehr lange Routen ausschildern. Ein europaweites Projekt sind die europ\u00e4ischen Fernwanderwege. Diese sind teilweise noch in Planung, an vielen Stellen aber auch schon fertig ausgewiesen.<\/p>\n<figure id=\"attachment_3657\" aria-describedby=\"caption-attachment-3657\" style=\"width: 600px\" class=\"wp-caption aligncenter\"><img loading=\"lazy\" decoding=\"async\" class=\"wp-image-3657 size-full\" title=\"Aktivcamping mit Wandern\" src=\"https:\/\/www.schlanser.ch\/magazin\/wp-content\/uploads\/2017\/12\/Aktivcamping-mit-Wandern.jpg\" alt=\"Aktivcamping mit Wandern\" width=\"600\" height=\"401\" srcset=\"https:\/\/www.schlanser.ch\/magazin\/wp-content\/uploads\/2017\/12\/Aktivcamping-mit-Wandern.jpg 600w, https:\/\/www.schlanser.ch\/magazin\/wp-content\/uploads\/2017\/12\/Aktivcamping-mit-Wandern-300x201.jpg 300w, https:\/\/www.schlanser.ch\/magazin\/wp-content\/uploads\/2017\/12\/Aktivcamping-mit-Wandern-110x75.jpg 110w\" sizes=\"(max-width: 600px) 100vw, 600px\" \/><figcaption id=\"caption-attachment-3657\" class=\"wp-caption-text\">\u00a9 Kzenon \/ Fotolia.com<\/figcaption><\/figure>\n<p style=\"text-align: justify;\">So k\u00f6nnen Sie je nach L\u00e4nge Ihres Aktivurlaubs zum Beispiel auf dem E1 vom Nordkap in Norwegen bis nach Salerno in Italien laufen. Orthogonal dazu verl\u00e4uft der E3, der Sie im Moment von Santiago de Compostela in Westspanien bis nach Nessebar in Bulgarien f\u00fchrt. Zum ausf\u00fchrlichen Bergwandern und -steigen gibt es kaum einen Grund, die Alpen zu verlassen. So finden Sie beispielsweise direkt in der Schweiz den Alpenp\u00e4sseweg von Chur nach St-Gingolph. Er ist auf insgesamt 34 Etappen angelegt. Sie finden unterwegs gen\u00fcgend H\u00fctten und Pensionen, falls Sie bei unangenehmer Witterung gerne auf ein warmes Bett umsteigen m\u00f6chten.<\/p>\n<h2>Sporturlaub mit Fortbewegungsmittel<\/h2>\n<p style=\"text-align: justify;\">Neben dem Wandern gibt es jede Menge andere M\u00f6glichkeiten den Campingurlaub mit Zelt aktiv zu gestalten. Auch mit Skiern, dem Kanu oder dem Velo bewegen Sie sich frei von Ort zu Ort durch die wundersch\u00f6nsten Landschaften dieser Welt. Der Vorteil gegen\u00fcber dem Urlaub auf Schusters Rappen ist, dass Sie mehr Strecke in derselben Zeit schaffen.<\/p>\n<p><img loading=\"lazy\" decoding=\"async\" class=\"aligncenter wp-image-3661 size-full\" title=\"Kuppelzelt mit Tunnelvorbau in Doppeldach-Bauweise: High Peak Zelt Kira 4\" src=\"https:\/\/www.schlanser.ch\/magazin\/wp-content\/uploads\/2017\/12\/Kuppelzelt-mit-Tunnelvorbau-in-Doppeldach-Bauweise-High-Peak-Zelt-Kira-4.jpg\" alt=\"Kuppelzelt mit Tunnelvorbau in Doppeldach-Bauweise High Peak Zelt Kira 4\" width=\"600\" height=\"310\" srcset=\"https:\/\/www.schlanser.ch\/magazin\/wp-content\/uploads\/2017\/12\/Kuppelzelt-mit-Tunnelvorbau-in-Doppeldach-Bauweise-High-Peak-Zelt-Kira-4.jpg 600w, https:\/\/www.schlanser.ch\/magazin\/wp-content\/uploads\/2017\/12\/Kuppelzelt-mit-Tunnelvorbau-in-Doppeldach-Bauweise-High-Peak-Zelt-Kira-4-300x155.jpg 300w\" sizes=\"(max-width: 600px) 100vw, 600px\" \/><\/p>\n<p style=\"text-align: justify;\">Somit k\u00f6nnen Sie sich eine l\u00e4ngere Route vornehmen und werden mehr zu sehen bekommen. Ausserdem erlauben diese Fortbewegungsmittel ein wenig mehr Gep\u00e4ck, als Sie es auf dem R\u00fccken tragen k\u00f6nnten. Der Fokus auf das Allern\u00f6tigste sollte dennoch nicht verloren gehen.<\/p>\n<h3>Skiwandern<\/h3>\n<p style=\"text-align: justify;\">Zum Skiwandern eignen sich die skandinavischen L\u00e4nder hervorragend. Hier ziehen Sie mit einem F\u00fchrer oder auf eigene Faust durch eine unendliche Schneelandschaft. Bedenken Sie die sehr viel k\u00fcrzeren Tage hier im Winter, wenn Sie Ihre Tour planen. Das Gep\u00e4ck wird traditionell mit einem Zugschlitten, der Pulka, hinter sich hergezogen. Dort bringen Sie ausreichend warme Kleidung und einen dicken Schlafsack unter. Aufgrund des &#8222;Jedermannsrecht&#8220;, wie es auch bei uns gelebt wird, ist die Suche nach geeigneten \u00dcbernachtungspl\u00e4tzen recht einfach.<\/p>\n<figure id=\"attachment_3649\" aria-describedby=\"caption-attachment-3649\" style=\"width: 600px\" class=\"wp-caption aligncenter\"><img loading=\"lazy\" decoding=\"async\" class=\"wp-image-3649 size-full\" title=\"Skiwandern\" src=\"https:\/\/www.schlanser.ch\/magazin\/wp-content\/uploads\/2017\/12\/Skiwandern.jpg\" alt=\"Skiwandern\" width=\"600\" height=\"400\" srcset=\"https:\/\/www.schlanser.ch\/magazin\/wp-content\/uploads\/2017\/12\/Skiwandern.jpg 600w, https:\/\/www.schlanser.ch\/magazin\/wp-content\/uploads\/2017\/12\/Skiwandern-300x200.jpg 300w\" sizes=\"(max-width: 600px) 100vw, 600px\" \/><figcaption id=\"caption-attachment-3649\" class=\"wp-caption-text\">\u00a9 Gorilla \/ Fotolia.com<\/figcaption><\/figure>\n<h3>Tour mit dem Velo<\/h3>\n<p style=\"text-align: justify;\">Touren mit dem Velo sind kaum an fixe Strecken gebunden. F\u00fcr Anf\u00e4nger empfehlen sich im Sporturlaub Routen, die eher flach verlaufen. Dies ist in der Regel an Fl\u00fcssen entlang der Fall. Ein gut ausgebauter Radweg, der quasi vor der Haust\u00fcre startet, ist der Donauradweg. Von Donaueschingen in Schwaben bis zum Donaudelta am Schwarzen Meer in Rum\u00e4nien haben Sie viel Zeit, kr\u00e4ftig in die Pedale zu treten. Denken Sie beim Packen daran, Ihr Hab und Gut wasserfest in Packs\u00e4cken, wie es sie zum Beispiel von Sea to Summit gibt, unterzubringen.<\/p>\n<figure id=\"attachment_3651\" aria-describedby=\"caption-attachment-3651\" style=\"width: 600px\" class=\"wp-caption aligncenter\"><img loading=\"lazy\" decoding=\"async\" class=\"wp-image-3651 size-full\" title=\"Donauradweg in Ungarn\" src=\"https:\/\/www.schlanser.ch\/magazin\/wp-content\/uploads\/2017\/12\/Donauradweg-in-Ungarn.jpg\" alt=\"Donauradweg in Ungarn\" width=\"600\" height=\"400\" srcset=\"https:\/\/www.schlanser.ch\/magazin\/wp-content\/uploads\/2017\/12\/Donauradweg-in-Ungarn.jpg 600w, https:\/\/www.schlanser.ch\/magazin\/wp-content\/uploads\/2017\/12\/Donauradweg-in-Ungarn-300x200.jpg 300w\" sizes=\"(max-width: 600px) 100vw, 600px\" \/><figcaption id=\"caption-attachment-3651\" class=\"wp-caption-text\">\u00a9 ArTo \/ Fotolia.com<\/figcaption><\/figure>\n<h3>Kanufahrt<\/h3>\n<p style=\"text-align: justify;\">Noch wichtiger ist die wasserdichte Verpackung bei einer Kanutour. So ein kleines Boot kann leicht einmal umkippen und schon schwimmen Ihre Habseligkeiten den Fluss hinab. Bei Leihkanus sind in der Regel kleine Tonnen dabei, deren Deckel wasserdicht schliessen. In diesen m\u00fcssen Sie alles verstauen, was Sie unterwegs so brauchen. Eine wundersch\u00f6ne Kanutour finden Sie auf der Dordogne in S\u00fcdwest-Frankreich. Auf dieser 10-Tages-Reise lohnt es sich, immer wieder einmal links und rechts am Ufer anzuhalten und die einmalige Natur bei einem Spaziergang genauer unter die Lupe zu nehmen.<\/p>\n<figure id=\"attachment_3653\" aria-describedby=\"caption-attachment-3653\" style=\"width: 600px\" class=\"wp-caption aligncenter\"><img loading=\"lazy\" decoding=\"async\" class=\"wp-image-3653 size-full\" title=\"Kanufahrt\" src=\"https:\/\/www.schlanser.ch\/magazin\/wp-content\/uploads\/2017\/12\/Kanufahrt.jpg\" alt=\"Kanufahrt\" width=\"600\" height=\"400\" srcset=\"https:\/\/www.schlanser.ch\/magazin\/wp-content\/uploads\/2017\/12\/Kanufahrt.jpg 600w, https:\/\/www.schlanser.ch\/magazin\/wp-content\/uploads\/2017\/12\/Kanufahrt-300x200.jpg 300w\" sizes=\"(max-width: 600px) 100vw, 600px\" \/><figcaption id=\"caption-attachment-3653\" class=\"wp-caption-text\">\u00a9 6okean \/ Fotolia.com<\/figcaption><\/figure>\n<h2>K\u00fcche im Aktivurlaub<\/h2>\n<p style=\"text-align: justify;\">Verbringen Sie Tag und Nacht nur mit Ihrem Rucksack auf dem R\u00fccken, ist neben dem Zelt als Schlafplatz die <a href=\"https:\/\/www.schlanser.ch\/haushalt\/\">Trekking-Kochausr\u00fcstung<\/a> essenziell. F\u00fcr ein bis drei Personen reicht dabei ein kleiner, einflammiger Gaskocher vollkommen aus.<\/p>\n<p><img loading=\"lazy\" decoding=\"async\" class=\"aligncenter wp-image-3686 size-full\" title=\"Tischkocher BS110 Bright Spark\" src=\"https:\/\/www.schlanser.ch\/magazin\/wp-content\/uploads\/2017\/12\/Tischkocher-BS110-Bright-Spark.jpg\" alt=\"Tischkocher BS110 Bright Spark\" width=\"600\" height=\"350\" srcset=\"https:\/\/www.schlanser.ch\/magazin\/wp-content\/uploads\/2017\/12\/Tischkocher-BS110-Bright-Spark.jpg 600w, https:\/\/www.schlanser.ch\/magazin\/wp-content\/uploads\/2017\/12\/Tischkocher-BS110-Bright-Spark-300x175.jpg 300w\" sizes=\"(max-width: 600px) 100vw, 600px\" \/><\/p>\n<p style=\"text-align: justify;\">Je nach Vorliebe entscheiden Sie sich f\u00fcr einen leichten Topf aus Alu oder Edelstahl mit ca. 2 l Fassungsverm\u00f6gen. Mit passendem Deckel reicht er vollkommen aus, heisses Wasser f\u00fcr Getr\u00e4nke und leckere Mahlzeiten zuzubereiten.<\/p>\n<p><img loading=\"lazy\" decoding=\"async\" class=\"aligncenter wp-image-3684 size-full\" title=\"Quick Clack Topf 24 cm\" src=\"https:\/\/www.schlanser.ch\/magazin\/wp-content\/uploads\/2017\/12\/Quick-Clack-Topf-24-cm.jpg\" alt=\"Quick Clack Topf 24 cm\" width=\"600\" height=\"600\" srcset=\"https:\/\/www.schlanser.ch\/magazin\/wp-content\/uploads\/2017\/12\/Quick-Clack-Topf-24-cm.jpg 600w, https:\/\/www.schlanser.ch\/magazin\/wp-content\/uploads\/2017\/12\/Quick-Clack-Topf-24-cm-150x150.jpg 150w, https:\/\/www.schlanser.ch\/magazin\/wp-content\/uploads\/2017\/12\/Quick-Clack-Topf-24-cm-300x300.jpg 300w\" sizes=\"(max-width: 600px) 100vw, 600px\" \/><\/p>\n<p style=\"text-align: justify;\">Ein minimalistisches Set aus <a href=\"https:\/\/www.schlanser.ch\/haushalt\/camping-geschirr\/kunststoff-melamin-geschirr\/\">Melamin- oder Kunststoffgeschirr<\/a> erlaubt den Verzehr von nahezu allen Gerichten, die Sie auch zu Hause essen w\u00fcrden.<\/p>\n<p><img loading=\"lazy\" decoding=\"async\" class=\"aligncenter wp-image-3682 size-full\" title=\"Melamin-Geschirrset Alondra von Berger | 8-teilig\" src=\"https:\/\/www.schlanser.ch\/magazin\/wp-content\/uploads\/2017\/12\/Berger-Set-Alondra-8-teilig.jpg\" alt=\"Berger Set Alondra 8-teilig\" width=\"600\" height=\"375\" srcset=\"https:\/\/www.schlanser.ch\/magazin\/wp-content\/uploads\/2017\/12\/Berger-Set-Alondra-8-teilig.jpg 600w, https:\/\/www.schlanser.ch\/magazin\/wp-content\/uploads\/2017\/12\/Berger-Set-Alondra-8-teilig-300x188.jpg 300w\" sizes=\"(max-width: 600px) 100vw, 600px\" \/><\/p>\n<p style=\"text-align: justify;\">Der Universalhelfer in der K\u00fcche ist das Taschenmesser bzw. das Multitool. Hiermit \u00f6ffnen Sie Dosen, schneiden Gem\u00fcse und haben obendrein einen zuverl\u00e4ssigen Begleiter im Campingalltag.<\/p>\n<p><img loading=\"lazy\" decoding=\"async\" class=\"aligncenter wp-image-3680 size-full\" title=\"True Utility Clip Tool\" src=\"https:\/\/www.schlanser.ch\/magazin\/wp-content\/uploads\/2017\/12\/True-Utility-Clip-Tool.jpg\" alt=\"True Utility Clip Tool\" width=\"600\" height=\"300\" srcset=\"https:\/\/www.schlanser.ch\/magazin\/wp-content\/uploads\/2017\/12\/True-Utility-Clip-Tool.jpg 600w, https:\/\/www.schlanser.ch\/magazin\/wp-content\/uploads\/2017\/12\/True-Utility-Clip-Tool-300x150.jpg 300w\" sizes=\"(max-width: 600px) 100vw, 600px\" \/><\/p>\n<p style=\"text-align: justify;\">Gutes und ausreichendes Essen ist im Aktivurlaub nicht zu verachten. Durch die oftmals ungewohnte k\u00f6rperliche Belastung aufgrund der t\u00e4glichen Bewegung mit Gep\u00e4ck verbrauchen Sie pl\u00f6tzlich viel mehr Energie als zu Hause im Alltag.<\/p>\n<p><img loading=\"lazy\" decoding=\"async\" class=\"aligncenter wp-image-3676 size-full\" title=\"Trinkflasche Flip Top\" src=\"https:\/\/www.schlanser.ch\/magazin\/wp-content\/uploads\/2017\/12\/Trinkflasche-Flip-Top.jpg\" alt=\"Trinkflasche Flip Top\" width=\"600\" height=\"375\" srcset=\"https:\/\/www.schlanser.ch\/magazin\/wp-content\/uploads\/2017\/12\/Trinkflasche-Flip-Top.jpg 600w, https:\/\/www.schlanser.ch\/magazin\/wp-content\/uploads\/2017\/12\/Trinkflasche-Flip-Top-300x188.jpg 300w\" sizes=\"(max-width: 600px) 100vw, 600px\" \/><\/p>\n<p style=\"text-align: justify;\">Ebenso sollten Sie sich ausreichend Trinkflaschen oder Wassers\u00e4cke mitnehmen.<\/p>\n<blockquote>\n<p style=\"text-align: justify;\">Selbst bei k\u00fchler Witterung in den Bergen werden Sie unter der Kleidung durch die k\u00f6rperliche Anstrengung viel Fl\u00fcssigkeit verlieren.<\/p>\n<\/blockquote>\n","protected":false},"excerpt":{"rendered":"<p>\u00ab Sporturlaub im Zelt \u00bb Im Alltag bewegen sich viele Leute nicht genug. Das ist weder f\u00fcr die physische noch die psychische Gesundheit gut. Da w\u00e4re es doch paradox, sich im Urlaub noch weniger zu bewegen und den ganzen Tag nur herumzuliegen. Ein 100% alternatives Programm bietet Ihnen Aktivcamping. Sporturlaub und Camping: Aktivcamping Aktivcamping ist &hellip;<\/p>\n","protected":false},"author":1,"featured_media":3655,"comment_status":"closed","ping_status":"open","sticky":false,"template":"","format":"standard","meta":{"footnotes":""},"categories":[2],"tags":[474,201,350,384,38,50,363,475,39,234,476,17,352,323],"yoast_head":"<!-- This site is optimized with the Yoast SEO plugin v22.2 - https:\/\/yoast.com\/wordpress\/plugins\/seo\/ -->\n<title>Aktivcamping - Schlanser Magazin<\/title>\n<meta name=\"description\" content=\"Lesen Sie im Schlanser Magazin wunderbare M\u00f6glichkeiten sich im Urlaub mehr zu bewegen! \u2013 Alles \u00fcber Aktivcamping und Sporturlaub im Zelt hier erfahren \u2714\" \/>\n<meta name=\"robots\" content=\"index, follow, max-snippet:-1, max-image-preview:large, max-video-preview:-1\" \/>\n<link rel=\"canonical\" href=\"https:\/\/www.schlanser.ch\/magazin\/aktivcamping\/\" \/>\n<meta property=\"og:locale\" content=\"de_DE\" \/>\n<meta property=\"og:type\" content=\"article\" \/>\n<meta property=\"og:title\" content=\"Aktivcamping - Schlanser Magazin\" \/>\n<meta property=\"og:description\" content=\"Lesen Sie im Schlanser Magazin wunderbare M\u00f6glichkeiten sich im Urlaub mehr zu bewegen! \u2013 Alles \u00fcber Aktivcamping und Sporturlaub im Zelt hier erfahren \u2714\" \/>\n<meta property=\"og:url\" content=\"https:\/\/www.schlanser.ch\/magazin\/aktivcamping\/\" \/>\n<meta property=\"og:site_name\" content=\"Schlanser Magazin\" \/>\n<meta property=\"article:published_time\" content=\"2017-12-11T09:01:07+00:00\" \/>\n<meta property=\"article:modified_time\" content=\"2021-06-23T12:11:07+00:00\" \/>\n<meta property=\"og:image\" content=\"https:\/\/www.schlanser.ch\/magazin\/wp-content\/uploads\/2017\/12\/Aktivcamping.jpg\" \/>\n\t<meta property=\"og:image:width\" content=\"800\" \/>\n\t<meta property=\"og:image:height\" content=\"533\" \/>\n\t<meta property=\"og:image:type\" content=\"image\/jpeg\" \/>\n<meta name=\"author\" content=\"admin\" \/>\n<meta name=\"twitter:card\" content=\"summary_large_image\" \/>\n<meta name=\"twitter:label1\" content=\"Verfasst von\" \/>\n\t<meta name=\"twitter:data1\" content=\"admin\" \/>\n\t<meta name=\"twitter:label2\" content=\"Gesch\u00e4tzte Lesezeit\" \/>\n\t<meta name=\"twitter:data2\" content=\"6 Minuten\" \/>\n<script type=\"application\/ld+json\" class=\"yoast-schema-graph\">{\"@context\":\"https:\/\/schema.org\",\"@graph\":[{\"@type\":\"WebPage\",\"@id\":\"https:\/\/www.schlanser.ch\/magazin\/aktivcamping\/\",\"url\":\"https:\/\/www.schlanser.ch\/magazin\/aktivcamping\/\",\"name\":\"Aktivcamping - Schlanser Magazin\",\"isPartOf\":{\"@id\":\"https:\/\/www.schlanser.ch\/magazin\/#website\"},\"primaryImageOfPage\":{\"@id\":\"https:\/\/www.schlanser.ch\/magazin\/aktivcamping\/#primaryimage\"},\"image\":{\"@id\":\"https:\/\/www.schlanser.ch\/magazin\/aktivcamping\/#primaryimage\"},\"thumbnailUrl\":\"https:\/\/www.schlanser.ch\/magazin\/wp-content\/uploads\/2017\/12\/Aktivcamping.jpg\",\"datePublished\":\"2017-12-11T09:01:07+00:00\",\"dateModified\":\"2021-06-23T12:11:07+00:00\",\"author\":{\"@id\":\"https:\/\/www.schlanser.ch\/magazin\/#\/schema\/person\/000db0a103eb2594ba3daf394b1dfea2\"},\"description\":\"Lesen Sie im Schlanser Magazin wunderbare M\u00f6glichkeiten sich im Urlaub mehr zu bewegen! \u2013 Alles \u00fcber Aktivcamping und Sporturlaub im Zelt hier erfahren \u2714\",\"breadcrumb\":{\"@id\":\"https:\/\/www.schlanser.ch\/magazin\/aktivcamping\/#breadcrumb\"},\"inLanguage\":\"de-DE\",\"potentialAction\":[{\"@type\":\"ReadAction\",\"target\":[\"https:\/\/www.schlanser.ch\/magazin\/aktivcamping\/\"]}]},{\"@type\":\"ImageObject\",\"inLanguage\":\"de-DE\",\"@id\":\"https:\/\/www.schlanser.ch\/magazin\/aktivcamping\/#primaryimage\",\"url\":\"https:\/\/www.schlanser.ch\/magazin\/wp-content\/uploads\/2017\/12\/Aktivcamping.jpg\",\"contentUrl\":\"https:\/\/www.schlanser.ch\/magazin\/wp-content\/uploads\/2017\/12\/Aktivcamping.jpg\",\"width\":800,\"height\":533,\"caption\":\"\u00a9 zhukovvvlad \/ Fotolia.com\"},{\"@type\":\"BreadcrumbList\",\"@id\":\"https:\/\/www.schlanser.ch\/magazin\/aktivcamping\/#breadcrumb\",\"itemListElement\":[{\"@type\":\"ListItem\",\"position\":1,\"name\":\"Startseite\",\"item\":\"https:\/\/www.schlanser.ch\/magazin\/\"},{\"@type\":\"ListItem\",\"position\":2,\"name\":\"Aktivcamping\"}]},{\"@type\":\"WebSite\",\"@id\":\"https:\/\/www.schlanser.ch\/magazin\/#website\",\"url\":\"https:\/\/www.schlanser.ch\/magazin\/\",\"name\":\"Schlanser Magazin\",\"description\":\"\",\"potentialAction\":[{\"@type\":\"SearchAction\",\"target\":{\"@type\":\"EntryPoint\",\"urlTemplate\":\"https:\/\/www.schlanser.ch\/magazin\/?s={search_term_string}\"},\"query-input\":\"required name=search_term_string\"}],\"inLanguage\":\"de-DE\"},{\"@type\":\"Person\",\"@id\":\"https:\/\/www.schlanser.ch\/magazin\/#\/schema\/person\/000db0a103eb2594ba3daf394b1dfea2\",\"name\":\"admin\",\"image\":{\"@type\":\"ImageObject\",\"inLanguage\":\"de-DE\",\"@id\":\"https:\/\/www.schlanser.ch\/magazin\/#\/schema\/person\/image\/\",\"url\":\"https:\/\/secure.gravatar.com\/avatar\/a794a4fe8a9b9c52241597eb381dfa2e?s=96&d=mm&r=g\",\"contentUrl\":\"https:\/\/secure.gravatar.com\/avatar\/a794a4fe8a9b9c52241597eb381dfa2e?s=96&d=mm&r=g\",\"caption\":\"admin\"}}]}<\/script>\n<!-- \/ Yoast SEO plugin. -->","yoast_head_json":{"title":"Aktivcamping - Schlanser Magazin","description":"Lesen Sie im Schlanser Magazin wunderbare M\u00f6glichkeiten sich im Urlaub mehr zu bewegen! \u2013 Alles \u00fcber Aktivcamping und Sporturlaub im Zelt hier erfahren \u2714","robots":{"index":"index","follow":"follow","max-snippet":"max-snippet:-1","max-image-preview":"max-image-preview:large","max-video-preview":"max-video-preview:-1"},"canonical":"https:\/\/www.schlanser.ch\/magazin\/aktivcamping\/","og_locale":"de_DE","og_type":"article","og_title":"Aktivcamping - Schlanser Magazin","og_description":"Lesen Sie im Schlanser Magazin wunderbare M\u00f6glichkeiten sich im Urlaub mehr zu bewegen! \u2013 Alles \u00fcber Aktivcamping und Sporturlaub im Zelt hier erfahren \u2714","og_url":"https:\/\/www.schlanser.ch\/magazin\/aktivcamping\/","og_site_name":"Schlanser Magazin","article_published_time":"2017-12-11T09:01:07+00:00","article_modified_time":"2021-06-23T12:11:07+00:00","og_image":[{"width":800,"height":533,"url":"https:\/\/www.schlanser.ch\/magazin\/wp-content\/uploads\/2017\/12\/Aktivcamping.jpg","type":"image\/jpeg"}],"author":"admin","twitter_card":"summary_large_image","twitter_misc":{"Verfasst von":"admin","Gesch\u00e4tzte Lesezeit":"6 Minuten"},"schema":{"@context":"https:\/\/schema.org","@graph":[{"@type":"WebPage","@id":"https:\/\/www.schlanser.ch\/magazin\/aktivcamping\/","url":"https:\/\/www.schlanser.ch\/magazin\/aktivcamping\/","name":"Aktivcamping - Schlanser Magazin","isPartOf":{"@id":"https:\/\/www.schlanser.ch\/magazin\/#website"},"primaryImageOfPage":{"@id":"https:\/\/www.schlanser.ch\/magazin\/aktivcamping\/#primaryimage"},"image":{"@id":"https:\/\/www.schlanser.ch\/magazin\/aktivcamping\/#primaryimage"},"thumbnailUrl":"https:\/\/www.schlanser.ch\/magazin\/wp-content\/uploads\/2017\/12\/Aktivcamping.jpg","datePublished":"2017-12-11T09:01:07+00:00","dateModified":"2021-06-23T12:11:07+00:00","author":{"@id":"https:\/\/www.schlanser.ch\/magazin\/#\/schema\/person\/000db0a103eb2594ba3daf394b1dfea2"},"description":"Lesen Sie im Schlanser Magazin wunderbare M\u00f6glichkeiten sich im Urlaub mehr zu bewegen! \u2013 Alles \u00fcber Aktivcamping und Sporturlaub im Zelt hier erfahren \u2714","breadcrumb":{"@id":"https:\/\/www.schlanser.ch\/magazin\/aktivcamping\/#breadcrumb"},"inLanguage":"de-DE","potentialAction":[{"@type":"ReadAction","target":["https:\/\/www.schlanser.ch\/magazin\/aktivcamping\/"]}]},{"@type":"ImageObject","inLanguage":"de-DE","@id":"https:\/\/www.schlanser.ch\/magazin\/aktivcamping\/#primaryimage","url":"https:\/\/www.schlanser.ch\/magazin\/wp-content\/uploads\/2017\/12\/Aktivcamping.jpg","contentUrl":"https:\/\/www.schlanser.ch\/magazin\/wp-content\/uploads\/2017\/12\/Aktivcamping.jpg","width":800,"height":533,"caption":"\u00a9 zhukovvvlad \/ Fotolia.com"},{"@type":"BreadcrumbList","@id":"https:\/\/www.schlanser.ch\/magazin\/aktivcamping\/#breadcrumb","itemListElement":[{"@type":"ListItem","position":1,"name":"Startseite","item":"https:\/\/www.schlanser.ch\/magazin\/"},{"@type":"ListItem","position":2,"name":"Aktivcamping"}]},{"@type":"WebSite","@id":"https:\/\/www.schlanser.ch\/magazin\/#website","url":"https:\/\/www.schlanser.ch\/magazin\/","name":"Schlanser Magazin","description":"","potentialAction":[{"@type":"SearchAction","target":{"@type":"EntryPoint","urlTemplate":"https:\/\/www.schlanser.ch\/magazin\/?s={search_term_string}"},"query-input":"required name=search_term_string"}],"inLanguage":"de-DE"},{"@type":"Person","@id":"https:\/\/www.schlanser.ch\/magazin\/#\/schema\/person\/000db0a103eb2594ba3daf394b1dfea2","name":"admin","image":{"@type":"ImageObject","inLanguage":"de-DE","@id":"https:\/\/www.schlanser.ch\/magazin\/#\/schema\/person\/image\/","url":"https:\/\/secure.gravatar.com\/avatar\/a794a4fe8a9b9c52241597eb381dfa2e?s=96&d=mm&r=g","contentUrl":"https:\/\/secure.gravatar.com\/avatar\/a794a4fe8a9b9c52241597eb381dfa2e?s=96&d=mm&r=g","caption":"admin"}}]}},"_links":{"self":[{"href":"https:\/\/www.schlanser.ch\/magazin\/wp-json\/wp\/v2\/posts\/3646"}],"collection":[{"href":"https:\/\/www.schlanser.ch\/magazin\/wp-json\/wp\/v2\/posts"}],"about":[{"href":"https:\/\/www.schlanser.ch\/magazin\/wp-json\/wp\/v2\/types\/post"}],"author":[{"embeddable":true,"href":"https:\/\/www.schlanser.ch\/magazin\/wp-json\/wp\/v2\/users\/1"}],"replies":[{"embeddable":true,"href":"https:\/\/www.schlanser.ch\/magazin\/wp-json\/wp\/v2\/comments?post=3646"}],"version-history":[{"count":39,"href":"https:\/\/www.schlanser.ch\/magazin\/wp-json\/wp\/v2\/posts\/3646\/revisions"}],"predecessor-version":[{"id":12575,"href":"https:\/\/www.schlanser.ch\/magazin\/wp-json\/wp\/v2\/posts\/3646\/revisions\/12575"}],"wp:featuredmedia":[{"embeddable":true,"href":"https:\/\/www.schlanser.ch\/magazin\/wp-json\/wp\/v2\/media\/3655"}],"wp:attachment":[{"href":"https:\/\/www.schlanser.ch\/magazin\/wp-json\/wp\/v2\/media?parent=3646"}],"wp:term":[{"taxonomy":"category","embeddable":true,"href":"https:\/\/www.schlanser.ch\/magazin\/wp-json\/wp\/v2\/categories?post=3646"},{"taxonomy":"post_tag","embeddable":true,"href":"https:\/\/www.schlanser.ch\/magazin\/wp-json\/wp\/v2\/tags?post=3646"}],"curies":[{"name":"wp","href":"https:\/\/api.w.org\/{rel}","templated":true}]}}