{"id":3710,"date":"2017-12-27T08:56:05","date_gmt":"2017-12-27T07:56:05","guid":{"rendered":"https:\/\/www.schlanser.ch\/magazin\/?p=3710"},"modified":"2025-03-18T11:27:39","modified_gmt":"2025-03-18T10:27:39","slug":"i-love-camping","status":"publish","type":"post","link":"https:\/\/www.schlanser.ch\/magazin\/i-love-camping\/","title":{"rendered":"I love Camping"},"content":{"rendered":"<h2>\u00ab Die neue Camper-Kollektion bei Schlanser \u00bb<\/h2>\n<p style=\"text-align: justify;\"><strong>Zu dem zu stehen, was Freude macht und gef\u00e4llt, ist eine Sache. Es deutlich sichtbar mitzuteilen, ist echte \u00dcberzeugungsarbeit. F\u00fcr alle, die Camping lieben und sich dazu bekennen, hat Fritz Berger eine eigene Linie mit dem Titel <\/strong><strong>I love Camping<\/strong><strong> herausgebracht. Sch\u00f6ner k\u00f6nnen Sie Ihrem Hobby und Freizeitvergn\u00fcgen kaum Ausdruck verleihen.<\/strong><\/p>\n<h2>I love Camping \u2013 und jeder darf es wissen<\/h2>\n<p style=\"text-align: justify;\">Fritz Berger ist Spezialist f\u00fcr hochwertiges Campingzubeh\u00f6r und Freizeit und bietet Naturliebhabern alles, was sie f\u00fcr Ihre Passion brauchen \u2013 und das bereits seit 50 Jahren. Diese Leidenschaft schl\u00e4gt sich in der Kollektion I love Camping nieder, deren Name aussagekr\u00e4ftiger nicht sein k\u00f6nnte. Doch inzwischen sind auch andere Hersteller wie Arisol oder Flamefield auf den I-Love-Camping-Zug aufgesprungen. <a href=\"https:\/\/www.schlanser.ch\/fahrzeug\/kfz-innenraum-fahrerhaus\/fussmatten\/488720\/fussmatte-kera-kamp-40x60cm-schwarz-pp-gummi-motiv-motorhome-caravan\"><img loading=\"lazy\" decoding=\"async\" class=\"aligncenter wp-image-18654 size-large\" title=\"Eine Camper-Fussmatte im attraktiven Design. Kann sowohl im Innen- als auch im Aussenbereich eingesetzt werden.\" src=\"https:\/\/www.schlanser.ch\/magazin\/wp-content\/uploads\/2017\/12\/fussmatte-kera-kamp-40x60cm-schwarz-pp-gummi-motiv-motorhome-caravan-1024x650.jpg\" alt=\"Anthrazit Fussmatte KERA KAMP 40x60cm, schwarz, PP\/Gummi, Motiv: Motorhome\/Caravan\" width=\"618\" height=\"392\" srcset=\"https:\/\/www.schlanser.ch\/magazin\/wp-content\/uploads\/2017\/12\/fussmatte-kera-kamp-40x60cm-schwarz-pp-gummi-motiv-motorhome-caravan-1024x650.jpg 1024w, https:\/\/www.schlanser.ch\/magazin\/wp-content\/uploads\/2017\/12\/fussmatte-kera-kamp-40x60cm-schwarz-pp-gummi-motiv-motorhome-caravan-300x191.jpg 300w, https:\/\/www.schlanser.ch\/magazin\/wp-content\/uploads\/2017\/12\/fussmatte-kera-kamp-40x60cm-schwarz-pp-gummi-motiv-motorhome-caravan-768x488.jpg 768w, https:\/\/www.schlanser.ch\/magazin\/wp-content\/uploads\/2017\/12\/fussmatte-kera-kamp-40x60cm-schwarz-pp-gummi-motiv-motorhome-caravan.jpg 1384w\" sizes=\"(max-width: 618px) 100vw, 618px\" \/><\/a><\/p>\n<p style=\"text-align: justify;\">Viele n\u00fctzliche Ger\u00e4tschaften erleichtern den Campingalltag und das Leben zu Hause \u2013 vor, w\u00e4hrend und nach der Saison. Der Campingfreund greift daf\u00fcr zu den Produkten, die Fritz Berger als Liebeserkl\u00e4rung an das Campen zusammengestellt hat. Die Kollektion besteht aus Artikeln, die jeder (nicht nur) beim Zelten braucht und die in Qualit\u00e4t und Machart \u00fcberzeugen. Zus\u00e4tzlich kann durch den pr\u00e4gnanten Aufdruck gleich erkannt werden, dass Sie ein echter Camper sind.<\/p>\n<h2>Campinggeschirr und Campingbesteck<\/h2>\n<p style=\"text-align: justify;\">Mehr als nur belegte Brote, Nudeln und Dosenfutter \u2013 auch beim Zelten kann das Essen kreativ ausfallen. Selbstverst\u00e4ndlich darf das passende <a href=\"https:\/\/www.schlanser.ch\/haushalt\/camping-geschirr\/\">Campinggeschirr<\/a> ebenso wenig fehlen wie entsprechendes <a href=\"https:\/\/www.schlanser.ch\/haushalt\/camping-geschirr\/campingbesteck\/\">Campingbesteck<\/a>.<\/p>\n<h3>Scharfe Messer f\u00fcr den Fr\u00fchst\u00fcckstisch<\/h3>\n<p style=\"text-align: justify;\">Eine stabile Klinge ist unverzichtbar. Das gilt beim Camping wie in der K\u00fcche. Morgens schneiden Sie frische Br\u00f6tchen auf und mit demselben Messer streichen Sie die Butter und schneiden K\u00e4se oder Wurst. Wo der Platz f\u00fcr Ausstattung \u00fcberschaubar ist, dient dieses I love Camping Messer als ein toller Allrounder aus rostfreiem Spezialstahl mit ergonomisch geformtem Griff. Das Berger Messer ist an der Spitze abgerundet, sodass es zum Beispiel bei Trekking im Gep\u00e4ck keinen Schaden anrichtet. Familien und gr\u00f6ssere Gruppen sparen Zubeh\u00f6r f\u00fcr autarke Mahlzeiten, denn das Abendbrot oder Mittagessen schneidet dieses Fr\u00fchst\u00fccksmesser gleichfalls \u00fcberragend. Der Kunststoffgriff in fr\u00f6hlichen Farben ist leicht und sieht gut aus.<\/p>\n<p><a href=\"https:\/\/www.schlanser.ch\/hersteller\/berger\/24179\/berger-fruehstuecksmesser-i-love-camping-gruen\"><img loading=\"lazy\" decoding=\"async\" class=\"aligncenter wp-image-3713 size-full\" title=\"Gelbes I Love Camping Fr\u00fchst\u00fccksmesser\" src=\"https:\/\/www.schlanser.ch\/magazin\/wp-content\/uploads\/2017\/12\/Fr\u00fchst\u00fccksmesser-I-Love-Camping-gelb.jpg\" alt=\"Fr\u00fchst\u00fccksmesser I Love Camping gelb\" width=\"600\" height=\"81\" srcset=\"https:\/\/www.schlanser.ch\/magazin\/wp-content\/uploads\/2017\/12\/Fr\u00fchst\u00fccksmesser-I-Love-Camping-gelb.jpg 600w, https:\/\/www.schlanser.ch\/magazin\/wp-content\/uploads\/2017\/12\/Fr\u00fchst\u00fccksmesser-I-Love-Camping-gelb-300x41.jpg 300w\" sizes=\"(max-width: 600px) 100vw, 600px\" \/><\/a><\/p>\n<h3><a href=\"https:\/\/www.schlanser.ch\/hersteller\/berger\/24182\/berger-fruehstuecksmesser-i-love-camping-blau\"><img loading=\"lazy\" decoding=\"async\" class=\"aligncenter wp-image-3714 size-full\" title=\"Blaues I Love Camping K\u00fcchenmesser\" src=\"https:\/\/www.schlanser.ch\/magazin\/wp-content\/uploads\/2017\/12\/K\u00fcchenmesser-blau.jpg\" alt=\"K\u00fcchenmesser blau\" width=\"600\" height=\"89\" srcset=\"https:\/\/www.schlanser.ch\/magazin\/wp-content\/uploads\/2017\/12\/K\u00fcchenmesser-blau.jpg 600w, https:\/\/www.schlanser.ch\/magazin\/wp-content\/uploads\/2017\/12\/K\u00fcchenmesser-blau-300x45.jpg 300w\" sizes=\"(max-width: 600px) 100vw, 600px\" \/><\/a>Tassen mit Campingmotiv: 0,3 l heisse Liebe<\/h3>\n<p style=\"text-align: justify;\">Melamin ist das Top-Material im Bereich Tischgeschirr f\u00fcr aktive Camper. Der Werkstoff kommt in edler Optik daher, die an Porzellan erinnert, aber weniger wiegt und dennoch hitzevertr\u00e4glich. Melamin sieht optisch vorz\u00fcglich aus und ist haltbar. Nie wieder gibt es angestossenes Geschirr, es klappert kein Blech und noch dazu ist der moderne Kunststoff viel leichter im Gep\u00e4ck. Viele tassen n\u00e4hern sich inzwischen dem Thema Camping mit Liebe. Melamin Tassen sind ausserdem pflegeleicht und sp\u00fclmaschinenfest.<\/p>\n<h2><img loading=\"lazy\" decoding=\"async\" class=\"aligncenter wp-image-18655 size-large\" title=\"Echte Campertassen: bruchunempfindlich, pflegeleicht, sp\u00fclmaschinengeeignet, temperaturbest\u00e4ndig bis +70\u00b0C und leicht im Gewicht.\" src=\"https:\/\/www.schlanser.ch\/magazin\/wp-content\/uploads\/2017\/12\/tassen-4er-set-camper-smiles-350-ml-1024x570.jpg\" alt=\"Tassen 4er Set Camper Smiles 350 ml mit Bully Motiv\" width=\"618\" height=\"344\" \/>Kindergeschirr f\u00fcr kleine Campingfans<\/h2>\n<div class=\"font-claude-message relative leading-[1.65rem] [&amp;&gt;div&gt;div&gt;:is(p,ul,ol)]:pr-4 md:[&amp;&gt;div&gt;div&gt;:is(p,ul,ol)]:pr-8 [&amp;_pre&gt;div]:bg-bg-300 [&amp;_.ignore-pre-bg&gt;div]:bg-transparent\">\n<div class=\"grid-cols-1 grid gap-2.5 [&amp;_&gt;_*]:min-w-0\">\n<p class=\"whitespace-pre-wrap break-words\">Auch die j\u00fcngsten Camping-Enthusiasten verdienen ihr eigenes hochwertiges Campinggeschirr. Das Flamefield Happy Holiday Kinder Melamin Geschirr-Set ist mit seinen fr\u00f6hlichen Camping- und Wohnwagenmotiven perfekt auf kleine Abenteurer abgestimmt. Das 5-teilige Set besteht aus einem Trinkbecher (250 ml), einer kindgerechten M\u00fcslischale (\u00d8 16 cm), einem Essteller (\u00d8 22 cm) sowie Gabel und L\u00f6ffel in passender Gr\u00f6sse. Wie alle Melamin-Produkte ist es pflegeleicht, bruchunempfindlich und sp\u00fclmaschinenfest \u2013 unverzichtbare Eigenschaften im Campingalltag mit Kindern. Die bunten Motive mit Wohnwagen, Zelten und Sonnenschirmen wecken bei den Kleinen die Vorfreude aufs n\u00e4chste Campingabenteuer und f\u00f6rdern spielerisch die Selbstst\u00e4ndigkeit beim Essen. Begeisterte Eltern berichten, dass der robuste Melamin-Klassiker auch nach zahlreichen Campingsaisons noch wie neu aussieht und bei vielen Kindern zum pers\u00f6nlichen Lieblingsgeschirr avanciert ist.<a href=\"https:\/\/www.schlanser.ch\/hersteller\/flamefield\/47574\/flamefield-happy-holiday-kinder-melamin-geschirr-set-5-tlg.\" class=\"broken_link\"><img loading=\"lazy\" decoding=\"async\" class=\"aligncenter wp-image-18657 size-large\" title=\"Kleine Campingliebe aus Melamin: lebensmittelecht und temperaturbest\u00e4ndig\" src=\"https:\/\/www.schlanser.ch\/magazin\/wp-content\/uploads\/2017\/12\/flamefield-happy-holiday-kinder-melamin-geschirr-set-5-tlg-1-1024x683.jpg\" alt=\"Flamefield Happy Holiday Kinder Melamin Geschirr-Set 5-tlg. 1 Trinkbecher (250 ml), 1 Schale (\u00d8 16 cm), 1 Essteller (\u00d8 22 cm), 1 Gabel, 1 L\u00f6ffel\" width=\"618\" height=\"412\" \/><\/a><\/p>\n<\/div>\n<\/div>\n<div class=\"absolute -bottom-0 -right-1.5\">\n<div class=\"border-0.5 border-border-300 flex items-center translate-y-1\/2 rounded-lg shadow-sm transition bg-bg-000 p-1\">\n<div class=\"text-text-300 flex items-stretch justify-between gap-0.5\">\n<h2 class=\"flex gap-0.5\">Die Sache mit dem Gep\u00e4ck<\/h2>\n<\/div>\n<\/div>\n<\/div>\n<p style=\"text-align: justify;\">Im Campingbereich drehen sich zahllose Gespr\u00e4che um Zuladung und Gep\u00e4ck. Kaum beachtet ist dabei die Zeit, in der tempor\u00e4re Anforderungen auftreten. Wie zum Beispiel gelangen die Badesachen an den Strand? Oder worin wird der Nachschub aus dem n\u00e4chsten Dorf oder Shop transportiert? Faltbare Taschen sind echte Raumwunder sowohl im Gebrauch als auch danach. Zusammengefaltet nehmen sie kaum Platz ein und das weiche Material findet selbst in der kleinsten Ecke Platz. Leicht sind sie auch! Im Portfolio an Fritz Berger Campingzubeh\u00f6r gibt es gleich zwei Ausf\u00fchrungen im Programm, die auf ansprechende Weise I love Camping sagen: die schlankere Henkeltasche mit Schultergurt und die Tragetasche XXL.<\/p>\n<p>\u00a0<a href=\"https:\/\/www.schlanser.ch\/hersteller\/berger\/242980\/berger-tragetasche-i-love-camping\"><img loading=\"lazy\" decoding=\"async\" class=\"alignnone wp-image-3720 size-full\" title=\"Fritz Berger Tragetasche &quot;I love Camping&quot;\" src=\"https:\/\/www.schlanser.ch\/magazin\/wp-content\/uploads\/2017\/12\/Berger-Tragetasche-I-love-Camping.jpg\" alt=\"Berger Tragetasche I love Camping\" width=\"300\" height=\"300\" srcset=\"https:\/\/www.schlanser.ch\/magazin\/wp-content\/uploads\/2017\/12\/Berger-Tragetasche-I-love-Camping.jpg 300w, https:\/\/www.schlanser.ch\/magazin\/wp-content\/uploads\/2017\/12\/Berger-Tragetasche-I-love-Camping-150x150.jpg 150w\" sizes=\"(max-width: 300px) 100vw, 300px\" \/><\/a>\u00a0<img loading=\"lazy\" decoding=\"async\" class=\"alignnone wp-image-3721 size-full\" title=\"Fritz Berger Tragetasche XXL &quot;I love Camping&quot;\" src=\"https:\/\/www.schlanser.ch\/magazin\/wp-content\/uploads\/2017\/12\/Berger-Tragetasche-XXL-I-love-Camping.jpg\" alt=\"Berger Tragetasche XXL I love Camping\" width=\"300\" height=\"300\" srcset=\"https:\/\/www.schlanser.ch\/magazin\/wp-content\/uploads\/2017\/12\/Berger-Tragetasche-XXL-I-love-Camping.jpg 300w, https:\/\/www.schlanser.ch\/magazin\/wp-content\/uploads\/2017\/12\/Berger-Tragetasche-XXL-I-love-Camping-150x150.jpg 150w\" sizes=\"(max-width: 300px) 100vw, 300px\" \/><\/p>\n<h2>Identit\u00e4t und Gemeinschaft<\/h2>\n<p style=\"text-align: justify;\">Es ist kaum zu leugnen, dass unter Campern ein unbestimmtes Gemeinschaftsgef\u00fchl herrscht. Ausfl\u00fcge und Treffen in Gruppen f\u00fchren an noch unbekannte Ferienorte oder als feste Verabredungen im Kalender vermerkt, die allen Vereinsmitgliedern und Gemeinschaftsangeh\u00f6rigen offenstehen. Besonders aus den Niederlanden und Deutschland sind diese Gruppen-Camper bekannt. Sich als der Gruppe und der Gemeinschaft angeh\u00f6rig zu zeigen, daf\u00fcr bedarf es sichtbarer Zeichen. Flaggen sind nicht ungew\u00f6hnlich. Das praktische T-Shirt I love Camping f\u00fcr Damen, Herren und Kinder ist aber nicht weniger eindeutig und zus\u00e4tzlich n\u00fctzlich im Gep\u00e4ck. Das hochwertige Motto-T-Shirt ist aus Baumwolle gefertigt und wird gepflegt wie gewohnt.<\/p>\n<p>\u00a0 \u00a0<img loading=\"lazy\" decoding=\"async\" class=\"alignnone wp-image-3724 size-full\" title=\"T-Shirt &quot;I love Camping&quot;\" src=\"https:\/\/www.schlanser.ch\/magazin\/wp-content\/uploads\/2017\/12\/T-Shirt-I-love-Camping.jpg\" alt=\"T-Shirt I love Camping\" width=\"300\" height=\"311\" srcset=\"https:\/\/www.schlanser.ch\/magazin\/wp-content\/uploads\/2017\/12\/T-Shirt-I-love-Camping.jpg 300w, https:\/\/www.schlanser.ch\/magazin\/wp-content\/uploads\/2017\/12\/T-Shirt-I-love-Camping-289x300.jpg 289w\" sizes=\"(max-width: 300px) 100vw, 300px\" \/>\u00a0<img loading=\"lazy\" decoding=\"async\" class=\"alignnone wp-image-3725 size-full\" title=\"Kinder-T-Shirt &quot;I love Camping&quot;\" src=\"https:\/\/www.schlanser.ch\/magazin\/wp-content\/uploads\/2017\/12\/Kinder-T-Shirt-I-love-Camping.jpg\" alt=\"Kinder-T-Shirt I love Camping\" width=\"300\" height=\"296\" \/><\/p>\n<h2>Den Zugang sichern<\/h2>\n<p style=\"text-align: justify;\">Schl\u00fcssel f\u00fcr Wohnwagen und Co. besitzen die unangenehme Eigenschaft, anderen Schl\u00fcsseln ausgesprochen \u00e4hnlich zu sehen. Schl\u00fcssel f\u00fcr das Fahrradschloss, die Dachbox, eventuell ein Ger\u00e4teschuppen am Platz und vermutlich ein weiteres Set aus Ersatzschl\u00fcsseln f\u00fcr Schl\u00f6sser am Haus vereinen sich an einem sicheren Ort bis sie wieder gebraucht werden. Wer blickt da nach einer langen Winterpause noch durch? F\u00fcr den schnellen Zugriff sind auff\u00e4llige Schl\u00fcsselanh\u00e4nger ein ideales Hilfsmittel. Der I love Camping Aufdruck zeigt genau, welche T\u00fcren diese Schl\u00fcssel \u00f6ffnen. Die Schlaufe aus Filz im typischen Blau von Fritz Berger ist mit einem Schl\u00fcsselring ausgestattet und liegt angenehm in der Hand.<\/p>\n<p><a href=\"https:\/\/www.schlanser.ch\/magazin\/?attachment_id=3727\"><img loading=\"lazy\" decoding=\"async\" class=\"aligncenter wp-image-3727 size-full\" title=\"Schl\u00fcsselanh\u00e4nger &quot;I love camping&quot;\" src=\"https:\/\/www.schlanser.ch\/magazin\/wp-content\/uploads\/2017\/12\/Schl\u00fcsselanh\u00e4nger-I-love-camping.jpg\" alt=\"Schl\u00fcsselanh\u00e4nger I love camping\" width=\"600\" height=\"198\" srcset=\"https:\/\/www.schlanser.ch\/magazin\/wp-content\/uploads\/2017\/12\/Schl\u00fcsselanh\u00e4nger-I-love-camping.jpg 600w, https:\/\/www.schlanser.ch\/magazin\/wp-content\/uploads\/2017\/12\/Schl\u00fcsselanh\u00e4nger-I-love-camping-300x99.jpg 300w\" sizes=\"(max-width: 600px) 100vw, 600px\" \/><\/a><\/p>\n<h2>F\u00fcr den Ausflug und als Schutz<\/h2>\n<p style=\"text-align: justify;\">Passivk\u00fchlboxen liefern aufgrund ihrer Bauweise eine K\u00fchlleistung \u00fcber mehrere Stunden. Gut gefrostete K\u00fchlakkus speichern die K\u00e4lte. Je \u00f6fter sich der Deckel \u00f6ffnet und warme Luft einstr\u00f6mt, desto k\u00fcrzer h\u00e4lt die K\u00fchlung an. Aufbewahrung im Schatten und ein dichter Verschluss erlauben es aber auch noch danach, Lebensmittel in den <a href=\"https:\/\/www.schlanser.ch\/haushalt\/kuehlung\/kuehlboxen\/\">K\u00fchlboxen<\/a> sicher aufzubewahren und zum Beispiel vor Insekten zu sch\u00fctzen. Die liebevolle Fritz Berger Passivk\u00fchlbox ist daf\u00fcr mit einem 24 l Volumen ausgestattet und so gebaut, dass auch 1,5 l Trinkflaschen hineinpassen. F\u00fcr Outdoor und Sport greifen Sie zur lebensmittelechten und geschmacksneutralen Trinkflasche mit Sportverschluss und f\u00fcr 0,75 l Inhalt.<\/p>\n<p><a href=\"https:\/\/www.schlanser.ch\/haushalt\/kuehlung\/kuehlboxen\/\"><img loading=\"lazy\" decoding=\"async\" class=\"aligncenter wp-image-3734 size-full\" title=\"Passivk\u00fchlbox &quot;I Love Camping&quot;\" src=\"https:\/\/www.schlanser.ch\/magazin\/wp-content\/uploads\/2017\/12\/Passivk\u00fchlbox-I-Love-Camping.jpg\" alt=\"Passivk\u00fchlbox I Love Camping\" width=\"600\" height=\"600\" srcset=\"https:\/\/www.schlanser.ch\/magazin\/wp-content\/uploads\/2017\/12\/Passivk\u00fchlbox-I-Love-Camping.jpg 600w, https:\/\/www.schlanser.ch\/magazin\/wp-content\/uploads\/2017\/12\/Passivk\u00fchlbox-I-Love-Camping-150x150.jpg 150w, https:\/\/www.schlanser.ch\/magazin\/wp-content\/uploads\/2017\/12\/Passivk\u00fchlbox-I-Love-Camping-300x300.jpg 300w\" sizes=\"(max-width: 600px) 100vw, 600px\" \/><\/a><\/p>\n<h2>Bevor Sehnsucht aufkommt<\/h2>\n<p style=\"text-align: justify;\">Einige Campingfreunde empfinden es auch als Genuss, sich mit Neuerungen im Freizeit- und Campingbereich zu besch\u00e4ftigen. Das weckt Ideen f\u00fcr Auf- oder Umr\u00fcstung und der Winter ist lang genug f\u00fcr die Planung. Im kommenden Fr\u00fchjahr geht es dann los. Manchmal macht es aber einfach auch Spass, wenn ein Fr\u00fchst\u00fccksbrett mit passendem Messer und I love Camping einen guten Morgen w\u00fcnscht. Ausserhalb der Saison wirkt das wie ein Gruss vom Campingplatz. Neben den I Love Camping Serie hat Berger inzwischen auch die Linie Camping Gl\u00fcck aufgelegt.<\/p>\n<p><a href=\"https:\/\/www.schlanser.ch\/hersteller\/berger\/149498\/berger-bambus-schneidebrett-camping-glueck\"><img loading=\"lazy\" decoding=\"async\" class=\"aligncenter wp-image-18658 size-large\" title=\"Egal, ob frisches Gem\u00fcse schnippeln oder Fleisch vorbereiten \u2013 mit diesem praktischen K\u00fcchenhelfer ist man bestens ausgestattet.\" src=\"https:\/\/www.schlanser.ch\/magazin\/wp-content\/uploads\/2017\/12\/berger-bambus-schneidebrett-camping-glueck-1024x806.jpg\" alt=\"Berger Bambus Schneidebrett mit Aufschrift Camping Gl\u00fcck 28 x 22 cm\" width=\"618\" height=\"486\" \/><\/a><\/p>\n<h2>Gesammelte Erinnerungen<\/h2>\n<p style=\"text-align: justify;\">Wer in der Herbst- und Wintersaison nicht zum Camping will oder kann, wird vermutlich manchmal mit Wehmut an zur\u00fcckliegende Sommer denken. Ein toller Zeitvertreib kann es sein, neue Reisen und Unternehmungen zu planen und sich mit anderen Campern auszutauschen. Ebenso kann man in Erinnerungen an den vergangenen Urlaub schwelgen. Statt die Fotos aus den Ferien einfach auf dem Computer zu speichern und vermutlich nie wieder zu betrachten, verwenden Sie doch ein Reisetagebuch von I love Camping. Sinnvoll gegliederte Seiten erlauben Notizen, Bilder und andere Souvenirs wie Eintrittskarten etc. anschaulich unterzubringen. So entwickelt sich mit jeder Reise ein eigenes und sehr pers\u00f6nliches Buch. Selbst nach vielen Jahren werden noch Erinnerungen wach und das sch\u00fcrt die Vorfreude auf die n\u00e4chste Reise. Und die kommt bestimmt!<\/p>\n<p><a href=\"https:\/\/www.schlanser.ch\/outdoor-freizeit\/campingliteratur\/campingfuehrer\/3015\/bergers-reisetagebuch\"><img loading=\"lazy\" decoding=\"async\" class=\"aligncenter wp-image-18659 size-large\" title=\"Egal ob merkenswerte Geheimtipps, tolle Restaurants, Adressen f\u00fcr die Urlaubspostkarten oder die Packliste \u2013 in dieses schlaue Reisetagebuch passt einfach alles rein\" src=\"https:\/\/www.schlanser.ch\/magazin\/wp-content\/uploads\/2017\/12\/Camping-Reisetagebuch-Logbuch-Wohnmobil-1024x735.jpg\" alt=\"Bergers Reisetagebuch - Cover des Logbuchs f\u00fcr Caravanisten\" width=\"618\" height=\"444\" \/><\/a><\/p>\n<h2>Alles f\u00fcr Campingliebhaber<\/h2>\n<p style=\"text-align: justify;\">I love Camping \u2013 der Name ist Programm. Fritz Berger h\u00e4lt wichtige Utensilien bereit, die bei keinem Campingtrip fehlen d\u00fcrfen. Und das Beste: Jeder kann sehen, was f\u00fcr ein begeisterter Camper Sie sind. Folgen Sie Ihrer Leidenschaft.<\/p>\n","protected":false},"excerpt":{"rendered":"<p>\u00ab Die neue Camper-Kollektion bei Schlanser \u00bb Zu dem zu stehen, was Freude macht und gef\u00e4llt, ist eine Sache. Es deutlich sichtbar mitzuteilen, ist echte \u00dcberzeugungsarbeit. F\u00fcr alle, die Camping lieben und sich dazu bekennen, hat Fritz Berger eine eigene Linie mit dem Titel I love Camping herausgebracht. Sch\u00f6ner k\u00f6nnen Sie Ihrem Hobby und Freizeitvergn\u00fcgen &hellip;<\/p>\n","protected":false},"author":1,"featured_media":3732,"comment_status":"closed","ping_status":"open","sticky":false,"template":"","format":"standard","meta":{"footnotes":""},"categories":[3],"tags":[18,481,34,480,479,23],"yoast_head":"<!-- This site is optimized with the Yoast SEO plugin v22.2 - https:\/\/yoast.com\/wordpress\/plugins\/seo\/ -->\n<title>I love Camping - Schlanser Magazin<\/title>\n<meta name=\"description\" content=\"Zeigen Sie, dass Sie Camping lieben! \u2013 Entdecken Sie Equipment f\u00fcr echte Campingfreunde! Mehr dar\u00fcber im Magazin von Schlanser!\" \/>\n<meta name=\"robots\" content=\"index, follow, max-snippet:-1, max-image-preview:large, max-video-preview:-1\" \/>\n<link rel=\"canonical\" href=\"https:\/\/www.schlanser.ch\/magazin\/i-love-camping\/\" \/>\n<meta property=\"og:locale\" content=\"de_DE\" \/>\n<meta property=\"og:type\" content=\"article\" \/>\n<meta property=\"og:title\" content=\"I love Camping - Schlanser Magazin\" \/>\n<meta property=\"og:description\" content=\"Zeigen Sie, dass Sie Camping lieben! \u2013 Entdecken Sie Equipment f\u00fcr echte Campingfreunde! Mehr dar\u00fcber im Magazin von Schlanser!\" \/>\n<meta property=\"og:url\" content=\"https:\/\/www.schlanser.ch\/magazin\/i-love-camping\/\" \/>\n<meta property=\"og:site_name\" content=\"Schlanser Magazin\" \/>\n<meta property=\"article:published_time\" content=\"2017-12-27T07:56:05+00:00\" \/>\n<meta property=\"article:modified_time\" content=\"2025-03-18T10:27:39+00:00\" \/>\n<meta property=\"og:image\" content=\"https:\/\/www.schlanser.ch\/magazin\/wp-content\/uploads\/2017\/12\/I-Love-Camping.jpg\" \/>\n\t<meta property=\"og:image:width\" content=\"600\" \/>\n\t<meta property=\"og:image:height\" content=\"248\" \/>\n\t<meta property=\"og:image:type\" content=\"image\/jpeg\" \/>\n<meta name=\"author\" content=\"admin\" \/>\n<meta name=\"twitter:card\" content=\"summary_large_image\" \/>\n<meta name=\"twitter:label1\" content=\"Verfasst von\" \/>\n\t<meta name=\"twitter:data1\" content=\"admin\" \/>\n\t<meta name=\"twitter:label2\" content=\"Gesch\u00e4tzte Lesezeit\" \/>\n\t<meta name=\"twitter:data2\" content=\"10 Minuten\" \/>\n<script type=\"application\/ld+json\" class=\"yoast-schema-graph\">{\"@context\":\"https:\/\/schema.org\",\"@graph\":[{\"@type\":\"WebPage\",\"@id\":\"https:\/\/www.schlanser.ch\/magazin\/i-love-camping\/\",\"url\":\"https:\/\/www.schlanser.ch\/magazin\/i-love-camping\/\",\"name\":\"I love Camping - Schlanser Magazin\",\"isPartOf\":{\"@id\":\"https:\/\/www.schlanser.ch\/magazin\/#website\"},\"primaryImageOfPage\":{\"@id\":\"https:\/\/www.schlanser.ch\/magazin\/i-love-camping\/#primaryimage\"},\"image\":{\"@id\":\"https:\/\/www.schlanser.ch\/magazin\/i-love-camping\/#primaryimage\"},\"thumbnailUrl\":\"https:\/\/www.schlanser.ch\/magazin\/wp-content\/uploads\/2017\/12\/I-Love-Camping.jpg\",\"datePublished\":\"2017-12-27T07:56:05+00:00\",\"dateModified\":\"2025-03-18T10:27:39+00:00\",\"author\":{\"@id\":\"https:\/\/www.schlanser.ch\/magazin\/#\/schema\/person\/000db0a103eb2594ba3daf394b1dfea2\"},\"description\":\"Zeigen Sie, dass Sie Camping lieben! \u2013 Entdecken Sie Equipment f\u00fcr echte Campingfreunde! Mehr dar\u00fcber im Magazin von Schlanser!\",\"breadcrumb\":{\"@id\":\"https:\/\/www.schlanser.ch\/magazin\/i-love-camping\/#breadcrumb\"},\"inLanguage\":\"de-DE\",\"potentialAction\":[{\"@type\":\"ReadAction\",\"target\":[\"https:\/\/www.schlanser.ch\/magazin\/i-love-camping\/\"]}]},{\"@type\":\"ImageObject\",\"inLanguage\":\"de-DE\",\"@id\":\"https:\/\/www.schlanser.ch\/magazin\/i-love-camping\/#primaryimage\",\"url\":\"https:\/\/www.schlanser.ch\/magazin\/wp-content\/uploads\/2017\/12\/I-Love-Camping.jpg\",\"contentUrl\":\"https:\/\/www.schlanser.ch\/magazin\/wp-content\/uploads\/2017\/12\/I-Love-Camping.jpg\",\"width\":600,\"height\":248},{\"@type\":\"BreadcrumbList\",\"@id\":\"https:\/\/www.schlanser.ch\/magazin\/i-love-camping\/#breadcrumb\",\"itemListElement\":[{\"@type\":\"ListItem\",\"position\":1,\"name\":\"Startseite\",\"item\":\"https:\/\/www.schlanser.ch\/magazin\/\"},{\"@type\":\"ListItem\",\"position\":2,\"name\":\"I love Camping\"}]},{\"@type\":\"WebSite\",\"@id\":\"https:\/\/www.schlanser.ch\/magazin\/#website\",\"url\":\"https:\/\/www.schlanser.ch\/magazin\/\",\"name\":\"Schlanser Magazin\",\"description\":\"\",\"potentialAction\":[{\"@type\":\"SearchAction\",\"target\":{\"@type\":\"EntryPoint\",\"urlTemplate\":\"https:\/\/www.schlanser.ch\/magazin\/?s={search_term_string}\"},\"query-input\":\"required name=search_term_string\"}],\"inLanguage\":\"de-DE\"},{\"@type\":\"Person\",\"@id\":\"https:\/\/www.schlanser.ch\/magazin\/#\/schema\/person\/000db0a103eb2594ba3daf394b1dfea2\",\"name\":\"admin\",\"image\":{\"@type\":\"ImageObject\",\"inLanguage\":\"de-DE\",\"@id\":\"https:\/\/www.schlanser.ch\/magazin\/#\/schema\/person\/image\/\",\"url\":\"https:\/\/secure.gravatar.com\/avatar\/a794a4fe8a9b9c52241597eb381dfa2e?s=96&d=mm&r=g\",\"contentUrl\":\"https:\/\/secure.gravatar.com\/avatar\/a794a4fe8a9b9c52241597eb381dfa2e?s=96&d=mm&r=g\",\"caption\":\"admin\"}}]}<\/script>\n<!-- \/ Yoast SEO plugin. -->","yoast_head_json":{"title":"I love Camping - Schlanser Magazin","description":"Zeigen Sie, dass Sie Camping lieben! \u2013 Entdecken Sie Equipment f\u00fcr echte Campingfreunde! Mehr dar\u00fcber im Magazin von Schlanser!","robots":{"index":"index","follow":"follow","max-snippet":"max-snippet:-1","max-image-preview":"max-image-preview:large","max-video-preview":"max-video-preview:-1"},"canonical":"https:\/\/www.schlanser.ch\/magazin\/i-love-camping\/","og_locale":"de_DE","og_type":"article","og_title":"I love Camping - Schlanser Magazin","og_description":"Zeigen Sie, dass Sie Camping lieben! \u2013 Entdecken Sie Equipment f\u00fcr echte Campingfreunde! Mehr dar\u00fcber im Magazin von Schlanser!","og_url":"https:\/\/www.schlanser.ch\/magazin\/i-love-camping\/","og_site_name":"Schlanser Magazin","article_published_time":"2017-12-27T07:56:05+00:00","article_modified_time":"2025-03-18T10:27:39+00:00","og_image":[{"width":600,"height":248,"url":"https:\/\/www.schlanser.ch\/magazin\/wp-content\/uploads\/2017\/12\/I-Love-Camping.jpg","type":"image\/jpeg"}],"author":"admin","twitter_card":"summary_large_image","twitter_misc":{"Verfasst von":"admin","Gesch\u00e4tzte Lesezeit":"10 Minuten"},"schema":{"@context":"https:\/\/schema.org","@graph":[{"@type":"WebPage","@id":"https:\/\/www.schlanser.ch\/magazin\/i-love-camping\/","url":"https:\/\/www.schlanser.ch\/magazin\/i-love-camping\/","name":"I love Camping - Schlanser Magazin","isPartOf":{"@id":"https:\/\/www.schlanser.ch\/magazin\/#website"},"primaryImageOfPage":{"@id":"https:\/\/www.schlanser.ch\/magazin\/i-love-camping\/#primaryimage"},"image":{"@id":"https:\/\/www.schlanser.ch\/magazin\/i-love-camping\/#primaryimage"},"thumbnailUrl":"https:\/\/www.schlanser.ch\/magazin\/wp-content\/uploads\/2017\/12\/I-Love-Camping.jpg","datePublished":"2017-12-27T07:56:05+00:00","dateModified":"2025-03-18T10:27:39+00:00","author":{"@id":"https:\/\/www.schlanser.ch\/magazin\/#\/schema\/person\/000db0a103eb2594ba3daf394b1dfea2"},"description":"Zeigen Sie, dass Sie Camping lieben! \u2013 Entdecken Sie Equipment f\u00fcr echte Campingfreunde! Mehr dar\u00fcber im Magazin von Schlanser!","breadcrumb":{"@id":"https:\/\/www.schlanser.ch\/magazin\/i-love-camping\/#breadcrumb"},"inLanguage":"de-DE","potentialAction":[{"@type":"ReadAction","target":["https:\/\/www.schlanser.ch\/magazin\/i-love-camping\/"]}]},{"@type":"ImageObject","inLanguage":"de-DE","@id":"https:\/\/www.schlanser.ch\/magazin\/i-love-camping\/#primaryimage","url":"https:\/\/www.schlanser.ch\/magazin\/wp-content\/uploads\/2017\/12\/I-Love-Camping.jpg","contentUrl":"https:\/\/www.schlanser.ch\/magazin\/wp-content\/uploads\/2017\/12\/I-Love-Camping.jpg","width":600,"height":248},{"@type":"BreadcrumbList","@id":"https:\/\/www.schlanser.ch\/magazin\/i-love-camping\/#breadcrumb","itemListElement":[{"@type":"ListItem","position":1,"name":"Startseite","item":"https:\/\/www.schlanser.ch\/magazin\/"},{"@type":"ListItem","position":2,"name":"I love Camping"}]},{"@type":"WebSite","@id":"https:\/\/www.schlanser.ch\/magazin\/#website","url":"https:\/\/www.schlanser.ch\/magazin\/","name":"Schlanser Magazin","description":"","potentialAction":[{"@type":"SearchAction","target":{"@type":"EntryPoint","urlTemplate":"https:\/\/www.schlanser.ch\/magazin\/?s={search_term_string}"},"query-input":"required name=search_term_string"}],"inLanguage":"de-DE"},{"@type":"Person","@id":"https:\/\/www.schlanser.ch\/magazin\/#\/schema\/person\/000db0a103eb2594ba3daf394b1dfea2","name":"admin","image":{"@type":"ImageObject","inLanguage":"de-DE","@id":"https:\/\/www.schlanser.ch\/magazin\/#\/schema\/person\/image\/","url":"https:\/\/secure.gravatar.com\/avatar\/a794a4fe8a9b9c52241597eb381dfa2e?s=96&d=mm&r=g","contentUrl":"https:\/\/secure.gravatar.com\/avatar\/a794a4fe8a9b9c52241597eb381dfa2e?s=96&d=mm&r=g","caption":"admin"}}]}},"_links":{"self":[{"href":"https:\/\/www.schlanser.ch\/magazin\/wp-json\/wp\/v2\/posts\/3710"}],"collection":[{"href":"https:\/\/www.schlanser.ch\/magazin\/wp-json\/wp\/v2\/posts"}],"about":[{"href":"https:\/\/www.schlanser.ch\/magazin\/wp-json\/wp\/v2\/types\/post"}],"author":[{"embeddable":true,"href":"https:\/\/www.schlanser.ch\/magazin\/wp-json\/wp\/v2\/users\/1"}],"replies":[{"embeddable":true,"href":"https:\/\/www.schlanser.ch\/magazin\/wp-json\/wp\/v2\/comments?post=3710"}],"version-history":[{"count":28,"href":"https:\/\/www.schlanser.ch\/magazin\/wp-json\/wp\/v2\/posts\/3710\/revisions"}],"predecessor-version":[{"id":18660,"href":"https:\/\/www.schlanser.ch\/magazin\/wp-json\/wp\/v2\/posts\/3710\/revisions\/18660"}],"wp:featuredmedia":[{"embeddable":true,"href":"https:\/\/www.schlanser.ch\/magazin\/wp-json\/wp\/v2\/media\/3732"}],"wp:attachment":[{"href":"https:\/\/www.schlanser.ch\/magazin\/wp-json\/wp\/v2\/media?parent=3710"}],"wp:term":[{"taxonomy":"category","embeddable":true,"href":"https:\/\/www.schlanser.ch\/magazin\/wp-json\/wp\/v2\/categories?post=3710"},{"taxonomy":"post_tag","embeddable":true,"href":"https:\/\/www.schlanser.ch\/magazin\/wp-json\/wp\/v2\/tags?post=3710"}],"curies":[{"name":"wp","href":"https:\/\/api.w.org\/{rel}","templated":true}]}}