{"id":3957,"date":"2018-02-02T08:50:33","date_gmt":"2018-02-02T07:50:33","guid":{"rendered":"https:\/\/www.schlanser.ch\/magazin\/?p=3957"},"modified":"2023-01-10T13:00:15","modified_gmt":"2023-01-10T12:00:15","slug":"camping-in-bayern","status":"publish","type":"post","link":"https:\/\/www.schlanser.ch\/magazin\/camping-in-bayern\/","title":{"rendered":"Camping in Bayern"},"content":{"rendered":"<h2>\u00ab Von den Alpen bis nach Nordfranken \u00bb<\/h2>\n<p style=\"text-align: justify;\"><strong>Weisse Wolken am blauen Himmel &#8211; so kennen und lieben die Bayern ihren Himmel. Es ist das ideale Wetter, um in den Biergarten zu gehen, eine Tour mit dem Velo zu machen oder sich beim Camping die Sonne auf die Nase scheinen zu lassen. Durch die grosse Nord-S\u00fcd-Erstreckung bietet das s\u00fcddeutsche Bundesland mit seinen verschiedenen Landschaftsformen f\u00fcr jeden das passende Fleckchen beim Camping in Bayern.<\/strong><\/p>\n<h2>Allg\u00e4u<\/h2>\n<p style=\"text-align: justify;\">Jenseits des Bodensees, im \u00e4ussersten S\u00fcden Bayerns befindet sich das malerische Allg\u00e4u. Es reicht bis in die bayerischen Alpen hinein. Doch ist das Panorama spektakul\u00e4rer, wenn Sie ein wenig Abstand von den Bergen halten. Das seichte Alpenvorland \u00fcberflutet seine Besucher f\u00f6rmlich mit sanften, gr\u00fcnen Wellen.<\/p>\n<figure id=\"attachment_3968\" aria-describedby=\"caption-attachment-3968\" style=\"width: 600px\" class=\"wp-caption aligncenter\"><img loading=\"lazy\" decoding=\"async\" class=\"wp-image-3968 size-full\" title=\"Ausblick in die Berge des Oberallg\u00e4us\" src=\"https:\/\/www.schlanser.ch\/magazin\/wp-content\/uploads\/2018\/02\/Ausblick-in-die-Berge-des-Oberallgaeus.jpg\" alt=\"Ausblick in die Berge des Oberallgaeus\" width=\"600\" height=\"372\" srcset=\"https:\/\/www.schlanser.ch\/magazin\/wp-content\/uploads\/2018\/02\/Ausblick-in-die-Berge-des-Oberallgaeus.jpg 600w, https:\/\/www.schlanser.ch\/magazin\/wp-content\/uploads\/2018\/02\/Ausblick-in-die-Berge-des-Oberallgaeus-300x186.jpg 300w\" sizes=\"(max-width: 600px) 100vw, 600px\" \/><figcaption id=\"caption-attachment-3968\" class=\"wp-caption-text\">\u00a9 ARochau \/ Fotolia.com<\/figcaption><\/figure>\n<p style=\"text-align: justify;\">Im Hintergrund strahlt bei einigermassen guten Sichtbedingungen die majest\u00e4tische Bergkette der Alpen. Zu einer Erfrischung laden diverse Seen ein. Vergessen Sie auf keinen Fall zum Camping in Bayern die Velos einzupacken. Ein robuster Fahrradtr\u00e4ger sollte an jedem Campingfahrzeug seinen Platz haben. Dann k\u00f6nnen Sie auf zwei Reifen Land und Leute kennenlernen, wie zum Beispiel auf der Allg\u00e4uer K\u00e4sestrasse. Eine knapp 33 km lange Runde f\u00fchrt Sie an drei Heumilchsennereien und zwei Brauereien vorbei. Da will Einiges besichtigt und gekostet werden!<\/p>\n<p><img loading=\"lazy\" decoding=\"async\" class=\"aligncenter wp-image-3965 size-full\" title=\"Thule Fahrradtr\u00e4ger: VeloSpace XT\" src=\"https:\/\/www.schlanser.ch\/magazin\/wp-content\/uploads\/2018\/02\/Thule-Fahrradtraeger-VeloSpace-XT.jpg\" alt=\"Thule Fahrradtraeger VeloSpace XT\" width=\"600\" height=\"425\" srcset=\"https:\/\/www.schlanser.ch\/magazin\/wp-content\/uploads\/2018\/02\/Thule-Fahrradtraeger-VeloSpace-XT.jpg 600w, https:\/\/www.schlanser.ch\/magazin\/wp-content\/uploads\/2018\/02\/Thule-Fahrradtraeger-VeloSpace-XT-300x213.jpg 300w\" sizes=\"(max-width: 600px) 100vw, 600px\" \/><\/p>\n<p style=\"text-align: justify;\">Liebhaber von Kultur kommen bei Ferien im Allg\u00e4u auch auf ihre Kosten. Da ist nat\u00fcrlich das weltber\u00fchmte Schloss Neuschwanstein, das 1896 errichtet wurde. St\u00e4dte wie Memmingen, Kempten und Kaufbeuren heissen Sie in historischen Altst\u00e4dten willkommen. Kirchen, Kl\u00f6ster und alte B\u00fcrgerh\u00e4user werden Sie gleichermassen verzaubern wie urige Gasth\u00e4user mit s\u00fcffigem Bier.<\/p>\n<figure id=\"attachment_3963\" aria-describedby=\"caption-attachment-3963\" style=\"width: 600px\" class=\"wp-caption aligncenter\"><img loading=\"lazy\" decoding=\"async\" class=\"wp-image-3963 size-full\" title=\"Schloss Neuschwanstein\" src=\"https:\/\/www.schlanser.ch\/magazin\/wp-content\/uploads\/2018\/02\/Schloss-Neuschwanstein.jpg\" alt=\"Schloss Neuschwanstein\" width=\"600\" height=\"400\" srcset=\"https:\/\/www.schlanser.ch\/magazin\/wp-content\/uploads\/2018\/02\/Schloss-Neuschwanstein.jpg 600w, https:\/\/www.schlanser.ch\/magazin\/wp-content\/uploads\/2018\/02\/Schloss-Neuschwanstein-300x200.jpg 300w\" sizes=\"(max-width: 600px) 100vw, 600px\" \/><figcaption id=\"caption-attachment-3963\" class=\"wp-caption-text\">\u00a9 JFL Photography \/ Fotolia.com<\/figcaption><\/figure>\n<p style=\"text-align: justify;\">Einer der beliebtesten Campingpl\u00e4tze der Region ist der Via Claudia Camping am Lechsee. Dieser Platz bietet vom Moor-Badesee bis zur Hundewiese alles, was Sie sich f\u00fcr entspannte Familienferien w\u00fcnschen. Wer nicht mit eigener Unterkunft anreist, kann hier originelle \u00dcbernachtungspl\u00e4tze wie beispielsweise das Schlaffass testen.<\/p>\n<h2>Chiemsee<\/h2>\n<p style=\"text-align: justify;\">Der Chiemsee im M\u00fcnchner S\u00fcden ist seit jeher ein starker Anziehungspunkt f\u00fcr Erholung Suchende. Der Chiemgau, die Region rund um das &#8222;Bayerische Meer&#8220;, ist landschaftlich \u00e4usserst reizvoll und reicht bis hin zur \u00f6sterreichischen Grenze. Besucher von nah und fern, die zum Camping nach Bayern kommen, sind hier herzlich willkommen. Von den zahlreichen gepflegten Anlagen ist der Campingplatz Seeh\u00e4usl bei Chieming hervorzuheben. Er besticht durch seine N\u00e4he zur Natur mit Stellpl\u00e4tzen direkt am Ufer des Chiemsees. Die famili\u00e4re Atmosph\u00e4re und eine Panoramaterrasse mit Blick auf die Berge lassen die G\u00e4ste entspannen.<\/p>\n<figure id=\"attachment_3975\" aria-describedby=\"caption-attachment-3975\" style=\"width: 600px\" class=\"wp-caption aligncenter\"><img loading=\"lazy\" decoding=\"async\" class=\"wp-image-3975 size-full\" title=\"Chiemsee\" src=\"https:\/\/www.schlanser.ch\/magazin\/wp-content\/uploads\/2018\/02\/Chiemsee.jpg\" alt=\"Chiemsee\" width=\"600\" height=\"337\" srcset=\"https:\/\/www.schlanser.ch\/magazin\/wp-content\/uploads\/2018\/02\/Chiemsee.jpg 600w, https:\/\/www.schlanser.ch\/magazin\/wp-content\/uploads\/2018\/02\/Chiemsee-300x169.jpg 300w\" sizes=\"(max-width: 600px) 100vw, 600px\" \/><figcaption id=\"caption-attachment-3975\" class=\"wp-caption-text\">\u00a9 Maximilian \/ Fotolia.com<\/figcaption><\/figure>\n<p style=\"text-align: justify;\">In Hinsicht auf Aktivit\u00e4ten finden Sie rund um den Chiemsee eine bunte Mischung. Am Chiemsee selbst werden diverse Wasseraktivit\u00e4ten von Baden bis Segeln angeboten. Auf einer Chiemsee-Schifffahrt gelangen Sie zur Herreninsel mit dem Schloss Herrenchiemsee. Vom sogenannten &#8222;M\u00e4rchenk\u00f6nig&#8220; erbaut beeindruckt die Anlage besonders durch ihren malerischen Park.<\/p>\n<figure id=\"attachment_3973\" aria-describedby=\"caption-attachment-3973\" style=\"width: 600px\" class=\"wp-caption aligncenter\"><img loading=\"lazy\" decoding=\"async\" class=\"wp-image-3973 size-full\" title=\"Schlossgarten Herrenchiemsee\" src=\"https:\/\/www.schlanser.ch\/magazin\/wp-content\/uploads\/2018\/02\/Schlossgarten-Herrenchiemsee.jpg\" alt=\"Schlossgarten Herrenchiemsee\" width=\"600\" height=\"397\" srcset=\"https:\/\/www.schlanser.ch\/magazin\/wp-content\/uploads\/2018\/02\/Schlossgarten-Herrenchiemsee.jpg 600w, https:\/\/www.schlanser.ch\/magazin\/wp-content\/uploads\/2018\/02\/Schlossgarten-Herrenchiemsee-300x199.jpg 300w, https:\/\/www.schlanser.ch\/magazin\/wp-content\/uploads\/2018\/02\/Schlossgarten-Herrenchiemsee-310x205.jpg 310w\" sizes=\"(max-width: 600px) 100vw, 600px\" \/><figcaption id=\"caption-attachment-3973\" class=\"wp-caption-text\">\u00a9 Bergfee \/ Fotolia.com<\/figcaption><\/figure>\n<p style=\"text-align: justify;\">Auf der kleineren Fraueninsel ist ein Kloster mit zugeh\u00f6rigem Kr\u00e4uter- und Blumengarten zu besichtigen. Im Chiemgau kann es im Sommer durchaus sehr warm werden. Daher sollten Sie damit rechnen, sportliche Aktivit\u00e4ten wie eine Tour auf dem Chiemseeradweg mit seinen Naturbeobachtungspl\u00e4tzen auf die Morgen- oder Abendstunden zu verschieben. Mittags lockt ein Bad im kalten Nass oder ein Mittagsschl\u00e4fchen.<\/p>\n<p><img loading=\"lazy\" decoding=\"async\" class=\"aligncenter wp-image-3977 size-full\" title=\"Campingaz K\u00fchlbox: Icetime Plus Extreme\" src=\"https:\/\/www.schlanser.ch\/magazin\/wp-content\/uploads\/2018\/02\/Campingaz-Kuehlbox-Icetime-Plus-Extreme.jpg\" alt=\"Campingaz Kuehlbox Icetime Plus Extreme\" width=\"600\" height=\"600\" srcset=\"https:\/\/www.schlanser.ch\/magazin\/wp-content\/uploads\/2018\/02\/Campingaz-Kuehlbox-Icetime-Plus-Extreme.jpg 600w, https:\/\/www.schlanser.ch\/magazin\/wp-content\/uploads\/2018\/02\/Campingaz-Kuehlbox-Icetime-Plus-Extreme-150x150.jpg 150w, https:\/\/www.schlanser.ch\/magazin\/wp-content\/uploads\/2018\/02\/Campingaz-Kuehlbox-Icetime-Plus-Extreme-300x300.jpg 300w\" sizes=\"(max-width: 600px) 100vw, 600px\" \/><\/p>\n<p style=\"text-align: justify;\">Damit die Getr\u00e4nke auch am Badestrand frisch bleiben und der K\u00e4se nicht vom Brot l\u00e4uft, lohnt sich die Anschaffung einer <a href=\"https:\/\/www.schlanser.ch\/haushalt\/kuehlung\/kuehlboxen\/\">ordentlichen, transportablen K\u00fchlbox<\/a>.<\/p>\n<h2>Bayerischer Wald<\/h2>\n<p style=\"text-align: justify;\">Vom Land der Seen, gr\u00fcnen Wiesen und schneebedeckten Berggipfel geht es nun weiter in eine baumbedeckte Mittelgebirgslandschaft. Wie gesagt, verbirgt sich unter dem Decknamen &#8222;Camping in Bayern&#8220; eine grosse Spannweite an M\u00f6glichkeiten. Der Bayerische Wald ist zusammen mit dem Waldgebiet auf tschechischer Seite mit 6.000 qkm die gr\u00f6sste Waldlandschaft in Europa. Ein kleiner Teil davon wird heute als Nationalpark gesch\u00fctzt und steht interessierten Besuchern zur Besichtigung offen. Ihr Gef\u00e4hrt sollten Sie daf\u00fcr auf einem der umliegenden Campingpl\u00e4tze stehen lassen, da im Nationalpark nur parkeigene Busse verkehren d\u00fcrfen. Dadurch werden die Bewohner weniger gest\u00f6rt und Sie als Besucher bekommen die Chance Biber, Luchs, Wolf und Rothirsch in freier Wildbahn zu beobachten.<\/p>\n<figure id=\"attachment_3983\" aria-describedby=\"caption-attachment-3983\" style=\"width: 600px\" class=\"wp-caption aligncenter\"><img loading=\"lazy\" decoding=\"async\" class=\"wp-image-3983 size-full\" title=\"Bayerischer Wald\" src=\"https:\/\/www.schlanser.ch\/magazin\/wp-content\/uploads\/2018\/02\/Bayerischer-Wald.jpg\" alt=\"Bayerischer Wald\" width=\"600\" height=\"400\" srcset=\"https:\/\/www.schlanser.ch\/magazin\/wp-content\/uploads\/2018\/02\/Bayerischer-Wald.jpg 600w, https:\/\/www.schlanser.ch\/magazin\/wp-content\/uploads\/2018\/02\/Bayerischer-Wald-300x200.jpg 300w\" sizes=\"(max-width: 600px) 100vw, 600px\" \/><figcaption id=\"caption-attachment-3983\" class=\"wp-caption-text\">\u00a9 fotosmoky \/ Fotolia.com<\/figcaption><\/figure>\n<p style=\"text-align: justify;\">Im Bayerischen Wald finden Sie selbstverst\u00e4ndlich reichlich urbayerischen Charme und Tradition vor. Zum Beispiel wird hier die alte Handwerkstradition der Glasbl\u00e4serei nach wie vor gepflegt. In Lohberg oder in Bodenmais sind G\u00e4ste herzlich eingeladen, die Herstellung von Glasobjekten nach alter Sitte zu beobachten. Die kulinarischen H\u00f6hepunkte im Bayerischen Wald sind eindeutig die Volks- und Starkbierfeste. Hier treffen Braukunst und z\u00fcnftige K\u00fcche in einer freudvollen Atmosph\u00e4re aufeinander. Wenn Sie sportlich unterwegs sind, ist der Bayerische Wald die ideale Spielwiese f\u00fcr Sie. Im Sommer stehen Ihnen Wanderrouten aller Anspruchsniveaus offen und im Winter reicht das Sortiment vom Schneeschuhwandern bis zum Skifahren.<\/p>\n<figure id=\"attachment_3981\" aria-describedby=\"caption-attachment-3981\" style=\"width: 600px\" class=\"wp-caption aligncenter\"><img loading=\"lazy\" decoding=\"async\" class=\"wp-image-3981 size-full\" title=\"Am kleinen Arbersee\" src=\"https:\/\/www.schlanser.ch\/magazin\/wp-content\/uploads\/2018\/02\/Am-kleinen-Arbersee.jpg\" alt=\"Am kleinen Arbersee\" width=\"600\" height=\"400\" srcset=\"https:\/\/www.schlanser.ch\/magazin\/wp-content\/uploads\/2018\/02\/Am-kleinen-Arbersee.jpg 600w, https:\/\/www.schlanser.ch\/magazin\/wp-content\/uploads\/2018\/02\/Am-kleinen-Arbersee-300x200.jpg 300w\" sizes=\"(max-width: 600px) 100vw, 600px\" \/><figcaption id=\"caption-attachment-3981\" class=\"wp-caption-text\">\u00a9 YariK \/ Fotolia.com<\/figcaption><\/figure>\n<p style=\"text-align: justify;\">Der Campingpark Knaus in Viechtach ist einer der Campingpl\u00e4tze, die hierf\u00fcr ein perfekter Ausgangspunkt sind. Dank Hallenbad und Sauna sowie Spielpl\u00e4tzen f\u00fcr Kinder und Hunde wird es hier nie langweilig. Die n\u00e4chste Loipe und der n\u00e4chste Lift sind nur 15 km vom Platz entfernt.<\/p>\n<h2>Franken<\/h2>\n<p style=\"text-align: justify;\">Wen es ins seinen Ferien in Bayern in den \u00e4ussersten Norden verschl\u00e4gt, der landet in Franken. Auch wenn die Einheimischen kaum zugeben werden, dass Franken zu Bayern geh\u00f6rt, ist eine gemeinsame Tradition doch unverkennbar. So sind Bierbrauereien hier ebenso wichtig wie s\u00fcdlich des &#8222;Weisswurst\u00e4quators&#8220;, der Donau. Die Dichte an Brauereien sogar noch h\u00f6her. Allerdings gesellt sich in Franken der Wein hinzu, der insbesondere entlang der Fl\u00fcsse sehr gut w\u00e4chst.<\/p>\n<figure id=\"attachment_3995\" aria-describedby=\"caption-attachment-3995\" style=\"width: 600px\" class=\"wp-caption aligncenter\"><img loading=\"lazy\" decoding=\"async\" class=\"wp-image-3995 size-full\" title=\"Volkach\" src=\"https:\/\/www.schlanser.ch\/magazin\/wp-content\/uploads\/2018\/02\/Volkach.jpg\" alt=\"Volkach\" width=\"600\" height=\"400\" srcset=\"https:\/\/www.schlanser.ch\/magazin\/wp-content\/uploads\/2018\/02\/Volkach.jpg 600w, https:\/\/www.schlanser.ch\/magazin\/wp-content\/uploads\/2018\/02\/Volkach-300x200.jpg 300w\" sizes=\"(max-width: 600px) 100vw, 600px\" \/><figcaption id=\"caption-attachment-3995\" class=\"wp-caption-text\">\u00a9 fotoping \/ Fotolia.com<\/figcaption><\/figure>\n<p style=\"text-align: justify;\">M\u00f6chten Sie mitten im Wein Ihre Ferien verbringen, empfiehlt sich der Campingplatz Ankergrund bei Volkach. Direkt in einer Mainschleife gelegen, geniessen Sie vom hauseigenen Badestrand die Sicht auf den rankenden Wein. Ganz nebenbei befinden Sie sich hier in der niederschlag\u00e4rmsten Region Deutschlands. Statt eines <a href=\"https:\/\/www.schlanser.ch\/outdoor-freizeit\/wind-sonnenschutz\/pavillons-tarps\/\">Pavillons<\/a> packen Sie daher lieber einen guten <a href=\"https:\/\/www.schlanser.ch\/outdoor-freizeit\/wind-sonnenschutz\/\">Sonnenschutz<\/a> in Ihren Campingwagen. \u00dcber das Camping in Bayern kann man problemlos ganze B\u00fccher f\u00fcllen.<\/p>\n<p><center><img loading=\"lazy\" decoding=\"async\" class=\"alignnone wp-image-3992 size-full\" title=\"Eckiger Sonnenschirm &quot;Locarno&quot; von Schneider | Farbe: Gr\u00fcn\" src=\"https:\/\/www.schlanser.ch\/magazin\/wp-content\/uploads\/2018\/02\/Schneider-Sonnenschirm-Locarno-eckig-gruen.jpg\" alt=\"Schneider Sonnenschirm Locarno eckig gruen\" width=\"300\" height=\"450\" srcset=\"https:\/\/www.schlanser.ch\/magazin\/wp-content\/uploads\/2018\/02\/Schneider-Sonnenschirm-Locarno-eckig-gruen.jpg 300w, https:\/\/www.schlanser.ch\/magazin\/wp-content\/uploads\/2018\/02\/Schneider-Sonnenschirm-Locarno-eckig-gruen-200x300.jpg 200w\" sizes=\"(max-width: 300px) 100vw, 300px\" \/> <img loading=\"lazy\" decoding=\"async\" class=\"alignnone wp-image-3993 size-full\" title=\"Runder Sonnenschirm &quot;Locarno&quot; von Schneider Schirme | Farbe: Blau\" src=\"https:\/\/www.schlanser.ch\/magazin\/wp-content\/uploads\/2018\/02\/Schneider-Sonnenschirm-Locarno-rund-blau.jpg\" alt=\"Schneider Sonnenschirm Locarno rund blau\" width=\"300\" height=\"450\" srcset=\"https:\/\/www.schlanser.ch\/magazin\/wp-content\/uploads\/2018\/02\/Schneider-Sonnenschirm-Locarno-rund-blau.jpg 300w, https:\/\/www.schlanser.ch\/magazin\/wp-content\/uploads\/2018\/02\/Schneider-Sonnenschirm-Locarno-rund-blau-200x300.jpg 200w\" sizes=\"(max-width: 300px) 100vw, 300px\" \/><\/center><\/p>\n<p style=\"text-align: justify;\">Das haben andere Leute bereits getan, weshalb wir hier nur kurz die Vielfalt allein der n\u00f6rdlichsten Region veranschaulichen m\u00f6chten:<\/p>\n<p style=\"text-align: justify;\">Im &#8222;Lieblichen Taubertal&#8220; kommen Liebhaber von Kunst und Kultur auf ihre Kosten. Sakrale Bauten unter anderem von Tilman Riemenschneider und Balthasar Neumann thronen hier \u00fcber der Landschaft. Der Name &#8222;Romantisches Franken&#8220; spricht wohl f\u00fcr sich und ist einem der s\u00fcdlichen Gebiete Frankens zugeordnet. Rauer geht es in der Fr\u00e4nkischen Schweiz zu, wo Steinfelsen Kletterer aus aller Welt anlocken. Im Naturpark Altm\u00fchltal l\u00e4sst es sich wunderbar paddeln. F\u00fcr seine Wild- und Weinwochen im Herbst ist das Spessart-Mainland ber\u00fchmt.<\/p>\n<figure id=\"attachment_3998\" aria-describedby=\"caption-attachment-3998\" style=\"width: 600px\" class=\"wp-caption aligncenter\"><img loading=\"lazy\" decoding=\"async\" class=\"wp-image-3998 size-full\" title=\"Altstadt von N\u00fcrnberg\" src=\"https:\/\/www.schlanser.ch\/magazin\/wp-content\/uploads\/2018\/02\/Altstadt-von-Nuernberg.jpg\" alt=\"Altstadt von Nuernberg\" width=\"600\" height=\"400\" srcset=\"https:\/\/www.schlanser.ch\/magazin\/wp-content\/uploads\/2018\/02\/Altstadt-von-Nuernberg.jpg 600w, https:\/\/www.schlanser.ch\/magazin\/wp-content\/uploads\/2018\/02\/Altstadt-von-Nuernberg-300x200.jpg 300w\" sizes=\"(max-width: 600px) 100vw, 600px\" \/><figcaption id=\"caption-attachment-3998\" class=\"wp-caption-text\">\u00a9 Mapics \/ Fotolia.com<\/figcaption><\/figure>\n<p style=\"text-align: justify;\">Zu all diesen Natursch\u00f6nheiten gesellen sich pittoreske St\u00e4dte wie Rothenburg ob der Tauber, Bamberg, Bayreuth oder das historisch spannende N\u00fcrnberg.<\/p>\n<h3>Rh\u00f6n<\/h3>\n<p style=\"text-align: justify;\">Die Rh\u00f6n geh\u00f6rt eigentlich noch zum Frankenland. An der Grenze von Bayern nach Hessen und Th\u00fcringen zieht das &#8222;Land der offenen Fernen&#8220; Touristen beim Camping in Bayern bis in den \u00e4ussersten Norden. Das Landschaftsbild ist einzigartig. Zwischen dunklen Mooren ragen Basaltkuppeln empor und weite Waldfl\u00e4chen \u00fcberdecken die Gegend.<\/p>\n<figure id=\"attachment_3989\" aria-describedby=\"caption-attachment-3989\" style=\"width: 600px\" class=\"wp-caption aligncenter\"><img loading=\"lazy\" decoding=\"async\" class=\"wp-image-3989 size-full\" title=\"Schafstein in der Rh\u00f6n\" src=\"https:\/\/www.schlanser.ch\/magazin\/wp-content\/uploads\/2018\/02\/Schafstein-in-der-Rhoen.jpg\" alt=\"Schafstein in der Rhoen\" width=\"600\" height=\"401\" srcset=\"https:\/\/www.schlanser.ch\/magazin\/wp-content\/uploads\/2018\/02\/Schafstein-in-der-Rhoen.jpg 600w, https:\/\/www.schlanser.ch\/magazin\/wp-content\/uploads\/2018\/02\/Schafstein-in-der-Rhoen-300x201.jpg 300w, https:\/\/www.schlanser.ch\/magazin\/wp-content\/uploads\/2018\/02\/Schafstein-in-der-Rhoen-110x75.jpg 110w\" sizes=\"(max-width: 600px) 100vw, 600px\" \/><figcaption id=\"caption-attachment-3989\" class=\"wp-caption-text\">\u00a9 Matthias \/ Fotolia.com<\/figcaption><\/figure>\n<p style=\"text-align: justify;\">Von der UNESCO wurden Teile des Naturparks Rh\u00f6n zum Biosph\u00e4renreservat ernannt. Auf insgesamt 2.500 km Velo- und Mountainbike-Strecken k\u00f6nnen sich passionierte Zweiradfahrer verausgaben. In den bekannten Kurorten, wie beispielsweise Bad Kissingen, sollen bereits Bismarck und K\u00f6nig Ludwig I ihre Gesundheit gepflegt haben.<\/p>\n","protected":false},"excerpt":{"rendered":"<p>\u00ab Von den Alpen bis nach Nordfranken \u00bb Weisse Wolken am blauen Himmel &#8211; so kennen und lieben die Bayern ihren Himmel. Es ist das ideale Wetter, um in den Biergarten zu gehen, eine Tour mit dem Velo zu machen oder sich beim Camping die Sonne auf die Nase scheinen zu lassen. Durch die grosse &hellip;<\/p>\n","protected":false},"author":1,"featured_media":4001,"comment_status":"closed","ping_status":"open","sticky":false,"template":"","format":"standard","meta":{"footnotes":""},"categories":[2],"tags":[511,509,513,508,201,34,512,510,514,372],"yoast_head":"<!-- This site is optimized with the Yoast SEO plugin v22.2 - https:\/\/yoast.com\/wordpress\/plugins\/seo\/ -->\n<title>Camping in Bayern - Schlanser Magazin<\/title>\n<meta name=\"description\" content=\"Begleiten Sie das Schlanser Magazin auf einen Camping-Streifzug durch das nahe und wundersch\u00f6ne Bayern! \u2013 Alpen \u2714 Allg\u00e4u \u2714 Chiemsee \u2714 Rh\u00f6n \u2714 Bayerischer Wald \u2714 Franken \u2714\" \/>\n<meta name=\"robots\" content=\"noindex, follow\" \/>\n<meta property=\"og:locale\" content=\"de_DE\" \/>\n<meta property=\"og:type\" content=\"article\" \/>\n<meta property=\"og:title\" content=\"Camping in Bayern - Schlanser Magazin\" \/>\n<meta property=\"og:description\" content=\"Begleiten Sie das Schlanser Magazin auf einen Camping-Streifzug durch das nahe und wundersch\u00f6ne Bayern! \u2013 Alpen \u2714 Allg\u00e4u \u2714 Chiemsee \u2714 Rh\u00f6n \u2714 Bayerischer Wald \u2714 Franken \u2714\" \/>\n<meta property=\"og:url\" content=\"https:\/\/www.schlanser.ch\/magazin\/camping-in-bayern\/\" \/>\n<meta property=\"og:site_name\" content=\"Schlanser Magazin\" \/>\n<meta property=\"article:published_time\" content=\"2018-02-02T07:50:33+00:00\" \/>\n<meta property=\"article:modified_time\" content=\"2023-01-10T12:00:15+00:00\" \/>\n<meta property=\"og:image\" content=\"https:\/\/www.schlanser.ch\/magazin\/wp-content\/uploads\/2018\/02\/Camping-in-Bayern-e1517561562363.jpg\" \/>\n\t<meta property=\"og:image:width\" content=\"800\" \/>\n\t<meta property=\"og:image:height\" content=\"400\" \/>\n\t<meta property=\"og:image:type\" content=\"image\/jpeg\" \/>\n<meta name=\"author\" content=\"admin\" \/>\n<meta name=\"twitter:card\" content=\"summary_large_image\" \/>\n<meta name=\"twitter:label1\" content=\"Verfasst von\" \/>\n\t<meta name=\"twitter:data1\" content=\"admin\" \/>\n\t<meta name=\"twitter:label2\" content=\"Gesch\u00e4tzte Lesezeit\" \/>\n\t<meta name=\"twitter:data2\" content=\"10 Minuten\" \/>\n<script type=\"application\/ld+json\" class=\"yoast-schema-graph\">{\"@context\":\"https:\/\/schema.org\",\"@graph\":[{\"@type\":\"WebPage\",\"@id\":\"https:\/\/www.schlanser.ch\/magazin\/camping-in-bayern\/\",\"url\":\"https:\/\/www.schlanser.ch\/magazin\/camping-in-bayern\/\",\"name\":\"Camping in Bayern - Schlanser Magazin\",\"isPartOf\":{\"@id\":\"https:\/\/www.schlanser.ch\/magazin\/#website\"},\"primaryImageOfPage\":{\"@id\":\"https:\/\/www.schlanser.ch\/magazin\/camping-in-bayern\/#primaryimage\"},\"image\":{\"@id\":\"https:\/\/www.schlanser.ch\/magazin\/camping-in-bayern\/#primaryimage\"},\"thumbnailUrl\":\"https:\/\/www.schlanser.ch\/magazin\/wp-content\/uploads\/2018\/02\/Camping-in-Bayern-e1517561562363.jpg\",\"datePublished\":\"2018-02-02T07:50:33+00:00\",\"dateModified\":\"2023-01-10T12:00:15+00:00\",\"author\":{\"@id\":\"https:\/\/www.schlanser.ch\/magazin\/#\/schema\/person\/000db0a103eb2594ba3daf394b1dfea2\"},\"description\":\"Begleiten Sie das Schlanser Magazin auf einen Camping-Streifzug durch das nahe und wundersch\u00f6ne Bayern! \u2013 Alpen \u2714 Allg\u00e4u \u2714 Chiemsee \u2714 Rh\u00f6n \u2714 Bayerischer Wald \u2714 Franken \u2714\",\"breadcrumb\":{\"@id\":\"https:\/\/www.schlanser.ch\/magazin\/camping-in-bayern\/#breadcrumb\"},\"inLanguage\":\"de-DE\",\"potentialAction\":[{\"@type\":\"ReadAction\",\"target\":[\"https:\/\/www.schlanser.ch\/magazin\/camping-in-bayern\/\"]}]},{\"@type\":\"ImageObject\",\"inLanguage\":\"de-DE\",\"@id\":\"https:\/\/www.schlanser.ch\/magazin\/camping-in-bayern\/#primaryimage\",\"url\":\"https:\/\/www.schlanser.ch\/magazin\/wp-content\/uploads\/2018\/02\/Camping-in-Bayern-e1517561562363.jpg\",\"contentUrl\":\"https:\/\/www.schlanser.ch\/magazin\/wp-content\/uploads\/2018\/02\/Camping-in-Bayern-e1517561562363.jpg\",\"width\":800,\"height\":400,\"caption\":\"\u00a9 Netzer Johannes \/ Fotolia.com\"},{\"@type\":\"BreadcrumbList\",\"@id\":\"https:\/\/www.schlanser.ch\/magazin\/camping-in-bayern\/#breadcrumb\",\"itemListElement\":[{\"@type\":\"ListItem\",\"position\":1,\"name\":\"Startseite\",\"item\":\"https:\/\/www.schlanser.ch\/magazin\/\"},{\"@type\":\"ListItem\",\"position\":2,\"name\":\"Camping in Bayern\"}]},{\"@type\":\"WebSite\",\"@id\":\"https:\/\/www.schlanser.ch\/magazin\/#website\",\"url\":\"https:\/\/www.schlanser.ch\/magazin\/\",\"name\":\"Schlanser Magazin\",\"description\":\"\",\"potentialAction\":[{\"@type\":\"SearchAction\",\"target\":{\"@type\":\"EntryPoint\",\"urlTemplate\":\"https:\/\/www.schlanser.ch\/magazin\/?s={search_term_string}\"},\"query-input\":\"required name=search_term_string\"}],\"inLanguage\":\"de-DE\"},{\"@type\":\"Person\",\"@id\":\"https:\/\/www.schlanser.ch\/magazin\/#\/schema\/person\/000db0a103eb2594ba3daf394b1dfea2\",\"name\":\"admin\",\"image\":{\"@type\":\"ImageObject\",\"inLanguage\":\"de-DE\",\"@id\":\"https:\/\/www.schlanser.ch\/magazin\/#\/schema\/person\/image\/\",\"url\":\"https:\/\/secure.gravatar.com\/avatar\/a794a4fe8a9b9c52241597eb381dfa2e?s=96&d=mm&r=g\",\"contentUrl\":\"https:\/\/secure.gravatar.com\/avatar\/a794a4fe8a9b9c52241597eb381dfa2e?s=96&d=mm&r=g\",\"caption\":\"admin\"}}]}<\/script>\n<!-- \/ Yoast SEO plugin. -->","yoast_head_json":{"title":"Camping in Bayern - Schlanser Magazin","description":"Begleiten Sie das Schlanser Magazin auf einen Camping-Streifzug durch das nahe und wundersch\u00f6ne Bayern! \u2013 Alpen \u2714 Allg\u00e4u \u2714 Chiemsee \u2714 Rh\u00f6n \u2714 Bayerischer Wald \u2714 Franken \u2714","robots":{"index":"noindex","follow":"follow"},"og_locale":"de_DE","og_type":"article","og_title":"Camping in Bayern - Schlanser Magazin","og_description":"Begleiten Sie das Schlanser Magazin auf einen Camping-Streifzug durch das nahe und wundersch\u00f6ne Bayern! \u2013 Alpen \u2714 Allg\u00e4u \u2714 Chiemsee \u2714 Rh\u00f6n \u2714 Bayerischer Wald \u2714 Franken \u2714","og_url":"https:\/\/www.schlanser.ch\/magazin\/camping-in-bayern\/","og_site_name":"Schlanser Magazin","article_published_time":"2018-02-02T07:50:33+00:00","article_modified_time":"2023-01-10T12:00:15+00:00","og_image":[{"width":800,"height":400,"url":"https:\/\/www.schlanser.ch\/magazin\/wp-content\/uploads\/2018\/02\/Camping-in-Bayern-e1517561562363.jpg","type":"image\/jpeg"}],"author":"admin","twitter_card":"summary_large_image","twitter_misc":{"Verfasst von":"admin","Gesch\u00e4tzte Lesezeit":"10 Minuten"},"schema":{"@context":"https:\/\/schema.org","@graph":[{"@type":"WebPage","@id":"https:\/\/www.schlanser.ch\/magazin\/camping-in-bayern\/","url":"https:\/\/www.schlanser.ch\/magazin\/camping-in-bayern\/","name":"Camping in Bayern - Schlanser Magazin","isPartOf":{"@id":"https:\/\/www.schlanser.ch\/magazin\/#website"},"primaryImageOfPage":{"@id":"https:\/\/www.schlanser.ch\/magazin\/camping-in-bayern\/#primaryimage"},"image":{"@id":"https:\/\/www.schlanser.ch\/magazin\/camping-in-bayern\/#primaryimage"},"thumbnailUrl":"https:\/\/www.schlanser.ch\/magazin\/wp-content\/uploads\/2018\/02\/Camping-in-Bayern-e1517561562363.jpg","datePublished":"2018-02-02T07:50:33+00:00","dateModified":"2023-01-10T12:00:15+00:00","author":{"@id":"https:\/\/www.schlanser.ch\/magazin\/#\/schema\/person\/000db0a103eb2594ba3daf394b1dfea2"},"description":"Begleiten Sie das Schlanser Magazin auf einen Camping-Streifzug durch das nahe und wundersch\u00f6ne Bayern! \u2013 Alpen \u2714 Allg\u00e4u \u2714 Chiemsee \u2714 Rh\u00f6n \u2714 Bayerischer Wald \u2714 Franken \u2714","breadcrumb":{"@id":"https:\/\/www.schlanser.ch\/magazin\/camping-in-bayern\/#breadcrumb"},"inLanguage":"de-DE","potentialAction":[{"@type":"ReadAction","target":["https:\/\/www.schlanser.ch\/magazin\/camping-in-bayern\/"]}]},{"@type":"ImageObject","inLanguage":"de-DE","@id":"https:\/\/www.schlanser.ch\/magazin\/camping-in-bayern\/#primaryimage","url":"https:\/\/www.schlanser.ch\/magazin\/wp-content\/uploads\/2018\/02\/Camping-in-Bayern-e1517561562363.jpg","contentUrl":"https:\/\/www.schlanser.ch\/magazin\/wp-content\/uploads\/2018\/02\/Camping-in-Bayern-e1517561562363.jpg","width":800,"height":400,"caption":"\u00a9 Netzer Johannes \/ Fotolia.com"},{"@type":"BreadcrumbList","@id":"https:\/\/www.schlanser.ch\/magazin\/camping-in-bayern\/#breadcrumb","itemListElement":[{"@type":"ListItem","position":1,"name":"Startseite","item":"https:\/\/www.schlanser.ch\/magazin\/"},{"@type":"ListItem","position":2,"name":"Camping in Bayern"}]},{"@type":"WebSite","@id":"https:\/\/www.schlanser.ch\/magazin\/#website","url":"https:\/\/www.schlanser.ch\/magazin\/","name":"Schlanser Magazin","description":"","potentialAction":[{"@type":"SearchAction","target":{"@type":"EntryPoint","urlTemplate":"https:\/\/www.schlanser.ch\/magazin\/?s={search_term_string}"},"query-input":"required name=search_term_string"}],"inLanguage":"de-DE"},{"@type":"Person","@id":"https:\/\/www.schlanser.ch\/magazin\/#\/schema\/person\/000db0a103eb2594ba3daf394b1dfea2","name":"admin","image":{"@type":"ImageObject","inLanguage":"de-DE","@id":"https:\/\/www.schlanser.ch\/magazin\/#\/schema\/person\/image\/","url":"https:\/\/secure.gravatar.com\/avatar\/a794a4fe8a9b9c52241597eb381dfa2e?s=96&d=mm&r=g","contentUrl":"https:\/\/secure.gravatar.com\/avatar\/a794a4fe8a9b9c52241597eb381dfa2e?s=96&d=mm&r=g","caption":"admin"}}]}},"_links":{"self":[{"href":"https:\/\/www.schlanser.ch\/magazin\/wp-json\/wp\/v2\/posts\/3957"}],"collection":[{"href":"https:\/\/www.schlanser.ch\/magazin\/wp-json\/wp\/v2\/posts"}],"about":[{"href":"https:\/\/www.schlanser.ch\/magazin\/wp-json\/wp\/v2\/types\/post"}],"author":[{"embeddable":true,"href":"https:\/\/www.schlanser.ch\/magazin\/wp-json\/wp\/v2\/users\/1"}],"replies":[{"embeddable":true,"href":"https:\/\/www.schlanser.ch\/magazin\/wp-json\/wp\/v2\/comments?post=3957"}],"version-history":[{"count":32,"href":"https:\/\/www.schlanser.ch\/magazin\/wp-json\/wp\/v2\/posts\/3957\/revisions"}],"predecessor-version":[{"id":9737,"href":"https:\/\/www.schlanser.ch\/magazin\/wp-json\/wp\/v2\/posts\/3957\/revisions\/9737"}],"wp:featuredmedia":[{"embeddable":true,"href":"https:\/\/www.schlanser.ch\/magazin\/wp-json\/wp\/v2\/media\/4001"}],"wp:attachment":[{"href":"https:\/\/www.schlanser.ch\/magazin\/wp-json\/wp\/v2\/media?parent=3957"}],"wp:term":[{"taxonomy":"category","embeddable":true,"href":"https:\/\/www.schlanser.ch\/magazin\/wp-json\/wp\/v2\/categories?post=3957"},{"taxonomy":"post_tag","embeddable":true,"href":"https:\/\/www.schlanser.ch\/magazin\/wp-json\/wp\/v2\/tags?post=3957"}],"curies":[{"name":"wp","href":"https:\/\/api.w.org\/{rel}","templated":true}]}}