{"id":4100,"date":"2018-02-19T09:00:14","date_gmt":"2018-02-19T08:00:14","guid":{"rendered":"https:\/\/www.schlanser.ch\/magazin\/?p=4100"},"modified":"2023-01-10T12:45:47","modified_gmt":"2023-01-10T11:45:47","slug":"aktivcamping-in-oesterreich","status":"publish","type":"post","link":"https:\/\/www.schlanser.ch\/magazin\/aktivcamping-in-oesterreich\/","title":{"rendered":"Aktivcamping in \u00d6sterreich"},"content":{"rendered":"<h2>\u00ab Sporturlaub mit Zelt \u00bb<\/h2>\n<p style=\"text-align: justify;\"><strong>Das Gl\u00fcck f\u00fcr Outdoor-Sportfreunde besteht darin, dass die heimische Region ganzj\u00e4hrig Reize bietet. Noch gr\u00f6sser wird das Gl\u00fcck durch die Andersartigkeit der Sportangebote in den Jahreszeiten. Erfahren Sie hier, wo Sie in der schneefreien Saison Aktivcamping nicht nur an den bekannten Orten in der Schweiz erleben, sondern auch im nahen \u00d6sterreich.<\/strong><\/p>\n<h2>Kurztrip oder Sommerferien mit Zelt<\/h2>\n<p style=\"text-align: justify;\">F\u00fcr Stippvisiten ins Nachbarland \u00d6sterreich ist eine leichte Ausr\u00fcstung ausreichend, sobald es die n\u00e4chtlichen Temperaturen erlauben. Flexibler kann ein Aktivurlaub kaum ablaufen. Ein Aufstellplatz f\u00fcr das Zelt ist fast \u00fcberall schnell gefunden, sogar an stark frequentierten Destinationen. Da ein Sporturlaub mit langen Aufenthalten ausserhalb der Unterkunft einhergeht, finden sich mehr Vor- als Nachteile in einer leichten Ausstattung: Es gelingen Ortswechsel ohne wesentlichen Aufwand, wenn an anderen Orten weitere spannende Sportm\u00f6glichkeiten gegeben sind. Im Bereich Aktivcamping konnte sich \u00d6sterreich als hochwertiger Tourismusanbieter etablieren und die Auswahl der angebotenen Aktivit\u00e4ten f\u00fcr den Aktivurlaub ist gross.<\/p>\n<p><img loading=\"lazy\" decoding=\"async\" class=\"aligncenter wp-image-4112 size-full\" title=\"Mountain Guide Trekkingzelt Nola 2\" src=\"https:\/\/www.schlanser.ch\/magazin\/wp-content\/uploads\/2018\/02\/Mountain-Guide-Trekkingzelt-Nola-2.jpg\" alt=\"Mountain Guide Trekkingzelt Nola 2\" width=\"600\" height=\"375\" srcset=\"https:\/\/www.schlanser.ch\/magazin\/wp-content\/uploads\/2018\/02\/Mountain-Guide-Trekkingzelt-Nola-2.jpg 600w, https:\/\/www.schlanser.ch\/magazin\/wp-content\/uploads\/2018\/02\/Mountain-Guide-Trekkingzelt-Nola-2-300x188.jpg 300w\" sizes=\"(max-width: 600px) 100vw, 600px\" \/><\/p>\n<h2>Schruns im Montafon \u2013 das Bundesland Vorarlberg<\/h2>\n<p style=\"text-align: justify;\">Zu den grenznah gelegenen Bundesl\u00e4ndern \u00d6sterreichs z\u00e4hlt Vorarlberg. Hier in der Marktgemeinde Schruns im Montafon erleben Sie Sporturlaub auf 690 m H\u00f6he im gleichnamigen, 39 km langen Tal. Piz Buin, Silvretta und R\u00e4tikon umrahmen das St\u00e4dtchen, das der gr\u00f6sste rechtsrheinische Nebenfluss des Alpenrheins \u2013 die ILL \u2013 durchfliesst. Von Schruns im Montafon ausgehend laden rund 1130 km Wanderwege zum Trekking ein. Speziell f\u00fcr Velos und Mountain- oder E-Bikes sind weitere 270 km ausgeschildert. Damit \u00f6ffnet sich das Montafon auch f\u00fcr Radreisen mit Familien oder Senioren.<\/p>\n<figure id=\"attachment_4104\" aria-describedby=\"caption-attachment-4104\" style=\"width: 600px\" class=\"wp-caption aligncenter\"><img loading=\"lazy\" decoding=\"async\" class=\"wp-image-4104 size-full\" title=\"Aktivcamping im sch\u00f6nen Montafon Tal\" src=\"https:\/\/www.schlanser.ch\/magazin\/wp-content\/uploads\/2018\/02\/Montafon.jpg\" alt=\"Aktivcamping im sch\u00f6nen Montafon Tal\" width=\"600\" height=\"360\" srcset=\"https:\/\/www.schlanser.ch\/magazin\/wp-content\/uploads\/2018\/02\/Montafon.jpg 600w, https:\/\/www.schlanser.ch\/magazin\/wp-content\/uploads\/2018\/02\/Montafon-300x180.jpg 300w\" sizes=\"(max-width: 600px) 100vw, 600px\" \/><figcaption id=\"caption-attachment-4104\" class=\"wp-caption-text\">\u00a9 Daan \/ Fotolia.com<\/figcaption><\/figure>\n<p style=\"text-align: justify;\">Wer sich zu den Bergsteigern z\u00e4hlt, besucht die nahe gelegene Silvrettaregion, die im Winter mit Schnee und im Sommer mit anspruchsvollen Klettertouren ein ansprechendes Ziel f\u00fcr Aktivcamping darstellt. Die seit 5000 Jahren besiedelte Region kennzeichnet unter anderem der Bergbau in der Vergangenheit. So kommen auch Kulturreisende auf Ihre Kosten. In Schruns im Montafon selbst finden Sie dar\u00fcber hinaus eine der denkmalgesch\u00fctzten Kapellen des traditionsreichen Tals.<\/p>\n<h2>Bregenz am Bodensee<\/h2>\n<p style=\"text-align: justify;\">Wer das Wasser gerne als gediegenen Badesee plus Sporturlaub und Aktivcamping erleben will, ist in Bregenz am Bodensee richtig. Hier lassen sich ganz unterschiedliche Ferienideen verwirklichen. Neben praktisch allen popul\u00e4ren Wassersportarten geniessen Sie das Flair einer Bezirkshauptstadt inklusive gehobenem Kulturangebot und Versorgungsm\u00f6glichkeiten. Wem es am Bodensee zu turbulent zugeht, erlebt seinen Aktivurlaub am Pf\u00e4nder, dem Hausberg von Bregenz. Wanderungen und Gipfeltouren belohnen mit einem atemberaubenden Blick auf den drei L\u00e4nder verbindenden Bodensee.<\/p>\n<figure id=\"attachment_4106\" aria-describedby=\"caption-attachment-4106\" style=\"width: 600px\" class=\"wp-caption aligncenter\"><img loading=\"lazy\" decoding=\"async\" class=\"wp-image-4106 size-full\" title=\"Blick vom Pf\u00e4nder auf die sch\u00f6ne Landschaft\" src=\"https:\/\/www.schlanser.ch\/magazin\/wp-content\/uploads\/2018\/02\/Pf\u00e4nder-bei-Bregenz.jpg\" alt=\"Blick vom Pf\u00e4nder auf die sch\u00f6ne Landschaft\" width=\"600\" height=\"378\" srcset=\"https:\/\/www.schlanser.ch\/magazin\/wp-content\/uploads\/2018\/02\/Pf\u00e4nder-bei-Bregenz.jpg 600w, https:\/\/www.schlanser.ch\/magazin\/wp-content\/uploads\/2018\/02\/Pf\u00e4nder-bei-Bregenz-300x189.jpg 300w\" sizes=\"(max-width: 600px) 100vw, 600px\" \/><figcaption id=\"caption-attachment-4106\" class=\"wp-caption-text\">\u00a9 Manuel Sch\u00f6nfeld \/ Fotolia.com<\/figcaption><\/figure>\n<p style=\"text-align: justify;\">Aktivcamping erleben Sie in Bregenz entlang des Bodensee-Ufers an verschiedenen Standorten, die mehr oder weniger ortsnah gelegen sind. Im Hinterland liegen weitere Campingpl\u00e4tze f\u00fcr diejenigen, die n\u00e4her an der Natur sein wollen. Dort erleben Sie dann Rafting anstelle des Sees oder die abgelegene Bergwelt in Reichweite aller Vorteile der zivilisierten Welt. Im Bregenzer Wald begeben Sie sich im Sporturlaub auf lange Wanderungen, finden beim Fischen Ruhe, begehen Kletterpfade oder besuchen einen der Hotspots f\u00fcr Paragleiter.<\/p>\n<h2>Grossglockner in K\u00e4rnten<\/h2>\n<p style=\"text-align: justify;\">Der h\u00f6chste Berg \u00d6sterreichs bietet abwechslungsreiches Aktivcamping. Das besonders f\u00fcr den Wintersport bekannte Areal entfaltet im Sommer weit mehr M\u00f6glichkeiten. Erst dann ist zum Beispiel die Grossglockner-Hochalpenstrasse zuverl\u00e4ssig ge\u00f6ffnet, die atemberaubende Aussichten beschert. Entlang solcher Strecken sind die Gemeinden optimal auf G\u00e4ste eingestellt und bieten Stellpl\u00e4tze f\u00fcr das Zelt. Das ist auch gut so, weil in ganz \u00d6sterreich das Campen im Gebirge nur mit Ausnahmegenehmigung erlaubt ist. Notf\u00e4lle beim Aktivurlaub sind davon nat\u00fcrlich ausgeschlossen.<\/p>\n<figure id=\"attachment_4108\" aria-describedby=\"caption-attachment-4108\" style=\"width: 600px\" class=\"wp-caption aligncenter\"><img loading=\"lazy\" decoding=\"async\" class=\"wp-image-4108 size-full\" title=\"Idyllischer Bergfluss am Grossglockner\" src=\"https:\/\/www.schlanser.ch\/magazin\/wp-content\/uploads\/2018\/02\/Grossglockner.jpg\" alt=\"Idyllischer Bergfluss am Grossglockner\" width=\"600\" height=\"400\" srcset=\"https:\/\/www.schlanser.ch\/magazin\/wp-content\/uploads\/2018\/02\/Grossglockner.jpg 600w, https:\/\/www.schlanser.ch\/magazin\/wp-content\/uploads\/2018\/02\/Grossglockner-300x200.jpg 300w\" sizes=\"(max-width: 600px) 100vw, 600px\" \/><figcaption id=\"caption-attachment-4108\" class=\"wp-caption-text\">\u00a9 Tomasz Zajda \/ Fotolia.com<\/figcaption><\/figure>\n<p style=\"text-align: justify;\">In dieser Region am Grossglockner finden Sie zum Beispiel Ruhe und Abstand zur Hektik des Alltags mit Ihrer Angel am See oder an einem der vielen Fliessgew\u00e4sser. An der Fuscher Ache stehen Fliegenfischer am Uferrand und locken Forellen an. F\u00fcr die geschwungenen Strassen der Bergregion begeistern sich Freunde des Motorradsports, die ebenfalls mit leichtem Gep\u00e4ck reisen und deshalb das Zelt bevorzugen. Hier starten oder enden Rundfahrten in zwei L\u00e4nder oder zu anderen Zielen. Eine fantastische Region f\u00fcr Sporturlaub am Grossglockner.<\/p>\n<h2>Prutz: Camping in Tirol<\/h2>\n<p style=\"text-align: justify;\">Wer das Sportger\u00e4t nicht vor Ort mieten kann, transportiert es selbst zum Ferienort. Um zum Aktivurlaub im ebenfalls grenznahen Tirol mit dem Auto anzureisen, empfiehlt sich die mautfreie Strecke durch den Arlbergtunnel. Das Aktivcamping Prutz in Tirol bietet selbst einige Sportangebote und ist idyllisch am See gelegen. Ein Paradies also f\u00fcr Freunde des k\u00fchlen Nass. TCS-Mitglieder erhalten hier Rabatt. Mit dem 2016 er\u00f6ffneten Hallenbad &#8222;Quellalpin&#8220; und ansprechenden Wellness-Angeboten verlaufen die Ferien auch ohne H\u00f6chstleistungen aktiv. Die Bedingungen f\u00fcr Kanu und Rafting sind jedoch ebenfalls vorbildlich.<\/p>\n<figure id=\"attachment_4110\" aria-describedby=\"caption-attachment-4110\" style=\"width: 600px\" class=\"wp-caption aligncenter\"><img loading=\"lazy\" decoding=\"async\" class=\"wp-image-4110 size-full\" title=\"Blick auf eine malerische Landschaft in Tirol\" src=\"https:\/\/www.schlanser.ch\/magazin\/wp-content\/uploads\/2018\/02\/Tirol.jpg\" alt=\"Blick auf eine malerische Landschaft in Tirol\" width=\"600\" height=\"398\" srcset=\"https:\/\/www.schlanser.ch\/magazin\/wp-content\/uploads\/2018\/02\/Tirol.jpg 600w, https:\/\/www.schlanser.ch\/magazin\/wp-content\/uploads\/2018\/02\/Tirol-300x199.jpg 300w, https:\/\/www.schlanser.ch\/magazin\/wp-content\/uploads\/2018\/02\/Tirol-310x205.jpg 310w\" sizes=\"(max-width: 600px) 100vw, 600px\" \/><figcaption id=\"caption-attachment-4110\" class=\"wp-caption-text\">\u00a9 fotofritz16 \/ Fotolia.com<\/figcaption><\/figure>\n<p style=\"text-align: justify;\">Prutz liegt am Donau-Radweg R1. Tagesausfl\u00fcge mit dem gemieteten Velo sind in n\u00f6rdliche oder s\u00fcdliche Richtung m\u00f6glich. Zeltreisende ohne eigenes Auto freuen sich \u00fcber die gute Anbindung an den \u00f6ffentlichen Personen-Nahverkehr. Damit erkunden Sie die Umgebung und wechseln zwischen bewaldeten und gebirgigen Regionen im Aktivurlaub. Da die Gemeinde selbst den Campingplatz betreibt, finden Sie Ansprechpartner auf allen Ebenen f\u00fcr Ausflugstipps und mehr.<\/p>\n<h2>Camping in \u00d6sterreich: Vertraut und trotzdem anders<\/h2>\n<p style=\"text-align: justify;\">Camping in Tirol, in K\u00e4rnten, dem Vorarlberg und anderen \u00f6sterreichischen Bundesl\u00e4ndern ist dank Wechselkurs-Vorteilen oft g\u00fcnstiger als im eigenen Land. Auch bei der Ausr\u00fcstung fallen die Preise vergleichsweise niedrig aus, solange keine Expedition geplant ist. F\u00fcr die Ferien reicht meist ein <a href=\"https:\/\/www.schlanser.ch\/zelte\/campingzelte\/\">Zelt in richtiger Gr\u00f6sse<\/a>. Ob daneben noch <a href=\"https:\/\/www.schlanser.ch\">weitere Ausstattung<\/a> beispielsweise f\u00fcr die Verpflegung anf\u00e4llt, entscheidet sich nach den Gegebenheiten vor Ort und dem Wunsch des Reisenden. Wer nicht selbst kochen will, kann sich beim Camping in Tirol und ganz \u00d6sterreich auf Campingpl\u00e4tzen versorgen und die Gastronomie in Anspruch nehmen. Wer sich abseits halten will, stellt zumindest <a href=\"https:\/\/www.schlanser.ch\/haushalt\/\">ein kleines Camping-Kochset<\/a> zusammen. Dann ist auch die Ausr\u00fcstung beim Sporturlaub und Aktivcamping beweglich wie man selbst.<\/p>\n","protected":false},"excerpt":{"rendered":"<p>\u00ab Sporturlaub mit Zelt \u00bb Das Gl\u00fcck f\u00fcr Outdoor-Sportfreunde besteht darin, dass die heimische Region ganzj\u00e4hrig Reize bietet. Noch gr\u00f6sser wird das Gl\u00fcck durch die Andersartigkeit der Sportangebote in den Jahreszeiten. Erfahren Sie hier, wo Sie in der schneefreien Saison Aktivcamping nicht nur an den bekannten Orten in der Schweiz erleben, sondern auch im nahen &hellip;<\/p>\n","protected":false},"author":1,"featured_media":4101,"comment_status":"closed","ping_status":"open","sticky":false,"template":"","format":"standard","meta":{"footnotes":""},"categories":[2],"tags":[474,539,540,201,478,34,289],"yoast_head":"<!-- This site is optimized with the Yoast SEO plugin v22.2 - https:\/\/yoast.com\/wordpress\/plugins\/seo\/ -->\n<title>Aktivcamping in \u00d6sterreich - Schlanser Magazin<\/title>\n<meta name=\"description\" content=\"Begleiten Sie das Schlanser Magazin auf einen Sporturlaub mit Zelt! \u2013 Wir berichten von Aktivcamping in \u00d6sterreich: \u2714Biken \u2714Wandern \u2714Bergsteigen \u2714Wassersport \u2714Paragliding \u2714Angeln \u2714Wintersport \u2714Trekking\" \/>\n<meta name=\"robots\" content=\"noindex, follow\" \/>\n<meta property=\"og:locale\" content=\"de_DE\" \/>\n<meta property=\"og:type\" content=\"article\" \/>\n<meta property=\"og:title\" content=\"Aktivcamping in \u00d6sterreich - Schlanser Magazin\" \/>\n<meta property=\"og:description\" content=\"Begleiten Sie das Schlanser Magazin auf einen Sporturlaub mit Zelt! \u2013 Wir berichten von Aktivcamping in \u00d6sterreich: \u2714Biken \u2714Wandern \u2714Bergsteigen \u2714Wassersport \u2714Paragliding \u2714Angeln \u2714Wintersport \u2714Trekking\" \/>\n<meta property=\"og:url\" content=\"https:\/\/www.schlanser.ch\/magazin\/aktivcamping-in-oesterreich\/\" \/>\n<meta property=\"og:site_name\" content=\"Schlanser Magazin\" \/>\n<meta property=\"article:published_time\" content=\"2018-02-19T08:00:14+00:00\" \/>\n<meta property=\"article:modified_time\" content=\"2023-01-10T11:45:47+00:00\" \/>\n<meta property=\"og:image\" content=\"https:\/\/www.schlanser.ch\/magazin\/wp-content\/uploads\/2018\/02\/Aktivcamping-in-\u00d6sterreich.jpg\" \/>\n\t<meta property=\"og:image:width\" content=\"660\" \/>\n\t<meta property=\"og:image:height\" content=\"295\" \/>\n\t<meta property=\"og:image:type\" content=\"image\/jpeg\" \/>\n<meta name=\"author\" content=\"admin\" \/>\n<meta name=\"twitter:card\" content=\"summary_large_image\" \/>\n<meta name=\"twitter:label1\" content=\"Verfasst von\" \/>\n\t<meta name=\"twitter:data1\" content=\"admin\" \/>\n\t<meta name=\"twitter:label2\" content=\"Gesch\u00e4tzte Lesezeit\" \/>\n\t<meta name=\"twitter:data2\" content=\"7 Minuten\" \/>\n<script type=\"application\/ld+json\" class=\"yoast-schema-graph\">{\"@context\":\"https:\/\/schema.org\",\"@graph\":[{\"@type\":\"WebPage\",\"@id\":\"https:\/\/www.schlanser.ch\/magazin\/aktivcamping-in-oesterreich\/\",\"url\":\"https:\/\/www.schlanser.ch\/magazin\/aktivcamping-in-oesterreich\/\",\"name\":\"Aktivcamping in \u00d6sterreich - Schlanser Magazin\",\"isPartOf\":{\"@id\":\"https:\/\/www.schlanser.ch\/magazin\/#website\"},\"primaryImageOfPage\":{\"@id\":\"https:\/\/www.schlanser.ch\/magazin\/aktivcamping-in-oesterreich\/#primaryimage\"},\"image\":{\"@id\":\"https:\/\/www.schlanser.ch\/magazin\/aktivcamping-in-oesterreich\/#primaryimage\"},\"thumbnailUrl\":\"https:\/\/www.schlanser.ch\/magazin\/wp-content\/uploads\/2018\/02\/Aktivcamping-in-\u00d6sterreich.jpg\",\"datePublished\":\"2018-02-19T08:00:14+00:00\",\"dateModified\":\"2023-01-10T11:45:47+00:00\",\"author\":{\"@id\":\"https:\/\/www.schlanser.ch\/magazin\/#\/schema\/person\/000db0a103eb2594ba3daf394b1dfea2\"},\"description\":\"Begleiten Sie das Schlanser Magazin auf einen Sporturlaub mit Zelt! \u2013 Wir berichten von Aktivcamping in \u00d6sterreich: \u2714Biken \u2714Wandern \u2714Bergsteigen \u2714Wassersport \u2714Paragliding \u2714Angeln \u2714Wintersport \u2714Trekking\",\"breadcrumb\":{\"@id\":\"https:\/\/www.schlanser.ch\/magazin\/aktivcamping-in-oesterreich\/#breadcrumb\"},\"inLanguage\":\"de-DE\",\"potentialAction\":[{\"@type\":\"ReadAction\",\"target\":[\"https:\/\/www.schlanser.ch\/magazin\/aktivcamping-in-oesterreich\/\"]}]},{\"@type\":\"ImageObject\",\"inLanguage\":\"de-DE\",\"@id\":\"https:\/\/www.schlanser.ch\/magazin\/aktivcamping-in-oesterreich\/#primaryimage\",\"url\":\"https:\/\/www.schlanser.ch\/magazin\/wp-content\/uploads\/2018\/02\/Aktivcamping-in-\u00d6sterreich.jpg\",\"contentUrl\":\"https:\/\/www.schlanser.ch\/magazin\/wp-content\/uploads\/2018\/02\/Aktivcamping-in-\u00d6sterreich.jpg\",\"width\":660,\"height\":295,\"caption\":\"\u00a9 auergraphics \/ Fotolia.com\"},{\"@type\":\"BreadcrumbList\",\"@id\":\"https:\/\/www.schlanser.ch\/magazin\/aktivcamping-in-oesterreich\/#breadcrumb\",\"itemListElement\":[{\"@type\":\"ListItem\",\"position\":1,\"name\":\"Startseite\",\"item\":\"https:\/\/www.schlanser.ch\/magazin\/\"},{\"@type\":\"ListItem\",\"position\":2,\"name\":\"Aktivcamping in \u00d6sterreich\"}]},{\"@type\":\"WebSite\",\"@id\":\"https:\/\/www.schlanser.ch\/magazin\/#website\",\"url\":\"https:\/\/www.schlanser.ch\/magazin\/\",\"name\":\"Schlanser Magazin\",\"description\":\"\",\"potentialAction\":[{\"@type\":\"SearchAction\",\"target\":{\"@type\":\"EntryPoint\",\"urlTemplate\":\"https:\/\/www.schlanser.ch\/magazin\/?s={search_term_string}\"},\"query-input\":\"required name=search_term_string\"}],\"inLanguage\":\"de-DE\"},{\"@type\":\"Person\",\"@id\":\"https:\/\/www.schlanser.ch\/magazin\/#\/schema\/person\/000db0a103eb2594ba3daf394b1dfea2\",\"name\":\"admin\",\"image\":{\"@type\":\"ImageObject\",\"inLanguage\":\"de-DE\",\"@id\":\"https:\/\/www.schlanser.ch\/magazin\/#\/schema\/person\/image\/\",\"url\":\"https:\/\/secure.gravatar.com\/avatar\/a794a4fe8a9b9c52241597eb381dfa2e?s=96&d=mm&r=g\",\"contentUrl\":\"https:\/\/secure.gravatar.com\/avatar\/a794a4fe8a9b9c52241597eb381dfa2e?s=96&d=mm&r=g\",\"caption\":\"admin\"}}]}<\/script>\n<!-- \/ Yoast SEO plugin. -->","yoast_head_json":{"title":"Aktivcamping in \u00d6sterreich - Schlanser Magazin","description":"Begleiten Sie das Schlanser Magazin auf einen Sporturlaub mit Zelt! \u2013 Wir berichten von Aktivcamping in \u00d6sterreich: \u2714Biken \u2714Wandern \u2714Bergsteigen \u2714Wassersport \u2714Paragliding \u2714Angeln \u2714Wintersport \u2714Trekking","robots":{"index":"noindex","follow":"follow"},"og_locale":"de_DE","og_type":"article","og_title":"Aktivcamping in \u00d6sterreich - Schlanser Magazin","og_description":"Begleiten Sie das Schlanser Magazin auf einen Sporturlaub mit Zelt! \u2013 Wir berichten von Aktivcamping in \u00d6sterreich: \u2714Biken \u2714Wandern \u2714Bergsteigen \u2714Wassersport \u2714Paragliding \u2714Angeln \u2714Wintersport \u2714Trekking","og_url":"https:\/\/www.schlanser.ch\/magazin\/aktivcamping-in-oesterreich\/","og_site_name":"Schlanser Magazin","article_published_time":"2018-02-19T08:00:14+00:00","article_modified_time":"2023-01-10T11:45:47+00:00","og_image":[{"width":660,"height":295,"url":"https:\/\/www.schlanser.ch\/magazin\/wp-content\/uploads\/2018\/02\/Aktivcamping-in-\u00d6sterreich.jpg","type":"image\/jpeg"}],"author":"admin","twitter_card":"summary_large_image","twitter_misc":{"Verfasst von":"admin","Gesch\u00e4tzte Lesezeit":"7 Minuten"},"schema":{"@context":"https:\/\/schema.org","@graph":[{"@type":"WebPage","@id":"https:\/\/www.schlanser.ch\/magazin\/aktivcamping-in-oesterreich\/","url":"https:\/\/www.schlanser.ch\/magazin\/aktivcamping-in-oesterreich\/","name":"Aktivcamping in \u00d6sterreich - Schlanser Magazin","isPartOf":{"@id":"https:\/\/www.schlanser.ch\/magazin\/#website"},"primaryImageOfPage":{"@id":"https:\/\/www.schlanser.ch\/magazin\/aktivcamping-in-oesterreich\/#primaryimage"},"image":{"@id":"https:\/\/www.schlanser.ch\/magazin\/aktivcamping-in-oesterreich\/#primaryimage"},"thumbnailUrl":"https:\/\/www.schlanser.ch\/magazin\/wp-content\/uploads\/2018\/02\/Aktivcamping-in-\u00d6sterreich.jpg","datePublished":"2018-02-19T08:00:14+00:00","dateModified":"2023-01-10T11:45:47+00:00","author":{"@id":"https:\/\/www.schlanser.ch\/magazin\/#\/schema\/person\/000db0a103eb2594ba3daf394b1dfea2"},"description":"Begleiten Sie das Schlanser Magazin auf einen Sporturlaub mit Zelt! \u2013 Wir berichten von Aktivcamping in \u00d6sterreich: \u2714Biken \u2714Wandern \u2714Bergsteigen \u2714Wassersport \u2714Paragliding \u2714Angeln \u2714Wintersport \u2714Trekking","breadcrumb":{"@id":"https:\/\/www.schlanser.ch\/magazin\/aktivcamping-in-oesterreich\/#breadcrumb"},"inLanguage":"de-DE","potentialAction":[{"@type":"ReadAction","target":["https:\/\/www.schlanser.ch\/magazin\/aktivcamping-in-oesterreich\/"]}]},{"@type":"ImageObject","inLanguage":"de-DE","@id":"https:\/\/www.schlanser.ch\/magazin\/aktivcamping-in-oesterreich\/#primaryimage","url":"https:\/\/www.schlanser.ch\/magazin\/wp-content\/uploads\/2018\/02\/Aktivcamping-in-\u00d6sterreich.jpg","contentUrl":"https:\/\/www.schlanser.ch\/magazin\/wp-content\/uploads\/2018\/02\/Aktivcamping-in-\u00d6sterreich.jpg","width":660,"height":295,"caption":"\u00a9 auergraphics \/ Fotolia.com"},{"@type":"BreadcrumbList","@id":"https:\/\/www.schlanser.ch\/magazin\/aktivcamping-in-oesterreich\/#breadcrumb","itemListElement":[{"@type":"ListItem","position":1,"name":"Startseite","item":"https:\/\/www.schlanser.ch\/magazin\/"},{"@type":"ListItem","position":2,"name":"Aktivcamping in \u00d6sterreich"}]},{"@type":"WebSite","@id":"https:\/\/www.schlanser.ch\/magazin\/#website","url":"https:\/\/www.schlanser.ch\/magazin\/","name":"Schlanser Magazin","description":"","potentialAction":[{"@type":"SearchAction","target":{"@type":"EntryPoint","urlTemplate":"https:\/\/www.schlanser.ch\/magazin\/?s={search_term_string}"},"query-input":"required name=search_term_string"}],"inLanguage":"de-DE"},{"@type":"Person","@id":"https:\/\/www.schlanser.ch\/magazin\/#\/schema\/person\/000db0a103eb2594ba3daf394b1dfea2","name":"admin","image":{"@type":"ImageObject","inLanguage":"de-DE","@id":"https:\/\/www.schlanser.ch\/magazin\/#\/schema\/person\/image\/","url":"https:\/\/secure.gravatar.com\/avatar\/a794a4fe8a9b9c52241597eb381dfa2e?s=96&d=mm&r=g","contentUrl":"https:\/\/secure.gravatar.com\/avatar\/a794a4fe8a9b9c52241597eb381dfa2e?s=96&d=mm&r=g","caption":"admin"}}]}},"_links":{"self":[{"href":"https:\/\/www.schlanser.ch\/magazin\/wp-json\/wp\/v2\/posts\/4100"}],"collection":[{"href":"https:\/\/www.schlanser.ch\/magazin\/wp-json\/wp\/v2\/posts"}],"about":[{"href":"https:\/\/www.schlanser.ch\/magazin\/wp-json\/wp\/v2\/types\/post"}],"author":[{"embeddable":true,"href":"https:\/\/www.schlanser.ch\/magazin\/wp-json\/wp\/v2\/users\/1"}],"replies":[{"embeddable":true,"href":"https:\/\/www.schlanser.ch\/magazin\/wp-json\/wp\/v2\/comments?post=4100"}],"version-history":[{"count":8,"href":"https:\/\/www.schlanser.ch\/magazin\/wp-json\/wp\/v2\/posts\/4100\/revisions"}],"predecessor-version":[{"id":12705,"href":"https:\/\/www.schlanser.ch\/magazin\/wp-json\/wp\/v2\/posts\/4100\/revisions\/12705"}],"wp:featuredmedia":[{"embeddable":true,"href":"https:\/\/www.schlanser.ch\/magazin\/wp-json\/wp\/v2\/media\/4101"}],"wp:attachment":[{"href":"https:\/\/www.schlanser.ch\/magazin\/wp-json\/wp\/v2\/media?parent=4100"}],"wp:term":[{"taxonomy":"category","embeddable":true,"href":"https:\/\/www.schlanser.ch\/magazin\/wp-json\/wp\/v2\/categories?post=4100"},{"taxonomy":"post_tag","embeddable":true,"href":"https:\/\/www.schlanser.ch\/magazin\/wp-json\/wp\/v2\/tags?post=4100"}],"curies":[{"name":"wp","href":"https:\/\/api.w.org\/{rel}","templated":true}]}}