{"id":4208,"date":"2018-03-22T08:52:02","date_gmt":"2018-03-22T07:52:02","guid":{"rendered":"https:\/\/www.schlanser.ch\/magazin\/?p=4208"},"modified":"2024-01-10T14:50:17","modified_gmt":"2024-01-10T13:50:17","slug":"mfk-fuer-den-wohnwagen","status":"publish","type":"post","link":"https:\/\/www.schlanser.ch\/magazin\/mfk-fuer-den-wohnwagen\/","title":{"rendered":"MFK f\u00fcr den Wohnwagen"},"content":{"rendered":"<h2>\u00ab Machen Sie Ihren Wohnanh\u00e4nger flott f\u00fcr die neue Campingsaison \u00bb<\/h2>\n<p style=\"text-align: justify;\"><strong>Endlich ist es so weit! Die Sonnenstrahlen werden jeden Tag ein bisschen mehr, der Schnee schmilzt dahin und die V\u00f6gel beziehen langsam wieder ihre Sommerquartiere. Nun ist es h\u00f6chste Zeit den Wohnwagen f\u00fcr die neue Campingsaison startklar zu machen. Wir erkl\u00e4ren Ihnen, worauf Sie nach der Winterpause achten sollten und wie Sie die ein oder andere Wohnwagen-Reparatur selbst durchf\u00fchren. Nat\u00fcrlich erkl\u00e4ren wir auch worauf bei der MFK geachtet wird!<\/strong><\/p>\n<h2>Aus dem Winterschlaf erwecken<\/h2>\n<p style=\"text-align: justify;\">Der Winter ist f\u00fcr die Meisten keine typische Campingsaison. So wird der Wohnwagen in dieser Zeit wetterfest eingemottet. Die M\u00f6glichkeiten hierf\u00fcr reichen vom nackten Abstellen im Freien \u00fcber das Einh\u00fcllen in eine Schutzh\u00fclle bis hin zum Parken in Garage oder Scheune. Je nachdem wo Ihr Camper die Wintermonate verbracht hat, m\u00fcssen Sie mit anderem Verschleiss rechnen.<\/p>\n<p><img loading=\"lazy\" decoding=\"async\" class=\"aligncenter wp-image-4233 size-full\" title=\"Wohnwagen Schutzh\u00fclle\" src=\"https:\/\/www.schlanser.ch\/magazin\/wp-content\/uploads\/2018\/03\/Wohnwagen-Schutzh\u00fclle.jpg\" alt=\"Wohnwagen Schutzh\u00fclle\" width=\"600\" height=\"315\" srcset=\"https:\/\/www.schlanser.ch\/magazin\/wp-content\/uploads\/2018\/03\/Wohnwagen-Schutzh\u00fclle.jpg 600w, https:\/\/www.schlanser.ch\/magazin\/wp-content\/uploads\/2018\/03\/Wohnwagen-Schutzh\u00fclle-300x158.jpg 300w\" sizes=\"(max-width: 600px) 100vw, 600px\" \/><\/p>\n<p style=\"text-align: justify;\">Mit Sicherheit birgt das Abstellen ausserhalb in der kalten Jahresh\u00e4lte unter freiem Himmel die meisten Gefahren. Regen, Schnee und Wind k\u00f6nnen ungehindert auf den Caravan niedergehen. Gibt es auch nur kleine undichte Stellen in der Aussenfl\u00e4che, dringt die Feuchtigkeit mit der Zeit ins Innere vor. Bei einer ersten Wohnwagen-Inspektion sollten Sie deshalb ganz genau auf feuchte Stellen, moderigen Geruch und Schimmelflecken achten!<\/p>\n<p style=\"text-align: justify;\">Eine Schutzh\u00fclle h\u00e4lt Feuchtigkeit von oben und von den Seiten zuverl\u00e4ssig vom Wohnanh\u00e4nger fern. Lediglich der Unterboden ist dem Wetter ausgeliefert. Daher sollten Sie ihm besondere Aufmerksamkeit schenken.<\/p>\n<blockquote>\n<p style=\"text-align: justify;\">Aber selbst in einer Garage oder einem anderen festen Unterstand ist Ihr Camper nicht 100 % sicher.<\/p>\n<\/blockquote>\n<p style=\"text-align: justify;\">Gerade Nagetiere lieben es, in einem kuscheligen Zwischenboden oder gar in den Polstern des Sofas zu \u00fcberwintern. Nebenbei hinterlassen sie allerlei Dreck und kaputte Leitungen. Hinzu kommen die Sch\u00e4den aus der vorangegangenen Saison, die Sie entweder noch nicht bemerkt hatten oder deren Reparatur Sie bis zur n\u00e4chsten Motorfahrzeugkontrolle aufgeschoben haben.<\/p>\n<h2>Vorbereitung auf die MFK<\/h2>\n<p style=\"text-align: justify;\">Grunds\u00e4tzlich gibt es drei Aspekte, die Sie vor dem Start in die ersten Ferien der Campingsaison 2018 bedenken sollten:<\/p>\n<ol>\n<li>Verkehrssicherheit von Fahrzeug und Caravan-Anh\u00e4nger<\/li>\n<li>Reparatur von besehenden M\u00e4ngeln<\/li>\n<li>Schutz vor Umwelteinwirkungen in der kommenden Saison<\/li>\n<\/ol>\n<p style=\"text-align: justify;\">Hinzu kommen m\u00f6gliche Erneuerungen oder Umbauten, die Sie wom\u00f6glich schon seit Langem vornehmen wollten. Handelt es sich um verkehrsrelevante \u00c4nderungen, sollten diese vor der n\u00e4chsten MFK durchgef\u00fchrt werden.\u00a0 Wenn in diesem Fr\u00fchjahr also eine \u00dcberpr\u00fcfung bei Ihrem Wohnanh\u00e4nger ansteht, lohnt es sich, dies alles in einem Aufwasch zu machen.<\/p>\n<p><img loading=\"lazy\" decoding=\"async\" class=\"alignnone wp-image-4209 size-full\" title=\"Heckleuchte Caraluna Modular \" src=\"https:\/\/www.schlanser.ch\/magazin\/wp-content\/uploads\/2018\/03\/Heckleuchte-Caraluna-Modular-links.jpg\" alt=\"Heckleuchte Caraluna Modular \" width=\"200\" height=\"334\" srcset=\"https:\/\/www.schlanser.ch\/magazin\/wp-content\/uploads\/2018\/03\/Heckleuchte-Caraluna-Modular-links.jpg 200w, https:\/\/www.schlanser.ch\/magazin\/wp-content\/uploads\/2018\/03\/Heckleuchte-Caraluna-Modular-links-180x300.jpg 180w\" sizes=\"(max-width: 200px) 100vw, 200px\" \/>\u00a0<img loading=\"lazy\" decoding=\"async\" class=\"alignnone wp-image-4211\" title=\"Multifunktionsleuchte\" src=\"https:\/\/www.schlanser.ch\/magazin\/wp-content\/uploads\/2018\/03\/Multifunktionsleuchte-rechts.jpg\" alt=\"Multifunktionsleuchte\" width=\"130\" height=\"342\" srcset=\"https:\/\/www.schlanser.ch\/magazin\/wp-content\/uploads\/2018\/03\/Multifunktionsleuchte-rechts.jpg 140w, https:\/\/www.schlanser.ch\/magazin\/wp-content\/uploads\/2018\/03\/Multifunktionsleuchte-rechts-114x300.jpg 114w\" sizes=\"(max-width: 130px) 100vw, 130px\" \/>\u00a0<img loading=\"lazy\" decoding=\"async\" class=\"alignnone wp-image-4212\" title=\"R\u00fcckstrahler + Diverse Leuchten \" src=\"https:\/\/www.schlanser.ch\/magazin\/wp-content\/uploads\/2018\/03\/R\u00fcckstrahler-Diverse-Leuchten-rechts.jpg\" alt=\"R\u00fcckstrahler + Diverse Leuchten \" width=\"237\" height=\"337\" srcset=\"https:\/\/www.schlanser.ch\/magazin\/wp-content\/uploads\/2018\/03\/R\u00fcckstrahler-Diverse-Leuchten-rechts.jpg 250w, https:\/\/www.schlanser.ch\/magazin\/wp-content\/uploads\/2018\/03\/R\u00fcckstrahler-Diverse-Leuchten-rechts-211x300.jpg 211w\" sizes=\"(max-width: 237px) 100vw, 237px\" \/><\/p>\n<p style=\"text-align: justify;\">Folgende Teile sollten Sie ausserdem selbst vor der ersten Fahrt oder dem Weg zur MFK Ihres Wohnwagens hinsichtlich ihrer Funktionalit\u00e4t pr\u00fcfen:<\/p>\n<ul>\n<li>Bremsanlage (Auflaufeinrichtung) (MFK)<\/li>\n<li><a href=\"https:\/\/www.schlanser.ch\/fahrzeug\/wohnwagen-wohnmobil-zubehoer\/fahrzeugbeleuchtung\/\">Leuchten, Blinker und R\u00fcckstrahler<\/a>\u00a0 (MFK)<\/li>\n<li>R\u00fcckfahrscheinwerfer\u00a0(MFK)<\/li>\n<li>Reifen (Profil, Druck, Besch\u00e4digungen)\u00a0(MFK)<\/li>\n<li>T\u00fcrverriegelung und Scharniere<\/li>\n<li>Heizung<\/li>\n<li>Herstellerschild und Kontrollschilder\u00a0(MFK)<\/li>\n<li>Unterfahrschutz<\/li>\n<li>Anh\u00e4ngertechnik\u00a0(MFK)<\/li>\n<\/ul>\n<p style=\"text-align: justify;\">Je nachdem, wo sich M\u00e4ngel auftun und wie schwerwiegend sie sind, k\u00f6nnen Sie die Reparatur selbst durchf\u00fchren oder Sie beanspruchen die Dienste eines Profis. Gehen beispielsweise Scheinwerfer oder Blinker nicht, ist es oft mit einer neuen Birne getan. Den Reifendruck k\u00f6nnen Sie an jeder Tankstelle einstellen. Falls das Profil der Reifen weniger als 1,6 mm betr\u00e4gt, m\u00fcssen Sie sich einen neuen Satz zulegen. Ebenso bei erkennbaren Besch\u00e4digungen am Reifen. Ist nun aber die Bremsanlage defekt, sollte sich lieber ein professioneller Garagist darum k\u00fcmmern. Der k\u00fcmmert ich auch gerne um die MFK Ihres Wohnwagens<\/p>\n<p>\u00a0<img loading=\"lazy\" decoding=\"async\" class=\"alignnone wp-image-4216 size-full\" title=\"ALKO-AKS 1300\" src=\"https:\/\/www.schlanser.ch\/magazin\/wp-content\/uploads\/2018\/03\/ALKO-AKS-1300.jpg\" alt=\"ALKO-AKS 1300\" width=\"300\" height=\"221\" \/>\u00a0 \u00a0\u00a0<img loading=\"lazy\" decoding=\"async\" class=\"alignnone wp-image-4217\" title=\"Blockiersystem\" src=\"https:\/\/www.schlanser.ch\/magazin\/wp-content\/uploads\/2018\/03\/Blockiersystem.jpg\" alt=\"Blockiersystem\" width=\"272\" height=\"243\" \/><\/p>\n<h2>Grundreinigung vor der neuen Saison<\/h2>\n<p style=\"text-align: justify;\">Einen gr\u00fcndlichen Fr\u00fchjahrsputz wird Ihnen Ihr Wohnanh\u00e4nger die ganze Campingsaison 2018 \u00fcber danken. Es geht hierbei um viel mehr als nur das Entfernen von Schmutz. Beim ordentlichen Reinigen von innen und aussen finden Sie garantiert jeden noch so kleinen Schaden. Ausserdem folgt jedem Waschgang eine Versiegelung der Oberfl\u00e4che, was wiederum die Lebensdauer Ihres Wohnwagens erh\u00f6ht.<\/p>\n<p style=\"text-align: justify;\">Die altbekannte Putzregel &#8222;von oben nach unten&#8220; gilt auch f\u00fcr den Caravan. Fangen Sie beim Dach an und h\u00f6ren Sie bei Radk\u00e4sten und Unterboden auf. Entfernen Sie im ersten Durchgang mit einem Insektentuch und Insektenl\u00f6ser die \u00dcberreste der letzten Tour. Im Anschluss beseitigt der Hochdruckreiniger den gr\u00f6bsten Dreck. Mit der Waschb\u00fcrste und einem speziellen Lackshampoo geht auch die Feinarbeit leicht von der Hand. Achten Sie bei dieser Gelegenheit genau auf kleine Kratzer oder Verletzungen im Lack.<\/p>\n<p>\u00a0 \u00a0 \u00a0<img loading=\"lazy\" decoding=\"async\" class=\"alignnone wp-image-4219\" title=\"Insektentuch\" src=\"https:\/\/www.schlanser.ch\/magazin\/wp-content\/uploads\/2018\/03\/Insektentuch.jpg\" alt=\"Insektentuch\" width=\"251\" height=\"364\" srcset=\"https:\/\/www.schlanser.ch\/magazin\/wp-content\/uploads\/2018\/03\/Insektentuch.jpg 300w, https:\/\/www.schlanser.ch\/magazin\/wp-content\/uploads\/2018\/03\/Insektentuch-207x300.jpg 207w\" sizes=\"(max-width: 251px) 100vw, 251px\" \/><img loading=\"lazy\" decoding=\"async\" class=\"alignnone wp-image-4220\" title=\"Insekten Entferner\" src=\"https:\/\/www.schlanser.ch\/magazin\/wp-content\/uploads\/2018\/03\/Insekten-Entferner.jpg\" alt=\"Insekten Entferner\" width=\"341\" height=\"341\" srcset=\"https:\/\/www.schlanser.ch\/magazin\/wp-content\/uploads\/2018\/03\/Insekten-Entferner.jpg 1280w, https:\/\/www.schlanser.ch\/magazin\/wp-content\/uploads\/2018\/03\/Insekten-Entferner-150x150.jpg 150w, https:\/\/www.schlanser.ch\/magazin\/wp-content\/uploads\/2018\/03\/Insekten-Entferner-300x300.jpg 300w, https:\/\/www.schlanser.ch\/magazin\/wp-content\/uploads\/2018\/03\/Insekten-Entferner-768x768.jpg 768w, https:\/\/www.schlanser.ch\/magazin\/wp-content\/uploads\/2018\/03\/Insekten-Entferner-1024x1024.jpg 1024w\" sizes=\"(max-width: 341px) 100vw, 341px\" \/><\/p>\n<p style=\"text-align: justify;\">Den Unterboden reinigen Sie am besten mit kaltem Wasser und einem Dampfstrahler. Spezielle Aufs\u00e4tze erlauben Ihnen auch von den Seiten einen guten Zugang zum Unterboden. Zur Kontrolle ist die direkte Ansicht von unten sicherlich besser. Daf\u00fcr bietet sich eine Fahrt auf die Grube oder Aufbocken an. Bei der MFK geschieht dies \u00fcbrigens auch. Auf heisses Wasser sollten Sie verzichten, da dieses das Wachs l\u00f6sen k\u00f6nnte. Der Unterboden w\u00fcrde somit in der kommenden Campingsaison anf\u00e4lliger werden.<\/p>\n<blockquote>\n<p style=\"text-align: justify;\">Vergessen Sie nach einer Aussenreinigung nicht, Ihren Wohnanh\u00e4nger trocken zu fahren. Vor allem die Bremsen laufen sonst Gefahr, Rost anzusetzen.<\/p>\n<\/blockquote>\n<h2>Dichtigkeit testen lassen<\/h2>\n<p style=\"text-align: justify;\">In den ersten 5 Jahren nach dem Kauf gibt es meist eine Herstellergarantie auf die Dichtigkeit des Wohnwagens. Lediglich die \u00dcberpr\u00fcfung in der Werkstatt m\u00fcssen Sie als Besitzer selbst bezahlen. Die rund 100 CHF lohnen sich aber allemal, da undichte Stellen einen unverh\u00e4ltnism\u00e4ssig h\u00f6heren Schaden anrichten k\u00f6nnen. Geben Sie Ihren Wohnanh\u00e4nger also rechtzeitig vor der neuen Campingsaison zur \u00dcberpr\u00fcfung. Diese Wohnwagen-Inspektion dauert eine Weile und wird mit einem Hygrometer durchgef\u00fchrt. Es werden auch Bereiche in der N\u00e4he von Wasserleitungen und der Nasszelle getestet. Ein Leck muss ja nicht zwangsl\u00e4ufig von aussen kommen. Eine undichte Stelle innerhalb der Wasserversorgung kann ebenso grosse Sch\u00e4den anrichten. Hat sich eine Zwischenschicht der Aussenh\u00fclle erst einmal vollgesogen oder steht im Innenraum eine Pf\u00fctze, ist die Schadensbek\u00e4mpfung langwierig und kostspielig. Selbst ohne Relevanz f\u00fcr die MFK leuchtet dies ein!<\/p>\n<p><img loading=\"lazy\" decoding=\"async\" class=\"aligncenter wp-image-4228 size-full\" title=\"Sikaflex 252i\" src=\"https:\/\/www.schlanser.ch\/magazin\/wp-content\/uploads\/2018\/03\/Sikaflex-252i.jpg\" alt=\"Sikaflex 252i\" width=\"600\" height=\"110\" srcset=\"https:\/\/www.schlanser.ch\/magazin\/wp-content\/uploads\/2018\/03\/Sikaflex-252i.jpg 600w, https:\/\/www.schlanser.ch\/magazin\/wp-content\/uploads\/2018\/03\/Sikaflex-252i-300x55.jpg 300w\" sizes=\"(max-width: 600px) 100vw, 600px\" \/><\/p>\n<p style=\"text-align: justify;\">Falls Ihnen selbst ein Leck auff\u00e4llt und Sie es selbst flicken m\u00f6chten, warten Sie auf eine angemessene Aussentemperatur. <a href=\"https:\/\/www.schlanser.ch\/fahrzeug\/wohnwagen-wohnmobil-zubehoer\/klebestoffe-dichtmittel\/\">Dichtmittel f\u00fcr Wohnw\u00e4gen<\/a> ben\u00f6tigen eine m\u00f6glichst konstante Aussentemperatur von mindestens 12 \u00b0 C. Es reicht also nicht aus, wenn Sie tags\u00fcber bis an die 20 \u00b0 C an Ihrem Stellplatz haben, die Temperatur nachts aber weit unter 10 \u00b0 C f\u00e4llt. Das Dichtmittel braucht eine ganze Weile, um ordentlich zu trocknen. Ist es zu k\u00fchl, wird die Masse por\u00f6s und dichtet dann nicht mehr zuverl\u00e4ssig. Dann h\u00e4tten Sie in der neuen Saison weiterhin mit der undichten Stelle zu k\u00e4mpfen.<\/p>\n<h2>Weitere Vorbereitungen<\/h2>\n<p style=\"text-align: justify;\">Zuletzt sollten Sie die <a href=\"https:\/\/www.schlanser.ch\/elektro\/\">Wohnwagen-Elektronik<\/a> \u00fcberpr\u00fcfen. Haben Sie eine eigene <a href=\"https:\/\/www.schlanser.ch\/elektro\/energieversorgung\/batterien-ladegeraete\/\">Bordbatterie<\/a> im Wohnanh\u00e4nger, h\u00e4ngen Sie diese zun\u00e4chst ans Ladeger\u00e4t. Schliessen Sie sie vollgeladen an den Stromkreislauf an. Dann sollten alle elektrischen Ger\u00e4te einmal angeschaltet werden. Ebenso lohnt ein Test der verschiedenen Steckdosen an Bord. Haben Sie eine <a href=\"https:\/\/www.schlanser.ch\/elektro\/energieversorgung\/camping-solaranlagen\/\">Camping-Solaranlage<\/a>, ist auch hier ein Probelauf an einem der ersten sonnigen Tage der neuen Saison sinnvoll.<\/p>\n<p><img loading=\"lazy\" decoding=\"async\" class=\"aligncenter wp-image-4230 size-full\" title=\"Alden Sat-Anlage Satlight-Track 50\" src=\"https:\/\/www.schlanser.ch\/magazin\/wp-content\/uploads\/2018\/03\/Alden-Sat-Anlage-Satlight-Track-50.jpg\" alt=\"Alden Sat-Anlage Satlight-Track 50\" width=\"600\" height=\"375\" srcset=\"https:\/\/www.schlanser.ch\/magazin\/wp-content\/uploads\/2018\/03\/Alden-Sat-Anlage-Satlight-Track-50.jpg 600w, https:\/\/www.schlanser.ch\/magazin\/wp-content\/uploads\/2018\/03\/Alden-Sat-Anlage-Satlight-Track-50-300x188.jpg 300w\" sizes=\"(max-width: 600px) 100vw, 600px\" \/><\/p>\n<p style=\"text-align: justify;\">Gleichermassen bedarf das <a href=\"https:\/\/www.schlanser.ch\/fahrzeug\/wasser\/\">Wassersystem des Campers<\/a> eines Checks. Die Leitungen sollten ordentlich durchgesp\u00fclt, gereinigt und desinfiziert werden. Testen Sie die Pumpe. Erst dann sollten Sie den Tank f\u00fcr die erste Fahrt komplett auff\u00fcllen.<\/p>\n<p style=\"text-align: justify;\">Packen Sie zuletzt \u2013 auch wenn das nat\u00fcrlich nicht zur MFK geh\u00f6rt \u2013 das Vorzelt einmal aus und pr\u00fcfen es auf Sch\u00e4den. Auch der Rest des \u00fcblichen Equipments kann vor der ersten Fahrt der Campingsaison \u00fcberpr\u00fcft, aussortiert und erg\u00e4nzt werden. Dann kann es endlich losgehen in die grosse Freiheit des Campings!<\/p>\n","protected":false},"excerpt":{"rendered":"<p>\u00ab Machen Sie Ihren Wohnanh\u00e4nger flott f\u00fcr die neue Campingsaison \u00bb Endlich ist es so weit! Die Sonnenstrahlen werden jeden Tag ein bisschen mehr, der Schnee schmilzt dahin und die V\u00f6gel beziehen langsam wieder ihre Sommerquartiere. Nun ist es h\u00f6chste Zeit den Wohnwagen f\u00fcr die neue Campingsaison startklar zu machen. Wir erkl\u00e4ren Ihnen, worauf Sie &hellip;<\/p>\n","protected":false},"author":1,"featured_media":4232,"comment_status":"closed","ping_status":"open","sticky":false,"template":"","format":"standard","meta":{"footnotes":""},"categories":[1],"tags":[556,201,379,554,553,555,297,557],"yoast_head":"<!-- This site is optimized with the Yoast SEO plugin v22.2 - https:\/\/yoast.com\/wordpress\/plugins\/seo\/ -->\n<title>MFK f\u00fcr den Wohnwagen - Schlanser Magazin<\/title>\n<meta name=\"description\" content=\"Die Motorfahrzeugkontrolle ist auch f\u00fcr Wohnwagen, Wohnmobile und andere Caravans Pflicht! Machen Sie also mit dem MFK-Check des Schlanser Magazins Ihren Wohnanh\u00e4nger flott f\u00fcr die neue Campingsaison \u2714\" \/>\n<meta name=\"robots\" content=\"index, follow, max-snippet:-1, max-image-preview:large, max-video-preview:-1\" \/>\n<link rel=\"canonical\" href=\"https:\/\/www.schlanser.ch\/magazin\/mfk-fuer-den-wohnwagen\/\" \/>\n<meta property=\"og:locale\" content=\"de_DE\" \/>\n<meta property=\"og:type\" content=\"article\" \/>\n<meta property=\"og:title\" content=\"MFK f\u00fcr den Wohnwagen - Schlanser Magazin\" \/>\n<meta property=\"og:description\" content=\"Die Motorfahrzeugkontrolle ist auch f\u00fcr Wohnwagen, Wohnmobile und andere Caravans Pflicht! Machen Sie also mit dem MFK-Check des Schlanser Magazins Ihren Wohnanh\u00e4nger flott f\u00fcr die neue Campingsaison \u2714\" \/>\n<meta property=\"og:url\" content=\"https:\/\/www.schlanser.ch\/magazin\/mfk-fuer-den-wohnwagen\/\" \/>\n<meta property=\"og:site_name\" content=\"Schlanser Magazin\" \/>\n<meta property=\"article:published_time\" content=\"2018-03-22T07:52:02+00:00\" \/>\n<meta property=\"article:modified_time\" content=\"2024-01-10T13:50:17+00:00\" \/>\n<meta property=\"og:image\" content=\"https:\/\/www.schlanser.ch\/magazin\/wp-content\/uploads\/2018\/03\/MFK.jpg\" \/>\n\t<meta property=\"og:image:width\" content=\"660\" \/>\n\t<meta property=\"og:image:height\" content=\"379\" \/>\n\t<meta property=\"og:image:type\" content=\"image\/jpeg\" \/>\n<meta name=\"author\" content=\"admin\" \/>\n<meta name=\"twitter:card\" content=\"summary_large_image\" \/>\n<meta name=\"twitter:label1\" content=\"Verfasst von\" \/>\n\t<meta name=\"twitter:data1\" content=\"admin\" \/>\n\t<meta name=\"twitter:label2\" content=\"Gesch\u00e4tzte Lesezeit\" \/>\n\t<meta name=\"twitter:data2\" content=\"6 Minuten\" \/>\n<script type=\"application\/ld+json\" class=\"yoast-schema-graph\">{\"@context\":\"https:\/\/schema.org\",\"@graph\":[{\"@type\":\"WebPage\",\"@id\":\"https:\/\/www.schlanser.ch\/magazin\/mfk-fuer-den-wohnwagen\/\",\"url\":\"https:\/\/www.schlanser.ch\/magazin\/mfk-fuer-den-wohnwagen\/\",\"name\":\"MFK f\u00fcr den Wohnwagen - Schlanser Magazin\",\"isPartOf\":{\"@id\":\"https:\/\/www.schlanser.ch\/magazin\/#website\"},\"primaryImageOfPage\":{\"@id\":\"https:\/\/www.schlanser.ch\/magazin\/mfk-fuer-den-wohnwagen\/#primaryimage\"},\"image\":{\"@id\":\"https:\/\/www.schlanser.ch\/magazin\/mfk-fuer-den-wohnwagen\/#primaryimage\"},\"thumbnailUrl\":\"https:\/\/www.schlanser.ch\/magazin\/wp-content\/uploads\/2018\/03\/MFK.jpg\",\"datePublished\":\"2018-03-22T07:52:02+00:00\",\"dateModified\":\"2024-01-10T13:50:17+00:00\",\"author\":{\"@id\":\"https:\/\/www.schlanser.ch\/magazin\/#\/schema\/person\/000db0a103eb2594ba3daf394b1dfea2\"},\"description\":\"Die Motorfahrzeugkontrolle ist auch f\u00fcr Wohnwagen, Wohnmobile und andere Caravans Pflicht! Machen Sie also mit dem MFK-Check des Schlanser Magazins Ihren Wohnanh\u00e4nger flott f\u00fcr die neue Campingsaison \u2714\",\"breadcrumb\":{\"@id\":\"https:\/\/www.schlanser.ch\/magazin\/mfk-fuer-den-wohnwagen\/#breadcrumb\"},\"inLanguage\":\"de-DE\",\"potentialAction\":[{\"@type\":\"ReadAction\",\"target\":[\"https:\/\/www.schlanser.ch\/magazin\/mfk-fuer-den-wohnwagen\/\"]}]},{\"@type\":\"ImageObject\",\"inLanguage\":\"de-DE\",\"@id\":\"https:\/\/www.schlanser.ch\/magazin\/mfk-fuer-den-wohnwagen\/#primaryimage\",\"url\":\"https:\/\/www.schlanser.ch\/magazin\/wp-content\/uploads\/2018\/03\/MFK.jpg\",\"contentUrl\":\"https:\/\/www.schlanser.ch\/magazin\/wp-content\/uploads\/2018\/03\/MFK.jpg\",\"width\":660,\"height\":379,\"caption\":\"\u00a9auremar \/ Fotolia.com\"},{\"@type\":\"BreadcrumbList\",\"@id\":\"https:\/\/www.schlanser.ch\/magazin\/mfk-fuer-den-wohnwagen\/#breadcrumb\",\"itemListElement\":[{\"@type\":\"ListItem\",\"position\":1,\"name\":\"Startseite\",\"item\":\"https:\/\/www.schlanser.ch\/magazin\/\"},{\"@type\":\"ListItem\",\"position\":2,\"name\":\"MFK f\u00fcr den Wohnwagen\"}]},{\"@type\":\"WebSite\",\"@id\":\"https:\/\/www.schlanser.ch\/magazin\/#website\",\"url\":\"https:\/\/www.schlanser.ch\/magazin\/\",\"name\":\"Schlanser Magazin\",\"description\":\"\",\"potentialAction\":[{\"@type\":\"SearchAction\",\"target\":{\"@type\":\"EntryPoint\",\"urlTemplate\":\"https:\/\/www.schlanser.ch\/magazin\/?s={search_term_string}\"},\"query-input\":\"required name=search_term_string\"}],\"inLanguage\":\"de-DE\"},{\"@type\":\"Person\",\"@id\":\"https:\/\/www.schlanser.ch\/magazin\/#\/schema\/person\/000db0a103eb2594ba3daf394b1dfea2\",\"name\":\"admin\",\"image\":{\"@type\":\"ImageObject\",\"inLanguage\":\"de-DE\",\"@id\":\"https:\/\/www.schlanser.ch\/magazin\/#\/schema\/person\/image\/\",\"url\":\"https:\/\/secure.gravatar.com\/avatar\/a794a4fe8a9b9c52241597eb381dfa2e?s=96&d=mm&r=g\",\"contentUrl\":\"https:\/\/secure.gravatar.com\/avatar\/a794a4fe8a9b9c52241597eb381dfa2e?s=96&d=mm&r=g\",\"caption\":\"admin\"}}]}<\/script>\n<!-- \/ Yoast SEO plugin. -->","yoast_head_json":{"title":"MFK f\u00fcr den Wohnwagen - Schlanser Magazin","description":"Die Motorfahrzeugkontrolle ist auch f\u00fcr Wohnwagen, Wohnmobile und andere Caravans Pflicht! Machen Sie also mit dem MFK-Check des Schlanser Magazins Ihren Wohnanh\u00e4nger flott f\u00fcr die neue Campingsaison \u2714","robots":{"index":"index","follow":"follow","max-snippet":"max-snippet:-1","max-image-preview":"max-image-preview:large","max-video-preview":"max-video-preview:-1"},"canonical":"https:\/\/www.schlanser.ch\/magazin\/mfk-fuer-den-wohnwagen\/","og_locale":"de_DE","og_type":"article","og_title":"MFK f\u00fcr den Wohnwagen - Schlanser Magazin","og_description":"Die Motorfahrzeugkontrolle ist auch f\u00fcr Wohnwagen, Wohnmobile und andere Caravans Pflicht! Machen Sie also mit dem MFK-Check des Schlanser Magazins Ihren Wohnanh\u00e4nger flott f\u00fcr die neue Campingsaison \u2714","og_url":"https:\/\/www.schlanser.ch\/magazin\/mfk-fuer-den-wohnwagen\/","og_site_name":"Schlanser Magazin","article_published_time":"2018-03-22T07:52:02+00:00","article_modified_time":"2024-01-10T13:50:17+00:00","og_image":[{"width":660,"height":379,"url":"https:\/\/www.schlanser.ch\/magazin\/wp-content\/uploads\/2018\/03\/MFK.jpg","type":"image\/jpeg"}],"author":"admin","twitter_card":"summary_large_image","twitter_misc":{"Verfasst von":"admin","Gesch\u00e4tzte Lesezeit":"6 Minuten"},"schema":{"@context":"https:\/\/schema.org","@graph":[{"@type":"WebPage","@id":"https:\/\/www.schlanser.ch\/magazin\/mfk-fuer-den-wohnwagen\/","url":"https:\/\/www.schlanser.ch\/magazin\/mfk-fuer-den-wohnwagen\/","name":"MFK f\u00fcr den Wohnwagen - Schlanser Magazin","isPartOf":{"@id":"https:\/\/www.schlanser.ch\/magazin\/#website"},"primaryImageOfPage":{"@id":"https:\/\/www.schlanser.ch\/magazin\/mfk-fuer-den-wohnwagen\/#primaryimage"},"image":{"@id":"https:\/\/www.schlanser.ch\/magazin\/mfk-fuer-den-wohnwagen\/#primaryimage"},"thumbnailUrl":"https:\/\/www.schlanser.ch\/magazin\/wp-content\/uploads\/2018\/03\/MFK.jpg","datePublished":"2018-03-22T07:52:02+00:00","dateModified":"2024-01-10T13:50:17+00:00","author":{"@id":"https:\/\/www.schlanser.ch\/magazin\/#\/schema\/person\/000db0a103eb2594ba3daf394b1dfea2"},"description":"Die Motorfahrzeugkontrolle ist auch f\u00fcr Wohnwagen, Wohnmobile und andere Caravans Pflicht! Machen Sie also mit dem MFK-Check des Schlanser Magazins Ihren Wohnanh\u00e4nger flott f\u00fcr die neue Campingsaison \u2714","breadcrumb":{"@id":"https:\/\/www.schlanser.ch\/magazin\/mfk-fuer-den-wohnwagen\/#breadcrumb"},"inLanguage":"de-DE","potentialAction":[{"@type":"ReadAction","target":["https:\/\/www.schlanser.ch\/magazin\/mfk-fuer-den-wohnwagen\/"]}]},{"@type":"ImageObject","inLanguage":"de-DE","@id":"https:\/\/www.schlanser.ch\/magazin\/mfk-fuer-den-wohnwagen\/#primaryimage","url":"https:\/\/www.schlanser.ch\/magazin\/wp-content\/uploads\/2018\/03\/MFK.jpg","contentUrl":"https:\/\/www.schlanser.ch\/magazin\/wp-content\/uploads\/2018\/03\/MFK.jpg","width":660,"height":379,"caption":"\u00a9auremar \/ Fotolia.com"},{"@type":"BreadcrumbList","@id":"https:\/\/www.schlanser.ch\/magazin\/mfk-fuer-den-wohnwagen\/#breadcrumb","itemListElement":[{"@type":"ListItem","position":1,"name":"Startseite","item":"https:\/\/www.schlanser.ch\/magazin\/"},{"@type":"ListItem","position":2,"name":"MFK f\u00fcr den Wohnwagen"}]},{"@type":"WebSite","@id":"https:\/\/www.schlanser.ch\/magazin\/#website","url":"https:\/\/www.schlanser.ch\/magazin\/","name":"Schlanser Magazin","description":"","potentialAction":[{"@type":"SearchAction","target":{"@type":"EntryPoint","urlTemplate":"https:\/\/www.schlanser.ch\/magazin\/?s={search_term_string}"},"query-input":"required name=search_term_string"}],"inLanguage":"de-DE"},{"@type":"Person","@id":"https:\/\/www.schlanser.ch\/magazin\/#\/schema\/person\/000db0a103eb2594ba3daf394b1dfea2","name":"admin","image":{"@type":"ImageObject","inLanguage":"de-DE","@id":"https:\/\/www.schlanser.ch\/magazin\/#\/schema\/person\/image\/","url":"https:\/\/secure.gravatar.com\/avatar\/a794a4fe8a9b9c52241597eb381dfa2e?s=96&d=mm&r=g","contentUrl":"https:\/\/secure.gravatar.com\/avatar\/a794a4fe8a9b9c52241597eb381dfa2e?s=96&d=mm&r=g","caption":"admin"}}]}},"_links":{"self":[{"href":"https:\/\/www.schlanser.ch\/magazin\/wp-json\/wp\/v2\/posts\/4208"}],"collection":[{"href":"https:\/\/www.schlanser.ch\/magazin\/wp-json\/wp\/v2\/posts"}],"about":[{"href":"https:\/\/www.schlanser.ch\/magazin\/wp-json\/wp\/v2\/types\/post"}],"author":[{"embeddable":true,"href":"https:\/\/www.schlanser.ch\/magazin\/wp-json\/wp\/v2\/users\/1"}],"replies":[{"embeddable":true,"href":"https:\/\/www.schlanser.ch\/magazin\/wp-json\/wp\/v2\/comments?post=4208"}],"version-history":[{"count":28,"href":"https:\/\/www.schlanser.ch\/magazin\/wp-json\/wp\/v2\/posts\/4208\/revisions"}],"predecessor-version":[{"id":16992,"href":"https:\/\/www.schlanser.ch\/magazin\/wp-json\/wp\/v2\/posts\/4208\/revisions\/16992"}],"wp:featuredmedia":[{"embeddable":true,"href":"https:\/\/www.schlanser.ch\/magazin\/wp-json\/wp\/v2\/media\/4232"}],"wp:attachment":[{"href":"https:\/\/www.schlanser.ch\/magazin\/wp-json\/wp\/v2\/media?parent=4208"}],"wp:term":[{"taxonomy":"category","embeddable":true,"href":"https:\/\/www.schlanser.ch\/magazin\/wp-json\/wp\/v2\/categories?post=4208"},{"taxonomy":"post_tag","embeddable":true,"href":"https:\/\/www.schlanser.ch\/magazin\/wp-json\/wp\/v2\/tags?post=4208"}],"curies":[{"name":"wp","href":"https:\/\/api.w.org\/{rel}","templated":true}]}}