{"id":4287,"date":"2018-04-04T11:44:55","date_gmt":"2018-04-04T09:44:55","guid":{"rendered":"https:\/\/www.schlanser.ch\/magazin\/?p=4287"},"modified":"2025-12-10T13:03:22","modified_gmt":"2025-12-10T12:03:22","slug":"wohnmobil-reparatur","status":"publish","type":"post","link":"https:\/\/www.schlanser.ch\/magazin\/wohnmobil-reparatur\/","title":{"rendered":"Wohnmobil-Reparatur n\u00f6tig?"},"content":{"rendered":"<h2>\u00ab So machen Sie Ihren Caravan startklar f\u00fcr die Campingsaison 2018? \u00bb<\/h2>\n<p style=\"text-align: justify;\"><strong>Ist das Wohnmobil \u00fcber den Winter wetterfest verstaut worden, muss es vor der ersten Nutzung im Fr\u00fchjahr wieder startklar gemacht werden. Selbst wenn Sie im Winter beim Camping gewesen sind, lohnt ein pr\u00fcfender Blick, ehe Sie die erste Fahrt in der Campingsaison 2018 antreten. Wir erkl\u00e4ren, worauf Sie besonders achten sollten. Mit ein paar Hilfsmitteln f\u00fchren Sie selbst die ein oder andere kleine Wohnmobil-Reparatur durch. <\/strong><\/p>\n<h2>Wie wurde \u00fcberwintert?<\/h2>\n<p style=\"text-align: justify;\">Es ist in jedem Fall eine gute Idee, das Wohnmobil schon ein paar Wochen vor der ersten Urlaubsfahrt aus dem Winterquartier zu holen. In der langen Zeit des Stehens kann es zu Verschleiss und Verschmutzungen gekommen sein.<\/p>\n<p><center><img loading=\"lazy\" decoding=\"async\" class=\"alignnone wp-image-4324 size-full\" title=\"Klarer Wasserschlauch\" src=\"https:\/\/www.schlanser.ch\/magazin\/wp-content\/uploads\/2018\/05\/wasserschlauch-klar.jpg\" alt=\"wasserschlauch-klar\" width=\"300\" height=\"300\" srcset=\"https:\/\/www.schlanser.ch\/magazin\/wp-content\/uploads\/2018\/05\/wasserschlauch-klar.jpg 300w, https:\/\/www.schlanser.ch\/magazin\/wp-content\/uploads\/2018\/05\/wasserschlauch-klar-150x150.jpg 150w\" sizes=\"(max-width: 300px) 100vw, 300px\" \/>\u00a0<img loading=\"lazy\" decoding=\"async\" class=\"alignnone wp-image-4323 size-full\" title=\"Wasserschlauch\" src=\"https:\/\/www.schlanser.ch\/magazin\/wp-content\/uploads\/2018\/05\/wasserschlauch.jpg\" alt=\"wasserschlauch\" width=\"300\" height=\"300\" srcset=\"https:\/\/www.schlanser.ch\/magazin\/wp-content\/uploads\/2018\/05\/wasserschlauch.jpg 300w, https:\/\/www.schlanser.ch\/magazin\/wp-content\/uploads\/2018\/05\/wasserschlauch-150x150.jpg 150w\" sizes=\"(max-width: 300px) 100vw, 300px\" \/><\/center><\/p>\n<p style=\"text-align: justify;\">Ist an Ihrem Caravan eine Reparatur vor dem Start in die neue Campingsaison notwendig, sollten Sie daf\u00fcr ausreichend Zeit einplanen. Ein St\u00fcck weit h\u00e4ngen die m\u00f6glichen Sch\u00e4den davon ab, wie Sie Ihr Fahrzeug auf den Winter vorbereitet haben. So sind Frostsch\u00e4den unwahrscheinlicher, wenn Sie alle <a href=\"https:\/\/www.schlanser.ch\/fahrzeug\/wasser\/wasserbehaelter\/\">Wassertanks<\/a> und <a href=\"https:\/\/www.schlanser.ch\/fahrzeug\/wasser\/schlaeuche-rohre-ventile\/\">Wasserleitungen<\/a> restlos geleert haben. Besonders sorgf\u00e4ltig ist dies mit einem Kompressor m\u00f6glich, der die Leitungen frei pustet.<\/p>\n<figure id=\"attachment_4317\" aria-describedby=\"caption-attachment-4317\" style=\"width: 600px\" class=\"wp-caption aligncenter\"><img loading=\"lazy\" decoding=\"async\" class=\"wp-image-4317 size-full\" title=\"Wie wurde \u00fcberwintert?\" src=\"https:\/\/www.schlanser.ch\/magazin\/wp-content\/uploads\/2018\/05\/Wie-wurde-ueberwintert.jpg\" alt=\"Wie wurde ueberwintert\" width=\"600\" height=\"400\" srcset=\"https:\/\/www.schlanser.ch\/magazin\/wp-content\/uploads\/2018\/05\/Wie-wurde-ueberwintert.jpg 600w, https:\/\/www.schlanser.ch\/magazin\/wp-content\/uploads\/2018\/05\/Wie-wurde-ueberwintert-300x200.jpg 300w\" sizes=\"(max-width: 600px) 100vw, 600px\" \/><figcaption id=\"caption-attachment-4317\" class=\"wp-caption-text\">\u00a9 auremar \/ Fotolia.com<\/figcaption><\/figure>\n<p style=\"text-align: justify;\">Des Weiteren ist es ein Unterschied, ob <a href=\"https:\/\/www.schlanser.ch\/elektro\/energieversorgung\/batterien-ladegeraete\/\">Bord- und Starterbatterie<\/a> abgeklemmt wurden oder die ganzen Monate \u00fcber weiterhin am Stromkreislauf hingen. Wenn Ihr Wohnmobil im Freien \u00fcberwintern musste, sind witterungsbedingte Sch\u00e4den wahrscheinlicher als in einer Garage oder Scheune. Hier gilt es, besonders sorgf\u00e4ltig zu pr\u00fcfen.<\/p>\n<blockquote>\n<p style=\"text-align: justify;\">Doch auch in einer Garage sind Besch\u00e4digungen am Fahrzeug, die einer Reparatur bed\u00fcrfen, nicht auszuschliessen.<\/p>\n<\/blockquote>\n<p style=\"text-align: justify;\">Haben Sie im Winter eine Ausfahrt zum Skifahren gemacht, stand Ihr Reisemobil nicht so lange still. Doch gerade die Fahrt im Winter bringt besondere Strapazen f\u00fcr das Material mit sich. So verursachen Salz und Split leicht nachhaltige Sch\u00e4den an Lack und Unterboden.<\/p>\n<h2>Erster Check f\u00fcr die Campingsaison 2018<\/h2>\n<p style=\"text-align: justify;\">Achten Sie beim ersten Betreten Ihres Wohnmobils auf den Geruch in der Luft. Riecht es moderig, liegt der Verdacht auf undichte Stellen nahe. Im schlimmsten Fall entdecken Sie sogar Wasserflecken oder Schimmel. Hier gilt es nat\u00fcrlich, die Ursache ausfindig zu machen und zu beseitigen. In Ihrer Ausr\u00fcstung sollten sich stets die wichtigsten, kleinen Helferlein zur Wohnmobil-Reparatur finden.<\/p>\n<p><img loading=\"lazy\" decoding=\"async\" class=\"aligncenter wp-image-4293 size-full\" title=\"Hochleistungs-Dichtband\" src=\"https:\/\/www.schlanser.ch\/magazin\/wp-content\/uploads\/2018\/05\/Hochleistungs-Dichtband.jpg\" alt=\"Hochleistungs-Dichtband\" width=\"600\" height=\"600\" srcset=\"https:\/\/www.schlanser.ch\/magazin\/wp-content\/uploads\/2018\/05\/Hochleistungs-Dichtband.jpg 600w, https:\/\/www.schlanser.ch\/magazin\/wp-content\/uploads\/2018\/05\/Hochleistungs-Dichtband-150x150.jpg 150w, https:\/\/www.schlanser.ch\/magazin\/wp-content\/uploads\/2018\/05\/Hochleistungs-Dichtband-300x300.jpg 300w\" sizes=\"(max-width: 600px) 100vw, 600px\" \/><\/p>\n<p style=\"text-align: justify;\">F\u00fcr kleinere Risse oder ein vorl\u00e4ufiges Flicken bietet sich <a href=\"https:\/\/www.schlanser.ch\/fahrzeug\/wohnwagen-wohnmobil-zubehoer\/klebestoffe-dichtmittel\/\">Dichtband<\/a> an, das sehr einfach zu handhaben ist. F\u00fcr undichte Fenster gibt es spezielle Abdichtmasse zu kaufen.<\/p>\n<p><center><img loading=\"lazy\" decoding=\"async\" class=\"alignnone wp-image-4296 size-full\" title=\"Dunkelgraue Abdichtmasse von Dekalin\" src=\"https:\/\/www.schlanser.ch\/magazin\/wp-content\/uploads\/2018\/05\/dekalin-abdichtmasse-dunkelgrau.jpg\" alt=\"dekalin-abdichtmasse-dunkelgrau\" width=\"300\" height=\"300\" srcset=\"https:\/\/www.schlanser.ch\/magazin\/wp-content\/uploads\/2018\/05\/dekalin-abdichtmasse-dunkelgrau.jpg 300w, https:\/\/www.schlanser.ch\/magazin\/wp-content\/uploads\/2018\/05\/dekalin-abdichtmasse-dunkelgrau-150x150.jpg 150w\" sizes=\"(max-width: 300px) 100vw, 300px\" \/> <img loading=\"lazy\" decoding=\"async\" class=\"alignnone wp-image-4297 size-full\" title=\"Sikasil E Plus Abdichtmasse\" src=\"https:\/\/www.schlanser.ch\/magazin\/wp-content\/uploads\/2018\/05\/sikasil-e-plus-abdichtmasse.jpg\" alt=\"sikasil-e-plus-abdichtmasse\" width=\"300\" height=\"300\" srcset=\"https:\/\/www.schlanser.ch\/magazin\/wp-content\/uploads\/2018\/05\/sikasil-e-plus-abdichtmasse.jpg 300w, https:\/\/www.schlanser.ch\/magazin\/wp-content\/uploads\/2018\/05\/sikasil-e-plus-abdichtmasse-150x150.jpg 150w\" sizes=\"(max-width: 300px) 100vw, 300px\" \/><\/center><\/p>\n<p style=\"text-align: justify;\">Sehr haltbar und auch temperaturbest\u00e4ndig ist Polyurethan-Dichtstoff. Er haftet auf verschiedenen Materialien wie zum Beispiel auf Holz, Metall und Kunststoff. Hiermit abgedichtete Stellen werden Ihnen in Zukunft keine Sorgen mehr machen.<\/p>\n<h2>Vorbereitung auf die Motorfahrzeugkontrolle<\/h2>\n<p style=\"text-align: justify;\">Steht demn\u00e4chst die Motorfahrzeugkontrolle an, sollten Sie bestimmten technischen Details des Fahrzeugs besondere Aufmerksamkeit schenken. So stehen neben der eindeutigen Identifikation des Wohnmobils anhand von Dokumenten und Kontrollschildern diverse technische und mechanische Funktionen im Vordergrund. In der MFK werden Elektronik und Beleuchtung, die Lenkvorrichtung, die Bremsanlagen sowie das Fahrgestell inklusive Reifen, Achsen und Aufh\u00e4ngung gepr\u00fcft. Das Profil der Reifen sollte mindestens 3 &#8211; 4 mm tief sein. Sind die Reifen \u00e4lter als 6 Jahre, ist ein neuer Satz ebenfalls die sicherste L\u00f6sung.<\/p>\n<p><center><img loading=\"lazy\" decoding=\"async\" class=\"alignnone wp-image-4302 size-full\" title=\"Frostschutz\" src=\"https:\/\/www.schlanser.ch\/magazin\/wp-content\/uploads\/2018\/05\/frostschutz.jpg\" alt=\"frostschutz\" width=\"300\" height=\"300\" srcset=\"https:\/\/www.schlanser.ch\/magazin\/wp-content\/uploads\/2018\/05\/frostschutz.jpg 300w, https:\/\/www.schlanser.ch\/magazin\/wp-content\/uploads\/2018\/05\/frostschutz-150x150.jpg 150w\" sizes=\"(max-width: 300px) 100vw, 300px\" \/> <img loading=\"lazy\" decoding=\"async\" class=\"alignnone wp-image-4303 size-full\" title=\"Rabbafrost Frostschutz 5 Liter\" src=\"https:\/\/www.schlanser.ch\/magazin\/wp-content\/uploads\/2018\/05\/rabbafrost-frostschutz-5-liter.jpg\" alt=\"rabbafrost-frostschutz-5-liter\" width=\"300\" height=\"300\" srcset=\"https:\/\/www.schlanser.ch\/magazin\/wp-content\/uploads\/2018\/05\/rabbafrost-frostschutz-5-liter.jpg 300w, https:\/\/www.schlanser.ch\/magazin\/wp-content\/uploads\/2018\/05\/rabbafrost-frostschutz-5-liter-150x150.jpg 150w\" sizes=\"(max-width: 300px) 100vw, 300px\" \/><\/center><\/p>\n<p style=\"text-align: justify;\">F\u00fcr einen Laien sind all diese Punkte gar nicht so leicht zu \u00fcberpr\u00fcfen. Wenn Sie sich an Ihrem Fahrzeug bei einer Reparatur nicht sicher f\u00fchlen, geben Sie das Fahrzeug lieber in eine Werkstatt Ihres Vertrauens. So ist es f\u00fcr Hobbycamper in der Regel kein Problem Motor\u00f6l, K\u00fchlwasser, Scheibenwasser und den Luftdruck der Reifen (inklusive Ersatzreifen) zu kontrollieren. Fehlt etwas, wird es ganz einfach nachgef\u00fcllt. Vergessen Sie beim K\u00fchlwasser den Frostschutz nicht! Je nach Destination kann es auch im Fr\u00fchjahr noch einmal locker unter die 0 Grad gehen.<\/p>\n<figure id=\"attachment_4327\" aria-describedby=\"caption-attachment-4327\" style=\"width: 600px\" class=\"wp-caption aligncenter\"><img loading=\"lazy\" decoding=\"async\" class=\"wp-image-4327 size-full\" title=\"Mechaniker auf Trolley unter Wohnmobil\" src=\"https:\/\/www.schlanser.ch\/magazin\/wp-content\/uploads\/2018\/05\/Mechaniker-auf-Trolley-unter-Wohnmobil.jpg\" alt=\"Mechaniker auf Trolley unter Wohnmobil\" width=\"600\" height=\"401\" srcset=\"https:\/\/www.schlanser.ch\/magazin\/wp-content\/uploads\/2018\/05\/Mechaniker-auf-Trolley-unter-Wohnmobil.jpg 600w, https:\/\/www.schlanser.ch\/magazin\/wp-content\/uploads\/2018\/05\/Mechaniker-auf-Trolley-unter-Wohnmobil-300x201.jpg 300w, https:\/\/www.schlanser.ch\/magazin\/wp-content\/uploads\/2018\/05\/Mechaniker-auf-Trolley-unter-Wohnmobil-110x75.jpg 110w\" sizes=\"(max-width: 600px) 100vw, 600px\" \/><figcaption id=\"caption-attachment-4327\" class=\"wp-caption-text\">\u00a9 auremar \/ Fotolia.com<\/figcaption><\/figure>\n<p style=\"text-align: justify;\">Viele Camper scheitern sp\u00e4testens an einer genauen Untersuchung des Unterbodens auf undichte Stellen und Rost. Daf\u00fcr ist eine Grube von Vorteil, die Sie in jeder Werkstatt finden. Hier ist es viel einfacher, das Wohnmobil einer Reparatur zu unterziehen, sollten sich Schwachstellen zeigen. Wenn Sie mit Ihrem Fahrzeug im Winter unterwegs waren, ist der Unterboden wegen des Streusalzes besonders gef\u00e4hrdet. Behalten Sie dies bei einer Fahrt auf die Grube im Hinterkopf.<\/p>\n<h2>Elektrikcheck und Wasser \u2013 Reparatur n\u00f6tig?<\/h2>\n<p style=\"text-align: justify;\">Manche Camper klemmen Starter- und Bordbatterie \u00fcber die Wintermonate ab oder bauen sie komplett aus. Andere lassen sie an Ort und Stelle angeschlossen. In allen drei F\u00e4llen besteht das Risiko, dass die Batterien sich entladen. Wie schnell das geht, h\u00e4ngt neben der Art der Batterie auch von deren Alter und den Temperaturen ab. Es lohnt sich also immer, vor einem ersten Check der gesamten Elektronik, den Ladestand der Batterien zu pr\u00fcfen. Am einfachsten lassen sie sich laden, indem man den Caravan \u00fcber das <a href=\"https:\/\/www.schlanser.ch\/elektro\/energieversorgung\/stecker-kabel-adapter\/\">Ladekabel<\/a> an den Strom anschliesst. Dann \u00fcbernimmt das eingebaute Ladeger\u00e4t die Aufladung der regul\u00e4r angeschlossenen Batterien. Sind Ihre Batterien vollgeladen, sollten Sie s\u00e4mtliche Elektronik im und am Fahrzeug pr\u00fcfen.<\/p>\n<p><center><a href=\"https:\/\/www.schlanser.ch\/elektro\/energieversorgung\/stecker-kabel-adapter\/1181\/usb-verlaengerungskabel\"><img loading=\"lazy\" decoding=\"async\" class=\"alignnone wp-image-4331\" title=\"USB-Verl\u00e4ngerungskabel\" src=\"https:\/\/www.schlanser.ch\/magazin\/wp-content\/uploads\/2018\/05\/usb-verlaengerungskabel.jpg\" alt=\"usb-verlaengerungskabel\" width=\"200\" height=\"200\" srcset=\"https:\/\/www.schlanser.ch\/magazin\/wp-content\/uploads\/2018\/05\/usb-verlaengerungskabel.jpg 300w, https:\/\/www.schlanser.ch\/magazin\/wp-content\/uploads\/2018\/05\/usb-verlaengerungskabel-150x150.jpg 150w\" sizes=\"(max-width: 200px) 100vw, 200px\" \/><\/a> <img loading=\"lazy\" decoding=\"async\" class=\"alignnone wp-image-4330 size-full\" title=\"USB KFZ Ladekabel Zigarettenanz\u00fcnder\" src=\"https:\/\/www.schlanser.ch\/magazin\/wp-content\/uploads\/2018\/05\/usb-kfz-ladekabel-zigarettenanzuender.jpg\" alt=\"usb-kfz-ladekabel-zigarettenanzuender\" width=\"300\" height=\"132\" \/><\/center><\/p>\n<p style=\"text-align: justify;\">Am Wohnmobil eine Reparatur unterwegs durchzuf\u00fchren ist in der Regel umst\u00e4ndlicher als zu Hause. Daher machen Sie sich ruhig die M\u00fche, einmal alle elektrischen Ger\u00e4te in Ihrem Gef\u00e4hrt anzuschalten. \u00dcberpr\u00fcfen Sie, ob die Steckdosen alle mit Strom versorgt werden. Ebenso sollte der Fahrzeugelektronik Aufmerksamkeit geschenkt werden. Funktioniert die Beleuchtung? Tun alle Blinker, Scheinwerfer und sonstigen Lichter ihren Dienst? Bei Defekten ist meist keine grosse Reparatur n\u00f6tig. Das Einsetzen einer neuen Birne l\u00f6st meistens das Problem.<\/p>\n<blockquote>\n<p style=\"text-align: justify;\">Alle Teile, die mit der Wasserversorgung zu tun haben, sollten erst in Betrieb genommen werden, wenn Sie das Wassersystem kontrolliert haben.<\/p>\n<\/blockquote>\n<p style=\"text-align: justify;\">Selbst wenn Schl\u00e4uche und Tanks gr\u00fcndlich entleert worden sind, k\u00f6nnen Frost oder Nager Lecks verursacht haben. Sp\u00fclen Sie das ganze System einmal ordentlich durch. Reinigen und desinfizieren Sie alles mit den geeigneten Mitteln, ehe Sie das Wasser f\u00fcr die erste Tour aufnehmen und die Pumpen auf ihre Funktion pr\u00fcfen.<\/p>\n<h2>Grundreinigung f\u00fcr die neue Campingsaison<\/h2>\n<p style=\"text-align: justify;\">Neben der Wohnmobil-Reparatur steht auch die Pflege aller Materialien auf dem Pflichtprogramm. Nicht nur aus \u00e4sthetischen Gr\u00fcnden ist eine grundlegende Reinigung vor der ersten Fahrt wichtig. Beim gr\u00fcndlichen Putzen fallen schnell kleine Sch\u00e4den auf. Ausserdem bleibt ein gut polierter und versiegelter Lack deutlich l\u00e4nger erhalten als eine vernachl\u00e4ssigte Aussenfl\u00e4che. Kunststofffenster sollten nur mit l\u00f6sungsmittelfreien Reinigungsmitteln behandelt werden. Spezielle Acrylglasreiniger bessern sogar kleine Kratzer in der Oberfl\u00e4che aus. Grunds\u00e4tzlich ist die Handw\u00e4sche sehr schonend f\u00fcr das Fahrzeug.<\/p>\n<p><img loading=\"lazy\" decoding=\"async\" class=\"aligncenter wp-image-4308 size-full\" title=\"Luxus Waschb\u00fcrste\" src=\"https:\/\/www.schlanser.ch\/magazin\/wp-content\/uploads\/2018\/05\/waschbuerste-luxus.jpg\" alt=\"waschbuerste-luxus\" width=\"600\" height=\"600\" srcset=\"https:\/\/www.schlanser.ch\/magazin\/wp-content\/uploads\/2018\/05\/waschbuerste-luxus.jpg 600w, https:\/\/www.schlanser.ch\/magazin\/wp-content\/uploads\/2018\/05\/waschbuerste-luxus-150x150.jpg 150w, https:\/\/www.schlanser.ch\/magazin\/wp-content\/uploads\/2018\/05\/waschbuerste-luxus-300x300.jpg 300w\" sizes=\"(max-width: 600px) 100vw, 600px\" \/><\/p>\n<p style=\"text-align: justify;\">Die Nutzung einer Lkw-Waschanlage mag verlockend erscheinen, doch sind die B\u00fcrsten dort sehr hart und die Waschmittel zu aggressiv f\u00fcr Ihren Camper. Im Zweifelsfall beseitigt ein Hochdruckreiniger im ersten Waschgang den gr\u00f6bsten Dreck. Verwenden Sie nur milde Putzmittel und spezielle Reinigungsger\u00e4te, wie beispielsweise Felgenb\u00fcrsten, Scheibenreiniger und Waschb\u00fcrsten. Diese erleichtern Ihnen die Arbeit erheblich. Benutzen Sie im Innenraum m\u00f6glichst wenig Wasser. L\u00fcften Sie w\u00e4hrend des Reinigens und danach gut durch.<\/p>\n<p><center><img loading=\"lazy\" decoding=\"async\" class=\"alignnone wp-image-4311 size-full\" title=\"Alu-Waschb\u00fcrste\" src=\"https:\/\/www.schlanser.ch\/magazin\/wp-content\/uploads\/2018\/05\/waschbuerste-alu.jpg\" alt=\"waschbuerste-alu\" width=\"201\" height=\"300\" \/> <img loading=\"lazy\" decoding=\"async\" class=\"alignnone wp-image-4312 size-full\" title=\"4-teiliges Waschb\u00fcrsten-Set\" src=\"https:\/\/www.schlanser.ch\/magazin\/wp-content\/uploads\/2018\/05\/waschbuersten-set-4-tlg.jpg\" alt=\"waschbuersten-set-4-tlg\" width=\"300\" height=\"300\" srcset=\"https:\/\/www.schlanser.ch\/magazin\/wp-content\/uploads\/2018\/05\/waschbuersten-set-4-tlg.jpg 300w, https:\/\/www.schlanser.ch\/magazin\/wp-content\/uploads\/2018\/05\/waschbuersten-set-4-tlg-150x150.jpg 150w\" sizes=\"(max-width: 300px) 100vw, 300px\" \/><\/center><\/p>\n<p style=\"text-align: justify;\">Bei der Gelegenheit bietet es sich an, Polster und Matratzen nach draussen an die frische Luft zu schaffen. Haben Sie das alles hinter sich gebracht, strahlt und duftet Ihr Caravan von innen und aussen. Haben Sie sich ausserdem vergewissert, dass Ihr Wohnmobil keiner Reparatur bedarf, k\u00f6nnen Sie beruhigt in die Campingsaison 2018 starten!<\/p>\n","protected":false},"excerpt":{"rendered":"<p>\u00ab So machen Sie Ihren Caravan startklar f\u00fcr die Campingsaison 2018? \u00bb Ist das Wohnmobil \u00fcber den Winter wetterfest verstaut worden, muss es vor der ersten Nutzung im Fr\u00fchjahr wieder startklar gemacht werden. Selbst wenn Sie im Winter beim Camping gewesen sind, lohnt ein pr\u00fcfender Blick, ehe Sie die erste Fahrt in der Campingsaison 2018 &hellip;<\/p>\n","protected":false},"author":1,"featured_media":4290,"comment_status":"closed","ping_status":"open","sticky":false,"template":"","format":"standard","meta":{"footnotes":""},"categories":[1],"tags":[507,566,544,201,564,147,115,404,565,296],"yoast_head":"<!-- This site is optimized with the Yoast SEO plugin v22.2 - https:\/\/yoast.com\/wordpress\/plugins\/seo\/ -->\n<title>Wohnmobil-Reparatur n\u00f6tig? - Schlanser Magazin<\/title>\n<meta name=\"description\" content=\"Machen Sie gemeinsam mit dem Schlanser Magazin Ihr Wohnmobil startklar f\u00fcr die neue Campingsaison! \u2013 Wir erkl\u00e4ren, was zum Saisonstart wichtig ist und wann eine Reparatur n\u00f6tig wird \u2714\" \/>\n<meta name=\"robots\" content=\"noindex, follow\" \/>\n<meta property=\"og:locale\" content=\"de_DE\" \/>\n<meta property=\"og:type\" content=\"article\" \/>\n<meta property=\"og:title\" content=\"Wohnmobil-Reparatur n\u00f6tig? - Schlanser Magazin\" \/>\n<meta property=\"og:description\" content=\"Machen Sie gemeinsam mit dem Schlanser Magazin Ihr Wohnmobil startklar f\u00fcr die neue Campingsaison! \u2013 Wir erkl\u00e4ren, was zum Saisonstart wichtig ist und wann eine Reparatur n\u00f6tig wird \u2714\" \/>\n<meta property=\"og:url\" content=\"https:\/\/www.schlanser.ch\/magazin\/wohnmobil-reparatur\/\" \/>\n<meta property=\"og:site_name\" content=\"Schlanser Magazin\" \/>\n<meta property=\"article:published_time\" content=\"2018-04-04T09:44:55+00:00\" \/>\n<meta property=\"article:modified_time\" content=\"2025-12-10T12:03:22+00:00\" \/>\n<meta property=\"og:image\" content=\"https:\/\/www.schlanser.ch\/magazin\/wp-content\/uploads\/2018\/05\/Wohnmobil-Reparatur-noetig.jpg\" \/>\n\t<meta property=\"og:image:width\" content=\"800\" \/>\n\t<meta property=\"og:image:height\" content=\"533\" \/>\n\t<meta property=\"og:image:type\" content=\"image\/jpeg\" \/>\n<meta name=\"author\" content=\"admin\" \/>\n<meta name=\"twitter:card\" content=\"summary_large_image\" \/>\n<meta name=\"twitter:label1\" content=\"Verfasst von\" \/>\n\t<meta name=\"twitter:data1\" content=\"admin\" \/>\n\t<meta name=\"twitter:label2\" content=\"Gesch\u00e4tzte Lesezeit\" \/>\n\t<meta name=\"twitter:data2\" content=\"10 Minuten\" \/>\n<script type=\"application\/ld+json\" class=\"yoast-schema-graph\">{\"@context\":\"https:\/\/schema.org\",\"@graph\":[{\"@type\":\"WebPage\",\"@id\":\"https:\/\/www.schlanser.ch\/magazin\/wohnmobil-reparatur\/\",\"url\":\"https:\/\/www.schlanser.ch\/magazin\/wohnmobil-reparatur\/\",\"name\":\"Wohnmobil-Reparatur n\u00f6tig? - Schlanser Magazin\",\"isPartOf\":{\"@id\":\"https:\/\/www.schlanser.ch\/magazin\/#website\"},\"primaryImageOfPage\":{\"@id\":\"https:\/\/www.schlanser.ch\/magazin\/wohnmobil-reparatur\/#primaryimage\"},\"image\":{\"@id\":\"https:\/\/www.schlanser.ch\/magazin\/wohnmobil-reparatur\/#primaryimage\"},\"thumbnailUrl\":\"https:\/\/www.schlanser.ch\/magazin\/wp-content\/uploads\/2018\/05\/Wohnmobil-Reparatur-noetig.jpg\",\"datePublished\":\"2018-04-04T09:44:55+00:00\",\"dateModified\":\"2025-12-10T12:03:22+00:00\",\"author\":{\"@id\":\"https:\/\/www.schlanser.ch\/magazin\/#\/schema\/person\/000db0a103eb2594ba3daf394b1dfea2\"},\"description\":\"Machen Sie gemeinsam mit dem Schlanser Magazin Ihr Wohnmobil startklar f\u00fcr die neue Campingsaison! \u2013 Wir erkl\u00e4ren, was zum Saisonstart wichtig ist und wann eine Reparatur n\u00f6tig wird \u2714\",\"breadcrumb\":{\"@id\":\"https:\/\/www.schlanser.ch\/magazin\/wohnmobil-reparatur\/#breadcrumb\"},\"inLanguage\":\"de-DE\",\"potentialAction\":[{\"@type\":\"ReadAction\",\"target\":[\"https:\/\/www.schlanser.ch\/magazin\/wohnmobil-reparatur\/\"]}]},{\"@type\":\"ImageObject\",\"inLanguage\":\"de-DE\",\"@id\":\"https:\/\/www.schlanser.ch\/magazin\/wohnmobil-reparatur\/#primaryimage\",\"url\":\"https:\/\/www.schlanser.ch\/magazin\/wp-content\/uploads\/2018\/05\/Wohnmobil-Reparatur-noetig.jpg\",\"contentUrl\":\"https:\/\/www.schlanser.ch\/magazin\/wp-content\/uploads\/2018\/05\/Wohnmobil-Reparatur-noetig.jpg\",\"width\":800,\"height\":533,\"caption\":\"\u00a9 Andrey Armyagov \/ Fotolia.com\"},{\"@type\":\"BreadcrumbList\",\"@id\":\"https:\/\/www.schlanser.ch\/magazin\/wohnmobil-reparatur\/#breadcrumb\",\"itemListElement\":[{\"@type\":\"ListItem\",\"position\":1,\"name\":\"Startseite\",\"item\":\"https:\/\/www.schlanser.ch\/magazin\/\"},{\"@type\":\"ListItem\",\"position\":2,\"name\":\"Wohnmobil-Reparatur n\u00f6tig?\"}]},{\"@type\":\"WebSite\",\"@id\":\"https:\/\/www.schlanser.ch\/magazin\/#website\",\"url\":\"https:\/\/www.schlanser.ch\/magazin\/\",\"name\":\"Schlanser Magazin\",\"description\":\"\",\"potentialAction\":[{\"@type\":\"SearchAction\",\"target\":{\"@type\":\"EntryPoint\",\"urlTemplate\":\"https:\/\/www.schlanser.ch\/magazin\/?s={search_term_string}\"},\"query-input\":\"required name=search_term_string\"}],\"inLanguage\":\"de-DE\"},{\"@type\":\"Person\",\"@id\":\"https:\/\/www.schlanser.ch\/magazin\/#\/schema\/person\/000db0a103eb2594ba3daf394b1dfea2\",\"name\":\"admin\",\"image\":{\"@type\":\"ImageObject\",\"inLanguage\":\"de-DE\",\"@id\":\"https:\/\/www.schlanser.ch\/magazin\/#\/schema\/person\/image\/\",\"url\":\"https:\/\/secure.gravatar.com\/avatar\/a794a4fe8a9b9c52241597eb381dfa2e?s=96&d=mm&r=g\",\"contentUrl\":\"https:\/\/secure.gravatar.com\/avatar\/a794a4fe8a9b9c52241597eb381dfa2e?s=96&d=mm&r=g\",\"caption\":\"admin\"}}]}<\/script>\n<!-- \/ Yoast SEO plugin. -->","yoast_head_json":{"title":"Wohnmobil-Reparatur n\u00f6tig? - Schlanser Magazin","description":"Machen Sie gemeinsam mit dem Schlanser Magazin Ihr Wohnmobil startklar f\u00fcr die neue Campingsaison! \u2013 Wir erkl\u00e4ren, was zum Saisonstart wichtig ist und wann eine Reparatur n\u00f6tig wird \u2714","robots":{"index":"noindex","follow":"follow"},"og_locale":"de_DE","og_type":"article","og_title":"Wohnmobil-Reparatur n\u00f6tig? - Schlanser Magazin","og_description":"Machen Sie gemeinsam mit dem Schlanser Magazin Ihr Wohnmobil startklar f\u00fcr die neue Campingsaison! \u2013 Wir erkl\u00e4ren, was zum Saisonstart wichtig ist und wann eine Reparatur n\u00f6tig wird \u2714","og_url":"https:\/\/www.schlanser.ch\/magazin\/wohnmobil-reparatur\/","og_site_name":"Schlanser Magazin","article_published_time":"2018-04-04T09:44:55+00:00","article_modified_time":"2025-12-10T12:03:22+00:00","og_image":[{"width":800,"height":533,"url":"https:\/\/www.schlanser.ch\/magazin\/wp-content\/uploads\/2018\/05\/Wohnmobil-Reparatur-noetig.jpg","type":"image\/jpeg"}],"author":"admin","twitter_card":"summary_large_image","twitter_misc":{"Verfasst von":"admin","Gesch\u00e4tzte Lesezeit":"10 Minuten"},"schema":{"@context":"https:\/\/schema.org","@graph":[{"@type":"WebPage","@id":"https:\/\/www.schlanser.ch\/magazin\/wohnmobil-reparatur\/","url":"https:\/\/www.schlanser.ch\/magazin\/wohnmobil-reparatur\/","name":"Wohnmobil-Reparatur n\u00f6tig? - Schlanser Magazin","isPartOf":{"@id":"https:\/\/www.schlanser.ch\/magazin\/#website"},"primaryImageOfPage":{"@id":"https:\/\/www.schlanser.ch\/magazin\/wohnmobil-reparatur\/#primaryimage"},"image":{"@id":"https:\/\/www.schlanser.ch\/magazin\/wohnmobil-reparatur\/#primaryimage"},"thumbnailUrl":"https:\/\/www.schlanser.ch\/magazin\/wp-content\/uploads\/2018\/05\/Wohnmobil-Reparatur-noetig.jpg","datePublished":"2018-04-04T09:44:55+00:00","dateModified":"2025-12-10T12:03:22+00:00","author":{"@id":"https:\/\/www.schlanser.ch\/magazin\/#\/schema\/person\/000db0a103eb2594ba3daf394b1dfea2"},"description":"Machen Sie gemeinsam mit dem Schlanser Magazin Ihr Wohnmobil startklar f\u00fcr die neue Campingsaison! \u2013 Wir erkl\u00e4ren, was zum Saisonstart wichtig ist und wann eine Reparatur n\u00f6tig wird \u2714","breadcrumb":{"@id":"https:\/\/www.schlanser.ch\/magazin\/wohnmobil-reparatur\/#breadcrumb"},"inLanguage":"de-DE","potentialAction":[{"@type":"ReadAction","target":["https:\/\/www.schlanser.ch\/magazin\/wohnmobil-reparatur\/"]}]},{"@type":"ImageObject","inLanguage":"de-DE","@id":"https:\/\/www.schlanser.ch\/magazin\/wohnmobil-reparatur\/#primaryimage","url":"https:\/\/www.schlanser.ch\/magazin\/wp-content\/uploads\/2018\/05\/Wohnmobil-Reparatur-noetig.jpg","contentUrl":"https:\/\/www.schlanser.ch\/magazin\/wp-content\/uploads\/2018\/05\/Wohnmobil-Reparatur-noetig.jpg","width":800,"height":533,"caption":"\u00a9 Andrey Armyagov \/ Fotolia.com"},{"@type":"BreadcrumbList","@id":"https:\/\/www.schlanser.ch\/magazin\/wohnmobil-reparatur\/#breadcrumb","itemListElement":[{"@type":"ListItem","position":1,"name":"Startseite","item":"https:\/\/www.schlanser.ch\/magazin\/"},{"@type":"ListItem","position":2,"name":"Wohnmobil-Reparatur n\u00f6tig?"}]},{"@type":"WebSite","@id":"https:\/\/www.schlanser.ch\/magazin\/#website","url":"https:\/\/www.schlanser.ch\/magazin\/","name":"Schlanser Magazin","description":"","potentialAction":[{"@type":"SearchAction","target":{"@type":"EntryPoint","urlTemplate":"https:\/\/www.schlanser.ch\/magazin\/?s={search_term_string}"},"query-input":"required name=search_term_string"}],"inLanguage":"de-DE"},{"@type":"Person","@id":"https:\/\/www.schlanser.ch\/magazin\/#\/schema\/person\/000db0a103eb2594ba3daf394b1dfea2","name":"admin","image":{"@type":"ImageObject","inLanguage":"de-DE","@id":"https:\/\/www.schlanser.ch\/magazin\/#\/schema\/person\/image\/","url":"https:\/\/secure.gravatar.com\/avatar\/a794a4fe8a9b9c52241597eb381dfa2e?s=96&d=mm&r=g","contentUrl":"https:\/\/secure.gravatar.com\/avatar\/a794a4fe8a9b9c52241597eb381dfa2e?s=96&d=mm&r=g","caption":"admin"}}]}},"_links":{"self":[{"href":"https:\/\/www.schlanser.ch\/magazin\/wp-json\/wp\/v2\/posts\/4287"}],"collection":[{"href":"https:\/\/www.schlanser.ch\/magazin\/wp-json\/wp\/v2\/posts"}],"about":[{"href":"https:\/\/www.schlanser.ch\/magazin\/wp-json\/wp\/v2\/types\/post"}],"author":[{"embeddable":true,"href":"https:\/\/www.schlanser.ch\/magazin\/wp-json\/wp\/v2\/users\/1"}],"replies":[{"embeddable":true,"href":"https:\/\/www.schlanser.ch\/magazin\/wp-json\/wp\/v2\/comments?post=4287"}],"version-history":[{"count":45,"href":"https:\/\/www.schlanser.ch\/magazin\/wp-json\/wp\/v2\/posts\/4287\/revisions"}],"predecessor-version":[{"id":16996,"href":"https:\/\/www.schlanser.ch\/magazin\/wp-json\/wp\/v2\/posts\/4287\/revisions\/16996"}],"wp:featuredmedia":[{"embeddable":true,"href":"https:\/\/www.schlanser.ch\/magazin\/wp-json\/wp\/v2\/media\/4290"}],"wp:attachment":[{"href":"https:\/\/www.schlanser.ch\/magazin\/wp-json\/wp\/v2\/media?parent=4287"}],"wp:term":[{"taxonomy":"category","embeddable":true,"href":"https:\/\/www.schlanser.ch\/magazin\/wp-json\/wp\/v2\/categories?post=4287"},{"taxonomy":"post_tag","embeddable":true,"href":"https:\/\/www.schlanser.ch\/magazin\/wp-json\/wp\/v2\/tags?post=4287"}],"curies":[{"name":"wp","href":"https:\/\/api.w.org\/{rel}","templated":true}]}}