{"id":4589,"date":"2018-05-22T16:12:09","date_gmt":"2018-05-22T14:12:09","guid":{"rendered":"https:\/\/www.schlanser.ch\/magazin\/?p=4589"},"modified":"2025-01-24T16:32:59","modified_gmt":"2025-01-24T15:32:59","slug":"camping-in-spanien","status":"publish","type":"post","link":"https:\/\/www.schlanser.ch\/magazin\/camping-in-spanien\/","title":{"rendered":"Camping in Spanien"},"content":{"rendered":"<h2>\u00ab Die besten Campingpl\u00e4tz an Costa Brava und Costa Blanca \u00bb<\/h2>\n<p style=\"text-align: justify;\"><strong>Spanien z\u00e4hlt zu den beliebten Reisel\u00e4ndern f\u00fcr Pauschal- und Individualreisende. Unterwegs mit dem Campingwagen oder Wohnmobil treffen Sie auf eine aufgeschlossene Bev\u00f6lkerung. Die zahlreichen Campingpl\u00e4tze in Spanien sind auf den allj\u00e4hrlichen Ansturm vorbereitet, denn auch die Spanier campieren gern. Wildcampen ist dort ebenso verboten wie an vielen anderen europ\u00e4ischen Ferienzielen. Auf Nachfrage d\u00fcrfen Sie m\u00f6glicherweise auf privaten Grundst\u00fccken \u00fcbernachten. Alles weitere zum Camping in Spanien lesen Sie hier:<\/strong><\/p>\n<h2>N\u00f6rdliche Mittelmeerk\u00fcste: die Costa Brava<\/h2>\n<p style=\"text-align: justify;\">Das Mittelmeer vor Katalonien pr\u00e4sentiert einen urw\u00fcchsigen K\u00fcstenverlauf. Im Norden ist die Landschaft schroff und das Hinterland gr\u00fcn. Der Duft von Pinien und Akazien erf\u00fcllt die Luft der Campingpl\u00e4tze in Spanien. S\u00fcdlich von Barcelona beginnt dagegen ein feinsandiger K\u00fcstenstreifen, in dessen Mitte das ber\u00fchmte Feriendomizil Lloret de Mar liegt. Hierhin kommen selbst Tagestouristen aus Barcelona angereist, um auf der popul\u00e4ren Partymeile nach Kr\u00e4ften zu feiern.<\/p>\n<figure id=\"attachment_4592\" aria-describedby=\"caption-attachment-4592\" style=\"width: 600px\" class=\"wp-caption aligncenter\"><img loading=\"lazy\" decoding=\"async\" class=\"wp-image-4592 size-full\" title=\"Die malerische K\u00fcste bei Lloret de mar\" src=\"https:\/\/www.schlanser.ch\/magazin\/wp-content\/uploads\/2018\/05\/Lloret-De-Mar.jpg\" alt=\"Die malerische K\u00fcste bei Lloret de mar\" width=\"600\" height=\"400\" srcset=\"https:\/\/www.schlanser.ch\/magazin\/wp-content\/uploads\/2018\/05\/Lloret-De-Mar.jpg 600w, https:\/\/www.schlanser.ch\/magazin\/wp-content\/uploads\/2018\/05\/Lloret-De-Mar-300x200.jpg 300w\" sizes=\"(max-width: 600px) 100vw, 600px\" \/><figcaption id=\"caption-attachment-4592\" class=\"wp-caption-text\">\u00a9 funkyfrogstock \/ Fotolia.com<\/figcaption><\/figure>\n<h2>Gut besucht in Spitzenzeiten, entspannt ausserhalb der Ferien<\/h2>\n<p style=\"text-align: justify;\">Die Campingpl\u00e4tze der Costa Brava liegen in Strandn\u00e4he oder finden sich im Hinterland. Wenigstens einen Ferientag sollten Urlauber dem Land abseits der K\u00fcste widmen. Nur so lernen Sie Land und Leute wirklich kennen, denn hier existieren sie noch: Verschlafene D\u00f6rfer, in denen die Zeit stehen geblieben zu sein scheint. An anderen Orten, wie in der Provinzhauptstadt Alicante pulst das moderne Leben in Spanien. Kurz hinter Alicante geniessen Sie Auszeit im Weltkulturerbe Elche mit seinen zauberhaften Palmeng\u00e4rten.<\/p>\n<h2>Mit den Wellen reiten<\/h2>\n<p style=\"text-align: justify;\">N\u00f6rdlich von Lloret de Mar in Richtung Roses bieten sich gute bis sehr gute Surfm\u00f6glichkeiten. Die zahlreichen Campingpl\u00e4tze abseits von Lloret de Mar bieten sich f\u00fcr mobile Reisende und Ruhesuchende an. Hier geht es etwas ruhiger zu als in unmittelbarer N\u00e4he zur Stadt. Wer es deshalb etwas weiter zum Strand hat, l\u00e4dt die Surfbretter auf den Dachgep\u00e4cktr\u00e4ger und erlebt das Mittelmeer im Tagesausflug.<\/p>\n<figure id=\"attachment_4594\" aria-describedby=\"caption-attachment-4594\" style=\"width: 600px\" class=\"wp-caption aligncenter\"><img loading=\"lazy\" decoding=\"async\" class=\"wp-image-4594 size-full\" title=\"Das Meer an der Costa Brava ist an vielen Stellen ideal zum Surfen geeignet\" src=\"https:\/\/www.schlanser.ch\/magazin\/wp-content\/uploads\/2018\/05\/Surfen.jpg\" alt=\"Das Meer an der Costa Brava ist an vielen Stellen ideal zum Surfen geeignet\" width=\"600\" height=\"267\" srcset=\"https:\/\/www.schlanser.ch\/magazin\/wp-content\/uploads\/2018\/05\/Surfen.jpg 600w, https:\/\/www.schlanser.ch\/magazin\/wp-content\/uploads\/2018\/05\/Surfen-300x134.jpg 300w\" sizes=\"(max-width: 600px) 100vw, 600px\" \/><figcaption id=\"caption-attachment-4594\" class=\"wp-caption-text\">\u00a9 Dudarev Mikhail \/ Fotolia.com<\/figcaption><\/figure>\n<h2>Ausfl\u00fcge in die Umgebung: Kunst und Kultur<\/h2>\n<p style=\"text-align: justify;\">Barcelona liegt beinahe vor der Wohnwagent\u00fcr. Die quirlige Metropole wird bestimmt durch das faszinierende Leben auf den Ramblas und den architektonischen Meisterwerken Gaudis. Wer sich die Sehensw\u00fcrdigkeiten in K\u00fcstenn\u00e4he anschauen will, besucht das Dal\u00ed-Museum im Landhaus des K\u00fcnstlers in Portlligat. Hier lebte der Maler und Bildhauer ab 1948. Bis zu ihrem Tod an seiner Seite: seine Ehefrau und Muse Gala. In Pals wartet hingegen das Mittelalter auf G\u00e4ste. Umgeben von m\u00e4chtigen Stadtmauern konnte sich die mittelalterliche Altstadt mit den H\u00e4usern der Adligen bis heute erhalten. Camping an der Costa Brava ist nicht auf Badeferien beschr\u00e4nkt!<\/p>\n<h2>Dreimal Camping Costa Brava<\/h2>\n<p style=\"text-align: justify;\">Glamping: Luxus-Ferien geniessen Sie beispielsweise auf dem Platz Cypsela in Pals. Sie w\u00e4hlen bereits vor der Anreise aus unterschiedlichen Mietobjekten und leben im Lodgezelt oder Mobilheim. Die charmante Anlage liegt inmitten eines Waldes und nur wenige Meter vom Strand.<\/p>\n<p style=\"text-align: justify;\">Zelten: Im Camping Aquarius in Sant Pere Pescador sind Sie auch mit Zelt willkommen. In einer gepflegten Anlage mit Pool und in unmittelbarer N\u00e4he zum Stand finden Sie Restaurants und Einkaufsm\u00f6glichkeit auf dem Platz, ein unterhaltsames Ferienprogramm und Wellnessangebote.#<\/p>\n<figure id=\"attachment_4596\" aria-describedby=\"caption-attachment-4596\" style=\"width: 600px\" class=\"wp-caption aligncenter\"><img loading=\"lazy\" decoding=\"async\" class=\"wp-image-4596 size-full\" title=\"Die traumhaften Str\u00e4nde der Costa Brava sind einfach malerisch\" src=\"https:\/\/www.schlanser.ch\/magazin\/wp-content\/uploads\/2018\/05\/Costa-Brava.jpg\" alt=\"Die traumhaften Str\u00e4nde der Costa Brava sind einfach malerisch\" width=\"600\" height=\"401\" srcset=\"https:\/\/www.schlanser.ch\/magazin\/wp-content\/uploads\/2018\/05\/Costa-Brava.jpg 600w, https:\/\/www.schlanser.ch\/magazin\/wp-content\/uploads\/2018\/05\/Costa-Brava-300x201.jpg 300w, https:\/\/www.schlanser.ch\/magazin\/wp-content\/uploads\/2018\/05\/Costa-Brava-110x75.jpg 110w\" sizes=\"(max-width: 600px) 100vw, 600px\" \/><figcaption id=\"caption-attachment-4596\" class=\"wp-caption-text\">\u00a9 gitanna \/ Fotolia.com<\/figcaption><\/figure>\n<p style=\"text-align: justify;\">Wohnwagen und Wohnmobil: Einen famili\u00e4ren Campingplatz finden Sie in L&#8217;Estartit. 170 parzellierte Stellpl\u00e4tze f\u00fcr Camper und Wohnmobilisten freuen sich auf G\u00e4ste. Die Anlage ist modern ausgestattet und dennoch rustikal.<\/p>\n<h2>Weiter im S\u00fcden: Spaniens weisse K\u00fcste<\/h2>\n<p style=\"text-align: justify;\">Der Golf von Alicante ist besser als Costa Blanca bekannt. Der Name geht vermutlich auf die weiss gestrichenen H\u00e4user und den hellen Strand zur\u00fcck. Beide leuchtet in der Sonne und bilden einen wunderbaren Kontrast zum tiefblauen Meer. Die Region ist international gesch\u00e4tzt. Das Ferienzentrum Benidorm steht bei Briten hoch im Kurs und auch deutsche Urlauber kommen in grosser Zahl. Da dieser K\u00fcstenabschnitt s\u00fcdlicher liegt als die Balearen, geh\u00f6ren Palmen und weite Sandstr\u00e4nde zum Landschaftsbild.<\/p>\n<figure id=\"attachment_4598\" aria-describedby=\"caption-attachment-4598\" style=\"width: 600px\" class=\"wp-caption aligncenter\"><img loading=\"lazy\" decoding=\"async\" class=\"wp-image-4598 size-full\" title=\"Die weitl\u00e4ufigen Str\u00e4nde in Alicante laden zum ausgiebigen Badespass ein\" src=\"https:\/\/www.schlanser.ch\/magazin\/wp-content\/uploads\/2018\/05\/Alicante.jpg\" alt=\"Die weitl\u00e4ufigen Str\u00e4nde in Alicante\" width=\"600\" height=\"400\" srcset=\"https:\/\/www.schlanser.ch\/magazin\/wp-content\/uploads\/2018\/05\/Alicante.jpg 600w, https:\/\/www.schlanser.ch\/magazin\/wp-content\/uploads\/2018\/05\/Alicante-300x200.jpg 300w\" sizes=\"(max-width: 600px) 100vw, 600px\" \/><figcaption id=\"caption-attachment-4598\" class=\"wp-caption-text\">\u00a9 Maygutyak \/ Fotolia.com<\/figcaption><\/figure>\n<h2>Strandferien: von entspannt bis elektrisierend<\/h2>\n<p style=\"text-align: justify;\">Die s\u00fcdliche Mittelmeer-Region ist vor allen Dingen wegen seiner touristischen Infrastruktur bei Ferieng\u00e4sten beliebt. Tags\u00fcber entspannen Familien am Strand. Dann spielen die Kinder am Meeressaum und mancher schl\u00e4ft sich beim Camping in Spanien unter Palmen noch einmal richtig aus, bevor es abends zur Party geht. Doch auch unter der Meeresoberfl\u00e4che gibt es etwas zu entdecken. Das Mittelmeer ist ein beliebter Tauchspot f\u00fcr Neulinge und Profis. Die erstaunliche Unterwasserwelt ist bis heute erlebbar und seri\u00f6se Tauchschulen bieten Ausfl\u00fcge f\u00fcr Wracktaucher an. Kontakte stellen Sie \u00fcber die Campingpl\u00e4tze der Costa Blanca her.<\/p>\n<h2>Typisch spanisch: Wein und Oliven<\/h2>\n<p style=\"text-align: justify;\">Vom Hafen in Alicante aus gehen die wertvollen Erzeugnisse der Region in alle Welt. Weinbau und Oliven haben schon vor dem Tourismus zu einem bescheidenen Reichtum gef\u00fchrt. Geniessen Sie beim Camping in Spanien gern das t\u00e4gliche Leben der Spanier: Entlang der Promenade erleben Sie Konzerte unter freiem Himmel und lebendige Vielfalt bis tief in die Nacht.<\/p>\n<figure id=\"attachment_4601\" aria-describedby=\"caption-attachment-4601\" style=\"width: 600px\" class=\"wp-caption aligncenter\"><img loading=\"lazy\" decoding=\"async\" class=\"wp-image-4601 size-full\" title=\"Oliven und guten Wein gibt es in Spanien zu gen\u00fcge\" src=\"https:\/\/www.schlanser.ch\/magazin\/wp-content\/uploads\/2018\/05\/Spanischer-Wein.jpg\" alt=\"Oliven und Wein gibt es in Spanien zu gen\u00fcge\" width=\"600\" height=\"400\" srcset=\"https:\/\/www.schlanser.ch\/magazin\/wp-content\/uploads\/2018\/05\/Spanischer-Wein.jpg 600w, https:\/\/www.schlanser.ch\/magazin\/wp-content\/uploads\/2018\/05\/Spanischer-Wein-300x200.jpg 300w\" sizes=\"(max-width: 600px) 100vw, 600px\" \/><figcaption id=\"caption-attachment-4601\" class=\"wp-caption-text\">\u00a9 NoraDoa \/ Fotolia.com<\/figcaption><\/figure>\n<h2>Ausr\u00fcstung f\u00fcr die spanischen K\u00fcsten<\/h2>\n<p style=\"text-align: justify;\">Der S\u00fcden der iberischen Halbinsel ist heiss und trocken. Kaum anzunehmen, dass Sie Camping in Spanien auf einer saftigen, gr\u00fcnen Wiese erleben. Um <a href=\"https:\/\/www.schlanser.ch\/outdoor-freizeit\/wind-sonnenschutz\/\">Sonnenschutz<\/a> oder <a href=\"https:\/\/www.schlanser.ch\/zelte\/zeltzubehoer\/zeltheringe-abspannmaterial\/\">Zeltleinen sicher abspannen<\/a>, sind spezielle Sandheringe erforderlich. Diese sind eher selten im Lieferumfang enthalten. Pr\u00fcfen Sie vor Abreise also Ihr Equipment daraufhin, ob es allen Eventualit\u00e4ten standh\u00e4lt. Wohnwagen oder Wohnmobil versorgen Sie idealerweise mit Sonnenschutz f\u00fcr die Fenster. Nachts hilft eine <a href=\"https:\/\/www.schlanser.ch\/fahrzeug\/heizen-kuehlen\/klimaanlagen\/\">Klimaanlage<\/a>, die Temperaturen beim Camping in Spanien moderat zu halten.<\/p>\n<p><a href=\"https:\/\/www.schlanser.ch\/outdoor-freizeit\/wind-sonnenschutz\/pavillons-tarps\/23878\/pavillon-bologna-blau\"><img loading=\"lazy\" decoding=\"async\" class=\"aligncenter wp-image-4603 size-full\" title=\"Pavillon Bologna, blau\" src=\"https:\/\/www.schlanser.ch\/magazin\/wp-content\/uploads\/2018\/05\/Pavillon-Bologna-blau.jpg\" alt=\"Pavillon Bologna blau\" width=\"600\" height=\"375\" srcset=\"https:\/\/www.schlanser.ch\/magazin\/wp-content\/uploads\/2018\/05\/Pavillon-Bologna-blau.jpg 600w, https:\/\/www.schlanser.ch\/magazin\/wp-content\/uploads\/2018\/05\/Pavillon-Bologna-blau-300x188.jpg 300w\" sizes=\"(max-width: 600px) 100vw, 600px\" \/><\/a><\/p>\n<h2>Drei ausgew\u00e4hlte Campingpl\u00e4tze an der Costa Blanca<\/h2>\n<p style=\"text-align: justify;\">Glamping: S\u00fcdlich von Alicante lassen Sie sich im ganzj\u00e4hrig ge\u00f6ffneten Ressort Majal Costa Blanca verw\u00f6hnen. Der Platz offeriert Miet-Objekte aus dem Glamping-Segment neben 1200 Stellpl\u00e4tzen. Die Anlage liegt direkt am Meer und bietet seinen G\u00e4ste jede Menge Komfort und Entertainment.<\/p>\n<p style=\"text-align: justify;\">Zelten: Auf dem Camping Azul in Oliva kurz finden Sie einen besonders ansprechenden Aufstellplatz f\u00fcr Ihr Zelt direkt an der Landseite der D\u00fcne. Vergessen Sie die Sandheringe nicht!<\/p>\n<p style=\"text-align: justify;\">Wohnwagen und Wohnmobil: 7 Kilometer Meer und Strand liegen vor der Camper \u00c1rea Campello Beach bei Alicante. Wie der Name sagt, sind Wohnmobilisten hier herzlich willkommen. Am Campello Beach bringen Sie auch Ihren Liner problemlos unter.<\/p>\n<p style=\"text-align: justify;\">Schlanser w\u00fcnscht sch\u00f6ne Ferien!<\/p>\n","protected":false},"excerpt":{"rendered":"<p>\u00ab Die besten Campingpl\u00e4tz an Costa Brava und Costa Blanca \u00bb Spanien z\u00e4hlt zu den beliebten Reisel\u00e4ndern f\u00fcr Pauschal- und Individualreisende. Unterwegs mit dem Campingwagen oder Wohnmobil treffen Sie auf eine aufgeschlossene Bev\u00f6lkerung. Die zahlreichen Campingpl\u00e4tze in Spanien sind auf den allj\u00e4hrlichen Ansturm vorbereitet, denn auch die Spanier campieren gern. Wildcampen ist dort ebenso verboten &hellip;<\/p>\n","protected":false},"author":1,"featured_media":4605,"comment_status":"closed","ping_status":"open","sticky":false,"template":"","format":"standard","meta":{"footnotes":""},"categories":[2],"tags":[201,605,602,197,606,34,603,604],"yoast_head":"<!-- This site is optimized with the Yoast SEO plugin v22.2 - https:\/\/yoast.com\/wordpress\/plugins\/seo\/ -->\n<title>Camping in Spanien - Schlanser Magazin<\/title>\n<meta name=\"description\" content=\"Das Schlanser Magazin berichtet p\u00fcnktlich zur Feriensaison \u00fcber die sch\u00f6nsten Campingpl\u00e4tze an Spaniens Mittelmeerk\u00fcsten! \u2013 Alle Informationen zum Camping an Costa Brava \u2714 Costa Blanca \u2714\" \/>\n<meta name=\"robots\" content=\"noindex, follow\" \/>\n<meta property=\"og:locale\" content=\"de_DE\" \/>\n<meta property=\"og:type\" content=\"article\" \/>\n<meta property=\"og:title\" content=\"Camping in Spanien - Schlanser Magazin\" \/>\n<meta property=\"og:description\" content=\"Das Schlanser Magazin berichtet p\u00fcnktlich zur Feriensaison \u00fcber die sch\u00f6nsten Campingpl\u00e4tze an Spaniens Mittelmeerk\u00fcsten! \u2013 Alle Informationen zum Camping an Costa Brava \u2714 Costa Blanca \u2714\" \/>\n<meta property=\"og:url\" content=\"https:\/\/www.schlanser.ch\/magazin\/camping-in-spanien\/\" \/>\n<meta property=\"og:site_name\" content=\"Schlanser Magazin\" \/>\n<meta property=\"article:published_time\" content=\"2018-05-22T14:12:09+00:00\" \/>\n<meta property=\"article:modified_time\" content=\"2025-01-24T15:32:59+00:00\" \/>\n<meta property=\"og:image\" content=\"https:\/\/www.schlanser.ch\/magazin\/wp-content\/uploads\/2018\/05\/Spanien.jpg\" \/>\n\t<meta property=\"og:image:width\" content=\"660\" \/>\n\t<meta property=\"og:image:height\" content=\"241\" \/>\n\t<meta property=\"og:image:type\" content=\"image\/jpeg\" \/>\n<meta name=\"author\" content=\"admin\" \/>\n<meta name=\"twitter:card\" content=\"summary_large_image\" \/>\n<meta name=\"twitter:label1\" content=\"Verfasst von\" \/>\n\t<meta name=\"twitter:data1\" content=\"admin\" \/>\n\t<meta name=\"twitter:label2\" content=\"Gesch\u00e4tzte Lesezeit\" \/>\n\t<meta name=\"twitter:data2\" content=\"7 Minuten\" \/>\n<script type=\"application\/ld+json\" class=\"yoast-schema-graph\">{\"@context\":\"https:\/\/schema.org\",\"@graph\":[{\"@type\":\"WebPage\",\"@id\":\"https:\/\/www.schlanser.ch\/magazin\/camping-in-spanien\/\",\"url\":\"https:\/\/www.schlanser.ch\/magazin\/camping-in-spanien\/\",\"name\":\"Camping in Spanien - Schlanser Magazin\",\"isPartOf\":{\"@id\":\"https:\/\/www.schlanser.ch\/magazin\/#website\"},\"primaryImageOfPage\":{\"@id\":\"https:\/\/www.schlanser.ch\/magazin\/camping-in-spanien\/#primaryimage\"},\"image\":{\"@id\":\"https:\/\/www.schlanser.ch\/magazin\/camping-in-spanien\/#primaryimage\"},\"thumbnailUrl\":\"https:\/\/www.schlanser.ch\/magazin\/wp-content\/uploads\/2018\/05\/Spanien.jpg\",\"datePublished\":\"2018-05-22T14:12:09+00:00\",\"dateModified\":\"2025-01-24T15:32:59+00:00\",\"author\":{\"@id\":\"https:\/\/www.schlanser.ch\/magazin\/#\/schema\/person\/000db0a103eb2594ba3daf394b1dfea2\"},\"description\":\"Das Schlanser Magazin berichtet p\u00fcnktlich zur Feriensaison \u00fcber die sch\u00f6nsten Campingpl\u00e4tze an Spaniens Mittelmeerk\u00fcsten! \u2013 Alle Informationen zum Camping an Costa Brava \u2714 Costa Blanca \u2714\",\"breadcrumb\":{\"@id\":\"https:\/\/www.schlanser.ch\/magazin\/camping-in-spanien\/#breadcrumb\"},\"inLanguage\":\"de-DE\",\"potentialAction\":[{\"@type\":\"ReadAction\",\"target\":[\"https:\/\/www.schlanser.ch\/magazin\/camping-in-spanien\/\"]}]},{\"@type\":\"ImageObject\",\"inLanguage\":\"de-DE\",\"@id\":\"https:\/\/www.schlanser.ch\/magazin\/camping-in-spanien\/#primaryimage\",\"url\":\"https:\/\/www.schlanser.ch\/magazin\/wp-content\/uploads\/2018\/05\/Spanien.jpg\",\"contentUrl\":\"https:\/\/www.schlanser.ch\/magazin\/wp-content\/uploads\/2018\/05\/Spanien.jpg\",\"width\":660,\"height\":241,\"caption\":\"\u00a9 vulcanus \/ Fotolia.com\"},{\"@type\":\"BreadcrumbList\",\"@id\":\"https:\/\/www.schlanser.ch\/magazin\/camping-in-spanien\/#breadcrumb\",\"itemListElement\":[{\"@type\":\"ListItem\",\"position\":1,\"name\":\"Startseite\",\"item\":\"https:\/\/www.schlanser.ch\/magazin\/\"},{\"@type\":\"ListItem\",\"position\":2,\"name\":\"Camping in Spanien\"}]},{\"@type\":\"WebSite\",\"@id\":\"https:\/\/www.schlanser.ch\/magazin\/#website\",\"url\":\"https:\/\/www.schlanser.ch\/magazin\/\",\"name\":\"Schlanser Magazin\",\"description\":\"\",\"potentialAction\":[{\"@type\":\"SearchAction\",\"target\":{\"@type\":\"EntryPoint\",\"urlTemplate\":\"https:\/\/www.schlanser.ch\/magazin\/?s={search_term_string}\"},\"query-input\":\"required name=search_term_string\"}],\"inLanguage\":\"de-DE\"},{\"@type\":\"Person\",\"@id\":\"https:\/\/www.schlanser.ch\/magazin\/#\/schema\/person\/000db0a103eb2594ba3daf394b1dfea2\",\"name\":\"admin\",\"image\":{\"@type\":\"ImageObject\",\"inLanguage\":\"de-DE\",\"@id\":\"https:\/\/www.schlanser.ch\/magazin\/#\/schema\/person\/image\/\",\"url\":\"https:\/\/secure.gravatar.com\/avatar\/a794a4fe8a9b9c52241597eb381dfa2e?s=96&d=mm&r=g\",\"contentUrl\":\"https:\/\/secure.gravatar.com\/avatar\/a794a4fe8a9b9c52241597eb381dfa2e?s=96&d=mm&r=g\",\"caption\":\"admin\"}}]}<\/script>\n<!-- \/ Yoast SEO plugin. -->","yoast_head_json":{"title":"Camping in Spanien - Schlanser Magazin","description":"Das Schlanser Magazin berichtet p\u00fcnktlich zur Feriensaison \u00fcber die sch\u00f6nsten Campingpl\u00e4tze an Spaniens Mittelmeerk\u00fcsten! \u2013 Alle Informationen zum Camping an Costa Brava \u2714 Costa Blanca \u2714","robots":{"index":"noindex","follow":"follow"},"og_locale":"de_DE","og_type":"article","og_title":"Camping in Spanien - Schlanser Magazin","og_description":"Das Schlanser Magazin berichtet p\u00fcnktlich zur Feriensaison \u00fcber die sch\u00f6nsten Campingpl\u00e4tze an Spaniens Mittelmeerk\u00fcsten! \u2013 Alle Informationen zum Camping an Costa Brava \u2714 Costa Blanca \u2714","og_url":"https:\/\/www.schlanser.ch\/magazin\/camping-in-spanien\/","og_site_name":"Schlanser Magazin","article_published_time":"2018-05-22T14:12:09+00:00","article_modified_time":"2025-01-24T15:32:59+00:00","og_image":[{"width":660,"height":241,"url":"https:\/\/www.schlanser.ch\/magazin\/wp-content\/uploads\/2018\/05\/Spanien.jpg","type":"image\/jpeg"}],"author":"admin","twitter_card":"summary_large_image","twitter_misc":{"Verfasst von":"admin","Gesch\u00e4tzte Lesezeit":"7 Minuten"},"schema":{"@context":"https:\/\/schema.org","@graph":[{"@type":"WebPage","@id":"https:\/\/www.schlanser.ch\/magazin\/camping-in-spanien\/","url":"https:\/\/www.schlanser.ch\/magazin\/camping-in-spanien\/","name":"Camping in Spanien - Schlanser Magazin","isPartOf":{"@id":"https:\/\/www.schlanser.ch\/magazin\/#website"},"primaryImageOfPage":{"@id":"https:\/\/www.schlanser.ch\/magazin\/camping-in-spanien\/#primaryimage"},"image":{"@id":"https:\/\/www.schlanser.ch\/magazin\/camping-in-spanien\/#primaryimage"},"thumbnailUrl":"https:\/\/www.schlanser.ch\/magazin\/wp-content\/uploads\/2018\/05\/Spanien.jpg","datePublished":"2018-05-22T14:12:09+00:00","dateModified":"2025-01-24T15:32:59+00:00","author":{"@id":"https:\/\/www.schlanser.ch\/magazin\/#\/schema\/person\/000db0a103eb2594ba3daf394b1dfea2"},"description":"Das Schlanser Magazin berichtet p\u00fcnktlich zur Feriensaison \u00fcber die sch\u00f6nsten Campingpl\u00e4tze an Spaniens Mittelmeerk\u00fcsten! \u2013 Alle Informationen zum Camping an Costa Brava \u2714 Costa Blanca \u2714","breadcrumb":{"@id":"https:\/\/www.schlanser.ch\/magazin\/camping-in-spanien\/#breadcrumb"},"inLanguage":"de-DE","potentialAction":[{"@type":"ReadAction","target":["https:\/\/www.schlanser.ch\/magazin\/camping-in-spanien\/"]}]},{"@type":"ImageObject","inLanguage":"de-DE","@id":"https:\/\/www.schlanser.ch\/magazin\/camping-in-spanien\/#primaryimage","url":"https:\/\/www.schlanser.ch\/magazin\/wp-content\/uploads\/2018\/05\/Spanien.jpg","contentUrl":"https:\/\/www.schlanser.ch\/magazin\/wp-content\/uploads\/2018\/05\/Spanien.jpg","width":660,"height":241,"caption":"\u00a9 vulcanus \/ Fotolia.com"},{"@type":"BreadcrumbList","@id":"https:\/\/www.schlanser.ch\/magazin\/camping-in-spanien\/#breadcrumb","itemListElement":[{"@type":"ListItem","position":1,"name":"Startseite","item":"https:\/\/www.schlanser.ch\/magazin\/"},{"@type":"ListItem","position":2,"name":"Camping in Spanien"}]},{"@type":"WebSite","@id":"https:\/\/www.schlanser.ch\/magazin\/#website","url":"https:\/\/www.schlanser.ch\/magazin\/","name":"Schlanser Magazin","description":"","potentialAction":[{"@type":"SearchAction","target":{"@type":"EntryPoint","urlTemplate":"https:\/\/www.schlanser.ch\/magazin\/?s={search_term_string}"},"query-input":"required name=search_term_string"}],"inLanguage":"de-DE"},{"@type":"Person","@id":"https:\/\/www.schlanser.ch\/magazin\/#\/schema\/person\/000db0a103eb2594ba3daf394b1dfea2","name":"admin","image":{"@type":"ImageObject","inLanguage":"de-DE","@id":"https:\/\/www.schlanser.ch\/magazin\/#\/schema\/person\/image\/","url":"https:\/\/secure.gravatar.com\/avatar\/a794a4fe8a9b9c52241597eb381dfa2e?s=96&d=mm&r=g","contentUrl":"https:\/\/secure.gravatar.com\/avatar\/a794a4fe8a9b9c52241597eb381dfa2e?s=96&d=mm&r=g","caption":"admin"}}]}},"_links":{"self":[{"href":"https:\/\/www.schlanser.ch\/magazin\/wp-json\/wp\/v2\/posts\/4589"}],"collection":[{"href":"https:\/\/www.schlanser.ch\/magazin\/wp-json\/wp\/v2\/posts"}],"about":[{"href":"https:\/\/www.schlanser.ch\/magazin\/wp-json\/wp\/v2\/types\/post"}],"author":[{"embeddable":true,"href":"https:\/\/www.schlanser.ch\/magazin\/wp-json\/wp\/v2\/users\/1"}],"replies":[{"embeddable":true,"href":"https:\/\/www.schlanser.ch\/magazin\/wp-json\/wp\/v2\/comments?post=4589"}],"version-history":[{"count":10,"href":"https:\/\/www.schlanser.ch\/magazin\/wp-json\/wp\/v2\/posts\/4589\/revisions"}],"predecessor-version":[{"id":17020,"href":"https:\/\/www.schlanser.ch\/magazin\/wp-json\/wp\/v2\/posts\/4589\/revisions\/17020"}],"wp:featuredmedia":[{"embeddable":true,"href":"https:\/\/www.schlanser.ch\/magazin\/wp-json\/wp\/v2\/media\/4605"}],"wp:attachment":[{"href":"https:\/\/www.schlanser.ch\/magazin\/wp-json\/wp\/v2\/media?parent=4589"}],"wp:term":[{"taxonomy":"category","embeddable":true,"href":"https:\/\/www.schlanser.ch\/magazin\/wp-json\/wp\/v2\/categories?post=4589"},{"taxonomy":"post_tag","embeddable":true,"href":"https:\/\/www.schlanser.ch\/magazin\/wp-json\/wp\/v2\/tags?post=4589"}],"curies":[{"name":"wp","href":"https:\/\/api.w.org\/{rel}","templated":true}]}}