{"id":4659,"date":"2018-06-07T11:07:50","date_gmt":"2018-06-07T09:07:50","guid":{"rendered":"https:\/\/www.schlanser.ch\/magazin\/?p=4659"},"modified":"2024-01-10T14:45:24","modified_gmt":"2024-01-10T13:45:24","slug":"camping-am-meer","status":"publish","type":"post","link":"https:\/\/www.schlanser.ch\/magazin\/camping-am-meer\/","title":{"rendered":"Camping direkt am Meer"},"content":{"rendered":"<h2>\u00ab Schlanser pr\u00e4sentiert die sch\u00f6nsten Campingpl\u00e4tze mit Meeresrauschen und salziger Luft \u00bb<\/h2>\n<p style=\"text-align: justify;\"><strong>Ohne Zweifel hat die Schweiz sehr viele wundersch\u00f6ne Campingpl\u00e4tze zu bieten. Inmitten idyllischer Bergpanoramen l\u00e4sst sich auf jeden Fall eine erholsame Zeit verbringen. Doch manch einen zieht es an die Meeresk\u00fcste. Salzige Luft, sanfte Brisen, die Haar und Haut umschmeicheln, das Rauschen der Wellen und Sonnenbaden am Strand \u2013 f\u00fcr viele Menschen sind dies die idealtypischen Ferien. Gerade Europa hat viele M\u00f6glichkeiten, um Camping direkt am Meer zu betreiben.<\/strong><\/p>\n<h2>Auf taugliche Ausr\u00fcstung achten<\/h2>\n<p style=\"text-align: justify;\">Gerade beim Camping direkt am Meer lohnt es sich, ausreichend informiert an den Start zu gehen. Jeder Untergrund erfordert andere Befestigungsmittel.<\/p>\n<p><img loading=\"lazy\" decoding=\"async\" class=\"aligncenter wp-image-4665 size-full\" title=\"Strandstuhl von Beachline | stabiles Gest\u00e4nge aus Stahlrohr | gepolsterte Armlehnen | robustes Material\" src=\"https:\/\/www.schlanser.ch\/magazin\/wp-content\/uploads\/2018\/07\/beachline-strandstuhl.jpg\" alt=\"beachline-strandstuhl\" width=\"600\" height=\"600\" srcset=\"https:\/\/www.schlanser.ch\/magazin\/wp-content\/uploads\/2018\/07\/beachline-strandstuhl.jpg 600w, https:\/\/www.schlanser.ch\/magazin\/wp-content\/uploads\/2018\/07\/beachline-strandstuhl-150x150.jpg 150w, https:\/\/www.schlanser.ch\/magazin\/wp-content\/uploads\/2018\/07\/beachline-strandstuhl-300x300.jpg 300w\" sizes=\"(max-width: 600px) 100vw, 600px\" \/><\/p>\n<p style=\"text-align: justify;\">Sandheringe brauchen Sie beispielsweise f\u00fcr den Strand und die <a href=\"https:\/\/www.schlanser.ch\/moebel\/campingmoebel\/campingstuehle\/\">Campingst\u00fchle<\/a> m\u00fcssen selbst in Kies sicher stehen. Allrounder versprechen gute Ergebnisse, doch angesichts der Kr\u00e4fte der Natur, die in K\u00fcstenbereichen vorherrschen k\u00f6nnen, ist Spezialausstattung empfehlenswert.<\/p>\n<p><img loading=\"lazy\" decoding=\"async\" class=\"aligncenter wp-image-4667 size-full\" title=\"Basic-Strandmuschel | ideal als Sonnen-, Sicht- und Windschutz | PE-Boden sch\u00fctzt vor Feuchtigkeit und Schmutz\" src=\"https:\/\/www.schlanser.ch\/magazin\/wp-content\/uploads\/2018\/07\/strandmuschel-basic.jpg\" alt=\"strandmuschel-basic\" width=\"600\" height=\"375\" srcset=\"https:\/\/www.schlanser.ch\/magazin\/wp-content\/uploads\/2018\/07\/strandmuschel-basic.jpg 600w, https:\/\/www.schlanser.ch\/magazin\/wp-content\/uploads\/2018\/07\/strandmuschel-basic-300x188.jpg 300w\" sizes=\"(max-width: 600px) 100vw, 600px\" \/><\/p>\n<p style=\"text-align: justify;\">Auch in Hinblick auf <a href=\"https:\/\/www.schlanser.ch\/outdoor-freizeit\/wind-sonnenschutz\/\">Windschutz und Sonnenschutz<\/a> gilt es, einige Vorkehrungen zu treffen. Stellen Sie ausserdem sicher, dass das <a href=\"https:\/\/www.schlanser.ch\/fahrzeug\/wohnwagen-wohnmobil-zubehoer\/\">Zubeh\u00f6r f\u00fcr Ihr Wohnmobil oder Ihren Wohnwagen<\/a> vollst\u00e4ndig ist.<\/p>\n<h2>An welche Meeresk\u00fcste in Europa soll es gehen?<\/h2>\n<p style=\"text-align: justify;\">Sie haben wahrlich die Qual der Wahl, denn in Europa finden sich so viele sch\u00f6ne Fleckchen, an denen sich einige herrliche Tage erleben lassen. Das Mittelmeer liegt der Schweiz am n\u00e4chsten. Spanien, Italien, Kroatien, Frankreich und weitere L\u00e4nder mehr bilden seine K\u00fcsten. Der Atlantik, der den europ\u00e4ischen Kontinent mit allen Weltmeeren verbindet, st\u00f6sst in Frankreich, Spanien, Portugal und Skandinavien auf Land. Im Norden wartet das Wattenmeer mit seinem starken Tidenhub. Auch an der Ostsee gibt es etliche M\u00f6glichkeiten f\u00fcr Camping am Meer.<\/p>\n<p style=\"text-align: justify;\">Wo soll es jetzt also hingehen?<\/p>\n<h2>Venedig \u2013 Perle Italiens<\/h2>\n<p style=\"text-align: justify;\">Zahlreiche Ferienziele in Italien sind so stark frequentiert, dass die Verantwortlichen vor Ort nach L\u00f6sungen suchen, die Tourismus und Umweltschutz in Einklang bringen. Im wundersch\u00f6nen Venedig ist deshalb schon seit vielen Jahren die Zufahrt f\u00fcr Besucher gesperrt.<\/p>\n<p style=\"text-align: justify;\">Alternativ verbringen Sie Ihren Campingurlaub zum Beispiel auf einem der 10 Pl\u00e4tze in der Gemeinde Cavallino auf einer Landzunge vor der Lagune Venedigs. Fr\u00fches Buchen sichert beste Pl\u00e4tze, wenn Sie l\u00e4nger bleiben wollen.<\/p>\n<figure id=\"attachment_4670\" aria-describedby=\"caption-attachment-4670\" style=\"width: 600px\" class=\"wp-caption aligncenter\"><img loading=\"lazy\" decoding=\"async\" class=\"wp-image-4670 size-full\" title=\"Abendstimmung am Strand | Cavallino, Italien\" src=\"https:\/\/www.schlanser.ch\/magazin\/wp-content\/uploads\/2018\/07\/Abendstimmung-am-Strand-Cavallino.jpg\" alt=\"Abendstimmung am Strand Cavallino\" width=\"600\" height=\"401\" srcset=\"https:\/\/www.schlanser.ch\/magazin\/wp-content\/uploads\/2018\/07\/Abendstimmung-am-Strand-Cavallino.jpg 600w, https:\/\/www.schlanser.ch\/magazin\/wp-content\/uploads\/2018\/07\/Abendstimmung-am-Strand-Cavallino-300x201.jpg 300w, https:\/\/www.schlanser.ch\/magazin\/wp-content\/uploads\/2018\/07\/Abendstimmung-am-Strand-Cavallino-110x75.jpg 110w\" sizes=\"(max-width: 600px) 100vw, 600px\" \/><figcaption id=\"caption-attachment-4670\" class=\"wp-caption-text\">\u00a9 lehvis \/ Fotolia.com<\/figcaption><\/figure>\n<h2>Kroatien: Istrien und die Kvarner Bucht<\/h2>\n<p style=\"text-align: justify;\">Im Mittelmeer vor Kroatien ziehen noch Wale am Strand vorbei und die Natur grosser Teile des Hinterlandes ist noch intakt. F\u00fcr Ferien an der See gelangen zun\u00e4chst die beliebten Inseln der Kvarner Bucht in die engere Wahl. Alle gr\u00f6sseren Inseln bieten auch verschiedene Campingpl\u00e4tze an. Die Halbinsel Istrien wartet mit sch\u00f6nen Pl\u00e4tzen auf, an denen Sie Camping direkt am Meer geniessen k\u00f6nnen. Einige Pl\u00e4tze sprechen auch Liebhaber der Freik\u00f6rperkultur an.<\/p>\n<p style=\"text-align: justify;\">Etwas rarer sind die M\u00f6glichkeiten an der \u00f6stlichen K\u00fcste Istriens ges\u00e4t. Kroatische Camps offerieren zudem Mietobjekte, h\u00e4ufig in bester Lage und verglichen mit anderen europ\u00e4ischen L\u00e4ndern relativ preiswert.<\/p>\n<figure id=\"attachment_4673\" aria-describedby=\"caption-attachment-4673\" style=\"width: 600px\" class=\"wp-caption aligncenter\"><img loading=\"lazy\" decoding=\"async\" class=\"wp-image-4673 size-full\" title=\"Strand in Crikvenica | Kvarner Bucht, Kroatien\" src=\"https:\/\/www.schlanser.ch\/magazin\/wp-content\/uploads\/2018\/07\/Strand-in-Crikvenica-Kvarner-Bucht.jpg\" alt=\"Strand in Crikvenica Kvarner Bucht\" width=\"600\" height=\"400\" srcset=\"https:\/\/www.schlanser.ch\/magazin\/wp-content\/uploads\/2018\/07\/Strand-in-Crikvenica-Kvarner-Bucht.jpg 600w, https:\/\/www.schlanser.ch\/magazin\/wp-content\/uploads\/2018\/07\/Strand-in-Crikvenica-Kvarner-Bucht-300x200.jpg 300w\" sizes=\"(max-width: 600px) 100vw, 600px\" \/><figcaption id=\"caption-attachment-4673\" class=\"wp-caption-text\">\u00a9 Valery Bareta \/ Fotolia.com<\/figcaption><\/figure>\n<h2>Erholung in Spanien<\/h2>\n<h3>Spaniens raue K\u00fcste am atlantischen Ozean<\/h3>\n<p style=\"text-align: justify;\">Nordspaniens Atlantikk\u00fcste beschr\u00e4nkt sich auf einen kleinen K\u00fcstenabschnitt in Galicien. Alle anderen nordspanischen Gemeinden liegen an der Biskaya, einer Bucht des Atlantiks, die f\u00fcr angenehm warmes Klima sorgt. Nahe Bilbao finden Sie eine Aufstellm\u00f6glichkeit f\u00fcr Wohnwagen oder Wohnmobil. Zwar nicht in unmittelbarer N\u00e4he zum Meer, daf\u00fcr aber gesch\u00fctzt vor dem mitunter heftigen Wind rund 10 Minuten vom Strand entfernt.<\/p>\n<p style=\"text-align: justify;\">Der ordentlich ausgebaute Weg ist auch f\u00fcr Personen zu bew\u00e4ltigen, die nicht gut zu Fuss sind. Kinder freuen sich \u00fcber eine Mitfahrt im Bollerwagen, der auch <a href=\"https:\/\/www.schlanser.ch\/outdoor-freizeit\/spielzeug\/\">Strandspielzeug<\/a> und Sonnenschutz transportiert.<\/p>\n<p><a href=\"https:\/\/www.schlanser.ch\/outdoor-freizeit\/wasserwelt\/bootszubehoer\/33137\/berger-bollerwagen-beach\"><img loading=\"lazy\" decoding=\"async\" class=\"aligncenter wp-image-4676 size-full\" title=\"Beach-Bollerwagen von Berger | belastbar 100 kg | kleines Packma\u00df | inkl. Schutzh\u00fclle | abnehmbarer Griff\" src=\"https:\/\/www.schlanser.ch\/magazin\/wp-content\/uploads\/2018\/07\/berger-bollerwagen-beach.jpg\" alt=\"berger-bollerwagen-beach\" width=\"600\" height=\"375\" srcset=\"https:\/\/www.schlanser.ch\/magazin\/wp-content\/uploads\/2018\/07\/berger-bollerwagen-beach.jpg 600w, https:\/\/www.schlanser.ch\/magazin\/wp-content\/uploads\/2018\/07\/berger-bollerwagen-beach-300x188.jpg 300w\" sizes=\"(max-width: 600px) 100vw, 600px\" \/><\/a><\/p>\n<h3>Spaniens Mittelmeerstr\u00e4nde<\/h3>\n<p style=\"text-align: justify;\">An der Mittelmeerk\u00fcste ist die Auswahl f\u00fcr Camping am Meer ungleich gr\u00f6sser. An vielen K\u00fcstenabschnitten stellt sich nicht die Frage, wo Sie Campingpl\u00e4tze direkt am Strand entdecken, sondern ob noch Stellpl\u00e4tze frei sind. Abseits der Touristenhochburgen an der Costa Blanca oder der Costa Brava sind die Chancen deutlich besser.<\/p>\n<p style=\"text-align: justify;\">Die Balearen sind zwar dank exzellenter F\u00e4hrverbindungen leicht erreichbar, aber nicht auf Camper eingestellt. Das Meer in Sichtweite geniessen Sie beispielsweise beim Camping Sureuropa, von wo aus es nur noch ein Katzensprung ist bis Gibraltar.<\/p>\n<figure id=\"attachment_4681\" aria-describedby=\"caption-attachment-4681\" style=\"width: 600px\" class=\"wp-caption aligncenter\"><img loading=\"lazy\" decoding=\"async\" class=\"wp-image-4681 size-full\" title=\"Costa Brava | Spanien\" src=\"https:\/\/www.schlanser.ch\/magazin\/wp-content\/uploads\/2018\/07\/Costa-Brava.jpg\" alt=\"Costa Brava\" width=\"600\" height=\"402\" srcset=\"https:\/\/www.schlanser.ch\/magazin\/wp-content\/uploads\/2018\/07\/Costa-Brava.jpg 600w, https:\/\/www.schlanser.ch\/magazin\/wp-content\/uploads\/2018\/07\/Costa-Brava-300x201.jpg 300w, https:\/\/www.schlanser.ch\/magazin\/wp-content\/uploads\/2018\/07\/Costa-Brava-110x75.jpg 110w\" sizes=\"(max-width: 600px) 100vw, 600px\" \/><figcaption id=\"caption-attachment-4681\" class=\"wp-caption-text\">\u00a9 Unclesam \/ Fotolia.com<\/figcaption><\/figure>\n<h2>Malerische K\u00fcsten in Portugal<\/h2>\n<p style=\"text-align: justify;\">Wer nicht so weit nach S\u00fcden will, kann sich entlang der Atlantikk\u00fcste Portugals umschauen. Im Norden des Landes liegen die Pl\u00e4tze noch weit auseinander. Nur durch eine Strasse vom Strand getrennt liegt zum Beispiel der Campingplatz Marisol. Sollte dort alles besetzt sein, versuchen Sie es ein paar Kilometer s\u00fcdlicher im Furadouro Park, der ausser an den Atlantischen Ozean auch an ein ausgedehntes Waldgebiet angrenzt. Weiter im S\u00fcden h\u00e4ufen sich die Campingpl\u00e4tze. Hier sind Wind und Wellen f\u00fcr Surfer besonders verlockend.<\/p>\n<figure id=\"attachment_4683\" aria-describedby=\"caption-attachment-4683\" style=\"width: 600px\" class=\"wp-caption aligncenter\"><img loading=\"lazy\" decoding=\"async\" class=\"wp-image-4683 size-full\" title=\"Ponta de S\u00e3o Jorge an der Ozeank\u00fcste | Portugal\" src=\"https:\/\/www.schlanser.ch\/magazin\/wp-content\/uploads\/2018\/07\/Sao-Jorge-an-der-Ozeankueste-Portugal.jpg\" alt=\"Sao Jorge an der Ozeankueste Portugal\" width=\"600\" height=\"430\" srcset=\"https:\/\/www.schlanser.ch\/magazin\/wp-content\/uploads\/2018\/07\/Sao-Jorge-an-der-Ozeankueste-Portugal.jpg 600w, https:\/\/www.schlanser.ch\/magazin\/wp-content\/uploads\/2018\/07\/Sao-Jorge-an-der-Ozeankueste-Portugal-300x215.jpg 300w\" sizes=\"(max-width: 600px) 100vw, 600px\" \/><figcaption id=\"caption-attachment-4683\" class=\"wp-caption-text\">\u00a9 cristianbalate \/ Fotolia.com<\/figcaption><\/figure>\n<h2>Maritimes Camping in Frankreich<\/h2>\n<h3>Die franz\u00f6sische Atlantikk\u00fcste<\/h3>\n<p style=\"text-align: justify;\">Die Situation bei unseren franz\u00f6sischen Nachbarn ist vergleichbar mit der in Spanien: Am Atlantik gibt es weniger Campingoptionen. Trotzdem k\u00f6nnen Sie hier f\u00fcr einen Abstecher vorbeikommen und die die raue K\u00fcste der Bretagne geniessen. Zum Beispiel bietet sich Camping am Meer auf dem Campingplatz Anse du Brick an, der gesch\u00fctzt in einer kleinen Bucht liegt. Ebenso ist der Platz Le Grand Large mit seinem weitl\u00e4ufigen Strand eine Empfehlung wert. Weiter nach S\u00fcden hin erleben Sie die Biskaya gleich hinter der Gironde-M\u00fcndung in Hourtin-plage in einer baumbestandenen Anlage mit einem Aquapark in der Nachbarschaft.<\/p>\n<figure id=\"attachment_4687\" aria-describedby=\"caption-attachment-4687\" style=\"width: 600px\" class=\"wp-caption aligncenter\"><img loading=\"lazy\" decoding=\"async\" class=\"wp-image-4687 size-full\" title=\"Pointe de Penhir | Frankreich\" src=\"https:\/\/www.schlanser.ch\/magazin\/wp-content\/uploads\/2018\/07\/Pointe-de-Penhir.jpg\" alt=\"Pointe de Penhir\" width=\"600\" height=\"349\" srcset=\"https:\/\/www.schlanser.ch\/magazin\/wp-content\/uploads\/2018\/07\/Pointe-de-Penhir.jpg 600w, https:\/\/www.schlanser.ch\/magazin\/wp-content\/uploads\/2018\/07\/Pointe-de-Penhir-300x175.jpg 300w\" sizes=\"(max-width: 600px) 100vw, 600px\" \/><figcaption id=\"caption-attachment-4687\" class=\"wp-caption-text\">\u00a9 Fotoschlick \/ Fotolia.com<\/figcaption><\/figure>\n<h3>Frankreich am Mittelmeer<\/h3>\n<p style=\"text-align: justify;\">Wo die Reichen und Sch\u00f6nen ihre Ferien geniessen, sind auch Camper hervorragend untergebracht. Nahe von Cannes und Saint-Tropez sind einige Campingpl\u00e4tze am gleichnamigen Golf gelegen. Weiter s\u00fcdlich finden Sie Unterkunft zum Beispiel auf der schmalen Landzunge vor der Lagune Bassin de Thau. Gleich mehrere Pl\u00e4tze reihen sich hier aneinander. \u00c4hnlich exklusiv stehen Sie auf dem Campingplatz Olbia in Hy\u00e8res. Marseille und Nizza sind nicht weit.<\/p>\n<figure id=\"attachment_4699\" aria-describedby=\"caption-attachment-4699\" style=\"width: 600px\" class=\"wp-caption aligncenter\"><img loading=\"lazy\" decoding=\"async\" class=\"wp-image-4699 size-full\" title=\"Hy\u00e8res Strand an der Mittelmeerk\u00fcste | Frankreich\" src=\"https:\/\/www.schlanser.ch\/magazin\/wp-content\/uploads\/2018\/07\/Hyeres-Strand-Mittelmeerkueste-Frankreich.jpg\" alt=\"Hyeres Strand Mittelmeerkueste Frankreich\" width=\"600\" height=\"400\" srcset=\"https:\/\/www.schlanser.ch\/magazin\/wp-content\/uploads\/2018\/07\/Hyeres-Strand-Mittelmeerkueste-Frankreich.jpg 600w, https:\/\/www.schlanser.ch\/magazin\/wp-content\/uploads\/2018\/07\/Hyeres-Strand-Mittelmeerkueste-Frankreich-300x200.jpg 300w\" sizes=\"(max-width: 600px) 100vw, 600px\" \/><figcaption id=\"caption-attachment-4699\" class=\"wp-caption-text\">\u00a9 Jonathan Stutz \/ Fotolia.com<\/figcaption><\/figure>\n<h2>Hoch im Norden<\/h2>\n<p style=\"text-align: justify;\">An der Nordsee fallen die Wetterbedingungen eher gem\u00e4ssigt aus, dennoch lassen sich hier wunderbare Tage verbringen. Denn nur bei sehr schlechtem Wetter bilden sich haushohe Brecher. Die Nordsee ist insbesondere f\u00fcr ihr Wattenmeer bekannt.<\/p>\n<p style=\"text-align: justify;\">Wer zum ersten Mal dorthin kommt, kann wom\u00f6glich das Wasser vermissen. Vermutlich herrscht hier gerade Ebbe und Sie k\u00f6nnen stundenlang \u00fcber das Watt wandern. Bitte unternehmen Sie Ausfl\u00fcge ins Wattenmeer jedoch stets in Begleitung eines kundigen F\u00fchrers, da die Macht der einsetzenden Flut lebensgef\u00e4hrlich ist. Weiter n\u00f6rdlich in D\u00e4nemark erleben Sie eine ansprechende D\u00fcnenlandschaft in sanften Farben. Sandstrand ist fast \u00fcberall garantiert.<\/p>\n<figure id=\"attachment_4692\" aria-describedby=\"caption-attachment-4692\" style=\"width: 600px\" class=\"wp-caption aligncenter\"><img loading=\"lazy\" decoding=\"async\" class=\"wp-image-4692 size-full\" title=\"Sonnenuntergang an der d\u00e4nischen Nordseek\u00fcste | D\u00e4nemark\" src=\"https:\/\/www.schlanser.ch\/magazin\/wp-content\/uploads\/2018\/07\/Sonnenuntergang-daenische-Nordseekueste.jpg\" alt=\"Sonnenuntergang daenische Nordseekueste\" width=\"600\" height=\"401\" srcset=\"https:\/\/www.schlanser.ch\/magazin\/wp-content\/uploads\/2018\/07\/Sonnenuntergang-daenische-Nordseekueste.jpg 600w, https:\/\/www.schlanser.ch\/magazin\/wp-content\/uploads\/2018\/07\/Sonnenuntergang-daenische-Nordseekueste-300x201.jpg 300w, https:\/\/www.schlanser.ch\/magazin\/wp-content\/uploads\/2018\/07\/Sonnenuntergang-daenische-Nordseekueste-110x75.jpg 110w\" sizes=\"(max-width: 600px) 100vw, 600px\" \/><figcaption id=\"caption-attachment-4692\" class=\"wp-caption-text\">\u00a9 Florian Kunde \/ Fotolia.com<\/figcaption><\/figure>\n<h2>An der Ostsee in Richtung Sonnenaufgang<\/h2>\n<p style=\"text-align: justify;\">Friedlich zeigt sich das Baltische Meer an seinen K\u00fcsten, die bis nach Skandinavien reichen. Richtung Osten formt der Wind die Landschaft. Mitgerissener Sand f\u00fchrt zu Ablagerungen vor der eigentlichen K\u00fcstenlinie, den sogenannten Nehrungen. Wer hier einen entspannten Tag am Strand erleben will, wird an rund neun von zehn Tagen froh sein, einen Windschutz dabei zu haben.<\/p>\n<p style=\"text-align: justify;\">Daf\u00fcr ist die K\u00fcste sehr abwechslungsreich: von naturbelassen bis mond\u00e4n. Ausreichend Zeit vorausgesetzt, k\u00f6nnen Sie die Ostsee sogar umrunden und Camping am Meer auf vielf\u00e4ltige Weise erleben. Das Binnenmeer ist n\u00e4mlich nur \u00fcber eine schmale Meerenge am Skagerrak in D\u00e4nemark mit der Nordsee verbunden.<\/p>\n<figure id=\"attachment_4697\" aria-describedby=\"caption-attachment-4697\" style=\"width: 600px\" class=\"wp-caption aligncenter\"><img loading=\"lazy\" decoding=\"async\" class=\"wp-image-4697 size-full\" title=\"Sonnenaufgang am Timmendorfer Strand | Ostsee, Deutschland\" src=\"https:\/\/www.schlanser.ch\/magazin\/wp-content\/uploads\/2018\/07\/Sonnenaufgang-Timmendorfer-Strand-Ostsee.jpg\" alt=\"Sonnenaufgang Timmendorfer Strand Ostsee\" width=\"600\" height=\"300\" srcset=\"https:\/\/www.schlanser.ch\/magazin\/wp-content\/uploads\/2018\/07\/Sonnenaufgang-Timmendorfer-Strand-Ostsee.jpg 600w, https:\/\/www.schlanser.ch\/magazin\/wp-content\/uploads\/2018\/07\/Sonnenaufgang-Timmendorfer-Strand-Ostsee-300x150.jpg 300w\" sizes=\"(max-width: 600px) 100vw, 600px\" \/><figcaption id=\"caption-attachment-4697\" class=\"wp-caption-text\">\u00a9 Benno Hoff \/ Fotolia.com<\/figcaption><\/figure>\n<h2>Camping direkt am Meer geniessen: Wir w\u00fcnschen erholsame Ferien<\/h2>\n<p style=\"text-align: justify;\">Wo soll es in denn in den n\u00e4chsten Ferien hingehen? Nord- oder Ostsee? Oder m\u00f6chten Sie lieber in den Genuss des mediterranen Klimas kommen? Lassen Sie sich von unseren Tipps inspirieren. Die K\u00fcsten Europas haben so viele M\u00f6glichkeiten f\u00fcr erlebnisreiche Campingurlaube zu bieten und halten zahlreiche grosse und kleine Campingpl\u00e4tze bereit \u2013 ganz egal, ob Sie nur mit Auto und <a href=\"https:\/\/www.schlanser.ch\/zelte\/\">Zelt<\/a> oder in Ihrem komfortabel ausgestatteten Wohnwagen unterwegs sind.<\/p>\n","protected":false},"excerpt":{"rendered":"<p>\u00ab Schlanser pr\u00e4sentiert die sch\u00f6nsten Campingpl\u00e4tze mit Meeresrauschen und salziger Luft \u00bb Ohne Zweifel hat die Schweiz sehr viele wundersch\u00f6ne Campingpl\u00e4tze zu bieten. Inmitten idyllischer Bergpanoramen l\u00e4sst sich auf jeden Fall eine erholsame Zeit verbringen. Doch manch einen zieht es an die Meeresk\u00fcste. Salzige Luft, sanfte Brisen, die Haar und Haut umschmeicheln, das Rauschen der &hellip;<\/p>\n","protected":false},"author":1,"featured_media":4675,"comment_status":"closed","ping_status":"open","sticky":false,"template":"","format":"standard","meta":{"footnotes":""},"categories":[3],"tags":[466,201,197,611,288,610,254,319,256,431,225,603,604,608,229,609],"yoast_head":"<!-- This site is optimized with the Yoast SEO plugin v22.2 - https:\/\/yoast.com\/wordpress\/plugins\/seo\/ -->\n<title>Camping direkt am Meer - Schlanser Magazin<\/title>\n<meta name=\"description\" content=\"Camping am Meer ist ein tolles Erlebnis! \u2013 Das Schlanser Magazin stellt die sch\u00f6nsten Campingm\u00f6glichkeiten vor \u2714 gibt Tipps zur Vorbereitung \u2714\" \/>\n<meta name=\"robots\" content=\"index, follow, max-snippet:-1, max-image-preview:large, max-video-preview:-1\" \/>\n<link rel=\"canonical\" href=\"https:\/\/www.schlanser.ch\/magazin\/camping-am-meer\/\" \/>\n<meta property=\"og:locale\" content=\"de_DE\" \/>\n<meta property=\"og:type\" content=\"article\" \/>\n<meta property=\"og:title\" content=\"Camping direkt am Meer - Schlanser Magazin\" \/>\n<meta property=\"og:description\" content=\"Camping am Meer ist ein tolles Erlebnis! \u2013 Das Schlanser Magazin stellt die sch\u00f6nsten Campingm\u00f6glichkeiten vor \u2714 gibt Tipps zur Vorbereitung \u2714\" \/>\n<meta property=\"og:url\" content=\"https:\/\/www.schlanser.ch\/magazin\/camping-am-meer\/\" \/>\n<meta property=\"og:site_name\" content=\"Schlanser Magazin\" \/>\n<meta property=\"article:published_time\" content=\"2018-06-07T09:07:50+00:00\" \/>\n<meta property=\"article:modified_time\" content=\"2024-01-10T13:45:24+00:00\" \/>\n<meta property=\"og:image\" content=\"https:\/\/www.schlanser.ch\/magazin\/wp-content\/uploads\/2018\/07\/Camping-direkt-am-Meer.jpg\" \/>\n\t<meta property=\"og:image:width\" content=\"800\" \/>\n\t<meta property=\"og:image:height\" content=\"575\" \/>\n\t<meta property=\"og:image:type\" content=\"image\/jpeg\" \/>\n<meta name=\"author\" content=\"admin\" \/>\n<meta name=\"twitter:card\" content=\"summary_large_image\" \/>\n<meta name=\"twitter:label1\" content=\"Verfasst von\" \/>\n\t<meta name=\"twitter:data1\" content=\"admin\" \/>\n\t<meta name=\"twitter:label2\" content=\"Gesch\u00e4tzte Lesezeit\" \/>\n\t<meta name=\"twitter:data2\" content=\"7 Minuten\" \/>\n<script type=\"application\/ld+json\" class=\"yoast-schema-graph\">{\"@context\":\"https:\/\/schema.org\",\"@graph\":[{\"@type\":\"WebPage\",\"@id\":\"https:\/\/www.schlanser.ch\/magazin\/camping-am-meer\/\",\"url\":\"https:\/\/www.schlanser.ch\/magazin\/camping-am-meer\/\",\"name\":\"Camping direkt am Meer - Schlanser Magazin\",\"isPartOf\":{\"@id\":\"https:\/\/www.schlanser.ch\/magazin\/#website\"},\"primaryImageOfPage\":{\"@id\":\"https:\/\/www.schlanser.ch\/magazin\/camping-am-meer\/#primaryimage\"},\"image\":{\"@id\":\"https:\/\/www.schlanser.ch\/magazin\/camping-am-meer\/#primaryimage\"},\"thumbnailUrl\":\"https:\/\/www.schlanser.ch\/magazin\/wp-content\/uploads\/2018\/07\/Camping-direkt-am-Meer.jpg\",\"datePublished\":\"2018-06-07T09:07:50+00:00\",\"dateModified\":\"2024-01-10T13:45:24+00:00\",\"author\":{\"@id\":\"https:\/\/www.schlanser.ch\/magazin\/#\/schema\/person\/000db0a103eb2594ba3daf394b1dfea2\"},\"description\":\"Camping am Meer ist ein tolles Erlebnis! \u2013 Das Schlanser Magazin stellt die sch\u00f6nsten Campingm\u00f6glichkeiten vor \u2714 gibt Tipps zur Vorbereitung \u2714\",\"breadcrumb\":{\"@id\":\"https:\/\/www.schlanser.ch\/magazin\/camping-am-meer\/#breadcrumb\"},\"inLanguage\":\"de-DE\",\"potentialAction\":[{\"@type\":\"ReadAction\",\"target\":[\"https:\/\/www.schlanser.ch\/magazin\/camping-am-meer\/\"]}]},{\"@type\":\"ImageObject\",\"inLanguage\":\"de-DE\",\"@id\":\"https:\/\/www.schlanser.ch\/magazin\/camping-am-meer\/#primaryimage\",\"url\":\"https:\/\/www.schlanser.ch\/magazin\/wp-content\/uploads\/2018\/07\/Camping-direkt-am-Meer.jpg\",\"contentUrl\":\"https:\/\/www.schlanser.ch\/magazin\/wp-content\/uploads\/2018\/07\/Camping-direkt-am-Meer.jpg\",\"width\":800,\"height\":575,\"caption\":\"\u00a9 sea and sun \/ Fotolia.com\"},{\"@type\":\"BreadcrumbList\",\"@id\":\"https:\/\/www.schlanser.ch\/magazin\/camping-am-meer\/#breadcrumb\",\"itemListElement\":[{\"@type\":\"ListItem\",\"position\":1,\"name\":\"Startseite\",\"item\":\"https:\/\/www.schlanser.ch\/magazin\/\"},{\"@type\":\"ListItem\",\"position\":2,\"name\":\"Camping direkt am Meer\"}]},{\"@type\":\"WebSite\",\"@id\":\"https:\/\/www.schlanser.ch\/magazin\/#website\",\"url\":\"https:\/\/www.schlanser.ch\/magazin\/\",\"name\":\"Schlanser Magazin\",\"description\":\"\",\"potentialAction\":[{\"@type\":\"SearchAction\",\"target\":{\"@type\":\"EntryPoint\",\"urlTemplate\":\"https:\/\/www.schlanser.ch\/magazin\/?s={search_term_string}\"},\"query-input\":\"required name=search_term_string\"}],\"inLanguage\":\"de-DE\"},{\"@type\":\"Person\",\"@id\":\"https:\/\/www.schlanser.ch\/magazin\/#\/schema\/person\/000db0a103eb2594ba3daf394b1dfea2\",\"name\":\"admin\",\"image\":{\"@type\":\"ImageObject\",\"inLanguage\":\"de-DE\",\"@id\":\"https:\/\/www.schlanser.ch\/magazin\/#\/schema\/person\/image\/\",\"url\":\"https:\/\/secure.gravatar.com\/avatar\/a794a4fe8a9b9c52241597eb381dfa2e?s=96&d=mm&r=g\",\"contentUrl\":\"https:\/\/secure.gravatar.com\/avatar\/a794a4fe8a9b9c52241597eb381dfa2e?s=96&d=mm&r=g\",\"caption\":\"admin\"}}]}<\/script>\n<!-- \/ Yoast SEO plugin. -->","yoast_head_json":{"title":"Camping direkt am Meer - Schlanser Magazin","description":"Camping am Meer ist ein tolles Erlebnis! \u2013 Das Schlanser Magazin stellt die sch\u00f6nsten Campingm\u00f6glichkeiten vor \u2714 gibt Tipps zur Vorbereitung \u2714","robots":{"index":"index","follow":"follow","max-snippet":"max-snippet:-1","max-image-preview":"max-image-preview:large","max-video-preview":"max-video-preview:-1"},"canonical":"https:\/\/www.schlanser.ch\/magazin\/camping-am-meer\/","og_locale":"de_DE","og_type":"article","og_title":"Camping direkt am Meer - Schlanser Magazin","og_description":"Camping am Meer ist ein tolles Erlebnis! \u2013 Das Schlanser Magazin stellt die sch\u00f6nsten Campingm\u00f6glichkeiten vor \u2714 gibt Tipps zur Vorbereitung \u2714","og_url":"https:\/\/www.schlanser.ch\/magazin\/camping-am-meer\/","og_site_name":"Schlanser Magazin","article_published_time":"2018-06-07T09:07:50+00:00","article_modified_time":"2024-01-10T13:45:24+00:00","og_image":[{"width":800,"height":575,"url":"https:\/\/www.schlanser.ch\/magazin\/wp-content\/uploads\/2018\/07\/Camping-direkt-am-Meer.jpg","type":"image\/jpeg"}],"author":"admin","twitter_card":"summary_large_image","twitter_misc":{"Verfasst von":"admin","Gesch\u00e4tzte Lesezeit":"7 Minuten"},"schema":{"@context":"https:\/\/schema.org","@graph":[{"@type":"WebPage","@id":"https:\/\/www.schlanser.ch\/magazin\/camping-am-meer\/","url":"https:\/\/www.schlanser.ch\/magazin\/camping-am-meer\/","name":"Camping direkt am Meer - Schlanser Magazin","isPartOf":{"@id":"https:\/\/www.schlanser.ch\/magazin\/#website"},"primaryImageOfPage":{"@id":"https:\/\/www.schlanser.ch\/magazin\/camping-am-meer\/#primaryimage"},"image":{"@id":"https:\/\/www.schlanser.ch\/magazin\/camping-am-meer\/#primaryimage"},"thumbnailUrl":"https:\/\/www.schlanser.ch\/magazin\/wp-content\/uploads\/2018\/07\/Camping-direkt-am-Meer.jpg","datePublished":"2018-06-07T09:07:50+00:00","dateModified":"2024-01-10T13:45:24+00:00","author":{"@id":"https:\/\/www.schlanser.ch\/magazin\/#\/schema\/person\/000db0a103eb2594ba3daf394b1dfea2"},"description":"Camping am Meer ist ein tolles Erlebnis! \u2013 Das Schlanser Magazin stellt die sch\u00f6nsten Campingm\u00f6glichkeiten vor \u2714 gibt Tipps zur Vorbereitung \u2714","breadcrumb":{"@id":"https:\/\/www.schlanser.ch\/magazin\/camping-am-meer\/#breadcrumb"},"inLanguage":"de-DE","potentialAction":[{"@type":"ReadAction","target":["https:\/\/www.schlanser.ch\/magazin\/camping-am-meer\/"]}]},{"@type":"ImageObject","inLanguage":"de-DE","@id":"https:\/\/www.schlanser.ch\/magazin\/camping-am-meer\/#primaryimage","url":"https:\/\/www.schlanser.ch\/magazin\/wp-content\/uploads\/2018\/07\/Camping-direkt-am-Meer.jpg","contentUrl":"https:\/\/www.schlanser.ch\/magazin\/wp-content\/uploads\/2018\/07\/Camping-direkt-am-Meer.jpg","width":800,"height":575,"caption":"\u00a9 sea and sun \/ Fotolia.com"},{"@type":"BreadcrumbList","@id":"https:\/\/www.schlanser.ch\/magazin\/camping-am-meer\/#breadcrumb","itemListElement":[{"@type":"ListItem","position":1,"name":"Startseite","item":"https:\/\/www.schlanser.ch\/magazin\/"},{"@type":"ListItem","position":2,"name":"Camping direkt am Meer"}]},{"@type":"WebSite","@id":"https:\/\/www.schlanser.ch\/magazin\/#website","url":"https:\/\/www.schlanser.ch\/magazin\/","name":"Schlanser Magazin","description":"","potentialAction":[{"@type":"SearchAction","target":{"@type":"EntryPoint","urlTemplate":"https:\/\/www.schlanser.ch\/magazin\/?s={search_term_string}"},"query-input":"required name=search_term_string"}],"inLanguage":"de-DE"},{"@type":"Person","@id":"https:\/\/www.schlanser.ch\/magazin\/#\/schema\/person\/000db0a103eb2594ba3daf394b1dfea2","name":"admin","image":{"@type":"ImageObject","inLanguage":"de-DE","@id":"https:\/\/www.schlanser.ch\/magazin\/#\/schema\/person\/image\/","url":"https:\/\/secure.gravatar.com\/avatar\/a794a4fe8a9b9c52241597eb381dfa2e?s=96&d=mm&r=g","contentUrl":"https:\/\/secure.gravatar.com\/avatar\/a794a4fe8a9b9c52241597eb381dfa2e?s=96&d=mm&r=g","caption":"admin"}}]}},"_links":{"self":[{"href":"https:\/\/www.schlanser.ch\/magazin\/wp-json\/wp\/v2\/posts\/4659"}],"collection":[{"href":"https:\/\/www.schlanser.ch\/magazin\/wp-json\/wp\/v2\/posts"}],"about":[{"href":"https:\/\/www.schlanser.ch\/magazin\/wp-json\/wp\/v2\/types\/post"}],"author":[{"embeddable":true,"href":"https:\/\/www.schlanser.ch\/magazin\/wp-json\/wp\/v2\/users\/1"}],"replies":[{"embeddable":true,"href":"https:\/\/www.schlanser.ch\/magazin\/wp-json\/wp\/v2\/comments?post=4659"}],"version-history":[{"count":31,"href":"https:\/\/www.schlanser.ch\/magazin\/wp-json\/wp\/v2\/posts\/4659\/revisions"}],"predecessor-version":[{"id":16935,"href":"https:\/\/www.schlanser.ch\/magazin\/wp-json\/wp\/v2\/posts\/4659\/revisions\/16935"}],"wp:featuredmedia":[{"embeddable":true,"href":"https:\/\/www.schlanser.ch\/magazin\/wp-json\/wp\/v2\/media\/4675"}],"wp:attachment":[{"href":"https:\/\/www.schlanser.ch\/magazin\/wp-json\/wp\/v2\/media?parent=4659"}],"wp:term":[{"taxonomy":"category","embeddable":true,"href":"https:\/\/www.schlanser.ch\/magazin\/wp-json\/wp\/v2\/categories?post=4659"},{"taxonomy":"post_tag","embeddable":true,"href":"https:\/\/www.schlanser.ch\/magazin\/wp-json\/wp\/v2\/tags?post=4659"}],"curies":[{"name":"wp","href":"https:\/\/api.w.org\/{rel}","templated":true}]}}