{"id":4702,"date":"2018-06-13T14:21:23","date_gmt":"2018-06-13T12:21:23","guid":{"rendered":"https:\/\/www.schlanser.ch\/magazin\/?p=4702"},"modified":"2020-05-14T16:03:10","modified_gmt":"2020-05-14T14:03:10","slug":"vorzelt-vw-bus","status":"publish","type":"post","link":"https:\/\/www.schlanser.ch\/magazin\/vorzelt-vw-bus\/","title":{"rendered":"Vorzelt f\u00fcr VW Bus und Co."},"content":{"rendered":"<h2>\u00ab Busvorzelte f\u00fcr T5, Ducato und andere \u00bb<\/h2>\n<p style=\"text-align: justify;\"><strong>Es ist ein unbeschreibliches Gef\u00fchl von Freiheit, mit dem VW Bus und anderen Campingfahrzeugen in den Urlaub zu fahren. Klein und kompakt gelangen sie \u00fcberall hin, wo auch ein Pkw fahren kann. Wenn Sie sich als Besitzer eines solchen Fahrzeugs etwas mehr Komfort w\u00fcnschen, sollten Sie sich ein <a href=\"https:\/\/www.schlanser.ch\/zelte\/vorzelte\/reisemobil-busvorzelte\/\">Busvorzelt<\/a> zulegen. Mit diesem Zubeh\u00f6r vergr\u00f6ssern Sie Ihren Wohnraum und geniessen viele weitere Vorteile.<\/strong><\/p>\n<h2>Welche Vorteile hat ein Vorzelt?<\/h2>\n<p style=\"text-align: justify;\">Im Camper bringen Sie auf kleinstem Raum alles unter, was Sie f\u00fcr den Campingalltag ben\u00f6tigen. Mehrmals die Woche den Stellplatz zu Wechseln ist kein Problem. Doch bieten die klassischen Modelle wie Fiat Ducato, Peugeot Boxer, Citroen Jumper und auch der VW T5 oder T6 nur eingeschr\u00e4nkt Platz f\u00fcr die t\u00e4glichen Aktivit\u00e4ten. Besonders Familien k\u00f6nnen sie schnell zu eng werden. Das Reisevorzelt schafft hier Abhilfe. Als r\u00e4umliche Erweiterung bietet es Platz f\u00fcr Koch- und Sitzecke. Selbst auf schattenlosen Pl\u00e4tzen oder bei Regen k\u00f6nnen Sie gem\u00fctlich draussen sitzen und Ihre Mahlzeiten zubereiten. Zugleich dient das Vorzelt von VW Bus und Co. als Unterstellm\u00f6glichkeit f\u00fcr Fahrr\u00e4der, Spielzeug oder Campingm\u00f6bel.<\/p>\n<p><img loading=\"lazy\" decoding=\"async\" class=\"aligncenter wp-image-4736 size-full\" title=\"Outwell Busvorzelt: Milestone\" src=\"https:\/\/www.schlanser.ch\/magazin\/wp-content\/uploads\/2018\/07\/outwell-busvorzelt-milestone.jpg\" alt=\"outwell-busvorzelt-milestone\" width=\"600\" height=\"225\" srcset=\"https:\/\/www.schlanser.ch\/magazin\/wp-content\/uploads\/2018\/07\/outwell-busvorzelt-milestone.jpg 600w, https:\/\/www.schlanser.ch\/magazin\/wp-content\/uploads\/2018\/07\/outwell-busvorzelt-milestone-300x113.jpg 300w\" sizes=\"(max-width: 600px) 100vw, 600px\" \/><\/p>\n<p style=\"text-align: justify;\">Manche Modelle bieten sogar einh\u00e4ngbare Innenkabinen an, die als zus\u00e4tzlicher Schlafplatz dienen. Wenn Sie f\u00fcr Ihren VW Bus ein frei stehendes Zelt w\u00e4hlen, sind auch Tagesausfl\u00fcge viel einfacher. L\u00f6sen Sie schnell die Schleuse und schliessen die Hintert\u00fcr von Ihrem Bully Busvorzelt. Unn\u00f6tiges Gep\u00e4ck bleibt im Zelt. Ihr Stellplatz ist den Tag \u00fcber reserviert.<\/p>\n<h2>Unterschiede zwischen Busvorzelten und Vorzelten f\u00fcr Reisemobile<\/h2>\n<p style=\"text-align: justify;\">Bei der Art des Aufbaus besteht ein grosser Unterschied zwischen dem Reisevorzelt von Camper und Wohnwagen oder Wohnmobil. Letztere sind h\u00e4ufiger so konzipiert, dass sie fest mit dem Fahrzeug verbunden werden. Die Kederschiene ist ein wichtiger Befestigungspunkt. Das VW Bus Zelt ist hingegen meist freistehend. Daf\u00fcr verf\u00fcgt es \u00fcber eine eigene, verschliessbare R\u00fcckwand. Ob ein Busvorzelt auf Ihren T5, Fiat Ducato oder sonstigen Reisebus passt, m\u00fcssen Sie im Einzelfall anhand der spezifischen Masse zu Anschlussh\u00f6he, -methode und -breite entscheiden.<\/p>\n<p><img loading=\"lazy\" decoding=\"async\" class=\"aligncenter wp-image-4725 size-full\" title=\"Vango Reisevorzelt: Varkala Connect 280\" src=\"https:\/\/www.schlanser.ch\/magazin\/wp-content\/uploads\/2018\/07\/vango-reisevorzelt-varkala-connect-280.jpg\" alt=\"vango-reisevorzelt-varkala-connect-280\" width=\"600\" height=\"223\" srcset=\"https:\/\/www.schlanser.ch\/magazin\/wp-content\/uploads\/2018\/07\/vango-reisevorzelt-varkala-connect-280.jpg 600w, https:\/\/www.schlanser.ch\/magazin\/wp-content\/uploads\/2018\/07\/vango-reisevorzelt-varkala-connect-280-300x112.jpg 300w\" sizes=\"(max-width: 600px) 100vw, 600px\" \/><\/p>\n<p style=\"text-align: justify;\">Eine weitere Besonderheit von Kastenwagen- und VW Bus Zelten sind Gewicht und Packmass. Im Unterschied zum Zubeh\u00f6r f\u00fcr Reisemobile spielt beim Reisebus beides eine enorm wichtige Rolle. Mit Einrichtung und Gep\u00e4ck ist das zul\u00e4ssige Gesamtgewicht schnell erreicht. Es gibt auch kaum Platz f\u00fcr sperriges Gest\u00e4nge. Daher ist das typische Vorzelt f\u00fcr einen VW Bus, den Peugeot Boxer und andere besonders gewicht- und platzsparend konzipiert. Eine immer beliebtere Variante sind zudem Busvorzelte mit aufblasbarem Gest\u00e4nge. Alle grossen Hersteller wie zum Beispiel <a href=\"https:\/\/www.schlanser.ch\/berger\/\">Berger<\/a>, <a href=\"https:\/\/www.schlanser.ch\/vango\/\">Vango<\/a> oder <a href=\"https:\/\/www.schlanser.ch\/westfield\/\">Westfield<\/a> bieten inzwischen entsprechende Modelle an.<\/p>\n<h2>Das Vorzelt f\u00fcr den VW Bus und seine Kollegen<\/h2>\n<p style=\"text-align: justify;\">Die Grundanforderungen an ein Reisevorzelt sind Regenfestigkeit, Sonnenschutz, Stabilit\u00e4t und Platz. Da kaum ein Modell unter 3.000 mm Wassers\u00e4ule aufweist, ist der notwendige Schutz vor sommerlichen Schauern eigentlich immer gegeben. F\u00fcr extreme Wetterbedingungen sollten Sie auf eine h\u00f6here Wassers\u00e4ule und auf eine ausgekl\u00fcgelte Abspannung achten.<\/p>\n<p><img loading=\"lazy\" decoding=\"async\" class=\"aligncenter wp-image-4729 size-full\" title=\"Vango Busvorzelt: Cruz II Low\" src=\"https:\/\/www.schlanser.ch\/magazin\/wp-content\/uploads\/2018\/07\/vango-busvorzelt-cruz-ii-low.jpg\" alt=\"vango-busvorzelt-cruz-ii-low\" width=\"600\" height=\"224\" srcset=\"https:\/\/www.schlanser.ch\/magazin\/wp-content\/uploads\/2018\/07\/vango-busvorzelt-cruz-ii-low.jpg 600w, https:\/\/www.schlanser.ch\/magazin\/wp-content\/uploads\/2018\/07\/vango-busvorzelt-cruz-ii-low-300x112.jpg 300w\" sizes=\"(max-width: 600px) 100vw, 600px\" \/><\/p>\n<p style=\"text-align: justify;\">Das Cruz II von Vango ist hier mit zus\u00e4tzlichen Abspannleinen im Innenbereich und 6.000 mm Wassers\u00e4ule eine gute Option. Manch ein Busvorzelt besticht durch besonders grosse Folienfenster. Bei starker Sonneneinstrahlung und, um neugierige Blicke fernzuhalten, sollten sie abdeckbar sein. F\u00fcr Stabilit\u00e4t sorgen das Gest\u00e4nge und die <a href=\"https:\/\/www.schlanser.ch\/zelte\/zeltzubehoer\/zeltheringe-abspannmaterial\/\">Abspannung<\/a>. Selbst aufblasbares <a href=\"https:\/\/www.schlanser.ch\/zelte\/zeltzubehoer\/zelt-gestaenge-zubehoer\/\">Gest\u00e4nge<\/a> h\u00e4lt bei korrekter F\u00fcllung extremen Belastungen stand. Der Vorteil ist, dass es nicht brechen kann wie zum Beispiel Fiberglas. F\u00fcr Wohnmobile stellt es oft noch keine optimale L\u00f6sung dar, da es gegebenenfalls die Markise demoliert. Beim freistehenden Bully-Vorzelt haben Sie dieses Problem nicht. Der Platz ist letzten Endes eine individuelle Sache.<\/p>\n<p><img loading=\"lazy\" decoding=\"async\" class=\"aligncenter wp-image-4732 size-full\" title=\"Outwell Busvorzelt: Scenic Road 250SA\" src=\"https:\/\/www.schlanser.ch\/magazin\/wp-content\/uploads\/2018\/07\/outwell-busvorzelt-scenic-road-250sa.jpg\" alt=\"outwell-busvorzelt-scenic-road-250sa\" width=\"600\" height=\"375\" srcset=\"https:\/\/www.schlanser.ch\/magazin\/wp-content\/uploads\/2018\/07\/outwell-busvorzelt-scenic-road-250sa.jpg 600w, https:\/\/www.schlanser.ch\/magazin\/wp-content\/uploads\/2018\/07\/outwell-busvorzelt-scenic-road-250sa-300x188.jpg 300w\" sizes=\"(max-width: 600px) 100vw, 600px\" \/><\/p>\n<p style=\"text-align: justify;\">Es h\u00e4ngt stark davon ab, was Sie im Zelt machen m\u00f6chten. Soll es nur ein Unterschlupf bei Regen sein, reicht ein kleineres Vorzelt wie das Touring Easy von Berger. M\u00f6chten Sie eine feste Kochnische installieren, einen zus\u00e4tzlichen Schlafplatz schaffen oder mit mehreren Personen bequem darin sitzen, ben\u00f6tigen Sie eine gr\u00f6ssere Variante. Das Scenic Road 250SA von <a href=\"https:\/\/www.schlanser.ch\/outwell\/\">Outwell<\/a> bietet zum Beispiel viel Spielraum.<\/p>\n<h2>Verbindungssysteme<\/h2>\n<p style=\"text-align: justify;\">Ein Busvorzelt wird \u00fcber eine Schleuse mit dem Fahrzeug verbunden. Sie l\u00e4sst Spielraum bez\u00fcglich der Anbringungsh\u00f6he und -methode. Die H\u00f6he orientiert sich stets an der Befestigungsm\u00f6glichkeit am Campingwagen. So muss ein Busvorzelt f\u00fcr den T5 auf etwa 200 cm H\u00f6he anzubringen sein, w\u00e4hrend Peugeot Boxer, Citroen Jumper und Fiat Ducato die Befestigungsm\u00f6glichkeit auf \u00fcber 250 cm haben. Viele Hersteller gehen auf diese unterschiedlichen Anforderungen ein. Sie bieten das gleiche Modell in zwei verschiedenen Verbindungsh\u00f6hen an, wie beispielsweise das Maxum von <a href=\"https:\/\/www.schlanser.ch\/dwt\/\">dwt<\/a> oder das Galli Compact von Vango.<\/p>\n<p><img loading=\"lazy\" decoding=\"async\" class=\"aligncenter wp-image-4722 size-full\" title=\"Reisemobilvorzelt: Maxum\" src=\"https:\/\/www.schlanser.ch\/magazin\/wp-content\/uploads\/2018\/07\/reisemobilvorzelt-maxum.jpg\" alt=\"reisemobilvorzelt-maxum\" width=\"600\" height=\"375\" srcset=\"https:\/\/www.schlanser.ch\/magazin\/wp-content\/uploads\/2018\/07\/reisemobilvorzelt-maxum.jpg 600w, https:\/\/www.schlanser.ch\/magazin\/wp-content\/uploads\/2018\/07\/reisemobilvorzelt-maxum-300x188.jpg 300w\" sizes=\"(max-width: 600px) 100vw, 600px\" \/><\/p>\n<p style=\"text-align: justify;\">Am Schleusenende finden Sie meist einen Hohlsaum. Hier f\u00e4deln Sie den Schleusenstab ein. Mithilfe von Klammern fixieren Sie den Stab an Ihrer Ablaufrinne oder einer anderen Kante. Bei einer Dachreling l\u00e4sst sich die Schleuse mithilfe von Klettverschl\u00fcssen fixieren. Der Schleusenstab sollte f\u00fcr bessere Stabilit\u00e4t dennoch eingef\u00fchrt werden.<\/p>\n<h3>Mit Kederleiste<\/h3>\n<p style=\"text-align: justify;\">Falls Ihr Campingbus eine Kederleiste hat, k\u00f6nnen Sie das Vorzelt auch dort festmachen. Eine Kederleiste kann nachger\u00fcstet werden. Diese Methode ist allerdings nur bei Vorzelten mit Keder m\u00f6glich. Sie hat den Nachteil, dass das Fahrzeug f\u00fcr Tagesausfl\u00fcge nicht einfach vom Zelt abgekoppelt werden kann.<\/p>\n<p><a href=\"https:\/\/www.schlanser.ch\/zelte\/vorzelte\/reisemobil-busvorzelte\/23858\/kederadapterset-7-5-mm\"><img loading=\"lazy\" decoding=\"async\" class=\"aligncenter wp-image-4720 size-full\" title=\"Kederadapterset: 7-5 mm\" src=\"https:\/\/www.schlanser.ch\/magazin\/wp-content\/uploads\/2018\/07\/kederadapterset-7-5-mm.jpg\" alt=\"kederadapterset-7-5-mm\" width=\"600\" height=\"378\" srcset=\"https:\/\/www.schlanser.ch\/magazin\/wp-content\/uploads\/2018\/07\/kederadapterset-7-5-mm.jpg 600w, https:\/\/www.schlanser.ch\/magazin\/wp-content\/uploads\/2018\/07\/kederadapterset-7-5-mm-300x189.jpg 300w\" sizes=\"(max-width: 600px) 100vw, 600px\" \/><\/a><\/p>\n<p style=\"text-align: justify;\">Eine letzte M\u00f6glichkeit stellen Abspannleinen dar. Diese Variante der Befestigung ist weniger elegant, funktioniert daf\u00fcr nahezu immer. Die Leinen f\u00fchren Sie von der Schleuse \u00fcber das Dach Ihres Fahrzeugs. Dachluken sollten dabei frei bleiben. Auf der anderen Seite knoten Sie die Leinen an das Fahrzeug oder verankern sie mit Heringen im Boden.<\/p>\n<h2>Vorzelte im Vergleich<\/h2>\n<h3>Berger Touring<\/h3>\n<p style=\"text-align: justify;\">Ein klassisches VW Bus Zelt ist das Touring von Berger in all seinen Varianten. Allen gemeinsam ist, dass sie freistehend sind, einen fest eingen\u00e4hten Zeltboden haben sowie blickdicht verschliessbare Fenster. Vorder- und Seitent\u00fcr sind rollbar oder als Sonnendach aufzustellen. Unterschiede finden sich beim Gest\u00e4nge (aufblasbares vs. Aluminium Gest\u00e4nge) und der Grundfl\u00e4che.<\/p>\n<p><img loading=\"lazy\" decoding=\"async\" class=\"aligncenter wp-image-4718 size-full\" title=\"Berger Busvorzelt: Touring Easy\" src=\"https:\/\/www.schlanser.ch\/magazin\/wp-content\/uploads\/2018\/07\/berger-busvorzelt-touring-easy.jpg\" alt=\"berger-busvorzelt-touring-easy\" width=\"600\" height=\"400\" srcset=\"https:\/\/www.schlanser.ch\/magazin\/wp-content\/uploads\/2018\/07\/berger-busvorzelt-touring-easy.jpg 600w, https:\/\/www.schlanser.ch\/magazin\/wp-content\/uploads\/2018\/07\/berger-busvorzelt-touring-easy-300x200.jpg 300w\" sizes=\"(max-width: 600px) 100vw, 600px\" \/><\/p>\n<h3>Vango Kela IV und Hexaway<\/h3>\n<p style=\"text-align: justify;\">\u00c4hnlich gestaltet ist das Kela IV von Vango. Es ist serienm\u00e4ssig aufblasbar und hat zwei Seitent\u00fcren im Schleusenbereich.<\/p>\n<p><img loading=\"lazy\" decoding=\"async\" class=\"aligncenter wp-image-4712 size-full\" title=\"Vango Bus- und Reisemobilvorzelt: Kela IV Low\" src=\"https:\/\/www.schlanser.ch\/magazin\/wp-content\/uploads\/2018\/07\/vango-bus-und-reisemobilvorzelt-kela-iv-low.jpg\" alt=\"vango-bus-und-reisemobilvorzelt-kela-iv-low\" width=\"600\" height=\"333\" srcset=\"https:\/\/www.schlanser.ch\/magazin\/wp-content\/uploads\/2018\/07\/vango-bus-und-reisemobilvorzelt-kela-iv-low.jpg 600w, https:\/\/www.schlanser.ch\/magazin\/wp-content\/uploads\/2018\/07\/vango-bus-und-reisemobilvorzelt-kela-iv-low-300x167.jpg 300w\" sizes=\"(max-width: 600px) 100vw, 600px\" \/><\/p>\n<p style=\"text-align: justify;\">Das Hexaway von Vango verfolgt hingegen ein ganz anderes Konzept. Anstelle einer rechteckigen Grundfl\u00e4che ist es mit seinen sechs Ecken nahezu rund. Das hohe Dach ist sehr komfortabel. Die drei Eing\u00e4nge sind f\u00fcr Rollstuhlfahrer geeignet.<\/p>\n<p><img loading=\"lazy\" decoding=\"async\" class=\"aligncenter wp-image-4716 size-full\" title=\"Vango Busvorzelt: Airhub Hexaway Tall\" src=\"https:\/\/www.schlanser.ch\/magazin\/wp-content\/uploads\/2018\/07\/vango-busvorzelt-airhub-hexaway-tall.jpg\" alt=\"vango-busvorzelt-airhub-hexaway-tall\" width=\"600\" height=\"375\" srcset=\"https:\/\/www.schlanser.ch\/magazin\/wp-content\/uploads\/2018\/07\/vango-busvorzelt-airhub-hexaway-tall.jpg 600w, https:\/\/www.schlanser.ch\/magazin\/wp-content\/uploads\/2018\/07\/vango-busvorzelt-airhub-hexaway-tall-300x188.jpg 300w\" sizes=\"(max-width: 600px) 100vw, 600px\" \/><\/p>\n<h3>Vango Galli Compact<\/h3>\n<p style=\"text-align: justify;\">Ein \u00e4hnlich innovatives Buszelt vom selben Hersteller ist das Galli Compact (RSV). Im Gegensatz zu vielen anderen Modellen liegt die Schleuse zum Fahrzeug hier seitlich am Zelt. Eine weitere Besonderheit ist der grosse, \u00fcberdachte Bereich vor dem Fronteingang. Selbst bei offener T\u00fcr kommt kein Regen ins Zeltinnere. Ein ausgekl\u00fcgeltes Bel\u00fcftungssystem mit \u00d6ffnungen im oberen und unteren Bereich der Zeltw\u00e4nde verhindert effektiv Kondenswasserbildung.<\/p>\n<p><img loading=\"lazy\" decoding=\"async\" class=\"aligncenter wp-image-4710 size-full\" title=\"Vango Busvorzelt: Galli Compact Low (RSV)\" src=\"https:\/\/www.schlanser.ch\/magazin\/wp-content\/uploads\/2018\/07\/vango-busvorzelt-galli-compact-low-rsv.jpg\" alt=\"vango-busvorzelt-galli-compact-low-rsv\" width=\"600\" height=\"342\" srcset=\"https:\/\/www.schlanser.ch\/magazin\/wp-content\/uploads\/2018\/07\/vango-busvorzelt-galli-compact-low-rsv.jpg 600w, https:\/\/www.schlanser.ch\/magazin\/wp-content\/uploads\/2018\/07\/vango-busvorzelt-galli-compact-low-rsv-300x171.jpg 300w\" sizes=\"(max-width: 600px) 100vw, 600px\" \/><\/p>\n<h3>Westfield Hydra 300 HT<\/h3>\n<p style=\"text-align: justify;\">Ein absolutes Leichtgewicht unter den Busvorzelten ist das Hydra 300 HT von Westfield. Durch weniger als 15 kg Gesamtgewicht findet es in jedem Reisebus Platz. Mit einer Grundfl\u00e4che von 300 cm x 370 cm ist es trotzdem recht ger\u00e4umig. Das aufblasbare Gest\u00e4nge ist der gr\u00f6sste Sparfaktor beim Gewicht. Grossz\u00fcgige Fenster an der Front und den Seiten lassen freie Sicht auf die Umgebung und viel Tageslicht ins Zeltinnere.<\/p>\n<p><img loading=\"lazy\" decoding=\"async\" class=\"aligncenter wp-image-4707 size-full\" title=\"Westfield Vorzelt: Hydra 300 HT\" src=\"https:\/\/www.schlanser.ch\/magazin\/wp-content\/uploads\/2018\/07\/westfield-vorzelt-hydra-300-ht.jpg\" alt=\"westfield-vorzelt-hydra-300-ht\" width=\"600\" height=\"375\" srcset=\"https:\/\/www.schlanser.ch\/magazin\/wp-content\/uploads\/2018\/07\/westfield-vorzelt-hydra-300-ht.jpg 600w, https:\/\/www.schlanser.ch\/magazin\/wp-content\/uploads\/2018\/07\/westfield-vorzelt-hydra-300-ht-300x188.jpg 300w\" sizes=\"(max-width: 600px) 100vw, 600px\" \/><\/p>\n","protected":false},"excerpt":{"rendered":"<p>\u00ab Busvorzelte f\u00fcr T5, Ducato und andere \u00bb Es ist ein unbeschreibliches Gef\u00fchl von Freiheit, mit dem VW Bus und anderen Campingfahrzeugen in den Urlaub zu fahren. Klein und kompakt gelangen sie \u00fcberall hin, wo auch ein Pkw fahren kann. Wenn Sie sich als Besitzer eines solchen Fahrzeugs etwas mehr Komfort w\u00fcnschen, sollten Sie sich &hellip;<\/p>\n","protected":false},"author":1,"featured_media":4714,"comment_status":"closed","ping_status":"open","sticky":false,"template":"","format":"standard","meta":{"footnotes":""},"categories":[1],"tags":[18,613,619,614,615,56,617,620,375,616,618,377,612,465],"yoast_head":"<!-- This site is optimized with the Yoast SEO plugin v22.2 - https:\/\/yoast.com\/wordpress\/plugins\/seo\/ -->\n<title>Vorzelt f\u00fcr VW Bus und Co. - Schlanser Magazin<\/title>\n<meta name=\"description\" content=\"Das Schlanser Magazin pr\u00e4sentiert praktische Vorzelte f\u00fcr VW Bullys &amp; andere Camping Busse! \u2013Vorzelte von Berger \u2714 Vango \u2714 Westfield \u2714 f\u00fcr Fiat Ducato \u2714 VW T-Modelle \u2714 Citroen Jumper \u2714 Peugeot Boxer \u2714 Renault Master \u2714\" \/>\n<meta name=\"robots\" content=\"index, follow, max-snippet:-1, max-image-preview:large, max-video-preview:-1\" \/>\n<link rel=\"canonical\" href=\"https:\/\/www.schlanser.ch\/magazin\/vorzelt-vw-bus\/\" \/>\n<meta property=\"og:locale\" content=\"de_DE\" \/>\n<meta property=\"og:type\" content=\"article\" \/>\n<meta property=\"og:title\" content=\"Vorzelt f\u00fcr VW Bus und Co. - Schlanser Magazin\" \/>\n<meta property=\"og:description\" content=\"Das Schlanser Magazin pr\u00e4sentiert praktische Vorzelte f\u00fcr VW Bullys &amp; andere Camping Busse! \u2013Vorzelte von Berger \u2714 Vango \u2714 Westfield \u2714 f\u00fcr Fiat Ducato \u2714 VW T-Modelle \u2714 Citroen Jumper \u2714 Peugeot Boxer \u2714 Renault Master \u2714\" \/>\n<meta property=\"og:url\" content=\"https:\/\/www.schlanser.ch\/magazin\/vorzelt-vw-bus\/\" \/>\n<meta property=\"og:site_name\" content=\"Schlanser Magazin\" \/>\n<meta property=\"article:published_time\" content=\"2018-06-13T12:21:23+00:00\" \/>\n<meta property=\"article:modified_time\" content=\"2020-05-14T14:03:10+00:00\" \/>\n<meta property=\"og:image\" content=\"https:\/\/www.schlanser.ch\/magazin\/wp-content\/uploads\/2018\/07\/Vorzelt-fuer-VW-Bus-und-Co.jpg\" \/>\n\t<meta property=\"og:image:width\" content=\"1280\" \/>\n\t<meta property=\"og:image:height\" content=\"799\" \/>\n\t<meta property=\"og:image:type\" content=\"image\/jpeg\" \/>\n<meta name=\"author\" content=\"admin\" \/>\n<meta name=\"twitter:card\" content=\"summary_large_image\" \/>\n<meta name=\"twitter:label1\" content=\"Verfasst von\" \/>\n\t<meta name=\"twitter:data1\" content=\"admin\" \/>\n\t<meta name=\"twitter:label2\" content=\"Gesch\u00e4tzte Lesezeit\" \/>\n\t<meta name=\"twitter:data2\" content=\"6 Minuten\" \/>\n<script type=\"application\/ld+json\" class=\"yoast-schema-graph\">{\"@context\":\"https:\/\/schema.org\",\"@graph\":[{\"@type\":\"WebPage\",\"@id\":\"https:\/\/www.schlanser.ch\/magazin\/vorzelt-vw-bus\/\",\"url\":\"https:\/\/www.schlanser.ch\/magazin\/vorzelt-vw-bus\/\",\"name\":\"Vorzelt f\u00fcr VW Bus und Co. - Schlanser Magazin\",\"isPartOf\":{\"@id\":\"https:\/\/www.schlanser.ch\/magazin\/#website\"},\"primaryImageOfPage\":{\"@id\":\"https:\/\/www.schlanser.ch\/magazin\/vorzelt-vw-bus\/#primaryimage\"},\"image\":{\"@id\":\"https:\/\/www.schlanser.ch\/magazin\/vorzelt-vw-bus\/#primaryimage\"},\"thumbnailUrl\":\"https:\/\/www.schlanser.ch\/magazin\/wp-content\/uploads\/2018\/07\/Vorzelt-fuer-VW-Bus-und-Co.jpg\",\"datePublished\":\"2018-06-13T12:21:23+00:00\",\"dateModified\":\"2020-05-14T14:03:10+00:00\",\"author\":{\"@id\":\"https:\/\/www.schlanser.ch\/magazin\/#\/schema\/person\/000db0a103eb2594ba3daf394b1dfea2\"},\"description\":\"Das Schlanser Magazin pr\u00e4sentiert praktische Vorzelte f\u00fcr VW Bullys & andere Camping Busse! \u2013Vorzelte von Berger \u2714 Vango \u2714 Westfield \u2714 f\u00fcr Fiat Ducato \u2714 VW T-Modelle \u2714 Citroen Jumper \u2714 Peugeot Boxer \u2714 Renault Master \u2714\",\"breadcrumb\":{\"@id\":\"https:\/\/www.schlanser.ch\/magazin\/vorzelt-vw-bus\/#breadcrumb\"},\"inLanguage\":\"de-DE\",\"potentialAction\":[{\"@type\":\"ReadAction\",\"target\":[\"https:\/\/www.schlanser.ch\/magazin\/vorzelt-vw-bus\/\"]}]},{\"@type\":\"ImageObject\",\"inLanguage\":\"de-DE\",\"@id\":\"https:\/\/www.schlanser.ch\/magazin\/vorzelt-vw-bus\/#primaryimage\",\"url\":\"https:\/\/www.schlanser.ch\/magazin\/wp-content\/uploads\/2018\/07\/Vorzelt-fuer-VW-Bus-und-Co.jpg\",\"contentUrl\":\"https:\/\/www.schlanser.ch\/magazin\/wp-content\/uploads\/2018\/07\/Vorzelt-fuer-VW-Bus-und-Co.jpg\",\"width\":1280,\"height\":799},{\"@type\":\"BreadcrumbList\",\"@id\":\"https:\/\/www.schlanser.ch\/magazin\/vorzelt-vw-bus\/#breadcrumb\",\"itemListElement\":[{\"@type\":\"ListItem\",\"position\":1,\"name\":\"Startseite\",\"item\":\"https:\/\/www.schlanser.ch\/magazin\/\"},{\"@type\":\"ListItem\",\"position\":2,\"name\":\"Vorzelt f\u00fcr VW Bus und Co.\"}]},{\"@type\":\"WebSite\",\"@id\":\"https:\/\/www.schlanser.ch\/magazin\/#website\",\"url\":\"https:\/\/www.schlanser.ch\/magazin\/\",\"name\":\"Schlanser Magazin\",\"description\":\"\",\"potentialAction\":[{\"@type\":\"SearchAction\",\"target\":{\"@type\":\"EntryPoint\",\"urlTemplate\":\"https:\/\/www.schlanser.ch\/magazin\/?s={search_term_string}\"},\"query-input\":\"required name=search_term_string\"}],\"inLanguage\":\"de-DE\"},{\"@type\":\"Person\",\"@id\":\"https:\/\/www.schlanser.ch\/magazin\/#\/schema\/person\/000db0a103eb2594ba3daf394b1dfea2\",\"name\":\"admin\",\"image\":{\"@type\":\"ImageObject\",\"inLanguage\":\"de-DE\",\"@id\":\"https:\/\/www.schlanser.ch\/magazin\/#\/schema\/person\/image\/\",\"url\":\"https:\/\/secure.gravatar.com\/avatar\/a794a4fe8a9b9c52241597eb381dfa2e?s=96&d=mm&r=g\",\"contentUrl\":\"https:\/\/secure.gravatar.com\/avatar\/a794a4fe8a9b9c52241597eb381dfa2e?s=96&d=mm&r=g\",\"caption\":\"admin\"}}]}<\/script>\n<!-- \/ Yoast SEO plugin. -->","yoast_head_json":{"title":"Vorzelt f\u00fcr VW Bus und Co. - Schlanser Magazin","description":"Das Schlanser Magazin pr\u00e4sentiert praktische Vorzelte f\u00fcr VW Bullys & andere Camping Busse! \u2013Vorzelte von Berger \u2714 Vango \u2714 Westfield \u2714 f\u00fcr Fiat Ducato \u2714 VW T-Modelle \u2714 Citroen Jumper \u2714 Peugeot Boxer \u2714 Renault Master \u2714","robots":{"index":"index","follow":"follow","max-snippet":"max-snippet:-1","max-image-preview":"max-image-preview:large","max-video-preview":"max-video-preview:-1"},"canonical":"https:\/\/www.schlanser.ch\/magazin\/vorzelt-vw-bus\/","og_locale":"de_DE","og_type":"article","og_title":"Vorzelt f\u00fcr VW Bus und Co. - Schlanser Magazin","og_description":"Das Schlanser Magazin pr\u00e4sentiert praktische Vorzelte f\u00fcr VW Bullys & andere Camping Busse! \u2013Vorzelte von Berger \u2714 Vango \u2714 Westfield \u2714 f\u00fcr Fiat Ducato \u2714 VW T-Modelle \u2714 Citroen Jumper \u2714 Peugeot Boxer \u2714 Renault Master \u2714","og_url":"https:\/\/www.schlanser.ch\/magazin\/vorzelt-vw-bus\/","og_site_name":"Schlanser Magazin","article_published_time":"2018-06-13T12:21:23+00:00","article_modified_time":"2020-05-14T14:03:10+00:00","og_image":[{"width":1280,"height":799,"url":"https:\/\/www.schlanser.ch\/magazin\/wp-content\/uploads\/2018\/07\/Vorzelt-fuer-VW-Bus-und-Co.jpg","type":"image\/jpeg"}],"author":"admin","twitter_card":"summary_large_image","twitter_misc":{"Verfasst von":"admin","Gesch\u00e4tzte Lesezeit":"6 Minuten"},"schema":{"@context":"https:\/\/schema.org","@graph":[{"@type":"WebPage","@id":"https:\/\/www.schlanser.ch\/magazin\/vorzelt-vw-bus\/","url":"https:\/\/www.schlanser.ch\/magazin\/vorzelt-vw-bus\/","name":"Vorzelt f\u00fcr VW Bus und Co. - Schlanser Magazin","isPartOf":{"@id":"https:\/\/www.schlanser.ch\/magazin\/#website"},"primaryImageOfPage":{"@id":"https:\/\/www.schlanser.ch\/magazin\/vorzelt-vw-bus\/#primaryimage"},"image":{"@id":"https:\/\/www.schlanser.ch\/magazin\/vorzelt-vw-bus\/#primaryimage"},"thumbnailUrl":"https:\/\/www.schlanser.ch\/magazin\/wp-content\/uploads\/2018\/07\/Vorzelt-fuer-VW-Bus-und-Co.jpg","datePublished":"2018-06-13T12:21:23+00:00","dateModified":"2020-05-14T14:03:10+00:00","author":{"@id":"https:\/\/www.schlanser.ch\/magazin\/#\/schema\/person\/000db0a103eb2594ba3daf394b1dfea2"},"description":"Das Schlanser Magazin pr\u00e4sentiert praktische Vorzelte f\u00fcr VW Bullys & andere Camping Busse! \u2013Vorzelte von Berger \u2714 Vango \u2714 Westfield \u2714 f\u00fcr Fiat Ducato \u2714 VW T-Modelle \u2714 Citroen Jumper \u2714 Peugeot Boxer \u2714 Renault Master \u2714","breadcrumb":{"@id":"https:\/\/www.schlanser.ch\/magazin\/vorzelt-vw-bus\/#breadcrumb"},"inLanguage":"de-DE","potentialAction":[{"@type":"ReadAction","target":["https:\/\/www.schlanser.ch\/magazin\/vorzelt-vw-bus\/"]}]},{"@type":"ImageObject","inLanguage":"de-DE","@id":"https:\/\/www.schlanser.ch\/magazin\/vorzelt-vw-bus\/#primaryimage","url":"https:\/\/www.schlanser.ch\/magazin\/wp-content\/uploads\/2018\/07\/Vorzelt-fuer-VW-Bus-und-Co.jpg","contentUrl":"https:\/\/www.schlanser.ch\/magazin\/wp-content\/uploads\/2018\/07\/Vorzelt-fuer-VW-Bus-und-Co.jpg","width":1280,"height":799},{"@type":"BreadcrumbList","@id":"https:\/\/www.schlanser.ch\/magazin\/vorzelt-vw-bus\/#breadcrumb","itemListElement":[{"@type":"ListItem","position":1,"name":"Startseite","item":"https:\/\/www.schlanser.ch\/magazin\/"},{"@type":"ListItem","position":2,"name":"Vorzelt f\u00fcr VW Bus und Co."}]},{"@type":"WebSite","@id":"https:\/\/www.schlanser.ch\/magazin\/#website","url":"https:\/\/www.schlanser.ch\/magazin\/","name":"Schlanser Magazin","description":"","potentialAction":[{"@type":"SearchAction","target":{"@type":"EntryPoint","urlTemplate":"https:\/\/www.schlanser.ch\/magazin\/?s={search_term_string}"},"query-input":"required name=search_term_string"}],"inLanguage":"de-DE"},{"@type":"Person","@id":"https:\/\/www.schlanser.ch\/magazin\/#\/schema\/person\/000db0a103eb2594ba3daf394b1dfea2","name":"admin","image":{"@type":"ImageObject","inLanguage":"de-DE","@id":"https:\/\/www.schlanser.ch\/magazin\/#\/schema\/person\/image\/","url":"https:\/\/secure.gravatar.com\/avatar\/a794a4fe8a9b9c52241597eb381dfa2e?s=96&d=mm&r=g","contentUrl":"https:\/\/secure.gravatar.com\/avatar\/a794a4fe8a9b9c52241597eb381dfa2e?s=96&d=mm&r=g","caption":"admin"}}]}},"_links":{"self":[{"href":"https:\/\/www.schlanser.ch\/magazin\/wp-json\/wp\/v2\/posts\/4702"}],"collection":[{"href":"https:\/\/www.schlanser.ch\/magazin\/wp-json\/wp\/v2\/posts"}],"about":[{"href":"https:\/\/www.schlanser.ch\/magazin\/wp-json\/wp\/v2\/types\/post"}],"author":[{"embeddable":true,"href":"https:\/\/www.schlanser.ch\/magazin\/wp-json\/wp\/v2\/users\/1"}],"replies":[{"embeddable":true,"href":"https:\/\/www.schlanser.ch\/magazin\/wp-json\/wp\/v2\/comments?post=4702"}],"version-history":[{"count":34,"href":"https:\/\/www.schlanser.ch\/magazin\/wp-json\/wp\/v2\/posts\/4702\/revisions"}],"predecessor-version":[{"id":9596,"href":"https:\/\/www.schlanser.ch\/magazin\/wp-json\/wp\/v2\/posts\/4702\/revisions\/9596"}],"wp:featuredmedia":[{"embeddable":true,"href":"https:\/\/www.schlanser.ch\/magazin\/wp-json\/wp\/v2\/media\/4714"}],"wp:attachment":[{"href":"https:\/\/www.schlanser.ch\/magazin\/wp-json\/wp\/v2\/media?parent=4702"}],"wp:term":[{"taxonomy":"category","embeddable":true,"href":"https:\/\/www.schlanser.ch\/magazin\/wp-json\/wp\/v2\/categories?post=4702"},{"taxonomy":"post_tag","embeddable":true,"href":"https:\/\/www.schlanser.ch\/magazin\/wp-json\/wp\/v2\/tags?post=4702"}],"curies":[{"name":"wp","href":"https:\/\/api.w.org\/{rel}","templated":true}]}}