{"id":472,"date":"2016-11-03T12:09:38","date_gmt":"2016-11-03T11:09:38","guid":{"rendered":"https:\/\/www.schlanser.ch\/magazin\/?p=472"},"modified":"2024-01-10T14:39:29","modified_gmt":"2024-01-10T13:39:29","slug":"vorzeltteppich","status":"publish","type":"post","link":"https:\/\/www.schlanser.ch\/magazin\/vorzeltteppich\/","title":{"rendered":"Der Vorzeltteppich"},"content":{"rendered":"<h2>\u00ab Grundlage f\u00fcr Camper \u00bb<\/h2>\n<p style=\"text-align: justify;\"><strong>Ein attraktiver Bodenbelag im Vorzelt sorgt f\u00fcr ein angenehmes Trittgef\u00fchl und ist zugleich zweckm\u00e4ssig und sinnvoll. Im fest aufgebauten Vorzelt geh\u00f6rt der Vorzeltteppich quasi zum Inventar. Doch auch Reisende wissen das Plus an Sauberkeit im Caravan dank Teppich zu sch\u00e4tzen. Den gestiegenen Komfort gibt es gratis dazu.<\/strong><\/p>\n<h2>Anspr\u00fcche an das Material<\/h2>\n<p style=\"text-align: justify;\"><img loading=\"lazy\" decoding=\"async\" class=\"alignright wp-image-508 size-full\" title=\"Berger Zeltteppich | sonnen- und wasserbest\u00e4ndig, leicht faltbar &amp; einfach zu s\u00e4ubern\" src=\"https:\/\/www.schlanser.ch\/magazin\/wp-content\/uploads\/2016\/12\/Berger-Zeltteppich-sonnen-und-wasserbest\u00e4ndig-leicht-faltbar-und-einfach-zu-s\u00e4ubern.jpg\" alt=\"berger-zeltteppich-sonnen-und-wasserbestaendig-leicht-faltbar-und-einfach-zu-saeubern\" width=\"250\" height=\"250\" srcset=\"https:\/\/www.schlanser.ch\/magazin\/wp-content\/uploads\/2016\/12\/Berger-Zeltteppich-sonnen-und-wasserbest\u00e4ndig-leicht-faltbar-und-einfach-zu-s\u00e4ubern.jpg 250w, https:\/\/www.schlanser.ch\/magazin\/wp-content\/uploads\/2016\/12\/Berger-Zeltteppich-sonnen-und-wasserbest\u00e4ndig-leicht-faltbar-und-einfach-zu-s\u00e4ubern-150x150.jpg 150w\" sizes=\"(max-width: 250px) 100vw, 250px\" \/>Im Outdoor-Bereich trotzen die Materialien der Vorzeltteppiche h\u00e4rtesten Bedingungen. Dauerregen, unebene B\u00f6den oder intensive Sonneneinstrahlung im Wechsel mit niedrigen Temperaturen heissen die Anforderungen an den Vorzeltboden und den Teppich. Witterungs- und UV-Best\u00e4ndigkeit sind ein Muss.<\/p>\n<p style=\"text-align: justify;\">Je nach Untergrund kommen beim Vorzeltteppich weitere Eigenschaften hinzu: Um die Grasnarbe zu sch\u00fctzen, kommt auf Rasenpl\u00e4tzen nur ein atmungsaktiver Teppich infrage. Leichte Reinigung und ein geringes Gewicht sind f\u00fcr alle mobilen Camper relevante Kenngr\u00f6ssen. Moderne Kunststoffe vereinen diese Qualit\u00e4ten und erlauben die Herstellung praktischer und attraktiver Vorzeltb\u00f6den f\u00fcr den Standplatz und f\u00fcr unterwegs.<\/p>\n<h2>Vorzeltboden im Dauerstandzelt<\/h2>\n<p style=\"text-align: justify;\">Im festen Vorzelt lauten die Anforderungen anders als in den Ferien oder am Wochenende beim Ausflug. Das feste Vorzelt steht allgemein auf einem mehrschichtigen Fundament. Der Boden ist von oben versiegelt und liegt oberhalb des Wasserspielgels bei starken Regenf\u00e4llen. Von unten steigt keine Feuchtigkeit auf, die bis in den Innenraum dringt.<\/p>\n<p><iframe loading=\"lazy\" src=\"https:\/\/www.youtube.com\/embed\/IgBhB1IYbLM?rel=0&amp;controls=0\" width=\"640\" height=\"360\" frameborder=\"0\" allowfullscreen=\"allowfullscreen\"><\/iframe><\/p>\n<p style=\"text-align: justify;\">Dank eines ebenen Untergrunds kommt praktisch jeder Bodenbelag zum Einsatz, der eine zus\u00e4tzliche Isolierschicht gegen K\u00e4lte schafft. Platten aus Polypropylen oder TERRAGUIDE\u00ae lassen sich mit einem einfachen Stecksystem passgenau verlegen und sind im Fall eines Platzwechsels schnell demontiert. F\u00fcr den mobilen Einsatz kommen sie aufgrund ihres Gewichts und des Platzbedarfs nur bedingt infrage. Einsetzbar sind sie dort allerdings auch und \u00fcberbr\u00fccken leichte Unebenheiten auf Rasen oder Kies.<\/p>\n<h2>Sauber und rasenschonend<\/h2>\n<p style=\"text-align: justify;\">Der Vorzeltboden mit Teppich ist Schmutzf\u00e4nger und attraktives Wohnaccessoire in einem. Auf Reisen ist die nat\u00fcrliche Bodenbeschaffenheit nicht \u00fcberall optimal. Tau oder anhaltende Regenf\u00e4lle verwandeln das Vorzelt in ein Feuchtbiotop. Ein aufrollbarer Teppich aus Polyestergewebe oder Polypropylenfaser schafft eine effektive Sperre zum feuchten Untergrund.<\/p>\n<p style=\"text-align: justify;\"><img loading=\"lazy\" decoding=\"async\" class=\"aligncenter wp-image-490 size-full\" title=\"Isabella Vorzeltteppich &quot;Regular&quot; | strapazierf\u00e4hig, platzsparend zusammenlegbar &amp; leicht zugleich\" src=\"https:\/\/www.schlanser.ch\/magazin\/wp-content\/uploads\/2016\/12\/Isabella-Vorzeltteppich-Regular-strapazierf\u00e4hig-platzsparend-zusammenlegbar-und-leicht-zugleich.jpg\" alt=\"isabella-vorzeltteppich-regular-strapazierfaehig-platzsparend-zusammenlegbar-und-leicht-zugleich\" width=\"600\" height=\"600\" srcset=\"https:\/\/www.schlanser.ch\/magazin\/wp-content\/uploads\/2016\/12\/Isabella-Vorzeltteppich-Regular-strapazierf\u00e4hig-platzsparend-zusammenlegbar-und-leicht-zugleich.jpg 600w, https:\/\/www.schlanser.ch\/magazin\/wp-content\/uploads\/2016\/12\/Isabella-Vorzeltteppich-Regular-strapazierf\u00e4hig-platzsparend-zusammenlegbar-und-leicht-zugleich-150x150.jpg 150w, https:\/\/www.schlanser.ch\/magazin\/wp-content\/uploads\/2016\/12\/Isabella-Vorzeltteppich-Regular-strapazierf\u00e4hig-platzsparend-zusammenlegbar-und-leicht-zugleich-300x300.jpg 300w\" sizes=\"(max-width: 600px) 100vw, 600px\" \/><\/p>\n<p style=\"text-align: justify;\">An trockenen Tagen f\u00e4ngt der Teppich viel Schmutz ein, der nicht mehr in den Wohnwagen gelangt. Zwischendurch oder zum Abreisetermin reicht einfaches Abfegen, um den Teppich sauber zu halten. Von Zeit zu Zeit entfernt eine Reinigung mit dem Gartenschlauch oder dem Hochdruckreiniger hartn\u00e4ckige Verschmutzungen. Ein Vorzeltboden aus Kunststoff ist aus strapazierf\u00e4higen Materialien, die atmungsaktiv gefertigt sind. Das erlaubt die Verlegung auf Rasenfl\u00e4chen. Der nat\u00fcrliche Bewuchs kann atmen und erh\u00e4lt zumindest ein wenig Licht.<\/p>\n<h2>Vorzeltteppich to go<\/h2>\n<p style=\"text-align: justify;\"><img loading=\"lazy\" decoding=\"async\" class=\"alignright wp-image-486 size-full\" title=\"Befestigungsclips | UV-stabil und hoch belastbar | einfache Handhabung | 6er-Pack\" src=\"https:\/\/www.schlanser.ch\/magazin\/wp-content\/uploads\/2016\/12\/Befestigungsclips-6er-Pack.jpg\" alt=\"befestigungsclips-6er-pack\" width=\"301\" height=\"260\" srcset=\"https:\/\/www.schlanser.ch\/magazin\/wp-content\/uploads\/2016\/12\/Befestigungsclips-6er-Pack.jpg 301w, https:\/\/www.schlanser.ch\/magazin\/wp-content\/uploads\/2016\/12\/Befestigungsclips-6er-Pack-300x259.jpg 300w\" sizes=\"(max-width: 301px) 100vw, 301px\" \/>F\u00fcr Camper mit mobilem Vorzelt ist ein Vorzeltteppich brauchbar, der nur aufliegt. Wenn es im Sommer auf Tour geht, kommt dieser einfach mit. Mit dieser Art Vorzeltboden ist auch der Reisende im Wohnmobil gut bedient, der sich mehr Komfort unter der Markise w\u00fcnscht. Teppich Clips zum Befestigen am Boden sorgen f\u00fcr einen erstklassigen Bodenbelag ohne Stolperfallen. Sogar im Personenzelt bleibt die Schlafkabine sauber und abgelegte Gep\u00e4ckst\u00fccke trocken, wenn ein Vorzeltteppich ausgelegt ist.<\/p>\n<p style=\"text-align: justify;\">Tipp: Wird der Teppich zus\u00e4tzlich unter dem Zeltboden verlegt, haben spitze Steine keine Chance, die Bodenwanne des Zeltes zu besch\u00e4digen. Kunststoffteppiche dieser Art sind in verschiedenen St\u00e4rken und Abmessungen zum Beispiel von Berger oder Isabella erh\u00e4ltlich.<\/p>\n<h2>Herausforderung Bodenbeschaffenheit f\u00fcr Standcamper<\/h2>\n<p style=\"text-align: justify;\">Mobile Camper suchen den Stellplatz danach aus, ob der Boden eine sichere Aufstellung des Wohnanh\u00e4ngers gew\u00e4hrleistet und f\u00fcr das Vorzelt ein ebener Untergrund vorhanden ist.<\/p>\n<p style=\"text-align: justify;\"><img loading=\"lazy\" decoding=\"async\" class=\"aligncenter wp-image-492 size-full\" title=\"Isabella Zeltteppich &quot;Light Grid&quot; | feuchtigkeitsabweisend, pflegeleicht &amp; UV-best\u00e4ndig\" src=\"https:\/\/www.schlanser.ch\/magazin\/wp-content\/uploads\/2016\/12\/Isabella-Zeltteppich-Light-Grid-feuchtigkeitsabweisend-pflegeleicht-UV-best\u00e4ndig.jpg\" alt=\"isabella-zeltteppich-light-grid-feuchtigkeitsabweisend-pflegeleicht-uv-bestaendig\" width=\"600\" height=\"600\" srcset=\"https:\/\/www.schlanser.ch\/magazin\/wp-content\/uploads\/2016\/12\/Isabella-Zeltteppich-Light-Grid-feuchtigkeitsabweisend-pflegeleicht-UV-best\u00e4ndig.jpg 600w, https:\/\/www.schlanser.ch\/magazin\/wp-content\/uploads\/2016\/12\/Isabella-Zeltteppich-Light-Grid-feuchtigkeitsabweisend-pflegeleicht-UV-best\u00e4ndig-150x150.jpg 150w, https:\/\/www.schlanser.ch\/magazin\/wp-content\/uploads\/2016\/12\/Isabella-Zeltteppich-Light-Grid-feuchtigkeitsabweisend-pflegeleicht-UV-best\u00e4ndig-300x300.jpg 300w\" sizes=\"(max-width: 600px) 100vw, 600px\" \/><\/p>\n<p style=\"text-align: justify;\">Dauercamper sind in vielen F\u00e4llen vor dem Campingvergn\u00fcgen mit den Bodenplatten f\u00fcr das Vorzelt besch\u00e4ftigt. Eine nahezu unverw\u00fcstliche Konstruktion entsteht mit Betonplatten, die im Kiesbett verlegt sind. Der k\u00f6rperliche Aufwand ist hoch aber lohnenswert. Weniger aufwendig aber ebenso effizient ist es, ein Ger\u00fcst aus Holzbohlen auf St\u00e4ndern zu errichten, das anschliessend mit Boden- oder Siebdruckplatten belegt wird. Gestapelte Gehwegplatten dienen als Unterbau und erlauben es, eventuelles Gef\u00e4lle zuverl\u00e4ssig auszugleichen.<\/p>\n<h2>Bodenbeschaffenheit ohne Fundament<\/h2>\n<p style=\"text-align: justify;\">Ein Vorzeltboden aus Platten mit Stecksystem passt sich bei geringen Unebenheiten an und sichert mehr Komfort als der unbearbeitete Untergrund. Je nach angestrebter Belastung ist das ausreichend. Eine Folie als Absperrung zum Boden ist verzichtbar und f\u00f6rdert im unangenehmsten Fall die Bildung von Schimmel und F\u00e4ulnis. Trotzdem wird es durch die \u00d6ffnungen in den Elementen zu erh\u00f6hter Feuchtigkeit im Zelt kommen.<\/p>\n<p style=\"text-align: justify;\"><img loading=\"lazy\" decoding=\"async\" class=\"aligncenter wp-image-500 size-full\" title=\"Terraguide Bodenbelag | mobiles Bodensystem der Extraklasse | 1 Platte besteht aus 4 Einzelplatten \u00e1 25x25 cm\" src=\"https:\/\/www.schlanser.ch\/magazin\/wp-content\/uploads\/2016\/12\/Terraguide-Bodenbelag-mobiles-Bodensystem-der-Extraklasse.jpg\" alt=\"terraguide-bodenbelag-mobiles-bodensystem-der-extraklasse\" width=\"600\" height=\"600\" srcset=\"https:\/\/www.schlanser.ch\/magazin\/wp-content\/uploads\/2016\/12\/Terraguide-Bodenbelag-mobiles-Bodensystem-der-Extraklasse.jpg 600w, https:\/\/www.schlanser.ch\/magazin\/wp-content\/uploads\/2016\/12\/Terraguide-Bodenbelag-mobiles-Bodensystem-der-Extraklasse-150x150.jpg 150w, https:\/\/www.schlanser.ch\/magazin\/wp-content\/uploads\/2016\/12\/Terraguide-Bodenbelag-mobiles-Bodensystem-der-Extraklasse-300x300.jpg 300w\" sizes=\"(max-width: 600px) 100vw, 600px\" \/><\/p>\n<p style=\"text-align: justify;\">Bei Regen bleiben die F\u00fcsse allerdings meistens trocken. F\u00fcr die Ferien und den Wochenendausflug ist ein Vorzeltteppich vorzuziehen, der einfach auszurollen ist und wenig Gewicht mitbringt. Ein attraktives Streifenmuster harmoniert mit praktisch jedem Vorzeltdesign oder Windschutz.<\/p>\n<h2>Vorzeltboden ausmessen und verlegen<\/h2>\n<p style=\"text-align: justify;\">Die Gr\u00f6ssenangaben der Zelthersteller weichen infolge schr\u00e4g stehender Zeltw\u00e4nde vom realen Bodenmass ab. Beim Vorzeltteppich in konfektionierten Abmessungen entsteht deshalb ein kleiner Abstand zur Zeltplane. Kondenswasser, das sich an den W\u00e4nden bildet, l\u00e4uft ungehindert in den Boden ab und das Zeltinventar bleibt trocken. Wer an der Unterkonstruktion mit Holz arbeitet, erreicht mit Einhaltung dieser Zone viel f\u00fcr die Langlebigkeit seiner Bodenplatte.<\/p>\n<p style=\"text-align: justify;\"><img loading=\"lazy\" decoding=\"async\" class=\"aligncenter wp-image-498 size-full\" title=\"Berger Zeltteppich &quot;Exclusiv&quot; inklusive praktischer Tragetasche | ideal f\u00fcr Vorzelte\" src=\"https:\/\/www.schlanser.ch\/magazin\/wp-content\/uploads\/2016\/12\/Berger-Zeltteppich-Exclusiv-inklusive-praktischer-Tragetasche-ideal-f\u00fcr-Vorzelte.jpg\" alt=\"berger-zeltteppich-exclusiv-inklusive-praktischer-tragetasche-ideal-fuer-vorzelte\" width=\"600\" height=\"491\" srcset=\"https:\/\/www.schlanser.ch\/magazin\/wp-content\/uploads\/2016\/12\/Berger-Zeltteppich-Exclusiv-inklusive-praktischer-Tragetasche-ideal-f\u00fcr-Vorzelte.jpg 600w, https:\/\/www.schlanser.ch\/magazin\/wp-content\/uploads\/2016\/12\/Berger-Zeltteppich-Exclusiv-inklusive-praktischer-Tragetasche-ideal-f\u00fcr-Vorzelte-300x246.jpg 300w\" sizes=\"(max-width: 600px) 100vw, 600px\" \/><\/p>\n<p style=\"text-align: justify;\">Mit den Stecksystemen ist eine optimale Verlegung selbst bei abweichenden Massen realisierbar. Mehrheitlich sind Anpassungen durch Zuschnitt an den Seiten der Platten machbar. Wer mag, belegt anschliessend die Oberfl\u00e4che mit einem Vorzeltteppich im attraktiven Design.<\/p>\n<h2><img loading=\"lazy\" decoding=\"async\" class=\"alignleft wp-image-478 size-full\" title=\"Berger Allzweckplanen | wasserdicht &amp; UV-stabilisiert | auch als Zeltteppich oder Windschutz verwendbar\" src=\"https:\/\/www.schlanser.ch\/magazin\/wp-content\/uploads\/2016\/12\/Berger-Allzweckplanen-wasserdicht-und-UV-stabilisiert-auch-als-Zeltteppich-oder-Windschutz-verwendbar.jpg\" alt=\"berger-allzweckplanen-wasserdicht-und-uv-stabilisiert-auch-als-zeltteppich-oder-windschutz-verwendbar\" width=\"300\" height=\"202\" srcset=\"https:\/\/www.schlanser.ch\/magazin\/wp-content\/uploads\/2016\/12\/Berger-Allzweckplanen-wasserdicht-und-UV-stabilisiert-auch-als-Zeltteppich-oder-Windschutz-verwendbar.jpg 300w, https:\/\/www.schlanser.ch\/magazin\/wp-content\/uploads\/2016\/12\/Berger-Allzweckplanen-wasserdicht-und-UV-stabilisiert-auch-als-Zeltteppich-oder-Windschutz-verwendbar-110x75.jpg 110w\" sizes=\"(max-width: 300px) 100vw, 300px\" \/>Umlaufende Wassersperre<\/h2>\n<p style=\"text-align: justify;\">In Gegenden mit h\u00e4ufigen starken Regenf\u00e4llen oder dort, wo Lehm im Untergrund ein schnelles Versickern der Niederschl\u00e4ge verhindert, hilft eine extrastarke PVC-Folie mit aufblasbaren Seitenr\u00e4ndern. Da es sich hierbei um eine Massanfertigung handelt, sind exakte Angaben erforderlich. Die Plane wird unter den Zeltteppich verlegt und kommt erst im Notfall zum Einsatz. Jedes Seitenteil ist separat aufzupumpen, sodass der Eingangsbereich frei bleibt, bis die Gefahr ernst wird. Danach besteht ein Rundumschutz am Boden, der umlaufend acht Zentimeter hoch ist.<\/p>\n","protected":false},"excerpt":{"rendered":"<p>\u00ab Grundlage f\u00fcr Camper \u00bb Ein attraktiver Bodenbelag im Vorzelt sorgt f\u00fcr ein angenehmes Trittgef\u00fchl und ist zugleich zweckm\u00e4ssig und sinnvoll. Im fest aufgebauten Vorzelt geh\u00f6rt der Vorzeltteppich quasi zum Inventar. Doch auch Reisende wissen das Plus an Sauberkeit im Caravan dank Teppich zu sch\u00e4tzen. Den gestiegenen Komfort gibt es gratis dazu. Anspr\u00fcche an das &hellip;<\/p>\n","protected":false},"author":1,"featured_media":474,"comment_status":"closed","ping_status":"open","sticky":false,"template":"","format":"standard","meta":{"footnotes":""},"categories":[1],"tags":[70,66,18,69,65,64,67,68,62,71,63,23],"yoast_head":"<!-- This site is optimized with the Yoast SEO plugin v22.2 - https:\/\/yoast.com\/wordpress\/plugins\/seo\/ -->\n<title>Der Vorzeltteppich - Schlanser Magazin<\/title>\n<meta name=\"description\" content=\"Lesen Sie im Schlanser Magazin, welcher Vorzeltteppich sich f\u00fcr Ihre Ferien eignet \u2714 Ob ein Boden Sinn macht \u2714 Wie Sie verlegen &amp; befestigen \u2714\" \/>\n<meta name=\"robots\" content=\"index, follow, max-snippet:-1, max-image-preview:large, max-video-preview:-1\" \/>\n<link rel=\"canonical\" href=\"https:\/\/www.schlanser.ch\/magazin\/vorzeltteppich\/\" \/>\n<meta property=\"og:locale\" content=\"de_DE\" \/>\n<meta property=\"og:type\" content=\"article\" \/>\n<meta property=\"og:title\" content=\"Der Vorzeltteppich - Schlanser Magazin\" \/>\n<meta property=\"og:description\" content=\"Lesen Sie im Schlanser Magazin, welcher Vorzeltteppich sich f\u00fcr Ihre Ferien eignet \u2714 Ob ein Boden Sinn macht \u2714 Wie Sie verlegen &amp; befestigen \u2714\" \/>\n<meta property=\"og:url\" content=\"https:\/\/www.schlanser.ch\/magazin\/vorzeltteppich\/\" \/>\n<meta property=\"og:site_name\" content=\"Schlanser Magazin\" \/>\n<meta property=\"article:published_time\" content=\"2016-11-03T11:09:38+00:00\" \/>\n<meta property=\"article:modified_time\" content=\"2024-01-10T13:39:29+00:00\" \/>\n<meta property=\"og:image\" content=\"https:\/\/www.schlanser.ch\/magazin\/wp-content\/uploads\/2016\/12\/Der-Vorzeltteppich.jpg\" \/>\n\t<meta property=\"og:image:width\" content=\"660\" \/>\n\t<meta property=\"og:image:height\" content=\"330\" \/>\n\t<meta property=\"og:image:type\" content=\"image\/jpeg\" \/>\n<meta name=\"author\" content=\"admin\" \/>\n<meta name=\"twitter:card\" content=\"summary_large_image\" \/>\n<meta name=\"twitter:label1\" content=\"Verfasst von\" \/>\n\t<meta name=\"twitter:data1\" content=\"admin\" \/>\n\t<meta name=\"twitter:label2\" content=\"Gesch\u00e4tzte Lesezeit\" \/>\n\t<meta name=\"twitter:data2\" content=\"5 Minuten\" \/>\n<script type=\"application\/ld+json\" class=\"yoast-schema-graph\">{\"@context\":\"https:\/\/schema.org\",\"@graph\":[{\"@type\":\"WebPage\",\"@id\":\"https:\/\/www.schlanser.ch\/magazin\/vorzeltteppich\/\",\"url\":\"https:\/\/www.schlanser.ch\/magazin\/vorzeltteppich\/\",\"name\":\"Der Vorzeltteppich - Schlanser Magazin\",\"isPartOf\":{\"@id\":\"https:\/\/www.schlanser.ch\/magazin\/#website\"},\"primaryImageOfPage\":{\"@id\":\"https:\/\/www.schlanser.ch\/magazin\/vorzeltteppich\/#primaryimage\"},\"image\":{\"@id\":\"https:\/\/www.schlanser.ch\/magazin\/vorzeltteppich\/#primaryimage\"},\"thumbnailUrl\":\"https:\/\/www.schlanser.ch\/magazin\/wp-content\/uploads\/2016\/12\/Der-Vorzeltteppich.jpg\",\"datePublished\":\"2016-11-03T11:09:38+00:00\",\"dateModified\":\"2024-01-10T13:39:29+00:00\",\"author\":{\"@id\":\"https:\/\/www.schlanser.ch\/magazin\/#\/schema\/person\/000db0a103eb2594ba3daf394b1dfea2\"},\"description\":\"Lesen Sie im Schlanser Magazin, welcher Vorzeltteppich sich f\u00fcr Ihre Ferien eignet \u2714 Ob ein Boden Sinn macht \u2714 Wie Sie verlegen & befestigen \u2714\",\"breadcrumb\":{\"@id\":\"https:\/\/www.schlanser.ch\/magazin\/vorzeltteppich\/#breadcrumb\"},\"inLanguage\":\"de-DE\",\"potentialAction\":[{\"@type\":\"ReadAction\",\"target\":[\"https:\/\/www.schlanser.ch\/magazin\/vorzeltteppich\/\"]}]},{\"@type\":\"ImageObject\",\"inLanguage\":\"de-DE\",\"@id\":\"https:\/\/www.schlanser.ch\/magazin\/vorzeltteppich\/#primaryimage\",\"url\":\"https:\/\/www.schlanser.ch\/magazin\/wp-content\/uploads\/2016\/12\/Der-Vorzeltteppich.jpg\",\"contentUrl\":\"https:\/\/www.schlanser.ch\/magazin\/wp-content\/uploads\/2016\/12\/Der-Vorzeltteppich.jpg\",\"width\":660,\"height\":330},{\"@type\":\"BreadcrumbList\",\"@id\":\"https:\/\/www.schlanser.ch\/magazin\/vorzeltteppich\/#breadcrumb\",\"itemListElement\":[{\"@type\":\"ListItem\",\"position\":1,\"name\":\"Startseite\",\"item\":\"https:\/\/www.schlanser.ch\/magazin\/\"},{\"@type\":\"ListItem\",\"position\":2,\"name\":\"Der Vorzeltteppich\"}]},{\"@type\":\"WebSite\",\"@id\":\"https:\/\/www.schlanser.ch\/magazin\/#website\",\"url\":\"https:\/\/www.schlanser.ch\/magazin\/\",\"name\":\"Schlanser Magazin\",\"description\":\"\",\"potentialAction\":[{\"@type\":\"SearchAction\",\"target\":{\"@type\":\"EntryPoint\",\"urlTemplate\":\"https:\/\/www.schlanser.ch\/magazin\/?s={search_term_string}\"},\"query-input\":\"required name=search_term_string\"}],\"inLanguage\":\"de-DE\"},{\"@type\":\"Person\",\"@id\":\"https:\/\/www.schlanser.ch\/magazin\/#\/schema\/person\/000db0a103eb2594ba3daf394b1dfea2\",\"name\":\"admin\",\"image\":{\"@type\":\"ImageObject\",\"inLanguage\":\"de-DE\",\"@id\":\"https:\/\/www.schlanser.ch\/magazin\/#\/schema\/person\/image\/\",\"url\":\"https:\/\/secure.gravatar.com\/avatar\/a794a4fe8a9b9c52241597eb381dfa2e?s=96&d=mm&r=g\",\"contentUrl\":\"https:\/\/secure.gravatar.com\/avatar\/a794a4fe8a9b9c52241597eb381dfa2e?s=96&d=mm&r=g\",\"caption\":\"admin\"}}]}<\/script>\n<!-- \/ Yoast SEO plugin. -->","yoast_head_json":{"title":"Der Vorzeltteppich - Schlanser Magazin","description":"Lesen Sie im Schlanser Magazin, welcher Vorzeltteppich sich f\u00fcr Ihre Ferien eignet \u2714 Ob ein Boden Sinn macht \u2714 Wie Sie verlegen & befestigen \u2714","robots":{"index":"index","follow":"follow","max-snippet":"max-snippet:-1","max-image-preview":"max-image-preview:large","max-video-preview":"max-video-preview:-1"},"canonical":"https:\/\/www.schlanser.ch\/magazin\/vorzeltteppich\/","og_locale":"de_DE","og_type":"article","og_title":"Der Vorzeltteppich - Schlanser Magazin","og_description":"Lesen Sie im Schlanser Magazin, welcher Vorzeltteppich sich f\u00fcr Ihre Ferien eignet \u2714 Ob ein Boden Sinn macht \u2714 Wie Sie verlegen & befestigen \u2714","og_url":"https:\/\/www.schlanser.ch\/magazin\/vorzeltteppich\/","og_site_name":"Schlanser Magazin","article_published_time":"2016-11-03T11:09:38+00:00","article_modified_time":"2024-01-10T13:39:29+00:00","og_image":[{"width":660,"height":330,"url":"https:\/\/www.schlanser.ch\/magazin\/wp-content\/uploads\/2016\/12\/Der-Vorzeltteppich.jpg","type":"image\/jpeg"}],"author":"admin","twitter_card":"summary_large_image","twitter_misc":{"Verfasst von":"admin","Gesch\u00e4tzte Lesezeit":"5 Minuten"},"schema":{"@context":"https:\/\/schema.org","@graph":[{"@type":"WebPage","@id":"https:\/\/www.schlanser.ch\/magazin\/vorzeltteppich\/","url":"https:\/\/www.schlanser.ch\/magazin\/vorzeltteppich\/","name":"Der Vorzeltteppich - Schlanser Magazin","isPartOf":{"@id":"https:\/\/www.schlanser.ch\/magazin\/#website"},"primaryImageOfPage":{"@id":"https:\/\/www.schlanser.ch\/magazin\/vorzeltteppich\/#primaryimage"},"image":{"@id":"https:\/\/www.schlanser.ch\/magazin\/vorzeltteppich\/#primaryimage"},"thumbnailUrl":"https:\/\/www.schlanser.ch\/magazin\/wp-content\/uploads\/2016\/12\/Der-Vorzeltteppich.jpg","datePublished":"2016-11-03T11:09:38+00:00","dateModified":"2024-01-10T13:39:29+00:00","author":{"@id":"https:\/\/www.schlanser.ch\/magazin\/#\/schema\/person\/000db0a103eb2594ba3daf394b1dfea2"},"description":"Lesen Sie im Schlanser Magazin, welcher Vorzeltteppich sich f\u00fcr Ihre Ferien eignet \u2714 Ob ein Boden Sinn macht \u2714 Wie Sie verlegen & befestigen \u2714","breadcrumb":{"@id":"https:\/\/www.schlanser.ch\/magazin\/vorzeltteppich\/#breadcrumb"},"inLanguage":"de-DE","potentialAction":[{"@type":"ReadAction","target":["https:\/\/www.schlanser.ch\/magazin\/vorzeltteppich\/"]}]},{"@type":"ImageObject","inLanguage":"de-DE","@id":"https:\/\/www.schlanser.ch\/magazin\/vorzeltteppich\/#primaryimage","url":"https:\/\/www.schlanser.ch\/magazin\/wp-content\/uploads\/2016\/12\/Der-Vorzeltteppich.jpg","contentUrl":"https:\/\/www.schlanser.ch\/magazin\/wp-content\/uploads\/2016\/12\/Der-Vorzeltteppich.jpg","width":660,"height":330},{"@type":"BreadcrumbList","@id":"https:\/\/www.schlanser.ch\/magazin\/vorzeltteppich\/#breadcrumb","itemListElement":[{"@type":"ListItem","position":1,"name":"Startseite","item":"https:\/\/www.schlanser.ch\/magazin\/"},{"@type":"ListItem","position":2,"name":"Der Vorzeltteppich"}]},{"@type":"WebSite","@id":"https:\/\/www.schlanser.ch\/magazin\/#website","url":"https:\/\/www.schlanser.ch\/magazin\/","name":"Schlanser Magazin","description":"","potentialAction":[{"@type":"SearchAction","target":{"@type":"EntryPoint","urlTemplate":"https:\/\/www.schlanser.ch\/magazin\/?s={search_term_string}"},"query-input":"required name=search_term_string"}],"inLanguage":"de-DE"},{"@type":"Person","@id":"https:\/\/www.schlanser.ch\/magazin\/#\/schema\/person\/000db0a103eb2594ba3daf394b1dfea2","name":"admin","image":{"@type":"ImageObject","inLanguage":"de-DE","@id":"https:\/\/www.schlanser.ch\/magazin\/#\/schema\/person\/image\/","url":"https:\/\/secure.gravatar.com\/avatar\/a794a4fe8a9b9c52241597eb381dfa2e?s=96&d=mm&r=g","contentUrl":"https:\/\/secure.gravatar.com\/avatar\/a794a4fe8a9b9c52241597eb381dfa2e?s=96&d=mm&r=g","caption":"admin"}}]}},"_links":{"self":[{"href":"https:\/\/www.schlanser.ch\/magazin\/wp-json\/wp\/v2\/posts\/472"}],"collection":[{"href":"https:\/\/www.schlanser.ch\/magazin\/wp-json\/wp\/v2\/posts"}],"about":[{"href":"https:\/\/www.schlanser.ch\/magazin\/wp-json\/wp\/v2\/types\/post"}],"author":[{"embeddable":true,"href":"https:\/\/www.schlanser.ch\/magazin\/wp-json\/wp\/v2\/users\/1"}],"replies":[{"embeddable":true,"href":"https:\/\/www.schlanser.ch\/magazin\/wp-json\/wp\/v2\/comments?post=472"}],"version-history":[{"count":42,"href":"https:\/\/www.schlanser.ch\/magazin\/wp-json\/wp\/v2\/posts\/472\/revisions"}],"predecessor-version":[{"id":16703,"href":"https:\/\/www.schlanser.ch\/magazin\/wp-json\/wp\/v2\/posts\/472\/revisions\/16703"}],"wp:featuredmedia":[{"embeddable":true,"href":"https:\/\/www.schlanser.ch\/magazin\/wp-json\/wp\/v2\/media\/474"}],"wp:attachment":[{"href":"https:\/\/www.schlanser.ch\/magazin\/wp-json\/wp\/v2\/media?parent=472"}],"wp:term":[{"taxonomy":"category","embeddable":true,"href":"https:\/\/www.schlanser.ch\/magazin\/wp-json\/wp\/v2\/categories?post=472"},{"taxonomy":"post_tag","embeddable":true,"href":"https:\/\/www.schlanser.ch\/magazin\/wp-json\/wp\/v2\/tags?post=472"}],"curies":[{"name":"wp","href":"https:\/\/api.w.org\/{rel}","templated":true}]}}