{"id":4894,"date":"2018-07-10T12:19:30","date_gmt":"2018-07-10T10:19:30","guid":{"rendered":"https:\/\/www.schlanser.ch\/magazin\/?p=4894"},"modified":"2023-01-10T12:59:29","modified_gmt":"2023-01-10T11:59:29","slug":"camping-gardasee","status":"publish","type":"post","link":"https:\/\/www.schlanser.ch\/magazin\/camping-gardasee\/","title":{"rendered":"Camping am Gardasee"},"content":{"rendered":"<h2>\u00ab Alles zu Campingpl\u00e4tzen und Sehensw\u00fcrdigkeiten \u00bb<\/h2>\n<p style=\"text-align: justify;\"><strong>Das mediterrane Klima am Gardasee ist hausgemacht. Die enormen Wassermassen zwischen den Bergen im Norden und der Po-Ebene im S\u00fcden schaffen ein eigenes Mikroklima mit angenehmen Temperaturen und unbeschwerter Lebensart. Die Italiener verbringen hier selbst gerne ihre Ferien, doch auch aus \u00d6sterreich erreichen j\u00e4hrlich zahlreiche Erholungsuchende den malerisch gelegenen See \u00fcber die Brennerautobahn. Aus der Schweiz kommend liegen Ihnen die warmen Gestade am S\u00fcdufer fast so nah wie der n\u00f6rdliche Teil mit seinen Zweitausendern. In der auf Tourismus eingestellten Region finden Sie einen Campingplatz sowohl im oberen wie im unteren Teil des Lago di Garda.<\/strong><\/p>\n<h2>Gepflegte Ferienregion bequem erreichbar<\/h2>\n<p style=\"text-align: justify;\">Gut ausgebaute Strassen f\u00fchren von der Schweiz direkt an den Gardasee. Das schon seit vielen Jahrhunderten beliebte Ferienareal ist optimal auf internationale Ferieng\u00e4ste eingestellt. Im Sommer finden sich mehr ge\u00f6ffnete Campingpl\u00e4tze als in der Nebensaison. Dennoch erleben Sie in Bella Italia auch im Winter eine kleine Auszeit. Die einfache Anreise mit dem Auto legt die Nutzung des eigenen Campers nahe.<\/p>\n<p style=\"text-align: justify;\">Ein gut ausgebautes Netz \u00f6ffentlicher Verkehrsmittel erlaubt auch Reisenden mit schmalem Geldbeutel, die Ferien an Norditaliens sch\u00f6nem See auf einem Campingplatz zu verbringen. Wie an fast allen attraktiven Reisezielen existiert auch ein ansprechendes Angebot an Mietobjekten f\u00fcr Glamping auf hohem Niveau.<\/p>\n<figure id=\"attachment_4917\" aria-describedby=\"caption-attachment-4917\" style=\"width: 600px\" class=\"wp-caption aligncenter\"><img loading=\"lazy\" decoding=\"async\" class=\"wp-image-4917 size-full\" title=\"Strasse am Gardasee\" src=\"https:\/\/www.schlanser.ch\/magazin\/wp-content\/uploads\/2018\/08\/Strasse-am-Gardasee.jpg\" alt=\"Strasse am Gardasee\" width=\"600\" height=\"394\" srcset=\"https:\/\/www.schlanser.ch\/magazin\/wp-content\/uploads\/2018\/08\/Strasse-am-Gardasee.jpg 600w, https:\/\/www.schlanser.ch\/magazin\/wp-content\/uploads\/2018\/08\/Strasse-am-Gardasee-300x197.jpg 300w, https:\/\/www.schlanser.ch\/magazin\/wp-content\/uploads\/2018\/08\/Strasse-am-Gardasee-310x205.jpg 310w\" sizes=\"(max-width: 600px) 100vw, 600px\" \/><figcaption id=\"caption-attachment-4917\" class=\"wp-caption-text\">\u00a9 DOC RABE Media \/ Fotolia.com<\/figcaption><\/figure>\n<h2>Spass f\u00fcr die ganze Familie<\/h2>\n<p style=\"text-align: justify;\">Am s\u00fcd\u00f6stlichen Ufer des Gardasees bem\u00fchen sich gleich zwei Themenparks um die Gunst der Besucher: die Canevaworld in Fossalata und das Gardaland in Castelnuovo mit seiner 33 Hektar grossen Anlage. Aufgrund des Besucherandrangs gelingt es kaum, an einem Tag alle Fahrgesch\u00e4fte zu nutzen und in die zahlreichen Erlebniswelten einzutauchen. Die meisten Vergn\u00fcgungsparks bieten genug Attraktionen f\u00fcr einen zweit\u00e4gigen Aufenthalt. Wer seinen Camper auf einem Campingplatz in der N\u00e4he abstellt, kann sich zumindest die Unterbringungskosten im Hotel sparen.<\/p>\n<p style=\"text-align: justify;\">Das Gardaland wartet mit Programmen f\u00fcr grosse und kleine G\u00e4ste auf und das Maskottchen Prezzemolo erfreut sich in Italien einer eigenen Kinderserie im TV. In der Canevaworld erleben Sie in den Movieland Studios atemberaubende Stunt-Shows \u00e0 la Hollywood. Ein tolles Erlebnis f\u00fcr einen Kurztrip am Wochenende mit Camping am Gardasee.<\/p>\n<figure id=\"attachment_4898\" aria-describedby=\"caption-attachment-4898\" style=\"width: 600px\" class=\"wp-caption aligncenter\"><img loading=\"lazy\" decoding=\"async\" class=\"wp-image-4898 size-full\" title=\"Gardaland-Freizeitpark in Castelnuovo del Garda\" src=\"https:\/\/www.schlanser.ch\/magazin\/wp-content\/uploads\/2018\/08\/Gardaland-Freizeitpark.jpg\" alt=\"Gardaland-Freizeitpark\" width=\"600\" height=\"400\" srcset=\"https:\/\/www.schlanser.ch\/magazin\/wp-content\/uploads\/2018\/08\/Gardaland-Freizeitpark.jpg 600w, https:\/\/www.schlanser.ch\/magazin\/wp-content\/uploads\/2018\/08\/Gardaland-Freizeitpark-300x200.jpg 300w\" sizes=\"(max-width: 600px) 100vw, 600px\" \/><figcaption id=\"caption-attachment-4898\" class=\"wp-caption-text\">\u00a9 isaac74 \/ Fotolia.com<\/figcaption><\/figure>\n<h2>Antikes Wellness in der Lombardei<\/h2>\n<p style=\"text-align: justify;\">Vermutlich ist es der Besuch im Themenpark, von dem die Kinder nach den Ferien noch lange schw\u00e4rmen. In Sirmione geniessen Sie dagegen Ruhe und sch\u00f6pfen Kraft in der historischen Altstadt. Lernen die antiken Erholungszentren hochgestellter R\u00f6mer kennen! Sie werden erleben, dass Sirmione mit seiner unvergleichlichen Lage auf einer weit in den Gardasee hineinragenden Halbinsel noch immer zu den sch\u00f6nsten Ferienorten z\u00e4hlt.<\/p>\n<p style=\"text-align: justify;\">Den guten Ruf hat der Ort \u00fcbrigens seinen heilsamen Quellen zu verdanken, die bis heute ihre Wirkung entfalten. Um einen Stellplatz f\u00fcr Wohnmobil oder Gespann auf einem Campingplatz in unmittelbarer N\u00e4he zum Wasser zu finden, ist es klug, vorab die Verf\u00fcgbarkeit zu pr\u00fcfen.<\/p>\n<figure id=\"attachment_4901\" aria-describedby=\"caption-attachment-4901\" style=\"width: 600px\" class=\"wp-caption aligncenter\"><img loading=\"lazy\" decoding=\"async\" class=\"wp-image-4901 size-full\" title=\"Motorboot im Hafen von Sirmione vor dem Castello Scaligero am Gardasee\" src=\"https:\/\/www.schlanser.ch\/magazin\/wp-content\/uploads\/2018\/08\/Motorboot-im-Hafen-von-Sirmione-vor-dem-Castello-Scaligero-am-Gardasee.jpg\" alt=\"Motorboot im Hafen von Sirmione vor dem Castello Scaligero am Gardasee\" width=\"600\" height=\"400\" srcset=\"https:\/\/www.schlanser.ch\/magazin\/wp-content\/uploads\/2018\/08\/Motorboot-im-Hafen-von-Sirmione-vor-dem-Castello-Scaligero-am-Gardasee.jpg 600w, https:\/\/www.schlanser.ch\/magazin\/wp-content\/uploads\/2018\/08\/Motorboot-im-Hafen-von-Sirmione-vor-dem-Castello-Scaligero-am-Gardasee-300x200.jpg 300w\" sizes=\"(max-width: 600px) 100vw, 600px\" \/><figcaption id=\"caption-attachment-4901\" class=\"wp-caption-text\">\u00a9 Thomas Hecker \/ Fotolia.com<\/figcaption><\/figure>\n<h2>Ein Engl\u00e4nder in Italien<\/h2>\n<p style=\"text-align: justify;\">Dem St\u00e4dtchen Verona hat Shakespeare mit der Romanze von &#8222;Romeo und Julia&#8220; ein unsterbliches Denkmal gesetzt. Verona ist wie gemacht f\u00fcr Verliebte, die sich auf die Spuren des englischen Dichterf\u00fcrsten begeben. Hier steht das Haus der Julia mit seinem ber\u00fchmten Balkon und wer mehr shakespearesche Orte erleben will, bucht am besten eine Tour mit Guide. Doch auch ganz ohne Reisef\u00fchrer er\u00f6ffnen sich dem Besucher eine malerische lombardische Stadt und das echte Italien. Nutzen Sie die Gelegenheit zum Besuch in der Open Air Oper Arena di Verona.<\/p>\n<figure id=\"attachment_4905\" aria-describedby=\"caption-attachment-4905\" style=\"width: 600px\" class=\"wp-caption aligncenter\"><img loading=\"lazy\" decoding=\"async\" class=\"wp-image-4905 size-full\" title=\"Verona, Italien\" src=\"https:\/\/www.schlanser.ch\/magazin\/wp-content\/uploads\/2018\/08\/Verona-Italien.jpg\" alt=\"Verona Italien\" width=\"600\" height=\"400\" srcset=\"https:\/\/www.schlanser.ch\/magazin\/wp-content\/uploads\/2018\/08\/Verona-Italien.jpg 600w, https:\/\/www.schlanser.ch\/magazin\/wp-content\/uploads\/2018\/08\/Verona-Italien-300x200.jpg 300w\" sizes=\"(max-width: 600px) 100vw, 600px\" \/><figcaption id=\"caption-attachment-4905\" class=\"wp-caption-text\">\u00a9 xbrchx \/ Fotolia.com<\/figcaption><\/figure>\n<h2>Badehose, Sonnenschirm und ab zum Strand!<\/h2>\n<p style=\"text-align: justify;\">Neben Aquaparks und Poolanlagen zieht der See selbst Wasserratten und Sportler an. Zwischen den Aktivit\u00e4ten bleibt noch genug Zeit f\u00fcr die Sehensw\u00fcrdigkeiten am Gardasee.<\/p>\n<p style=\"text-align: justify;\">Eine Vielzahl von Anlagen hat sich auf Aktivurlauber eingestellt und bietet das aktuelle Segment des <a href=\"https:\/\/www.schlanser.ch\/outdoor-freizeit\/wasserwelt\/\">Wassersports<\/a> an &#8211; und das hat es in sich: Von Windsurfen und Segeln auf dem Untersee bis zum Wildwasserrafting im Norden ist alles dabei. F\u00fcr Strandferien m\u00fcssen Sie die Region nicht einmal verlassen. Badeg\u00e4ste freuen sich \u00fcber die zahlreichen kleinen Buchten.<\/p>\n<p style=\"text-align: justify;\">Manche geh\u00f6ren zu einem Campingplatz wie in Bardolino. In Garda und Lazise sind die Ufer ebenfalls von Sandstrand ges\u00e4umt. Etwas ruhiger geht es am Lago di Ledro zu, einem Badesee oberhalb von Riva del Garda. Der Besuch der Badestr\u00e4nde ist mancherorts kostenpflichtig und f\u00fcr den geliebten Vierbeiner sind speziell eingerichtete Hundestr\u00e4nde vorgesehen.<\/p>\n<figure id=\"attachment_4911\" aria-describedby=\"caption-attachment-4911\" style=\"width: 600px\" class=\"wp-caption aligncenter\"><img loading=\"lazy\" decoding=\"async\" class=\"wp-image-4911 size-full\" title=\"Riva del Garda\" src=\"https:\/\/www.schlanser.ch\/magazin\/wp-content\/uploads\/2018\/08\/Riva-del-Garda.jpg\" alt=\"Riva del Garda\" width=\"600\" height=\"400\" srcset=\"https:\/\/www.schlanser.ch\/magazin\/wp-content\/uploads\/2018\/08\/Riva-del-Garda.jpg 600w, https:\/\/www.schlanser.ch\/magazin\/wp-content\/uploads\/2018\/08\/Riva-del-Garda-300x200.jpg 300w\" sizes=\"(max-width: 600px) 100vw, 600px\" \/><figcaption id=\"caption-attachment-4911\" class=\"wp-caption-text\">\u00a9 EwaStudio \/ Fotolia.com<\/figcaption><\/figure>\n<h2>Badeferien mit einem Schuss Nervenkitzel<\/h2>\n<p style=\"text-align: justify;\">In Richtung S\u00fcdtirol verengt sich der Gardasee und liegt eingebettet in einer gebirgigen Landschaft. Das gegen\u00fcberliegende Ufer scheint zum Greifen nah. Nahe Arco erwartet Sie der Abenteuer Park Busatte Adventure mit seinem Hochseilgarten und einer BMX-Bahn. Velos, Helme und Schutzkleidung sind gegen ein geringes Entgelt zu mieten.<\/p>\n<p style=\"text-align: justify;\">In dieser Region ist die Auswahl an Campingpl\u00e4tzen deutlich kleiner als im S\u00fcden. Auf dem Campingplatz Taroadi finden Sie dennoch einen Stellplatz direkt am Wasser. Wer nicht mit dem eigenen Camper anreisen m\u00f6chte, kann hier auch eine Mietunterkunft beziehen. Mobilheime f\u00fcr 2 bis 5 Personen sind im Angebot. Die zum Teil beschatteten Campingpl\u00e4tze am Gardasee eignen sich auch f\u00fcr <a href=\"https:\/\/www.schlanser.ch\/zelte\/campingzelte\/\">Camping im Zelt<\/a> hervorragend.<\/p>\n<p>Mehr zum\u00a0Campingurlaub am Gardasee im zweiten Teil!<\/p>\n<figure id=\"attachment_4914\" aria-describedby=\"caption-attachment-4914\" style=\"width: 600px\" class=\"wp-caption aligncenter\"><img loading=\"lazy\" decoding=\"async\" class=\"wp-image-4914 size-full\" title=\"Panoramaweg Busatte\" src=\"https:\/\/www.schlanser.ch\/magazin\/wp-content\/uploads\/2018\/08\/Panoramaweg-Busatte.jpg\" alt=\"Panoramaweg Busatte\" width=\"600\" height=\"400\" srcset=\"https:\/\/www.schlanser.ch\/magazin\/wp-content\/uploads\/2018\/08\/Panoramaweg-Busatte.jpg 600w, https:\/\/www.schlanser.ch\/magazin\/wp-content\/uploads\/2018\/08\/Panoramaweg-Busatte-300x200.jpg 300w\" sizes=\"(max-width: 600px) 100vw, 600px\" \/><figcaption id=\"caption-attachment-4914\" class=\"wp-caption-text\">\u00a9 isaac74 \/ Fotolia.com<\/figcaption><\/figure>\n","protected":false},"excerpt":{"rendered":"<p>\u00ab Alles zu Campingpl\u00e4tzen und Sehensw\u00fcrdigkeiten \u00bb Das mediterrane Klima am Gardasee ist hausgemacht. Die enormen Wassermassen zwischen den Bergen im Norden und der Po-Ebene im S\u00fcden schaffen ein eigenes Mikroklima mit angenehmen Temperaturen und unbeschwerter Lebensart. Die Italiener verbringen hier selbst gerne ihre Ferien, doch auch aus \u00d6sterreich erreichen j\u00e4hrlich zahlreiche Erholungsuchende den malerisch &hellip;<\/p>\n","protected":false},"author":1,"featured_media":4897,"comment_status":"closed","ping_status":"open","sticky":false,"template":"","format":"standard","meta":{"footnotes":""},"categories":[2],"tags":[201,407,34,261,254],"yoast_head":"<!-- This site is optimized with the Yoast SEO plugin v22.2 - https:\/\/yoast.com\/wordpress\/plugins\/seo\/ -->\n<title>Camping am Gardasee - Schlanser Magazin<\/title>\n<meta name=\"description\" content=\"Das Schlanser Magazin erkl\u00e4rt die Sch\u00f6nheit des Gardasees: Lernen Sie Campingpl\u00e4tze Orte Sehensw\u00fcrdigkeiten rund um den See kennen \u2714\" \/>\n<meta name=\"robots\" content=\"noindex, follow\" \/>\n<meta property=\"og:locale\" content=\"de_DE\" \/>\n<meta property=\"og:type\" content=\"article\" \/>\n<meta property=\"og:title\" content=\"Camping am Gardasee - Schlanser Magazin\" \/>\n<meta property=\"og:description\" content=\"Das Schlanser Magazin erkl\u00e4rt die Sch\u00f6nheit des Gardasees: Lernen Sie Campingpl\u00e4tze Orte Sehensw\u00fcrdigkeiten rund um den See kennen \u2714\" \/>\n<meta property=\"og:url\" content=\"https:\/\/www.schlanser.ch\/magazin\/camping-gardasee\/\" \/>\n<meta property=\"og:site_name\" content=\"Schlanser Magazin\" \/>\n<meta property=\"article:published_time\" content=\"2018-07-10T10:19:30+00:00\" \/>\n<meta property=\"article:modified_time\" content=\"2023-01-10T11:59:29+00:00\" \/>\n<meta property=\"og:image\" content=\"https:\/\/www.schlanser.ch\/magazin\/wp-content\/uploads\/2018\/08\/Camping-am-Gardasee.jpg\" \/>\n\t<meta property=\"og:image:width\" content=\"800\" \/>\n\t<meta property=\"og:image:height\" content=\"462\" \/>\n\t<meta property=\"og:image:type\" content=\"image\/jpeg\" \/>\n<meta name=\"author\" content=\"admin\" \/>\n<meta name=\"twitter:card\" content=\"summary_large_image\" \/>\n<meta name=\"twitter:label1\" content=\"Verfasst von\" \/>\n\t<meta name=\"twitter:data1\" content=\"admin\" \/>\n\t<meta name=\"twitter:label2\" content=\"Gesch\u00e4tzte Lesezeit\" \/>\n\t<meta name=\"twitter:data2\" content=\"6 Minuten\" \/>\n<script type=\"application\/ld+json\" class=\"yoast-schema-graph\">{\"@context\":\"https:\/\/schema.org\",\"@graph\":[{\"@type\":\"WebPage\",\"@id\":\"https:\/\/www.schlanser.ch\/magazin\/camping-gardasee\/\",\"url\":\"https:\/\/www.schlanser.ch\/magazin\/camping-gardasee\/\",\"name\":\"Camping am Gardasee - Schlanser Magazin\",\"isPartOf\":{\"@id\":\"https:\/\/www.schlanser.ch\/magazin\/#website\"},\"primaryImageOfPage\":{\"@id\":\"https:\/\/www.schlanser.ch\/magazin\/camping-gardasee\/#primaryimage\"},\"image\":{\"@id\":\"https:\/\/www.schlanser.ch\/magazin\/camping-gardasee\/#primaryimage\"},\"thumbnailUrl\":\"https:\/\/www.schlanser.ch\/magazin\/wp-content\/uploads\/2018\/08\/Camping-am-Gardasee.jpg\",\"datePublished\":\"2018-07-10T10:19:30+00:00\",\"dateModified\":\"2023-01-10T11:59:29+00:00\",\"author\":{\"@id\":\"https:\/\/www.schlanser.ch\/magazin\/#\/schema\/person\/000db0a103eb2594ba3daf394b1dfea2\"},\"description\":\"Das Schlanser Magazin erkl\u00e4rt die Sch\u00f6nheit des Gardasees: Lernen Sie Campingpl\u00e4tze Orte Sehensw\u00fcrdigkeiten rund um den See kennen \u2714\",\"breadcrumb\":{\"@id\":\"https:\/\/www.schlanser.ch\/magazin\/camping-gardasee\/#breadcrumb\"},\"inLanguage\":\"de-DE\",\"potentialAction\":[{\"@type\":\"ReadAction\",\"target\":[\"https:\/\/www.schlanser.ch\/magazin\/camping-gardasee\/\"]}]},{\"@type\":\"ImageObject\",\"inLanguage\":\"de-DE\",\"@id\":\"https:\/\/www.schlanser.ch\/magazin\/camping-gardasee\/#primaryimage\",\"url\":\"https:\/\/www.schlanser.ch\/magazin\/wp-content\/uploads\/2018\/08\/Camping-am-Gardasee.jpg\",\"contentUrl\":\"https:\/\/www.schlanser.ch\/magazin\/wp-content\/uploads\/2018\/08\/Camping-am-Gardasee.jpg\",\"width\":800,\"height\":462,\"caption\":\"\u00a9 photog.raph \/ Fotolia.com\"},{\"@type\":\"BreadcrumbList\",\"@id\":\"https:\/\/www.schlanser.ch\/magazin\/camping-gardasee\/#breadcrumb\",\"itemListElement\":[{\"@type\":\"ListItem\",\"position\":1,\"name\":\"Startseite\",\"item\":\"https:\/\/www.schlanser.ch\/magazin\/\"},{\"@type\":\"ListItem\",\"position\":2,\"name\":\"Camping am Gardasee\"}]},{\"@type\":\"WebSite\",\"@id\":\"https:\/\/www.schlanser.ch\/magazin\/#website\",\"url\":\"https:\/\/www.schlanser.ch\/magazin\/\",\"name\":\"Schlanser Magazin\",\"description\":\"\",\"potentialAction\":[{\"@type\":\"SearchAction\",\"target\":{\"@type\":\"EntryPoint\",\"urlTemplate\":\"https:\/\/www.schlanser.ch\/magazin\/?s={search_term_string}\"},\"query-input\":\"required name=search_term_string\"}],\"inLanguage\":\"de-DE\"},{\"@type\":\"Person\",\"@id\":\"https:\/\/www.schlanser.ch\/magazin\/#\/schema\/person\/000db0a103eb2594ba3daf394b1dfea2\",\"name\":\"admin\",\"image\":{\"@type\":\"ImageObject\",\"inLanguage\":\"de-DE\",\"@id\":\"https:\/\/www.schlanser.ch\/magazin\/#\/schema\/person\/image\/\",\"url\":\"https:\/\/secure.gravatar.com\/avatar\/a794a4fe8a9b9c52241597eb381dfa2e?s=96&d=mm&r=g\",\"contentUrl\":\"https:\/\/secure.gravatar.com\/avatar\/a794a4fe8a9b9c52241597eb381dfa2e?s=96&d=mm&r=g\",\"caption\":\"admin\"}}]}<\/script>\n<!-- \/ Yoast SEO plugin. -->","yoast_head_json":{"title":"Camping am Gardasee - Schlanser Magazin","description":"Das Schlanser Magazin erkl\u00e4rt die Sch\u00f6nheit des Gardasees: Lernen Sie Campingpl\u00e4tze Orte Sehensw\u00fcrdigkeiten rund um den See kennen \u2714","robots":{"index":"noindex","follow":"follow"},"og_locale":"de_DE","og_type":"article","og_title":"Camping am Gardasee - Schlanser Magazin","og_description":"Das Schlanser Magazin erkl\u00e4rt die Sch\u00f6nheit des Gardasees: Lernen Sie Campingpl\u00e4tze Orte Sehensw\u00fcrdigkeiten rund um den See kennen \u2714","og_url":"https:\/\/www.schlanser.ch\/magazin\/camping-gardasee\/","og_site_name":"Schlanser Magazin","article_published_time":"2018-07-10T10:19:30+00:00","article_modified_time":"2023-01-10T11:59:29+00:00","og_image":[{"width":800,"height":462,"url":"https:\/\/www.schlanser.ch\/magazin\/wp-content\/uploads\/2018\/08\/Camping-am-Gardasee.jpg","type":"image\/jpeg"}],"author":"admin","twitter_card":"summary_large_image","twitter_misc":{"Verfasst von":"admin","Gesch\u00e4tzte Lesezeit":"6 Minuten"},"schema":{"@context":"https:\/\/schema.org","@graph":[{"@type":"WebPage","@id":"https:\/\/www.schlanser.ch\/magazin\/camping-gardasee\/","url":"https:\/\/www.schlanser.ch\/magazin\/camping-gardasee\/","name":"Camping am Gardasee - Schlanser Magazin","isPartOf":{"@id":"https:\/\/www.schlanser.ch\/magazin\/#website"},"primaryImageOfPage":{"@id":"https:\/\/www.schlanser.ch\/magazin\/camping-gardasee\/#primaryimage"},"image":{"@id":"https:\/\/www.schlanser.ch\/magazin\/camping-gardasee\/#primaryimage"},"thumbnailUrl":"https:\/\/www.schlanser.ch\/magazin\/wp-content\/uploads\/2018\/08\/Camping-am-Gardasee.jpg","datePublished":"2018-07-10T10:19:30+00:00","dateModified":"2023-01-10T11:59:29+00:00","author":{"@id":"https:\/\/www.schlanser.ch\/magazin\/#\/schema\/person\/000db0a103eb2594ba3daf394b1dfea2"},"description":"Das Schlanser Magazin erkl\u00e4rt die Sch\u00f6nheit des Gardasees: Lernen Sie Campingpl\u00e4tze Orte Sehensw\u00fcrdigkeiten rund um den See kennen \u2714","breadcrumb":{"@id":"https:\/\/www.schlanser.ch\/magazin\/camping-gardasee\/#breadcrumb"},"inLanguage":"de-DE","potentialAction":[{"@type":"ReadAction","target":["https:\/\/www.schlanser.ch\/magazin\/camping-gardasee\/"]}]},{"@type":"ImageObject","inLanguage":"de-DE","@id":"https:\/\/www.schlanser.ch\/magazin\/camping-gardasee\/#primaryimage","url":"https:\/\/www.schlanser.ch\/magazin\/wp-content\/uploads\/2018\/08\/Camping-am-Gardasee.jpg","contentUrl":"https:\/\/www.schlanser.ch\/magazin\/wp-content\/uploads\/2018\/08\/Camping-am-Gardasee.jpg","width":800,"height":462,"caption":"\u00a9 photog.raph \/ Fotolia.com"},{"@type":"BreadcrumbList","@id":"https:\/\/www.schlanser.ch\/magazin\/camping-gardasee\/#breadcrumb","itemListElement":[{"@type":"ListItem","position":1,"name":"Startseite","item":"https:\/\/www.schlanser.ch\/magazin\/"},{"@type":"ListItem","position":2,"name":"Camping am Gardasee"}]},{"@type":"WebSite","@id":"https:\/\/www.schlanser.ch\/magazin\/#website","url":"https:\/\/www.schlanser.ch\/magazin\/","name":"Schlanser Magazin","description":"","potentialAction":[{"@type":"SearchAction","target":{"@type":"EntryPoint","urlTemplate":"https:\/\/www.schlanser.ch\/magazin\/?s={search_term_string}"},"query-input":"required name=search_term_string"}],"inLanguage":"de-DE"},{"@type":"Person","@id":"https:\/\/www.schlanser.ch\/magazin\/#\/schema\/person\/000db0a103eb2594ba3daf394b1dfea2","name":"admin","image":{"@type":"ImageObject","inLanguage":"de-DE","@id":"https:\/\/www.schlanser.ch\/magazin\/#\/schema\/person\/image\/","url":"https:\/\/secure.gravatar.com\/avatar\/a794a4fe8a9b9c52241597eb381dfa2e?s=96&d=mm&r=g","contentUrl":"https:\/\/secure.gravatar.com\/avatar\/a794a4fe8a9b9c52241597eb381dfa2e?s=96&d=mm&r=g","caption":"admin"}}]}},"_links":{"self":[{"href":"https:\/\/www.schlanser.ch\/magazin\/wp-json\/wp\/v2\/posts\/4894"}],"collection":[{"href":"https:\/\/www.schlanser.ch\/magazin\/wp-json\/wp\/v2\/posts"}],"about":[{"href":"https:\/\/www.schlanser.ch\/magazin\/wp-json\/wp\/v2\/types\/post"}],"author":[{"embeddable":true,"href":"https:\/\/www.schlanser.ch\/magazin\/wp-json\/wp\/v2\/users\/1"}],"replies":[{"embeddable":true,"href":"https:\/\/www.schlanser.ch\/magazin\/wp-json\/wp\/v2\/comments?post=4894"}],"version-history":[{"count":21,"href":"https:\/\/www.schlanser.ch\/magazin\/wp-json\/wp\/v2\/posts\/4894\/revisions"}],"predecessor-version":[{"id":5033,"href":"https:\/\/www.schlanser.ch\/magazin\/wp-json\/wp\/v2\/posts\/4894\/revisions\/5033"}],"wp:featuredmedia":[{"embeddable":true,"href":"https:\/\/www.schlanser.ch\/magazin\/wp-json\/wp\/v2\/media\/4897"}],"wp:attachment":[{"href":"https:\/\/www.schlanser.ch\/magazin\/wp-json\/wp\/v2\/media?parent=4894"}],"wp:term":[{"taxonomy":"category","embeddable":true,"href":"https:\/\/www.schlanser.ch\/magazin\/wp-json\/wp\/v2\/categories?post=4894"},{"taxonomy":"post_tag","embeddable":true,"href":"https:\/\/www.schlanser.ch\/magazin\/wp-json\/wp\/v2\/tags?post=4894"}],"curies":[{"name":"wp","href":"https:\/\/api.w.org\/{rel}","templated":true}]}}