{"id":4984,"date":"2018-07-24T11:35:51","date_gmt":"2018-07-24T09:35:51","guid":{"rendered":"https:\/\/www.schlanser.ch\/magazin\/?p=4984"},"modified":"2025-06-23T17:17:05","modified_gmt":"2025-06-23T15:17:05","slug":"camping-lago-di-garda","status":"publish","type":"post","link":"https:\/\/www.schlanser.ch\/magazin\/camping-lago-di-garda\/","title":{"rendered":"Camping am Lago di Garda \u2013 Zweiter Teil"},"content":{"rendered":"<h2>\u00ab Jetzt wird\u2019s sportlich \u00bb<\/h2>\n<p style=\"text-align: justify;\"><strong>Der Gardasee ist das kleine Meer Norditaliens. Zwischen den hohen Gipfeln der s\u00fcdlichen Alpen und der weiten Po-Ebene erstreckt sich das beliebte Urlaubsgew\u00e4sser. Quasi vor der Haust\u00fcre gelegen, finden Camper hier wundersch\u00f6ne Landschaft, Ruhe und jede Menge M\u00f6glichkeiten, die freien Tage mit Abenteuern zu f\u00fcllen. Lesen Sie in diesem Artikel mehr zu Campingpl\u00e4tzen, Freizeitaktivit\u00e4ten und Sehensw\u00fcrdigkeiten am Lago di Garda.<\/strong><\/p>\n<h2>Wissenswertes zur Perle Norditaliens<\/h2>\n<p style=\"text-align: justify;\">Der unendlich scheinende See erstreckt sich von Nord nach S\u00fcd \u00fcber 51 km. In seinem Umfeld finden sich zahlreiche Weinbaugebiete, aus denen namhafte Klassiker wie Bardolino, Soave oder Valpolicella stammen. Entlang des Sees herrscht ein mildes, mediterranes Klima vor. Der Juli ist mit einer Durchschnittstemperatur von 29\u00b0 C der w\u00e4rmste Monat in der Gegend.<\/p>\n<p><a href=\"https:\/\/www.schlanser.ch\/zelte\/vorzelte\/wohnwagenvorzelte\/\"><img loading=\"lazy\" decoding=\"async\" class=\"aligncenter wp-image-4996 size-full\" title=\"Reisevorzelt Varkala III 280 von Vango\" src=\"https:\/\/www.schlanser.ch\/magazin\/wp-content\/uploads\/2018\/08\/vango-reisevorzelt-varkala-iii-280.jpg\" alt=\"vango-reisevorzelt-varkala-iii-280\" width=\"600\" height=\"375\" srcset=\"https:\/\/www.schlanser.ch\/magazin\/wp-content\/uploads\/2018\/08\/vango-reisevorzelt-varkala-iii-280.jpg 600w, https:\/\/www.schlanser.ch\/magazin\/wp-content\/uploads\/2018\/08\/vango-reisevorzelt-varkala-iii-280-300x188.jpg 300w\" sizes=\"(max-width: 600px) 100vw, 600px\" \/><\/a><\/p>\n<p style=\"text-align: justify;\">Die meisten Regentage sind in Mai und Juni zu erwarten. Fahren Sie in diesen Wochen zum Camping an den Gardasee empfiehlt es sich ein <a href=\"https:\/\/www.schlanser.ch\/zelte\/vorzelte\/wohnwagenvorzelte\/\">wetterfestes Vorzelt<\/a> und gegebenenfalls ein <a href=\"https:\/\/www.schlanser.ch\/outdoor-freizeit\/wind-sonnenschutz\/pavillons-tarps\/\">stabiles Pavillon<\/a> mitzunehmen. Am meisten touristischer Betrieb herrscht in Juli und August.<\/p>\n<p><a href=\"https:\/\/www.schlanser.ch\/outdoor-freizeit\/wind-sonnenschutz\/pavillons-tarps\/\"><img loading=\"lazy\" decoding=\"async\" class=\"aligncenter wp-image-4999 size-full\" title=\"Steck-Pavillon 3x3m von Berger\" src=\"https:\/\/www.schlanser.ch\/magazin\/wp-content\/uploads\/2018\/08\/steck-pavillon-3x3m.jpg\" alt=\"steck-pavillon-3x3m\" width=\"600\" height=\"375\" srcset=\"https:\/\/www.schlanser.ch\/magazin\/wp-content\/uploads\/2018\/08\/steck-pavillon-3x3m.jpg 600w, https:\/\/www.schlanser.ch\/magazin\/wp-content\/uploads\/2018\/08\/steck-pavillon-3x3m-300x188.jpg 300w\" sizes=\"(max-width: 600px) 100vw, 600px\" \/><\/a><\/p>\n<p style=\"text-align: justify;\">Buchen Sie Ihren Campingplatz am Lago di Garda f\u00fcr diese Wochen rechtzeitig vor. Im Winter wird es sehr ruhig. Viele Einrichtungen schliessen in dieser Zeit sogar ihre T\u00fcren.<\/p>\n<h2>Mountainbiken und Klettern im Norden<\/h2>\n<p style=\"text-align: justify;\">Wer Camping am Gardasee macht, kann sich vor Ort auf vielerlei Arten sportlich bet\u00e4tigen. Das zusammenh\u00e4ngende Siedlungsgebiet von Arco und Riva del Garda ist mit seiner Lage zwischen steil aufragenden Bergen ein idealer Ausgangspunkt f\u00fcr Touren mit dem Mountainbike oder der Kletterausr\u00fcstung. Es finden sich sowohl Sportklettergebiete als auch alpine Strecken in unmittelbarer Nachbarschaft.<\/p>\n<figure id=\"attachment_5003\" aria-describedby=\"caption-attachment-5003\" style=\"width: 600px\" class=\"wp-caption aligncenter\"><img loading=\"lazy\" decoding=\"async\" class=\"wp-image-5003 size-full\" title=\"Radfahrer bewundern das Panorama vom Ponale Trail in Riva del Garda\" src=\"https:\/\/www.schlanser.ch\/magazin\/wp-content\/uploads\/2018\/08\/Radfahrer-bewundern-das-Panorama-vom-Ponale-Trail-in-Riva-del-Garda.jpg\" alt=\"Radfahrer bewundern das Panorama vom Ponale Trail in Riva del Garda\" width=\"600\" height=\"600\" srcset=\"https:\/\/www.schlanser.ch\/magazin\/wp-content\/uploads\/2018\/08\/Radfahrer-bewundern-das-Panorama-vom-Ponale-Trail-in-Riva-del-Garda.jpg 600w, https:\/\/www.schlanser.ch\/magazin\/wp-content\/uploads\/2018\/08\/Radfahrer-bewundern-das-Panorama-vom-Ponale-Trail-in-Riva-del-Garda-150x150.jpg 150w, https:\/\/www.schlanser.ch\/magazin\/wp-content\/uploads\/2018\/08\/Radfahrer-bewundern-das-Panorama-vom-Ponale-Trail-in-Riva-del-Garda-300x300.jpg 300w\" sizes=\"(max-width: 600px) 100vw, 600px\" \/><figcaption id=\"caption-attachment-5003\" class=\"wp-caption-text\">\u00a9 isaac74 \/ Fotolia.com<\/figcaption><\/figure>\n<p style=\"text-align: justify;\">Jedes Jahr im September findet hier der Kletterwettkampf &#8222;Rock Master&#8220; statt. Eine gern gefahrene Tour unter Mountainbikern ist die 34 km lange Strecke von Arco nach San Giovanni al Monte. Sind die 1150 H\u00f6henmeter erst einmal erreicht, bietet sich ein unvergesslicher Ausblick auf die s\u00fcdliche Alpenkette.<\/p>\n<p><a href=\"https:\/\/www.schlanser.ch\/fahrzeug\/wohnwagen-wohnmobil-zubehoer\/fahrradtraeger\/\"><img loading=\"lazy\" decoding=\"async\" class=\"aligncenter wp-image-5006 size-full\" title=\"Fahrradtr\u00e4ger Carry-Bike Comfort Active von Fiamma\" src=\"https:\/\/www.schlanser.ch\/magazin\/wp-content\/uploads\/2018\/08\/fiamma-fahrradtraeger-carry-bike-comfort-active.jpg\" alt=\"fiamma-fahrradtraeger-carry-bike-comfort-active\" width=\"600\" height=\"600\" srcset=\"https:\/\/www.schlanser.ch\/magazin\/wp-content\/uploads\/2018\/08\/fiamma-fahrradtraeger-carry-bike-comfort-active.jpg 600w, https:\/\/www.schlanser.ch\/magazin\/wp-content\/uploads\/2018\/08\/fiamma-fahrradtraeger-carry-bike-comfort-active-150x150.jpg 150w, https:\/\/www.schlanser.ch\/magazin\/wp-content\/uploads\/2018\/08\/fiamma-fahrradtraeger-carry-bike-comfort-active-300x300.jpg 300w\" sizes=\"(max-width: 600px) 100vw, 600px\" \/><\/a><\/p>\n<p style=\"text-align: justify;\">Riva del Garda ist auch eines der Ziele auf der Transalp-Strecke. Ausserdem findet hier j\u00e4hrlich ein grosses Bike-Festival statt. Wer dem Zweirad zugetan ist, sollte f\u00fcr diesen Urlaub unbedingt seinen <a href=\"https:\/\/www.schlanser.ch\/fahrzeug\/wohnwagen-wohnmobil-zubehoer\/fahrradtraeger\/\">Fahrradtr\u00e4ger<\/a> montieren und beladen.<\/p>\n<h3>Campingplatz Al Lago<\/h3>\n<p style=\"text-align: justify;\">Ein wundersch\u00f6ner Campingplatz liegt direkt vor den Toren von Riva del Garda unmittelbar am See. Auf dem Platz Al Lago geniessen Sie freie Sicht auf den See mit seinen steil hervorragenden Felsw\u00e4nden. Entscheiden Sie sich nach einem reichhaltigen Fr\u00fchst\u00fccksbuffet ganz spontan zwischen Abenteuern zu Land oder zu Wasser. Alternativ bietet sich ein Bummel durch die Altstadt von Arco mit seiner Burgruine, den zahlreichen Jugendstilvillen und einer Parkanlage, die sich an dem speziellen Mikroklima des Luftkurortes erfreut, an.<\/p>\n<figure id=\"attachment_5008\" aria-describedby=\"caption-attachment-5008\" style=\"width: 600px\" class=\"wp-caption aligncenter\"><img loading=\"lazy\" decoding=\"async\" class=\"wp-image-5008 size-full\" title=\"Burg von Arco\" src=\"https:\/\/www.schlanser.ch\/magazin\/wp-content\/uploads\/2018\/08\/Burg-von-Arco.jpg\" alt=\"Burg von Arco\" width=\"600\" height=\"401\" srcset=\"https:\/\/www.schlanser.ch\/magazin\/wp-content\/uploads\/2018\/08\/Burg-von-Arco.jpg 600w, https:\/\/www.schlanser.ch\/magazin\/wp-content\/uploads\/2018\/08\/Burg-von-Arco-300x201.jpg 300w, https:\/\/www.schlanser.ch\/magazin\/wp-content\/uploads\/2018\/08\/Burg-von-Arco-110x75.jpg 110w\" sizes=\"(max-width: 600px) 100vw, 600px\" \/><figcaption id=\"caption-attachment-5008\" class=\"wp-caption-text\">\u00a9 driendl \/ Fotolia.com<\/figcaption><\/figure>\n<h2>Sportliche Aktivit\u00e4ten rund um den See<\/h2>\n<p style=\"text-align: justify;\">Unter den weiteren sportlichen Aktivit\u00e4ten ist beispielsweise die Wanderung auf den Monte Baldo empfehlenswert. Die 10-st\u00fcndige Tour auf gut 800 H\u00f6henmeter ist ein Naturerlebnis mit \u00fcberzeugender Aussicht. Sportlich etwas weniger anspruchsvoll ist der Panoramaweg von Torbole nach Tempesta am nord\u00f6stlichen Seeufer. Der Pfad schl\u00e4ngelt sich \u00fcber gem\u00fctliche 10 km auf 280 m H\u00f6he parallel zum See dahin. Auf dem 4-st\u00fcndigen Trip bieten sich dem Wanderer zahlreiche Postkartenmotive.<\/p>\n<p style=\"text-align: justify;\">Bei Torbole finden Sie im Busatte Adventure Park einen hochmodernen Kletterpark. Dieser Hochseilgarten in sch\u00f6nster Natur h\u00e4lt Abenteuer f\u00fcr die ganze Familie bereit. Die f\u00fcnf verschiedenen Parcours sind Ihren Schwierigkeitsgraden entsprechend f\u00fcr bestimmte Altersgruppen freigegeben. Beim Hangeln von Plattform zu Plattform werden sowohl das Selbstbewusstsein als auch gegenseitiges Vertrauen und Zusammenhalt gest\u00e4rkt.<\/p>\n<figure id=\"attachment_5014\" aria-describedby=\"caption-attachment-5014\" style=\"width: 600px\" class=\"wp-caption aligncenter\"><img loading=\"lazy\" decoding=\"async\" class=\"wp-image-5014 size-full\" title=\"Blick vom Monte Baldo auf den Gardasee\" src=\"https:\/\/www.schlanser.ch\/magazin\/wp-content\/uploads\/2018\/08\/Blick-vom-Monte-Baldo-auf-den-Gardasee.jpg\" alt=\"Blick vom Monte Baldo auf den Gardasee\" width=\"600\" height=\"399\" srcset=\"https:\/\/www.schlanser.ch\/magazin\/wp-content\/uploads\/2018\/08\/Blick-vom-Monte-Baldo-auf-den-Gardasee.jpg 600w, https:\/\/www.schlanser.ch\/magazin\/wp-content\/uploads\/2018\/08\/Blick-vom-Monte-Baldo-auf-den-Gardasee-300x200.jpg 300w, https:\/\/www.schlanser.ch\/magazin\/wp-content\/uploads\/2018\/08\/Blick-vom-Monte-Baldo-auf-den-Gardasee-310x205.jpg 310w\" sizes=\"(max-width: 600px) 100vw, 600px\" \/><figcaption id=\"caption-attachment-5014\" class=\"wp-caption-text\">\u00a9 Rangzen \/ Fotolia.com<\/figcaption><\/figure>\n<h2>Tipps zur Kulinarik<\/h2>\n<p style=\"text-align: justify;\">Dank der italienischen Essenskultur besteht auch in kulinarischer Hinsicht ein weitreichendes Angebot. Camping und gutes Essen sind zwei Dinge, die gut Hand in Hand gehen. Wenn Sie sich auf der Suche nach kulinarischen H\u00f6henfl\u00fcgen um den See treiben lassen, sollten Sie nie zu viel an einem Ort verkosten. Es k\u00f6nnte sein, dass die besten Antipasti Ihres Lebens oder der k\u00f6stlichste Fisch, der Ihnen jemals untergekommen ist, hinter der n\u00e4chsten Ecke lauern.<\/p>\n<p style=\"text-align: justify;\">Die Region ist nicht nur ber\u00fchmt f\u00fcr Ihr Oliven\u00f6l. Auch der teuerste Pilz der Welt, der Tr\u00fcffel, hat hier seine Heimat. Eine Tour durch die angrenzenden Weinbaugebiete mit Verkostung des edlen Traubensafts wird Ihnen f\u00fcr immer in Erinnerung bleiben. Gerade Bardolino bietet sich als Ausgangspunkt f\u00fcr eine solche Tour an. Ein Besuch im \u00f6rtlichen Weinmuseum kl\u00e4rt Sie \u00fcber alle Raffinessen des italienischen Winzertums auf.<\/p>\n<figure id=\"attachment_5017\" aria-describedby=\"caption-attachment-5017\" style=\"width: 600px\" class=\"wp-caption aligncenter\"><img loading=\"lazy\" decoding=\"async\" class=\"wp-image-5017 size-full\" title=\"Rote Trauben in einem italienischen Weinberg bei Bardolino\" src=\"https:\/\/www.schlanser.ch\/magazin\/wp-content\/uploads\/2018\/08\/Rote-Trauben-in-einem-italienischen-Weinberg-Bardolino.jpg\" alt=\"Rote Trauben in einem italienischen Weinberg Bardolino\" width=\"600\" height=\"400\" srcset=\"https:\/\/www.schlanser.ch\/magazin\/wp-content\/uploads\/2018\/08\/Rote-Trauben-in-einem-italienischen-Weinberg-Bardolino.jpg 600w, https:\/\/www.schlanser.ch\/magazin\/wp-content\/uploads\/2018\/08\/Rote-Trauben-in-einem-italienischen-Weinberg-Bardolino-300x200.jpg 300w\" sizes=\"(max-width: 600px) 100vw, 600px\" \/><figcaption id=\"caption-attachment-5017\" class=\"wp-caption-text\">\u00a9 photomario1 \/ Fotolia.com<\/figcaption><\/figure>\n<h3>Campingplatz Tre Colline<\/h3>\n<p style=\"text-align: justify;\">Unmittelbar in den Weinbergen liegt der Campingplatz Tre Colline. Auf diesem Campingplatz herrscht eine famili\u00e4re Stimmung. Auf Wunsch gibt es ein komfortables Fr\u00fchst\u00fccksbuffet, nach dem Sie sich im benachbarten Spa verw\u00f6hnen lassen k\u00f6nnen.<\/p>\n<p style=\"text-align: justify;\">Alternativ fahren Sie in 5 Minuten hinunter an den Gardasee und entspannen sich bei einem Bummel entlang der Seepromenade. Diese f\u00fchrt Sie direkt zum Nachbarst\u00e4dtchen Garda. Der pittoreske Hafen dort ist in jedem Fall einen Abstecher wert. Wie in fast allen Orten um den &#8222;Lago di Garda&#8220; findet auch in Garda selbst ein traditioneller Wochenmarkt statt.<\/p>\n<figure id=\"attachment_5020\" aria-describedby=\"caption-attachment-5020\" style=\"width: 600px\" class=\"wp-caption aligncenter\"><img loading=\"lazy\" decoding=\"async\" class=\"wp-image-5020 size-full\" title=\"Funkelndes Gegenlicht am Gardasee\" src=\"https:\/\/www.schlanser.ch\/magazin\/wp-content\/uploads\/2018\/08\/Funkelndes-Gegenlicht-am-Gardasee.jpg\" alt=\"Funkelndes Gegenlicht am Gardasee\" width=\"600\" height=\"400\" srcset=\"https:\/\/www.schlanser.ch\/magazin\/wp-content\/uploads\/2018\/08\/Funkelndes-Gegenlicht-am-Gardasee.jpg 600w, https:\/\/www.schlanser.ch\/magazin\/wp-content\/uploads\/2018\/08\/Funkelndes-Gegenlicht-am-Gardasee-300x200.jpg 300w\" sizes=\"(max-width: 600px) 100vw, 600px\" \/><figcaption id=\"caption-attachment-5020\" class=\"wp-caption-text\">\u00a9 topics \/ Fotolia.com<\/figcaption><\/figure>\n<h2>Kulturelle H\u00f6hepunkte<\/h2>\n<p style=\"text-align: justify;\">Eine der wichtigsten Sehensw\u00fcrdigkeiten am Gardasee ist die am S\u00fcdufer gelegene Stadt Sirmione. Das Zentrum dieses uralten St\u00e4dtchens liegt auf einer schmalen Halbinsel, die weit in den See hineinragt. Neben der malerischen Altstadt mit ihren engen G\u00e4sschen, gem\u00fctlichen Pl\u00e4tzen und verf\u00fchrerischen Antiquit\u00e4tenl\u00e4den, ist die Scaligerburg ein H\u00f6hepunkt der Stadt.<\/p>\n<p style=\"text-align: justify;\">Die uralte Festung riegelt das Stadtzentrum zum Festland hin ab. In den Thermalb\u00e4dern des Catull kommen Sie in den Genuss des \u00f6rtlichen Thermalwassers. Eine Quelle unter dem See in der N\u00e4he von Sirmione speist die Becken, deren Wasser reich an Brom, Jod und Schwefel ist.<\/p>\n<figure id=\"attachment_5024\" aria-describedby=\"caption-attachment-5024\" style=\"width: 600px\" class=\"wp-caption aligncenter\"><img loading=\"lazy\" decoding=\"async\" class=\"wp-image-5024 size-full\" title=\"Eingangsw\u00e4nde von Sirmione\" src=\"https:\/\/www.schlanser.ch\/magazin\/wp-content\/uploads\/2018\/08\/Eingangswaende-von-Sirmione.jpg\" alt=\"Eingangswaende von Sirmione\" width=\"600\" height=\"400\" srcset=\"https:\/\/www.schlanser.ch\/magazin\/wp-content\/uploads\/2018\/08\/Eingangswaende-von-Sirmione.jpg 600w, https:\/\/www.schlanser.ch\/magazin\/wp-content\/uploads\/2018\/08\/Eingangswaende-von-Sirmione-300x200.jpg 300w\" sizes=\"(max-width: 600px) 100vw, 600px\" \/><figcaption id=\"caption-attachment-5024\" class=\"wp-caption-text\">\u00a9 xbrchx \/ Fotolia.com<\/figcaption><\/figure>\n<h2>Camping mit Kindern<\/h2>\n<p style=\"text-align: justify;\">Lazise ist nur 23 km von Verona entfernt und liegt direkt am S\u00fcdostufer des Gardasees. Die Stadt mit seiner gut erhaltenen Stadtmauer und einer Burg aus dem 9. Jahrhundert wartet wie Sirmione mit einem Thermalbad auf. Von dem Ort aus ist es nicht weit zu zwei der beliebtesten Ferienparks. Ein St\u00fcck n\u00f6rdlich von Lazise befindet sich der Jungle Adventure Park. Hier erleben Sie mit der ganzen Familie Dschungelabenteuer wie bei Tarzan. Auf Pfaden mit unterschiedlichem Anspruchsniveau k\u00e4mpfen Sie sich Ihren Weg \u00fcber Seilbr\u00fccken und Lianen. Ein Regentag beim Camping l\u00e4sst sich hier prima \u00fcberbr\u00fccken.<\/p>\n<p style=\"text-align: justify;\">Ein Campingplatz am Lago di Garda bei Lazise ist Le Palme. Die familienfreundliche Anlage verf\u00fcgt \u00fcber eine einladende Poollandschaft und bietet auch sonst alles, was das Camperherz begehrt. Hunde d\u00fcrfe hier gerne mitgebracht werden. <a href=\"https:\/\/www.schlanser.ch\/magazin\/campingplaetze-in-italien\/\">Camping in Italien ist \u00fcberall kinderfreundlich<\/a>, weil die Italiener Kinder einfach lieben!<\/p>\n<figure id=\"attachment_5027\" aria-describedby=\"caption-attachment-5027\" style=\"width: 600px\" class=\"wp-caption aligncenter\"><img loading=\"lazy\" decoding=\"async\" class=\"wp-image-5027 size-full\" title=\"Lazise in Italien\" src=\"https:\/\/www.schlanser.ch\/magazin\/wp-content\/uploads\/2018\/08\/Lazise-Italien.jpg\" alt=\"Lazise Italien\" width=\"600\" height=\"397\" srcset=\"https:\/\/www.schlanser.ch\/magazin\/wp-content\/uploads\/2018\/08\/Lazise-Italien.jpg 600w, https:\/\/www.schlanser.ch\/magazin\/wp-content\/uploads\/2018\/08\/Lazise-Italien-300x199.jpg 300w, https:\/\/www.schlanser.ch\/magazin\/wp-content\/uploads\/2018\/08\/Lazise-Italien-310x205.jpg 310w\" sizes=\"(max-width: 600px) 100vw, 600px\" \/><figcaption id=\"caption-attachment-5027\" class=\"wp-caption-text\">\u00a9 Marco Saracco \/ Fotolia.com<\/figcaption><\/figure>\n","protected":false},"excerpt":{"rendered":"<p>\u00ab Jetzt wird\u2019s sportlich \u00bb Der Gardasee ist das kleine Meer Norditaliens. Zwischen den hohen Gipfeln der s\u00fcdlichen Alpen und der weiten Po-Ebene erstreckt sich das beliebte Urlaubsgew\u00e4sser. Quasi vor der Haust\u00fcre gelegen, finden Camper hier wundersch\u00f6ne Landschaft, Ruhe und jede Menge M\u00f6glichkeiten, die freien Tage mit Abenteuern zu f\u00fcllen. Lesen Sie in diesem Artikel &hellip;<\/p>\n","protected":false},"author":1,"featured_media":5029,"comment_status":"closed","ping_status":"open","sticky":false,"template":"","format":"standard","meta":{"footnotes":""},"categories":[2],"tags":[201,197,34,290,261,254,670,203,375],"yoast_head":"<!-- This site is optimized with the Yoast SEO plugin v22.2 - https:\/\/yoast.com\/wordpress\/plugins\/seo\/ -->\n<title>Camping am Lago di Garda \u2013 Zweiter Teil - Schlanser Magazin<\/title>\n<meta name=\"description\" content=\"Das Schlanser Magazin berichtet \u00fcber Camping am Gardasee! \u2013 Entdecken Sie die sch\u00f6nsten St\u00e4dte \u2714 Sehensw\u00fcrdigkeiten \u2714 Landstriche \u2714 Campingpl\u00e4tze \u2714\" \/>\n<meta name=\"robots\" content=\"index, follow, max-snippet:-1, max-image-preview:large, max-video-preview:-1\" \/>\n<link rel=\"canonical\" href=\"https:\/\/www.schlanser.ch\/magazin\/camping-lago-di-garda\/\" \/>\n<meta property=\"og:locale\" content=\"de_DE\" \/>\n<meta property=\"og:type\" content=\"article\" \/>\n<meta property=\"og:title\" content=\"Camping am Lago di Garda \u2013 Zweiter Teil - Schlanser Magazin\" \/>\n<meta property=\"og:description\" content=\"Das Schlanser Magazin berichtet \u00fcber Camping am Gardasee! \u2013 Entdecken Sie die sch\u00f6nsten St\u00e4dte \u2714 Sehensw\u00fcrdigkeiten \u2714 Landstriche \u2714 Campingpl\u00e4tze \u2714\" \/>\n<meta property=\"og:url\" content=\"https:\/\/www.schlanser.ch\/magazin\/camping-lago-di-garda\/\" \/>\n<meta property=\"og:site_name\" content=\"Schlanser Magazin\" \/>\n<meta property=\"article:published_time\" content=\"2018-07-24T09:35:51+00:00\" \/>\n<meta property=\"article:modified_time\" content=\"2025-06-23T15:17:05+00:00\" \/>\n<meta property=\"og:image\" content=\"https:\/\/www.schlanser.ch\/magazin\/wp-content\/uploads\/2018\/08\/Camping-am-Lago-di-Garda.jpg\" \/>\n\t<meta property=\"og:image:width\" content=\"800\" \/>\n\t<meta property=\"og:image:height\" content=\"533\" \/>\n\t<meta property=\"og:image:type\" content=\"image\/jpeg\" \/>\n<meta name=\"author\" content=\"admin\" \/>\n<meta name=\"twitter:card\" content=\"summary_large_image\" \/>\n<meta name=\"twitter:label1\" content=\"Verfasst von\" \/>\n\t<meta name=\"twitter:data1\" content=\"admin\" \/>\n\t<meta name=\"twitter:label2\" content=\"Gesch\u00e4tzte Lesezeit\" \/>\n\t<meta name=\"twitter:data2\" content=\"9 Minuten\" \/>\n<script type=\"application\/ld+json\" class=\"yoast-schema-graph\">{\"@context\":\"https:\/\/schema.org\",\"@graph\":[{\"@type\":\"WebPage\",\"@id\":\"https:\/\/www.schlanser.ch\/magazin\/camping-lago-di-garda\/\",\"url\":\"https:\/\/www.schlanser.ch\/magazin\/camping-lago-di-garda\/\",\"name\":\"Camping am Lago di Garda \u2013 Zweiter Teil - Schlanser Magazin\",\"isPartOf\":{\"@id\":\"https:\/\/www.schlanser.ch\/magazin\/#website\"},\"primaryImageOfPage\":{\"@id\":\"https:\/\/www.schlanser.ch\/magazin\/camping-lago-di-garda\/#primaryimage\"},\"image\":{\"@id\":\"https:\/\/www.schlanser.ch\/magazin\/camping-lago-di-garda\/#primaryimage\"},\"thumbnailUrl\":\"https:\/\/www.schlanser.ch\/magazin\/wp-content\/uploads\/2018\/08\/Camping-am-Lago-di-Garda.jpg\",\"datePublished\":\"2018-07-24T09:35:51+00:00\",\"dateModified\":\"2025-06-23T15:17:05+00:00\",\"author\":{\"@id\":\"https:\/\/www.schlanser.ch\/magazin\/#\/schema\/person\/000db0a103eb2594ba3daf394b1dfea2\"},\"description\":\"Das Schlanser Magazin berichtet \u00fcber Camping am Gardasee! \u2013 Entdecken Sie die sch\u00f6nsten St\u00e4dte \u2714 Sehensw\u00fcrdigkeiten \u2714 Landstriche \u2714 Campingpl\u00e4tze \u2714\",\"breadcrumb\":{\"@id\":\"https:\/\/www.schlanser.ch\/magazin\/camping-lago-di-garda\/#breadcrumb\"},\"inLanguage\":\"de-DE\",\"potentialAction\":[{\"@type\":\"ReadAction\",\"target\":[\"https:\/\/www.schlanser.ch\/magazin\/camping-lago-di-garda\/\"]}]},{\"@type\":\"ImageObject\",\"inLanguage\":\"de-DE\",\"@id\":\"https:\/\/www.schlanser.ch\/magazin\/camping-lago-di-garda\/#primaryimage\",\"url\":\"https:\/\/www.schlanser.ch\/magazin\/wp-content\/uploads\/2018\/08\/Camping-am-Lago-di-Garda.jpg\",\"contentUrl\":\"https:\/\/www.schlanser.ch\/magazin\/wp-content\/uploads\/2018\/08\/Camping-am-Lago-di-Garda.jpg\",\"width\":800,\"height\":533,\"caption\":\"\u00a9 xbrchx \/ Fotolia.com\"},{\"@type\":\"BreadcrumbList\",\"@id\":\"https:\/\/www.schlanser.ch\/magazin\/camping-lago-di-garda\/#breadcrumb\",\"itemListElement\":[{\"@type\":\"ListItem\",\"position\":1,\"name\":\"Startseite\",\"item\":\"https:\/\/www.schlanser.ch\/magazin\/\"},{\"@type\":\"ListItem\",\"position\":2,\"name\":\"Camping am Lago di Garda \u2013 Zweiter Teil\"}]},{\"@type\":\"WebSite\",\"@id\":\"https:\/\/www.schlanser.ch\/magazin\/#website\",\"url\":\"https:\/\/www.schlanser.ch\/magazin\/\",\"name\":\"Schlanser Magazin\",\"description\":\"\",\"potentialAction\":[{\"@type\":\"SearchAction\",\"target\":{\"@type\":\"EntryPoint\",\"urlTemplate\":\"https:\/\/www.schlanser.ch\/magazin\/?s={search_term_string}\"},\"query-input\":\"required name=search_term_string\"}],\"inLanguage\":\"de-DE\"},{\"@type\":\"Person\",\"@id\":\"https:\/\/www.schlanser.ch\/magazin\/#\/schema\/person\/000db0a103eb2594ba3daf394b1dfea2\",\"name\":\"admin\",\"image\":{\"@type\":\"ImageObject\",\"inLanguage\":\"de-DE\",\"@id\":\"https:\/\/www.schlanser.ch\/magazin\/#\/schema\/person\/image\/\",\"url\":\"https:\/\/secure.gravatar.com\/avatar\/a794a4fe8a9b9c52241597eb381dfa2e?s=96&d=mm&r=g\",\"contentUrl\":\"https:\/\/secure.gravatar.com\/avatar\/a794a4fe8a9b9c52241597eb381dfa2e?s=96&d=mm&r=g\",\"caption\":\"admin\"}}]}<\/script>\n<!-- \/ Yoast SEO plugin. -->","yoast_head_json":{"title":"Camping am Lago di Garda \u2013 Zweiter Teil - Schlanser Magazin","description":"Das Schlanser Magazin berichtet \u00fcber Camping am Gardasee! \u2013 Entdecken Sie die sch\u00f6nsten St\u00e4dte \u2714 Sehensw\u00fcrdigkeiten \u2714 Landstriche \u2714 Campingpl\u00e4tze \u2714","robots":{"index":"index","follow":"follow","max-snippet":"max-snippet:-1","max-image-preview":"max-image-preview:large","max-video-preview":"max-video-preview:-1"},"canonical":"https:\/\/www.schlanser.ch\/magazin\/camping-lago-di-garda\/","og_locale":"de_DE","og_type":"article","og_title":"Camping am Lago di Garda \u2013 Zweiter Teil - Schlanser Magazin","og_description":"Das Schlanser Magazin berichtet \u00fcber Camping am Gardasee! \u2013 Entdecken Sie die sch\u00f6nsten St\u00e4dte \u2714 Sehensw\u00fcrdigkeiten \u2714 Landstriche \u2714 Campingpl\u00e4tze \u2714","og_url":"https:\/\/www.schlanser.ch\/magazin\/camping-lago-di-garda\/","og_site_name":"Schlanser Magazin","article_published_time":"2018-07-24T09:35:51+00:00","article_modified_time":"2025-06-23T15:17:05+00:00","og_image":[{"width":800,"height":533,"url":"https:\/\/www.schlanser.ch\/magazin\/wp-content\/uploads\/2018\/08\/Camping-am-Lago-di-Garda.jpg","type":"image\/jpeg"}],"author":"admin","twitter_card":"summary_large_image","twitter_misc":{"Verfasst von":"admin","Gesch\u00e4tzte Lesezeit":"9 Minuten"},"schema":{"@context":"https:\/\/schema.org","@graph":[{"@type":"WebPage","@id":"https:\/\/www.schlanser.ch\/magazin\/camping-lago-di-garda\/","url":"https:\/\/www.schlanser.ch\/magazin\/camping-lago-di-garda\/","name":"Camping am Lago di Garda \u2013 Zweiter Teil - Schlanser Magazin","isPartOf":{"@id":"https:\/\/www.schlanser.ch\/magazin\/#website"},"primaryImageOfPage":{"@id":"https:\/\/www.schlanser.ch\/magazin\/camping-lago-di-garda\/#primaryimage"},"image":{"@id":"https:\/\/www.schlanser.ch\/magazin\/camping-lago-di-garda\/#primaryimage"},"thumbnailUrl":"https:\/\/www.schlanser.ch\/magazin\/wp-content\/uploads\/2018\/08\/Camping-am-Lago-di-Garda.jpg","datePublished":"2018-07-24T09:35:51+00:00","dateModified":"2025-06-23T15:17:05+00:00","author":{"@id":"https:\/\/www.schlanser.ch\/magazin\/#\/schema\/person\/000db0a103eb2594ba3daf394b1dfea2"},"description":"Das Schlanser Magazin berichtet \u00fcber Camping am Gardasee! \u2013 Entdecken Sie die sch\u00f6nsten St\u00e4dte \u2714 Sehensw\u00fcrdigkeiten \u2714 Landstriche \u2714 Campingpl\u00e4tze \u2714","breadcrumb":{"@id":"https:\/\/www.schlanser.ch\/magazin\/camping-lago-di-garda\/#breadcrumb"},"inLanguage":"de-DE","potentialAction":[{"@type":"ReadAction","target":["https:\/\/www.schlanser.ch\/magazin\/camping-lago-di-garda\/"]}]},{"@type":"ImageObject","inLanguage":"de-DE","@id":"https:\/\/www.schlanser.ch\/magazin\/camping-lago-di-garda\/#primaryimage","url":"https:\/\/www.schlanser.ch\/magazin\/wp-content\/uploads\/2018\/08\/Camping-am-Lago-di-Garda.jpg","contentUrl":"https:\/\/www.schlanser.ch\/magazin\/wp-content\/uploads\/2018\/08\/Camping-am-Lago-di-Garda.jpg","width":800,"height":533,"caption":"\u00a9 xbrchx \/ Fotolia.com"},{"@type":"BreadcrumbList","@id":"https:\/\/www.schlanser.ch\/magazin\/camping-lago-di-garda\/#breadcrumb","itemListElement":[{"@type":"ListItem","position":1,"name":"Startseite","item":"https:\/\/www.schlanser.ch\/magazin\/"},{"@type":"ListItem","position":2,"name":"Camping am Lago di Garda \u2013 Zweiter Teil"}]},{"@type":"WebSite","@id":"https:\/\/www.schlanser.ch\/magazin\/#website","url":"https:\/\/www.schlanser.ch\/magazin\/","name":"Schlanser Magazin","description":"","potentialAction":[{"@type":"SearchAction","target":{"@type":"EntryPoint","urlTemplate":"https:\/\/www.schlanser.ch\/magazin\/?s={search_term_string}"},"query-input":"required name=search_term_string"}],"inLanguage":"de-DE"},{"@type":"Person","@id":"https:\/\/www.schlanser.ch\/magazin\/#\/schema\/person\/000db0a103eb2594ba3daf394b1dfea2","name":"admin","image":{"@type":"ImageObject","inLanguage":"de-DE","@id":"https:\/\/www.schlanser.ch\/magazin\/#\/schema\/person\/image\/","url":"https:\/\/secure.gravatar.com\/avatar\/a794a4fe8a9b9c52241597eb381dfa2e?s=96&d=mm&r=g","contentUrl":"https:\/\/secure.gravatar.com\/avatar\/a794a4fe8a9b9c52241597eb381dfa2e?s=96&d=mm&r=g","caption":"admin"}}]}},"_links":{"self":[{"href":"https:\/\/www.schlanser.ch\/magazin\/wp-json\/wp\/v2\/posts\/4984"}],"collection":[{"href":"https:\/\/www.schlanser.ch\/magazin\/wp-json\/wp\/v2\/posts"}],"about":[{"href":"https:\/\/www.schlanser.ch\/magazin\/wp-json\/wp\/v2\/types\/post"}],"author":[{"embeddable":true,"href":"https:\/\/www.schlanser.ch\/magazin\/wp-json\/wp\/v2\/users\/1"}],"replies":[{"embeddable":true,"href":"https:\/\/www.schlanser.ch\/magazin\/wp-json\/wp\/v2\/comments?post=4984"}],"version-history":[{"count":34,"href":"https:\/\/www.schlanser.ch\/magazin\/wp-json\/wp\/v2\/posts\/4984\/revisions"}],"predecessor-version":[{"id":18774,"href":"https:\/\/www.schlanser.ch\/magazin\/wp-json\/wp\/v2\/posts\/4984\/revisions\/18774"}],"wp:featuredmedia":[{"embeddable":true,"href":"https:\/\/www.schlanser.ch\/magazin\/wp-json\/wp\/v2\/media\/5029"}],"wp:attachment":[{"href":"https:\/\/www.schlanser.ch\/magazin\/wp-json\/wp\/v2\/media?parent=4984"}],"wp:term":[{"taxonomy":"category","embeddable":true,"href":"https:\/\/www.schlanser.ch\/magazin\/wp-json\/wp\/v2\/categories?post=4984"},{"taxonomy":"post_tag","embeddable":true,"href":"https:\/\/www.schlanser.ch\/magazin\/wp-json\/wp\/v2\/tags?post=4984"}],"curies":[{"name":"wp","href":"https:\/\/api.w.org\/{rel}","templated":true}]}}