{"id":5057,"date":"2018-08-10T11:51:36","date_gmt":"2018-08-10T09:51:36","guid":{"rendered":"https:\/\/www.schlanser.ch\/magazin\/?p=5057"},"modified":"2019-08-21T16:54:52","modified_gmt":"2019-08-21T14:54:52","slug":"vango-airbeam","status":"publish","type":"post","link":"https:\/\/www.schlanser.ch\/magazin\/vango-airbeam\/","title":{"rendered":"Vango AirBeam"},"content":{"rendered":"<h2>\u00abLuftgest\u00e4nge f\u00fcr schnelleren Aufbau und mehr Stabilit\u00e4t\u00bb<\/h2>\n<p style=\"text-align: justify;\"><strong>Routinierte Camper bauen ein Zelt in k\u00fcrzester Zeit auf, meist deutlich unter einer Stunde. K\u00f6rpereinsatz ist gefordert und \u00dcbung beim Zusammensetzen der <\/strong><a href=\"https:\/\/www.schlanser.ch\/zelte\/zeltzubehoer\/zelt-gestaenge-zubehoer\/\"><strong>Zeltstangen<\/strong><\/a><strong>. Ein <\/strong><a href=\"https:\/\/www.schlanser.ch\/zelte\/campingzelte\/\"><strong>neues Zelt<\/strong><\/a><strong> zu errichten, beginnt mit dem Studium der Gebrauchsanleitung, doch nach mehrmaligem Auf- und Abbau klappt es problemlos und schnell. Schnell? Was, wenn sich die Aufbauzeit drastisch reduzieren l\u00e4sst und es vor allem einfacher wird? Ein aufblasbares Zelt macht es m\u00f6glich! Vango AirBeam liefert eine besonders grosse Auswahl an aufblasbaren Zelten und spielt bei <\/strong><a href=\"https:\/\/www.schlanser.ch\/zelte\/vorzelte\/reisemobil-busvorzelte\/\"><strong>Busvorzelten<\/strong><\/a><strong> seine ganze St\u00e4rke aus. Das Schlanser Magazin nimmt das Programm des Herstellers einmal genauer unter die Lupe.<\/strong><\/p>\n<h2>Was ist \u00fcberhaupt ein Luftzelt?<\/h2>\n<p style=\"text-align: justify;\">Statt Stangen zu sortieren und m\u00fchselig einzuz09iehen, setzen Sie eine Luftpumpe an und pumpen Ihr Luftzelt einfach auf. Es stellt sich praktisch von allein auf. Anstelle der Stangen bringen Luftschl\u00e4uche es in Form. Diese unterscheiden sich nicht von der bekannten Zeltkonstruktion, weshalb einige Hersteller wie Berger bereits erfolgreiche Modelle sowohl in herk\u00f6mmlicher Art als auch als Luftzelt anbieten. Die Vorteile liegen beim Nutzer. Neben der Arbeitserleichterung schrumpft das Packmass, weil kein Gest\u00e4nge zu transportieren ist. Zusatzst\u00fctzen entfallen ebenso, da ein aufblasbares Vorzelt nicht wintertauglich ist. Es ist die leichtf\u00fcssige Variante f\u00fcr alle, die m\u00f6glichst flexibel bleiben wollen \u2013 und das am Bus, am Wohnmobil, freistehend als <a href=\"https:\/\/www.schlanser.ch\/zelte\/campingzelte\/leicht-trekkingzelte\/\">Trekkingzelt<\/a> oder als <a href=\"https:\/\/www.schlanser.ch\/outdoor-freizeit\/wind-sonnenschutz\/pavillons-tarps\/\">Pavillon<\/a>. Einfach \u00fcberall.<\/p>\n<p><img loading=\"lazy\" decoding=\"async\" class=\"aligncenter wp-image-5075 size-full\" title=\"Vango Familienzelt Avington \" src=\"https:\/\/www.schlanser.ch\/magazin\/wp-content\/uploads\/2018\/08\/Vango-Familienzelt-Avington.jpg\" alt=\"Vango Familienzelt Avington \" width=\"600\" height=\"352\" srcset=\"https:\/\/www.schlanser.ch\/magazin\/wp-content\/uploads\/2018\/08\/Vango-Familienzelt-Avington.jpg 600w, https:\/\/www.schlanser.ch\/magazin\/wp-content\/uploads\/2018\/08\/Vango-Familienzelt-Avington-300x176.jpg 300w\" sizes=\"(max-width: 600px) 100vw, 600px\" \/><\/p>\n<h2>Erprobte Technik<\/h2>\n<p style=\"text-align: justify;\">Die jetzt in den Freizeitbereich \u00fcbertragene Technologie der Luftzelte kennt grosse Vorbilder. Hilfsorganisationen setzen derartige Zelte als Notunterk\u00fcnfte oder zu Sanit\u00e4rzwecken ein. Sogar Messehallen sind daraus zu errichten. In dieser Dimension ist ein dauerhafter Druckaufbau in den stabilisierenden Luftschl\u00e4uchen mit einem Gebl\u00e4se erforderlich. Das Reisezelt ist deutlich anspruchsloser. Einmal aufgepumpt bleibt die Luft \u00fcber mehrere Tage in der Kammer. Im Campingbereich besteht die Aussenhaut beim Vango AirBeam System aus beschichtetem Polyester mit einer tauglichen Wassers\u00e4ule. Vorgeformte Luftschl\u00e4uche bringen Stabilit\u00e4t.<\/p>\n<p><img loading=\"lazy\" decoding=\"async\" class=\"aligncenter wp-image-5073 size-full\" title=\"Vango Reisevorzelt Varkala III \" src=\"https:\/\/www.schlanser.ch\/magazin\/wp-content\/uploads\/2018\/08\/Vango-Reisevorzelt-Varkala-III.jpg\" alt=\"Vango Reisevorzelt Varkala III \" width=\"600\" height=\"317\" srcset=\"https:\/\/www.schlanser.ch\/magazin\/wp-content\/uploads\/2018\/08\/Vango-Reisevorzelt-Varkala-III.jpg 600w, https:\/\/www.schlanser.ch\/magazin\/wp-content\/uploads\/2018\/08\/Vango-Reisevorzelt-Varkala-III-300x159.jpg 300w, https:\/\/www.schlanser.ch\/magazin\/wp-content\/uploads\/2018\/08\/Vango-Reisevorzelt-Varkala-III-310x165.jpg 310w\" sizes=\"(max-width: 600px) 100vw, 600px\" \/><\/p>\n<h2>Als Vorzelt am Caravan oder jeder anderen Kederschiene<\/h2>\n<p style=\"text-align: justify;\">Einmal aufgebaut bietet ein aufblasbares Vorzelt den gewohnten Komfort. Mit dem Reisevorzelt Kalari erhalten Sie eine Grundausr\u00fcstung zum Einzug in die Kederleiste. Die leicht abgerundete Form ist charakteristisch und gew\u00e4hrleistet gr\u00fcndlichen Abfluss von Niederschl\u00e4gen. Grosse Panoramafenster und ein grossz\u00fcgig proportionierter Eingang gestalten den Aufenthalt angenehm. Deutlich mehr Performance erzielen Sie mit dem erweiterbaren Reisevorzelt Varkala Connect. In der Grundform dem Kalari recht \u00e4hnlich, sind f\u00fcr das Varkala Connect ankn\u00fcpfbare Erweiterungen erh\u00e4ltlich. Das <a href=\"https:\/\/www.schlanser.ch\/vango\/\">Vango Zelt<\/a> w\u00e4chst zu beiden Seiten und ist dank seiner Konstruktionsweise sogar f\u00fcr Rollstuhlfahrer zug\u00e4nglich.<\/p>\n<p><img loading=\"lazy\" decoding=\"async\" class=\"aligncenter wp-image-5060 size-full\" title=\"Vango Reisevorzelt Kalari II 380\" src=\"https:\/\/www.schlanser.ch\/magazin\/wp-content\/uploads\/2018\/08\/Vango-Reisevorzelt-Kalari-II-380.jpg\" alt=\"Vango Reisevorzelt Kalari II 380\" width=\"600\" height=\"375\" srcset=\"https:\/\/www.schlanser.ch\/magazin\/wp-content\/uploads\/2018\/08\/Vango-Reisevorzelt-Kalari-II-380.jpg 600w, https:\/\/www.schlanser.ch\/magazin\/wp-content\/uploads\/2018\/08\/Vango-Reisevorzelt-Kalari-II-380-300x188.jpg 300w\" sizes=\"(max-width: 600px) 100vw, 600px\" \/><\/p>\n<h2>Mit dem Transporter in die Ferien<\/h2>\n<p style=\"text-align: justify;\">Mit einer Regenrinne am Fahrzeug errichten Sie in kurzer Zeit das Busvorzelt Airhub Hexaway. Schon der Name deutet auf eine sechseckige Form hin, die sich im Alltag als wahres Raumwunder entpuppt. Die Grundfl\u00e4che ist mit 330 x 380 cm innen grossz\u00fcgig konzeptioniert. Eine Stehh\u00f6he zwischen 185 cm und 240 cm reicht den meisten. Durch eine Schleuse schaffen Sie den \u00dcbergang von Vorzelt zu Bus trockenen Fusses und sichtgesch\u00fctzt. Eine Spezialit\u00e4t von Vango ist das Fenster im Dach f\u00fcr mehr Licht im Inneren und erweitert beim Airhub Hexaway das typische Leistungsspektrum aus Bel\u00fcftung und Fensterklappen. F\u00fcr die unterschiedlichen Fahrzeugtypen liegt das Busvorzelt als Low oder Tall vor.<\/p>\n<p><img loading=\"lazy\" decoding=\"async\" class=\"aligncenter wp-image-5063 size-full\" title=\"Vango Busvorzelt Airhub \" src=\"https:\/\/www.schlanser.ch\/magazin\/wp-content\/uploads\/2018\/08\/Vango-Busvorzelt-Airhub.jpg\" alt=\"Vango Busvorzelt Airhub \" width=\"600\" height=\"298\" srcset=\"https:\/\/www.schlanser.ch\/magazin\/wp-content\/uploads\/2018\/08\/Vango-Busvorzelt-Airhub.jpg 600w, https:\/\/www.schlanser.ch\/magazin\/wp-content\/uploads\/2018\/08\/Vango-Busvorzelt-Airhub-300x149.jpg 300w\" sizes=\"(max-width: 600px) 100vw, 600px\" \/><\/p>\n<h2>Solide und durchdacht<\/h2>\n<p style=\"text-align: justify;\">Ein etwas weniger futuristisch anmutender Entwurf ist das Vango Busvorzelt Cruz. Hier hat der Hersteller alles gegeben und nur die besten Materialien verarbeitet. Beim AirBeam \u2013 dem tragenden Luftsystem \u2013 setzt er auf vorgeformte Schl\u00e4uche. Das f\u00fchrt zu einer erh\u00f6hten Stabilit\u00e4t und Nutzbarkeit bis in die Ecken. Vorbei auch die Qual der Wahl, ob Sie nur das Dach als Sonnenschutz oder das ganze Vorzelt aufbauen: Das Busvorzelt Cruz ist mit einem Sonnensegel ausgestattet.<\/p>\n<p><img loading=\"lazy\" decoding=\"async\" class=\"aligncenter wp-image-5065 size-full\" title=\"Vango Busvorzelt Cruz II Low\" src=\"https:\/\/www.schlanser.ch\/magazin\/wp-content\/uploads\/2018\/08\/Vango-Busvorzelt-Cruz-II-Low.jpg\" alt=\"Vango Busvorzelt Cruz II Low\" width=\"600\" height=\"224\" srcset=\"https:\/\/www.schlanser.ch\/magazin\/wp-content\/uploads\/2018\/08\/Vango-Busvorzelt-Cruz-II-Low.jpg 600w, https:\/\/www.schlanser.ch\/magazin\/wp-content\/uploads\/2018\/08\/Vango-Busvorzelt-Cruz-II-Low-300x112.jpg 300w\" sizes=\"(max-width: 600px) 100vw, 600px\" \/><\/p>\n<h2>Neuartige Raumaufteilung<\/h2>\n<p style=\"text-align: justify;\">Mit dem Busvorzelt Galli schl\u00e4gt der Hersteller einen dritten Weg ein. Hier sitzt die Schleuse seitlich am Zelt. Aussen angebrachte Abspannleinen sichern den Vorbau bei Sturm und sorgen f\u00fcr Stabilit\u00e4t bei wechselnden Windrichtungen. Die gelungene Aufteilung des Galli garantiert nicht nur einen trockenen Zugang zum Reisemobil, sondern dient sogar als Unterstellplatz f\u00fcr Fahrr\u00e4der und Kinderwagen. Der Wohnraum ist mit grossen Fenstern ausgestattet und das Bel\u00fcftungssystem sorgt f\u00fcr frische Luft. Auch hier wurden unterschiedliche Fahrzeugh\u00f6hen ber\u00fccksichtigt. Wie alle AirBeam Zelte wird auch dieses Modell mit Repair-Kit und Doppelhub-Luftpumpe ausgeliefert.<\/p>\n<p><img loading=\"lazy\" decoding=\"async\" class=\"aligncenter wp-image-5067 size-full\" title=\"Vango Busvorzelt Galli Compact \" src=\"https:\/\/www.schlanser.ch\/magazin\/wp-content\/uploads\/2018\/08\/Vango-Busvorzelt-Galli-Compact.jpg\" alt=\"Vango Busvorzelt Galli Compact \" width=\"600\" height=\"342\" srcset=\"https:\/\/www.schlanser.ch\/magazin\/wp-content\/uploads\/2018\/08\/Vango-Busvorzelt-Galli-Compact.jpg 600w, https:\/\/www.schlanser.ch\/magazin\/wp-content\/uploads\/2018\/08\/Vango-Busvorzelt-Galli-Compact-300x171.jpg 300w\" sizes=\"(max-width: 600px) 100vw, 600px\" \/><\/p>\n<h2>Aufblasbarer Pavillon schnell aufgestellt<\/h2>\n<p style=\"text-align: justify;\">F\u00fcr einen Kurztrip muss es nicht immer das Zelt sein, manchmal reichen auch ein Sonnenschutz und die M\u00f6glichkeit zum Unterstellen. \u00dcbrigens nicht nur beim Camping. Der Pavillon Airhub Hex wirkt der bekannten Bildung von Stauw\u00e4rme durch drei Eing\u00e4nge entgegen. An den gegen\u00fcberliegenden Seiten sind grosse Moskitofenster eingelassen. Alle Fenster und Eing\u00e4nge sind rundum verschliessbar und von unten sch\u00fctzt ein Boden vor Feuchtigkeit und eindringenden Insekten. F\u00fcr mehr Sicherheit bei ung\u00fcnstigen Sichtverh\u00e4ltnissen sind die Abspannleinen in der Farbe Orange gehalten.<\/p>\n<p><img loading=\"lazy\" decoding=\"async\" class=\"aligncenter wp-image-5069 size-full\" title=\"Vango Pavillon Airhub Hex\" src=\"https:\/\/www.schlanser.ch\/magazin\/wp-content\/uploads\/2018\/08\/Vango-Pavillon-Airhub-Hex.jpg\" alt=\"Vango Pavillon Airhub Hex\" width=\"600\" height=\"410\" srcset=\"https:\/\/www.schlanser.ch\/magazin\/wp-content\/uploads\/2018\/08\/Vango-Pavillon-Airhub-Hex.jpg 600w, https:\/\/www.schlanser.ch\/magazin\/wp-content\/uploads\/2018\/08\/Vango-Pavillon-Airhub-Hex-300x205.jpg 300w, https:\/\/www.schlanser.ch\/magazin\/wp-content\/uploads\/2018\/08\/Vango-Pavillon-Airhub-Hex-110x75.jpg 110w\" sizes=\"(max-width: 600px) 100vw, 600px\" \/><\/p>\n<h2>Immer dem Wegweiser nach: Trekkingzelte<\/h2>\n<p style=\"text-align: justify;\">Die Vielfalt der Luftzelte macht vor Trekking nicht halt. Auch das Ein-Personen- oder Familienzelt erhalten Sie mit Vango AirBeam. Auff\u00e4llig ist die hohe Zahl an <a href=\"https:\/\/www.schlanser.ch\/zelte\/campingzelte\/tunnelzelte\/\">Tunnelzelten<\/a>. Dieser Konstruktionstyp kommt dem Prinzip des AirBeam sehr entgegen und ist bekannt f\u00fcr den Komfort. Wie bei allen Zelten dieses Typs beachten Sie auch beim Luftzelt die vorherrschende Windrichtung. Alle Tunnelzelte sind weniger windanf\u00e4llig, wenn dieser seitlich auftrifft. Mit gemeinsamen Kr\u00e4ften ist die Ausrichtung allerdings auch schnell \u00e4nderbar. Erst recht, wenn es sich um ein Vango AirBeam Zelt handelt.<\/p>\n<p><img loading=\"lazy\" decoding=\"async\" class=\"aligncenter wp-image-5071 size-full\" title=\"Vango Tunnelzelt Spey 300+\" src=\"https:\/\/www.schlanser.ch\/magazin\/wp-content\/uploads\/2018\/08\/Vango-Tunnelzelt-Spey-300.jpg\" alt=\"Vango Tunnelzelt Spey 300+\" width=\"600\" height=\"297\" srcset=\"https:\/\/www.schlanser.ch\/magazin\/wp-content\/uploads\/2018\/08\/Vango-Tunnelzelt-Spey-300.jpg 600w, https:\/\/www.schlanser.ch\/magazin\/wp-content\/uploads\/2018\/08\/Vango-Tunnelzelt-Spey-300-300x149.jpg 300w\" sizes=\"(max-width: 600px) 100vw, 600px\" \/><\/p>\n<h2>Mehr als AirBeam \u2013 ein Blick auf alternative Hersteller<\/h2>\n<p style=\"text-align: justify;\">Das <a href=\"https:\/\/www.schlanser.ch\/zelte\/campingzelte\/aufblasbare-zelte\/\">aufblasbare Zelt<\/a> ist kein Alleinstellungsmerkmal von Vango. Auch andere Hersteller wie Outwell oder Berger f\u00fchren diese moderne Zeltvariante in ihrem Programm. Im direkten Vergleich wird deutlich, dass leichte Zelte in beiden Ausf\u00fchrungen tauglich sind. Eine Kombination, bei der Sie die Wahl haben zwischen Luft oder Gest\u00e4nge gibt der Markt zurzeit nicht her. Dabei kennt es doch jeder: Ein platter Reifen setzt das ganze Fahrzeug ausser Funktion. Was, wenn beim Luftzelt ein Luftschlauch undicht wird? Nun, das kommt ebenso h\u00e4ufig vor, wie der Bruch einer Zeltstange und ist abh\u00e4ngig von einem sorgf\u00e4ltigen Umgang mit dem Zelt. Im Gegensatz zum Zeltgest\u00e4nge k\u00f6nnen Sie mit Flickzeug ein Leck im AirBeam rasch reparieren. Ersatz f\u00fcr eine verbogene Stange findet sich oft nicht direkt ums Eck.<\/p>\n","protected":false},"excerpt":{"rendered":"<p>\u00abLuftgest\u00e4nge f\u00fcr schnelleren Aufbau und mehr Stabilit\u00e4t\u00bb Routinierte Camper bauen ein Zelt in k\u00fcrzester Zeit auf, meist deutlich unter einer Stunde. K\u00f6rpereinsatz ist gefordert und \u00dcbung beim Zusammensetzen der Zeltstangen. Ein neues Zelt zu errichten, beginnt mit dem Studium der Gebrauchsanleitung, doch nach mehrmaligem Auf- und Abbau klappt es problemlos und schnell. Schnell? Was, wenn &hellip;<\/p>\n","protected":false},"author":1,"featured_media":5077,"comment_status":"closed","ping_status":"open","sticky":false,"template":"","format":"standard","meta":{"footnotes":""},"categories":[1],"tags":[201,379,234,672,674,673,671,13],"yoast_head":"<!-- This site is optimized with the Yoast SEO plugin v22.2 - https:\/\/yoast.com\/wordpress\/plugins\/seo\/ -->\n<title>Vango AirBeam - Schlanser Magazin<\/title>\n<meta name=\"description\" content=\"Das Schlanser Camping Magazin erkl\u00e4rt mit dem Vango AirBeam das Luftgest\u00e4nge der Zukunft: Schneller und einfacher Aufbau \u2714 Mehr Stabilit\u00e4t \u2714\" \/>\n<meta name=\"robots\" content=\"index, follow, max-snippet:-1, max-image-preview:large, max-video-preview:-1\" \/>\n<link rel=\"canonical\" href=\"https:\/\/www.schlanser.ch\/magazin\/vango-airbeam\/\" \/>\n<meta property=\"og:locale\" content=\"de_DE\" \/>\n<meta property=\"og:type\" content=\"article\" \/>\n<meta property=\"og:title\" content=\"Vango AirBeam - Schlanser Magazin\" \/>\n<meta property=\"og:description\" content=\"Das Schlanser Camping Magazin erkl\u00e4rt mit dem Vango AirBeam das Luftgest\u00e4nge der Zukunft: Schneller und einfacher Aufbau \u2714 Mehr Stabilit\u00e4t \u2714\" \/>\n<meta property=\"og:url\" content=\"https:\/\/www.schlanser.ch\/magazin\/vango-airbeam\/\" \/>\n<meta property=\"og:site_name\" content=\"Schlanser Magazin\" \/>\n<meta property=\"article:published_time\" content=\"2018-08-10T09:51:36+00:00\" \/>\n<meta property=\"article:modified_time\" content=\"2019-08-21T14:54:52+00:00\" \/>\n<meta property=\"og:image\" content=\"https:\/\/www.schlanser.ch\/magazin\/wp-content\/uploads\/2018\/08\/Vango-Bus-und-Reisemobilvorzelt-Kela-IV-Low.jpg\" \/>\n\t<meta property=\"og:image:width\" content=\"660\" \/>\n\t<meta property=\"og:image:height\" content=\"343\" \/>\n\t<meta property=\"og:image:type\" content=\"image\/jpeg\" \/>\n<meta name=\"author\" content=\"admin\" \/>\n<meta name=\"twitter:card\" content=\"summary_large_image\" \/>\n<meta name=\"twitter:label1\" content=\"Verfasst von\" \/>\n\t<meta name=\"twitter:data1\" content=\"admin\" \/>\n\t<meta name=\"twitter:label2\" content=\"Gesch\u00e4tzte Lesezeit\" \/>\n\t<meta name=\"twitter:data2\" content=\"5 Minuten\" \/>\n<script type=\"application\/ld+json\" class=\"yoast-schema-graph\">{\"@context\":\"https:\/\/schema.org\",\"@graph\":[{\"@type\":\"WebPage\",\"@id\":\"https:\/\/www.schlanser.ch\/magazin\/vango-airbeam\/\",\"url\":\"https:\/\/www.schlanser.ch\/magazin\/vango-airbeam\/\",\"name\":\"Vango AirBeam - Schlanser Magazin\",\"isPartOf\":{\"@id\":\"https:\/\/www.schlanser.ch\/magazin\/#website\"},\"primaryImageOfPage\":{\"@id\":\"https:\/\/www.schlanser.ch\/magazin\/vango-airbeam\/#primaryimage\"},\"image\":{\"@id\":\"https:\/\/www.schlanser.ch\/magazin\/vango-airbeam\/#primaryimage\"},\"thumbnailUrl\":\"https:\/\/www.schlanser.ch\/magazin\/wp-content\/uploads\/2018\/08\/Vango-Bus-und-Reisemobilvorzelt-Kela-IV-Low.jpg\",\"datePublished\":\"2018-08-10T09:51:36+00:00\",\"dateModified\":\"2019-08-21T14:54:52+00:00\",\"author\":{\"@id\":\"https:\/\/www.schlanser.ch\/magazin\/#\/schema\/person\/000db0a103eb2594ba3daf394b1dfea2\"},\"description\":\"Das Schlanser Camping Magazin erkl\u00e4rt mit dem Vango AirBeam das Luftgest\u00e4nge der Zukunft: Schneller und einfacher Aufbau \u2714 Mehr Stabilit\u00e4t \u2714\",\"breadcrumb\":{\"@id\":\"https:\/\/www.schlanser.ch\/magazin\/vango-airbeam\/#breadcrumb\"},\"inLanguage\":\"de-DE\",\"potentialAction\":[{\"@type\":\"ReadAction\",\"target\":[\"https:\/\/www.schlanser.ch\/magazin\/vango-airbeam\/\"]}]},{\"@type\":\"ImageObject\",\"inLanguage\":\"de-DE\",\"@id\":\"https:\/\/www.schlanser.ch\/magazin\/vango-airbeam\/#primaryimage\",\"url\":\"https:\/\/www.schlanser.ch\/magazin\/wp-content\/uploads\/2018\/08\/Vango-Bus-und-Reisemobilvorzelt-Kela-IV-Low.jpg\",\"contentUrl\":\"https:\/\/www.schlanser.ch\/magazin\/wp-content\/uploads\/2018\/08\/Vango-Bus-und-Reisemobilvorzelt-Kela-IV-Low.jpg\",\"width\":660,\"height\":343},{\"@type\":\"BreadcrumbList\",\"@id\":\"https:\/\/www.schlanser.ch\/magazin\/vango-airbeam\/#breadcrumb\",\"itemListElement\":[{\"@type\":\"ListItem\",\"position\":1,\"name\":\"Startseite\",\"item\":\"https:\/\/www.schlanser.ch\/magazin\/\"},{\"@type\":\"ListItem\",\"position\":2,\"name\":\"Vango AirBeam\"}]},{\"@type\":\"WebSite\",\"@id\":\"https:\/\/www.schlanser.ch\/magazin\/#website\",\"url\":\"https:\/\/www.schlanser.ch\/magazin\/\",\"name\":\"Schlanser Magazin\",\"description\":\"\",\"potentialAction\":[{\"@type\":\"SearchAction\",\"target\":{\"@type\":\"EntryPoint\",\"urlTemplate\":\"https:\/\/www.schlanser.ch\/magazin\/?s={search_term_string}\"},\"query-input\":\"required name=search_term_string\"}],\"inLanguage\":\"de-DE\"},{\"@type\":\"Person\",\"@id\":\"https:\/\/www.schlanser.ch\/magazin\/#\/schema\/person\/000db0a103eb2594ba3daf394b1dfea2\",\"name\":\"admin\",\"image\":{\"@type\":\"ImageObject\",\"inLanguage\":\"de-DE\",\"@id\":\"https:\/\/www.schlanser.ch\/magazin\/#\/schema\/person\/image\/\",\"url\":\"https:\/\/secure.gravatar.com\/avatar\/a794a4fe8a9b9c52241597eb381dfa2e?s=96&d=mm&r=g\",\"contentUrl\":\"https:\/\/secure.gravatar.com\/avatar\/a794a4fe8a9b9c52241597eb381dfa2e?s=96&d=mm&r=g\",\"caption\":\"admin\"}}]}<\/script>\n<!-- \/ Yoast SEO plugin. -->","yoast_head_json":{"title":"Vango AirBeam - Schlanser Magazin","description":"Das Schlanser Camping Magazin erkl\u00e4rt mit dem Vango AirBeam das Luftgest\u00e4nge der Zukunft: Schneller und einfacher Aufbau \u2714 Mehr Stabilit\u00e4t \u2714","robots":{"index":"index","follow":"follow","max-snippet":"max-snippet:-1","max-image-preview":"max-image-preview:large","max-video-preview":"max-video-preview:-1"},"canonical":"https:\/\/www.schlanser.ch\/magazin\/vango-airbeam\/","og_locale":"de_DE","og_type":"article","og_title":"Vango AirBeam - Schlanser Magazin","og_description":"Das Schlanser Camping Magazin erkl\u00e4rt mit dem Vango AirBeam das Luftgest\u00e4nge der Zukunft: Schneller und einfacher Aufbau \u2714 Mehr Stabilit\u00e4t \u2714","og_url":"https:\/\/www.schlanser.ch\/magazin\/vango-airbeam\/","og_site_name":"Schlanser Magazin","article_published_time":"2018-08-10T09:51:36+00:00","article_modified_time":"2019-08-21T14:54:52+00:00","og_image":[{"width":660,"height":343,"url":"https:\/\/www.schlanser.ch\/magazin\/wp-content\/uploads\/2018\/08\/Vango-Bus-und-Reisemobilvorzelt-Kela-IV-Low.jpg","type":"image\/jpeg"}],"author":"admin","twitter_card":"summary_large_image","twitter_misc":{"Verfasst von":"admin","Gesch\u00e4tzte Lesezeit":"5 Minuten"},"schema":{"@context":"https:\/\/schema.org","@graph":[{"@type":"WebPage","@id":"https:\/\/www.schlanser.ch\/magazin\/vango-airbeam\/","url":"https:\/\/www.schlanser.ch\/magazin\/vango-airbeam\/","name":"Vango AirBeam - Schlanser Magazin","isPartOf":{"@id":"https:\/\/www.schlanser.ch\/magazin\/#website"},"primaryImageOfPage":{"@id":"https:\/\/www.schlanser.ch\/magazin\/vango-airbeam\/#primaryimage"},"image":{"@id":"https:\/\/www.schlanser.ch\/magazin\/vango-airbeam\/#primaryimage"},"thumbnailUrl":"https:\/\/www.schlanser.ch\/magazin\/wp-content\/uploads\/2018\/08\/Vango-Bus-und-Reisemobilvorzelt-Kela-IV-Low.jpg","datePublished":"2018-08-10T09:51:36+00:00","dateModified":"2019-08-21T14:54:52+00:00","author":{"@id":"https:\/\/www.schlanser.ch\/magazin\/#\/schema\/person\/000db0a103eb2594ba3daf394b1dfea2"},"description":"Das Schlanser Camping Magazin erkl\u00e4rt mit dem Vango AirBeam das Luftgest\u00e4nge der Zukunft: Schneller und einfacher Aufbau \u2714 Mehr Stabilit\u00e4t \u2714","breadcrumb":{"@id":"https:\/\/www.schlanser.ch\/magazin\/vango-airbeam\/#breadcrumb"},"inLanguage":"de-DE","potentialAction":[{"@type":"ReadAction","target":["https:\/\/www.schlanser.ch\/magazin\/vango-airbeam\/"]}]},{"@type":"ImageObject","inLanguage":"de-DE","@id":"https:\/\/www.schlanser.ch\/magazin\/vango-airbeam\/#primaryimage","url":"https:\/\/www.schlanser.ch\/magazin\/wp-content\/uploads\/2018\/08\/Vango-Bus-und-Reisemobilvorzelt-Kela-IV-Low.jpg","contentUrl":"https:\/\/www.schlanser.ch\/magazin\/wp-content\/uploads\/2018\/08\/Vango-Bus-und-Reisemobilvorzelt-Kela-IV-Low.jpg","width":660,"height":343},{"@type":"BreadcrumbList","@id":"https:\/\/www.schlanser.ch\/magazin\/vango-airbeam\/#breadcrumb","itemListElement":[{"@type":"ListItem","position":1,"name":"Startseite","item":"https:\/\/www.schlanser.ch\/magazin\/"},{"@type":"ListItem","position":2,"name":"Vango AirBeam"}]},{"@type":"WebSite","@id":"https:\/\/www.schlanser.ch\/magazin\/#website","url":"https:\/\/www.schlanser.ch\/magazin\/","name":"Schlanser Magazin","description":"","potentialAction":[{"@type":"SearchAction","target":{"@type":"EntryPoint","urlTemplate":"https:\/\/www.schlanser.ch\/magazin\/?s={search_term_string}"},"query-input":"required name=search_term_string"}],"inLanguage":"de-DE"},{"@type":"Person","@id":"https:\/\/www.schlanser.ch\/magazin\/#\/schema\/person\/000db0a103eb2594ba3daf394b1dfea2","name":"admin","image":{"@type":"ImageObject","inLanguage":"de-DE","@id":"https:\/\/www.schlanser.ch\/magazin\/#\/schema\/person\/image\/","url":"https:\/\/secure.gravatar.com\/avatar\/a794a4fe8a9b9c52241597eb381dfa2e?s=96&d=mm&r=g","contentUrl":"https:\/\/secure.gravatar.com\/avatar\/a794a4fe8a9b9c52241597eb381dfa2e?s=96&d=mm&r=g","caption":"admin"}}]}},"_links":{"self":[{"href":"https:\/\/www.schlanser.ch\/magazin\/wp-json\/wp\/v2\/posts\/5057"}],"collection":[{"href":"https:\/\/www.schlanser.ch\/magazin\/wp-json\/wp\/v2\/posts"}],"about":[{"href":"https:\/\/www.schlanser.ch\/magazin\/wp-json\/wp\/v2\/types\/post"}],"author":[{"embeddable":true,"href":"https:\/\/www.schlanser.ch\/magazin\/wp-json\/wp\/v2\/users\/1"}],"replies":[{"embeddable":true,"href":"https:\/\/www.schlanser.ch\/magazin\/wp-json\/wp\/v2\/comments?post=5057"}],"version-history":[{"count":20,"href":"https:\/\/www.schlanser.ch\/magazin\/wp-json\/wp\/v2\/posts\/5057\/revisions"}],"predecessor-version":[{"id":7462,"href":"https:\/\/www.schlanser.ch\/magazin\/wp-json\/wp\/v2\/posts\/5057\/revisions\/7462"}],"wp:featuredmedia":[{"embeddable":true,"href":"https:\/\/www.schlanser.ch\/magazin\/wp-json\/wp\/v2\/media\/5077"}],"wp:attachment":[{"href":"https:\/\/www.schlanser.ch\/magazin\/wp-json\/wp\/v2\/media?parent=5057"}],"wp:term":[{"taxonomy":"category","embeddable":true,"href":"https:\/\/www.schlanser.ch\/magazin\/wp-json\/wp\/v2\/categories?post=5057"},{"taxonomy":"post_tag","embeddable":true,"href":"https:\/\/www.schlanser.ch\/magazin\/wp-json\/wp\/v2\/tags?post=5057"}],"curies":[{"name":"wp","href":"https:\/\/api.w.org\/{rel}","templated":true}]}}