{"id":5085,"date":"2018-08-15T09:18:11","date_gmt":"2018-08-15T07:18:11","guid":{"rendered":"https:\/\/www.schlanser.ch\/magazin\/?p=5085"},"modified":"2024-01-10T14:51:29","modified_gmt":"2024-01-10T13:51:29","slug":"trekking-alleine","status":"publish","type":"post","link":"https:\/\/www.schlanser.ch\/magazin\/trekking-alleine\/","title":{"rendered":"Trekking alleine"},"content":{"rendered":"<h2>\u00ab Im Einmannzelt durch die Natur \u00bb<\/h2>\n<p style=\"text-align: justify;\"><strong>Viele Leute f\u00fchlen sich in Gesellschaft anderer sehr wohl. Das gilt auch f\u00fcr den Trekking- und Wanderurlaub. Allerdings birgt eine Tour auf eigene Faust ganz besondere Vorz\u00fcge und M\u00f6glichkeiten. Weshalb eine mehrt\u00e4gige Wanderung alleine genau das Richtige f\u00fcr Sie sein kann! Was Sie f\u00fcr diesen Fall alles im Gep\u00e4ck haben sollten, verraten wir Ihnen in diesem Artikel.<\/strong><\/p>\n<h2>Alleine Trekken<\/h2>\n<p style=\"text-align: justify;\">Mit dem Einmannzelt und einfacher <a href=\"https:\/\/www.schlanser.ch\/outdoor-freizeit\/outdoor-ausruestung\/\">Outdoor-Ausr\u00fcstung<\/a> \u00fcber mehrere Tage durch die Natur zu streifen, ist ein grosser Kontrast zum Alltag. Entsprechend hoch ist der Erholungsfaktor. Selbst Leute, die sich f\u00fcr wenig sportlich halten oder viel Wert auf die Errungenschaften der Zivilisation legen, sind von Trekkingtouren meist positiv \u00fcberrascht. Die N\u00e4he zur Natur, die Ruhe und der eigene Rhythmus, der sich im Laufe der Tage einstellt, machen den Reiz eines solchen Urlaubs aus. Am intensivsten ist dieses Erlebnis, wenn man alleine loszieht.<\/p>\n<figure id=\"attachment_5111\" aria-describedby=\"caption-attachment-5111\" style=\"width: 600px\" class=\"wp-caption aligncenter\"><img loading=\"lazy\" decoding=\"async\" class=\"wp-image-5111 size-full\" title=\"Alleine Trekken\" src=\"https:\/\/www.schlanser.ch\/magazin\/wp-content\/uploads\/2018\/09\/Alleine-Trekken.jpg\" alt=\"Alleine Trekken\" width=\"600\" height=\"400\" srcset=\"https:\/\/www.schlanser.ch\/magazin\/wp-content\/uploads\/2018\/09\/Alleine-Trekken.jpg 600w, https:\/\/www.schlanser.ch\/magazin\/wp-content\/uploads\/2018\/09\/Alleine-Trekken-300x200.jpg 300w\" sizes=\"(max-width: 600px) 100vw, 600px\" \/><figcaption id=\"caption-attachment-5111\" class=\"wp-caption-text\">\u00a9 EVERST \/ Fotolia.com<\/figcaption><\/figure>\n<p style=\"text-align: justify;\">F\u00fcr manch einen mag dies eine be\u00e4ngstigende Vorstellung sein. Doch gibt es in Zeiten des Handys kaum etwas zu f\u00fcrchten. Sie finden viele wundersch\u00f6ne Trekkingtouren durch Europa oder Amerika, die recht h\u00e4ufig begangen werden. Dort ist die Wahrscheinlichkeit im Notfall auf andere Wanderer zu treffen recht hoch. M\u00f6gliche Bedenken bez\u00fcglich alleine Reisen sind also unangebracht, wenn Sie die Tour sorgf\u00e4ltig ausw\u00e4hlen.<\/p>\n<p style=\"text-align: justify;\">Die Vorz\u00fcge hingegen sind zahlreich:<\/p>\n<ul style=\"text-align: justify;\">\n<li>Unabh\u00e4ngigkeit<\/li>\n<li>absolute Ruhe<\/li>\n<li>eigenes Tempo<\/li>\n<li>keine Kompromisse<\/li>\n<\/ul>\n<p style=\"text-align: justify;\">Wer bereits Wanderungen in der Gruppe gemacht hat, kennt die Probleme: Einer l\u00e4uft schneller, der andere langsamer. Sie w\u00fcrden noch ein paar Kilometer schaffen, aber der Rest der Gruppe h\u00e4ngt durch. Ein Zeltplatz mit sch\u00f6ner Aussicht w\u00e4re Ihnen lieber als die ausgewiesene Zeltwiese. Probleme dieser Art tauchen jeden Tag auf. Beim Trekking alleine ist dies nicht der Fall. So entspannen Sie sich viel intensiver.<\/p>\n<h2>Vor- und Nachteile beim alleine Reisen<\/h2>\n<p style=\"text-align: justify;\">Trekking alleine ist durch grosse Selbstbestimmtheit gekennzeichnet. Nicht nur der Verlauf der Route, die \u00dcbernachtungspl\u00e4tze und die L\u00e4nge der Tagesetappen liegen ausschliesslich in Ihrer Hand. Sie sind auch nicht von den Urlaubszeiten anderer Personen abh\u00e4ngig und k\u00f6nnen sich frei f\u00fcr ein Reiseziel entscheiden. Ob es mit dem Einmannzelt vor der Haust\u00fcre losgehen soll oder eine Anreise mit dem Flugzeug notwendig ist, ist allein Ihre Entscheidung.<\/p>\n<figure id=\"attachment_5116\" aria-describedby=\"caption-attachment-5116\" style=\"width: 600px\" class=\"wp-caption aligncenter\"><img loading=\"lazy\" decoding=\"async\" class=\"wp-image-5116 size-full\" title=\"Wanderin mit Karte\" src=\"https:\/\/www.schlanser.ch\/magazin\/wp-content\/uploads\/2018\/09\/Wanderin-mit-Karte.jpg\" alt=\"Wanderin mit Karte\" width=\"600\" height=\"400\" srcset=\"https:\/\/www.schlanser.ch\/magazin\/wp-content\/uploads\/2018\/09\/Wanderin-mit-Karte.jpg 600w, https:\/\/www.schlanser.ch\/magazin\/wp-content\/uploads\/2018\/09\/Wanderin-mit-Karte-300x200.jpg 300w\" sizes=\"(max-width: 600px) 100vw, 600px\" \/><figcaption id=\"caption-attachment-5116\" class=\"wp-caption-text\">\u00a9 Novak \/ Fotolia.com<\/figcaption><\/figure>\n<p style=\"text-align: justify;\">Nat\u00fcrlich sollten gerade unerfahrene Fernwanderer Ihre Route mit Bedacht w\u00e4hlen. Es gibt viele Wanderwege, die gut ausgeschildert sind und \u00fcber eine ausgebaute Infrastruktur verf\u00fcgen. Das Wegenetz der Jakobswege sowie die europ\u00e4ischen Fernwanderwege z\u00e4hlen dazu. Diese Wege sind f\u00fcr erste Trekkingtouren zu empfehlen.<\/p>\n<p><img loading=\"lazy\" decoding=\"async\" class=\"aligncenter wp-image-5118 size-full\" title=\"GSI Geschirrset Cascadian | 6-teilig\" src=\"https:\/\/www.schlanser.ch\/magazin\/wp-content\/uploads\/2018\/09\/gsi-geschirrset-cascadian-6-teilig.jpg\" alt=\"gsi-geschirrset-cascadian-6-teilig\" width=\"600\" height=\"293\" srcset=\"https:\/\/www.schlanser.ch\/magazin\/wp-content\/uploads\/2018\/09\/gsi-geschirrset-cascadian-6-teilig.jpg 600w, https:\/\/www.schlanser.ch\/magazin\/wp-content\/uploads\/2018\/09\/gsi-geschirrset-cascadian-6-teilig-300x147.jpg 300w\" sizes=\"(max-width: 600px) 100vw, 600px\" \/><\/p>\n<p style=\"text-align: justify;\">Ein gewisser Nachteil beim alleine Reisen ist, dass Sie Ihr komplettes Gep\u00e4ck selbst tragen m\u00fcssen. In der Gruppe werden Gegenst\u00e4nde wie Kocher, <a href=\"https:\/\/www.schlanser.ch\/haushalt\/camping-geschirr\/trekkinggeschirr\/\">Trekkinggeschirr<\/a>, Zelt oder Erste-Hilfe-Set \u00fcber mehrere Rucks\u00e4cke verteilt. Das Gewicht f\u00fcr den Einzelnen reduziert sich erheblich. Achten Sie daher beim Trekking alleine auf \u00e4usserst leichtes Gep\u00e4ck.<\/p>\n<p><img loading=\"lazy\" decoding=\"async\" class=\"aligncenter wp-image-5120 size-full\" title=\"Deckenschlafsack Fleece Comfort | flauschige Fleece-Au\u00dfenseite | kann als Zudecke verwendet werden\" src=\"https:\/\/www.schlanser.ch\/magazin\/wp-content\/uploads\/2018\/09\/deckenschlafsack-fleece-comfort.jpg\" alt=\"deckenschlafsack-fleece-comfort\" width=\"600\" height=\"340\" srcset=\"https:\/\/www.schlanser.ch\/magazin\/wp-content\/uploads\/2018\/09\/deckenschlafsack-fleece-comfort.jpg 600w, https:\/\/www.schlanser.ch\/magazin\/wp-content\/uploads\/2018\/09\/deckenschlafsack-fleece-comfort-300x170.jpg 300w\" sizes=\"(max-width: 600px) 100vw, 600px\" \/><\/p>\n<p style=\"text-align: justify;\">Bereits der Rucksack selbst sollte so wenig Eigengewicht wie m\u00f6glich aufweisen. Ebenso lassen sich bei <a href=\"https:\/\/www.schlanser.ch\/zelte\/campingzelte\/\">Zelt<\/a>, Isomatte, Schlafsack, Kocher und Kleidung etliche Gramm sparen. Entscheiden Sie sich im Zweifelsfall immer f\u00fcr h\u00f6here Qualit\u00e4t aus leichteren Materialien.<\/p>\n<h2>Das Zelt \u2013 Ihr Zuhause<\/h2>\n<p style=\"text-align: justify;\">Das Zelt hat beim Trekking eine zentrale Stellung. Es ist Schlafzimmer, Wetterschutz und im Zweifelsfall auch K\u00fcche. Sind die N\u00e4chte nicht erholsam, weil Wind oder Regen Sie plagen, haben Sie tags\u00fcber weniger Energie zum Laufen. Daher ist bei der Wahl des Zeltes f\u00fcr Trekkingtouren besondere Sorgfalt angebracht.<\/p>\n<figure id=\"attachment_5122\" aria-describedby=\"caption-attachment-5122\" style=\"width: 600px\" class=\"wp-caption aligncenter\"><img loading=\"lazy\" decoding=\"async\" class=\"wp-image-5122 size-full\" title=\"Blick aus dem Zelt\" src=\"https:\/\/www.schlanser.ch\/magazin\/wp-content\/uploads\/2018\/09\/Blick-aus-dem-Zelt.jpg\" alt=\"Blick aus dem Zelt\" width=\"600\" height=\"400\" srcset=\"https:\/\/www.schlanser.ch\/magazin\/wp-content\/uploads\/2018\/09\/Blick-aus-dem-Zelt.jpg 600w, https:\/\/www.schlanser.ch\/magazin\/wp-content\/uploads\/2018\/09\/Blick-aus-dem-Zelt-300x200.jpg 300w\" sizes=\"(max-width: 600px) 100vw, 600px\" \/><figcaption id=\"caption-attachment-5122\" class=\"wp-caption-text\">\u00a9 Sergey \/ Fotolia.com<\/figcaption><\/figure>\n<p style=\"text-align: justify;\">Vor einer Kaufentscheidung m\u00fcssen Sie sich dar\u00fcber im Klaren sein, wann und wohin Ihre Reisen gehen sollen. Machen Sie sich bewusst, welche klimatischen Bedingungen auf Sie warten und welche Untergr\u00fcnde Sie vorfinden werden. Erwarten Sie Regen und niedrige Temperaturen beim Trekking, muss die Wetterfestigkeit in jedem Fall h\u00f6chste Priorit\u00e4t haben. Manch ein Wanderer hat selbst in heimischen Gefilden ernsthafte Probleme bekommen, weil er nass wurde und sich die ganze Nacht lang weder trocknen noch w\u00e4rmen konnte.<\/p>\n<h2>Gewicht oder Komfort \u2013 ein Kompromiss<\/h2>\n<p style=\"text-align: justify;\">Gleich nach der Wetterfestigkeit kommen Gewicht und Komfort. Da Sie Ihr Zelt die ganze Zeit bei sich tragen, muss es m\u00f6glichst leicht sein. Auf dem Markt ist das Einmannzelt als sparsamste L\u00f6sung inzwischen weit verbreitet. Doch sollte Ihnen bewusst sein, dass Sie zum Beispiel durch die Art des Gest\u00e4nges mehr Gewicht sparen k\u00f6nnen als \u00fcber die blosse Gr\u00f6sse des Zelts.<\/p>\n<p><img loading=\"lazy\" decoding=\"async\" class=\"aligncenter wp-image-5124 size-full\" title=\"2 Flamm-Kocher von Berger | 50 mbar | stufenlos regulierbar | einfache Reinigung\" src=\"https:\/\/www.schlanser.ch\/magazin\/wp-content\/uploads\/2018\/09\/2-flamm-kocher-berger.jpg\" alt=\"2-flamm-kocher-berger\" width=\"600\" height=\"360\" srcset=\"https:\/\/www.schlanser.ch\/magazin\/wp-content\/uploads\/2018\/09\/2-flamm-kocher-berger.jpg 600w, https:\/\/www.schlanser.ch\/magazin\/wp-content\/uploads\/2018\/09\/2-flamm-kocher-berger-300x180.jpg 300w\" sizes=\"(max-width: 600px) 100vw, 600px\" \/><\/p>\n<p style=\"text-align: justify;\">Ein Zweimannzelt hat ausserdem in puncto Komfort viel zu bieten. Aufgrund von mehr Platz verstauen Sie hier mit Leichtigkeit Ihr gesamtes Gep\u00e4ck bei schlechtem Wetter. Auch Kochen sollte bei Regen oder Schnee im Zelt m\u00f6glich sein. Darauf m\u00fcssen Sie beim Trekking mit Einmannzelt h\u00e4ufig verzichten. Letztendlich spielen auch Ihre K\u00f6rperl\u00e4nge und Ihr Schlafverhalten eine grosse Rolle. Manch ein Einmannzelt ist nicht auf Personen von \u00fcber 1,80 m ausgelegt. Bei einwandigen Varianten schlafen Sie schnell im Nassen, wenn Sie sich im Schlaf herumw\u00e4lzen.<\/p>\n<p><img loading=\"lazy\" decoding=\"async\" class=\"aligncenter wp-image-5126 size-full\" title=\"Selfinflating Matte Gr. 1 | mit integriertem Kopfteil | selbstaufblasende Liegefl\u00e4che | Kopfkissen manuell aufpumpbar\" src=\"https:\/\/www.schlanser.ch\/magazin\/wp-content\/uploads\/2018\/09\/selfinflating-matte-groesse-1.jpg\" alt=\"selfinflating-matte-groesse-1\" width=\"600\" height=\"330\" srcset=\"https:\/\/www.schlanser.ch\/magazin\/wp-content\/uploads\/2018\/09\/selfinflating-matte-groesse-1.jpg 600w, https:\/\/www.schlanser.ch\/magazin\/wp-content\/uploads\/2018\/09\/selfinflating-matte-groesse-1-300x165.jpg 300w\" sizes=\"(max-width: 600px) 100vw, 600px\" \/><\/p>\n<p style=\"text-align: justify;\">In einem Zweimannzelt ist hingegen ausreichend Spielraum zu beiden Seiten. Grosse Personen legen sich diagonal in die Kabine und gewinnen so ein paar Zentimeter Spielraum. Es lohnt sich also, bei der Suche nach einem Trekking Einmannzelt auch Zweimannzelte in Betracht zu ziehen. Im Folgenden haben wir eine Auswahl an <a href=\"https:\/\/www.schlanser.ch\/zelte\/campingzelte\/leicht-trekkingzelte\/\">Trekkingzelten f\u00fcr zwei Personen<\/a> zusammengestellt, die f\u00fcr das alleine Reisen infrage kommen.<\/p>\n<h2>Leicht aufzubauen: Einbogenzelte<\/h2>\n<p style=\"text-align: justify;\">Die einfachste Variante eines Zeltes l\u00e4sst sich mit nur einer einzigen Stange aufbauen. Sogenannte &#8222;Einbogenzelte&#8220; bestechen durch ihr minimales Gewicht. So bringt beispielsweise das Hiker 2 von Berger nur 2,4 kg auf die Waage. Dennoch hat es einiges an Luxus zu bieten: zwei gegen\u00fcberliegende Eing\u00e4nge und ein von der Schlafkabine getrenntes Aussenzelt. Beides sorgt f\u00fcr eine gute Bel\u00fcftung, was Kondenswasserbildung vorbeugt.<\/p>\n<p><img loading=\"lazy\" decoding=\"async\" class=\"aligncenter wp-image-5097 size-full\" title=\"Berger Einbogenzelt Hiker 2 | zwei gegen\u00fcberliegende Eing\u00e4nge | zwei Dauerbel\u00fcftungen | ideales Packma\u00df\" src=\"https:\/\/www.schlanser.ch\/magazin\/wp-content\/uploads\/2018\/09\/berger-einbogenzelt-hiker-2.jpg\" alt=\"berger-einbogenzelt-hiker-2\" width=\"600\" height=\"375\" srcset=\"https:\/\/www.schlanser.ch\/magazin\/wp-content\/uploads\/2018\/09\/berger-einbogenzelt-hiker-2.jpg 600w, https:\/\/www.schlanser.ch\/magazin\/wp-content\/uploads\/2018\/09\/berger-einbogenzelt-hiker-2-300x188.jpg 300w\" sizes=\"(max-width: 600px) 100vw, 600px\" \/><\/p>\n<p style=\"text-align: justify;\">Wichtig zu wissen ist bei diesem Zelt, dass es unbedingt abgespannt werden muss. Die einzelne Fiberglasstange bleibt von alleine nicht in der Senkrechten stehen. Somit eignet sich dieses Zweimannzelt als Alternative zum Trekking-Einmannzelt bei sch\u00f6nem Wetter, Regen ohne starken Wind und weichem Untergrund.<\/p>\n<p><img loading=\"lazy\" decoding=\"async\" class=\"aligncenter wp-image-5095 size-full\" title=\"Mountain Guide Trekkingzelt Nola 2 | komprimiertes Packma\u00df | schnell aufblasbar | Eingang mit Moskitogaze\" src=\"https:\/\/www.schlanser.ch\/magazin\/wp-content\/uploads\/2018\/09\/mountain-guide-trekkingzelt-nola-2.jpg\" alt=\"mountain-guide-trekkingzelt-nola-2\" width=\"600\" height=\"375\" srcset=\"https:\/\/www.schlanser.ch\/magazin\/wp-content\/uploads\/2018\/09\/mountain-guide-trekkingzelt-nola-2.jpg 600w, https:\/\/www.schlanser.ch\/magazin\/wp-content\/uploads\/2018\/09\/mountain-guide-trekkingzelt-nola-2-300x188.jpg 300w\" sizes=\"(max-width: 600px) 100vw, 600px\" \/><\/p>\n<p style=\"text-align: justify;\">Ein besonderes Einbogenzelt ist das Nola 2 von Mountain Guide. Durch seine aufblasbare Stange ist es rasch aufgebaut. In der Apside bietet es reichlich Platz f\u00fcr Gep\u00e4ck oder zum Kochen. Mit 6000 mm Wassers\u00e4ule ist es auch st\u00e4rkerem Unwetter gewachsen. Das schl\u00e4gt sich allerdings in einem Gewicht von 4 kg nieder.<\/p>\n<h2>Robuste Zweimannzelte<\/h2>\n<p style=\"text-align: justify;\">Etwas leichter ist das Spey 200 von Vango. In den 3,2 kg sind sogar zwei Stangen enthalten. Die tunnelartige Form macht dieses Trekking Zelt sehr wetterbest\u00e4ndig. Ohne \u00fcberdachte Apside ist es f\u00fcr zwei Personen jedoch etwas knapp bemessen. Als Einmannzelt ist es hingegen ein ger\u00e4umiger und windstabiler Begleiter auf jeder Trekkingtour.<\/p>\n<p><img loading=\"lazy\" decoding=\"async\" class=\"aligncenter wp-image-5104 size-full\" title=\"Vango Zelt Spey 200 | funktionales, extrem leichtes, doppelwandiges Zweibogenzelt mit Spitzbogengest\u00e4nge\" src=\"https:\/\/www.schlanser.ch\/magazin\/wp-content\/uploads\/2018\/09\/vango-zelt-spey-200.jpg\" alt=\"vango-zelt-spey-200\" width=\"600\" height=\"323\" srcset=\"https:\/\/www.schlanser.ch\/magazin\/wp-content\/uploads\/2018\/09\/vango-zelt-spey-200.jpg 600w, https:\/\/www.schlanser.ch\/magazin\/wp-content\/uploads\/2018\/09\/vango-zelt-spey-200-300x162.jpg 300w\" sizes=\"(max-width: 600px) 100vw, 600px\" \/><\/p>\n<p style=\"text-align: justify;\">Profis empfehlen wir das Carpi II von Mountain Guide. Als Geod\u00e4tenzelt mit zwei robusten Alustangen und einer Wassers\u00e4ule von 6000 mm ist es selbst anspruchsvollen Touren im Gebirge oder an windigen K\u00fcsten gewachsen. Zwei Apsiden sorgen f\u00fcr reichlich Spielraum und die Dauerbel\u00fcftungsklappen f\u00fcr ein angenehmes Klima im Zelt.<\/p>\n<p><img loading=\"lazy\" decoding=\"async\" class=\"aligncenter wp-image-5101 size-full\" title=\"Mountain Guide Trekkingzelt Carpi II | sehr kleines Packma\u00df | enorme Windstabilit\u00e4t | mit praktischem Organizer\" src=\"https:\/\/www.schlanser.ch\/magazin\/wp-content\/uploads\/2018\/09\/mountain-guide-trekkingzelt-carpi-ii.jpg\" alt=\"mountain-guide-trekkingzelt-carpi-ii\" width=\"600\" height=\"310\" srcset=\"https:\/\/www.schlanser.ch\/magazin\/wp-content\/uploads\/2018\/09\/mountain-guide-trekkingzelt-carpi-ii.jpg 600w, https:\/\/www.schlanser.ch\/magazin\/wp-content\/uploads\/2018\/09\/mountain-guide-trekkingzelt-carpi-ii-300x155.jpg 300w\" sizes=\"(max-width: 600px) 100vw, 600px\" \/><\/p>\n<p style=\"text-align: justify;\">Dieses Zelt steht ohne Abspannung und bei Bedarf bauen Sie nur das Innenzelt auf. Mit 3 kg ist es nicht schwerer als manches Trekking-Einmannzelt.<\/p>\n","protected":false},"excerpt":{"rendered":"<p>\u00ab Im Einmannzelt durch die Natur \u00bb Viele Leute f\u00fchlen sich in Gesellschaft anderer sehr wohl. Das gilt auch f\u00fcr den Trekking- und Wanderurlaub. Allerdings birgt eine Tour auf eigene Faust ganz besondere Vorz\u00fcge und M\u00f6glichkeiten. Weshalb eine mehrt\u00e4gige Wanderung alleine genau das Richtige f\u00fcr Sie sein kann! Was Sie f\u00fcr diesen Fall alles im &hellip;<\/p>\n","protected":false},"author":1,"featured_media":5090,"comment_status":"closed","ping_status":"open","sticky":false,"template":"","format":"standard","meta":{"footnotes":""},"categories":[1],"tags":[342,350,324,675,38,25,341,677,349,676,234,235,352,323,679,678],"yoast_head":"<!-- This site is optimized with the Yoast SEO plugin v22.2 - https:\/\/yoast.com\/wordpress\/plugins\/seo\/ -->\n<title>Trekking alleine - Schlanser Magazin<\/title>\n<meta name=\"description\" content=\"Wir suchen mit Ihnen gemeinsam das Trekking Einmannzelt! \u2013 Alle Informationen zur\u00a0 Trekkingausr\u00fcstung f\u00fcr Alleinreisende im Schlanser Magazin \u2714\" \/>\n<meta name=\"robots\" content=\"index, follow, max-snippet:-1, max-image-preview:large, max-video-preview:-1\" \/>\n<link rel=\"canonical\" href=\"https:\/\/www.schlanser.ch\/magazin\/trekking-alleine\/\" \/>\n<meta property=\"og:locale\" content=\"de_DE\" \/>\n<meta property=\"og:type\" content=\"article\" \/>\n<meta property=\"og:title\" content=\"Trekking alleine - Schlanser Magazin\" \/>\n<meta property=\"og:description\" content=\"Wir suchen mit Ihnen gemeinsam das Trekking Einmannzelt! \u2013 Alle Informationen zur\u00a0 Trekkingausr\u00fcstung f\u00fcr Alleinreisende im Schlanser Magazin \u2714\" \/>\n<meta property=\"og:url\" content=\"https:\/\/www.schlanser.ch\/magazin\/trekking-alleine\/\" \/>\n<meta property=\"og:site_name\" content=\"Schlanser Magazin\" \/>\n<meta property=\"article:published_time\" content=\"2018-08-15T07:18:11+00:00\" \/>\n<meta property=\"article:modified_time\" content=\"2024-01-10T13:51:29+00:00\" \/>\n<meta property=\"og:image\" content=\"https:\/\/www.schlanser.ch\/magazin\/wp-content\/uploads\/2018\/09\/Trekking-alleine.jpg\" \/>\n\t<meta property=\"og:image:width\" content=\"800\" \/>\n\t<meta property=\"og:image:height\" content=\"507\" \/>\n\t<meta property=\"og:image:type\" content=\"image\/jpeg\" \/>\n<meta name=\"author\" content=\"admin\" \/>\n<meta name=\"twitter:card\" content=\"summary_large_image\" \/>\n<meta name=\"twitter:label1\" content=\"Verfasst von\" \/>\n\t<meta name=\"twitter:data1\" content=\"admin\" \/>\n\t<meta name=\"twitter:label2\" content=\"Gesch\u00e4tzte Lesezeit\" \/>\n\t<meta name=\"twitter:data2\" content=\"6 Minuten\" \/>\n<script type=\"application\/ld+json\" class=\"yoast-schema-graph\">{\"@context\":\"https:\/\/schema.org\",\"@graph\":[{\"@type\":\"WebPage\",\"@id\":\"https:\/\/www.schlanser.ch\/magazin\/trekking-alleine\/\",\"url\":\"https:\/\/www.schlanser.ch\/magazin\/trekking-alleine\/\",\"name\":\"Trekking alleine - Schlanser Magazin\",\"isPartOf\":{\"@id\":\"https:\/\/www.schlanser.ch\/magazin\/#website\"},\"primaryImageOfPage\":{\"@id\":\"https:\/\/www.schlanser.ch\/magazin\/trekking-alleine\/#primaryimage\"},\"image\":{\"@id\":\"https:\/\/www.schlanser.ch\/magazin\/trekking-alleine\/#primaryimage\"},\"thumbnailUrl\":\"https:\/\/www.schlanser.ch\/magazin\/wp-content\/uploads\/2018\/09\/Trekking-alleine.jpg\",\"datePublished\":\"2018-08-15T07:18:11+00:00\",\"dateModified\":\"2024-01-10T13:51:29+00:00\",\"author\":{\"@id\":\"https:\/\/www.schlanser.ch\/magazin\/#\/schema\/person\/000db0a103eb2594ba3daf394b1dfea2\"},\"description\":\"Wir suchen mit Ihnen gemeinsam das Trekking Einmannzelt! \u2013 Alle Informationen zur\u00a0 Trekkingausr\u00fcstung f\u00fcr Alleinreisende im Schlanser Magazin \u2714\",\"breadcrumb\":{\"@id\":\"https:\/\/www.schlanser.ch\/magazin\/trekking-alleine\/#breadcrumb\"},\"inLanguage\":\"de-DE\",\"potentialAction\":[{\"@type\":\"ReadAction\",\"target\":[\"https:\/\/www.schlanser.ch\/magazin\/trekking-alleine\/\"]}]},{\"@type\":\"ImageObject\",\"inLanguage\":\"de-DE\",\"@id\":\"https:\/\/www.schlanser.ch\/magazin\/trekking-alleine\/#primaryimage\",\"url\":\"https:\/\/www.schlanser.ch\/magazin\/wp-content\/uploads\/2018\/09\/Trekking-alleine.jpg\",\"contentUrl\":\"https:\/\/www.schlanser.ch\/magazin\/wp-content\/uploads\/2018\/09\/Trekking-alleine.jpg\",\"width\":800,\"height\":507,\"caption\":\"\u00a9 BillionPhotos.com \/ Fotolia.com\"},{\"@type\":\"BreadcrumbList\",\"@id\":\"https:\/\/www.schlanser.ch\/magazin\/trekking-alleine\/#breadcrumb\",\"itemListElement\":[{\"@type\":\"ListItem\",\"position\":1,\"name\":\"Startseite\",\"item\":\"https:\/\/www.schlanser.ch\/magazin\/\"},{\"@type\":\"ListItem\",\"position\":2,\"name\":\"Trekking alleine\"}]},{\"@type\":\"WebSite\",\"@id\":\"https:\/\/www.schlanser.ch\/magazin\/#website\",\"url\":\"https:\/\/www.schlanser.ch\/magazin\/\",\"name\":\"Schlanser Magazin\",\"description\":\"\",\"potentialAction\":[{\"@type\":\"SearchAction\",\"target\":{\"@type\":\"EntryPoint\",\"urlTemplate\":\"https:\/\/www.schlanser.ch\/magazin\/?s={search_term_string}\"},\"query-input\":\"required name=search_term_string\"}],\"inLanguage\":\"de-DE\"},{\"@type\":\"Person\",\"@id\":\"https:\/\/www.schlanser.ch\/magazin\/#\/schema\/person\/000db0a103eb2594ba3daf394b1dfea2\",\"name\":\"admin\",\"image\":{\"@type\":\"ImageObject\",\"inLanguage\":\"de-DE\",\"@id\":\"https:\/\/www.schlanser.ch\/magazin\/#\/schema\/person\/image\/\",\"url\":\"https:\/\/secure.gravatar.com\/avatar\/a794a4fe8a9b9c52241597eb381dfa2e?s=96&d=mm&r=g\",\"contentUrl\":\"https:\/\/secure.gravatar.com\/avatar\/a794a4fe8a9b9c52241597eb381dfa2e?s=96&d=mm&r=g\",\"caption\":\"admin\"}}]}<\/script>\n<!-- \/ Yoast SEO plugin. -->","yoast_head_json":{"title":"Trekking alleine - Schlanser Magazin","description":"Wir suchen mit Ihnen gemeinsam das Trekking Einmannzelt! \u2013 Alle Informationen zur\u00a0 Trekkingausr\u00fcstung f\u00fcr Alleinreisende im Schlanser Magazin \u2714","robots":{"index":"index","follow":"follow","max-snippet":"max-snippet:-1","max-image-preview":"max-image-preview:large","max-video-preview":"max-video-preview:-1"},"canonical":"https:\/\/www.schlanser.ch\/magazin\/trekking-alleine\/","og_locale":"de_DE","og_type":"article","og_title":"Trekking alleine - Schlanser Magazin","og_description":"Wir suchen mit Ihnen gemeinsam das Trekking Einmannzelt! \u2013 Alle Informationen zur\u00a0 Trekkingausr\u00fcstung f\u00fcr Alleinreisende im Schlanser Magazin \u2714","og_url":"https:\/\/www.schlanser.ch\/magazin\/trekking-alleine\/","og_site_name":"Schlanser Magazin","article_published_time":"2018-08-15T07:18:11+00:00","article_modified_time":"2024-01-10T13:51:29+00:00","og_image":[{"width":800,"height":507,"url":"https:\/\/www.schlanser.ch\/magazin\/wp-content\/uploads\/2018\/09\/Trekking-alleine.jpg","type":"image\/jpeg"}],"author":"admin","twitter_card":"summary_large_image","twitter_misc":{"Verfasst von":"admin","Gesch\u00e4tzte Lesezeit":"6 Minuten"},"schema":{"@context":"https:\/\/schema.org","@graph":[{"@type":"WebPage","@id":"https:\/\/www.schlanser.ch\/magazin\/trekking-alleine\/","url":"https:\/\/www.schlanser.ch\/magazin\/trekking-alleine\/","name":"Trekking alleine - Schlanser Magazin","isPartOf":{"@id":"https:\/\/www.schlanser.ch\/magazin\/#website"},"primaryImageOfPage":{"@id":"https:\/\/www.schlanser.ch\/magazin\/trekking-alleine\/#primaryimage"},"image":{"@id":"https:\/\/www.schlanser.ch\/magazin\/trekking-alleine\/#primaryimage"},"thumbnailUrl":"https:\/\/www.schlanser.ch\/magazin\/wp-content\/uploads\/2018\/09\/Trekking-alleine.jpg","datePublished":"2018-08-15T07:18:11+00:00","dateModified":"2024-01-10T13:51:29+00:00","author":{"@id":"https:\/\/www.schlanser.ch\/magazin\/#\/schema\/person\/000db0a103eb2594ba3daf394b1dfea2"},"description":"Wir suchen mit Ihnen gemeinsam das Trekking Einmannzelt! \u2013 Alle Informationen zur\u00a0 Trekkingausr\u00fcstung f\u00fcr Alleinreisende im Schlanser Magazin \u2714","breadcrumb":{"@id":"https:\/\/www.schlanser.ch\/magazin\/trekking-alleine\/#breadcrumb"},"inLanguage":"de-DE","potentialAction":[{"@type":"ReadAction","target":["https:\/\/www.schlanser.ch\/magazin\/trekking-alleine\/"]}]},{"@type":"ImageObject","inLanguage":"de-DE","@id":"https:\/\/www.schlanser.ch\/magazin\/trekking-alleine\/#primaryimage","url":"https:\/\/www.schlanser.ch\/magazin\/wp-content\/uploads\/2018\/09\/Trekking-alleine.jpg","contentUrl":"https:\/\/www.schlanser.ch\/magazin\/wp-content\/uploads\/2018\/09\/Trekking-alleine.jpg","width":800,"height":507,"caption":"\u00a9 BillionPhotos.com \/ Fotolia.com"},{"@type":"BreadcrumbList","@id":"https:\/\/www.schlanser.ch\/magazin\/trekking-alleine\/#breadcrumb","itemListElement":[{"@type":"ListItem","position":1,"name":"Startseite","item":"https:\/\/www.schlanser.ch\/magazin\/"},{"@type":"ListItem","position":2,"name":"Trekking alleine"}]},{"@type":"WebSite","@id":"https:\/\/www.schlanser.ch\/magazin\/#website","url":"https:\/\/www.schlanser.ch\/magazin\/","name":"Schlanser Magazin","description":"","potentialAction":[{"@type":"SearchAction","target":{"@type":"EntryPoint","urlTemplate":"https:\/\/www.schlanser.ch\/magazin\/?s={search_term_string}"},"query-input":"required name=search_term_string"}],"inLanguage":"de-DE"},{"@type":"Person","@id":"https:\/\/www.schlanser.ch\/magazin\/#\/schema\/person\/000db0a103eb2594ba3daf394b1dfea2","name":"admin","image":{"@type":"ImageObject","inLanguage":"de-DE","@id":"https:\/\/www.schlanser.ch\/magazin\/#\/schema\/person\/image\/","url":"https:\/\/secure.gravatar.com\/avatar\/a794a4fe8a9b9c52241597eb381dfa2e?s=96&d=mm&r=g","contentUrl":"https:\/\/secure.gravatar.com\/avatar\/a794a4fe8a9b9c52241597eb381dfa2e?s=96&d=mm&r=g","caption":"admin"}}]}},"_links":{"self":[{"href":"https:\/\/www.schlanser.ch\/magazin\/wp-json\/wp\/v2\/posts\/5085"}],"collection":[{"href":"https:\/\/www.schlanser.ch\/magazin\/wp-json\/wp\/v2\/posts"}],"about":[{"href":"https:\/\/www.schlanser.ch\/magazin\/wp-json\/wp\/v2\/types\/post"}],"author":[{"embeddable":true,"href":"https:\/\/www.schlanser.ch\/magazin\/wp-json\/wp\/v2\/users\/1"}],"replies":[{"embeddable":true,"href":"https:\/\/www.schlanser.ch\/magazin\/wp-json\/wp\/v2\/comments?post=5085"}],"version-history":[{"count":43,"href":"https:\/\/www.schlanser.ch\/magazin\/wp-json\/wp\/v2\/posts\/5085\/revisions"}],"predecessor-version":[{"id":17041,"href":"https:\/\/www.schlanser.ch\/magazin\/wp-json\/wp\/v2\/posts\/5085\/revisions\/17041"}],"wp:featuredmedia":[{"embeddable":true,"href":"https:\/\/www.schlanser.ch\/magazin\/wp-json\/wp\/v2\/media\/5090"}],"wp:attachment":[{"href":"https:\/\/www.schlanser.ch\/magazin\/wp-json\/wp\/v2\/media?parent=5085"}],"wp:term":[{"taxonomy":"category","embeddable":true,"href":"https:\/\/www.schlanser.ch\/magazin\/wp-json\/wp\/v2\/categories?post=5085"},{"taxonomy":"post_tag","embeddable":true,"href":"https:\/\/www.schlanser.ch\/magazin\/wp-json\/wp\/v2\/tags?post=5085"}],"curies":[{"name":"wp","href":"https:\/\/api.w.org\/{rel}","templated":true}]}}