{"id":511,"date":"2016-11-10T10:50:38","date_gmt":"2016-11-10T09:50:38","guid":{"rendered":"https:\/\/www.schlanser.ch\/magazin\/?p=511"},"modified":"2024-01-10T14:39:29","modified_gmt":"2024-01-10T13:39:29","slug":"mit-kuehlschrank-und-kuehlbox-auf-den-campingplatz","status":"publish","type":"post","link":"https:\/\/www.schlanser.ch\/magazin\/mit-kuehlschrank-und-kuehlbox-auf-den-campingplatz\/","title":{"rendered":"Mit K\u00fchlschrank und K\u00fchlbox auf den Campingplatz"},"content":{"rendered":"<h2>\u00ab So k\u00fchlen Proficamper \u00bb<\/h2>\n<p style=\"text-align: justify;\"><strong>K\u00fchle Getr\u00e4nke oder ein W\u00fcrfel Eis im Glas sind in unserem modernen Leben selbstverst\u00e4ndlich. Die erste Campingfahrt beweist jedem, dass die Sehnsucht nach etwas Kaltem ausgesprochen stark sein kann. Ein Camping K\u00fchlschrank f\u00fcr kleine oder gr\u00f6ssere Anforderungen verspricht Abhilfe. Ob mobil verbaut, im Vorzelt oder als Box: K\u00fchlung ist beim Camping ein Muss.<\/strong><\/p>\n<h2>Eine L\u00f6sung f\u00fcr alle? Nein!<\/h2>\n<p style=\"text-align: justify;\">Die <a href=\"https:\/\/www.schlanser.ch\/haushalt\/kuehlung\/\">gek\u00fchlte Aufbewahrung von Getr\u00e4nken und anderen Lebensmitteln<\/a> erlaubt Vorratshaltung und \u00fcberbr\u00fcckt Versorgungsengp\u00e4sse. Die Anforderung reicht vom Familien-Camping \u00fcber Paar-Reisen bis hin zu Alleinreisenden. Je mehr Personen zu versorgen sind, desto gr\u00f6sser das ben\u00f6tigte Volumen. Kosten und M\u00f6glichkeiten der Energieversorgung spielen gleichfalls eine Rolle. Daneben stellen sich Fragen nach Alternativen, die flexibel sind und ohne dauerhafte Energieversorgung auskommen. F\u00fcr einen Tagesausflug an den See ist schliesslich eine andere K\u00fchlleistung erforderlich als in den Sommerferien am Mittelmeer.<\/p>\n<figure id=\"attachment_580\" aria-describedby=\"caption-attachment-580\" style=\"width: 600px\" class=\"wp-caption aligncenter\"><img loading=\"lazy\" decoding=\"async\" class=\"wp-image-580 size-full\" title=\"So k\u00fchlen Proficamper\" src=\"https:\/\/www.schlanser.ch\/magazin\/wp-content\/uploads\/2016\/12\/So-k\u00fchlen-Proficamper.jpg\" alt=\"\u00a9 YakobchukOlena \/ Fotolia.com\" width=\"600\" height=\"401\" srcset=\"https:\/\/www.schlanser.ch\/magazin\/wp-content\/uploads\/2016\/12\/So-k\u00fchlen-Proficamper.jpg 600w, https:\/\/www.schlanser.ch\/magazin\/wp-content\/uploads\/2016\/12\/So-k\u00fchlen-Proficamper-300x201.jpg 300w, https:\/\/www.schlanser.ch\/magazin\/wp-content\/uploads\/2016\/12\/So-k\u00fchlen-Proficamper-110x75.jpg 110w\" sizes=\"(max-width: 600px) 100vw, 600px\" \/><figcaption id=\"caption-attachment-580\" class=\"wp-caption-text\">\u00a9 YakobchukOlena \/ Fotolia.com<\/figcaption><\/figure>\n<p style=\"text-align: justify;\">Jeder Camper wird die Leistungsmerkmale der angebotenen Ger\u00e4te und Boxen nach seinen eigenen Kriterien beurteilen. So individuell Camping ist, so einzigartig sind die Bed\u00fcrfnisse: Was f\u00fcr den einen kaum Vorteile verspricht, erf\u00fcllt f\u00fcr andere Ferienerlebnisse alle Anforderungen.<\/p>\n<h2>Grenzenlose K\u00fchlm\u00f6glichkeiten<\/h2>\n<p style=\"text-align: justify;\">Standplatz oder mobil? Dieser Anforderung gilt das erste Augenmerk bei der Auswahl eines K\u00fchlger\u00e4ts beim Camping. Beide Disziplinen sind in weitere Kategorien zu unterteilen. Wenn der Wohnwagen ganzj\u00e4hrig aufgebaut bleibt, stehen andere L\u00f6sungen zur Verf\u00fcgung als bei Reisenden, die gerne einmal unterwegs sind und wegen der Unabh\u00e4ngigkeit einen Gask\u00fchlschrank vorziehen. Die Energieversorgung spielt ebenfalls eine bedeutende Rolle bei Aufenthalten ausserhalb etablierter Campingpl\u00e4tze.<\/p>\n<p><center><img loading=\"lazy\" decoding=\"async\" class=\"alignnone wp-image-559 size-full\" title=\"Berger Absorberk\u00fchlbox A40 | funktioniert an 12 Volt, 230 Volt oder an einer Gasflasche\" src=\"https:\/\/www.schlanser.ch\/magazin\/wp-content\/uploads\/2016\/12\/Berger-Absorberk\u00fchlbox-A40-funktioniert-an-12-Volt-230-Volt-oder-an-einer-Gasflasche.jpg\" alt=\"berger-absorberkuehlbox-a40-funktioniert-an-12-volt-230-volt-oder-an-einer-gasflasche\" width=\"300\" height=\"300\" srcset=\"https:\/\/www.schlanser.ch\/magazin\/wp-content\/uploads\/2016\/12\/Berger-Absorberk\u00fchlbox-A40-funktioniert-an-12-Volt-230-Volt-oder-an-einer-Gasflasche.jpg 300w, https:\/\/www.schlanser.ch\/magazin\/wp-content\/uploads\/2016\/12\/Berger-Absorberk\u00fchlbox-A40-funktioniert-an-12-Volt-230-Volt-oder-an-einer-Gasflasche-150x150.jpg 150w\" sizes=\"(max-width: 300px) 100vw, 300px\" \/> <img loading=\"lazy\" decoding=\"async\" class=\"alignnone wp-image-560 size-full\" title=\"EZetil K\u00fchlbox EZ HP | mit extra starker PU Vollschaumisolierung f\u00fcr maximale K\u00fchldauer\" src=\"https:\/\/www.schlanser.ch\/magazin\/wp-content\/uploads\/2016\/12\/EZetil-K\u00fchlbox-EZ-HP-extra-starke-PU-Vollschaumisolierung-f\u00fcr-maximale-K\u00fchldauer.jpg\" alt=\"ezetil-kuehlbox-ez-hp-extra-starke-pu-vollschaumisolierung-fuer-maximale-kuehldauer\" width=\"300\" height=\"300\" srcset=\"https:\/\/www.schlanser.ch\/magazin\/wp-content\/uploads\/2016\/12\/EZetil-K\u00fchlbox-EZ-HP-extra-starke-PU-Vollschaumisolierung-f\u00fcr-maximale-K\u00fchldauer.jpg 300w, https:\/\/www.schlanser.ch\/magazin\/wp-content\/uploads\/2016\/12\/EZetil-K\u00fchlbox-EZ-HP-extra-starke-PU-Vollschaumisolierung-f\u00fcr-maximale-K\u00fchldauer-150x150.jpg 150w\" sizes=\"(max-width: 300px) 100vw, 300px\" \/><\/center><\/p>\n<p style=\"text-align: justify;\">Mit einer strom- oder gasbetriebenen K\u00fchlbox gibt es sogar im Zelt kalte Getr\u00e4nke. Die geschickte Kombination aus mobiler und fest installierter Ausf\u00fchrung er\u00f6ffnet individuelle L\u00f6sungen.<\/p>\n<h2><img loading=\"lazy\" decoding=\"async\" class=\"alignleft wp-image-569 size-full\" title=\"ENGEL Einbauk\u00fchlschrank SB47F mit T\u00fcranschlag | ausreichend Platz f\u00fcr Lebensmittel\" src=\"https:\/\/www.schlanser.ch\/magazin\/wp-content\/uploads\/2016\/12\/ENGEL-Einbauk\u00fchlschrank-SB47F-mit-T\u00fcranschlag-ausreichend-Platz-f\u00fcr-Lebensmittel.jpg\" alt=\"engel-einbaukuehlschrank-sb47f-mit-tueranschlag-ausreichend-platz-fuer-lebensmittel\" width=\"300\" height=\"276\" \/>Wer k\u00fchlt wo<\/h2>\n<p style=\"text-align: justify;\">Ein mobiles Vorzelt bietet vergleichbare Vorteile wie ein dauerhaft aufgebautes, wenn der Inhaber die Ausstattung einlagern kann. Wenn ein Abbau unvermeidlich ist, ist die Einlagerung im Wohnwagen zu \u00fcberlegen, falls die T\u00fcrbreite es erlaubt.<\/p>\n<p style=\"text-align: justify;\">F\u00fcr Campingliebhaber, die mobil bleiben wollen, ist eine Einbaul\u00f6sung interessant, die im Sommer auch als zweite K\u00fchlm\u00f6glichkeit von Nutzen ist.<\/p>\n<p style=\"text-align: justify;\">Herstellerseitig sind je nach Alter des Campers unterschiedliche Ausf\u00fchrungen von K\u00fchlen bis Gefrieren sowie als Absorber K\u00fchlschrank oder als Kompressor vorgesehen. Beide Technologien haben Vor- und Nachteile bei der Leistung und der Energieversorgung. Die Ausstattung mit Kompressor erfordert mehrheitlich einen Stromanschluss, der Absorber ist auf eine Stromversorgung mit 12 V und 230 V ausgelegt und l\u00e4uft sogar mit Gas.<\/p>\n<h2>Wohin mit dem K\u00fchlschrank?<\/h2>\n<p style=\"text-align: justify;\">F\u00fcr den Wohnmobilausbau ist ein Einbauger\u00e4t optimal. Doch mancher lieb gewonnene Camper wurde in ungez\u00e4hlten Umbauphasen individualisiert oder ist ein Selbstausbau. Im Wohnwagen wie im Wohnmobil ist Platzmangel die gr\u00f6sste Herausforderung und das Volumen des K\u00fchlger\u00e4ts vergleichsweise gering. Wer eine L\u00f6sung f\u00fcr lange Aufenthalte ben\u00f6tigt, erweitert seinen Camping K\u00fchlschrank mit einer K\u00fchlbox. \u00dcber Strom betrieben erzielt der Kompressor gute K\u00fchlergebnisse.<\/p>\n<p><center><img loading=\"lazy\" decoding=\"async\" class=\"alignnone wp-image-553 size-full\" title=\"Mobicool K\u00fchlbox B40 Hybrid | Kompressor K\u00fchlbox f\u00fcr die Steckdose und unterwegs\" src=\"https:\/\/www.schlanser.ch\/magazin\/wp-content\/uploads\/2016\/12\/Mobicool-K\u00fchlbox-B40-Hybrid-Kompressor-K\u00fchlbox-f\u00fcr-die-Steckdose-und-unterwegs.jpg\" alt=\"mobicool-kuehlbox-b40-hybrid-kompressor-kuehlbox-fuer-die-steckdose-und-unterwegs\" width=\"300\" height=\"300\" srcset=\"https:\/\/www.schlanser.ch\/magazin\/wp-content\/uploads\/2016\/12\/Mobicool-K\u00fchlbox-B40-Hybrid-Kompressor-K\u00fchlbox-f\u00fcr-die-Steckdose-und-unterwegs.jpg 300w, https:\/\/www.schlanser.ch\/magazin\/wp-content\/uploads\/2016\/12\/Mobicool-K\u00fchlbox-B40-Hybrid-Kompressor-K\u00fchlbox-f\u00fcr-die-Steckdose-und-unterwegs-150x150.jpg 150w\" sizes=\"(max-width: 300px) 100vw, 300px\" \/> <img loading=\"lazy\" decoding=\"async\" class=\"alignnone wp-image-554 size-full\" title=\"EZetil K\u00fchlbox E3000 Carbon | ideal f\u00fcr Truck, Camping, PKW, Reise und Einkauf\" src=\"https:\/\/www.schlanser.ch\/magazin\/wp-content\/uploads\/2016\/12\/EZetil-K\u00fchlbox-E3000-Carbon-ideal-f\u00fcr-Truck-Camping-PKW-Reise-Einkauf-und-vieles-mehr.jpg\" alt=\"ezetil-kuehlbox-e3000-carbon-ideal-fuer-truck-camping-pkw-reise-einkauf-und-vieles-mehr\" width=\"300\" height=\"300\" srcset=\"https:\/\/www.schlanser.ch\/magazin\/wp-content\/uploads\/2016\/12\/EZetil-K\u00fchlbox-E3000-Carbon-ideal-f\u00fcr-Truck-Camping-PKW-Reise-Einkauf-und-vieles-mehr.jpg 300w, https:\/\/www.schlanser.ch\/magazin\/wp-content\/uploads\/2016\/12\/EZetil-K\u00fchlbox-E3000-Carbon-ideal-f\u00fcr-Truck-Camping-PKW-Reise-Einkauf-und-vieles-mehr-150x150.jpg 150w\" sizes=\"(max-width: 300px) 100vw, 300px\" \/><\/center><\/p>\n<p style=\"text-align: justify;\">Der Deckel bleibt so oft wie m\u00f6glich geschlossen und eine Aufstellung im Schatten verbessert das Ergebnis noch einmal. Durch einen Tragegriff ist die Box schnell im Wohnmobil verstaut oder findet ihren Platz neben dem Fr\u00fchst\u00fcckstisch. F\u00fcr einen Wochenendausflug an weniger heissen Tagen kann bereits eine passive K\u00fchlbox ausreichen, die mit K\u00fchlakkus arbeitet. Andere schw\u00f6ren auf tiefgefrorene Getr\u00e4nke in PET-Flaschen, die f\u00fcr K\u00fchlung sorgen.<\/p>\n<h2><img loading=\"lazy\" decoding=\"async\" class=\"alignright wp-image-574 size-full\" title=\"Dometic Absorberk\u00fchlschrank 5er Serie | LED-Innenbeleuchtung | separates 5 Liter Frosterfach\" src=\"https:\/\/www.schlanser.ch\/magazin\/wp-content\/uploads\/2016\/12\/Dometic-Absorberk\u00fchlschrank-5er-Serie-LED-Innenbeleuchtung-separates-5-Liter-Frosterfach.jpg\" alt=\"dometic-absorberkuehlschrank-5er-serie-led-innenbeleuchtung-separates-5-liter-frosterfach\" width=\"310\" height=\"280\" srcset=\"https:\/\/www.schlanser.ch\/magazin\/wp-content\/uploads\/2016\/12\/Dometic-Absorberk\u00fchlschrank-5er-Serie-LED-Innenbeleuchtung-separates-5-Liter-Frosterfach.jpg 310w, https:\/\/www.schlanser.ch\/magazin\/wp-content\/uploads\/2016\/12\/Dometic-Absorberk\u00fchlschrank-5er-Serie-LED-Innenbeleuchtung-separates-5-Liter-Frosterfach-300x271.jpg 300w\" sizes=\"(max-width: 310px) 100vw, 310px\" \/>Camping K\u00fchlschrank ohne Nebenger\u00e4usche<\/h2>\n<p style=\"text-align: justify;\">Beim Absorber K\u00fchlschrank haben Campingfreunde die gr\u00f6sste Auswahl. F\u00fcr das Camping konzipierte <a href=\"https:\/\/www.schlanser.ch\/haushalt\/kuehlung\/camping-kuehlschraenke\/\">K\u00fchlschr\u00e4nke<\/a> mit Absorber sind mit Strom, Batteriestrom oder mit Gas zu betreiben. Das macht sie enorm flexibel f\u00fcr den Nutzer. Auch in abseits gelegenen Gegenden bleiben die Lebensmittel kalt. Im Batteriebetrieb ist es ratsam, den Motor gelegentlich zu starten, sonst dauern Ferien l\u00e4nger als gedacht.<\/p>\n<p style=\"text-align: justify;\">Im Betrieb erzeugt der Absorber kaum Laufger\u00e4usche, was empfindliche Schl\u00e4fer zu sch\u00e4tzen wissen. Daf\u00fcr kommt die K\u00fchlleistung nicht ganz an die Leistung eines Kompressors heran. Bei ausgesprochen tiefen Temperaturen startet der K\u00fchlschrank nur im Gasbetrieb. Ab -12 \u00b0C ist der Betrieb nur als Gask\u00fchlschrank m\u00f6glich.<\/p>\n<h2>K\u00fchlung mit Kompressor<\/h2>\n<p style=\"text-align: justify;\">Ein Kompressor K\u00fchlschrank funktioniert wie die Modelle im Haus. Von Zeit zu Zeit springt die K\u00fchlung an und erzeugt dabei h\u00f6rbare Nebenger\u00e4usche. In puncto K\u00fchlleistung ist er dem Absorber deutlich \u00fcberlegen. Tiefere Temperaturen bezahlt der Nutzer mit einem Anschluss an ein 230-V-Netz, denn mit Bordmitteln ist dem Verbrauch nur mit Zusatzbatterien \u00fcber einen l\u00e4ngeren Zeitraum beizukommen. Ebenfalls verzichten Sie auf den Vorteil der unterschiedlichen Betriebsarten, wenn Sie f\u00fcr den Innenausbau zu einer preisg\u00fcnstigen Variante greifen.<\/p>\n<p><center><img loading=\"lazy\" decoding=\"async\" class=\"alignnone wp-image-548 size-full\" title=\"Dometic RM, RMS, RML 8er-Serie | Absorptionsk\u00fchlschrank | mit entnehmbarem 30 Liter Frosterfach\" src=\"https:\/\/www.schlanser.ch\/magazin\/wp-content\/uploads\/2016\/12\/Dometic-RM-RMS-RML-8er-Serie-Absorptionsk\u00fchlschrank-entnehmbares-30-Liter-Frosterfach.jpg\" alt=\"dometic-rm-rms-rml-8er-serie-absorptionskuehlschrank-entnehmbares-30-liter-frosterfach\" width=\"300\" height=\"300\" srcset=\"https:\/\/www.schlanser.ch\/magazin\/wp-content\/uploads\/2016\/12\/Dometic-RM-RMS-RML-8er-Serie-Absorptionsk\u00fchlschrank-entnehmbares-30-Liter-Frosterfach.jpg 300w, https:\/\/www.schlanser.ch\/magazin\/wp-content\/uploads\/2016\/12\/Dometic-RM-RMS-RML-8er-Serie-Absorptionsk\u00fchlschrank-entnehmbares-30-Liter-Frosterfach-150x150.jpg 150w\" sizes=\"(max-width: 300px) 100vw, 300px\" \/> <img loading=\"lazy\" decoding=\"async\" class=\"alignnone wp-image-549 size-full\" title=\"WAECO K\u00fchlschrank CoolMatic CRD 50 | K\u00fchlschublade mit herausnehmbarem Gefrierfach\" src=\"https:\/\/www.schlanser.ch\/magazin\/wp-content\/uploads\/2016\/12\/WAECO-K\u00fchlschrank-CoolMatic-CRD-50-K\u00fchlschublade-mit-Gefrierfach.jpg\" alt=\"waeco-kuehlschrank-coolmatic-crd-50-kuehlschublade-mit-gefrierfach\" width=\"300\" height=\"300\" srcset=\"https:\/\/www.schlanser.ch\/magazin\/wp-content\/uploads\/2016\/12\/WAECO-K\u00fchlschrank-CoolMatic-CRD-50-K\u00fchlschublade-mit-Gefrierfach.jpg 300w, https:\/\/www.schlanser.ch\/magazin\/wp-content\/uploads\/2016\/12\/WAECO-K\u00fchlschrank-CoolMatic-CRD-50-K\u00fchlschublade-mit-Gefrierfach-150x150.jpg 150w\" sizes=\"(max-width: 300px) 100vw, 300px\" \/><\/center><\/p>\n<p style=\"text-align: justify;\">Die technische Ausr\u00fcstung f\u00fcr Gas- und Batteriebetrieb ist zwar m\u00f6glich, wird jedoch nur von wenigen Herstellern wie Dometic angeboten. Von WAECO sind Modelle im Handel, die mit 12- und 230-V-Anschluss arbeiten. Im Verbrauch liegt der Kompressor unter dem des Absorbers, was allerdings auch durch Handhabung und Ausstattung zu beeinflussen ist.<\/p>\n<h2><img loading=\"lazy\" decoding=\"async\" class=\"alignleft wp-image-536 size-full\" title=\"Mobicool K\u00fchlbox A40 | Absorberk\u00fchlbox | funktioniert an 12 Volt, 230 Volt oder an einer Gasflasche\" src=\"https:\/\/www.schlanser.ch\/magazin\/wp-content\/uploads\/2016\/12\/Mobicool-K\u00fchlbox-A40-Absorberk\u00fchlbox-funktioniert-an-12-Volt-230-Volt-oder-an-einer-Gasflasche.jpg\" alt=\"mobicool-kuehlbox-a40-absorberkuehlbox-funktioniert-an-12-volt-230-volt-oder-an-einer-gasflasche\" width=\"225\" height=\"200\" \/>Camping K\u00fchlschrank in der Box<\/h2>\n<p style=\"text-align: justify;\">Die Betriebsarten der K\u00fchlschr\u00e4nke sind auch bei <a href=\"https:\/\/www.schlanser.ch\/haushalt\/kuehlung\/kuehlboxen\/\">K\u00fchlboxen<\/a> anzutreffen. Die Kaufentscheidung treffen Clevere nicht nach dem Preis, sondern nach der Leistung. Aus den Leistungsangaben der Hersteller geht idealerweise der Leistungsgrad hervor. Bei einer Absorber K\u00fchlbox entscheidet die Ausstattung \u00fcber das Leistungsverm\u00f6gen. Ohne ein thermisches Trennverfahren (Rektifikation) sind die Ergebnisse eher bescheiden. Mancher Preisunterschied erkl\u00e4rt sich auf diese Weise. Eine leistungsf\u00e4hige Kompressor K\u00fchlbox \u00fcberzeugt durch ihr gutes K\u00fchlergebnis. Die Kompressor K\u00fchlbox ist als Ausf\u00fchrung f\u00fcr 12 V, 24 V, 110 V und 230 V im Handel erh\u00e4ltlich.<\/p>\n<p style=\"text-align: justify;\"><img loading=\"lazy\" decoding=\"async\" class=\"alignright wp-image-544 size-full\" title=\"Tristar 3-Wege-K\u00fchlbox SUPERCOOL | mit Strom, Batterie oder Flaschen-Gas zu betreiben\" src=\"https:\/\/www.schlanser.ch\/magazin\/wp-content\/uploads\/2016\/12\/Tristar-3-Wege-K\u00fchlbox-SUPERCOOL.jpg\" alt=\"tristar-3-wege-kuehlbox-supercool\" width=\"230\" height=\"270\" \/>Die TRISTAR SUPERCOOL oder die Mobicool A40 arbeiten auch mit Flaschengas. Vereinzelt werden Modelle f\u00fcr den Betrieb mit Gaskartusche angeboten.<\/p>\n<p style=\"text-align: justify;\">Die thermoelektrische K\u00fchlbox arbeitet nach dem Pelletier-Prinzip, das zum g\u00fcnstigen Anschaffungspreis viel K\u00fchlraum liefert. Nachteil: Die erzielbaren Temperaturen sind abh\u00e4ngig von der Aussentemperatur. Je w\u00e4rmer, desto geringer die K\u00fchlleistung.<\/p>\n<h2>Passivk\u00fchlbox geh\u00f6rt zur Grundausstattung<\/h2>\n<p style=\"text-align: justify;\">Einbauk\u00fchlschrank, Kompressor K\u00fchlbox oder Standmodell im Vorzelt &#8211; f\u00fcr die Strecke vom Einkauf zum Camper und bei extrem hohen Temperaturen ist die klassische K\u00fchlbox mit passivem K\u00fchlsystem noch immer unverzichtbar. Beim Picknick bleiben die Lebensmittel lange gek\u00fchlt und Insekten draussen. Manchmal ist weniger Technik eben doch mehr.<\/p>\n","protected":false},"excerpt":{"rendered":"<p>\u00ab So k\u00fchlen Proficamper \u00bb K\u00fchle Getr\u00e4nke oder ein W\u00fcrfel Eis im Glas sind in unserem modernen Leben selbstverst\u00e4ndlich. Die erste Campingfahrt beweist jedem, dass die Sehnsucht nach etwas Kaltem ausgesprochen stark sein kann. Ein Camping K\u00fchlschrank f\u00fcr kleine oder gr\u00f6ssere Anforderungen verspricht Abhilfe. Ob mobil verbaut, im Vorzelt oder als Box: K\u00fchlung ist beim &hellip;<\/p>\n","protected":false},"author":1,"featured_media":513,"comment_status":"closed","ping_status":"open","sticky":false,"template":"","format":"standard","meta":{"footnotes":""},"categories":[3],"tags":[73,78,18,29,76,75,74,72,32,77,79,46],"yoast_head":"<!-- This site is optimized with the Yoast SEO plugin v22.2 - https:\/\/yoast.com\/wordpress\/plugins\/seo\/ -->\n<title>Mit K\u00fchlschrank und K\u00fchlbox auf den Campingplatz - Schlanser Magazin<\/title>\n<meta name=\"description\" content=\"Erfahren Sie alles \u00fcber k\u00fchlende M\u00f6glichkeiten an heissen Campingtagen! \u2013 Das Schlanser Magazin \u00fcber K\u00fchlboxen &amp; K\u00fchlschr\u00e4nke, Absorber &amp; Kompressor.\" \/>\n<meta name=\"robots\" content=\"index, follow, max-snippet:-1, max-image-preview:large, max-video-preview:-1\" \/>\n<link rel=\"canonical\" href=\"https:\/\/www.schlanser.ch\/magazin\/mit-kuehlschrank-und-kuehlbox-auf-den-campingplatz\/\" \/>\n<meta property=\"og:locale\" content=\"de_DE\" \/>\n<meta property=\"og:type\" content=\"article\" \/>\n<meta property=\"og:title\" content=\"Mit K\u00fchlschrank und K\u00fchlbox auf den Campingplatz - Schlanser Magazin\" \/>\n<meta property=\"og:description\" content=\"Erfahren Sie alles \u00fcber k\u00fchlende M\u00f6glichkeiten an heissen Campingtagen! \u2013 Das Schlanser Magazin \u00fcber K\u00fchlboxen &amp; K\u00fchlschr\u00e4nke, Absorber &amp; Kompressor.\" \/>\n<meta property=\"og:url\" content=\"https:\/\/www.schlanser.ch\/magazin\/mit-kuehlschrank-und-kuehlbox-auf-den-campingplatz\/\" \/>\n<meta property=\"og:site_name\" content=\"Schlanser Magazin\" \/>\n<meta property=\"article:published_time\" content=\"2016-11-10T09:50:38+00:00\" \/>\n<meta property=\"article:modified_time\" content=\"2024-01-10T13:39:29+00:00\" \/>\n<meta property=\"og:image\" content=\"https:\/\/www.schlanser.ch\/magazin\/wp-content\/uploads\/2016\/12\/Mit-K\u00fchlschrank-und-K\u00fchlbox-auf-den-Campingplatz.jpg\" \/>\n\t<meta property=\"og:image:width\" content=\"800\" \/>\n\t<meta property=\"og:image:height\" content=\"800\" \/>\n\t<meta property=\"og:image:type\" content=\"image\/jpeg\" \/>\n<meta name=\"author\" content=\"admin\" \/>\n<meta name=\"twitter:card\" content=\"summary_large_image\" \/>\n<meta name=\"twitter:label1\" content=\"Verfasst von\" \/>\n\t<meta name=\"twitter:data1\" content=\"admin\" \/>\n\t<meta name=\"twitter:label2\" content=\"Gesch\u00e4tzte Lesezeit\" \/>\n\t<meta name=\"twitter:data2\" content=\"5 Minuten\" \/>\n<script type=\"application\/ld+json\" class=\"yoast-schema-graph\">{\"@context\":\"https:\/\/schema.org\",\"@graph\":[{\"@type\":\"WebPage\",\"@id\":\"https:\/\/www.schlanser.ch\/magazin\/mit-kuehlschrank-und-kuehlbox-auf-den-campingplatz\/\",\"url\":\"https:\/\/www.schlanser.ch\/magazin\/mit-kuehlschrank-und-kuehlbox-auf-den-campingplatz\/\",\"name\":\"Mit K\u00fchlschrank und K\u00fchlbox auf den Campingplatz - Schlanser Magazin\",\"isPartOf\":{\"@id\":\"https:\/\/www.schlanser.ch\/magazin\/#website\"},\"primaryImageOfPage\":{\"@id\":\"https:\/\/www.schlanser.ch\/magazin\/mit-kuehlschrank-und-kuehlbox-auf-den-campingplatz\/#primaryimage\"},\"image\":{\"@id\":\"https:\/\/www.schlanser.ch\/magazin\/mit-kuehlschrank-und-kuehlbox-auf-den-campingplatz\/#primaryimage\"},\"thumbnailUrl\":\"https:\/\/www.schlanser.ch\/magazin\/wp-content\/uploads\/2016\/12\/Mit-K\u00fchlschrank-und-K\u00fchlbox-auf-den-Campingplatz.jpg\",\"datePublished\":\"2016-11-10T09:50:38+00:00\",\"dateModified\":\"2024-01-10T13:39:29+00:00\",\"author\":{\"@id\":\"https:\/\/www.schlanser.ch\/magazin\/#\/schema\/person\/000db0a103eb2594ba3daf394b1dfea2\"},\"description\":\"Erfahren Sie alles \u00fcber k\u00fchlende M\u00f6glichkeiten an heissen Campingtagen! \u2013 Das Schlanser Magazin \u00fcber K\u00fchlboxen & K\u00fchlschr\u00e4nke, Absorber & Kompressor.\",\"breadcrumb\":{\"@id\":\"https:\/\/www.schlanser.ch\/magazin\/mit-kuehlschrank-und-kuehlbox-auf-den-campingplatz\/#breadcrumb\"},\"inLanguage\":\"de-DE\",\"potentialAction\":[{\"@type\":\"ReadAction\",\"target\":[\"https:\/\/www.schlanser.ch\/magazin\/mit-kuehlschrank-und-kuehlbox-auf-den-campingplatz\/\"]}]},{\"@type\":\"ImageObject\",\"inLanguage\":\"de-DE\",\"@id\":\"https:\/\/www.schlanser.ch\/magazin\/mit-kuehlschrank-und-kuehlbox-auf-den-campingplatz\/#primaryimage\",\"url\":\"https:\/\/www.schlanser.ch\/magazin\/wp-content\/uploads\/2016\/12\/Mit-K\u00fchlschrank-und-K\u00fchlbox-auf-den-Campingplatz.jpg\",\"contentUrl\":\"https:\/\/www.schlanser.ch\/magazin\/wp-content\/uploads\/2016\/12\/Mit-K\u00fchlschrank-und-K\u00fchlbox-auf-den-Campingplatz.jpg\",\"width\":800,\"height\":800},{\"@type\":\"BreadcrumbList\",\"@id\":\"https:\/\/www.schlanser.ch\/magazin\/mit-kuehlschrank-und-kuehlbox-auf-den-campingplatz\/#breadcrumb\",\"itemListElement\":[{\"@type\":\"ListItem\",\"position\":1,\"name\":\"Startseite\",\"item\":\"https:\/\/www.schlanser.ch\/magazin\/\"},{\"@type\":\"ListItem\",\"position\":2,\"name\":\"Mit K\u00fchlschrank und K\u00fchlbox auf den Campingplatz\"}]},{\"@type\":\"WebSite\",\"@id\":\"https:\/\/www.schlanser.ch\/magazin\/#website\",\"url\":\"https:\/\/www.schlanser.ch\/magazin\/\",\"name\":\"Schlanser Magazin\",\"description\":\"\",\"potentialAction\":[{\"@type\":\"SearchAction\",\"target\":{\"@type\":\"EntryPoint\",\"urlTemplate\":\"https:\/\/www.schlanser.ch\/magazin\/?s={search_term_string}\"},\"query-input\":\"required name=search_term_string\"}],\"inLanguage\":\"de-DE\"},{\"@type\":\"Person\",\"@id\":\"https:\/\/www.schlanser.ch\/magazin\/#\/schema\/person\/000db0a103eb2594ba3daf394b1dfea2\",\"name\":\"admin\",\"image\":{\"@type\":\"ImageObject\",\"inLanguage\":\"de-DE\",\"@id\":\"https:\/\/www.schlanser.ch\/magazin\/#\/schema\/person\/image\/\",\"url\":\"https:\/\/secure.gravatar.com\/avatar\/a794a4fe8a9b9c52241597eb381dfa2e?s=96&d=mm&r=g\",\"contentUrl\":\"https:\/\/secure.gravatar.com\/avatar\/a794a4fe8a9b9c52241597eb381dfa2e?s=96&d=mm&r=g\",\"caption\":\"admin\"}}]}<\/script>\n<!-- \/ Yoast SEO plugin. -->","yoast_head_json":{"title":"Mit K\u00fchlschrank und K\u00fchlbox auf den Campingplatz - Schlanser Magazin","description":"Erfahren Sie alles \u00fcber k\u00fchlende M\u00f6glichkeiten an heissen Campingtagen! \u2013 Das Schlanser Magazin \u00fcber K\u00fchlboxen & K\u00fchlschr\u00e4nke, Absorber & Kompressor.","robots":{"index":"index","follow":"follow","max-snippet":"max-snippet:-1","max-image-preview":"max-image-preview:large","max-video-preview":"max-video-preview:-1"},"canonical":"https:\/\/www.schlanser.ch\/magazin\/mit-kuehlschrank-und-kuehlbox-auf-den-campingplatz\/","og_locale":"de_DE","og_type":"article","og_title":"Mit K\u00fchlschrank und K\u00fchlbox auf den Campingplatz - Schlanser Magazin","og_description":"Erfahren Sie alles \u00fcber k\u00fchlende M\u00f6glichkeiten an heissen Campingtagen! \u2013 Das Schlanser Magazin \u00fcber K\u00fchlboxen & K\u00fchlschr\u00e4nke, Absorber & Kompressor.","og_url":"https:\/\/www.schlanser.ch\/magazin\/mit-kuehlschrank-und-kuehlbox-auf-den-campingplatz\/","og_site_name":"Schlanser Magazin","article_published_time":"2016-11-10T09:50:38+00:00","article_modified_time":"2024-01-10T13:39:29+00:00","og_image":[{"width":800,"height":800,"url":"https:\/\/www.schlanser.ch\/magazin\/wp-content\/uploads\/2016\/12\/Mit-K\u00fchlschrank-und-K\u00fchlbox-auf-den-Campingplatz.jpg","type":"image\/jpeg"}],"author":"admin","twitter_card":"summary_large_image","twitter_misc":{"Verfasst von":"admin","Gesch\u00e4tzte Lesezeit":"5 Minuten"},"schema":{"@context":"https:\/\/schema.org","@graph":[{"@type":"WebPage","@id":"https:\/\/www.schlanser.ch\/magazin\/mit-kuehlschrank-und-kuehlbox-auf-den-campingplatz\/","url":"https:\/\/www.schlanser.ch\/magazin\/mit-kuehlschrank-und-kuehlbox-auf-den-campingplatz\/","name":"Mit K\u00fchlschrank und K\u00fchlbox auf den Campingplatz - Schlanser Magazin","isPartOf":{"@id":"https:\/\/www.schlanser.ch\/magazin\/#website"},"primaryImageOfPage":{"@id":"https:\/\/www.schlanser.ch\/magazin\/mit-kuehlschrank-und-kuehlbox-auf-den-campingplatz\/#primaryimage"},"image":{"@id":"https:\/\/www.schlanser.ch\/magazin\/mit-kuehlschrank-und-kuehlbox-auf-den-campingplatz\/#primaryimage"},"thumbnailUrl":"https:\/\/www.schlanser.ch\/magazin\/wp-content\/uploads\/2016\/12\/Mit-K\u00fchlschrank-und-K\u00fchlbox-auf-den-Campingplatz.jpg","datePublished":"2016-11-10T09:50:38+00:00","dateModified":"2024-01-10T13:39:29+00:00","author":{"@id":"https:\/\/www.schlanser.ch\/magazin\/#\/schema\/person\/000db0a103eb2594ba3daf394b1dfea2"},"description":"Erfahren Sie alles \u00fcber k\u00fchlende M\u00f6glichkeiten an heissen Campingtagen! \u2013 Das Schlanser Magazin \u00fcber K\u00fchlboxen & K\u00fchlschr\u00e4nke, Absorber & Kompressor.","breadcrumb":{"@id":"https:\/\/www.schlanser.ch\/magazin\/mit-kuehlschrank-und-kuehlbox-auf-den-campingplatz\/#breadcrumb"},"inLanguage":"de-DE","potentialAction":[{"@type":"ReadAction","target":["https:\/\/www.schlanser.ch\/magazin\/mit-kuehlschrank-und-kuehlbox-auf-den-campingplatz\/"]}]},{"@type":"ImageObject","inLanguage":"de-DE","@id":"https:\/\/www.schlanser.ch\/magazin\/mit-kuehlschrank-und-kuehlbox-auf-den-campingplatz\/#primaryimage","url":"https:\/\/www.schlanser.ch\/magazin\/wp-content\/uploads\/2016\/12\/Mit-K\u00fchlschrank-und-K\u00fchlbox-auf-den-Campingplatz.jpg","contentUrl":"https:\/\/www.schlanser.ch\/magazin\/wp-content\/uploads\/2016\/12\/Mit-K\u00fchlschrank-und-K\u00fchlbox-auf-den-Campingplatz.jpg","width":800,"height":800},{"@type":"BreadcrumbList","@id":"https:\/\/www.schlanser.ch\/magazin\/mit-kuehlschrank-und-kuehlbox-auf-den-campingplatz\/#breadcrumb","itemListElement":[{"@type":"ListItem","position":1,"name":"Startseite","item":"https:\/\/www.schlanser.ch\/magazin\/"},{"@type":"ListItem","position":2,"name":"Mit K\u00fchlschrank und K\u00fchlbox auf den Campingplatz"}]},{"@type":"WebSite","@id":"https:\/\/www.schlanser.ch\/magazin\/#website","url":"https:\/\/www.schlanser.ch\/magazin\/","name":"Schlanser Magazin","description":"","potentialAction":[{"@type":"SearchAction","target":{"@type":"EntryPoint","urlTemplate":"https:\/\/www.schlanser.ch\/magazin\/?s={search_term_string}"},"query-input":"required name=search_term_string"}],"inLanguage":"de-DE"},{"@type":"Person","@id":"https:\/\/www.schlanser.ch\/magazin\/#\/schema\/person\/000db0a103eb2594ba3daf394b1dfea2","name":"admin","image":{"@type":"ImageObject","inLanguage":"de-DE","@id":"https:\/\/www.schlanser.ch\/magazin\/#\/schema\/person\/image\/","url":"https:\/\/secure.gravatar.com\/avatar\/a794a4fe8a9b9c52241597eb381dfa2e?s=96&d=mm&r=g","contentUrl":"https:\/\/secure.gravatar.com\/avatar\/a794a4fe8a9b9c52241597eb381dfa2e?s=96&d=mm&r=g","caption":"admin"}}]}},"_links":{"self":[{"href":"https:\/\/www.schlanser.ch\/magazin\/wp-json\/wp\/v2\/posts\/511"}],"collection":[{"href":"https:\/\/www.schlanser.ch\/magazin\/wp-json\/wp\/v2\/posts"}],"about":[{"href":"https:\/\/www.schlanser.ch\/magazin\/wp-json\/wp\/v2\/types\/post"}],"author":[{"embeddable":true,"href":"https:\/\/www.schlanser.ch\/magazin\/wp-json\/wp\/v2\/users\/1"}],"replies":[{"embeddable":true,"href":"https:\/\/www.schlanser.ch\/magazin\/wp-json\/wp\/v2\/comments?post=511"}],"version-history":[{"count":65,"href":"https:\/\/www.schlanser.ch\/magazin\/wp-json\/wp\/v2\/posts\/511\/revisions"}],"predecessor-version":[{"id":16705,"href":"https:\/\/www.schlanser.ch\/magazin\/wp-json\/wp\/v2\/posts\/511\/revisions\/16705"}],"wp:featuredmedia":[{"embeddable":true,"href":"https:\/\/www.schlanser.ch\/magazin\/wp-json\/wp\/v2\/media\/513"}],"wp:attachment":[{"href":"https:\/\/www.schlanser.ch\/magazin\/wp-json\/wp\/v2\/media?parent=511"}],"wp:term":[{"taxonomy":"category","embeddable":true,"href":"https:\/\/www.schlanser.ch\/magazin\/wp-json\/wp\/v2\/categories?post=511"},{"taxonomy":"post_tag","embeddable":true,"href":"https:\/\/www.schlanser.ch\/magazin\/wp-json\/wp\/v2\/tags?post=511"}],"curies":[{"name":"wp","href":"https:\/\/api.w.org\/{rel}","templated":true}]}}