{"id":5677,"date":"2018-10-30T14:22:13","date_gmt":"2018-10-30T13:22:13","guid":{"rendered":"https:\/\/www.schlanser.ch\/magazin\/?p=5677"},"modified":"2024-04-05T08:25:26","modified_gmt":"2024-04-05T06:25:26","slug":"winterzelt-wintervorzelt","status":"publish","type":"post","link":"https:\/\/www.schlanser.ch\/magazin\/winterzelt-wintervorzelt\/","title":{"rendered":"Winterzelt und Wintervorzelt"},"content":{"rendered":"<h2>\u00ab Fit f\u00fcr den Winterurlaub \u00bb<\/h2>\n<p style=\"text-align: justify;\"><strong>Camping im Winter ist mitnichten nur etwas f\u00fcr Hartgesottene und Outdoorfreaks. Wer im Sommer gerne <a href=\"https:\/\/www.schlanser.ch\/zelte\/\">mit Zelt oder Wohnwagen unterwegs<\/a> ist, sch\u00e4tzt auch das naturnahe N\u00e4chtigen in der kalten Jahreszeit. Der Angst vor dem Frieren sollten Sie bereits bei den Vorbereitungen begegnen: Mit warmer Funktionskleidung, den geeigneten Schlafs\u00e4cken, einer soliden <a href=\"https:\/\/www.schlanser.ch\/fahrzeug\/heizen-kuehlen\/truma-heizungen\/\">Heizung<\/a> und einem <a href=\"https:\/\/www.schlanser.ch\/zelte\/vorzelte\/wohnwagenvorzelte\/\">Wintervorzelt<\/a> bzw. einem robusten <a href=\"https:\/\/www.schlanser.ch\/zelte\/campingzelte\/\">Winterzelt<\/a> werden Sie das Winterwunderland mit warmen F\u00fcssen geniessen.<\/strong><\/p>\n<h2>Warum Camping und Zelten im Winter etwas ganz Besonderes sind<\/h2>\n<p style=\"text-align: justify;\">Kennen Sie die unglaubliche Ruhe, die von einer Landschaft im Schnee ausgeht? Jeder noch so kleine Laut wird von dem k\u00fchlen Weiss geschluckt und in Stille verwandelt. Alles sieht so anders aus &#8211; wie verzaubert. Am Tag geniessen Sie den gleissenden Sonnenschein und den unglaublich blauen Himmel, wie es ihn nur im Winter geben kann. Nachts wiederum funkeln die Sterne vom glasklaren Firmament. Aufgrund der geringen Temperaturen ist der Himmel zur Winterzeit besonders klar. Wappnen Sie sich mit einer Kanne Tee oder Gl\u00fchwein, ehe Sie \u00fcber die Geheimnisse der Astronomie philosophieren.<\/p>\n<figure id=\"attachment_5712\" aria-describedby=\"caption-attachment-5712\" style=\"width: 600px\" class=\"wp-caption aligncenter\"><img loading=\"lazy\" decoding=\"async\" class=\"wp-image-5712 size-full\" title=\"Winterzelt bei Sonnenaufgang\" src=\"https:\/\/www.schlanser.ch\/magazin\/wp-content\/uploads\/2018\/11\/Winterzelt-bei-Sonnenaufgang.jpg\" alt=\"Winterzelt bei Sonnenaufgang\" width=\"600\" height=\"437\" srcset=\"https:\/\/www.schlanser.ch\/magazin\/wp-content\/uploads\/2018\/11\/Winterzelt-bei-Sonnenaufgang.jpg 600w, https:\/\/www.schlanser.ch\/magazin\/wp-content\/uploads\/2018\/11\/Winterzelt-bei-Sonnenaufgang-300x219.jpg 300w\" sizes=\"(max-width: 600px) 100vw, 600px\" \/><figcaption id=\"caption-attachment-5712\" class=\"wp-caption-text\">\u00a9 Volodymyr Shevchuk \/ Fotolia.com<\/figcaption><\/figure>\n<p style=\"text-align: justify;\">Im Dezember ist \u00fcbrigens Hochsaison f\u00fcr Sternschnuppen. Was gibt es Faszinierenderes als fallende Sterne gem\u00fctlich vor dem Zelt sitzend zu beobachten? Abgesehen von der Romantik im Winterurlaub sind eisige Temperaturen f\u00fcr manche Destinationen einfach typisch. Denken Sie an Island oder das n\u00f6rdliche Skandinavien aber auch die h\u00f6heren Gebiete in den Alpen und anderen europ\u00e4ischen Gebirgen. Hier liegt der Schnee oft vom Herbst bis zum Fr\u00fchjahr.<\/p>\n<figure id=\"attachment_5716\" aria-describedby=\"caption-attachment-5716\" style=\"width: 600px\" class=\"wp-caption aligncenter\"><img loading=\"lazy\" decoding=\"async\" class=\"wp-image-5716 size-full\" title=\"Camping im Schnee\" src=\"https:\/\/www.schlanser.ch\/magazin\/wp-content\/uploads\/2018\/11\/Camping-im-Schnee.jpg\" alt=\"Camping im Schnee\" width=\"600\" height=\"400\" srcset=\"https:\/\/www.schlanser.ch\/magazin\/wp-content\/uploads\/2018\/11\/Camping-im-Schnee.jpg 600w, https:\/\/www.schlanser.ch\/magazin\/wp-content\/uploads\/2018\/11\/Camping-im-Schnee-300x200.jpg 300w\" sizes=\"(max-width: 600px) 100vw, 600px\" \/><figcaption id=\"caption-attachment-5716\" class=\"wp-caption-text\">\u00a9 zhukovvvlad \/ Fotolia.com<\/figcaption><\/figure>\n<p style=\"text-align: justify;\">Genau deswegen f\u00e4hrt man dort ja auch hin. So bieten sich hier ganz andere M\u00f6glichkeiten f\u00fcr Aktivit\u00e4ten wie beispielsweise Fahrten mit Schlittenhunden, Langlauftouren oder alpiner Wintersport. Camping hat also das ganze Jahr \u00fcber Hochsaison.<\/p>\n<div class=\"box info  \"><div class=\"box-inner-block\"><i class=\"fa tie-shortcode-boxicon\"><\/i>\n\t\t\tOb Winterzelt, Wintervorzelt oder anderes Zubeh\u00f6r wie Decken f\u00fcr das <a href=\"https:\/\/www.schlanser.ch\/erlebniswelten\/winter-camping\/\">Winter-Camping<\/a> &#8211; in unserer Themenwelt finden Sie alles, was Sie daf\u00fcr ben\u00f6tigen.\n\t\t\t<\/div><\/div>\n<h2>Ein Vorzelt f\u00fcr die kalte Jahreszeit<\/h2>\n<p style=\"text-align: justify;\">Wenn es draussen st\u00fcrmt und schneit, ist ein gutes Vorzelt besonders wichtig. Es ist ein unerl\u00e4sslicher Wind- und Schneeschutz f\u00fcr die Eingangst\u00fcre. Ausserdem bietet es Platz, um Ihre nasse Kleidung, Schuhe und Wintersportger\u00e4te abzulegen.<\/p>\n<figure id=\"attachment_5718\" aria-describedby=\"caption-attachment-5718\" style=\"width: 600px\" class=\"wp-caption aligncenter\"><img loading=\"lazy\" decoding=\"async\" class=\"wp-image-5718 size-full\" title=\"Winterliches Camping am See mit Lagerfeuer\" src=\"https:\/\/www.schlanser.ch\/magazin\/wp-content\/uploads\/2018\/11\/Winterliches-Camping-am-See-mit-Lagerfeuer.jpg\" alt=\"Winterliches Camping am See mit Lagerfeuer\" width=\"600\" height=\"371\" srcset=\"https:\/\/www.schlanser.ch\/magazin\/wp-content\/uploads\/2018\/11\/Winterliches-Camping-am-See-mit-Lagerfeuer.jpg 600w, https:\/\/www.schlanser.ch\/magazin\/wp-content\/uploads\/2018\/11\/Winterliches-Camping-am-See-mit-Lagerfeuer-300x186.jpg 300w\" sizes=\"(max-width: 600px) 100vw, 600px\" \/><figcaption id=\"caption-attachment-5718\" class=\"wp-caption-text\">\u00a9 shaiith \/ Fotolia.com<\/figcaption><\/figure>\n<p style=\"text-align: justify;\">Doch was genau macht ein gutes Wintervorzelt aus? Grunds\u00e4tzlich achten die Hersteller bei der Konzeption von Winterzelt und Wintervorzelt darauf, dass es der Schneelast standh\u00e4lt. Weiterhin beansprucht die sehr viel geringere Temperatur im Winter das Material ganz anders. Die Feuchtigkeit vor allem in Bodenn\u00e4he muss ausserdem ber\u00fccksichtigt werden. Der \u00dcberlastung durch Schneemassen entgehen Winterzelte oft durch eine kleinere Dachfl\u00e4che. Das Pultdach f\u00e4llt relativ steil nach vorne und\/oder zu den Seiten hin ab. So rutscht der Schnee von alleine hinunter.<\/p>\n<figure id=\"attachment_5705\" aria-describedby=\"caption-attachment-5705\" style=\"width: 600px\" class=\"wp-caption aligncenter\"><img loading=\"lazy\" decoding=\"async\" class=\"wp-image-5705 size-full\" title=\"Ein Vorzelt f\u00fcr die kalte Jahreszeit\" src=\"https:\/\/www.schlanser.ch\/magazin\/wp-content\/uploads\/2018\/11\/Ein-Vorzelt-fuer-die-kalte-Jahreszeit.jpg\" alt=\"Ein Vorzelt fuer die kalte Jahreszeit\" width=\"600\" height=\"450\" srcset=\"https:\/\/www.schlanser.ch\/magazin\/wp-content\/uploads\/2018\/11\/Ein-Vorzelt-fuer-die-kalte-Jahreszeit.jpg 600w, https:\/\/www.schlanser.ch\/magazin\/wp-content\/uploads\/2018\/11\/Ein-Vorzelt-fuer-die-kalte-Jahreszeit-300x225.jpg 300w\" sizes=\"(max-width: 600px) 100vw, 600px\" \/><figcaption id=\"caption-attachment-5705\" class=\"wp-caption-text\">\u00a9 mapo \/ Fotolia.com<\/figcaption><\/figure>\n<p style=\"text-align: justify;\">Schaumstoffpolster zwischen Vorzelt und Aussenwand des Wohnmobils sch\u00fctzen vor Zugluft. Spezielle Andruckstangen halten diese Polster an Ort und Stelle. Raffinierte Varianten sind leicht gebogen, sodass sie ihren Druck bei Belastung durch Schnee von oben noch erh\u00f6hen. Das perfekte Material f\u00fcr ein Wintervorzelt ist PVC. Es ist robust und wasserdicht. Selbst bei grosser K\u00e4lte bleibt es geschmeidig. Weiterhin ist es schimmelfest und leicht zu reinigen. Der grosse Nachteil ist die mangelnde Atmungsaktivit\u00e4t.<\/p>\n<blockquote>\n<p style=\"text-align: justify;\">Daher sind ausgekl\u00fcgelte Bel\u00fcftungssysteme ein Muss.<\/p>\n<\/blockquote>\n<p style=\"text-align: justify;\">Doch auch Sie selbst sollten auf Winterreisen mit dem Wohnwagen darauf achten, Ihr Vorzelt regelm\u00e4ssig durchzul\u00fcften. Wegen Niederschl\u00e4gen und Bodenfeuchtigkeit ist der aussen liegende Faulstreifen bei Wintervorzelten im Allgemeinen breiter. Ist das Einschlagen von Heringen nicht m\u00f6glich, kann er zum Stabilisieren mit Schneelast beladen werden.<\/p>\n<div class=\"box info  \"><div class=\"box-inner-block\"><i class=\"fa tie-shortcode-boxicon\"><\/i>\n\t\t\tCamping im Winter ist kein Problem mit den passenden Utensilien: von der Isomatte bis hin zur Zusatzheizung finden Sie alles, um im <a href=\"https:\/\/www.schlanser.ch\/erlebniswelten\/fit-fuer-den-winter\/\">Winter zu campen<\/a> in unserer Erlebnsiwelt.\n\t\t\t<\/div><\/div>\n<h2>Welche Vorzelte eignen sich f\u00fcr den Winterurlaub?<\/h2>\n<p style=\"text-align: justify;\">Wenn Sie auf der Suche nach einem zuverl\u00e4ssigen Begleiter sind, achten Sie genauestens auf die Angaben der Hersteller. Wenige Modelle werden explizit als &#8222;Wintervorzelte&#8220; ausgeschrieben. Viel h\u00e4ufiger findet sich die Bezeichnung &#8222;Ganzjahresvorzelt&#8220;. Sogenannte &#8222;Reisevorzelte&#8220; sind definitiv nicht f\u00fcr einen Schneeurlaub im Wohnwagen geeignet. Der Hersteller DWT hat beispielsweise ein speziell konzipiertes (Ganzjahres-) Wintervorzelt mit dem Namen Swing herausgebracht.<\/p>\n<p><img loading=\"lazy\" decoding=\"async\" class=\"aligncenter wp-image-5694 size-full\" title=\"Wintervorzelt Swing 240\" src=\"https:\/\/www.schlanser.ch\/magazin\/wp-content\/uploads\/2018\/11\/wvz-swing-240.jpg\" alt=\"wvz-swing-240\" width=\"600\" height=\"375\" srcset=\"https:\/\/www.schlanser.ch\/magazin\/wp-content\/uploads\/2018\/11\/wvz-swing-240.jpg 600w, https:\/\/www.schlanser.ch\/magazin\/wp-content\/uploads\/2018\/11\/wvz-swing-240-300x188.jpg 300w\" sizes=\"(max-width: 600px) 100vw, 600px\" \/><\/p>\n<p style=\"text-align: justify;\">Mit seinem 20 cm tiefen Vordach sch\u00fctzt es vor \u201eDachlawinen\u201c und Wasser beim \u00d6ffnen der T\u00fcre. Die verschliessbare Giebelhochentl\u00fcftung sorgt f\u00fcr eine gute Luftzirkulation. Mit einer Tiefe von wahlweise 2,40 m oder 3,00 m bietet es ausreichend Raum f\u00fcr Wintersportger\u00e4te und nasse Kleidung. Betreten Sie Ihren Vorraum je nach Windrichtung von vorne oder von der Seite. Mit ganz \u00e4hnlichen Qualit\u00e4ten wartet das Paradies von derselben Marke auf.<\/p>\n<p><img loading=\"lazy\" decoding=\"async\" class=\"aligncenter wp-image-5702 size-full\" title=\"Dwt Saison- und Ganzjahresvorzelt Paradies II\" src=\"https:\/\/www.schlanser.ch\/magazin\/wp-content\/uploads\/2018\/11\/dwt-saison-und-ganzjahresvorzelt-paradies-ii.jpg\" alt=\"dwt-saison-und-ganzjahresvorzelt-paradies-ii\" width=\"600\" height=\"374\" srcset=\"https:\/\/www.schlanser.ch\/magazin\/wp-content\/uploads\/2018\/11\/dwt-saison-und-ganzjahresvorzelt-paradies-ii.jpg 600w, https:\/\/www.schlanser.ch\/magazin\/wp-content\/uploads\/2018\/11\/dwt-saison-und-ganzjahresvorzelt-paradies-ii-300x187.jpg 300w\" sizes=\"(max-width: 600px) 100vw, 600px\" \/><\/p>\n<p style=\"text-align: justify;\">Das Zeltmaterial aus Polyester ist beidseitig mit PVC beschichtet. Es ist wahlweise von innen oder von aussen abspannbar und bietet die M\u00f6glichkeit zur zus\u00e4tzlichen Anbringung von Sicherheitsgurten. Auch der namhafte <a href=\"https:\/\/www.schlanser.ch\/berger\/\">Zelthersteller Berger<\/a> hat mit dem Ganzjahresvorzelt Campione ein taugliches Wintervorzelt auf dem Markt.<\/p>\n<p><img loading=\"lazy\" decoding=\"async\" class=\"aligncenter wp-image-5697 size-full\" title=\"Berger Ganzjahresvorzelt Campione III\" src=\"https:\/\/www.schlanser.ch\/magazin\/wp-content\/uploads\/2018\/11\/berger-ganzjahresvorzelt-campione-iii.jpg\" alt=\"berger-ganzjahresvorzelt-campione-iii\" width=\"600\" height=\"368\" srcset=\"https:\/\/www.schlanser.ch\/magazin\/wp-content\/uploads\/2018\/11\/berger-ganzjahresvorzelt-campione-iii.jpg 600w, https:\/\/www.schlanser.ch\/magazin\/wp-content\/uploads\/2018\/11\/berger-ganzjahresvorzelt-campione-iii-300x184.jpg 300w\" sizes=\"(max-width: 600px) 100vw, 600px\" \/><\/p>\n<p style=\"text-align: justify;\">Der doppelte Faulstreifen ist innen 40 cm, aussen 30 cm hoch und l\u00e4sst so garantiert keine Feuchtigkeit hinein. Alle Reissverschl\u00fcsse sind komplett abgedeckt, was selbst bei starkem Wind und Niederschlag sicheren Schutz vor N\u00e4sse bedeutet. Nutzen Sie die waagrechten Hohls\u00e4ume f\u00fcr die zus\u00e4tzliche Anbringung von Sturmgest\u00e4nge in sehr windigen Gegenden.<\/p>\n<h2>Zelten wenn kalt ist<\/h2>\n<p style=\"text-align: justify;\">Wer zur kalten Jahreszeit nur mit dem Zelt unterwegs ist, muss einigermassen k\u00e4lteresistent sein. Allerdings halten ein guter Schlafsack und ein gem\u00fctliches Feuer auch beim Zelten im Winter gut warm. Essenziell ist ausserdem ein absolut schneedichtes Zelt.<\/p>\n<p><img loading=\"lazy\" decoding=\"async\" class=\"aligncenter wp-image-5691 size-full\" title=\"Outwell Deckenschlafsack Camper links\" src=\"https:\/\/www.schlanser.ch\/magazin\/wp-content\/uploads\/2018\/11\/outwell-deckenschlafsack-camper-links.jpg\" alt=\"outwell-deckenschlafsack-camper-links\" width=\"413\" height=\"450\" srcset=\"https:\/\/www.schlanser.ch\/magazin\/wp-content\/uploads\/2018\/11\/outwell-deckenschlafsack-camper-links.jpg 413w, https:\/\/www.schlanser.ch\/magazin\/wp-content\/uploads\/2018\/11\/outwell-deckenschlafsack-camper-links-275x300.jpg 275w\" sizes=\"(max-width: 413px) 100vw, 413px\" \/><\/p>\n<p style=\"text-align: justify;\">Ein hochwertiges Winterzelt ist mit extra langen Aussenw\u00e4nden versehen, die b\u00fcndig am Erdboden abschliessen. So kann kein Schnee unten hindurch wehen. Snowflaps, also Lappen in Verl\u00e4ngerung der Aussenwand, geben zus\u00e4tzlichen Schutz, wenn Sie sie beschweren oder befestigen. Das Innenzelt sollte an keiner Stelle nur aus Moskitogaze bestehen. Schnee k\u00f6nnte sonst leicht bis zum Schlafsack hineingelangen. Die L\u00fcfter spielen beim Winterzelt eine ganz wichtige Rolle. Sie beugen mit ausreichender Luftzirkulation der Kondenswasserbildung vor. Bei Wind und Schneefall m\u00fcssen sie allerdings verschlossen werden k\u00f6nnen.<\/p>\n<p><img loading=\"lazy\" decoding=\"async\" class=\"aligncenter wp-image-5689 size-full\" title=\"Outwell Deckenschlafsack Camper Lux Double\" src=\"https:\/\/www.schlanser.ch\/magazin\/wp-content\/uploads\/2018\/11\/outwell-deckenschlafsack-camper-lux-double.jpg\" alt=\"outwell-deckenschlafsack-camper-lux-double\" width=\"505\" height=\"450\" srcset=\"https:\/\/www.schlanser.ch\/magazin\/wp-content\/uploads\/2018\/11\/outwell-deckenschlafsack-camper-lux-double.jpg 505w, https:\/\/www.schlanser.ch\/magazin\/wp-content\/uploads\/2018\/11\/outwell-deckenschlafsack-camper-lux-double-300x267.jpg 300w\" sizes=\"(max-width: 505px) 100vw, 505px\" \/><\/p>\n<p style=\"text-align: justify;\">Weitere kostbare Extras beim Zelten im Winter sind viele Abspannpunkte sowie eine grosse Apside, in der Sie im Zweifelsfall auch kochen k\u00f6nnen. Trotz all dieser Ausstattung muss ein Winterzelt leicht aufzubauen sein. Denken Sie an Stangen, die mit Handschuhen in ihre Kan\u00e4le gef\u00e4delt werden m\u00fcssen, und Haken, die mit klammen Fingern einzuh\u00e4ngen sind.<\/p>\n<h2>Vorschl\u00e4ge f\u00fcr Winterzelte<\/h2>\n<p style=\"text-align: justify;\">Das Malo von Mountain Guide ist ein leichtes <a href=\"https:\/\/www.schlanser.ch\/zelte\/campingzelte\/leicht-trekkingzelte\/\">Kuppelzelt f\u00fcr Trekkingtouren<\/a>. Das stabile Alugest\u00e4nge h\u00e4lt selbst st\u00e4rkerem Wind stand. Mit 6000 mm Wassers\u00e4ule ist das Aussenzelt den gr\u00f6sseren Belastungen bei K\u00e4lte gut gewachsen. Die L\u00fcftungs\u00f6ffnungen sind allesamt verschliessbar und das Innenzelt besteht aus 100 % Polyester. Einen aussergew\u00f6hnlichen Luxus stellt die ger\u00e4umige Apside mit einh\u00e4ngbarer Bodenwanne dar. Diese h\u00e4lt auch den Vorraum des Zeltes sicher trocken. Praktische Organizer im Inneren sind zu jeder Jahreszeit eine Bereicherung.<\/p>\n<p><img loading=\"lazy\" decoding=\"async\" class=\"aligncenter wp-image-5681 size-full\" title=\"Zelt Nevada MP\" src=\"https:\/\/www.schlanser.ch\/magazin\/wp-content\/uploads\/2018\/11\/zelt-nevada-mp.jpg\" alt=\"zelt-nevada-mp\" width=\"600\" height=\"375\" srcset=\"https:\/\/www.schlanser.ch\/magazin\/wp-content\/uploads\/2018\/11\/zelt-nevada-mp.jpg 600w, https:\/\/www.schlanser.ch\/magazin\/wp-content\/uploads\/2018\/11\/zelt-nevada-mp-300x188.jpg 300w\" sizes=\"(max-width: 600px) 100vw, 600px\" \/><\/p>\n<p style=\"text-align: justify;\">Ein Tunnelzelt ist das Nevada MP von Outwell. Mit diesem Modell verbringen Sie den Winterurlaub mit der ganzen Familie im Freien. Die grosse Apside bietet drei verschiedene Eing\u00e4nge, wovon einer sogar \u00fcberdacht ist. So bleibt bei Niederschlag die Feuchtigkeit in jedem Fall draussen. Die doppelt abgedeckten Reissverschl\u00fcsse und die bandversiegelten N\u00e4hte leisten bei jedem Wetter gute Arbeit. Das Easy Rock von Berger ist wieder ein <a href=\"https:\/\/www.schlanser.ch\/zelte\/campingzelte\/iglu-kuppelzelte\/\">Kuppelzelt<\/a>.<\/p>\n<p><img loading=\"lazy\" decoding=\"async\" class=\"aligncenter wp-image-5685 size-full\" title=\"Berger Kuppelzelt Easy Rock 4\" src=\"https:\/\/www.schlanser.ch\/magazin\/wp-content\/uploads\/2018\/11\/berger-kuppelzelt-easy-rock-4.jpg\" alt=\"berger-kuppelzelt-easy-rock-4\" width=\"600\" height=\"375\" srcset=\"https:\/\/www.schlanser.ch\/magazin\/wp-content\/uploads\/2018\/11\/berger-kuppelzelt-easy-rock-4.jpg 600w, https:\/\/www.schlanser.ch\/magazin\/wp-content\/uploads\/2018\/11\/berger-kuppelzelt-easy-rock-4-300x188.jpg 300w\" sizes=\"(max-width: 600px) 100vw, 600px\" \/><\/p>\n<p style=\"text-align: justify;\">In seiner verl\u00e4ngerten Tunnelapside finden Sie genug Platz, um nasse Klamotten im Trockenen aufzuh\u00e4ngen. Das Aussenzelt ist mit PU beschichtet und reicht bis nah an den Boden heran. Je nach Stand des Windes verlassen Sie dieses Winterdomizil nach vorne oder zur Seite.<\/p>\n","protected":false},"excerpt":{"rendered":"<p>\u00ab Fit f\u00fcr den Winterurlaub \u00bb Camping im Winter ist mitnichten nur etwas f\u00fcr Hartgesottene und Outdoorfreaks. Wer im Sommer gerne mit Zelt oder Wohnwagen unterwegs ist, sch\u00e4tzt auch das naturnahe N\u00e4chtigen in der kalten Jahreszeit. Der Angst vor dem Frieren sollten Sie bereits bei den Vorbereitungen begegnen: Mit warmer Funktionskleidung, den geeigneten Schlafs\u00e4cken, einer &hellip;<\/p>\n","protected":false},"author":1,"featured_media":5711,"comment_status":"closed","ping_status":"open","sticky":false,"template":"","format":"standard","meta":{"footnotes":""},"categories":[1],"tags":[201,57,374,50,376,24,377,395,749,747,453,746,748],"yoast_head":"<!-- This site is optimized with the Yoast SEO plugin v22.2 - https:\/\/yoast.com\/wordpress\/plugins\/seo\/ -->\n<title>Winterzelt und Wintervorzelt - Schlanser Magazin<\/title>\n<meta name=\"description\" content=\"Mit dem Schlanser Magazin fit f\u00fcr Campingferien im Winter! \u2013 Wir erkl\u00e4ren die grossen Vorteile von echten Winterzelten und Wintervorzelten \u2714\" \/>\n<meta name=\"robots\" content=\"index, follow, max-snippet:-1, max-image-preview:large, max-video-preview:-1\" \/>\n<link rel=\"canonical\" href=\"https:\/\/www.schlanser.ch\/magazin\/winterzelt-wintervorzelt\/\" \/>\n<meta property=\"og:locale\" content=\"de_DE\" \/>\n<meta property=\"og:type\" content=\"article\" \/>\n<meta property=\"og:title\" content=\"Winterzelt und Wintervorzelt - Schlanser Magazin\" \/>\n<meta property=\"og:description\" content=\"Mit dem Schlanser Magazin fit f\u00fcr Campingferien im Winter! \u2013 Wir erkl\u00e4ren die grossen Vorteile von echten Winterzelten und Wintervorzelten \u2714\" \/>\n<meta property=\"og:url\" content=\"https:\/\/www.schlanser.ch\/magazin\/winterzelt-wintervorzelt\/\" \/>\n<meta property=\"og:site_name\" content=\"Schlanser Magazin\" \/>\n<meta property=\"article:published_time\" content=\"2018-10-30T13:22:13+00:00\" \/>\n<meta property=\"article:modified_time\" content=\"2024-04-05T06:25:26+00:00\" \/>\n<meta property=\"og:image\" content=\"https:\/\/www.schlanser.ch\/magazin\/wp-content\/uploads\/2018\/11\/Winterzelt-und-Wintervorzelt.jpg\" \/>\n\t<meta property=\"og:image:width\" content=\"800\" \/>\n\t<meta property=\"og:image:height\" content=\"533\" \/>\n\t<meta property=\"og:image:type\" content=\"image\/jpeg\" \/>\n<meta name=\"author\" content=\"admin\" \/>\n<meta name=\"twitter:card\" content=\"summary_large_image\" \/>\n<meta name=\"twitter:label1\" content=\"Verfasst von\" \/>\n\t<meta name=\"twitter:data1\" content=\"admin\" \/>\n\t<meta name=\"twitter:label2\" content=\"Gesch\u00e4tzte Lesezeit\" \/>\n\t<meta name=\"twitter:data2\" content=\"10 Minuten\" \/>\n<script type=\"application\/ld+json\" class=\"yoast-schema-graph\">{\"@context\":\"https:\/\/schema.org\",\"@graph\":[{\"@type\":\"WebPage\",\"@id\":\"https:\/\/www.schlanser.ch\/magazin\/winterzelt-wintervorzelt\/\",\"url\":\"https:\/\/www.schlanser.ch\/magazin\/winterzelt-wintervorzelt\/\",\"name\":\"Winterzelt und Wintervorzelt - Schlanser Magazin\",\"isPartOf\":{\"@id\":\"https:\/\/www.schlanser.ch\/magazin\/#website\"},\"primaryImageOfPage\":{\"@id\":\"https:\/\/www.schlanser.ch\/magazin\/winterzelt-wintervorzelt\/#primaryimage\"},\"image\":{\"@id\":\"https:\/\/www.schlanser.ch\/magazin\/winterzelt-wintervorzelt\/#primaryimage\"},\"thumbnailUrl\":\"https:\/\/www.schlanser.ch\/magazin\/wp-content\/uploads\/2018\/11\/Winterzelt-und-Wintervorzelt.jpg\",\"datePublished\":\"2018-10-30T13:22:13+00:00\",\"dateModified\":\"2024-04-05T06:25:26+00:00\",\"author\":{\"@id\":\"https:\/\/www.schlanser.ch\/magazin\/#\/schema\/person\/000db0a103eb2594ba3daf394b1dfea2\"},\"description\":\"Mit dem Schlanser Magazin fit f\u00fcr Campingferien im Winter! \u2013 Wir erkl\u00e4ren die grossen Vorteile von echten Winterzelten und Wintervorzelten \u2714\",\"breadcrumb\":{\"@id\":\"https:\/\/www.schlanser.ch\/magazin\/winterzelt-wintervorzelt\/#breadcrumb\"},\"inLanguage\":\"de-DE\",\"potentialAction\":[{\"@type\":\"ReadAction\",\"target\":[\"https:\/\/www.schlanser.ch\/magazin\/winterzelt-wintervorzelt\/\"]}]},{\"@type\":\"ImageObject\",\"inLanguage\":\"de-DE\",\"@id\":\"https:\/\/www.schlanser.ch\/magazin\/winterzelt-wintervorzelt\/#primaryimage\",\"url\":\"https:\/\/www.schlanser.ch\/magazin\/wp-content\/uploads\/2018\/11\/Winterzelt-und-Wintervorzelt.jpg\",\"contentUrl\":\"https:\/\/www.schlanser.ch\/magazin\/wp-content\/uploads\/2018\/11\/Winterzelt-und-Wintervorzelt.jpg\",\"width\":800,\"height\":533,\"caption\":\"\u00a9 trek6500 \/ Fotolia.com\"},{\"@type\":\"BreadcrumbList\",\"@id\":\"https:\/\/www.schlanser.ch\/magazin\/winterzelt-wintervorzelt\/#breadcrumb\",\"itemListElement\":[{\"@type\":\"ListItem\",\"position\":1,\"name\":\"Startseite\",\"item\":\"https:\/\/www.schlanser.ch\/magazin\/\"},{\"@type\":\"ListItem\",\"position\":2,\"name\":\"Winterzelt und Wintervorzelt\"}]},{\"@type\":\"WebSite\",\"@id\":\"https:\/\/www.schlanser.ch\/magazin\/#website\",\"url\":\"https:\/\/www.schlanser.ch\/magazin\/\",\"name\":\"Schlanser Magazin\",\"description\":\"\",\"potentialAction\":[{\"@type\":\"SearchAction\",\"target\":{\"@type\":\"EntryPoint\",\"urlTemplate\":\"https:\/\/www.schlanser.ch\/magazin\/?s={search_term_string}\"},\"query-input\":\"required name=search_term_string\"}],\"inLanguage\":\"de-DE\"},{\"@type\":\"Person\",\"@id\":\"https:\/\/www.schlanser.ch\/magazin\/#\/schema\/person\/000db0a103eb2594ba3daf394b1dfea2\",\"name\":\"admin\",\"image\":{\"@type\":\"ImageObject\",\"inLanguage\":\"de-DE\",\"@id\":\"https:\/\/www.schlanser.ch\/magazin\/#\/schema\/person\/image\/\",\"url\":\"https:\/\/secure.gravatar.com\/avatar\/a794a4fe8a9b9c52241597eb381dfa2e?s=96&d=mm&r=g\",\"contentUrl\":\"https:\/\/secure.gravatar.com\/avatar\/a794a4fe8a9b9c52241597eb381dfa2e?s=96&d=mm&r=g\",\"caption\":\"admin\"}}]}<\/script>\n<!-- \/ Yoast SEO plugin. -->","yoast_head_json":{"title":"Winterzelt und Wintervorzelt - Schlanser Magazin","description":"Mit dem Schlanser Magazin fit f\u00fcr Campingferien im Winter! \u2013 Wir erkl\u00e4ren die grossen Vorteile von echten Winterzelten und Wintervorzelten \u2714","robots":{"index":"index","follow":"follow","max-snippet":"max-snippet:-1","max-image-preview":"max-image-preview:large","max-video-preview":"max-video-preview:-1"},"canonical":"https:\/\/www.schlanser.ch\/magazin\/winterzelt-wintervorzelt\/","og_locale":"de_DE","og_type":"article","og_title":"Winterzelt und Wintervorzelt - Schlanser Magazin","og_description":"Mit dem Schlanser Magazin fit f\u00fcr Campingferien im Winter! \u2013 Wir erkl\u00e4ren die grossen Vorteile von echten Winterzelten und Wintervorzelten \u2714","og_url":"https:\/\/www.schlanser.ch\/magazin\/winterzelt-wintervorzelt\/","og_site_name":"Schlanser Magazin","article_published_time":"2018-10-30T13:22:13+00:00","article_modified_time":"2024-04-05T06:25:26+00:00","og_image":[{"width":800,"height":533,"url":"https:\/\/www.schlanser.ch\/magazin\/wp-content\/uploads\/2018\/11\/Winterzelt-und-Wintervorzelt.jpg","type":"image\/jpeg"}],"author":"admin","twitter_card":"summary_large_image","twitter_misc":{"Verfasst von":"admin","Gesch\u00e4tzte Lesezeit":"10 Minuten"},"schema":{"@context":"https:\/\/schema.org","@graph":[{"@type":"WebPage","@id":"https:\/\/www.schlanser.ch\/magazin\/winterzelt-wintervorzelt\/","url":"https:\/\/www.schlanser.ch\/magazin\/winterzelt-wintervorzelt\/","name":"Winterzelt und Wintervorzelt - Schlanser Magazin","isPartOf":{"@id":"https:\/\/www.schlanser.ch\/magazin\/#website"},"primaryImageOfPage":{"@id":"https:\/\/www.schlanser.ch\/magazin\/winterzelt-wintervorzelt\/#primaryimage"},"image":{"@id":"https:\/\/www.schlanser.ch\/magazin\/winterzelt-wintervorzelt\/#primaryimage"},"thumbnailUrl":"https:\/\/www.schlanser.ch\/magazin\/wp-content\/uploads\/2018\/11\/Winterzelt-und-Wintervorzelt.jpg","datePublished":"2018-10-30T13:22:13+00:00","dateModified":"2024-04-05T06:25:26+00:00","author":{"@id":"https:\/\/www.schlanser.ch\/magazin\/#\/schema\/person\/000db0a103eb2594ba3daf394b1dfea2"},"description":"Mit dem Schlanser Magazin fit f\u00fcr Campingferien im Winter! \u2013 Wir erkl\u00e4ren die grossen Vorteile von echten Winterzelten und Wintervorzelten \u2714","breadcrumb":{"@id":"https:\/\/www.schlanser.ch\/magazin\/winterzelt-wintervorzelt\/#breadcrumb"},"inLanguage":"de-DE","potentialAction":[{"@type":"ReadAction","target":["https:\/\/www.schlanser.ch\/magazin\/winterzelt-wintervorzelt\/"]}]},{"@type":"ImageObject","inLanguage":"de-DE","@id":"https:\/\/www.schlanser.ch\/magazin\/winterzelt-wintervorzelt\/#primaryimage","url":"https:\/\/www.schlanser.ch\/magazin\/wp-content\/uploads\/2018\/11\/Winterzelt-und-Wintervorzelt.jpg","contentUrl":"https:\/\/www.schlanser.ch\/magazin\/wp-content\/uploads\/2018\/11\/Winterzelt-und-Wintervorzelt.jpg","width":800,"height":533,"caption":"\u00a9 trek6500 \/ Fotolia.com"},{"@type":"BreadcrumbList","@id":"https:\/\/www.schlanser.ch\/magazin\/winterzelt-wintervorzelt\/#breadcrumb","itemListElement":[{"@type":"ListItem","position":1,"name":"Startseite","item":"https:\/\/www.schlanser.ch\/magazin\/"},{"@type":"ListItem","position":2,"name":"Winterzelt und Wintervorzelt"}]},{"@type":"WebSite","@id":"https:\/\/www.schlanser.ch\/magazin\/#website","url":"https:\/\/www.schlanser.ch\/magazin\/","name":"Schlanser Magazin","description":"","potentialAction":[{"@type":"SearchAction","target":{"@type":"EntryPoint","urlTemplate":"https:\/\/www.schlanser.ch\/magazin\/?s={search_term_string}"},"query-input":"required name=search_term_string"}],"inLanguage":"de-DE"},{"@type":"Person","@id":"https:\/\/www.schlanser.ch\/magazin\/#\/schema\/person\/000db0a103eb2594ba3daf394b1dfea2","name":"admin","image":{"@type":"ImageObject","inLanguage":"de-DE","@id":"https:\/\/www.schlanser.ch\/magazin\/#\/schema\/person\/image\/","url":"https:\/\/secure.gravatar.com\/avatar\/a794a4fe8a9b9c52241597eb381dfa2e?s=96&d=mm&r=g","contentUrl":"https:\/\/secure.gravatar.com\/avatar\/a794a4fe8a9b9c52241597eb381dfa2e?s=96&d=mm&r=g","caption":"admin"}}]}},"_links":{"self":[{"href":"https:\/\/www.schlanser.ch\/magazin\/wp-json\/wp\/v2\/posts\/5677"}],"collection":[{"href":"https:\/\/www.schlanser.ch\/magazin\/wp-json\/wp\/v2\/posts"}],"about":[{"href":"https:\/\/www.schlanser.ch\/magazin\/wp-json\/wp\/v2\/types\/post"}],"author":[{"embeddable":true,"href":"https:\/\/www.schlanser.ch\/magazin\/wp-json\/wp\/v2\/users\/1"}],"replies":[{"embeddable":true,"href":"https:\/\/www.schlanser.ch\/magazin\/wp-json\/wp\/v2\/comments?post=5677"}],"version-history":[{"count":39,"href":"https:\/\/www.schlanser.ch\/magazin\/wp-json\/wp\/v2\/posts\/5677\/revisions"}],"predecessor-version":[{"id":17852,"href":"https:\/\/www.schlanser.ch\/magazin\/wp-json\/wp\/v2\/posts\/5677\/revisions\/17852"}],"wp:featuredmedia":[{"embeddable":true,"href":"https:\/\/www.schlanser.ch\/magazin\/wp-json\/wp\/v2\/media\/5711"}],"wp:attachment":[{"href":"https:\/\/www.schlanser.ch\/magazin\/wp-json\/wp\/v2\/media?parent=5677"}],"wp:term":[{"taxonomy":"category","embeddable":true,"href":"https:\/\/www.schlanser.ch\/magazin\/wp-json\/wp\/v2\/categories?post=5677"},{"taxonomy":"post_tag","embeddable":true,"href":"https:\/\/www.schlanser.ch\/magazin\/wp-json\/wp\/v2\/tags?post=5677"}],"curies":[{"name":"wp","href":"https:\/\/api.w.org\/{rel}","templated":true}]}}