{"id":5724,"date":"2018-11-15T14:15:09","date_gmt":"2018-11-15T13:15:09","guid":{"rendered":"https:\/\/www.schlanser.ch\/magazin\/?p=5724"},"modified":"2024-06-17T18:15:38","modified_gmt":"2024-06-17T16:15:38","slug":"weihnachten-wohnmobil","status":"publish","type":"post","link":"https:\/\/www.schlanser.ch\/magazin\/weihnachten-wohnmobil\/","title":{"rendered":"Weihnachten im Wohnmobil"},"content":{"rendered":"<h2>\u00ab Heiligabend auf 8 m\u00b2 \u00bb<\/h2>\n<p style=\"text-align: justify;\"><strong>Schneeflocken tanzen vor dem Fenster. Sie sitzen gem\u00fctlich bei gutem Essen mit einem leckeren Tropfen am Tisch und lassen den Blick in die Ferne schweifen. Im Hintergrund l\u00e4uft dezente Weihnachtsmusik und Sie geniessen die Ruhe. Genau so kann Weihnachten zu Hause, aber auch auf Reisen im Wohnwagen oder Wohnmobil aussehen. Erfahren Sie hier mehr \u00fcber die Reize, die winterlichen Feiertage beim Camping zu begehen.<\/strong><\/p>\n<h2>Warum Weihnachtsferien im Wohnmobil?<\/h2>\n<p style=\"text-align: justify;\">Es ist nicht alleine der R\u00fcckzug vom allgemeinen Weihnachtswahn, der Weihnachten auf dem Campingplatz so attraktiv macht. Nat\u00fcrlich sparen Sie es sich, eine Unmenge Geschenke zu kaufen und ein opulentes Men\u00fc zu planen. Weder im Wohnwagen noch im Wohnmobil ist daf\u00fcr genug Platz. Hinzu kommt, dass Sie sich Weihnachten am Ort Ihrer Wahl aufhalten k\u00f6nnen.<\/p>\n<blockquote>\n<p style=\"text-align: justify;\">Ist Ihnen Schnee wichtig, suchen Sie sich eine Gegend mit Schneegarantie aus. Wollten Sie immer schon einmal Weihnachtsferien am Strand verbringen, sollten Sie Richtung Mittelmeer fahren.<\/p>\n<\/blockquote>\n<p style=\"text-align: justify;\">Sie haben schon von so manchem Weihnachtsmarkt geh\u00f6rt und m\u00f6chten die Traditionen gerne vor Ort kennenlernen? Dann haben Sie beim Wintercamping die ideale Gelegenheit dazu.<\/p>\n<figure id=\"attachment_5785\" aria-describedby=\"caption-attachment-5785\" style=\"width: 600px\" class=\"wp-caption aligncenter\"><img loading=\"lazy\" decoding=\"async\" class=\"wp-image-5785 size-full\" title=\"Weihnachtsferien im Wohnmobil\" src=\"https:\/\/www.schlanser.ch\/magazin\/wp-content\/uploads\/2018\/12\/Weihnachtsferien-im-Wohnmobil.jpg\" alt=\"Weihnachtsferien im Wohnmobil\" width=\"600\" height=\"400\" srcset=\"https:\/\/www.schlanser.ch\/magazin\/wp-content\/uploads\/2018\/12\/Weihnachtsferien-im-Wohnmobil.jpg 600w, https:\/\/www.schlanser.ch\/magazin\/wp-content\/uploads\/2018\/12\/Weihnachtsferien-im-Wohnmobil-300x200.jpg 300w\" sizes=\"(max-width: 600px) 100vw, 600px\" \/><figcaption id=\"caption-attachment-5785\" class=\"wp-caption-text\">\u00a9 Miki Studio \/ Fotolia.com<\/figcaption><\/figure>\n<p style=\"text-align: justify;\">Machen Sie Ihren Camper winterfest und ziehen Sie los in die weihnachtliche Campingwelt. Immer mehr Campingpl\u00e4tze erkennen den Trend, die lange Winterpause mit einer Ausfahrt \u00fcber die Feiertage zu unterbrechen. So \u00f6ffnen Sie nicht nur ihre Tore zwischen den Jahren, sondern bieten zum Teil auch Weihnachts- und Silvesterfeiern an. F\u00fcr die Kinder kommt ein Weihnachtsmann, das Festtagsessen wird im Restaurant serviert und das Feuerwerk zum Jahreswechsel ist inklusive. Weihnachten im Wohnmobil kann so aufregend sein!<\/p>\n<h2>Weihnachten im Wohnmobil: Was gibt es beim Wintercamping zu beachten?<\/h2>\n<p style=\"text-align: justify;\">Wer in der kalten Jahreszeit mit dem Wohnwagen mobil sein m\u00f6chte, muss auf ein paar Dinge achten. So sind beispielsweise Winterreifen ein absolutes Muss. Je nach Destination sollten auch Schneeketten dabei sein.<\/p>\n<figure id=\"attachment_5764\" aria-describedby=\"caption-attachment-5764\" style=\"width: 600px\" class=\"wp-caption aligncenter\"><img loading=\"lazy\" decoding=\"async\" class=\"wp-image-5764 size-full\" title=\"Schneeketten und Winterreifen haben nat\u00fcrlich oberste Priorit\u00e4t\" src=\"https:\/\/www.schlanser.ch\/magazin\/wp-content\/uploads\/2018\/12\/Schneeketten-aufziehen.jpg\" alt=\"Schneeketten aufziehen\" width=\"600\" height=\"400\" srcset=\"https:\/\/www.schlanser.ch\/magazin\/wp-content\/uploads\/2018\/12\/Schneeketten-aufziehen.jpg 600w, https:\/\/www.schlanser.ch\/magazin\/wp-content\/uploads\/2018\/12\/Schneeketten-aufziehen-300x200.jpg 300w\" sizes=\"(max-width: 600px) 100vw, 600px\" \/><figcaption id=\"caption-attachment-5764\" class=\"wp-caption-text\">\u00a9 JuliaNaether \/ Fotolia.com<\/figcaption><\/figure>\n<p style=\"text-align: justify;\">Pr\u00fcfen Sie vor der Abfahrt, ob Ihre <a href=\"https:\/\/www.schlanser.ch\/fahrzeug\/wasser\/wasserbehaelter\/\">Frisch- und Abwassertanks frostsicher<\/a> sind. Wenn die Tanks nicht im Zwischenboden eingebaut sind, m\u00fcssen sie gegebenenfalls zus\u00e4tzlich vor K\u00e4lte abgeschirmt werden. Mit einem <a href=\"https:\/\/www.schlanser.ch\/fahrzeug\/heizen-kuehlen\/heizteppiche-frostwaechter\/\">Frostw\u00e4chter<\/a> sind Sie immer auf der sicheren Seite.<\/p>\n<p><center><img loading=\"lazy\" decoding=\"async\" class=\"alignnone wp-image-5748 size-full\" title=\"Frost Control Heizelement\" src=\"https:\/\/www.schlanser.ch\/magazin\/wp-content\/uploads\/2018\/12\/frost-control-heizelement.jpg\" alt=\"Truma Frost Control Heizelement\" width=\"300\" height=\"300\" srcset=\"https:\/\/www.schlanser.ch\/magazin\/wp-content\/uploads\/2018\/12\/frost-control-heizelement.jpg 300w, https:\/\/www.schlanser.ch\/magazin\/wp-content\/uploads\/2018\/12\/frost-control-heizelement-150x150.jpg 150w\" sizes=\"(max-width: 300px) 100vw, 300px\" \/>\u00a0 \u00a0\u00a0<a href=\"https:\/\/www.schlanser.ch\/fahrzeug\/heizen-kuehlen\/heizteppiche-frostwaechter\/322\/frostwaechter\"><img loading=\"lazy\" decoding=\"async\" class=\"alignnone wp-image-5749 size-full\" title=\"Frostw\u00e4chter | Spezial-Hochleistungs-Heizpatrone zum Einbau in alle Frisch- und Abwassertanks\" src=\"https:\/\/www.schlanser.ch\/magazin\/wp-content\/uploads\/2018\/12\/frostwaechter.jpg\" alt=\"frostwaechter\" width=\"300\" height=\"300\" srcset=\"https:\/\/www.schlanser.ch\/magazin\/wp-content\/uploads\/2018\/12\/frostwaechter.jpg 300w, https:\/\/www.schlanser.ch\/magazin\/wp-content\/uploads\/2018\/12\/frostwaechter-150x150.jpg 150w\" sizes=\"(max-width: 300px) 100vw, 300px\" \/><\/a><\/center><\/p>\n<p style=\"text-align: justify;\">Grunds\u00e4tzlich sind Wohnwagen mit guter Isolierung und doppelt verglasten Fenstern besser f\u00fcrs Wintercamping geeignet. Auch ist nicht jede Heizung f\u00fcr Minusgrade bis in den zweistelligen Bereich stark genug. Entsprechend leistungsstarke Modelle, wie es sie beispielsweise von Truma gibt, m\u00fcssen f\u00fcr die Feiertage eventuell nachger\u00fcstet werden.<\/p>\n<p><img loading=\"lazy\" decoding=\"async\" class=\"aligncenter wp-image-5761 size-full\" title=\"Isomatte | doppellagige PE-Liegematte und Feinpr\u00e4gung | inkl. 2 Stretchgurte | Packma\u00df: ca. 50x7 cm\" src=\"https:\/\/www.schlanser.ch\/magazin\/wp-content\/uploads\/2018\/12\/isomatte.jpg\" alt=\"isomatte\" width=\"500\" height=\"465\" srcset=\"https:\/\/www.schlanser.ch\/magazin\/wp-content\/uploads\/2018\/12\/isomatte.jpg 500w, https:\/\/www.schlanser.ch\/magazin\/wp-content\/uploads\/2018\/12\/isomatte-300x279.jpg 300w\" sizes=\"(max-width: 500px) 100vw, 500px\" \/><\/p>\n<p style=\"text-align: justify;\">Nat\u00fcrlich darf die <a href=\"https:\/\/www.schlanser.ch\/fahrzeug\/heizen-kuehlen\/truma-heizungen\/\">Wohnmobilheizung<\/a> an Weihnachten auf dem Campingplatz nicht ausgehen. Nehmen Sie daher reichlich Gasvorr\u00e4te mit. Zus\u00e4tzliche Isomatten, um die Fahrerkabine und andere grosse Fensterfl\u00e4chen abzuschirmen, reduzieren den Heizaufwand.<\/p>\n<p><a href=\"https:\/\/www.schlanser.ch\/zelte\/vorzelte\/reisemobil-busvorzelte\/244120320\/reisemobilvorzelt-globus-plus\"><img loading=\"lazy\" decoding=\"async\" class=\"aligncenter wp-image-5759 size-full\" title=\"Reisemobilvorzelt Globus Plus\" src=\"https:\/\/www.schlanser.ch\/magazin\/wp-content\/uploads\/2018\/12\/reisemobilvorzelt-globus-plus.jpg\" alt=\"reisemobilvorzelt-globus-plus\" width=\"600\" height=\"375\" srcset=\"https:\/\/www.schlanser.ch\/magazin\/wp-content\/uploads\/2018\/12\/reisemobilvorzelt-globus-plus.jpg 600w, https:\/\/www.schlanser.ch\/magazin\/wp-content\/uploads\/2018\/12\/reisemobilvorzelt-globus-plus-300x188.jpg 300w\" sizes=\"(max-width: 600px) 100vw, 600px\" \/><\/a><\/p>\n<p style=\"text-align: justify;\">Ein <a href=\"https:\/\/www.schlanser.ch\/zelte\/vorzelte\/reisemobil-busvorzelte\/\">winterfestes Vorzelt<\/a> tut bei l\u00e4ngerem Aufenthalt auf einem Platz gute Dienste. Es isoliert zus\u00e4tzlich und bietet Stauraum f\u00fcr nasse Klamotten. Im Innenraum sorgen Heizteppiche f\u00fcr garantiert warme F\u00fcsse. Das ist besonders an langen, gem\u00fctlichen Abenden in der Sitzecke ein unheimlicher Wohlf\u00fchlfaktor.<\/p>\n<p><center><a href=\"https:\/\/www.schlanser.ch\/fahrzeug\/heizen-kuehlen\/heizteppiche-frostwaechter\/24487\/heizteppich-palais-12-v\"><img loading=\"lazy\" decoding=\"async\" class=\"alignnone wp-image-5754 size-full\" title=\"Heizteppich PALAIS (12 V)\" src=\"https:\/\/www.schlanser.ch\/magazin\/wp-content\/uploads\/2018\/12\/heizteppich-palais-12-v.jpg\" alt=\"heizteppich-palais-12-v\" width=\"300\" height=\"200\" \/><\/a>\u00a0 \u00a0 \u00a0<a href=\"https:\/\/www.schlanser.ch\/fahrzeug\/heizen-kuehlen\/heizteppiche-frostwaechter\/208608\/pro-car-heizteppich-palais-230-v-60-x-40-cm-anthrazit\"><img loading=\"lazy\" decoding=\"async\" class=\"alignnone wp-image-5755 size-full\" title=\"Heizteppich PALAIS (230 V)\" src=\"https:\/\/www.schlanser.ch\/magazin\/wp-content\/uploads\/2018\/12\/heizteppich-palais-230-v.jpg\" alt=\"heizteppich-palais-230-v\" width=\"300\" height=\"200\" \/><\/a><\/center><\/p>\n<p style=\"text-align: justify;\">Bei der Wahl des Stellplatzes achten Sie auf festen Untergrund. Sollte es regnen oder zu einer Schneeschmelze kommen, sind Sie auf der sicheren Seite. Campingpl\u00e4tze, die \u00fcber die Weihnachtsferien ge\u00f6ffnet haben, sind teilweise sehr gefragt. Reservieren Sie daher ein paar Wochen im Voraus.<\/p>\n<h2>Weihnachten im Wohnmobil: Beispieltour durchs Elsass<\/h2>\n<p style=\"text-align: justify;\">Hier finden Sie ein paar Eckdaten f\u00fcr eine Tour \u00fcber die Weihnachtsm\u00e4rkte im Elsass und f\u00fcr das Wintercamping in den Vogesen. Alle angegebenen Campingpl\u00e4tze haben auch im Winter ge\u00f6ffnet. Lernen Sie die Welt am Fuss der Vogesen zu einer eher ungew\u00f6hnlichen Jahreszeit kennen.<\/p>\n<figure id=\"attachment_5743\" aria-describedby=\"caption-attachment-5743\" style=\"width: 600px\" class=\"wp-caption aligncenter\"><img loading=\"lazy\" decoding=\"async\" class=\"wp-image-5743 size-full\" title=\"Der Weihnachtsmarkt in Colmar ist ein Highlight\" src=\"https:\/\/www.schlanser.ch\/magazin\/wp-content\/uploads\/2018\/12\/Weihnachtsmarkt-in-Colmar.jpg\" alt=\"Weihnachtsmarkt in Colmar\" width=\"600\" height=\"360\" srcset=\"https:\/\/www.schlanser.ch\/magazin\/wp-content\/uploads\/2018\/12\/Weihnachtsmarkt-in-Colmar.jpg 600w, https:\/\/www.schlanser.ch\/magazin\/wp-content\/uploads\/2018\/12\/Weihnachtsmarkt-in-Colmar-300x180.jpg 300w\" sizes=\"(max-width: 600px) 100vw, 600px\" \/><figcaption id=\"caption-attachment-5743\" class=\"wp-caption-text\">\u00a9 Alexi Tauzin \/ Fotolia.com<\/figcaption><\/figure>\n<p style=\"text-align: justify;\">In diesem Landstrich finden Sie eine gelungene Mischung aus lebhaften Weihnachtsm\u00e4rkten und friedlicher, bezaubernder Natur. Viele M\u00e4rkte \u00f6ffnen bereits im November ihre T\u00fcren oder bleiben bis Silvester bestehen. Die Tour bietet sich also auch zu anderen Tagen im Dezember an, falls Sie die Feiertage lieber zu Hause begehen m\u00f6chten.<\/p>\n<h3>Haut-Rhin<\/h3>\n<p style=\"text-align: justify;\">Ein praktischer Ausgangspunkt f\u00fcr Weihnachten im Wohnmobil ist der &#8222;Parc la Chaumi\u00e8re&#8220; in Heimsbrunn. Das kleine Dorf ist idyllisch in der N\u00e4he der gr\u00f6sseren Stadt Mulhouse gelegen. Fahren Sie bei Basel \u00fcber die Grenze, sind sie sofort da. Erkunden Sie von dort aus den Weihnachtsmarkt in Mulhouse. Seine spezielle Dekoration aus Licht und Stoffen wird jedes Jahr neu designt. Am 25.12. macht er Weihnachtspause. Daf\u00fcr hat der gem\u00fctliche Markt von Thann durchgehend bis 31.12. ge\u00f6ffnet. Auch er ist gut von Heimsbrunn aus zu erreichen.<\/p>\n<figure id=\"attachment_5733\" aria-describedby=\"caption-attachment-5733\" style=\"width: 600px\" class=\"wp-caption aligncenter\"><img loading=\"lazy\" decoding=\"async\" class=\"wp-image-5733 size-full\" title=\"Weihnachtsmarkt in Mulhouse\" src=\"https:\/\/www.schlanser.ch\/magazin\/wp-content\/uploads\/2018\/12\/Weihnachtsmarkt-in-Mulhouse.jpg\" alt=\"Weihnachtsmarkt in Mulhouse\" width=\"600\" height=\"400\" srcset=\"https:\/\/www.schlanser.ch\/magazin\/wp-content\/uploads\/2018\/12\/Weihnachtsmarkt-in-Mulhouse.jpg 600w, https:\/\/www.schlanser.ch\/magazin\/wp-content\/uploads\/2018\/12\/Weihnachtsmarkt-in-Mulhouse-300x200.jpg 300w\" sizes=\"(max-width: 600px) 100vw, 600px\" \/><figcaption id=\"caption-attachment-5733\" class=\"wp-caption-text\">\u00a9 Guillaume FREY \/ Fotolia.com<\/figcaption><\/figure>\n<p style=\"text-align: justify;\">Eine zweite Station k\u00f6nnte &#8222;Les Moraines&#8220; in Orbey sein. Die beheizten Sanit\u00e4ranlagen des Campingplatzes sorgen auch im Winter f\u00fcr ausreichend Komfort. Von hier aus erreichen Sie bequem die Weihnachtsm\u00e4rkte in Munster, Colmar und Kaysersberg. Letzterer hat in der Region einen ganz besonderen Ruf wegen des wundersch\u00f6nen Kunsthandwerks an zahlreichen Verkaufsbuden.<\/p>\n<p style=\"text-align: justify;\">Wer es lieber ruhig und besinnlich mag, kann sich nach Sainte-Marie-aux-Mines zur\u00fcckziehen. Der Platz &#8222;Les Reflets du Val d&#8217;Argent&#8220; liegt beschaulich inmitten von bewaldeten H\u00fcgeln, die im Dezember oft mit Schnee gepudert sind.<\/p>\n<figure id=\"attachment_5738\" aria-describedby=\"caption-attachment-5738\" style=\"width: 600px\" class=\"wp-caption aligncenter\"><img loading=\"lazy\" decoding=\"async\" class=\"wp-image-5738 size-full\" title=\"H\u00e4user in Ribeauville und das Schloss Saint Ulrich\" src=\"https:\/\/www.schlanser.ch\/magazin\/wp-content\/uploads\/2018\/12\/Haeuser-in-Ribeauville-und-das-Schloss-Saint-Ulrich.jpg\" alt=\"Haeuser in Ribeauville und das Schloss Saint Ulrich\" width=\"600\" height=\"398\" srcset=\"https:\/\/www.schlanser.ch\/magazin\/wp-content\/uploads\/2018\/12\/Haeuser-in-Ribeauville-und-das-Schloss-Saint-Ulrich.jpg 600w, https:\/\/www.schlanser.ch\/magazin\/wp-content\/uploads\/2018\/12\/Haeuser-in-Ribeauville-und-das-Schloss-Saint-Ulrich-300x199.jpg 300w, https:\/\/www.schlanser.ch\/magazin\/wp-content\/uploads\/2018\/12\/Haeuser-in-Ribeauville-und-das-Schloss-Saint-Ulrich-310x205.jpg 310w\" sizes=\"(max-width: 600px) 100vw, 600px\" \/><figcaption id=\"caption-attachment-5738\" class=\"wp-caption-text\">\u00a9 Leonid Andronov \/ Fotolia.com<\/figcaption><\/figure>\n<p style=\"text-align: justify;\">Einen Tagesausflug ist der mittelalterliche Weihnachtsmarkt von Ribeauville wert. Der Besucher f\u00fchlt sich hier um Jahrhunderte zur\u00fcckversetzt. Zwischen Gauklern, Bettlern und T\u00e4nzergruppen servieren kost\u00fcmierte Verk\u00e4ufer Wildschwein am Spiess und andere Delikatessen.<\/p>\n<h3>Bas-Rhin<\/h3>\n<p style=\"text-align: justify;\">Im n\u00f6rdlichen Elsass empf\u00e4ngt Sie auch im Winter der Campingplatz von Obernai. Schlagen Sie hier am Fusse des Saint Odile Ihr Lager auf und bummeln Sie gem\u00fctlich \u00fcber den \u00f6rtlichen Weihnachtsmarkt. Alternativ ziehen Sie direkt in die grosse Stadt.<\/p>\n<figure id=\"attachment_5728\" aria-describedby=\"caption-attachment-5728\" style=\"width: 600px\" class=\"wp-caption aligncenter\"><img loading=\"lazy\" decoding=\"async\" class=\"wp-image-5728 size-full\" title=\"Weihnachtsmarkt in Strassburg\" src=\"https:\/\/www.schlanser.ch\/magazin\/wp-content\/uploads\/2018\/12\/Weihnachtsmarkt-in-Strassburg.jpg\" alt=\"Weihnachtsmarkt in Strassburg\" width=\"600\" height=\"358\" srcset=\"https:\/\/www.schlanser.ch\/magazin\/wp-content\/uploads\/2018\/12\/Weihnachtsmarkt-in-Strassburg.jpg 600w, https:\/\/www.schlanser.ch\/magazin\/wp-content\/uploads\/2018\/12\/Weihnachtsmarkt-in-Strassburg-300x179.jpg 300w\" sizes=\"(max-width: 600px) 100vw, 600px\" \/><figcaption id=\"caption-attachment-5728\" class=\"wp-caption-text\">\u00a9 Alexi Tauzin \/ Fotolia.com<\/figcaption><\/figure>\n<p style=\"text-align: justify;\">Auf dem &#8222;La Montagne Verte&#8220; sind Sie nur 3 km vom Zentrum Strasbourgs entfernt. Dort verteilt sich \u00fcber mehrere Gassen und Pl\u00e4tze der &#8222;Christkindelsm\u00e4rik&#8220;. Bereits seit 1570 gibt es diesen Weihnachtsmarkt! Spektakul\u00e4r ist nat\u00fcrlich der Platz rund um das M\u00fcnster. Mit etwas Gl\u00fcck geraten Sie hier zuf\u00e4llig in eines der vielen Weihnachtskonzerte. So wird Weihnachten im Wohnmobil zum Fest!<\/p>\n<h2>Die richtige Stimmung an Weihnachten<\/h2>\n<p style=\"text-align: justify;\">Weihnachtsferien auf dem Campingplatz k\u00f6nnen genauso stimmungsvoll sein wie daheim. Die Dekoration ist zu Weihnachten im Wohnmobil auf kleinem Raum vielleicht weniger, kommt daf\u00fcr aber besser zur Geltung. Befestigen Sie eine Lichterkette um das Fenster, stellen Sie ein weihnachtliches Gesteck auf den Tisch und h\u00e4ngen Sie Weihnachtsmann und Engelchen an die Schrankt\u00fcren. Wenn dann noch weihnachtliche Musik aus der Anlage kommt, ist der Abend perfekt.<\/p>\n<p><center><a href=\"https:\/\/www.schlanser.ch\/haushalt\/camping-geschirr\/glaeser-becher-tassen\/245994\/emsa-travel-mug-isolierbecher-quick-press-360-ml-schwarz\" class=\"broken_link\"><img loading=\"lazy\" decoding=\"async\" class=\"alignnone wp-image-15664\" title=\"EMSA Travel Mug Isolierbecher Quick Press 360 ml schwarz\" src=\"https:\/\/www.schlanser.ch\/thumbnail\/fc\/0b\/71\/1674247411\/6e4d0c7bcc8345448cce1c0380e4a269_1820x1820.jpg\" alt=\"EMSA Travel Mug Isolierbecher Quick Press 360 ml schwarz\" width=\"332\" height=\"326\" \/><\/a>\u00a0 \u00a0 \u00a0 \u00a0 \u00a0<a href=\"https:\/\/www.schlanser.ch\/haushalt\/camping-geschirr\/thermoflaschen-thermokannen\/243198\/stanley-adventure-stacking-pint-vakuumisolierter-becher-470-ml-hammertone-gruen\"><img loading=\"lazy\" decoding=\"async\" class=\"alignnone wp-image-15665\" title=\"Stanley Adventure Stacking Pint vakuumisolierter Becher\" src=\"https:\/\/www.schlanser.ch\/media\/04\/3b\/d7\/1674453276\/502bea97ab754ec491638a910a30742b.jpg\" alt=\"Stanley Adventure Stacking Pint vakuumisolierter Becher\" width=\"232\" height=\"326\" \/><\/a>\u00a0<\/center><\/p>\n<p style=\"text-align: justify;\">Wom\u00f6glich finden Sie sogar Platznachbarn, die gerne gemeinsam mit Ihnen ein paar Weihnachtslieder anstimmen m\u00f6chten. F\u00fcr ein besonderes Aroma sorgen frische Tannenzweige, die Sie auf einem Winterspaziergang sammeln und im Wohnraum drapieren. Vergessen Sie nicht, eine Thermoskanne voll Tee oder Grog auf die Wanderung mitzunehmen. F\u00fcr kurze Strecken oder Einzelpersonen tut es auch der praktische Thermobecher.<\/p>\n<p><a href=\"https:\/\/www.schlanser.ch\/haushalt\/haushaltsgeraete\/kochgeraete-sonstiges\/221023\/raclette-fuer-4-personen\"><img loading=\"lazy\" decoding=\"async\" class=\"aligncenter wp-image-5772 size-full\" title=\"Raclette f\u00fcr vier Personen\" src=\"https:\/\/www.schlanser.ch\/magazin\/wp-content\/uploads\/2018\/12\/raclette.jpg\" alt=\"raclette\" width=\"500\" height=\"300\" srcset=\"https:\/\/www.schlanser.ch\/magazin\/wp-content\/uploads\/2018\/12\/raclette.jpg 500w, https:\/\/www.schlanser.ch\/magazin\/wp-content\/uploads\/2018\/12\/raclette-300x180.jpg 300w\" sizes=\"(max-width: 500px) 100vw, 500px\" \/><\/a><\/p>\n<p style=\"text-align: justify;\">Das Weihnachtsessen sollten Sie vorher genau planen. Auf zwei Flammen l\u00e4sst sich ein tolles Men\u00fc zaubern, wenn es gut koordiniert ist. Statt einen alleine kochen zu lassen, k\u00f6nnten Sie auch die Nachbarn zu einem Raclette einladen. Gehen Sie vorher sicher, dass Sie ausreichend Sch\u00fcsseln, Brettchen, Teller und scharfe Messer dabeihaben. Dann bereitet sich jeder selbst das zu, was ihm am besten schmeckt. Selbst unter dem leichten Melamingeschirr finden sich festlich anmutende Motive.<\/p>\n<p><img loading=\"lazy\" decoding=\"async\" class=\"aligncenter wp-image-5782 size-full\" title=\"Berger Melamin Geschirr-Set Fiori | 16-tlg.\" src=\"https:\/\/www.schlanser.ch\/magazin\/wp-content\/uploads\/2018\/12\/berger-melamin-geschirr-set-fiori-16-tlg.jpg\" alt=\"berger-melamin-geschirr-set-fiori-16-tlg\" width=\"600\" height=\"375\" srcset=\"https:\/\/www.schlanser.ch\/magazin\/wp-content\/uploads\/2018\/12\/berger-melamin-geschirr-set-fiori-16-tlg.jpg 600w, https:\/\/www.schlanser.ch\/magazin\/wp-content\/uploads\/2018\/12\/berger-melamin-geschirr-set-fiori-16-tlg-300x188.jpg 300w\" sizes=\"(max-width: 600px) 100vw, 600px\" \/><\/p>\n<p style=\"text-align: justify;\">Wein- und Sektgl\u00e4ser von GSI sind stabil und dank abnehmbarem Stiel gut zu verstauen. Auf dem Festtagstisch wirken sie trotzdem wie echte Gl\u00e4ser.<\/p>\n<p><center><a href=\"https:\/\/www.schlanser.ch\/haushalt\/camping-geschirr\/glaeser-becher-tassen\/187645\/gsi-rotweinglaeser-400-ml-2er-set\"><img loading=\"lazy\" decoding=\"async\" class=\"alignnone wp-image-5776 \" title=\"GSI Rotweingl\u00e4ser | 2er Set\" src=\"https:\/\/www.schlanser.ch\/magazin\/wp-content\/uploads\/2018\/12\/gsi-rotweinglaeser-2er-set.jpg\" alt=\"gsi-rotweinglaeser-2er-set\" width=\"295\" height=\"308\" \/><\/a>\u00a0 \u00a0 \u00a0 \u00a0 \u00a0 \u00a0 \u00a0 <img loading=\"lazy\" decoding=\"async\" class=\"alignnone wp-image-5777 \" title=\"GSI Sektgl\u00e4ser | 2er Set\" src=\"https:\/\/www.schlanser.ch\/magazin\/wp-content\/uploads\/2018\/12\/gsi-sektglaeser-2er-set.jpg\" alt=\"gsi-sektglaeser-2er-set\" width=\"192\" height=\"318\" \/><\/center><\/p>\n<p style=\"text-align: justify;\">Probieren Sie es einfach mal aus! Bei Weihnachten im Wohnmobil haben Sie viele M\u00f6glichkeiten und m\u00fcssen auf nichts verzichten.<\/p>\n","protected":false},"excerpt":{"rendered":"<p>\u00ab Heiligabend auf 8 m\u00b2 \u00bb Schneeflocken tanzen vor dem Fenster. Sie sitzen gem\u00fctlich bei gutem Essen mit einem leckeren Tropfen am Tisch und lassen den Blick in die Ferne schweifen. Im Hintergrund l\u00e4uft dezente Weihnachtsmusik und Sie geniessen die Ruhe. Genau so kann Weihnachten zu Hause, aber auch auf Reisen im Wohnwagen oder Wohnmobil &hellip;<\/p>\n","protected":false},"author":1,"featured_media":5788,"comment_status":"closed","ping_status":"open","sticky":false,"template":"","format":"standard","meta":{"footnotes":""},"categories":[2],"tags":[755,754,38,756,751,753,80,25,326,736,620,758,718,750,752,757,477,296],"yoast_head":"<!-- This site is optimized with the Yoast SEO plugin v22.2 - https:\/\/yoast.com\/wordpress\/plugins\/seo\/ -->\n<title>Weihnachten im Wohnmobil - Schlanser Magazin<\/title>\n<meta name=\"description\" content=\"Das Schlanser Magazin empfiehlt sch\u00f6ne Touren mit dem Wohnmobil um Weihnachten und die Feiertage! \u2013 So geht Weihnachten im Wohnmobil \u2714\" \/>\n<meta name=\"robots\" content=\"index, follow, max-snippet:-1, max-image-preview:large, max-video-preview:-1\" \/>\n<link rel=\"canonical\" href=\"https:\/\/www.schlanser.ch\/magazin\/weihnachten-wohnmobil\/\" \/>\n<meta property=\"og:locale\" content=\"de_DE\" \/>\n<meta property=\"og:type\" content=\"article\" \/>\n<meta property=\"og:title\" content=\"Weihnachten im Wohnmobil - Schlanser Magazin\" \/>\n<meta property=\"og:description\" content=\"Das Schlanser Magazin empfiehlt sch\u00f6ne Touren mit dem Wohnmobil um Weihnachten und die Feiertage! \u2013 So geht Weihnachten im Wohnmobil \u2714\" \/>\n<meta property=\"og:url\" content=\"https:\/\/www.schlanser.ch\/magazin\/weihnachten-wohnmobil\/\" \/>\n<meta property=\"og:site_name\" content=\"Schlanser Magazin\" \/>\n<meta property=\"article:published_time\" content=\"2018-11-15T13:15:09+00:00\" \/>\n<meta property=\"article:modified_time\" content=\"2024-06-17T16:15:38+00:00\" \/>\n<meta property=\"og:image\" content=\"https:\/\/www.schlanser.ch\/magazin\/wp-content\/uploads\/2018\/12\/Weihnachten-im-Wohnmobil.jpg\" \/>\n\t<meta property=\"og:image:width\" content=\"800\" \/>\n\t<meta property=\"og:image:height\" content=\"533\" \/>\n\t<meta property=\"og:image:type\" content=\"image\/jpeg\" \/>\n<meta name=\"author\" content=\"admin\" \/>\n<meta name=\"twitter:card\" content=\"summary_large_image\" \/>\n<meta name=\"twitter:label1\" content=\"Verfasst von\" \/>\n\t<meta name=\"twitter:data1\" content=\"admin\" \/>\n\t<meta name=\"twitter:label2\" content=\"Gesch\u00e4tzte Lesezeit\" \/>\n\t<meta name=\"twitter:data2\" content=\"11 Minuten\" \/>\n<script type=\"application\/ld+json\" class=\"yoast-schema-graph\">{\"@context\":\"https:\/\/schema.org\",\"@graph\":[{\"@type\":\"WebPage\",\"@id\":\"https:\/\/www.schlanser.ch\/magazin\/weihnachten-wohnmobil\/\",\"url\":\"https:\/\/www.schlanser.ch\/magazin\/weihnachten-wohnmobil\/\",\"name\":\"Weihnachten im Wohnmobil - Schlanser Magazin\",\"isPartOf\":{\"@id\":\"https:\/\/www.schlanser.ch\/magazin\/#website\"},\"primaryImageOfPage\":{\"@id\":\"https:\/\/www.schlanser.ch\/magazin\/weihnachten-wohnmobil\/#primaryimage\"},\"image\":{\"@id\":\"https:\/\/www.schlanser.ch\/magazin\/weihnachten-wohnmobil\/#primaryimage\"},\"thumbnailUrl\":\"https:\/\/www.schlanser.ch\/magazin\/wp-content\/uploads\/2018\/12\/Weihnachten-im-Wohnmobil.jpg\",\"datePublished\":\"2018-11-15T13:15:09+00:00\",\"dateModified\":\"2024-06-17T16:15:38+00:00\",\"author\":{\"@id\":\"https:\/\/www.schlanser.ch\/magazin\/#\/schema\/person\/000db0a103eb2594ba3daf394b1dfea2\"},\"description\":\"Das Schlanser Magazin empfiehlt sch\u00f6ne Touren mit dem Wohnmobil um Weihnachten und die Feiertage! \u2013 So geht Weihnachten im Wohnmobil \u2714\",\"breadcrumb\":{\"@id\":\"https:\/\/www.schlanser.ch\/magazin\/weihnachten-wohnmobil\/#breadcrumb\"},\"inLanguage\":\"de-DE\",\"potentialAction\":[{\"@type\":\"ReadAction\",\"target\":[\"https:\/\/www.schlanser.ch\/magazin\/weihnachten-wohnmobil\/\"]}]},{\"@type\":\"ImageObject\",\"inLanguage\":\"de-DE\",\"@id\":\"https:\/\/www.schlanser.ch\/magazin\/weihnachten-wohnmobil\/#primaryimage\",\"url\":\"https:\/\/www.schlanser.ch\/magazin\/wp-content\/uploads\/2018\/12\/Weihnachten-im-Wohnmobil.jpg\",\"contentUrl\":\"https:\/\/www.schlanser.ch\/magazin\/wp-content\/uploads\/2018\/12\/Weihnachten-im-Wohnmobil.jpg\",\"width\":800,\"height\":533,\"caption\":\"\u00a9 alesmunt \/ Fotolia.com\"},{\"@type\":\"BreadcrumbList\",\"@id\":\"https:\/\/www.schlanser.ch\/magazin\/weihnachten-wohnmobil\/#breadcrumb\",\"itemListElement\":[{\"@type\":\"ListItem\",\"position\":1,\"name\":\"Startseite\",\"item\":\"https:\/\/www.schlanser.ch\/magazin\/\"},{\"@type\":\"ListItem\",\"position\":2,\"name\":\"Weihnachten im Wohnmobil\"}]},{\"@type\":\"WebSite\",\"@id\":\"https:\/\/www.schlanser.ch\/magazin\/#website\",\"url\":\"https:\/\/www.schlanser.ch\/magazin\/\",\"name\":\"Schlanser Magazin\",\"description\":\"\",\"potentialAction\":[{\"@type\":\"SearchAction\",\"target\":{\"@type\":\"EntryPoint\",\"urlTemplate\":\"https:\/\/www.schlanser.ch\/magazin\/?s={search_term_string}\"},\"query-input\":\"required name=search_term_string\"}],\"inLanguage\":\"de-DE\"},{\"@type\":\"Person\",\"@id\":\"https:\/\/www.schlanser.ch\/magazin\/#\/schema\/person\/000db0a103eb2594ba3daf394b1dfea2\",\"name\":\"admin\",\"image\":{\"@type\":\"ImageObject\",\"inLanguage\":\"de-DE\",\"@id\":\"https:\/\/www.schlanser.ch\/magazin\/#\/schema\/person\/image\/\",\"url\":\"https:\/\/secure.gravatar.com\/avatar\/a794a4fe8a9b9c52241597eb381dfa2e?s=96&d=mm&r=g\",\"contentUrl\":\"https:\/\/secure.gravatar.com\/avatar\/a794a4fe8a9b9c52241597eb381dfa2e?s=96&d=mm&r=g\",\"caption\":\"admin\"}}]}<\/script>\n<!-- \/ Yoast SEO plugin. -->","yoast_head_json":{"title":"Weihnachten im Wohnmobil - Schlanser Magazin","description":"Das Schlanser Magazin empfiehlt sch\u00f6ne Touren mit dem Wohnmobil um Weihnachten und die Feiertage! \u2013 So geht Weihnachten im Wohnmobil \u2714","robots":{"index":"index","follow":"follow","max-snippet":"max-snippet:-1","max-image-preview":"max-image-preview:large","max-video-preview":"max-video-preview:-1"},"canonical":"https:\/\/www.schlanser.ch\/magazin\/weihnachten-wohnmobil\/","og_locale":"de_DE","og_type":"article","og_title":"Weihnachten im Wohnmobil - Schlanser Magazin","og_description":"Das Schlanser Magazin empfiehlt sch\u00f6ne Touren mit dem Wohnmobil um Weihnachten und die Feiertage! \u2013 So geht Weihnachten im Wohnmobil \u2714","og_url":"https:\/\/www.schlanser.ch\/magazin\/weihnachten-wohnmobil\/","og_site_name":"Schlanser Magazin","article_published_time":"2018-11-15T13:15:09+00:00","article_modified_time":"2024-06-17T16:15:38+00:00","og_image":[{"width":800,"height":533,"url":"https:\/\/www.schlanser.ch\/magazin\/wp-content\/uploads\/2018\/12\/Weihnachten-im-Wohnmobil.jpg","type":"image\/jpeg"}],"author":"admin","twitter_card":"summary_large_image","twitter_misc":{"Verfasst von":"admin","Gesch\u00e4tzte Lesezeit":"11 Minuten"},"schema":{"@context":"https:\/\/schema.org","@graph":[{"@type":"WebPage","@id":"https:\/\/www.schlanser.ch\/magazin\/weihnachten-wohnmobil\/","url":"https:\/\/www.schlanser.ch\/magazin\/weihnachten-wohnmobil\/","name":"Weihnachten im Wohnmobil - Schlanser Magazin","isPartOf":{"@id":"https:\/\/www.schlanser.ch\/magazin\/#website"},"primaryImageOfPage":{"@id":"https:\/\/www.schlanser.ch\/magazin\/weihnachten-wohnmobil\/#primaryimage"},"image":{"@id":"https:\/\/www.schlanser.ch\/magazin\/weihnachten-wohnmobil\/#primaryimage"},"thumbnailUrl":"https:\/\/www.schlanser.ch\/magazin\/wp-content\/uploads\/2018\/12\/Weihnachten-im-Wohnmobil.jpg","datePublished":"2018-11-15T13:15:09+00:00","dateModified":"2024-06-17T16:15:38+00:00","author":{"@id":"https:\/\/www.schlanser.ch\/magazin\/#\/schema\/person\/000db0a103eb2594ba3daf394b1dfea2"},"description":"Das Schlanser Magazin empfiehlt sch\u00f6ne Touren mit dem Wohnmobil um Weihnachten und die Feiertage! \u2013 So geht Weihnachten im Wohnmobil \u2714","breadcrumb":{"@id":"https:\/\/www.schlanser.ch\/magazin\/weihnachten-wohnmobil\/#breadcrumb"},"inLanguage":"de-DE","potentialAction":[{"@type":"ReadAction","target":["https:\/\/www.schlanser.ch\/magazin\/weihnachten-wohnmobil\/"]}]},{"@type":"ImageObject","inLanguage":"de-DE","@id":"https:\/\/www.schlanser.ch\/magazin\/weihnachten-wohnmobil\/#primaryimage","url":"https:\/\/www.schlanser.ch\/magazin\/wp-content\/uploads\/2018\/12\/Weihnachten-im-Wohnmobil.jpg","contentUrl":"https:\/\/www.schlanser.ch\/magazin\/wp-content\/uploads\/2018\/12\/Weihnachten-im-Wohnmobil.jpg","width":800,"height":533,"caption":"\u00a9 alesmunt \/ Fotolia.com"},{"@type":"BreadcrumbList","@id":"https:\/\/www.schlanser.ch\/magazin\/weihnachten-wohnmobil\/#breadcrumb","itemListElement":[{"@type":"ListItem","position":1,"name":"Startseite","item":"https:\/\/www.schlanser.ch\/magazin\/"},{"@type":"ListItem","position":2,"name":"Weihnachten im Wohnmobil"}]},{"@type":"WebSite","@id":"https:\/\/www.schlanser.ch\/magazin\/#website","url":"https:\/\/www.schlanser.ch\/magazin\/","name":"Schlanser Magazin","description":"","potentialAction":[{"@type":"SearchAction","target":{"@type":"EntryPoint","urlTemplate":"https:\/\/www.schlanser.ch\/magazin\/?s={search_term_string}"},"query-input":"required name=search_term_string"}],"inLanguage":"de-DE"},{"@type":"Person","@id":"https:\/\/www.schlanser.ch\/magazin\/#\/schema\/person\/000db0a103eb2594ba3daf394b1dfea2","name":"admin","image":{"@type":"ImageObject","inLanguage":"de-DE","@id":"https:\/\/www.schlanser.ch\/magazin\/#\/schema\/person\/image\/","url":"https:\/\/secure.gravatar.com\/avatar\/a794a4fe8a9b9c52241597eb381dfa2e?s=96&d=mm&r=g","contentUrl":"https:\/\/secure.gravatar.com\/avatar\/a794a4fe8a9b9c52241597eb381dfa2e?s=96&d=mm&r=g","caption":"admin"}}]}},"_links":{"self":[{"href":"https:\/\/www.schlanser.ch\/magazin\/wp-json\/wp\/v2\/posts\/5724"}],"collection":[{"href":"https:\/\/www.schlanser.ch\/magazin\/wp-json\/wp\/v2\/posts"}],"about":[{"href":"https:\/\/www.schlanser.ch\/magazin\/wp-json\/wp\/v2\/types\/post"}],"author":[{"embeddable":true,"href":"https:\/\/www.schlanser.ch\/magazin\/wp-json\/wp\/v2\/users\/1"}],"replies":[{"embeddable":true,"href":"https:\/\/www.schlanser.ch\/magazin\/wp-json\/wp\/v2\/comments?post=5724"}],"version-history":[{"count":69,"href":"https:\/\/www.schlanser.ch\/magazin\/wp-json\/wp\/v2\/posts\/5724\/revisions"}],"predecessor-version":[{"id":18050,"href":"https:\/\/www.schlanser.ch\/magazin\/wp-json\/wp\/v2\/posts\/5724\/revisions\/18050"}],"wp:featuredmedia":[{"embeddable":true,"href":"https:\/\/www.schlanser.ch\/magazin\/wp-json\/wp\/v2\/media\/5788"}],"wp:attachment":[{"href":"https:\/\/www.schlanser.ch\/magazin\/wp-json\/wp\/v2\/media?parent=5724"}],"wp:term":[{"taxonomy":"category","embeddable":true,"href":"https:\/\/www.schlanser.ch\/magazin\/wp-json\/wp\/v2\/categories?post=5724"},{"taxonomy":"post_tag","embeddable":true,"href":"https:\/\/www.schlanser.ch\/magazin\/wp-json\/wp\/v2\/tags?post=5724"}],"curies":[{"name":"wp","href":"https:\/\/api.w.org\/{rel}","templated":true}]}}