{"id":6072,"date":"2019-01-03T11:53:49","date_gmt":"2019-01-03T10:53:49","guid":{"rendered":"https:\/\/www.schlanser.ch\/magazin\/?p=6072"},"modified":"2024-01-10T14:51:52","modified_gmt":"2024-01-10T13:51:52","slug":"vorzelt-einrichten","status":"publish","type":"post","link":"https:\/\/www.schlanser.ch\/magazin\/vorzelt-einrichten\/","title":{"rendered":"Vorzelt einrichten"},"content":{"rendered":"<h2>\u00ab Alles was ein Camper am Tag braucht auf 10 m\u00b2 \u00bb<\/h2>\n<p style=\"text-align: justify;\"><strong>Ein <\/strong><a href=\"https:\/\/www.schlanser.ch\/zelte\/vorzelte\/\"><strong>Vorzelt<\/strong><\/a><strong> einrichten erfordert ein Abw\u00e4gen zwischen W\u00fcnschen und M\u00f6glichkeiten bei der Nutzung. Die Art des Campings entscheidet beim Einrichten mit. F\u00fcr Dauercamper spielt das Gewicht eine untergeordnete Rolle. Mobile Camper sind auf leicht verstaubare Ausr\u00fcstung angewiesen. Weil die Anforderungen divers sind, existieren immer mindestens zwei L\u00f6sungen beim Vorzelt einrichten.<\/strong><\/p>\n<h2>Die Campingk\u00fcche<\/h2>\n<p style=\"text-align: justify;\">Camper grillieren gern, doch sie kultivieren auch andere Techniken der Nahrungsmittelzubereitung. Das f\u00fchrt beim Vorzelt einrichten fast zwangsl\u00e4ufig zu \u00dcberlegungen zum Kochen. Weil der Essensgeruch noch stundenlang in der Luft h\u00e4ngt, bevorzugen die meisten Camper das Kochen im Vorzelt, obwohl im Wohnwagen eine Kochgelegenheit vorhanden ist. Der Campingkocher f\u00fcrs Trekking reicht dann nicht mehr aus. Sie k\u00f6nnen stattdessen Tischger\u00e4te verwenden. Die sind mit zwei bis vier Flammen erh\u00e4ltlich, um auch anspruchsvolle Gerichte zuzubereiten. Die Kocher verwenden Campinggas. Alternativ verwenden Sie einen vergleichbaren elektrischen Kocher.<\/p>\n<p><img loading=\"lazy\" decoding=\"async\" class=\"aligncenter wp-image-6078 size-full\" title=\"Berger 3-flammiger Gaskocher\" src=\"https:\/\/www.schlanser.ch\/magazin\/wp-content\/uploads\/2019\/01\/Berger-3-flammiger-Gaskocher.jpg\" alt=\"Berger 3-flammiger Gaskocher\" width=\"500\" height=\"333\" srcset=\"https:\/\/www.schlanser.ch\/magazin\/wp-content\/uploads\/2019\/01\/Berger-3-flammiger-Gaskocher.jpg 500w, https:\/\/www.schlanser.ch\/magazin\/wp-content\/uploads\/2019\/01\/Berger-3-flammiger-Gaskocher-300x200.jpg 300w, https:\/\/www.schlanser.ch\/magazin\/wp-content\/uploads\/2019\/01\/Berger-3-flammiger-Gaskocher-310x205.jpg 310w\" sizes=\"(max-width: 500px) 100vw, 500px\" \/><\/p>\n<p style=\"text-align: justify;\">Bei der dauerhaften Installation k\u00f6nnen Sie Ihre <a href=\"https:\/\/www.schlanser.ch\/haushalt\/\">Campingk\u00fcche<\/a> sogar mit einem alleinstehenden Herd einrichten, der sich von haushaltstypischen Gasherden nur durch die Art seiner Brenner unterscheidet. Die m\u00fcssen f\u00fcr das jeweils verwendete Gas ausgelegt sein. Beim Camping ist dies h\u00e4ufig Propan\/Butan. Dann geniessen Sie zus\u00e4tzlich den Komfort eines Backofens. Wem das zu gross ausf\u00e4llt, erzielt mit Gaskocher und Mini-Backofen ebenfalls beste Kochergebnisse. Eine leckere Pizza gelingt auf jeden Fall und mit dem Camping-Backofen von Omnia backen Sie sogar Kuchen.<\/p>\n<p><img loading=\"lazy\" decoding=\"async\" class=\"aligncenter wp-image-6080 size-full\" title=\"Petromax Raketenofen RF33\" src=\"https:\/\/www.schlanser.ch\/magazin\/wp-content\/uploads\/2019\/01\/Petromax-Raketenofen-RF33.jpg\" alt=\"Petromax Raketenofen RF33\" width=\"600\" height=\"375\" srcset=\"https:\/\/www.schlanser.ch\/magazin\/wp-content\/uploads\/2019\/01\/Petromax-Raketenofen-RF33.jpg 600w, https:\/\/www.schlanser.ch\/magazin\/wp-content\/uploads\/2019\/01\/Petromax-Raketenofen-RF33-300x188.jpg 300w\" sizes=\"(max-width: 600px) 100vw, 600px\" \/><\/p>\n<h2>Vorr\u00e4te und Lagerhaltung<\/h2>\n<p style=\"text-align: justify;\">Reisende und Dauercamper bevorraten sich unterschiedlich: W\u00e4hrend sich die einen mit Nahrungsmitteln einrichten, die auf die Reise und die Kaufm\u00f6glichkeiten am Ferienort abgestimmt sind, planen Dauercamper langfristig. <a href=\"https:\/\/www.schlanser.ch\/moebel\/campingmoebel\/campingschraenke\/\">Vorratsschr\u00e4nke im Vorzelt<\/a> ben\u00f6tigen beide. F\u00fcr den permanenten Einsatz spielt das Gewicht eine untergeordnete Rolle. Feste W\u00e4nde und sicherer Stand ergeben sogar einen guten Unterbau f\u00fcr eine Arbeitsfl\u00e4che in der Campingk\u00fcche.<\/p>\n<p><img loading=\"lazy\" decoding=\"async\" class=\"aligncenter wp-image-6081 size-full\" title=\"Berger Campingk\u00fcche XL\" src=\"https:\/\/www.schlanser.ch\/magazin\/wp-content\/uploads\/2019\/01\/Berger-Campingk\u00fcche-XL.jpg\" alt=\"Berger Campingk\u00fcche XL\" width=\"600\" height=\"369\" srcset=\"https:\/\/www.schlanser.ch\/magazin\/wp-content\/uploads\/2019\/01\/Berger-Campingk\u00fcche-XL.jpg 600w, https:\/\/www.schlanser.ch\/magazin\/wp-content\/uploads\/2019\/01\/Berger-Campingk\u00fcche-XL-300x185.jpg 300w\" sizes=\"(max-width: 600px) 100vw, 600px\" \/><\/p>\n<p style=\"text-align: justify;\">Sie erzielen denselben Effekt, wenn Sie f\u00fcr Reisen ihren Freisitz mit speziellen <a href=\"https:\/\/www.schlanser.ch\/moebel\/campingmoebel\/\">Campingm\u00f6beln<\/a> einrichten, die aus leichtem Material mit standfestem Gestell bestehen. Einmal aufgestellt passt viel hinein. T\u00fcren mit Reissverschluss sch\u00fctzen die Vorr\u00e4te vor Sch\u00e4dlingen und die Vorratsschr\u00e4nke bleiben innen sauber. Nach dieser Bauart sind auch Campingsp\u00fclen erh\u00e4ltlich, die sich demontiert als leicht und bequem verstaubar erweisen. Unterwegs ist das sehr praktisch.<\/p>\n<h2>K\u00fchlen und frischhalten<\/h2>\n<p style=\"text-align: justify;\">Wohl nirgendwo ist das Thema K\u00fchlung so komplex wie beim Camping. Im Sommer kann das K\u00fchlger\u00e4t gar nicht gross genug sein, im Winter verbraucht ein halb gef\u00fcllter K\u00fchlschrank unn\u00f6tig Strom. Die meisten Wohnwagen sind mit K\u00fchler ausgestattet. Entscheidend ist eher die Personenzahl, f\u00fcr die der K\u00fchlschrank frische Lebensmittel bevorraten muss. In der kalten Jahreszeit und f\u00fcr eine Person reicht die <a href=\"https:\/\/www.schlanser.ch\/haushalt\/kuehlung\/camping-kuehlschraenke\/\">K\u00fchlanlage im Caravan<\/a>. Im Sommer und vielen Mitreisenden ist es besser, wenn Sie sich zus\u00e4tzlich mit einer <a href=\"https:\/\/www.schlanser.ch\/haushalt\/kuehlung\/kuehlboxen\/\">K\u00fchlbox mit Absorber oder Kompressor<\/a> einrichten. Dauercamper nutzen h\u00e4ufig ein separates Aufstellger\u00e4t.<\/p>\n<p><img loading=\"lazy\" decoding=\"async\" class=\"aligncenter wp-image-6083 size-full\" title=\"K\u00fchlschrank CRX-65\" src=\"https:\/\/www.schlanser.ch\/magazin\/wp-content\/uploads\/2019\/01\/K\u00fchlschrank-CRX-65.jpg\" alt=\"K\u00fchlschrank CRX-65\" width=\"600\" height=\"276\" srcset=\"https:\/\/www.schlanser.ch\/magazin\/wp-content\/uploads\/2019\/01\/K\u00fchlschrank-CRX-65.jpg 600w, https:\/\/www.schlanser.ch\/magazin\/wp-content\/uploads\/2019\/01\/K\u00fchlschrank-CRX-65-300x138.jpg 300w\" sizes=\"(max-width: 600px) 100vw, 600px\" \/><\/p>\n<h2>Trocken bleiben<\/h2>\n<p style=\"text-align: justify;\">Eine wichtige Funktion des Vorzelts liegt darin, Wetterschutz zu bieten. Es vervielfacht den bewohnbaren Raum bei schlechtem Wetter. Nach langen Regenperioden kann es im Zelt trotzdem zur Feuchtigkeitsansammlung und Matschbildung kommen. F\u00fcr eine kurze Periode reicht ein Camping-Teppich als Schutz aus. Dank der offenporigen Oberfl\u00e4che erholt sich auch der Rasen in kurzer Zeit.<\/p>\n<p style=\"text-align: justify;\">Bei monatelangem Aufenthalt sind flexible B\u00f6den zum Zusammenstecken besser. Sie bringen effektiv Abstand zur Feuchtigkeit. Bewohnerf\u00fcsse und Campingm\u00f6bel werden es Ihnen danken. Eine Folie ist eher ungeeignet, weil der Boden dann nicht mehr atmen kann. Die Feuchtigkeit bleibt im Zelt und es droht Schimmel. Wer im Winter nicht abziehen muss, kann feste L\u00f6sungen mit Gehwegplatten oder Holzbohlen \u00fcberlegen. Mit Teppich bekommt Ihr Vorraum ein wohnliches Aussehen.<\/p>\n<p><img loading=\"lazy\" decoding=\"async\" class=\"aligncenter wp-image-6085 size-full\" title=\"Zeltteppich Berger\" src=\"https:\/\/www.schlanser.ch\/magazin\/wp-content\/uploads\/2019\/01\/Zeltteppich-Berger.jpg\" alt=\"Zeltteppich Berger\" width=\"600\" height=\"413\" srcset=\"https:\/\/www.schlanser.ch\/magazin\/wp-content\/uploads\/2019\/01\/Zeltteppich-Berger.jpg 600w, https:\/\/www.schlanser.ch\/magazin\/wp-content\/uploads\/2019\/01\/Zeltteppich-Berger-300x207.jpg 300w, https:\/\/www.schlanser.ch\/magazin\/wp-content\/uploads\/2019\/01\/Zeltteppich-Berger-110x75.jpg 110w\" sizes=\"(max-width: 600px) 100vw, 600px\" \/><\/p>\n<h2>Stauraum und Aufbewahrung<\/h2>\n<p style=\"text-align: justify;\">Das zelt vorm Wohnwagen ist f\u00fcr die Bewohner ein angenehmer Aufenthaltsort und es kommen Dinge des t\u00e4glichen Gebrauchs unter. Wer Kinder hat, kann ein Lied davon singen, wie wirkungsvoll ein <a href=\"https:\/\/www.schlanser.ch\/haushalt\/camping-haushalt\/sortieren-hakensysteme\/\">Schuhregal<\/a> f\u00fcr die Ordnung ist. Daf\u00fcr reicht ein Teleskopregal, dem Sie beim Einrichten Platz einr\u00e4umen. Schon bleibt der Schmutz draussen. Aufgrund der variablen Breite sind diese Schuhregale genauso beim Innenausbau interessant, wenn sich bei ortstreuen Campern Schuhe f\u00fcr vier Jahreszeiten sammeln. F\u00fcr praktisch alle gr\u00f6sseren und kleineren Dinge beim Camping existieren leichte H\u00e4ngel\u00f6sungen, wie Ordnungssysteme als T\u00fcrh\u00e4nger oder eine Aufbewahrungstasche f\u00fcr Gem\u00fcse oder Obst, die Sie einfach unter das Zeltdach h\u00e4ngen.<\/p>\n<p><img loading=\"lazy\" decoding=\"async\" class=\"aligncenter wp-image-6087 size-full\" title=\"Schuhgestell\" src=\"https:\/\/www.schlanser.ch\/magazin\/wp-content\/uploads\/2019\/01\/Schuhgestell.jpg\" alt=\"Schuhgestell\" width=\"600\" height=\"481\" srcset=\"https:\/\/www.schlanser.ch\/magazin\/wp-content\/uploads\/2019\/01\/Schuhgestell.jpg 600w, https:\/\/www.schlanser.ch\/magazin\/wp-content\/uploads\/2019\/01\/Schuhgestell-300x241.jpg 300w\" sizes=\"(max-width: 600px) 100vw, 600px\" \/><\/p>\n<h2>Sitzgruppe einrichten<\/h2>\n<p style=\"text-align: justify;\">Viele Camper verbringen ihre Stunden gerne vor dem Wohnwagen. Das erfordert einen Tisch und ausreichend Sitzpl\u00e4tze f\u00fcr alle Mitreisenden. W\u00e4hrend Dauercamper sich schon mal eine Lounge-Gruppe ins oder vors Zelt stellen, sind Reisende flexibler. Um Platz zu sparen, greifen Sie zu Ausf\u00fchrungen, die innen- und aussentauglich sind, dazu klappbar und robust. Mit ansprechenden Sitzauflagen komponieren Sie eine behagliche Vorzelteinrichtung auf Campingst\u00fchlen. Setzen Sie f\u00fcr Ihre Campingm\u00f6bel gern auf eine bessere Qualit\u00e4t, um lange Freude daran zu haben.<\/p>\n<h2>Wenn es k\u00fchl wird<\/h2>\n<p style=\"text-align: justify;\">Im Fr\u00fchjahr und Herbst geh\u00f6ren niedrige Nachttemperaturen dazu. Im Winter herrscht Frost. Kein Grund, im Wohnwagen zu sitzen. Mit einer <a href=\"https:\/\/www.schlanser.ch\/fahrzeug\/heizen-kuehlen\/campingheizung-heizstrahler\/\">Vorzeltheizung<\/a> dehnen Sie die Saison sp\u00fcrbar aus. Wenn die Kinder schon schlafen oder vor dem Wohnwagen einfach mehr Platz ist, heizen Sie. Mobile Heizungen wie ein Katalytofen oder eine Infrarotheizung d\u00fcrfen Sie im Vorzelt betreiben. Achten Sie trotzdem darauf, dass gen\u00fcgend Luftaustausch erfolgt. F\u00fcr geschlossene R\u00e4umen sind diese Heizger\u00e4te ungeeignet.<\/p>\n<figure id=\"attachment_6076\" aria-describedby=\"caption-attachment-6076\" style=\"width: 600px\" class=\"wp-caption aligncenter\"><img loading=\"lazy\" decoding=\"async\" class=\"wp-image-6076 size-full\" title=\"Wintercamping\" src=\"https:\/\/www.schlanser.ch\/magazin\/wp-content\/uploads\/2019\/01\/Schnee.jpg\" alt=\"Wintercamping\" width=\"600\" height=\"372\" srcset=\"https:\/\/www.schlanser.ch\/magazin\/wp-content\/uploads\/2019\/01\/Schnee.jpg 600w, https:\/\/www.schlanser.ch\/magazin\/wp-content\/uploads\/2019\/01\/Schnee-300x186.jpg 300w\" sizes=\"(max-width: 600px) 100vw, 600px\" \/><figcaption id=\"caption-attachment-6076\" class=\"wp-caption-text\">\u00a9 Janni \/ Fotolia.com<\/figcaption><\/figure>\n<p style=\"text-align: justify;\"><a href=\"https:\/\/www.schlanser.ch\/fahrzeug\/heizen-kuehlen\/truma-heizungen\/\">Truma<\/a> macht Dauercampern einen weiteren L\u00f6sungsvorschlag. Sie k\u00f6nnen Ihr Vorzelt vom Wohnwagen aus beheizen, indem Sie die Heizw\u00e4rme von innen ins Zelt weiterleiten. Das setzt eine entsprechend dimensionierte Leistung beim Heizger\u00e4t und einige Umbauarbeiten voraus. Wer den Austausch der Heizung in Erw\u00e4gung zieht, achtet wie beim Kocher auf den Brenner. F\u00fcr die Niederlande sind zum Beispiel Campingheizungen f\u00fcr Erdgas verwendbar.<\/p>\n<h2>K\u00fchle N\u00e4chte, kurze Tage<\/h2>\n<p style=\"text-align: justify;\">Licht ist ein wesentlicher Aspekt beim Vorzelt einrichten. Zwischen stimmungsvollem Gaslicht und der elektrischen Beleuchtung liegt meist nur ein Kabel. Geniessen werden es beide Camper-Typen: die Sesshaften wie die Wanderer. Ein Funken Romantik ist schliesslich immer dabei.<\/p>\n","protected":false},"excerpt":{"rendered":"<p>\u00ab Alles was ein Camper am Tag braucht auf 10 m\u00b2 \u00bb Ein Vorzelt einrichten erfordert ein Abw\u00e4gen zwischen W\u00fcnschen und M\u00f6glichkeiten bei der Nutzung. Die Art des Campings entscheidet beim Einrichten mit. F\u00fcr Dauercamper spielt das Gewicht eine untergeordnete Rolle. Mobile Camper sind auf leicht verstaubare Ausr\u00fcstung angewiesen. Weil die Anforderungen divers sind, existieren &hellip;<\/p>\n","protected":false},"author":1,"featured_media":6074,"comment_status":"closed","ping_status":"open","sticky":false,"template":"","format":"standard","meta":{"footnotes":""},"categories":[3],"tags":[201,384,792,377,791],"yoast_head":"<!-- This site is optimized with the Yoast SEO plugin v22.2 - https:\/\/yoast.com\/wordpress\/plugins\/seo\/ -->\n<title>Vorzelt einrichten - Schlanser Magazin<\/title>\n<meta name=\"description\" content=\"Das Schlanser Magazin unterst\u00fctzt Camper beim praktischen Einrichten des Vorzelts! \u2013 Mehr zu \u2714 Campingk\u00fcche \u2714 Stauraum \u2714 Sitzgruppe!\" \/>\n<meta name=\"robots\" content=\"index, follow, max-snippet:-1, max-image-preview:large, max-video-preview:-1\" \/>\n<link rel=\"canonical\" href=\"https:\/\/www.schlanser.ch\/magazin\/vorzelt-einrichten\/\" \/>\n<meta property=\"og:locale\" content=\"de_DE\" \/>\n<meta property=\"og:type\" content=\"article\" \/>\n<meta property=\"og:title\" content=\"Vorzelt einrichten - Schlanser Magazin\" \/>\n<meta property=\"og:description\" content=\"Das Schlanser Magazin unterst\u00fctzt Camper beim praktischen Einrichten des Vorzelts! \u2013 Mehr zu \u2714 Campingk\u00fcche \u2714 Stauraum \u2714 Sitzgruppe!\" \/>\n<meta property=\"og:url\" content=\"https:\/\/www.schlanser.ch\/magazin\/vorzelt-einrichten\/\" \/>\n<meta property=\"og:site_name\" content=\"Schlanser Magazin\" \/>\n<meta property=\"article:published_time\" content=\"2019-01-03T10:53:49+00:00\" \/>\n<meta property=\"article:modified_time\" content=\"2024-01-10T13:51:52+00:00\" \/>\n<meta property=\"og:image\" content=\"https:\/\/www.schlanser.ch\/magazin\/wp-content\/uploads\/2019\/01\/Vorzelt.jpg\" \/>\n\t<meta property=\"og:image:width\" content=\"660\" \/>\n\t<meta property=\"og:image:height\" content=\"439\" \/>\n\t<meta property=\"og:image:type\" content=\"image\/jpeg\" \/>\n<meta name=\"author\" content=\"admin\" \/>\n<meta name=\"twitter:card\" content=\"summary_large_image\" \/>\n<meta name=\"twitter:label1\" content=\"Verfasst von\" \/>\n\t<meta name=\"twitter:data1\" content=\"admin\" \/>\n\t<meta name=\"twitter:label2\" content=\"Gesch\u00e4tzte Lesezeit\" \/>\n\t<meta name=\"twitter:data2\" content=\"5 Minuten\" \/>\n<script type=\"application\/ld+json\" class=\"yoast-schema-graph\">{\"@context\":\"https:\/\/schema.org\",\"@graph\":[{\"@type\":\"WebPage\",\"@id\":\"https:\/\/www.schlanser.ch\/magazin\/vorzelt-einrichten\/\",\"url\":\"https:\/\/www.schlanser.ch\/magazin\/vorzelt-einrichten\/\",\"name\":\"Vorzelt einrichten - Schlanser Magazin\",\"isPartOf\":{\"@id\":\"https:\/\/www.schlanser.ch\/magazin\/#website\"},\"primaryImageOfPage\":{\"@id\":\"https:\/\/www.schlanser.ch\/magazin\/vorzelt-einrichten\/#primaryimage\"},\"image\":{\"@id\":\"https:\/\/www.schlanser.ch\/magazin\/vorzelt-einrichten\/#primaryimage\"},\"thumbnailUrl\":\"https:\/\/www.schlanser.ch\/magazin\/wp-content\/uploads\/2019\/01\/Vorzelt.jpg\",\"datePublished\":\"2019-01-03T10:53:49+00:00\",\"dateModified\":\"2024-01-10T13:51:52+00:00\",\"author\":{\"@id\":\"https:\/\/www.schlanser.ch\/magazin\/#\/schema\/person\/000db0a103eb2594ba3daf394b1dfea2\"},\"description\":\"Das Schlanser Magazin unterst\u00fctzt Camper beim praktischen Einrichten des Vorzelts! \u2013 Mehr zu \u2714 Campingk\u00fcche \u2714 Stauraum \u2714 Sitzgruppe!\",\"breadcrumb\":{\"@id\":\"https:\/\/www.schlanser.ch\/magazin\/vorzelt-einrichten\/#breadcrumb\"},\"inLanguage\":\"de-DE\",\"potentialAction\":[{\"@type\":\"ReadAction\",\"target\":[\"https:\/\/www.schlanser.ch\/magazin\/vorzelt-einrichten\/\"]}]},{\"@type\":\"ImageObject\",\"inLanguage\":\"de-DE\",\"@id\":\"https:\/\/www.schlanser.ch\/magazin\/vorzelt-einrichten\/#primaryimage\",\"url\":\"https:\/\/www.schlanser.ch\/magazin\/wp-content\/uploads\/2019\/01\/Vorzelt.jpg\",\"contentUrl\":\"https:\/\/www.schlanser.ch\/magazin\/wp-content\/uploads\/2019\/01\/Vorzelt.jpg\",\"width\":660,\"height\":439,\"caption\":\"\u00a9 Imaginis \/ Fotolia.com\"},{\"@type\":\"BreadcrumbList\",\"@id\":\"https:\/\/www.schlanser.ch\/magazin\/vorzelt-einrichten\/#breadcrumb\",\"itemListElement\":[{\"@type\":\"ListItem\",\"position\":1,\"name\":\"Startseite\",\"item\":\"https:\/\/www.schlanser.ch\/magazin\/\"},{\"@type\":\"ListItem\",\"position\":2,\"name\":\"Vorzelt einrichten\"}]},{\"@type\":\"WebSite\",\"@id\":\"https:\/\/www.schlanser.ch\/magazin\/#website\",\"url\":\"https:\/\/www.schlanser.ch\/magazin\/\",\"name\":\"Schlanser Magazin\",\"description\":\"\",\"potentialAction\":[{\"@type\":\"SearchAction\",\"target\":{\"@type\":\"EntryPoint\",\"urlTemplate\":\"https:\/\/www.schlanser.ch\/magazin\/?s={search_term_string}\"},\"query-input\":\"required name=search_term_string\"}],\"inLanguage\":\"de-DE\"},{\"@type\":\"Person\",\"@id\":\"https:\/\/www.schlanser.ch\/magazin\/#\/schema\/person\/000db0a103eb2594ba3daf394b1dfea2\",\"name\":\"admin\",\"image\":{\"@type\":\"ImageObject\",\"inLanguage\":\"de-DE\",\"@id\":\"https:\/\/www.schlanser.ch\/magazin\/#\/schema\/person\/image\/\",\"url\":\"https:\/\/secure.gravatar.com\/avatar\/a794a4fe8a9b9c52241597eb381dfa2e?s=96&d=mm&r=g\",\"contentUrl\":\"https:\/\/secure.gravatar.com\/avatar\/a794a4fe8a9b9c52241597eb381dfa2e?s=96&d=mm&r=g\",\"caption\":\"admin\"}}]}<\/script>\n<!-- \/ Yoast SEO plugin. -->","yoast_head_json":{"title":"Vorzelt einrichten - Schlanser Magazin","description":"Das Schlanser Magazin unterst\u00fctzt Camper beim praktischen Einrichten des Vorzelts! \u2013 Mehr zu \u2714 Campingk\u00fcche \u2714 Stauraum \u2714 Sitzgruppe!","robots":{"index":"index","follow":"follow","max-snippet":"max-snippet:-1","max-image-preview":"max-image-preview:large","max-video-preview":"max-video-preview:-1"},"canonical":"https:\/\/www.schlanser.ch\/magazin\/vorzelt-einrichten\/","og_locale":"de_DE","og_type":"article","og_title":"Vorzelt einrichten - Schlanser Magazin","og_description":"Das Schlanser Magazin unterst\u00fctzt Camper beim praktischen Einrichten des Vorzelts! \u2013 Mehr zu \u2714 Campingk\u00fcche \u2714 Stauraum \u2714 Sitzgruppe!","og_url":"https:\/\/www.schlanser.ch\/magazin\/vorzelt-einrichten\/","og_site_name":"Schlanser Magazin","article_published_time":"2019-01-03T10:53:49+00:00","article_modified_time":"2024-01-10T13:51:52+00:00","og_image":[{"width":660,"height":439,"url":"https:\/\/www.schlanser.ch\/magazin\/wp-content\/uploads\/2019\/01\/Vorzelt.jpg","type":"image\/jpeg"}],"author":"admin","twitter_card":"summary_large_image","twitter_misc":{"Verfasst von":"admin","Gesch\u00e4tzte Lesezeit":"5 Minuten"},"schema":{"@context":"https:\/\/schema.org","@graph":[{"@type":"WebPage","@id":"https:\/\/www.schlanser.ch\/magazin\/vorzelt-einrichten\/","url":"https:\/\/www.schlanser.ch\/magazin\/vorzelt-einrichten\/","name":"Vorzelt einrichten - Schlanser Magazin","isPartOf":{"@id":"https:\/\/www.schlanser.ch\/magazin\/#website"},"primaryImageOfPage":{"@id":"https:\/\/www.schlanser.ch\/magazin\/vorzelt-einrichten\/#primaryimage"},"image":{"@id":"https:\/\/www.schlanser.ch\/magazin\/vorzelt-einrichten\/#primaryimage"},"thumbnailUrl":"https:\/\/www.schlanser.ch\/magazin\/wp-content\/uploads\/2019\/01\/Vorzelt.jpg","datePublished":"2019-01-03T10:53:49+00:00","dateModified":"2024-01-10T13:51:52+00:00","author":{"@id":"https:\/\/www.schlanser.ch\/magazin\/#\/schema\/person\/000db0a103eb2594ba3daf394b1dfea2"},"description":"Das Schlanser Magazin unterst\u00fctzt Camper beim praktischen Einrichten des Vorzelts! \u2013 Mehr zu \u2714 Campingk\u00fcche \u2714 Stauraum \u2714 Sitzgruppe!","breadcrumb":{"@id":"https:\/\/www.schlanser.ch\/magazin\/vorzelt-einrichten\/#breadcrumb"},"inLanguage":"de-DE","potentialAction":[{"@type":"ReadAction","target":["https:\/\/www.schlanser.ch\/magazin\/vorzelt-einrichten\/"]}]},{"@type":"ImageObject","inLanguage":"de-DE","@id":"https:\/\/www.schlanser.ch\/magazin\/vorzelt-einrichten\/#primaryimage","url":"https:\/\/www.schlanser.ch\/magazin\/wp-content\/uploads\/2019\/01\/Vorzelt.jpg","contentUrl":"https:\/\/www.schlanser.ch\/magazin\/wp-content\/uploads\/2019\/01\/Vorzelt.jpg","width":660,"height":439,"caption":"\u00a9 Imaginis \/ Fotolia.com"},{"@type":"BreadcrumbList","@id":"https:\/\/www.schlanser.ch\/magazin\/vorzelt-einrichten\/#breadcrumb","itemListElement":[{"@type":"ListItem","position":1,"name":"Startseite","item":"https:\/\/www.schlanser.ch\/magazin\/"},{"@type":"ListItem","position":2,"name":"Vorzelt einrichten"}]},{"@type":"WebSite","@id":"https:\/\/www.schlanser.ch\/magazin\/#website","url":"https:\/\/www.schlanser.ch\/magazin\/","name":"Schlanser Magazin","description":"","potentialAction":[{"@type":"SearchAction","target":{"@type":"EntryPoint","urlTemplate":"https:\/\/www.schlanser.ch\/magazin\/?s={search_term_string}"},"query-input":"required name=search_term_string"}],"inLanguage":"de-DE"},{"@type":"Person","@id":"https:\/\/www.schlanser.ch\/magazin\/#\/schema\/person\/000db0a103eb2594ba3daf394b1dfea2","name":"admin","image":{"@type":"ImageObject","inLanguage":"de-DE","@id":"https:\/\/www.schlanser.ch\/magazin\/#\/schema\/person\/image\/","url":"https:\/\/secure.gravatar.com\/avatar\/a794a4fe8a9b9c52241597eb381dfa2e?s=96&d=mm&r=g","contentUrl":"https:\/\/secure.gravatar.com\/avatar\/a794a4fe8a9b9c52241597eb381dfa2e?s=96&d=mm&r=g","caption":"admin"}}]}},"_links":{"self":[{"href":"https:\/\/www.schlanser.ch\/magazin\/wp-json\/wp\/v2\/posts\/6072"}],"collection":[{"href":"https:\/\/www.schlanser.ch\/magazin\/wp-json\/wp\/v2\/posts"}],"about":[{"href":"https:\/\/www.schlanser.ch\/magazin\/wp-json\/wp\/v2\/types\/post"}],"author":[{"embeddable":true,"href":"https:\/\/www.schlanser.ch\/magazin\/wp-json\/wp\/v2\/users\/1"}],"replies":[{"embeddable":true,"href":"https:\/\/www.schlanser.ch\/magazin\/wp-json\/wp\/v2\/comments?post=6072"}],"version-history":[{"count":16,"href":"https:\/\/www.schlanser.ch\/magazin\/wp-json\/wp\/v2\/posts\/6072\/revisions"}],"predecessor-version":[{"id":17088,"href":"https:\/\/www.schlanser.ch\/magazin\/wp-json\/wp\/v2\/posts\/6072\/revisions\/17088"}],"wp:featuredmedia":[{"embeddable":true,"href":"https:\/\/www.schlanser.ch\/magazin\/wp-json\/wp\/v2\/media\/6074"}],"wp:attachment":[{"href":"https:\/\/www.schlanser.ch\/magazin\/wp-json\/wp\/v2\/media?parent=6072"}],"wp:term":[{"taxonomy":"category","embeddable":true,"href":"https:\/\/www.schlanser.ch\/magazin\/wp-json\/wp\/v2\/categories?post=6072"},{"taxonomy":"post_tag","embeddable":true,"href":"https:\/\/www.schlanser.ch\/magazin\/wp-json\/wp\/v2\/tags?post=6072"}],"curies":[{"name":"wp","href":"https:\/\/api.w.org\/{rel}","templated":true}]}}