{"id":6330,"date":"2019-02-20T13:16:53","date_gmt":"2019-02-20T12:16:53","guid":{"rendered":"https:\/\/www.schlanser.ch\/magazin\/?p=6330"},"modified":"2024-01-10T14:52:11","modified_gmt":"2024-01-10T13:52:11","slug":"wohnwagen-abdecken","status":"publish","type":"post","link":"https:\/\/www.schlanser.ch\/magazin\/wohnwagen-abdecken\/","title":{"rendered":"Wohnwagen abdecken"},"content":{"rendered":"<h2>\u00ab Bodensch\u00fcrzen, Radkastenteile und Co. f\u00fcr mehr Sauberkeit beim Camping \u00bb<\/h2>\n<p style=\"text-align: justify;\"><strong>Das <a href=\"https:\/\/www.schlanser.ch\/\">Zubeh\u00f6r beim Camping<\/a> erscheint Uneingeweihten oft wunderlich. Zum Beispiel <a href=\"https:\/\/www.schlanser.ch\/fahrzeug\/wohnwagen-wohnmobil-zubehoer\/schutzhuellen-planen\/\">Bodensch\u00fcrzen und Radkastenteile<\/a> am Wohnwagen: Handelt es sich um ein verzichtbares Gimmick oder ist es sinnvolles Zubeh\u00f6r? Tragen sie gar zum Werterhalt bei und f\u00f6rdern den Komfort? Hier finden Sie die Antworten.<\/strong><\/p>\n<h2>Ein langer Streifen Plane<\/h2>\n<p style=\"text-align: justify;\">Entlang der Seiten weisen die meisten Caravans eine Kederschiene auf. Ganz \u00e4hnlich wie am Dach des Vorzelts l\u00e4sst sich hier ein langer Streifen wetterfesten Materials einziehen, der anschliessend zu Boden f\u00e4llt und scheinbar weiter nichts bewirkt. Doch die Bodensch\u00fcrze leistet Grossartiges:<\/p>\n<ul style=\"text-align: justify;\">\n<li>sie sch\u00fctzt im <a href=\"https:\/\/www.schlanser.ch\/zelte\/vorzelte\/\">Vorzelt<\/a> vor Zugluft am Boden<\/li>\n<li>h\u00e4lt Staub und Tiere ab<\/li>\n<li>minimiert die Einflugschneise f\u00fcr Insekten<\/li>\n<li>und bildet einen optischen Abschluss<\/li>\n<\/ul>\n<p style=\"text-align: justify;\">Radkastenteile \u00fcberbr\u00fccken den Ausschnitt der Kontur um den Reifen des Wohnwagens. Je nach Wohnwagenhersteller und -modell ist die Kederschiene hier geformt oder sitzt als zweite Profilschiene oberhalb des Radkastens. Messen Sie die L\u00e4nge der Kederschiene, um das Mindestmass f\u00fcr Bodensch\u00fcrze und Radkasten-Abdeckung zu ermitteln. Geben Sie dann einige Zentimeter zu, weil das Material unter Hitze und UV-Strahlung minimal schrumpft.<\/p>\n<p><img loading=\"lazy\" decoding=\"async\" class=\"aligncenter wp-image-6354 size-full\" title=\"Radkastenteil f\u00fcr Einachser | Berger\" src=\"https:\/\/www.schlanser.ch\/magazin\/wp-content\/uploads\/2019\/03\/radkastenteil-fuer-einachser.jpg\" alt=\"radkastenteil-fuer-einachser\" width=\"600\" height=\"600\" srcset=\"https:\/\/www.schlanser.ch\/magazin\/wp-content\/uploads\/2019\/03\/radkastenteil-fuer-einachser.jpg 600w, https:\/\/www.schlanser.ch\/magazin\/wp-content\/uploads\/2019\/03\/radkastenteil-fuer-einachser-150x150.jpg 150w, https:\/\/www.schlanser.ch\/magazin\/wp-content\/uploads\/2019\/03\/radkastenteil-fuer-einachser-300x300.jpg 300w\" sizes=\"(max-width: 600px) 100vw, 600px\" \/><\/p>\n<h2>Komfort im Vorzelt<\/h2>\n<p style=\"text-align: justify;\">Mit Wohnwagen und Vorzelt ist eine neue Ausrichtung M\u00fchsal. Wenn Wind aufkommt, reicht die durch das Vorzelt gesch\u00fctzte Seite nicht mehr aus, um Zugluft zu vermeiden. Aufgewirbelter Schmutz macht sich im Vorzelt breit und bei sinkenden Temperaturen, hilft die Vorzeltheizung kaum noch, wenn die Warmluft unter den Caravan abzieht.<\/p>\n<p style=\"text-align: justify;\">Die so unscheinbar wirkende Bodensch\u00fcrze wertet das Vorzelt zum nahezu geschlossenen Raum auf. Da das Zelt \u00fcber L\u00fcftungen verf\u00fcgt, kann Frischluft zustr\u00f6men und die Verwendung von gasbetriebenen Ger\u00e4ten bleibt unproblematisch. Die Sch\u00fcrze sorgt aber daf\u00fcr, dass die Flamme nicht wegen des Luftzugs erlischt.<\/p>\n<p><img loading=\"lazy\" decoding=\"async\" class=\"aligncenter wp-image-6351 size-full\" title=\"Bodensch\u00fcrze von Hindermann | 400 cm | passend f\u00fcr Tabbert | Fendt (bis 2016) und Wilk\" src=\"https:\/\/www.schlanser.ch\/magazin\/wp-content\/uploads\/2019\/03\/bodenschuerze-400-cm.jpg\" alt=\"bodenschuerze-400-cm\" width=\"600\" height=\"443\" srcset=\"https:\/\/www.schlanser.ch\/magazin\/wp-content\/uploads\/2019\/03\/bodenschuerze-400-cm.jpg 600w, https:\/\/www.schlanser.ch\/magazin\/wp-content\/uploads\/2019\/03\/bodenschuerze-400-cm-300x222.jpg 300w\" sizes=\"(max-width: 600px) 100vw, 600px\" \/><\/p>\n<h2>Nach unten befestigen<\/h2>\n<p style=\"text-align: justify;\">Um Flattern bei Wind zu vermeiden und den Schutz vor Zug weiter zu optimieren, sind gute Bodensch\u00fcrzen am unteren Rad mit einer verst\u00e4rkten Lochung ausgestattet. Mit ein paar einfachen Zeltheringen ist die Sch\u00fcrze schnell befestigt. Streunende Katzen und kleinere Wildtiere haben es jetzt schwerer, ins Vorzelt einzudringen.<\/p>\n<p style=\"text-align: justify;\">Je dichter die Sch\u00fcrze mit den Zeltw\u00e4nden abschliesst, desto besser ist sogar der Schutz vor Insekten. Denen reicht zwar schon die kleinste L\u00fccke, doch nicht alle halten sich am Boden unter dem Wohnwagen auf. So fliegt manches Leid einfach an Ihnen vorbei. Empfindliche Personen und Allergiker vertrauen dennoch besser einem zus\u00e4tzlichen chemischen Schutz.<\/p>\n<h2><img loading=\"lazy\" decoding=\"async\" class=\"alignleft wp-image-6347 size-full\" title=\"PRYM Drehverschl\u00fcsse mit \u00d6sen, Scheiben und Blechschrauben | messingvernickelt\" src=\"https:\/\/www.schlanser.ch\/magazin\/wp-content\/uploads\/2019\/03\/prym-drehverschluesse.jpg\" alt=\"prym-drehverschluesse\" width=\"193\" height=\"290\" \/>Perfekte L\u00f6sung f\u00fcr Dauercamper<\/h2>\n<p style=\"text-align: justify;\">Auf dem Dauerstellplatz und wenn der Camper ganzj\u00e4hrig stehen bleibt, sind anspruchsvollere L\u00f6sungen zur Abdeckung und der Fixierung der Sch\u00fcrze gefragt. Diese k\u00f6nnen zum Beispiel aus Drehverschl\u00fcssen bestehen.<\/p>\n<p style=\"text-align: justify;\">Achten Sie darauf, dass auf jeden Fall ein Zugang unter dem Reisemobil bleibt, um bei dauerhaft aufgestelltem Caravan eine Inspektion des Unterbodens durchzuf\u00fchren.<\/p>\n<p style=\"text-align: justify;\">Obwohl der freie Raum unter dem Camper dazu verleitet, ihn zum Stauraum f\u00fcr Rasenm\u00e4her und andere Ger\u00e4te zu nutzen, ist von einer rundum schliessenden L\u00f6sung abzuraten.<\/p>\n<p style=\"text-align: justify;\">Hier ist die Zugluft willkommen. Sie durchl\u00fcftet gr\u00fcndlich und h\u00e4lt den Boden trocken. Daf\u00fcr reichen \u00d6ffnungen an Bug und Heck jedoch aus. F\u00fcr das gem\u00fctliche Sitzen im Vorzelt ohne Zugluft, schliessen Sie die lange Seite.<\/p>\n<h2>Wirkung auf die Reifen<\/h2>\n<p style=\"text-align: justify;\">Radkastenteile bewirken einen \u00e4hnlichen Zweck wie die Bodensch\u00fcrze, passen sich aber dem Radausschnitt an. H\u00e4ufig ist daf\u00fcr eine weitere Profilschiene angebracht, um die Abdeckung f\u00fcr den Radkasten aufzunehmen. Diese Abdeckung ist darum h\u00f6her als die Sch\u00fcrze. Radkastenteile schonen das Gummi der Reifen. Dieses altert unter permanenter Sonneneinstrahlung weit vor der Zeit. Zun\u00e4chst zeigen sich feine Risse, die sich unter Last rasch vergr\u00f6ssern. Im schlimmsten Fall platzt der Reifen auf der Reise. Vermutlich geschieht dies nicht grade w\u00e4hrend der Pause an einer Rastst\u00e4tte, sondern bei h\u00f6herem Tempo mit unabsehbaren Folgen f\u00fcr Sie und alle anderen Verkehrsteilnehmer. Lassen Sie es nicht so weit kommen!<\/p>\n<p><a href=\"https:\/\/www.schlanser.ch\/fahrzeug\/wohnwagen-wohnmobil-zubehoer\/schutzhuellen-planen\/22573\/radkastenteile-fuer-tabbert\"><img loading=\"lazy\" decoding=\"async\" class=\"aligncenter wp-image-6338 size-full\" title=\"Radkastenteile f\u00fcr Tabbert Einachser- und Tandemachser-Wohnwagen | Berger\" src=\"https:\/\/www.schlanser.ch\/magazin\/wp-content\/uploads\/2019\/03\/radkastenteile-fuer-tabbert.jpg\" alt=\"radkastenteile-fuer-tabbert\" width=\"600\" height=\"600\" srcset=\"https:\/\/www.schlanser.ch\/magazin\/wp-content\/uploads\/2019\/03\/radkastenteile-fuer-tabbert.jpg 600w, https:\/\/www.schlanser.ch\/magazin\/wp-content\/uploads\/2019\/03\/radkastenteile-fuer-tabbert-150x150.jpg 150w, https:\/\/www.schlanser.ch\/magazin\/wp-content\/uploads\/2019\/03\/radkastenteile-fuer-tabbert-300x300.jpg 300w\" sizes=\"(max-width: 600px) 100vw, 600px\" \/><\/a><\/p>\n<h2>Spezielle Linienf\u00fchrung und aussergew\u00f6hnliche Wohnwagen-Modelle<\/h2>\n<p style=\"text-align: justify;\"><a href=\"https:\/\/www.schlanser.ch\/hindermann\/\">Hindermann<\/a> ist Spezialist f\u00fcr Bodensch\u00fcrzen und kann f\u00fcr verschiedene Wohnwagen spezifische L\u00f6sungen zur Abdeckung anbieten. Im Fokus steht dabei der Wohnwagen mit abgesenktem T\u00fcreinstieg. Meist ist dies bei Modellen von Fendt oder Tabbert der Fall.<\/p>\n<p style=\"text-align: justify;\">Hindermann fertigt Bodensch\u00fcrzen, die exakt auf den Radkasten zugeschnitten sind. Diese Sch\u00fcrzen stehen in unterschiedlichen L\u00e4ngen zur Verf\u00fcgung. Nach dem ersten Einziehen schneiden Sie die Sch\u00fcrze mit einer kr\u00e4ftigen Haushaltsschere einfach ab. Lose Enden sind mit einem Hering zu befestigen, um mechanische Belastung durch Wind zu vermeiden. Die f\u00fchrt sonst dazu, dass die Plane von der Keder abreisst. Hindermann ist \u00fcbrigens der Hersteller, welcher der Wohnwagenplane und Abdeckung mehr Nutzen verschafft: Verbinden Sie verschiedene Einzelst\u00fccke mit Klettverschluss und kreieren Sie Ihre ganz pers\u00f6nliche Bodensch\u00fcrze mit Aufbewahrungstaschen f\u00fcr alles, was schnell zur Hand sein soll.<\/p>\n<p><img loading=\"lazy\" decoding=\"async\" class=\"aligncenter wp-image-6336 size-full\" title=\"Bodensch\u00fcrze von Hindermann | Spezial-Bodensch\u00fcrze f\u00fcr Ihren Fendt ab Baujahr 2015 | spezielle Ma\u00dfe\" src=\"https:\/\/www.schlanser.ch\/magazin\/wp-content\/uploads\/2019\/03\/hindermann-bodenschuerze-fendt-500-cm.jpg\" alt=\"hindermann-bodenschuerze-fendt-500-cm\" width=\"600\" height=\"375\" srcset=\"https:\/\/www.schlanser.ch\/magazin\/wp-content\/uploads\/2019\/03\/hindermann-bodenschuerze-fendt-500-cm.jpg 600w, https:\/\/www.schlanser.ch\/magazin\/wp-content\/uploads\/2019\/03\/hindermann-bodenschuerze-fendt-500-cm-300x188.jpg 300w\" sizes=\"(max-width: 600px) 100vw, 600px\" \/><\/p>\n<h2>Abstellen und abdecken<\/h2>\n<p style=\"text-align: justify;\">Eine Abdeckung sch\u00fctzt das Reisemobil vor der Witterung und vermeidbarer Verschmutzung. Sie sparen sich die M\u00fche, das Reisemobil von aussen zu s\u00e4ubern, wenn Sie den Wohnwagen abdecken. Die Abdeckung ist besonders dann empfehlenswert, wenn der geparkte Caravan unter B\u00e4umen steht. Birken und Linden sondern beeindruckende Mengen Pflanzensekret und Pflanzenteile an, die sich ohne Abdeckung hartn\u00e4ckig festsetzen. Wie magisch scheint diese Schicht noch mehr Schmutz und Staub anzuziehen. Die Wohnwagenplane verhindert dies zuverl\u00e4ssig. Achten Sie aber auf eine gute Befestigung, sonst entstehen schnell Scheuerstellen.<\/p>\n<p><img loading=\"lazy\" decoding=\"async\" class=\"aligncenter wp-image-6334 size-full\" title=\"Wohnwagen Schutzh\u00fclle | atmungsaktiv | rei\u00dffest | UV-stabil | Rei\u00dfverschluss neben der T\u00fcre | inkl. Packsack | wintertauglich\" src=\"https:\/\/www.schlanser.ch\/magazin\/wp-content\/uploads\/2019\/03\/wohnwagen-schutzhuelle.jpg\" alt=\"wohnwagen-schutzhuelle\" width=\"600\" height=\"375\" srcset=\"https:\/\/www.schlanser.ch\/magazin\/wp-content\/uploads\/2019\/03\/wohnwagen-schutzhuelle.jpg 600w, https:\/\/www.schlanser.ch\/magazin\/wp-content\/uploads\/2019\/03\/wohnwagen-schutzhuelle-300x188.jpg 300w\" sizes=\"(max-width: 600px) 100vw, 600px\" \/><\/p>\n","protected":false},"excerpt":{"rendered":"<p>\u00ab Bodensch\u00fcrzen, Radkastenteile und Co. f\u00fcr mehr Sauberkeit beim Camping \u00bb Das Zubeh\u00f6r beim Camping erscheint Uneingeweihten oft wunderlich. Zum Beispiel Bodensch\u00fcrzen und Radkastenteile am Wohnwagen: Handelt es sich um ein verzichtbares Gimmick oder ist es sinnvolles Zubeh\u00f6r? Tragen sie gar zum Werterhalt bei und f\u00f6rdern den Komfort? Hier finden Sie die Antworten. Ein langer &hellip;<\/p>\n","protected":false},"author":1,"featured_media":6356,"comment_status":"closed","ping_status":"open","sticky":false,"template":"","format":"standard","meta":{"footnotes":""},"categories":[1],"tags":[823,18,824,201,829,826,827,528,825,831,828,830,297],"yoast_head":"<!-- This site is optimized with the Yoast SEO plugin v22.2 - https:\/\/yoast.com\/wordpress\/plugins\/seo\/ -->\n<title>Wohnwagen abdecken - Schlanser Magazin<\/title>\n<meta name=\"description\" content=\"Das Schlanser Magazin berichtet von der passenden Abdeckung f\u00fcr jeden Wohnwagen! \u2013 Alles zu \u2714 Bodensch\u00fcrzen \u2714 Radkastenteile \u2714 Kederschienen\" \/>\n<meta name=\"robots\" content=\"index, follow, max-snippet:-1, max-image-preview:large, max-video-preview:-1\" \/>\n<link rel=\"canonical\" href=\"https:\/\/www.schlanser.ch\/magazin\/wohnwagen-abdecken\/\" \/>\n<meta property=\"og:locale\" content=\"de_DE\" \/>\n<meta property=\"og:type\" content=\"article\" \/>\n<meta property=\"og:title\" content=\"Wohnwagen abdecken - Schlanser Magazin\" \/>\n<meta property=\"og:description\" content=\"Das Schlanser Magazin berichtet von der passenden Abdeckung f\u00fcr jeden Wohnwagen! \u2013 Alles zu \u2714 Bodensch\u00fcrzen \u2714 Radkastenteile \u2714 Kederschienen\" \/>\n<meta property=\"og:url\" content=\"https:\/\/www.schlanser.ch\/magazin\/wohnwagen-abdecken\/\" \/>\n<meta property=\"og:site_name\" content=\"Schlanser Magazin\" \/>\n<meta property=\"article:published_time\" content=\"2019-02-20T12:16:53+00:00\" \/>\n<meta property=\"article:modified_time\" content=\"2024-01-10T13:52:11+00:00\" \/>\n<meta property=\"og:image\" content=\"https:\/\/www.schlanser.ch\/magazin\/wp-content\/uploads\/2019\/03\/Wohnwagen-abdecken.jpg\" \/>\n\t<meta property=\"og:image:width\" content=\"800\" \/>\n\t<meta property=\"og:image:height\" content=\"500\" \/>\n\t<meta property=\"og:image:type\" content=\"image\/jpeg\" \/>\n<meta name=\"author\" content=\"admin\" \/>\n<meta name=\"twitter:card\" content=\"summary_large_image\" \/>\n<meta name=\"twitter:label1\" content=\"Verfasst von\" \/>\n\t<meta name=\"twitter:data1\" content=\"admin\" \/>\n\t<meta name=\"twitter:label2\" content=\"Gesch\u00e4tzte Lesezeit\" \/>\n\t<meta name=\"twitter:data2\" content=\"5 Minuten\" \/>\n<script type=\"application\/ld+json\" class=\"yoast-schema-graph\">{\"@context\":\"https:\/\/schema.org\",\"@graph\":[{\"@type\":\"WebPage\",\"@id\":\"https:\/\/www.schlanser.ch\/magazin\/wohnwagen-abdecken\/\",\"url\":\"https:\/\/www.schlanser.ch\/magazin\/wohnwagen-abdecken\/\",\"name\":\"Wohnwagen abdecken - Schlanser Magazin\",\"isPartOf\":{\"@id\":\"https:\/\/www.schlanser.ch\/magazin\/#website\"},\"primaryImageOfPage\":{\"@id\":\"https:\/\/www.schlanser.ch\/magazin\/wohnwagen-abdecken\/#primaryimage\"},\"image\":{\"@id\":\"https:\/\/www.schlanser.ch\/magazin\/wohnwagen-abdecken\/#primaryimage\"},\"thumbnailUrl\":\"https:\/\/www.schlanser.ch\/magazin\/wp-content\/uploads\/2019\/03\/Wohnwagen-abdecken.jpg\",\"datePublished\":\"2019-02-20T12:16:53+00:00\",\"dateModified\":\"2024-01-10T13:52:11+00:00\",\"author\":{\"@id\":\"https:\/\/www.schlanser.ch\/magazin\/#\/schema\/person\/000db0a103eb2594ba3daf394b1dfea2\"},\"description\":\"Das Schlanser Magazin berichtet von der passenden Abdeckung f\u00fcr jeden Wohnwagen! \u2013 Alles zu \u2714 Bodensch\u00fcrzen \u2714 Radkastenteile \u2714 Kederschienen\",\"breadcrumb\":{\"@id\":\"https:\/\/www.schlanser.ch\/magazin\/wohnwagen-abdecken\/#breadcrumb\"},\"inLanguage\":\"de-DE\",\"potentialAction\":[{\"@type\":\"ReadAction\",\"target\":[\"https:\/\/www.schlanser.ch\/magazin\/wohnwagen-abdecken\/\"]}]},{\"@type\":\"ImageObject\",\"inLanguage\":\"de-DE\",\"@id\":\"https:\/\/www.schlanser.ch\/magazin\/wohnwagen-abdecken\/#primaryimage\",\"url\":\"https:\/\/www.schlanser.ch\/magazin\/wp-content\/uploads\/2019\/03\/Wohnwagen-abdecken.jpg\",\"contentUrl\":\"https:\/\/www.schlanser.ch\/magazin\/wp-content\/uploads\/2019\/03\/Wohnwagen-abdecken.jpg\",\"width\":800,\"height\":500},{\"@type\":\"BreadcrumbList\",\"@id\":\"https:\/\/www.schlanser.ch\/magazin\/wohnwagen-abdecken\/#breadcrumb\",\"itemListElement\":[{\"@type\":\"ListItem\",\"position\":1,\"name\":\"Startseite\",\"item\":\"https:\/\/www.schlanser.ch\/magazin\/\"},{\"@type\":\"ListItem\",\"position\":2,\"name\":\"Wohnwagen abdecken\"}]},{\"@type\":\"WebSite\",\"@id\":\"https:\/\/www.schlanser.ch\/magazin\/#website\",\"url\":\"https:\/\/www.schlanser.ch\/magazin\/\",\"name\":\"Schlanser Magazin\",\"description\":\"\",\"potentialAction\":[{\"@type\":\"SearchAction\",\"target\":{\"@type\":\"EntryPoint\",\"urlTemplate\":\"https:\/\/www.schlanser.ch\/magazin\/?s={search_term_string}\"},\"query-input\":\"required name=search_term_string\"}],\"inLanguage\":\"de-DE\"},{\"@type\":\"Person\",\"@id\":\"https:\/\/www.schlanser.ch\/magazin\/#\/schema\/person\/000db0a103eb2594ba3daf394b1dfea2\",\"name\":\"admin\",\"image\":{\"@type\":\"ImageObject\",\"inLanguage\":\"de-DE\",\"@id\":\"https:\/\/www.schlanser.ch\/magazin\/#\/schema\/person\/image\/\",\"url\":\"https:\/\/secure.gravatar.com\/avatar\/a794a4fe8a9b9c52241597eb381dfa2e?s=96&d=mm&r=g\",\"contentUrl\":\"https:\/\/secure.gravatar.com\/avatar\/a794a4fe8a9b9c52241597eb381dfa2e?s=96&d=mm&r=g\",\"caption\":\"admin\"}}]}<\/script>\n<!-- \/ Yoast SEO plugin. -->","yoast_head_json":{"title":"Wohnwagen abdecken - Schlanser Magazin","description":"Das Schlanser Magazin berichtet von der passenden Abdeckung f\u00fcr jeden Wohnwagen! \u2013 Alles zu \u2714 Bodensch\u00fcrzen \u2714 Radkastenteile \u2714 Kederschienen","robots":{"index":"index","follow":"follow","max-snippet":"max-snippet:-1","max-image-preview":"max-image-preview:large","max-video-preview":"max-video-preview:-1"},"canonical":"https:\/\/www.schlanser.ch\/magazin\/wohnwagen-abdecken\/","og_locale":"de_DE","og_type":"article","og_title":"Wohnwagen abdecken - Schlanser Magazin","og_description":"Das Schlanser Magazin berichtet von der passenden Abdeckung f\u00fcr jeden Wohnwagen! \u2013 Alles zu \u2714 Bodensch\u00fcrzen \u2714 Radkastenteile \u2714 Kederschienen","og_url":"https:\/\/www.schlanser.ch\/magazin\/wohnwagen-abdecken\/","og_site_name":"Schlanser Magazin","article_published_time":"2019-02-20T12:16:53+00:00","article_modified_time":"2024-01-10T13:52:11+00:00","og_image":[{"width":800,"height":500,"url":"https:\/\/www.schlanser.ch\/magazin\/wp-content\/uploads\/2019\/03\/Wohnwagen-abdecken.jpg","type":"image\/jpeg"}],"author":"admin","twitter_card":"summary_large_image","twitter_misc":{"Verfasst von":"admin","Gesch\u00e4tzte Lesezeit":"5 Minuten"},"schema":{"@context":"https:\/\/schema.org","@graph":[{"@type":"WebPage","@id":"https:\/\/www.schlanser.ch\/magazin\/wohnwagen-abdecken\/","url":"https:\/\/www.schlanser.ch\/magazin\/wohnwagen-abdecken\/","name":"Wohnwagen abdecken - Schlanser Magazin","isPartOf":{"@id":"https:\/\/www.schlanser.ch\/magazin\/#website"},"primaryImageOfPage":{"@id":"https:\/\/www.schlanser.ch\/magazin\/wohnwagen-abdecken\/#primaryimage"},"image":{"@id":"https:\/\/www.schlanser.ch\/magazin\/wohnwagen-abdecken\/#primaryimage"},"thumbnailUrl":"https:\/\/www.schlanser.ch\/magazin\/wp-content\/uploads\/2019\/03\/Wohnwagen-abdecken.jpg","datePublished":"2019-02-20T12:16:53+00:00","dateModified":"2024-01-10T13:52:11+00:00","author":{"@id":"https:\/\/www.schlanser.ch\/magazin\/#\/schema\/person\/000db0a103eb2594ba3daf394b1dfea2"},"description":"Das Schlanser Magazin berichtet von der passenden Abdeckung f\u00fcr jeden Wohnwagen! \u2013 Alles zu \u2714 Bodensch\u00fcrzen \u2714 Radkastenteile \u2714 Kederschienen","breadcrumb":{"@id":"https:\/\/www.schlanser.ch\/magazin\/wohnwagen-abdecken\/#breadcrumb"},"inLanguage":"de-DE","potentialAction":[{"@type":"ReadAction","target":["https:\/\/www.schlanser.ch\/magazin\/wohnwagen-abdecken\/"]}]},{"@type":"ImageObject","inLanguage":"de-DE","@id":"https:\/\/www.schlanser.ch\/magazin\/wohnwagen-abdecken\/#primaryimage","url":"https:\/\/www.schlanser.ch\/magazin\/wp-content\/uploads\/2019\/03\/Wohnwagen-abdecken.jpg","contentUrl":"https:\/\/www.schlanser.ch\/magazin\/wp-content\/uploads\/2019\/03\/Wohnwagen-abdecken.jpg","width":800,"height":500},{"@type":"BreadcrumbList","@id":"https:\/\/www.schlanser.ch\/magazin\/wohnwagen-abdecken\/#breadcrumb","itemListElement":[{"@type":"ListItem","position":1,"name":"Startseite","item":"https:\/\/www.schlanser.ch\/magazin\/"},{"@type":"ListItem","position":2,"name":"Wohnwagen abdecken"}]},{"@type":"WebSite","@id":"https:\/\/www.schlanser.ch\/magazin\/#website","url":"https:\/\/www.schlanser.ch\/magazin\/","name":"Schlanser Magazin","description":"","potentialAction":[{"@type":"SearchAction","target":{"@type":"EntryPoint","urlTemplate":"https:\/\/www.schlanser.ch\/magazin\/?s={search_term_string}"},"query-input":"required name=search_term_string"}],"inLanguage":"de-DE"},{"@type":"Person","@id":"https:\/\/www.schlanser.ch\/magazin\/#\/schema\/person\/000db0a103eb2594ba3daf394b1dfea2","name":"admin","image":{"@type":"ImageObject","inLanguage":"de-DE","@id":"https:\/\/www.schlanser.ch\/magazin\/#\/schema\/person\/image\/","url":"https:\/\/secure.gravatar.com\/avatar\/a794a4fe8a9b9c52241597eb381dfa2e?s=96&d=mm&r=g","contentUrl":"https:\/\/secure.gravatar.com\/avatar\/a794a4fe8a9b9c52241597eb381dfa2e?s=96&d=mm&r=g","caption":"admin"}}]}},"_links":{"self":[{"href":"https:\/\/www.schlanser.ch\/magazin\/wp-json\/wp\/v2\/posts\/6330"}],"collection":[{"href":"https:\/\/www.schlanser.ch\/magazin\/wp-json\/wp\/v2\/posts"}],"about":[{"href":"https:\/\/www.schlanser.ch\/magazin\/wp-json\/wp\/v2\/types\/post"}],"author":[{"embeddable":true,"href":"https:\/\/www.schlanser.ch\/magazin\/wp-json\/wp\/v2\/users\/1"}],"replies":[{"embeddable":true,"href":"https:\/\/www.schlanser.ch\/magazin\/wp-json\/wp\/v2\/comments?post=6330"}],"version-history":[{"count":23,"href":"https:\/\/www.schlanser.ch\/magazin\/wp-json\/wp\/v2\/posts\/6330\/revisions"}],"predecessor-version":[{"id":17105,"href":"https:\/\/www.schlanser.ch\/magazin\/wp-json\/wp\/v2\/posts\/6330\/revisions\/17105"}],"wp:featuredmedia":[{"embeddable":true,"href":"https:\/\/www.schlanser.ch\/magazin\/wp-json\/wp\/v2\/media\/6356"}],"wp:attachment":[{"href":"https:\/\/www.schlanser.ch\/magazin\/wp-json\/wp\/v2\/media?parent=6330"}],"wp:term":[{"taxonomy":"category","embeddable":true,"href":"https:\/\/www.schlanser.ch\/magazin\/wp-json\/wp\/v2\/categories?post=6330"},{"taxonomy":"post_tag","embeddable":true,"href":"https:\/\/www.schlanser.ch\/magazin\/wp-json\/wp\/v2\/tags?post=6330"}],"curies":[{"name":"wp","href":"https:\/\/api.w.org\/{rel}","templated":true}]}}