{"id":6396,"date":"2019-02-26T15:00:40","date_gmt":"2019-02-26T14:00:40","guid":{"rendered":"https:\/\/www.schlanser.ch\/magazin\/?p=6396"},"modified":"2021-04-26T14:23:27","modified_gmt":"2021-04-26T12:23:27","slug":"hier-wird-der-reiseadapter-zur-pflicht","status":"publish","type":"post","link":"https:\/\/www.schlanser.ch\/magazin\/hier-wird-der-reiseadapter-zur-pflicht\/","title":{"rendered":"Hier wird der Reiseadapter zur Pflicht"},"content":{"rendered":"<h2>\u00ab Steckdosen-L\u00e4nder f\u00fcr Schweizer Campingfreunde \u00bb<\/h2>\n<p style=\"text-align: justify;\"><strong>Seit es den nahezu universellen Eurostecker gibt, ist das <\/strong><a href=\"https:\/\/www.schlanser.ch\/haushalt\/haushaltsgeraete\/\"><strong>Reisen mit Elektroger\u00e4ten<\/strong><\/a><strong> in Europa viel einfacher geworden. Schweizer Campingfreunde m\u00fcssen sich nur \u00fcberlegen, ob sie auf ihrer Tour die Schweiz verlassen werden. Statt einen Reisestecker f\u00fcr jedes Land einzupacken, reicht f\u00fcr die meisten sogenannten Steckdosen-L\u00e4nder ein Eurostecker Adapter. Warum Sie selbst in Europa manchmal doch andere <\/strong><a href=\"https:\/\/www.schlanser.ch\/elektro\/energieversorgung\/stecker-kabel-adapter\/\"><strong>Steckdosenadapter<\/strong><\/a><strong> zur <\/strong><a href=\"https:\/\/www.schlanser.ch\/elektro\/energieversorgung\/\"><strong>Energieversorgung beim Camping<\/strong><\/a><strong> ben\u00f6tigen und auf was es bei einer sicheren Verkabelung am Campingplatz allgemein ankommt, erkl\u00e4ren wir Ihnen hier.<\/strong><\/p>\n<h2>Spezialfall Schweiz<\/h2>\n<p style=\"text-align: justify;\">Im Gegensatz zum \u00fcbrigen Europa ist der Eurostecker in der Schweiz kein Standard. Das hier bestehende System SEV 1011 arbeitet mit dem sogenannten Typ-J-Stecker. Er hat bekanntlich drei Kontaktstifte, weshalb er im Ausland nicht zu gebrauchen ist. Wer also mit dem Wohnmobil Steckdosen-L\u00e4nder besuchen m\u00f6chte, muss sich vorher Gedanken \u00fcber den passenden Reiseadapter machen.<\/p>\n<figure id=\"attachment_6399\" aria-describedby=\"caption-attachment-6399\" style=\"width: 619px\" class=\"wp-caption aligncenter\"><img loading=\"lazy\" decoding=\"async\" class=\"wp-image-6399\" title=\"Landestypischer Stecker\" src=\"https:\/\/www.schlanser.ch\/magazin\/wp-content\/uploads\/2019\/02\/Schweizer-Stecker.jpg\" alt=\"Landestypischer Stecker\" width=\"619\" height=\"360\" srcset=\"https:\/\/www.schlanser.ch\/magazin\/wp-content\/uploads\/2019\/02\/Schweizer-Stecker.jpg 600w, https:\/\/www.schlanser.ch\/magazin\/wp-content\/uploads\/2019\/02\/Schweizer-Stecker-300x175.jpg 300w\" sizes=\"(max-width: 619px) 100vw, 619px\" \/><figcaption id=\"caption-attachment-6399\" class=\"wp-caption-text\">\u00a9 Karin &amp; Uwe Annas \/ Fotolia.com<\/figcaption><\/figure>\n<p style=\"text-align: justify;\">Umgekehrt ist es deutlich einfacher. Die schmalen, zweipoligen Eurostecker k\u00f6nnen problemlos in eine Steckdose vom Typ J eingesteckt werden. Ebenfalls weit verbreitet in Europa sind die Schutzkontaktstecker, kurz &#8222;Schuko&#8220;. Diese grossen, runden Stecker passen nicht auf das Schweizer System. Daher m\u00fcssen Besucher in der Schweiz f\u00fcr Ger\u00e4te mit einem Schuko einen entsprechenden Stromadapter dabeihaben.<\/p>\n<h2>Der universelle Campingstecker: CEE<\/h2>\n<p style=\"text-align: justify;\">Im Bereich des Campings wird das Stromsystem seit l\u00e4ngerer Zeit zunehmend vereinheitlicht. Das macht einerseits das Reisen mit dem Wohnmobil innerhalb Europas einfacher und sorgt andererseits f\u00fcr einen vermehrt internationalen Markt bei Reisemobilen. Die alten Steckdosenadapter sind beim Camping immer h\u00e4ufiger \u00fcberfl\u00fcssig. Viele Campingpl\u00e4tze folgen dieser Vereinheitlichung und haben ihre Verteilerk\u00e4sten mit dem landl\u00e4ufigen <a href=\"https:\/\/www.schlanser.ch\/elektro\/energieversorgung\/cee-stromversorgung\/\">CEE Steckdosensystem<\/a> ausgestattet.<\/p>\n<p><a href=\"https:\/\/www.schlanser.ch\/elektro\/energieversorgung\/stecker-kabel-adapter\/28524\/cee-kurzadapter-schweiz-typ-23\"><img loading=\"lazy\" decoding=\"async\" class=\"aligncenter wp-image-6405 size-full\" title=\"CEE Kurzadapter Schweiz Typ 23\" src=\"https:\/\/www.schlanser.ch\/magazin\/wp-content\/uploads\/2019\/02\/CEE-Kurzadapter-Schweiz-Typ-23.jpg\" alt=\"CEE Kurzadapter Schweiz Typ 23\" width=\"500\" height=\"283\" srcset=\"https:\/\/www.schlanser.ch\/magazin\/wp-content\/uploads\/2019\/02\/CEE-Kurzadapter-Schweiz-Typ-23.jpg 500w, https:\/\/www.schlanser.ch\/magazin\/wp-content\/uploads\/2019\/02\/CEE-Kurzadapter-Schweiz-Typ-23-300x170.jpg 300w\" sizes=\"(max-width: 500px) 100vw, 500px\" \/><\/a><\/p>\n<p style=\"text-align: justify;\">Die blaue CEE-Campingbuchse ist auf 230 Volt ausgelegt. Das m\u00e4nnliche Ende \u2013 der Stecker \u2013 ist mit drei dicken Pins versehen. Das entsprechende weibliche Gegenst\u00fcck \u2013 die Steckdose \u2013 findet sich einmal am Verteilerkasten und einmal am anderen Ende des Kabels. Dieses Ende wird aussen am Wohnwagen oder Wohnmobil in den Einspeisestecker eingesteckt, der sich in der Regel gesch\u00fctzt unter einer Klappe befindet.<\/p>\n<p style=\"text-align: justify;\">Dieses CEE-Steckersystem hat zum einen den Vorteil, dass es beim Camping im Ausland den Reiseadapter \u00fcberfl\u00fcssig macht. Zum anderen bietet CEE eine besonders stabile Verbindung, die Schutz gegen Dreck und Feuchtigkeit bietet. Ausserdem ist es unm\u00f6glich, den Stecker verkehrt einzustecken.<\/p>\n<p><a href=\"https:\/\/www.schlanser.ch\/elektro\/energieversorgung\/stecker-kabel-adapter\/14793\/cee-kurzadapter-schweiz\" class=\"broken_link\"><img loading=\"lazy\" decoding=\"async\" class=\"aligncenter wp-image-6406 size-full\" title=\"CEE Kurzadapter Schweiz\" src=\"https:\/\/www.schlanser.ch\/magazin\/wp-content\/uploads\/2019\/02\/CEE-Kurzadapter-Schweiz.jpg\" alt=\"CEE Kurzadapter Schweiz\" width=\"500\" height=\"334\" srcset=\"https:\/\/www.schlanser.ch\/magazin\/wp-content\/uploads\/2019\/02\/CEE-Kurzadapter-Schweiz.jpg 500w, https:\/\/www.schlanser.ch\/magazin\/wp-content\/uploads\/2019\/02\/CEE-Kurzadapter-Schweiz-300x200.jpg 300w\" sizes=\"(max-width: 500px) 100vw, 500px\" \/><\/a><\/p>\n<p style=\"text-align: justify;\">Problematisch wird es dann, wenn der Campingplatz mit den landestypischen Steckdosen statt mit CEE ausgestattet ist. Dies kann zuweilen auch in der Schweiz vorkommen. Um Ihr Campingfahrzeug anzuschliessen, brauchen Sie dann einen Reiseadapter von Typ J auf CEE. Hier gibt es sehr kompakte Super-Kurz-Adapter, die zwischen Steckdose und Kabelstecker gesteckt werden. Ebenso kann es in anderen europ\u00e4ischen L\u00e4ndern passieren, dass Sie dort einen entsprechenden Steckdosenadapter, zum Beispiel von Typ F auf CEE verwenden m\u00fcssen.<\/p>\n<h2>Reiseadapter, Reisenetzteil, Reisestecker \u2013 was Sie f\u00fcr Steckdosen L\u00e4nder wirklich brauchen<\/h2>\n<p style=\"text-align: justify;\">Bei Campingfahrzeugen ist in der Regel also eine Einspeisung \u00fcber CEE vorgesehen. Im Inneren finden Sie die landestypischen Steckdosen, auf die Ihre Ger\u00e4te passen. Wer auch vor dem Fahrzeug \u2013 beispielsweise im Vorzelt \u2013 ein Endger\u00e4t anstecken m\u00f6chte, sollte sich einen Winkelstecker besorgen. Er wird aussen zwischen Kabel und Einspeisestecker angebracht, hat auf seiner R\u00fcckseite aber gleichzeitig eine normale Steckdose im Schweizer oder Schuko-Format. Hier k\u00f6nnen Sie direkt ein Ger\u00e4t f\u00fcr den Gebrauch ausserhalb des Campingfahrzeugs anschliessen.<\/p>\n<p style=\"text-align: justify;\">In Fahrzeugen werden ausserdem gerne Universalstecker genutzt, die \u00fcber die Zigarettenanz\u00fcnderdosen Strom im Bereich von 12 bis 24 Volt zapfen. Hiermit laden Sie auch ohne Reisenetzteil Ihre empfindlichen Ger\u00e4te. Ebenso beliebt ist die Stromversorgung \u00fcber einen USB-Anschluss. Manche Universal-Reiseadapter bieten auf ihrer R\u00fcckseite statt einer herk\u00f6mmlichen Steckdose einen oder mehrere USB-Ausg\u00e4nge. Das ist besonders f\u00fcr Smartphones und andere digitale Ger\u00e4te praktisch.<\/p>\n<p><img loading=\"lazy\" decoding=\"async\" class=\"alignnone wp-image-6408 size-full\" title=\"12-24 V Verl\u00e4ngerungskabel\" src=\"https:\/\/www.schlanser.ch\/magazin\/wp-content\/uploads\/2019\/02\/12-24-V-Verl\u00e4ngerungskabel.jpg\" alt=\"12-24 V Verl\u00e4ngerungskabel\" width=\"300\" height=\"277\" \/>\u00a0<a href=\"https:\/\/www.schlanser.ch\/elektro\/energieversorgung\/stecker-kabel-adapter\/1181\/usb-verlaengerungskabel\"><img loading=\"lazy\" decoding=\"async\" class=\"alignnone wp-image-6409 size-full\" title=\"USB-Verl\u00e4ngerungskabel\" src=\"https:\/\/www.schlanser.ch\/magazin\/wp-content\/uploads\/2019\/02\/USB-Verl\u00e4ngerungskabel.jpg\" alt=\"USB-Verl\u00e4ngerungskabel\" width=\"291\" height=\"277\" \/><\/a><\/p>\n<p style=\"text-align: justify;\">Wer sich gelegentlich im Sanit\u00e4rbereich f\u00f6hnt oder elektrisch rasiert, kommt um einen passenden Reisestecker jedoch kaum herum. Reisen Sie viel und auch in entfernte L\u00e4nder, ist ein Universal Reiseadapter hier die beste L\u00f6sung. Er passt gleichzeitig auf verschiedene Steckdosenformate. Ansonsten m\u00fcssen Sie in jedes Land mit anderem Steckdosenformat einen eigenen Reisestecker mitnehmen.<\/p>\n<p><img loading=\"lazy\" decoding=\"async\" class=\"aligncenter wp-image-6402 size-full\" title=\"Universal Reiseadapter\" src=\"https:\/\/www.schlanser.ch\/magazin\/wp-content\/uploads\/2019\/02\/Universal-Reiseadapter.jpg\" alt=\"Universal Reiseadapter\" width=\"600\" height=\"337\" srcset=\"https:\/\/www.schlanser.ch\/magazin\/wp-content\/uploads\/2019\/02\/Universal-Reiseadapter.jpg 600w, https:\/\/www.schlanser.ch\/magazin\/wp-content\/uploads\/2019\/02\/Universal-Reiseadapter-300x169.jpg 300w\" sizes=\"(max-width: 600px) 100vw, 600px\" \/><\/p>\n<p style=\"text-align: justify;\">Innerhalb Europas m\u00fcssen Sie sich kaum Gedanken um die Spannung machen, da hier \u00fcberall um die 230 Volt bei 50 Hertz \u00fcblich sind. Sollten Sie aber einmal eine Campingtour durch Nordamerika machen wollen, packen Sie unbedingt ein Reisenetzteil ein. Ein Reisenetzteil reguliert Strom und Spannung auf ein vertr\u00e4gliches Mass f\u00fcr Ihre empfindlichen Ger\u00e4te wie Smartphone, Laptop oder Kamera.<\/p>\n<h2>Steckdosen-L\u00e4nder in Europa<\/h2>\n<p style=\"text-align: justify;\">Hier kommt nun eine kurze \u00dcbersicht \u00fcber die Steckdosen-L\u00e4nder in Europa. Grunds\u00e4tzlich gibt es in allen L\u00e4ndern ausserhalb der Schweiz den Typ-C-Stecker. Ein Eurostecker-Adapter sichert also in den meisten F\u00e4llen Ihre Stromversorgung. Ausnahmen stellen folgende L\u00e4nder dar:<\/p>\n<ul>\n<li>Grossbritannien<\/li>\n<li>Irland<\/li>\n<li>Zypern<\/li>\n<li>Malta<\/li>\n<\/ul>\n<figure id=\"attachment_6412\" aria-describedby=\"caption-attachment-6412\" style=\"width: 600px\" class=\"wp-caption aligncenter\"><img loading=\"lazy\" decoding=\"async\" class=\"wp-image-6412 size-full\" title=\"Schuko-Format Stecker \" src=\"https:\/\/www.schlanser.ch\/magazin\/wp-content\/uploads\/2019\/02\/Schuckostecker.jpg\" alt=\"Schuko-Format Stecker \" width=\"600\" height=\"400\" srcset=\"https:\/\/www.schlanser.ch\/magazin\/wp-content\/uploads\/2019\/02\/Schuckostecker.jpg 600w, https:\/\/www.schlanser.ch\/magazin\/wp-content\/uploads\/2019\/02\/Schuckostecker-300x200.jpg 300w\" sizes=\"(max-width: 600px) 100vw, 600px\" \/><figcaption id=\"caption-attachment-6412\" class=\"wp-caption-text\">\u00a9 M. Schuppich \/ Fotolia.com<\/figcaption><\/figure>\n<p style=\"text-align: justify;\">In Grossbritannien und Irland sind Stecker vom Typ G der Standard. Sie sind dreipolig, haben aber keine runden, sondern flache Stifte. Ebenso ist es auf Zypern. Auch hier brauchen Sie einen Reiseadapter auf G-Steckdosen. Ausserdem ist in manchen L\u00e4ndern nicht der Schuko-Stecker vom Typ F \u00fcblich, sondern das Steckersystem vom Typ E, und zwar in:<\/p>\n<ul>\n<li>Frankreich<\/li>\n<li>Belgien<\/li>\n<li>Polen<\/li>\n<li>Tschechien<\/li>\n<li>Slowakei<\/li>\n<\/ul>\n<p style=\"text-align: justify;\">Das macht von daher keine zus\u00e4tzlichen Umst\u00e4nde, als sich dieses Format nicht sonderlich von den Schuko-Steckdosen unterscheidet. Es reicht also ein normaler Eurostecker-Adapter oder ein Stromadapter f\u00fcr das Schuko-Format.<\/p>\n<p><img loading=\"lazy\" decoding=\"async\" class=\"aligncenter wp-image-6414 size-full\" title=\"Reisestecker-Set\" src=\"https:\/\/www.schlanser.ch\/magazin\/wp-content\/uploads\/2019\/02\/Reisestecker-Set.jpg\" alt=\"Reisestecker-Set\" width=\"600\" height=\"329\" srcset=\"https:\/\/www.schlanser.ch\/magazin\/wp-content\/uploads\/2019\/02\/Reisestecker-Set.jpg 600w, https:\/\/www.schlanser.ch\/magazin\/wp-content\/uploads\/2019\/02\/Reisestecker-Set-300x165.jpg 300w\" sizes=\"(max-width: 600px) 100vw, 600px\" \/><\/p>\n<p style=\"text-align: justify;\">Am Ende muss noch Italien erw\u00e4hnt werden, wo gelegentlich das alte Format vom Typ L anzutreffen ist. Doch passen auch hier die g\u00e4ngigen Eurostecker. Gleiches gilt f\u00fcr D\u00e4nemark. Hier sind die Steckdosen Typ E und K der Standard. In beide passen Eurostecker bzw. Eurostecker Adapter problemlos hinein. In den Typ E passen Schuko-Stecker oder entsprechende Reiseadapter nur dann, wenn sie ein Loch f\u00fcr einen mittleren Kontaktstift aufweisen.<\/p>\n<h2>Sicherheitsregeln f\u00fcr Strom auf dem Campingplatz<\/h2>\n<p style=\"text-align: justify;\">Eine grundlegende Richtlinie f\u00fcr alles, was beim Camping mit Strom zu tun hat, ist, dass es robust und wetterfest sein sollte. So muss die Aussensteckdose stets spritzwassergesch\u00fctzt sein. Die g\u00e4ngigen PVC-Kabel aus dem heimischen Haushalt sind f\u00fcr den Campingurlaub zu unsicher. Um das Wohnmobil an die Verteilers\u00e4ule anzuschliessen, benutzen Sie ausschliesslich Kabel mit Gummimantel und 2,5 qmm Querschnitt. Diese halten starke Belastungen aus.<\/p>\n<figure id=\"attachment_6416\" aria-describedby=\"caption-attachment-6416\" style=\"width: 620px\" class=\"wp-caption aligncenter\"><img loading=\"lazy\" decoding=\"async\" class=\"wp-image-6416 size-full\" title=\"Welche Vorschriften gelten auf dem Campingplatz?\" src=\"https:\/\/www.schlanser.ch\/magazin\/wp-content\/uploads\/2019\/02\/Wohnwagen.jpg\" alt=\"Welche Vorschriften gelten auf dem Campingplatz?\" width=\"620\" height=\"413\" srcset=\"https:\/\/www.schlanser.ch\/magazin\/wp-content\/uploads\/2019\/02\/Wohnwagen.jpg 620w, https:\/\/www.schlanser.ch\/magazin\/wp-content\/uploads\/2019\/02\/Wohnwagen-300x200.jpg 300w\" sizes=\"(max-width: 620px) 100vw, 620px\" \/><figcaption id=\"caption-attachment-6416\" class=\"wp-caption-text\">\u00a9 Torsten Becker \/ Fotolia.com<\/figcaption><\/figure>\n<p style=\"text-align: justify;\">Die maximale L\u00e4nge f\u00fcr eine Kabelverbindung liegt dabei bei 25 m. M\u00fcssen Sie zwei Stecker miteinander verbinden, packen Sie die Verbindung in eine Sicherheitsbox. Diese sch\u00fctzt gegen Dreck, Feuchtigkeit und ungewolltes Auseinanderreissen. Kabeltrommeln m\u00fcssen bei Benutzung immer ganz abgerollt werden, um Hitzeentwicklung zu vermeiden.<\/p>\n<p style=\"text-align: justify;\">Universal Reiseadapter sind oft etwas klobig und stehen weit aus der Steckdose heraus. Achten Sie daher besonders darauf, dass er nicht dort eingesteckt wird, wo viele Leute vorbeigehen oder h\u00e4ufig hantiert wird. Bei einer unachtsamen Bewegung k\u00f6nnte der Universal Reiseadapter sonst herausgeschlagen werden.<\/p>\n","protected":false},"excerpt":{"rendered":"<p>\u00ab Steckdosen-L\u00e4nder f\u00fcr Schweizer Campingfreunde \u00bb Seit es den nahezu universellen Eurostecker gibt, ist das Reisen mit Elektroger\u00e4ten in Europa viel einfacher geworden. Schweizer Campingfreunde m\u00fcssen sich nur \u00fcberlegen, ob sie auf ihrer Tour die Schweiz verlassen werden. Statt einen Reisestecker f\u00fcr jedes Land einzupacken, reicht f\u00fcr die meisten sogenannten Steckdosen-L\u00e4nder ein Eurostecker Adapter. Warum &hellip;<\/p>\n","protected":false},"author":1,"featured_media":6418,"comment_status":"closed","ping_status":"open","sticky":false,"template":"","format":"standard","meta":{"footnotes":""},"categories":[1],"tags":[836,837,839,841,840,838],"yoast_head":"<!-- This site is optimized with the Yoast SEO plugin v22.2 - https:\/\/yoast.com\/wordpress\/plugins\/seo\/ -->\n<title>Hier wird der Reiseadapter zur Pflicht - Schlanser Magazin<\/title>\n<meta name=\"robots\" content=\"index, follow, max-snippet:-1, max-image-preview:large, max-video-preview:-1\" \/>\n<link rel=\"canonical\" href=\"https:\/\/www.schlanser.ch\/magazin\/hier-wird-der-reiseadapter-zur-pflicht\/\" \/>\n<meta property=\"og:locale\" content=\"de_DE\" \/>\n<meta property=\"og:type\" content=\"article\" \/>\n<meta property=\"og:title\" content=\"Hier wird der Reiseadapter zur Pflicht - Schlanser Magazin\" \/>\n<meta property=\"og:description\" content=\"\u00ab Steckdosen-L\u00e4nder f\u00fcr Schweizer Campingfreunde \u00bb Seit es den nahezu universellen Eurostecker gibt, ist das Reisen mit Elektroger\u00e4ten in Europa viel einfacher geworden. Schweizer Campingfreunde m\u00fcssen sich nur \u00fcberlegen, ob sie auf ihrer Tour die Schweiz verlassen werden. Statt einen Reisestecker f\u00fcr jedes Land einzupacken, reicht f\u00fcr die meisten sogenannten Steckdosen-L\u00e4nder ein Eurostecker Adapter. Warum &hellip;\" \/>\n<meta property=\"og:url\" content=\"https:\/\/www.schlanser.ch\/magazin\/hier-wird-der-reiseadapter-zur-pflicht\/\" \/>\n<meta property=\"og:site_name\" content=\"Schlanser Magazin\" \/>\n<meta property=\"article:published_time\" content=\"2019-02-26T14:00:40+00:00\" \/>\n<meta property=\"article:modified_time\" content=\"2021-04-26T12:23:27+00:00\" \/>\n<meta property=\"og:image\" content=\"https:\/\/www.schlanser.ch\/magazin\/wp-content\/uploads\/2019\/02\/Wohnmobil.jpg\" \/>\n\t<meta property=\"og:image:width\" content=\"660\" \/>\n\t<meta property=\"og:image:height\" content=\"361\" \/>\n\t<meta property=\"og:image:type\" content=\"image\/jpeg\" \/>\n<meta name=\"author\" content=\"admin\" \/>\n<meta name=\"twitter:card\" content=\"summary_large_image\" \/>\n<meta name=\"twitter:label1\" content=\"Verfasst von\" \/>\n\t<meta name=\"twitter:data1\" content=\"admin\" \/>\n\t<meta name=\"twitter:label2\" content=\"Gesch\u00e4tzte Lesezeit\" \/>\n\t<meta name=\"twitter:data2\" content=\"6 Minuten\" \/>\n<script type=\"application\/ld+json\" class=\"yoast-schema-graph\">{\"@context\":\"https:\/\/schema.org\",\"@graph\":[{\"@type\":\"WebPage\",\"@id\":\"https:\/\/www.schlanser.ch\/magazin\/hier-wird-der-reiseadapter-zur-pflicht\/\",\"url\":\"https:\/\/www.schlanser.ch\/magazin\/hier-wird-der-reiseadapter-zur-pflicht\/\",\"name\":\"Hier wird der Reiseadapter zur Pflicht - Schlanser Magazin\",\"isPartOf\":{\"@id\":\"https:\/\/www.schlanser.ch\/magazin\/#website\"},\"primaryImageOfPage\":{\"@id\":\"https:\/\/www.schlanser.ch\/magazin\/hier-wird-der-reiseadapter-zur-pflicht\/#primaryimage\"},\"image\":{\"@id\":\"https:\/\/www.schlanser.ch\/magazin\/hier-wird-der-reiseadapter-zur-pflicht\/#primaryimage\"},\"thumbnailUrl\":\"https:\/\/www.schlanser.ch\/magazin\/wp-content\/uploads\/2019\/02\/Wohnmobil.jpg\",\"datePublished\":\"2019-02-26T14:00:40+00:00\",\"dateModified\":\"2021-04-26T12:23:27+00:00\",\"author\":{\"@id\":\"https:\/\/www.schlanser.ch\/magazin\/#\/schema\/person\/000db0a103eb2594ba3daf394b1dfea2\"},\"breadcrumb\":{\"@id\":\"https:\/\/www.schlanser.ch\/magazin\/hier-wird-der-reiseadapter-zur-pflicht\/#breadcrumb\"},\"inLanguage\":\"de-DE\",\"potentialAction\":[{\"@type\":\"ReadAction\",\"target\":[\"https:\/\/www.schlanser.ch\/magazin\/hier-wird-der-reiseadapter-zur-pflicht\/\"]}]},{\"@type\":\"ImageObject\",\"inLanguage\":\"de-DE\",\"@id\":\"https:\/\/www.schlanser.ch\/magazin\/hier-wird-der-reiseadapter-zur-pflicht\/#primaryimage\",\"url\":\"https:\/\/www.schlanser.ch\/magazin\/wp-content\/uploads\/2019\/02\/Wohnmobil.jpg\",\"contentUrl\":\"https:\/\/www.schlanser.ch\/magazin\/wp-content\/uploads\/2019\/02\/Wohnmobil.jpg\",\"width\":660,\"height\":361,\"caption\":\"\u00a9 Torsten Becker \/ Fotolia.com\"},{\"@type\":\"BreadcrumbList\",\"@id\":\"https:\/\/www.schlanser.ch\/magazin\/hier-wird-der-reiseadapter-zur-pflicht\/#breadcrumb\",\"itemListElement\":[{\"@type\":\"ListItem\",\"position\":1,\"name\":\"Startseite\",\"item\":\"https:\/\/www.schlanser.ch\/magazin\/\"},{\"@type\":\"ListItem\",\"position\":2,\"name\":\"Hier wird der Reiseadapter zur Pflicht\"}]},{\"@type\":\"WebSite\",\"@id\":\"https:\/\/www.schlanser.ch\/magazin\/#website\",\"url\":\"https:\/\/www.schlanser.ch\/magazin\/\",\"name\":\"Schlanser Magazin\",\"description\":\"\",\"potentialAction\":[{\"@type\":\"SearchAction\",\"target\":{\"@type\":\"EntryPoint\",\"urlTemplate\":\"https:\/\/www.schlanser.ch\/magazin\/?s={search_term_string}\"},\"query-input\":\"required name=search_term_string\"}],\"inLanguage\":\"de-DE\"},{\"@type\":\"Person\",\"@id\":\"https:\/\/www.schlanser.ch\/magazin\/#\/schema\/person\/000db0a103eb2594ba3daf394b1dfea2\",\"name\":\"admin\",\"image\":{\"@type\":\"ImageObject\",\"inLanguage\":\"de-DE\",\"@id\":\"https:\/\/www.schlanser.ch\/magazin\/#\/schema\/person\/image\/\",\"url\":\"https:\/\/secure.gravatar.com\/avatar\/a794a4fe8a9b9c52241597eb381dfa2e?s=96&d=mm&r=g\",\"contentUrl\":\"https:\/\/secure.gravatar.com\/avatar\/a794a4fe8a9b9c52241597eb381dfa2e?s=96&d=mm&r=g\",\"caption\":\"admin\"}}]}<\/script>\n<!-- \/ Yoast SEO plugin. -->","yoast_head_json":{"title":"Hier wird der Reiseadapter zur Pflicht - Schlanser Magazin","robots":{"index":"index","follow":"follow","max-snippet":"max-snippet:-1","max-image-preview":"max-image-preview:large","max-video-preview":"max-video-preview:-1"},"canonical":"https:\/\/www.schlanser.ch\/magazin\/hier-wird-der-reiseadapter-zur-pflicht\/","og_locale":"de_DE","og_type":"article","og_title":"Hier wird der Reiseadapter zur Pflicht - Schlanser Magazin","og_description":"\u00ab Steckdosen-L\u00e4nder f\u00fcr Schweizer Campingfreunde \u00bb Seit es den nahezu universellen Eurostecker gibt, ist das Reisen mit Elektroger\u00e4ten in Europa viel einfacher geworden. Schweizer Campingfreunde m\u00fcssen sich nur \u00fcberlegen, ob sie auf ihrer Tour die Schweiz verlassen werden. Statt einen Reisestecker f\u00fcr jedes Land einzupacken, reicht f\u00fcr die meisten sogenannten Steckdosen-L\u00e4nder ein Eurostecker Adapter. Warum &hellip;","og_url":"https:\/\/www.schlanser.ch\/magazin\/hier-wird-der-reiseadapter-zur-pflicht\/","og_site_name":"Schlanser Magazin","article_published_time":"2019-02-26T14:00:40+00:00","article_modified_time":"2021-04-26T12:23:27+00:00","og_image":[{"width":660,"height":361,"url":"https:\/\/www.schlanser.ch\/magazin\/wp-content\/uploads\/2019\/02\/Wohnmobil.jpg","type":"image\/jpeg"}],"author":"admin","twitter_card":"summary_large_image","twitter_misc":{"Verfasst von":"admin","Gesch\u00e4tzte Lesezeit":"6 Minuten"},"schema":{"@context":"https:\/\/schema.org","@graph":[{"@type":"WebPage","@id":"https:\/\/www.schlanser.ch\/magazin\/hier-wird-der-reiseadapter-zur-pflicht\/","url":"https:\/\/www.schlanser.ch\/magazin\/hier-wird-der-reiseadapter-zur-pflicht\/","name":"Hier wird der Reiseadapter zur Pflicht - Schlanser Magazin","isPartOf":{"@id":"https:\/\/www.schlanser.ch\/magazin\/#website"},"primaryImageOfPage":{"@id":"https:\/\/www.schlanser.ch\/magazin\/hier-wird-der-reiseadapter-zur-pflicht\/#primaryimage"},"image":{"@id":"https:\/\/www.schlanser.ch\/magazin\/hier-wird-der-reiseadapter-zur-pflicht\/#primaryimage"},"thumbnailUrl":"https:\/\/www.schlanser.ch\/magazin\/wp-content\/uploads\/2019\/02\/Wohnmobil.jpg","datePublished":"2019-02-26T14:00:40+00:00","dateModified":"2021-04-26T12:23:27+00:00","author":{"@id":"https:\/\/www.schlanser.ch\/magazin\/#\/schema\/person\/000db0a103eb2594ba3daf394b1dfea2"},"breadcrumb":{"@id":"https:\/\/www.schlanser.ch\/magazin\/hier-wird-der-reiseadapter-zur-pflicht\/#breadcrumb"},"inLanguage":"de-DE","potentialAction":[{"@type":"ReadAction","target":["https:\/\/www.schlanser.ch\/magazin\/hier-wird-der-reiseadapter-zur-pflicht\/"]}]},{"@type":"ImageObject","inLanguage":"de-DE","@id":"https:\/\/www.schlanser.ch\/magazin\/hier-wird-der-reiseadapter-zur-pflicht\/#primaryimage","url":"https:\/\/www.schlanser.ch\/magazin\/wp-content\/uploads\/2019\/02\/Wohnmobil.jpg","contentUrl":"https:\/\/www.schlanser.ch\/magazin\/wp-content\/uploads\/2019\/02\/Wohnmobil.jpg","width":660,"height":361,"caption":"\u00a9 Torsten Becker \/ Fotolia.com"},{"@type":"BreadcrumbList","@id":"https:\/\/www.schlanser.ch\/magazin\/hier-wird-der-reiseadapter-zur-pflicht\/#breadcrumb","itemListElement":[{"@type":"ListItem","position":1,"name":"Startseite","item":"https:\/\/www.schlanser.ch\/magazin\/"},{"@type":"ListItem","position":2,"name":"Hier wird der Reiseadapter zur Pflicht"}]},{"@type":"WebSite","@id":"https:\/\/www.schlanser.ch\/magazin\/#website","url":"https:\/\/www.schlanser.ch\/magazin\/","name":"Schlanser Magazin","description":"","potentialAction":[{"@type":"SearchAction","target":{"@type":"EntryPoint","urlTemplate":"https:\/\/www.schlanser.ch\/magazin\/?s={search_term_string}"},"query-input":"required name=search_term_string"}],"inLanguage":"de-DE"},{"@type":"Person","@id":"https:\/\/www.schlanser.ch\/magazin\/#\/schema\/person\/000db0a103eb2594ba3daf394b1dfea2","name":"admin","image":{"@type":"ImageObject","inLanguage":"de-DE","@id":"https:\/\/www.schlanser.ch\/magazin\/#\/schema\/person\/image\/","url":"https:\/\/secure.gravatar.com\/avatar\/a794a4fe8a9b9c52241597eb381dfa2e?s=96&d=mm&r=g","contentUrl":"https:\/\/secure.gravatar.com\/avatar\/a794a4fe8a9b9c52241597eb381dfa2e?s=96&d=mm&r=g","caption":"admin"}}]}},"_links":{"self":[{"href":"https:\/\/www.schlanser.ch\/magazin\/wp-json\/wp\/v2\/posts\/6396"}],"collection":[{"href":"https:\/\/www.schlanser.ch\/magazin\/wp-json\/wp\/v2\/posts"}],"about":[{"href":"https:\/\/www.schlanser.ch\/magazin\/wp-json\/wp\/v2\/types\/post"}],"author":[{"embeddable":true,"href":"https:\/\/www.schlanser.ch\/magazin\/wp-json\/wp\/v2\/users\/1"}],"replies":[{"embeddable":true,"href":"https:\/\/www.schlanser.ch\/magazin\/wp-json\/wp\/v2\/comments?post=6396"}],"version-history":[{"count":17,"href":"https:\/\/www.schlanser.ch\/magazin\/wp-json\/wp\/v2\/posts\/6396\/revisions"}],"predecessor-version":[{"id":12056,"href":"https:\/\/www.schlanser.ch\/magazin\/wp-json\/wp\/v2\/posts\/6396\/revisions\/12056"}],"wp:featuredmedia":[{"embeddable":true,"href":"https:\/\/www.schlanser.ch\/magazin\/wp-json\/wp\/v2\/media\/6418"}],"wp:attachment":[{"href":"https:\/\/www.schlanser.ch\/magazin\/wp-json\/wp\/v2\/media?parent=6396"}],"wp:term":[{"taxonomy":"category","embeddable":true,"href":"https:\/\/www.schlanser.ch\/magazin\/wp-json\/wp\/v2\/categories?post=6396"},{"taxonomy":"post_tag","embeddable":true,"href":"https:\/\/www.schlanser.ch\/magazin\/wp-json\/wp\/v2\/tags?post=6396"}],"curies":[{"name":"wp","href":"https:\/\/api.w.org\/{rel}","templated":true}]}}