{"id":6423,"date":"2019-03-14T09:33:11","date_gmt":"2019-03-14T08:33:11","guid":{"rendered":"https:\/\/www.schlanser.ch\/magazin\/?p=6423"},"modified":"2024-01-10T14:52:12","modified_gmt":"2024-01-10T13:52:12","slug":"innenzelte","status":"publish","type":"post","link":"https:\/\/www.schlanser.ch\/magazin\/innenzelte\/","title":{"rendered":"Alles \u00fcber Innenzelte"},"content":{"rendered":"<h2>\u00ab Wie? Warum? Wof\u00fcr? \u00bb<\/h2>\n<p style=\"text-align: justify;\"><strong>Vordergr\u00fcndig dienen <\/strong><a href=\"https:\/\/www.schlanser.ch\/zelte\/vorzelte\/wohnwagenvorzelte\/\"><strong>Innenzelte<\/strong><\/a><strong> einem einzigen Zweck: Es sind Schlafkabinen. Viele fragen sich dennoch, ob Innenzelte wirklich sinnvoll sind oder lediglich das Gewicht erh\u00f6hen. Schliesslich liegt der <\/strong><strong>Schlafsack<\/strong><strong> auch gut auf dem Zeltboden mit <\/strong><strong>Isomatte<\/strong><strong> oder der Pritsche. Was sich beim Zelten ver\u00e4ndert, wenn Sie ein Innenzelt nutzen oder darauf verzichten, erfahren Sie hier.<\/strong><\/p>\n<h2>Welche Zelte mit oder ohne Innenzelt<\/h2>\n<p style=\"text-align: justify;\">Sie erhalten Innenzelte f\u00fcr alle Zelttypen. Die Idee des Raums im Raum ist f\u00fcr Wohnwagenvorzelte, <a href=\"https:\/\/www.schlanser.ch\/zelte\/vorzelte\/reisemobil-busvorzelte\/\">Anbauzelte f\u00fcr den Camper<\/a> sowie f\u00fcr <a href=\"https:\/\/www.schlanser.ch\/zelte\/campingzelte\/familienzelte\/\">Familienzelte<\/a> erfolgreich umgesetzt. Oft sind sie beim Kauf dabei oder als Zubeh\u00f6r erh\u00e4ltlich. Da jedes Zelt anders geschnitten ist, bringen nur Innenkabinen vom Zelthersteller oder Massanfertigungen die perfekte Passform mit.<\/p>\n<p><img loading=\"lazy\" decoding=\"async\" class=\"aligncenter wp-image-6446 size-full\" title=\"Innenzelt Touring Deluxe von Berger | atmungsaktiv\" src=\"https:\/\/www.schlanser.ch\/magazin\/wp-content\/uploads\/2019\/04\/innenzelt-touring-deluxe.jpg\" alt=\"innenzelt-touring-deluxe\" width=\"600\" height=\"375\" srcset=\"https:\/\/www.schlanser.ch\/magazin\/wp-content\/uploads\/2019\/04\/innenzelt-touring-deluxe.jpg 600w, https:\/\/www.schlanser.ch\/magazin\/wp-content\/uploads\/2019\/04\/innenzelt-touring-deluxe-300x188.jpg 300w\" sizes=\"(max-width: 600px) 100vw, 600px\" \/><\/p>\n<p style=\"text-align: justify;\">Sie haben also wenig Auswahlm\u00f6glichkeiten und sollten vor dem Zeltkauf pr\u00fcfen, ob die angebotenen Innenzelte zu Ihren Bed\u00fcrfnissen passen. Individuelle Anforderungen ergeben sich daraus, wo, wie und zu welchen Jahreszeiten Sie Ferien machen. Zelte ohne Zeltboden sollten auf ein Innenzelt zum Schlafen keinesfalls verzichten.<\/p>\n<h2>Materialien mit unterschiedlichen Eigenschaften<\/h2>\n<p style=\"text-align: justify;\">Mesh oder Nylon sind h\u00e4ufig verwendete Materialien bei Innenkabinen. Mesh ist infolge der netzartigen Struktur wasser- und luftdurchl\u00e4ssig. Nylon &#8222;atmet&#8220; nicht so gut und ist &#8211; je nach Wassers\u00e4ule &#8211; wasserdicht.<\/p>\n<blockquote>\n<p style=\"text-align: justify;\">Eine der viel beklagten Bedingungen beim Camping ist Feuchtigkeit im (Vor-)Zelt, die im Fr\u00fchjahr, im Herbst und in warmen Wintern auftritt.<\/p>\n<\/blockquote>\n<p style=\"text-align: justify;\">Sinken die Temperaturen unter 0 \u00b0C, gefriert Kondenswasser und l\u00e4sst sich vor dem Packen leichter entfernen. Vor Niederschlag sch\u00fctzt die Schlafkabine meist nicht. Das ist Aufgabe des Aussenzeltes.<\/p>\n<h2>Das Problem beginnt nachts<\/h2>\n<p style=\"text-align: justify;\">Schon am fr\u00fchen Abend kann aufsteigende Feuchtigkeit aus dem Boden auftreten. Unbemannt und mit geschlossenem Eingang ist es in einem Innenzelt voraussichtlich weniger feucht. Es ist sehr angenehm, wenn Sie sich in einen warmen und trockenen Schlafsack schlafen legen. Sobald sich ein Schl\u00e4fer zur Ruhe begibt, entwickelt sich zwischen Innen- und Aussenzelt ein eigenes Klima: Die Aussenhaut ist kalt und die Innenzelthaut w\u00e4rmer.<\/p>\n<p><img loading=\"lazy\" decoding=\"async\" class=\"aligncenter wp-image-6440 size-full\" title=\"Berger Innenzelt und Schlafkabine\" src=\"https:\/\/www.schlanser.ch\/magazin\/wp-content\/uploads\/2019\/04\/innenzelt.jpg\" alt=\"innenzelt\" width=\"600\" height=\"600\" srcset=\"https:\/\/www.schlanser.ch\/magazin\/wp-content\/uploads\/2019\/04\/innenzelt.jpg 600w, https:\/\/www.schlanser.ch\/magazin\/wp-content\/uploads\/2019\/04\/innenzelt-150x150.jpg 150w, https:\/\/www.schlanser.ch\/magazin\/wp-content\/uploads\/2019\/04\/innenzelt-300x300.jpg 300w\" sizes=\"(max-width: 600px) 100vw, 600px\" \/><\/p>\n<p style=\"text-align: justify;\">Ohne Luftzug bildet sich Kondensat. Damit das nicht vom Zelthimmel tropft, brauchen Zelt und Innenzelt Durchl\u00fcftung, die viele Hersteller im Innenraum mit einem durchl\u00e4ssigen Material realisieren. F\u00fcr eine ausreichende Gr\u00f6sse der \u00d6ffnungen ist die Anzahl der Schlafpl\u00e4tze zu ber\u00fccksichtigen, wobei die separate Verschlussm\u00f6glichkeit der L\u00fcftung ein Qualit\u00e4tsmerkmal darstellt. Dunkles Nylon h\u00e4lt zus\u00e4tzlich Licht ab.<\/p>\n<h2>Es tropft vom Zeltdach<\/h2>\n<p style=\"text-align: justify;\">Kondenswasser ist beim Camping unvermeidlich. Zus\u00e4tzlich zur Feuchtigkeit aus Luft und Boden bringt der Mensch feuchte Atemluft ins Zelt. Die durchschnittliche K\u00f6rpertemperatur liegt bei circa 36 \u00b0C, was h\u00f6her ist als die \u00fcblichen Nachttemperaturen.<\/p>\n<blockquote>\n<p style=\"text-align: justify;\">Warme Luft steigt auf und gelangt durch die Bel\u00fcftung der Schlafkabinen an die Aussenhaut. Das reicht aus f\u00fcr Niederschlag an den k\u00fchleren Stellen im Zeltinnern: metallenes Gest\u00e4nge, die Campingausstattung, die Zelth\u00fclle.<\/p>\n<\/blockquote>\n<p style=\"text-align: justify;\">Kann sich ausreichend Wasser sammeln, dann tropft es. Was nachts friert, kann bei Sonnenaufgang auftauen und je k\u00e4lter es draussen ist, desto h\u00f6her ist die Kondenswasserbildung. Im Sommer wird es im Zelt hingegen eher schw\u00fcl, wenn die Bel\u00fcftung fehlt.<\/p>\n<h2>Bei Wind und Wetter und anderen Plagegeistern<\/h2>\n<p style=\"text-align: justify;\">Menschen zelten in allen Klimazonen vom ewigen Eis an den Polen bis zum tropischen \u00c4quator. Die meisten Klimaunterschiede \u00fcberbr\u00fcckt der Schlafsack. Zelt plus Innenzelt bedeutet mehr Gewicht und ist beim Zeltaufbau anspruchsvoller.<\/p>\n<p><img loading=\"lazy\" decoding=\"async\" class=\"aligncenter wp-image-6432 size-full\" title=\"Outwell Innenzelt f\u00fcr Ripple Anbau Air | atmungsaktiver Boden\" src=\"https:\/\/www.schlanser.ch\/magazin\/wp-content\/uploads\/2019\/04\/outwell-innenzelt-fuer-ripple-anbau-air.jpg\" alt=\"outwell-innenzelt-fuer-ripple-anbau-air\" width=\"600\" height=\"374\" srcset=\"https:\/\/www.schlanser.ch\/magazin\/wp-content\/uploads\/2019\/04\/outwell-innenzelt-fuer-ripple-anbau-air.jpg 600w, https:\/\/www.schlanser.ch\/magazin\/wp-content\/uploads\/2019\/04\/outwell-innenzelt-fuer-ripple-anbau-air-300x187.jpg 300w\" sizes=\"(max-width: 600px) 100vw, 600px\" \/><\/p>\n<p style=\"text-align: justify;\">Je nach Bauweise beginnt der Aufbau mit dem Schlafplatz und dem tragenden Gest\u00e4nge. Wind verursacht gegebenenfalls Probleme und bei Regen ist der Innenraum schon nass, bevor Sie hineingehen. Andere Konstruktionen beginnen mit dem Errichten des Aussenzelts. Die Innenkabine ist dann nur noch einzuh\u00e4ngen.<\/p>\n<blockquote>\n<p style=\"text-align: justify;\">Nach diesem Prinzip l\u00e4sst sich zum Beispiel das Anbauzelt von <a href=\"https:\/\/www.schlanser.ch\/outwell\/\">Outwell<\/a> zur Schlafkabine umbauen.<\/p>\n<\/blockquote>\n<p style=\"text-align: justify;\">Von <a href=\"https:\/\/www.schlanser.ch\/berger\/\">Berger<\/a> sind zus\u00e4tzliche Innenzelte f\u00fcr das Busvorzelt Morena erh\u00e4ltlich. L\u00e4stig und in manchen Regionen gef\u00e4hrlich sind Insekten: Ein Innenzelt l\u00e4sst die Qu\u00e4lgeister draussen.<\/p>\n<h2>Zugluft und Temperatur \u2013 nicht nur gef\u00fchlt<\/h2>\n<p style=\"text-align: justify;\">Innenzelte sch\u00fctzen je nach Konstruktion vor Feuchtigkeit und bieten Windschutz. In k\u00fchlen N\u00e4chten erw\u00e4rmt sich die Luft in der Schlafkabine mehr als im Aussenbereich. Da viele Zelte ohne Bodenwanne ausgestattet sind, ist die Bel\u00fcftung hervorragend: Durch einen nur schwierig abzudichtenden Abstand zwischen Aussenhaut und Boden weht jeder Luftstoss hinein. Frische Kleidung anzuziehen ist dann kein Vergn\u00fcgen.<\/p>\n<p><img loading=\"lazy\" decoding=\"async\" class=\"aligncenter wp-image-6437 size-full\" title=\"Outwell Innenzelt: Milestone\" src=\"https:\/\/www.schlanser.ch\/magazin\/wp-content\/uploads\/2019\/04\/outwell-innenzelt-milestone.jpg\" alt=\"outwell-innenzelt-milestone\" width=\"600\" height=\"369\" srcset=\"https:\/\/www.schlanser.ch\/magazin\/wp-content\/uploads\/2019\/04\/outwell-innenzelt-milestone.jpg 600w, https:\/\/www.schlanser.ch\/magazin\/wp-content\/uploads\/2019\/04\/outwell-innenzelt-milestone-300x185.jpg 300w\" sizes=\"(max-width: 600px) 100vw, 600px\" \/><\/p>\n<p style=\"text-align: justify;\">In schneereichen Regionen unterbinden Sie den Effekt, indem Sie das Zelt mit Schnee abdichten. Am Strand erf\u00fcllt Sand denselben Zweck. Alle anderen Methoden sind weitestgehend von bescheidenem Erfolg. Innenzelte vermeiden das Problem: Sie sind rundum geschlossen. In windigen Gegenden und bei niedrigen Temperaturen ist es in der Schlafkabine dadurch w\u00e4rmer.<\/p>\n<h2>Innenkabinen f\u00fcr g\u00e4ngige Camper-Zelte<\/h2>\n<p style=\"text-align: justify;\">Die gr\u00f6sstm\u00f6gliche Flexibilit\u00e4t erreichen Sie mit einem Innenzelt, das Sie wahlweise einsetzen oder weglassen. Beim Anbauzelt von Outwell nutzen Sie den zus\u00e4tzlichen Platz zum Aufenthalt oder schaffen mehr Schlafpl\u00e4tze, wenn das Reisemobil zu klein ist f\u00fcr alle Mitreisenden. Die Schlafkabine ist gross genug f\u00fcr ein komfortables Luftbett. Von diesem Hersteller erhalten Sie auch ein Innenzelt f\u00fcr das freistehende Zelt Milestone.<\/p>\n<p><center><img loading=\"lazy\" decoding=\"async\" class=\"alignnone wp-image-6427 size-full\" title=\"Innenzelt-Aufh\u00e4ngegummi | 10er Pack\" src=\"https:\/\/www.schlanser.ch\/magazin\/wp-content\/uploads\/2019\/04\/innenzelt-aufhaengegummi.jpg\" alt=\"innenzelt-aufhaengegummi\" width=\"300\" height=\"250\" \/> <img loading=\"lazy\" decoding=\"async\" class=\"alignnone wp-image-6428 size-full\" title=\"Innenzelt-Haken | f\u00fcr Gest\u00e4ngedurchmesser von ca. 2 cm\" src=\"https:\/\/www.schlanser.ch\/magazin\/wp-content\/uploads\/2019\/04\/innenzelt-haken.jpg\" alt=\"innenzelt-haken\" width=\"300\" height=\"250\" \/><\/center><\/p>\n<p style=\"text-align: justify;\">Berger bietet eine Schlafkabine f\u00fcr das Vorzelt Morena an sowie f\u00fcr die Modelle Turing Deluxe und Turing Summerstar. Mit Anh\u00e4ngegummis und Zelthaken zur Befestigung am Gest\u00e4nge bringen Sie sogar Beleuchtung ins Zelt.<\/p>\n<h2>Pro und Kontra von Innenzelten<\/h2>\n<p style=\"text-align: justify;\">Die Gewichtseinsparung beim Verzicht auf Innenkabinen ist hoch. Wer sich vor einem pl\u00f6tzlichen Wettersturz nicht f\u00fcrchtet, kommt durchaus ohne aus. Ein Zeltboden ist empfehlenswert, sonst rauscht bei Regen auch mal das Wasser durch das Zelt.<\/p>\n<p><img loading=\"lazy\" decoding=\"async\" class=\"aligncenter wp-image-6454 size-full\" title=\"Berger Bodenwanne Gazebo-L Deluxe\" src=\"https:\/\/www.schlanser.ch\/magazin\/wp-content\/uploads\/2019\/04\/berger-bodenwanne-gazebo-l-deluxe.jpg\" alt=\"berger-bodenwanne-gazebo-l-deluxe\" width=\"600\" height=\"375\" srcset=\"https:\/\/www.schlanser.ch\/magazin\/wp-content\/uploads\/2019\/04\/berger-bodenwanne-gazebo-l-deluxe.jpg 600w, https:\/\/www.schlanser.ch\/magazin\/wp-content\/uploads\/2019\/04\/berger-bodenwanne-gazebo-l-deluxe-300x188.jpg 300w\" sizes=\"(max-width: 600px) 100vw, 600px\" \/><\/p>\n<p style=\"text-align: justify;\">Noch wirksamer gegen N\u00e4sse ist eine Bodenwanne. Das reduzierte Gewicht kann allerdings nicht alle Vorz\u00fcge \u00fcberwiegen. So ist es im Innenzelt w\u00e4rmer als ohne, da das System aus zwei Schichten thermische Vorteile bietet und Wind abh\u00e4lt. Mancher erinnert sich unangenehm an ein Erwachen durch abtropfendes Kondenswasser. Dieser Schreckmoment tritt mit einem Innenzelt deutlich seltener auf. Nicht zuletzt kommt noch die psychologische Komponente hinzu: Die meisten schlafen in einem abgeschiedenen Raum besser.<\/p>\n<h2>Noch mehr Nutzen abseits der Bestimmung<\/h2>\n<p style=\"text-align: justify;\">Sogar, wenn im Camper ausreichend Schlafpl\u00e4tze vorhanden sind, ergeben sich mit den Kabinen Vorteile: Sie dienen als trockener, sauberer und gesch\u00fctzter Aufbewahrungsort f\u00fcr empfindliches Reisegep\u00e4ck. Vorsicht ist mit dem Zeltboden geboten, wenn mechanische Belastung droht: Die Unterlage von unten sch\u00fctzt vor Steinen. Eine weitere von innen rentiert sich bei der Gep\u00e4ckaufbewahrung.<\/p>\n<blockquote>\n<p style=\"text-align: justify;\">Ein Innenzelt zu besitzen, aber bei Belieben auch zu Hause zu lassen, er\u00f6ffnet alle M\u00f6glichkeiten f\u00fcr jede Art Ferienerlebnis.<\/p>\n<\/blockquote>\n","protected":false},"excerpt":{"rendered":"<p>\u00ab Wie? Warum? Wof\u00fcr? \u00bb Vordergr\u00fcndig dienen Innenzelte einem einzigen Zweck: Es sind Schlafkabinen. Viele fragen sich dennoch, ob Innenzelte wirklich sinnvoll sind oder lediglich das Gewicht erh\u00f6hen. Schliesslich liegt der Schlafsack auch gut auf dem Zeltboden mit Isomatte oder der Pritsche. Was sich beim Zelten ver\u00e4ndert, wenn Sie ein Innenzelt nutzen oder darauf verzichten, &hellip;<\/p>\n","protected":false},"author":1,"featured_media":6435,"comment_status":"closed","ping_status":"open","sticky":false,"template":"","format":"standard","meta":{"footnotes":""},"categories":[1],"tags":[845,847,18,848,499,846,843,842,56,844,13],"yoast_head":"<!-- This site is optimized with the Yoast SEO plugin v22.2 - https:\/\/yoast.com\/wordpress\/plugins\/seo\/ -->\n<title>Alles \u00fcber Innenzelte - Schlanser Magazin<\/title>\n<meta name=\"description\" content=\"Was sich beim Zelten ver\u00e4ndert, wenn Sie ein Innenzelt nutzen oder darauf verzichten, erfahren Sie im Schlanser Magazin \u2714\" \/>\n<meta name=\"robots\" content=\"index, follow, max-snippet:-1, max-image-preview:large, max-video-preview:-1\" \/>\n<link rel=\"canonical\" href=\"https:\/\/www.schlanser.ch\/magazin\/innenzelte\/\" \/>\n<meta property=\"og:locale\" content=\"de_DE\" \/>\n<meta property=\"og:type\" content=\"article\" \/>\n<meta property=\"og:title\" content=\"Alles \u00fcber Innenzelte - Schlanser Magazin\" \/>\n<meta property=\"og:description\" content=\"Was sich beim Zelten ver\u00e4ndert, wenn Sie ein Innenzelt nutzen oder darauf verzichten, erfahren Sie im Schlanser Magazin \u2714\" \/>\n<meta property=\"og:url\" content=\"https:\/\/www.schlanser.ch\/magazin\/innenzelte\/\" \/>\n<meta property=\"og:site_name\" content=\"Schlanser Magazin\" \/>\n<meta property=\"article:published_time\" content=\"2019-03-14T08:33:11+00:00\" \/>\n<meta property=\"article:modified_time\" content=\"2024-01-10T13:52:12+00:00\" \/>\n<meta property=\"og:image\" content=\"https:\/\/www.schlanser.ch\/magazin\/wp-content\/uploads\/2019\/04\/alles-ueber-innenzelte.jpg\" \/>\n\t<meta property=\"og:image:width\" content=\"800\" \/>\n\t<meta property=\"og:image:height\" content=\"533\" \/>\n\t<meta property=\"og:image:type\" content=\"image\/jpeg\" \/>\n<meta name=\"author\" content=\"admin\" \/>\n<meta name=\"twitter:card\" content=\"summary_large_image\" \/>\n<meta name=\"twitter:label1\" content=\"Verfasst von\" \/>\n\t<meta name=\"twitter:data1\" content=\"admin\" \/>\n\t<meta name=\"twitter:label2\" content=\"Gesch\u00e4tzte Lesezeit\" \/>\n\t<meta name=\"twitter:data2\" content=\"5 Minuten\" \/>\n<script type=\"application\/ld+json\" class=\"yoast-schema-graph\">{\"@context\":\"https:\/\/schema.org\",\"@graph\":[{\"@type\":\"WebPage\",\"@id\":\"https:\/\/www.schlanser.ch\/magazin\/innenzelte\/\",\"url\":\"https:\/\/www.schlanser.ch\/magazin\/innenzelte\/\",\"name\":\"Alles \u00fcber Innenzelte - Schlanser Magazin\",\"isPartOf\":{\"@id\":\"https:\/\/www.schlanser.ch\/magazin\/#website\"},\"primaryImageOfPage\":{\"@id\":\"https:\/\/www.schlanser.ch\/magazin\/innenzelte\/#primaryimage\"},\"image\":{\"@id\":\"https:\/\/www.schlanser.ch\/magazin\/innenzelte\/#primaryimage\"},\"thumbnailUrl\":\"https:\/\/www.schlanser.ch\/magazin\/wp-content\/uploads\/2019\/04\/alles-ueber-innenzelte.jpg\",\"datePublished\":\"2019-03-14T08:33:11+00:00\",\"dateModified\":\"2024-01-10T13:52:12+00:00\",\"author\":{\"@id\":\"https:\/\/www.schlanser.ch\/magazin\/#\/schema\/person\/000db0a103eb2594ba3daf394b1dfea2\"},\"description\":\"Was sich beim Zelten ver\u00e4ndert, wenn Sie ein Innenzelt nutzen oder darauf verzichten, erfahren Sie im Schlanser Magazin \u2714\",\"breadcrumb\":{\"@id\":\"https:\/\/www.schlanser.ch\/magazin\/innenzelte\/#breadcrumb\"},\"inLanguage\":\"de-DE\",\"potentialAction\":[{\"@type\":\"ReadAction\",\"target\":[\"https:\/\/www.schlanser.ch\/magazin\/innenzelte\/\"]}]},{\"@type\":\"ImageObject\",\"inLanguage\":\"de-DE\",\"@id\":\"https:\/\/www.schlanser.ch\/magazin\/innenzelte\/#primaryimage\",\"url\":\"https:\/\/www.schlanser.ch\/magazin\/wp-content\/uploads\/2019\/04\/alles-ueber-innenzelte.jpg\",\"contentUrl\":\"https:\/\/www.schlanser.ch\/magazin\/wp-content\/uploads\/2019\/04\/alles-ueber-innenzelte.jpg\",\"width\":800,\"height\":533},{\"@type\":\"BreadcrumbList\",\"@id\":\"https:\/\/www.schlanser.ch\/magazin\/innenzelte\/#breadcrumb\",\"itemListElement\":[{\"@type\":\"ListItem\",\"position\":1,\"name\":\"Startseite\",\"item\":\"https:\/\/www.schlanser.ch\/magazin\/\"},{\"@type\":\"ListItem\",\"position\":2,\"name\":\"Alles \u00fcber Innenzelte\"}]},{\"@type\":\"WebSite\",\"@id\":\"https:\/\/www.schlanser.ch\/magazin\/#website\",\"url\":\"https:\/\/www.schlanser.ch\/magazin\/\",\"name\":\"Schlanser Magazin\",\"description\":\"\",\"potentialAction\":[{\"@type\":\"SearchAction\",\"target\":{\"@type\":\"EntryPoint\",\"urlTemplate\":\"https:\/\/www.schlanser.ch\/magazin\/?s={search_term_string}\"},\"query-input\":\"required name=search_term_string\"}],\"inLanguage\":\"de-DE\"},{\"@type\":\"Person\",\"@id\":\"https:\/\/www.schlanser.ch\/magazin\/#\/schema\/person\/000db0a103eb2594ba3daf394b1dfea2\",\"name\":\"admin\",\"image\":{\"@type\":\"ImageObject\",\"inLanguage\":\"de-DE\",\"@id\":\"https:\/\/www.schlanser.ch\/magazin\/#\/schema\/person\/image\/\",\"url\":\"https:\/\/secure.gravatar.com\/avatar\/a794a4fe8a9b9c52241597eb381dfa2e?s=96&d=mm&r=g\",\"contentUrl\":\"https:\/\/secure.gravatar.com\/avatar\/a794a4fe8a9b9c52241597eb381dfa2e?s=96&d=mm&r=g\",\"caption\":\"admin\"}}]}<\/script>\n<!-- \/ Yoast SEO plugin. -->","yoast_head_json":{"title":"Alles \u00fcber Innenzelte - Schlanser Magazin","description":"Was sich beim Zelten ver\u00e4ndert, wenn Sie ein Innenzelt nutzen oder darauf verzichten, erfahren Sie im Schlanser Magazin \u2714","robots":{"index":"index","follow":"follow","max-snippet":"max-snippet:-1","max-image-preview":"max-image-preview:large","max-video-preview":"max-video-preview:-1"},"canonical":"https:\/\/www.schlanser.ch\/magazin\/innenzelte\/","og_locale":"de_DE","og_type":"article","og_title":"Alles \u00fcber Innenzelte - Schlanser Magazin","og_description":"Was sich beim Zelten ver\u00e4ndert, wenn Sie ein Innenzelt nutzen oder darauf verzichten, erfahren Sie im Schlanser Magazin \u2714","og_url":"https:\/\/www.schlanser.ch\/magazin\/innenzelte\/","og_site_name":"Schlanser Magazin","article_published_time":"2019-03-14T08:33:11+00:00","article_modified_time":"2024-01-10T13:52:12+00:00","og_image":[{"width":800,"height":533,"url":"https:\/\/www.schlanser.ch\/magazin\/wp-content\/uploads\/2019\/04\/alles-ueber-innenzelte.jpg","type":"image\/jpeg"}],"author":"admin","twitter_card":"summary_large_image","twitter_misc":{"Verfasst von":"admin","Gesch\u00e4tzte Lesezeit":"5 Minuten"},"schema":{"@context":"https:\/\/schema.org","@graph":[{"@type":"WebPage","@id":"https:\/\/www.schlanser.ch\/magazin\/innenzelte\/","url":"https:\/\/www.schlanser.ch\/magazin\/innenzelte\/","name":"Alles \u00fcber Innenzelte - Schlanser Magazin","isPartOf":{"@id":"https:\/\/www.schlanser.ch\/magazin\/#website"},"primaryImageOfPage":{"@id":"https:\/\/www.schlanser.ch\/magazin\/innenzelte\/#primaryimage"},"image":{"@id":"https:\/\/www.schlanser.ch\/magazin\/innenzelte\/#primaryimage"},"thumbnailUrl":"https:\/\/www.schlanser.ch\/magazin\/wp-content\/uploads\/2019\/04\/alles-ueber-innenzelte.jpg","datePublished":"2019-03-14T08:33:11+00:00","dateModified":"2024-01-10T13:52:12+00:00","author":{"@id":"https:\/\/www.schlanser.ch\/magazin\/#\/schema\/person\/000db0a103eb2594ba3daf394b1dfea2"},"description":"Was sich beim Zelten ver\u00e4ndert, wenn Sie ein Innenzelt nutzen oder darauf verzichten, erfahren Sie im Schlanser Magazin \u2714","breadcrumb":{"@id":"https:\/\/www.schlanser.ch\/magazin\/innenzelte\/#breadcrumb"},"inLanguage":"de-DE","potentialAction":[{"@type":"ReadAction","target":["https:\/\/www.schlanser.ch\/magazin\/innenzelte\/"]}]},{"@type":"ImageObject","inLanguage":"de-DE","@id":"https:\/\/www.schlanser.ch\/magazin\/innenzelte\/#primaryimage","url":"https:\/\/www.schlanser.ch\/magazin\/wp-content\/uploads\/2019\/04\/alles-ueber-innenzelte.jpg","contentUrl":"https:\/\/www.schlanser.ch\/magazin\/wp-content\/uploads\/2019\/04\/alles-ueber-innenzelte.jpg","width":800,"height":533},{"@type":"BreadcrumbList","@id":"https:\/\/www.schlanser.ch\/magazin\/innenzelte\/#breadcrumb","itemListElement":[{"@type":"ListItem","position":1,"name":"Startseite","item":"https:\/\/www.schlanser.ch\/magazin\/"},{"@type":"ListItem","position":2,"name":"Alles \u00fcber Innenzelte"}]},{"@type":"WebSite","@id":"https:\/\/www.schlanser.ch\/magazin\/#website","url":"https:\/\/www.schlanser.ch\/magazin\/","name":"Schlanser Magazin","description":"","potentialAction":[{"@type":"SearchAction","target":{"@type":"EntryPoint","urlTemplate":"https:\/\/www.schlanser.ch\/magazin\/?s={search_term_string}"},"query-input":"required name=search_term_string"}],"inLanguage":"de-DE"},{"@type":"Person","@id":"https:\/\/www.schlanser.ch\/magazin\/#\/schema\/person\/000db0a103eb2594ba3daf394b1dfea2","name":"admin","image":{"@type":"ImageObject","inLanguage":"de-DE","@id":"https:\/\/www.schlanser.ch\/magazin\/#\/schema\/person\/image\/","url":"https:\/\/secure.gravatar.com\/avatar\/a794a4fe8a9b9c52241597eb381dfa2e?s=96&d=mm&r=g","contentUrl":"https:\/\/secure.gravatar.com\/avatar\/a794a4fe8a9b9c52241597eb381dfa2e?s=96&d=mm&r=g","caption":"admin"}}]}},"_links":{"self":[{"href":"https:\/\/www.schlanser.ch\/magazin\/wp-json\/wp\/v2\/posts\/6423"}],"collection":[{"href":"https:\/\/www.schlanser.ch\/magazin\/wp-json\/wp\/v2\/posts"}],"about":[{"href":"https:\/\/www.schlanser.ch\/magazin\/wp-json\/wp\/v2\/types\/post"}],"author":[{"embeddable":true,"href":"https:\/\/www.schlanser.ch\/magazin\/wp-json\/wp\/v2\/users\/1"}],"replies":[{"embeddable":true,"href":"https:\/\/www.schlanser.ch\/magazin\/wp-json\/wp\/v2\/comments?post=6423"}],"version-history":[{"count":35,"href":"https:\/\/www.schlanser.ch\/magazin\/wp-json\/wp\/v2\/posts\/6423\/revisions"}],"predecessor-version":[{"id":17113,"href":"https:\/\/www.schlanser.ch\/magazin\/wp-json\/wp\/v2\/posts\/6423\/revisions\/17113"}],"wp:featuredmedia":[{"embeddable":true,"href":"https:\/\/www.schlanser.ch\/magazin\/wp-json\/wp\/v2\/media\/6435"}],"wp:attachment":[{"href":"https:\/\/www.schlanser.ch\/magazin\/wp-json\/wp\/v2\/media?parent=6423"}],"wp:term":[{"taxonomy":"category","embeddable":true,"href":"https:\/\/www.schlanser.ch\/magazin\/wp-json\/wp\/v2\/categories?post=6423"},{"taxonomy":"post_tag","embeddable":true,"href":"https:\/\/www.schlanser.ch\/magazin\/wp-json\/wp\/v2\/tags?post=6423"}],"curies":[{"name":"wp","href":"https:\/\/api.w.org\/{rel}","templated":true}]}}