{"id":643,"date":"2016-11-25T18:00:43","date_gmt":"2016-11-25T17:00:43","guid":{"rendered":"https:\/\/www.schlanser.ch\/magazin\/?p=643"},"modified":"2024-04-05T08:23:41","modified_gmt":"2024-04-05T06:23:41","slug":"wohnwagen-winterfest-machen","status":"publish","type":"post","link":"https:\/\/www.schlanser.ch\/magazin\/wohnwagen-winterfest-machen\/","title":{"rendered":"Wohnwagen winterfest machen"},"content":{"rendered":"<p style=\"text-align: justify;\"><strong>Wenn die Sommersaison zu Ende ist und die letzten goldenen Herbsttage nur noch Erinnerung, dann kommt die Zeit, um den Caravan f\u00fcr die K\u00e4lteperiode vorzubereiten. Wer kann, stellt seinen Wohnanh\u00e4nger in der Scheune oder Garage unter. Andere verbringen auch im Winter herrliche Tage auf dem Platz und unterwegs. Wieder andere lassen Ihren Camper einsam auf dem Dauerstellplatz am Meer zur\u00fcck. F\u00fcr die Zeit, in der ein Wohnwagen bei grosser K\u00e4lte unbewohnt bleibt, sind einige Vorbereitungen zu treffen.<\/strong><\/p>\n<h2>Dem Schmutz zu Leibe r\u00fccken<\/h2>\n<p style=\"text-align: justify;\">K\u00e4lte und vergleichsweise hohe Feuchtigkeit setzen dem Wohnanh\u00e4nger in der Wintersaison zu. Wie bei jedem anderen Fahrzeug ist die Unterbringung in Garage, Scheune oder im Carport optimal. Trotzdem kann der Campinganh\u00e4nger auch unter freiem Himmel ohne gr\u00f6ssere Sch\u00e4den \u00fcberwintern. Einige vorbereitende Massnahmen haben sich in der Vergangenheit als n\u00fctzlich erwiesen, um den Camper winterfest vorzubereiten.<\/p>\n<figure id=\"attachment_647\" aria-describedby=\"caption-attachment-647\" style=\"width: 600px\" class=\"wp-caption aligncenter\"><img loading=\"lazy\" decoding=\"async\" class=\"wp-image-647 size-full\" title=\"Wohnwagenw\u00e4sche\" src=\"https:\/\/www.schlanser.ch\/magazin\/wp-content\/uploads\/2016\/12\/Wohnwagenw\u00e4sche.jpg\" alt=\"\u00a9 Janni \/ Fotolia.com\" width=\"600\" height=\"415\" srcset=\"https:\/\/www.schlanser.ch\/magazin\/wp-content\/uploads\/2016\/12\/Wohnwagenw\u00e4sche.jpg 600w, https:\/\/www.schlanser.ch\/magazin\/wp-content\/uploads\/2016\/12\/Wohnwagenw\u00e4sche-300x208.jpg 300w, https:\/\/www.schlanser.ch\/magazin\/wp-content\/uploads\/2016\/12\/Wohnwagenw\u00e4sche-110x75.jpg 110w\" sizes=\"(max-width: 600px) 100vw, 600px\" \/><figcaption id=\"caption-attachment-647\" class=\"wp-caption-text\">\u00a9 Janni \/ Fotolia.com<\/figcaption><\/figure>\n<p style=\"text-align: justify;\">Dazu z\u00e4hlt zum Beispiel die gr\u00fcndliche Reinigung innen und aussen, da anhaftender Schmutz dem Verfall Vorschub leistet: Wo noch Metallteile am Caravan verbaut sind, steigt das Risiko der Korrosion oder es bilden sich Moos und Flechten, die schwer entfernbare Flecken auf der Aussenhaut hinterlassen. Sollten sich diese bereits zeigen, nutzen Sie <a href=\"https:\/\/www.schlanser.ch\/zelte\/zeltzubehoer\/impraegnieren-reinigen-pflegen\/\">Spezialreiniger<\/a> f\u00fcr unterschiedliche Problemstellungen. Soweit dies m\u00f6glich ist sollten Sie auch den Unterboden reinigen. Wenn Sie zum Wintercamping unterwegs sind und Streusalz auf den Strassen liegt, sind die Folgen \u00e4hnlich wie beim Kraftfahrzeug.<\/p>\n<h2>Winterfest: Komfortverlust auf Zeit<\/h2>\n<p style=\"text-align: justify;\">Wenn Sie den Wohnwagen winterfest machen ist auch endlich die Zeit gekommen, kleine Reparaturen durchzuf\u00fchren, die warten mussten, weil beispielsweise Ihr Einsatz am Grill erforderlich war. Erledigen Sie es sp\u00e4testens jetzt, bevor Sie sich im Fr\u00fchjahr noch einmal dar\u00fcber \u00e4rgern. Eine aufmerksame Kontrolle entlarvt gegebenenfalls Besch\u00e4digungen, die vorher kaum auffielen. Jetzt profitieren Sie noch vom vollkommenen Komfort mit Heizung und Wasser. Wenn der Caravan winterfest ist, sind alle Tanks entleert.<\/p>\n<p style=\"text-align: justify;\"><img loading=\"lazy\" decoding=\"async\" class=\"aligncenter wp-image-652 size-full\" title=\"THETFORD Porta Potti Cassettentoilette C 200\" src=\"https:\/\/www.schlanser.ch\/magazin\/wp-content\/uploads\/2016\/12\/Thetford-Porta-Potti-Cassettentoilette-C-200.jpg\" alt=\"thetford-porta-potti-cassettentoilette-c-200\" width=\"600\" height=\"680\" srcset=\"https:\/\/www.schlanser.ch\/magazin\/wp-content\/uploads\/2016\/12\/Thetford-Porta-Potti-Cassettentoilette-C-200.jpg 600w, https:\/\/www.schlanser.ch\/magazin\/wp-content\/uploads\/2016\/12\/Thetford-Porta-Potti-Cassettentoilette-C-200-265x300.jpg 265w\" sizes=\"(max-width: 600px) 100vw, 600px\" \/><\/p>\n<p style=\"text-align: justify;\">Beim mobilen WC ist es sinnvoll, die Sp\u00fclung bei entleertem Tank noch einmal zu bet\u00e4tigen, um die Zuleitungen freizubekommen. Bei einer fest installierten L\u00f6sung f\u00fcr Trink- und Abwasser lassen sich die Leitungen gegebenenfalls mithilfe von Druckluft trockenlegen. Folgen Sie daf\u00fcr den Anweisungen des Herstellers. In jedem Fall m\u00fcssen im Winter die H\u00e4hne ge\u00f6ffnet bleiben. Eis nimmt mehr Raum ein als Wasser und das sich ausdehnende Element ist durchaus in der Lage, Leitungen oder Dichtungen zu besch\u00e4digen.<\/p>\n<div class=\"box info  \"><div class=\"box-inner-block\"><i class=\"fa tie-shortcode-boxicon\"><\/i>\n\t\t\tWas Sie auch ben\u00f6tigen, um im <a href=\"https:\/\/www.schlanser.ch\/erlebniswelten\/fit-fuer-den-winter\/\">Winter zu campen<\/a>: von der Zusatzheizung bis zur Isomatte finden Sie alles, was wichtig ist, in unserer Erlebniswelt.\n\t\t\t<\/div><\/div>\n<h2>Alles muss raus<\/h2>\n<p style=\"text-align: justify;\">Was nicht in der Winterzeit genutzt wird, \u00fcberwintert besser im Haus. Textilien nehmen Feuchtigkeit auf und Papier setzt im ung\u00fcnstigen Fall Schimmel an. Vorsicht ist vor allem bei den Vorr\u00e4ten angezeigt: Was Wasser aufnimmt, ist in luftdicht schliessenden Dosen aufzubewahren. Das gilt besonders f\u00fcr Salzstreuer oder Reis. Beide sind bekannt f\u00fcr ihre F\u00e4higkeit, Wasser zu speichern. Besonders Salz kann weit mehr Wasser aufnehmen, als es Volumen besitzt.<\/p>\n<p style=\"text-align: justify;\"><img loading=\"lazy\" decoding=\"async\" class=\"alignleft wp-image-659 size-full\" title=\"Berger Raum-Luftentfeuchter Box\" src=\"https:\/\/www.schlanser.ch\/magazin\/wp-content\/uploads\/2016\/12\/Berger-Raum-Luftentfeuchter-Box.jpg\" alt=\"berger-raum-luftentfeuchter-box\" width=\"298\" height=\"300\" srcset=\"https:\/\/www.schlanser.ch\/magazin\/wp-content\/uploads\/2016\/12\/Berger-Raum-Luftentfeuchter-Box.jpg 298w, https:\/\/www.schlanser.ch\/magazin\/wp-content\/uploads\/2016\/12\/Berger-Raum-Luftentfeuchter-Box-150x150.jpg 150w\" sizes=\"(max-width: 298px) 100vw, 298px\" \/>Vorsichtshalber geschieht die Aufbewahrung im Wohnwagen in einer gr\u00f6sseren Sch\u00fcssel, die in regelm\u00e4ssigen Abst\u00e4nden zu kontrollieren ist. Das trifft ebenso auf Raumentfeuchter mit Trockengranulat zu.<\/p>\n<p style=\"text-align: justify;\">Konservendosen \u00fcberstehen die Frostperiode besser als Lebensmittel mit hohem Feuchtigkeitsgehalt wie eingelegte Fr\u00fcchte.<\/p>\n<p style=\"text-align: justify;\">Glas platzt und Schraubverschl\u00fcsse von Getr\u00e4nkeflaschen geben nach. Bedenken Sie auch, dass nur hochprozentiger Alkohol nicht gefriert.<\/p>\n<h2>Luftzirkulation sch\u00fctzt vor Schimmelbildung<\/h2>\n<p style=\"text-align: justify;\">Bel\u00fcftung ist die beste Versicherung gegen Sch\u00e4den durch Luftfeuchtigkeit. Die bildet sich schon bei intensiver Sonneneinstrahlung und auch dann, wenn draussen noch Minustemperaturen herrschen. Die Zwangsbel\u00fcftung ist offen zu halten, wenn Sie den Wohnwagen winterfest machen.<\/p>\n<p style=\"text-align: justify;\"><img loading=\"lazy\" decoding=\"async\" class=\"alignright wp-image-694 size-full\" title=\"Dometic K\u00fchlschrank Bel\u00fcftungs-System\" src=\"https:\/\/www.schlanser.ch\/magazin\/wp-content\/uploads\/2016\/12\/Dometic-K\u00fchlschrank-Bel\u00fcftungs-System.jpg\" alt=\"dometic-kuehlschrank-belueftungs-system\" width=\"349\" height=\"140\" srcset=\"https:\/\/www.schlanser.ch\/magazin\/wp-content\/uploads\/2016\/12\/Dometic-K\u00fchlschrank-Bel\u00fcftungs-System.jpg 349w, https:\/\/www.schlanser.ch\/magazin\/wp-content\/uploads\/2016\/12\/Dometic-K\u00fchlschrank-Bel\u00fcftungs-System-300x120.jpg 300w\" sizes=\"(max-width: 349px) 100vw, 349px\" \/>Zus\u00e4tzlich sind alle Stauk\u00e4sten, R\u00e4ume und Schr\u00e4nke zu \u00f6ffnen. Kann die Luft auch die Innenseite der Aussenw\u00e4nde erreichen, sinkt die Gefahr f\u00fcr Sch\u00e4den an schwer zug\u00e4nglichen Stellen. Besonders beim Wintercamping ist einmaliges Heizen bei ge\u00f6ffneten Stauk\u00e4sten empfehlenswert. Drehen Sie daf\u00fcr die Heizung auf und machen Sie am besten einen kleinen Spaziergang bis die W\u00e4rme auch in die hinteren Ecken gelangt ist. Erst dann schliessen Sie Stauk\u00e4sten und Schr\u00e4nke und legen die Polster wieder auf.<\/p>\n<p style=\"text-align: justify;\"><img loading=\"lazy\" decoding=\"async\" class=\"aligncenter wp-image-661 size-full\" title=\"Otten Matratze Princess | f\u00fcr besten Schlafkomfort im Campingfahrzeug\" src=\"https:\/\/www.schlanser.ch\/magazin\/wp-content\/uploads\/2016\/12\/Otten-Matratze-Princess.jpg\" alt=\"otten-matratze-princess\" width=\"600\" height=\"369\" srcset=\"https:\/\/www.schlanser.ch\/magazin\/wp-content\/uploads\/2016\/12\/Otten-Matratze-Princess.jpg 600w, https:\/\/www.schlanser.ch\/magazin\/wp-content\/uploads\/2016\/12\/Otten-Matratze-Princess-300x185.jpg 300w\" sizes=\"(max-width: 600px) 100vw, 600px\" \/><\/p>\n<p style=\"text-align: justify;\">Bei durchg\u00e4ngigen Matratzen sorgen Sie zus\u00e4tzlich f\u00fcr ein Optimum an Bel\u00fcftung von unten. Im Winter ist das Aufstellen der Polster sinnvoll. Wichtig ist aber auch, dass diese nicht an die Fenster anlehnen. Unter Umst\u00e4nden kann das zum Platzen der Fenster f\u00fchren. Der K\u00fchlschrank im Wohnwagen bleibt am besten offen. Eine Sch\u00fcssel Salz sorgt f\u00fcr das Fernbleiben von Schimmel, eine Sch\u00fcssel billigen Kaffees f\u00fcr Wohlgeruch im Fr\u00fchjahr.<\/p>\n<h2>Sicher aufstellen und Pflegemassnahmen ergreifen<\/h2>\n<p style=\"text-align: justify;\">Wenn der Wohnwagen auf dem Campingplatz bleibt, haben Sie f\u00fcr einen sicheren Stand wahrscheinlich gesorgt. Idealerweise steht der Wohnanh\u00e4nger <a href=\"https:\/\/www.schlanser.ch\/fahrzeug\/wohnwagen-wohnmobil-zubehoer\/wagenheber-stuetzen\/\">mit ausgefahrenen St\u00fctzen<\/a> auf festem und trockenem Untergrund. Viele empfehlen es, die Reifen mit etwa 0,5 bar zus\u00e4tzlich aufzupumpen. Ziehen Sie aber die Handbremse nicht an \u2013 sie k\u00f6nnte sich festsetzen.<\/p>\n<p style=\"text-align: justify;\"><img loading=\"lazy\" decoding=\"async\" class=\"alignright wp-image-667 size-full\" title=\"Berger Wandtasche f\u00fcr Keile | zur Aufbewahrung von Auffahrkeilen\" src=\"https:\/\/www.schlanser.ch\/magazin\/wp-content\/uploads\/2016\/12\/Wandtasche-f\u00fcr-Keile.jpg\" alt=\"wandtasche-fuer-keile\" width=\"295\" height=\"295\" srcset=\"https:\/\/www.schlanser.ch\/magazin\/wp-content\/uploads\/2016\/12\/Wandtasche-f\u00fcr-Keile.jpg 295w, https:\/\/www.schlanser.ch\/magazin\/wp-content\/uploads\/2016\/12\/Wandtasche-f\u00fcr-Keile-150x150.jpg 150w\" sizes=\"(max-width: 295px) 100vw, 295px\" \/>Nutzen Sie stattdessen Keile, um die R\u00e4der zu sichern. Einer hohen Schneelast wirken Aufstellstangen unter dem Wohnwagendach entgegen. Im ung\u00fcnstigen Fall wird sich das Dach sonst verformen. F\u00fcr einen Tropfen Kriech\u00f6l auf Scharniere und Gewinde ist jetzt die richtige Zeit. Gummidichtungen, die mit unempfindlichen Oberfl\u00e4chen in Ber\u00fchrung kommen, bleiben mit glyzerinhaltigen Pflegemitteln geschmeidig.<\/p>\n<h2>Weitere Massnahmen f\u00fcr winterfeste Wohnanh\u00e4nger<\/h2>\n<p style=\"text-align: justify;\">Gash\u00e4hne im Wohnwagen sind jetzt zu schliessen. Ob die Gasflaschen montiert bleiben, ist Geschmackssache. Technisch bestehen keine Einw\u00e4nde gegen den Verbleib im winterfesten Caravan. Allerdings sind sie ideale Beute f\u00fcr Diebe, die mit dem Aufbruch des Flaschenkastens mehr Schaden anrichten als durch den eigentlichen Diebstahl.<\/p>\n<p style=\"text-align: justify;\"><img loading=\"lazy\" decoding=\"async\" class=\"aligncenter wp-image-669 size-full\" title=\"Froli Gasflaschenhalterung aus Kunststoff\" src=\"https:\/\/www.schlanser.ch\/magazin\/wp-content\/uploads\/2016\/12\/Froli-Gasflaschenhalterung-aus-Kunststoff.jpg\" alt=\"froli-gasflaschenhalterung-aus-kunststoff\" width=\"600\" height=\"600\" srcset=\"https:\/\/www.schlanser.ch\/magazin\/wp-content\/uploads\/2016\/12\/Froli-Gasflaschenhalterung-aus-Kunststoff.jpg 600w, https:\/\/www.schlanser.ch\/magazin\/wp-content\/uploads\/2016\/12\/Froli-Gasflaschenhalterung-aus-Kunststoff-150x150.jpg 150w, https:\/\/www.schlanser.ch\/magazin\/wp-content\/uploads\/2016\/12\/Froli-Gasflaschenhalterung-aus-Kunststoff-300x300.jpg 300w\" sizes=\"(max-width: 600px) 100vw, 600px\" \/><\/p>\n<p style=\"text-align: justify;\">Wer das Abschliessen &#8222;vergisst&#8220;, beugt Vandalismus vor. Die Gasflaschen lassen sich ebenso im Wohnwageninneren aufbewahren, was weitere Vorteile verspricht: Ist der Camper leer und damit leicht, wird er zum Spielball des Winds.<\/p>\n<figure id=\"attachment_683\" aria-describedby=\"caption-attachment-683\" style=\"width: 600px\" class=\"wp-caption aligncenter\"><img loading=\"lazy\" decoding=\"async\" class=\"wp-image-683 size-full\" title=\"Der Aufstellplatz muss gut gew\u00e4hlt sein\" src=\"https:\/\/www.schlanser.ch\/magazin\/wp-content\/uploads\/2016\/12\/Der-Aufstellplatz-muss-gut-gew\u00e4hlt-sein.jpg\" alt=\"\u00a9 Tamas Zsebok \/ Fotolia.com\" width=\"600\" height=\"402\" srcset=\"https:\/\/www.schlanser.ch\/magazin\/wp-content\/uploads\/2016\/12\/Der-Aufstellplatz-muss-gut-gew\u00e4hlt-sein.jpg 600w, https:\/\/www.schlanser.ch\/magazin\/wp-content\/uploads\/2016\/12\/Der-Aufstellplatz-muss-gut-gew\u00e4hlt-sein-300x201.jpg 300w, https:\/\/www.schlanser.ch\/magazin\/wp-content\/uploads\/2016\/12\/Der-Aufstellplatz-muss-gut-gew\u00e4hlt-sein-110x75.jpg 110w\" sizes=\"(max-width: 600px) 100vw, 600px\" \/><figcaption id=\"caption-attachment-683\" class=\"wp-caption-text\">\u00a9 Tamas Zsebok \/ Fotolia.com<\/figcaption><\/figure>\n<p style=\"text-align: justify;\">Der Aufstellplatz muss gut gew\u00e4hlt sein. Herabst\u00fcrzende \u00c4ste, die unter der Schneelast nachgeben, bergen die Gefahr schwerer Sch\u00e4den. In der Zeit, in der Sie den Wohnwagen winterfest machen, suchen auch frei lebende Tiere nach einem Winterquartier. Vielleicht erobert die Maus genau dann das Terrain, wenn Sie die notwendigen Arbeiten erledigen. Das Aufstellen einer Falle beugt b\u00f6sen \u00dcberraschungen vor. Wenn Sie keine t\u00e4glichen Kontrollg\u00e4nge durchf\u00fchren, nutzen Sie bitte Totfallen. In einer Lebendfalle verendet das Tier elend.<\/p>\n<h2>Die neue Saison steht vor der T\u00fcr<\/h2>\n<p style=\"text-align: justify;\"><img loading=\"lazy\" decoding=\"async\" class=\"alignright wp-image-680 size-full\" title=\"Universal-Weithalskanister mit integriertem Tragegriff\" src=\"https:\/\/www.schlanser.ch\/magazin\/wp-content\/uploads\/2016\/12\/Universal-Weithalskanister-mit-integriertem-Tragegriff.jpg\" alt=\"universal-weithalskanister-mit-integriertem-tragegriff\" width=\"182\" height=\"265\" \/>Trink- und Abwassertanks reinigen Sie am besten regelm\u00e4ssig mit den entsprechenden Mitteln, sp\u00e4testens jedoch, sobald die Sonne wieder h\u00f6her am Himmel steht. Zus\u00e4tze f\u00fcr keimfreies Wasser geh\u00f6ren zur Grundausstattung, wo kein Wasseranschluss verf\u00fcgbar ist.<\/p>\n<p style=\"text-align: justify;\">Bei einem Trinkwasserkanister ist der Variante mit Weithals der Vorzug zu geben: Hartn\u00e4ckige Bel\u00e4ge lassen sich einfacher entfernen, wenn Sie mit der Hand hineingreifen k\u00f6nnen. So vorbereitet wird Ihr Wohnanh\u00e4nger dem Winter trotzen, was jedoch keine Einladung sein soll, erst im Fr\u00fchjahr nach dem Rechten zu sehen.<\/p>\n<p style=\"text-align: justify;\">Selbst bei l\u00e4ngeren Anfahrten sind regelm\u00e4ssige Kontrollen unverzichtbar. Fr\u00fchzeitig erkannte Sch\u00e4den fallen geringer aus, wenn Wind und Wetter nicht monatelange eine Angriffsfl\u00e4che finden. Dann wird auch die neue Saison wieder zu einem echten Vergn\u00fcgen.<\/p>\n","protected":false},"excerpt":{"rendered":"<p>Wenn die Sommersaison zu Ende ist und die letzten goldenen Herbsttage nur noch Erinnerung, dann kommt die Zeit, um den Caravan f\u00fcr die K\u00e4lteperiode vorzubereiten. Wer kann, stellt seinen Wohnanh\u00e4nger in der Scheune oder Garage unter. Andere verbringen auch im Winter herrliche Tage auf dem Platz und unterwegs. Wieder andere lassen Ihren Camper einsam auf &hellip;<\/p>\n","protected":false},"author":1,"featured_media":645,"comment_status":"closed","ping_status":"open","sticky":false,"template":"","format":"standard","meta":{"footnotes":""},"categories":[1],"tags":[96,18,92,29,103,104,84,94,98,97,95,61,100,102,93,91,99,101,105,23],"yoast_head":"<!-- This site is optimized with the Yoast SEO plugin v22.2 - https:\/\/yoast.com\/wordpress\/plugins\/seo\/ -->\n<title>Wohnwagen winterfest machen - Schlanser Magazin<\/title>\n<meta name=\"description\" content=\"Wenn die campingfreie Zeit anbricht sollte Ihr Wohnwagen winterfest sein \u2013 das Schlanser Magazin erkl\u00e4rt, wie Sie Ihren Wohnwagen vorbereiten \u2714\" \/>\n<meta name=\"robots\" content=\"index, follow, max-snippet:-1, max-image-preview:large, max-video-preview:-1\" \/>\n<link rel=\"canonical\" href=\"https:\/\/www.schlanser.ch\/magazin\/wohnwagen-winterfest-machen\/\" \/>\n<meta property=\"og:locale\" content=\"de_DE\" \/>\n<meta property=\"og:type\" content=\"article\" \/>\n<meta property=\"og:title\" content=\"Wohnwagen winterfest machen - Schlanser Magazin\" \/>\n<meta property=\"og:description\" content=\"Wenn die campingfreie Zeit anbricht sollte Ihr Wohnwagen winterfest sein \u2013 das Schlanser Magazin erkl\u00e4rt, wie Sie Ihren Wohnwagen vorbereiten \u2714\" \/>\n<meta property=\"og:url\" content=\"https:\/\/www.schlanser.ch\/magazin\/wohnwagen-winterfest-machen\/\" \/>\n<meta property=\"og:site_name\" content=\"Schlanser Magazin\" \/>\n<meta property=\"article:published_time\" content=\"2016-11-25T17:00:43+00:00\" \/>\n<meta property=\"article:modified_time\" content=\"2024-04-05T06:23:41+00:00\" \/>\n<meta property=\"og:image\" content=\"https:\/\/www.schlanser.ch\/magazin\/wp-content\/uploads\/2016\/12\/Wohnwagen-winterfest-machen.jpg\" \/>\n\t<meta property=\"og:image:width\" content=\"800\" \/>\n\t<meta property=\"og:image:height\" content=\"533\" \/>\n\t<meta property=\"og:image:type\" content=\"image\/jpeg\" \/>\n<meta name=\"author\" content=\"admin\" \/>\n<meta name=\"twitter:card\" content=\"summary_large_image\" \/>\n<meta name=\"twitter:label1\" content=\"Verfasst von\" \/>\n\t<meta name=\"twitter:data1\" content=\"admin\" \/>\n\t<meta name=\"twitter:label2\" content=\"Gesch\u00e4tzte Lesezeit\" \/>\n\t<meta name=\"twitter:data2\" content=\"9 Minuten\" \/>\n<script type=\"application\/ld+json\" class=\"yoast-schema-graph\">{\"@context\":\"https:\/\/schema.org\",\"@graph\":[{\"@type\":\"WebPage\",\"@id\":\"https:\/\/www.schlanser.ch\/magazin\/wohnwagen-winterfest-machen\/\",\"url\":\"https:\/\/www.schlanser.ch\/magazin\/wohnwagen-winterfest-machen\/\",\"name\":\"Wohnwagen winterfest machen - Schlanser Magazin\",\"isPartOf\":{\"@id\":\"https:\/\/www.schlanser.ch\/magazin\/#website\"},\"primaryImageOfPage\":{\"@id\":\"https:\/\/www.schlanser.ch\/magazin\/wohnwagen-winterfest-machen\/#primaryimage\"},\"image\":{\"@id\":\"https:\/\/www.schlanser.ch\/magazin\/wohnwagen-winterfest-machen\/#primaryimage\"},\"thumbnailUrl\":\"https:\/\/www.schlanser.ch\/magazin\/wp-content\/uploads\/2016\/12\/Wohnwagen-winterfest-machen.jpg\",\"datePublished\":\"2016-11-25T17:00:43+00:00\",\"dateModified\":\"2024-04-05T06:23:41+00:00\",\"author\":{\"@id\":\"https:\/\/www.schlanser.ch\/magazin\/#\/schema\/person\/000db0a103eb2594ba3daf394b1dfea2\"},\"description\":\"Wenn die campingfreie Zeit anbricht sollte Ihr Wohnwagen winterfest sein \u2013 das Schlanser Magazin erkl\u00e4rt, wie Sie Ihren Wohnwagen vorbereiten \u2714\",\"breadcrumb\":{\"@id\":\"https:\/\/www.schlanser.ch\/magazin\/wohnwagen-winterfest-machen\/#breadcrumb\"},\"inLanguage\":\"de-DE\",\"potentialAction\":[{\"@type\":\"ReadAction\",\"target\":[\"https:\/\/www.schlanser.ch\/magazin\/wohnwagen-winterfest-machen\/\"]}]},{\"@type\":\"ImageObject\",\"inLanguage\":\"de-DE\",\"@id\":\"https:\/\/www.schlanser.ch\/magazin\/wohnwagen-winterfest-machen\/#primaryimage\",\"url\":\"https:\/\/www.schlanser.ch\/magazin\/wp-content\/uploads\/2016\/12\/Wohnwagen-winterfest-machen.jpg\",\"contentUrl\":\"https:\/\/www.schlanser.ch\/magazin\/wp-content\/uploads\/2016\/12\/Wohnwagen-winterfest-machen.jpg\",\"width\":800,\"height\":533,\"caption\":\"\u00a9 travel3000 \/ Fotolia.com\"},{\"@type\":\"BreadcrumbList\",\"@id\":\"https:\/\/www.schlanser.ch\/magazin\/wohnwagen-winterfest-machen\/#breadcrumb\",\"itemListElement\":[{\"@type\":\"ListItem\",\"position\":1,\"name\":\"Startseite\",\"item\":\"https:\/\/www.schlanser.ch\/magazin\/\"},{\"@type\":\"ListItem\",\"position\":2,\"name\":\"Wohnwagen winterfest machen\"}]},{\"@type\":\"WebSite\",\"@id\":\"https:\/\/www.schlanser.ch\/magazin\/#website\",\"url\":\"https:\/\/www.schlanser.ch\/magazin\/\",\"name\":\"Schlanser Magazin\",\"description\":\"\",\"potentialAction\":[{\"@type\":\"SearchAction\",\"target\":{\"@type\":\"EntryPoint\",\"urlTemplate\":\"https:\/\/www.schlanser.ch\/magazin\/?s={search_term_string}\"},\"query-input\":\"required name=search_term_string\"}],\"inLanguage\":\"de-DE\"},{\"@type\":\"Person\",\"@id\":\"https:\/\/www.schlanser.ch\/magazin\/#\/schema\/person\/000db0a103eb2594ba3daf394b1dfea2\",\"name\":\"admin\",\"image\":{\"@type\":\"ImageObject\",\"inLanguage\":\"de-DE\",\"@id\":\"https:\/\/www.schlanser.ch\/magazin\/#\/schema\/person\/image\/\",\"url\":\"https:\/\/secure.gravatar.com\/avatar\/a794a4fe8a9b9c52241597eb381dfa2e?s=96&d=mm&r=g\",\"contentUrl\":\"https:\/\/secure.gravatar.com\/avatar\/a794a4fe8a9b9c52241597eb381dfa2e?s=96&d=mm&r=g\",\"caption\":\"admin\"}}]}<\/script>\n<!-- \/ Yoast SEO plugin. -->","yoast_head_json":{"title":"Wohnwagen winterfest machen - Schlanser Magazin","description":"Wenn die campingfreie Zeit anbricht sollte Ihr Wohnwagen winterfest sein \u2013 das Schlanser Magazin erkl\u00e4rt, wie Sie Ihren Wohnwagen vorbereiten \u2714","robots":{"index":"index","follow":"follow","max-snippet":"max-snippet:-1","max-image-preview":"max-image-preview:large","max-video-preview":"max-video-preview:-1"},"canonical":"https:\/\/www.schlanser.ch\/magazin\/wohnwagen-winterfest-machen\/","og_locale":"de_DE","og_type":"article","og_title":"Wohnwagen winterfest machen - Schlanser Magazin","og_description":"Wenn die campingfreie Zeit anbricht sollte Ihr Wohnwagen winterfest sein \u2013 das Schlanser Magazin erkl\u00e4rt, wie Sie Ihren Wohnwagen vorbereiten \u2714","og_url":"https:\/\/www.schlanser.ch\/magazin\/wohnwagen-winterfest-machen\/","og_site_name":"Schlanser Magazin","article_published_time":"2016-11-25T17:00:43+00:00","article_modified_time":"2024-04-05T06:23:41+00:00","og_image":[{"width":800,"height":533,"url":"https:\/\/www.schlanser.ch\/magazin\/wp-content\/uploads\/2016\/12\/Wohnwagen-winterfest-machen.jpg","type":"image\/jpeg"}],"author":"admin","twitter_card":"summary_large_image","twitter_misc":{"Verfasst von":"admin","Gesch\u00e4tzte Lesezeit":"9 Minuten"},"schema":{"@context":"https:\/\/schema.org","@graph":[{"@type":"WebPage","@id":"https:\/\/www.schlanser.ch\/magazin\/wohnwagen-winterfest-machen\/","url":"https:\/\/www.schlanser.ch\/magazin\/wohnwagen-winterfest-machen\/","name":"Wohnwagen winterfest machen - Schlanser Magazin","isPartOf":{"@id":"https:\/\/www.schlanser.ch\/magazin\/#website"},"primaryImageOfPage":{"@id":"https:\/\/www.schlanser.ch\/magazin\/wohnwagen-winterfest-machen\/#primaryimage"},"image":{"@id":"https:\/\/www.schlanser.ch\/magazin\/wohnwagen-winterfest-machen\/#primaryimage"},"thumbnailUrl":"https:\/\/www.schlanser.ch\/magazin\/wp-content\/uploads\/2016\/12\/Wohnwagen-winterfest-machen.jpg","datePublished":"2016-11-25T17:00:43+00:00","dateModified":"2024-04-05T06:23:41+00:00","author":{"@id":"https:\/\/www.schlanser.ch\/magazin\/#\/schema\/person\/000db0a103eb2594ba3daf394b1dfea2"},"description":"Wenn die campingfreie Zeit anbricht sollte Ihr Wohnwagen winterfest sein \u2013 das Schlanser Magazin erkl\u00e4rt, wie Sie Ihren Wohnwagen vorbereiten \u2714","breadcrumb":{"@id":"https:\/\/www.schlanser.ch\/magazin\/wohnwagen-winterfest-machen\/#breadcrumb"},"inLanguage":"de-DE","potentialAction":[{"@type":"ReadAction","target":["https:\/\/www.schlanser.ch\/magazin\/wohnwagen-winterfest-machen\/"]}]},{"@type":"ImageObject","inLanguage":"de-DE","@id":"https:\/\/www.schlanser.ch\/magazin\/wohnwagen-winterfest-machen\/#primaryimage","url":"https:\/\/www.schlanser.ch\/magazin\/wp-content\/uploads\/2016\/12\/Wohnwagen-winterfest-machen.jpg","contentUrl":"https:\/\/www.schlanser.ch\/magazin\/wp-content\/uploads\/2016\/12\/Wohnwagen-winterfest-machen.jpg","width":800,"height":533,"caption":"\u00a9 travel3000 \/ Fotolia.com"},{"@type":"BreadcrumbList","@id":"https:\/\/www.schlanser.ch\/magazin\/wohnwagen-winterfest-machen\/#breadcrumb","itemListElement":[{"@type":"ListItem","position":1,"name":"Startseite","item":"https:\/\/www.schlanser.ch\/magazin\/"},{"@type":"ListItem","position":2,"name":"Wohnwagen winterfest machen"}]},{"@type":"WebSite","@id":"https:\/\/www.schlanser.ch\/magazin\/#website","url":"https:\/\/www.schlanser.ch\/magazin\/","name":"Schlanser Magazin","description":"","potentialAction":[{"@type":"SearchAction","target":{"@type":"EntryPoint","urlTemplate":"https:\/\/www.schlanser.ch\/magazin\/?s={search_term_string}"},"query-input":"required name=search_term_string"}],"inLanguage":"de-DE"},{"@type":"Person","@id":"https:\/\/www.schlanser.ch\/magazin\/#\/schema\/person\/000db0a103eb2594ba3daf394b1dfea2","name":"admin","image":{"@type":"ImageObject","inLanguage":"de-DE","@id":"https:\/\/www.schlanser.ch\/magazin\/#\/schema\/person\/image\/","url":"https:\/\/secure.gravatar.com\/avatar\/a794a4fe8a9b9c52241597eb381dfa2e?s=96&d=mm&r=g","contentUrl":"https:\/\/secure.gravatar.com\/avatar\/a794a4fe8a9b9c52241597eb381dfa2e?s=96&d=mm&r=g","caption":"admin"}}]}},"_links":{"self":[{"href":"https:\/\/www.schlanser.ch\/magazin\/wp-json\/wp\/v2\/posts\/643"}],"collection":[{"href":"https:\/\/www.schlanser.ch\/magazin\/wp-json\/wp\/v2\/posts"}],"about":[{"href":"https:\/\/www.schlanser.ch\/magazin\/wp-json\/wp\/v2\/types\/post"}],"author":[{"embeddable":true,"href":"https:\/\/www.schlanser.ch\/magazin\/wp-json\/wp\/v2\/users\/1"}],"replies":[{"embeddable":true,"href":"https:\/\/www.schlanser.ch\/magazin\/wp-json\/wp\/v2\/comments?post=643"}],"version-history":[{"count":51,"href":"https:\/\/www.schlanser.ch\/magazin\/wp-json\/wp\/v2\/posts\/643\/revisions"}],"predecessor-version":[{"id":17851,"href":"https:\/\/www.schlanser.ch\/magazin\/wp-json\/wp\/v2\/posts\/643\/revisions\/17851"}],"wp:featuredmedia":[{"embeddable":true,"href":"https:\/\/www.schlanser.ch\/magazin\/wp-json\/wp\/v2\/media\/645"}],"wp:attachment":[{"href":"https:\/\/www.schlanser.ch\/magazin\/wp-json\/wp\/v2\/media?parent=643"}],"wp:term":[{"taxonomy":"category","embeddable":true,"href":"https:\/\/www.schlanser.ch\/magazin\/wp-json\/wp\/v2\/categories?post=643"},{"taxonomy":"post_tag","embeddable":true,"href":"https:\/\/www.schlanser.ch\/magazin\/wp-json\/wp\/v2\/tags?post=643"}],"curies":[{"name":"wp","href":"https:\/\/api.w.org\/{rel}","templated":true}]}}