{"id":6459,"date":"2019-03-20T09:14:13","date_gmt":"2019-03-20T08:14:13","guid":{"rendered":"https:\/\/www.schlanser.ch\/magazin\/?p=6459"},"modified":"2024-06-17T15:39:16","modified_gmt":"2024-06-17T13:39:16","slug":"camping-nordsee","status":"publish","type":"post","link":"https:\/\/www.schlanser.ch\/magazin\/camping-nordsee\/","title":{"rendered":"Camping an der Nordsee"},"content":{"rendered":"<h2>\u00ab Ferien zwischen Festland und Insel \u00bb<\/h2>\n<p style=\"text-align: justify;\"><strong>Typische Assoziationen mit der Nordsee sind Wind, Wattenmeer und ein sympathischer Menschenschlag. Ein &#8222;Moin&#8220; gilt an der norddeutschen K\u00fcste den ganzen Tag \u00fcber als angemessene Begr\u00fcssung. Wer hier seinen Urlaub mit dem Wohnmobil oder Wohnwagen verbringt, kann sich zwischen Festland und Insel entscheiden. Wir geben Ihnen Tipps f\u00fcr die ein oder andere richtig gute Adresse und liefern Inspirationen zur Gestaltung eines gelungenen Campingurlaubs in der Region.<\/strong><\/p>\n<h2>Camping an der Nordsee: Urlaub am UNESCO-Weltnaturerbe<\/h2>\n<p style=\"text-align: justify;\">Die Nordsee ist zwar ein Teil des Atlantiks, doch sind die Wassertemperaturen hier mit Sommertemperaturen von \u00fcber 20 \u00b0 Celsius deutlich freundlicher zum Baden. Als Schelfmeer liegt die durchschnittliche Wassertiefe bei nur 94 Metern.<\/p>\n<blockquote>\n<p style=\"text-align: justify;\">An der deutschen K\u00fcste betr\u00e4gt der Tidehub zwischen 2 und 4,5 Meter. Das ist noch m\u00e4ssig im Vergleich zur britischen Nordseek\u00fcste, wo Ebbe und Flut durchaus 6 Meter auseinanderliegen k\u00f6nnen.<\/p>\n<\/blockquote>\n<p style=\"text-align: justify;\">Weil der Meeresgrund der s\u00fcdlichen Nordsee so flach ist, sieht es aus, als ob das Meer sich knapp alle 25 Stunden komplett zur\u00fcckziehen w\u00fcrde. Erst w\u00e4hrend der Ebbe kommt das UNESCO-Weltnaturerbe Wattenmeer vollst\u00e4ndig zum Vorschein. Es reicht von Holland bis nach D\u00e4nemark und fasziniert Besucher mit seiner einmaligen Tier- und Pflanzenwelt.<\/p>\n<figure id=\"attachment_6490\" aria-describedby=\"caption-attachment-6490\" style=\"width: 600px\" class=\"wp-caption aligncenter\"><img loading=\"lazy\" decoding=\"async\" class=\"wp-image-6490 size-full\" title=\"Wattwandern an der Nordsee\" src=\"https:\/\/www.schlanser.ch\/magazin\/wp-content\/uploads\/2019\/04\/Wattwandern-an-der-Nordsee.jpg\" alt=\"Wattwandern an der Nordsee\" width=\"600\" height=\"400\" srcset=\"https:\/\/www.schlanser.ch\/magazin\/wp-content\/uploads\/2019\/04\/Wattwandern-an-der-Nordsee.jpg 600w, https:\/\/www.schlanser.ch\/magazin\/wp-content\/uploads\/2019\/04\/Wattwandern-an-der-Nordsee-300x200.jpg 300w\" sizes=\"(max-width: 600px) 100vw, 600px\" \/><figcaption id=\"caption-attachment-6490\" class=\"wp-caption-text\">\u00a9 Edler von Rabenstein \u2013 stock.adobe.com<\/figcaption><\/figure>\n<p style=\"text-align: justify;\">Eine gef\u00fchrte Wattwanderung geh\u00f6rt unbedingt zum Camping an der Nordsee. Herrscht Flut, ist das Windsurfen eine der beliebtesten Wassersportarten an der norddeutschen K\u00fcste. An Land locken ausgedehnte Spazierg\u00e4nge entlang von Sandstr\u00e4nden und D\u00fcnen. St\u00e4dte wie Husum oder Cuxhaven warten mit einem vielf\u00e4ltigen Kulturprogramm auf. Die frische Seeluft ist eine Wohltat f\u00fcr Allergiker, die insbesondere auf Inseln wie Borkum tief durchatmen k\u00f6nnen.<\/p>\n<figure id=\"attachment_6495\" aria-describedby=\"caption-attachment-6495\" style=\"width: 600px\" class=\"wp-caption aligncenter\"><img loading=\"lazy\" decoding=\"async\" class=\"wp-image-6495 size-full\" title=\"Windsurfen an der Nordsee\" src=\"https:\/\/www.schlanser.ch\/magazin\/wp-content\/uploads\/2019\/04\/windsurfen-nordsee.jpg\" alt=\"windsurfen-nordsee\" width=\"600\" height=\"399\" srcset=\"https:\/\/www.schlanser.ch\/magazin\/wp-content\/uploads\/2019\/04\/windsurfen-nordsee.jpg 600w, https:\/\/www.schlanser.ch\/magazin\/wp-content\/uploads\/2019\/04\/windsurfen-nordsee-300x200.jpg 300w, https:\/\/www.schlanser.ch\/magazin\/wp-content\/uploads\/2019\/04\/windsurfen-nordsee-310x205.jpg 310w\" sizes=\"(max-width: 600px) 100vw, 600px\" \/><figcaption id=\"caption-attachment-6495\" class=\"wp-caption-text\">\u00a9 crimson \u2013 stock.adobe.com<\/figcaption><\/figure>\n<h2>Camping in der friesischen Karibik: F\u00f6hr<\/h2>\n<p style=\"text-align: justify;\">Die zweitgr\u00f6sste Nordseeinsel Deutschlands wartet mit einem milden Seeklima und unendlich scheinenden Sandstr\u00e4nden auf. Daher r\u00fchrt wohl auch ihr Spitzname &#8222;friesische Karibik&#8220;. Das Eiland ist eine beliebte Adresse bei Familien, da sie hier problemlos mehrere Wochen mit dem Wohnwagen verbringen k\u00f6nnen, ohne dass Langeweile aufkommt. Wird es im Camper doch einmal zu eng, besteht die M\u00f6glichkeit in einen Schlafstrandkorb auszuweichen. Ansonsten stehen auch die klassischen Strandk\u00f6rbe f\u00fcr den gem\u00fctlichen Aufenthalt tags\u00fcber am Meer zur Verf\u00fcgung. Von den unz\u00e4hligen Veranstaltungen und Ausflugsm\u00f6glichkeiten auf F\u00f6hr legen wir Ihnen eine besonders ans Herzen: die Wattwanderung.<\/p>\n<blockquote>\n<p style=\"text-align: justify;\">Wer zum ersten Mal mit seinem Wohnmobil zum Camping an die Nordsee f\u00e4hrt, sollte sich vor einer Wattwanderung gut erkundigen. Es ist nicht ganz ungef\u00e4hrlich alleine auf dem Meeresboden herumzuwandern, weil Distanzen und Gezeiten schwer einzusch\u00e4tzen sind.<\/p>\n<\/blockquote>\n<p style=\"text-align: justify;\">Auf einer gef\u00fchrten Wanderung \u2013 beispielsweise von Wyk aus \u2013 bekommen Sie von einem erfahrenen F\u00fchrer viele interessante Informationen rund um das Wattenmeer. Als Campingplatz ist der Wohnmobilstellplatz F\u00f6hr bei Utersum eine zuverl\u00e4ssige Adresse. Der Platz hat 2015 neu er\u00f6ffnet und liegt gerade mal 250 Meter vom Strand entfernt. Mit nur 50 Stellpl\u00e4tzen ist die Atmosph\u00e4re hier sehr famili\u00e4r und auch Hunde sind gern gesehene G\u00e4ste.<\/p>\n<figure id=\"attachment_6470\" aria-describedby=\"caption-attachment-6470\" style=\"width: 600px\" class=\"wp-caption aligncenter\"><img loading=\"lazy\" decoding=\"async\" class=\"wp-image-6470 size-full\" title=\"Strand der Insel F\u00f6hr\" src=\"https:\/\/www.schlanser.ch\/magazin\/wp-content\/uploads\/2019\/04\/Strand-Insel-Foehr.jpg\" alt=\"Strand Insel Foehr\" width=\"600\" height=\"402\" srcset=\"https:\/\/www.schlanser.ch\/magazin\/wp-content\/uploads\/2019\/04\/Strand-Insel-Foehr.jpg 600w, https:\/\/www.schlanser.ch\/magazin\/wp-content\/uploads\/2019\/04\/Strand-Insel-Foehr-300x201.jpg 300w, https:\/\/www.schlanser.ch\/magazin\/wp-content\/uploads\/2019\/04\/Strand-Insel-Foehr-110x75.jpg 110w\" sizes=\"(max-width: 600px) 100vw, 600px\" \/><figcaption id=\"caption-attachment-6470\" class=\"wp-caption-text\">\u00a9 lupico \u2013 stock.adobe.com<\/figcaption><\/figure>\n<h2>Paradies f\u00fcr Windsurfer: St. Peter-Ording<\/h2>\n<p style=\"text-align: justify;\">An der westlichen Spitze der Halbinsel Eiderstedt liegt das aktive St\u00e4dtchen St. Peter-Ording. Dank der Lage sind Ihnen hier viele unvergessliche Sonnenunterg\u00e4nge sicher. Das Fortbewegungsmittel der Wahl ist hier das Velo. Wer keinen <a href=\"https:\/\/www.schlanser.ch\/fahrzeug\/wohnwagen-wohnmobil-zubehoer\/fahrradtraeger\/\">Fahrradtr\u00e4ger<\/a> an seinem Wohnmobil hat, kann sich ein passendes Gef\u00e4hrt auch vor Ort ausleihen. Die Gegend ist so flach, dass man ohne M\u00fche kilometerweit f\u00e4hrt. Nur ein rauer Gegenwind fordert hin und wieder sportliche Ausdauer.<\/p>\n<p><img loading=\"lazy\" decoding=\"async\" class=\"aligncenter wp-image-6474 size-full\" title=\"Thule Fahrradtr\u00e4ger Lift V16 | f\u00fcr E-Bikes geeignet\" src=\"https:\/\/www.schlanser.ch\/magazin\/wp-content\/uploads\/2019\/04\/thule-fahrradtraeger-lift-v16.jpg\" alt=\"thule-fahrradtraeger-lift-v16\" width=\"400\" height=\"400\" srcset=\"https:\/\/www.schlanser.ch\/magazin\/wp-content\/uploads\/2019\/04\/thule-fahrradtraeger-lift-v16.jpg 400w, https:\/\/www.schlanser.ch\/magazin\/wp-content\/uploads\/2019\/04\/thule-fahrradtraeger-lift-v16-150x150.jpg 150w, https:\/\/www.schlanser.ch\/magazin\/wp-content\/uploads\/2019\/04\/thule-fahrradtraeger-lift-v16-300x300.jpg 300w\" sizes=\"(max-width: 400px) 100vw, 400px\" \/><\/p>\n<p style=\"text-align: justify;\">Vom Campingplatz Biehl aus erreichen Sie alle Sehensw\u00fcrdigkeiten der Gegend. Vor allem aber wohnen Sie hier direkt am Sandstrand, der im Sommer t\u00e4glich zur Sportarena wird. Beobachten Sie aus erster Reihe Kite-Wettbewerbe, Wettk\u00e4mpfe im Windsurfen oder Beachvolleyballturniere. Testen Sie am besten gleich Ihr eigenes Talent in einer der Sportarten! Caf\u00e9s, Restaurants und Superm\u00e4rkte finden Sie quasi gleich um die Ecke.<\/p>\n<blockquote>\n<p style=\"text-align: justify;\">Erholung f\u00fcr Gross und Klein bietet die D\u00fcnentherme. Neben Rutschen und Kinderbecken gibt es ein grosses Wellnessangebot, wie zum Beispiel Thalasso, einen Whirlpool, Birken-, Pfahl- und Blockhaussauna.<\/p>\n<\/blockquote>\n<p style=\"text-align: justify;\">Ein lehrreicher Ausflug f\u00fchrt Sie von St. Peter-Ording in den Nachbarort T\u00f6nning. Im Multimar Wattforum bestaunen Sie die Bewohner des Wattenmeeres in 37 verschiedenen Aquarien. Film- und H\u00f6rstationen erz\u00e4hlen von dem Leben in und am Meer. Ein H\u00f6hepunkt ist sicherlich der ausgestellte, lebensgrosse Wal.<\/p>\n<figure id=\"attachment_6467\" aria-describedby=\"caption-attachment-6467\" style=\"width: 600px\" class=\"wp-caption aligncenter\"><img loading=\"lazy\" decoding=\"async\" class=\"wp-image-6467 size-full\" title=\"Strandk\u00f6rbe und Pfahlbauten am Strand von Sankt Peter-Ording\" src=\"https:\/\/www.schlanser.ch\/magazin\/wp-content\/uploads\/2019\/04\/Strandkoerbe-und-Pfahlbauten-am-Strand-von-Sankt-Peter-Ording.jpg\" alt=\"Strandkoerbe und Pfahlbauten am Strand von Sankt Peter-Ording\" width=\"600\" height=\"400\" srcset=\"https:\/\/www.schlanser.ch\/magazin\/wp-content\/uploads\/2019\/04\/Strandkoerbe-und-Pfahlbauten-am-Strand-von-Sankt-Peter-Ording.jpg 600w, https:\/\/www.schlanser.ch\/magazin\/wp-content\/uploads\/2019\/04\/Strandkoerbe-und-Pfahlbauten-am-Strand-von-Sankt-Peter-Ording-300x200.jpg 300w\" sizes=\"(max-width: 600px) 100vw, 600px\" \/><figcaption id=\"caption-attachment-6467\" class=\"wp-caption-text\">\u00a9 Thorsten Schier \u2013 stock.adobe.com<\/figcaption><\/figure>\n<h2>Kulturelle H\u00f6hepunkte in Husum<\/h2>\n<p style=\"text-align: justify;\">Der Campingplatz Seeblick in einem ruhigen Stadtteil von Husum ist der einzige an der schleswig-holsteinischen K\u00fcste, der nicht von einem Deich abgeschirmt wird. Lassen Sie hier also den freien Blick aufs Meer auf sich wirken. Ein beheiztes Freibad l\u00e4dt auch an frischen Sommertagen zum Baden ein. Ber\u00fchmt wurde Husum vor allem durch seinen Sohn Theodor Fontane. Kaum ein Schulkind in Deutschland kommt heute um die Lekt\u00fcre seines &#8222;Schimmelreiters&#8220; herum. Besichtigen Sie die St\u00e4tte seines Wirkens, das Storm-Haus, und erfahren, wie es zu dem Namen &#8222;Graue Stadt am Meer&#8220; gekommen ist.<\/p>\n<blockquote>\n<p style=\"text-align: justify;\">Auch das Schloss vor Husum l\u00e4dt mit seinem Kulturzentrum und der blumenreichen Parkanlage zu einem Besuch ein.<\/p>\n<\/blockquote>\n<p style=\"text-align: justify;\">Der Wasserturm mit achteckigem Grundriss in einer Ecke des Parks ist ein beliebtes Fotomotiv. Die Stadt ist der ideale Ausgangspunkt f\u00fcr einen Tagesausflug nach Helgoland oder zu den Halligen. Eine Hallig ist eine kleine Insel, die bei Sturmfluten regelm\u00e4ssig unter Wasser steht. Dennoch sind sieben der zehn deutschen Halligen bewohnt und ein faszinierendes Erlebnis.<\/p>\n<figure id=\"attachment_6465\" aria-describedby=\"caption-attachment-6465\" style=\"width: 600px\" class=\"wp-caption aligncenter\"><img loading=\"lazy\" decoding=\"async\" class=\"wp-image-6465 size-full\" title=\"Husum in Nordfriesland\" src=\"https:\/\/www.schlanser.ch\/magazin\/wp-content\/uploads\/2019\/04\/Husum-in-Nordfriesland.jpg\" alt=\"Husum in Nordfriesland\" width=\"600\" height=\"400\" srcset=\"https:\/\/www.schlanser.ch\/magazin\/wp-content\/uploads\/2019\/04\/Husum-in-Nordfriesland.jpg 600w, https:\/\/www.schlanser.ch\/magazin\/wp-content\/uploads\/2019\/04\/Husum-in-Nordfriesland-300x200.jpg 300w\" sizes=\"(max-width: 600px) 100vw, 600px\" \/><figcaption id=\"caption-attachment-6465\" class=\"wp-caption-text\">\u00a9 JFL Photography \u2013 stock.adobe.com<\/figcaption><\/figure>\n<h2>Kleines St\u00e4dtchen, grosser Fluss: Cuxhaven und die Elbe<\/h2>\n<p style=\"text-align: justify;\">Weiter im Westen m\u00fcndet bei Cuxhaven die Elbe in die Nordsee. Die Idylle des St\u00e4dtchens n\u00f6rdlich von Hamburg macht sie bei Besuchern mit Wohnwagen und anderen Campingfahrzeugen beliebt. Der Campingplatz Wattenl\u00f6pper liegt in Cuxhaven-Duhnen, dem Kurort der Stadt.<\/p>\n<blockquote>\n<p style=\"text-align: justify;\">Hier \u00fcbernachten Sie gleich neben dem Strand, verbringen die Nachmittage im Biergarten oder der Sauna und bummeln abends die Promenade mit ihren vielf\u00e4ltigen kulinarischen Angeboten entlang.<\/p>\n<\/blockquote>\n<p style=\"text-align: justify;\">Passionierte Golfspieler finden hier eine traumhafte Kulisse. Pferdefreunde k\u00f6nnen sich entscheiden, ob sie hoch zu Ross durch das Meer galoppieren m\u00f6chten, oder lieber gem\u00fctlich auf einer Wattwagenfahrt nach Robben Ausschau halten. Einen zentralen Anlaufpunkt f\u00fcr Ausfl\u00fcge und Infos zum Nationalpark finden Sie im Besucherzentrum am Sahlenburger Strand.<\/p>\n<figure id=\"attachment_6462\" aria-describedby=\"caption-attachment-6462\" style=\"width: 600px\" class=\"wp-caption aligncenter\"><img loading=\"lazy\" decoding=\"async\" class=\"wp-image-6462 size-full\" title=\"Kugelbake in Cuxhaven\" src=\"https:\/\/www.schlanser.ch\/magazin\/wp-content\/uploads\/2019\/04\/Kugelbake-in-Cuxhaven.jpg\" alt=\"Kugelbake in Cuxhaven\" width=\"600\" height=\"393\" srcset=\"https:\/\/www.schlanser.ch\/magazin\/wp-content\/uploads\/2019\/04\/Kugelbake-in-Cuxhaven.jpg 600w, https:\/\/www.schlanser.ch\/magazin\/wp-content\/uploads\/2019\/04\/Kugelbake-in-Cuxhaven-300x197.jpg 300w\" sizes=\"(max-width: 600px) 100vw, 600px\" \/><figcaption id=\"caption-attachment-6462\" class=\"wp-caption-text\">\u00a9 volkerladwig \u2013 stock.adobe.com<\/figcaption><\/figure>\n<h2>Tief durchatmen auf Borkum<\/h2>\n<p style=\"text-align: justify;\">Zuletzt m\u00f6chten wir Sie auf die westlichste der ostfriesischen Inseln aufmerksam machen. Borkum liegt so weit im Westen, dass Sie die Insel sowohl mit der F\u00e4hre vom deutschen Emden als auch vom holl\u00e4ndischen Eemshaven anfahren k\u00f6nnen. Mit nur 31 Quadratkilometern ist die Insel wie ein Dorf im Meer. Wegen seines Meeresklimas mit wenig Pollen aber reichlich Jod in der Luft ist das Eiland ein anerkanntes Nordseeheilbad. Dementsprechend finden Sie hier alle Angebote, die f\u00fcr Kurbesucher wichtig sind. G\u00f6nnen Sie sich im Gezeitenland eine Schlickanwendung, Thalasso oder ein ganzheitliches Klangerlebnis auf der Alpha-Liege im Alphasphere.<\/p>\n<p><center><a href=\"https:\/\/www.schlanser.ch\/outdoor-freizeit\/campingliteratur\/campingfuehrer\/485520\/buch-dt.-nordseekueste\" class=\"broken_link\"><img loading=\"lazy\" decoding=\"async\" class=\"alignnone wp-image-6481 size-full\" title=\"Buch: Die sch\u00f6nsten Routen an der Deutschen Nordseek\u00fcste\" src=\"https:\/\/www.schlanser.ch\/magazin\/wp-content\/uploads\/2019\/04\/buch-deutsche-nordseekueste.jpg\" alt=\"buch-deutsche-nordseekueste\" width=\"300\" height=\"300\" srcset=\"https:\/\/www.schlanser.ch\/magazin\/wp-content\/uploads\/2019\/04\/buch-deutsche-nordseekueste.jpg 300w, https:\/\/www.schlanser.ch\/magazin\/wp-content\/uploads\/2019\/04\/buch-deutsche-nordseekueste-150x150.jpg 150w\" sizes=\"(max-width: 300px) 100vw, 300px\" \/><\/a> <img loading=\"lazy\" decoding=\"async\" class=\"alignnone wp-image-6482 size-full\" title=\"Buch: Mit dem Wohnmobil nach Schleswig-Holstein\" src=\"https:\/\/www.schlanser.ch\/magazin\/wp-content\/uploads\/2019\/04\/nordkap-reise-knowhow.jpg\" alt=\"nordkap-reise-knowhow\" width=\"300\" height=\"300\" srcset=\"https:\/\/www.schlanser.ch\/magazin\/wp-content\/uploads\/2019\/04\/nordkap-reise-knowhow.jpg 300w, https:\/\/www.schlanser.ch\/magazin\/wp-content\/uploads\/2019\/04\/nordkap-reise-knowhow-150x150.jpg 150w\" sizes=\"(max-width: 300px) 100vw, 300px\" \/><\/center><\/p>\n<p style=\"text-align: justify;\">F\u00fcr Fans von FKK gibt es einen eigenen Strandabschnitt in der N\u00e4he des Flugplatzes von Borkum. Im Insel-Camping Borkum liegt der Schwerpunkt auf entspannten Eltern von gl\u00fccklichen Kindern. Abenteuerspielplatz, Mini-Club und gratis Popcorn halten die Kleinen bei Laune. F\u00fcr abwechslungsreiche Freizeitbesch\u00e4ftigung sorgen Billiard, Tischtennis, Pit-Pat, Volleyball und Fussball. Der n\u00e4chste Sandstrand ist etwa einen Kilometer entfernt. Mehr Tipps f\u00fcr passende Pl\u00e4tze finden Sie in unseren <a href=\"https:\/\/www.schlanser.ch\/outdoor-freizeit\/campingliteratur\/campingfuehrer\/\">Campingf\u00fchrern<\/a>!<\/p>\n<figure id=\"attachment_6479\" aria-describedby=\"caption-attachment-6479\" style=\"width: 600px\" class=\"wp-caption aligncenter\"><img loading=\"lazy\" decoding=\"async\" class=\"wp-image-6479 size-full\" title=\"Strand von Borkum\" src=\"https:\/\/www.schlanser.ch\/magazin\/wp-content\/uploads\/2019\/04\/strand-borkum.jpg\" alt=\"strand-borkum\" width=\"600\" height=\"400\" srcset=\"https:\/\/www.schlanser.ch\/magazin\/wp-content\/uploads\/2019\/04\/strand-borkum.jpg 600w, https:\/\/www.schlanser.ch\/magazin\/wp-content\/uploads\/2019\/04\/strand-borkum-300x200.jpg 300w\" sizes=\"(max-width: 600px) 100vw, 600px\" \/><figcaption id=\"caption-attachment-6479\" class=\"wp-caption-text\">\u00a9 Ronny G\u00e4ngler \u2013 stock.adobe.com<\/figcaption><\/figure>\n","protected":false},"excerpt":{"rendered":"<p>\u00ab Ferien zwischen Festland und Insel \u00bb Typische Assoziationen mit der Nordsee sind Wind, Wattenmeer und ein sympathischer Menschenschlag. Ein &#8222;Moin&#8220; gilt an der norddeutschen K\u00fcste den ganzen Tag \u00fcber als angemessene Begr\u00fcssung. Wer hier seinen Urlaub mit dem Wohnmobil oder Wohnwagen verbringt, kann sich zwischen Festland und Insel entscheiden. Wir geben Ihnen Tipps f\u00fcr &hellip;<\/p>\n","protected":false},"author":1,"featured_media":6499,"comment_status":"closed","ping_status":"open","sticky":false,"template":"","format":"standard","meta":{"footnotes":""},"categories":[2],"tags":[855,201,290,373,850,849,851,853,852,854],"yoast_head":"<!-- This site is optimized with the Yoast SEO plugin v22.2 - https:\/\/yoast.com\/wordpress\/plugins\/seo\/ -->\n<title>Camping an der Nordsee - Schlanser Magazin<\/title>\n<meta name=\"description\" content=\"Reisen Sie mit Ihrem Caravan an die Nordsee! \u2013 Das Schlanser Campingmagazin fasst alles rund ums Camping zwischen Festland und Insel zusammen!\" \/>\n<meta name=\"robots\" content=\"index, follow, max-snippet:-1, max-image-preview:large, max-video-preview:-1\" \/>\n<link rel=\"canonical\" href=\"https:\/\/www.schlanser.ch\/magazin\/camping-nordsee\/\" \/>\n<meta property=\"og:locale\" content=\"de_DE\" \/>\n<meta property=\"og:type\" content=\"article\" \/>\n<meta property=\"og:title\" content=\"Camping an der Nordsee - Schlanser Magazin\" \/>\n<meta property=\"og:description\" content=\"Reisen Sie mit Ihrem Caravan an die Nordsee! \u2013 Das Schlanser Campingmagazin fasst alles rund ums Camping zwischen Festland und Insel zusammen!\" \/>\n<meta property=\"og:url\" content=\"https:\/\/www.schlanser.ch\/magazin\/camping-nordsee\/\" \/>\n<meta property=\"og:site_name\" content=\"Schlanser Magazin\" \/>\n<meta property=\"article:published_time\" content=\"2019-03-20T08:14:13+00:00\" \/>\n<meta property=\"article:modified_time\" content=\"2024-06-17T13:39:16+00:00\" \/>\n<meta property=\"og:image\" content=\"https:\/\/www.schlanser.ch\/magazin\/wp-content\/uploads\/2019\/04\/Camping-an-der-Nordsee.jpg\" \/>\n\t<meta property=\"og:image:width\" content=\"800\" \/>\n\t<meta property=\"og:image:height\" content=\"533\" \/>\n\t<meta property=\"og:image:type\" content=\"image\/jpeg\" \/>\n<meta name=\"author\" content=\"admin\" \/>\n<meta name=\"twitter:card\" content=\"summary_large_image\" \/>\n<meta name=\"twitter:label1\" content=\"Verfasst von\" \/>\n\t<meta name=\"twitter:data1\" content=\"admin\" \/>\n\t<meta name=\"twitter:label2\" content=\"Gesch\u00e4tzte Lesezeit\" \/>\n\t<meta name=\"twitter:data2\" content=\"8 Minuten\" \/>\n<script type=\"application\/ld+json\" class=\"yoast-schema-graph\">{\"@context\":\"https:\/\/schema.org\",\"@graph\":[{\"@type\":\"WebPage\",\"@id\":\"https:\/\/www.schlanser.ch\/magazin\/camping-nordsee\/\",\"url\":\"https:\/\/www.schlanser.ch\/magazin\/camping-nordsee\/\",\"name\":\"Camping an der Nordsee - Schlanser Magazin\",\"isPartOf\":{\"@id\":\"https:\/\/www.schlanser.ch\/magazin\/#website\"},\"primaryImageOfPage\":{\"@id\":\"https:\/\/www.schlanser.ch\/magazin\/camping-nordsee\/#primaryimage\"},\"image\":{\"@id\":\"https:\/\/www.schlanser.ch\/magazin\/camping-nordsee\/#primaryimage\"},\"thumbnailUrl\":\"https:\/\/www.schlanser.ch\/magazin\/wp-content\/uploads\/2019\/04\/Camping-an-der-Nordsee.jpg\",\"datePublished\":\"2019-03-20T08:14:13+00:00\",\"dateModified\":\"2024-06-17T13:39:16+00:00\",\"author\":{\"@id\":\"https:\/\/www.schlanser.ch\/magazin\/#\/schema\/person\/000db0a103eb2594ba3daf394b1dfea2\"},\"description\":\"Reisen Sie mit Ihrem Caravan an die Nordsee! \u2013 Das Schlanser Campingmagazin fasst alles rund ums Camping zwischen Festland und Insel zusammen!\",\"breadcrumb\":{\"@id\":\"https:\/\/www.schlanser.ch\/magazin\/camping-nordsee\/#breadcrumb\"},\"inLanguage\":\"de-DE\",\"potentialAction\":[{\"@type\":\"ReadAction\",\"target\":[\"https:\/\/www.schlanser.ch\/magazin\/camping-nordsee\/\"]}]},{\"@type\":\"ImageObject\",\"inLanguage\":\"de-DE\",\"@id\":\"https:\/\/www.schlanser.ch\/magazin\/camping-nordsee\/#primaryimage\",\"url\":\"https:\/\/www.schlanser.ch\/magazin\/wp-content\/uploads\/2019\/04\/Camping-an-der-Nordsee.jpg\",\"contentUrl\":\"https:\/\/www.schlanser.ch\/magazin\/wp-content\/uploads\/2019\/04\/Camping-an-der-Nordsee.jpg\",\"width\":800,\"height\":533,\"caption\":\"\u00a9 travel3000 \u2013 stock.adobe.com\"},{\"@type\":\"BreadcrumbList\",\"@id\":\"https:\/\/www.schlanser.ch\/magazin\/camping-nordsee\/#breadcrumb\",\"itemListElement\":[{\"@type\":\"ListItem\",\"position\":1,\"name\":\"Startseite\",\"item\":\"https:\/\/www.schlanser.ch\/magazin\/\"},{\"@type\":\"ListItem\",\"position\":2,\"name\":\"Camping an der Nordsee\"}]},{\"@type\":\"WebSite\",\"@id\":\"https:\/\/www.schlanser.ch\/magazin\/#website\",\"url\":\"https:\/\/www.schlanser.ch\/magazin\/\",\"name\":\"Schlanser Magazin\",\"description\":\"\",\"potentialAction\":[{\"@type\":\"SearchAction\",\"target\":{\"@type\":\"EntryPoint\",\"urlTemplate\":\"https:\/\/www.schlanser.ch\/magazin\/?s={search_term_string}\"},\"query-input\":\"required name=search_term_string\"}],\"inLanguage\":\"de-DE\"},{\"@type\":\"Person\",\"@id\":\"https:\/\/www.schlanser.ch\/magazin\/#\/schema\/person\/000db0a103eb2594ba3daf394b1dfea2\",\"name\":\"admin\",\"image\":{\"@type\":\"ImageObject\",\"inLanguage\":\"de-DE\",\"@id\":\"https:\/\/www.schlanser.ch\/magazin\/#\/schema\/person\/image\/\",\"url\":\"https:\/\/secure.gravatar.com\/avatar\/a794a4fe8a9b9c52241597eb381dfa2e?s=96&d=mm&r=g\",\"contentUrl\":\"https:\/\/secure.gravatar.com\/avatar\/a794a4fe8a9b9c52241597eb381dfa2e?s=96&d=mm&r=g\",\"caption\":\"admin\"}}]}<\/script>\n<!-- \/ Yoast SEO plugin. -->","yoast_head_json":{"title":"Camping an der Nordsee - Schlanser Magazin","description":"Reisen Sie mit Ihrem Caravan an die Nordsee! \u2013 Das Schlanser Campingmagazin fasst alles rund ums Camping zwischen Festland und Insel zusammen!","robots":{"index":"index","follow":"follow","max-snippet":"max-snippet:-1","max-image-preview":"max-image-preview:large","max-video-preview":"max-video-preview:-1"},"canonical":"https:\/\/www.schlanser.ch\/magazin\/camping-nordsee\/","og_locale":"de_DE","og_type":"article","og_title":"Camping an der Nordsee - Schlanser Magazin","og_description":"Reisen Sie mit Ihrem Caravan an die Nordsee! \u2013 Das Schlanser Campingmagazin fasst alles rund ums Camping zwischen Festland und Insel zusammen!","og_url":"https:\/\/www.schlanser.ch\/magazin\/camping-nordsee\/","og_site_name":"Schlanser Magazin","article_published_time":"2019-03-20T08:14:13+00:00","article_modified_time":"2024-06-17T13:39:16+00:00","og_image":[{"width":800,"height":533,"url":"https:\/\/www.schlanser.ch\/magazin\/wp-content\/uploads\/2019\/04\/Camping-an-der-Nordsee.jpg","type":"image\/jpeg"}],"author":"admin","twitter_card":"summary_large_image","twitter_misc":{"Verfasst von":"admin","Gesch\u00e4tzte Lesezeit":"8 Minuten"},"schema":{"@context":"https:\/\/schema.org","@graph":[{"@type":"WebPage","@id":"https:\/\/www.schlanser.ch\/magazin\/camping-nordsee\/","url":"https:\/\/www.schlanser.ch\/magazin\/camping-nordsee\/","name":"Camping an der Nordsee - Schlanser Magazin","isPartOf":{"@id":"https:\/\/www.schlanser.ch\/magazin\/#website"},"primaryImageOfPage":{"@id":"https:\/\/www.schlanser.ch\/magazin\/camping-nordsee\/#primaryimage"},"image":{"@id":"https:\/\/www.schlanser.ch\/magazin\/camping-nordsee\/#primaryimage"},"thumbnailUrl":"https:\/\/www.schlanser.ch\/magazin\/wp-content\/uploads\/2019\/04\/Camping-an-der-Nordsee.jpg","datePublished":"2019-03-20T08:14:13+00:00","dateModified":"2024-06-17T13:39:16+00:00","author":{"@id":"https:\/\/www.schlanser.ch\/magazin\/#\/schema\/person\/000db0a103eb2594ba3daf394b1dfea2"},"description":"Reisen Sie mit Ihrem Caravan an die Nordsee! \u2013 Das Schlanser Campingmagazin fasst alles rund ums Camping zwischen Festland und Insel zusammen!","breadcrumb":{"@id":"https:\/\/www.schlanser.ch\/magazin\/camping-nordsee\/#breadcrumb"},"inLanguage":"de-DE","potentialAction":[{"@type":"ReadAction","target":["https:\/\/www.schlanser.ch\/magazin\/camping-nordsee\/"]}]},{"@type":"ImageObject","inLanguage":"de-DE","@id":"https:\/\/www.schlanser.ch\/magazin\/camping-nordsee\/#primaryimage","url":"https:\/\/www.schlanser.ch\/magazin\/wp-content\/uploads\/2019\/04\/Camping-an-der-Nordsee.jpg","contentUrl":"https:\/\/www.schlanser.ch\/magazin\/wp-content\/uploads\/2019\/04\/Camping-an-der-Nordsee.jpg","width":800,"height":533,"caption":"\u00a9 travel3000 \u2013 stock.adobe.com"},{"@type":"BreadcrumbList","@id":"https:\/\/www.schlanser.ch\/magazin\/camping-nordsee\/#breadcrumb","itemListElement":[{"@type":"ListItem","position":1,"name":"Startseite","item":"https:\/\/www.schlanser.ch\/magazin\/"},{"@type":"ListItem","position":2,"name":"Camping an der Nordsee"}]},{"@type":"WebSite","@id":"https:\/\/www.schlanser.ch\/magazin\/#website","url":"https:\/\/www.schlanser.ch\/magazin\/","name":"Schlanser Magazin","description":"","potentialAction":[{"@type":"SearchAction","target":{"@type":"EntryPoint","urlTemplate":"https:\/\/www.schlanser.ch\/magazin\/?s={search_term_string}"},"query-input":"required name=search_term_string"}],"inLanguage":"de-DE"},{"@type":"Person","@id":"https:\/\/www.schlanser.ch\/magazin\/#\/schema\/person\/000db0a103eb2594ba3daf394b1dfea2","name":"admin","image":{"@type":"ImageObject","inLanguage":"de-DE","@id":"https:\/\/www.schlanser.ch\/magazin\/#\/schema\/person\/image\/","url":"https:\/\/secure.gravatar.com\/avatar\/a794a4fe8a9b9c52241597eb381dfa2e?s=96&d=mm&r=g","contentUrl":"https:\/\/secure.gravatar.com\/avatar\/a794a4fe8a9b9c52241597eb381dfa2e?s=96&d=mm&r=g","caption":"admin"}}]}},"_links":{"self":[{"href":"https:\/\/www.schlanser.ch\/magazin\/wp-json\/wp\/v2\/posts\/6459"}],"collection":[{"href":"https:\/\/www.schlanser.ch\/magazin\/wp-json\/wp\/v2\/posts"}],"about":[{"href":"https:\/\/www.schlanser.ch\/magazin\/wp-json\/wp\/v2\/types\/post"}],"author":[{"embeddable":true,"href":"https:\/\/www.schlanser.ch\/magazin\/wp-json\/wp\/v2\/users\/1"}],"replies":[{"embeddable":true,"href":"https:\/\/www.schlanser.ch\/magazin\/wp-json\/wp\/v2\/comments?post=6459"}],"version-history":[{"count":32,"href":"https:\/\/www.schlanser.ch\/magazin\/wp-json\/wp\/v2\/posts\/6459\/revisions"}],"predecessor-version":[{"id":18001,"href":"https:\/\/www.schlanser.ch\/magazin\/wp-json\/wp\/v2\/posts\/6459\/revisions\/18001"}],"wp:featuredmedia":[{"embeddable":true,"href":"https:\/\/www.schlanser.ch\/magazin\/wp-json\/wp\/v2\/media\/6499"}],"wp:attachment":[{"href":"https:\/\/www.schlanser.ch\/magazin\/wp-json\/wp\/v2\/media?parent=6459"}],"wp:term":[{"taxonomy":"category","embeddable":true,"href":"https:\/\/www.schlanser.ch\/magazin\/wp-json\/wp\/v2\/categories?post=6459"},{"taxonomy":"post_tag","embeddable":true,"href":"https:\/\/www.schlanser.ch\/magazin\/wp-json\/wp\/v2\/tags?post=6459"}],"curies":[{"name":"wp","href":"https:\/\/api.w.org\/{rel}","templated":true}]}}