{"id":6510,"date":"2019-03-25T16:14:42","date_gmt":"2019-03-25T15:14:42","guid":{"rendered":"https:\/\/www.schlanser.ch\/magazin\/?p=6510"},"modified":"2024-01-10T14:54:30","modified_gmt":"2024-01-10T13:54:30","slug":"camping-an-ostern","status":"publish","type":"post","link":"https:\/\/www.schlanser.ch\/magazin\/camping-an-ostern\/","title":{"rendered":"Camping an Ostern"},"content":{"rendered":"<h2 style=\"text-align: justify;\">\u00ab Sch\u00f6ner Kurzurlaub \u00fcber die Osterfeiertage \u00bb<\/h2>\n<p style=\"text-align: justify;\"><strong>Selbst wenn die Ostereier manchmal noch im Schnee versinken, l\u00e4utet Ostern doch offiziell den Fr\u00fchling ein und damit auch die Campingsaison. Die Tage sind nun immer h\u00e4ufiger angenehm warm und ein Osterurlaub in der richtigen Region kann die Chancen auf Sonnenschein weiter erh\u00f6hen. Wir geben Ihnen hier drei ganz unterschiedliche Tipps f\u00fcr das Camping an Ostern.<\/strong><\/p>\n<h2>Osterferien: Von Sonnenbrand bis Skifahren<\/h2>\n<p style=\"text-align: justify;\">Auf 4-Tagestouren \u00fcber die Osterfeiertage k\u00f6nnen Sie so ziemlich alles erleben, was die Wetterpalette zu bieten hat: Schnee, Regen, Sturm, dezente Fr\u00fchlingssonne und Hitze. Dementsprechend sollten Sie Ihr Wohnmobil oder Ihren Wohnwagen f\u00fcr das Camping an Ostern vorbereiten. Da es meist die erste Ausfahrt nach der Winterpause ist, schadet eine umfangreiche Inspektion ohnehin nicht. Funktionieren <a href=\"https:\/\/www.schlanser.ch\/fahrzeug\/heizen-kuehlen\/truma-heizungen\/\">Heizung<\/a> und <a href=\"https:\/\/www.schlanser.ch\/fahrzeug\/heizen-kuehlen\/klimaanlagen\/\">Klimaanlage<\/a>? Sind die <a href=\"https:\/\/www.schlanser.ch\/fahrzeug\/wasser\/schlaeuche-rohre-ventile\/\">Wasserleitungen<\/a> und <a href=\"https:\/\/www.schlanser.ch\/fahrzeug\/wasser\/wasserbehaelter\/\">Wassertanks<\/a> alle sauber und dicht? Wie steht es um den Reifendruck, den \u00d6lstand und das Scheibenwischwasser? Falten Sie das <a href=\"https:\/\/www.schlanser.ch\/zelte\/vorzelte\/\">Vorzelt<\/a> auseinander und untersuchen es auf m\u00f6gliche L\u00f6cher und Schimmel.<\/p>\n<p><img loading=\"lazy\" decoding=\"async\" class=\"aligncenter wp-image-6513 size-full\" title=\"Berger Reisevorzelt Sirmione-L Deluxe\" src=\"https:\/\/www.schlanser.ch\/magazin\/wp-content\/uploads\/2019\/03\/Berger-Reisevorzelt-Sirmione-L-Deluxe.jpg\" alt=\"Berger Reisevorzelt Sirmione-L \" width=\"620\" height=\"311\" srcset=\"https:\/\/www.schlanser.ch\/magazin\/wp-content\/uploads\/2019\/03\/Berger-Reisevorzelt-Sirmione-L-Deluxe.jpg 620w, https:\/\/www.schlanser.ch\/magazin\/wp-content\/uploads\/2019\/03\/Berger-Reisevorzelt-Sirmione-L-Deluxe-300x150.jpg 300w\" sizes=\"(max-width: 620px) 100vw, 620px\" \/><\/p>\n<h2>Kann es losgehen?<\/h2>\n<p style=\"text-align: justify;\">Ist Ihr Camper fahrbereit, bleibt nur noch die Frage zu kl\u00e4ren, welche der unz\u00e4hligen Varianten an 4-Tagestouren Ihnen dieses Jahr zusagt. Unsere drei Vorschl\u00e4ge k\u00f6nnen Ihnen daf\u00fcr einen Anhaltspunkt geben. Wir haben bei der Wahl der 4-Tagestouren nicht nur auf Region und Wetter geachtet, sondern uns zudem drei verschiedene Zielgruppen ausgesucht: Familien, Kulturinteressierte und sportbegeisterte Campingfreunde.<\/p>\n<h2>F\u00fcr die ganze Familie: Osterbrunnen im bayerischen Franken<\/h2>\n<p style=\"text-align: justify;\">Die kreativ geschm\u00fcckten Brunnen im n\u00f6rdlichen Franken sind ein Magnet f\u00fcr G\u00e4ste aus aller Welt. Obwohl die Tradition erst gut 100 Jahre alt sein soll und sich seitdem wie ein Lauffeuer ausbreitet, ist ein Besuch der Wiege der Osterbrunnen ein eindrucksvolles Erlebnis. Ein Campingurlaub in der Fr\u00e4nkischen Schweiz ist einer der Trips \u00fcber Ostern, der Gross und Klein begeistert. Urspr\u00fcnglich geht die Tradition des Schm\u00fcckens von Dorfbrunnen wohl auf die Zeit vor der zentralen Wasserversorgung zur\u00fcck. Damals musste das Wasser m\u00fchsam zu den h\u00f6her gelegenen H\u00e4usern hinaufgetragen werden. Der Brunnen als Lebensspender des Ortes wurde im Fr\u00fchjahr geputzt und geschm\u00fcckt, um Wertsch\u00e4tzung und Dankbarkeit auszudr\u00fccken.<\/p>\n<figure id=\"attachment_6516\" aria-describedby=\"caption-attachment-6516\" style=\"width: 620px\" class=\"wp-caption aligncenter\"><img loading=\"lazy\" decoding=\"async\" class=\"wp-image-6516 size-full\" title=\"Ein traditionell geschm\u00fcckter Osterbrunnen in der fr\u00e4nkischen Schweiz\" src=\"https:\/\/www.schlanser.ch\/magazin\/wp-content\/uploads\/2019\/03\/Osterbrunnen.jpg\" alt=\"Ein traditionell geschm\u00fcckter Osterbrunnen\" width=\"620\" height=\"412\" srcset=\"https:\/\/www.schlanser.ch\/magazin\/wp-content\/uploads\/2019\/03\/Osterbrunnen.jpg 620w, https:\/\/www.schlanser.ch\/magazin\/wp-content\/uploads\/2019\/03\/Osterbrunnen-300x199.jpg 300w, https:\/\/www.schlanser.ch\/magazin\/wp-content\/uploads\/2019\/03\/Osterbrunnen-310x205.jpg 310w\" sizes=\"(max-width: 620px) 100vw, 620px\" \/><figcaption id=\"caption-attachment-6516\" class=\"wp-caption-text\">\u00a9 jozsitoeroe \u2013 stock.adobe.com<\/figcaption><\/figure>\n<p style=\"text-align: justify;\">Inzwischen hat sich diese Tradition verselbstst\u00e4ndigt. In zahlreichen Orten zwischen N\u00fcrnberg und Bamberg werden f\u00fcr die Osterfeiertage bis zu mehrere Tausend bunte Ostereier auf dem Dorfbrunnen drapiert. Dazwischen sitzen zuckers\u00fcsse Osterk\u00fcken und Osterhasen. Es w\u00e4re kaum verwunderlich, wenn am Ende der Osterferien jedes Familienmitglied seinen eigenen Lieblingsbrunnen hat.<\/p>\n<h3>\u00dcbernachtung und Rahmenprogramm in Oberfranken<\/h3>\n<p style=\"text-align: justify;\">Mit dem Wohnwagen bietet es sich an, den ganzen Osterurlaub \u00fcber auf dem Campingplatz Rothenb\u00fchl in Ebermannstadt zu verbringen. Dieser liegt idyllisch am kleinen Fl\u00fcsschen Wiesent und \u00f6ffnet zu Ostern seine Tore. Hier stehen Sie zentral f\u00fcr die Besichtigung der kleineren Orte der Region, kommen aber auch bequem in die n\u00e4chstgr\u00f6ssere Stadt Bamberg. Diese bietet mit ihrer historischen Altstadt, Dom, Brauereimuseum und Marionettentheater vor allem bei schlechtem Wetter ein hochwertiges Alternativprogramm.<\/p>\n<figure id=\"attachment_6518\" aria-describedby=\"caption-attachment-6518\" style=\"width: 620px\" class=\"wp-caption aligncenter\"><img loading=\"lazy\" decoding=\"async\" class=\"wp-image-6518 size-full\" title=\"Vom Campingplatz Rothenb\u00fchl stehen die Tore zu Oberfranken weit offen\" src=\"https:\/\/www.schlanser.ch\/magazin\/wp-content\/uploads\/2019\/03\/Ebermannstadt.jpg\" alt=\"Blick auf Ebermannstadt\" width=\"620\" height=\"370\" srcset=\"https:\/\/www.schlanser.ch\/magazin\/wp-content\/uploads\/2019\/03\/Ebermannstadt.jpg 620w, https:\/\/www.schlanser.ch\/magazin\/wp-content\/uploads\/2019\/03\/Ebermannstadt-300x179.jpg 300w\" sizes=\"(max-width: 620px) 100vw, 620px\" \/><figcaption id=\"caption-attachment-6518\" class=\"wp-caption-text\">\u00a9 Bildagentur-o \u2013 stock.adobe.com<\/figcaption><\/figure>\n<p style=\"text-align: justify;\">Vielleicht verbringen Sie eine Nacht von Ihrem Kurzurlaub auch direkt auf dem Stellplatz vor dem familienfreundlichen Hallenbad Bambados!? Mit dem Wohnmobil bietet sich zudem ein Wechsel auf den Campingplatz &#8222;Fr\u00e4nkische Schweiz&#8220; in Pottenstein an. Erkundigen Sie sich vorher, ob die Bob- und Rodelbahnen vor Ort bereits ge\u00f6ffnet haben!<\/p>\n<h2>Camping an Ostern f\u00fcr Sportbegeisterte: Der Vinschgau<\/h2>\n<p style=\"text-align: justify;\">Im Vinschgau erwartet Sie eine Vielfalt an Aktivit\u00e4ten beim Camping an Ostern. Je nach Ort und Witterung an Ostern k\u00f6nnen Sie hier entlang glitzernder Seen radeln oder entspannt die Pisten hinabgleiten. Da Sie sich hier im regen\u00e4rmsten Tal der Alpen befinden, stehen die Chancen auf Sonnenschein sehr gut.<\/p>\n<p style=\"text-align: justify;\">Einer der empfehlenswerten Trips \u00fcber Ostern in diese Region f\u00fchrt Sie nach St. Valentin auf der Haide. Suchen Sie auf einer Velo- oder Wandertour den Kirchturm von Alt-Graun, der seit Entstehung des Stausees um 1940 nur noch zur oberen H\u00e4lfte aus dem Wasser herausragt. Entspannen Sie beim Bergsteigen mit der Aussicht auf die \u00d6tztaler Alpen und die Ortlergruppe im Norden.<\/p>\n<figure id=\"attachment_6520\" aria-describedby=\"caption-attachment-6520\" style=\"width: 620px\" class=\"wp-caption aligncenter\"><img loading=\"lazy\" decoding=\"async\" class=\"wp-image-6520 size-full\" title=\"Radeln, wandern, entspannen: Das ist in Alt-Graun im Vinschgau m\u00f6glich\" src=\"https:\/\/www.schlanser.ch\/magazin\/wp-content\/uploads\/2019\/03\/Vinschgau.jpg\" alt=\"Der Kirchturm von Alt-Graun im Vinschgau\" width=\"620\" height=\"393\" srcset=\"https:\/\/www.schlanser.ch\/magazin\/wp-content\/uploads\/2019\/03\/Vinschgau.jpg 620w, https:\/\/www.schlanser.ch\/magazin\/wp-content\/uploads\/2019\/03\/Vinschgau-300x190.jpg 300w\" sizes=\"(max-width: 620px) 100vw, 620px\" \/><figcaption id=\"caption-attachment-6520\" class=\"wp-caption-text\">\u00a9 michelangeloop \u2013 stock.adobe.com<\/figcaption><\/figure>\n<p style=\"text-align: justify;\">An Ostersonntag k\u00f6nnen Sie das traditionelle Osterpecken beobachten. Jeweils zwei Personen schlagen ihre hart gekochten Eier mit der Spitze gegeneinander. Wessen Ei bricht, der hat verloren.<\/p>\n<h3>Tipps f\u00fcr Campingpl\u00e4tze im Vinschgau<\/h3>\n<p style=\"text-align: justify;\">Inmitten einer F\u00fclle an sportlichen Herausforderungen befinden Sie sich auf dem Platz &#8222;Camping am See&#8220; in St. Valentin. Von hier aus bestehen direkte Verbindungen in die umliegenden Skigebiete. Im Trockenraum wird \u00fcber Nacht sicher wieder alles trocken. Der Dorfb\u00e4cker ist gleich um die Ecke und die Sanit\u00e4ranlagen sind grossz\u00fcgig, hell und sauber. Wenn Ihnen St. Valentin f\u00fcr Ihren Osterurlaub zu klein ist, k\u00f6nnen Sie auf den Campingplatz &#8222;Vogelsang&#8220; in Schlanders ziehen. Hier im Zentrum des Vinschgaus haben Sie unz\u00e4hlige Rad- und Wanderwege sowie Skipisten in Ihrer N\u00e4he. Der famili\u00e4re Platz ist an einen kleinen Bauernhof angegliedert und besteht erst seit 2017. Somit ist das Reiseziel auch f\u00fcr eine Reise mit Kindern geeignet.<\/p>\n<h2>Sightseeing \u00fcber die Osterfeiertage<\/h2>\n<p style=\"text-align: justify;\">Unser letzter Tipp f\u00fcr Trips \u00fcber Ostern richtet sich an kulturinteressierte und frankreichaffine Camper. In diesem Kurzurlaub steuern Sie mit Ihrem Camper drei ber\u00fchmte St\u00e4dte in Frankreichs S\u00fcdosten an. Ausgangspunkt ist Lyon, das nur knapp 150 km von Genf entfernt liegt. Lassen Sie Ihr Wohnmobil ausserhalb der Stadt auf einem der Stellpl\u00e4tze des &#8222;Camping de Lyon&#8220; stehen und fahren mit den \u00f6ffentlichen Verkehrsmitteln in das Zentrum. Im UNESCO-Weltkulturerbe an der Rh\u00f4ne gibt es viel zu besichtigen. Schlendern Sie durch die gem\u00fctliche Altstadt entlang des Flusses. Werfen Sie dabei unbedingt einen Blick in die mittelalterliche Kathedrale. Belohnen Sie sich anschliessend mit den vorz\u00fcglichen Lyoner Pralinen. Bei schlechtem Wetter bietet sich eine Shoppingtour an oder Sie erweitern Ihren Horizont im vorrangig naturwissenschaftlichen &#8222;Mus\u00e9e des Confluences&#8220;.<\/p>\n<figure id=\"attachment_6523\" aria-describedby=\"caption-attachment-6523\" style=\"width: 620px\" class=\"wp-caption aligncenter\"><img loading=\"lazy\" decoding=\"async\" class=\"wp-image-6523 size-full\" title=\"Besuchen Sie die vielf\u00e4ltige Innenstadt von Lyon\" src=\"https:\/\/www.schlanser.ch\/magazin\/wp-content\/uploads\/2019\/03\/Lyon.jpg\" alt=\"Innenstadt von Lyon\" width=\"620\" height=\"398\" srcset=\"https:\/\/www.schlanser.ch\/magazin\/wp-content\/uploads\/2019\/03\/Lyon.jpg 620w, https:\/\/www.schlanser.ch\/magazin\/wp-content\/uploads\/2019\/03\/Lyon-300x193.jpg 300w\" sizes=\"(max-width: 620px) 100vw, 620px\" \/><figcaption id=\"caption-attachment-6523\" class=\"wp-caption-text\">\u00a9 Alexi Tauzin \u2013 stock.adobe.com<\/figcaption><\/figure>\n<h2>Camping zu Ostern: Jenseits von Lyon<\/h2>\n<p style=\"text-align: justify;\">Verlassen Sie Lyon und fahren Sie 140 km weiter nach Le Puy-en-Velay mitten im Zentralmassiv. Ihr Lager schlagen Sie unmittelbar neben dem Stadtzentrum auf dem &#8222;Camping de Bouthezard&#8220; auf. Bis hierhin sind Ihnen sicherlich bereits die zwei zentralen Vulkankegel in der Stadt aufgefallen. Auf dem einen thront die 16 Meter hohe Notre-Dame de la France. Sie war ihrer Zeit das Vorbild f\u00fcr die Freiheitsstatue in New York und kann von innen erklettert werden. Der Nachbarh\u00fcgel ist wohl schon seit der Antike ein heiliger Ort. Heute steht hier die Kirche St. Michel, zu deren Besichtigung Sie ein paar Treppenstufen erklimmen m\u00fcssen. Die M\u00fche wird auf jeden Fall belohnt.<\/p>\n<p style=\"text-align: justify;\">Die letzte Station f\u00fcr diese Osterferien liegt in Clermont-Ferrand. Der &#8222;Camping Huttopia Royat&#8220; ist einfach zu finden und liegt nur drei Kilometer ausserhalb der Stadt. Auch hier sind es wieder die kirchlichen Bauten, die besonders zu beeindrucken verstehen. Lassen Sie die unterschiedlichen Baustile der gotischen Kathedrale Notre-Dame-de-l&#8217;Assomption und der romanischen Basilika Notre-Dame-du-Port auf sich wirken. Liebhaber alter Fahrzeuge lockt das Michelin-Museum in seine Hallen.<\/p>\n<figure id=\"attachment_6525\" aria-describedby=\"caption-attachment-6525\" style=\"width: 620px\" class=\"wp-caption aligncenter\"><img loading=\"lazy\" decoding=\"async\" class=\"wp-image-6525 size-full\" title=\"Clermont-Ferrand mit seiner ber\u00fchmten Kathedrale ist einen Besuch wert\" src=\"https:\/\/www.schlanser.ch\/magazin\/wp-content\/uploads\/2019\/03\/Clermont-Ferrand.jpg\" alt=\"Clermont-Ferrand mit seiner ber\u00fchmten Kathedrale\" width=\"620\" height=\"378\" srcset=\"https:\/\/www.schlanser.ch\/magazin\/wp-content\/uploads\/2019\/03\/Clermont-Ferrand.jpg 620w, https:\/\/www.schlanser.ch\/magazin\/wp-content\/uploads\/2019\/03\/Clermont-Ferrand-300x183.jpg 300w\" sizes=\"(max-width: 620px) 100vw, 620px\" \/><figcaption id=\"caption-attachment-6525\" class=\"wp-caption-text\">\u00a9 Bernard 63 \u2013 stock.adobe.com<\/figcaption><\/figure>\n<p style=\"text-align: justify;\">Nat\u00fcrlich bieten sich diese drei Touren nicht nur f\u00fcr das Camping an Ostern an. Einzig die Osterbrunnen k\u00f6nnen Sie ausschliesslich \u00fcber die Osterfeiertage besichtigen. Denken Sie bei allen Campingpl\u00e4tzen daran, dass Ostern f\u00fcr viele Camper der Saisonstart ist. Buchen Sie also rechtzeitig vor, sodass Sie Ihren Kurzurlaub sorglos geniessen k\u00f6nnen.<\/p>\n","protected":false},"excerpt":{"rendered":"<p>\u00ab Sch\u00f6ner Kurzurlaub \u00fcber die Osterfeiertage \u00bb Selbst wenn die Ostereier manchmal noch im Schnee versinken, l\u00e4utet Ostern doch offiziell den Fr\u00fchling ein und damit auch die Campingsaison. Die Tage sind nun immer h\u00e4ufiger angenehm warm und ein Osterurlaub in der richtigen Region kann die Chancen auf Sonnenschein weiter erh\u00f6hen. Wir geben Ihnen hier drei &hellip;<\/p>\n","protected":false},"author":1,"featured_media":6512,"comment_status":"closed","ping_status":"open","sticky":false,"template":"","format":"standard","meta":{"footnotes":""},"categories":[2],"tags":[201,856,859,370,273,34,858,857],"yoast_head":"<!-- This site is optimized with the Yoast SEO plugin v22.2 - https:\/\/yoast.com\/wordpress\/plugins\/seo\/ -->\n<title>Camping an Ostern - Schlanser Magazin<\/title>\n<meta name=\"description\" content=\"Fahren Sie in den Kurzurlaub \u00fcber die Osterfeiertage \u2714 Lesen Sie unsere Tipps zum Thema Camping an Ostern \u2714 | schlanser.ch\" \/>\n<meta name=\"robots\" content=\"index, follow, max-snippet:-1, max-image-preview:large, max-video-preview:-1\" \/>\n<link rel=\"canonical\" href=\"https:\/\/www.schlanser.ch\/magazin\/camping-an-ostern\/\" \/>\n<meta property=\"og:locale\" content=\"de_DE\" \/>\n<meta property=\"og:type\" content=\"article\" \/>\n<meta property=\"og:title\" content=\"Camping an Ostern - Schlanser Magazin\" \/>\n<meta property=\"og:description\" content=\"Fahren Sie in den Kurzurlaub \u00fcber die Osterfeiertage \u2714 Lesen Sie unsere Tipps zum Thema Camping an Ostern \u2714 | schlanser.ch\" \/>\n<meta property=\"og:url\" content=\"https:\/\/www.schlanser.ch\/magazin\/camping-an-ostern\/\" \/>\n<meta property=\"og:site_name\" content=\"Schlanser Magazin\" \/>\n<meta property=\"article:published_time\" content=\"2019-03-25T15:14:42+00:00\" \/>\n<meta property=\"article:modified_time\" content=\"2024-01-10T13:54:30+00:00\" \/>\n<meta property=\"og:image\" content=\"https:\/\/www.schlanser.ch\/magazin\/wp-content\/uploads\/2019\/03\/Ostercamping.jpg\" \/>\n\t<meta property=\"og:image:width\" content=\"660\" \/>\n\t<meta property=\"og:image:height\" content=\"349\" \/>\n\t<meta property=\"og:image:type\" content=\"image\/jpeg\" \/>\n<meta name=\"author\" content=\"admin\" \/>\n<meta name=\"twitter:card\" content=\"summary_large_image\" \/>\n<meta name=\"twitter:label1\" content=\"Verfasst von\" \/>\n\t<meta name=\"twitter:data1\" content=\"admin\" \/>\n\t<meta name=\"twitter:label2\" content=\"Gesch\u00e4tzte Lesezeit\" \/>\n\t<meta name=\"twitter:data2\" content=\"8 Minuten\" \/>\n<script type=\"application\/ld+json\" class=\"yoast-schema-graph\">{\"@context\":\"https:\/\/schema.org\",\"@graph\":[{\"@type\":\"WebPage\",\"@id\":\"https:\/\/www.schlanser.ch\/magazin\/camping-an-ostern\/\",\"url\":\"https:\/\/www.schlanser.ch\/magazin\/camping-an-ostern\/\",\"name\":\"Camping an Ostern - Schlanser Magazin\",\"isPartOf\":{\"@id\":\"https:\/\/www.schlanser.ch\/magazin\/#website\"},\"primaryImageOfPage\":{\"@id\":\"https:\/\/www.schlanser.ch\/magazin\/camping-an-ostern\/#primaryimage\"},\"image\":{\"@id\":\"https:\/\/www.schlanser.ch\/magazin\/camping-an-ostern\/#primaryimage\"},\"thumbnailUrl\":\"https:\/\/www.schlanser.ch\/magazin\/wp-content\/uploads\/2019\/03\/Ostercamping.jpg\",\"datePublished\":\"2019-03-25T15:14:42+00:00\",\"dateModified\":\"2024-01-10T13:54:30+00:00\",\"author\":{\"@id\":\"https:\/\/www.schlanser.ch\/magazin\/#\/schema\/person\/000db0a103eb2594ba3daf394b1dfea2\"},\"description\":\"Fahren Sie in den Kurzurlaub \u00fcber die Osterfeiertage \u2714 Lesen Sie unsere Tipps zum Thema Camping an Ostern \u2714 | schlanser.ch\",\"breadcrumb\":{\"@id\":\"https:\/\/www.schlanser.ch\/magazin\/camping-an-ostern\/#breadcrumb\"},\"inLanguage\":\"de-DE\",\"potentialAction\":[{\"@type\":\"ReadAction\",\"target\":[\"https:\/\/www.schlanser.ch\/magazin\/camping-an-ostern\/\"]}]},{\"@type\":\"ImageObject\",\"inLanguage\":\"de-DE\",\"@id\":\"https:\/\/www.schlanser.ch\/magazin\/camping-an-ostern\/#primaryimage\",\"url\":\"https:\/\/www.schlanser.ch\/magazin\/wp-content\/uploads\/2019\/03\/Ostercamping.jpg\",\"contentUrl\":\"https:\/\/www.schlanser.ch\/magazin\/wp-content\/uploads\/2019\/03\/Ostercamping.jpg\",\"width\":660,\"height\":349,\"caption\":\"\u00a9 drubig-photo \u2013 stock.adobe.com\"},{\"@type\":\"BreadcrumbList\",\"@id\":\"https:\/\/www.schlanser.ch\/magazin\/camping-an-ostern\/#breadcrumb\",\"itemListElement\":[{\"@type\":\"ListItem\",\"position\":1,\"name\":\"Startseite\",\"item\":\"https:\/\/www.schlanser.ch\/magazin\/\"},{\"@type\":\"ListItem\",\"position\":2,\"name\":\"Camping an Ostern\"}]},{\"@type\":\"WebSite\",\"@id\":\"https:\/\/www.schlanser.ch\/magazin\/#website\",\"url\":\"https:\/\/www.schlanser.ch\/magazin\/\",\"name\":\"Schlanser Magazin\",\"description\":\"\",\"potentialAction\":[{\"@type\":\"SearchAction\",\"target\":{\"@type\":\"EntryPoint\",\"urlTemplate\":\"https:\/\/www.schlanser.ch\/magazin\/?s={search_term_string}\"},\"query-input\":\"required name=search_term_string\"}],\"inLanguage\":\"de-DE\"},{\"@type\":\"Person\",\"@id\":\"https:\/\/www.schlanser.ch\/magazin\/#\/schema\/person\/000db0a103eb2594ba3daf394b1dfea2\",\"name\":\"admin\",\"image\":{\"@type\":\"ImageObject\",\"inLanguage\":\"de-DE\",\"@id\":\"https:\/\/www.schlanser.ch\/magazin\/#\/schema\/person\/image\/\",\"url\":\"https:\/\/secure.gravatar.com\/avatar\/a794a4fe8a9b9c52241597eb381dfa2e?s=96&d=mm&r=g\",\"contentUrl\":\"https:\/\/secure.gravatar.com\/avatar\/a794a4fe8a9b9c52241597eb381dfa2e?s=96&d=mm&r=g\",\"caption\":\"admin\"}}]}<\/script>\n<!-- \/ Yoast SEO plugin. -->","yoast_head_json":{"title":"Camping an Ostern - Schlanser Magazin","description":"Fahren Sie in den Kurzurlaub \u00fcber die Osterfeiertage \u2714 Lesen Sie unsere Tipps zum Thema Camping an Ostern \u2714 | schlanser.ch","robots":{"index":"index","follow":"follow","max-snippet":"max-snippet:-1","max-image-preview":"max-image-preview:large","max-video-preview":"max-video-preview:-1"},"canonical":"https:\/\/www.schlanser.ch\/magazin\/camping-an-ostern\/","og_locale":"de_DE","og_type":"article","og_title":"Camping an Ostern - Schlanser Magazin","og_description":"Fahren Sie in den Kurzurlaub \u00fcber die Osterfeiertage \u2714 Lesen Sie unsere Tipps zum Thema Camping an Ostern \u2714 | schlanser.ch","og_url":"https:\/\/www.schlanser.ch\/magazin\/camping-an-ostern\/","og_site_name":"Schlanser Magazin","article_published_time":"2019-03-25T15:14:42+00:00","article_modified_time":"2024-01-10T13:54:30+00:00","og_image":[{"width":660,"height":349,"url":"https:\/\/www.schlanser.ch\/magazin\/wp-content\/uploads\/2019\/03\/Ostercamping.jpg","type":"image\/jpeg"}],"author":"admin","twitter_card":"summary_large_image","twitter_misc":{"Verfasst von":"admin","Gesch\u00e4tzte Lesezeit":"8 Minuten"},"schema":{"@context":"https:\/\/schema.org","@graph":[{"@type":"WebPage","@id":"https:\/\/www.schlanser.ch\/magazin\/camping-an-ostern\/","url":"https:\/\/www.schlanser.ch\/magazin\/camping-an-ostern\/","name":"Camping an Ostern - Schlanser Magazin","isPartOf":{"@id":"https:\/\/www.schlanser.ch\/magazin\/#website"},"primaryImageOfPage":{"@id":"https:\/\/www.schlanser.ch\/magazin\/camping-an-ostern\/#primaryimage"},"image":{"@id":"https:\/\/www.schlanser.ch\/magazin\/camping-an-ostern\/#primaryimage"},"thumbnailUrl":"https:\/\/www.schlanser.ch\/magazin\/wp-content\/uploads\/2019\/03\/Ostercamping.jpg","datePublished":"2019-03-25T15:14:42+00:00","dateModified":"2024-01-10T13:54:30+00:00","author":{"@id":"https:\/\/www.schlanser.ch\/magazin\/#\/schema\/person\/000db0a103eb2594ba3daf394b1dfea2"},"description":"Fahren Sie in den Kurzurlaub \u00fcber die Osterfeiertage \u2714 Lesen Sie unsere Tipps zum Thema Camping an Ostern \u2714 | schlanser.ch","breadcrumb":{"@id":"https:\/\/www.schlanser.ch\/magazin\/camping-an-ostern\/#breadcrumb"},"inLanguage":"de-DE","potentialAction":[{"@type":"ReadAction","target":["https:\/\/www.schlanser.ch\/magazin\/camping-an-ostern\/"]}]},{"@type":"ImageObject","inLanguage":"de-DE","@id":"https:\/\/www.schlanser.ch\/magazin\/camping-an-ostern\/#primaryimage","url":"https:\/\/www.schlanser.ch\/magazin\/wp-content\/uploads\/2019\/03\/Ostercamping.jpg","contentUrl":"https:\/\/www.schlanser.ch\/magazin\/wp-content\/uploads\/2019\/03\/Ostercamping.jpg","width":660,"height":349,"caption":"\u00a9 drubig-photo \u2013 stock.adobe.com"},{"@type":"BreadcrumbList","@id":"https:\/\/www.schlanser.ch\/magazin\/camping-an-ostern\/#breadcrumb","itemListElement":[{"@type":"ListItem","position":1,"name":"Startseite","item":"https:\/\/www.schlanser.ch\/magazin\/"},{"@type":"ListItem","position":2,"name":"Camping an Ostern"}]},{"@type":"WebSite","@id":"https:\/\/www.schlanser.ch\/magazin\/#website","url":"https:\/\/www.schlanser.ch\/magazin\/","name":"Schlanser Magazin","description":"","potentialAction":[{"@type":"SearchAction","target":{"@type":"EntryPoint","urlTemplate":"https:\/\/www.schlanser.ch\/magazin\/?s={search_term_string}"},"query-input":"required name=search_term_string"}],"inLanguage":"de-DE"},{"@type":"Person","@id":"https:\/\/www.schlanser.ch\/magazin\/#\/schema\/person\/000db0a103eb2594ba3daf394b1dfea2","name":"admin","image":{"@type":"ImageObject","inLanguage":"de-DE","@id":"https:\/\/www.schlanser.ch\/magazin\/#\/schema\/person\/image\/","url":"https:\/\/secure.gravatar.com\/avatar\/a794a4fe8a9b9c52241597eb381dfa2e?s=96&d=mm&r=g","contentUrl":"https:\/\/secure.gravatar.com\/avatar\/a794a4fe8a9b9c52241597eb381dfa2e?s=96&d=mm&r=g","caption":"admin"}}]}},"_links":{"self":[{"href":"https:\/\/www.schlanser.ch\/magazin\/wp-json\/wp\/v2\/posts\/6510"}],"collection":[{"href":"https:\/\/www.schlanser.ch\/magazin\/wp-json\/wp\/v2\/posts"}],"about":[{"href":"https:\/\/www.schlanser.ch\/magazin\/wp-json\/wp\/v2\/types\/post"}],"author":[{"embeddable":true,"href":"https:\/\/www.schlanser.ch\/magazin\/wp-json\/wp\/v2\/users\/1"}],"replies":[{"embeddable":true,"href":"https:\/\/www.schlanser.ch\/magazin\/wp-json\/wp\/v2\/comments?post=6510"}],"version-history":[{"count":14,"href":"https:\/\/www.schlanser.ch\/magazin\/wp-json\/wp\/v2\/posts\/6510\/revisions"}],"predecessor-version":[{"id":17205,"href":"https:\/\/www.schlanser.ch\/magazin\/wp-json\/wp\/v2\/posts\/6510\/revisions\/17205"}],"wp:featuredmedia":[{"embeddable":true,"href":"https:\/\/www.schlanser.ch\/magazin\/wp-json\/wp\/v2\/media\/6512"}],"wp:attachment":[{"href":"https:\/\/www.schlanser.ch\/magazin\/wp-json\/wp\/v2\/media?parent=6510"}],"wp:term":[{"taxonomy":"category","embeddable":true,"href":"https:\/\/www.schlanser.ch\/magazin\/wp-json\/wp\/v2\/categories?post=6510"},{"taxonomy":"post_tag","embeddable":true,"href":"https:\/\/www.schlanser.ch\/magazin\/wp-json\/wp\/v2\/tags?post=6510"}],"curies":[{"name":"wp","href":"https:\/\/api.w.org\/{rel}","templated":true}]}}