{"id":6630,"date":"2019-04-09T13:17:09","date_gmt":"2019-04-09T11:17:09","guid":{"rendered":"https:\/\/www.schlanser.ch\/magazin\/?p=6630"},"modified":"2024-01-10T14:52:16","modified_gmt":"2024-01-10T13:52:16","slug":"praktisches-zubehoer-fuer-vw-bulli-t4-und-t5","status":"publish","type":"post","link":"https:\/\/www.schlanser.ch\/magazin\/praktisches-zubehoer-fuer-vw-bulli-t4-und-t5\/","title":{"rendered":"Praktisches Zubeh\u00f6r f\u00fcr VW Bulli T4 und T5 \/ T6"},"content":{"rendered":"<p style=\"text-align: justify;\"><strong>Der Bulli ist ein treuer Weggef\u00e4hrte auf Campingtouren. Er ist Kult, er ist praktisch und er hat die Caravanszene entscheidend mitgepr\u00e4gt. Besitzer von einem Bulli Caravan wissen zu sch\u00e4tzen, dass er so handlich ist und dennoch ausreichend Komfort bietet. In diesem Artikel erfahren Sie, mit welchem Zubeh\u00f6r Sie Ihren T4 oder T5\/T6 Ihren individuellen Bed\u00fcrfnissen anpassen k\u00f6nnen.<\/strong><\/p>\n<h2>Ordnung und Gem\u00fctlichkeit im Campingbus<\/h2>\n<p style=\"text-align: justify;\">Das A und O in einem VW-Bus ist das <a href=\"https:\/\/www.schlanser.ch\/moebel\/campingmoebel\/campingschraenke\/\">Ordnungssystem<\/a> im Wohnbereich. Der Bulli ist sehr handlich, weshalb er selbst enge Strassen und niedrige Durchfahrten mitmacht. Daf\u00fcr ist der Innenraum klar begrenzt, was vor allem bei der Nutzung durch zwei Personen schnell deutlich wird. Wenn Sie Ihren T4 oder T5 \/ T6 selbst ausbauen m\u00f6chten, m\u00fcssen Sie sich daher ein gutes Platzkonzept \u00fcberlegen. Dies erfordert Kreativit\u00e4t und handwerkliches Geschick, kann aber auch unheimlich viel Spass machen.<\/p>\n<p style=\"text-align: justify;\"><img loading=\"lazy\" decoding=\"async\" class=\"alignright wp-image-6632 size-full\" title=\"Berger K\u00fcchenbox Deluxe\" src=\"https:\/\/www.schlanser.ch\/magazin\/wp-content\/uploads\/2019\/04\/Berger-K\u00fcchenbox-Deluxe.jpg\" alt=\"Berger K\u00fcchenbox Deluxe\" width=\"300\" height=\"333\" srcset=\"https:\/\/www.schlanser.ch\/magazin\/wp-content\/uploads\/2019\/04\/Berger-K\u00fcchenbox-Deluxe.jpg 300w, https:\/\/www.schlanser.ch\/magazin\/wp-content\/uploads\/2019\/04\/Berger-K\u00fcchenbox-Deluxe-270x300.jpg 270w\" sizes=\"(max-width: 300px) 100vw, 300px\" \/>Vielleicht entscheiden Sie sich f\u00fcr einen fertig eingerichteten VW Bulli oder kaufen sich ein vorgefertigtes Modul f\u00fcr den Innenausbau. Sowohl bei dieser Variante als auch beim Selbstausbau sollten Sie flexibles Zubeh\u00f6r wie H\u00e4ngeschr\u00e4nke oder H\u00e4ngetaschen aus robustem Polyester in Erw\u00e4gung ziehen. Sie brauchen wenig Platz, wiegen wenig und bringen Ordnung auf kleinstem Raum. H\u00e4ngeschr\u00e4nke k\u00f6nnen w\u00e4hrend der Fahrt samt Inhalt in einer Kiste liegen. Vor Ort h\u00e4ngen Sie sie auf und erreichen so komfortabel all Ihre Kleidungsst\u00fccke. Selbst kleinstes Zubeh\u00f6r wie <a href=\"https:\/\/www.schlanser.ch\/fahrzeug\/kfz-innenraum-fahrerhaus\/halter-faecher-praktisches\/\">Halter f\u00fcr Getr\u00e4nke oder Smartphones<\/a> tragen erheblich dazu bei, Ordnung zu halten.<\/p>\n<p style=\"text-align: justify;\">Platz f\u00fcr eine extra Sitzbank k\u00f6nnen Sie sich mit einem drehbaren Bei-\/Fahrersitz sparen. Diese Funktion ist mittels einer Drehkonsole einfach nachzur\u00fcsten. Es gibt passende Modelle als T5 \/ T6 und auch als T4 Zubeh\u00f6r. Ebenso finden Sie \u00fcbrigens passendes Equipment f\u00fcr den Ducato und andere Fabrikate. Manche verf\u00fcgen sogar \u00fcber einen Safe im Kasten, in dem Sie Ihre Wertgegenst\u00e4nde sicher einschliessen k\u00f6nnen. Waren Ihnen die Originalsitze ohnehin nicht bequem genug, montieren Sie sich auf der Drehkonsole gleich neue Sitze, beispielsweise von <a href=\"https:\/\/www.schlanser.ch\/sportscraft\/\">Sportscraft<\/a>.<\/p>\n<p><a href=\"https:\/\/www.schlanser.ch\/fahrzeug\/kfz-innenraum-fahrerhaus\/sitze-drehkonsolen\/21521\/drehkonsole-vw-t5\"><img loading=\"lazy\" decoding=\"async\" class=\"alignnone wp-image-6635 size-full\" title=\"Drehkonsole VW T5\" src=\"https:\/\/www.schlanser.ch\/magazin\/wp-content\/uploads\/2019\/04\/Drehkonsole-VW-T5.jpg\" alt=\"Drehkonsole VW T5\" width=\"300\" height=\"146\" \/><\/a> <img loading=\"lazy\" decoding=\"async\" class=\"alignnone wp-image-6637 size-full\" title=\"Drehkonsole T4\" src=\"https:\/\/www.schlanser.ch\/magazin\/wp-content\/uploads\/2019\/04\/Drehkonsole-T4.jpg\" alt=\"Drehkonsole T4\" width=\"300\" height=\"154\" \/><\/p>\n<h2>Angenehme Nachtruhe und Bel\u00fcftung<\/h2>\n<p style=\"text-align: justify;\">Am Ende geht es beim Campingbus nicht nur um eine praktische Inneneinrichtung, sondern auch um Schlafkomfort. Um diesen zu optimieren, bietet der Fachhandel unter anderem f\u00fcr das <a href=\"https:\/\/www.schlanser.ch\/fahrzeug\/campingfahrzeug-inneneinrichtung\/schlafkomfort\/\">California Dachbett T5 \/ T6\u00a0 Zubeh\u00f6r<\/a>. Die 5 cm dicke Schlafauflage aus Kaltschaum ist atmungsaktiv, wird mit Klettband fixiert und kommt mit passender Halterung f\u00fcr eine Schwanenhalslampe. Da bleibt man morgens gerne einmal l\u00e4nger liegen.<\/p>\n<p><a href=\"https:\/\/www.schlanser.ch\/fahrzeug\/campingfahrzeug-inneneinrichtung\/schlafkomfort\/7387\/schlafauflage-t5-california-dachbett\"><img loading=\"lazy\" decoding=\"async\" class=\"aligncenter wp-image-6640 size-full\" title=\"Schlafauflage T5 California Dachbett\" src=\"https:\/\/www.schlanser.ch\/magazin\/wp-content\/uploads\/2019\/04\/Schlafauflage-T5-California-Dachbett.jpg\" alt=\"Schlafauflage T5 California Dachbett\" width=\"620\" height=\"387\" srcset=\"https:\/\/www.schlanser.ch\/magazin\/wp-content\/uploads\/2019\/04\/Schlafauflage-T5-California-Dachbett.jpg 620w, https:\/\/www.schlanser.ch\/magazin\/wp-content\/uploads\/2019\/04\/Schlafauflage-T5-California-Dachbett-300x187.jpg 300w\" sizes=\"(max-width: 620px) 100vw, 620px\" \/><\/a><\/p>\n<p style=\"text-align: justify;\">Zu einer erholsamen Nacht geh\u00f6rt neben einer bequemen Schlafunterlage auch eine ausreichende Bel\u00fcftung. Besonders wenn Sie einmal nicht auf einem offiziellen Campingplatz stehen, ist das Offenlassen von T\u00fcren oder Schiebefenstern keine L\u00f6sung. Doch auch hier gibt es das passende T5 \/ T6 und T4 Zubeh\u00f6r: Die <a href=\"https:\/\/www.schlanser.ch\/fahrzeug\/wohnwagen-wohnmobil-zubehoer\/dachhauben-dachluefter\/\">T4 L\u00fcftung mit Schlitzen in Kiemenform<\/a> setzen Sie einfach in das Schiebefenster ein. Mit einer Verriegelung auf der Innenseite l\u00e4sst es keinen Langfinger herein. Ebenso h\u00e4lt es dank Moskitonetz l\u00e4stige Insekten ab.<\/p>\n<p><a href=\"https:\/\/www.schlanser.ch\/fahrzeug\/wohnwagen-wohnmobil-zubehoer\/dachhauben-dachluefter\/26380\/lueftung-schiebefenster-vw-t4\"><img loading=\"lazy\" decoding=\"async\" class=\"aligncenter wp-image-6642 size-full\" title=\"L\u00fcftung Schiebefenster VW T4\" src=\"https:\/\/www.schlanser.ch\/magazin\/wp-content\/uploads\/2019\/04\/L\u00fcftung-Schiebefenster-VW-T4.jpg\" alt=\"L\u00fcftung Schiebefenster VW T4\" width=\"550\" height=\"443\" srcset=\"https:\/\/www.schlanser.ch\/magazin\/wp-content\/uploads\/2019\/04\/L\u00fcftung-Schiebefenster-VW-T4.jpg 550w, https:\/\/www.schlanser.ch\/magazin\/wp-content\/uploads\/2019\/04\/L\u00fcftung-Schiebefenster-VW-T4-300x242.jpg 300w\" sizes=\"(max-width: 550px) 100vw, 550px\" \/><\/a><\/p>\n<p style=\"text-align: justify;\">Dieselbe Funktion erf\u00fcllt auch eine Fliegenschutzt\u00fcr. Sie montieren sie auf der Innenseite der seitlichen Schiebet\u00fcre Ihres VW Bulli. So kann die T\u00fcr die ganze Zeit \u00fcber offenbleiben, ohne dass Insekten hereinkommen. In leichtg\u00e4ngigen Schienen gelagert, l\u00e4sst sich die Fliegenschutzt\u00fcr leicht \u00f6ffnen und schliessen. W\u00e4hrend sie frische Luft hereinl\u00e4sst, h\u00e4lt sie neugierige Blicke bis zu einem gewissen Grad ab. Es gibt die Fliegenschutzt\u00fcr als T5 \/ T6 Zubeh\u00f6r, aber ebenso passgenau f\u00fcr andere Camper auf der Basis von Ducato und vergleichbaren Modellen.<\/p>\n<h2>Mehr Wohnraum f\u00fcr den Bulli Caravan<\/h2>\n<p style=\"text-align: justify;\">Was dem VW Bus im Inneren fehlen mag, kann ihm mit wenigen Handgriffen aussen angef\u00fcgt werden. Die Rede ist von praktischem Equipment wie Markisen, Markisenvorzelten und Heckzelten. Je nachdem f\u00fcr welche Markise Sie sich entscheiden, ben\u00f6tigen Sie eine Markisenhalterung bzw. einen Adapter an Ihrem Campingbus. Da gibt es beispielsweise f\u00fcr den VW T4 das Zubeh\u00f6r &#8222;Lift Roof&#8220; oder als T6 und T5 Zubeh\u00f6r das &#8222;Adapter Kit Brandrup&#8220;. Diese zweiteiligen Halterungen sind f\u00fcr bestimmte Markisentypen ausgelegt und werden direkt am Bus montiert.<\/p>\n<figure id=\"attachment_6644\" aria-describedby=\"caption-attachment-6644\" style=\"width: 620px\" class=\"wp-caption aligncenter\"><img loading=\"lazy\" decoding=\"async\" class=\"wp-image-6644 size-full\" title=\"Ein ausgebauter VW Bulli\" src=\"https:\/\/www.schlanser.ch\/magazin\/wp-content\/uploads\/2019\/04\/Bulli.jpg\" alt=\"Ein ausgebauter VW Bulli\" width=\"620\" height=\"331\" srcset=\"https:\/\/www.schlanser.ch\/magazin\/wp-content\/uploads\/2019\/04\/Bulli.jpg 620w, https:\/\/www.schlanser.ch\/magazin\/wp-content\/uploads\/2019\/04\/Bulli-300x160.jpg 300w, https:\/\/www.schlanser.ch\/magazin\/wp-content\/uploads\/2019\/04\/Bulli-310x165.jpg 310w\" sizes=\"(max-width: 620px) 100vw, 620px\" \/><figcaption id=\"caption-attachment-6644\" class=\"wp-caption-text\">\u00a9 marioav &#8211; stock.adobe.com<\/figcaption><\/figure>\n<p style=\"text-align: justify;\">Die Markise selbst hat den Vorteil, dass sie dem Eingangsbereich einen Wetterschutz bietet. Es kann nicht hereinregnen und auch die Sonne wird abgeschirmt. Ausserdem bietet sie einen gesch\u00fctzten Raum f\u00fcr Tisch und St\u00fchle vor dem Bulli Caravan. Die Markise von <a href=\"https:\/\/www.schlanser.ch\/fiamma\/\">Fiamma<\/a> f\u00fcr den T5 \/ T6 ist zudem mit einer Regenrinne und einer doppelten Kederschiene an der Frontblende versehen, sodass Sie problemlos weiteres Zubeh\u00f6r anbringen k\u00f6nnen.<\/p>\n<p style=\"text-align: justify;\">F\u00fcr mehr Privatsph\u00e4re sorgt entweder eine einfache Seitenwand, die an der Markise montiert werden kann, oder ein komplettes Markisenvorzelt. Dieses schliesst rundum ab, bietet aber durch grossz\u00fcgige T\u00fcren ausreichend M\u00f6glichkeiten zur Bel\u00fcftung. Das Markisenvorzelt sch\u00fctzt Sie effizient vor Wetter und neugierigen Blicken.<\/p>\n<p><img loading=\"lazy\" decoding=\"async\" class=\"aligncenter wp-image-6646\" title=\"Vango Airbeam Bus- und Reisemobilvorzelt Kela V Low\" src=\"https:\/\/www.schlanser.ch\/magazin\/wp-content\/uploads\/2019\/04\/Vango-Airbeam-Bus-und-Reisemobilvorzelt-Kela-V-Low.jpg\" alt=\"Vango Airbeam Bus- und Reisemobilvorzelt Kela V Low\" width=\"620\" height=\"355\" srcset=\"https:\/\/www.schlanser.ch\/magazin\/wp-content\/uploads\/2019\/04\/Vango-Airbeam-Bus-und-Reisemobilvorzelt-Kela-V-Low.jpg 1142w, https:\/\/www.schlanser.ch\/magazin\/wp-content\/uploads\/2019\/04\/Vango-Airbeam-Bus-und-Reisemobilvorzelt-Kela-V-Low-300x172.jpg 300w, https:\/\/www.schlanser.ch\/magazin\/wp-content\/uploads\/2019\/04\/Vango-Airbeam-Bus-und-Reisemobilvorzelt-Kela-V-Low-768x440.jpg 768w, https:\/\/www.schlanser.ch\/magazin\/wp-content\/uploads\/2019\/04\/Vango-Airbeam-Bus-und-Reisemobilvorzelt-Kela-V-Low-1024x586.jpg 1024w\" sizes=\"(max-width: 620px) 100vw, 620px\" \/><\/p>\n<p style=\"text-align: justify;\">Eine andere M\u00f6glichkeit zur Erweiterung Ihres Bulli liefert ein <a href=\"https:\/\/www.schlanser.ch\/zelte\/vorzelte\/reisemobil-busvorzelte\/\">Heckzelt<\/a>. Es kann direkt \u00fcber die ge\u00f6ffnete Heckklappe montiert werden und ben\u00f6tigt daher keinen eigenen Rahmen. Das bedeutet eine erhebliche Gewichtsersparnis beim Transport. Beim Heckzelt &#8222;Comet&#8220; von Brunner kann eine Seitent\u00fcr mit Stangen aufgestellt werden. So k\u00f6nnen Sie unter dem Zelt zum Beispiel kochen, einen weiteren Schlafplatz einrichten oder es als Garage f\u00fcr Velos nutzen.<\/p>\n<h2>Weitere praktische Erg\u00e4nzungen f\u00fcr den VW Bulli<\/h2>\n<p style=\"text-align: justify;\">Velos sind auf dem Campingplatz \u00e4usserst hilfreiche Gef\u00e4hrten. Sie verk\u00fcrzen den morgendlichen Weg zum B\u00e4cker und geben die M\u00f6glichkeit, ohne Bulli die Gegend zu erkunden. Besonders wenn ein Markisenvorzelt oder ein Heckzelt aufgebaut ist, bedeutet ein kurzer Ausflug mit dem Bus einige Umst\u00e4nde. F\u00fcr den Transport der Velos gibt es zum Beispiel den Fahrradtr\u00e4ger &#8222;Carry Bike&#8220; von Fiamma als T4 Zubeh\u00f6r. Mit ihm transportieren Sie bis zu vier Velos am Heck Ihres Bulli. Der Fahrradtr\u00e4ger von Atera h\u00e4lt ebenfalls bis zu vier Velos mit seinen flexiblen Greifarmen fest. Es wird an der Heckklappe montiert und kann bei Bedarf mit dieser hochgeklappt werden. So m\u00fcssen die Velos nicht abgenommen werden, um an den Kofferraum zu gelangen.<\/p>\n<p><img loading=\"lazy\" decoding=\"async\" class=\"aligncenter wp-image-6648 size-full\" title=\"Berger Sonnenvordach f\u00fcr Bus &amp; Wohnwagen\" src=\"https:\/\/www.schlanser.ch\/magazin\/wp-content\/uploads\/2019\/04\/Berger-Sonnenvordach-f\u00fcr-Bus-Wohnwagen.jpg\" alt=\"Berger Sonnenvordach f\u00fcr Bus &amp; Wohnwagen\" width=\"620\" height=\"351\" srcset=\"https:\/\/www.schlanser.ch\/magazin\/wp-content\/uploads\/2019\/04\/Berger-Sonnenvordach-f\u00fcr-Bus-Wohnwagen.jpg 620w, https:\/\/www.schlanser.ch\/magazin\/wp-content\/uploads\/2019\/04\/Berger-Sonnenvordach-f\u00fcr-Bus-Wohnwagen-300x170.jpg 300w\" sizes=\"(max-width: 620px) 100vw, 620px\" \/><\/p>\n<p style=\"text-align: justify;\">Ein ganz anderes Zubeh\u00f6rteil ist die R\u00fcckfahrkamera. Sie gibt Ihnen, Ihrem VW Bulli und Ihrer Umgebung Sicherheit beim Rangieren. Das Nachr\u00fcsten ist je nach Modell unterschiedlich aufwendig. Einfache Modelle lassen sich am Nummernschild montieren und \u00fcbertragen via Funk das Video auf Ihr Smartphone. Aufwendige R\u00fcckfahrkameras kommen mit einem eigenen Monitor, sind mit Infrarot-LEDs ausgestattet und schalten sich automatisch an, wenn der R\u00fcckw\u00e4rtsgang eingelegt wird. Gerade wenn Sie des \u00d6fteren alleine unterwegs sind, k\u00f6nnen R\u00fcckfahrkameras eine dankbare Unterst\u00fctzung sein.<\/p>\n<h2>Kompletter Selbstausbau beim Campingbus<\/h2>\n<p style=\"text-align: justify;\">Sollten Sie nun dar\u00fcber nachdenken, einen T5 \/ T6\u00a0 komplett selbst auszubauen, m\u00f6chten wir Ihnen noch folgendes Buch ans Herz legen: &#8222;VW T5-Wohnmobil-Selbstausbau&#8220; liefert Ihnen alle wichtigen Informationen zum Basisfahrzeug. Es erkl\u00e4rt Schritt f\u00fcr Schritt den gesamten Innenausbau und verweist dabei immer wieder auf Vorschriften und Regeln, die beachtet werden m\u00fcssen. Es ist sicherlich ein zeitaufwendiges Unterfangen, aber am Ende haben Sie den perfekt auf sich abgestimmten Camper.<\/p>\n","protected":false},"excerpt":{"rendered":"<p>Der Bulli ist ein treuer Weggef\u00e4hrte auf Campingtouren. Er ist Kult, er ist praktisch und er hat die Caravanszene entscheidend mitgepr\u00e4gt. Besitzer von einem Bulli Caravan wissen zu sch\u00e4tzen, dass er so handlich ist und dennoch ausreichend Komfort bietet. In diesem Artikel erfahren Sie, mit welchem Zubeh\u00f6r Sie Ihren T4 oder T5\/T6 Ihren individuellen Bed\u00fcrfnissen &hellip;<\/p>\n","protected":false},"author":1,"featured_media":6650,"comment_status":"closed","ping_status":"open","sticky":false,"template":"","format":"standard","meta":{"footnotes":""},"categories":[1],"tags":[190,886,885,887,31,395,884,882,883,13,881],"yoast_head":"<!-- This site is optimized with the Yoast SEO plugin v22.2 - https:\/\/yoast.com\/wordpress\/plugins\/seo\/ -->\n<title>Praktisches Zubeh\u00f6r f\u00fcr VW Bulli T4 und T5 \/ T6 - Schlanser Magazin<\/title>\n<meta name=\"description\" content=\"Mit dem Bulli auf Reisen gehen \u2714 Seit 1950 ist der Kult-Bus von VW ein Traum \u2714 Das Schlanser Magazin erkl\u00e4rt wichtiges Zubeh\u00f6r f\u00fcr T4 &amp; T5 \u2714\" \/>\n<meta name=\"robots\" content=\"index, follow, max-snippet:-1, max-image-preview:large, max-video-preview:-1\" \/>\n<link rel=\"canonical\" href=\"https:\/\/www.schlanser.ch\/magazin\/praktisches-zubehoer-fuer-vw-bulli-t4-und-t5\/\" \/>\n<meta property=\"og:locale\" content=\"de_DE\" \/>\n<meta property=\"og:type\" content=\"article\" \/>\n<meta property=\"og:title\" content=\"Praktisches Zubeh\u00f6r f\u00fcr VW Bulli T4 und T5 \/ T6 - Schlanser Magazin\" \/>\n<meta property=\"og:description\" content=\"Mit dem Bulli auf Reisen gehen \u2714 Seit 1950 ist der Kult-Bus von VW ein Traum \u2714 Das Schlanser Magazin erkl\u00e4rt wichtiges Zubeh\u00f6r f\u00fcr T4 &amp; T5 \u2714\" \/>\n<meta property=\"og:url\" content=\"https:\/\/www.schlanser.ch\/magazin\/praktisches-zubehoer-fuer-vw-bulli-t4-und-t5\/\" \/>\n<meta property=\"og:site_name\" content=\"Schlanser Magazin\" \/>\n<meta property=\"article:published_time\" content=\"2019-04-09T11:17:09+00:00\" \/>\n<meta property=\"article:modified_time\" content=\"2024-01-10T13:52:16+00:00\" \/>\n<meta property=\"og:image\" content=\"https:\/\/www.schlanser.ch\/magazin\/wp-content\/uploads\/2019\/04\/VW-Bulli.jpg\" \/>\n\t<meta property=\"og:image:width\" content=\"660\" \/>\n\t<meta property=\"og:image:height\" content=\"357\" \/>\n\t<meta property=\"og:image:type\" content=\"image\/jpeg\" \/>\n<meta name=\"author\" content=\"admin\" \/>\n<meta name=\"twitter:card\" content=\"summary_large_image\" \/>\n<meta name=\"twitter:label1\" content=\"Verfasst von\" \/>\n\t<meta name=\"twitter:data1\" content=\"admin\" \/>\n\t<meta name=\"twitter:label2\" content=\"Gesch\u00e4tzte Lesezeit\" \/>\n\t<meta name=\"twitter:data2\" content=\"6 Minuten\" \/>\n<script type=\"application\/ld+json\" class=\"yoast-schema-graph\">{\"@context\":\"https:\/\/schema.org\",\"@graph\":[{\"@type\":\"WebPage\",\"@id\":\"https:\/\/www.schlanser.ch\/magazin\/praktisches-zubehoer-fuer-vw-bulli-t4-und-t5\/\",\"url\":\"https:\/\/www.schlanser.ch\/magazin\/praktisches-zubehoer-fuer-vw-bulli-t4-und-t5\/\",\"name\":\"Praktisches Zubeh\u00f6r f\u00fcr VW Bulli T4 und T5 \/ T6 - Schlanser Magazin\",\"isPartOf\":{\"@id\":\"https:\/\/www.schlanser.ch\/magazin\/#website\"},\"primaryImageOfPage\":{\"@id\":\"https:\/\/www.schlanser.ch\/magazin\/praktisches-zubehoer-fuer-vw-bulli-t4-und-t5\/#primaryimage\"},\"image\":{\"@id\":\"https:\/\/www.schlanser.ch\/magazin\/praktisches-zubehoer-fuer-vw-bulli-t4-und-t5\/#primaryimage\"},\"thumbnailUrl\":\"https:\/\/www.schlanser.ch\/magazin\/wp-content\/uploads\/2019\/04\/VW-Bulli.jpg\",\"datePublished\":\"2019-04-09T11:17:09+00:00\",\"dateModified\":\"2024-01-10T13:52:16+00:00\",\"author\":{\"@id\":\"https:\/\/www.schlanser.ch\/magazin\/#\/schema\/person\/000db0a103eb2594ba3daf394b1dfea2\"},\"description\":\"Mit dem Bulli auf Reisen gehen \u2714 Seit 1950 ist der Kult-Bus von VW ein Traum \u2714 Das Schlanser Magazin erkl\u00e4rt wichtiges Zubeh\u00f6r f\u00fcr T4 & T5 \u2714\",\"breadcrumb\":{\"@id\":\"https:\/\/www.schlanser.ch\/magazin\/praktisches-zubehoer-fuer-vw-bulli-t4-und-t5\/#breadcrumb\"},\"inLanguage\":\"de-DE\",\"potentialAction\":[{\"@type\":\"ReadAction\",\"target\":[\"https:\/\/www.schlanser.ch\/magazin\/praktisches-zubehoer-fuer-vw-bulli-t4-und-t5\/\"]}]},{\"@type\":\"ImageObject\",\"inLanguage\":\"de-DE\",\"@id\":\"https:\/\/www.schlanser.ch\/magazin\/praktisches-zubehoer-fuer-vw-bulli-t4-und-t5\/#primaryimage\",\"url\":\"https:\/\/www.schlanser.ch\/magazin\/wp-content\/uploads\/2019\/04\/VW-Bulli.jpg\",\"contentUrl\":\"https:\/\/www.schlanser.ch\/magazin\/wp-content\/uploads\/2019\/04\/VW-Bulli.jpg\",\"width\":660,\"height\":357,\"caption\":\"\u00a9 Fenton - stock.adobe.com\"},{\"@type\":\"BreadcrumbList\",\"@id\":\"https:\/\/www.schlanser.ch\/magazin\/praktisches-zubehoer-fuer-vw-bulli-t4-und-t5\/#breadcrumb\",\"itemListElement\":[{\"@type\":\"ListItem\",\"position\":1,\"name\":\"Startseite\",\"item\":\"https:\/\/www.schlanser.ch\/magazin\/\"},{\"@type\":\"ListItem\",\"position\":2,\"name\":\"Praktisches Zubeh\u00f6r f\u00fcr VW Bulli T4 und T5 \/ T6\"}]},{\"@type\":\"WebSite\",\"@id\":\"https:\/\/www.schlanser.ch\/magazin\/#website\",\"url\":\"https:\/\/www.schlanser.ch\/magazin\/\",\"name\":\"Schlanser Magazin\",\"description\":\"\",\"potentialAction\":[{\"@type\":\"SearchAction\",\"target\":{\"@type\":\"EntryPoint\",\"urlTemplate\":\"https:\/\/www.schlanser.ch\/magazin\/?s={search_term_string}\"},\"query-input\":\"required name=search_term_string\"}],\"inLanguage\":\"de-DE\"},{\"@type\":\"Person\",\"@id\":\"https:\/\/www.schlanser.ch\/magazin\/#\/schema\/person\/000db0a103eb2594ba3daf394b1dfea2\",\"name\":\"admin\",\"image\":{\"@type\":\"ImageObject\",\"inLanguage\":\"de-DE\",\"@id\":\"https:\/\/www.schlanser.ch\/magazin\/#\/schema\/person\/image\/\",\"url\":\"https:\/\/secure.gravatar.com\/avatar\/a794a4fe8a9b9c52241597eb381dfa2e?s=96&d=mm&r=g\",\"contentUrl\":\"https:\/\/secure.gravatar.com\/avatar\/a794a4fe8a9b9c52241597eb381dfa2e?s=96&d=mm&r=g\",\"caption\":\"admin\"}}]}<\/script>\n<!-- \/ Yoast SEO plugin. -->","yoast_head_json":{"title":"Praktisches Zubeh\u00f6r f\u00fcr VW Bulli T4 und T5 \/ T6 - Schlanser Magazin","description":"Mit dem Bulli auf Reisen gehen \u2714 Seit 1950 ist der Kult-Bus von VW ein Traum \u2714 Das Schlanser Magazin erkl\u00e4rt wichtiges Zubeh\u00f6r f\u00fcr T4 & T5 \u2714","robots":{"index":"index","follow":"follow","max-snippet":"max-snippet:-1","max-image-preview":"max-image-preview:large","max-video-preview":"max-video-preview:-1"},"canonical":"https:\/\/www.schlanser.ch\/magazin\/praktisches-zubehoer-fuer-vw-bulli-t4-und-t5\/","og_locale":"de_DE","og_type":"article","og_title":"Praktisches Zubeh\u00f6r f\u00fcr VW Bulli T4 und T5 \/ T6 - Schlanser Magazin","og_description":"Mit dem Bulli auf Reisen gehen \u2714 Seit 1950 ist der Kult-Bus von VW ein Traum \u2714 Das Schlanser Magazin erkl\u00e4rt wichtiges Zubeh\u00f6r f\u00fcr T4 & T5 \u2714","og_url":"https:\/\/www.schlanser.ch\/magazin\/praktisches-zubehoer-fuer-vw-bulli-t4-und-t5\/","og_site_name":"Schlanser Magazin","article_published_time":"2019-04-09T11:17:09+00:00","article_modified_time":"2024-01-10T13:52:16+00:00","og_image":[{"width":660,"height":357,"url":"https:\/\/www.schlanser.ch\/magazin\/wp-content\/uploads\/2019\/04\/VW-Bulli.jpg","type":"image\/jpeg"}],"author":"admin","twitter_card":"summary_large_image","twitter_misc":{"Verfasst von":"admin","Gesch\u00e4tzte Lesezeit":"6 Minuten"},"schema":{"@context":"https:\/\/schema.org","@graph":[{"@type":"WebPage","@id":"https:\/\/www.schlanser.ch\/magazin\/praktisches-zubehoer-fuer-vw-bulli-t4-und-t5\/","url":"https:\/\/www.schlanser.ch\/magazin\/praktisches-zubehoer-fuer-vw-bulli-t4-und-t5\/","name":"Praktisches Zubeh\u00f6r f\u00fcr VW Bulli T4 und T5 \/ T6 - Schlanser Magazin","isPartOf":{"@id":"https:\/\/www.schlanser.ch\/magazin\/#website"},"primaryImageOfPage":{"@id":"https:\/\/www.schlanser.ch\/magazin\/praktisches-zubehoer-fuer-vw-bulli-t4-und-t5\/#primaryimage"},"image":{"@id":"https:\/\/www.schlanser.ch\/magazin\/praktisches-zubehoer-fuer-vw-bulli-t4-und-t5\/#primaryimage"},"thumbnailUrl":"https:\/\/www.schlanser.ch\/magazin\/wp-content\/uploads\/2019\/04\/VW-Bulli.jpg","datePublished":"2019-04-09T11:17:09+00:00","dateModified":"2024-01-10T13:52:16+00:00","author":{"@id":"https:\/\/www.schlanser.ch\/magazin\/#\/schema\/person\/000db0a103eb2594ba3daf394b1dfea2"},"description":"Mit dem Bulli auf Reisen gehen \u2714 Seit 1950 ist der Kult-Bus von VW ein Traum \u2714 Das Schlanser Magazin erkl\u00e4rt wichtiges Zubeh\u00f6r f\u00fcr T4 & T5 \u2714","breadcrumb":{"@id":"https:\/\/www.schlanser.ch\/magazin\/praktisches-zubehoer-fuer-vw-bulli-t4-und-t5\/#breadcrumb"},"inLanguage":"de-DE","potentialAction":[{"@type":"ReadAction","target":["https:\/\/www.schlanser.ch\/magazin\/praktisches-zubehoer-fuer-vw-bulli-t4-und-t5\/"]}]},{"@type":"ImageObject","inLanguage":"de-DE","@id":"https:\/\/www.schlanser.ch\/magazin\/praktisches-zubehoer-fuer-vw-bulli-t4-und-t5\/#primaryimage","url":"https:\/\/www.schlanser.ch\/magazin\/wp-content\/uploads\/2019\/04\/VW-Bulli.jpg","contentUrl":"https:\/\/www.schlanser.ch\/magazin\/wp-content\/uploads\/2019\/04\/VW-Bulli.jpg","width":660,"height":357,"caption":"\u00a9 Fenton - stock.adobe.com"},{"@type":"BreadcrumbList","@id":"https:\/\/www.schlanser.ch\/magazin\/praktisches-zubehoer-fuer-vw-bulli-t4-und-t5\/#breadcrumb","itemListElement":[{"@type":"ListItem","position":1,"name":"Startseite","item":"https:\/\/www.schlanser.ch\/magazin\/"},{"@type":"ListItem","position":2,"name":"Praktisches Zubeh\u00f6r f\u00fcr VW Bulli T4 und T5 \/ T6"}]},{"@type":"WebSite","@id":"https:\/\/www.schlanser.ch\/magazin\/#website","url":"https:\/\/www.schlanser.ch\/magazin\/","name":"Schlanser Magazin","description":"","potentialAction":[{"@type":"SearchAction","target":{"@type":"EntryPoint","urlTemplate":"https:\/\/www.schlanser.ch\/magazin\/?s={search_term_string}"},"query-input":"required name=search_term_string"}],"inLanguage":"de-DE"},{"@type":"Person","@id":"https:\/\/www.schlanser.ch\/magazin\/#\/schema\/person\/000db0a103eb2594ba3daf394b1dfea2","name":"admin","image":{"@type":"ImageObject","inLanguage":"de-DE","@id":"https:\/\/www.schlanser.ch\/magazin\/#\/schema\/person\/image\/","url":"https:\/\/secure.gravatar.com\/avatar\/a794a4fe8a9b9c52241597eb381dfa2e?s=96&d=mm&r=g","contentUrl":"https:\/\/secure.gravatar.com\/avatar\/a794a4fe8a9b9c52241597eb381dfa2e?s=96&d=mm&r=g","caption":"admin"}}]}},"_links":{"self":[{"href":"https:\/\/www.schlanser.ch\/magazin\/wp-json\/wp\/v2\/posts\/6630"}],"collection":[{"href":"https:\/\/www.schlanser.ch\/magazin\/wp-json\/wp\/v2\/posts"}],"about":[{"href":"https:\/\/www.schlanser.ch\/magazin\/wp-json\/wp\/v2\/types\/post"}],"author":[{"embeddable":true,"href":"https:\/\/www.schlanser.ch\/magazin\/wp-json\/wp\/v2\/users\/1"}],"replies":[{"embeddable":true,"href":"https:\/\/www.schlanser.ch\/magazin\/wp-json\/wp\/v2\/comments?post=6630"}],"version-history":[{"count":20,"href":"https:\/\/www.schlanser.ch\/magazin\/wp-json\/wp\/v2\/posts\/6630\/revisions"}],"predecessor-version":[{"id":17127,"href":"https:\/\/www.schlanser.ch\/magazin\/wp-json\/wp\/v2\/posts\/6630\/revisions\/17127"}],"wp:featuredmedia":[{"embeddable":true,"href":"https:\/\/www.schlanser.ch\/magazin\/wp-json\/wp\/v2\/media\/6650"}],"wp:attachment":[{"href":"https:\/\/www.schlanser.ch\/magazin\/wp-json\/wp\/v2\/media?parent=6630"}],"wp:term":[{"taxonomy":"category","embeddable":true,"href":"https:\/\/www.schlanser.ch\/magazin\/wp-json\/wp\/v2\/categories?post=6630"},{"taxonomy":"post_tag","embeddable":true,"href":"https:\/\/www.schlanser.ch\/magazin\/wp-json\/wp\/v2\/tags?post=6630"}],"curies":[{"name":"wp","href":"https:\/\/api.w.org\/{rel}","templated":true}]}}