{"id":6698,"date":"2019-04-24T15:12:50","date_gmt":"2019-04-24T13:12:50","guid":{"rendered":"https:\/\/www.schlanser.ch\/magazin\/?p=6698"},"modified":"2020-02-20T13:34:10","modified_gmt":"2020-02-20T12:34:10","slug":"camping-an-bord","status":"publish","type":"post","link":"https:\/\/www.schlanser.ch\/magazin\/camping-an-bord\/","title":{"rendered":"Camping an Bord"},"content":{"rendered":"<h2>\u00ab Kann ich auf der F\u00e4hre den Wohnwagen nutzen oder mein Zelt aufschlagen? \u00bb<\/h2>\n<p style=\"text-align: justify;\"><b>Ein Wohnmobil zu besitzen bedeutet nicht, dass man nur Urlaub vor der eigenen Haust\u00fcre macht. Sehr beliebte Reiseziele f\u00fcr Camper sind beispielsweise auch Skandinavien, Sardinien oder sogar Tunesien. Viele solcher Ziele sind am bequemsten oder ausschlie\u00dflich mit der F\u00e4hre zu erreichen. Wir widmen uns in diesem Artikel der Frage, ob w\u00e4hrend einer \u00dcberfahrt Camping an Bord m\u00f6glich is<\/b>t.<\/p>\n<h2>Camping auf der F\u00e4hre<\/h2>\n<p style=\"text-align: justify;\">Einer der Gr\u00fcnde, weshalb Nachtfahrten mit der F\u00e4hre teurer als Tagfahrten sind, ist die Buchung einer Kabine. Da es auf den meisten F\u00e4hren nicht erlaubt ist, sich w\u00e4hrend der \u00dcberfahrt im eigenen Fahrzeug aufzuhalten, bleibt zum N\u00e4chtigen oft nur die Buchung einer Schlafkabine \u00fcbrig. Viele F\u00e4hren sind so ausgestattet, dass man sich auch nachts auf den Decks aufhalten kann. Andere bieten die Buchung eines Sitzes an, in dem man die Nacht verbringen kann. Wieder auf anderen F\u00e4hren herrscht Kabinenpflicht. Das bedeutet, dass Passagiere f\u00fcr eine \u00dcberfahrt immer eine Kabine buchen m\u00fcssen.<\/p>\n<figure id=\"attachment_6717\" aria-describedby=\"caption-attachment-6717\" style=\"width: 620px\" class=\"wp-caption aligncenter\"><img loading=\"lazy\" decoding=\"async\" class=\"wp-image-6717 size-full\" title=\"F\u00e4hre im Mittelmeerhafen\" src=\"https:\/\/www.schlanser.ch\/magazin\/wp-content\/uploads\/2019\/04\/F\u00e4hre-im-Hafen.jpg\" alt=\"F\u00e4hre im Mittelmeerhafen\" width=\"620\" height=\"345\" srcset=\"https:\/\/www.schlanser.ch\/magazin\/wp-content\/uploads\/2019\/04\/F\u00e4hre-im-Hafen.jpg 620w, https:\/\/www.schlanser.ch\/magazin\/wp-content\/uploads\/2019\/04\/F\u00e4hre-im-Hafen-300x167.jpg 300w\" sizes=\"(max-width: 620px) 100vw, 620px\" \/><figcaption id=\"caption-attachment-6717\" class=\"wp-caption-text\">\u00a9 evannovostro &#8211; stock.adobe.com<\/figcaption><\/figure>\n<p style=\"text-align: justify;\">Einige wenige Reedereien haben Ihre Flotte zum Teil umgebaut, sodass sie Camping an Bord anbieten k\u00f6nnen. In den herk\u00f6mmlichen geschlossenen Decks ist dies aus Sicherheitsgr\u00fcnden nicht zul\u00e4ssig. Daher verf\u00fcgen immer mehr F\u00e4hren nun \u00fcber ein spezielles Campingdeck mit seitlicher \u00d6ffnung oder die Campingfahrzeuge kommen auf das offene Oberdeck.<\/p>\n<p style=\"text-align: justify;\">Wenn Sie eine entsprechende \u00dcberfahrt buchen, haben Sie jederzeit Zugang zu Ihrem Wohnmobil oder Wohnwagen. Sie d\u00fcrfen darin die Nacht verbringen. Oft stehen <a href=\"https:\/\/www.schlanser.ch\/elektro\/energieversorgung\/cee-stromversorgung\/\">CEE-Anschl\u00fcsse<\/a> zur <a href=\"https:\/\/www.schlanser.ch\/elektro\/energieversorgung\/\">Stromversorgung<\/a> zur Verf\u00fcgung. Damit ist die Nutzung von elektrischen Ger\u00e4ten kein Problem.<\/p>\n<p><img loading=\"lazy\" decoding=\"async\" class=\"alignnone wp-image-6707 size-full\" title=\"Adapterleitung\" src=\"https:\/\/www.schlanser.ch\/magazin\/wp-content\/uploads\/2019\/04\/Adapterleitung.jpg\" alt=\"Adapterleitung\" width=\"300\" height=\"317\" srcset=\"https:\/\/www.schlanser.ch\/magazin\/wp-content\/uploads\/2019\/04\/Adapterleitung.jpg 300w, https:\/\/www.schlanser.ch\/magazin\/wp-content\/uploads\/2019\/04\/Adapterleitung-284x300.jpg 284w\" sizes=\"(max-width: 300px) 100vw, 300px\" \/> \u00a0 \u00a0 \u00a0 \u00a0 \u00a0 \u00a0 \u00a0 \u00a0 \u00a0<img loading=\"lazy\" decoding=\"async\" class=\"alignnone wp-image-6708\" title=\"CEE-Einspeisestecker\" src=\"https:\/\/www.schlanser.ch\/magazin\/wp-content\/uploads\/2019\/04\/CEE-Einspeisestecker.jpg\" alt=\"CEE-Einspeisestecker\" width=\"254\" height=\"312\" srcset=\"https:\/\/www.schlanser.ch\/magazin\/wp-content\/uploads\/2019\/04\/CEE-Einspeisestecker.jpg 300w, https:\/\/www.schlanser.ch\/magazin\/wp-content\/uploads\/2019\/04\/CEE-Einspeisestecker-244x300.jpg 244w\" sizes=\"(max-width: 254px) 100vw, 254px\" \/><\/p>\n<p style=\"text-align: justify;\">Ein Angebot f\u00fcr Camping an Bord gibt es nur auf ganz bestimmten Routen und F\u00e4hren. Oft sind die Pl\u00e4tze saisonabh\u00e4ngig und stark begrenzt. Letzten Endes entscheidet bei jeder Fahrt der Kapit\u00e4n, ob er das Betreten der Fahrzeugdecks erlaubt oder nicht. Bei schlechtem Wetter wird er dies zur Sicherheit der Passagiere untersagen. Manche Reedereien entscheiden sich erst kurzfristig, ob sie Camping an Bord anbieten. Es lohnt sich immer nachzuhaken.<\/p>\n<h2>Vor- und Nachteile<\/h2>\n<p style=\"text-align: justify;\">Dass Campieren an Bord viele Vorteile hat, liegt auf der Hand: Die Extrakosten f\u00fcr eine Schlafkabine fallen weg und Sie k\u00f6nnen eine bequeme Nacht im eigenen Bett verbringen. Sie kommen au\u00dferdem nicht in Verlegenheit, auf \u00f6ffentlichen B\u00e4nken oder St\u00fchlen ein Nickerchen zu machen. Da Sie jederzeit Zugang zu Ihrem Gep\u00e4ck haben, ist das Packen einer Extratasche f\u00fcr die F\u00e4hre hinf\u00e4llig. Die gr\u00f6ssten Nutzniesser von Camping an Bord sind wohl die vierbeinigen Begleiter. Sie d\u00fcrfen h\u00e4ufig nicht mit in die Schlafkabine und m\u00fcssen die \u00dcberfahrt alleine im Fahrzeug verbringen. Wenn ihre Besitzer bei ihnen schlafen d\u00fcrfen, erspart ihnen das viel Stress.<\/p>\n<figure id=\"attachment_6710\" aria-describedby=\"caption-attachment-6710\" style=\"width: 620px\" class=\"wp-caption aligncenter\"><img loading=\"lazy\" decoding=\"async\" class=\"wp-image-6710 size-full\" title=\"Campen auf der F\u00e4hre bietet zahlreiche Vor- aber auch Nachteile\" src=\"https:\/\/www.schlanser.ch\/magazin\/wp-content\/uploads\/2019\/04\/F\u00e4hre.jpg\" alt=\"Campen auf der F\u00e4hre bietet zahlreiche Vor- aber auch Nachteile\" width=\"620\" height=\"329\" srcset=\"https:\/\/www.schlanser.ch\/magazin\/wp-content\/uploads\/2019\/04\/F\u00e4hre.jpg 620w, https:\/\/www.schlanser.ch\/magazin\/wp-content\/uploads\/2019\/04\/F\u00e4hre-300x159.jpg 300w, https:\/\/www.schlanser.ch\/magazin\/wp-content\/uploads\/2019\/04\/F\u00e4hre-310x165.jpg 310w\" sizes=\"(max-width: 620px) 100vw, 620px\" \/><figcaption id=\"caption-attachment-6710\" class=\"wp-caption-text\">\u00a9 Jenny Thompson &#8211; stock.adobe.com<\/figcaption><\/figure>\n<p style=\"text-align: justify;\">Obwohl es sehr bequem klingt, hat das Campen auf F\u00e4hren auch seine Nachteile. So parken die Fahrzeuge auf dem Campingdeck dicht an dicht. Der Platz zum Nachbarn reicht gerade zum Ein- und Aussteigen aus. Wenn das Deck nur zu den Seiten hin offen ist, herrscht in den mittleren Reihen eine eher bedr\u00fcckende Atmosph\u00e4re. Im schlimmsten Fall stehen Sie zwischen Lkws, deren K\u00fchlaggregate laufen, was beim Schlafen st\u00f6rt. Und wer sich auf ein gen\u00fcssliches Abendessen aus der eigenen K\u00fcche freut, dem sei gesagt, dass die gesamte Gasversorgung, inklusive Gaskocher, w\u00e4hrend der \u00dcberfahrt abgedreht werden muss.<\/p>\n<p style=\"text-align: justify;\">Im Folgenden haben wir f\u00fcr Sie eine Auswahl an beliebten Campingdestinationen zusammengestellt, die \u00fcblicherweise mit der F\u00e4hre angefahren werden. Lesen Sie hier, ob es auf den einzelnen Strecken die M\u00f6glichkeit gibt, in Wohnwagen oder Camper zu \u00fcbernachten.<\/p>\n<h3>Skandinavien<\/h3>\n<p style=\"text-align: justify;\">Auf den diversen Routen, die \u00fcber See nach Skandinavien f\u00fchren, gibt es keinerlei Angebote zum Campen an Deck. Im Gegenteil; herrscht auf den meisten Nachtfahrten und auch auf einigen Tagfahrten in den Norden Kabinenpflicht. Das bedeutet, dass Sie sich zwar in den \u00f6ffentlichen Einrichtungen der F\u00e4hre aufhalten d\u00fcrfen, in Ihrem Ticket jedoch immer eine eigene Kabine mit inbegriffen ist.<\/p>\n<figure id=\"attachment_6712\" aria-describedby=\"caption-attachment-6712\" style=\"width: 620px\" class=\"wp-caption aligncenter\"><img loading=\"lazy\" decoding=\"async\" class=\"wp-image-6712 size-full\" title=\"F\u00e4hre in einem norwegischen Fjord\" src=\"https:\/\/www.schlanser.ch\/magazin\/wp-content\/uploads\/2019\/04\/AdobeStock_132536429.jpg\" alt=\"F\u00e4hre in einem norwegischen Fjord\" width=\"620\" height=\"319\" srcset=\"https:\/\/www.schlanser.ch\/magazin\/wp-content\/uploads\/2019\/04\/AdobeStock_132536429.jpg 620w, https:\/\/www.schlanser.ch\/magazin\/wp-content\/uploads\/2019\/04\/AdobeStock_132536429-300x154.jpg 300w\" sizes=\"(max-width: 620px) 100vw, 620px\" \/><figcaption id=\"caption-attachment-6712\" class=\"wp-caption-text\">\u00a9 AlexanderNikiforov &#8211; stock.adobe.com<\/figcaption><\/figure>\n<h3>England<\/h3>\n<p style=\"text-align: justify;\">Auch f\u00fcr \u00dcberfahrten nach England gibt es aktuell keine Angebote f\u00fcr Camping an Bord. F\u00fcr die kurze \u00dcberfahrt \u00fcber den \u00c4rmelkanal ist dies ohnehin obsolet, da die Fahrt nur rund 90 Minuten dauert. Doch auch auf F\u00e4hren, die beispielsweise \u00fcber 11 bis 14 Stunden von den Niederlanden oder Belgien gen Hull im Nordosten von England fahren, d\u00fcrfen Sie Ihren Camper nicht betreten.<\/p>\n<h3>Griechenland<\/h3>\n<figure id=\"attachment_6700\" aria-describedby=\"caption-attachment-6700\" style=\"width: 300px\" class=\"wp-caption alignright\"><img loading=\"lazy\" decoding=\"async\" class=\"wp-image-6700 size-full\" title=\"Boarding\" src=\"https:\/\/www.schlanser.ch\/magazin\/wp-content\/uploads\/2019\/04\/F\u00e4hreneinfahrt.jpg\" alt=\"Boarding\" width=\"300\" height=\"404\" srcset=\"https:\/\/www.schlanser.ch\/magazin\/wp-content\/uploads\/2019\/04\/F\u00e4hreneinfahrt.jpg 300w, https:\/\/www.schlanser.ch\/magazin\/wp-content\/uploads\/2019\/04\/F\u00e4hreneinfahrt-223x300.jpg 223w\" sizes=\"(max-width: 300px) 100vw, 300px\" \/><figcaption id=\"caption-attachment-6700\" class=\"wp-caption-text\">\u00a9 Stefano Neri &#8211; stock.adobe.com<\/figcaption><\/figure>\n<p style=\"text-align: justify;\">Im Gegensatz zu den nordeurop\u00e4ischen Zielen finden sich im S\u00fcden Europas vermehrt H\u00e4fen, die von F\u00e4hren mit Camping an Bord angefahren werden. Insbesondere von Italien nach Griechenland ist das Angebot vielf\u00e4ltig. Superfast Ferries bietet diesen Service von April bis Oktober auf den Fahrten von Venedig, Ancona und Bari nach Igoumenitsa und Patras an. Ausgeschlossen ist davon nur die Asterion II. Die Reederei empfiehlt, sich in der Hauptsaison mindestens drei Stunden, in der Nebensaison wenigstens zwei Stunden vor Abfahrt am Check-in einzufinden. Auch Anek Lines bietet auf seinen Adriastrecken zwischen Italien und Griechenland das \u00dcbernachten im eigenen Reisemobil an. Ausgenommen sind lediglich die F\u00e4hren nach Korfu. Sie zahlen f\u00fcr eine \u00dcberfahrt den Fahrzeugpreis und ein normales Deckticket.<\/p>\n<blockquote>\n<p style=\"text-align: justify;\">Ihr Camper muss ein eingetragenes Wohnmobil sein. Minibusse oder Pkws k\u00f6nnen das Angebot nicht nutzen.<\/p>\n<\/blockquote>\n<h3>Sardinien<\/h3>\n<p style=\"text-align: justify;\">Auch auf den Fahrten nach Sardinien gibt es hin und wieder die M\u00f6glichkeit zum Camping an Bord. In der Vergangenheit gab es entsprechende Angebote beispielsweise bei Mobylines von Piombino in Italien nach Olbia. Dabei waren auf dem offenen Campingdeck nur Dieselfahrzeuge erlaubt. \u00c4hnliche Angebote gab es von Tirrenia auf der Route von Civitavecchia nach Arbatax. Ob es in der aktuellen Saison m\u00f6glich ist, sich bei der \u00dcberfahrt nach Sardinien im eigenen Wohnwagen oder Camper aufzuhalten, kann beim Anbieter erfragt werden.<\/p>\n<h3>Korsika<\/h3>\n<p style=\"text-align: justify;\">In den zur\u00fcckliegenden Jahren gab es hin und wieder Angebote f\u00fcr Camping an Bord auf F\u00e4hren nach Korsika. Gewissheit zu aktuellen M\u00f6glichkeiten bringt nur eine Anfrage bei den einschl\u00e4gigen Anbietern. Wenn Sie von Nizza oder Genua abfahren, dauert die Fahrt nach Korsika allerdings nur bis zu sieben Stunden. In dieser Zeit kann man sich bequem an Deck und in den Bordeinrichtungen aufhalten.<\/p>\n<figure id=\"attachment_6714\" aria-describedby=\"caption-attachment-6714\" style=\"width: 620px\" class=\"wp-caption aligncenter\"><img loading=\"lazy\" decoding=\"async\" class=\"wp-image-6714 size-full\" title=\"Blick auf die K\u00fcste Korsikas\" src=\"https:\/\/www.schlanser.ch\/magazin\/wp-content\/uploads\/2019\/04\/Korsika.jpg\" alt=\"Blick auf die K\u00fcste Korsikas\" width=\"620\" height=\"340\" srcset=\"https:\/\/www.schlanser.ch\/magazin\/wp-content\/uploads\/2019\/04\/Korsika.jpg 620w, https:\/\/www.schlanser.ch\/magazin\/wp-content\/uploads\/2019\/04\/Korsika-300x165.jpg 300w\" sizes=\"(max-width: 620px) 100vw, 620px\" \/><figcaption id=\"caption-attachment-6714\" class=\"wp-caption-text\">\u00a9 B.Bouvier &#8211; stock.adobe.com<\/figcaption><\/figure>\n<h3>Mallorca und Ibiza<\/h3>\n<p style=\"text-align: justify;\">Die Balearen sind ein eher selten gew\u00e4hltes Ziel unter Campingfreunden. Daher ist wohl der Bedarf an camperfreundlichen F\u00e4hrfahrten nach Mallorca und Ibiza eher gering. Entsprechend gibt es auf diesen F\u00e4hren keine Camping-an-Bord-Angebote.<\/p>\n<h3>Tunesien<\/h3>\n<p style=\"text-align: justify;\">F\u00fcr die Fahrt nach Tunesien hat es in der Vergangenheit bei Grand Navi Veloci die M\u00f6glichkeit zu Camping an Bord gegeben. F\u00fcr die knapp 10 Stunden von Palermo nach Tunis lohnt es sich eher nicht so sehr, doch ist die M\u00f6glichkeit auf der 23-st\u00fcndigen \u00dcberfahrt von Genua nach Tunesien ein deutlicher Gewinn an Komfort.<\/p>\n","protected":false},"excerpt":{"rendered":"<p>\u00ab Kann ich auf der F\u00e4hre den Wohnwagen nutzen oder mein Zelt aufschlagen? \u00bb Ein Wohnmobil zu besitzen bedeutet nicht, dass man nur Urlaub vor der eigenen Haust\u00fcre macht. Sehr beliebte Reiseziele f\u00fcr Camper sind beispielsweise auch Skandinavien, Sardinien oder sogar Tunesien. Viele solcher Ziele sind am bequemsten oder ausschlie\u00dflich mit der F\u00e4hre zu erreichen. &hellip;<\/p>\n","protected":false},"author":1,"featured_media":6716,"comment_status":"closed","ping_status":"open","sticky":false,"template":"","format":"standard","meta":{"footnotes":""},"categories":[2],"tags":[201,896,899,897,900,898,777],"yoast_head":"<!-- This site is optimized with the Yoast SEO plugin v22.2 - https:\/\/yoast.com\/wordpress\/plugins\/seo\/ -->\n<title>Camping an Bord - Schlanser Magazin<\/title>\n<meta name=\"description\" content=\"Camping an Bord Kann ich auf der F\u00e4hre den Wohnwagen nutzen oder mein Zelt aufschlagen?\" \/>\n<meta name=\"robots\" content=\"index, follow, max-snippet:-1, max-image-preview:large, max-video-preview:-1\" \/>\n<link rel=\"canonical\" href=\"https:\/\/www.schlanser.ch\/magazin\/camping-an-bord\/\" \/>\n<meta property=\"og:locale\" content=\"de_DE\" \/>\n<meta property=\"og:type\" content=\"article\" \/>\n<meta property=\"og:title\" content=\"Camping an Bord - Schlanser Magazin\" \/>\n<meta property=\"og:description\" content=\"Camping an Bord Kann ich auf der F\u00e4hre den Wohnwagen nutzen oder mein Zelt aufschlagen?\" \/>\n<meta property=\"og:url\" content=\"https:\/\/www.schlanser.ch\/magazin\/camping-an-bord\/\" \/>\n<meta property=\"og:site_name\" content=\"Schlanser Magazin\" \/>\n<meta property=\"article:published_time\" content=\"2019-04-24T13:12:50+00:00\" \/>\n<meta property=\"article:modified_time\" content=\"2020-02-20T12:34:10+00:00\" \/>\n<meta property=\"og:image\" content=\"https:\/\/www.schlanser.ch\/magazin\/wp-content\/uploads\/2019\/04\/F\u00e4hre-auf-dem-Meer.jpg\" \/>\n\t<meta property=\"og:image:width\" content=\"660\" \/>\n\t<meta property=\"og:image:height\" content=\"359\" \/>\n\t<meta property=\"og:image:type\" content=\"image\/jpeg\" \/>\n<meta name=\"author\" content=\"admin\" \/>\n<meta name=\"twitter:card\" content=\"summary_large_image\" \/>\n<meta name=\"twitter:label1\" content=\"Verfasst von\" \/>\n\t<meta name=\"twitter:data1\" content=\"admin\" \/>\n\t<meta name=\"twitter:label2\" content=\"Gesch\u00e4tzte Lesezeit\" \/>\n\t<meta name=\"twitter:data2\" content=\"6 Minuten\" \/>\n<script type=\"application\/ld+json\" class=\"yoast-schema-graph\">{\"@context\":\"https:\/\/schema.org\",\"@graph\":[{\"@type\":\"WebPage\",\"@id\":\"https:\/\/www.schlanser.ch\/magazin\/camping-an-bord\/\",\"url\":\"https:\/\/www.schlanser.ch\/magazin\/camping-an-bord\/\",\"name\":\"Camping an Bord - Schlanser Magazin\",\"isPartOf\":{\"@id\":\"https:\/\/www.schlanser.ch\/magazin\/#website\"},\"primaryImageOfPage\":{\"@id\":\"https:\/\/www.schlanser.ch\/magazin\/camping-an-bord\/#primaryimage\"},\"image\":{\"@id\":\"https:\/\/www.schlanser.ch\/magazin\/camping-an-bord\/#primaryimage\"},\"thumbnailUrl\":\"https:\/\/www.schlanser.ch\/magazin\/wp-content\/uploads\/2019\/04\/F\u00e4hre-auf-dem-Meer.jpg\",\"datePublished\":\"2019-04-24T13:12:50+00:00\",\"dateModified\":\"2020-02-20T12:34:10+00:00\",\"author\":{\"@id\":\"https:\/\/www.schlanser.ch\/magazin\/#\/schema\/person\/000db0a103eb2594ba3daf394b1dfea2\"},\"description\":\"Camping an Bord Kann ich auf der F\u00e4hre den Wohnwagen nutzen oder mein Zelt aufschlagen?\",\"breadcrumb\":{\"@id\":\"https:\/\/www.schlanser.ch\/magazin\/camping-an-bord\/#breadcrumb\"},\"inLanguage\":\"de-DE\",\"potentialAction\":[{\"@type\":\"ReadAction\",\"target\":[\"https:\/\/www.schlanser.ch\/magazin\/camping-an-bord\/\"]}]},{\"@type\":\"ImageObject\",\"inLanguage\":\"de-DE\",\"@id\":\"https:\/\/www.schlanser.ch\/magazin\/camping-an-bord\/#primaryimage\",\"url\":\"https:\/\/www.schlanser.ch\/magazin\/wp-content\/uploads\/2019\/04\/F\u00e4hre-auf-dem-Meer.jpg\",\"contentUrl\":\"https:\/\/www.schlanser.ch\/magazin\/wp-content\/uploads\/2019\/04\/F\u00e4hre-auf-dem-Meer.jpg\",\"width\":660,\"height\":359,\"caption\":\"\u00a9 Beboy - stock.adobe.com\"},{\"@type\":\"BreadcrumbList\",\"@id\":\"https:\/\/www.schlanser.ch\/magazin\/camping-an-bord\/#breadcrumb\",\"itemListElement\":[{\"@type\":\"ListItem\",\"position\":1,\"name\":\"Startseite\",\"item\":\"https:\/\/www.schlanser.ch\/magazin\/\"},{\"@type\":\"ListItem\",\"position\":2,\"name\":\"Camping an Bord\"}]},{\"@type\":\"WebSite\",\"@id\":\"https:\/\/www.schlanser.ch\/magazin\/#website\",\"url\":\"https:\/\/www.schlanser.ch\/magazin\/\",\"name\":\"Schlanser Magazin\",\"description\":\"\",\"potentialAction\":[{\"@type\":\"SearchAction\",\"target\":{\"@type\":\"EntryPoint\",\"urlTemplate\":\"https:\/\/www.schlanser.ch\/magazin\/?s={search_term_string}\"},\"query-input\":\"required name=search_term_string\"}],\"inLanguage\":\"de-DE\"},{\"@type\":\"Person\",\"@id\":\"https:\/\/www.schlanser.ch\/magazin\/#\/schema\/person\/000db0a103eb2594ba3daf394b1dfea2\",\"name\":\"admin\",\"image\":{\"@type\":\"ImageObject\",\"inLanguage\":\"de-DE\",\"@id\":\"https:\/\/www.schlanser.ch\/magazin\/#\/schema\/person\/image\/\",\"url\":\"https:\/\/secure.gravatar.com\/avatar\/a794a4fe8a9b9c52241597eb381dfa2e?s=96&d=mm&r=g\",\"contentUrl\":\"https:\/\/secure.gravatar.com\/avatar\/a794a4fe8a9b9c52241597eb381dfa2e?s=96&d=mm&r=g\",\"caption\":\"admin\"}}]}<\/script>\n<!-- \/ Yoast SEO plugin. -->","yoast_head_json":{"title":"Camping an Bord - Schlanser Magazin","description":"Camping an Bord Kann ich auf der F\u00e4hre den Wohnwagen nutzen oder mein Zelt aufschlagen?","robots":{"index":"index","follow":"follow","max-snippet":"max-snippet:-1","max-image-preview":"max-image-preview:large","max-video-preview":"max-video-preview:-1"},"canonical":"https:\/\/www.schlanser.ch\/magazin\/camping-an-bord\/","og_locale":"de_DE","og_type":"article","og_title":"Camping an Bord - Schlanser Magazin","og_description":"Camping an Bord Kann ich auf der F\u00e4hre den Wohnwagen nutzen oder mein Zelt aufschlagen?","og_url":"https:\/\/www.schlanser.ch\/magazin\/camping-an-bord\/","og_site_name":"Schlanser Magazin","article_published_time":"2019-04-24T13:12:50+00:00","article_modified_time":"2020-02-20T12:34:10+00:00","og_image":[{"width":660,"height":359,"url":"https:\/\/www.schlanser.ch\/magazin\/wp-content\/uploads\/2019\/04\/F\u00e4hre-auf-dem-Meer.jpg","type":"image\/jpeg"}],"author":"admin","twitter_card":"summary_large_image","twitter_misc":{"Verfasst von":"admin","Gesch\u00e4tzte Lesezeit":"6 Minuten"},"schema":{"@context":"https:\/\/schema.org","@graph":[{"@type":"WebPage","@id":"https:\/\/www.schlanser.ch\/magazin\/camping-an-bord\/","url":"https:\/\/www.schlanser.ch\/magazin\/camping-an-bord\/","name":"Camping an Bord - Schlanser Magazin","isPartOf":{"@id":"https:\/\/www.schlanser.ch\/magazin\/#website"},"primaryImageOfPage":{"@id":"https:\/\/www.schlanser.ch\/magazin\/camping-an-bord\/#primaryimage"},"image":{"@id":"https:\/\/www.schlanser.ch\/magazin\/camping-an-bord\/#primaryimage"},"thumbnailUrl":"https:\/\/www.schlanser.ch\/magazin\/wp-content\/uploads\/2019\/04\/F\u00e4hre-auf-dem-Meer.jpg","datePublished":"2019-04-24T13:12:50+00:00","dateModified":"2020-02-20T12:34:10+00:00","author":{"@id":"https:\/\/www.schlanser.ch\/magazin\/#\/schema\/person\/000db0a103eb2594ba3daf394b1dfea2"},"description":"Camping an Bord Kann ich auf der F\u00e4hre den Wohnwagen nutzen oder mein Zelt aufschlagen?","breadcrumb":{"@id":"https:\/\/www.schlanser.ch\/magazin\/camping-an-bord\/#breadcrumb"},"inLanguage":"de-DE","potentialAction":[{"@type":"ReadAction","target":["https:\/\/www.schlanser.ch\/magazin\/camping-an-bord\/"]}]},{"@type":"ImageObject","inLanguage":"de-DE","@id":"https:\/\/www.schlanser.ch\/magazin\/camping-an-bord\/#primaryimage","url":"https:\/\/www.schlanser.ch\/magazin\/wp-content\/uploads\/2019\/04\/F\u00e4hre-auf-dem-Meer.jpg","contentUrl":"https:\/\/www.schlanser.ch\/magazin\/wp-content\/uploads\/2019\/04\/F\u00e4hre-auf-dem-Meer.jpg","width":660,"height":359,"caption":"\u00a9 Beboy - stock.adobe.com"},{"@type":"BreadcrumbList","@id":"https:\/\/www.schlanser.ch\/magazin\/camping-an-bord\/#breadcrumb","itemListElement":[{"@type":"ListItem","position":1,"name":"Startseite","item":"https:\/\/www.schlanser.ch\/magazin\/"},{"@type":"ListItem","position":2,"name":"Camping an Bord"}]},{"@type":"WebSite","@id":"https:\/\/www.schlanser.ch\/magazin\/#website","url":"https:\/\/www.schlanser.ch\/magazin\/","name":"Schlanser Magazin","description":"","potentialAction":[{"@type":"SearchAction","target":{"@type":"EntryPoint","urlTemplate":"https:\/\/www.schlanser.ch\/magazin\/?s={search_term_string}"},"query-input":"required name=search_term_string"}],"inLanguage":"de-DE"},{"@type":"Person","@id":"https:\/\/www.schlanser.ch\/magazin\/#\/schema\/person\/000db0a103eb2594ba3daf394b1dfea2","name":"admin","image":{"@type":"ImageObject","inLanguage":"de-DE","@id":"https:\/\/www.schlanser.ch\/magazin\/#\/schema\/person\/image\/","url":"https:\/\/secure.gravatar.com\/avatar\/a794a4fe8a9b9c52241597eb381dfa2e?s=96&d=mm&r=g","contentUrl":"https:\/\/secure.gravatar.com\/avatar\/a794a4fe8a9b9c52241597eb381dfa2e?s=96&d=mm&r=g","caption":"admin"}}]}},"_links":{"self":[{"href":"https:\/\/www.schlanser.ch\/magazin\/wp-json\/wp\/v2\/posts\/6698"}],"collection":[{"href":"https:\/\/www.schlanser.ch\/magazin\/wp-json\/wp\/v2\/posts"}],"about":[{"href":"https:\/\/www.schlanser.ch\/magazin\/wp-json\/wp\/v2\/types\/post"}],"author":[{"embeddable":true,"href":"https:\/\/www.schlanser.ch\/magazin\/wp-json\/wp\/v2\/users\/1"}],"replies":[{"embeddable":true,"href":"https:\/\/www.schlanser.ch\/magazin\/wp-json\/wp\/v2\/comments?post=6698"}],"version-history":[{"count":15,"href":"https:\/\/www.schlanser.ch\/magazin\/wp-json\/wp\/v2\/posts\/6698\/revisions"}],"predecessor-version":[{"id":8896,"href":"https:\/\/www.schlanser.ch\/magazin\/wp-json\/wp\/v2\/posts\/6698\/revisions\/8896"}],"wp:featuredmedia":[{"embeddable":true,"href":"https:\/\/www.schlanser.ch\/magazin\/wp-json\/wp\/v2\/media\/6716"}],"wp:attachment":[{"href":"https:\/\/www.schlanser.ch\/magazin\/wp-json\/wp\/v2\/media?parent=6698"}],"wp:term":[{"taxonomy":"category","embeddable":true,"href":"https:\/\/www.schlanser.ch\/magazin\/wp-json\/wp\/v2\/categories?post=6698"},{"taxonomy":"post_tag","embeddable":true,"href":"https:\/\/www.schlanser.ch\/magazin\/wp-json\/wp\/v2\/tags?post=6698"}],"curies":[{"name":"wp","href":"https:\/\/api.w.org\/{rel}","templated":true}]}}