{"id":6735,"date":"2019-05-03T16:00:40","date_gmt":"2019-05-03T14:00:40","guid":{"rendered":"https:\/\/www.schlanser.ch\/magazin\/?p=6735"},"modified":"2022-03-07T09:32:38","modified_gmt":"2022-03-07T08:32:38","slug":"wohnmobil-verdunkelung","status":"publish","type":"post","link":"https:\/\/www.schlanser.ch\/magazin\/wohnmobil-verdunkelung\/","title":{"rendered":"Wohnmobil Verdunkelung im Fahrerhaus"},"content":{"rendered":"<h2>\u00ab Schutz gegen Licht und Temperatur \u00bb<\/h2>\n<p style=\"text-align: justify;\"><strong>Nach langer Fahrt kommen Sie sp\u00e4t abends am Campingplatz an. Endlich geht es ins Bett. Leider scheint die Platzbeleuchtung so hell in das Fahrerhaus, dass an Schlaf kaum zu denken ist. Haben Sie sich schliesslich doch in den Schlaf gew\u00e4lzt, geht auch schon die Sonne auf. Nun ist es nicht nur hell, sondern auch noch heiss&#8230; <\/strong><\/p>\n<h2>Das Problem ohne Verdunklung<\/h2>\n<p style=\"text-align: justify;\">Kennen Sie solche Szenarien? Noch st\u00f6render als die Dauerbeleuchtung am Campingplatz empfinden viele Camper das Licht unregelm\u00e4ssig aufleuchtender Scheinwerfer, wenn sie beispielsweise mit ihrem Wohnmobil auf einem Stellplatz an einer Strasse n\u00e4chtigen. Steht das Wohnmobil ung\u00fcnstig, leuchtet bei jedem einzelnen Auto, das vorbeif\u00e4hrt, der gesamte Innenraum hell auf. Viele Wohnmobile haben aus diesem Grund Vorh\u00e4nge vor oder in der Fahrerkabine.<\/p>\n<p style=\"text-align: justify;\">Manche Camper sind sehr erfindungsreich und basteln sich aus Isomatten, Seilen und Klebeband eine Verdunklung f\u00fcr das Fahrerhaus. Solche L\u00f6sungen sind ein netter Notbehelf auf Dauer aber eher m\u00fchselig. Ausserdem lassen selbst die dicksten Vorh\u00e4nge an den R\u00e4ndern Licht hindurch. Ein weiterer Haken ist, dass innen herumh\u00e4ngende Vorh\u00e4nge keinen Schutz gegen die Aussentemperatur bieten. Knallt die Sonne ins Fahrerhaus, kriecht die Hitze dennoch in den Wohnbereich. Matten auf der Scheibe haben hier eher einen Effekt, sind aber umst\u00e4ndlich anzubringen. Vor allem m\u00fcssen Sie jedes Mal aussteigen, um die Matten in Position zu bringen. Das kann morgens im Schlafanzug sehr ungem\u00fctlich sein.<\/p>\n<p><img loading=\"lazy\" decoding=\"async\" class=\"aligncenter wp-image-6775 size-full\" title=\"Adapter Sonnenblende RemiFront Ducato\" src=\"https:\/\/www.schlanser.ch\/magazin\/wp-content\/uploads\/2019\/06\/adapter-sonnenblende-remifront-ducato.jpg\" alt=\"adapter-sonnenblende-remifront-ducato\" width=\"600\" height=\"600\" srcset=\"https:\/\/www.schlanser.ch\/magazin\/wp-content\/uploads\/2019\/06\/adapter-sonnenblende-remifront-ducato.jpg 600w, https:\/\/www.schlanser.ch\/magazin\/wp-content\/uploads\/2019\/06\/adapter-sonnenblende-remifront-ducato-150x150.jpg 150w, https:\/\/www.schlanser.ch\/magazin\/wp-content\/uploads\/2019\/06\/adapter-sonnenblende-remifront-ducato-300x300.jpg 300w\" sizes=\"(max-width: 600px) 100vw, 600px\" \/><\/p>\n<h2>Verdunkelung \u2013 einfach und effektiv<\/h2>\n<p style=\"text-align: justify;\">F\u00fcr all diese Probleme gibt es eine einfache L\u00f6sung: eine professionelle Wohnmobil Verdunkelung im Fahrerhaus. Einmal montiert macht sie den Alltag im Campingurlaub erheblich angenehmer. Sie ziehen sie ganz bequem von innen auf oder zu. W\u00e4hrend der Fahrt verschwinden die Wohnmobil Verdunkelung im Fahrerhaus in der Verkleidung. Daher st\u00f6rt eine professionelle Verdunklung w\u00e4hrend der Fahrt auch nicht. Die Sicht auf die Seitenspiegel bleibt einwandfrei.<\/p>\n<p style=\"text-align: justify;\">Das bequeme <a href=\"https:\/\/www.schlanser.ch\/fahrzeug\/wohnwagen-wohnmobil-zubehoer\/rollos-fenster\/\">Wohnmobil Verdunklungssystem<\/a>, das renommierte Hersteller wie <a href=\"https:\/\/www.schlanser.ch\/dometic\/\">Dometic<\/a> oder <a href=\"https:\/\/www.schlanser.ch\/remis\/\">Remis<\/a> produzieren, ist bis ins Detail durchdacht. Neben einer vollst\u00e4ndigen Verdunklung gew\u00e4hrleistet es einen effektiven Schutz vor Aufheizen durch Sonneneinstrahlung. In der kalten Jahreszeit h\u00e4lt die Verdunklung wiederum die K\u00e4lte draussen und die W\u00e4rme drinnen.<\/p>\n<p style=\"text-align: justify;\"><img loading=\"lazy\" decoding=\"async\" class=\"alignleft wp-image-6764 size-full\" title=\"Dometic Softrollo Sichtschutz | doppelt plissiertes Duette Wabenmaterial | platzsparend\" src=\"https:\/\/www.schlanser.ch\/magazin\/wp-content\/uploads\/2019\/06\/dometic-softrollo-sichtschutz.jpg\" alt=\"dometic-softrollo-sichtschutz\" width=\"295\" height=\"295\" srcset=\"https:\/\/www.schlanser.ch\/magazin\/wp-content\/uploads\/2019\/06\/dometic-softrollo-sichtschutz.jpg 295w, https:\/\/www.schlanser.ch\/magazin\/wp-content\/uploads\/2019\/06\/dometic-softrollo-sichtschutz-150x150.jpg 150w\" sizes=\"(max-width: 295px) 100vw, 295px\" \/>Auch wenn Sie eine ausgekl\u00fcgelte <a href=\"https:\/\/www.schlanser.ch\/fahrzeug\/heizen-kuehlen\/klimaanlagen\/\">Klimaautomatik<\/a> haben, so werden Sie den Unterschied dennoch sp\u00fcren. Alleine der Energiebedarf sinkt durch die geringeren Temperaturschwankungen erheblich.<\/p>\n<p style=\"text-align: justify;\">Eine Wohnmobil Verdunkelung beschert Ihnen h\u00f6heren Wohnkomfort beim Camping. Der zus\u00e4tzliche Sichtschutz ist ein weiterer Vorteil.<\/p>\n<p style=\"text-align: justify;\">Gerade bei vollintegrierten Reisemobilen k\u00f6nnen Sie das Fahrerhaus so ganz sorglos als Wohnraum mitnutzen, ohne die neugierigen Blicke der Nachbarn auf sich zu ziehen.<\/p>\n<h2>Wohnmobil Verdunkelung f\u00fcr die Frontscheibe<\/h2>\n<p style=\"text-align: justify;\">Eine zuverl\u00e4ssige L\u00f6sung f\u00fcr die Windschutzscheibe ist das Verdunklungssystem RemiFront von Remis. Die passgenaue Verdunklung gibt es in verschiedenen Ausf\u00fchrungen f\u00fcr die unterschiedlichen Fahrzeugtypen. Beachten Sie beim Kauf neben dem Fahrzeugtyp auch das Baujahr und die Anbringung des Innenspiegels. Unter &#8222;RemiFront III&#8220; finden sie Ausf\u00fchrungen f\u00fcr Mercedes Sprinter bzw. VW Crafter.<\/p>\n<p style=\"text-align: justify;\">Ford Transit und Fiat Ducato werden mit der Reihe &#8222;RemiFront IV&#8220; bedient. In den Citroen Jumper und Peugeot Boxer passen dieselben Modelle wie in den Fiat Ducato. Die beiliegende Einbauanleitung ist selbst f\u00fcr Laien verst\u00e4ndlich. In der Regel reichen Bohrer, Schraubenzieher und ein Teppichmesser f\u00fcr den Eigeneinbau aus.<\/p>\n<p><img loading=\"lazy\" decoding=\"async\" class=\"aligncenter wp-image-6749 size-full\" title=\"Remifront IV Front | passgenau | perfekte Abdunkelung\" src=\"https:\/\/www.schlanser.ch\/magazin\/wp-content\/uploads\/2019\/06\/remifront-iv-front.jpg\" alt=\"remifront-iv-front\" width=\"600\" height=\"340\" srcset=\"https:\/\/www.schlanser.ch\/magazin\/wp-content\/uploads\/2019\/06\/remifront-iv-front.jpg 600w, https:\/\/www.schlanser.ch\/magazin\/wp-content\/uploads\/2019\/06\/remifront-iv-front-300x170.jpg 300w\" sizes=\"(max-width: 600px) 100vw, 600px\" \/><\/p>\n<p style=\"text-align: justify;\">Die Wohnmobil Verdunkelung f\u00fcr das Fahrerhaus ist zweiteilig. Sie wird an den beiden A-S\u00e4ulen links und rechts der Windschutzscheibe angebracht. In der Mitte h\u00e4lt ein Magnetverschluss die beiden Verdunkelungsteile zusammen. Die hochwertige Plisseeoptik in unauff\u00e4lligem Beige f\u00fcgt sich perfekt in das Fahrerhaus ein. Das mehrschichtige Material isoliert sehr gut gegen Hitze und K\u00e4lte. Das System von Remis besteht zu 100 % aus Polypropylen.<\/p>\n<h2>Montage des Verdunkelungssystems im Wohnmobil<\/h2>\n<p style=\"text-align: justify;\">Das genaue Vorgehen bei der Anbringung variiert abh\u00e4ngig vom Fahrzeugtyp. Wir skizzieren hier die Montage bei einem Ford Transit. Die gr\u00f6sste Herausforderung ist bei diesem Modell die \u00dcbertragung der Lautsprecher und der L\u00fcftung in die neue Blende. Bei manchen anderen Fahrzeugtypen fallen diese Schritte weg.<\/p>\n<p><img loading=\"lazy\" decoding=\"async\" class=\"aligncenter wp-image-6768 size-full\" title=\"Remis Verdunkelungssystem RemiFront IV Custom SP3 | passgenaue Verdunkelungsl\u00f6sung\" src=\"https:\/\/www.schlanser.ch\/magazin\/wp-content\/uploads\/2019\/06\/remis-verdunkelungssystem-remifront-iv-custom-sp3.jpg\" alt=\"remis-verdunkelungssystem-remifront-iv-custom-sp3\" width=\"600\" height=\"375\" srcset=\"https:\/\/www.schlanser.ch\/magazin\/wp-content\/uploads\/2019\/06\/remis-verdunkelungssystem-remifront-iv-custom-sp3.jpg 600w, https:\/\/www.schlanser.ch\/magazin\/wp-content\/uploads\/2019\/06\/remis-verdunkelungssystem-remifront-iv-custom-sp3-300x188.jpg 300w\" sizes=\"(max-width: 600px) 100vw, 600px\" \/><\/p>\n<p style=\"text-align: justify;\">Ziehen Sie zun\u00e4chst die Gummidichtung im Bereich der A-S\u00e4ule ab. Nehmen Sie die Verkleidung ab. Dabei m\u00fcssen Sie den Lautsprecherstecker hinter der Blende vorsichtig abziehen. Bohren Sie anschliessend Lautsprecher und L\u00fcftungskanal aus der alten Blende aus. Ziehen Sie ausserdem das L\u00fcftungsgitter ab. Eine neue Blende ist im Lieferumfang enthalten. Hier bringen Sie mit einem einfachen Stecksystem Lautsprecher und L\u00fcftungsteile wieder an.<\/p>\n<p style=\"text-align: justify;\">Im n\u00e4chsten Schritt benutzen Sie die beigelegte Schablone, um ein St\u00fcck des Himmels am oberen Ende der A-S\u00e4ule auszuschneiden. Nehmen Sie den dahinterliegenden Kabelhalter ab. Nun k\u00f6nnen Sie die neue Blende anstecken. Vergessen Sie nicht, vorher wieder das Kabel auf den Lautsprecher zu stecken. Ist die Blende eingerastet, dr\u00fccken Sie auch das Dichtungsgummi wieder an.<\/p>\n<blockquote>\n<p style=\"text-align: justify;\">Als Letztes werden die F\u00fchrungsrohre eingesetzt. \u00dcber das obere F\u00fchrungsrohr stecken Sie eine Blende. Diese wird mit Schrauben fixiert.<\/p>\n<\/blockquote>\n<p style=\"text-align: justify;\">Das untere F\u00fchrungsrohr steckt mittig auf einem Gewindestift. Ziehen Sie die Verdunklung einmal zu, um den idealen Ort f\u00fcr den Gewindestift zu bestimmen. Dort schrauben Sie ihn dann fest. Das Verdunklungssystem ist nun einsatzbereit.<\/p>\n<h2>Verdunklung der Seitenscheiben<\/h2>\n<p style=\"text-align: justify;\">Mit den Seitenscheibenplissees von Dometic kann selbst durch die Seitenfenster kein Licht mehr eindringen. Auch dieses System gibt es passgenau f\u00fcr die unterschiedlichen Fahrzeugtypen. Die robusten Seitenscheibenplissees bestehen aus doppelt plissiertem, aluminiumlaminiertem Duette Wabenmaterial.<\/p>\n<p><img loading=\"lazy\" decoding=\"async\" class=\"aligncenter wp-image-6740 size-full\" title=\"Dometic Seitenscheibenplissees FP200 links und rechts | absorbiert 99% der UV-Strahlen\" src=\"https:\/\/www.schlanser.ch\/magazin\/wp-content\/uploads\/2019\/06\/dometic-seitenscheibenplissees-fp200-links-und-rechts.jpg\" alt=\"dometic-seitenscheibenplissees-fp200-links-und-rechts\" width=\"500\" height=\"538\" srcset=\"https:\/\/www.schlanser.ch\/magazin\/wp-content\/uploads\/2019\/06\/dometic-seitenscheibenplissees-fp200-links-und-rechts.jpg 500w, https:\/\/www.schlanser.ch\/magazin\/wp-content\/uploads\/2019\/06\/dometic-seitenscheibenplissees-fp200-links-und-rechts-279x300.jpg 279w\" sizes=\"(max-width: 500px) 100vw, 500px\" \/><\/p>\n<p style=\"text-align: justify;\">Das ausgekl\u00fcgelte Design bietet effektiven Schutz vor UV-Strahlen, Hitze und K\u00e4lte. Dank stufenloser \u00d6ffnung k\u00f6nnen Sie genau so viel Licht hereinlassen, wie es Ihnen angenehm ist. Ebenfalls in neutralem Beige gehalten f\u00fcgt sich diese Wohnmobil Verdunkelung f\u00fcrs Fahrerhaus fast unsichtbar ein. Die Montage ist denkbar einfach.<\/p>\n<p style=\"text-align: justify;\">Fixieren Sie die Verdunklung mit wenigen Schrauben am unteren Fensterrand. Bei manchen Wohnmobilen ist die Anbringung einer zus\u00e4tzlichen Blende im vorderen Fensterbereich notwendig. Die Seitenscheibenplissees von Dometic lassen sich in einem 90\u00b0-Winkel \u00f6ffnen. So st\u00f6rt Sie selbst tags oder an hell beleuchteten Pl\u00e4tzen kein Licht mehr beim Schlafen.<\/p>\n","protected":false},"excerpt":{"rendered":"<p>\u00ab Schutz gegen Licht und Temperatur \u00bb Nach langer Fahrt kommen Sie sp\u00e4t abends am Campingplatz an. Endlich geht es ins Bett. Leider scheint die Platzbeleuchtung so hell in das Fahrerhaus, dass an Schlaf kaum zu denken ist. Haben Sie sich schliesslich doch in den Schlaf gew\u00e4lzt, geht auch schon die Sonne auf. Nun ist &hellip;<\/p>\n","protected":false},"author":1,"featured_media":6746,"comment_status":"closed","ping_status":"open","sticky":false,"template":"","format":"standard","meta":{"footnotes":""},"categories":[1],"tags":[907,503,29,615,902,906,621,905,909,661,662,660,903,901,908,904,296],"yoast_head":"<!-- This site is optimized with the Yoast SEO plugin v22.2 - https:\/\/yoast.com\/wordpress\/plugins\/seo\/ -->\n<title>Wohnmobil Verdunkelung im Fahrerhaus - Schlanser Magazin<\/title>\n<meta name=\"description\" content=\"Das Schlanser Magazin erkl\u00e4rt die Verdunklung des Cockpits im Wohnmobil \u2013 Rollos f\u00fcr ruhigen Schlaf \u2714 bei Dunkelheit \u2714 angenehmen Temperaturen \u2714\" \/>\n<meta name=\"robots\" content=\"index, follow, max-snippet:-1, max-image-preview:large, max-video-preview:-1\" \/>\n<link rel=\"canonical\" href=\"https:\/\/www.schlanser.ch\/magazin\/wohnmobil-verdunkelung\/\" \/>\n<meta property=\"og:locale\" content=\"de_DE\" \/>\n<meta property=\"og:type\" content=\"article\" \/>\n<meta property=\"og:title\" content=\"Wohnmobil Verdunkelung im Fahrerhaus - Schlanser Magazin\" \/>\n<meta property=\"og:description\" content=\"Das Schlanser Magazin erkl\u00e4rt die Verdunklung des Cockpits im Wohnmobil \u2013 Rollos f\u00fcr ruhigen Schlaf \u2714 bei Dunkelheit \u2714 angenehmen Temperaturen \u2714\" \/>\n<meta property=\"og:url\" content=\"https:\/\/www.schlanser.ch\/magazin\/wohnmobil-verdunkelung\/\" \/>\n<meta property=\"og:site_name\" content=\"Schlanser Magazin\" \/>\n<meta property=\"article:published_time\" content=\"2019-05-03T14:00:40+00:00\" \/>\n<meta property=\"article:modified_time\" content=\"2022-03-07T08:32:38+00:00\" \/>\n<meta property=\"og:image\" content=\"https:\/\/www.schlanser.ch\/magazin\/wp-content\/uploads\/2019\/06\/wohnmobil-verdunkelung.jpg\" \/>\n\t<meta property=\"og:image:width\" content=\"800\" \/>\n\t<meta property=\"og:image:height\" content=\"800\" \/>\n\t<meta property=\"og:image:type\" content=\"image\/jpeg\" \/>\n<meta name=\"author\" content=\"admin\" \/>\n<meta name=\"twitter:card\" content=\"summary_large_image\" \/>\n<meta name=\"twitter:label1\" content=\"Verfasst von\" \/>\n\t<meta name=\"twitter:data1\" content=\"admin\" \/>\n\t<meta name=\"twitter:label2\" content=\"Gesch\u00e4tzte Lesezeit\" \/>\n\t<meta name=\"twitter:data2\" content=\"5 Minuten\" \/>\n<script type=\"application\/ld+json\" class=\"yoast-schema-graph\">{\"@context\":\"https:\/\/schema.org\",\"@graph\":[{\"@type\":\"WebPage\",\"@id\":\"https:\/\/www.schlanser.ch\/magazin\/wohnmobil-verdunkelung\/\",\"url\":\"https:\/\/www.schlanser.ch\/magazin\/wohnmobil-verdunkelung\/\",\"name\":\"Wohnmobil Verdunkelung im Fahrerhaus - Schlanser Magazin\",\"isPartOf\":{\"@id\":\"https:\/\/www.schlanser.ch\/magazin\/#website\"},\"primaryImageOfPage\":{\"@id\":\"https:\/\/www.schlanser.ch\/magazin\/wohnmobil-verdunkelung\/#primaryimage\"},\"image\":{\"@id\":\"https:\/\/www.schlanser.ch\/magazin\/wohnmobil-verdunkelung\/#primaryimage\"},\"thumbnailUrl\":\"https:\/\/www.schlanser.ch\/magazin\/wp-content\/uploads\/2019\/06\/wohnmobil-verdunkelung.jpg\",\"datePublished\":\"2019-05-03T14:00:40+00:00\",\"dateModified\":\"2022-03-07T08:32:38+00:00\",\"author\":{\"@id\":\"https:\/\/www.schlanser.ch\/magazin\/#\/schema\/person\/000db0a103eb2594ba3daf394b1dfea2\"},\"description\":\"Das Schlanser Magazin erkl\u00e4rt die Verdunklung des Cockpits im Wohnmobil \u2013 Rollos f\u00fcr ruhigen Schlaf \u2714 bei Dunkelheit \u2714 angenehmen Temperaturen \u2714\",\"breadcrumb\":{\"@id\":\"https:\/\/www.schlanser.ch\/magazin\/wohnmobil-verdunkelung\/#breadcrumb\"},\"inLanguage\":\"de-DE\",\"potentialAction\":[{\"@type\":\"ReadAction\",\"target\":[\"https:\/\/www.schlanser.ch\/magazin\/wohnmobil-verdunkelung\/\"]}]},{\"@type\":\"ImageObject\",\"inLanguage\":\"de-DE\",\"@id\":\"https:\/\/www.schlanser.ch\/magazin\/wohnmobil-verdunkelung\/#primaryimage\",\"url\":\"https:\/\/www.schlanser.ch\/magazin\/wp-content\/uploads\/2019\/06\/wohnmobil-verdunkelung.jpg\",\"contentUrl\":\"https:\/\/www.schlanser.ch\/magazin\/wp-content\/uploads\/2019\/06\/wohnmobil-verdunkelung.jpg\",\"width\":800,\"height\":800},{\"@type\":\"BreadcrumbList\",\"@id\":\"https:\/\/www.schlanser.ch\/magazin\/wohnmobil-verdunkelung\/#breadcrumb\",\"itemListElement\":[{\"@type\":\"ListItem\",\"position\":1,\"name\":\"Startseite\",\"item\":\"https:\/\/www.schlanser.ch\/magazin\/\"},{\"@type\":\"ListItem\",\"position\":2,\"name\":\"Wohnmobil Verdunkelung im Fahrerhaus\"}]},{\"@type\":\"WebSite\",\"@id\":\"https:\/\/www.schlanser.ch\/magazin\/#website\",\"url\":\"https:\/\/www.schlanser.ch\/magazin\/\",\"name\":\"Schlanser Magazin\",\"description\":\"\",\"potentialAction\":[{\"@type\":\"SearchAction\",\"target\":{\"@type\":\"EntryPoint\",\"urlTemplate\":\"https:\/\/www.schlanser.ch\/magazin\/?s={search_term_string}\"},\"query-input\":\"required name=search_term_string\"}],\"inLanguage\":\"de-DE\"},{\"@type\":\"Person\",\"@id\":\"https:\/\/www.schlanser.ch\/magazin\/#\/schema\/person\/000db0a103eb2594ba3daf394b1dfea2\",\"name\":\"admin\",\"image\":{\"@type\":\"ImageObject\",\"inLanguage\":\"de-DE\",\"@id\":\"https:\/\/www.schlanser.ch\/magazin\/#\/schema\/person\/image\/\",\"url\":\"https:\/\/secure.gravatar.com\/avatar\/a794a4fe8a9b9c52241597eb381dfa2e?s=96&d=mm&r=g\",\"contentUrl\":\"https:\/\/secure.gravatar.com\/avatar\/a794a4fe8a9b9c52241597eb381dfa2e?s=96&d=mm&r=g\",\"caption\":\"admin\"}}]}<\/script>\n<!-- \/ Yoast SEO plugin. -->","yoast_head_json":{"title":"Wohnmobil Verdunkelung im Fahrerhaus - Schlanser Magazin","description":"Das Schlanser Magazin erkl\u00e4rt die Verdunklung des Cockpits im Wohnmobil \u2013 Rollos f\u00fcr ruhigen Schlaf \u2714 bei Dunkelheit \u2714 angenehmen Temperaturen \u2714","robots":{"index":"index","follow":"follow","max-snippet":"max-snippet:-1","max-image-preview":"max-image-preview:large","max-video-preview":"max-video-preview:-1"},"canonical":"https:\/\/www.schlanser.ch\/magazin\/wohnmobil-verdunkelung\/","og_locale":"de_DE","og_type":"article","og_title":"Wohnmobil Verdunkelung im Fahrerhaus - Schlanser Magazin","og_description":"Das Schlanser Magazin erkl\u00e4rt die Verdunklung des Cockpits im Wohnmobil \u2013 Rollos f\u00fcr ruhigen Schlaf \u2714 bei Dunkelheit \u2714 angenehmen Temperaturen \u2714","og_url":"https:\/\/www.schlanser.ch\/magazin\/wohnmobil-verdunkelung\/","og_site_name":"Schlanser Magazin","article_published_time":"2019-05-03T14:00:40+00:00","article_modified_time":"2022-03-07T08:32:38+00:00","og_image":[{"width":800,"height":800,"url":"https:\/\/www.schlanser.ch\/magazin\/wp-content\/uploads\/2019\/06\/wohnmobil-verdunkelung.jpg","type":"image\/jpeg"}],"author":"admin","twitter_card":"summary_large_image","twitter_misc":{"Verfasst von":"admin","Gesch\u00e4tzte Lesezeit":"5 Minuten"},"schema":{"@context":"https:\/\/schema.org","@graph":[{"@type":"WebPage","@id":"https:\/\/www.schlanser.ch\/magazin\/wohnmobil-verdunkelung\/","url":"https:\/\/www.schlanser.ch\/magazin\/wohnmobil-verdunkelung\/","name":"Wohnmobil Verdunkelung im Fahrerhaus - Schlanser Magazin","isPartOf":{"@id":"https:\/\/www.schlanser.ch\/magazin\/#website"},"primaryImageOfPage":{"@id":"https:\/\/www.schlanser.ch\/magazin\/wohnmobil-verdunkelung\/#primaryimage"},"image":{"@id":"https:\/\/www.schlanser.ch\/magazin\/wohnmobil-verdunkelung\/#primaryimage"},"thumbnailUrl":"https:\/\/www.schlanser.ch\/magazin\/wp-content\/uploads\/2019\/06\/wohnmobil-verdunkelung.jpg","datePublished":"2019-05-03T14:00:40+00:00","dateModified":"2022-03-07T08:32:38+00:00","author":{"@id":"https:\/\/www.schlanser.ch\/magazin\/#\/schema\/person\/000db0a103eb2594ba3daf394b1dfea2"},"description":"Das Schlanser Magazin erkl\u00e4rt die Verdunklung des Cockpits im Wohnmobil \u2013 Rollos f\u00fcr ruhigen Schlaf \u2714 bei Dunkelheit \u2714 angenehmen Temperaturen \u2714","breadcrumb":{"@id":"https:\/\/www.schlanser.ch\/magazin\/wohnmobil-verdunkelung\/#breadcrumb"},"inLanguage":"de-DE","potentialAction":[{"@type":"ReadAction","target":["https:\/\/www.schlanser.ch\/magazin\/wohnmobil-verdunkelung\/"]}]},{"@type":"ImageObject","inLanguage":"de-DE","@id":"https:\/\/www.schlanser.ch\/magazin\/wohnmobil-verdunkelung\/#primaryimage","url":"https:\/\/www.schlanser.ch\/magazin\/wp-content\/uploads\/2019\/06\/wohnmobil-verdunkelung.jpg","contentUrl":"https:\/\/www.schlanser.ch\/magazin\/wp-content\/uploads\/2019\/06\/wohnmobil-verdunkelung.jpg","width":800,"height":800},{"@type":"BreadcrumbList","@id":"https:\/\/www.schlanser.ch\/magazin\/wohnmobil-verdunkelung\/#breadcrumb","itemListElement":[{"@type":"ListItem","position":1,"name":"Startseite","item":"https:\/\/www.schlanser.ch\/magazin\/"},{"@type":"ListItem","position":2,"name":"Wohnmobil Verdunkelung im Fahrerhaus"}]},{"@type":"WebSite","@id":"https:\/\/www.schlanser.ch\/magazin\/#website","url":"https:\/\/www.schlanser.ch\/magazin\/","name":"Schlanser Magazin","description":"","potentialAction":[{"@type":"SearchAction","target":{"@type":"EntryPoint","urlTemplate":"https:\/\/www.schlanser.ch\/magazin\/?s={search_term_string}"},"query-input":"required name=search_term_string"}],"inLanguage":"de-DE"},{"@type":"Person","@id":"https:\/\/www.schlanser.ch\/magazin\/#\/schema\/person\/000db0a103eb2594ba3daf394b1dfea2","name":"admin","image":{"@type":"ImageObject","inLanguage":"de-DE","@id":"https:\/\/www.schlanser.ch\/magazin\/#\/schema\/person\/image\/","url":"https:\/\/secure.gravatar.com\/avatar\/a794a4fe8a9b9c52241597eb381dfa2e?s=96&d=mm&r=g","contentUrl":"https:\/\/secure.gravatar.com\/avatar\/a794a4fe8a9b9c52241597eb381dfa2e?s=96&d=mm&r=g","caption":"admin"}}]}},"_links":{"self":[{"href":"https:\/\/www.schlanser.ch\/magazin\/wp-json\/wp\/v2\/posts\/6735"}],"collection":[{"href":"https:\/\/www.schlanser.ch\/magazin\/wp-json\/wp\/v2\/posts"}],"about":[{"href":"https:\/\/www.schlanser.ch\/magazin\/wp-json\/wp\/v2\/types\/post"}],"author":[{"embeddable":true,"href":"https:\/\/www.schlanser.ch\/magazin\/wp-json\/wp\/v2\/users\/1"}],"replies":[{"embeddable":true,"href":"https:\/\/www.schlanser.ch\/magazin\/wp-json\/wp\/v2\/comments?post=6735"}],"version-history":[{"count":47,"href":"https:\/\/www.schlanser.ch\/magazin\/wp-json\/wp\/v2\/posts\/6735\/revisions"}],"predecessor-version":[{"id":14266,"href":"https:\/\/www.schlanser.ch\/magazin\/wp-json\/wp\/v2\/posts\/6735\/revisions\/14266"}],"wp:featuredmedia":[{"embeddable":true,"href":"https:\/\/www.schlanser.ch\/magazin\/wp-json\/wp\/v2\/media\/6746"}],"wp:attachment":[{"href":"https:\/\/www.schlanser.ch\/magazin\/wp-json\/wp\/v2\/media?parent=6735"}],"wp:term":[{"taxonomy":"category","embeddable":true,"href":"https:\/\/www.schlanser.ch\/magazin\/wp-json\/wp\/v2\/categories?post=6735"},{"taxonomy":"post_tag","embeddable":true,"href":"https:\/\/www.schlanser.ch\/magazin\/wp-json\/wp\/v2\/tags?post=6735"}],"curies":[{"name":"wp","href":"https:\/\/api.w.org\/{rel}","templated":true}]}}