{"id":6904,"date":"2019-05-24T15:02:15","date_gmt":"2019-05-24T13:02:15","guid":{"rendered":"https:\/\/www.schlanser.ch\/magazin\/?p=6904"},"modified":"2024-01-10T14:53:16","modified_gmt":"2024-01-10T13:53:16","slug":"wohnwagen-sonnendach","status":"publish","type":"post","link":"https:\/\/www.schlanser.ch\/magazin\/wohnwagen-sonnendach\/","title":{"rendered":"Das Wohnwagen Sonnendach"},"content":{"rendered":"<h2>\u00ab Wohnliches Sonnenvordach statt Sonnensegel \u00bb<\/h2>\n<p style=\"text-align: justify;\"><strong>Sonnenschutz ist von elementarer Bedeutung f\u00fcr die Gesundheit der Haut. Sonnensegel erfreuen sich deshalb grosser Beliebtheit. Aufgrund ihrer Flexibilit\u00e4t kommen sie vielerorts zum Einsatz: Sie beschatten Balkone, geh\u00f6ren zur <\/strong><a href=\"https:\/\/www.schlanser.ch\/outdoor-freizeit\/\"><strong>Trekking-Ausr\u00fcstung<\/strong><\/a><strong> in heissen L\u00e4ndern und sind auf Festivals und anderen Open-Air-Veranstaltungen ein gern gesehener Begleiter. F\u00fcr Wohnwagen und Reisemobile bietet die <\/strong><a href=\"https:\/\/www.schlanser.ch\/fahrzeug\/wohnwagen-wohnmobil-zubehoer\/schutzhuellen-planen\/\"><strong>Kederschiene<\/strong><\/a><strong> eine Einzugsm\u00f6glichkeit und Dauercamper profitieren vom \u00dcberdach.<\/strong><\/p>\n<h2>Sonnenschutz zum Einzug in die Kederleiste<\/h2>\n<p style=\"text-align: justify;\">Dauercamper leben ein komfortables Campingleben, doch manche sch\u00e4tzen die Reisem\u00f6glichkeiten h\u00f6her. Dann muss der Sonnenschutz schnell auf- und abbaubar sein.<\/p>\n<blockquote>\n<p style=\"text-align: justify;\">Alle Wohnwagen und viele Wohnmobile sind mit einer Kederschiene ausgestattet. Statt eines Vorzelts ist hier mit weniger Aufwand ein Sonnendach eingezogen, das den Platz vor dem Campingmobil beschattet.<\/p>\n<\/blockquote>\n<p style=\"text-align: justify;\">Hierzu sind auf den Campingpl\u00e4tzen unterschiedliche L\u00f6sungen zu sehen: Mal nutzen Camper nur das Dach des Vorzelts und sparen Stauraum und Kraftstoff, wenn die <a href=\"https:\/\/www.schlanser.ch\/zelte\/vorzelte\/markisenzubehoer\/\">Seitenteile des Zelts<\/a> zu Hause bleiben. Andere versorgen sich mit einem separaten Sonnendach und entsprechendem Gest\u00e4nge. F\u00fcr die Reise gern aus gewichtsparendem Aluminium, anstelle des belastbaren Stahlgest\u00e4nges f\u00fcr das dauerhaft aufgestellte Vier-Jahreszeiten-Zelt.<\/p>\n<p><img loading=\"lazy\" decoding=\"async\" class=\"aligncenter wp-image-6920 size-full\" title=\"Berger Sonnenvordach Sigma II Deluxe | schneller Aufbau | Fenster blickdicht verschlie\u00dfbar\" src=\"https:\/\/www.schlanser.ch\/magazin\/wp-content\/uploads\/2019\/06\/berger-sonnenvordach-sigma-ii-deluxe.jpg\" alt=\"berger-sonnenvordach-sigma-ii-deluxe\" width=\"600\" height=\"375\" srcset=\"https:\/\/www.schlanser.ch\/magazin\/wp-content\/uploads\/2019\/06\/berger-sonnenvordach-sigma-ii-deluxe.jpg 600w, https:\/\/www.schlanser.ch\/magazin\/wp-content\/uploads\/2019\/06\/berger-sonnenvordach-sigma-ii-deluxe-300x188.jpg 300w\" sizes=\"(max-width: 600px) 100vw, 600px\" \/><\/p>\n<h2>Brand mit Sonnenvordach als Verl\u00e4ngerung des Vorzeltes<\/h2>\n<p style=\"text-align: justify;\">Schatten vor dem <a href=\"https:\/\/www.schlanser.ch\/zelte\/vorzelte\/\">Vorzelt<\/a>? F\u00fcr Brand-Vorzelte ist das Sonnendach Solair erh\u00e4ltlich, mit dem Sie den Schatten um mehrere Meter vor dem Zelt ausweiten. Ob sich daf\u00fcr jedoch auf jedem Campingplatz in der Hochsaison ausreichend Platz findet, bleibt fraglich. Eine tolle L\u00f6sung ist es trotzdem, weil das Sonnendach zusammengerollt unter dem Vordach befestigt und verstaubar ist.<\/p>\n<p><img loading=\"lazy\" decoding=\"async\" class=\"aligncenter wp-image-6914 size-full\" title=\"Sonnendach Solair f\u00fcr Brand-Vorzelte\" src=\"https:\/\/www.schlanser.ch\/magazin\/wp-content\/uploads\/2019\/06\/sonnendach-solair.jpg\" alt=\"sonnendach-solair\" width=\"600\" height=\"375\" srcset=\"https:\/\/www.schlanser.ch\/magazin\/wp-content\/uploads\/2019\/06\/sonnendach-solair.jpg 600w, https:\/\/www.schlanser.ch\/magazin\/wp-content\/uploads\/2019\/06\/sonnendach-solair-300x188.jpg 300w\" sizes=\"(max-width: 600px) 100vw, 600px\" \/><\/p>\n<h2>Sonnenvordach f\u00fcr Nur-Reisende<\/h2>\n<p style=\"text-align: justify;\">Nicht jeden Camper zieht es in die Idylle eines festen Campingplatzes. So mancher Wohnwagen steht in der Scheune oder das Wohnmobil in der Garage \u2013 bis die Zeit heranbricht. Je nach Reiseziel ist Sonnenschutz so entscheidend wie Wetterschutz, denn zu den wirklich unerfreulichen Bedingungen beim Camping z\u00e4hlt es, aus dem gesch\u00fctzten Inneren in den Regen zu treten. Ein Sonnendach aus festerem Material und mit belastbarem Gest\u00e4nge schafft Abhilfe.<\/p>\n<p style=\"text-align: justify;\">Bei leichten Niederschl\u00e4gen bleibt sogar die Ausr\u00fcstung trocken und gegen Wind nutzen Sie zus\u00e4tzlich Sicherungen zum Beispiel mit Abspannleinen. <a href=\"https:\/\/www.schlanser.ch\/zelte\/zeltzubehoer\/zeltheringe-abspannmaterial\/\">Reflektoren und reflektierende Leinen<\/a> bieten bei Dunkelheit deutlich mehr Sicherheit. Bei der Zuladung schl\u00e4gt das Alugest\u00e4nge f\u00fcr ein Sonnenvordach mit 7,5 Kilogramm zu Buche.<\/p>\n<p><img loading=\"lazy\" decoding=\"async\" class=\"aligncenter wp-image-6911 size-full\" title=\"Outwell Sonnenvordach Touring Canopy M | bis 3 | 3 Meter Anbauh\u00f6he\" src=\"https:\/\/www.schlanser.ch\/magazin\/wp-content\/uploads\/2019\/06\/outwell-sonnenvordach-touring-canopy-m.jpg\" alt=\"outwell-sonnenvordach-touring-canopy-m\" width=\"600\" height=\"375\" srcset=\"https:\/\/www.schlanser.ch\/magazin\/wp-content\/uploads\/2019\/06\/outwell-sonnenvordach-touring-canopy-m.jpg 600w, https:\/\/www.schlanser.ch\/magazin\/wp-content\/uploads\/2019\/06\/outwell-sonnenvordach-touring-canopy-m-300x188.jpg 300w\" sizes=\"(max-width: 600px) 100vw, 600px\" \/><\/p>\n<h2>Exkurs: Reicht ein Tarp?<\/h2>\n<p style=\"text-align: justify;\">Sonnensegel und Wohnwagen Sonnendach nutzen unterschiedliche Materialien f\u00fcr die Plane, die beim Sonnendach deutlich strapazierf\u00e4higer ist. Daf\u00fcr wiegt es mehr und ist darum kaum f\u00fcrs Trekking geeignet. Ein <a href=\"https:\/\/www.schlanser.ch\/outdoor-freizeit\/wind-sonnenschutz\/pavillons-tarps\/\">hochwertiges Tarp<\/a> leistet vergleichbare Dienste und ist bei kurzen Ausfl\u00fcgen als Wohnwagen Sonnensegel besser als gar kein Sonnendach. Schwierigkeiten und Probleme stellen sich am Ziel ein: Wo befestigen? Wenn \u00fcberhaupt ein Gest\u00e4nge zum Lieferumfang geh\u00f6rt, ist dies von leichter Bauart und nur begrenzt belastbar.<\/p>\n<p style=\"text-align: justify;\">Die Fl\u00e4che des Sonnensegels bietet allerdings reichlich Angriffsfl\u00e4che f\u00fcr Wind. An B\u00e4umen oder Pfosten sind Sonnensegel meist sicherer befestigt. Dabei ist dringend auf die naturschonende Anbringung zu achten zum Beispiel Schutz der Rinde. Eventuell kann das Fahrzeug Befestigungspunkte liefern. Obwohl das Wohnwagen Sonnensegel vieles m\u00f6glich macht, kommt es an die Leistung als Wohnwagen Sonnendach nicht heran. Was allerdings Packmass und Gewicht angeht, verh\u00e4lt es sich genau umgekehrt. Es kommt halt darauf an, zu welcher Reise Sie aufbrechen. Sonnenschutz muss dabei sein!<\/p>\n<p><img loading=\"lazy\" decoding=\"async\" class=\"aligncenter wp-image-6926 size-full\" title=\"Sonnenvordach Solera Lux II\" src=\"https:\/\/www.schlanser.ch\/magazin\/wp-content\/uploads\/2019\/06\/sonnenvordach-solera-lux-ii.jpg\" alt=\"sonnenvordach-solera-lux-ii\" width=\"600\" height=\"375\" srcset=\"https:\/\/www.schlanser.ch\/magazin\/wp-content\/uploads\/2019\/06\/sonnenvordach-solera-lux-ii.jpg 600w, https:\/\/www.schlanser.ch\/magazin\/wp-content\/uploads\/2019\/06\/sonnenvordach-solera-lux-ii-300x188.jpg 300w\" sizes=\"(max-width: 600px) 100vw, 600px\" \/><\/p>\n<h2>Die feste Variante beim Sonnenschutz<\/h2>\n<p style=\"text-align: justify;\">Die Sonne setzt nicht nur der Haut zu, sondern sch\u00e4digt genauso Materialien. Ohne Sonnendach entwickeln sich im Wohnwageninneren belastende Temperaturen. Wind und Niederschl\u00e4ge sorgen f\u00fcr sichtbare Alterungsspuren. Ein Schutzdach wirkt diesen Folgen entgegen. Der Caravan steht wie in einem Carport ganzj\u00e4hrig gesch\u00fctzt unter einem \u00dcberdach. F\u00fcr dessen Montage sind zwei Vorgehensweisen popul\u00e4r<\/p>\n<ul style=\"text-align: justify;\">\n<li>das Schutzdach wird direkt mit dem Wohnwagendach verbunden<\/li>\n<li>das \u00dcberdach steht frei auf eigenem St\u00e4nderwerk<\/li>\n<\/ul>\n<p style=\"text-align: justify;\">Beide Varianten sind mit einem festen Vorzelt erweiterbar. Dauercamper sparen Kosten, wenn das Schutzdach mit dem Campingwagen verbunden ist. Je nach Hersteller erfordert dies eine mehr oder weniger hohe Anzahl an L\u00f6chern in der Wohnwagenhaut: Manche arbeiten mit Auflagen, andere mit fester Verschraubung in kurzen Abst\u00e4nden. So montiert ist der Camper nicht mehr zum Reisen geeignet: Fahrtwind k\u00f6nnte das Dach abreissen.<\/p>\n<blockquote>\n<p style=\"text-align: justify;\">F\u00fcr betagte Modelle bedeutet die Installation eine deutliche Verl\u00e4ngerung des Lebenszyklus. Da die Anbringung irreversibel ist, raten wir f\u00fcr historische Fahrzeuge davon ab.<\/p>\n<\/blockquote>\n<h2>Ausbau mit Vorzelt<\/h2>\n<p style=\"text-align: justify;\">Bei der Erweiterung mit einem festen Vorzelt sind die Dachfl\u00e4chen miteinander verschweisst. Wer nicht auf Ausfahrten verzichten will, w\u00e4hlt die teurere, freistehende Variante. Der Zutritt vom Vorzelt in den Caravan geschieht \u00fcber eine Schleuse. Da das Vorzelt selbsttragend ist, kann alles am Platz bleiben, w\u00e4hrend Sie unterwegs sind zu den sch\u00f6nsten Ferienzielen der Welt.<\/p>\n<p><img loading=\"lazy\" decoding=\"async\" class=\"aligncenter wp-image-6928 size-full\" title=\"Berger Sonnenvordach Vario 500x240\" src=\"https:\/\/www.schlanser.ch\/magazin\/wp-content\/uploads\/2019\/06\/berger-sonnenvordach-vario-500x240.jpg\" alt=\"berger-sonnenvordach-vario-500x240\" width=\"600\" height=\"375\" srcset=\"https:\/\/www.schlanser.ch\/magazin\/wp-content\/uploads\/2019\/06\/berger-sonnenvordach-vario-500x240.jpg 600w, https:\/\/www.schlanser.ch\/magazin\/wp-content\/uploads\/2019\/06\/berger-sonnenvordach-vario-500x240-300x188.jpg 300w\" sizes=\"(max-width: 600px) 100vw, 600px\" \/><\/p>\n<h2>Schutzdach als fahrbare Variante<\/h2>\n<p style=\"text-align: justify;\">Vom Zelthersteller und Campingausstatter Berger kommt ein \u00dcberdach, das einen geringeren Abstand zwischen \u00dcber- und Wohnwagendach vorsieht. Noch dazu sind beide Enden an den schmalen Seiten f\u00fcr den Transport stark absenkbar. So kann der Wind nicht mehr unter die Plane greifen. Die Beweglichkeit geht allerdings zulasten der Klimafunktion des Schutzdaches: je geringer der Abstand, desto niedriger die K\u00fchlleistung der Luftschicht. Von deren Wirksamkeit \u00fcberzeugen Sie sich mit blosser Hand beim Griff durch die Dachluke oder mittels Thermometer exakt. Die Schutzfunktion vor Niederschlag und photochemischer Wirkung von UV-Licht auf Dichtungen bleibt davon unbeeintr\u00e4chtigt und dient dem Werterhalt.<\/p>\n<p><img loading=\"lazy\" decoding=\"async\" class=\"aligncenter wp-image-6916 size-full\" title=\"Sonnenvordach Ideal II 340x240\" src=\"https:\/\/www.schlanser.ch\/magazin\/wp-content\/uploads\/2019\/06\/sonnenvordach-ideal-ii-340x240.jpg\" alt=\"sonnenvordach-ideal-ii-340x240\" width=\"600\" height=\"375\" srcset=\"https:\/\/www.schlanser.ch\/magazin\/wp-content\/uploads\/2019\/06\/sonnenvordach-ideal-ii-340x240.jpg 600w, https:\/\/www.schlanser.ch\/magazin\/wp-content\/uploads\/2019\/06\/sonnenvordach-ideal-ii-340x240-300x188.jpg 300w\" sizes=\"(max-width: 600px) 100vw, 600px\" \/><\/p>\n<h2>Ver\u00e4nderungen durch ein Wohnwagen Sonnendach<\/h2>\n<p style=\"text-align: justify;\">F\u00fcr Ihren Campingwagen \u00e4ndert sich viel, wenn er gesch\u00fctzt durch ein Schutzdach ganzj\u00e4hrig draussen steht: Zun\u00e4chst l\u00e4uft \u00fcber das Fahrzeug keinen Niederschlag ab, weil Regen oder Schmelzwasser zu den Seiten und optional in Regenrinnen abgeleitet wird. Der Wohnwagen steht dadurch insgesamt trockener. Zus\u00e4tzlich unterst\u00fctzt Durchl\u00fcftung von unten diesen Effekt. Dieses Plus an Trockenheit macht sich auch im Innenraum bemerkbar. Bei hohem Schneeaufkommen erf\u00e4hrt ausserdem das Dach Entlastung. Hersteller werben mit erstaunlicher Widerstandsf\u00e4higkeit gegen Schnee und Windbruch.<\/p>\n<p><img loading=\"lazy\" decoding=\"async\" class=\"aligncenter wp-image-6907 size-full\" title=\"Berger Sonnenvordach f\u00fcr Bus &amp; Wohnwagen | inkl. Aufstellstangen | einfache Befestigung\" src=\"https:\/\/www.schlanser.ch\/magazin\/wp-content\/uploads\/2019\/06\/berger-sonnenvordach-fuer-bus-wohnwagen.jpg\" alt=\"berger-sonnenvordach-fuer-bus-wohnwagen\" width=\"600\" height=\"375\" srcset=\"https:\/\/www.schlanser.ch\/magazin\/wp-content\/uploads\/2019\/06\/berger-sonnenvordach-fuer-bus-wohnwagen.jpg 600w, https:\/\/www.schlanser.ch\/magazin\/wp-content\/uploads\/2019\/06\/berger-sonnenvordach-fuer-bus-wohnwagen-300x188.jpg 300w\" sizes=\"(max-width: 600px) 100vw, 600px\" \/><\/p>\n<h2>Wohnraumklima<\/h2>\n<p style=\"text-align: justify;\">Das Schutzdach fungiert im Sommer als Sonnendach und k\u00fchlt durch ein Luftpolster. Dieser Effekt tritt auch im Winter auf: Sonnenschein f\u00fchrt dann kaum noch zu sp\u00fcrbarer Erw\u00e4rmung. Sie m\u00fcssen eventuell mehr Heizkosten einplanen. Im Sommer f\u00fchrt derselbe Effekt dazu, dass es im Inneren l\u00e4nger k\u00fchl bleibt. Bei extremen Temperaturen und langer Sonnenscheindauer kommt allerdings auch das Schutzdach an seine Grenzen. Dann hilft Luftzug, sobald es abends k\u00fchler wird. Am besten mit Moskitonetz.<\/p>\n","protected":false},"excerpt":{"rendered":"<p>\u00ab Wohnliches Sonnenvordach statt Sonnensegel \u00bb Sonnenschutz ist von elementarer Bedeutung f\u00fcr die Gesundheit der Haut. Sonnensegel erfreuen sich deshalb grosser Beliebtheit. Aufgrund ihrer Flexibilit\u00e4t kommen sie vielerorts zum Einsatz: Sie beschatten Balkone, geh\u00f6ren zur Trekking-Ausr\u00fcstung in heissen L\u00e4ndern und sind auf Festivals und anderen Open-Air-Veranstaltungen ein gern gesehener Begleiter. F\u00fcr Wohnwagen und Reisemobile bietet &hellip;<\/p>\n","protected":false},"author":1,"featured_media":6932,"comment_status":"closed","ping_status":"open","sticky":false,"template":"","format":"standard","meta":{"footnotes":""},"categories":[3],"tags":[18,47,613,56,927,925,225,926,297],"yoast_head":"<!-- This site is optimized with the Yoast SEO plugin v22.2 - https:\/\/yoast.com\/wordpress\/plugins\/seo\/ -->\n<title>Das Wohnwagen Sonnendach - Schlanser Magazin<\/title>\n<meta name=\"description\" content=\"Wohnwagen Sonnendach statt Sonnensegel! \u2013 Das Schlanser Magazin erkl\u00e4rt die Bedeutung von Sonnenschutz und g\u00e4ngige M\u00f6glichkeiten beim Camping \u2714\" \/>\n<meta name=\"robots\" content=\"index, follow, max-snippet:-1, max-image-preview:large, max-video-preview:-1\" \/>\n<link rel=\"canonical\" href=\"https:\/\/www.schlanser.ch\/magazin\/wohnwagen-sonnendach\/\" \/>\n<meta property=\"og:locale\" content=\"de_DE\" \/>\n<meta property=\"og:type\" content=\"article\" \/>\n<meta property=\"og:title\" content=\"Das Wohnwagen Sonnendach - Schlanser Magazin\" \/>\n<meta property=\"og:description\" content=\"Wohnwagen Sonnendach statt Sonnensegel! \u2013 Das Schlanser Magazin erkl\u00e4rt die Bedeutung von Sonnenschutz und g\u00e4ngige M\u00f6glichkeiten beim Camping \u2714\" \/>\n<meta property=\"og:url\" content=\"https:\/\/www.schlanser.ch\/magazin\/wohnwagen-sonnendach\/\" \/>\n<meta property=\"og:site_name\" content=\"Schlanser Magazin\" \/>\n<meta property=\"article:published_time\" content=\"2019-05-24T13:02:15+00:00\" \/>\n<meta property=\"article:modified_time\" content=\"2024-01-10T13:53:16+00:00\" \/>\n<meta property=\"og:image\" content=\"https:\/\/www.schlanser.ch\/magazin\/wp-content\/uploads\/2019\/06\/wohnwagen-sonnendach.jpg\" \/>\n\t<meta property=\"og:image:width\" content=\"800\" \/>\n\t<meta property=\"og:image:height\" content=\"500\" \/>\n\t<meta property=\"og:image:type\" content=\"image\/jpeg\" \/>\n<meta name=\"author\" content=\"admin\" \/>\n<meta name=\"twitter:card\" content=\"summary_large_image\" \/>\n<meta name=\"twitter:label1\" content=\"Verfasst von\" \/>\n\t<meta name=\"twitter:data1\" content=\"admin\" \/>\n\t<meta name=\"twitter:label2\" content=\"Gesch\u00e4tzte Lesezeit\" \/>\n\t<meta name=\"twitter:data2\" content=\"5 Minuten\" \/>\n<script type=\"application\/ld+json\" class=\"yoast-schema-graph\">{\"@context\":\"https:\/\/schema.org\",\"@graph\":[{\"@type\":\"WebPage\",\"@id\":\"https:\/\/www.schlanser.ch\/magazin\/wohnwagen-sonnendach\/\",\"url\":\"https:\/\/www.schlanser.ch\/magazin\/wohnwagen-sonnendach\/\",\"name\":\"Das Wohnwagen Sonnendach - Schlanser Magazin\",\"isPartOf\":{\"@id\":\"https:\/\/www.schlanser.ch\/magazin\/#website\"},\"primaryImageOfPage\":{\"@id\":\"https:\/\/www.schlanser.ch\/magazin\/wohnwagen-sonnendach\/#primaryimage\"},\"image\":{\"@id\":\"https:\/\/www.schlanser.ch\/magazin\/wohnwagen-sonnendach\/#primaryimage\"},\"thumbnailUrl\":\"https:\/\/www.schlanser.ch\/magazin\/wp-content\/uploads\/2019\/06\/wohnwagen-sonnendach.jpg\",\"datePublished\":\"2019-05-24T13:02:15+00:00\",\"dateModified\":\"2024-01-10T13:53:16+00:00\",\"author\":{\"@id\":\"https:\/\/www.schlanser.ch\/magazin\/#\/schema\/person\/000db0a103eb2594ba3daf394b1dfea2\"},\"description\":\"Wohnwagen Sonnendach statt Sonnensegel! \u2013 Das Schlanser Magazin erkl\u00e4rt die Bedeutung von Sonnenschutz und g\u00e4ngige M\u00f6glichkeiten beim Camping \u2714\",\"breadcrumb\":{\"@id\":\"https:\/\/www.schlanser.ch\/magazin\/wohnwagen-sonnendach\/#breadcrumb\"},\"inLanguage\":\"de-DE\",\"potentialAction\":[{\"@type\":\"ReadAction\",\"target\":[\"https:\/\/www.schlanser.ch\/magazin\/wohnwagen-sonnendach\/\"]}]},{\"@type\":\"ImageObject\",\"inLanguage\":\"de-DE\",\"@id\":\"https:\/\/www.schlanser.ch\/magazin\/wohnwagen-sonnendach\/#primaryimage\",\"url\":\"https:\/\/www.schlanser.ch\/magazin\/wp-content\/uploads\/2019\/06\/wohnwagen-sonnendach.jpg\",\"contentUrl\":\"https:\/\/www.schlanser.ch\/magazin\/wp-content\/uploads\/2019\/06\/wohnwagen-sonnendach.jpg\",\"width\":800,\"height\":500},{\"@type\":\"BreadcrumbList\",\"@id\":\"https:\/\/www.schlanser.ch\/magazin\/wohnwagen-sonnendach\/#breadcrumb\",\"itemListElement\":[{\"@type\":\"ListItem\",\"position\":1,\"name\":\"Startseite\",\"item\":\"https:\/\/www.schlanser.ch\/magazin\/\"},{\"@type\":\"ListItem\",\"position\":2,\"name\":\"Das Wohnwagen Sonnendach\"}]},{\"@type\":\"WebSite\",\"@id\":\"https:\/\/www.schlanser.ch\/magazin\/#website\",\"url\":\"https:\/\/www.schlanser.ch\/magazin\/\",\"name\":\"Schlanser Magazin\",\"description\":\"\",\"potentialAction\":[{\"@type\":\"SearchAction\",\"target\":{\"@type\":\"EntryPoint\",\"urlTemplate\":\"https:\/\/www.schlanser.ch\/magazin\/?s={search_term_string}\"},\"query-input\":\"required name=search_term_string\"}],\"inLanguage\":\"de-DE\"},{\"@type\":\"Person\",\"@id\":\"https:\/\/www.schlanser.ch\/magazin\/#\/schema\/person\/000db0a103eb2594ba3daf394b1dfea2\",\"name\":\"admin\",\"image\":{\"@type\":\"ImageObject\",\"inLanguage\":\"de-DE\",\"@id\":\"https:\/\/www.schlanser.ch\/magazin\/#\/schema\/person\/image\/\",\"url\":\"https:\/\/secure.gravatar.com\/avatar\/a794a4fe8a9b9c52241597eb381dfa2e?s=96&d=mm&r=g\",\"contentUrl\":\"https:\/\/secure.gravatar.com\/avatar\/a794a4fe8a9b9c52241597eb381dfa2e?s=96&d=mm&r=g\",\"caption\":\"admin\"}}]}<\/script>\n<!-- \/ Yoast SEO plugin. -->","yoast_head_json":{"title":"Das Wohnwagen Sonnendach - Schlanser Magazin","description":"Wohnwagen Sonnendach statt Sonnensegel! \u2013 Das Schlanser Magazin erkl\u00e4rt die Bedeutung von Sonnenschutz und g\u00e4ngige M\u00f6glichkeiten beim Camping \u2714","robots":{"index":"index","follow":"follow","max-snippet":"max-snippet:-1","max-image-preview":"max-image-preview:large","max-video-preview":"max-video-preview:-1"},"canonical":"https:\/\/www.schlanser.ch\/magazin\/wohnwagen-sonnendach\/","og_locale":"de_DE","og_type":"article","og_title":"Das Wohnwagen Sonnendach - Schlanser Magazin","og_description":"Wohnwagen Sonnendach statt Sonnensegel! \u2013 Das Schlanser Magazin erkl\u00e4rt die Bedeutung von Sonnenschutz und g\u00e4ngige M\u00f6glichkeiten beim Camping \u2714","og_url":"https:\/\/www.schlanser.ch\/magazin\/wohnwagen-sonnendach\/","og_site_name":"Schlanser Magazin","article_published_time":"2019-05-24T13:02:15+00:00","article_modified_time":"2024-01-10T13:53:16+00:00","og_image":[{"width":800,"height":500,"url":"https:\/\/www.schlanser.ch\/magazin\/wp-content\/uploads\/2019\/06\/wohnwagen-sonnendach.jpg","type":"image\/jpeg"}],"author":"admin","twitter_card":"summary_large_image","twitter_misc":{"Verfasst von":"admin","Gesch\u00e4tzte Lesezeit":"5 Minuten"},"schema":{"@context":"https:\/\/schema.org","@graph":[{"@type":"WebPage","@id":"https:\/\/www.schlanser.ch\/magazin\/wohnwagen-sonnendach\/","url":"https:\/\/www.schlanser.ch\/magazin\/wohnwagen-sonnendach\/","name":"Das Wohnwagen Sonnendach - Schlanser Magazin","isPartOf":{"@id":"https:\/\/www.schlanser.ch\/magazin\/#website"},"primaryImageOfPage":{"@id":"https:\/\/www.schlanser.ch\/magazin\/wohnwagen-sonnendach\/#primaryimage"},"image":{"@id":"https:\/\/www.schlanser.ch\/magazin\/wohnwagen-sonnendach\/#primaryimage"},"thumbnailUrl":"https:\/\/www.schlanser.ch\/magazin\/wp-content\/uploads\/2019\/06\/wohnwagen-sonnendach.jpg","datePublished":"2019-05-24T13:02:15+00:00","dateModified":"2024-01-10T13:53:16+00:00","author":{"@id":"https:\/\/www.schlanser.ch\/magazin\/#\/schema\/person\/000db0a103eb2594ba3daf394b1dfea2"},"description":"Wohnwagen Sonnendach statt Sonnensegel! \u2013 Das Schlanser Magazin erkl\u00e4rt die Bedeutung von Sonnenschutz und g\u00e4ngige M\u00f6glichkeiten beim Camping \u2714","breadcrumb":{"@id":"https:\/\/www.schlanser.ch\/magazin\/wohnwagen-sonnendach\/#breadcrumb"},"inLanguage":"de-DE","potentialAction":[{"@type":"ReadAction","target":["https:\/\/www.schlanser.ch\/magazin\/wohnwagen-sonnendach\/"]}]},{"@type":"ImageObject","inLanguage":"de-DE","@id":"https:\/\/www.schlanser.ch\/magazin\/wohnwagen-sonnendach\/#primaryimage","url":"https:\/\/www.schlanser.ch\/magazin\/wp-content\/uploads\/2019\/06\/wohnwagen-sonnendach.jpg","contentUrl":"https:\/\/www.schlanser.ch\/magazin\/wp-content\/uploads\/2019\/06\/wohnwagen-sonnendach.jpg","width":800,"height":500},{"@type":"BreadcrumbList","@id":"https:\/\/www.schlanser.ch\/magazin\/wohnwagen-sonnendach\/#breadcrumb","itemListElement":[{"@type":"ListItem","position":1,"name":"Startseite","item":"https:\/\/www.schlanser.ch\/magazin\/"},{"@type":"ListItem","position":2,"name":"Das Wohnwagen Sonnendach"}]},{"@type":"WebSite","@id":"https:\/\/www.schlanser.ch\/magazin\/#website","url":"https:\/\/www.schlanser.ch\/magazin\/","name":"Schlanser Magazin","description":"","potentialAction":[{"@type":"SearchAction","target":{"@type":"EntryPoint","urlTemplate":"https:\/\/www.schlanser.ch\/magazin\/?s={search_term_string}"},"query-input":"required name=search_term_string"}],"inLanguage":"de-DE"},{"@type":"Person","@id":"https:\/\/www.schlanser.ch\/magazin\/#\/schema\/person\/000db0a103eb2594ba3daf394b1dfea2","name":"admin","image":{"@type":"ImageObject","inLanguage":"de-DE","@id":"https:\/\/www.schlanser.ch\/magazin\/#\/schema\/person\/image\/","url":"https:\/\/secure.gravatar.com\/avatar\/a794a4fe8a9b9c52241597eb381dfa2e?s=96&d=mm&r=g","contentUrl":"https:\/\/secure.gravatar.com\/avatar\/a794a4fe8a9b9c52241597eb381dfa2e?s=96&d=mm&r=g","caption":"admin"}}]}},"_links":{"self":[{"href":"https:\/\/www.schlanser.ch\/magazin\/wp-json\/wp\/v2\/posts\/6904"}],"collection":[{"href":"https:\/\/www.schlanser.ch\/magazin\/wp-json\/wp\/v2\/posts"}],"about":[{"href":"https:\/\/www.schlanser.ch\/magazin\/wp-json\/wp\/v2\/types\/post"}],"author":[{"embeddable":true,"href":"https:\/\/www.schlanser.ch\/magazin\/wp-json\/wp\/v2\/users\/1"}],"replies":[{"embeddable":true,"href":"https:\/\/www.schlanser.ch\/magazin\/wp-json\/wp\/v2\/comments?post=6904"}],"version-history":[{"count":27,"href":"https:\/\/www.schlanser.ch\/magazin\/wp-json\/wp\/v2\/posts\/6904\/revisions"}],"predecessor-version":[{"id":17142,"href":"https:\/\/www.schlanser.ch\/magazin\/wp-json\/wp\/v2\/posts\/6904\/revisions\/17142"}],"wp:featuredmedia":[{"embeddable":true,"href":"https:\/\/www.schlanser.ch\/magazin\/wp-json\/wp\/v2\/media\/6932"}],"wp:attachment":[{"href":"https:\/\/www.schlanser.ch\/magazin\/wp-json\/wp\/v2\/media?parent=6904"}],"wp:term":[{"taxonomy":"category","embeddable":true,"href":"https:\/\/www.schlanser.ch\/magazin\/wp-json\/wp\/v2\/categories?post=6904"},{"taxonomy":"post_tag","embeddable":true,"href":"https:\/\/www.schlanser.ch\/magazin\/wp-json\/wp\/v2\/tags?post=6904"}],"curies":[{"name":"wp","href":"https:\/\/api.w.org\/{rel}","templated":true}]}}