{"id":7072,"date":"2019-07-01T12:59:03","date_gmt":"2019-07-01T10:59:03","guid":{"rendered":"https:\/\/www.schlanser.ch\/magazin\/?p=7072"},"modified":"2024-01-10T14:53:21","modified_gmt":"2024-01-10T13:53:21","slug":"wohnwagenstellplatz-planen-und-einrichten","status":"publish","type":"post","link":"https:\/\/www.schlanser.ch\/magazin\/wohnwagenstellplatz-planen-und-einrichten\/","title":{"rendered":"Wohnwagenstellplatz planen und einrichten"},"content":{"rendered":"<h2>\u00ab vom Vorzelt bis zur Schutz\u00fcberdachung perfekt \u00bb<\/h2>\n<p style=\"text-align: justify;\"><strong>Die <\/strong><a href=\"https:\/\/www.schlanser.ch\/\"><strong>Grundausstattung beim Caravaning<\/strong><\/a><strong> beginnt mit Wohnwagen und <\/strong><a href=\"https:\/\/www.schlanser.ch\/zelte\/vorzelte\/\"><strong>Vorzelt<\/strong><\/a><strong>. Neulinge unternehmen wahrscheinlich Ausfahrten, um das neue Lebensgef\u00fchl Wohnwagen kennenzulernen &#8211; und dessen Anforderungen. Bedauerlich sind die Zeiten, in denen der Camper in der Scheune steht. Vielleicht fallen sogar Kosten an. Warum den Wohnwagen nicht auch am Wochenende auf dem Wohnwagenstellplatz nutzen? Was Sie daf\u00fcr brauchen, erfahren Sie hier.<\/strong><\/p>\n<h2>Wohnwagenstellplatz planen<\/h2>\n<p style=\"text-align: justify;\">Es existiert kein Patent, das auf jeden Camper anzuwenden ist. Camping lebt schliesslich von genau dieser Individualit\u00e4t. Allerdings zeichnen sich bei praktisch allen Campingfreunden vergleichbare L\u00f6sungen ab. In der Planung sind zum Beispiel Fragen zu ber\u00fccksichtigen nach <a href=\"https:\/\/www.schlanser.ch\/outdoor-freizeit\/wind-sonnenschutz\/\">Sonnenschutz<\/a> und <a href=\"https:\/\/www.schlanser.ch\/moebel\/campingmoebel\/campingstuehle\/\">Sitzm\u00f6glichkeiten<\/a> im Freien, nach der Einrichtung des Vorzeltes und vielem mehr. Bevor Sie Einrichtungsprobleme l\u00f6sen, suchen Sie zun\u00e4chst den perfekten Aufstellplatz f\u00fcr den Wohnwagen und sondieren Sie die Bodenbeschaffenheit im Bereich des Wohnanh\u00e4ngers und des Vorzeltes. Da die Bodenfl\u00e4che dauerhaft belastet wird, muss der Grund fest sein. Auch nach l\u00e4ngeren Regenperioden! Viele legen deshalb Betonplatten aus. Ob vollfl\u00e4chig oder punktuell unter R\u00e4dern und St\u00fctzen, bleibt Ihnen \u00fcberlassen.<\/p>\n<p><img loading=\"lazy\" decoding=\"async\" class=\"aligncenter wp-image-7076 size-full\" title=\"Pavillon SunrisePavillon Sunrise\" src=\"https:\/\/www.schlanser.ch\/magazin\/wp-content\/uploads\/2019\/07\/Pavillon-Sunrise.jpg\" alt=\"Pavillon Sunrise\" width=\"620\" height=\"346\" srcset=\"https:\/\/www.schlanser.ch\/magazin\/wp-content\/uploads\/2019\/07\/Pavillon-Sunrise.jpg 620w, https:\/\/www.schlanser.ch\/magazin\/wp-content\/uploads\/2019\/07\/Pavillon-Sunrise-300x167.jpg 300w\" sizes=\"(max-width: 620px) 100vw, 620px\" \/><\/p>\n<h2>Dauerhafter Schutz<\/h2>\n<p style=\"text-align: justify;\">Wer sich entschieden hat, dauerhaft an einem Platz zu bleiben, kann die Lebensdauer seine Investition mit einer Schutz\u00fcberdachung deutlich verl\u00e4ngern. Im Wesentlichen existieren drei Varianten:<\/p>\n<ol>\n<li style=\"text-align: justify;\">Schutzdach f\u00fcr den Wohnanh\u00e4nger &#8211; die kosteng\u00fcnstige Variante zum Schutz des Caravans. Das Zelt steht frei und kann jederzeit abgenommen werden.<\/li>\n<li style=\"text-align: justify;\">Schutzdach f\u00fcr Caravan und Vorzelt &#8211; hier sind beide Wohneinheiten \u00fcberdacht. Im Sommer ist es durch die isolierende Luftschicht im Zelt k\u00fchler und im Winter liegt kein Schnee auf der Zelthaut.<\/li>\n<li style=\"text-align: justify;\">Schutzdach f\u00fcr den Campingwagen mit festem Zelt &#8211; die Luxusvariante. Hier entscheiden Sie sich f\u00fcr die Ausf\u00fchrung mit und ohne Schleuse. Die verschliessbare Schleuse verbindet Camper und Zelt. Wenn Sie reisen, ziehen Sie den Caravan unter dem Schutzdach heraus und das Zelt bleibt stehen. Dies gelingt allerdings nur, wenn das Schutzdach des Wohnwagens auf eigenen Pfosten ruht.<\/li>\n<\/ol>\n<h2><img loading=\"lazy\" decoding=\"async\" class=\"aligncenter wp-image-7078 size-full\" title=\"Wohnwagen Schutzdach 450\" src=\"https:\/\/www.schlanser.ch\/magazin\/wp-content\/uploads\/2019\/07\/Wohnwagen-Schutzdach-450.jpg\" alt=\"Wohnwagen Schutzdach 450\" width=\"620\" height=\"398\" srcset=\"https:\/\/www.schlanser.ch\/magazin\/wp-content\/uploads\/2019\/07\/Wohnwagen-Schutzdach-450.jpg 620w, https:\/\/www.schlanser.ch\/magazin\/wp-content\/uploads\/2019\/07\/Wohnwagen-Schutzdach-450-300x193.jpg 300w\" sizes=\"(max-width: 620px) 100vw, 620px\" \/><\/h2>\n<h2>Von Fall zu Fall: Der Boden im Vorzelt<\/h2>\n<p style=\"text-align: justify;\">Welcher Boden der richtige ist, h\u00e4ngt von diesen Faktoren ab:<\/p>\n<ul>\n<li>Ist der Wohnwagenstellplatz ganzj\u00e4hrig zu nutzen?<\/li>\n<li style=\"text-align: justify;\">Sind weiterhin Reisen angedacht oder planen Sie einen reinen Dauerstellplatz?<\/li>\n<\/ul>\n<p style=\"text-align: justify;\">Klar ist, je dauerhafter Sie planen, desto mehr schr\u00e4nken Sie die Mobilit\u00e4t ein. Doch es lohnt sich: Viele Wohnwagenstellpl\u00e4tze sind gem\u00fctlich eingerichtet. Die Bewohner verbringen ihre gesamte Freizeit dort und manche gar ihren Lebensabend, solange es Gesundheit und Ausstattung erlauben. Dann muss auch das Campingzelt den entsprechenden Komfort aufweisen, also warm und trocken von unten sein. Daf\u00fcr ist ein fester Untergrund zu schaffen. Betonplatten haben sich bew\u00e4hrt. Um die Oberfl\u00e4che freundlicher zu gestalten, legen Sie darauf Bodenplatten und Zeltteppich.<\/p>\n<h2><img loading=\"lazy\" decoding=\"async\" class=\"aligncenter wp-image-7080 size-full\" title=\"Berger Zeltteppich Standard blau 250x300\" src=\"https:\/\/www.schlanser.ch\/magazin\/wp-content\/uploads\/2019\/07\/Berger-Zeltteppich-Standard-blau-250x300.jpg\" alt=\"Berger Zeltteppich Standard blau 250x300\" width=\"620\" height=\"388\" srcset=\"https:\/\/www.schlanser.ch\/magazin\/wp-content\/uploads\/2019\/07\/Berger-Zeltteppich-Standard-blau-250x300.jpg 620w, https:\/\/www.schlanser.ch\/magazin\/wp-content\/uploads\/2019\/07\/Berger-Zeltteppich-Standard-blau-250x300-300x188.jpg 300w\" sizes=\"(max-width: 620px) 100vw, 620px\" \/><\/h2>\n<h2>Saisonales Camping oder Reisen<\/h2>\n<p style=\"text-align: justify;\">Die oben vorgestellte Variante funktioniert auch, wenn Sie hin und wieder abbauen. F\u00fcr die \u00dcberwinterung sind die Bodenplatten schnell eingesammelt und der Zeltteppich zusammengerollt. F\u00fcr den Ferienausflug k\u00f6nnen Sie sogar \u00fcberlegen, alles mit Planen gegen Regen zu sichern und auf dem Wohnwagenstellplatz liegen zu lassen bis zum Zeitpunkt Ihrer R\u00fcckkehr. Den Zeltteppich nehmen Sie vielleicht sogar mit: Auf der gr\u00fcnen Wiese oder auf Sand leistet er gute Dienste.<\/p>\n<h2>Leben und Wohnen: Vorzelt einrichten<\/h2>\n<p style=\"text-align: justify;\">Hier kommt es allein darauf an, wie Ihre M\u00f6glichkeiten und W\u00fcnsche heissen. Der eine stellt eine Einbauk\u00fcche mit allen erforderlichen K\u00fcchenger\u00e4ten auf. Das ist vermutlich der Typ Ganzjahrescamper, f\u00fcr den Abbau keine Option ist. Andere planen, nur die warmen Tage im Campingwagen zu verbringen und ziehen gern hin und wieder an andere Orte, um weiterhin die Freiheit des Reisens zu erleben. Diese Camper sind vermutlich mit einer flexiblen und leichten Campingk\u00fcche besser eingerichtet. Schnell ist alles zusammengeklappt, sind die Heringe gezogen und ist die Zelthaut aus der <a href=\"https:\/\/www.schlanser.ch\/fahrzeug\/wohnwagen-wohnmobil-zubehoer\/schutzhuellen-planen\/\">Kederschiene<\/a> befreit \u2013 schon geht die Fahrt los.<\/p>\n<p><img loading=\"lazy\" decoding=\"async\" class=\"aligncenter wp-image-7082 size-full\" title=\"Hindermann Au\u00dfenisoliermatte Four-Seasons - VW Crafter\" src=\"https:\/\/www.schlanser.ch\/magazin\/wp-content\/uploads\/2019\/07\/Hindermann-Au\u00dfenisoliermatte-Four-Seasons-VW-Crafter.jpg\" alt=\"Hindermann Au\u00dfenisoliermatte Four-Seasons - VW Crafter\" width=\"620\" height=\"328\" srcset=\"https:\/\/www.schlanser.ch\/magazin\/wp-content\/uploads\/2019\/07\/Hindermann-Au\u00dfenisoliermatte-Four-Seasons-VW-Crafter.jpg 620w, https:\/\/www.schlanser.ch\/magazin\/wp-content\/uploads\/2019\/07\/Hindermann-Au\u00dfenisoliermatte-Four-Seasons-VW-Crafter-300x159.jpg 300w, https:\/\/www.schlanser.ch\/magazin\/wp-content\/uploads\/2019\/07\/Hindermann-Au\u00dfenisoliermatte-Four-Seasons-VW-Crafter-310x165.jpg 310w\" sizes=\"(max-width: 620px) 100vw, 620px\" \/><\/p>\n<h2>Komfortvariante zur Erweiterung der Nutzfl\u00e4che: Erkeranbau<\/h2>\n<p style=\"text-align: justify;\">Einige Hersteller bieten f\u00fcr ihre Zelte eine Erweiterung mit Erker an. Diese lassen sich wahlweise anstelle einer Seitenwand einsetzen. Sie nutzen den Erker, um vielleicht zus\u00e4tzliche Schlafm\u00f6glichkeiten f\u00fcr G\u00e4ste zu schaffen, die sich im Sommer gern vermehrt einstellen. Alternativ \u2013 und entsprechende Ausstattung der Fenster mit luftdurchl\u00e4ssiger Gaze vorausgesetzt \u2013 planen Sie f\u00fcr den Erker die <a href=\"https:\/\/www.schlanser.ch\/haushalt\/\">Campingk\u00fcche<\/a>. Der Vorteil: Sie k\u00f6nnen den Anbau verschliessen und erzielen einen durch und durch wohnlichen Charakter bei der Einrichtung.<\/p>\n<h2>Tisch und Stuhl<\/h2>\n<p style=\"text-align: justify;\"><img loading=\"lazy\" decoding=\"async\" class=\"alignright wp-image-7084 size-full\" title=\"Crespo Komplettset 5tlg.\" src=\"https:\/\/www.schlanser.ch\/magazin\/wp-content\/uploads\/2019\/07\/Crespo-Komplettset-5tlg.jpg\" alt=\"Crespo Komplettset 5tlg.\" width=\"300\" height=\"300\" srcset=\"https:\/\/www.schlanser.ch\/magazin\/wp-content\/uploads\/2019\/07\/Crespo-Komplettset-5tlg.jpg 300w, https:\/\/www.schlanser.ch\/magazin\/wp-content\/uploads\/2019\/07\/Crespo-Komplettset-5tlg-150x150.jpg 150w\" sizes=\"(max-width: 300px) 100vw, 300px\" \/>Sie ben\u00f6tigen wenigstens so viele Sitzpl\u00e4tze wie sich Personen regelm\u00e4ssig auf dem Wohnwagenstellplatz aufhalten. F\u00fcr gemeinsame Mahlzeiten oder das gem\u00fctliche Zusammensein fehlt noch der Tisch. Achten Sie darauf, dass alle <a href=\"https:\/\/www.schlanser.ch\/moebel\/campingmoebel\/\">Campingm\u00f6bel<\/a> aussentauglich sind. Innen ist es zwar deutlich trockener als draussen, die hohe Luftfeuchtigkeit setzt allerdings M\u00f6beln zu, die sonst im Haus stehen. Sie k\u00f6nnen diese Campingm\u00f6bel innen wie aussen nutzen, doch erfahrungsgem\u00e4ss wird es vielen nach einiger Zeit zu m\u00fchselig, die M\u00f6bel st\u00e4ndig hin- und herzutragen. Es kommt zur Anschaffung eines weiteren Sets Campingm\u00f6bel.<\/p>\n<h2>Aussenbereich einrichten<\/h2>\n<p style=\"text-align: justify;\">Was nach \u00dcberfluss klingt, ist sinnvoll. Keiner bricht seinen Urlaub ab, nur weil es einmal regnet, doch unter freiem Himmel will bei Regen niemand sitzen. Dann ist es im Vorzelt gem\u00fctlicher und ger\u00e4umiger als im Wohnwagen. Bei sch\u00f6nem Wetter w\u00e4re es jedoch bedauerlich, den Tag im Zelt zu verbringen. Heiss wird es dort ausserdem. Unter einem <a href=\"https:\/\/www.schlanser.ch\/outdoor-freizeit\/wind-sonnenschutz\/pavillons-tarps\/\">Pavillon<\/a> auf dem Wohnwagenstellplatz l\u00e4sst es sich viel angenehmer sitzen und vielleicht noch ein Schwatz halten mit dem Nachbarn auf der anderen Seite des Windschutzes. Apropos Pavillon: Auch hier finden Sie verschiedene Ausf\u00fchrungen f\u00fcr den vor\u00fcbergehenden Einsatz oder den dauerhaften Aufbau. \u00dcberwintert der Pavillon draussen, ziehen Sie das Dach ab und verl\u00e4ngern damit die Lebensdauer maximal. Auch unter dem fest aufgebauten Pavillon arbeiten Sie mit Beton- oder Bodenplatten, seltener mit einem Zeltteppich.<\/p>\n<p><img loading=\"lazy\" decoding=\"async\" class=\"aligncenter wp-image-7087\" title=\"Steck-Pavillon 3x3m\" src=\"https:\/\/www.schlanser.ch\/magazin\/wp-content\/uploads\/2019\/07\/Steck-Pavillon-3x3m.jpg\" alt=\"Steck-Pavillon 3x3m\" width=\"619\" height=\"387\" srcset=\"https:\/\/www.schlanser.ch\/magazin\/wp-content\/uploads\/2019\/07\/Steck-Pavillon-3x3m.jpg 1280w, https:\/\/www.schlanser.ch\/magazin\/wp-content\/uploads\/2019\/07\/Steck-Pavillon-3x3m-300x188.jpg 300w, https:\/\/www.schlanser.ch\/magazin\/wp-content\/uploads\/2019\/07\/Steck-Pavillon-3x3m-768x480.jpg 768w, https:\/\/www.schlanser.ch\/magazin\/wp-content\/uploads\/2019\/07\/Steck-Pavillon-3x3m-1024x640.jpg 1024w\" sizes=\"(max-width: 619px) 100vw, 619px\" \/><\/p>\n<h2>Der ganze Kleinkram<\/h2>\n<p style=\"text-align: justify;\">Ger\u00e4tschaften, die Velos der Kinder und Wasserspielzeug nehmen viel Platz in Anspruch. In einer Metallh\u00fctte auf dem Wohnwagenstellplatz bringen Sie diese Dinge und noch viel mehr unter. Fragen Sie im Zweifel bei Ihrem Campingplatzbetreiber nach, ob die H\u00fctte im Winter stehen bleiben darf. Falls das nicht erlaubt ist, planen Sie die Aufbewahrung in einem Ger\u00e4tezelt. Das bauen Sie im Winter ebenso ab, wie Wohnwagen und Vorzelt. W\u00e4hrend Ihres Aufenthalts ist es allerdings ein wahrer Segen f\u00fcr den schnell aufger\u00e4umten Wohnwagenstellplatz und eine gepflegte Anlage. Wer ganzj\u00e4hrig stehen bleiben kann, \u00fcberlegt f\u00fcr die H\u00fctte einen tragf\u00e4higen und trockenen Untergrund mit Bodenplatten.<\/p>\n<h2>Es geh\u00f6rt mehr zum perfekten Wohnwagenstellplatz &#8230;<\/h2>\n<p style=\"text-align: justify;\">Den Wohnwagenstellplatz zu planen, ber\u00fchrt mehr Fragen als die nach Ausrichtung und Einrichtung von Wohnwagen und Vorzelt. Auf Pl\u00e4tzen mit Wasseranschluss verlegen Sie die Leitung bis an den Caravan oder ins Zelt. Manche Campingpl\u00e4tze sind mit Kanalisation ausgestattet. Hier richten Sie sogar Ihr eigenes Bad ein. Vermutlich werden Sie Wunsch nach einem gr\u00f6sseren K\u00fchlschrank f\u00fcr die Campingk\u00fcche entwickeln. Dann muss <a href=\"https:\/\/www.schlanser.ch\/elektro\/\">Strom in den Wohnwagen<\/a> und vielleicht m\u00f6chten Sie noch TV einrichten \u00fcber eine Sat-Anlage. Insgesamt ist es mit Camping-Zubeh\u00f6r m\u00f6glich, sich dauerhaft im Wohnwagen einzurichten. Probieren Sie es gern aus!<\/p>\n","protected":false},"excerpt":{"rendered":"<p>\u00ab vom Vorzelt bis zur Schutz\u00fcberdachung perfekt \u00bb Die Grundausstattung beim Caravaning beginnt mit Wohnwagen und Vorzelt. Neulinge unternehmen wahrscheinlich Ausfahrten, um das neue Lebensgef\u00fchl Wohnwagen kennenzulernen &#8211; und dessen Anforderungen. Bedauerlich sind die Zeiten, in denen der Camper in der Scheune steht. Vielleicht fallen sogar Kosten an. Warum den Wohnwagen nicht auch am Wochenende &hellip;<\/p>\n","protected":false},"author":1,"featured_media":7074,"comment_status":"closed","ping_status":"open","sticky":false,"template":"","format":"standard","meta":{"footnotes":""},"categories":[1],"tags":[201,890,34,953,297,952,951,950],"yoast_head":"<!-- This site is optimized with the Yoast SEO plugin v22.2 - https:\/\/yoast.com\/wordpress\/plugins\/seo\/ -->\n<title>Wohnwagenstellplatz planen und einrichten - Schlanser Magazin<\/title>\n<meta name=\"description\" content=\"Das Schlanser Magazin plant mit Ihnen den Stellplatz oder Dauerstellplatz f\u00fcr die kommende Saison! \u2013 Was zum Aufbau geh\u00f6rt \u2714 Wie Profis planen \u2714\" \/>\n<meta name=\"robots\" content=\"index, follow, max-snippet:-1, max-image-preview:large, max-video-preview:-1\" \/>\n<link rel=\"canonical\" href=\"https:\/\/www.schlanser.ch\/magazin\/wohnwagenstellplatz-planen-und-einrichten\/\" \/>\n<meta property=\"og:locale\" content=\"de_DE\" \/>\n<meta property=\"og:type\" content=\"article\" \/>\n<meta property=\"og:title\" content=\"Wohnwagenstellplatz planen und einrichten - Schlanser Magazin\" \/>\n<meta property=\"og:description\" content=\"Das Schlanser Magazin plant mit Ihnen den Stellplatz oder Dauerstellplatz f\u00fcr die kommende Saison! \u2013 Was zum Aufbau geh\u00f6rt \u2714 Wie Profis planen \u2714\" \/>\n<meta property=\"og:url\" content=\"https:\/\/www.schlanser.ch\/magazin\/wohnwagenstellplatz-planen-und-einrichten\/\" \/>\n<meta property=\"og:site_name\" content=\"Schlanser Magazin\" \/>\n<meta property=\"article:published_time\" content=\"2019-07-01T10:59:03+00:00\" \/>\n<meta property=\"article:modified_time\" content=\"2024-01-10T13:53:21+00:00\" \/>\n<meta property=\"og:image\" content=\"https:\/\/www.schlanser.ch\/magazin\/wp-content\/uploads\/2019\/07\/Wohnwagenstellplatz.jpg\" \/>\n\t<meta property=\"og:image:width\" content=\"660\" \/>\n\t<meta property=\"og:image:height\" content=\"338\" \/>\n\t<meta property=\"og:image:type\" content=\"image\/jpeg\" \/>\n<meta name=\"author\" content=\"admin\" \/>\n<meta name=\"twitter:card\" content=\"summary_large_image\" \/>\n<meta name=\"twitter:label1\" content=\"Verfasst von\" \/>\n\t<meta name=\"twitter:data1\" content=\"admin\" \/>\n\t<meta name=\"twitter:label2\" content=\"Gesch\u00e4tzte Lesezeit\" \/>\n\t<meta name=\"twitter:data2\" content=\"6 Minuten\" \/>\n<script type=\"application\/ld+json\" class=\"yoast-schema-graph\">{\"@context\":\"https:\/\/schema.org\",\"@graph\":[{\"@type\":\"WebPage\",\"@id\":\"https:\/\/www.schlanser.ch\/magazin\/wohnwagenstellplatz-planen-und-einrichten\/\",\"url\":\"https:\/\/www.schlanser.ch\/magazin\/wohnwagenstellplatz-planen-und-einrichten\/\",\"name\":\"Wohnwagenstellplatz planen und einrichten - Schlanser Magazin\",\"isPartOf\":{\"@id\":\"https:\/\/www.schlanser.ch\/magazin\/#website\"},\"primaryImageOfPage\":{\"@id\":\"https:\/\/www.schlanser.ch\/magazin\/wohnwagenstellplatz-planen-und-einrichten\/#primaryimage\"},\"image\":{\"@id\":\"https:\/\/www.schlanser.ch\/magazin\/wohnwagenstellplatz-planen-und-einrichten\/#primaryimage\"},\"thumbnailUrl\":\"https:\/\/www.schlanser.ch\/magazin\/wp-content\/uploads\/2019\/07\/Wohnwagenstellplatz.jpg\",\"datePublished\":\"2019-07-01T10:59:03+00:00\",\"dateModified\":\"2024-01-10T13:53:21+00:00\",\"author\":{\"@id\":\"https:\/\/www.schlanser.ch\/magazin\/#\/schema\/person\/000db0a103eb2594ba3daf394b1dfea2\"},\"description\":\"Das Schlanser Magazin plant mit Ihnen den Stellplatz oder Dauerstellplatz f\u00fcr die kommende Saison! \u2013 Was zum Aufbau geh\u00f6rt \u2714 Wie Profis planen \u2714\",\"breadcrumb\":{\"@id\":\"https:\/\/www.schlanser.ch\/magazin\/wohnwagenstellplatz-planen-und-einrichten\/#breadcrumb\"},\"inLanguage\":\"de-DE\",\"potentialAction\":[{\"@type\":\"ReadAction\",\"target\":[\"https:\/\/www.schlanser.ch\/magazin\/wohnwagenstellplatz-planen-und-einrichten\/\"]}]},{\"@type\":\"ImageObject\",\"inLanguage\":\"de-DE\",\"@id\":\"https:\/\/www.schlanser.ch\/magazin\/wohnwagenstellplatz-planen-und-einrichten\/#primaryimage\",\"url\":\"https:\/\/www.schlanser.ch\/magazin\/wp-content\/uploads\/2019\/07\/Wohnwagenstellplatz.jpg\",\"contentUrl\":\"https:\/\/www.schlanser.ch\/magazin\/wp-content\/uploads\/2019\/07\/Wohnwagenstellplatz.jpg\",\"width\":660,\"height\":338,\"caption\":\"\u00a9 familie-eisenlohr.de - stock.adobe.com\"},{\"@type\":\"BreadcrumbList\",\"@id\":\"https:\/\/www.schlanser.ch\/magazin\/wohnwagenstellplatz-planen-und-einrichten\/#breadcrumb\",\"itemListElement\":[{\"@type\":\"ListItem\",\"position\":1,\"name\":\"Startseite\",\"item\":\"https:\/\/www.schlanser.ch\/magazin\/\"},{\"@type\":\"ListItem\",\"position\":2,\"name\":\"Wohnwagenstellplatz planen und einrichten\"}]},{\"@type\":\"WebSite\",\"@id\":\"https:\/\/www.schlanser.ch\/magazin\/#website\",\"url\":\"https:\/\/www.schlanser.ch\/magazin\/\",\"name\":\"Schlanser Magazin\",\"description\":\"\",\"potentialAction\":[{\"@type\":\"SearchAction\",\"target\":{\"@type\":\"EntryPoint\",\"urlTemplate\":\"https:\/\/www.schlanser.ch\/magazin\/?s={search_term_string}\"},\"query-input\":\"required name=search_term_string\"}],\"inLanguage\":\"de-DE\"},{\"@type\":\"Person\",\"@id\":\"https:\/\/www.schlanser.ch\/magazin\/#\/schema\/person\/000db0a103eb2594ba3daf394b1dfea2\",\"name\":\"admin\",\"image\":{\"@type\":\"ImageObject\",\"inLanguage\":\"de-DE\",\"@id\":\"https:\/\/www.schlanser.ch\/magazin\/#\/schema\/person\/image\/\",\"url\":\"https:\/\/secure.gravatar.com\/avatar\/a794a4fe8a9b9c52241597eb381dfa2e?s=96&d=mm&r=g\",\"contentUrl\":\"https:\/\/secure.gravatar.com\/avatar\/a794a4fe8a9b9c52241597eb381dfa2e?s=96&d=mm&r=g\",\"caption\":\"admin\"}}]}<\/script>\n<!-- \/ Yoast SEO plugin. -->","yoast_head_json":{"title":"Wohnwagenstellplatz planen und einrichten - Schlanser Magazin","description":"Das Schlanser Magazin plant mit Ihnen den Stellplatz oder Dauerstellplatz f\u00fcr die kommende Saison! \u2013 Was zum Aufbau geh\u00f6rt \u2714 Wie Profis planen \u2714","robots":{"index":"index","follow":"follow","max-snippet":"max-snippet:-1","max-image-preview":"max-image-preview:large","max-video-preview":"max-video-preview:-1"},"canonical":"https:\/\/www.schlanser.ch\/magazin\/wohnwagenstellplatz-planen-und-einrichten\/","og_locale":"de_DE","og_type":"article","og_title":"Wohnwagenstellplatz planen und einrichten - Schlanser Magazin","og_description":"Das Schlanser Magazin plant mit Ihnen den Stellplatz oder Dauerstellplatz f\u00fcr die kommende Saison! \u2013 Was zum Aufbau geh\u00f6rt \u2714 Wie Profis planen \u2714","og_url":"https:\/\/www.schlanser.ch\/magazin\/wohnwagenstellplatz-planen-und-einrichten\/","og_site_name":"Schlanser Magazin","article_published_time":"2019-07-01T10:59:03+00:00","article_modified_time":"2024-01-10T13:53:21+00:00","og_image":[{"width":660,"height":338,"url":"https:\/\/www.schlanser.ch\/magazin\/wp-content\/uploads\/2019\/07\/Wohnwagenstellplatz.jpg","type":"image\/jpeg"}],"author":"admin","twitter_card":"summary_large_image","twitter_misc":{"Verfasst von":"admin","Gesch\u00e4tzte Lesezeit":"6 Minuten"},"schema":{"@context":"https:\/\/schema.org","@graph":[{"@type":"WebPage","@id":"https:\/\/www.schlanser.ch\/magazin\/wohnwagenstellplatz-planen-und-einrichten\/","url":"https:\/\/www.schlanser.ch\/magazin\/wohnwagenstellplatz-planen-und-einrichten\/","name":"Wohnwagenstellplatz planen und einrichten - Schlanser Magazin","isPartOf":{"@id":"https:\/\/www.schlanser.ch\/magazin\/#website"},"primaryImageOfPage":{"@id":"https:\/\/www.schlanser.ch\/magazin\/wohnwagenstellplatz-planen-und-einrichten\/#primaryimage"},"image":{"@id":"https:\/\/www.schlanser.ch\/magazin\/wohnwagenstellplatz-planen-und-einrichten\/#primaryimage"},"thumbnailUrl":"https:\/\/www.schlanser.ch\/magazin\/wp-content\/uploads\/2019\/07\/Wohnwagenstellplatz.jpg","datePublished":"2019-07-01T10:59:03+00:00","dateModified":"2024-01-10T13:53:21+00:00","author":{"@id":"https:\/\/www.schlanser.ch\/magazin\/#\/schema\/person\/000db0a103eb2594ba3daf394b1dfea2"},"description":"Das Schlanser Magazin plant mit Ihnen den Stellplatz oder Dauerstellplatz f\u00fcr die kommende Saison! \u2013 Was zum Aufbau geh\u00f6rt \u2714 Wie Profis planen \u2714","breadcrumb":{"@id":"https:\/\/www.schlanser.ch\/magazin\/wohnwagenstellplatz-planen-und-einrichten\/#breadcrumb"},"inLanguage":"de-DE","potentialAction":[{"@type":"ReadAction","target":["https:\/\/www.schlanser.ch\/magazin\/wohnwagenstellplatz-planen-und-einrichten\/"]}]},{"@type":"ImageObject","inLanguage":"de-DE","@id":"https:\/\/www.schlanser.ch\/magazin\/wohnwagenstellplatz-planen-und-einrichten\/#primaryimage","url":"https:\/\/www.schlanser.ch\/magazin\/wp-content\/uploads\/2019\/07\/Wohnwagenstellplatz.jpg","contentUrl":"https:\/\/www.schlanser.ch\/magazin\/wp-content\/uploads\/2019\/07\/Wohnwagenstellplatz.jpg","width":660,"height":338,"caption":"\u00a9 familie-eisenlohr.de - stock.adobe.com"},{"@type":"BreadcrumbList","@id":"https:\/\/www.schlanser.ch\/magazin\/wohnwagenstellplatz-planen-und-einrichten\/#breadcrumb","itemListElement":[{"@type":"ListItem","position":1,"name":"Startseite","item":"https:\/\/www.schlanser.ch\/magazin\/"},{"@type":"ListItem","position":2,"name":"Wohnwagenstellplatz planen und einrichten"}]},{"@type":"WebSite","@id":"https:\/\/www.schlanser.ch\/magazin\/#website","url":"https:\/\/www.schlanser.ch\/magazin\/","name":"Schlanser Magazin","description":"","potentialAction":[{"@type":"SearchAction","target":{"@type":"EntryPoint","urlTemplate":"https:\/\/www.schlanser.ch\/magazin\/?s={search_term_string}"},"query-input":"required name=search_term_string"}],"inLanguage":"de-DE"},{"@type":"Person","@id":"https:\/\/www.schlanser.ch\/magazin\/#\/schema\/person\/000db0a103eb2594ba3daf394b1dfea2","name":"admin","image":{"@type":"ImageObject","inLanguage":"de-DE","@id":"https:\/\/www.schlanser.ch\/magazin\/#\/schema\/person\/image\/","url":"https:\/\/secure.gravatar.com\/avatar\/a794a4fe8a9b9c52241597eb381dfa2e?s=96&d=mm&r=g","contentUrl":"https:\/\/secure.gravatar.com\/avatar\/a794a4fe8a9b9c52241597eb381dfa2e?s=96&d=mm&r=g","caption":"admin"}}]}},"_links":{"self":[{"href":"https:\/\/www.schlanser.ch\/magazin\/wp-json\/wp\/v2\/posts\/7072"}],"collection":[{"href":"https:\/\/www.schlanser.ch\/magazin\/wp-json\/wp\/v2\/posts"}],"about":[{"href":"https:\/\/www.schlanser.ch\/magazin\/wp-json\/wp\/v2\/types\/post"}],"author":[{"embeddable":true,"href":"https:\/\/www.schlanser.ch\/magazin\/wp-json\/wp\/v2\/users\/1"}],"replies":[{"embeddable":true,"href":"https:\/\/www.schlanser.ch\/magazin\/wp-json\/wp\/v2\/comments?post=7072"}],"version-history":[{"count":17,"href":"https:\/\/www.schlanser.ch\/magazin\/wp-json\/wp\/v2\/posts\/7072\/revisions"}],"predecessor-version":[{"id":17152,"href":"https:\/\/www.schlanser.ch\/magazin\/wp-json\/wp\/v2\/posts\/7072\/revisions\/17152"}],"wp:featuredmedia":[{"embeddable":true,"href":"https:\/\/www.schlanser.ch\/magazin\/wp-json\/wp\/v2\/media\/7074"}],"wp:attachment":[{"href":"https:\/\/www.schlanser.ch\/magazin\/wp-json\/wp\/v2\/media?parent=7072"}],"wp:term":[{"taxonomy":"category","embeddable":true,"href":"https:\/\/www.schlanser.ch\/magazin\/wp-json\/wp\/v2\/categories?post=7072"},{"taxonomy":"post_tag","embeddable":true,"href":"https:\/\/www.schlanser.ch\/magazin\/wp-json\/wp\/v2\/tags?post=7072"}],"curies":[{"name":"wp","href":"https:\/\/api.w.org\/{rel}","templated":true}]}}