{"id":7115,"date":"2019-07-04T14:13:08","date_gmt":"2019-07-04T12:13:08","guid":{"rendered":"https:\/\/www.schlanser.ch\/magazin\/?p=7115"},"modified":"2022-04-25T15:23:27","modified_gmt":"2022-04-25T13:23:27","slug":"vorzelt-innenhimmel","status":"publish","type":"post","link":"https:\/\/www.schlanser.ch\/magazin\/vorzelt-innenhimmel\/","title":{"rendered":"Vorzelt Innenhimmel"},"content":{"rendered":"<h2>\u00ab Nutzen und Montage leicht erkl\u00e4rt \u00bb<\/h2>\n<p style=\"text-align: justify;\"><strong>Vielleicht haben Sie es schon einmal erlebt, dass Sie gem\u00fctlich beim Fr\u00fchst\u00fcck im <\/strong><a href=\"https:\/\/www.schlanser.ch\/zelte\/vorzelte\/\"><strong>Vorzelt<\/strong><\/a><strong> sitzen und pl\u00f6tzlich ein dicker Wassertropfen auf Ihrem Kopf landet. Das ist wirklich unangenehm. Allerdings liegt die Ursache selten darin, dass in der Decke ein Loch ist. In der Regel ist die Ursache Kondenswasser, das sich \u00fcber Nacht an der Zeltdecke niedergeschlagen hat. Wie Ihnen ein <\/strong><a href=\"https:\/\/www.schlanser.ch\/zelte\/vorzelte\/wohnwagenvorzelte\/\"><strong>Vorzelt Innenhimmel<\/strong><\/a><strong> in dieser Situation helfen kann und welche anderen Vorz\u00fcge ein Zelthimmel hat, erkl\u00e4ren wir Ihnen hier. <\/strong><\/p>\n<h2>Der Innenhimmel als Klimasch\u00fctzer<\/h2>\n<p style=\"text-align: justify;\">Das mag jetzt etwas missverst\u00e4ndlich klingen. Sicherlich sch\u00fctzt ein zus\u00e4tzliches Tuch nicht das Weltklima. Es geht vielmehr darum, dass es mehr Stabilit\u00e4t in das Klima in Ihrem Zelt bringt. Diese Aufgabe erf\u00fcllt der Vorzelt Innenhimmel auf verschiedene Weisen. Zum einen bietet er eine zus\u00e4tzliche Isolation an der Decke nach aussen. Daf\u00fcr ist in erster Linie die Luftschicht zwischen Zelthimmel und Zeltdecke verantwortlich.<\/p>\n<p><img loading=\"lazy\" decoding=\"async\" class=\"aligncenter wp-image-7126 size-full\" title=\"DWT Innenhimmel f\u00fcr Space Air HQ 375 | verbessert das Raumklima im Vorzelt | sinkt die Innenraumtemperatur\" src=\"https:\/\/www.schlanser.ch\/magazin\/wp-content\/uploads\/2019\/08\/dwt-innenhimmel-fuer-space-air-hq-375.jpg\" alt=\"dwt-innenhimmel-fuer-space-air-hq-375\" width=\"600\" height=\"375\" srcset=\"https:\/\/www.schlanser.ch\/magazin\/wp-content\/uploads\/2019\/08\/dwt-innenhimmel-fuer-space-air-hq-375.jpg 600w, https:\/\/www.schlanser.ch\/magazin\/wp-content\/uploads\/2019\/08\/dwt-innenhimmel-fuer-space-air-hq-375-300x188.jpg 300w\" sizes=\"(max-width: 600px) 100vw, 600px\" \/><\/p>\n<p style=\"text-align: justify;\">Das Material des Innenhimmels selbst ist nur von zweitrangiger Bedeutung. Die zus\u00e4tzliche Isolationsschicht reguliert die Temperaturschwankungen im Zelt. Knallt draussen die Sonne auf das Dach, erreicht weniger W\u00e4rme das Innere des Vorzelts. Ist es draussen k\u00fchl, so geht weniger W\u00e4rme \u00fcber die Vorzeltdecke verloren. Daher werden Zelthimmel besonders gerne in sonnigen, heissen Regionen, aber auch zum Campen in der Nebensaison verwendet. Gerade in k\u00fchleren Regionen und in den k\u00e4lteren Jahreszeiten macht sich der Unterschied deutlich bemerkbar.<\/p>\n<h2>Mehrfachschutz vor Kondenswasser<\/h2>\n<p style=\"text-align: justify;\">Zum anderen bietet der Innenhimmel den bereits erw\u00e4hnten Schutz gegen Kondenswasser. Dies tut er einerseits dadurch, dass er die Temperatur im Innenraum konstanter h\u00e4lt. Weniger Temperaturschwankungen bedeuten auch weniger Kondenswasserbildung. Ausserdem ist die Feuchtigkeit in der Isolationsschicht im Durchschnitt geringer als in dem Raum unter dem Zelthimmel. Wo weniger Luftfeuchtigkeit ist, kann auch nur wenig kondensieren.<\/p>\n<blockquote>\n<p style=\"text-align: justify;\">Wichtig ist ausserdem, dass der Zelthimmel selbst Feuchtigkeit dann aufnimmt, wenn sie anf\u00e4llt und sp\u00e4ter wieder langsam abgibt. Zudem bietet er auch einen rein physischen Schutz gegen herabfallende Tropfen.<\/p>\n<\/blockquote>\n<h2>Wie entsteht Kondenswasser?<\/h2>\n<p style=\"text-align: justify;\">Wie genau entsteht Kondenswasser \u00fcberhaupt? Falls Sie sich das schon einmal gefragt haben, finden Sie hier eine kurze und verst\u00e4ndliche Erkl\u00e4rung. Das Grundproblem ist die schwankende Kapazit\u00e4t der Luft Wasser aufzunehmen. So kann warme Luft deutlich mehr Feuchtigkeit speichern als kalte Luft. Gerade beim Campen sind die Temperaturschwankungen deutlich zu sp\u00fcren. So kann es tags\u00fcber im Vorzelt warm bis heiss sein, w\u00e4hrend nachts recht frische Temperaturen herrschen. Wenn die Luft \u00fcber Nacht abk\u00fchlt, f\u00e4llt die Feuchtigkeit aus der Luft aus und l\u00e4sst sich als Kondenswasser auf Gegenst\u00e4nden im Zelt nieder. Auf dem Esstisch steht eine kleine Pf\u00fctze und die vormals trockenen Handt\u00fccher sind alle wieder feucht.<\/p>\n<figure id=\"attachment_7133\" aria-describedby=\"caption-attachment-7133\" style=\"width: 600px\" class=\"wp-caption aligncenter\"><img loading=\"lazy\" decoding=\"async\" class=\"wp-image-7133 size-full\" title=\"Regnerischer Tag in einem Caravan\" src=\"https:\/\/www.schlanser.ch\/magazin\/wp-content\/uploads\/2019\/08\/regnerischer-tag-caravan.jpg\" alt=\"regnerischer-tag-caravan\" width=\"600\" height=\"400\" srcset=\"https:\/\/www.schlanser.ch\/magazin\/wp-content\/uploads\/2019\/08\/regnerischer-tag-caravan.jpg 600w, https:\/\/www.schlanser.ch\/magazin\/wp-content\/uploads\/2019\/08\/regnerischer-tag-caravan-300x200.jpg 300w\" sizes=\"(max-width: 600px) 100vw, 600px\" \/><figcaption id=\"caption-attachment-7133\" class=\"wp-caption-text\">\u00a9 rades \u2013 stock.adobe.com<\/figcaption><\/figure>\n<p style=\"text-align: justify;\">Manch einer glaubt anfangs vielleicht, dass sein Zelt undicht sei. Doch kommt das ganze Wasser tats\u00e4chlich alleine aus der Luft ins Zelt. An der Decke ist die Kondensation \u00fcbrigens deutlich zu sehen. Das liegt daran, dass w\u00e4rmere Luft immer aufsteigt. An der Decke trifft sie auf die niedrige Temperatur, die ausserhalb des Zelts herrscht, k\u00fchlt sich ab, kondensiert dabei und f\u00e4llt wieder hinunter. So gleicht manches Zelt morgens regelrecht einer Tropfsteinh\u00f6hle. W\u00e4re das Zelt aus einem saugf\u00e4higen Baumwollstoff, w\u00fcrden keine Tropfen von der Decke h\u00e4ngen. Dann w\u00e4re die Decke durchweicht. Bei modernen Materialien wie Polyester mit PVC-Beschichtung funktioniert das allerdings nicht. Hier bleibt das Wasser auf der Oberfl\u00e4che und tropft oder l\u00e4uft dann ab.<\/p>\n<h2>Massnahmen gegen Kondenswasserbildung<\/h2>\n<p style=\"text-align: justify;\">Wie viel Kondenswasser sich bildet, h\u00e4ngt einerseits von der Luftfeuchtigkeit ab und andererseits vom maximalen Temperaturunterschied. Es bildet sich also mehr Kondenswasser, wenn abends noch eine <a href=\"https:\/\/www.schlanser.ch\/fahrzeug\/heizen-kuehlen\/campingheizung-heizstrahler\/\">Heizung im Vorzelt<\/a> l\u00e4uft. Sitzen viele Menschen im geschlossenen Zelt oder liegen nasse Klamotten herum, steigt die Luftfeuchtigkeit an. Es ist daher hilfreich, nasse Sachen draussen zu trocknen. Morgendliches und abendliches L\u00fcften, wenn es draussen k\u00fchler ist, reduziert ebenfalls das n\u00e4chtliche Kondenswasser. Die meisten Vorzelte sind mit L\u00fcftungsklappen versehen, die dauerhaft ge\u00f6ffnet bleiben k\u00f6nnen. Viele davon sind in Deckenn\u00e4he angebracht. Eine dauerhafte Luftzirkulation ist das beste Mittel gegen eine Tropfsteinh\u00f6hle. Hilfreich ist es ausserdem, weder im Zelt zu kochen noch eine Zeltheizung zu benutzen.<\/p>\n<p><img loading=\"lazy\" decoding=\"async\" class=\"aligncenter wp-image-7120 size-full\" title=\"Outwell Innenhimmel | ma\u00dfgeschneidert f\u00fcr Tide 440SA | Schutz vor Kondenswasserbildung\" src=\"https:\/\/www.schlanser.ch\/magazin\/wp-content\/uploads\/2019\/08\/outwell-innenhimmel-tide-440sa.jpg\" alt=\"outwell-innenhimmel-tide-440sa\" width=\"600\" height=\"375\" srcset=\"https:\/\/www.schlanser.ch\/magazin\/wp-content\/uploads\/2019\/08\/outwell-innenhimmel-tide-440sa.jpg 600w, https:\/\/www.schlanser.ch\/magazin\/wp-content\/uploads\/2019\/08\/outwell-innenhimmel-tide-440sa-300x188.jpg 300w\" sizes=\"(max-width: 600px) 100vw, 600px\" \/><\/p>\n<p style=\"text-align: justify;\">Wie bereits erw\u00e4hnt, ist ein Zelthimmel stets eine geeignete Massnahme gegen Kondenswasser. Modelle wie das Roof Lining Ripple 440SA von Outwell d\u00e4mmen die Temperaturschwankungen im Zelt und bilden eine sch\u00fctzende Schicht zur eigentlichen Zeltdecke. Das Roof Lining Ripple 440SA wird passgenau f\u00fcr das Vorzelt Ripple 440SA angefertigt. So schliesst es b\u00fcndig mit dem aufblasbaren Gest\u00e4nge und den Aussenw\u00e4nden ab. Das garantiert eine effektive Isolationsschicht zwischen Vorzelt Innenhimmel und Decke.<\/p>\n<h2>Gem\u00fctlichkeit und Pflege<\/h2>\n<p style=\"text-align: justify;\">Manche Camper entscheiden sich aus \u00e4sthetischen Gr\u00fcnden f\u00fcr einen Vorzelt Innenhimmel. Sie finden ihn h\u00fcbscher als das eigentliche Dach. Die Atmosph\u00e4re wirkt durch die zus\u00e4tzlich eingezogene Decke insgesamt gem\u00fctlicher. Je nach Modell und Farbwahl ver\u00e4ndert es die Ausstrahlung des Innenraums auf unterschiedliche Weise. Doch muss auch ein Innenhimmel angemessen gepflegt werden. Regelm\u00e4ssiges L\u00fcften, sodass der Himmel trocknen kann, ist Pflicht. Andernfalls k\u00f6nnen sich Stockflecken und Schimmel bilden. Nach dem Abbau ist eine sanfte Reinigung mit einem feuchten Tuch angebracht. Gerade auf der Oberseite sammelt sich schnell der Dreck von Fliegen und anderen Insekten.<\/p>\n<p><img loading=\"lazy\" decoding=\"async\" class=\"aligncenter wp-image-7136 size-full\" title=\"Brand Reisevorzelt Safir TL | neue Farbgebung | Vorderwand herausnehm- und austauschbar\" src=\"https:\/\/www.schlanser.ch\/magazin\/wp-content\/uploads\/2019\/08\/brand-reisevorzelt-safir-tl.jpg\" alt=\"brand-reisevorzelt-safir-tl\" width=\"600\" height=\"375\" srcset=\"https:\/\/www.schlanser.ch\/magazin\/wp-content\/uploads\/2019\/08\/brand-reisevorzelt-safir-tl.jpg 600w, https:\/\/www.schlanser.ch\/magazin\/wp-content\/uploads\/2019\/08\/brand-reisevorzelt-safir-tl-300x188.jpg 300w\" sizes=\"(max-width: 600px) 100vw, 600px\" \/><\/p>\n<p style=\"text-align: justify;\">Grunds\u00e4tzlich bringen Sie den Innenhimmel als Letztes an, wenn das gesamte Vorzelt steht. Ebenso nehmen Sie ihn auch als Erstes ab, ehe Sie das \u00fcbrige Zelt abbauen. Je nach Hersteller und System gibt es verschiedene Befestigungsmethoden. Meist ist die Zeltdecke oder das Gest\u00e4nge bereits mit Laschen oder Haken ausgestattet, an denen der passende Innenhimmel einfach eingeh\u00e4ngt werden kann. Sollte der Vorzelt Innenhimmel nach dem Abnehmen noch feucht sein, lassen Sie ihn vor dem Einpacken unbedingt trocknen.<\/p>\n<h2>Gekauft oder selbst gemacht?<\/h2>\n<p style=\"text-align: justify;\">Outwell, dwt und Konsorten bieten passende Innenhimmel f\u00fcr fast alle Vorzeltmodelle an. Bei den aufblasbaren Varianten wie dem Ripple 440SA von Outwell finden Sie direkt am Gest\u00e4nge \u00d6sen, in die sie den Himmel einh\u00e4ngen k\u00f6nnen. Orientieren Sie sich vorher, wo beim Innenhimmel vorne und hinten, unten und oben ist. Dann ist das Aufh\u00e4ngen mit wenigen Handgriffen erledigt. Mit rund 600 Gramm Eigengewicht ist es kaum eine zus\u00e4tzliche Last f\u00fcr das Gest\u00e4nge. H\u00e4ngende Laternen k\u00f6nnen Sie auch mit Vorzelt Innenhimmel weiterhin aufh\u00e4ngen.<\/p>\n<blockquote>\n<p style=\"text-align: justify;\">Manche Camper machen sich die M\u00fche, einen Zelthimmel selbst anzufertigen. Oft halten daf\u00fcr alte Bettlaken her.<\/p>\n<\/blockquote>\n<p style=\"text-align: justify;\">Es bedarf allerdings einiger N\u00e4hk\u00fcnste und technischen Verst\u00e4ndnis, ein exakt passendes Modell selbst zu schneidern. \u00dcber die Passform hinaus stellt sich dann auch die Frage der Anbringung. Benutzen Sie Naturfasern, m\u00fcssen Sie das deutlich h\u00f6here Gewicht des Zelthimmels im nassen Zustand ber\u00fccksichtigen. Es werden wom\u00f6glich zus\u00e4tzlich mittig mehrere Aufh\u00e4ngepunkte ben\u00f6tigt. Alles in allem k\u00f6nnen Innenhimmel zu einem deutlich angenehmeren Klima beitragen. Gerade in extremen Wetterlagen liegen die Vorteile auf der Hand. Ob Sie sich f\u00fcr ein Standardmodell von Outwell und anderen Herstellern oder f\u00fcr eine selbst gemachte Variante entscheiden, h\u00e4ngt ganz von Ihren Vorlieben ab.<\/p>\n","protected":false},"excerpt":{"rendered":"<p>\u00ab Nutzen und Montage leicht erkl\u00e4rt \u00bb Vielleicht haben Sie es schon einmal erlebt, dass Sie gem\u00fctlich beim Fr\u00fchst\u00fcck im Vorzelt sitzen und pl\u00f6tzlich ein dicker Wassertropfen auf Ihrem Kopf landet. Das ist wirklich unangenehm. Allerdings liegt die Ursache selten darin, dass in der Decke ein Loch ist. In der Regel ist die Ursache Kondenswasser, &hellip;<\/p>\n","protected":false},"author":1,"featured_media":7140,"comment_status":"closed","ping_status":"open","sticky":false,"template":"","format":"standard","meta":{"footnotes":""},"categories":[1],"tags":[47,20,958,56,375,377,28],"yoast_head":"<!-- This site is optimized with the Yoast SEO plugin v22.2 - https:\/\/yoast.com\/wordpress\/plugins\/seo\/ -->\n<title>Vorzelt Innenhimmel - Schlanser Magazin<\/title>\n<meta name=\"description\" content=\"Gem\u00fctlich ist ein Innenhimmel f\u00fcr das Vorzelt, doch auch praktischen Nutzen hat er! \u2013 Das Schlanser Camping Magazin erkl\u00e4rt, wie &amp; welche \u2714\" \/>\n<meta name=\"robots\" content=\"index, follow, max-snippet:-1, max-image-preview:large, max-video-preview:-1\" \/>\n<link rel=\"canonical\" href=\"https:\/\/www.schlanser.ch\/magazin\/vorzelt-innenhimmel\/\" \/>\n<meta property=\"og:locale\" content=\"de_DE\" \/>\n<meta property=\"og:type\" content=\"article\" \/>\n<meta property=\"og:title\" content=\"Vorzelt Innenhimmel - Schlanser Magazin\" \/>\n<meta property=\"og:description\" content=\"Gem\u00fctlich ist ein Innenhimmel f\u00fcr das Vorzelt, doch auch praktischen Nutzen hat er! \u2013 Das Schlanser Camping Magazin erkl\u00e4rt, wie &amp; welche \u2714\" \/>\n<meta property=\"og:url\" content=\"https:\/\/www.schlanser.ch\/magazin\/vorzelt-innenhimmel\/\" \/>\n<meta property=\"og:site_name\" content=\"Schlanser Magazin\" \/>\n<meta property=\"article:published_time\" content=\"2019-07-04T12:13:08+00:00\" \/>\n<meta property=\"article:modified_time\" content=\"2022-04-25T13:23:27+00:00\" \/>\n<meta property=\"og:image\" content=\"https:\/\/www.schlanser.ch\/magazin\/wp-content\/uploads\/2019\/08\/vorzelt-innenhimmel.jpg\" \/>\n\t<meta property=\"og:image:width\" content=\"800\" \/>\n\t<meta property=\"og:image:height\" content=\"534\" \/>\n\t<meta property=\"og:image:type\" content=\"image\/jpeg\" \/>\n<meta name=\"author\" content=\"admin\" \/>\n<meta name=\"twitter:card\" content=\"summary_large_image\" \/>\n<meta name=\"twitter:label1\" content=\"Verfasst von\" \/>\n\t<meta name=\"twitter:data1\" content=\"admin\" \/>\n\t<meta name=\"twitter:label2\" content=\"Gesch\u00e4tzte Lesezeit\" \/>\n\t<meta name=\"twitter:data2\" content=\"6 Minuten\" \/>\n<script type=\"application\/ld+json\" class=\"yoast-schema-graph\">{\"@context\":\"https:\/\/schema.org\",\"@graph\":[{\"@type\":\"WebPage\",\"@id\":\"https:\/\/www.schlanser.ch\/magazin\/vorzelt-innenhimmel\/\",\"url\":\"https:\/\/www.schlanser.ch\/magazin\/vorzelt-innenhimmel\/\",\"name\":\"Vorzelt Innenhimmel - Schlanser Magazin\",\"isPartOf\":{\"@id\":\"https:\/\/www.schlanser.ch\/magazin\/#website\"},\"primaryImageOfPage\":{\"@id\":\"https:\/\/www.schlanser.ch\/magazin\/vorzelt-innenhimmel\/#primaryimage\"},\"image\":{\"@id\":\"https:\/\/www.schlanser.ch\/magazin\/vorzelt-innenhimmel\/#primaryimage\"},\"thumbnailUrl\":\"https:\/\/www.schlanser.ch\/magazin\/wp-content\/uploads\/2019\/08\/vorzelt-innenhimmel.jpg\",\"datePublished\":\"2019-07-04T12:13:08+00:00\",\"dateModified\":\"2022-04-25T13:23:27+00:00\",\"author\":{\"@id\":\"https:\/\/www.schlanser.ch\/magazin\/#\/schema\/person\/000db0a103eb2594ba3daf394b1dfea2\"},\"description\":\"Gem\u00fctlich ist ein Innenhimmel f\u00fcr das Vorzelt, doch auch praktischen Nutzen hat er! \u2013 Das Schlanser Camping Magazin erkl\u00e4rt, wie & welche \u2714\",\"breadcrumb\":{\"@id\":\"https:\/\/www.schlanser.ch\/magazin\/vorzelt-innenhimmel\/#breadcrumb\"},\"inLanguage\":\"de-DE\",\"potentialAction\":[{\"@type\":\"ReadAction\",\"target\":[\"https:\/\/www.schlanser.ch\/magazin\/vorzelt-innenhimmel\/\"]}]},{\"@type\":\"ImageObject\",\"inLanguage\":\"de-DE\",\"@id\":\"https:\/\/www.schlanser.ch\/magazin\/vorzelt-innenhimmel\/#primaryimage\",\"url\":\"https:\/\/www.schlanser.ch\/magazin\/wp-content\/uploads\/2019\/08\/vorzelt-innenhimmel.jpg\",\"contentUrl\":\"https:\/\/www.schlanser.ch\/magazin\/wp-content\/uploads\/2019\/08\/vorzelt-innenhimmel.jpg\",\"width\":800,\"height\":534,\"caption\":\"\u00a9 Janni \u2013 stock.adobe.com\"},{\"@type\":\"BreadcrumbList\",\"@id\":\"https:\/\/www.schlanser.ch\/magazin\/vorzelt-innenhimmel\/#breadcrumb\",\"itemListElement\":[{\"@type\":\"ListItem\",\"position\":1,\"name\":\"Startseite\",\"item\":\"https:\/\/www.schlanser.ch\/magazin\/\"},{\"@type\":\"ListItem\",\"position\":2,\"name\":\"Vorzelt Innenhimmel\"}]},{\"@type\":\"WebSite\",\"@id\":\"https:\/\/www.schlanser.ch\/magazin\/#website\",\"url\":\"https:\/\/www.schlanser.ch\/magazin\/\",\"name\":\"Schlanser Magazin\",\"description\":\"\",\"potentialAction\":[{\"@type\":\"SearchAction\",\"target\":{\"@type\":\"EntryPoint\",\"urlTemplate\":\"https:\/\/www.schlanser.ch\/magazin\/?s={search_term_string}\"},\"query-input\":\"required name=search_term_string\"}],\"inLanguage\":\"de-DE\"},{\"@type\":\"Person\",\"@id\":\"https:\/\/www.schlanser.ch\/magazin\/#\/schema\/person\/000db0a103eb2594ba3daf394b1dfea2\",\"name\":\"admin\",\"image\":{\"@type\":\"ImageObject\",\"inLanguage\":\"de-DE\",\"@id\":\"https:\/\/www.schlanser.ch\/magazin\/#\/schema\/person\/image\/\",\"url\":\"https:\/\/secure.gravatar.com\/avatar\/a794a4fe8a9b9c52241597eb381dfa2e?s=96&d=mm&r=g\",\"contentUrl\":\"https:\/\/secure.gravatar.com\/avatar\/a794a4fe8a9b9c52241597eb381dfa2e?s=96&d=mm&r=g\",\"caption\":\"admin\"}}]}<\/script>\n<!-- \/ Yoast SEO plugin. -->","yoast_head_json":{"title":"Vorzelt Innenhimmel - Schlanser Magazin","description":"Gem\u00fctlich ist ein Innenhimmel f\u00fcr das Vorzelt, doch auch praktischen Nutzen hat er! \u2013 Das Schlanser Camping Magazin erkl\u00e4rt, wie & welche \u2714","robots":{"index":"index","follow":"follow","max-snippet":"max-snippet:-1","max-image-preview":"max-image-preview:large","max-video-preview":"max-video-preview:-1"},"canonical":"https:\/\/www.schlanser.ch\/magazin\/vorzelt-innenhimmel\/","og_locale":"de_DE","og_type":"article","og_title":"Vorzelt Innenhimmel - Schlanser Magazin","og_description":"Gem\u00fctlich ist ein Innenhimmel f\u00fcr das Vorzelt, doch auch praktischen Nutzen hat er! \u2013 Das Schlanser Camping Magazin erkl\u00e4rt, wie & welche \u2714","og_url":"https:\/\/www.schlanser.ch\/magazin\/vorzelt-innenhimmel\/","og_site_name":"Schlanser Magazin","article_published_time":"2019-07-04T12:13:08+00:00","article_modified_time":"2022-04-25T13:23:27+00:00","og_image":[{"width":800,"height":534,"url":"https:\/\/www.schlanser.ch\/magazin\/wp-content\/uploads\/2019\/08\/vorzelt-innenhimmel.jpg","type":"image\/jpeg"}],"author":"admin","twitter_card":"summary_large_image","twitter_misc":{"Verfasst von":"admin","Gesch\u00e4tzte Lesezeit":"6 Minuten"},"schema":{"@context":"https:\/\/schema.org","@graph":[{"@type":"WebPage","@id":"https:\/\/www.schlanser.ch\/magazin\/vorzelt-innenhimmel\/","url":"https:\/\/www.schlanser.ch\/magazin\/vorzelt-innenhimmel\/","name":"Vorzelt Innenhimmel - Schlanser Magazin","isPartOf":{"@id":"https:\/\/www.schlanser.ch\/magazin\/#website"},"primaryImageOfPage":{"@id":"https:\/\/www.schlanser.ch\/magazin\/vorzelt-innenhimmel\/#primaryimage"},"image":{"@id":"https:\/\/www.schlanser.ch\/magazin\/vorzelt-innenhimmel\/#primaryimage"},"thumbnailUrl":"https:\/\/www.schlanser.ch\/magazin\/wp-content\/uploads\/2019\/08\/vorzelt-innenhimmel.jpg","datePublished":"2019-07-04T12:13:08+00:00","dateModified":"2022-04-25T13:23:27+00:00","author":{"@id":"https:\/\/www.schlanser.ch\/magazin\/#\/schema\/person\/000db0a103eb2594ba3daf394b1dfea2"},"description":"Gem\u00fctlich ist ein Innenhimmel f\u00fcr das Vorzelt, doch auch praktischen Nutzen hat er! \u2013 Das Schlanser Camping Magazin erkl\u00e4rt, wie & welche \u2714","breadcrumb":{"@id":"https:\/\/www.schlanser.ch\/magazin\/vorzelt-innenhimmel\/#breadcrumb"},"inLanguage":"de-DE","potentialAction":[{"@type":"ReadAction","target":["https:\/\/www.schlanser.ch\/magazin\/vorzelt-innenhimmel\/"]}]},{"@type":"ImageObject","inLanguage":"de-DE","@id":"https:\/\/www.schlanser.ch\/magazin\/vorzelt-innenhimmel\/#primaryimage","url":"https:\/\/www.schlanser.ch\/magazin\/wp-content\/uploads\/2019\/08\/vorzelt-innenhimmel.jpg","contentUrl":"https:\/\/www.schlanser.ch\/magazin\/wp-content\/uploads\/2019\/08\/vorzelt-innenhimmel.jpg","width":800,"height":534,"caption":"\u00a9 Janni \u2013 stock.adobe.com"},{"@type":"BreadcrumbList","@id":"https:\/\/www.schlanser.ch\/magazin\/vorzelt-innenhimmel\/#breadcrumb","itemListElement":[{"@type":"ListItem","position":1,"name":"Startseite","item":"https:\/\/www.schlanser.ch\/magazin\/"},{"@type":"ListItem","position":2,"name":"Vorzelt Innenhimmel"}]},{"@type":"WebSite","@id":"https:\/\/www.schlanser.ch\/magazin\/#website","url":"https:\/\/www.schlanser.ch\/magazin\/","name":"Schlanser Magazin","description":"","potentialAction":[{"@type":"SearchAction","target":{"@type":"EntryPoint","urlTemplate":"https:\/\/www.schlanser.ch\/magazin\/?s={search_term_string}"},"query-input":"required name=search_term_string"}],"inLanguage":"de-DE"},{"@type":"Person","@id":"https:\/\/www.schlanser.ch\/magazin\/#\/schema\/person\/000db0a103eb2594ba3daf394b1dfea2","name":"admin","image":{"@type":"ImageObject","inLanguage":"de-DE","@id":"https:\/\/www.schlanser.ch\/magazin\/#\/schema\/person\/image\/","url":"https:\/\/secure.gravatar.com\/avatar\/a794a4fe8a9b9c52241597eb381dfa2e?s=96&d=mm&r=g","contentUrl":"https:\/\/secure.gravatar.com\/avatar\/a794a4fe8a9b9c52241597eb381dfa2e?s=96&d=mm&r=g","caption":"admin"}}]}},"_links":{"self":[{"href":"https:\/\/www.schlanser.ch\/magazin\/wp-json\/wp\/v2\/posts\/7115"}],"collection":[{"href":"https:\/\/www.schlanser.ch\/magazin\/wp-json\/wp\/v2\/posts"}],"about":[{"href":"https:\/\/www.schlanser.ch\/magazin\/wp-json\/wp\/v2\/types\/post"}],"author":[{"embeddable":true,"href":"https:\/\/www.schlanser.ch\/magazin\/wp-json\/wp\/v2\/users\/1"}],"replies":[{"embeddable":true,"href":"https:\/\/www.schlanser.ch\/magazin\/wp-json\/wp\/v2\/comments?post=7115"}],"version-history":[{"count":22,"href":"https:\/\/www.schlanser.ch\/magazin\/wp-json\/wp\/v2\/posts\/7115\/revisions"}],"predecessor-version":[{"id":14672,"href":"https:\/\/www.schlanser.ch\/magazin\/wp-json\/wp\/v2\/posts\/7115\/revisions\/14672"}],"wp:featuredmedia":[{"embeddable":true,"href":"https:\/\/www.schlanser.ch\/magazin\/wp-json\/wp\/v2\/media\/7140"}],"wp:attachment":[{"href":"https:\/\/www.schlanser.ch\/magazin\/wp-json\/wp\/v2\/media?parent=7115"}],"wp:term":[{"taxonomy":"category","embeddable":true,"href":"https:\/\/www.schlanser.ch\/magazin\/wp-json\/wp\/v2\/categories?post=7115"},{"taxonomy":"post_tag","embeddable":true,"href":"https:\/\/www.schlanser.ch\/magazin\/wp-json\/wp\/v2\/tags?post=7115"}],"curies":[{"name":"wp","href":"https:\/\/api.w.org\/{rel}","templated":true}]}}