{"id":7142,"date":"2019-07-10T15:33:46","date_gmt":"2019-07-10T13:33:46","guid":{"rendered":"https:\/\/www.schlanser.ch\/magazin\/?p=7142"},"modified":"2024-01-10T14:53:24","modified_gmt":"2024-01-10T13:53:24","slug":"sommerschlafsack","status":"publish","type":"post","link":"https:\/\/www.schlanser.ch\/magazin\/sommerschlafsack\/","title":{"rendered":"Was zeichnet einen guten Sommerschlafsack aus?"},"content":{"rendered":"<p style=\"text-align: justify;\"><strong>Die typische Zeit f\u00fcr Camping ist dann, wenn die Tage lang und warm sind \u2013 im Sommer. Tags\u00fcber wird die Natur erkundet, gebadet und mit den Kindern gespielt. Nachts sorgt ein guter Sommerschlafsack daf\u00fcr, dass es weder zu heiss noch zu kalt ist. Erfahren Sie hier, woran Sie einen guten Schlafsack f\u00fcr den Sommer erkennen.<\/strong><\/p>\n<h2>Die grundlegenden Rahmenbedingungen f\u00fcr einen geeigneten Sommerschlafsack<\/h2>\n<p style=\"text-align: justify;\">Die prim\u00e4re Anforderung an einen Sommerschlafsack ist, dass er auch in k\u00fchleren N\u00e4chten noch warmh\u00e4lt. Dennoch soll man bei w\u00e4rmeren Temperaturen nicht zu sehr darin schwitzen. Das ist eine harte Gratwanderung, die von Ihnen als Benutzer einiger Vor\u00fcberlegungen bedarf. Machen Sie sich bereits vor dem Kauf Folgendes klar:<\/p>\n<ul style=\"text-align: justify;\">\n<li>wof\u00fcr genau Sie den Schlafsack verwenden<\/li>\n<li>in welchem Temperaturbereich er eingesetzt wird<\/li>\n<li>ob ein bestimmtes Gewicht oder Packmass eingehalten werden m\u00fcssen<\/li>\n<\/ul>\n<p style=\"text-align: justify;\">Als Verwendungszweck ist beispielsweise ein Festivalbesuch oder das Zelten auf einem Campingplatz denkbar. Hier k\u00f6nnen Sie anhand der Region recht gut einsch\u00e4tzen, wie kalt es nachts werden kann. Gewicht und Packmass sind eher nebens\u00e4chlich. M\u00f6chten Sie hingegen eine Trekking- oder H\u00fcttentour mit dem Schlafsack im Sommer begehen, sind leichte und kompakte Varianten zu bevorzugen.<\/p>\n<p><img loading=\"lazy\" decoding=\"async\" class=\"aligncenter wp-image-7162 size-full\" title=\"High Peak Mumienschlafsack Black Arrow | 3D Kapuze | verstellbar | Fu\u00dfteil mit Rei\u00dfverschluss | Innentasche\" src=\"https:\/\/www.schlanser.ch\/magazin\/wp-content\/uploads\/2019\/08\/high-peak-mumienschlafsack-black-arrow.jpg\" alt=\"high-peak-mumienschlafsack-black-arrow\" width=\"600\" height=\"270\" srcset=\"https:\/\/www.schlanser.ch\/magazin\/wp-content\/uploads\/2019\/08\/high-peak-mumienschlafsack-black-arrow.jpg 600w, https:\/\/www.schlanser.ch\/magazin\/wp-content\/uploads\/2019\/08\/high-peak-mumienschlafsack-black-arrow-300x135.jpg 300w\" sizes=\"(max-width: 600px) 100vw, 600px\" \/><\/p>\n<p style=\"text-align: justify;\">Letzten Endes kann ein Sommerschlafsack Sie auch auf Backpackingtouren begleiten oder zuhause Ihre Kinder oder deren G\u00e4ste benutzt werden. In dem Fall ist etwas Pflegeleichtes zu empfehlen, das einen relativ hohen Temperaturbereich abdeckt.<\/p>\n<h2>Die gel\u00e4ufigen Schlafsackformen<\/h2>\n<p style=\"text-align: justify;\">Hier gibt es zum einen den Mumienschlafsack, der ziemlich genau der K\u00f6rperform angepasst ist: Er ist oben an den Schultern etwas breiter, l\u00e4uft zu den F\u00fcssen hin nahezu spitz zu und hat eine Kapuze f\u00fcr den Kopf. Dieses Modell ist f\u00fcr den Sommer ungeeignet. Er l\u00e4sst kaum Luft zwischen Schl\u00e4fer und Material, wodurch es sehr warm wird.<\/p>\n<p><img loading=\"lazy\" decoding=\"async\" class=\"aligncenter wp-image-7146 size-full\" title=\"Mountain Guide Mumienschlafsack Merlo Light R | leichter Sommerschlafsack | minimales Packma\u00df\" src=\"https:\/\/www.schlanser.ch\/magazin\/wp-content\/uploads\/2019\/08\/mountain-guide-mumienschlafsack-merlo-light-r.jpg\" alt=\"mountain-guide-mumienschlafsack-merlo-light-r\" width=\"600\" height=\"200\" srcset=\"https:\/\/www.schlanser.ch\/magazin\/wp-content\/uploads\/2019\/08\/mountain-guide-mumienschlafsack-merlo-light-r.jpg 600w, https:\/\/www.schlanser.ch\/magazin\/wp-content\/uploads\/2019\/08\/mountain-guide-mumienschlafsack-merlo-light-r-300x100.jpg 300w\" sizes=\"(max-width: 600px) 100vw, 600px\" \/><\/p>\n<p style=\"text-align: justify;\">Etwas mehr Freiraum bieten eif\u00f6rmige Schlafs\u00e4cke. Sie liegen aufgrund ihres Schnitts nicht allzu eng an. Sie halten warm, stauen die Hitze aber nicht auf. Daher sind sie die idealen Modelle \u00a0f\u00fcr gem\u00e4ssigtes, wechselhaftes Sommerwetter. Auf Rucksacktouren oder beim Camping in bergigen Regionen sind sie genau richtig.<\/p>\n<p><img loading=\"lazy\" decoding=\"async\" class=\"aligncenter wp-image-7166 size-full\" title=\"High Peak Deckenschlafsack Dundee 4\" src=\"https:\/\/www.schlanser.ch\/magazin\/wp-content\/uploads\/2019\/08\/high-peak-deckenschlafsack-dundee-4.jpg\" alt=\"high-peak-deckenschlafsack-dundee-4\" width=\"600\" height=\"270\" srcset=\"https:\/\/www.schlanser.ch\/magazin\/wp-content\/uploads\/2019\/08\/high-peak-deckenschlafsack-dundee-4.jpg 600w, https:\/\/www.schlanser.ch\/magazin\/wp-content\/uploads\/2019\/08\/high-peak-deckenschlafsack-dundee-4-300x135.jpg 300w\" sizes=\"(max-width: 600px) 100vw, 600px\" \/><\/p>\n<p style=\"text-align: justify;\">Der klassische Sommerschlafsack ist der Deckenschlafsack. Er hat eine rechteckige Grundform und l\u00e4sst sich so \u00f6ffnen, dass eine Decke entsteht. In ihm geniessen Sie viel Bewegungsfreiheit. Wird es nachts zu warm, k\u00f6nnen Sie sich mit ihm nur lose wie mit einer Decke zudecken. F\u00fcr Trekkingtouren bringt er allerdings zu viel Gewicht auf die Waage. Hier sind die eif\u00f6rmigen Schlafs\u00e4cke zu bevorzugen.<\/p>\n<h2>Das passende F\u00fcllmaterial<\/h2>\n<p style=\"text-align: justify;\">Nat\u00fcrlich h\u00e4ngen die W\u00e4rmeeigenschaften des Schlafsacks neben der Form in erster Linie von dem F\u00fcllmaterial ab. Hier k\u00f6nnen drei m\u00f6gliche Materialien unterschieden werden:<\/p>\n<ul style=\"text-align: justify;\">\n<li>Daune<\/li>\n<li>Kunstfaser<\/li>\n<li>Baumwolle<\/li>\n<\/ul>\n<p style=\"text-align: justify;\">In seltenen F\u00e4llen finden Sie sogar Schurwolle als F\u00fcllung. Diese ist hochwertig und dementsprechend teuer. Allerdings weist sie gute Isolationseigenschaften bei warmer wie kalter Witterung auf. Die Daune ist hingegen ein klassisches F\u00fcllmaterial f\u00fcr den Sommerschlafsack. Es ist ein nat\u00fcrlicher Rohstoff, der sich durch seine hervorragende Isolation und Atmungsaktivit\u00e4t auszeichnet. Nachteilig ist, dass die Daune kompliziert in der Pflege ist und nicht mehr w\u00e4rmt, wenn sie einmal nass geworden ist. Da sie allerdings sehr leicht ist, wissen vor allem Trekker und Backpacker sie zu sch\u00e4tzen.<\/p>\n<blockquote>\n<p style=\"text-align: justify;\">Im Sommer reicht eine eher d\u00fcnne F\u00fcllung, die vor dem Schlafen gr\u00fcndlich aufgesch\u00fcttelt wird.<\/p>\n<\/blockquote>\n<p style=\"text-align: justify;\">Ein sehr pflegeleichtes F\u00fcllmaterial ist die Kunstfaser. Daher eignet sie sich gut f\u00fcr einen Schlafsack f\u00fcr Kinder. Sie nimmt Feuchtigkeit auf, trocknet aber auch recht schnell wieder. Selbst im nassen Zustand w\u00e4rmt die Kunstfaser noch ausreichend.<\/p>\n<figure id=\"attachment_7158\" aria-describedby=\"caption-attachment-7158\" style=\"width: 600px\" class=\"wp-caption aligncenter\"><img loading=\"lazy\" decoding=\"async\" class=\"wp-image-7158 size-full\" title=\"Tourist in einem Zelt\" src=\"https:\/\/www.schlanser.ch\/magazin\/wp-content\/uploads\/2019\/08\/tourist-zelt.jpg\" alt=\"tourist-zelt\" width=\"600\" height=\"420\" srcset=\"https:\/\/www.schlanser.ch\/magazin\/wp-content\/uploads\/2019\/08\/tourist-zelt.jpg 600w, https:\/\/www.schlanser.ch\/magazin\/wp-content\/uploads\/2019\/08\/tourist-zelt-300x210.jpg 300w\" sizes=\"(max-width: 600px) 100vw, 600px\" \/><figcaption id=\"caption-attachment-7158\" class=\"wp-caption-text\">\u00a9 ver0nicka \u2013 stock.adobe.com<\/figcaption><\/figure>\n<p style=\"text-align: justify;\">Da Schlafs\u00e4cke mit Kunstfaserf\u00fcllung schwer und wenig kompakt sind, werden sie bevorzugt zum station\u00e4ren Zelten oder als Ersatzdecke daheim verwendet. Ihre Langlebigkeit macht sie zu treuen Begleitern. Es bleibt noch die Baumwolle als gel\u00e4ufiges F\u00fcllmaterial \u00fcbrig. Sie ist strapazierf\u00e4hig, langlebig und sogar mit der Maschine zu waschen. Ein Sommerschlafsack mit Baumwollf\u00fcllung hat ein eher grosses Packmass und viel Gewicht. Beim Camping an einem Platz st\u00f6rt das allerdings \u00fcberhaupt nicht. Jedoch sollte der Schlafsack nicht nass werden. Andernfalls braucht er ziemlich lange, um vollst\u00e4ndig zu trocknen.<\/p>\n<h2>Die fachgerechte Pflege Ihres Sommerschlafsacks<\/h2>\n<p style=\"text-align: justify;\">Eine der Grundregeln f\u00fcr alle Schlafs\u00e4cke ist, sie daheim luftig zu lagern. Lassen Sie Ihren Sommerschlafsack nie l\u00e4nger als n\u00f6tig im Kompressionsbeutel. Dieser ist nur f\u00fcr den Transport gedacht. Vor allem Daunenschlafs\u00e4cke verlieren nachhaltig an Qualit\u00e4t, wenn sie gepresst gelagert werden. Die meisten Hersteller liefern einen grossen, atmungsaktiven Sack f\u00fcr die dauerhafte Lagerung gleich mit. Weiterhin ist die regelm\u00e4ssige Reinigung essenziell.<\/p>\n<figure id=\"attachment_7169\" aria-describedby=\"caption-attachment-7169\" style=\"width: 600px\" class=\"wp-caption aligncenter\"><img loading=\"lazy\" decoding=\"async\" class=\"wp-image-7169 size-full\" title=\"Die fachgerechte Pflege Ihres Sommerschlafsacks\" src=\"https:\/\/www.schlanser.ch\/magazin\/wp-content\/uploads\/2019\/08\/Die-fachgerechte-Pflege-Ihres-Sommerschlafsacks.jpg\" alt=\"Die fachgerechte Pflege Ihres Sommerschlafsacks\" width=\"600\" height=\"400\" srcset=\"https:\/\/www.schlanser.ch\/magazin\/wp-content\/uploads\/2019\/08\/Die-fachgerechte-Pflege-Ihres-Sommerschlafsacks.jpg 600w, https:\/\/www.schlanser.ch\/magazin\/wp-content\/uploads\/2019\/08\/Die-fachgerechte-Pflege-Ihres-Sommerschlafsacks-300x200.jpg 300w\" sizes=\"(max-width: 600px) 100vw, 600px\" \/><figcaption id=\"caption-attachment-7169\" class=\"wp-caption-text\">\u00a9 EdNurg \u2013 stock.adobe.com<\/figcaption><\/figure>\n<p style=\"text-align: justify;\">Je nach Material ist eine normale W\u00e4sche in der Maschine m\u00f6glich. Aussenh\u00e4ute aus Kunstfaser k\u00f6nnen auch einfach mit einem feuchten Tuch abgewischt werden. In keinem Fall d\u00fcrfen Sie grobe Verschmutzungen wie zum Beispiel mit Lebensmitteln ignorieren. Der Daunenschlafsack muss hin und wieder zur professionellen Reinigung gegeben werden. Bei der Gelegenheit k\u00f6nnen neue Daunen nachgef\u00fcllt werden.<\/p>\n<h2>Weitere Tipps zum Camping im Sommer<\/h2>\n<p style=\"text-align: justify;\">Achten Sie beim Sommerschlafsack in erster Linie auf den sogenannten &#8222;Komfortbereich&#8220;. Dieser ist insbesondere f\u00fcr Frauen ausschlaggebend, ab wann sie beim Zelten frieren k\u00f6nnten. M\u00e4nner vertragen in der Regel ein paar Grad weniger, als der Komfortbereich angibt. Scheuen Sie sich nicht vor einem relativ warmen Sommerschlafsack.<\/p>\n<p><img loading=\"lazy\" decoding=\"async\" class=\"aligncenter wp-image-7155 size-full\" title=\"High Peak Mumienschlafsack Hyperion Light 8 | 3D Kapuze | verstellbar | Innentasche\" src=\"https:\/\/www.schlanser.ch\/magazin\/wp-content\/uploads\/2019\/08\/high-peak-mumienschlafsack-hyperion-light-8.jpg\" alt=\"high-peak-mumienschlafsack-hyperion-light-8\" width=\"600\" height=\"280\" srcset=\"https:\/\/www.schlanser.ch\/magazin\/wp-content\/uploads\/2019\/08\/high-peak-mumienschlafsack-hyperion-light-8.jpg 600w, https:\/\/www.schlanser.ch\/magazin\/wp-content\/uploads\/2019\/08\/high-peak-mumienschlafsack-hyperion-light-8-300x140.jpg 300w\" sizes=\"(max-width: 600px) 100vw, 600px\" \/><\/p>\n<p style=\"text-align: justify;\">Im Zweifelsfall k\u00f6nnen Sie immer Reissverschl\u00fcsse \u00f6ffnen, ein Bein herausstrecken oder sich teilweise abdecken. Besitzen Sie bereits ein Modell, das Ihnen f\u00fcr den n\u00e4chsten Campingurlaub ein wenig zu k\u00fchl erscheint, schaffen Inlets Abhilfe. Sie sind sehr leicht und erweitern den Komfortbereich durchaus um drei bis vier Grad. Im Schlafsack tragen Sie vorzugsweise einen d\u00fcnnen Schlafanzug aus Baumwolle. Stellen Sie Ihr <a href=\"https:\/\/www.schlanser.ch\/zelte\/\">Zelt<\/a> dort auf, wo morgens lange Schatten ist. So vermeiden Sie es, bereits um f\u00fcnf Uhr in einer Sauna aufzuwachen.<\/p>\n<p><img loading=\"lazy\" decoding=\"async\" class=\"aligncenter wp-image-7152 size-full\" title=\"Berger Tarp | inkl. 2 Aufstellstangen | Sonnenschutz | einfacher Aufbau\" src=\"https:\/\/www.schlanser.ch\/magazin\/wp-content\/uploads\/2019\/08\/berger-tarp.jpg\" alt=\"berger-tarp\" width=\"600\" height=\"375\" srcset=\"https:\/\/www.schlanser.ch\/magazin\/wp-content\/uploads\/2019\/08\/berger-tarp.jpg 600w, https:\/\/www.schlanser.ch\/magazin\/wp-content\/uploads\/2019\/08\/berger-tarp-300x188.jpg 300w\" sizes=\"(max-width: 600px) 100vw, 600px\" \/><\/p>\n<p style=\"text-align: justify;\">Ein Sonnensegel oder Tarp spendet zus\u00e4tzlichen Schatten. Spannen Sie es bei Bedarf \u00fcber Ihr Zelt oder nutzen Sie es vor dem Zelteingang als Sonnen- und Regenschutz. Zuletzt m\u00f6chten wir Sie noch vor M\u00fccken und anderen Insekten warnen. Halten Sie am Zelt stets die Moskitonetze geschlossen. Gerade wenn Sie im Dunkeln mit einer Taschenlampe im Zelt etwas suchen, huschen die Blutsauger schnell mit hinein. <a href=\"https:\/\/www.schlanser.ch\/outdoor-freizeit\/outdoor-ausruestung\/insektenabwehr-mueckenschutz\/\">M\u00fcckenschutz<\/a> wie M\u00fcckenspray und entsprechende M\u00fcckenlampen sorgen beim Abendessen im Freien f\u00fcr Ruhe vor unliebsamen Besuchern. Es ist alles eine Frage der Organisation.<\/p>\n<p><img loading=\"lazy\" decoding=\"async\" class=\"aligncenter wp-image-7149 size-full\" title=\"Partykerzen mit M\u00fcckenschutz\" src=\"https:\/\/www.schlanser.ch\/magazin\/wp-content\/uploads\/2019\/08\/partykerzen-mit-mueckenschutz.jpg\" alt=\"partykerzen-mit-mueckenschutz\" width=\"600\" height=\"310\" srcset=\"https:\/\/www.schlanser.ch\/magazin\/wp-content\/uploads\/2019\/08\/partykerzen-mit-mueckenschutz.jpg 600w, https:\/\/www.schlanser.ch\/magazin\/wp-content\/uploads\/2019\/08\/partykerzen-mit-mueckenschutz-300x155.jpg 300w\" sizes=\"(max-width: 600px) 100vw, 600px\" \/><\/p>\n<p style=\"text-align: justify;\">Mit dem passenden Sommerschlafsack, der richtigen Vorbereitung und Ausr\u00fcstung wird jeder Campingurlaub zu einem tollen Erlebnis. Da k\u00f6nnen Wetter und andere Rahmenbedingungen kaum etwas dran r\u00fctteln. Mangelnde Information und das falsche Material k\u00f6nnen hingegen selbst bei idealen Campingbedingungen f\u00fcr \u00c4rger und Probleme sorgen.<\/p>\n","protected":false},"excerpt":{"rendered":"<p>Die typische Zeit f\u00fcr Camping ist dann, wenn die Tage lang und warm sind \u2013 im Sommer. Tags\u00fcber wird die Natur erkundet, gebadet und mit den Kindern gespielt. Nachts sorgt ein guter Sommerschlafsack daf\u00fcr, dass es weder zu heiss noch zu kalt ist. Erfahren Sie hier, woran Sie einen guten Schlafsack f\u00fcr den Sommer erkennen. &hellip;<\/p>\n","protected":false},"author":1,"featured_media":7164,"comment_status":"closed","ping_status":"open","sticky":false,"template":"","format":"standard","meta":{"footnotes":""},"categories":[2],"tags":[201,57,243,58,349,960,959,333],"yoast_head":"<!-- This site is optimized with the Yoast SEO plugin v22.2 - https:\/\/yoast.com\/wordpress\/plugins\/seo\/ -->\n<title>Was zeichnet einen guten Sommerschlafsack aus? - Schlanser Magazin<\/title>\n<meta name=\"description\" content=\"Was macht einen guten Sommerschlafsack aus? \u2013 Welche Eigenschaften Schlafs\u00e4cke f\u00fcr den Sommer aufweisen m\u00fcssen, erfahren Sie im Schlanser Magazin!\" \/>\n<meta name=\"robots\" content=\"index, follow, max-snippet:-1, max-image-preview:large, max-video-preview:-1\" \/>\n<link rel=\"canonical\" href=\"https:\/\/www.schlanser.ch\/magazin\/sommerschlafsack\/\" \/>\n<meta property=\"og:locale\" content=\"de_DE\" \/>\n<meta property=\"og:type\" content=\"article\" \/>\n<meta property=\"og:title\" content=\"Was zeichnet einen guten Sommerschlafsack aus? - Schlanser Magazin\" \/>\n<meta property=\"og:description\" content=\"Was macht einen guten Sommerschlafsack aus? \u2013 Welche Eigenschaften Schlafs\u00e4cke f\u00fcr den Sommer aufweisen m\u00fcssen, erfahren Sie im Schlanser Magazin!\" \/>\n<meta property=\"og:url\" content=\"https:\/\/www.schlanser.ch\/magazin\/sommerschlafsack\/\" \/>\n<meta property=\"og:site_name\" content=\"Schlanser Magazin\" \/>\n<meta property=\"article:published_time\" content=\"2019-07-10T13:33:46+00:00\" \/>\n<meta property=\"article:modified_time\" content=\"2024-01-10T13:53:24+00:00\" \/>\n<meta property=\"og:image\" content=\"https:\/\/www.schlanser.ch\/magazin\/wp-content\/uploads\/2019\/08\/sommerschlafsack.jpg\" \/>\n\t<meta property=\"og:image:width\" content=\"800\" \/>\n\t<meta property=\"og:image:height\" content=\"533\" \/>\n\t<meta property=\"og:image:type\" content=\"image\/jpeg\" \/>\n<meta name=\"author\" content=\"admin\" \/>\n<meta name=\"twitter:card\" content=\"summary_large_image\" \/>\n<meta name=\"twitter:label1\" content=\"Verfasst von\" \/>\n\t<meta name=\"twitter:data1\" content=\"admin\" \/>\n\t<meta name=\"twitter:label2\" content=\"Gesch\u00e4tzte Lesezeit\" \/>\n\t<meta name=\"twitter:data2\" content=\"6 Minuten\" \/>\n<script type=\"application\/ld+json\" class=\"yoast-schema-graph\">{\"@context\":\"https:\/\/schema.org\",\"@graph\":[{\"@type\":\"WebPage\",\"@id\":\"https:\/\/www.schlanser.ch\/magazin\/sommerschlafsack\/\",\"url\":\"https:\/\/www.schlanser.ch\/magazin\/sommerschlafsack\/\",\"name\":\"Was zeichnet einen guten Sommerschlafsack aus? - Schlanser Magazin\",\"isPartOf\":{\"@id\":\"https:\/\/www.schlanser.ch\/magazin\/#website\"},\"primaryImageOfPage\":{\"@id\":\"https:\/\/www.schlanser.ch\/magazin\/sommerschlafsack\/#primaryimage\"},\"image\":{\"@id\":\"https:\/\/www.schlanser.ch\/magazin\/sommerschlafsack\/#primaryimage\"},\"thumbnailUrl\":\"https:\/\/www.schlanser.ch\/magazin\/wp-content\/uploads\/2019\/08\/sommerschlafsack.jpg\",\"datePublished\":\"2019-07-10T13:33:46+00:00\",\"dateModified\":\"2024-01-10T13:53:24+00:00\",\"author\":{\"@id\":\"https:\/\/www.schlanser.ch\/magazin\/#\/schema\/person\/000db0a103eb2594ba3daf394b1dfea2\"},\"description\":\"Was macht einen guten Sommerschlafsack aus? \u2013 Welche Eigenschaften Schlafs\u00e4cke f\u00fcr den Sommer aufweisen m\u00fcssen, erfahren Sie im Schlanser Magazin!\",\"breadcrumb\":{\"@id\":\"https:\/\/www.schlanser.ch\/magazin\/sommerschlafsack\/#breadcrumb\"},\"inLanguage\":\"de-DE\",\"potentialAction\":[{\"@type\":\"ReadAction\",\"target\":[\"https:\/\/www.schlanser.ch\/magazin\/sommerschlafsack\/\"]}]},{\"@type\":\"ImageObject\",\"inLanguage\":\"de-DE\",\"@id\":\"https:\/\/www.schlanser.ch\/magazin\/sommerschlafsack\/#primaryimage\",\"url\":\"https:\/\/www.schlanser.ch\/magazin\/wp-content\/uploads\/2019\/08\/sommerschlafsack.jpg\",\"contentUrl\":\"https:\/\/www.schlanser.ch\/magazin\/wp-content\/uploads\/2019\/08\/sommerschlafsack.jpg\",\"width\":800,\"height\":533,\"caption\":\"\u00a9 Lumina Images \u2013 stock.adobe.com\"},{\"@type\":\"BreadcrumbList\",\"@id\":\"https:\/\/www.schlanser.ch\/magazin\/sommerschlafsack\/#breadcrumb\",\"itemListElement\":[{\"@type\":\"ListItem\",\"position\":1,\"name\":\"Startseite\",\"item\":\"https:\/\/www.schlanser.ch\/magazin\/\"},{\"@type\":\"ListItem\",\"position\":2,\"name\":\"Was zeichnet einen guten Sommerschlafsack aus?\"}]},{\"@type\":\"WebSite\",\"@id\":\"https:\/\/www.schlanser.ch\/magazin\/#website\",\"url\":\"https:\/\/www.schlanser.ch\/magazin\/\",\"name\":\"Schlanser Magazin\",\"description\":\"\",\"potentialAction\":[{\"@type\":\"SearchAction\",\"target\":{\"@type\":\"EntryPoint\",\"urlTemplate\":\"https:\/\/www.schlanser.ch\/magazin\/?s={search_term_string}\"},\"query-input\":\"required name=search_term_string\"}],\"inLanguage\":\"de-DE\"},{\"@type\":\"Person\",\"@id\":\"https:\/\/www.schlanser.ch\/magazin\/#\/schema\/person\/000db0a103eb2594ba3daf394b1dfea2\",\"name\":\"admin\",\"image\":{\"@type\":\"ImageObject\",\"inLanguage\":\"de-DE\",\"@id\":\"https:\/\/www.schlanser.ch\/magazin\/#\/schema\/person\/image\/\",\"url\":\"https:\/\/secure.gravatar.com\/avatar\/a794a4fe8a9b9c52241597eb381dfa2e?s=96&d=mm&r=g\",\"contentUrl\":\"https:\/\/secure.gravatar.com\/avatar\/a794a4fe8a9b9c52241597eb381dfa2e?s=96&d=mm&r=g\",\"caption\":\"admin\"}}]}<\/script>\n<!-- \/ Yoast SEO plugin. -->","yoast_head_json":{"title":"Was zeichnet einen guten Sommerschlafsack aus? - Schlanser Magazin","description":"Was macht einen guten Sommerschlafsack aus? \u2013 Welche Eigenschaften Schlafs\u00e4cke f\u00fcr den Sommer aufweisen m\u00fcssen, erfahren Sie im Schlanser Magazin!","robots":{"index":"index","follow":"follow","max-snippet":"max-snippet:-1","max-image-preview":"max-image-preview:large","max-video-preview":"max-video-preview:-1"},"canonical":"https:\/\/www.schlanser.ch\/magazin\/sommerschlafsack\/","og_locale":"de_DE","og_type":"article","og_title":"Was zeichnet einen guten Sommerschlafsack aus? - Schlanser Magazin","og_description":"Was macht einen guten Sommerschlafsack aus? \u2013 Welche Eigenschaften Schlafs\u00e4cke f\u00fcr den Sommer aufweisen m\u00fcssen, erfahren Sie im Schlanser Magazin!","og_url":"https:\/\/www.schlanser.ch\/magazin\/sommerschlafsack\/","og_site_name":"Schlanser Magazin","article_published_time":"2019-07-10T13:33:46+00:00","article_modified_time":"2024-01-10T13:53:24+00:00","og_image":[{"width":800,"height":533,"url":"https:\/\/www.schlanser.ch\/magazin\/wp-content\/uploads\/2019\/08\/sommerschlafsack.jpg","type":"image\/jpeg"}],"author":"admin","twitter_card":"summary_large_image","twitter_misc":{"Verfasst von":"admin","Gesch\u00e4tzte Lesezeit":"6 Minuten"},"schema":{"@context":"https:\/\/schema.org","@graph":[{"@type":"WebPage","@id":"https:\/\/www.schlanser.ch\/magazin\/sommerschlafsack\/","url":"https:\/\/www.schlanser.ch\/magazin\/sommerschlafsack\/","name":"Was zeichnet einen guten Sommerschlafsack aus? - Schlanser Magazin","isPartOf":{"@id":"https:\/\/www.schlanser.ch\/magazin\/#website"},"primaryImageOfPage":{"@id":"https:\/\/www.schlanser.ch\/magazin\/sommerschlafsack\/#primaryimage"},"image":{"@id":"https:\/\/www.schlanser.ch\/magazin\/sommerschlafsack\/#primaryimage"},"thumbnailUrl":"https:\/\/www.schlanser.ch\/magazin\/wp-content\/uploads\/2019\/08\/sommerschlafsack.jpg","datePublished":"2019-07-10T13:33:46+00:00","dateModified":"2024-01-10T13:53:24+00:00","author":{"@id":"https:\/\/www.schlanser.ch\/magazin\/#\/schema\/person\/000db0a103eb2594ba3daf394b1dfea2"},"description":"Was macht einen guten Sommerschlafsack aus? \u2013 Welche Eigenschaften Schlafs\u00e4cke f\u00fcr den Sommer aufweisen m\u00fcssen, erfahren Sie im Schlanser Magazin!","breadcrumb":{"@id":"https:\/\/www.schlanser.ch\/magazin\/sommerschlafsack\/#breadcrumb"},"inLanguage":"de-DE","potentialAction":[{"@type":"ReadAction","target":["https:\/\/www.schlanser.ch\/magazin\/sommerschlafsack\/"]}]},{"@type":"ImageObject","inLanguage":"de-DE","@id":"https:\/\/www.schlanser.ch\/magazin\/sommerschlafsack\/#primaryimage","url":"https:\/\/www.schlanser.ch\/magazin\/wp-content\/uploads\/2019\/08\/sommerschlafsack.jpg","contentUrl":"https:\/\/www.schlanser.ch\/magazin\/wp-content\/uploads\/2019\/08\/sommerschlafsack.jpg","width":800,"height":533,"caption":"\u00a9 Lumina Images \u2013 stock.adobe.com"},{"@type":"BreadcrumbList","@id":"https:\/\/www.schlanser.ch\/magazin\/sommerschlafsack\/#breadcrumb","itemListElement":[{"@type":"ListItem","position":1,"name":"Startseite","item":"https:\/\/www.schlanser.ch\/magazin\/"},{"@type":"ListItem","position":2,"name":"Was zeichnet einen guten Sommerschlafsack aus?"}]},{"@type":"WebSite","@id":"https:\/\/www.schlanser.ch\/magazin\/#website","url":"https:\/\/www.schlanser.ch\/magazin\/","name":"Schlanser Magazin","description":"","potentialAction":[{"@type":"SearchAction","target":{"@type":"EntryPoint","urlTemplate":"https:\/\/www.schlanser.ch\/magazin\/?s={search_term_string}"},"query-input":"required name=search_term_string"}],"inLanguage":"de-DE"},{"@type":"Person","@id":"https:\/\/www.schlanser.ch\/magazin\/#\/schema\/person\/000db0a103eb2594ba3daf394b1dfea2","name":"admin","image":{"@type":"ImageObject","inLanguage":"de-DE","@id":"https:\/\/www.schlanser.ch\/magazin\/#\/schema\/person\/image\/","url":"https:\/\/secure.gravatar.com\/avatar\/a794a4fe8a9b9c52241597eb381dfa2e?s=96&d=mm&r=g","contentUrl":"https:\/\/secure.gravatar.com\/avatar\/a794a4fe8a9b9c52241597eb381dfa2e?s=96&d=mm&r=g","caption":"admin"}}]}},"_links":{"self":[{"href":"https:\/\/www.schlanser.ch\/magazin\/wp-json\/wp\/v2\/posts\/7142"}],"collection":[{"href":"https:\/\/www.schlanser.ch\/magazin\/wp-json\/wp\/v2\/posts"}],"about":[{"href":"https:\/\/www.schlanser.ch\/magazin\/wp-json\/wp\/v2\/types\/post"}],"author":[{"embeddable":true,"href":"https:\/\/www.schlanser.ch\/magazin\/wp-json\/wp\/v2\/users\/1"}],"replies":[{"embeddable":true,"href":"https:\/\/www.schlanser.ch\/magazin\/wp-json\/wp\/v2\/comments?post=7142"}],"version-history":[{"count":25,"href":"https:\/\/www.schlanser.ch\/magazin\/wp-json\/wp\/v2\/posts\/7142\/revisions"}],"predecessor-version":[{"id":17156,"href":"https:\/\/www.schlanser.ch\/magazin\/wp-json\/wp\/v2\/posts\/7142\/revisions\/17156"}],"wp:featuredmedia":[{"embeddable":true,"href":"https:\/\/www.schlanser.ch\/magazin\/wp-json\/wp\/v2\/media\/7164"}],"wp:attachment":[{"href":"https:\/\/www.schlanser.ch\/magazin\/wp-json\/wp\/v2\/media?parent=7142"}],"wp:term":[{"taxonomy":"category","embeddable":true,"href":"https:\/\/www.schlanser.ch\/magazin\/wp-json\/wp\/v2\/categories?post=7142"},{"taxonomy":"post_tag","embeddable":true,"href":"https:\/\/www.schlanser.ch\/magazin\/wp-json\/wp\/v2\/tags?post=7142"}],"curies":[{"name":"wp","href":"https:\/\/api.w.org\/{rel}","templated":true}]}}