{"id":7171,"date":"2019-07-24T08:51:30","date_gmt":"2019-07-24T06:51:30","guid":{"rendered":"https:\/\/www.schlanser.ch\/magazin\/?p=7171"},"modified":"2024-01-10T14:54:31","modified_gmt":"2024-01-10T13:54:31","slug":"modernes-camping-mit-dem-kuechenzelt","status":"publish","type":"post","link":"https:\/\/www.schlanser.ch\/magazin\/modernes-camping-mit-dem-kuechenzelt\/","title":{"rendered":"Modernes Camping mit dem K\u00fcchenzelt"},"content":{"rendered":"<h2>\u00ab Zusatzzelte vervielfachen den Komfort \u00bb<\/h2>\n<p style=\"text-align: justify;\"><strong>Trotz Vorzelt und Wohnwagen ist beim Camping der Platz meist knapp. Gut verstaut kommt alles beim Reisen unter, doch wenn <\/strong><a href=\"https:\/\/www.schlanser.ch\/moebel\/campingmoebel\/campingstuehle\/\"><strong>Liegestuhl<\/strong><\/a><strong>, Fahrrad und <\/strong><a href=\"https:\/\/www.schlanser.ch\/outdoor-freizeit\/wasserwelt\/\"><strong>Wasserspielzeug<\/strong><\/a><strong> einmal freigelassen sind, wirken sie raumf\u00fcllend. Was fehlt, ist ein <\/strong><a href=\"https:\/\/www.schlanser.ch\/zelte\/vorzelte\/universal-dusch-geraetezelte\/\"><strong>K\u00fcchenzelt<\/strong><\/a><strong>, damit das Kochen ein Vergn\u00fcgen bleibt, oder ein Ger\u00e4tezelt, das <\/strong><a href=\"https:\/\/www.schlanser.ch\/\"><strong>Camping-Zubeh\u00f6r<\/strong><\/a><strong> aufnimmt. Schlanser stellt die beliebtesten L\u00f6sungen vor.<\/strong><\/p>\n<h2 style=\"text-align: justify;\">Aufger\u00e4umt und gut verstaut<\/h2>\n<p style=\"text-align: justify;\">Bei l\u00e4ngeren Aufenthalten am Ferienort ist die Gep\u00e4ckliste lang. Kinder ben\u00f6tigen Spielzeug. St\u00fchle und <a href=\"https:\/\/www.schlanser.ch\/moebel\/campingmoebel\/campingtische\/\">Campingtisch<\/a> richten den Sitzplatz im Freien ein. Dann geh\u00f6ren Sonnenschutz und Sonnenliege ins Gep\u00e4ck und wenn alles entladen ist, sieht der Stellplatz im Nu bewohnt aus. So lange das Wetter mitspielt, kann die meiste Habe die Nacht im Freien verbringen. Doch wer Liege, Fahrr\u00e4der und <a href=\"https:\/\/www.schlanser.ch\/outdoor-freizeit\/wind-sonnenschutz\/sichtschutz-sonnenschirme\/\">Sonnenschirm<\/a> bei Regen im <a href=\"https:\/\/www.schlanser.ch\/zelte\/vorzelte\/\">Vorzelt<\/a> unterbringen muss, dem bleibt nur noch der Platz im Wohnwagen. Eine dauerhafte L\u00f6sung ist dies nicht. Auf dem festen Stellplatz nutzen viele Camper einen Ger\u00e4teschuppen. F\u00fcr die Reise w\u00e4hlen Sie eine flexible Variante f\u00fcr den schnellen Auf- und Abbau.<\/p>\n<p><img loading=\"lazy\" decoding=\"async\" class=\"aligncenter wp-image-7186 size-full\" title=\"Berger Reisevorzelt Sirmione-L Deluxe\" src=\"https:\/\/www.schlanser.ch\/magazin\/wp-content\/uploads\/2019\/07\/Berger-Reisevorzelt-Sirmione-L-Deluxe.jpg\" alt=\"Berger Reisevorzelt Sirmione-L \" width=\"620\" height=\"387\" srcset=\"https:\/\/www.schlanser.ch\/magazin\/wp-content\/uploads\/2019\/07\/Berger-Reisevorzelt-Sirmione-L-Deluxe.jpg 620w, https:\/\/www.schlanser.ch\/magazin\/wp-content\/uploads\/2019\/07\/Berger-Reisevorzelt-Sirmione-L-Deluxe-300x187.jpg 300w\" sizes=\"(max-width: 620px) 100vw, 620px\" \/><\/p>\n<h2>Wohnwagen plus<\/h2>\n<p style=\"text-align: justify;\"><a href=\"https:\/\/www.schlanser.ch\/haushalt\/\">Kochen im Wohnwagen<\/a> kommt f\u00fcr viele Camper nicht infrage. Die beschr\u00e4nkten Gegebenheiten und der lange in der Luft h\u00e4ngende Geruch sind die h\u00e4ufig genannten Gr\u00fcnde. Im separaten K\u00fcchenzelt bringen Sie Ihre ganze Campingk\u00fcche unter und bereiten alle Mahlzeiten im Trockenen zu. Das verschlankt sogar die Zuladung: In warmen L\u00e4ndern reicht vielleicht ein Schutzdach aus anstelle des schweren Vorzelts.<\/p>\n<p><img loading=\"lazy\" decoding=\"async\" class=\"alignnone wp-image-7176 \" title=\"Berger K\u00fcchenbox Deluxe\" src=\"https:\/\/www.schlanser.ch\/magazin\/wp-content\/uploads\/2019\/07\/Berger-K\u00fcchenbox-Deluxe.jpg\" alt=\"Berger K\u00fcchenbox Deluxe\" width=\"310\" height=\"344\" srcset=\"https:\/\/www.schlanser.ch\/magazin\/wp-content\/uploads\/2019\/07\/Berger-K\u00fcchenbox-Deluxe.jpg 300w, https:\/\/www.schlanser.ch\/magazin\/wp-content\/uploads\/2019\/07\/Berger-K\u00fcchenbox-Deluxe-270x300.jpg 270w\" sizes=\"(max-width: 310px) 100vw, 310px\" \/> \u00a0 \u00a0 \u00a0 <img loading=\"lazy\" decoding=\"async\" class=\"alignnone wp-image-7177\" title=\"Crespo Faltschrank AP\/105\" src=\"https:\/\/www.schlanser.ch\/magazin\/wp-content\/uploads\/2019\/07\/Crespo-Faltschrank.jpg\" alt=\"Crespo Faltschrank AP\/105\" width=\"277\" height=\"341\" srcset=\"https:\/\/www.schlanser.ch\/magazin\/wp-content\/uploads\/2019\/07\/Crespo-Faltschrank.jpg 284w, https:\/\/www.schlanser.ch\/magazin\/wp-content\/uploads\/2019\/07\/Crespo-Faltschrank-243x300.jpg 243w\" sizes=\"(max-width: 277px) 100vw, 277px\" \/><\/p>\n<h2>Separates K\u00fcchenzelt f\u00fcr das Womo<\/h2>\n<p style=\"text-align: justify;\">Wer im Wohnmobil reist, kann dennoch hervorragend kochen, obwohl meist noch weniger Platz herrscht als im Wohnwagen \u2013 Liner ausgenommen. Das K\u00fcchenzelt mit ausreichend Platz und Stehh\u00f6he nimmt spielend eine vollst\u00e4ndige Campingk\u00fcche auf. Es entstehen Lager f\u00fcr Vorr\u00e4te und Platz f\u00fcr Campingschr\u00e4nke. Der Vorteil:<\/p>\n<ul>\n<li>Ger\u00fcche bleiben im K\u00fcchenzelt<\/li>\n<li>Sie kochen beschattet und im Trockenen<\/li>\n<li>Der zus\u00e4tzliche Platz schafft \u00dcbersicht und Ordnung<\/li>\n<\/ul>\n<p style=\"text-align: justify;\">Eine verschliessbare Hochentl\u00fcftung im Zeltdach erlaubt den Abzug von Kochd\u00e4mpfen. Das verhindert \u00fcberm\u00e4ssige Kondenswasserbildung beim Kochen. F\u00fcr maximalen Lichteinfall sind rundum Fenster eingelassen. Das ist Kochen fast wie unter freiem Himmel!<\/p>\n<p><img loading=\"lazy\" decoding=\"async\" class=\"aligncenter wp-image-7180 size-full\" title=\"Outwell Familienzelt Cedarville 3A\" src=\"https:\/\/www.schlanser.ch\/magazin\/wp-content\/uploads\/2019\/07\/Outwell-Familienzelt-Cedarville-3A.jpg\" alt=\"Outwell Familienzelt Cedarville 3A\" width=\"620\" height=\"388\" srcset=\"https:\/\/www.schlanser.ch\/magazin\/wp-content\/uploads\/2019\/07\/Outwell-Familienzelt-Cedarville-3A.jpg 620w, https:\/\/www.schlanser.ch\/magazin\/wp-content\/uploads\/2019\/07\/Outwell-Familienzelt-Cedarville-3A-300x188.jpg 300w\" sizes=\"(max-width: 620px) 100vw, 620px\" \/><\/p>\n<h2>Der Wintergarten<\/h2>\n<p style=\"text-align: justify;\">Die Art der Bauweise beim K\u00fcchenzelt l\u00e4dt ein, das Zelt anderweitig zu nutzen. Wer auf die Funktion als K\u00fcche verzichten kann, weil er in Vorzelt oder Wohnwagen kocht, nutzt das K\u00fcchenzelt als trockenen Sitzplatz. Fast wie im Wintergarten sammeln sich hier die warmen Sonnenstrahlen in Herbst und Fr\u00fchling. Bei dreiseitigem Windschutz geniessen Sie ein gem\u00fctliches Pl\u00e4tzchen, auf dem sogar bequeme Lehnst\u00fchle f\u00fcr zwei Personen Platz finden. Der breite Eingang dient als Sonnendach oder verschliesst alles mit den verdeckten Reissverschl\u00fcssen. Eine Hochentl\u00fcftung h\u00e4lt den Innenraum trocken.<\/p>\n<h2>Aufbewahrung w\u00e4hrend der Campingsaison<\/h2>\n<p>Mit den verschliessbaren Fenstern erf\u00fcllt das K\u00fcchenzelt alle Voraussetzungen f\u00fcr das Plus an Stauplatz ohne neugierige Blicke. Wer das freistehende Zelt ausschliesslich als Ger\u00e4tezelt oder Vorratszelt nutzt, greift zu einer witterungsbest\u00e4ndigen Ausf\u00fchrung f\u00fcr den dauerhaften Aufbau. Ausgestattet mit einem trockenen Untergrund zum Beispiel aus Zeltteppich, lagert Ihr Camping-Zubeh\u00f6r sicher und gesch\u00fctzt vor der Witterung. Diese Variante empfiehlt sich auch f\u00fcr Dauercamper, die in der kalten Saison den Platz komplett r\u00e4umen.<\/p>\n<p><img loading=\"lazy\" decoding=\"async\" class=\"aligncenter wp-image-7182 size-full\" title=\"Zeltteppich Standard grau\" src=\"https:\/\/www.schlanser.ch\/magazin\/wp-content\/uploads\/2019\/07\/Zeltteppich-Standard-grau.jpg\" alt=\"Zeltteppich Standard grau\" width=\"620\" height=\"383\" srcset=\"https:\/\/www.schlanser.ch\/magazin\/wp-content\/uploads\/2019\/07\/Zeltteppich-Standard-grau.jpg 620w, https:\/\/www.schlanser.ch\/magazin\/wp-content\/uploads\/2019\/07\/Zeltteppich-Standard-grau-300x185.jpg 300w\" sizes=\"(max-width: 620px) 100vw, 620px\" \/><\/p>\n<h2>Vorr\u00e4te sichern beim Zelten<\/h2>\n<p style=\"text-align: justify;\">Lebensmittel lassen sich beim Camping nur gut verstaut lagern, sonst sind sie Beute f\u00fcr die Tierwelt. Je einfacher Tiere an Nahrungsmittel gelangen, desto h\u00f6her der Schaden. Wenn gr\u00f6ssere Vorratsmengen erforderlich oder zweckvoll sind, lohnt der Blick auf die Art der Aufbewahrung: Im Vorratszelt bleiben die Vorr\u00e4te \u00fcbersichtlich geordnet, lagern gesch\u00fctzt vor Witterungseinfl\u00fcssen und sind gesichert gegen zahlreiche Frasssch\u00e4dlinge. Gruppenreisende oder Camper mit langen Aufenthalten abseits gr\u00f6sserer Ansiedlungen profitieren.<\/p>\n<h2>Ausstattung im Versorgungszelt<\/h2>\n<p style=\"text-align: justify;\">Je abenteuerlicher Ziel und Zweck der Reise sind, desto mehr Vor\u00fcberlegungen sichern den Erfolg und die gl\u00fcckliche R\u00fcckkehr. Auf spezielle Eventualit\u00e4ten im Hinblick auf das Reiseziel ist jeder Reisende eingestellt. Eine \u00dcberwinterung am Rande des Polarkreises erfordert andere Vorbereitungen als dieselbe Reise zum S\u00fcden Afrikas. Das Versorgungszelt ist eine strategische L\u00f6sung f\u00fcr Camping-Urlaub mit langen Standzeiten. Hier kommt alles unter, was in grossen Mengen bevorratet wird. Das ist weit mehr als nur die Nahrung. Achten Sie darauf, dass Sie nicht alles verlieren, falls Sie im Notfall das Versorgungszelt aufgeben m\u00fcssen. Legen Sie gegebenenfalls mehrere Depots an und tragen Sie manche Ausr\u00fcstung wie Streichh\u00f6lzer oder das Smartphone direkt am K\u00f6rper.<\/p>\n<figure id=\"attachment_7184\" aria-describedby=\"caption-attachment-7184\" style=\"width: 620px\" class=\"wp-caption aligncenter\"><img loading=\"lazy\" decoding=\"async\" class=\"wp-image-7184 size-full\" title=\"Je nach Ort und Klima wird eine unterschiedliche Ausr\u00fcstung ben\u00f6tigt\" src=\"https:\/\/www.schlanser.ch\/magazin\/wp-content\/uploads\/2019\/07\/Camping.jpg\" alt=\"Je nach Ort und Klima wird eine unterschiedliche Ausr\u00fcstung ben\u00f6tigt\" width=\"620\" height=\"337\" srcset=\"https:\/\/www.schlanser.ch\/magazin\/wp-content\/uploads\/2019\/07\/Camping.jpg 620w, https:\/\/www.schlanser.ch\/magazin\/wp-content\/uploads\/2019\/07\/Camping-300x163.jpg 300w\" sizes=\"(max-width: 620px) 100vw, 620px\" \/><figcaption id=\"caption-attachment-7184\" class=\"wp-caption-text\">\u00a9 godfather &#8211; stock.adobe.com<\/figcaption><\/figure>\n<h2>Beim Baden und am Strand<\/h2>\n<p style=\"text-align: justify;\">Obwohl K\u00fcchenzelt, Ger\u00e4tezelt oder Vorratszelt durch ihre Ausstattung und vielseitige Nutzung einiges an Aufmerksamkeit auf sich ziehen, sind sie f\u00fcr manchen Einsatz eher ungeeignet: Am Strand und f\u00fcr das schnelle und private Umkleiden sind andere L\u00f6sungen gew\u00fcnscht. Ein Pop-up-Zelt ist leicht und wiegt vermutlich weniger als Ihre Badetasche. In der Handhabung konnte dieser Zelttyp noch jeden \u00fcberzeugen: Zum Aufbau ist kaum mehr erforderlich, als eine Schlaufe zu l\u00f6sen und das Zelt loszulassen. Eine Sicherung am Boden h\u00e4lt alles an Ort und Stelle. Fast ebenso einfach faltet sich die Umkleidekabine am Ende des Badetags wieder zusammen. Gr\u00f6ssere Kabinen bieten mehr Platz und Komfort wie zum Beispiel einen Handtuchhalter.<\/p>\n<h2>Mehr Komfort f\u00fcr jeden Campingtyp<\/h2>\n<p style=\"text-align: justify;\">Ganz gleich, ob Sie mit Freunden im <a href=\"https:\/\/www.schlanser.ch\/zelte\/campingzelte\/leicht-trekkingzelte\/\">Trekkingzelt<\/a>, mit Campingmobil auf internationalen Campingpl\u00e4tzen oder in einsamer Abgeschiedenheit campen: Der vergr\u00f6sserte Stauraum mit Vorratszelt, Versorgungszelt oder Ger\u00e4tezelt rechtfertigt das Zusatzgewicht Gramm f\u00fcr Gramm. Manchmal sparen Sie sogar: Wenn das Vorzelt kleiner ausf\u00e4llt, weil die Campingk\u00fcche im K\u00fcchenzelt Platz findet. Dann wieder sind Sie flexibler in der Wahl Ihrer Ausstattung, wenn Sie empfindliches wie Fahrr\u00e4der oder Sitzauflagen trocken unterbringen. F\u00e4llt Ihre Ferienreise nur kurz aus und brauchen Sie weniger Equipment, kann das Zelt sogar zu Hause bleiben!<\/p>\n","protected":false},"excerpt":{"rendered":"<p>\u00ab Zusatzzelte vervielfachen den Komfort \u00bb Trotz Vorzelt und Wohnwagen ist beim Camping der Platz meist knapp. Gut verstaut kommt alles beim Reisen unter, doch wenn Liegestuhl, Fahrrad und Wasserspielzeug einmal freigelassen sind, wirken sie raumf\u00fcllend. Was fehlt, ist ein K\u00fcchenzelt, damit das Kochen ein Vergn\u00fcgen bleibt, oder ein Ger\u00e4tezelt, das Camping-Zubeh\u00f6r aufnimmt. Schlanser stellt &hellip;<\/p>\n","protected":false},"author":1,"featured_media":7188,"comment_status":"closed","ping_status":"open","sticky":false,"template":"","format":"standard","meta":{"footnotes":""},"categories":[3],"tags":[201,965,964,963,962,961,395,297,28,323],"yoast_head":"<!-- This site is optimized with the Yoast SEO plugin v22.2 - https:\/\/yoast.com\/wordpress\/plugins\/seo\/ -->\n<title>Modernes Camping mit dem K\u00fcchenzelt - Schlanser Magazin<\/title>\n<meta name=\"description\" content=\"Das Schlanser Camping Magazin berichtet \u00fcber modernes Camping mit K\u00fcchenzelt \u2714 Versorgungszelt \u2714 Tarps \u2714 und mehr \u2714 Mehr Erfahren!\" \/>\n<meta name=\"robots\" content=\"index, follow, max-snippet:-1, max-image-preview:large, max-video-preview:-1\" \/>\n<link rel=\"canonical\" href=\"https:\/\/www.schlanser.ch\/magazin\/modernes-camping-mit-dem-kuechenzelt\/\" \/>\n<meta property=\"og:locale\" content=\"de_DE\" \/>\n<meta property=\"og:type\" content=\"article\" \/>\n<meta property=\"og:title\" content=\"Modernes Camping mit dem K\u00fcchenzelt - Schlanser Magazin\" \/>\n<meta property=\"og:description\" content=\"Das Schlanser Camping Magazin berichtet \u00fcber modernes Camping mit K\u00fcchenzelt \u2714 Versorgungszelt \u2714 Tarps \u2714 und mehr \u2714 Mehr Erfahren!\" \/>\n<meta property=\"og:url\" content=\"https:\/\/www.schlanser.ch\/magazin\/modernes-camping-mit-dem-kuechenzelt\/\" \/>\n<meta property=\"og:site_name\" content=\"Schlanser Magazin\" \/>\n<meta property=\"article:published_time\" content=\"2019-07-24T06:51:30+00:00\" \/>\n<meta property=\"article:modified_time\" content=\"2024-01-10T13:54:31+00:00\" \/>\n<meta property=\"og:image\" content=\"https:\/\/www.schlanser.ch\/magazin\/wp-content\/uploads\/2019\/07\/Kochen.jpg\" \/>\n\t<meta property=\"og:image:width\" content=\"660\" \/>\n\t<meta property=\"og:image:height\" content=\"382\" \/>\n\t<meta property=\"og:image:type\" content=\"image\/jpeg\" \/>\n<meta name=\"author\" content=\"admin\" \/>\n<meta name=\"twitter:card\" content=\"summary_large_image\" \/>\n<meta name=\"twitter:label1\" content=\"Verfasst von\" \/>\n\t<meta name=\"twitter:data1\" content=\"admin\" \/>\n\t<meta name=\"twitter:label2\" content=\"Gesch\u00e4tzte Lesezeit\" \/>\n\t<meta name=\"twitter:data2\" content=\"5 Minuten\" \/>\n<script type=\"application\/ld+json\" class=\"yoast-schema-graph\">{\"@context\":\"https:\/\/schema.org\",\"@graph\":[{\"@type\":\"WebPage\",\"@id\":\"https:\/\/www.schlanser.ch\/magazin\/modernes-camping-mit-dem-kuechenzelt\/\",\"url\":\"https:\/\/www.schlanser.ch\/magazin\/modernes-camping-mit-dem-kuechenzelt\/\",\"name\":\"Modernes Camping mit dem K\u00fcchenzelt - Schlanser Magazin\",\"isPartOf\":{\"@id\":\"https:\/\/www.schlanser.ch\/magazin\/#website\"},\"primaryImageOfPage\":{\"@id\":\"https:\/\/www.schlanser.ch\/magazin\/modernes-camping-mit-dem-kuechenzelt\/#primaryimage\"},\"image\":{\"@id\":\"https:\/\/www.schlanser.ch\/magazin\/modernes-camping-mit-dem-kuechenzelt\/#primaryimage\"},\"thumbnailUrl\":\"https:\/\/www.schlanser.ch\/magazin\/wp-content\/uploads\/2019\/07\/Kochen.jpg\",\"datePublished\":\"2019-07-24T06:51:30+00:00\",\"dateModified\":\"2024-01-10T13:54:31+00:00\",\"author\":{\"@id\":\"https:\/\/www.schlanser.ch\/magazin\/#\/schema\/person\/000db0a103eb2594ba3daf394b1dfea2\"},\"description\":\"Das Schlanser Camping Magazin berichtet \u00fcber modernes Camping mit K\u00fcchenzelt \u2714 Versorgungszelt \u2714 Tarps \u2714 und mehr \u2714 Mehr Erfahren!\",\"breadcrumb\":{\"@id\":\"https:\/\/www.schlanser.ch\/magazin\/modernes-camping-mit-dem-kuechenzelt\/#breadcrumb\"},\"inLanguage\":\"de-DE\",\"potentialAction\":[{\"@type\":\"ReadAction\",\"target\":[\"https:\/\/www.schlanser.ch\/magazin\/modernes-camping-mit-dem-kuechenzelt\/\"]}]},{\"@type\":\"ImageObject\",\"inLanguage\":\"de-DE\",\"@id\":\"https:\/\/www.schlanser.ch\/magazin\/modernes-camping-mit-dem-kuechenzelt\/#primaryimage\",\"url\":\"https:\/\/www.schlanser.ch\/magazin\/wp-content\/uploads\/2019\/07\/Kochen.jpg\",\"contentUrl\":\"https:\/\/www.schlanser.ch\/magazin\/wp-content\/uploads\/2019\/07\/Kochen.jpg\",\"width\":660,\"height\":382,\"caption\":\"\u00a9 gpointstudio - stock.adobe.com\"},{\"@type\":\"BreadcrumbList\",\"@id\":\"https:\/\/www.schlanser.ch\/magazin\/modernes-camping-mit-dem-kuechenzelt\/#breadcrumb\",\"itemListElement\":[{\"@type\":\"ListItem\",\"position\":1,\"name\":\"Startseite\",\"item\":\"https:\/\/www.schlanser.ch\/magazin\/\"},{\"@type\":\"ListItem\",\"position\":2,\"name\":\"Modernes Camping mit dem K\u00fcchenzelt\"}]},{\"@type\":\"WebSite\",\"@id\":\"https:\/\/www.schlanser.ch\/magazin\/#website\",\"url\":\"https:\/\/www.schlanser.ch\/magazin\/\",\"name\":\"Schlanser Magazin\",\"description\":\"\",\"potentialAction\":[{\"@type\":\"SearchAction\",\"target\":{\"@type\":\"EntryPoint\",\"urlTemplate\":\"https:\/\/www.schlanser.ch\/magazin\/?s={search_term_string}\"},\"query-input\":\"required name=search_term_string\"}],\"inLanguage\":\"de-DE\"},{\"@type\":\"Person\",\"@id\":\"https:\/\/www.schlanser.ch\/magazin\/#\/schema\/person\/000db0a103eb2594ba3daf394b1dfea2\",\"name\":\"admin\",\"image\":{\"@type\":\"ImageObject\",\"inLanguage\":\"de-DE\",\"@id\":\"https:\/\/www.schlanser.ch\/magazin\/#\/schema\/person\/image\/\",\"url\":\"https:\/\/secure.gravatar.com\/avatar\/a794a4fe8a9b9c52241597eb381dfa2e?s=96&d=mm&r=g\",\"contentUrl\":\"https:\/\/secure.gravatar.com\/avatar\/a794a4fe8a9b9c52241597eb381dfa2e?s=96&d=mm&r=g\",\"caption\":\"admin\"}}]}<\/script>\n<!-- \/ Yoast SEO plugin. -->","yoast_head_json":{"title":"Modernes Camping mit dem K\u00fcchenzelt - Schlanser Magazin","description":"Das Schlanser Camping Magazin berichtet \u00fcber modernes Camping mit K\u00fcchenzelt \u2714 Versorgungszelt \u2714 Tarps \u2714 und mehr \u2714 Mehr Erfahren!","robots":{"index":"index","follow":"follow","max-snippet":"max-snippet:-1","max-image-preview":"max-image-preview:large","max-video-preview":"max-video-preview:-1"},"canonical":"https:\/\/www.schlanser.ch\/magazin\/modernes-camping-mit-dem-kuechenzelt\/","og_locale":"de_DE","og_type":"article","og_title":"Modernes Camping mit dem K\u00fcchenzelt - Schlanser Magazin","og_description":"Das Schlanser Camping Magazin berichtet \u00fcber modernes Camping mit K\u00fcchenzelt \u2714 Versorgungszelt \u2714 Tarps \u2714 und mehr \u2714 Mehr Erfahren!","og_url":"https:\/\/www.schlanser.ch\/magazin\/modernes-camping-mit-dem-kuechenzelt\/","og_site_name":"Schlanser Magazin","article_published_time":"2019-07-24T06:51:30+00:00","article_modified_time":"2024-01-10T13:54:31+00:00","og_image":[{"width":660,"height":382,"url":"https:\/\/www.schlanser.ch\/magazin\/wp-content\/uploads\/2019\/07\/Kochen.jpg","type":"image\/jpeg"}],"author":"admin","twitter_card":"summary_large_image","twitter_misc":{"Verfasst von":"admin","Gesch\u00e4tzte Lesezeit":"5 Minuten"},"schema":{"@context":"https:\/\/schema.org","@graph":[{"@type":"WebPage","@id":"https:\/\/www.schlanser.ch\/magazin\/modernes-camping-mit-dem-kuechenzelt\/","url":"https:\/\/www.schlanser.ch\/magazin\/modernes-camping-mit-dem-kuechenzelt\/","name":"Modernes Camping mit dem K\u00fcchenzelt - Schlanser Magazin","isPartOf":{"@id":"https:\/\/www.schlanser.ch\/magazin\/#website"},"primaryImageOfPage":{"@id":"https:\/\/www.schlanser.ch\/magazin\/modernes-camping-mit-dem-kuechenzelt\/#primaryimage"},"image":{"@id":"https:\/\/www.schlanser.ch\/magazin\/modernes-camping-mit-dem-kuechenzelt\/#primaryimage"},"thumbnailUrl":"https:\/\/www.schlanser.ch\/magazin\/wp-content\/uploads\/2019\/07\/Kochen.jpg","datePublished":"2019-07-24T06:51:30+00:00","dateModified":"2024-01-10T13:54:31+00:00","author":{"@id":"https:\/\/www.schlanser.ch\/magazin\/#\/schema\/person\/000db0a103eb2594ba3daf394b1dfea2"},"description":"Das Schlanser Camping Magazin berichtet \u00fcber modernes Camping mit K\u00fcchenzelt \u2714 Versorgungszelt \u2714 Tarps \u2714 und mehr \u2714 Mehr Erfahren!","breadcrumb":{"@id":"https:\/\/www.schlanser.ch\/magazin\/modernes-camping-mit-dem-kuechenzelt\/#breadcrumb"},"inLanguage":"de-DE","potentialAction":[{"@type":"ReadAction","target":["https:\/\/www.schlanser.ch\/magazin\/modernes-camping-mit-dem-kuechenzelt\/"]}]},{"@type":"ImageObject","inLanguage":"de-DE","@id":"https:\/\/www.schlanser.ch\/magazin\/modernes-camping-mit-dem-kuechenzelt\/#primaryimage","url":"https:\/\/www.schlanser.ch\/magazin\/wp-content\/uploads\/2019\/07\/Kochen.jpg","contentUrl":"https:\/\/www.schlanser.ch\/magazin\/wp-content\/uploads\/2019\/07\/Kochen.jpg","width":660,"height":382,"caption":"\u00a9 gpointstudio - stock.adobe.com"},{"@type":"BreadcrumbList","@id":"https:\/\/www.schlanser.ch\/magazin\/modernes-camping-mit-dem-kuechenzelt\/#breadcrumb","itemListElement":[{"@type":"ListItem","position":1,"name":"Startseite","item":"https:\/\/www.schlanser.ch\/magazin\/"},{"@type":"ListItem","position":2,"name":"Modernes Camping mit dem K\u00fcchenzelt"}]},{"@type":"WebSite","@id":"https:\/\/www.schlanser.ch\/magazin\/#website","url":"https:\/\/www.schlanser.ch\/magazin\/","name":"Schlanser Magazin","description":"","potentialAction":[{"@type":"SearchAction","target":{"@type":"EntryPoint","urlTemplate":"https:\/\/www.schlanser.ch\/magazin\/?s={search_term_string}"},"query-input":"required name=search_term_string"}],"inLanguage":"de-DE"},{"@type":"Person","@id":"https:\/\/www.schlanser.ch\/magazin\/#\/schema\/person\/000db0a103eb2594ba3daf394b1dfea2","name":"admin","image":{"@type":"ImageObject","inLanguage":"de-DE","@id":"https:\/\/www.schlanser.ch\/magazin\/#\/schema\/person\/image\/","url":"https:\/\/secure.gravatar.com\/avatar\/a794a4fe8a9b9c52241597eb381dfa2e?s=96&d=mm&r=g","contentUrl":"https:\/\/secure.gravatar.com\/avatar\/a794a4fe8a9b9c52241597eb381dfa2e?s=96&d=mm&r=g","caption":"admin"}}]}},"_links":{"self":[{"href":"https:\/\/www.schlanser.ch\/magazin\/wp-json\/wp\/v2\/posts\/7171"}],"collection":[{"href":"https:\/\/www.schlanser.ch\/magazin\/wp-json\/wp\/v2\/posts"}],"about":[{"href":"https:\/\/www.schlanser.ch\/magazin\/wp-json\/wp\/v2\/types\/post"}],"author":[{"embeddable":true,"href":"https:\/\/www.schlanser.ch\/magazin\/wp-json\/wp\/v2\/users\/1"}],"replies":[{"embeddable":true,"href":"https:\/\/www.schlanser.ch\/magazin\/wp-json\/wp\/v2\/comments?post=7171"}],"version-history":[{"count":14,"href":"https:\/\/www.schlanser.ch\/magazin\/wp-json\/wp\/v2\/posts\/7171\/revisions"}],"predecessor-version":[{"id":17207,"href":"https:\/\/www.schlanser.ch\/magazin\/wp-json\/wp\/v2\/posts\/7171\/revisions\/17207"}],"wp:featuredmedia":[{"embeddable":true,"href":"https:\/\/www.schlanser.ch\/magazin\/wp-json\/wp\/v2\/media\/7188"}],"wp:attachment":[{"href":"https:\/\/www.schlanser.ch\/magazin\/wp-json\/wp\/v2\/media?parent=7171"}],"wp:term":[{"taxonomy":"category","embeddable":true,"href":"https:\/\/www.schlanser.ch\/magazin\/wp-json\/wp\/v2\/categories?post=7171"},{"taxonomy":"post_tag","embeddable":true,"href":"https:\/\/www.schlanser.ch\/magazin\/wp-json\/wp\/v2\/tags?post=7171"}],"curies":[{"name":"wp","href":"https:\/\/api.w.org\/{rel}","templated":true}]}}