{"id":7282,"date":"2019-08-01T15:58:41","date_gmt":"2019-08-01T13:58:41","guid":{"rendered":"https:\/\/www.schlanser.ch\/magazin\/?p=7282"},"modified":"2024-01-04T09:44:03","modified_gmt":"2024-01-04T08:44:03","slug":"camping-im-schwarzwald","status":"publish","type":"post","link":"https:\/\/www.schlanser.ch\/magazin\/camping-im-schwarzwald\/","title":{"rendered":"Camping im Schwarzwald"},"content":{"rendered":"<h2>\u00ab Pure Natur im nahen Ausland \u00bb<\/h2>\n<p style=\"text-align: justify;\"><strong>Der Schwarzwald im S\u00fcdwesten Deutschlands bietet urspr\u00fcngliche Natur, ein gem\u00e4ssigtes Klima und eine gute Erreichbarkeit aus den meisten Ecken Europas. Wer den Wald liebt, gerne in Seen badet und sich von Eisenbahnromantik faszinieren l\u00e4sst, ist beim Camping im Schwarzwald in jedem Fall gut aufgehoben. Wir stellen Ihnen hier die verschiedenen Regionen und Besonderheiten des Mittelgebirges vor.<\/strong><\/p>\n<h2>Das ist der Schwarzwald<\/h2>\n<p style=\"text-align: justify;\">Im S\u00fcdwesten von Deutschland finden Sie Sommer wie Winter ein ideales Erholungsgebiet. In der warmen Jahreszeit laden grosse Waldfl\u00e4chen, unterbrochen von magisch anmutenden T\u00e4lern und glitzernden Seen zum Entspannen ein. Als h\u00f6chstes Mittelgebirge Deutschlands gibt es hier eine Vielzahl an M\u00f6glichkeiten f\u00fcr Wintersport. Rund um den Feldberg (1.493 m) und die anderen hohen Berge der Region tummeln sich zur kalten Jahreszeit die Anh\u00e4nger des alpinen Skisports. Doch auch die nordische Variante hat ihren Platz.<\/p>\n<figure id=\"attachment_7298\" aria-describedby=\"caption-attachment-7298\" style=\"width: 620px\" class=\"wp-caption aligncenter\"><img loading=\"lazy\" decoding=\"async\" class=\"wp-image-7298 size-full\" title=\"Blick \u00fcber Freiburg im Breisgau\" src=\"https:\/\/www.schlanser.ch\/magazin\/wp-content\/uploads\/2019\/08\/Freiburg.jpg\" alt=\"Blick \u00fcber Freiburg im Breisgau\" width=\"620\" height=\"413\" srcset=\"https:\/\/www.schlanser.ch\/magazin\/wp-content\/uploads\/2019\/08\/Freiburg.jpg 620w, https:\/\/www.schlanser.ch\/magazin\/wp-content\/uploads\/2019\/08\/Freiburg-300x200.jpg 300w\" sizes=\"(max-width: 620px) 100vw, 620px\" \/><figcaption id=\"caption-attachment-7298\" class=\"wp-caption-text\">\u00a9 peresanz &#8211; stock.adobe.com<\/figcaption><\/figure>\n<p style=\"text-align: justify;\">Insgesamt erstreckt sich der Schwarzwald \u00fcber 150 km von der Schweizer Grenze im S\u00fcden bis nach Karlsruhe im Norden. Bei rund 40 km Ost-West-Ausstreckung ber\u00fchrt er im Westen fast die franz\u00f6sische Grenze am Rhein. Wer zum Camping in den Schwarzwald f\u00e4hrt, kann sich zwischen drei grossen Regionen entscheiden: Im Norden dominiert klar die Waldlandschaft, welche hier und da von Seen durchsetzt ist. Der mittlere Abschnitt ist von Flusst\u00e4lern wie dem der Kinzig gepr\u00e4gt. Im S\u00fcdschwarzwald finden sich die h\u00f6chsten Erhebungen des Mittelgebirges. Auch hier sind kristallklare Seen die Hauptanziehungspunkte f\u00fcr Besucher.<\/p>\n<p><img loading=\"lazy\" decoding=\"async\" class=\"alignnone wp-image-7301 size-full\" title=\"Schwarzwald ReiseKnowHow\" src=\"https:\/\/www.schlanser.ch\/magazin\/wp-content\/uploads\/2019\/08\/Schwarzwald-ReiseKnowHow.jpg\" alt=\"Schwarzwald ReiseKnowHow\" width=\"305\" height=\"460\" srcset=\"https:\/\/www.schlanser.ch\/magazin\/wp-content\/uploads\/2019\/08\/Schwarzwald-ReiseKnowHow.jpg 305w, https:\/\/www.schlanser.ch\/magazin\/wp-content\/uploads\/2019\/08\/Schwarzwald-ReiseKnowHow-199x300.jpg 199w\" sizes=\"(max-width: 305px) 100vw, 305px\" \/> \u00a0<img loading=\"lazy\" decoding=\"async\" class=\"alignnone wp-image-7302 size-full\" title=\"Mit dem Wohnmobil in den Schwarzwald\" src=\"https:\/\/www.schlanser.ch\/magazin\/wp-content\/uploads\/2019\/08\/Mit-dem-Wohnmobil-in-den-Schwarzwald.jpg\" alt=\"Mit dem Wohnmobil in den Schwarzwald\" width=\"305\" height=\"460\" srcset=\"https:\/\/www.schlanser.ch\/magazin\/wp-content\/uploads\/2019\/08\/Mit-dem-Wohnmobil-in-den-Schwarzwald.jpg 305w, https:\/\/www.schlanser.ch\/magazin\/wp-content\/uploads\/2019\/08\/Mit-dem-Wohnmobil-in-den-Schwarzwald-199x300.jpg 199w\" sizes=\"(max-width: 305px) 100vw, 305px\" \/><\/p>\n<h2>Camping f\u00fcr Naturverbundene<\/h2>\n<p style=\"text-align: justify;\">Durch ihre weithin bekannte landschaftliche Sch\u00f6nheit ziehen die Regionen des Schwarzwaldes vorrangig naturverbundene Besucher an. Zahlreiche Rund- und Weit-Wanderwege mit verl\u00e4sslicher Ausschilderung f\u00fchren den sportlichen Camper \u00fcber die H\u00fcgel. Gleichermassen beliebt ist die Region bei Mountainbikern. Viele Campingpl\u00e4tze haben das ganze Jahr \u00fcber ge\u00f6ffnet, um im Winter die zahlreichen Skifahrer aufnehmen zu k\u00f6nnen. Im Rahmen von Wellness Camping werden zudem gerne Sauna, Dampfb\u00e4der, Massagen und Gymnastik angeboten. Ein besonderer Sport auf den Bergen des Schwarzwaldes ist aufgrund der soliden thermischen Bedingungen das Drachen- und Gleitschirmfliegen.<\/p>\n<figure id=\"attachment_7296\" aria-describedby=\"caption-attachment-7296\" style=\"width: 620px\" class=\"wp-caption aligncenter\"><img loading=\"lazy\" decoding=\"async\" class=\"wp-image-7296 size-full\" title=\"Paragliding im Schwarzwald\" src=\"https:\/\/www.schlanser.ch\/magazin\/wp-content\/uploads\/2019\/08\/Paragliding-im-Schwarzwald.jpg\" alt=\"Paragliding im Schwarzwald\" width=\"620\" height=\"376\" srcset=\"https:\/\/www.schlanser.ch\/magazin\/wp-content\/uploads\/2019\/08\/Paragliding-im-Schwarzwald.jpg 620w, https:\/\/www.schlanser.ch\/magazin\/wp-content\/uploads\/2019\/08\/Paragliding-im-Schwarzwald-300x182.jpg 300w\" sizes=\"(max-width: 620px) 100vw, 620px\" \/><figcaption id=\"caption-attachment-7296\" class=\"wp-caption-text\">\u00a9 C. Sch\u00fc\u00dfler &#8211; stock.adobe.com<\/figcaption><\/figure>\n<p style=\"text-align: justify;\">Sowohl der teils dichte Wald als auch die H\u00f6henlagen haben eine Erschliessung des Gebiets durch Autobahnen bisher verhindert. Die vorhandenen Bundesstrassen bringen Besucher in jede Ecke, sind in der Hochsaison allerdings gut ausgelastet. Daher bieten viele Unterk\u00fcnfte und Campingpl\u00e4tze im Schwarzwald die Konus-G\u00e4stekarte an, mit der Besucher gratis mit Bus und Bahn fahren d\u00fcrfen. So sind Tagesausfl\u00fcge vom Campingplatz nicht nur umweltfreundlicher, sondern auch weniger stressig.<\/p>\n<h2>Der Norden<\/h2>\n<p style=\"text-align: justify;\">Wer sich f\u00fcr Camping im Norden des Schwarzwaldes entscheidet, der trifft hier auf die vielf\u00e4ltigen Angebote eines 10.000 Hektar grossen Nationalparks. Zwischen Baden-Baden und Freudenstadt werden Touren und Veranstaltungen rund um die grossartige Natur angeboten. Lernen Sie beispielsweise die Wildkr\u00e4uter der Region kennen, erfahren Sie mehr \u00fcber den Wolf oder begeben Sie sich mit Zelten auf ein mehrt\u00e4giges Wildnis-Abenteuer.<\/p>\n<figure id=\"attachment_7285\" aria-describedby=\"caption-attachment-7285\" style=\"width: 620px\" class=\"wp-caption aligncenter\"><img loading=\"lazy\" decoding=\"async\" class=\"wp-image-7285 size-full\" title=\"Blick \u00fcber Baden Baden\" src=\"https:\/\/www.schlanser.ch\/magazin\/wp-content\/uploads\/2019\/08\/Baden-Baden.jpg\" alt=\"Blick \u00fcber Baden Baden\" width=\"620\" height=\"413\" srcset=\"https:\/\/www.schlanser.ch\/magazin\/wp-content\/uploads\/2019\/08\/Baden-Baden.jpg 620w, https:\/\/www.schlanser.ch\/magazin\/wp-content\/uploads\/2019\/08\/Baden-Baden-300x200.jpg 300w\" sizes=\"(max-width: 620px) 100vw, 620px\" \/><figcaption id=\"caption-attachment-7285\" class=\"wp-caption-text\">\u00a9 J\u00fcrgen Wackenhut &#8211; stock.adobe.com<\/figcaption><\/figure>\n<p style=\"text-align: justify;\">Sehnen Sie sich eher nach st\u00e4dtischer Kultur, sollten Sie einen der Campingpl\u00e4tze im Schwarzwald nahe Baden-Baden w\u00e4hlen. Vom Thermalbad bis zur Spielbank ist das Unterhaltungsprogramm \u00e4usserst vielseitig. Das Festspielhaus erlangte mit seinem erlesenen Programm an Opern und Konzerten bereits Weltber\u00fchmtheit. Ein g\u00e4nzliches Kontrastprogramm bietet hingegen Calw, das am \u00f6stlichen Rand des Schwarzwalds gelegen ist. Hier finden Sie neben einer gut erhaltenen Altstadt mit pittoreskem Fachwerk gleich zwei alte Kl\u00f6ster. Als Sohn der Stadt ist Hermann Hesse ein eigenes Museum gewidmet. Sie k\u00f6nnen Ihre Zeit au\u00dferdem im Bauernhausmuseum oder in der Sektmanufaktur verbringen.<\/p>\n<figure id=\"attachment_7286\" aria-describedby=\"caption-attachment-7286\" style=\"width: 620px\" class=\"wp-caption aligncenter\"><img loading=\"lazy\" decoding=\"async\" class=\"wp-image-7286 size-full\" title=\"Schloss- und Klosterruine Hirsau bei Calw\" src=\"https:\/\/www.schlanser.ch\/magazin\/wp-content\/uploads\/2019\/08\/Schloss-und-Klosterruine-Hirsau.jpg\" alt=\"Schloss- und Klosterruine Hirsau bei Calw\" width=\"620\" height=\"465\" srcset=\"https:\/\/www.schlanser.ch\/magazin\/wp-content\/uploads\/2019\/08\/Schloss-und-Klosterruine-Hirsau.jpg 620w, https:\/\/www.schlanser.ch\/magazin\/wp-content\/uploads\/2019\/08\/Schloss-und-Klosterruine-Hirsau-300x225.jpg 300w\" sizes=\"(max-width: 620px) 100vw, 620px\" \/><figcaption id=\"caption-attachment-7286\" class=\"wp-caption-text\">\u00a9 fotoliaiso &#8211; stock.adobe.com<\/figcaption><\/figure>\n<p style=\"text-align: justify;\">Ein kleines St\u00fcck tiefer im Mittelgebirge ist das St\u00e4dtchen H\u00f6fen gelegen. Hier bietet ein innovativer Campingplatz ein ganz neues Konzept im Bereich Wellness Camping. Der Platz &#8222;Quellgrund&#8220; liegt idyllisch zwischen bewaldeten H\u00fcgeln und der Enz. Neben Yoga f\u00fcr Gross und Klein werden vor Ort Pilates-Kurse, gemeinsames Joggen und Wandern angeboten. Die kulinarischen Gen\u00fcsse kommen an ausgew\u00e4hlten Tagen aus der eigenen K\u00fcche, dem Holzbackofen oder der \u00f6rtlichen Eismanufaktur. Ein kleines Bio-Sortiment an Lebensmitteln rundet das Angebot ab.<\/p>\n<h2>Zwischen Norden und S\u00fcden<\/h2>\n<p style=\"text-align: justify;\">Fahren Sie vom Norden Richtung S\u00fcdschwarzwald, kommen Sie durch die landwirtschaftlich gepr\u00e4gte Mitte des Mittelgebirges. Es lohnt sich, bei Baiersbronn eine Rast einzulegen. Hier zeigt der Lotharpfad anschaulich die Folgen des grossen Sturmtiefs von Weihnachten 1999. Eine ganze Schneise im Wald wurde nach der Verw\u00fcstung sich selbst \u00fcberlassen. Nun k\u00f6nnen interessierte Besucher beobachten, wie die Natur sich selbst wieder &#8222;aufforstet&#8220;.<\/p>\n<figure id=\"attachment_7288\" aria-describedby=\"caption-attachment-7288\" style=\"width: 620px\" class=\"wp-caption aligncenter\"><img loading=\"lazy\" decoding=\"async\" class=\"wp-image-7288 size-full\" title=\"Lotharpfad mit malerischem Ausblick\" src=\"https:\/\/www.schlanser.ch\/magazin\/wp-content\/uploads\/2019\/08\/Lotharpfad.jpg\" alt=\"Lotharpfad mit malerischem Ausblick\" width=\"620\" height=\"354\" srcset=\"https:\/\/www.schlanser.ch\/magazin\/wp-content\/uploads\/2019\/08\/Lotharpfad.jpg 620w, https:\/\/www.schlanser.ch\/magazin\/wp-content\/uploads\/2019\/08\/Lotharpfad-300x171.jpg 300w\" sizes=\"(max-width: 620px) 100vw, 620px\" \/><figcaption id=\"caption-attachment-7288\" class=\"wp-caption-text\">\u00a9 Anna &#8211; stock.adobe.com<\/figcaption><\/figure>\n<p style=\"text-align: justify;\">Das wohl bekannteste Tal dieser Region ist das Kinzigtal. Hier schl\u00e4ngelt sich der gleichnamige Fluss durch eine sanft gerundete Landschaft. Sehenswert sind in jedem Fall die Fachwerkst\u00e4dte Schiltach und Haslach. In Haslach finden Sie das Schwarzw\u00e4lder Trachtenmuseum. Neben den klassischen H\u00fcten mit roten und schwarzen Bommeln werden hier auch alle anderen Trachten des Schwarzwaldes ausgestellt. Ein lehrreicher Tagesausflug beim Camping im Schwarzwald f\u00fchrt zum Freilichtmuseum Vogtsbauernhof. Sie finden es in Gutach an der Schwarzwaldbahn. Das Freilichtmuseum zeigt an original H\u00e4usern anschaulich das b\u00e4uerliche Leben aus dem 16. und 17. Jahrhundert. Hierf\u00fcr wurden die Bauernh\u00e4user eigens an ihrem urspr\u00fcnglichen Ort abgebaut und St\u00fcck f\u00fcr St\u00fcck im Freilichtmuseum wiedererrichtet.<\/p>\n<p><a href=\"https:\/\/www.schlanser.ch\/zelte\/campingzelte\/tunnelzelte\/33618\/berger-campo-4-tunnelzelt\" class=\"broken_link\"><img loading=\"lazy\" decoding=\"async\" class=\"aligncenter wp-image-7290 size-full\" title=\"Berger Tunnelzelt Campo 4\" src=\"https:\/\/www.schlanser.ch\/thumbnail\/66\/38\/b5\/1674319324\/f4fb4e0eb51c4ab9a9be6584fd8062eb_960x960.jpg\" alt=\"Berger Tunnelzelt Campo 4\" width=\"620\" height=\"388\" \/><\/a><\/p>\n<p style=\"text-align: justify;\">Das Lynx Camp und Camping Resort ist einer der Campingpl\u00e4tze im Schwarzwald, der durch seine zentrale Lage begeistert. Nicht nur die M\u00f6glichkeit zum <a href=\"https:\/\/www.schlanser.ch\/zelte\/\">Zelten<\/a> auf \u00fcber 1.000 Metern, sondern auch die zahlreichen Wanderwege der Umgebung machen diesen Campingplatz zur perfekten Anlaufstelle f\u00fcr den Urlaub. So sind die Triberger Wasserf\u00e4llen nur 3,5 Kilometer entfernt. Auch ein Hochseilgarten, ein Ponyhof und die gr\u00f6sste Kuckucksuhr der Welt sind per pedes zu erreichen. Die liebevoll gestalteten Brosch\u00fcren f\u00fchren Sie sicher zu jedem Tagesziel.<\/p>\n<h2>Der S\u00fcdschwarzwald<\/h2>\n<p style=\"text-align: justify;\">Ganz im S\u00fcden des Mittelgebirges finden Sie den Naturpark S\u00fcdschwarzwald. Besonders bekannt ist das sogenannte &#8222;H\u00f6llental&#8220;, durch das sich eine Bundesstrasse und eine Bahnstrecke ziehen. \u00dcber diese Verbindung gelangen Sie von Freiburg im Breisgau zu den beliebten Seen der Region. F\u00fcr viele Besucher ist Camping im Schwarzwald gleichbedeutend mit einem Besuch des Titisees. Die 3seenbahn verbindet diese landschaftliche Perle mit dem Windgf\u00e4llweiher und dem Schluchsee.<\/p>\n<figure id=\"attachment_7292\" aria-describedby=\"caption-attachment-7292\" style=\"width: 620px\" class=\"wp-caption aligncenter\"><img loading=\"lazy\" decoding=\"async\" class=\"wp-image-7292 size-full\" title=\"Br\u00fccke im H\u00f6llental\" src=\"https:\/\/www.schlanser.ch\/magazin\/wp-content\/uploads\/2019\/08\/H\u00f6llental.jpg\" alt=\"Br\u00fccke im H\u00f6llental\" width=\"620\" height=\"414\" srcset=\"https:\/\/www.schlanser.ch\/magazin\/wp-content\/uploads\/2019\/08\/H\u00f6llental.jpg 620w, https:\/\/www.schlanser.ch\/magazin\/wp-content\/uploads\/2019\/08\/H\u00f6llental-300x200.jpg 300w\" sizes=\"(max-width: 620px) 100vw, 620px\" \/><figcaption id=\"caption-attachment-7292\" class=\"wp-caption-text\">\u00a9 Ilhan Balta &#8211; stock.adobe.com<\/figcaption><\/figure>\n<p style=\"text-align: justify;\">Der Camping &#8222;Bankenhof&#8220; ist einer der bestbewerteten Campingpl\u00e4tze dieser Gegend. Seine Lage in Hinterzarten am Titisee macht ihn zum perfekten Ausgangspunkt f\u00fcr einen Natur- und Badeurlaub. Hier kommen Sie im eigenen Camper oder einer Ferienwohnung unter. F\u00fcrs Zelten steht eine ger\u00e4umige Wiese zur Verf\u00fcgung. Kinder verbringen ihre Zeit gerne auf dem Spielplatz, dem Bolzplatz oder im nachmitt\u00e4glichen Kinderkino. Im Winter locken eine eigene Langlaufloipe, ein Rodelhang und die M\u00f6glichkeit zum Eisstockschiessen. F\u00fcr Ausfl\u00fcge in die Umgebung bieten sich ein Kletterpark, ein \u00fcberdachtes Badeparadies und ein Wildtierpark an.<\/p>\n<figure id=\"attachment_7294\" aria-describedby=\"caption-attachment-7294\" style=\"width: 620px\" class=\"wp-caption aligncenter\"><img loading=\"lazy\" decoding=\"async\" class=\"wp-image-7294 size-full\" title=\"Blick auf den Titisee\" src=\"https:\/\/www.schlanser.ch\/magazin\/wp-content\/uploads\/2019\/08\/Titisee.jpg\" alt=\"Blick auf den Titisee\" width=\"620\" height=\"437\" srcset=\"https:\/\/www.schlanser.ch\/magazin\/wp-content\/uploads\/2019\/08\/Titisee.jpg 620w, https:\/\/www.schlanser.ch\/magazin\/wp-content\/uploads\/2019\/08\/Titisee-300x211.jpg 300w\" sizes=\"(max-width: 620px) 100vw, 620px\" \/><figcaption id=\"caption-attachment-7294\" class=\"wp-caption-text\">\u00a9 Comofoto &#8211; stock.adobe.com<\/figcaption><\/figure>\n<p style=\"text-align: justify;\">Die gr\u00f6sste und bekannteste Stadt im s\u00fcdlichen Schwarzwald ist Freiburg im Breisgau. Sollten Sie beim Camping im Schwarzwald das dringende Bed\u00fcrfnis nach Kultur versp\u00fcren, ist Freiburg Ihre Anlaufstelle. Die umfangreiche Theaterszene reicht vom klassischen Theater Freiburg \u00fcber das Alemannische Mundarttheater bis hin zu diversen Improvisationsb\u00fchnen. Eine unz\u00e4hlige Menge an Ch\u00f6ren und Orchestern sorgen rund ums Jahr f\u00fcr ein hochwertiges musikalisches Programm.<\/p>\n<blockquote>\n<p style=\"text-align: justify;\">Camping im Schwarzwald findet stets an der Schnittstelle zwischen Natur und kulturellem Leben statt.<\/p>\n<\/blockquote>\n","protected":false},"excerpt":{"rendered":"<p>\u00ab Pure Natur im nahen Ausland \u00bb Der Schwarzwald im S\u00fcdwesten Deutschlands bietet urspr\u00fcngliche Natur, ein gem\u00e4ssigtes Klima und eine gute Erreichbarkeit aus den meisten Ecken Europas. Wer den Wald liebt, gerne in Seen badet und sich von Eisenbahnromantik faszinieren l\u00e4sst, ist beim Camping im Schwarzwald in jedem Fall gut aufgehoben. Wir stellen Ihnen hier &hellip;<\/p>\n","protected":false},"author":1,"featured_media":7300,"comment_status":"closed","ping_status":"open","sticky":false,"template":"","format":"standard","meta":{"footnotes":""},"categories":[2],"tags":[201,981,370,197,288,638,982,983],"yoast_head":"<!-- This site is optimized with the Yoast SEO plugin v22.2 - https:\/\/yoast.com\/wordpress\/plugins\/seo\/ -->\n<title>Camping im Schwarzwald - Schlanser Magazin<\/title>\n<meta name=\"description\" content=\"Das Schlanser Magazin zeigt die sch\u00f6nsten Flecken im Schwarzwald! \u2013 Erleben Sie Camping umgeben von Natur vom Bodensee bis Karlsruhe \u2714\" \/>\n<meta name=\"robots\" content=\"noindex, follow\" \/>\n<meta property=\"og:locale\" content=\"de_DE\" \/>\n<meta property=\"og:type\" content=\"article\" \/>\n<meta property=\"og:title\" content=\"Camping im Schwarzwald - Schlanser Magazin\" \/>\n<meta property=\"og:description\" content=\"Das Schlanser Magazin zeigt die sch\u00f6nsten Flecken im Schwarzwald! \u2013 Erleben Sie Camping umgeben von Natur vom Bodensee bis Karlsruhe \u2714\" \/>\n<meta property=\"og:url\" content=\"https:\/\/www.schlanser.ch\/magazin\/camping-im-schwarzwald\/\" \/>\n<meta property=\"og:site_name\" content=\"Schlanser Magazin\" \/>\n<meta property=\"article:published_time\" content=\"2019-08-01T13:58:41+00:00\" \/>\n<meta property=\"article:modified_time\" content=\"2024-01-04T08:44:03+00:00\" \/>\n<meta property=\"og:image\" content=\"https:\/\/www.schlanser.ch\/magazin\/wp-content\/uploads\/2019\/08\/Schwarzwald.jpg\" \/>\n\t<meta property=\"og:image:width\" content=\"660\" \/>\n\t<meta property=\"og:image:height\" content=\"376\" \/>\n\t<meta property=\"og:image:type\" content=\"image\/jpeg\" \/>\n<meta name=\"author\" content=\"admin\" \/>\n<meta name=\"twitter:card\" content=\"summary_large_image\" \/>\n<meta name=\"twitter:label1\" content=\"Verfasst von\" \/>\n\t<meta name=\"twitter:data1\" content=\"admin\" \/>\n\t<meta name=\"twitter:label2\" content=\"Gesch\u00e4tzte Lesezeit\" \/>\n\t<meta name=\"twitter:data2\" content=\"9 Minuten\" \/>\n<script type=\"application\/ld+json\" class=\"yoast-schema-graph\">{\"@context\":\"https:\/\/schema.org\",\"@graph\":[{\"@type\":\"WebPage\",\"@id\":\"https:\/\/www.schlanser.ch\/magazin\/camping-im-schwarzwald\/\",\"url\":\"https:\/\/www.schlanser.ch\/magazin\/camping-im-schwarzwald\/\",\"name\":\"Camping im Schwarzwald - Schlanser Magazin\",\"isPartOf\":{\"@id\":\"https:\/\/www.schlanser.ch\/magazin\/#website\"},\"primaryImageOfPage\":{\"@id\":\"https:\/\/www.schlanser.ch\/magazin\/camping-im-schwarzwald\/#primaryimage\"},\"image\":{\"@id\":\"https:\/\/www.schlanser.ch\/magazin\/camping-im-schwarzwald\/#primaryimage\"},\"thumbnailUrl\":\"https:\/\/www.schlanser.ch\/magazin\/wp-content\/uploads\/2019\/08\/Schwarzwald.jpg\",\"datePublished\":\"2019-08-01T13:58:41+00:00\",\"dateModified\":\"2024-01-04T08:44:03+00:00\",\"author\":{\"@id\":\"https:\/\/www.schlanser.ch\/magazin\/#\/schema\/person\/000db0a103eb2594ba3daf394b1dfea2\"},\"description\":\"Das Schlanser Magazin zeigt die sch\u00f6nsten Flecken im Schwarzwald! \u2013 Erleben Sie Camping umgeben von Natur vom Bodensee bis Karlsruhe \u2714\",\"breadcrumb\":{\"@id\":\"https:\/\/www.schlanser.ch\/magazin\/camping-im-schwarzwald\/#breadcrumb\"},\"inLanguage\":\"de-DE\",\"potentialAction\":[{\"@type\":\"ReadAction\",\"target\":[\"https:\/\/www.schlanser.ch\/magazin\/camping-im-schwarzwald\/\"]}]},{\"@type\":\"ImageObject\",\"inLanguage\":\"de-DE\",\"@id\":\"https:\/\/www.schlanser.ch\/magazin\/camping-im-schwarzwald\/#primaryimage\",\"url\":\"https:\/\/www.schlanser.ch\/magazin\/wp-content\/uploads\/2019\/08\/Schwarzwald.jpg\",\"contentUrl\":\"https:\/\/www.schlanser.ch\/magazin\/wp-content\/uploads\/2019\/08\/Schwarzwald.jpg\",\"width\":660,\"height\":376,\"caption\":\"\u00a9 tichr - stock.adobe.com\"},{\"@type\":\"BreadcrumbList\",\"@id\":\"https:\/\/www.schlanser.ch\/magazin\/camping-im-schwarzwald\/#breadcrumb\",\"itemListElement\":[{\"@type\":\"ListItem\",\"position\":1,\"name\":\"Startseite\",\"item\":\"https:\/\/www.schlanser.ch\/magazin\/\"},{\"@type\":\"ListItem\",\"position\":2,\"name\":\"Camping im Schwarzwald\"}]},{\"@type\":\"WebSite\",\"@id\":\"https:\/\/www.schlanser.ch\/magazin\/#website\",\"url\":\"https:\/\/www.schlanser.ch\/magazin\/\",\"name\":\"Schlanser Magazin\",\"description\":\"\",\"potentialAction\":[{\"@type\":\"SearchAction\",\"target\":{\"@type\":\"EntryPoint\",\"urlTemplate\":\"https:\/\/www.schlanser.ch\/magazin\/?s={search_term_string}\"},\"query-input\":\"required name=search_term_string\"}],\"inLanguage\":\"de-DE\"},{\"@type\":\"Person\",\"@id\":\"https:\/\/www.schlanser.ch\/magazin\/#\/schema\/person\/000db0a103eb2594ba3daf394b1dfea2\",\"name\":\"admin\",\"image\":{\"@type\":\"ImageObject\",\"inLanguage\":\"de-DE\",\"@id\":\"https:\/\/www.schlanser.ch\/magazin\/#\/schema\/person\/image\/\",\"url\":\"https:\/\/secure.gravatar.com\/avatar\/a794a4fe8a9b9c52241597eb381dfa2e?s=96&d=mm&r=g\",\"contentUrl\":\"https:\/\/secure.gravatar.com\/avatar\/a794a4fe8a9b9c52241597eb381dfa2e?s=96&d=mm&r=g\",\"caption\":\"admin\"}}]}<\/script>\n<!-- \/ Yoast SEO plugin. -->","yoast_head_json":{"title":"Camping im Schwarzwald - Schlanser Magazin","description":"Das Schlanser Magazin zeigt die sch\u00f6nsten Flecken im Schwarzwald! \u2013 Erleben Sie Camping umgeben von Natur vom Bodensee bis Karlsruhe \u2714","robots":{"index":"noindex","follow":"follow"},"og_locale":"de_DE","og_type":"article","og_title":"Camping im Schwarzwald - Schlanser Magazin","og_description":"Das Schlanser Magazin zeigt die sch\u00f6nsten Flecken im Schwarzwald! \u2013 Erleben Sie Camping umgeben von Natur vom Bodensee bis Karlsruhe \u2714","og_url":"https:\/\/www.schlanser.ch\/magazin\/camping-im-schwarzwald\/","og_site_name":"Schlanser Magazin","article_published_time":"2019-08-01T13:58:41+00:00","article_modified_time":"2024-01-04T08:44:03+00:00","og_image":[{"width":660,"height":376,"url":"https:\/\/www.schlanser.ch\/magazin\/wp-content\/uploads\/2019\/08\/Schwarzwald.jpg","type":"image\/jpeg"}],"author":"admin","twitter_card":"summary_large_image","twitter_misc":{"Verfasst von":"admin","Gesch\u00e4tzte Lesezeit":"9 Minuten"},"schema":{"@context":"https:\/\/schema.org","@graph":[{"@type":"WebPage","@id":"https:\/\/www.schlanser.ch\/magazin\/camping-im-schwarzwald\/","url":"https:\/\/www.schlanser.ch\/magazin\/camping-im-schwarzwald\/","name":"Camping im Schwarzwald - Schlanser Magazin","isPartOf":{"@id":"https:\/\/www.schlanser.ch\/magazin\/#website"},"primaryImageOfPage":{"@id":"https:\/\/www.schlanser.ch\/magazin\/camping-im-schwarzwald\/#primaryimage"},"image":{"@id":"https:\/\/www.schlanser.ch\/magazin\/camping-im-schwarzwald\/#primaryimage"},"thumbnailUrl":"https:\/\/www.schlanser.ch\/magazin\/wp-content\/uploads\/2019\/08\/Schwarzwald.jpg","datePublished":"2019-08-01T13:58:41+00:00","dateModified":"2024-01-04T08:44:03+00:00","author":{"@id":"https:\/\/www.schlanser.ch\/magazin\/#\/schema\/person\/000db0a103eb2594ba3daf394b1dfea2"},"description":"Das Schlanser Magazin zeigt die sch\u00f6nsten Flecken im Schwarzwald! \u2013 Erleben Sie Camping umgeben von Natur vom Bodensee bis Karlsruhe \u2714","breadcrumb":{"@id":"https:\/\/www.schlanser.ch\/magazin\/camping-im-schwarzwald\/#breadcrumb"},"inLanguage":"de-DE","potentialAction":[{"@type":"ReadAction","target":["https:\/\/www.schlanser.ch\/magazin\/camping-im-schwarzwald\/"]}]},{"@type":"ImageObject","inLanguage":"de-DE","@id":"https:\/\/www.schlanser.ch\/magazin\/camping-im-schwarzwald\/#primaryimage","url":"https:\/\/www.schlanser.ch\/magazin\/wp-content\/uploads\/2019\/08\/Schwarzwald.jpg","contentUrl":"https:\/\/www.schlanser.ch\/magazin\/wp-content\/uploads\/2019\/08\/Schwarzwald.jpg","width":660,"height":376,"caption":"\u00a9 tichr - stock.adobe.com"},{"@type":"BreadcrumbList","@id":"https:\/\/www.schlanser.ch\/magazin\/camping-im-schwarzwald\/#breadcrumb","itemListElement":[{"@type":"ListItem","position":1,"name":"Startseite","item":"https:\/\/www.schlanser.ch\/magazin\/"},{"@type":"ListItem","position":2,"name":"Camping im Schwarzwald"}]},{"@type":"WebSite","@id":"https:\/\/www.schlanser.ch\/magazin\/#website","url":"https:\/\/www.schlanser.ch\/magazin\/","name":"Schlanser Magazin","description":"","potentialAction":[{"@type":"SearchAction","target":{"@type":"EntryPoint","urlTemplate":"https:\/\/www.schlanser.ch\/magazin\/?s={search_term_string}"},"query-input":"required name=search_term_string"}],"inLanguage":"de-DE"},{"@type":"Person","@id":"https:\/\/www.schlanser.ch\/magazin\/#\/schema\/person\/000db0a103eb2594ba3daf394b1dfea2","name":"admin","image":{"@type":"ImageObject","inLanguage":"de-DE","@id":"https:\/\/www.schlanser.ch\/magazin\/#\/schema\/person\/image\/","url":"https:\/\/secure.gravatar.com\/avatar\/a794a4fe8a9b9c52241597eb381dfa2e?s=96&d=mm&r=g","contentUrl":"https:\/\/secure.gravatar.com\/avatar\/a794a4fe8a9b9c52241597eb381dfa2e?s=96&d=mm&r=g","caption":"admin"}}]}},"_links":{"self":[{"href":"https:\/\/www.schlanser.ch\/magazin\/wp-json\/wp\/v2\/posts\/7282"}],"collection":[{"href":"https:\/\/www.schlanser.ch\/magazin\/wp-json\/wp\/v2\/posts"}],"about":[{"href":"https:\/\/www.schlanser.ch\/magazin\/wp-json\/wp\/v2\/types\/post"}],"author":[{"embeddable":true,"href":"https:\/\/www.schlanser.ch\/magazin\/wp-json\/wp\/v2\/users\/1"}],"replies":[{"embeddable":true,"href":"https:\/\/www.schlanser.ch\/magazin\/wp-json\/wp\/v2\/comments?post=7282"}],"version-history":[{"count":16,"href":"https:\/\/www.schlanser.ch\/magazin\/wp-json\/wp\/v2\/posts\/7282\/revisions"}],"predecessor-version":[{"id":16681,"href":"https:\/\/www.schlanser.ch\/magazin\/wp-json\/wp\/v2\/posts\/7282\/revisions\/16681"}],"wp:featuredmedia":[{"embeddable":true,"href":"https:\/\/www.schlanser.ch\/magazin\/wp-json\/wp\/v2\/media\/7300"}],"wp:attachment":[{"href":"https:\/\/www.schlanser.ch\/magazin\/wp-json\/wp\/v2\/media?parent=7282"}],"wp:term":[{"taxonomy":"category","embeddable":true,"href":"https:\/\/www.schlanser.ch\/magazin\/wp-json\/wp\/v2\/categories?post=7282"},{"taxonomy":"post_tag","embeddable":true,"href":"https:\/\/www.schlanser.ch\/magazin\/wp-json\/wp\/v2\/tags?post=7282"}],"curies":[{"name":"wp","href":"https:\/\/api.w.org\/{rel}","templated":true}]}}