{"id":7311,"date":"2019-08-13T10:55:30","date_gmt":"2019-08-13T08:55:30","guid":{"rendered":"https:\/\/www.schlanser.ch\/magazin\/?p=7311"},"modified":"2025-06-23T17:11:45","modified_gmt":"2025-06-23T15:11:45","slug":"camping-am-comer-see","status":"publish","type":"post","link":"https:\/\/www.schlanser.ch\/magazin\/camping-am-comer-see\/","title":{"rendered":"Camping am Comer See"},"content":{"rendered":"<h2><strong>\u00ab <\/strong>Wir zeigen die besten Pl\u00e4tze \u00bb<\/h2>\n<p style=\"text-align: justify;\"><strong>&#8222;Willst du immer weiter schweifen? Sieh, das Gute liegt so nah?&#8220; Dieses gefl\u00fcgelte Wort aus Goethes &#8222;Erinnerung&#8220; trifft exakt auf die norditalienischen Seen zu. Aus der Schweiz sind sie im Handumdrehen zu erreichen und stillen doch viele Sehns\u00fcchte, die ein Campingurlauber haben kann. Lesen Sie hier interessante Fakten \u00fcber den Comer See und dessen pittoreske Uferst\u00e4dtchen.<\/strong><\/p>\n<h2>Comer See<\/h2>\n<p style=\"text-align: justify;\">Ans s\u00fcdliche Ende der Alpen schmiegt sich dieser glitzernde See, der von den Italienern &#8222;Lago di Como&#8220; oder kurz &#8222;Lario&#8220; genannt wird. Er ist perfekter Ausgangspunkt f\u00fcr die <a href=\"https:\/\/www.schlanser.ch\/magazin\/campingplaetze-in-italien\/\">Italienreise mit dem Caravan<\/a>. Die teils steil vom Ufer aufragenden H\u00e4nge sorgen f\u00fcr ein besonders idyllisches Panorama. Mit 2609 m ist der Monte Legnone der h\u00f6chste Berg am Comer See.<\/p>\n<figure id=\"attachment_7369\" aria-describedby=\"caption-attachment-7369\" style=\"width: 620px\" class=\"wp-caption aligncenter\"><img loading=\"lazy\" decoding=\"async\" class=\"wp-image-7369 size-full\" title=\"Die Alpen mit dem Monte Legnone bieten eine atemberaubende Kulisse\" src=\"https:\/\/www.schlanser.ch\/magazin\/wp-content\/uploads\/2040\/08\/AdobeStock_176810566.jpg\" alt=\"Die Alpen mit dem Monte Legnone bieten eine atemberaubende Kulisse\" width=\"620\" height=\"334\" srcset=\"https:\/\/www.schlanser.ch\/magazin\/wp-content\/uploads\/2040\/08\/AdobeStock_176810566.jpg 620w, https:\/\/www.schlanser.ch\/magazin\/wp-content\/uploads\/2040\/08\/AdobeStock_176810566-300x162.jpg 300w\" sizes=\"(max-width: 620px) 100vw, 620px\" \/><figcaption id=\"caption-attachment-7369\" class=\"wp-caption-text\">\u00a9 holger.l.berlin &#8211; stock.adobe.com<\/figcaption><\/figure>\n<p style=\"text-align: justify;\">Auf der Karte betrachtet, hat der Comer See die Form eines auf dem Kopf stehenden Y. Rund 170 km lang kann man der Uferlinie folgen, bis man wieder am Startort ankommt. \u00dcber 30 Zufl\u00fcsse speisen ihn mit frischem Wasser aus den Bergen. Dank des milden mediterranen Klimas geniessen Sie an diesem Kleinod in der Lombardei bis in den Herbst hinein angenehm warme Temperaturen. Packen Sie <a href=\"https:\/\/www.schlanser.ch\/moebel\/campingmoebel\/haengematten\/\">H\u00e4ngematte<\/a> oder <a href=\"https:\/\/www.schlanser.ch\/moebel\/campingmoebel\/campingstuehle\/\">Liegestuhl<\/a> ein, um hier noch in der Nebensaison eine gen\u00fcssliche Siesta zu halten.<\/p>\n<p><a href=\"https:\/\/www.schlanser.ch\/moebel\/haengematten\/\"><img loading=\"lazy\" decoding=\"async\" class=\"aligncenter wp-image-7371 size-full\" title=\"Reiseh\u00e4ngematte Travel Set blau\" src=\"https:\/\/www.schlanser.ch\/magazin\/wp-content\/uploads\/2040\/08\/IMG_730380_1_1712050925595a2658190f727_3.jpg\" alt=\"Reiseh\u00e4ngematte Travel Set blau\" width=\"620\" height=\"378\" srcset=\"https:\/\/www.schlanser.ch\/magazin\/wp-content\/uploads\/2040\/08\/IMG_730380_1_1712050925595a2658190f727_3.jpg 620w, https:\/\/www.schlanser.ch\/magazin\/wp-content\/uploads\/2040\/08\/IMG_730380_1_1712050925595a2658190f727_3-300x183.jpg 300w\" sizes=\"(max-width: 620px) 100vw, 620px\" \/><\/a><\/p>\n<h2>Attraktionen rund um den Comer See<\/h2>\n<p style=\"text-align: justify;\">In den urt\u00fcmlichen italienischen Orten, wie zum Beispiel Dongo, Varenna oder Lecco dominiert der einheimische Charme. Der Tourismus ist hingegen kaum sp\u00fcrbar. Campingpl\u00e4tze locken hier mit reizvollen Namen wie &#8222;Campeggio Paradiso&#8220; oder &#8222;Colle Vento&#8220; (Windh\u00fcgel).<\/p>\n<p style=\"text-align: justify;\">Im 15. Jahrhundert erfuhr die Region ihren wirtschaftlichen H\u00f6hepunkt. Im Zuge der boomenden Seidenindustrie wurden entlang des Wassers eindrucksvolle Villen inmitten gepflegter Parkanlagen errichtet. Viele Villen haben heute eine neue Funktion als \u00f6ffentliche Geb\u00e4ude oder Hotels. Dank des pflanzenfreundlichen Klimas gedeihen in insgesamt 13 botanischen G\u00e4rten rund um das Wasser allerlei Pflanzen. Wer Steine bevorzugt, besichtigt eine der erschlossenen Grotten. Anfang September gibt es sogar ein eigenes Grottenfest bei Chiavenna.<\/p>\n<p style=\"text-align: justify;\">Der Comer See selbst l\u00e4dt zu diversen Wasseraktivit\u00e4ten wie Segeln, Rudern, Wasserski, Tauchen, Wind- und Kitesurfen, Rudern und Angeln ein. An den seichten Str\u00e4nden k\u00f6nnen Kinder nach Herzenslust mit ihrem <a href=\"https:\/\/www.schlanser.ch\/outdoor-freizeit\/wasserwelt\/\">Wasserspielzeug<\/a> planschen. Zu Land halten Sie sich entweder beim Tennis oder Velofahren fit. Beim Boccia oder Golfen k\u00f6nnen Sie sich entspannen.<\/p>\n<p><a href=\"https:\/\/www.schlanser.ch\/outdoor-freizeit\/wasserwelt\/schlauchboote-kajaks-sup-boards\/\"><img loading=\"lazy\" decoding=\"async\" class=\"aligncenter wp-image-7332\" title=\"Intex Schlauchboot Challenger 2\" src=\"https:\/\/www.schlanser.ch\/magazin\/wp-content\/uploads\/2040\/08\/Intex-Schlauchboot-Challenger-2.jpg\" alt=\"Intex Schlauchboot Challenger 2\" width=\"521\" height=\"310\" srcset=\"https:\/\/www.schlanser.ch\/magazin\/wp-content\/uploads\/2040\/08\/Intex-Schlauchboot-Challenger-2.jpg 620w, https:\/\/www.schlanser.ch\/magazin\/wp-content\/uploads\/2040\/08\/Intex-Schlauchboot-Challenger-2-300x179.jpg 300w\" sizes=\"(max-width: 521px) 100vw, 521px\" \/><\/a><\/p>\n<p style=\"text-align: justify;\">W\u00e4hrend die umliegenden Berge im Sommer zu Wanderungen, Bergsteigen, Mountainbike-Touren und Klettern einladen, sind im Winter die Bedingungen zum Skifahren ideal. Auch Schneeschuhwanderungen werden angeboten und im Dezember finden sich interessante Weihnachtsm\u00e4rkte in den Ortschaften.<\/p>\n<h2>Domaso \u2013 Perle am Westufer<\/h2>\n<p style=\"text-align: justify;\">Das St\u00e4dtchen Domaso teilt sich in zwei Bereiche: die Altstadt mit dem Fischereihafen, den urt\u00fcmlichen Bars und alteingesessenen Gesch\u00e4ften einerseits, sowie die Landzunge andererseits, auf der neuere Einrichtungen wie Ferienh\u00e4user, Restaurants sowie diverse Sport- und Freizeiteinrichtungen Platz finden. Hier liegen ausserdem einladende Str\u00e4nde, die teilweise mit Sand aufwarten.<\/p>\n<p style=\"text-align: justify;\">Zwei Campingpl\u00e4tze in Domaso sind besonders erw\u00e4hnenswert: der Camping Italia \u00b490 und der Campeggio Paradiso. Ersterer liegt direkt am Ufer des Comer Sees, von wo aus Fuss- und Radwege am Ufer entlang in die benachbarten Orte f\u00fchren. Entscheiden Sie sich zwischen Camping im eigenen Wohnwagen oder den luxuri\u00f6sen Mobilheimen vor Ort. Wer feste W\u00e4nde bevorzugt findet auf dem Italia \u00b490 voll ausgestattete Appartements vor.<\/p>\n<figure id=\"attachment_7354\" aria-describedby=\"caption-attachment-7354\" style=\"width: 735px\" class=\"wp-caption aligncenter\"><img loading=\"lazy\" decoding=\"async\" class=\"wp-image-7354 size-full\" title=\"Domaso - einer der vielen Traumorte rund um den Comer See\" src=\"https:\/\/www.schlanser.ch\/magazin\/wp-content\/uploads\/2040\/08\/AdobeStock_158884716_3.jpg\" alt=\"Domaso - einer der vielen Traumorte rund um den Comer See\" width=\"735\" height=\"381\" srcset=\"https:\/\/www.schlanser.ch\/magazin\/wp-content\/uploads\/2040\/08\/AdobeStock_158884716_3.jpg 735w, https:\/\/www.schlanser.ch\/magazin\/wp-content\/uploads\/2040\/08\/AdobeStock_158884716_3-300x156.jpg 300w\" sizes=\"(max-width: 735px) 100vw, 735px\" \/><figcaption id=\"caption-attachment-7354\" class=\"wp-caption-text\">\u00a9 Simone Polattini &#8211; stock.adobe.com<\/figcaption><\/figure>\n<p style=\"text-align: justify;\">Trotz schattiger Stellpl\u00e4tze auf dem Italia \u00b490 sollten Sie Ihr Vorzelt mitnehmen. Es bietet bei Bedarf Privatsph\u00e4re und eine Unterstellm\u00f6glichkeit f\u00fcr Wassersportger\u00e4te. Dank der g\u00fcnstigen Windverh\u00e4ltnisse stehen am Ufer von Domaso Kite- und Windsurfen ganz hoch im Kurs. Ausserhalb des Wassers verbringen Sie Ihre Zeit beim Pilates, Kindertanzen, in der Bar oder bei einer Massage.<\/p>\n<p style=\"text-align: justify;\">Vom Campeggio Paradiso gibt es zwei Zug\u00e4nge zum angrenzenden Strand. Baden k\u00f6nnen Sie ausserdem im Pool auf der Terrasse mit Blick auf den Comer See. F\u00fcr G\u00e4ste in einem der 16 Bungalows ist der Pool gratis. In der Snack-Bar am Strand finden Sie zu jeder Mahlzeit ein passendes italienisches Gericht. Am Campeggio Paradiso k\u00f6nnen Sie sich bequem Equipment zum Windsurfen, einen Katamaran, Kanus oder Mountainbikes ausleihen.<\/p>\n<h2>Richtung S\u00fcden<\/h2>\n<p style=\"text-align: justify;\">Wenn Sie Domaso nach S\u00fcden in Richtung Dongo verlassen, finden Sie etwas oberhalb bei Gaggio in den Weinbergen den Agrarcampingplatz Colle Vento. Dies ist einer der famili\u00e4ren Campingpl\u00e4tze, die nur Zelte aufnehmen. Die Zufahrtsstrasse ist f\u00fcr Wohnmobile ohnehin zu eng. Dieser idyllische Platz hat von Mai bis Oktober ge\u00f6ffnet und bietet von jeder Parzelle aus eine unvergleichliche Aussicht auf den Comer See. Selbst gr\u00f6ssere Familienzelte finden auf dem Colle Vento Platz. Wer Lust hat, darf gerne bei der Arbeit in den Weinst\u00f6cken mithelfen.<\/p>\n<p><a href=\"https:\/\/www.schlanser.ch\/zelte\/campingzelte\/\"><img loading=\"lazy\" decoding=\"async\" class=\"aligncenter wp-image-7338 size-full\" title=\"Berger Kuppelzelt Easy Rock 4 Plus\" src=\"https:\/\/www.schlanser.ch\/magazin\/wp-content\/uploads\/2040\/08\/Berger-Kuppelzelt-Easy-Rock-4-Plus.jpg\" alt=\"Berger Kuppelzelt Easy Rock 4 Plus\" width=\"620\" height=\"360\" srcset=\"https:\/\/www.schlanser.ch\/magazin\/wp-content\/uploads\/2040\/08\/Berger-Kuppelzelt-Easy-Rock-4-Plus.jpg 620w, https:\/\/www.schlanser.ch\/magazin\/wp-content\/uploads\/2040\/08\/Berger-Kuppelzelt-Easy-Rock-4-Plus-300x174.jpg 300w\" sizes=\"(max-width: 620px) 100vw, 620px\" \/><\/a><\/p>\n<p style=\"text-align: justify;\">Nach etwa f\u00fcnf Kilometern entlang des Ufers stossen Sie auf das \u00d6rtchen Dongo. Es ist bekannt, weil hier in 1945 Mussolini gefangen genommen wurde. Sehenswert ist in jedem Fall das Partisanenmuseum im Rathaus an der Piazza von Dongo. Der grosse Platz direkt am Wasser mit seinen Schiffsanlegern l\u00e4dt zum Verweilen ein. Am n\u00f6rdlichen Ende der Stadt finden Sie einen sch\u00f6nen, flachen Badestrand.<\/p>\n<h2>Camping am S\u00fcdufer<\/h2>\n<p style=\"text-align: justify;\">Am s\u00fcdlichen Ufer des Comer Sees laden zwei bedeutende Orte zu einem Besuch ein. Neben Bellagio ist dies Como, die Hauptstadt der Region. Sie liegt ganz an der Spitze des linken Armes. Der Stadtkern in seiner rechteckigen Form ist auf die r\u00f6mische Kaiserzeit zur\u00fcckzuf\u00fchren. Neben dem Dom und dem Seidenmuseum ist die Villa Olmo absolut sehenswert. Das neoklassizistische Geb\u00e4ude von 1812 steht f\u00fcr kulturelle Veranstaltungen zur Verf\u00fcgung. Im angrenzenden Park finden Sie Gew\u00e4chsh\u00e4user vom Ende des 19. Jahrhunderts. Besuchen Sie Ende August das grosse Mittelalterfest in Como.<\/p>\n<figure id=\"attachment_7352\" aria-describedby=\"caption-attachment-7352\" style=\"width: 620px\" class=\"wp-caption aligncenter\"><img loading=\"lazy\" decoding=\"async\" class=\"wp-image-7352 size-full\" title=\"Como, die wundersch\u00f6ne Hauptstadt der Region\" src=\"https:\/\/www.schlanser.ch\/magazin\/wp-content\/uploads\/2040\/08\/AdobeStock_223730442_2.jpg\" alt=\"Como, die wundersch\u00f6ne Hauptstadt der Region\" width=\"620\" height=\"365\" srcset=\"https:\/\/www.schlanser.ch\/magazin\/wp-content\/uploads\/2040\/08\/AdobeStock_223730442_2.jpg 620w, https:\/\/www.schlanser.ch\/magazin\/wp-content\/uploads\/2040\/08\/AdobeStock_223730442_2-300x177.jpg 300w\" sizes=\"(max-width: 620px) 100vw, 620px\" \/><figcaption id=\"caption-attachment-7352\" class=\"wp-caption-text\">\u00a9 Boris Stroujko &#8211; stock.adobe.com<\/figcaption><\/figure>\n<p style=\"text-align: justify;\">Der Kurort Bellagio liegt an der Gabelung in rechten und linken Arm. Daher bietet sich von der Uferpromenade aus eines der sch\u00f6nsten Panoramen \u00fcber den Comer See. Noch eindrucksvoller ist die Aussicht vom nahe gelegenen Monte San Primo. In der Altstadt, die ebenfalls auf eine gut 2000-j\u00e4hrige Geschichte zur\u00fcckblickt, winden sich urige Gassen ges\u00e4umt von gastronomischen Versuchungen und h\u00fcbschen Boutiquen. Sehenswert ist in Bellagio die Villa Serbelloni. Sie ist heute ein f\u00fcnf Sterne Luxushotel. Der zugeh\u00f6rige Park ist \u00f6ffentlich zug\u00e4nglich.<\/p>\n<h2>Entlang des Ostufers<\/h2>\n<figure id=\"attachment_7366\" aria-describedby=\"caption-attachment-7366\" style=\"width: 620px\" class=\"wp-caption aligncenter\"><img loading=\"lazy\" decoding=\"async\" class=\"wp-image-7366 size-full\" title=\"Auch das St\u00e4dtchen Lecco mit seiner Basilika ist ein Highlight\" src=\"https:\/\/www.schlanser.ch\/magazin\/wp-content\/uploads\/2040\/08\/AdobeStock_174181696_2.jpg\" alt=\"Auch das St\u00e4dtchen Lecco mit seiner Basilika ist ein Highlight\" width=\"620\" height=\"385\" srcset=\"https:\/\/www.schlanser.ch\/magazin\/wp-content\/uploads\/2040\/08\/AdobeStock_174181696_2.jpg 620w, https:\/\/www.schlanser.ch\/magazin\/wp-content\/uploads\/2040\/08\/AdobeStock_174181696_2-300x186.jpg 300w\" sizes=\"(max-width: 620px) 100vw, 620px\" \/><figcaption id=\"caption-attachment-7366\" class=\"wp-caption-text\">\u00a9 Silvano Rebai &#8211; stock.adobe.com<\/figcaption><\/figure>\n<p style=\"text-align: justify;\">Am \u00f6stlichen Ufer des rechten Armes finden Sie die Stadt Lecco. Man erkennt sie leicht an dem hoch aufragenden Kirchturm. Dieser geh\u00f6rt zur Basilika San Nicol\u00f2 und ist mit 96 Metern einer der h\u00f6chsten Kircht\u00fcrme Italiens. Rund um die Basilika l\u00e4dt eine vertr\u00e4umte Altstadt zum Bummeln und Shoppen ein. Vor den Toren von Lecco stehen die Berge zum Wandern und Bergsteigen parat. Die Corna di Medale am Stadtrand ist bei Kletterern besonders beliebt. Im Winter geht es mit einer Seilbahn ins n\u00e4chste Skigebiet.Weiter im Norden, fast gegen\u00fcber von Bellagio, liegt Varenna. Urlauber geniessen ausgedehnte Spazierg\u00e4nge entlang der gewundenen Uferpromenade. Besuchen Sie das Castello di Vezio oberhalb des Dorfes und staunen Sie \u00fcber eine herausragende Rundumsicht. Ebenfalls sehenswert ist die Villa Monastero, die im 11. Jahrhundert als Zisterzienserkloster erbaut wurde. \u00dcber die Jahrhunderte wurde sie immer wieder den aktuellen Bed\u00fcrfnissen seiner Besitzer angepasst. Inmitten eines botanischen Gartens in Varenna gelegen, beherbergt die Villa heute ein Museum zur eigenen Geschichte.<\/p>\n","protected":false},"excerpt":{"rendered":"<p>\u00ab Wir zeigen die besten Pl\u00e4tze \u00bb &#8222;Willst du immer weiter schweifen? Sieh, das Gute liegt so nah?&#8220; Dieses gefl\u00fcgelte Wort aus Goethes &#8222;Erinnerung&#8220; trifft exakt auf die norditalienischen Seen zu. Aus der Schweiz sind sie im Handumdrehen zu erreichen und stillen doch viele Sehns\u00fcchte, die ein Campingurlauber haben kann. Lesen Sie hier interessante Fakten &hellip;<\/p>\n","protected":false},"author":1,"featured_media":7316,"comment_status":"closed","ping_status":"open","sticky":false,"template":"","format":"standard","meta":{"footnotes":""},"categories":[2],"tags":[509,201,984,986,989,987,985,254,990,991,372,988],"yoast_head":"<!-- This site is optimized with the Yoast SEO plugin v22.2 - https:\/\/yoast.com\/wordpress\/plugins\/seo\/ -->\n<title>Camping am Comer See - Schlanser Magazin<\/title>\n<meta name=\"description\" content=\"Lesen Sie im Schlanser Camping-Magazin interessante Fakten \u00fcber den Comer See und dessen Uferst\u00e4dtchen \u2714Domaso \u2714Bellagio \u2714Como \u2714Lecco\" \/>\n<meta name=\"robots\" content=\"index, follow, max-snippet:-1, max-image-preview:large, max-video-preview:-1\" \/>\n<link rel=\"canonical\" href=\"https:\/\/www.schlanser.ch\/magazin\/camping-am-comer-see\/\" \/>\n<meta property=\"og:locale\" content=\"de_DE\" \/>\n<meta property=\"og:type\" content=\"article\" \/>\n<meta property=\"og:title\" content=\"Camping am Comer See - Schlanser Magazin\" \/>\n<meta property=\"og:description\" content=\"Lesen Sie im Schlanser Camping-Magazin interessante Fakten \u00fcber den Comer See und dessen Uferst\u00e4dtchen \u2714Domaso \u2714Bellagio \u2714Como \u2714Lecco\" \/>\n<meta property=\"og:url\" content=\"https:\/\/www.schlanser.ch\/magazin\/camping-am-comer-see\/\" \/>\n<meta property=\"og:site_name\" content=\"Schlanser Magazin\" \/>\n<meta property=\"article:published_time\" content=\"2019-08-13T08:55:30+00:00\" \/>\n<meta property=\"article:modified_time\" content=\"2025-06-23T15:11:45+00:00\" \/>\n<meta property=\"og:image\" content=\"https:\/\/www.schlanser.ch\/magazin\/wp-content\/uploads\/2040\/08\/AdobeStock_258782361.jpg\" \/>\n\t<meta property=\"og:image:width\" content=\"660\" \/>\n\t<meta property=\"og:image:height\" content=\"254\" \/>\n\t<meta property=\"og:image:type\" content=\"image\/jpeg\" \/>\n<meta name=\"author\" content=\"admin\" \/>\n<meta name=\"twitter:card\" content=\"summary_large_image\" \/>\n<meta name=\"twitter:label1\" content=\"Verfasst von\" \/>\n\t<meta name=\"twitter:data1\" content=\"admin\" \/>\n\t<meta name=\"twitter:label2\" content=\"Gesch\u00e4tzte Lesezeit\" \/>\n\t<meta name=\"twitter:data2\" content=\"8 Minuten\" \/>\n<script type=\"application\/ld+json\" class=\"yoast-schema-graph\">{\"@context\":\"https:\/\/schema.org\",\"@graph\":[{\"@type\":\"WebPage\",\"@id\":\"https:\/\/www.schlanser.ch\/magazin\/camping-am-comer-see\/\",\"url\":\"https:\/\/www.schlanser.ch\/magazin\/camping-am-comer-see\/\",\"name\":\"Camping am Comer See - Schlanser Magazin\",\"isPartOf\":{\"@id\":\"https:\/\/www.schlanser.ch\/magazin\/#website\"},\"primaryImageOfPage\":{\"@id\":\"https:\/\/www.schlanser.ch\/magazin\/camping-am-comer-see\/#primaryimage\"},\"image\":{\"@id\":\"https:\/\/www.schlanser.ch\/magazin\/camping-am-comer-see\/#primaryimage\"},\"thumbnailUrl\":\"https:\/\/www.schlanser.ch\/magazin\/wp-content\/uploads\/2040\/08\/AdobeStock_258782361.jpg\",\"datePublished\":\"2019-08-13T08:55:30+00:00\",\"dateModified\":\"2025-06-23T15:11:45+00:00\",\"author\":{\"@id\":\"https:\/\/www.schlanser.ch\/magazin\/#\/schema\/person\/000db0a103eb2594ba3daf394b1dfea2\"},\"description\":\"Lesen Sie im Schlanser Camping-Magazin interessante Fakten \u00fcber den Comer See und dessen Uferst\u00e4dtchen \u2714Domaso \u2714Bellagio \u2714Como \u2714Lecco\",\"breadcrumb\":{\"@id\":\"https:\/\/www.schlanser.ch\/magazin\/camping-am-comer-see\/#breadcrumb\"},\"inLanguage\":\"de-DE\",\"potentialAction\":[{\"@type\":\"ReadAction\",\"target\":[\"https:\/\/www.schlanser.ch\/magazin\/camping-am-comer-see\/\"]}]},{\"@type\":\"ImageObject\",\"inLanguage\":\"de-DE\",\"@id\":\"https:\/\/www.schlanser.ch\/magazin\/camping-am-comer-see\/#primaryimage\",\"url\":\"https:\/\/www.schlanser.ch\/magazin\/wp-content\/uploads\/2040\/08\/AdobeStock_258782361.jpg\",\"contentUrl\":\"https:\/\/www.schlanser.ch\/magazin\/wp-content\/uploads\/2040\/08\/AdobeStock_258782361.jpg\",\"width\":660,\"height\":254,\"caption\":\"\u00a9 Composer - stock.adobe.com\"},{\"@type\":\"BreadcrumbList\",\"@id\":\"https:\/\/www.schlanser.ch\/magazin\/camping-am-comer-see\/#breadcrumb\",\"itemListElement\":[{\"@type\":\"ListItem\",\"position\":1,\"name\":\"Startseite\",\"item\":\"https:\/\/www.schlanser.ch\/magazin\/\"},{\"@type\":\"ListItem\",\"position\":2,\"name\":\"Camping am Comer See\"}]},{\"@type\":\"WebSite\",\"@id\":\"https:\/\/www.schlanser.ch\/magazin\/#website\",\"url\":\"https:\/\/www.schlanser.ch\/magazin\/\",\"name\":\"Schlanser Magazin\",\"description\":\"\",\"potentialAction\":[{\"@type\":\"SearchAction\",\"target\":{\"@type\":\"EntryPoint\",\"urlTemplate\":\"https:\/\/www.schlanser.ch\/magazin\/?s={search_term_string}\"},\"query-input\":\"required name=search_term_string\"}],\"inLanguage\":\"de-DE\"},{\"@type\":\"Person\",\"@id\":\"https:\/\/www.schlanser.ch\/magazin\/#\/schema\/person\/000db0a103eb2594ba3daf394b1dfea2\",\"name\":\"admin\",\"image\":{\"@type\":\"ImageObject\",\"inLanguage\":\"de-DE\",\"@id\":\"https:\/\/www.schlanser.ch\/magazin\/#\/schema\/person\/image\/\",\"url\":\"https:\/\/secure.gravatar.com\/avatar\/a794a4fe8a9b9c52241597eb381dfa2e?s=96&d=mm&r=g\",\"contentUrl\":\"https:\/\/secure.gravatar.com\/avatar\/a794a4fe8a9b9c52241597eb381dfa2e?s=96&d=mm&r=g\",\"caption\":\"admin\"}}]}<\/script>\n<!-- \/ Yoast SEO plugin. -->","yoast_head_json":{"title":"Camping am Comer See - Schlanser Magazin","description":"Lesen Sie im Schlanser Camping-Magazin interessante Fakten \u00fcber den Comer See und dessen Uferst\u00e4dtchen \u2714Domaso \u2714Bellagio \u2714Como \u2714Lecco","robots":{"index":"index","follow":"follow","max-snippet":"max-snippet:-1","max-image-preview":"max-image-preview:large","max-video-preview":"max-video-preview:-1"},"canonical":"https:\/\/www.schlanser.ch\/magazin\/camping-am-comer-see\/","og_locale":"de_DE","og_type":"article","og_title":"Camping am Comer See - Schlanser Magazin","og_description":"Lesen Sie im Schlanser Camping-Magazin interessante Fakten \u00fcber den Comer See und dessen Uferst\u00e4dtchen \u2714Domaso \u2714Bellagio \u2714Como \u2714Lecco","og_url":"https:\/\/www.schlanser.ch\/magazin\/camping-am-comer-see\/","og_site_name":"Schlanser Magazin","article_published_time":"2019-08-13T08:55:30+00:00","article_modified_time":"2025-06-23T15:11:45+00:00","og_image":[{"width":660,"height":254,"url":"https:\/\/www.schlanser.ch\/magazin\/wp-content\/uploads\/2040\/08\/AdobeStock_258782361.jpg","type":"image\/jpeg"}],"author":"admin","twitter_card":"summary_large_image","twitter_misc":{"Verfasst von":"admin","Gesch\u00e4tzte Lesezeit":"8 Minuten"},"schema":{"@context":"https:\/\/schema.org","@graph":[{"@type":"WebPage","@id":"https:\/\/www.schlanser.ch\/magazin\/camping-am-comer-see\/","url":"https:\/\/www.schlanser.ch\/magazin\/camping-am-comer-see\/","name":"Camping am Comer See - Schlanser Magazin","isPartOf":{"@id":"https:\/\/www.schlanser.ch\/magazin\/#website"},"primaryImageOfPage":{"@id":"https:\/\/www.schlanser.ch\/magazin\/camping-am-comer-see\/#primaryimage"},"image":{"@id":"https:\/\/www.schlanser.ch\/magazin\/camping-am-comer-see\/#primaryimage"},"thumbnailUrl":"https:\/\/www.schlanser.ch\/magazin\/wp-content\/uploads\/2040\/08\/AdobeStock_258782361.jpg","datePublished":"2019-08-13T08:55:30+00:00","dateModified":"2025-06-23T15:11:45+00:00","author":{"@id":"https:\/\/www.schlanser.ch\/magazin\/#\/schema\/person\/000db0a103eb2594ba3daf394b1dfea2"},"description":"Lesen Sie im Schlanser Camping-Magazin interessante Fakten \u00fcber den Comer See und dessen Uferst\u00e4dtchen \u2714Domaso \u2714Bellagio \u2714Como \u2714Lecco","breadcrumb":{"@id":"https:\/\/www.schlanser.ch\/magazin\/camping-am-comer-see\/#breadcrumb"},"inLanguage":"de-DE","potentialAction":[{"@type":"ReadAction","target":["https:\/\/www.schlanser.ch\/magazin\/camping-am-comer-see\/"]}]},{"@type":"ImageObject","inLanguage":"de-DE","@id":"https:\/\/www.schlanser.ch\/magazin\/camping-am-comer-see\/#primaryimage","url":"https:\/\/www.schlanser.ch\/magazin\/wp-content\/uploads\/2040\/08\/AdobeStock_258782361.jpg","contentUrl":"https:\/\/www.schlanser.ch\/magazin\/wp-content\/uploads\/2040\/08\/AdobeStock_258782361.jpg","width":660,"height":254,"caption":"\u00a9 Composer - stock.adobe.com"},{"@type":"BreadcrumbList","@id":"https:\/\/www.schlanser.ch\/magazin\/camping-am-comer-see\/#breadcrumb","itemListElement":[{"@type":"ListItem","position":1,"name":"Startseite","item":"https:\/\/www.schlanser.ch\/magazin\/"},{"@type":"ListItem","position":2,"name":"Camping am Comer See"}]},{"@type":"WebSite","@id":"https:\/\/www.schlanser.ch\/magazin\/#website","url":"https:\/\/www.schlanser.ch\/magazin\/","name":"Schlanser Magazin","description":"","potentialAction":[{"@type":"SearchAction","target":{"@type":"EntryPoint","urlTemplate":"https:\/\/www.schlanser.ch\/magazin\/?s={search_term_string}"},"query-input":"required name=search_term_string"}],"inLanguage":"de-DE"},{"@type":"Person","@id":"https:\/\/www.schlanser.ch\/magazin\/#\/schema\/person\/000db0a103eb2594ba3daf394b1dfea2","name":"admin","image":{"@type":"ImageObject","inLanguage":"de-DE","@id":"https:\/\/www.schlanser.ch\/magazin\/#\/schema\/person\/image\/","url":"https:\/\/secure.gravatar.com\/avatar\/a794a4fe8a9b9c52241597eb381dfa2e?s=96&d=mm&r=g","contentUrl":"https:\/\/secure.gravatar.com\/avatar\/a794a4fe8a9b9c52241597eb381dfa2e?s=96&d=mm&r=g","caption":"admin"}}]}},"_links":{"self":[{"href":"https:\/\/www.schlanser.ch\/magazin\/wp-json\/wp\/v2\/posts\/7311"}],"collection":[{"href":"https:\/\/www.schlanser.ch\/magazin\/wp-json\/wp\/v2\/posts"}],"about":[{"href":"https:\/\/www.schlanser.ch\/magazin\/wp-json\/wp\/v2\/types\/post"}],"author":[{"embeddable":true,"href":"https:\/\/www.schlanser.ch\/magazin\/wp-json\/wp\/v2\/users\/1"}],"replies":[{"embeddable":true,"href":"https:\/\/www.schlanser.ch\/magazin\/wp-json\/wp\/v2\/comments?post=7311"}],"version-history":[{"count":56,"href":"https:\/\/www.schlanser.ch\/magazin\/wp-json\/wp\/v2\/posts\/7311\/revisions"}],"predecessor-version":[{"id":18771,"href":"https:\/\/www.schlanser.ch\/magazin\/wp-json\/wp\/v2\/posts\/7311\/revisions\/18771"}],"wp:featuredmedia":[{"embeddable":true,"href":"https:\/\/www.schlanser.ch\/magazin\/wp-json\/wp\/v2\/media\/7316"}],"wp:attachment":[{"href":"https:\/\/www.schlanser.ch\/magazin\/wp-json\/wp\/v2\/media?parent=7311"}],"wp:term":[{"taxonomy":"category","embeddable":true,"href":"https:\/\/www.schlanser.ch\/magazin\/wp-json\/wp\/v2\/categories?post=7311"},{"taxonomy":"post_tag","embeddable":true,"href":"https:\/\/www.schlanser.ch\/magazin\/wp-json\/wp\/v2\/tags?post=7311"}],"curies":[{"name":"wp","href":"https:\/\/api.w.org\/{rel}","templated":true}]}}