{"id":7496,"date":"2019-08-23T09:48:00","date_gmt":"2019-08-23T07:48:00","guid":{"rendered":"https:\/\/www.schlanser.ch\/magazin\/?p=7496"},"modified":"2024-01-10T14:53:33","modified_gmt":"2024-01-10T13:53:33","slug":"das-strandzelt","status":"publish","type":"post","link":"https:\/\/www.schlanser.ch\/magazin\/das-strandzelt\/","title":{"rendered":"Das Strandzelt"},"content":{"rendered":"<h2>\u00ab Mobiler Sonnenschutz vom Schirm bis zum Pop-up \u00bb<\/h2>\n<p style=\"text-align: justify;\"><strong>Sonnenschutz ist wichtig und es sind ganz unterschiedliche L\u00f6sungen im Einsatz: Beim <\/strong><a href=\"https:\/\/www.schlanser.ch\/outdoor-freizeit\/wind-sonnenschutz\/pavillons-tarps\/\"><strong>Camping mit Tarp<\/strong><\/a><strong>, im Garten mit <\/strong><a href=\"https:\/\/www.schlanser.ch\/outdoor-freizeit\/wind-sonnenschutz\/sichtschutz-sonnenschirme\/\"><strong>Sonnenschirm<\/strong><\/a><strong>, auf der Beachparty mit <\/strong><a href=\"https:\/\/www.schlanser.ch\/outdoor-freizeit\/wind-sonnenschutz\/strandmuscheln\/\"><strong>Strandzelt<\/strong><\/a><strong>. Wie genau ist nicht nur eine Frage der Funktionalit\u00e4t, sondern auch eine Frage des Stils. Dass jede Art Beschattung gute Werte beim UV-Schutz beweisen muss, liegt auf der Hand. Oft ist es aber so, dass verschiedene Strategien ineinandergreifen, um wirklich erfolgreich zu sein.<\/strong><\/p>\n<h2>Schattenspender je nach Reiseziel<\/h2>\n<p style=\"text-align: justify;\">Ob Tarp oder Strandzelt, ob Sonnenschirm oder Strandmuschel entscheidet oft der Ferienort. Im Landesinneren bei wenig Wind reicht ein Sonnenschutz von oben. Durch die flexiblen Aufbaum\u00f6glichkeiten eines Tarps ist sogar Schattenwurf bei schr\u00e4g stehender Sonne machbar. Das kann eine Strandmuschel wohl ebenfalls leisten, bietet insgesamt jedoch deutlich weniger Platz. Unter einem Tarp k\u00f6nnen Sie \u2013 entsprechend angebracht \u2013 aufrecht hindurchgehen. Je nach Gr\u00f6sse ist es f\u00fcr mehrere Personen geeignet oder beschattet den Tisch. Kleinere Ausf\u00fchrungen spenden h\u00e4ufig Schatten oder reichen je nach Klima als alleinige \u00dcbernachtungsm\u00f6glichkeit vollkommen aus.<\/p>\n<p><img loading=\"lazy\" decoding=\"async\" class=\"aligncenter wp-image-7499 size-full\" title=\"Strandmuschel Basic\" src=\"https:\/\/www.schlanser.ch\/magazin\/wp-content\/uploads\/2019\/08\/Strandmuschel-Basic.jpg\" alt=\"Strandmuschel Basic\" width=\"620\" height=\"388\" srcset=\"https:\/\/www.schlanser.ch\/magazin\/wp-content\/uploads\/2019\/08\/Strandmuschel-Basic.jpg 620w, https:\/\/www.schlanser.ch\/magazin\/wp-content\/uploads\/2019\/08\/Strandmuschel-Basic-300x188.jpg 300w\" sizes=\"(max-width: 620px) 100vw, 620px\" \/><\/p>\n<h2>Klassisch sch\u00f6n f\u00fcr Garten und Balkon<\/h2>\n<p style=\"text-align: justify;\">Der Sonnenschirm ist f\u00fcr viele der Inbegriff von Ferien und Entspannung. Obwohl andere Designs verf\u00fcgbar sind, bleibt das klassische Muster gestreift. In allen Farbkombinationen und Breiten. Der Sonnenschirm ist windanf\u00e4lliger als zum Beispiel ein <a href=\"https:\/\/www.schlanser.ch\/zelte\/campingzelte\/wurfzelte\/\">Pop-up-Zelt<\/a> oder ein Strandzelt. Anders als das Tarp ist er flexibel in der Aufstellung. Er ben\u00f6tigt keine Fixpunkte an B\u00e4umen, Pfosten, Wohnmobil, sondern bringt diesen selbst mit: Ohne Fuss oder Halterung taugt leider selbst der beste Sonnenschirm nichts. Sein Format und das Gewicht des Fusses machen ihn jedoch zum Gep\u00e4ckst\u00fcck, auf das der kritische Blick bei eingeschr\u00e4nkter Zuladungskapazit\u00e4t als Erstes f\u00e4llt.<\/p>\n<p><img loading=\"lazy\" decoding=\"async\" class=\"aligncenter wp-image-7502 size-full\" title=\"Berger Wurfzelt Ponte 2\" src=\"https:\/\/www.schlanser.ch\/magazin\/wp-content\/uploads\/2019\/08\/Berger-Wurfzelt-Ponte-2.jpg\" alt=\"Berger Wurfzelt Ponte 2\" width=\"620\" height=\"388\" srcset=\"https:\/\/www.schlanser.ch\/magazin\/wp-content\/uploads\/2019\/08\/Berger-Wurfzelt-Ponte-2.jpg 620w, https:\/\/www.schlanser.ch\/magazin\/wp-content\/uploads\/2019\/08\/Berger-Wurfzelt-Ponte-2-300x188.jpg 300w\" sizes=\"(max-width: 620px) 100vw, 620px\" \/><\/p>\n<h2>Schattenplatz mit gewissem Extra<\/h2>\n<p style=\"text-align: justify;\">Das Strandzelt ist auch ein auf das notwendigste reduzierte <a href=\"https:\/\/www.schlanser.ch\/zelte\/campingzelte\/leicht-trekkingzelte\/\">Trekkingzelt<\/a>, oft in Iglu-Form und ebenso aufzubauen: klein handlich, schnell und erstaunlich gross im Innenraum. Beim Strandzelt tritt dieser Effekt noch weiter in den Vordergrund, da die Seitenw\u00e4nde komplett frei sein k\u00f6nnen. Ein Boden wirkt einladend. Dass alles rundherum schliessbar ist, bew\u00e4hrt sich nicht nur bei Wind, sondern auch, um die Habe vor neugierigen Blicken zu sch\u00fctzen. Hersteller legen beim Strandzelt Wert auf geringes Gewicht.<\/p>\n<p><img loading=\"lazy\" decoding=\"async\" class=\"aligncenter wp-image-7504 size-full\" title=\"Mountain Guide Trekkingzelt Nola II\" src=\"https:\/\/www.schlanser.ch\/magazin\/wp-content\/uploads\/2019\/08\/Mountain-Guide-Trekkingzelt-Nola-II.jpg\" alt=\"Mountain Guide Trekkingzelt Nola II\" width=\"620\" height=\"371\" srcset=\"https:\/\/www.schlanser.ch\/magazin\/wp-content\/uploads\/2019\/08\/Mountain-Guide-Trekkingzelt-Nola-II.jpg 620w, https:\/\/www.schlanser.ch\/magazin\/wp-content\/uploads\/2019\/08\/Mountain-Guide-Trekkingzelt-Nola-II-300x180.jpg 300w\" sizes=\"(max-width: 620px) 100vw, 620px\" \/><\/p>\n<blockquote>\n<p style=\"text-align: justify;\">Verpackt wie ein Trekkingzelt l\u00e4sst es leicht mit dem Velo bef\u00f6rdern. Weitere Features wie Taschen oder Bel\u00fcftung sind je nach Hersteller m\u00f6glich.<\/p>\n<\/blockquote>\n<h2>F\u00fcr Schnell-Aufbauer<\/h2>\n<p style=\"text-align: justify;\">Das Strandzelt ist auch in der Konstruktionsvariante als Pop-up-Zelt im Handel. Das erleichtert den Aufbau ungemein. Erfahrene Camper lassen sich nicht dazu verleiten, ein Strandzelt mit einem Trekkingzelt zu verwechseln. F\u00fcr echte Outdoor-Abenteuer ist es ungeeignet. F\u00fcr eine lauschige Nacht am See \u2013 und wenn dort keine M\u00fccken zu bef\u00fcrchten sind \u2013 kann es aber durchaus ausreichen. Schatten bietet es allemal und wie hoch der UV-Schutz ausf\u00e4llt, liegt unter anderem an der Farbe. F\u00fcr spontane Ausfl\u00fcge ist es deshalb der ideale Begleiter. Auch deshalb, weil immer alles im Packsack zu finden ist: Kaum mehr als <a href=\"https:\/\/www.schlanser.ch\/zelte\/zeltzubehoer\/zeltheringe-abspannmaterial\/\">Heringe und Abspannleinen<\/a> sind f\u00fcr ein Pop-up-Zelt nicht erforderlich. Im Notfall steht es sogar allein und das Gep\u00e4ck beschwert es gegen Wind.<\/p>\n<p><img loading=\"lazy\" decoding=\"async\" class=\"aligncenter wp-image-7507 size-full\" title=\"Kit Awning Pegs\" src=\"https:\/\/www.schlanser.ch\/magazin\/wp-content\/uploads\/2019\/08\/Kit-Awning-Pegs.jpg\" alt=\"Kit Awning Pegs\" width=\"620\" height=\"449\" srcset=\"https:\/\/www.schlanser.ch\/magazin\/wp-content\/uploads\/2019\/08\/Kit-Awning-Pegs.jpg 620w, https:\/\/www.schlanser.ch\/magazin\/wp-content\/uploads\/2019\/08\/Kit-Awning-Pegs-300x217.jpg 300w\" sizes=\"(max-width: 620px) 100vw, 620px\" \/><\/p>\n<h2>Sonnenschutz \u2013 wie geht das?<\/h2>\n<p style=\"text-align: justify;\">Jeder Schatten bietet in gewissem Mass Sonnenschutz. Je undurchdringlicher das schattenspendende Material, desto h\u00f6her. Mauern bieten 100-prozentigen Schutz, doch Fenster lassen UV-Strahlung passieren. Bei Textilien ist es h\u00e4ufig die Farbe, die Einfluss nimmt auf den Grad des UV-Schutzes. Dunkle Farben lassen allgemein weniger UV-Licht passieren als helle. Das gilt beim T-Shirt wie beim Zelt, Tarp oder der Strandmuschel. Anders als beim Trekkingzelt sind beim Strandzelt \u00dcberlegungen zur Helligkeit im Inneren zu vernachl\u00e4ssigen. Ob und inwieweit es sinnvoll ist, die die Zeltplane mit UV-Schutz zu optimieren, muss jeder f\u00fcr sich selbst entscheiden. Bei vorsichtiger Handw\u00e4sche kann eigentlich nichts schiefgehen. Wasserdicht sind schliesslich nur die wenigsten Strandzelte. Bei Kleidung, die am K\u00f6rper getragen wird, ist diese Form des Sonnenschutzes schon l\u00e4ngst im Einsatz und von vielen f\u00fcr gut befunden.<\/p>\n<p><img loading=\"lazy\" decoding=\"async\" class=\"aligncenter wp-image-7509 size-full\" title=\"Strandmuschel Pop Up\" src=\"https:\/\/www.schlanser.ch\/magazin\/wp-content\/uploads\/2019\/08\/Strandmuschel-Pop-Up.jpg\" alt=\"Strandmuschel Pop Up\" width=\"620\" height=\"387\" srcset=\"https:\/\/www.schlanser.ch\/magazin\/wp-content\/uploads\/2019\/08\/Strandmuschel-Pop-Up.jpg 620w, https:\/\/www.schlanser.ch\/magazin\/wp-content\/uploads\/2019\/08\/Strandmuschel-Pop-Up-300x187.jpg 300w\" sizes=\"(max-width: 620px) 100vw, 620px\" \/><\/p>\n<h2>Sonnenschutz f\u00fcr unterwegs<\/h2>\n<p style=\"text-align: justify;\">Sie bleiben selbst oder gerade in den Ferien nicht den ganzen Tag im Schatten, um einem Sonnenbrand vorzubeugen. Kopfbedeckungen selbst bei kurzen Ausfl\u00fcgen sind bei Herren weiter verbreitet als bei Damen. Ungeachtet des Geschlechts spendet ein luftiger Sonnenhut dem Gesicht Schatten und h\u00e4lt den Kopf k\u00fchl. Bei starker Hitze drohen sonst gesundheitliche Belastungen. Wo ein sportliches Basecap dem Gesicht Schatten spendet, sch\u00fctzt eine breite Krempe die empfindlichen Ohrenmuscheln besser.<\/p>\n<p><img loading=\"lazy\" decoding=\"async\" class=\"aligncenter wp-image-7514 size-full\" title=\"Strandmuschel Pop Up 2\" src=\"https:\/\/www.schlanser.ch\/magazin\/wp-content\/uploads\/2019\/08\/Strandmuschel-Pop-Up-2.jpg\" alt=\"Strandmuschel Pop Up 2\" width=\"620\" height=\"364\" srcset=\"https:\/\/www.schlanser.ch\/magazin\/wp-content\/uploads\/2019\/08\/Strandmuschel-Pop-Up-2.jpg 620w, https:\/\/www.schlanser.ch\/magazin\/wp-content\/uploads\/2019\/08\/Strandmuschel-Pop-Up-2-300x176.jpg 300w\" sizes=\"(max-width: 620px) 100vw, 620px\" \/><\/p>\n<h2>In den Badeferien<\/h2>\n<p style=\"text-align: justify;\">Sonnencreme sollte inzwischen f\u00fcr jedermann selbstverst\u00e4ndlich sein. In grossen H\u00f6hen ist die Sonneneinstrahlung intensiver und am Wasser verst\u00e4rken Reflexionen den Effekt. Besonders die Kinder gilt es zu sch\u00fctzen, da Sonnenbr\u00e4nde im kindlichen Alter die Wahrscheinlichkeit eines sp\u00e4teren Krebsleidens deutlich erh\u00f6hen. Nicht jedem ist Sonnencreme angenehm auf der Haut. Sich in einer Strandmuschel mit Boden oder im Zelt einzureiben und etwas abzuwarten, bis der Schutz wirkt, ist dennoch angeraten. In jedem Alter.<\/p>\n<figure id=\"attachment_7511\" aria-describedby=\"caption-attachment-7511\" style=\"width: 620px\" class=\"wp-caption aligncenter\"><img loading=\"lazy\" decoding=\"async\" class=\"size-full wp-image-7511\" src=\"https:\/\/www.schlanser.ch\/magazin\/wp-content\/uploads\/2019\/08\/Sonnenschutz.jpg\" alt=\"\" width=\"620\" height=\"412\" srcset=\"https:\/\/www.schlanser.ch\/magazin\/wp-content\/uploads\/2019\/08\/Sonnenschutz.jpg 620w, https:\/\/www.schlanser.ch\/magazin\/wp-content\/uploads\/2019\/08\/Sonnenschutz-300x199.jpg 300w, https:\/\/www.schlanser.ch\/magazin\/wp-content\/uploads\/2019\/08\/Sonnenschutz-310x205.jpg 310w\" sizes=\"(max-width: 620px) 100vw, 620px\" \/><figcaption id=\"caption-attachment-7511\" class=\"wp-caption-text\">\u00a9 Rido &#8211; stock.adobe.com<\/figcaption><\/figure>\n<h2>Schutz f\u00fcr die Augen<\/h2>\n<p style=\"text-align: justify;\">Ein Sonnenhut beschattet die Augen, doch oft wandert der Blick herum. Gerade aus der Strandmuschel heraus l\u00e4sst sich das Treiben am Strand gut beobachten. Wenn die Sonne die Augen blendet, besteht Gesundheitsgefahr, die viele untersch\u00e4tzen. Der Blendeffekt schadet auf Dauer der Hornhaut und f\u00fchrt zur Erblindung. Das geschieht nicht nur in Schnee und Eis, sondern auch dort, wo Wasser das Licht reflektiert. Bei der grossen Zahl an Sonnenbrillen ist sicher auch eine f\u00fcr Sie dabei!<\/p>\n","protected":false},"excerpt":{"rendered":"<p>\u00ab Mobiler Sonnenschutz vom Schirm bis zum Pop-up \u00bb Sonnenschutz ist wichtig und es sind ganz unterschiedliche L\u00f6sungen im Einsatz: Beim Camping mit Tarp, im Garten mit Sonnenschirm, auf der Beachparty mit Strandzelt. Wie genau ist nicht nur eine Frage der Funktionalit\u00e4t, sondern auch eine Frage des Stils. Dass jede Art Beschattung gute Werte beim &hellip;<\/p>\n","protected":false},"author":1,"featured_media":7498,"comment_status":"closed","ping_status":"open","sticky":false,"template":"","format":"standard","meta":{"footnotes":""},"categories":[3],"tags":[201,890,373,604,1002,1001,1000,372,1003,13,1004],"yoast_head":"<!-- This site is optimized with the Yoast SEO plugin v22.2 - https:\/\/yoast.com\/wordpress\/plugins\/seo\/ -->\n<title>Das Strandzelt - Schlanser Magazin<\/title>\n<meta name=\"description\" content=\"Das Schlanser Magazin berichtet \u00fcber mobilen Sonnenschutz vom Schirm bis zum Pop-Up-Zelt\u2714 Alles zu leichten Strandzelten &amp; unkomplizierten Tarps!\" \/>\n<meta name=\"robots\" content=\"noindex, follow\" \/>\n<meta property=\"og:locale\" content=\"de_DE\" \/>\n<meta property=\"og:type\" content=\"article\" \/>\n<meta property=\"og:title\" content=\"Das Strandzelt - Schlanser Magazin\" \/>\n<meta property=\"og:description\" content=\"Das Schlanser Magazin berichtet \u00fcber mobilen Sonnenschutz vom Schirm bis zum Pop-Up-Zelt\u2714 Alles zu leichten Strandzelten &amp; unkomplizierten Tarps!\" \/>\n<meta property=\"og:url\" content=\"https:\/\/www.schlanser.ch\/magazin\/das-strandzelt\/\" \/>\n<meta property=\"og:site_name\" content=\"Schlanser Magazin\" \/>\n<meta property=\"article:published_time\" content=\"2019-08-23T07:48:00+00:00\" \/>\n<meta property=\"article:modified_time\" content=\"2024-01-10T13:53:33+00:00\" \/>\n<meta property=\"og:image\" content=\"https:\/\/www.schlanser.ch\/magazin\/wp-content\/uploads\/2019\/08\/Strandzelt.jpg\" \/>\n\t<meta property=\"og:image:width\" content=\"660\" \/>\n\t<meta property=\"og:image:height\" content=\"411\" \/>\n\t<meta property=\"og:image:type\" content=\"image\/jpeg\" \/>\n<meta name=\"author\" content=\"admin\" \/>\n<meta name=\"twitter:card\" content=\"summary_large_image\" \/>\n<meta name=\"twitter:label1\" content=\"Verfasst von\" \/>\n\t<meta name=\"twitter:data1\" content=\"admin\" \/>\n\t<meta name=\"twitter:label2\" content=\"Gesch\u00e4tzte Lesezeit\" \/>\n\t<meta name=\"twitter:data2\" content=\"7 Minuten\" \/>\n<script type=\"application\/ld+json\" class=\"yoast-schema-graph\">{\"@context\":\"https:\/\/schema.org\",\"@graph\":[{\"@type\":\"WebPage\",\"@id\":\"https:\/\/www.schlanser.ch\/magazin\/das-strandzelt\/\",\"url\":\"https:\/\/www.schlanser.ch\/magazin\/das-strandzelt\/\",\"name\":\"Das Strandzelt - Schlanser Magazin\",\"isPartOf\":{\"@id\":\"https:\/\/www.schlanser.ch\/magazin\/#website\"},\"primaryImageOfPage\":{\"@id\":\"https:\/\/www.schlanser.ch\/magazin\/das-strandzelt\/#primaryimage\"},\"image\":{\"@id\":\"https:\/\/www.schlanser.ch\/magazin\/das-strandzelt\/#primaryimage\"},\"thumbnailUrl\":\"https:\/\/www.schlanser.ch\/magazin\/wp-content\/uploads\/2019\/08\/Strandzelt.jpg\",\"datePublished\":\"2019-08-23T07:48:00+00:00\",\"dateModified\":\"2024-01-10T13:53:33+00:00\",\"author\":{\"@id\":\"https:\/\/www.schlanser.ch\/magazin\/#\/schema\/person\/000db0a103eb2594ba3daf394b1dfea2\"},\"description\":\"Das Schlanser Magazin berichtet \u00fcber mobilen Sonnenschutz vom Schirm bis zum Pop-Up-Zelt\u2714 Alles zu leichten Strandzelten & unkomplizierten Tarps!\",\"breadcrumb\":{\"@id\":\"https:\/\/www.schlanser.ch\/magazin\/das-strandzelt\/#breadcrumb\"},\"inLanguage\":\"de-DE\",\"potentialAction\":[{\"@type\":\"ReadAction\",\"target\":[\"https:\/\/www.schlanser.ch\/magazin\/das-strandzelt\/\"]}]},{\"@type\":\"ImageObject\",\"inLanguage\":\"de-DE\",\"@id\":\"https:\/\/www.schlanser.ch\/magazin\/das-strandzelt\/#primaryimage\",\"url\":\"https:\/\/www.schlanser.ch\/magazin\/wp-content\/uploads\/2019\/08\/Strandzelt.jpg\",\"contentUrl\":\"https:\/\/www.schlanser.ch\/magazin\/wp-content\/uploads\/2019\/08\/Strandzelt.jpg\",\"width\":660,\"height\":411,\"caption\":\"\u00a9 Baronb - stock.adobe.com\"},{\"@type\":\"BreadcrumbList\",\"@id\":\"https:\/\/www.schlanser.ch\/magazin\/das-strandzelt\/#breadcrumb\",\"itemListElement\":[{\"@type\":\"ListItem\",\"position\":1,\"name\":\"Startseite\",\"item\":\"https:\/\/www.schlanser.ch\/magazin\/\"},{\"@type\":\"ListItem\",\"position\":2,\"name\":\"Das Strandzelt\"}]},{\"@type\":\"WebSite\",\"@id\":\"https:\/\/www.schlanser.ch\/magazin\/#website\",\"url\":\"https:\/\/www.schlanser.ch\/magazin\/\",\"name\":\"Schlanser Magazin\",\"description\":\"\",\"potentialAction\":[{\"@type\":\"SearchAction\",\"target\":{\"@type\":\"EntryPoint\",\"urlTemplate\":\"https:\/\/www.schlanser.ch\/magazin\/?s={search_term_string}\"},\"query-input\":\"required name=search_term_string\"}],\"inLanguage\":\"de-DE\"},{\"@type\":\"Person\",\"@id\":\"https:\/\/www.schlanser.ch\/magazin\/#\/schema\/person\/000db0a103eb2594ba3daf394b1dfea2\",\"name\":\"admin\",\"image\":{\"@type\":\"ImageObject\",\"inLanguage\":\"de-DE\",\"@id\":\"https:\/\/www.schlanser.ch\/magazin\/#\/schema\/person\/image\/\",\"url\":\"https:\/\/secure.gravatar.com\/avatar\/a794a4fe8a9b9c52241597eb381dfa2e?s=96&d=mm&r=g\",\"contentUrl\":\"https:\/\/secure.gravatar.com\/avatar\/a794a4fe8a9b9c52241597eb381dfa2e?s=96&d=mm&r=g\",\"caption\":\"admin\"}}]}<\/script>\n<!-- \/ Yoast SEO plugin. -->","yoast_head_json":{"title":"Das Strandzelt - Schlanser Magazin","description":"Das Schlanser Magazin berichtet \u00fcber mobilen Sonnenschutz vom Schirm bis zum Pop-Up-Zelt\u2714 Alles zu leichten Strandzelten & unkomplizierten Tarps!","robots":{"index":"noindex","follow":"follow"},"og_locale":"de_DE","og_type":"article","og_title":"Das Strandzelt - Schlanser Magazin","og_description":"Das Schlanser Magazin berichtet \u00fcber mobilen Sonnenschutz vom Schirm bis zum Pop-Up-Zelt\u2714 Alles zu leichten Strandzelten & unkomplizierten Tarps!","og_url":"https:\/\/www.schlanser.ch\/magazin\/das-strandzelt\/","og_site_name":"Schlanser Magazin","article_published_time":"2019-08-23T07:48:00+00:00","article_modified_time":"2024-01-10T13:53:33+00:00","og_image":[{"width":660,"height":411,"url":"https:\/\/www.schlanser.ch\/magazin\/wp-content\/uploads\/2019\/08\/Strandzelt.jpg","type":"image\/jpeg"}],"author":"admin","twitter_card":"summary_large_image","twitter_misc":{"Verfasst von":"admin","Gesch\u00e4tzte Lesezeit":"7 Minuten"},"schema":{"@context":"https:\/\/schema.org","@graph":[{"@type":"WebPage","@id":"https:\/\/www.schlanser.ch\/magazin\/das-strandzelt\/","url":"https:\/\/www.schlanser.ch\/magazin\/das-strandzelt\/","name":"Das Strandzelt - Schlanser Magazin","isPartOf":{"@id":"https:\/\/www.schlanser.ch\/magazin\/#website"},"primaryImageOfPage":{"@id":"https:\/\/www.schlanser.ch\/magazin\/das-strandzelt\/#primaryimage"},"image":{"@id":"https:\/\/www.schlanser.ch\/magazin\/das-strandzelt\/#primaryimage"},"thumbnailUrl":"https:\/\/www.schlanser.ch\/magazin\/wp-content\/uploads\/2019\/08\/Strandzelt.jpg","datePublished":"2019-08-23T07:48:00+00:00","dateModified":"2024-01-10T13:53:33+00:00","author":{"@id":"https:\/\/www.schlanser.ch\/magazin\/#\/schema\/person\/000db0a103eb2594ba3daf394b1dfea2"},"description":"Das Schlanser Magazin berichtet \u00fcber mobilen Sonnenschutz vom Schirm bis zum Pop-Up-Zelt\u2714 Alles zu leichten Strandzelten & unkomplizierten Tarps!","breadcrumb":{"@id":"https:\/\/www.schlanser.ch\/magazin\/das-strandzelt\/#breadcrumb"},"inLanguage":"de-DE","potentialAction":[{"@type":"ReadAction","target":["https:\/\/www.schlanser.ch\/magazin\/das-strandzelt\/"]}]},{"@type":"ImageObject","inLanguage":"de-DE","@id":"https:\/\/www.schlanser.ch\/magazin\/das-strandzelt\/#primaryimage","url":"https:\/\/www.schlanser.ch\/magazin\/wp-content\/uploads\/2019\/08\/Strandzelt.jpg","contentUrl":"https:\/\/www.schlanser.ch\/magazin\/wp-content\/uploads\/2019\/08\/Strandzelt.jpg","width":660,"height":411,"caption":"\u00a9 Baronb - stock.adobe.com"},{"@type":"BreadcrumbList","@id":"https:\/\/www.schlanser.ch\/magazin\/das-strandzelt\/#breadcrumb","itemListElement":[{"@type":"ListItem","position":1,"name":"Startseite","item":"https:\/\/www.schlanser.ch\/magazin\/"},{"@type":"ListItem","position":2,"name":"Das Strandzelt"}]},{"@type":"WebSite","@id":"https:\/\/www.schlanser.ch\/magazin\/#website","url":"https:\/\/www.schlanser.ch\/magazin\/","name":"Schlanser Magazin","description":"","potentialAction":[{"@type":"SearchAction","target":{"@type":"EntryPoint","urlTemplate":"https:\/\/www.schlanser.ch\/magazin\/?s={search_term_string}"},"query-input":"required name=search_term_string"}],"inLanguage":"de-DE"},{"@type":"Person","@id":"https:\/\/www.schlanser.ch\/magazin\/#\/schema\/person\/000db0a103eb2594ba3daf394b1dfea2","name":"admin","image":{"@type":"ImageObject","inLanguage":"de-DE","@id":"https:\/\/www.schlanser.ch\/magazin\/#\/schema\/person\/image\/","url":"https:\/\/secure.gravatar.com\/avatar\/a794a4fe8a9b9c52241597eb381dfa2e?s=96&d=mm&r=g","contentUrl":"https:\/\/secure.gravatar.com\/avatar\/a794a4fe8a9b9c52241597eb381dfa2e?s=96&d=mm&r=g","caption":"admin"}}]}},"_links":{"self":[{"href":"https:\/\/www.schlanser.ch\/magazin\/wp-json\/wp\/v2\/posts\/7496"}],"collection":[{"href":"https:\/\/www.schlanser.ch\/magazin\/wp-json\/wp\/v2\/posts"}],"about":[{"href":"https:\/\/www.schlanser.ch\/magazin\/wp-json\/wp\/v2\/types\/post"}],"author":[{"embeddable":true,"href":"https:\/\/www.schlanser.ch\/magazin\/wp-json\/wp\/v2\/users\/1"}],"replies":[{"embeddable":true,"href":"https:\/\/www.schlanser.ch\/magazin\/wp-json\/wp\/v2\/comments?post=7496"}],"version-history":[{"count":17,"href":"https:\/\/www.schlanser.ch\/magazin\/wp-json\/wp\/v2\/posts\/7496\/revisions"}],"predecessor-version":[{"id":17169,"href":"https:\/\/www.schlanser.ch\/magazin\/wp-json\/wp\/v2\/posts\/7496\/revisions\/17169"}],"wp:featuredmedia":[{"embeddable":true,"href":"https:\/\/www.schlanser.ch\/magazin\/wp-json\/wp\/v2\/media\/7498"}],"wp:attachment":[{"href":"https:\/\/www.schlanser.ch\/magazin\/wp-json\/wp\/v2\/media?parent=7496"}],"wp:term":[{"taxonomy":"category","embeddable":true,"href":"https:\/\/www.schlanser.ch\/magazin\/wp-json\/wp\/v2\/categories?post=7496"},{"taxonomy":"post_tag","embeddable":true,"href":"https:\/\/www.schlanser.ch\/magazin\/wp-json\/wp\/v2\/tags?post=7496"}],"curies":[{"name":"wp","href":"https:\/\/api.w.org\/{rel}","templated":true}]}}