{"id":7520,"date":"2019-08-28T14:19:57","date_gmt":"2019-08-28T12:19:57","guid":{"rendered":"https:\/\/www.schlanser.ch\/magazin\/?p=7520"},"modified":"2024-01-10T14:51:28","modified_gmt":"2024-01-10T13:51:28","slug":"cleveres-luftsofa","status":"publish","type":"post","link":"https:\/\/www.schlanser.ch\/magazin\/cleveres-luftsofa\/","title":{"rendered":"Cleveres Luftsofa"},"content":{"rendered":"<h2>\u00ab \u00dcberall dabei, \u00fcberall ein Hingucker, \u00fcberall bequem \u00bb<\/h2>\n<p style=\"text-align: justify;\"><strong>Die sch\u00f6nsten Pl\u00e4tze der Welt laden ein zum Verweilen. Die Seele \u00f6ffnet sich an einem unber\u00fchrten Seeufer oder vor der grandiosen Kulisse einer Gebirgslandschaft. Ruhe kehrt ein, doch um l\u00e4nger zu bleiben, fehlt es an Komfort. Wer schleppt schliesslich an jeden Ort eine <\/strong><a href=\"https:\/\/www.schlanser.ch\/moebel\/campingmoebel\/campingliegen\/\"><strong>Campingliege<\/strong><\/a><strong> oder einen <\/strong><a href=\"https:\/\/www.schlanser.ch\/moebel\/campingmoebel\/campingstuehle\/\"><strong>Klappstuhl<\/strong><\/a><strong> mit? Mit dem <\/strong><strong>Luftsofa<\/strong><strong> ist das anders. Zuletzt sitzen Sie damit wie auf Wolken. Hier erfahren Sie wie!<\/strong><\/p>\n<h2>Vielfalt Sitzen<\/h2>\n<p style=\"text-align: justify;\">Die Frage nach dem Sitzkomfort stellt sich in allen Lebenslagen. Immerhin wurde oft genug erw\u00e4hnt, dass der moderne Mensch t\u00e4glich zu lange sitzt. Dann soll zumindest die Qualit\u00e4t stimmen, sonst drohen Verspannungen. Nach anstrengendem Kontrastprogramm zum Alltag mit mehr Bewegung in der freien Natur ist Erholung ein Muss. Mobile Sitzm\u00f6bel m\u00fcssen es mit weiteren Anforderungen aufnehmen wie wechselndem Untergrund oder geringem Staumass bei maximalem Komfort. H\u00e4ndler k\u00f6nnen auf eine breite Palette und unterschiedliche L\u00f6sungen verweisen. Auch f\u00fcrs Trekking: Wo andere die Relax-Liege aufklappen, ist das Sofa f\u00fcr den Rucksack ein Luftsofa. Mit gerade einmal 250 Gramm wiegt es weniger als mancher Campingstuhl, ist aber bequem wie die heimische Couch.<\/p>\n<p><img loading=\"lazy\" decoding=\"async\" class=\"aligncenter wp-image-7526\" title=\"Happy People Luftsessel Lounger To-Go 2.0 \" src=\"https:\/\/www.schlanser.ch\/magazin\/wp-content\/uploads\/2028\/08\/Luftsessel.jpg\" alt=\"Frau in grauem Luftsofa\" width=\"509\" height=\"216\" srcset=\"https:\/\/www.schlanser.ch\/magazin\/wp-content\/uploads\/2028\/08\/Luftsessel.jpg 620w, https:\/\/www.schlanser.ch\/magazin\/wp-content\/uploads\/2028\/08\/Luftsessel-300x127.jpg 300w\" sizes=\"(max-width: 509px) 100vw, 509px\" \/><\/p>\n<h2>Grillieren \u2013 ein Fest<\/h2>\n<p style=\"text-align: justify;\">Aus R\u00fccksicht auf die Nachbarschaft ist die Wahl des Grillplatzes eine schwierige Angelegenheit. Ist endlich ein Platz gefunden, muss s\u00e4mtliches Equipment verladen und vor Ort aufgebaut werden. Solange keine Verbote aus Naturschutz- oder anderen Gr\u00fcnden bestehen, grillieren Sie an jedem frei zug\u00e4nglichen Platz. \u00dcberraschen Sie Ihre G\u00e4ste mit unerwartetem Luxus und der M\u00f6glichkeit zum vollst\u00e4ndigen Relaxen: Die Luftsessel der Marke <a href=\"https:\/\/www.schlanser.ch\/happy-people\/\">Happy People<\/a> verleihen Ihrem Grillfest einen Hauch von Glamping \u00e0 la &#8222;Jenseits von Afrika&#8220;. Mit <a href=\"https:\/\/www.schlanser.ch\/outdoor-freizeit\/wind-sonnenschutz\/pavillons-tarps\/\">Pavillons<\/a>, Fackeln und ausreichend <a href=\"https:\/\/www.schlanser.ch\/haushalt\/kuehlung\/kuehlboxen\/\">mobilen K\u00fchlger\u00e4ten<\/a> geht das Grillfeuer erst bei Sonnenaufgang aus.<\/p>\n<figure id=\"attachment_7560\" aria-describedby=\"caption-attachment-7560\" style=\"width: 620px\" class=\"wp-caption aligncenter\"><img loading=\"lazy\" decoding=\"async\" class=\"wp-image-7560 size-full\" title=\"Grillieren und Camping geh\u00f6ren einfach zusammen\" src=\"https:\/\/www.schlanser.ch\/magazin\/wp-content\/uploads\/2028\/08\/Grillen-Camping.jpg\" alt=\"Grill im Vordergrund, Zelt im Hintergrund\" width=\"620\" height=\"323\" srcset=\"https:\/\/www.schlanser.ch\/magazin\/wp-content\/uploads\/2028\/08\/Grillen-Camping.jpg 620w, https:\/\/www.schlanser.ch\/magazin\/wp-content\/uploads\/2028\/08\/Grillen-Camping-300x156.jpg 300w\" sizes=\"(max-width: 620px) 100vw, 620px\" \/><figcaption id=\"caption-attachment-7560\" class=\"wp-caption-text\">\u00a9 Peera &#8211; stock.adobe.com<\/figcaption><\/figure>\n<h2>Luftsofa beim Trekking<\/h2>\n<p style=\"text-align: justify;\">Wer sein Gep\u00e4ck mit eigener K\u00f6rperkraft bewegt, achtet auf jedes Gramm. In den Erholungsphasen soll gr\u00f6sstm\u00f6glicher Komfort herrschen, sonst ist es schwer, lange durchzuhalten. Es droht Verletzungsgefahr infolge von Ersch\u00f6pfung. Eine Luftliege ist so leicht, dass sie unter Outdoor-Spezialisten bereits als Geheimtipp gehandelt wird. Der Zugewinn an Komfort rechtfertigt das Gewicht und dies wird an anderer Stelle gespart. Zum Beispiel mit <a href=\"https:\/\/www.schlanser.ch\/haushalt\/camping-geschirr\/\">leichtem Essgeschirr<\/a> oder multifunktionalem Zubeh\u00f6r.<\/p>\n<p><img loading=\"lazy\" decoding=\"async\" class=\"aligncenter wp-image-7537\" title=\"GSI Geschirrset Cascadian 6-tlg.\" src=\"https:\/\/www.schlanser.ch\/magazin\/wp-content\/uploads\/2028\/08\/GSI-Geschirrset-Cascadian.jpg\" alt=\"Camping Geschirrset\" width=\"544\" height=\"266\" srcset=\"https:\/\/www.schlanser.ch\/magazin\/wp-content\/uploads\/2028\/08\/GSI-Geschirrset-Cascadian.jpg 620w, https:\/\/www.schlanser.ch\/magazin\/wp-content\/uploads\/2028\/08\/GSI-Geschirrset-Cascadian-300x147.jpg 300w\" sizes=\"(max-width: 544px) 100vw, 544px\" \/><\/p>\n<h2>Am Strand, am See und anders<\/h2>\n<p style=\"text-align: justify;\">Das Luftsofa ist ein echter Hingucker, egal wo Sie es aufbauen. Schon damit erregen Sie Aufmerksamkeit, wenn auch nur kurz: Um sich vom P\u00e4ckchen in einen komfortablen Luftsessel zu verwandeln, dauert es kaum mehr als ein paar Sekunden. Das Luftsofa ist so klein, dass es in eine Tasche passt. Mit einem festen Platz im Kofferraum ist es immer dabei und Sie verpassen keine Gelegenheit mehr, Ruhe und Aussicht zu geniessen \u2013 und zwar wirklich zu geniessen, anstatt beim Pausieren einfach nur die Autot\u00fcr zu \u00f6ffnen! Das hilft auch auf langen Strecken und ist herrlich entspannend.<\/p>\n<h2>So funktioniert das Luftsofa<\/h2>\n<p style=\"text-align: justify;\">Ein leichtes, aber abriebfestes Gewebe wird zu einem Schlauch verarbeitet. An einer Seite ist dieser mit einer \u00d6ffnung versehen.<\/p>\n<blockquote>\n<p style=\"text-align: justify;\">Sobald Sie sich ausruhen, weil Sie das Panorama erleben m\u00f6chten, falten Sie den Sack auf und fangen buchst\u00e4blich Luft ein.<\/p>\n<\/blockquote>\n<p style=\"text-align: justify;\">Zwei bis drei raumgreifende Bewegungen reichen aus. Nun den Luftsessel verschliessen. Schon ergibt sich eine Liegefl\u00e4che, die sich dem K\u00f6rper perfekt anpasst \u2013 mit reichlich Abstand zum Boden. Das sorgt f\u00fcr mehr \u00dcbersicht und ist bequem beim Hinlegen und Aufstehen.<\/p>\n<figure id=\"attachment_7549\" aria-describedby=\"caption-attachment-7549\" style=\"width: 620px\" class=\"wp-caption aligncenter\"><img loading=\"lazy\" decoding=\"async\" class=\"wp-image-7549 size-full\" title=\"Das Luftsofa ist im Handumdrehen aufgeblasen\" src=\"https:\/\/www.schlanser.ch\/magazin\/wp-content\/uploads\/2028\/08\/Luftsofa-aufpumpen.jpg\" alt=\"Mann am Wasser bl\u00e4st ein Luftsofa auf\" width=\"620\" height=\"413\" srcset=\"https:\/\/www.schlanser.ch\/magazin\/wp-content\/uploads\/2028\/08\/Luftsofa-aufpumpen.jpg 620w, https:\/\/www.schlanser.ch\/magazin\/wp-content\/uploads\/2028\/08\/Luftsofa-aufpumpen-300x200.jpg 300w\" sizes=\"(max-width: 620px) 100vw, 620px\" \/><figcaption id=\"caption-attachment-7549\" class=\"wp-caption-text\">\u00a9 galitskaya &#8211; stock.adobe.com<\/figcaption><\/figure>\n<h2 style=\"text-align: justify;\">Der Verschluss<\/h2>\n<p style=\"text-align: justify;\">Das abriebfeste und vollst\u00e4ndig dichte Gewebe dieser Liege-Luftmatratze ist extrem leicht. Der Happy People Luftsessel bietet bequem Platz f\u00fcr eine erwachsene Person. Kleinere Kinder teilen sich eine Luftliege. Dass die Luft im Inneren bleibt, daf\u00fcr sorgt ein Verschluss, der schon aus dem Outdoor-Bereich bekannt ist. Der Rollverschluss erlaubt eine grosse \u00d6ffnung und ist wasserdicht. Bekanntes Beispiel: die Packtaschen des Outdoor-Herstellers Ortlieb und deren Nachahmerprodukte aus LKW-Plane. Der rollbare Verschluss h\u00e4lt nicht nur Wasser zuverl\u00e4ssig draussen, sondern beim Luftsofa auch die Luft im Inneren. Das Beste: Die strapazierf\u00e4hige Faser nimmt es mit praktisch jedem nat\u00fcrlichen Untergrund auf.<\/p>\n<h2>Clevere Idee oft kopiert<\/h2>\n<p style=\"text-align: justify;\">Neben den luftigen M\u00f6beln von Happy People sind weitere Modelle im Handel verf\u00fcgbar. Verschiedene Hersteller haben das geniale Prinzip des Sitzsacks aufgegriffen. Vom Loungesessel bis zum Zweisitzer mit optionaler R\u00fcckenlehne sind zahlreiche Alternativen verf\u00fcgbar. Auch was die Bef\u00fcllung betrifft, lassen sich Unterschiede ausmachen: In manchen S\u00e4cken befindet sich Granulat. Das ist zwar feuchtigkeitsresistent, f\u00fcr das Camping oder Trekking aber trotzdem ungeeignet: Der Stauraum bleibt immer gleich gross. Schon aus diesem Grund ist das Luftsofa die bessere Alternative. In den Badeferien entlastet es die Urlaubskasse, wenn sonst nur Liegen zur Miete verf\u00fcgbar sind.<\/p>\n<figure id=\"attachment_7546\" aria-describedby=\"caption-attachment-7546\" style=\"width: 620px\" class=\"wp-caption aligncenter\"><img loading=\"lazy\" decoding=\"async\" class=\"wp-image-7546 size-full\" title=\"Durch sein geringes Gewicht kann der Luftsessel \u00fcberall hin mitgenommen werden\" src=\"https:\/\/www.schlanser.ch\/magazin\/wp-content\/uploads\/2028\/08\/Luftsofa-traumhafter-Ausblick-auf-Stadt.jpg\" alt=\"Mann im Luftsessel mit traumhaftem Ausblick auf eine Stadt\" width=\"620\" height=\"397\" srcset=\"https:\/\/www.schlanser.ch\/magazin\/wp-content\/uploads\/2028\/08\/Luftsofa-traumhafter-Ausblick-auf-Stadt.jpg 620w, https:\/\/www.schlanser.ch\/magazin\/wp-content\/uploads\/2028\/08\/Luftsofa-traumhafter-Ausblick-auf-Stadt-300x192.jpg 300w\" sizes=\"(max-width: 620px) 100vw, 620px\" \/><figcaption id=\"caption-attachment-7546\" class=\"wp-caption-text\">\u00a9 fedorovacz &#8211; stock.adobe.com<\/figcaption><\/figure>\n<h2>Eine Luftliege oder viele?<\/h2>\n<p style=\"text-align: justify;\">Die Liege-Luftmatratze ist ideal, um im leichten Gep\u00e4ck Platz zu finden. Das macht sie f\u00fcr Trekking-Fans fast zum Must-have. Als Ausstattung f\u00fcr Partys oder im professionellen Bereich eignen sie sich aufgrund der g\u00fcnstigen Preise von Happy People ebenso. Nebeneinander aufgereiht ergeben sich Lounge-Gruppen, in denen die G\u00e4ste gern l\u00e4nger bleiben und sich wohlf\u00fchlen. Mit einem kleinen Beistelltisch finden Teller und Getr\u00e4nke Platz und ein Sonnenschutz macht das Urlaubsflair perfekt. Nach der Party nehmen die Luftsessel kaum Platz im Lager ein, denn Leichtigkeit und geringes Packmass sind hier Programm.<\/p>\n","protected":false},"excerpt":{"rendered":"<p>\u00ab \u00dcberall dabei, \u00fcberall ein Hingucker, \u00fcberall bequem \u00bb Die sch\u00f6nsten Pl\u00e4tze der Welt laden ein zum Verweilen. Die Seele \u00f6ffnet sich an einem unber\u00fchrten Seeufer oder vor der grandiosen Kulisse einer Gebirgslandschaft. Ruhe kehrt ein, doch um l\u00e4nger zu bleiben, fehlt es an Komfort. Wer schleppt schliesslich an jeden Ort eine Campingliege oder einen &hellip;<\/p>\n","protected":false},"author":1,"featured_media":7545,"comment_status":"closed","ping_status":"open","sticky":false,"template":"","format":"standard","meta":{"footnotes":""},"categories":[3],"tags":[201,1005,199,1011,1007,1008,1010,1012,1013,1006,1014,234,372,1009],"yoast_head":"<!-- This site is optimized with the Yoast SEO plugin v22.2 - https:\/\/yoast.com\/wordpress\/plugins\/seo\/ -->\n<title>Cleveres Luftsofa - Schlanser Magazin<\/title>\n<meta name=\"description\" content=\"Das Schlanser Magazin berichtet \u00fcber aufblasbare Strandm\u00f6bel und die immer mobiler und leichter werdende Campingwelt!\" \/>\n<meta name=\"robots\" content=\"index, follow, max-snippet:-1, max-image-preview:large, max-video-preview:-1\" \/>\n<link rel=\"canonical\" href=\"https:\/\/www.schlanser.ch\/magazin\/cleveres-luftsofa\/\" \/>\n<meta property=\"og:locale\" content=\"de_DE\" \/>\n<meta property=\"og:type\" content=\"article\" \/>\n<meta property=\"og:title\" content=\"Cleveres Luftsofa - Schlanser Magazin\" \/>\n<meta property=\"og:description\" content=\"Das Schlanser Magazin berichtet \u00fcber aufblasbare Strandm\u00f6bel und die immer mobiler und leichter werdende Campingwelt!\" \/>\n<meta property=\"og:url\" content=\"https:\/\/www.schlanser.ch\/magazin\/cleveres-luftsofa\/\" \/>\n<meta property=\"og:site_name\" content=\"Schlanser Magazin\" \/>\n<meta property=\"article:published_time\" content=\"2019-08-28T12:19:57+00:00\" \/>\n<meta property=\"article:modified_time\" content=\"2024-01-10T13:51:28+00:00\" \/>\n<meta property=\"og:image\" content=\"https:\/\/www.schlanser.ch\/magazin\/wp-content\/uploads\/2028\/08\/Luftsofa-Berglandschaft.jpg\" \/>\n\t<meta property=\"og:image:width\" content=\"660\" \/>\n\t<meta property=\"og:image:height\" content=\"440\" \/>\n\t<meta property=\"og:image:type\" content=\"image\/jpeg\" \/>\n<meta name=\"author\" content=\"admin\" \/>\n<meta name=\"twitter:card\" content=\"summary_large_image\" \/>\n<meta name=\"twitter:label1\" content=\"Verfasst von\" \/>\n\t<meta name=\"twitter:data1\" content=\"admin\" \/>\n\t<meta name=\"twitter:label2\" content=\"Gesch\u00e4tzte Lesezeit\" \/>\n\t<meta name=\"twitter:data2\" content=\"5 Minuten\" \/>\n<script type=\"application\/ld+json\" class=\"yoast-schema-graph\">{\"@context\":\"https:\/\/schema.org\",\"@graph\":[{\"@type\":\"WebPage\",\"@id\":\"https:\/\/www.schlanser.ch\/magazin\/cleveres-luftsofa\/\",\"url\":\"https:\/\/www.schlanser.ch\/magazin\/cleveres-luftsofa\/\",\"name\":\"Cleveres Luftsofa - Schlanser Magazin\",\"isPartOf\":{\"@id\":\"https:\/\/www.schlanser.ch\/magazin\/#website\"},\"primaryImageOfPage\":{\"@id\":\"https:\/\/www.schlanser.ch\/magazin\/cleveres-luftsofa\/#primaryimage\"},\"image\":{\"@id\":\"https:\/\/www.schlanser.ch\/magazin\/cleveres-luftsofa\/#primaryimage\"},\"thumbnailUrl\":\"https:\/\/www.schlanser.ch\/magazin\/wp-content\/uploads\/2028\/08\/Luftsofa-Berglandschaft.jpg\",\"datePublished\":\"2019-08-28T12:19:57+00:00\",\"dateModified\":\"2024-01-10T13:51:28+00:00\",\"author\":{\"@id\":\"https:\/\/www.schlanser.ch\/magazin\/#\/schema\/person\/000db0a103eb2594ba3daf394b1dfea2\"},\"description\":\"Das Schlanser Magazin berichtet \u00fcber aufblasbare Strandm\u00f6bel und die immer mobiler und leichter werdende Campingwelt!\",\"breadcrumb\":{\"@id\":\"https:\/\/www.schlanser.ch\/magazin\/cleveres-luftsofa\/#breadcrumb\"},\"inLanguage\":\"de-DE\",\"potentialAction\":[{\"@type\":\"ReadAction\",\"target\":[\"https:\/\/www.schlanser.ch\/magazin\/cleveres-luftsofa\/\"]}]},{\"@type\":\"ImageObject\",\"inLanguage\":\"de-DE\",\"@id\":\"https:\/\/www.schlanser.ch\/magazin\/cleveres-luftsofa\/#primaryimage\",\"url\":\"https:\/\/www.schlanser.ch\/magazin\/wp-content\/uploads\/2028\/08\/Luftsofa-Berglandschaft.jpg\",\"contentUrl\":\"https:\/\/www.schlanser.ch\/magazin\/wp-content\/uploads\/2028\/08\/Luftsofa-Berglandschaft.jpg\",\"width\":660,\"height\":440,\"caption\":\"\u00a9 lichtenbergerm - stock.adobe.com\"},{\"@type\":\"BreadcrumbList\",\"@id\":\"https:\/\/www.schlanser.ch\/magazin\/cleveres-luftsofa\/#breadcrumb\",\"itemListElement\":[{\"@type\":\"ListItem\",\"position\":1,\"name\":\"Startseite\",\"item\":\"https:\/\/www.schlanser.ch\/magazin\/\"},{\"@type\":\"ListItem\",\"position\":2,\"name\":\"Cleveres Luftsofa\"}]},{\"@type\":\"WebSite\",\"@id\":\"https:\/\/www.schlanser.ch\/magazin\/#website\",\"url\":\"https:\/\/www.schlanser.ch\/magazin\/\",\"name\":\"Schlanser Magazin\",\"description\":\"\",\"potentialAction\":[{\"@type\":\"SearchAction\",\"target\":{\"@type\":\"EntryPoint\",\"urlTemplate\":\"https:\/\/www.schlanser.ch\/magazin\/?s={search_term_string}\"},\"query-input\":\"required name=search_term_string\"}],\"inLanguage\":\"de-DE\"},{\"@type\":\"Person\",\"@id\":\"https:\/\/www.schlanser.ch\/magazin\/#\/schema\/person\/000db0a103eb2594ba3daf394b1dfea2\",\"name\":\"admin\",\"image\":{\"@type\":\"ImageObject\",\"inLanguage\":\"de-DE\",\"@id\":\"https:\/\/www.schlanser.ch\/magazin\/#\/schema\/person\/image\/\",\"url\":\"https:\/\/secure.gravatar.com\/avatar\/a794a4fe8a9b9c52241597eb381dfa2e?s=96&d=mm&r=g\",\"contentUrl\":\"https:\/\/secure.gravatar.com\/avatar\/a794a4fe8a9b9c52241597eb381dfa2e?s=96&d=mm&r=g\",\"caption\":\"admin\"}}]}<\/script>\n<!-- \/ Yoast SEO plugin. -->","yoast_head_json":{"title":"Cleveres Luftsofa - Schlanser Magazin","description":"Das Schlanser Magazin berichtet \u00fcber aufblasbare Strandm\u00f6bel und die immer mobiler und leichter werdende Campingwelt!","robots":{"index":"index","follow":"follow","max-snippet":"max-snippet:-1","max-image-preview":"max-image-preview:large","max-video-preview":"max-video-preview:-1"},"canonical":"https:\/\/www.schlanser.ch\/magazin\/cleveres-luftsofa\/","og_locale":"de_DE","og_type":"article","og_title":"Cleveres Luftsofa - Schlanser Magazin","og_description":"Das Schlanser Magazin berichtet \u00fcber aufblasbare Strandm\u00f6bel und die immer mobiler und leichter werdende Campingwelt!","og_url":"https:\/\/www.schlanser.ch\/magazin\/cleveres-luftsofa\/","og_site_name":"Schlanser Magazin","article_published_time":"2019-08-28T12:19:57+00:00","article_modified_time":"2024-01-10T13:51:28+00:00","og_image":[{"width":660,"height":440,"url":"https:\/\/www.schlanser.ch\/magazin\/wp-content\/uploads\/2028\/08\/Luftsofa-Berglandschaft.jpg","type":"image\/jpeg"}],"author":"admin","twitter_card":"summary_large_image","twitter_misc":{"Verfasst von":"admin","Gesch\u00e4tzte Lesezeit":"5 Minuten"},"schema":{"@context":"https:\/\/schema.org","@graph":[{"@type":"WebPage","@id":"https:\/\/www.schlanser.ch\/magazin\/cleveres-luftsofa\/","url":"https:\/\/www.schlanser.ch\/magazin\/cleveres-luftsofa\/","name":"Cleveres Luftsofa - Schlanser Magazin","isPartOf":{"@id":"https:\/\/www.schlanser.ch\/magazin\/#website"},"primaryImageOfPage":{"@id":"https:\/\/www.schlanser.ch\/magazin\/cleveres-luftsofa\/#primaryimage"},"image":{"@id":"https:\/\/www.schlanser.ch\/magazin\/cleveres-luftsofa\/#primaryimage"},"thumbnailUrl":"https:\/\/www.schlanser.ch\/magazin\/wp-content\/uploads\/2028\/08\/Luftsofa-Berglandschaft.jpg","datePublished":"2019-08-28T12:19:57+00:00","dateModified":"2024-01-10T13:51:28+00:00","author":{"@id":"https:\/\/www.schlanser.ch\/magazin\/#\/schema\/person\/000db0a103eb2594ba3daf394b1dfea2"},"description":"Das Schlanser Magazin berichtet \u00fcber aufblasbare Strandm\u00f6bel und die immer mobiler und leichter werdende Campingwelt!","breadcrumb":{"@id":"https:\/\/www.schlanser.ch\/magazin\/cleveres-luftsofa\/#breadcrumb"},"inLanguage":"de-DE","potentialAction":[{"@type":"ReadAction","target":["https:\/\/www.schlanser.ch\/magazin\/cleveres-luftsofa\/"]}]},{"@type":"ImageObject","inLanguage":"de-DE","@id":"https:\/\/www.schlanser.ch\/magazin\/cleveres-luftsofa\/#primaryimage","url":"https:\/\/www.schlanser.ch\/magazin\/wp-content\/uploads\/2028\/08\/Luftsofa-Berglandschaft.jpg","contentUrl":"https:\/\/www.schlanser.ch\/magazin\/wp-content\/uploads\/2028\/08\/Luftsofa-Berglandschaft.jpg","width":660,"height":440,"caption":"\u00a9 lichtenbergerm - stock.adobe.com"},{"@type":"BreadcrumbList","@id":"https:\/\/www.schlanser.ch\/magazin\/cleveres-luftsofa\/#breadcrumb","itemListElement":[{"@type":"ListItem","position":1,"name":"Startseite","item":"https:\/\/www.schlanser.ch\/magazin\/"},{"@type":"ListItem","position":2,"name":"Cleveres Luftsofa"}]},{"@type":"WebSite","@id":"https:\/\/www.schlanser.ch\/magazin\/#website","url":"https:\/\/www.schlanser.ch\/magazin\/","name":"Schlanser Magazin","description":"","potentialAction":[{"@type":"SearchAction","target":{"@type":"EntryPoint","urlTemplate":"https:\/\/www.schlanser.ch\/magazin\/?s={search_term_string}"},"query-input":"required name=search_term_string"}],"inLanguage":"de-DE"},{"@type":"Person","@id":"https:\/\/www.schlanser.ch\/magazin\/#\/schema\/person\/000db0a103eb2594ba3daf394b1dfea2","name":"admin","image":{"@type":"ImageObject","inLanguage":"de-DE","@id":"https:\/\/www.schlanser.ch\/magazin\/#\/schema\/person\/image\/","url":"https:\/\/secure.gravatar.com\/avatar\/a794a4fe8a9b9c52241597eb381dfa2e?s=96&d=mm&r=g","contentUrl":"https:\/\/secure.gravatar.com\/avatar\/a794a4fe8a9b9c52241597eb381dfa2e?s=96&d=mm&r=g","caption":"admin"}}]}},"_links":{"self":[{"href":"https:\/\/www.schlanser.ch\/magazin\/wp-json\/wp\/v2\/posts\/7520"}],"collection":[{"href":"https:\/\/www.schlanser.ch\/magazin\/wp-json\/wp\/v2\/posts"}],"about":[{"href":"https:\/\/www.schlanser.ch\/magazin\/wp-json\/wp\/v2\/types\/post"}],"author":[{"embeddable":true,"href":"https:\/\/www.schlanser.ch\/magazin\/wp-json\/wp\/v2\/users\/1"}],"replies":[{"embeddable":true,"href":"https:\/\/www.schlanser.ch\/magazin\/wp-json\/wp\/v2\/comments?post=7520"}],"version-history":[{"count":37,"href":"https:\/\/www.schlanser.ch\/magazin\/wp-json\/wp\/v2\/posts\/7520\/revisions"}],"predecessor-version":[{"id":17040,"href":"https:\/\/www.schlanser.ch\/magazin\/wp-json\/wp\/v2\/posts\/7520\/revisions\/17040"}],"wp:featuredmedia":[{"embeddable":true,"href":"https:\/\/www.schlanser.ch\/magazin\/wp-json\/wp\/v2\/media\/7545"}],"wp:attachment":[{"href":"https:\/\/www.schlanser.ch\/magazin\/wp-json\/wp\/v2\/media?parent=7520"}],"wp:term":[{"taxonomy":"category","embeddable":true,"href":"https:\/\/www.schlanser.ch\/magazin\/wp-json\/wp\/v2\/categories?post=7520"},{"taxonomy":"post_tag","embeddable":true,"href":"https:\/\/www.schlanser.ch\/magazin\/wp-json\/wp\/v2\/tags?post=7520"}],"curies":[{"name":"wp","href":"https:\/\/api.w.org\/{rel}","templated":true}]}}