{"id":7574,"date":"2019-09-03T11:01:31","date_gmt":"2019-09-03T09:01:31","guid":{"rendered":"https:\/\/www.schlanser.ch\/magazin\/?p=7574"},"modified":"2023-01-10T12:58:44","modified_gmt":"2023-01-10T11:58:44","slug":"camping-am-genfersee","status":"publish","type":"post","link":"https:\/\/www.schlanser.ch\/magazin\/camping-am-genfersee\/","title":{"rendered":"Camping am Genfersee"},"content":{"rendered":"<h2>\u00ab Was sich wirklich lohnt \u00bb<\/h2>\n<p style=\"text-align: justify;\"><strong>Der l\u00e4nderverbindende Genfersee l\u00e4dt zum Kurzausflug nach Frankreich ein und auf der Schweizer Seite zu Ferien zwischen Natur und Kultur. Die reizvolle Seen- und Gebirgslandschaft des zweitgr\u00f6ssten europ\u00e4ischen Sees spricht wohl jeden an. Das Feriendomizil bietet M\u00f6glichkeiten f\u00fcr einen Wochenendtrip, den Ferienaufenthalt an einem bestimmten Ort oder zur Reise entlang des Uferverlaufs. \u00dcberall finden Sie attraktive St\u00e4dte, Str\u00e4nde und Angebote f\u00fcr Aktivit\u00e4ten.<\/strong><\/p>\n<h2>Wasser und Berge, so weit das Auge reicht<\/h2>\n<p style=\"text-align: justify;\">Ein See in der Gr\u00f6sse des Genfersees kann viele Geschichten erz\u00e4hlen. Seine spektakul\u00e4re Entstehung war nur der Auftakt f\u00fcr eine ununterbrochene Besiedelung. Mit Genf am s\u00fcdlichen Ufer des Petit Lac, mit Lausanne am Grand Lac und Montreux am Haut Lac erleben Sie ganz unterschiedliche Ferienregionen und spannende Aktivit\u00e4ten von Badeferien \u00fcber Wassersport bis hin zu Wanderungen und MTB-Touren. Nat\u00fcrlich k\u00f6nnen Sie auch einfach nur ausspannen. Am Genfersee finden Sie auf jeden Fall ein Pl\u00e4tzchen f\u00fcr sich und Ihr <a href=\"https:\/\/www.schlanser.ch\/zelte\/\">Zelt<\/a> oder Ihren Camper.<\/p>\n<p><img loading=\"lazy\" decoding=\"async\" class=\"aligncenter wp-image-7580 size-full\" title=\"Berger Wurfzelt Calgary 4\" src=\"https:\/\/www.schlanser.ch\/magazin\/wp-content\/uploads\/2020\/09\/Zelten-am-See.jpg\" alt=\"Zelten am See\" width=\"620\" height=\"388\" srcset=\"https:\/\/www.schlanser.ch\/magazin\/wp-content\/uploads\/2020\/09\/Zelten-am-See.jpg 620w, https:\/\/www.schlanser.ch\/magazin\/wp-content\/uploads\/2020\/09\/Zelten-am-See-300x188.jpg 300w\" sizes=\"(max-width: 620px) 100vw, 620px\" \/><\/p>\n<h2>Anreise und Unterkunft<\/h2>\n<p style=\"text-align: justify;\">Den Genfersee begleiten auf der Schweizer Seite zwei gut ausgebaute Verkehrswege, einer in direkter N\u00e4he zum Ufer und einer parallel dazu im Land. Schnelle Ortswechsel sind f\u00fcr mobile Ferieng\u00e4ste also kein Problem. Doch Achtung: In der Hauptreisesaison sind die Campingpl\u00e4tze gut belegt. Ein kurzer Anruf vor der Anreise kl\u00e4rt auf. Dann ist sogar die spontane Anreise mit kleinem Wohnmobil m\u00f6glich. Leichter wird es f\u00fcr Reisende mit <a href=\"https:\/\/www.schlanser.ch\/zelte\/campingzelte\/\">Campingzelt<\/a>, die vielleicht nach einer Etappe ihrer MTB-Tour einen \u00dcbernachtungsplatz suchen. Wer stattdessen im Hotel wohnen will, findet am Genfersee ebenfalls zahlreiche Angebote von preiswert bis luxuri\u00f6s. Wem f\u00fcnf Sterne \u201ezu wenig\u201c sind, besucht einen der zahlreichen Campingpl\u00e4tze am Genfersee.<\/p>\n<h2>Charmanter Campingplatz nahe Genf<\/h2>\n<p style=\"text-align: justify;\">Der Campingplatz TCS Camping Genf V\u00e9senaz mit freiem Zugang zum See liegt nur sechs Kilometer vor der Stadt. Die Str\u00e4nde sind mit Gras bewachsen und auch f\u00fcr Familien geeignet. Neben den rustikalen Miet-Unterk\u00fcnften bietet der Betreiber Stellpl\u00e4tze an. Aufgrund seiner ausgesuchten Lage sind die Pl\u00e4tze begehrt. Denken Sie also daran, rechtzeitig beim TCS Camping Genf V\u00e9senaz zu reservieren, wenn die Ferien in die Hauptsaison fallen. Weitere Angebote direkt auf dem Platz sind ein Restaurant und ein Unterhaltungsprogramm w\u00e4hrend der Ferien. Mehr Entertainment muss auch gar nicht sein: Das gem\u00fctliche Beisammensein am Strand mit Blick auf den Jet d&#8217;Eau ist einfach fantastisch!<\/p>\n<figure id=\"attachment_7585\" aria-describedby=\"caption-attachment-7585\" style=\"width: 620px\" class=\"wp-caption aligncenter\"><img loading=\"lazy\" decoding=\"async\" class=\"wp-image-7585 size-full\" title=\"Der Blick auf den Jet d'Eau bei Genf ist spektakul\u00e4r\" src=\"https:\/\/www.schlanser.ch\/magazin\/wp-content\/uploads\/2020\/09\/Genfer-See-Jet-d\u2019Eau.jpg\" alt=\"Jet d'Eau bei Genf\" width=\"620\" height=\"413\" srcset=\"https:\/\/www.schlanser.ch\/magazin\/wp-content\/uploads\/2020\/09\/Genfer-See-Jet-d\u2019Eau.jpg 620w, https:\/\/www.schlanser.ch\/magazin\/wp-content\/uploads\/2020\/09\/Genfer-See-Jet-d\u2019Eau-300x200.jpg 300w\" sizes=\"(max-width: 620px) 100vw, 620px\" \/><figcaption id=\"caption-attachment-7585\" class=\"wp-caption-text\">\u00a9 Marine26 &#8211; stock.adobe.com<\/figcaption><\/figure>\n<h2>Genf als Ferienort<\/h2>\n<p style=\"text-align: justify;\">Wie jede Weltstadt ist auch Genf immer wieder eine Reise wert. Zu oft kann der Feriengast die Stadt kaum besuchen, eher zu selten. Universit\u00e4ten, Weltpolitik und Wirtschaft bilden den nahrhaften Boden einer lebendigen Metropole, in der sich neuesten Str\u00f6mungen nachsp\u00fcren oder einfach nur Flanieren l\u00e4sst. Wo? Nat\u00fcrlich am Genfersee! In der Festivalsaison von Mai bis September finden in der Stadt zahlreiche Veranstaltungen statt wie seit 45 Jahren die Sommerkonzerte in der Eglise Saint Germain oder das sehr viel modernere Streetart-Festival im September.<\/p>\n<h2>Rustikal in Rolle Aux Vernes<\/h2>\n<p style=\"text-align: justify;\">Auf dem Camping de Rolle Aux Vernes sind rund 120 Stellpl\u00e4tze f\u00fcr Ferienreisende verf\u00fcgbar, davon circa 70 f\u00fcr Wohnwagen oder Wohnmobil. G\u00e4ste mit Zelt d\u00fcrfen den Platz nicht mit dem Auto befahren und r\u00fcsten sich stattdessen mit Transportmitteln wie Karren oder Taschen aus. Rolle Aux Vernes ist beliebt bei Campingfreunden, die mit Haustier reisen. Die park\u00e4hnliche und sonnige Anlage liegt in Strandn\u00e4he und bietet einen fantastischen Blick auf den Genfersee und die Gebirgsz\u00fcge am gegen\u00fcberliegenden Seeufer. Bis ins Ortszentrum von Rolle sind es nur rund 500 Meter. Kommen Sie in den Nachtstunden in Rolle Aux Vernes an, k\u00f6nnen Sie einen vor der Schranke befindlichen Parkplatz nutzen.<\/p>\n<p><img loading=\"lazy\" decoding=\"async\" class=\"aligncenter wp-image-7582 size-full\" title=\"Berger Einbogenzelt Hiker 2\" src=\"https:\/\/www.schlanser.ch\/magazin\/wp-content\/uploads\/2020\/09\/Berger-Einbogenzelt-Hiker-2-1.jpg\" alt=\"Camping direkt am See\" width=\"620\" height=\"388\" srcset=\"https:\/\/www.schlanser.ch\/magazin\/wp-content\/uploads\/2020\/09\/Berger-Einbogenzelt-Hiker-2-1.jpg 620w, https:\/\/www.schlanser.ch\/magazin\/wp-content\/uploads\/2020\/09\/Berger-Einbogenzelt-Hiker-2-1-300x188.jpg 300w\" sizes=\"(max-width: 620px) 100vw, 620px\" \/><\/p>\n<h2>Ferien in Rolle<\/h2>\n<p style=\"text-align: justify;\">Rolle ist der Ausgangsort f\u00fcr aufregende, sportliche, abenteuerliche oder besinnliche Ferien in der Jura Vaudois. Gemeinsam mit weiteren Naturparks bestehen weite Teile der Region aus intakter Natur mit Wild und Wald zwischen Bergen und See in Richtung Nyon. Sie erleben aktive Ferien beim Wandern oder Radfahren. Erkundigen Sie sich, welche Strecken f\u00fcr Mountainbikes freigegeben sind. Planen Sie Rundreisen oder Radwanderungen zum Beispiel in das \u00f6stlich gelegene Lausanne oder nach Nyon. Entlang der Strecken befinden sich zahlreiche Campingpl\u00e4tze mit Platz f\u00fcr ein Velo und ein Zelt. Wohnwagen und Wohnmobile k\u00fcndigen Ihr Kommen zumindest an und fragen nach freier Kapazit\u00e4t.<\/p>\n<h2>Ferientage in Lausanne<\/h2>\n<p style=\"text-align: justify;\">Lausanne ist eine Sch\u00f6nheit an den Gestaden des Genfersees. Der mittelalterliche Stadtkern bezaubert Einheimische wie Fremde. Als Sitz verschiedener, internationaler Organisationen und Gerichte geniesst Lausanne Bekanntheit und Ansehen in der ganzen Welt \u2013 ein Flair, das Sie in den Strassen sp\u00fcren. Im Sommer ist in der Stadt am Genfersee immer etwas los: Sie jubeln mit beim Triathlon, erleben in den sch\u00f6nsten G\u00e4rten der Stadt eine Gartenparty oder sind selbst aktiv auf einem 10-t\u00e4gigen Sportfest mit Sportarten zu Lande und zu Wasser.<\/p>\n<figure id=\"attachment_7594\" aria-describedby=\"caption-attachment-7594\" style=\"width: 850px\" class=\"wp-caption aligncenter\"><img loading=\"lazy\" decoding=\"async\" class=\"wp-image-7594 size-full\" title=\"Lausanne - am Genfersee ist ein Ort sch\u00f6ner als der n\u00e4chste \" src=\"https:\/\/www.schlanser.ch\/magazin\/wp-content\/uploads\/2020\/09\/Lausanne.jpg\" alt=\"Lausanne am Genfersee\" width=\"850\" height=\"567\" srcset=\"https:\/\/www.schlanser.ch\/magazin\/wp-content\/uploads\/2020\/09\/Lausanne.jpg 850w, https:\/\/www.schlanser.ch\/magazin\/wp-content\/uploads\/2020\/09\/Lausanne-300x200.jpg 300w, https:\/\/www.schlanser.ch\/magazin\/wp-content\/uploads\/2020\/09\/Lausanne-768x512.jpg 768w\" sizes=\"(max-width: 850px) 100vw, 850px\" \/><figcaption id=\"caption-attachment-7594\" class=\"wp-caption-text\">\u00a9 Peter Stein &#8211; stock.adobe.com<\/figcaption><\/figure>\n<h2>Les Grangettes vor den Toren Montreuxs<\/h2>\n<p style=\"text-align: justify;\">Mit 70 Stellpl\u00e4tzen f\u00fcr Womo und Caravan und 30 Zeltpl\u00e4tzen geht das Leben auf dem Campingplatz Les Grangettes eher beschaulich zu. Ein freier Zugang zum See ist vorhanden und zur Verpflegung existiert vor Ort ein Restaurant mit Bar. Wenn sich die kleineren Kinder auf dem Spielplatz austoben, sind die \u00e4lteren beim Pingpong oder Volleyball. Mit gleich vier P\u00e9tanque-Bahnen zollt der Betreiber der N\u00e4he zu Frankreich Tribut. Einziger Nachteil: Die Pl\u00e4tze bieten wenig Schatten. Denken Sie also an Sonnenschutz!<\/p>\n<figure id=\"attachment_7597\" aria-describedby=\"caption-attachment-7597\" style=\"width: 850px\" class=\"wp-caption aligncenter\"><img loading=\"lazy\" decoding=\"async\" class=\"wp-image-7597 size-full\" title=\"Ein Abstecher nach Montreux lohnt sich auf jeden Fall\" src=\"https:\/\/www.schlanser.ch\/magazin\/wp-content\/uploads\/2020\/09\/MOntreux.jpg\" alt=\"Panoramablick von Montreux\" width=\"850\" height=\"562\" srcset=\"https:\/\/www.schlanser.ch\/magazin\/wp-content\/uploads\/2020\/09\/MOntreux.jpg 850w, https:\/\/www.schlanser.ch\/magazin\/wp-content\/uploads\/2020\/09\/MOntreux-300x198.jpg 300w, https:\/\/www.schlanser.ch\/magazin\/wp-content\/uploads\/2020\/09\/MOntreux-768x508.jpg 768w, https:\/\/www.schlanser.ch\/magazin\/wp-content\/uploads\/2020\/09\/MOntreux-310x205.jpg 310w\" sizes=\"(max-width: 850px) 100vw, 850px\" \/><figcaption id=\"caption-attachment-7597\" class=\"wp-caption-text\">\u00a9 Samuel B. &#8211; stock.adobe.com<\/figcaption><\/figure>\n<h2>Mehr als Musik<\/h2>\n<p style=\"text-align: justify;\">Noch heute beginnen jugendliche Tr\u00e4ume vom Leben als Rockstar mit einigen auf der Gitarre gezupften Saiten: Die Rockband Deep Purple hat der Stadt Montreux und dem dort bis heute stattfindenden Jazzfestival mit &#8222;Smoke on the Water&#8220; ein ewiges Denkmal gesetzt. Rund zwei Wochen im Jahr haben Sie die Gelegenheit, live dabei zu sein. Wenn Sie rechtzeitig Karten reservieren! Mit dem eigenen Camper ben\u00f6tigen Sie kein Hotel, sondern starten vom Camping Les Grangettes in das nur neun Kilometer entfernte Montreux.<\/p>\n","protected":false},"excerpt":{"rendered":"<p>\u00ab Was sich wirklich lohnt \u00bb Der l\u00e4nderverbindende Genfersee l\u00e4dt zum Kurzausflug nach Frankreich ein und auf der Schweizer Seite zu Ferien zwischen Natur und Kultur. Die reizvolle Seen- und Gebirgslandschaft des zweitgr\u00f6ssten europ\u00e4ischen Sees spricht wohl jeden an. Das Feriendomizil bietet M\u00f6glichkeiten f\u00fcr einen Wochenendtrip, den Ferienaufenthalt an einem bestimmten Ort oder zur Reise &hellip;<\/p>\n","protected":false},"author":1,"featured_media":7577,"comment_status":"closed","ping_status":"open","sticky":false,"template":"","format":"standard","meta":{"footnotes":""},"categories":[2],"tags":[509,1017,1015,407,1016,1018,1019,1020,198,372,1009,748],"yoast_head":"<!-- This site is optimized with the Yoast SEO plugin v22.2 - https:\/\/yoast.com\/wordpress\/plugins\/seo\/ -->\n<title>Camping am Genfersee - Schlanser Magazin<\/title>\n<meta name=\"description\" content=\"Das Schlanser Magazin berichtet \u00fcber Camping am Genfer See! \u2714Alles zum Urlaub am zweitgr\u00f6ssten See Europas \u2714Ausfl\u00fcge \u2714Ziele \u2714Geheimtipps\" \/>\n<meta name=\"robots\" content=\"noindex, follow\" \/>\n<meta property=\"og:locale\" content=\"de_DE\" \/>\n<meta property=\"og:type\" content=\"article\" \/>\n<meta property=\"og:title\" content=\"Camping am Genfersee - Schlanser Magazin\" \/>\n<meta property=\"og:description\" content=\"Das Schlanser Magazin berichtet \u00fcber Camping am Genfer See! \u2714Alles zum Urlaub am zweitgr\u00f6ssten See Europas \u2714Ausfl\u00fcge \u2714Ziele \u2714Geheimtipps\" \/>\n<meta property=\"og:url\" content=\"https:\/\/www.schlanser.ch\/magazin\/camping-am-genfersee\/\" \/>\n<meta property=\"og:site_name\" content=\"Schlanser Magazin\" \/>\n<meta property=\"article:published_time\" content=\"2019-09-03T09:01:31+00:00\" \/>\n<meta property=\"article:modified_time\" content=\"2023-01-10T11:58:44+00:00\" \/>\n<meta property=\"og:image\" content=\"https:\/\/www.schlanser.ch\/magazin\/wp-content\/uploads\/2020\/09\/Genfersee.jpg\" \/>\n\t<meta property=\"og:image:width\" content=\"660\" \/>\n\t<meta property=\"og:image:height\" content=\"289\" \/>\n\t<meta property=\"og:image:type\" content=\"image\/jpeg\" \/>\n<meta name=\"author\" content=\"admin\" \/>\n<meta name=\"twitter:card\" content=\"summary_large_image\" \/>\n<meta name=\"twitter:label1\" content=\"Verfasst von\" \/>\n\t<meta name=\"twitter:data1\" content=\"admin\" \/>\n\t<meta name=\"twitter:label2\" content=\"Gesch\u00e4tzte Lesezeit\" \/>\n\t<meta name=\"twitter:data2\" content=\"7 Minuten\" \/>\n<script type=\"application\/ld+json\" class=\"yoast-schema-graph\">{\"@context\":\"https:\/\/schema.org\",\"@graph\":[{\"@type\":\"WebPage\",\"@id\":\"https:\/\/www.schlanser.ch\/magazin\/camping-am-genfersee\/\",\"url\":\"https:\/\/www.schlanser.ch\/magazin\/camping-am-genfersee\/\",\"name\":\"Camping am Genfersee - Schlanser Magazin\",\"isPartOf\":{\"@id\":\"https:\/\/www.schlanser.ch\/magazin\/#website\"},\"primaryImageOfPage\":{\"@id\":\"https:\/\/www.schlanser.ch\/magazin\/camping-am-genfersee\/#primaryimage\"},\"image\":{\"@id\":\"https:\/\/www.schlanser.ch\/magazin\/camping-am-genfersee\/#primaryimage\"},\"thumbnailUrl\":\"https:\/\/www.schlanser.ch\/magazin\/wp-content\/uploads\/2020\/09\/Genfersee.jpg\",\"datePublished\":\"2019-09-03T09:01:31+00:00\",\"dateModified\":\"2023-01-10T11:58:44+00:00\",\"author\":{\"@id\":\"https:\/\/www.schlanser.ch\/magazin\/#\/schema\/person\/000db0a103eb2594ba3daf394b1dfea2\"},\"description\":\"Das Schlanser Magazin berichtet \u00fcber Camping am Genfer See! \u2714Alles zum Urlaub am zweitgr\u00f6ssten See Europas \u2714Ausfl\u00fcge \u2714Ziele \u2714Geheimtipps\",\"breadcrumb\":{\"@id\":\"https:\/\/www.schlanser.ch\/magazin\/camping-am-genfersee\/#breadcrumb\"},\"inLanguage\":\"de-DE\",\"potentialAction\":[{\"@type\":\"ReadAction\",\"target\":[\"https:\/\/www.schlanser.ch\/magazin\/camping-am-genfersee\/\"]}]},{\"@type\":\"ImageObject\",\"inLanguage\":\"de-DE\",\"@id\":\"https:\/\/www.schlanser.ch\/magazin\/camping-am-genfersee\/#primaryimage\",\"url\":\"https:\/\/www.schlanser.ch\/magazin\/wp-content\/uploads\/2020\/09\/Genfersee.jpg\",\"contentUrl\":\"https:\/\/www.schlanser.ch\/magazin\/wp-content\/uploads\/2020\/09\/Genfersee.jpg\",\"width\":660,\"height\":289,\"caption\":\"\u00a9 maytheevoran - stock.adobe.com\"},{\"@type\":\"BreadcrumbList\",\"@id\":\"https:\/\/www.schlanser.ch\/magazin\/camping-am-genfersee\/#breadcrumb\",\"itemListElement\":[{\"@type\":\"ListItem\",\"position\":1,\"name\":\"Startseite\",\"item\":\"https:\/\/www.schlanser.ch\/magazin\/\"},{\"@type\":\"ListItem\",\"position\":2,\"name\":\"Camping am Genfersee\"}]},{\"@type\":\"WebSite\",\"@id\":\"https:\/\/www.schlanser.ch\/magazin\/#website\",\"url\":\"https:\/\/www.schlanser.ch\/magazin\/\",\"name\":\"Schlanser Magazin\",\"description\":\"\",\"potentialAction\":[{\"@type\":\"SearchAction\",\"target\":{\"@type\":\"EntryPoint\",\"urlTemplate\":\"https:\/\/www.schlanser.ch\/magazin\/?s={search_term_string}\"},\"query-input\":\"required name=search_term_string\"}],\"inLanguage\":\"de-DE\"},{\"@type\":\"Person\",\"@id\":\"https:\/\/www.schlanser.ch\/magazin\/#\/schema\/person\/000db0a103eb2594ba3daf394b1dfea2\",\"name\":\"admin\",\"image\":{\"@type\":\"ImageObject\",\"inLanguage\":\"de-DE\",\"@id\":\"https:\/\/www.schlanser.ch\/magazin\/#\/schema\/person\/image\/\",\"url\":\"https:\/\/secure.gravatar.com\/avatar\/a794a4fe8a9b9c52241597eb381dfa2e?s=96&d=mm&r=g\",\"contentUrl\":\"https:\/\/secure.gravatar.com\/avatar\/a794a4fe8a9b9c52241597eb381dfa2e?s=96&d=mm&r=g\",\"caption\":\"admin\"}}]}<\/script>\n<!-- \/ Yoast SEO plugin. -->","yoast_head_json":{"title":"Camping am Genfersee - Schlanser Magazin","description":"Das Schlanser Magazin berichtet \u00fcber Camping am Genfer See! \u2714Alles zum Urlaub am zweitgr\u00f6ssten See Europas \u2714Ausfl\u00fcge \u2714Ziele \u2714Geheimtipps","robots":{"index":"noindex","follow":"follow"},"og_locale":"de_DE","og_type":"article","og_title":"Camping am Genfersee - Schlanser Magazin","og_description":"Das Schlanser Magazin berichtet \u00fcber Camping am Genfer See! \u2714Alles zum Urlaub am zweitgr\u00f6ssten See Europas \u2714Ausfl\u00fcge \u2714Ziele \u2714Geheimtipps","og_url":"https:\/\/www.schlanser.ch\/magazin\/camping-am-genfersee\/","og_site_name":"Schlanser Magazin","article_published_time":"2019-09-03T09:01:31+00:00","article_modified_time":"2023-01-10T11:58:44+00:00","og_image":[{"width":660,"height":289,"url":"https:\/\/www.schlanser.ch\/magazin\/wp-content\/uploads\/2020\/09\/Genfersee.jpg","type":"image\/jpeg"}],"author":"admin","twitter_card":"summary_large_image","twitter_misc":{"Verfasst von":"admin","Gesch\u00e4tzte Lesezeit":"7 Minuten"},"schema":{"@context":"https:\/\/schema.org","@graph":[{"@type":"WebPage","@id":"https:\/\/www.schlanser.ch\/magazin\/camping-am-genfersee\/","url":"https:\/\/www.schlanser.ch\/magazin\/camping-am-genfersee\/","name":"Camping am Genfersee - Schlanser Magazin","isPartOf":{"@id":"https:\/\/www.schlanser.ch\/magazin\/#website"},"primaryImageOfPage":{"@id":"https:\/\/www.schlanser.ch\/magazin\/camping-am-genfersee\/#primaryimage"},"image":{"@id":"https:\/\/www.schlanser.ch\/magazin\/camping-am-genfersee\/#primaryimage"},"thumbnailUrl":"https:\/\/www.schlanser.ch\/magazin\/wp-content\/uploads\/2020\/09\/Genfersee.jpg","datePublished":"2019-09-03T09:01:31+00:00","dateModified":"2023-01-10T11:58:44+00:00","author":{"@id":"https:\/\/www.schlanser.ch\/magazin\/#\/schema\/person\/000db0a103eb2594ba3daf394b1dfea2"},"description":"Das Schlanser Magazin berichtet \u00fcber Camping am Genfer See! \u2714Alles zum Urlaub am zweitgr\u00f6ssten See Europas \u2714Ausfl\u00fcge \u2714Ziele \u2714Geheimtipps","breadcrumb":{"@id":"https:\/\/www.schlanser.ch\/magazin\/camping-am-genfersee\/#breadcrumb"},"inLanguage":"de-DE","potentialAction":[{"@type":"ReadAction","target":["https:\/\/www.schlanser.ch\/magazin\/camping-am-genfersee\/"]}]},{"@type":"ImageObject","inLanguage":"de-DE","@id":"https:\/\/www.schlanser.ch\/magazin\/camping-am-genfersee\/#primaryimage","url":"https:\/\/www.schlanser.ch\/magazin\/wp-content\/uploads\/2020\/09\/Genfersee.jpg","contentUrl":"https:\/\/www.schlanser.ch\/magazin\/wp-content\/uploads\/2020\/09\/Genfersee.jpg","width":660,"height":289,"caption":"\u00a9 maytheevoran - stock.adobe.com"},{"@type":"BreadcrumbList","@id":"https:\/\/www.schlanser.ch\/magazin\/camping-am-genfersee\/#breadcrumb","itemListElement":[{"@type":"ListItem","position":1,"name":"Startseite","item":"https:\/\/www.schlanser.ch\/magazin\/"},{"@type":"ListItem","position":2,"name":"Camping am Genfersee"}]},{"@type":"WebSite","@id":"https:\/\/www.schlanser.ch\/magazin\/#website","url":"https:\/\/www.schlanser.ch\/magazin\/","name":"Schlanser Magazin","description":"","potentialAction":[{"@type":"SearchAction","target":{"@type":"EntryPoint","urlTemplate":"https:\/\/www.schlanser.ch\/magazin\/?s={search_term_string}"},"query-input":"required name=search_term_string"}],"inLanguage":"de-DE"},{"@type":"Person","@id":"https:\/\/www.schlanser.ch\/magazin\/#\/schema\/person\/000db0a103eb2594ba3daf394b1dfea2","name":"admin","image":{"@type":"ImageObject","inLanguage":"de-DE","@id":"https:\/\/www.schlanser.ch\/magazin\/#\/schema\/person\/image\/","url":"https:\/\/secure.gravatar.com\/avatar\/a794a4fe8a9b9c52241597eb381dfa2e?s=96&d=mm&r=g","contentUrl":"https:\/\/secure.gravatar.com\/avatar\/a794a4fe8a9b9c52241597eb381dfa2e?s=96&d=mm&r=g","caption":"admin"}}]}},"_links":{"self":[{"href":"https:\/\/www.schlanser.ch\/magazin\/wp-json\/wp\/v2\/posts\/7574"}],"collection":[{"href":"https:\/\/www.schlanser.ch\/magazin\/wp-json\/wp\/v2\/posts"}],"about":[{"href":"https:\/\/www.schlanser.ch\/magazin\/wp-json\/wp\/v2\/types\/post"}],"author":[{"embeddable":true,"href":"https:\/\/www.schlanser.ch\/magazin\/wp-json\/wp\/v2\/users\/1"}],"replies":[{"embeddable":true,"href":"https:\/\/www.schlanser.ch\/magazin\/wp-json\/wp\/v2\/comments?post=7574"}],"version-history":[{"count":25,"href":"https:\/\/www.schlanser.ch\/magazin\/wp-json\/wp\/v2\/posts\/7574\/revisions"}],"predecessor-version":[{"id":15001,"href":"https:\/\/www.schlanser.ch\/magazin\/wp-json\/wp\/v2\/posts\/7574\/revisions\/15001"}],"wp:featuredmedia":[{"embeddable":true,"href":"https:\/\/www.schlanser.ch\/magazin\/wp-json\/wp\/v2\/media\/7577"}],"wp:attachment":[{"href":"https:\/\/www.schlanser.ch\/magazin\/wp-json\/wp\/v2\/media?parent=7574"}],"wp:term":[{"taxonomy":"category","embeddable":true,"href":"https:\/\/www.schlanser.ch\/magazin\/wp-json\/wp\/v2\/categories?post=7574"},{"taxonomy":"post_tag","embeddable":true,"href":"https:\/\/www.schlanser.ch\/magazin\/wp-json\/wp\/v2\/tags?post=7574"}],"curies":[{"name":"wp","href":"https:\/\/api.w.org\/{rel}","templated":true}]}}