{"id":7719,"date":"2019-09-25T09:58:13","date_gmt":"2019-09-25T07:58:13","guid":{"rendered":"https:\/\/www.schlanser.ch\/magazin\/?p=7719"},"modified":"2024-01-10T14:53:35","modified_gmt":"2024-01-10T13:53:35","slug":"camping-in-belgien","status":"publish","type":"post","link":"https:\/\/www.schlanser.ch\/magazin\/camping-in-belgien\/","title":{"rendered":"Camping in Belgien"},"content":{"rendered":"<h2>\u00ab Wundervolle Orte und die besten Campingpl\u00e4tze \u00bb<\/h2>\n<p style=\"text-align: justify;\"><strong>Ein amerikanischer Politiker lenkte einst die Aufmerksamkeit der Welt auf Belgien mit der Aussage, das Land an der Nordsee sei &#8222;eine tolle Stadt und ein wundervoller Ort&#8220;. Tats\u00e4chlich ist das BeNeLux-Land sehr viel gr\u00f6sser und beheimatet mehr als eine Stadt. Mit seiner langen Geschichte und dem beeindruckenden Reichtum, den die belgischen Provinzen erst unter den Burgundern, dann unter Habsburg erlangten, ist das Land tats\u00e4chlich ein Ort voller Wunder und \u00dcberraschungen. Selbstverst\u00e4ndlich bietet auch Camping in Belgien einiges.\u00a0 <\/strong><\/p>\n<h2>Flandern, Wallonien und die Hauptstadtregion<\/h2>\n<p style=\"text-align: justify;\">In sprachlicher Hinsicht ist Belgien geteilt. In der n\u00f6rdlichen Region Flandern dominiert Fl\u00e4misch, ein belgisch gef\u00e4rbtes Niederl\u00e4ndisch. Im s\u00fcdlichen Wallonien ist Franz\u00f6sisch die wichtigste Sprache. Der kleinste Teil der Bev\u00f6lkerung lebt im deutschsprachigen Belgien. Nord und S\u00fcd unterscheiden sich auch geografisch. Eine flache, durch Menschenhand gepr\u00e4gte Geestlandschaft herrscht in Nordbelgien vor. Der S\u00fcden ist nicht allein durch die Lebensart franz\u00f6sisch beeinflusst. Wallonien ist Binnenland pur, wohingegen der gesamte K\u00fcstenabschnitt der Nordsee zu Flandern geh\u00f6rt. F\u00fcr Camping in Belgien am Meer liegt Ihr Ziel dort. Mittendrin befindet sich die Hauptstadtregion, aus der ein Fussballklub mit klangvollem Namen stammt: der RSC Anderlecht.<\/p>\n<figure id=\"attachment_7727\" aria-describedby=\"caption-attachment-7727\" style=\"width: 620px\" class=\"wp-caption aligncenter\"><img loading=\"lazy\" decoding=\"async\" class=\"wp-image-7727 size-full\" title=\"Flandern im Norden Belgiens bietet wundersch\u00f6ne Reiseziele - zum Beispiel Gent\" src=\"https:\/\/www.schlanser.ch\/magazin\/wp-content\/uploads\/2020\/09\/Gent.jpg\" alt=\"Gent, Stadtansicht\" width=\"620\" height=\"405\" srcset=\"https:\/\/www.schlanser.ch\/magazin\/wp-content\/uploads\/2020\/09\/Gent.jpg 620w, https:\/\/www.schlanser.ch\/magazin\/wp-content\/uploads\/2020\/09\/Gent-300x196.jpg 300w\" sizes=\"(max-width: 620px) 100vw, 620px\" \/><figcaption id=\"caption-attachment-7727\" class=\"wp-caption-text\">\u00a9 jovannig &#8211; stock.adobe.com<\/figcaption><\/figure>\n<h2>So sind die Pl\u00e4tze beim Camping<\/h2>\n<p style=\"text-align: justify;\">Auf einen belgischen Campingplatz bringen Sie <a href=\"https:\/\/www.schlanser.ch\/elektro\/\">Campingentertainment und Versorgungsm\u00f6glichkeiten<\/a> am besten selbst mit. Fl\u00e4che ist ausreichend vorhanden und Sie k\u00f6nnen problemlos Federball spielen. Einkaufen ist in dem dicht besiedelten Land zwar auch in den l\u00e4ndlichen Regionen unproblematisch, Campingpl\u00e4tze in Belgien geben aber selten mehr her als eine gr\u00fcne Wiese. Ein paar B\u00e4ume und nat\u00fcrlich sanit\u00e4re Einrichtungen sowie moderne Standards wie WLAN geh\u00f6ren zur Grundausstattung. Aber: Gigantische Poolanlagen oder Sporthallen suchen Sie meist vergeblich. Das flache und scheinbar unendliche Land mag auf den ersten Blick damit zun\u00e4chst trostlos wirken. Doch wer die Augen offenh\u00e4lt, f\u00fcr den gibt es trotzdem viel zu entdecken beim Camping in Belgien.<\/p>\n<p><img loading=\"lazy\" decoding=\"async\" class=\"aligncenter wp-image-7729 size-full\" title=\"Sat-Anlage Cytrac DX Premium 19\" src=\"https:\/\/www.schlanser.ch\/magazin\/wp-content\/uploads\/2020\/09\/Sat-Anlage-Cytrac-DX-Premium-19-1.jpg\" alt=\"Sat-Anlage Cytrac mit Fernseher\" width=\"620\" height=\"283\" srcset=\"https:\/\/www.schlanser.ch\/magazin\/wp-content\/uploads\/2020\/09\/Sat-Anlage-Cytrac-DX-Premium-19-1.jpg 620w, https:\/\/www.schlanser.ch\/magazin\/wp-content\/uploads\/2020\/09\/Sat-Anlage-Cytrac-DX-Premium-19-1-300x137.jpg 300w\" sizes=\"(max-width: 620px) 100vw, 620px\" \/><\/p>\n<h2>Raue K\u00fcste an der Nordsee<\/h2>\n<p style=\"text-align: justify;\">Das flache Land ist wie gemacht f\u00fcr das Velo. M\u00f6glichkeiten zum Ausleihen sind fast \u00fcberall vorhanden. Ganz im Norden der belgischen K\u00fcste liegt das Naturreservat Het Zwin. Vogelbeobachter und Schatzsucher kommen hier auf ihre Kosten. Die Meeresbrandung w\u00e4scht unentwegt fossile Haifischz\u00e4hne aus dem Sediment und Wellen tragen sie an den Strand. Sehr zur Freude aufmerksamer Strandl\u00e4ufer. F\u00fcr Camping in Belgien am Meer finden sich verschiedene Campingpl\u00e4tze. Camping Bonanza 1 in Blankenberge liegt am dichtesten an Het Zwin. Von hier aus starten Sie ausserdem zu einem Tagesausflug in die Niederlande.<\/p>\n<figure id=\"attachment_7723\" aria-describedby=\"caption-attachment-7723\" style=\"width: 620px\" class=\"wp-caption aligncenter\"><img loading=\"lazy\" decoding=\"async\" class=\"wp-image-7723 size-full\" title=\"Het Zwin - f\u00fcr Besucher, die sich an dem rauen Charme der Nordseek\u00fcste erfreuen\" src=\"https:\/\/www.schlanser.ch\/magazin\/wp-content\/uploads\/2020\/09\/Het-Zwin.jpg\" alt=\"Het Zwin - K\u00fcstenlandschaft\" width=\"620\" height=\"413\" srcset=\"https:\/\/www.schlanser.ch\/magazin\/wp-content\/uploads\/2020\/09\/Het-Zwin.jpg 620w, https:\/\/www.schlanser.ch\/magazin\/wp-content\/uploads\/2020\/09\/Het-Zwin-300x200.jpg 300w\" sizes=\"(max-width: 620px) 100vw, 620px\" \/><figcaption id=\"caption-attachment-7723\" class=\"wp-caption-text\">\u00a9 aniad &#8211; stock.adobe.com<\/figcaption><\/figure>\n<h2>Entlang der K\u00fcste Richtung S\u00fcden<\/h2>\n<p style=\"text-align: justify;\">Blankenberge ist ein Badeort Belgiens mit Vergangenheit. Seine Jugendstilarchitektur und gut erhaltene Zeugen der Belle-Epoche erz\u00e4hlen von Reichtum und mond\u00e4nem Leben zwischen 1840 und 1914. Jachthafen und Seebr\u00fccke sind fast selbstverst\u00e4ndlich. Das nutzen Belgier und G\u00e4ste f\u00fcr Kultur unter freiem Himmel. Am Strand findet von Juni bis August jedes Jahr ein Sandskulpturenfestival statt. Von Blankenberge ist es nicht weit bis nach Br\u00fcgge.<\/p>\n<h2>Handelsmetropole Europas<\/h2>\n<p style=\"text-align: justify;\">Seine beste Zeit erlebt Br\u00fcgge im Mittelalter. Die Burgunder halten Hof und die katholische Kirche macht Br\u00fcgge zum Bistum. Der alte Glanz findet sich in Strassen und H\u00e4usern der Stadt wieder, deren mittelalterlicher Stadtkern nicht nur sehenswert ist, sondern nebstdem eine von der UNESCO zum Weltkulturerbe erkl\u00e4rte Destination. In relativer N\u00e4he zum Zentrum finden Sie den Campingplatz Melming. Sonst erleben Sie die Hauptstadt Westflanderns als Tagestour mit Startpunkt auf einem der Campingpl\u00e4tze in Belgien in K\u00fcstenn\u00e4he.<\/p>\n<figure id=\"attachment_7740\" aria-describedby=\"caption-attachment-7740\" style=\"width: 620px\" class=\"wp-caption aligncenter\"><img loading=\"lazy\" decoding=\"async\" class=\"wp-image-7740 size-full\" title=\"Br\u00fcgge ist UNESCO Weltkulturerbe und l\u00e4dt zum Flanieren und Staunen ein\" src=\"https:\/\/www.schlanser.ch\/magazin\/wp-content\/uploads\/2020\/09\/Br\u00fcgge-3.jpg\" alt=\"Stadtansicht von Br\u00fcgge, dem UNESCO Weltkulturerbe\" width=\"620\" height=\"349\" srcset=\"https:\/\/www.schlanser.ch\/magazin\/wp-content\/uploads\/2020\/09\/Br\u00fcgge-3.jpg 620w, https:\/\/www.schlanser.ch\/magazin\/wp-content\/uploads\/2020\/09\/Br\u00fcgge-3-300x169.jpg 300w\" sizes=\"(max-width: 620px) 100vw, 620px\" \/><figcaption id=\"caption-attachment-7740\" class=\"wp-caption-text\">\u00a9 oscity &#8211; stock.adobe.com<\/figcaption><\/figure>\n<h2>Ostende \u2013 Hafen und Seebad<\/h2>\n<p style=\"text-align: justify;\">Die Architektur von Ostende profitiert von der aufkommenden Badekultur Ende des 19. Jahrhunderts wie so viele vertr\u00e4umte Orte an den K\u00fcsten von Nord- und Ostsee. Ostende ist nicht nur \u00fcber Land, sondern auch auf dem Seeweg erreichbar. In seinem Hafen finden Jachten ebenso Platz wie die Berufsfischerei. Im Vergleich zu den Welth\u00e4fen erlebt der Besucher einen scheinbar vertr\u00e4umten Hafen, um den aber ein quirliges Leben tobt. Entlang der K\u00fcstenlinie finden Sie auf den n\u00e4chsten 10 Kilometern Richtung Norden mehrfach Gelegenheit f\u00fcr Camping in Belgien am Meer. In der Hauptreisesaison ist fr\u00fchzeitiges Buchen Pflicht.<\/p>\n<figure id=\"attachment_7738\" aria-describedby=\"caption-attachment-7738\" style=\"width: 620px\" class=\"wp-caption aligncenter\"><img loading=\"lazy\" decoding=\"async\" class=\"wp-image-7738 size-full\" title=\"Ostende, pittoreske Hafenstadt an der Nordsee\" src=\"https:\/\/www.schlanser.ch\/magazin\/wp-content\/uploads\/2020\/09\/Ostende-2.jpg\" alt=\"Ostende, Hafenansicht\" width=\"620\" height=\"334\" srcset=\"https:\/\/www.schlanser.ch\/magazin\/wp-content\/uploads\/2020\/09\/Ostende-2.jpg 620w, https:\/\/www.schlanser.ch\/magazin\/wp-content\/uploads\/2020\/09\/Ostende-2-300x162.jpg 300w\" sizes=\"(max-width: 620px) 100vw, 620px\" \/><figcaption id=\"caption-attachment-7738\" class=\"wp-caption-text\">\u00a9 jerome berquez &#8211; stock.adobe.com<\/figcaption><\/figure>\n<h2>Weitreichende Beziehungen, weltweiter Handel<\/h2>\n<p style=\"text-align: justify;\">Antwerpen ist das Zentrum des globalen Diamantenhandels und beherbergt Europas zweitgr\u00f6ssten Seehafen nach Rotterdam. Dabei ist der Hafen durch die Schelde mit der Nordsee verbunden. Die Schifffahrt ist von den Gezeiten abh\u00e4ngig, damit immer eine Handbreit Wasser unter dem Kiel ist. Doch der im gesch\u00fctzten Binnenland gelegene Hafen ist sicher. Davon profitiert der Handel seit dem Mittelalter und macht Antwerpen zu einer einflussreichen Stadt von Weltrang. Spuren dieser Vergangenheit sind \u00fcberall im Stadtbild sichtbar. Anh\u00e4nger oder Womo stellen Sie zum Beispiel in der N\u00e4he von Gent auf dem Campingplatz Blaarmeersen ab und nutzen f\u00fcr die Tagestour ein Bahnticket. Antwerpen hat 2017 eine Umweltzone eingerichtet, die f\u00fcr Personenverkehr gesperrt ist.<\/p>\n<p><img loading=\"lazy\" decoding=\"async\" class=\"aligncenter wp-image-7761 size-full\" title=\"Strandmuschel Pop Up 2\" src=\"https:\/\/www.schlanser.ch\/magazin\/wp-content\/uploads\/2020\/09\/Strandmuschel-Pop-Up-2-1.jpg\" alt=\"Zelt, im Hintergrund ein Wald\" width=\"620\" height=\"387\" srcset=\"https:\/\/www.schlanser.ch\/magazin\/wp-content\/uploads\/2020\/09\/Strandmuschel-Pop-Up-2-1.jpg 620w, https:\/\/www.schlanser.ch\/magazin\/wp-content\/uploads\/2020\/09\/Strandmuschel-Pop-Up-2-1-300x187.jpg 300w\" sizes=\"(max-width: 620px) 100vw, 620px\" \/><\/p>\n<h2>Hauptstadt Br\u00fcssel<\/h2>\n<p style=\"text-align: justify;\">Das Atomium ist Wahrzeichen Br\u00fcssels seit der Weltausstellung 1958. Kaum weniger ber\u00fchmt ist das Manneken Pis, eine f\u00fcr seine Zeit frech-frivole Skulptur eines Brunnens. Hier residieren das belgische K\u00f6nigshaus und wichtige Institutionen der EU haben vor Ort ihren Sitz. In Br\u00fcssel treffen Geschichte und Moderne aufeinander. Umliegende Gemeinden wie Anderlecht sind l\u00e4ngst mit der Stadt zu einer europ\u00e4ischen Metropole zusammengewachsen. F\u00fcr St\u00e4dtereisende ein abwechslungsreiches Ziel. Unterkunft finden Camper n\u00f6rdlich der Stadt in Grimbergen oder westlich in Wezembeek-Oppern und in Overijse.<\/p>\n<figure id=\"attachment_7742\" aria-describedby=\"caption-attachment-7742\" style=\"width: 620px\" class=\"wp-caption aligncenter\"><img loading=\"lazy\" decoding=\"async\" class=\"wp-image-7742 size-full\" title=\"Der alte, wundersch\u00f6ne Stadtkern geh\u00f6rt zum Pflichtprogramm in Br\u00fcssel\" src=\"https:\/\/www.schlanser.ch\/magazin\/wp-content\/uploads\/2020\/09\/Br\u00fcssel.jpg\" alt=\"Altstadt von Br\u00fcssel\" width=\"620\" height=\"295\" srcset=\"https:\/\/www.schlanser.ch\/magazin\/wp-content\/uploads\/2020\/09\/Br\u00fcssel.jpg 620w, https:\/\/www.schlanser.ch\/magazin\/wp-content\/uploads\/2020\/09\/Br\u00fcssel-300x143.jpg 300w\" sizes=\"(max-width: 620px) 100vw, 620px\" \/><figcaption id=\"caption-attachment-7742\" class=\"wp-caption-text\">\u00a9 CPN &#8211; stock.adobe.com<\/figcaption><\/figure>\n<h2>Belgien kulinarisch<\/h2>\n<p style=\"text-align: justify;\">Aus Belgien stammt eine Spezialit\u00e4t, ohne die das moderne Leben undenkbar w\u00e4re: Pommes Frites. Bis zu 20 verschiedene Saucen stehen im Mutterland der frittierten Kartoffelst\u00e4bchen zur Auswahl. Die Sorte Bintje ist die Basis f\u00fcr echte belgische Pommes frites, doch das Geheimnis des Geschmacks liegt in der Zubereitung mit zweimaligem Frittieren bei unterschiedlichen Temperaturen.<\/p>\n<figure id=\"attachment_7744\" aria-describedby=\"caption-attachment-7744\" style=\"width: 620px\" class=\"wp-caption aligncenter\"><img loading=\"lazy\" decoding=\"async\" class=\"wp-image-7744 size-full\" title=\"Das Nationalgericht sollte jeder Belgien Besucher zumindest mal probieren, auch mit Muscheln!\" src=\"https:\/\/www.schlanser.ch\/magazin\/wp-content\/uploads\/2020\/09\/Belgische-Fritten.jpg\" alt=\"Belgische Pommes Frites\" width=\"620\" height=\"415\" srcset=\"https:\/\/www.schlanser.ch\/magazin\/wp-content\/uploads\/2020\/09\/Belgische-Fritten.jpg 620w, https:\/\/www.schlanser.ch\/magazin\/wp-content\/uploads\/2020\/09\/Belgische-Fritten-300x201.jpg 300w, https:\/\/www.schlanser.ch\/magazin\/wp-content\/uploads\/2020\/09\/Belgische-Fritten-110x75.jpg 110w\" sizes=\"(max-width: 620px) 100vw, 620px\" \/><figcaption id=\"caption-attachment-7744\" class=\"wp-caption-text\">\u00a9 dinozzaver &#8211; stock.adobe.com<\/figcaption><\/figure>\n<p style=\"text-align: justify;\">Der Fachmann kann es h\u00f6ren, wann die &#8222;Fritten&#8220; perfekt sind. Sie singen. Und Fachleute finden sich an jeder Ecke. Die Dichte an Imbissbuden ist hier am h\u00f6chsten in ganz Europa. Wenn Sie nicht glauben, dass diese Pommes Frites anders schmecken, als alles, was Sie vorher gekostet haben, probieren Sie es aus: Zwischen Bern und Br\u00fcssel liegen schliesslich nur knapp 700 Kilometer.<\/p>\n","protected":false},"excerpt":{"rendered":"<p>\u00ab Wundervolle Orte und die besten Campingpl\u00e4tze \u00bb Ein amerikanischer Politiker lenkte einst die Aufmerksamkeit der Welt auf Belgien mit der Aussage, das Land an der Nordsee sei &#8222;eine tolle Stadt und ein wundervoller Ort&#8220;. Tats\u00e4chlich ist das BeNeLux-Land sehr viel gr\u00f6sser und beheimatet mehr als eine Stadt. Mit seiner langen Geschichte und dem beeindruckenden &hellip;<\/p>\n","protected":false},"author":1,"featured_media":7725,"comment_status":"closed","ping_status":"open","sticky":false,"template":"","format":"standard","meta":{"footnotes":""},"categories":[2],"tags":[1043,1044,1040,1042,1041,1046,849,1045,372,748],"yoast_head":"<!-- This site is optimized with the Yoast SEO plugin v22.2 - https:\/\/yoast.com\/wordpress\/plugins\/seo\/ -->\n<title>Camping in Belgien - Schlanser Magazin<\/title>\n<meta name=\"description\" content=\"Das Schlanser Campingmagazin mit einem \u00dcberblick zu Camping-Ferien in Belgien! \u2013 Wir erkl\u00e4ren \u2714die sch\u00f6nsten Pl\u00e4tze \u2714Sehensw\u00fcrdigkeiten \u2714St\u00e4dte\" \/>\n<meta name=\"robots\" content=\"noindex, follow\" \/>\n<meta property=\"og:locale\" content=\"de_DE\" \/>\n<meta property=\"og:type\" content=\"article\" \/>\n<meta property=\"og:title\" content=\"Camping in Belgien - Schlanser Magazin\" \/>\n<meta property=\"og:description\" content=\"Das Schlanser Campingmagazin mit einem \u00dcberblick zu Camping-Ferien in Belgien! \u2013 Wir erkl\u00e4ren \u2714die sch\u00f6nsten Pl\u00e4tze \u2714Sehensw\u00fcrdigkeiten \u2714St\u00e4dte\" \/>\n<meta property=\"og:url\" content=\"https:\/\/www.schlanser.ch\/magazin\/camping-in-belgien\/\" \/>\n<meta property=\"og:site_name\" content=\"Schlanser Magazin\" \/>\n<meta property=\"article:published_time\" content=\"2019-09-25T07:58:13+00:00\" \/>\n<meta property=\"article:modified_time\" content=\"2024-01-10T13:53:35+00:00\" \/>\n<meta property=\"og:image\" content=\"https:\/\/www.schlanser.ch\/magazin\/wp-content\/uploads\/2020\/09\/Belgien.jpg\" \/>\n\t<meta property=\"og:image:width\" content=\"660\" \/>\n\t<meta property=\"og:image:height\" content=\"440\" \/>\n\t<meta property=\"og:image:type\" content=\"image\/jpeg\" \/>\n<meta name=\"author\" content=\"admin\" \/>\n<meta name=\"twitter:card\" content=\"summary_large_image\" \/>\n<meta name=\"twitter:label1\" content=\"Verfasst von\" \/>\n\t<meta name=\"twitter:data1\" content=\"admin\" \/>\n\t<meta name=\"twitter:label2\" content=\"Gesch\u00e4tzte Lesezeit\" \/>\n\t<meta name=\"twitter:data2\" content=\"8 Minuten\" \/>\n<script type=\"application\/ld+json\" class=\"yoast-schema-graph\">{\"@context\":\"https:\/\/schema.org\",\"@graph\":[{\"@type\":\"WebPage\",\"@id\":\"https:\/\/www.schlanser.ch\/magazin\/camping-in-belgien\/\",\"url\":\"https:\/\/www.schlanser.ch\/magazin\/camping-in-belgien\/\",\"name\":\"Camping in Belgien - Schlanser Magazin\",\"isPartOf\":{\"@id\":\"https:\/\/www.schlanser.ch\/magazin\/#website\"},\"primaryImageOfPage\":{\"@id\":\"https:\/\/www.schlanser.ch\/magazin\/camping-in-belgien\/#primaryimage\"},\"image\":{\"@id\":\"https:\/\/www.schlanser.ch\/magazin\/camping-in-belgien\/#primaryimage\"},\"thumbnailUrl\":\"https:\/\/www.schlanser.ch\/magazin\/wp-content\/uploads\/2020\/09\/Belgien.jpg\",\"datePublished\":\"2019-09-25T07:58:13+00:00\",\"dateModified\":\"2024-01-10T13:53:35+00:00\",\"author\":{\"@id\":\"https:\/\/www.schlanser.ch\/magazin\/#\/schema\/person\/000db0a103eb2594ba3daf394b1dfea2\"},\"description\":\"Das Schlanser Campingmagazin mit einem \u00dcberblick zu Camping-Ferien in Belgien! \u2013 Wir erkl\u00e4ren \u2714die sch\u00f6nsten Pl\u00e4tze \u2714Sehensw\u00fcrdigkeiten \u2714St\u00e4dte\",\"breadcrumb\":{\"@id\":\"https:\/\/www.schlanser.ch\/magazin\/camping-in-belgien\/#breadcrumb\"},\"inLanguage\":\"de-DE\",\"potentialAction\":[{\"@type\":\"ReadAction\",\"target\":[\"https:\/\/www.schlanser.ch\/magazin\/camping-in-belgien\/\"]}]},{\"@type\":\"ImageObject\",\"inLanguage\":\"de-DE\",\"@id\":\"https:\/\/www.schlanser.ch\/magazin\/camping-in-belgien\/#primaryimage\",\"url\":\"https:\/\/www.schlanser.ch\/magazin\/wp-content\/uploads\/2020\/09\/Belgien.jpg\",\"contentUrl\":\"https:\/\/www.schlanser.ch\/magazin\/wp-content\/uploads\/2020\/09\/Belgien.jpg\",\"width\":660,\"height\":440,\"caption\":\"\u00a9 LALSSTOCK - stock.adobe.com\"},{\"@type\":\"BreadcrumbList\",\"@id\":\"https:\/\/www.schlanser.ch\/magazin\/camping-in-belgien\/#breadcrumb\",\"itemListElement\":[{\"@type\":\"ListItem\",\"position\":1,\"name\":\"Startseite\",\"item\":\"https:\/\/www.schlanser.ch\/magazin\/\"},{\"@type\":\"ListItem\",\"position\":2,\"name\":\"Camping in Belgien\"}]},{\"@type\":\"WebSite\",\"@id\":\"https:\/\/www.schlanser.ch\/magazin\/#website\",\"url\":\"https:\/\/www.schlanser.ch\/magazin\/\",\"name\":\"Schlanser Magazin\",\"description\":\"\",\"potentialAction\":[{\"@type\":\"SearchAction\",\"target\":{\"@type\":\"EntryPoint\",\"urlTemplate\":\"https:\/\/www.schlanser.ch\/magazin\/?s={search_term_string}\"},\"query-input\":\"required name=search_term_string\"}],\"inLanguage\":\"de-DE\"},{\"@type\":\"Person\",\"@id\":\"https:\/\/www.schlanser.ch\/magazin\/#\/schema\/person\/000db0a103eb2594ba3daf394b1dfea2\",\"name\":\"admin\",\"image\":{\"@type\":\"ImageObject\",\"inLanguage\":\"de-DE\",\"@id\":\"https:\/\/www.schlanser.ch\/magazin\/#\/schema\/person\/image\/\",\"url\":\"https:\/\/secure.gravatar.com\/avatar\/a794a4fe8a9b9c52241597eb381dfa2e?s=96&d=mm&r=g\",\"contentUrl\":\"https:\/\/secure.gravatar.com\/avatar\/a794a4fe8a9b9c52241597eb381dfa2e?s=96&d=mm&r=g\",\"caption\":\"admin\"}}]}<\/script>\n<!-- \/ Yoast SEO plugin. -->","yoast_head_json":{"title":"Camping in Belgien - Schlanser Magazin","description":"Das Schlanser Campingmagazin mit einem \u00dcberblick zu Camping-Ferien in Belgien! \u2013 Wir erkl\u00e4ren \u2714die sch\u00f6nsten Pl\u00e4tze \u2714Sehensw\u00fcrdigkeiten \u2714St\u00e4dte","robots":{"index":"noindex","follow":"follow"},"og_locale":"de_DE","og_type":"article","og_title":"Camping in Belgien - Schlanser Magazin","og_description":"Das Schlanser Campingmagazin mit einem \u00dcberblick zu Camping-Ferien in Belgien! \u2013 Wir erkl\u00e4ren \u2714die sch\u00f6nsten Pl\u00e4tze \u2714Sehensw\u00fcrdigkeiten \u2714St\u00e4dte","og_url":"https:\/\/www.schlanser.ch\/magazin\/camping-in-belgien\/","og_site_name":"Schlanser Magazin","article_published_time":"2019-09-25T07:58:13+00:00","article_modified_time":"2024-01-10T13:53:35+00:00","og_image":[{"width":660,"height":440,"url":"https:\/\/www.schlanser.ch\/magazin\/wp-content\/uploads\/2020\/09\/Belgien.jpg","type":"image\/jpeg"}],"author":"admin","twitter_card":"summary_large_image","twitter_misc":{"Verfasst von":"admin","Gesch\u00e4tzte Lesezeit":"8 Minuten"},"schema":{"@context":"https:\/\/schema.org","@graph":[{"@type":"WebPage","@id":"https:\/\/www.schlanser.ch\/magazin\/camping-in-belgien\/","url":"https:\/\/www.schlanser.ch\/magazin\/camping-in-belgien\/","name":"Camping in Belgien - Schlanser Magazin","isPartOf":{"@id":"https:\/\/www.schlanser.ch\/magazin\/#website"},"primaryImageOfPage":{"@id":"https:\/\/www.schlanser.ch\/magazin\/camping-in-belgien\/#primaryimage"},"image":{"@id":"https:\/\/www.schlanser.ch\/magazin\/camping-in-belgien\/#primaryimage"},"thumbnailUrl":"https:\/\/www.schlanser.ch\/magazin\/wp-content\/uploads\/2020\/09\/Belgien.jpg","datePublished":"2019-09-25T07:58:13+00:00","dateModified":"2024-01-10T13:53:35+00:00","author":{"@id":"https:\/\/www.schlanser.ch\/magazin\/#\/schema\/person\/000db0a103eb2594ba3daf394b1dfea2"},"description":"Das Schlanser Campingmagazin mit einem \u00dcberblick zu Camping-Ferien in Belgien! \u2013 Wir erkl\u00e4ren \u2714die sch\u00f6nsten Pl\u00e4tze \u2714Sehensw\u00fcrdigkeiten \u2714St\u00e4dte","breadcrumb":{"@id":"https:\/\/www.schlanser.ch\/magazin\/camping-in-belgien\/#breadcrumb"},"inLanguage":"de-DE","potentialAction":[{"@type":"ReadAction","target":["https:\/\/www.schlanser.ch\/magazin\/camping-in-belgien\/"]}]},{"@type":"ImageObject","inLanguage":"de-DE","@id":"https:\/\/www.schlanser.ch\/magazin\/camping-in-belgien\/#primaryimage","url":"https:\/\/www.schlanser.ch\/magazin\/wp-content\/uploads\/2020\/09\/Belgien.jpg","contentUrl":"https:\/\/www.schlanser.ch\/magazin\/wp-content\/uploads\/2020\/09\/Belgien.jpg","width":660,"height":440,"caption":"\u00a9 LALSSTOCK - stock.adobe.com"},{"@type":"BreadcrumbList","@id":"https:\/\/www.schlanser.ch\/magazin\/camping-in-belgien\/#breadcrumb","itemListElement":[{"@type":"ListItem","position":1,"name":"Startseite","item":"https:\/\/www.schlanser.ch\/magazin\/"},{"@type":"ListItem","position":2,"name":"Camping in Belgien"}]},{"@type":"WebSite","@id":"https:\/\/www.schlanser.ch\/magazin\/#website","url":"https:\/\/www.schlanser.ch\/magazin\/","name":"Schlanser Magazin","description":"","potentialAction":[{"@type":"SearchAction","target":{"@type":"EntryPoint","urlTemplate":"https:\/\/www.schlanser.ch\/magazin\/?s={search_term_string}"},"query-input":"required name=search_term_string"}],"inLanguage":"de-DE"},{"@type":"Person","@id":"https:\/\/www.schlanser.ch\/magazin\/#\/schema\/person\/000db0a103eb2594ba3daf394b1dfea2","name":"admin","image":{"@type":"ImageObject","inLanguage":"de-DE","@id":"https:\/\/www.schlanser.ch\/magazin\/#\/schema\/person\/image\/","url":"https:\/\/secure.gravatar.com\/avatar\/a794a4fe8a9b9c52241597eb381dfa2e?s=96&d=mm&r=g","contentUrl":"https:\/\/secure.gravatar.com\/avatar\/a794a4fe8a9b9c52241597eb381dfa2e?s=96&d=mm&r=g","caption":"admin"}}]}},"_links":{"self":[{"href":"https:\/\/www.schlanser.ch\/magazin\/wp-json\/wp\/v2\/posts\/7719"}],"collection":[{"href":"https:\/\/www.schlanser.ch\/magazin\/wp-json\/wp\/v2\/posts"}],"about":[{"href":"https:\/\/www.schlanser.ch\/magazin\/wp-json\/wp\/v2\/types\/post"}],"author":[{"embeddable":true,"href":"https:\/\/www.schlanser.ch\/magazin\/wp-json\/wp\/v2\/users\/1"}],"replies":[{"embeddable":true,"href":"https:\/\/www.schlanser.ch\/magazin\/wp-json\/wp\/v2\/comments?post=7719"}],"version-history":[{"count":31,"href":"https:\/\/www.schlanser.ch\/magazin\/wp-json\/wp\/v2\/posts\/7719\/revisions"}],"predecessor-version":[{"id":17172,"href":"https:\/\/www.schlanser.ch\/magazin\/wp-json\/wp\/v2\/posts\/7719\/revisions\/17172"}],"wp:featuredmedia":[{"embeddable":true,"href":"https:\/\/www.schlanser.ch\/magazin\/wp-json\/wp\/v2\/media\/7725"}],"wp:attachment":[{"href":"https:\/\/www.schlanser.ch\/magazin\/wp-json\/wp\/v2\/media?parent=7719"}],"wp:term":[{"taxonomy":"category","embeddable":true,"href":"https:\/\/www.schlanser.ch\/magazin\/wp-json\/wp\/v2\/categories?post=7719"},{"taxonomy":"post_tag","embeddable":true,"href":"https:\/\/www.schlanser.ch\/magazin\/wp-json\/wp\/v2\/tags?post=7719"}],"curies":[{"name":"wp","href":"https:\/\/api.w.org\/{rel}","templated":true}]}}