{"id":8006,"date":"2019-10-23T10:28:14","date_gmt":"2019-10-23T08:28:14","guid":{"rendered":"https:\/\/www.schlanser.ch\/magazin\/?p=8006"},"modified":"2024-01-10T14:54:16","modified_gmt":"2024-01-10T13:54:16","slug":"wohnwagen-abdeckung","status":"publish","type":"post","link":"https:\/\/www.schlanser.ch\/magazin\/wohnwagen-abdeckung\/","title":{"rendered":"Wohnwagen Abdeckung"},"content":{"rendered":"<h2>\u00ab Zus\u00e4tzlicher Schutz f\u00fcr Ihren Caravan in der kalten Jahreszeit \u00bb<\/h2>\n<p style=\"text-align: justify;\"><strong>Haben Sie keinen \u00fcberdachten Winterstellplatz f\u00fcr Ihr Wohnmobil gefunden? Ist Ihr Caravan zu gross, um ihn in einer Garage winterfest unterzustellen? Dann haben Sie bestimmt schon daran gedacht, wie Sie Ihren Wohnanh\u00e4nger oder Ihr Wohnmobil zus\u00e4tzlich sch\u00fctzen k\u00f6nnen. Schliesslich steht Ihr Campinggef\u00e4hrt in den n\u00e4chsten Monaten unter freiem Himmel. Mit einer Abdeckung f\u00fcr Wohnwagen und Wohnmobile trotzt Ihr Campinganh\u00e4nger Eis, Regen und Schnee. <\/strong><\/p>\n<h2>Die Tage werden k\u00fcrzer \u2013 Zeit Ihren Caravan winterfest zu machen<\/h2>\n<p style=\"text-align: justify;\">Wie jedes Jahr im Herbst machen sich viele Camper daran, ihre Wohnmobile und Wohnanh\u00e4nger winterfest zu machen. Wie jedes Jahr bedeutet das, die Aussenhaut des Caravans gr\u00fcndlich zu s\u00e4ubern und vom Schmutz zu befreien, den Innenraum winterfest herzurichten, Gummidichtungen und <a href=\"https:\/\/www.schlanser.ch\/fahrzeug\/campingfahrzeug-inneneinrichtung\/schloss-tuersicherung\/\">Schl\u00f6sser<\/a> zu impr\u00e4gnieren und das Wasser aus den Tanks zu lassen. Auch Sie haben Ihren Camper vielleicht gerade winterfest gemacht oder haben es in n\u00e4chster Zeit vor.<\/p>\n<p><img loading=\"lazy\" decoding=\"async\" class=\"aligncenter wp-image-8034 size-full\" title=\"Uni Dachschutzplane Wintertime 500 von Hindermann\" src=\"https:\/\/www.schlanser.ch\/magazin\/wp-content\/uploads\/2019\/11\/uni-dachschutzplane-wintertime-500.jpg\" alt=\"uni-dachschutzplane-wintertime-500\" width=\"600\" height=\"307\" srcset=\"https:\/\/www.schlanser.ch\/magazin\/wp-content\/uploads\/2019\/11\/uni-dachschutzplane-wintertime-500.jpg 600w, https:\/\/www.schlanser.ch\/magazin\/wp-content\/uploads\/2019\/11\/uni-dachschutzplane-wintertime-500-300x154.jpg 300w\" sizes=\"(max-width: 600px) 100vw, 600px\" \/><\/p>\n<p style=\"text-align: justify;\">Eine winterfeste Wohnwagen Abdeckung kann eine sinnvolle Anschaffung sein, um Ihren Camper unbeschadet \u00fcber den Winter zu bringen. Besonders wenn Sie keinen \u00fcberdachten Winterstellplatz in einer Scheune oder einem Carport gefunden haben. \u00dcberwintern unter freiem Himmel f\u00fchrt zu verst\u00e4rkten Materialbelastungen an Ihrem Caravan.<\/p>\n<p style=\"text-align: justify;\"><img loading=\"lazy\" decoding=\"async\" class=\"alignleft wp-image-8047 size-full\" title=\"Radschutzh\u00fclle mit Sonnenreflektion von Hindermann\" src=\"https:\/\/www.schlanser.ch\/magazin\/wp-content\/uploads\/2019\/11\/radschutzhuelle.jpg\" alt=\"radschutzhuelle\" width=\"300\" height=\"300\" srcset=\"https:\/\/www.schlanser.ch\/magazin\/wp-content\/uploads\/2019\/11\/radschutzhuelle.jpg 300w, https:\/\/www.schlanser.ch\/magazin\/wp-content\/uploads\/2019\/11\/radschutzhuelle-150x150.jpg 150w\" sizes=\"(max-width: 300px) 100vw, 300px\" \/>Lackierung und Zierleisten leiden unter Schnee, N\u00e4sse und Schmutz. Auch Gummidichtungen an T\u00fcren und Fenstern, <a href=\"https:\/\/www.schlanser.ch\/fahrzeug\/wohnwagen-wohnmobil-zubehoer\/fahrzeugbeleuchtung\/\">Katzenaugen und Begrenzungsleuchten<\/a> sind anf\u00e4llig f\u00fcr Sch\u00e4den durch Witterungseinfl\u00fcsse. Die Aufkleber, die Sie von Ihren Reisen mitgebracht haben und die als Andenken die R\u00fcckseite Ihres Campinganh\u00e4ngers zieren, bleichen durch die UV-Strahlung aus. Viele Campingfreunde packen ihren Caravan deswegen in eine spezielle Wohnwagen Abdeckung ein, um das Campinggef\u00e4hrt zus\u00e4tzlich winterfest zu machen.<\/p>\n<p style=\"text-align: justify;\">Solche Wohnwagenplanen sind unter Campern nicht unumstritten. Einige halten die Planen schlicht f\u00fcr \u00fcberfl\u00fcssig. Andere sind sogar der Meinung, dass <a href=\"https:\/\/www.schlanser.ch\/fahrzeug\/wohnwagen-wohnmobil-zubehoer\/schutzhuellen-planen\/\">Schutzh\u00fcllen an Wohnwagen und Wohnmobilen<\/a> Sch\u00e4den verursachen k\u00f6nnen.<\/p>\n<div class=\"box info  \"><div class=\"box-inner-block\"><i class=\"fa tie-shortcode-boxicon\"><\/i>\n\t\t\tNaht das <a href=\"https:\/\/www.schlanser.ch\/erlebniswelten\/saisonende\/\">Saisonende<\/a>, dann schauen Sie sich im Schlanser Shop in unserer Erlebniswelt um. Dort finden Sie Schutzh\u00fcllen, Putzmittel und mehr, um Ihren Camper auf Hochglanz zu bringen.\n\t\t\t<\/div><\/div>\n<h2>Gefahr von Schleifsch\u00e4den \u2013\u00a0Sind winterfeste Wohnwagenplanen \u00fcberhaupt sinnvoll?<\/h2>\n<p style=\"text-align: justify;\">Steht Ihr Caravan \u00fcber den Winter nicht in einer Garage, Scheune oder einem Carport, dann ist Ihr treuer Begleiter nat\u00fcrlich auch dem ein oder anderen Sturm ausgesetzt. Bei starkem Wind ist es m\u00f6glich, dass die Wohnwagen Abdeckung an der Aussenhaut scheuert. Darunter leiden Lack und ganz besonders <a href=\"https:\/\/www.schlanser.ch\/fahrzeug\/wohnwagen-wohnmobil-zubehoer\/rollos-fenster\/\">die Acryl-F<\/a>, die tr\u00fcbe oder sogar blind werden k\u00f6nnen. Allerdings k\u00f6nnen Sie dem entgegenwirken, indem Sie die winterfeste Abdeckung unter dem Campinganh\u00e4nger schliessen.<\/p>\n<p><a href=\"https:\/\/www.schlanser.ch\/fahrzeug\/wohnwagen-wohnmobil-zubehoer\/schutzhuellen-planen\/21713\/hindermann-caravan-bugschutzplane\"><img loading=\"lazy\" decoding=\"async\" class=\"aligncenter wp-image-8031 size-full\" title=\"Caravan Bugschutzplane von Hindermann | sch\u00fctzt vor Eis &amp; Schnee | verhindert Zugluft | atmungsaktiv\" src=\"https:\/\/www.schlanser.ch\/magazin\/wp-content\/uploads\/2019\/11\/hindermann-caravan-bugschutzplane.jpg\" alt=\"hindermann-caravan-bugschutzplane\" width=\"600\" height=\"480\" srcset=\"https:\/\/www.schlanser.ch\/magazin\/wp-content\/uploads\/2019\/11\/hindermann-caravan-bugschutzplane.jpg 600w, https:\/\/www.schlanser.ch\/magazin\/wp-content\/uploads\/2019\/11\/hindermann-caravan-bugschutzplane-300x240.jpg 300w\" sizes=\"(max-width: 600px) 100vw, 600px\" \/><\/a><\/p>\n<p style=\"text-align: justify;\">Liegt die Wohnwagenplane eng an, kann der Wind nicht so leicht unter die winterfeste Abdeckung greifen. Deswegen verf\u00fcgen gute Wohnmobil und Wohnwagen Schutzh\u00fcllen entweder \u00fcber Verschlussgurte oder lassen sich im Boden verankern. Die meisten Wohnwagenplanen sind ausserdem aus sehr weichem Material gearbeitet, sodass keine Scheuersch\u00e4den an Fenstern oder gar Kratzer im Lack entstehen.<\/p>\n<h2>H\u00e4nde weg von nicht atmungsaktiven Schutzh\u00fcllen<\/h2>\n<p style=\"text-align: justify;\">Wasserdichte Abdeckplanen aus dem Baumarkt sind zwar g\u00fcnstiger als spezielle Wohnwagen Schutzh\u00fcllen. Eine winterfeste Abdeckung f\u00fcr Wohnwagen ist aber ihr Geld wert. Anders als reine Abdeckplanen sind Schutzh\u00fcllen f\u00fcr Wohnmobile und Caravans atmungsaktiv. Sie kennen das leidige Problem mit Kondenswasser im Innenraum Ihres Caravans. W\u00e4hrend der langen Standzeit im Winter bildet sich, wegen der hohen Temperaturunterschiede zwangsl\u00e4ufig Schwitzwasser. Oft mit unangenehmen Folgen: Schimmel und unsch\u00f6ne Stockflecken auf Ihren Polstern und Matratzen. Ganz \u00e4hnlich verh\u00e4lt es sich mit nicht atmungsaktiven Abdeckungen.<\/p>\n<p><img loading=\"lazy\" decoding=\"async\" class=\"aligncenter wp-image-8023 size-full\" title=\"Atmungsaktive Wohnwagen-Schutzh\u00fclle Wintertime 590 von Hindermann\" src=\"https:\/\/www.schlanser.ch\/magazin\/wp-content\/uploads\/2019\/11\/wohnwagen-schutzhuelle-wintertime-590.jpg\" alt=\"wohnwagen-schutzhuelle-wintertime-590\" width=\"600\" height=\"400\" srcset=\"https:\/\/www.schlanser.ch\/magazin\/wp-content\/uploads\/2019\/11\/wohnwagen-schutzhuelle-wintertime-590.jpg 600w, https:\/\/www.schlanser.ch\/magazin\/wp-content\/uploads\/2019\/11\/wohnwagen-schutzhuelle-wintertime-590-300x200.jpg 300w\" sizes=\"(max-width: 600px) 100vw, 600px\" \/><\/p>\n<p style=\"text-align: justify;\">Unter diesen sammelt sich durch Luftfeuchtigkeit Wasser an. Da die N\u00e4sse aber nicht, wie bei einer professionellen Wohnwagenplane, durch feine Poren austreten bzw. hindurch diffundieren kann, sammelt es sich an. Dringt es dann in Fugen oder Schl\u00f6sser, kann dies im Winter dazu f\u00fchren, dass T\u00fcren festfrieren. Nicht umsonst stehen im Fahrzeuginneren im Winter normalerweise zahlreiche Luftentfeuchter, um die Luft im Caravan trocken zu halten. Aussen besteht auch die Gefahr von Frostsprengung. Sch\u00e4den durch Eis, Schimmel oder Alufrass, k\u00f6nnen um einiges teurer werden, als etwas mehr Geld in eine hochwertige, winterfeste und atmungsaktive Abdeckung zu investieren. Zuletzt macht andauernde Feuchtigkeit Dichtungsgummis an T\u00fcren und Verklebungen, die Ihren Camper zusammenhalten durchaus spr\u00f6de und sollte vermieden werden.<\/p>\n<h2>Auf die richtige Gr\u00f6sse achten \u2013 Vorsicht bei zus\u00e4tzlichen Dachaufbauten<\/h2>\n<p style=\"text-align: justify;\">Um die richtigen Abmessungen f\u00fcr Ihre Wohnwagen Abdeckung zu ermitteln, k\u00f6nnen Sie sich auf die L\u00e4ngen-, Breite-, und H\u00f6henangaben aus Ihren Fahrzeugpapieren verlassen. Aber Vorsicht: Haben Sie auf dem Dach Ihres Caravans zus\u00e4tzliche Aufbauten, wie Dachklimaanlage, Satellitenantenne oder Kamine angebracht, m\u00fcssen Sie diese ber\u00fccksichtigen.<\/p>\n<p><img loading=\"lazy\" decoding=\"async\" class=\"aligncenter wp-image-8027 size-full\" title=\"Nellen Zelte Wohnwagen Schutzdach Typ 1 | 380 - 450 cm | sch\u00fctzt Ihren Wohnwagen\" src=\"https:\/\/www.schlanser.ch\/magazin\/wp-content\/uploads\/2019\/11\/nellen-zelte-wohnwagen-schutzdach-typ-1-380-450-cm.jpg\" alt=\"nellen-zelte-wohnwagen-schutzdach-typ-1-380-450-cm\" width=\"600\" height=\"375\" srcset=\"https:\/\/www.schlanser.ch\/magazin\/wp-content\/uploads\/2019\/11\/nellen-zelte-wohnwagen-schutzdach-typ-1-380-450-cm.jpg 600w, https:\/\/www.schlanser.ch\/magazin\/wp-content\/uploads\/2019\/11\/nellen-zelte-wohnwagen-schutzdach-typ-1-380-450-cm-300x188.jpg 300w\" sizes=\"(max-width: 600px) 100vw, 600px\" \/><\/p>\n<p style=\"text-align: justify;\">Achten Sie bei der Auswahl der Wohnmobil oder Wohnwagen Abdeckung auch darauf, dass die Plane \u00fcber \u00d6ffnungen f\u00fcr T\u00fcren und aussenliegende Stauraumf\u00e4cher verf\u00fcgt. Denn ist Ihr Wohnanh\u00e4nger oder Wohnmobil erst einmal verpackt und verzurrt, m\u00f6chten Sie ja noch ins Innere gelangen k\u00f6nnen \u2013 etwa um kleinere Reparaturen zu erledigen oder den Innenraum zu l\u00fcften. Schliesslich ist die Winterpause die beste Zeit des Jahres, um Sch\u00e4den auszubessern oder den Innenraum umzubauen.<\/p>\n<h2>Vor dem \u00dcberziehen der Wohnwagenplane: Gr\u00fcndlich reinigen<\/h2>\n<p style=\"text-align: justify;\">Bevor Sie die Abdeckung \u00fcberziehen, steht in jeden Fall eine gr\u00fcndliche Reinigung der Aussenhaut Ihres Wohnwagens auf dem Programm. Schmutz und Dreck unter der Wohnwagenplane k\u00f6nnen wie Schmirgelpapier wirken, wenn sich die Schutzh\u00fclle im Wind bewegt. Wenn Sie gerade schon die Putzmontur anhaben, sollten Sie bei der Gelegenheit gleich den Unterboden Ihres Campinggef\u00e4hrts reinigen. Viele Wohnwagenunterb\u00f6den sind aus Holz gefertigt, das macht sie besonders anf\u00e4llig gegen\u00fcber Feuchtigkeit und N\u00e4sse.<\/p>\n<p><img loading=\"lazy\" decoding=\"async\" class=\"aligncenter wp-image-8049 size-full\" title=\"Bodensch\u00fcrze f\u00fcr Ihren Fendt ab Baujahr 2015 von Hindermann | 500 cm | spezielle Ma\u00dfe\" src=\"https:\/\/www.schlanser.ch\/magazin\/wp-content\/uploads\/2019\/11\/hindermann-bodenschuerze-fendt-500-cm.jpg\" alt=\"hindermann-bodenschuerze-fendt-500-cm\" width=\"600\" height=\"444\" srcset=\"https:\/\/www.schlanser.ch\/magazin\/wp-content\/uploads\/2019\/11\/hindermann-bodenschuerze-fendt-500-cm.jpg 600w, https:\/\/www.schlanser.ch\/magazin\/wp-content\/uploads\/2019\/11\/hindermann-bodenschuerze-fendt-500-cm-300x222.jpg 300w\" sizes=\"(max-width: 600px) 100vw, 600px\" \/><\/p>\n<p style=\"text-align: justify;\">Auch wenn Sie eine Wohnwagen Abdeckung verwenden, Verunreinigungen und Schmutz am Unterboden ziehen N\u00e4sse und Feuchtigkeit an, die in der Folge Schimmel und Korrosion verursachen k\u00f6nnen. Ausserdem l\u00e4sst sich der Dreck, der \u00fcber den Winter am Unterboden fest trocknet, im Fr\u00fchjahr nur schwer wieder entfernen. Aber Vorsicht: In vielen Gemeinden der Schweiz ist das Waschen von Caravans auf dem Parkplatz nicht gestattet. Deswegen suchen Sie am besten einen daf\u00fcr ausgewiesen Parkplatz oder Waschplatz auf. Sonst droht eine Busse. Nutzen Sie am besten einen sonnigen Tag f\u00fcr die Reinigung. Denn wenn Sie die Abdeckung \u00fcber Ihren Wohnwagen ziehen, sollte die Aussenhaut komplett trocken sein.<\/p>\n<p><img loading=\"lazy\" decoding=\"async\" class=\"aligncenter wp-image-8051 size-full\" title=\"Radkastenabdeckung aus winterfestem Planenmaterial von Hindermann\" src=\"https:\/\/www.schlanser.ch\/magazin\/wp-content\/uploads\/2019\/11\/hindermann-radkastenabdeckung.jpg\" alt=\"hindermann-radkastenabdeckung\" width=\"600\" height=\"375\" srcset=\"https:\/\/www.schlanser.ch\/magazin\/wp-content\/uploads\/2019\/11\/hindermann-radkastenabdeckung.jpg 600w, https:\/\/www.schlanser.ch\/magazin\/wp-content\/uploads\/2019\/11\/hindermann-radkastenabdeckung-300x188.jpg 300w\" sizes=\"(max-width: 600px) 100vw, 600px\" \/><\/p>\n<p style=\"text-align: justify;\">Als n\u00e4chstes sollten Sie spitze Teile oder scharfkantige Stellen an den Dachaufbauten umwickeln, um Sch\u00e4den an der winterfesten Wohnwagen Abdeckung zu vermeiden. Dazu werden Sie eine <a href=\"https:\/\/www.schlanser.ch\/fahrzeug\/wohnwagen-wohnmobil-zubehoer\/transportboxen-leitern\/\">Leiter<\/a> ben\u00f6tigen, die Sie auch gut gebrauchen k\u00f6nnen, wenn Sie sich daran machen, die Plane an Ihrem Caravan anzubringen.<\/p>\n<blockquote>\n<p style=\"text-align: justify;\">Die meisten Wohnwagen Abdeckung lassen sich auch mit Teleskopstangen \u00fcber Ihr Campinggef\u00e4hrt ziehen. Aber gerade um die Plane \u00fcber Dachkamine, Klimaanlagen, grossz\u00fcgige Dachfenster oder andere Aufbauten zu heben, kann eine Leiter sehr n\u00fctzlich sein.<\/p>\n<\/blockquote>\n<h2>Schutzh\u00fcllen f\u00fcr Caravans \u2013 l\u00e4ngere Lebensdauer f\u00fcr verschleissanf\u00e4llige Bauteile<\/h2>\n<p style=\"text-align: justify;\">Wenn Sie Ihren Caravan in der Winterpause nicht an einem trockenen und \u00fcberdachten Platz unterstellen, ist eine winterfeste Wohnwagen und Wohnmobil Abdeckung die ideale Alternative. Sie sch\u00fctzt wirksam vor Schnee, Regen, Ausbleichen und der Bildung von Flechten und Moosen. Eine Wohnwagenplane verl\u00e4ngert die Lebensdauer von sensiblen und verschleissanf\u00e4lligen Bauteilen wie: Lackierung, Gummidichtungen, Fenster, Blinker und Katzenaugen. Mit einer Camping-Abdeckplane machen Sie Ihren Camper ausserdem widerstandsf\u00e4higer und sch\u00fctzen ihn vor Schmutz, Besch\u00e4digungen und Ausbleichen durch UV-Strahlung.<\/p>\n<p><img loading=\"lazy\" decoding=\"async\" class=\"aligncenter wp-image-8025 size-full\" title=\"Wohnwagen Schutzh\u00fclle | atmungsaktiv | rei\u00dffest | Rei\u00dfverschluss neben der T\u00fcre | wintertauglich\" src=\"https:\/\/www.schlanser.ch\/magazin\/wp-content\/uploads\/2019\/11\/wohnwagen-schutzhuelle.jpg\" alt=\"wohnwagen-schutzhuelle\" width=\"600\" height=\"375\" srcset=\"https:\/\/www.schlanser.ch\/magazin\/wp-content\/uploads\/2019\/11\/wohnwagen-schutzhuelle.jpg 600w, https:\/\/www.schlanser.ch\/magazin\/wp-content\/uploads\/2019\/11\/wohnwagen-schutzhuelle-300x188.jpg 300w\" sizes=\"(max-width: 600px) 100vw, 600px\" \/><\/p>\n<p style=\"text-align: justify;\">Insgesamt verl\u00e4ngert eine atmungsaktive Abdeckung also die Lebensdauer Ihres Caravans. Nach der Winterpause, wenn endlich das Fr\u00fchjahr gekommen ist, m\u00fcssen Sie auch keinen Schmutz und Dreck von der Aussenhaut waschen. Sie m\u00fcssen lediglich die Wohnwagen Abdeckung abziehen und k\u00f6nnen gleich in den n\u00e4chsten Campingurlaub fahren.<\/p>\n","protected":false},"excerpt":{"rendered":"<p>\u00ab Zus\u00e4tzlicher Schutz f\u00fcr Ihren Caravan in der kalten Jahreszeit \u00bb Haben Sie keinen \u00fcberdachten Winterstellplatz f\u00fcr Ihr Wohnmobil gefunden? Ist Ihr Caravan zu gross, um ihn in einer Garage winterfest unterzustellen? Dann haben Sie bestimmt schon daran gedacht, wie Sie Ihren Wohnanh\u00e4nger oder Ihr Wohnmobil zus\u00e4tzlich sch\u00fctzen k\u00f6nnen. Schliesslich steht Ihr Campinggef\u00e4hrt in den &hellip;<\/p>\n","protected":false},"author":1,"featured_media":8054,"comment_status":"closed","ping_status":"open","sticky":false,"template":"","format":"standard","meta":{"footnotes":""},"categories":[1],"tags":[823,824,537,564,538,827,528,1084,1082,927,529,1080,1081,297,1083],"yoast_head":"<!-- This site is optimized with the Yoast SEO plugin v22.2 - https:\/\/yoast.com\/wordpress\/plugins\/seo\/ -->\n<title>Wohnwagen Abdeckung - Schlanser Magazin<\/title>\n<meta name=\"description\" content=\"Das Schlanser Magazin berichtet \u00fcber die Vorteile einer winterfesten Abdeckung \u2714 f\u00fcr Wohnwagen und Wohnmobile!\" \/>\n<meta name=\"robots\" content=\"index, follow, max-snippet:-1, max-image-preview:large, max-video-preview:-1\" \/>\n<link rel=\"canonical\" href=\"https:\/\/www.schlanser.ch\/magazin\/wohnwagen-abdeckung\/\" \/>\n<meta property=\"og:locale\" content=\"de_DE\" \/>\n<meta property=\"og:type\" content=\"article\" \/>\n<meta property=\"og:title\" content=\"Wohnwagen Abdeckung - Schlanser Magazin\" \/>\n<meta property=\"og:description\" content=\"Das Schlanser Magazin berichtet \u00fcber die Vorteile einer winterfesten Abdeckung \u2714 f\u00fcr Wohnwagen und Wohnmobile!\" \/>\n<meta property=\"og:url\" content=\"https:\/\/www.schlanser.ch\/magazin\/wohnwagen-abdeckung\/\" \/>\n<meta property=\"og:site_name\" content=\"Schlanser Magazin\" \/>\n<meta property=\"article:published_time\" content=\"2019-10-23T08:28:14+00:00\" \/>\n<meta property=\"article:modified_time\" content=\"2024-01-10T13:54:16+00:00\" \/>\n<meta property=\"og:image\" content=\"https:\/\/www.schlanser.ch\/magazin\/wp-content\/uploads\/2019\/11\/wohnwagen-abdeckung.jpg\" \/>\n\t<meta property=\"og:image:width\" content=\"800\" \/>\n\t<meta property=\"og:image:height\" content=\"500\" \/>\n\t<meta property=\"og:image:type\" content=\"image\/jpeg\" \/>\n<meta name=\"author\" content=\"admin\" \/>\n<meta name=\"twitter:card\" content=\"summary_large_image\" \/>\n<meta name=\"twitter:label1\" content=\"Verfasst von\" \/>\n\t<meta name=\"twitter:data1\" content=\"admin\" \/>\n\t<meta name=\"twitter:label2\" content=\"Gesch\u00e4tzte Lesezeit\" \/>\n\t<meta name=\"twitter:data2\" content=\"8 Minuten\" \/>\n<script type=\"application\/ld+json\" class=\"yoast-schema-graph\">{\"@context\":\"https:\/\/schema.org\",\"@graph\":[{\"@type\":\"WebPage\",\"@id\":\"https:\/\/www.schlanser.ch\/magazin\/wohnwagen-abdeckung\/\",\"url\":\"https:\/\/www.schlanser.ch\/magazin\/wohnwagen-abdeckung\/\",\"name\":\"Wohnwagen Abdeckung - Schlanser Magazin\",\"isPartOf\":{\"@id\":\"https:\/\/www.schlanser.ch\/magazin\/#website\"},\"primaryImageOfPage\":{\"@id\":\"https:\/\/www.schlanser.ch\/magazin\/wohnwagen-abdeckung\/#primaryimage\"},\"image\":{\"@id\":\"https:\/\/www.schlanser.ch\/magazin\/wohnwagen-abdeckung\/#primaryimage\"},\"thumbnailUrl\":\"https:\/\/www.schlanser.ch\/magazin\/wp-content\/uploads\/2019\/11\/wohnwagen-abdeckung.jpg\",\"datePublished\":\"2019-10-23T08:28:14+00:00\",\"dateModified\":\"2024-01-10T13:54:16+00:00\",\"author\":{\"@id\":\"https:\/\/www.schlanser.ch\/magazin\/#\/schema\/person\/000db0a103eb2594ba3daf394b1dfea2\"},\"description\":\"Das Schlanser Magazin berichtet \u00fcber die Vorteile einer winterfesten Abdeckung \u2714 f\u00fcr Wohnwagen und Wohnmobile!\",\"breadcrumb\":{\"@id\":\"https:\/\/www.schlanser.ch\/magazin\/wohnwagen-abdeckung\/#breadcrumb\"},\"inLanguage\":\"de-DE\",\"potentialAction\":[{\"@type\":\"ReadAction\",\"target\":[\"https:\/\/www.schlanser.ch\/magazin\/wohnwagen-abdeckung\/\"]}]},{\"@type\":\"ImageObject\",\"inLanguage\":\"de-DE\",\"@id\":\"https:\/\/www.schlanser.ch\/magazin\/wohnwagen-abdeckung\/#primaryimage\",\"url\":\"https:\/\/www.schlanser.ch\/magazin\/wp-content\/uploads\/2019\/11\/wohnwagen-abdeckung.jpg\",\"contentUrl\":\"https:\/\/www.schlanser.ch\/magazin\/wp-content\/uploads\/2019\/11\/wohnwagen-abdeckung.jpg\",\"width\":800,\"height\":500},{\"@type\":\"BreadcrumbList\",\"@id\":\"https:\/\/www.schlanser.ch\/magazin\/wohnwagen-abdeckung\/#breadcrumb\",\"itemListElement\":[{\"@type\":\"ListItem\",\"position\":1,\"name\":\"Startseite\",\"item\":\"https:\/\/www.schlanser.ch\/magazin\/\"},{\"@type\":\"ListItem\",\"position\":2,\"name\":\"Wohnwagen Abdeckung\"}]},{\"@type\":\"WebSite\",\"@id\":\"https:\/\/www.schlanser.ch\/magazin\/#website\",\"url\":\"https:\/\/www.schlanser.ch\/magazin\/\",\"name\":\"Schlanser Magazin\",\"description\":\"\",\"potentialAction\":[{\"@type\":\"SearchAction\",\"target\":{\"@type\":\"EntryPoint\",\"urlTemplate\":\"https:\/\/www.schlanser.ch\/magazin\/?s={search_term_string}\"},\"query-input\":\"required name=search_term_string\"}],\"inLanguage\":\"de-DE\"},{\"@type\":\"Person\",\"@id\":\"https:\/\/www.schlanser.ch\/magazin\/#\/schema\/person\/000db0a103eb2594ba3daf394b1dfea2\",\"name\":\"admin\",\"image\":{\"@type\":\"ImageObject\",\"inLanguage\":\"de-DE\",\"@id\":\"https:\/\/www.schlanser.ch\/magazin\/#\/schema\/person\/image\/\",\"url\":\"https:\/\/secure.gravatar.com\/avatar\/a794a4fe8a9b9c52241597eb381dfa2e?s=96&d=mm&r=g\",\"contentUrl\":\"https:\/\/secure.gravatar.com\/avatar\/a794a4fe8a9b9c52241597eb381dfa2e?s=96&d=mm&r=g\",\"caption\":\"admin\"}}]}<\/script>\n<!-- \/ Yoast SEO plugin. -->","yoast_head_json":{"title":"Wohnwagen Abdeckung - Schlanser Magazin","description":"Das Schlanser Magazin berichtet \u00fcber die Vorteile einer winterfesten Abdeckung \u2714 f\u00fcr Wohnwagen und Wohnmobile!","robots":{"index":"index","follow":"follow","max-snippet":"max-snippet:-1","max-image-preview":"max-image-preview:large","max-video-preview":"max-video-preview:-1"},"canonical":"https:\/\/www.schlanser.ch\/magazin\/wohnwagen-abdeckung\/","og_locale":"de_DE","og_type":"article","og_title":"Wohnwagen Abdeckung - Schlanser Magazin","og_description":"Das Schlanser Magazin berichtet \u00fcber die Vorteile einer winterfesten Abdeckung \u2714 f\u00fcr Wohnwagen und Wohnmobile!","og_url":"https:\/\/www.schlanser.ch\/magazin\/wohnwagen-abdeckung\/","og_site_name":"Schlanser Magazin","article_published_time":"2019-10-23T08:28:14+00:00","article_modified_time":"2024-01-10T13:54:16+00:00","og_image":[{"width":800,"height":500,"url":"https:\/\/www.schlanser.ch\/magazin\/wp-content\/uploads\/2019\/11\/wohnwagen-abdeckung.jpg","type":"image\/jpeg"}],"author":"admin","twitter_card":"summary_large_image","twitter_misc":{"Verfasst von":"admin","Gesch\u00e4tzte Lesezeit":"8 Minuten"},"schema":{"@context":"https:\/\/schema.org","@graph":[{"@type":"WebPage","@id":"https:\/\/www.schlanser.ch\/magazin\/wohnwagen-abdeckung\/","url":"https:\/\/www.schlanser.ch\/magazin\/wohnwagen-abdeckung\/","name":"Wohnwagen Abdeckung - Schlanser Magazin","isPartOf":{"@id":"https:\/\/www.schlanser.ch\/magazin\/#website"},"primaryImageOfPage":{"@id":"https:\/\/www.schlanser.ch\/magazin\/wohnwagen-abdeckung\/#primaryimage"},"image":{"@id":"https:\/\/www.schlanser.ch\/magazin\/wohnwagen-abdeckung\/#primaryimage"},"thumbnailUrl":"https:\/\/www.schlanser.ch\/magazin\/wp-content\/uploads\/2019\/11\/wohnwagen-abdeckung.jpg","datePublished":"2019-10-23T08:28:14+00:00","dateModified":"2024-01-10T13:54:16+00:00","author":{"@id":"https:\/\/www.schlanser.ch\/magazin\/#\/schema\/person\/000db0a103eb2594ba3daf394b1dfea2"},"description":"Das Schlanser Magazin berichtet \u00fcber die Vorteile einer winterfesten Abdeckung \u2714 f\u00fcr Wohnwagen und Wohnmobile!","breadcrumb":{"@id":"https:\/\/www.schlanser.ch\/magazin\/wohnwagen-abdeckung\/#breadcrumb"},"inLanguage":"de-DE","potentialAction":[{"@type":"ReadAction","target":["https:\/\/www.schlanser.ch\/magazin\/wohnwagen-abdeckung\/"]}]},{"@type":"ImageObject","inLanguage":"de-DE","@id":"https:\/\/www.schlanser.ch\/magazin\/wohnwagen-abdeckung\/#primaryimage","url":"https:\/\/www.schlanser.ch\/magazin\/wp-content\/uploads\/2019\/11\/wohnwagen-abdeckung.jpg","contentUrl":"https:\/\/www.schlanser.ch\/magazin\/wp-content\/uploads\/2019\/11\/wohnwagen-abdeckung.jpg","width":800,"height":500},{"@type":"BreadcrumbList","@id":"https:\/\/www.schlanser.ch\/magazin\/wohnwagen-abdeckung\/#breadcrumb","itemListElement":[{"@type":"ListItem","position":1,"name":"Startseite","item":"https:\/\/www.schlanser.ch\/magazin\/"},{"@type":"ListItem","position":2,"name":"Wohnwagen Abdeckung"}]},{"@type":"WebSite","@id":"https:\/\/www.schlanser.ch\/magazin\/#website","url":"https:\/\/www.schlanser.ch\/magazin\/","name":"Schlanser Magazin","description":"","potentialAction":[{"@type":"SearchAction","target":{"@type":"EntryPoint","urlTemplate":"https:\/\/www.schlanser.ch\/magazin\/?s={search_term_string}"},"query-input":"required name=search_term_string"}],"inLanguage":"de-DE"},{"@type":"Person","@id":"https:\/\/www.schlanser.ch\/magazin\/#\/schema\/person\/000db0a103eb2594ba3daf394b1dfea2","name":"admin","image":{"@type":"ImageObject","inLanguage":"de-DE","@id":"https:\/\/www.schlanser.ch\/magazin\/#\/schema\/person\/image\/","url":"https:\/\/secure.gravatar.com\/avatar\/a794a4fe8a9b9c52241597eb381dfa2e?s=96&d=mm&r=g","contentUrl":"https:\/\/secure.gravatar.com\/avatar\/a794a4fe8a9b9c52241597eb381dfa2e?s=96&d=mm&r=g","caption":"admin"}}]}},"_links":{"self":[{"href":"https:\/\/www.schlanser.ch\/magazin\/wp-json\/wp\/v2\/posts\/8006"}],"collection":[{"href":"https:\/\/www.schlanser.ch\/magazin\/wp-json\/wp\/v2\/posts"}],"about":[{"href":"https:\/\/www.schlanser.ch\/magazin\/wp-json\/wp\/v2\/types\/post"}],"author":[{"embeddable":true,"href":"https:\/\/www.schlanser.ch\/magazin\/wp-json\/wp\/v2\/users\/1"}],"replies":[{"embeddable":true,"href":"https:\/\/www.schlanser.ch\/magazin\/wp-json\/wp\/v2\/comments?post=8006"}],"version-history":[{"count":47,"href":"https:\/\/www.schlanser.ch\/magazin\/wp-json\/wp\/v2\/posts\/8006\/revisions"}],"predecessor-version":[{"id":17183,"href":"https:\/\/www.schlanser.ch\/magazin\/wp-json\/wp\/v2\/posts\/8006\/revisions\/17183"}],"wp:featuredmedia":[{"embeddable":true,"href":"https:\/\/www.schlanser.ch\/magazin\/wp-json\/wp\/v2\/media\/8054"}],"wp:attachment":[{"href":"https:\/\/www.schlanser.ch\/magazin\/wp-json\/wp\/v2\/media?parent=8006"}],"wp:term":[{"taxonomy":"category","embeddable":true,"href":"https:\/\/www.schlanser.ch\/magazin\/wp-json\/wp\/v2\/categories?post=8006"},{"taxonomy":"post_tag","embeddable":true,"href":"https:\/\/www.schlanser.ch\/magazin\/wp-json\/wp\/v2\/tags?post=8006"}],"curies":[{"name":"wp","href":"https:\/\/api.w.org\/{rel}","templated":true}]}}