{"id":8056,"date":"2019-11-07T09:58:43","date_gmt":"2019-11-07T08:58:43","guid":{"rendered":"https:\/\/www.schlanser.ch\/magazin\/?p=8056"},"modified":"2025-06-23T17:07:09","modified_gmt":"2025-06-23T15:07:09","slug":"camping-in-suedtirol","status":"publish","type":"post","link":"https:\/\/www.schlanser.ch\/magazin\/camping-in-suedtirol\/","title":{"rendered":"Camping in S\u00fcdtirol"},"content":{"rendered":"<h2>\u00ab Das Alto Adige entdecken \u00bb<\/h2>\n<p style=\"text-align: justify;\"><strong>Sehnen Sie sich nach atemberaubenden Ausblicken, nach bergiger alpiner Landschaft, nach Erholung und Balsam f\u00fcr die Seele, nach Frieden f\u00fcr sich selbst? Vielleicht ist es dann an der Zeit, Campingpl\u00e4tze in S\u00fcdtirol zu entdecken und sich selbst durch intensive Landschaftserfahrungen und Landschaftserlebnisse zu erden. <\/strong><\/p>\n<h2>Rundreise durch eine autonome Region<\/h2>\n<p style=\"text-align: justify;\">Es lohnt sich, Campingpl\u00e4tze in S\u00fcdtirol bei einem Roadtrip zu entdecken, bei dem Sie verschiedene Orte kennenlernen werden, die sehenswert sind. Im Folgenden erhalten Sie eine m\u00f6gliche Rundreiseroute durch die Region S\u00fcdtirol, mit Sehensw\u00fcrdigkeiten, Reisetipps und Empfehlungen f\u00fcr Campingpl\u00e4tze in S\u00fcdtirol.<\/p>\n<p style=\"text-align: justify;\">Befahren Sie zun\u00e4chst die Staatsstrasse SS38 und geniessen Sie die Fahrt auf der von Apfelb\u00e4umen ges\u00e4umten Strasse. Im beliebten Urlaubsort Naturns sollten Sie rasten. Im Tal gelegen, bieten sich dort Wanderm\u00f6glichkeiten auf zwei Bergseiten an. Die Nordwand ist mit einer Seilbahn ausgestattet. In Naturns befindet sich ausserdem das Schloss Juval, Wohnsitz des Extrem-Bergsteigers Reinhold Messner sowie einer der sechs Standorte des Messner Mountain Museums. Die SS38 kann ausserdem Ausgangspunkt f\u00fcr eine <a href=\"https:\/\/www.schlanser.ch\/magazin\/campingplaetze-in-italien\/\">gro\u00dfe Campingreise durch Italien<\/a> sein!<\/p>\n<figure id=\"attachment_8066\" aria-describedby=\"caption-attachment-8066\" style=\"width: 620px\" class=\"wp-caption aligncenter\"><img loading=\"lazy\" decoding=\"async\" class=\"wp-image-8066 size-full\" title=\"Schloss Juval im Schnalstal\" src=\"https:\/\/www.schlanser.ch\/magazin\/wp-content\/uploads\/2020\/11\/Schloss-Juval.jpg\" alt=\"Schloss Juval im Schnalstal \" width=\"620\" height=\"412\" srcset=\"https:\/\/www.schlanser.ch\/magazin\/wp-content\/uploads\/2020\/11\/Schloss-Juval.jpg 620w, https:\/\/www.schlanser.ch\/magazin\/wp-content\/uploads\/2020\/11\/Schloss-Juval-300x199.jpg 300w, https:\/\/www.schlanser.ch\/magazin\/wp-content\/uploads\/2020\/11\/Schloss-Juval-310x205.jpg 310w\" sizes=\"(max-width: 620px) 100vw, 620px\" \/><figcaption id=\"caption-attachment-8066\" class=\"wp-caption-text\">\u00a9 twoandonebuilding &#8211; stock.adobe.com<\/figcaption><\/figure>\n<h2>Meran \u2013 die Stadt im Tal mit mediterranem Flair<\/h2>\n<p style=\"text-align: justify;\">Meran war jahrhundertelang die Hauptstadt S\u00fcdtirols, wurde dann aber abgel\u00f6st von Bozen. Durch die Tallage und die Berge der Texelgruppe nach Norden und Nordwesten hin vor Regen und kaltem Wind gesch\u00fctzt, ergibt sich ein besonderes Klima. Durch die \u00d6ffnung des Tals nach S\u00fcden str\u00f6mt warme Luft in das Tal und sorgt mit dem Witterungsschutz der Berge f\u00fcr ein mediterranes und mildes Klima. Auf Ihrem Stadtspaziergang werden Sie Zypressen, Palmen und Steineichen bewundern. Die G\u00e4rten von Schloss Trauttmansdorff sind deshalb wirklich sehenswert. Geniessen Sie den zarten Duft von Lorbeeren, wenn Sie durch die Altstadt tingeln und in einem der zahlreichen Caf\u00e9s auf der Sonnenterrasse einen Cappuccino trinken oder andere italienische K\u00f6stlichkeiten geniessen.<\/p>\n<figure id=\"attachment_8069\" aria-describedby=\"caption-attachment-8069\" style=\"width: 620px\" class=\"wp-caption aligncenter\"><img loading=\"lazy\" decoding=\"async\" class=\"wp-image-8069 size-full\" title=\"S\u00fcdtiroler Bergdorf Schenna bei Meran\" src=\"https:\/\/www.schlanser.ch\/magazin\/wp-content\/uploads\/2020\/11\/S\u00fcdtirol-Meran.jpg\" alt=\"S\u00fcdtiroler Bergdorf Schenna bei Meran\" width=\"620\" height=\"413\" srcset=\"https:\/\/www.schlanser.ch\/magazin\/wp-content\/uploads\/2020\/11\/S\u00fcdtirol-Meran.jpg 620w, https:\/\/www.schlanser.ch\/magazin\/wp-content\/uploads\/2020\/11\/S\u00fcdtirol-Meran-300x200.jpg 300w\" sizes=\"(max-width: 620px) 100vw, 620px\" \/><figcaption id=\"caption-attachment-8069\" class=\"wp-caption-text\">\u00a9 mmuenzl &#8211; stock.adobe.com<\/figcaption><\/figure>\n<p style=\"text-align: justify;\">Der historische Bahnhof und der j\u00fcdische Friedhof sind fussl\u00e4ufig zu erreichen. Im Dorf Tirol, das etwas h\u00f6hergelegen ist, erwarten Sie herrliche Ausblicke \u00fcber das Tal mit dem St\u00e4dtchen Meran. Parken Sie Ihr Auto oder Wohnmobil an der Talstation in Tirol und nutzen Sie bequem die Seilbahn zum Landgasthof Hochmuth, der direkt am Meraner H\u00f6henweg liegt. Von dort k\u00f6nnen Sie lange oder k\u00fcrzere Wanderungen beginnen. Im Dorf Tirol gibt es das exquisite Restaurant Culinaria im Farmerkreuz, das von zwei Br\u00fcdern geleitet wird. Hier l\u00e4sst sich ganz hervorragend, wenn auch nicht gerade preiswert, speisen. Die Aussicht ins Tal ist inklusive.<\/p>\n<h2>Bozen \u2013 Stadt inmitten der Natur<\/h2>\n<p style=\"text-align: justify;\">Auf der SS38 gelangen Sie ausserdem nach Bozen. Hier k\u00f6nnen Sie beispielsweise bei Camping Moosbauer \u00fcbernachten, einem 4-Sterne-Platz mit toller Ausstattung. Es gibt einige Campingpl\u00e4tze in S\u00fcdtirol, nur hier bei Moosbauer k\u00f6nnen Sie im sogenannten Lernkeller am Verkostungsabend teilnehmen, um S\u00fcdtiroler Spezialit\u00e4ten kennenzulernen. Wenn Sie noch Stadtluft schnuppern wollen, sehen Sie sich in Bozen um, ansonsten erreichen Sie von hier aus schnell die Seiser Alm.<\/p>\n<figure id=\"attachment_8071\" aria-describedby=\"caption-attachment-8071\" style=\"width: 620px\" class=\"wp-caption aligncenter\"><img loading=\"lazy\" decoding=\"async\" class=\"wp-image-8071 size-full\" title=\"Bozen - perfekt, um S\u00fcdtirol und seine K\u00f6stlichkeiten kennenzulernen\" src=\"https:\/\/www.schlanser.ch\/magazin\/wp-content\/uploads\/2020\/11\/Bozen.jpg\" alt=\"Bozen - perfekt um S\u00fcdtirol und seine K\u00f6stlichkeiten kennenzulernen\" width=\"620\" height=\"306\" srcset=\"https:\/\/www.schlanser.ch\/magazin\/wp-content\/uploads\/2020\/11\/Bozen.jpg 620w, https:\/\/www.schlanser.ch\/magazin\/wp-content\/uploads\/2020\/11\/Bozen-300x148.jpg 300w\" sizes=\"(max-width: 620px) 100vw, 620px\" \/><figcaption id=\"caption-attachment-8071\" class=\"wp-caption-text\">\u00a9 stevanzz &#8211; stock.adobe.com<\/figcaption><\/figure>\n<h2>Die Seiser Alm \u2013 Camping in S\u00fcdtirol auf der gr\u00f6ssten Hochalm in Europa<\/h2>\n<p style=\"text-align: justify;\">Die Seiser Alm ist in der Hochsaison leider v\u00f6llig \u00fcberlaufen. Aus gutem Grund, denn die sonnenverw\u00f6hnte Alm bietet grandiose Naturerlebnisse. Auf dem Campingplatz Seiser Alm k\u00f6nnen Sie Station machen und mehrere Tage lang logieren. Der Campingplatz ist wundersch\u00f6n gelegen und bietet mit seinen terrassenartigen Stellpl\u00e4tzen die M\u00f6glichkeit ein ganz individuelles Campingzuhause aufzubauen. Tags\u00fcber k\u00f6nnen Sie per Bus die Panoramaseilbahn erreichen, die Sie in luftige H\u00f6hen bringt. Oben angekommen k\u00f6nnen Sie auf der Hochalm wandern und seltene Tiere, wie Alpenmurmeltiere und Steinadler in Ihrem Lebensraum beobachten. Im Herbst ist der Touristenansturm geringer, da einige Almen dann bereits geschlossen haben. Mit 300 Sonnentagen pro Jahr ist auch in der Nebensaison mit strahlendem Ausflugswetter zu rechen.<\/p>\n<h2>Der Pragser Wildsee \u2013 ein sonniger Vormittag am See<\/h2>\n<p style=\"text-align: justify;\">Der knallig t\u00fcrkisfarbene Bergsee auf 1494 Metern H\u00f6he ist ein landschaftliches Highlight auf der Tour durch S\u00fcdtirol. Zu Fuss k\u00f6nnen Sie ihn in knappen zwei Stunden umrunden, wobei der Weg nicht barrierefrei ist. F\u00fcr Rollstuhlfahrer und Kinderwagen ist er leider ungeeignet, allerdings k\u00f6nnen Sie auch ein Boot mieten oder von der Terrasse des Hotels herrlich auf den See blicken. Einen Cappuccino und ein St\u00fcck Kuchen sollten Sie jedoch im kleinen Caf\u00e9 beim Eingang geniessen. Besuchen Sie den Pragser Wildsee am besten vormittags, da die Sonne schon recht fr\u00fch hinter den Bergen verschwindet.<\/p>\n<figure id=\"attachment_8063\" aria-describedby=\"caption-attachment-8063\" style=\"width: 620px\" class=\"wp-caption aligncenter\"><img loading=\"lazy\" decoding=\"async\" class=\"wp-image-8063 size-full\" title=\"Der Pragser Wildsee - Natur pur\" src=\"https:\/\/www.schlanser.ch\/magazin\/wp-content\/uploads\/2020\/11\/Pragser-Wildsee.jpg\" alt=\"Der Pragser Wildsee - Camping in S\u00fcdtirol an einem wundersch\u00f6nen Ort\" width=\"620\" height=\"329\" srcset=\"https:\/\/www.schlanser.ch\/magazin\/wp-content\/uploads\/2020\/11\/Pragser-Wildsee.jpg 620w, https:\/\/www.schlanser.ch\/magazin\/wp-content\/uploads\/2020\/11\/Pragser-Wildsee-300x159.jpg 300w, https:\/\/www.schlanser.ch\/magazin\/wp-content\/uploads\/2020\/11\/Pragser-Wildsee-310x165.jpg 310w\" sizes=\"(max-width: 620px) 100vw, 620px\" \/><figcaption id=\"caption-attachment-8063\" class=\"wp-caption-text\">\u00a9 Puripat &#8211; stock.adobe.com<\/figcaption><\/figure>\n<h2>Der Toblacher See &#8211; Camping in S\u00fcdtirol mit Blick aufs Wasser<\/h2>\n<p style=\"text-align: justify;\">Der Campingplatz Toblacher See ist ein 3-Sterne-Platz in ruhiger, famili\u00e4rer Atmosph\u00e4re. Terrassenf\u00f6rmig angelegte Stellpl\u00e4tze erm\u00f6glichen den Blick auf das ruhige, t\u00fcrkise Wasser, auf dem sich Enten und G\u00e4nse tummeln. Decken Sie sich im \u00d6rtchen Toblach mit Lebensmitteln ein und errichten Sie Ihr Lager hier. Am Toblacher See k\u00f6nnen Sie sogar angeln. Angellizenzen bekommen Sie im Seerestaurant oder im Tourismusverein Toblach.<\/p>\n<h2>Caravanpark Sexten &#8211; Wellness und Spa in atemberaubender Landschaft<\/h2>\n<p style=\"text-align: justify;\">G\u00f6nnen Sie sich eine echte Auszeit von den <a href=\"https:\/\/www.schlanser.ch\/zelte\/campingzelte\/\">Ferien mit Zelt<\/a> oder Caravan. Geniessen Sie einen Wellnesstag mit Sauna und Pools vor majest\u00e4tischem Bergpanorama. Wohl kein anderer der Campingpl\u00e4tze in S\u00fcdtirol bietet so viel Luxus wie der Caravanpark Sexten. Hier gibt es einiges zu entdecken, unter anderem riesige Luxuswohnmobile oder Baumh\u00e4user, die n\u00e4chteweise vermietet werden.<\/p>\n<p><a href=\"https:\/\/www.schlanser.ch\/zelte\/vorzelte\/wohnwagenvorzelte\/\"><img loading=\"lazy\" decoding=\"async\" class=\"aligncenter wp-image-8077 size-full\" title=\"Berger Reisevorzelt Lago\" src=\"https:\/\/www.schlanser.ch\/magazin\/wp-content\/uploads\/2020\/11\/Berger-Reisevorzelt-Lago-1.jpg\" alt=\"Berger Reisevorzelt Lago\" width=\"620\" height=\"388\" srcset=\"https:\/\/www.schlanser.ch\/magazin\/wp-content\/uploads\/2020\/11\/Berger-Reisevorzelt-Lago-1.jpg 620w, https:\/\/www.schlanser.ch\/magazin\/wp-content\/uploads\/2020\/11\/Berger-Reisevorzelt-Lago-1-300x188.jpg 300w\" sizes=\"(max-width: 620px) 100vw, 620px\" \/><\/a><\/p>\n<h2>Auronzo di Cadore &#8211; Bergh\u00fctte in den Wolken<\/h2>\n<p style=\"text-align: justify;\">Im Anschluss an den Luxus im Caravanpark Sexten sollten Sie die Auronzoh\u00fctte ansteuern. Hier k\u00f6nnen Sie auf dem Parkplatz \u00fcber Nacht parken, die Geb\u00fchr entrichten Sie bereits am Beginn der mautpflichtigen Strasse. Auch so kann Camping in S\u00fcdtirol sein: Naturn\u00e4he ohne Ablenkung durch Zivilisationsspuren. Hier, in 2300 Metern H\u00f6he, haben Sie die Auswahl aus verschiedenen Wanderrouten, in jedem Fall sollten Sie festes Schuhwerk und Kleidung im Zwiebelprinzip tragen, um den Herausforderungen der Natur hier oben gewachsen zu sein. Die <a href=\"https:\/\/www.schlanser.ch\/outdoor-freizeit\/outdoor-ausruestung\/\">Outdoor-Ausr\u00fcstung<\/a> kommt hier ebenso endlich zum Zuge, sogar <a href=\"https:\/\/www.schlanser.ch\/zelte\/campingzelte\/leicht-trekkingzelte\/\">echtes Trekking<\/a> ist m\u00f6glich. Wenn Sie abends den Sonnenuntergang und morgens den Sonnenaufgang miterleben, werden Sie sich der Natur wieder ganz verbunden f\u00fchlen.<\/p>\n<p><a href=\"https:\/\/www.schlanser.ch\/outdoor-freizeit\/outdoor-ausruestung\/insektenabwehr-mueckenschutz\/\"><img loading=\"lazy\" decoding=\"async\" class=\"aligncenter wp-image-8075 size-full\" title=\"Moskitonetz Double\" src=\"https:\/\/www.schlanser.ch\/magazin\/wp-content\/uploads\/2020\/11\/Moskitonetz-Double-1.jpg\" alt=\"Moskitonetz Double\" width=\"620\" height=\"486\" srcset=\"https:\/\/www.schlanser.ch\/magazin\/wp-content\/uploads\/2020\/11\/Moskitonetz-Double-1.jpg 620w, https:\/\/www.schlanser.ch\/magazin\/wp-content\/uploads\/2020\/11\/Moskitonetz-Double-1-300x235.jpg 300w\" sizes=\"(max-width: 620px) 100vw, 620px\" \/><\/a><\/p>\n<h2>Der Kalterer See \u2013 Baden im w\u00e4rmsten Badesee S\u00fcdtirols<\/h2>\n<p style=\"text-align: justify;\">Der Kalterer See ist einer von nur drei Seen, die unter 1000 Metern H\u00f6he liegen. Er liegt auf 215 Metern und ist einer der gr\u00f6ssten Seen in S\u00fcdtirol. Von Mai bis September kann man hier ausgezeichnet baden, die Wassertemperatur erreicht bis zu 28\u00b0C. Der Campingplatz St. Josef mit eigenem Badesteg liegt direkt am Ufer und ist die ideale Station, um Ausfl\u00fcge rund um den See zu starten. Das Restaurant des Campingplatzes bietet eine einfache, aber sehr gute K\u00fcche an.<\/p>\n<figure id=\"attachment_8083\" aria-describedby=\"caption-attachment-8083\" style=\"width: 620px\" class=\"wp-caption aligncenter\"><img loading=\"lazy\" decoding=\"async\" class=\"wp-image-8083 size-full\" title=\"Kalterer See von der nahegelegenen Leuchtenburg aus gesehen\" src=\"https:\/\/www.schlanser.ch\/magazin\/wp-content\/uploads\/2020\/11\/Kalterer_See_Aussicht.jpg\" alt=\"Kalterer See von der nahegelegenen Leuchtenburg aus gesehen\" width=\"620\" height=\"413\" srcset=\"https:\/\/www.schlanser.ch\/magazin\/wp-content\/uploads\/2020\/11\/Kalterer_See_Aussicht.jpg 620w, https:\/\/www.schlanser.ch\/magazin\/wp-content\/uploads\/2020\/11\/Kalterer_See_Aussicht-300x200.jpg 300w\" sizes=\"(max-width: 620px) 100vw, 620px\" \/><figcaption id=\"caption-attachment-8083\" class=\"wp-caption-text\">\u00a9 studio5050 &#8211; stock-adobe.com<\/figcaption><\/figure>\n","protected":false},"excerpt":{"rendered":"<p>\u00ab Das Alto Adige entdecken \u00bb Sehnen Sie sich nach atemberaubenden Ausblicken, nach bergiger alpiner Landschaft, nach Erholung und Balsam f\u00fcr die Seele, nach Frieden f\u00fcr sich selbst? Vielleicht ist es dann an der Zeit, Campingpl\u00e4tze in S\u00fcdtirol zu entdecken und sich selbst durch intensive Landschaftserfahrungen und Landschaftserlebnisse zu erden. Rundreise durch eine autonome Region &hellip;<\/p>\n","protected":false},"author":1,"featured_media":8060,"comment_status":"closed","ping_status":"open","sticky":false,"template":"","format":"standard","meta":{"footnotes":""},"categories":[2],"tags":[509,1093,1088,1090,1092,1086,564,254,1091,1095,1087,1089,1094,1097,960,1085,1096,372,749,296],"yoast_head":"<!-- This site is optimized with the Yoast SEO plugin v22.2 - https:\/\/yoast.com\/wordpress\/plugins\/seo\/ -->\n<title>Camping in S\u00fcdtirol - Schlanser Magazin<\/title>\n<meta name=\"description\" content=\"Erkunden Sie das n\u00f6rdliche Italien gemeinsam mit dem Schlanser Campingmagazin \u2714 \u2013 Mit Wohnwagen | Wohnmobil | Zelt nach S\u00fcdtirol!\" \/>\n<meta name=\"robots\" content=\"noindex, follow\" \/>\n<meta property=\"og:locale\" content=\"de_DE\" \/>\n<meta property=\"og:type\" content=\"article\" \/>\n<meta property=\"og:title\" content=\"Camping in S\u00fcdtirol - Schlanser Magazin\" \/>\n<meta property=\"og:description\" content=\"Erkunden Sie das n\u00f6rdliche Italien gemeinsam mit dem Schlanser Campingmagazin \u2714 \u2013 Mit Wohnwagen | Wohnmobil | Zelt nach S\u00fcdtirol!\" \/>\n<meta property=\"og:url\" content=\"https:\/\/www.schlanser.ch\/magazin\/camping-in-suedtirol\/\" \/>\n<meta property=\"og:site_name\" content=\"Schlanser Magazin\" \/>\n<meta property=\"article:published_time\" content=\"2019-11-07T08:58:43+00:00\" \/>\n<meta property=\"article:modified_time\" content=\"2025-06-23T15:07:09+00:00\" \/>\n<meta property=\"og:image\" content=\"https:\/\/www.schlanser.ch\/magazin\/wp-content\/uploads\/2020\/11\/Meran-1.jpg\" \/>\n\t<meta property=\"og:image:width\" content=\"660\" \/>\n\t<meta property=\"og:image:height\" content=\"258\" \/>\n\t<meta property=\"og:image:type\" content=\"image\/jpeg\" \/>\n<meta name=\"author\" content=\"admin\" \/>\n<meta name=\"twitter:card\" content=\"summary_large_image\" \/>\n<meta name=\"twitter:label1\" content=\"Verfasst von\" \/>\n\t<meta name=\"twitter:data1\" content=\"admin\" \/>\n\t<meta name=\"twitter:label2\" content=\"Gesch\u00e4tzte Lesezeit\" \/>\n\t<meta name=\"twitter:data2\" content=\"8 Minuten\" \/>\n<script type=\"application\/ld+json\" class=\"yoast-schema-graph\">{\"@context\":\"https:\/\/schema.org\",\"@graph\":[{\"@type\":\"WebPage\",\"@id\":\"https:\/\/www.schlanser.ch\/magazin\/camping-in-suedtirol\/\",\"url\":\"https:\/\/www.schlanser.ch\/magazin\/camping-in-suedtirol\/\",\"name\":\"Camping in S\u00fcdtirol - Schlanser Magazin\",\"isPartOf\":{\"@id\":\"https:\/\/www.schlanser.ch\/magazin\/#website\"},\"primaryImageOfPage\":{\"@id\":\"https:\/\/www.schlanser.ch\/magazin\/camping-in-suedtirol\/#primaryimage\"},\"image\":{\"@id\":\"https:\/\/www.schlanser.ch\/magazin\/camping-in-suedtirol\/#primaryimage\"},\"thumbnailUrl\":\"https:\/\/www.schlanser.ch\/magazin\/wp-content\/uploads\/2020\/11\/Meran-1.jpg\",\"datePublished\":\"2019-11-07T08:58:43+00:00\",\"dateModified\":\"2025-06-23T15:07:09+00:00\",\"author\":{\"@id\":\"https:\/\/www.schlanser.ch\/magazin\/#\/schema\/person\/000db0a103eb2594ba3daf394b1dfea2\"},\"description\":\"Erkunden Sie das n\u00f6rdliche Italien gemeinsam mit dem Schlanser Campingmagazin \u2714 \u2013 Mit Wohnwagen | Wohnmobil | Zelt nach S\u00fcdtirol!\",\"breadcrumb\":{\"@id\":\"https:\/\/www.schlanser.ch\/magazin\/camping-in-suedtirol\/#breadcrumb\"},\"inLanguage\":\"de-DE\",\"potentialAction\":[{\"@type\":\"ReadAction\",\"target\":[\"https:\/\/www.schlanser.ch\/magazin\/camping-in-suedtirol\/\"]}]},{\"@type\":\"ImageObject\",\"inLanguage\":\"de-DE\",\"@id\":\"https:\/\/www.schlanser.ch\/magazin\/camping-in-suedtirol\/#primaryimage\",\"url\":\"https:\/\/www.schlanser.ch\/magazin\/wp-content\/uploads\/2020\/11\/Meran-1.jpg\",\"contentUrl\":\"https:\/\/www.schlanser.ch\/magazin\/wp-content\/uploads\/2020\/11\/Meran-1.jpg\",\"width\":660,\"height\":258,\"caption\":\"\u00a9 Fabio Lotti - stock.adobe.com\"},{\"@type\":\"BreadcrumbList\",\"@id\":\"https:\/\/www.schlanser.ch\/magazin\/camping-in-suedtirol\/#breadcrumb\",\"itemListElement\":[{\"@type\":\"ListItem\",\"position\":1,\"name\":\"Startseite\",\"item\":\"https:\/\/www.schlanser.ch\/magazin\/\"},{\"@type\":\"ListItem\",\"position\":2,\"name\":\"Camping in S\u00fcdtirol\"}]},{\"@type\":\"WebSite\",\"@id\":\"https:\/\/www.schlanser.ch\/magazin\/#website\",\"url\":\"https:\/\/www.schlanser.ch\/magazin\/\",\"name\":\"Schlanser Magazin\",\"description\":\"\",\"potentialAction\":[{\"@type\":\"SearchAction\",\"target\":{\"@type\":\"EntryPoint\",\"urlTemplate\":\"https:\/\/www.schlanser.ch\/magazin\/?s={search_term_string}\"},\"query-input\":\"required name=search_term_string\"}],\"inLanguage\":\"de-DE\"},{\"@type\":\"Person\",\"@id\":\"https:\/\/www.schlanser.ch\/magazin\/#\/schema\/person\/000db0a103eb2594ba3daf394b1dfea2\",\"name\":\"admin\",\"image\":{\"@type\":\"ImageObject\",\"inLanguage\":\"de-DE\",\"@id\":\"https:\/\/www.schlanser.ch\/magazin\/#\/schema\/person\/image\/\",\"url\":\"https:\/\/secure.gravatar.com\/avatar\/a794a4fe8a9b9c52241597eb381dfa2e?s=96&d=mm&r=g\",\"contentUrl\":\"https:\/\/secure.gravatar.com\/avatar\/a794a4fe8a9b9c52241597eb381dfa2e?s=96&d=mm&r=g\",\"caption\":\"admin\"}}]}<\/script>\n<!-- \/ Yoast SEO plugin. -->","yoast_head_json":{"title":"Camping in S\u00fcdtirol - Schlanser Magazin","description":"Erkunden Sie das n\u00f6rdliche Italien gemeinsam mit dem Schlanser Campingmagazin \u2714 \u2013 Mit Wohnwagen | Wohnmobil | Zelt nach S\u00fcdtirol!","robots":{"index":"noindex","follow":"follow"},"og_locale":"de_DE","og_type":"article","og_title":"Camping in S\u00fcdtirol - Schlanser Magazin","og_description":"Erkunden Sie das n\u00f6rdliche Italien gemeinsam mit dem Schlanser Campingmagazin \u2714 \u2013 Mit Wohnwagen | Wohnmobil | Zelt nach S\u00fcdtirol!","og_url":"https:\/\/www.schlanser.ch\/magazin\/camping-in-suedtirol\/","og_site_name":"Schlanser Magazin","article_published_time":"2019-11-07T08:58:43+00:00","article_modified_time":"2025-06-23T15:07:09+00:00","og_image":[{"width":660,"height":258,"url":"https:\/\/www.schlanser.ch\/magazin\/wp-content\/uploads\/2020\/11\/Meran-1.jpg","type":"image\/jpeg"}],"author":"admin","twitter_card":"summary_large_image","twitter_misc":{"Verfasst von":"admin","Gesch\u00e4tzte Lesezeit":"8 Minuten"},"schema":{"@context":"https:\/\/schema.org","@graph":[{"@type":"WebPage","@id":"https:\/\/www.schlanser.ch\/magazin\/camping-in-suedtirol\/","url":"https:\/\/www.schlanser.ch\/magazin\/camping-in-suedtirol\/","name":"Camping in S\u00fcdtirol - Schlanser Magazin","isPartOf":{"@id":"https:\/\/www.schlanser.ch\/magazin\/#website"},"primaryImageOfPage":{"@id":"https:\/\/www.schlanser.ch\/magazin\/camping-in-suedtirol\/#primaryimage"},"image":{"@id":"https:\/\/www.schlanser.ch\/magazin\/camping-in-suedtirol\/#primaryimage"},"thumbnailUrl":"https:\/\/www.schlanser.ch\/magazin\/wp-content\/uploads\/2020\/11\/Meran-1.jpg","datePublished":"2019-11-07T08:58:43+00:00","dateModified":"2025-06-23T15:07:09+00:00","author":{"@id":"https:\/\/www.schlanser.ch\/magazin\/#\/schema\/person\/000db0a103eb2594ba3daf394b1dfea2"},"description":"Erkunden Sie das n\u00f6rdliche Italien gemeinsam mit dem Schlanser Campingmagazin \u2714 \u2013 Mit Wohnwagen | Wohnmobil | Zelt nach S\u00fcdtirol!","breadcrumb":{"@id":"https:\/\/www.schlanser.ch\/magazin\/camping-in-suedtirol\/#breadcrumb"},"inLanguage":"de-DE","potentialAction":[{"@type":"ReadAction","target":["https:\/\/www.schlanser.ch\/magazin\/camping-in-suedtirol\/"]}]},{"@type":"ImageObject","inLanguage":"de-DE","@id":"https:\/\/www.schlanser.ch\/magazin\/camping-in-suedtirol\/#primaryimage","url":"https:\/\/www.schlanser.ch\/magazin\/wp-content\/uploads\/2020\/11\/Meran-1.jpg","contentUrl":"https:\/\/www.schlanser.ch\/magazin\/wp-content\/uploads\/2020\/11\/Meran-1.jpg","width":660,"height":258,"caption":"\u00a9 Fabio Lotti - stock.adobe.com"},{"@type":"BreadcrumbList","@id":"https:\/\/www.schlanser.ch\/magazin\/camping-in-suedtirol\/#breadcrumb","itemListElement":[{"@type":"ListItem","position":1,"name":"Startseite","item":"https:\/\/www.schlanser.ch\/magazin\/"},{"@type":"ListItem","position":2,"name":"Camping in S\u00fcdtirol"}]},{"@type":"WebSite","@id":"https:\/\/www.schlanser.ch\/magazin\/#website","url":"https:\/\/www.schlanser.ch\/magazin\/","name":"Schlanser Magazin","description":"","potentialAction":[{"@type":"SearchAction","target":{"@type":"EntryPoint","urlTemplate":"https:\/\/www.schlanser.ch\/magazin\/?s={search_term_string}"},"query-input":"required name=search_term_string"}],"inLanguage":"de-DE"},{"@type":"Person","@id":"https:\/\/www.schlanser.ch\/magazin\/#\/schema\/person\/000db0a103eb2594ba3daf394b1dfea2","name":"admin","image":{"@type":"ImageObject","inLanguage":"de-DE","@id":"https:\/\/www.schlanser.ch\/magazin\/#\/schema\/person\/image\/","url":"https:\/\/secure.gravatar.com\/avatar\/a794a4fe8a9b9c52241597eb381dfa2e?s=96&d=mm&r=g","contentUrl":"https:\/\/secure.gravatar.com\/avatar\/a794a4fe8a9b9c52241597eb381dfa2e?s=96&d=mm&r=g","caption":"admin"}}]}},"_links":{"self":[{"href":"https:\/\/www.schlanser.ch\/magazin\/wp-json\/wp\/v2\/posts\/8056"}],"collection":[{"href":"https:\/\/www.schlanser.ch\/magazin\/wp-json\/wp\/v2\/posts"}],"about":[{"href":"https:\/\/www.schlanser.ch\/magazin\/wp-json\/wp\/v2\/types\/post"}],"author":[{"embeddable":true,"href":"https:\/\/www.schlanser.ch\/magazin\/wp-json\/wp\/v2\/users\/1"}],"replies":[{"embeddable":true,"href":"https:\/\/www.schlanser.ch\/magazin\/wp-json\/wp\/v2\/comments?post=8056"}],"version-history":[{"count":35,"href":"https:\/\/www.schlanser.ch\/magazin\/wp-json\/wp\/v2\/posts\/8056\/revisions"}],"predecessor-version":[{"id":18769,"href":"https:\/\/www.schlanser.ch\/magazin\/wp-json\/wp\/v2\/posts\/8056\/revisions\/18769"}],"wp:featuredmedia":[{"embeddable":true,"href":"https:\/\/www.schlanser.ch\/magazin\/wp-json\/wp\/v2\/media\/8060"}],"wp:attachment":[{"href":"https:\/\/www.schlanser.ch\/magazin\/wp-json\/wp\/v2\/media?parent=8056"}],"wp:term":[{"taxonomy":"category","embeddable":true,"href":"https:\/\/www.schlanser.ch\/magazin\/wp-json\/wp\/v2\/categories?post=8056"},{"taxonomy":"post_tag","embeddable":true,"href":"https:\/\/www.schlanser.ch\/magazin\/wp-json\/wp\/v2\/tags?post=8056"}],"curies":[{"name":"wp","href":"https:\/\/api.w.org\/{rel}","templated":true}]}}