{"id":87,"date":"2016-09-19T12:29:32","date_gmt":"2016-09-19T10:29:32","guid":{"rendered":"https:\/\/www.schlanser.ch\/magazin\/?p=87"},"modified":"2024-01-10T14:39:26","modified_gmt":"2024-01-10T13:39:26","slug":"zelte-fuer-die-grossfamilie","status":"publish","type":"post","link":"https:\/\/www.schlanser.ch\/magazin\/zelte-fuer-die-grossfamilie\/","title":{"rendered":"Zelte f\u00fcr die Grossfamilie"},"content":{"rendered":"<h2>\u00ab Urlaubserlebnisse f\u00fcr ein halbes Dutzend \u00bb<\/h2>\n<p style=\"text-align: justify;\"><strong>F\u00fcr Familien ist der Campingurlaub die optimale Alternative zum Urlaub in einer Ferienwohnung oder im Hotel. Ferien im Familienzelt sind preiswert und haben gerade f\u00fcr Kinder einen hohen Erlebniswert. Doch welches Zelt sollen Sie f\u00fcr die sechs-k\u00f6pfige Familie w\u00e4hlen? Wir kl\u00e4ren diese und andere Fragen den ersten Zelturlaub mit Grossfamilie betreffend. <\/strong><\/p>\n<p style=\"text-align: justify;\">Zelturlaube oder Urlaub mit Wohnwagen und Wohnmobil werden immer beliebter. Nur bei dieser Urlaubsform sind sie den ganzen Tag in der freien Natur und an der frischen Luft und brauchen sich keine Sorgen wegen Essenszeiten und der passenden Garderobe machen. Ausserdem lieben Kinder Zelturlaube. Die \u00dcbernachtung im Freien ist ein Abenteuer und auf einem Campingplatz finden sich meist schnell Spielgef\u00e4hrten. H\u00e4ufig sind die Kids den ganzen Tag auf dem Platz unterwegs und kommen nur zum Essen ans heimische Zelt. Das macht den Urlaub auch f\u00fcr die Eltern sehr entspannt.<\/p>\n<p style=\"text-align: justify;\"><img loading=\"lazy\" decoding=\"async\" class=\"aligncenter wp-image-131 size-full\" title=\"Reisevorzelt &quot;Garda-L Deluxe&quot; mit Panorama-Blick aus dem Zeltinneren\" src=\"https:\/\/www.schlanser.ch\/magazin\/wp-content\/uploads\/2016\/10\/Reisevorzelt-Garda-L-Deluxe.jpg\" alt=\"reisevorzelt-garda-l-deluxe\" width=\"600\" height=\"400\" srcset=\"https:\/\/www.schlanser.ch\/magazin\/wp-content\/uploads\/2016\/10\/Reisevorzelt-Garda-L-Deluxe.jpg 600w, https:\/\/www.schlanser.ch\/magazin\/wp-content\/uploads\/2016\/10\/Reisevorzelt-Garda-L-Deluxe-300x200.jpg 300w\" sizes=\"(max-width: 600px) 100vw, 600px\" \/><\/p>\n<p style=\"text-align: justify;\">Auf dem Campingplatz ist es f\u00fcr alle sehr einfach, Kontakte zu kn\u00fcpfen. T\u00fcr an T\u00fcr helfen Camper sich nat\u00fcrlich! Eigentlich kommt es auch gar nicht auf die Reiseentfernung an. In der Schweiz und ihren direkten Nachbarl\u00e4ndern gibt es zahlreiche interessante Ziele und Campingpl\u00e4tze f\u00fcr einen gelungenen Urlaub mit Familienzelt.<\/p>\n<h2>Vom Fr\u00fchst\u00fcck bis zum Abendessen in der Natur<\/h2>\n<p style=\"text-align: justify;\">Der Tag beginnt mit dem Fr\u00fchst\u00fcck in der Morgensonne. Je nach Urlaubsort kann sich die Familie beim Baden im See bzw. im Meer, beim Wandern oder Radfahren vergn\u00fcgen. Beim Campingurlaub verbringen Sie garantiert viel Zeit in der freien Natur. Am Abend gibt es W\u00fcrstchen vom Grill und Stockbrot. Die Abende klingen mit Gesang zu Gitarrenkl\u00e4ngen am Lagerfeuer aus. Danach geht es zum Schlafen ins Zelt. Doch welches Familienzelt ist das richtige?<\/p>\n<h2>Tipps f\u00fcr den Campingurlaub mit der Familie<\/h2>\n<p style=\"text-align: justify;\">Bei Campinganf\u00e4ngern tauchen oft viele Fragen und \u00c4ngste auf. Ist ein Zelturlaub mit Kindern zu kompliziert? Werden die Kinder nachts frieren? Ab welchem Alter k\u00f6nnen Kinder zelten? Was geh\u00f6rt alles zur Ausr\u00fcstung? Wie sieht es mit der Hygiene auf dem Campingplatz aus?<\/p>\n<p style=\"text-align: justify;\"><img loading=\"lazy\" decoding=\"async\" class=\"aligncenter wp-image-129 size-full\" title=\"Kinderhochstuhl One2Stay inklusive Tragetasche | sekundenschnell aufgestellt\" src=\"https:\/\/www.schlanser.ch\/magazin\/wp-content\/uploads\/2016\/10\/Kinderhochstuhl-One2Stay.jpg\" alt=\"kinderhochstuhl-one2stay\" width=\"600\" height=\"600\" srcset=\"https:\/\/www.schlanser.ch\/magazin\/wp-content\/uploads\/2016\/10\/Kinderhochstuhl-One2Stay.jpg 600w, https:\/\/www.schlanser.ch\/magazin\/wp-content\/uploads\/2016\/10\/Kinderhochstuhl-One2Stay-150x150.jpg 150w, https:\/\/www.schlanser.ch\/magazin\/wp-content\/uploads\/2016\/10\/Kinderhochstuhl-One2Stay-300x300.jpg 300w\" sizes=\"(max-width: 600px) 100vw, 600px\" \/><\/p>\n<p style=\"text-align: justify;\">Um es vorweg zu nehmen: Bereits mit einem Baby sind Ferien auf dem Campingplatz kein Problem. Campingpl\u00e4tze sind heutzutage mit modernen sanit\u00e4ren Anlagen ausgestattet. Aus hygienischen Gr\u00fcnden spricht also nichts gegen Campingurlaub mit ganz kleinen Kindern. Und f\u00fcr jede noch so grosse Familie findet sich eine passende L\u00f6sung in einem oder mehreren Zelten.<\/p>\n<p style=\"text-align: justify;\">Wer sich vor den Ferien gut informiert, die Reise gut plant und organisiert wird sicher einen gelungenen und entspannten Urlaub f\u00fcr Gross und Klein verleben. Das A und O f\u00fcr jeden Zelturlaub ist aber trotzdem die Ausr\u00fcstung.<\/p>\n<h2>Das Familienzelt<\/h2>\n<p style=\"text-align: justify;\">Das mitunter Wichtigste f\u00fcr einen gelungenen Campingurlaub ist das richtige Zelt. Das <a href=\"https:\/\/www.schlanser.ch\/zelte\/campingzelte\/5-8-personen-zelte\/\">Familienzelt<\/a> sollte gen\u00fcgend Raum f\u00fcr alle mitreisenden Personen, aber auch f\u00fcr Gep\u00e4ck, Ausr\u00fcstung und Verpflegung bieten. F\u00fcr eine vierk\u00f6pfige Familie reicht oft ein 4-Personen Zelt nicht aus um 2 Wochen Urlaub zu machen. In diesem Fall sollte es besser ein 6-Mann Zelt sein. Es bietet gen\u00fcgend Platz f\u00fcr alle und alles. Denn nat\u00fcrlich f\u00e4llt es in einem grossen Gruppenzelt leichter, f\u00fcr Ordnung zu sorgen.<\/p>\n<h2>Typen und Formen des Familienzeltes<\/h2>\n<p style=\"text-align: justify;\"><strong>Tunnelzelte<\/strong> haben das optimale Verh\u00e4ltnis von Raumgr\u00f6sse und Gewicht. Die Konstruktion bietet auch bei starkem Wind einen guten Schutz. Die Gest\u00e4ngeb\u00f6gen eines Tunnelzeltes stehen meistens parallel zueinander. Hat Ihr Tunnel ausserdem noch kreuzende Gest\u00e4ngeb\u00f6gen, ist er besonders stabil.<\/p>\n<p style=\"text-align: justify;\"><img loading=\"lazy\" decoding=\"async\" class=\"aligncenter wp-image-93 size-full\" title=\"Berger Tunnelzelt &quot;Sierra 6&quot; | 6 Personen Zelt\" src=\"https:\/\/www.schlanser.ch\/magazin\/wp-content\/uploads\/2016\/10\/Berger-Tunnelzelt-Sierra-6.jpg\" alt=\"berger-tunnelzelt-sierra-6\" width=\"600\" height=\"236\" srcset=\"https:\/\/www.schlanser.ch\/magazin\/wp-content\/uploads\/2016\/10\/Berger-Tunnelzelt-Sierra-6.jpg 600w, https:\/\/www.schlanser.ch\/magazin\/wp-content\/uploads\/2016\/10\/Berger-Tunnelzelt-Sierra-6-300x118.jpg 300w\" sizes=\"(max-width: 600px) 100vw, 600px\" \/><\/p>\n<p style=\"text-align: justify;\">Das &#8222;Berger Tunnelzelt Sierra 6&#8220; ist ein typisches Beispiel f\u00fcr ein Familienzelt. Das 6-Mann Zelt hat zwei Schlafkabinen, eine f\u00fcr zwei und eine f\u00fcr vier Personen. Die Kabinen sind mit Moskitogaze-T\u00fcren zum Einh\u00e4ngen ausgestattet. In der grossen Kabine gibt es praktische Organizer. Im Dachbereich k\u00f6nnen Zeltlampen aufgeh\u00e4ngt werden. Einer der zwei Eing\u00e4nge hat ein Fenster, das sich auch als Sonnendach aufstellen l\u00e4sst.<\/p>\n<p style=\"text-align: justify;\"><img loading=\"lazy\" decoding=\"async\" class=\"aligncenter wp-image-96 size-full\" title=\"Berger Familienzelt &quot;Asmera 6 Deluxe&quot; mit Moskitogazen an allen Fenstern &amp; T\u00fcren\" src=\"https:\/\/www.schlanser.ch\/magazin\/wp-content\/uploads\/2016\/10\/Berger-Familienzelt-Asmera-6-Deluxe.jpg\" alt=\"berger-familienzelt-asmera-6-deluxe\" width=\"600\" height=\"212\" srcset=\"https:\/\/www.schlanser.ch\/magazin\/wp-content\/uploads\/2016\/10\/Berger-Familienzelt-Asmera-6-Deluxe.jpg 600w, https:\/\/www.schlanser.ch\/magazin\/wp-content\/uploads\/2016\/10\/Berger-Familienzelt-Asmera-6-Deluxe-300x106.jpg 300w\" sizes=\"(max-width: 600px) 100vw, 600px\" \/><\/p>\n<p style=\"text-align: justify;\">Mehr Komfort bietet das Tunnelzelt &#8222;Berger Familienzelt Asmera 6 Deluxe&#8220;. Das moderne 6-Mann Zelt hat eine stabile Konstruktion aus Stahl und Fiberglas. Die L\u00fcftungsfenster an den Seiten sorgen f\u00fcr ausreichend Licht und Luftzirkulation im Zeltinneren. Die zwei Dachstangen innen sorgen f\u00fcr ein Maximum an Stabilit\u00e4t. Da die Bodenplane mit dem Aussenzelt fest vern\u00e4ht ist, kommt kaum Ungeziefer ins Innere und der Aufbau ist erheblich einfacher. Das Stromkabel verl\u00e4uft durch das ganze Zelt und kann mit Klettverschl\u00fcssen fixiert werden. Es sorgt so f\u00fcr gen\u00fcgend elektrische Anschl\u00fcsse und Licht durch Zeltlampen.<\/p>\n<p style=\"text-align: justify;\"><strong>Steilwandzelte<\/strong> geh\u00f6ren zu den bekanntesten Zeltformen. In einem Steilwandzelt k\u00f6nnen sich mehrere Personen gem\u00fctlich aufhalten. In den Seitenw\u00e4nden befinden sich mehrere L\u00fcftungsfenster oder Fensterklappen mit Reissverschluss. Sie haben immer senkrechte W\u00e4nde und bestehen aus mehreren Teilen. Die Aussenplane ist \u00e4usserst stabil und strapazierf\u00e4hig. In dem ger\u00e4umigen Gruppenzelt k\u00f6nnen die Urlauber nicht nur \u00fcbernachten, sondern es bietet ihnen ausreichend Platz, um es sich darin gem\u00fctlich zu machen. Meist k\u00f6nnen auch Tische und St\u00fchle im Inneren aufgestellt werden. Aufgrund seiner robusten Aussenhaut ist das Steilwandzelt sehr stabil und beh\u00e4lt immer seine Form.<\/p>\n<p style=\"text-align: justify;\"><img loading=\"lazy\" decoding=\"async\" class=\"aligncenter wp-image-99 size-full\" title=\"DWT Steilwandzelt &quot;Villa 6&quot; mit stabilem Stahlgest\u00e4nge | 6-Personen Zelt\" src=\"https:\/\/www.schlanser.ch\/magazin\/wp-content\/uploads\/2016\/10\/DWT-Steilwandzelt-Villa-6.jpg\" alt=\"dwt-steilwandzelt-villa-6\" width=\"600\" height=\"400\" srcset=\"https:\/\/www.schlanser.ch\/magazin\/wp-content\/uploads\/2016\/10\/DWT-Steilwandzelt-Villa-6.jpg 600w, https:\/\/www.schlanser.ch\/magazin\/wp-content\/uploads\/2016\/10\/DWT-Steilwandzelt-Villa-6-300x200.jpg 300w\" sizes=\"(max-width: 600px) 100vw, 600px\" \/><\/p>\n<p style=\"text-align: justify;\">Das &#8222;DWT Steilwandzelt Villa 6&#8220; ist ein Beispiel f\u00fcr ein sehr ger\u00e4umiges und attraktives Steilwandzelt. Das 6-Personen Zelt ist aufgrund seiner Gr\u00f6sse und der hohen Stabilit\u00e4t ein optimales Domizil f\u00fcr l\u00e4ngere Urlaube.<\/p>\n<p style=\"text-align: justify;\"><img loading=\"lazy\" decoding=\"async\" class=\"aligncenter wp-image-101 size-full\" title=\"TORTUGA Mehrzweckzelt &quot;Alabama&quot; mit wetterfester Beschichtung | 6-Personen Zelt\" src=\"https:\/\/www.schlanser.ch\/magazin\/wp-content\/uploads\/2016\/10\/TORTUGA-Mehrzweckzelt-Alabama.jpg\" alt=\"tortuga-mehrzweckzelt-alabama\" width=\"600\" height=\"400\" srcset=\"https:\/\/www.schlanser.ch\/magazin\/wp-content\/uploads\/2016\/10\/TORTUGA-Mehrzweckzelt-Alabama.jpg 600w, https:\/\/www.schlanser.ch\/magazin\/wp-content\/uploads\/2016\/10\/TORTUGA-Mehrzweckzelt-Alabama-300x200.jpg 300w\" sizes=\"(max-width: 600px) 100vw, 600px\" \/><\/p>\n<p style=\"text-align: justify;\">Ein sehr gutes Familienzelt ist ausserdem das &#8222;TORTUGA Mehrzweckzelt Alabama&#8220;. Es hat am Eingang drei Reissverschl\u00fcsse. Die Eingangsfront ist dadurch in der Breite variabel, Aussteller und hochrollbar. Die Fenster in den Seitenw\u00e4nden lassen sich mit Gaze und Stoff verschliessen. Im Giebel befindet sich eine Hochentl\u00fcftung. Die Erdstreifen sind aus robustem Polyestergewebe gefertigt.<\/p>\n<p style=\"text-align: justify;\">Familien reisen meist mit dem PKW, so dass das Packmass des Zeltes nicht so wichtig ist. Der Aufwand f\u00fcr den Aufbau eines Zeltes, egal welcher Gr\u00f6sse, ist wesentlich geringer als f\u00fcr zwei kleinere Zelte. Sollte es einmal regnen, kann der Tag auch mal im Inneren des Zeltes verbracht werden. Beim Kauf eines Zeltes sollten Sie auf die Wassers\u00e4ule achten. Mit der Wassers\u00e4ule wird die Wasserdichte angegeben. Ab einer Wassers\u00e4ule von 1.500 Millimetern gilt Zeltstoff als wasserdicht.<\/p>\n<h2>Zubeh\u00f6r f\u00fcr den Urlaub mit Zelt<\/h2>\n<p style=\"text-align: justify;\"><img loading=\"lazy\" decoding=\"async\" class=\"alignright wp-image-127 size-full\" title=\"Isomatte | doppellagige PE-Liegematte &amp; Feinpr\u00e4gung inklusive zwei Stretchgurte\" src=\"https:\/\/www.schlanser.ch\/magazin\/wp-content\/uploads\/2016\/10\/Isomatte-doppellagige-PE-Liegematte-Feinpr\u00e4gung-inklusive-2-Stretchgurte.jpg\" alt=\"isomatte-doppellagige-pe-liegematte-feinpraegung-inklusive-2-stretchgurte\" width=\"256\" height=\"235\" \/>Ist die Familie gr\u00f6sser als 6 Personen l\u00e4uft es auf zwei Zelte hinaus. F\u00fcr wenige \u00dcbernachtungen erf\u00fcllt auch ein Gruppenzelt seinen Zweck. In dieses geh\u00f6ren aber unbedingt geeignete Schlafst\u00e4tten, bestehend aus je einer Luftmatratze bzw. Isoliermatte und einem Schlafsack pro Person. Bei den Schlafs\u00e4cken sollten Sie nicht zu sparsam sein. Schliesslich soll niemand in der Nacht frieren. Besser ist es, w\u00e4rmere Schlafs\u00e4cke zu kaufen. Wenn es zu warm wird, \u00f6ffnen Sie einfach den Reissverschluss und benutzen den Schlafsack wie eine Decke. Wer mit einem Baby zum Zelten f\u00e4hrt, kann f\u00fcr den kleinen Camper auch ein Babybettchen mitnehmen.<\/p>\n<p style=\"text-align: justify;\">Jogginganzug oder lange Unterw\u00e4sche sowie eine leichte M\u00fctze geh\u00f6ren auch im Sommer zur Ausr\u00fcstung von Campern. In den Bergen oder in der N\u00e4he von Gew\u00e4ssern, kann es nachts schnell abk\u00fchlen. Dann ist die zus\u00e4tzliche Kleidungsschicht eine Wohltat.<\/p>\n<p style=\"text-align: justify;\"><img loading=\"lazy\" decoding=\"async\" class=\"alignleft wp-image-118 size-full\" title=\"Campingaz Gaskocher &quot;Camp'Bistro XL&quot; | Tischkocher mit praktischem Transportkoffer\" src=\"https:\/\/www.schlanser.ch\/magazin\/wp-content\/uploads\/2016\/10\/Campingaz-Gaskocher-CampBistro-XL.jpg\" alt=\"campingaz-gaskocher-campbistro-xl\" width=\"278\" height=\"163\" \/>F\u00fcr das Zubereiten der Mahlzeiten geh\u00f6rt ein Campingkocher zur Grundausstattung in jedes Gruppenzelt. Gaskocher sind klein und kompakt und die Bedienung ist kinderleicht. Nat\u00fcrlich geh\u00f6rt auch ein Grill zur Ausstattung.<\/p>\n<p style=\"text-align: justify;\">Ausserdem ben\u00f6tigen Sie T\u00f6pfe, eine Bratpfanne sowie Geschirr und Besteck (m\u00f6glichst aus Kunststoff). Auch ein kleiner K\u00fchlschrank darf nicht fehlen. Schliesslich brauchen Sie noch einen Campingtisch und Klappst\u00fchle sowie Liegen zum Sonnen und Entspannen f\u00fcr die Erwachsenen.<\/p>\n<p style=\"text-align: justify;\">Zur Freizeitgestaltung geh\u00f6ren B\u00fccher, Spiele f\u00fcr draussen und drinnen sowie die Kuscheltiere der Kinder unbedingt ins Gep\u00e4ck.<\/p>\n<h2>Die Verpflegung<\/h2>\n<p style=\"text-align: justify;\">Sorgen Sie beim Zelturlaub unbedingt f\u00fcr ausreichend Verpflegung. Die frische Luft macht besonders hungrig. Nehmen Sie gen\u00fcgend Lebensmittel und Getr\u00e4nke f\u00fcr die Reise und f\u00fcr die ersten Urlaubstage mit. Das spart unn\u00f6tige Ausgaben f\u00fcr teure Eink\u00e4ufe an Rastst\u00e4tten und Kiosken.<\/p>\n<h2><img loading=\"lazy\" decoding=\"async\" class=\"alignright wp-image-141 size-full\" title=\"Berger Tragetasche XXL &quot;I love Camping&quot; | langlebig &amp; vielseitig einsetzbar\" src=\"https:\/\/www.schlanser.ch\/magazin\/wp-content\/uploads\/2016\/10\/Berger-Tragetasche-XXL-I-love-Camping.jpg\" alt=\"berger-tragetasche-xxl-i-love-camping\" width=\"240\" height=\"240\" srcset=\"https:\/\/www.schlanser.ch\/magazin\/wp-content\/uploads\/2016\/10\/Berger-Tragetasche-XXL-I-love-Camping.jpg 240w, https:\/\/www.schlanser.ch\/magazin\/wp-content\/uploads\/2016\/10\/Berger-Tragetasche-XXL-I-love-Camping-150x150.jpg 150w\" sizes=\"(max-width: 240px) 100vw, 240px\" \/>Zelten mit der Familie \u2013 Ein Ferienspass f\u00fcr Gross und Klein<\/h2>\n<p style=\"text-align: justify;\">Wer einmal Campingluft geschnuppert hat, findet meist grossen Gefallen daran. Es m\u00fcssen nicht gleich vier Wochen sein. Zum Kennenlernen reicht schon ein langes Wochenende aus.<\/p>\n<p style=\"text-align: justify;\">Beim &#8222;Probezelten&#8220; sammeln Sie erste Erfahrungen und sind f\u00fcr die erste gr\u00f6ssere Tour mit Gruppenzelt oder Familienzelt optimal ger\u00fcstet.<\/p>\n","protected":false},"excerpt":{"rendered":"<p>\u00ab Urlaubserlebnisse f\u00fcr ein halbes Dutzend \u00bb F\u00fcr Familien ist der Campingurlaub die optimale Alternative zum Urlaub in einer Ferienwohnung oder im Hotel. Ferien im Familienzelt sind preiswert und haben gerade f\u00fcr Kinder einen hohen Erlebniswert. Doch welches Zelt sollen Sie f\u00fcr die sechs-k\u00f6pfige Familie w\u00e4hlen? Wir kl\u00e4ren diese und andere Fragen den ersten Zelturlaub &hellip;<\/p>\n","protected":false},"author":1,"featured_media":91,"comment_status":"closed","ping_status":"open","sticky":false,"template":"","format":"standard","meta":{"footnotes":""},"categories":[1],"tags":[18,9,20,16,26,7,25,15,22,14,24,19,21,27,17,13,23],"yoast_head":"<!-- This site is optimized with the Yoast SEO plugin v22.2 - https:\/\/yoast.com\/wordpress\/plugins\/seo\/ -->\n<title>Zelte f\u00fcr die Grossfamilie - Schlanser Magazin<\/title>\n<meta name=\"description\" content=\"Lesen Sie im Schlanser Magazin, woran Sie beim ersten Zelturlaub unbedingt denken sollten und welches Zelt das richtige f\u00fcr Ihre Familie ist!\" \/>\n<meta name=\"robots\" content=\"index, follow, max-snippet:-1, max-image-preview:large, max-video-preview:-1\" \/>\n<link rel=\"canonical\" href=\"https:\/\/www.schlanser.ch\/magazin\/zelte-fuer-die-grossfamilie\/\" \/>\n<meta property=\"og:locale\" content=\"de_DE\" \/>\n<meta property=\"og:type\" content=\"article\" \/>\n<meta property=\"og:title\" content=\"Zelte f\u00fcr die Grossfamilie - Schlanser Magazin\" \/>\n<meta property=\"og:description\" content=\"Lesen Sie im Schlanser Magazin, woran Sie beim ersten Zelturlaub unbedingt denken sollten und welches Zelt das richtige f\u00fcr Ihre Familie ist!\" \/>\n<meta property=\"og:url\" content=\"https:\/\/www.schlanser.ch\/magazin\/zelte-fuer-die-grossfamilie\/\" \/>\n<meta property=\"og:site_name\" content=\"Schlanser Magazin\" \/>\n<meta property=\"article:published_time\" content=\"2016-09-19T10:29:32+00:00\" \/>\n<meta property=\"article:modified_time\" content=\"2024-01-10T13:39:26+00:00\" \/>\n<meta property=\"og:image\" content=\"https:\/\/www.schlanser.ch\/magazin\/wp-content\/uploads\/2016\/10\/Zelte-f\u00fcr-die-Grossfamilie.jpg\" \/>\n\t<meta property=\"og:image:width\" content=\"660\" \/>\n\t<meta property=\"og:image:height\" content=\"330\" \/>\n\t<meta property=\"og:image:type\" content=\"image\/jpeg\" \/>\n<meta name=\"author\" content=\"admin\" \/>\n<meta name=\"twitter:card\" content=\"summary_large_image\" \/>\n<meta name=\"twitter:label1\" content=\"Verfasst von\" \/>\n\t<meta name=\"twitter:data1\" content=\"admin\" \/>\n\t<meta name=\"twitter:label2\" content=\"Gesch\u00e4tzte Lesezeit\" \/>\n\t<meta name=\"twitter:data2\" content=\"7 Minuten\" \/>\n<script type=\"application\/ld+json\" class=\"yoast-schema-graph\">{\"@context\":\"https:\/\/schema.org\",\"@graph\":[{\"@type\":\"WebPage\",\"@id\":\"https:\/\/www.schlanser.ch\/magazin\/zelte-fuer-die-grossfamilie\/\",\"url\":\"https:\/\/www.schlanser.ch\/magazin\/zelte-fuer-die-grossfamilie\/\",\"name\":\"Zelte f\u00fcr die Grossfamilie - Schlanser Magazin\",\"isPartOf\":{\"@id\":\"https:\/\/www.schlanser.ch\/magazin\/#website\"},\"primaryImageOfPage\":{\"@id\":\"https:\/\/www.schlanser.ch\/magazin\/zelte-fuer-die-grossfamilie\/#primaryimage\"},\"image\":{\"@id\":\"https:\/\/www.schlanser.ch\/magazin\/zelte-fuer-die-grossfamilie\/#primaryimage\"},\"thumbnailUrl\":\"https:\/\/www.schlanser.ch\/magazin\/wp-content\/uploads\/2016\/10\/Zelte-f\u00fcr-die-Grossfamilie.jpg\",\"datePublished\":\"2016-09-19T10:29:32+00:00\",\"dateModified\":\"2024-01-10T13:39:26+00:00\",\"author\":{\"@id\":\"https:\/\/www.schlanser.ch\/magazin\/#\/schema\/person\/000db0a103eb2594ba3daf394b1dfea2\"},\"description\":\"Lesen Sie im Schlanser Magazin, woran Sie beim ersten Zelturlaub unbedingt denken sollten und welches Zelt das richtige f\u00fcr Ihre Familie ist!\",\"breadcrumb\":{\"@id\":\"https:\/\/www.schlanser.ch\/magazin\/zelte-fuer-die-grossfamilie\/#breadcrumb\"},\"inLanguage\":\"de-DE\",\"potentialAction\":[{\"@type\":\"ReadAction\",\"target\":[\"https:\/\/www.schlanser.ch\/magazin\/zelte-fuer-die-grossfamilie\/\"]}]},{\"@type\":\"ImageObject\",\"inLanguage\":\"de-DE\",\"@id\":\"https:\/\/www.schlanser.ch\/magazin\/zelte-fuer-die-grossfamilie\/#primaryimage\",\"url\":\"https:\/\/www.schlanser.ch\/magazin\/wp-content\/uploads\/2016\/10\/Zelte-f\u00fcr-die-Grossfamilie.jpg\",\"contentUrl\":\"https:\/\/www.schlanser.ch\/magazin\/wp-content\/uploads\/2016\/10\/Zelte-f\u00fcr-die-Grossfamilie.jpg\",\"width\":660,\"height\":330},{\"@type\":\"BreadcrumbList\",\"@id\":\"https:\/\/www.schlanser.ch\/magazin\/zelte-fuer-die-grossfamilie\/#breadcrumb\",\"itemListElement\":[{\"@type\":\"ListItem\",\"position\":1,\"name\":\"Startseite\",\"item\":\"https:\/\/www.schlanser.ch\/magazin\/\"},{\"@type\":\"ListItem\",\"position\":2,\"name\":\"Zelte f\u00fcr die Grossfamilie\"}]},{\"@type\":\"WebSite\",\"@id\":\"https:\/\/www.schlanser.ch\/magazin\/#website\",\"url\":\"https:\/\/www.schlanser.ch\/magazin\/\",\"name\":\"Schlanser Magazin\",\"description\":\"\",\"potentialAction\":[{\"@type\":\"SearchAction\",\"target\":{\"@type\":\"EntryPoint\",\"urlTemplate\":\"https:\/\/www.schlanser.ch\/magazin\/?s={search_term_string}\"},\"query-input\":\"required name=search_term_string\"}],\"inLanguage\":\"de-DE\"},{\"@type\":\"Person\",\"@id\":\"https:\/\/www.schlanser.ch\/magazin\/#\/schema\/person\/000db0a103eb2594ba3daf394b1dfea2\",\"name\":\"admin\",\"image\":{\"@type\":\"ImageObject\",\"inLanguage\":\"de-DE\",\"@id\":\"https:\/\/www.schlanser.ch\/magazin\/#\/schema\/person\/image\/\",\"url\":\"https:\/\/secure.gravatar.com\/avatar\/a794a4fe8a9b9c52241597eb381dfa2e?s=96&d=mm&r=g\",\"contentUrl\":\"https:\/\/secure.gravatar.com\/avatar\/a794a4fe8a9b9c52241597eb381dfa2e?s=96&d=mm&r=g\",\"caption\":\"admin\"}}]}<\/script>\n<!-- \/ Yoast SEO plugin. -->","yoast_head_json":{"title":"Zelte f\u00fcr die Grossfamilie - Schlanser Magazin","description":"Lesen Sie im Schlanser Magazin, woran Sie beim ersten Zelturlaub unbedingt denken sollten und welches Zelt das richtige f\u00fcr Ihre Familie ist!","robots":{"index":"index","follow":"follow","max-snippet":"max-snippet:-1","max-image-preview":"max-image-preview:large","max-video-preview":"max-video-preview:-1"},"canonical":"https:\/\/www.schlanser.ch\/magazin\/zelte-fuer-die-grossfamilie\/","og_locale":"de_DE","og_type":"article","og_title":"Zelte f\u00fcr die Grossfamilie - Schlanser Magazin","og_description":"Lesen Sie im Schlanser Magazin, woran Sie beim ersten Zelturlaub unbedingt denken sollten und welches Zelt das richtige f\u00fcr Ihre Familie ist!","og_url":"https:\/\/www.schlanser.ch\/magazin\/zelte-fuer-die-grossfamilie\/","og_site_name":"Schlanser Magazin","article_published_time":"2016-09-19T10:29:32+00:00","article_modified_time":"2024-01-10T13:39:26+00:00","og_image":[{"width":660,"height":330,"url":"https:\/\/www.schlanser.ch\/magazin\/wp-content\/uploads\/2016\/10\/Zelte-f\u00fcr-die-Grossfamilie.jpg","type":"image\/jpeg"}],"author":"admin","twitter_card":"summary_large_image","twitter_misc":{"Verfasst von":"admin","Gesch\u00e4tzte Lesezeit":"7 Minuten"},"schema":{"@context":"https:\/\/schema.org","@graph":[{"@type":"WebPage","@id":"https:\/\/www.schlanser.ch\/magazin\/zelte-fuer-die-grossfamilie\/","url":"https:\/\/www.schlanser.ch\/magazin\/zelte-fuer-die-grossfamilie\/","name":"Zelte f\u00fcr die Grossfamilie - Schlanser Magazin","isPartOf":{"@id":"https:\/\/www.schlanser.ch\/magazin\/#website"},"primaryImageOfPage":{"@id":"https:\/\/www.schlanser.ch\/magazin\/zelte-fuer-die-grossfamilie\/#primaryimage"},"image":{"@id":"https:\/\/www.schlanser.ch\/magazin\/zelte-fuer-die-grossfamilie\/#primaryimage"},"thumbnailUrl":"https:\/\/www.schlanser.ch\/magazin\/wp-content\/uploads\/2016\/10\/Zelte-f\u00fcr-die-Grossfamilie.jpg","datePublished":"2016-09-19T10:29:32+00:00","dateModified":"2024-01-10T13:39:26+00:00","author":{"@id":"https:\/\/www.schlanser.ch\/magazin\/#\/schema\/person\/000db0a103eb2594ba3daf394b1dfea2"},"description":"Lesen Sie im Schlanser Magazin, woran Sie beim ersten Zelturlaub unbedingt denken sollten und welches Zelt das richtige f\u00fcr Ihre Familie ist!","breadcrumb":{"@id":"https:\/\/www.schlanser.ch\/magazin\/zelte-fuer-die-grossfamilie\/#breadcrumb"},"inLanguage":"de-DE","potentialAction":[{"@type":"ReadAction","target":["https:\/\/www.schlanser.ch\/magazin\/zelte-fuer-die-grossfamilie\/"]}]},{"@type":"ImageObject","inLanguage":"de-DE","@id":"https:\/\/www.schlanser.ch\/magazin\/zelte-fuer-die-grossfamilie\/#primaryimage","url":"https:\/\/www.schlanser.ch\/magazin\/wp-content\/uploads\/2016\/10\/Zelte-f\u00fcr-die-Grossfamilie.jpg","contentUrl":"https:\/\/www.schlanser.ch\/magazin\/wp-content\/uploads\/2016\/10\/Zelte-f\u00fcr-die-Grossfamilie.jpg","width":660,"height":330},{"@type":"BreadcrumbList","@id":"https:\/\/www.schlanser.ch\/magazin\/zelte-fuer-die-grossfamilie\/#breadcrumb","itemListElement":[{"@type":"ListItem","position":1,"name":"Startseite","item":"https:\/\/www.schlanser.ch\/magazin\/"},{"@type":"ListItem","position":2,"name":"Zelte f\u00fcr die Grossfamilie"}]},{"@type":"WebSite","@id":"https:\/\/www.schlanser.ch\/magazin\/#website","url":"https:\/\/www.schlanser.ch\/magazin\/","name":"Schlanser Magazin","description":"","potentialAction":[{"@type":"SearchAction","target":{"@type":"EntryPoint","urlTemplate":"https:\/\/www.schlanser.ch\/magazin\/?s={search_term_string}"},"query-input":"required name=search_term_string"}],"inLanguage":"de-DE"},{"@type":"Person","@id":"https:\/\/www.schlanser.ch\/magazin\/#\/schema\/person\/000db0a103eb2594ba3daf394b1dfea2","name":"admin","image":{"@type":"ImageObject","inLanguage":"de-DE","@id":"https:\/\/www.schlanser.ch\/magazin\/#\/schema\/person\/image\/","url":"https:\/\/secure.gravatar.com\/avatar\/a794a4fe8a9b9c52241597eb381dfa2e?s=96&d=mm&r=g","contentUrl":"https:\/\/secure.gravatar.com\/avatar\/a794a4fe8a9b9c52241597eb381dfa2e?s=96&d=mm&r=g","caption":"admin"}}]}},"_links":{"self":[{"href":"https:\/\/www.schlanser.ch\/magazin\/wp-json\/wp\/v2\/posts\/87"}],"collection":[{"href":"https:\/\/www.schlanser.ch\/magazin\/wp-json\/wp\/v2\/posts"}],"about":[{"href":"https:\/\/www.schlanser.ch\/magazin\/wp-json\/wp\/v2\/types\/post"}],"author":[{"embeddable":true,"href":"https:\/\/www.schlanser.ch\/magazin\/wp-json\/wp\/v2\/users\/1"}],"replies":[{"embeddable":true,"href":"https:\/\/www.schlanser.ch\/magazin\/wp-json\/wp\/v2\/comments?post=87"}],"version-history":[{"count":52,"href":"https:\/\/www.schlanser.ch\/magazin\/wp-json\/wp\/v2\/posts\/87\/revisions"}],"predecessor-version":[{"id":16692,"href":"https:\/\/www.schlanser.ch\/magazin\/wp-json\/wp\/v2\/posts\/87\/revisions\/16692"}],"wp:featuredmedia":[{"embeddable":true,"href":"https:\/\/www.schlanser.ch\/magazin\/wp-json\/wp\/v2\/media\/91"}],"wp:attachment":[{"href":"https:\/\/www.schlanser.ch\/magazin\/wp-json\/wp\/v2\/media?parent=87"}],"wp:term":[{"taxonomy":"category","embeddable":true,"href":"https:\/\/www.schlanser.ch\/magazin\/wp-json\/wp\/v2\/categories?post=87"},{"taxonomy":"post_tag","embeddable":true,"href":"https:\/\/www.schlanser.ch\/magazin\/wp-json\/wp\/v2\/tags?post=87"}],"curies":[{"name":"wp","href":"https:\/\/api.w.org\/{rel}","templated":true}]}}