{"id":8736,"date":"2020-02-04T15:20:54","date_gmt":"2020-02-04T14:20:54","guid":{"rendered":"https:\/\/www.schlanser.ch\/magazin\/?p=8736"},"modified":"2024-06-17T18:00:28","modified_gmt":"2024-06-17T16:00:28","slug":"truma-aventa","status":"publish","type":"post","link":"https:\/\/www.schlanser.ch\/magazin\/truma-aventa\/","title":{"rendered":"Truma Aventa"},"content":{"rendered":"<h2>\u00ab Alles zu den Varianten, dem Einbau und n\u00fctzlichem Zubeh\u00f6r \u00bb<\/h2>\n<p style=\"text-align: justify;\"><strong>Ein Reisewohnmobil ohne Heizung ist f\u00fcr die meisten Camper undenkbar. Schliesslich m\u00f6chte man es auch an k\u00fchlen Sp\u00e4tsommerabenden oder im Winter wohlig warm wissen. Was weniger wichtig erscheint, ist eine <\/strong><a href=\"https:\/\/www.schlanser.ch\/fahrzeug\/heizen-kuehlen\/klimaanlagen\/\"><strong>Klimaanlage im Wohnwagen<\/strong><\/a><strong>. Nicht alle Wohnmobilbesitzer g\u00f6nnen sich diesen Luxus, wenngleich die Anzahl der Klimaanlagen-Sympathisanten mit den Reiseerfahrungen oft steigt. Das ist auch nicht verwunderlich, denn ohne Klimaanlage kann es im Hochsommer schon mal unertr\u00e4glich heiss werden. F\u00fcr einen k\u00fchlen Kopf tags\u00fcber und einen erholsamen Schlaf in der Nacht empfiehlt sich eine Klimaanlage der Truma Aventa Reihe.<\/strong><\/p>\n<h2>Darum ist eine Klimaanlage im Wohnwagen sinnvoll<\/h2>\n<p style=\"text-align: justify;\">Wer regelm\u00e4ssig mit dem Wohnmobil unterwegs ist, kann den Sommer wahrscheinlich nicht mehr abwarten. Die meisten Reise-Mobilsten schicken ihren Wohnwagen im Winter in den Winterschlaf und bevorzugen es an warmen Tagen zu reisen. Doch wenn es dann endlich so weit ist und die Sonne vom strahlend blauen Himmel herunterbrennt, tr\u00fcbt dies die Freude in den fahrbaren Ferienwohnungen. Dann wird es n\u00e4mlich ziemlich schnell zu warm und man sehnt sich nach einer k\u00fchlen Brise. Vor allem, wenn die ganze Familie reist und sich ein Wohnmobil mit mehreren Menschen geteilt wird, kann die Luft schon mal d\u00fcnn werden. Tags\u00fcber ist Flucht m\u00f6glich, doch in der Nacht sind zu hohe Temperaturen sehr unangenehm. An erholsamen Schlaf ist dann kaum noch zu denken. Auch steigen die Temperaturen in der Fr\u00fch rasant und Sie werden schnell wach! So macht Urlaub weniger Spass. Abhilfe schafft ein klimatisierter Caravan.<\/p>\n<figure id=\"attachment_8740\" aria-describedby=\"caption-attachment-8740\" style=\"width: 620px\" class=\"wp-caption aligncenter\"><img loading=\"lazy\" decoding=\"async\" class=\"wp-image-8740 size-full\" title=\"Die Sommerhitze kann im Wohnwagen bzw. Wohnmobil schnell unertr\u00e4glich werden\" src=\"https:\/\/www.schlanser.ch\/magazin\/wp-content\/uploads\/2021\/02\/Sommerhitze.jpg\" alt=\"Mann bei gro\u00dfer Hitze von 40 Grad\" width=\"620\" height=\"413\" srcset=\"https:\/\/www.schlanser.ch\/magazin\/wp-content\/uploads\/2021\/02\/Sommerhitze.jpg 620w, https:\/\/www.schlanser.ch\/magazin\/wp-content\/uploads\/2021\/02\/Sommerhitze-300x200.jpg 300w\" sizes=\"(max-width: 620px) 100vw, 620px\" \/><figcaption id=\"caption-attachment-8740\" class=\"wp-caption-text\">\u00a9 J\u00fcrgen F\u00e4lchle &#8211; stock.adobe.com<\/figcaption><\/figure>\n<h2>Die passende Klimaanlage f\u00fcr Ihr Reisewohnmobil<\/h2>\n<p style=\"text-align: justify;\">Bei angenehmem und komfortablem Reisen mit dem Wohnmobil im Sommer geh\u00f6rt eine Klimaanlage. Wer den Entschluss dazu gefasst hat, wird auf dem Markt mit unendlich vielen Modellen nahezu \u00fcbersch\u00fcttet. Da f\u00e4llt die Auswahl nicht unbedingt leicht. Hinzu kommen die Fragen nach dem Funktionsprinzip oder der Montage der verschiedenen Klimaanlagen. Diese Faktoren sind im Folgenden dargestellt.<\/p>\n<h2 style=\"text-align: justify;\">Die Funktionsprinzipien<\/h2>\n<p style=\"text-align: justify;\">Unterschiedliche Klimager\u00e4te werden zum einen durch ihre Funktionsprinzipien unterschieden. Dabei gibt es Kompressor- oder Verdunster-Anlagen. Beide Systeme haben sich f\u00fcr den Campingurlaub bew\u00e4hrt und bringen sowohl Vor- als auch Nachteile mit sich. Die <a href=\"https:\/\/www.schlanser.ch\/fahrzeug\/heizen-kuehlen\/\">Klimager\u00e4te<\/a> mit Kompressork\u00fchlsystem entsprechen etwa dem eines Haushaltsk\u00fchlschranks. Es verdampft mithilfe des Prinzips der Druckabsenkung fl\u00fcssiges K\u00e4ltemittel. Das Ganze findet in einem verschlossenen Rohrsystem statt. Durch diesen Prozess wird aus dem Innenraum des Wohnmobils W\u00e4rme aufgenommen und gelangt \u00fcber die Rohrschlangen an die Aussenluft. Der Vorteil liegt hier im geschlossenen Rohrsystem.<\/p>\n<p><img loading=\"lazy\" decoding=\"async\" class=\"aligncenter wp-image-8749 size-full\" title=\"Evapolar Klimager\u00e4t evaLIGHT | K\u00fchlungseffekt durch Verdunstung\" src=\"https:\/\/www.schlanser.ch\/magazin\/wp-content\/uploads\/2021\/02\/Evapolar-Klimager\u00e4t-evaLIGHT.jpg\" alt=\"Evapolar Klimager\u00e4t evaLIGHT\" width=\"620\" height=\"388\" srcset=\"https:\/\/www.schlanser.ch\/magazin\/wp-content\/uploads\/2021\/02\/Evapolar-Klimager\u00e4t-evaLIGHT.jpg 620w, https:\/\/www.schlanser.ch\/magazin\/wp-content\/uploads\/2021\/02\/Evapolar-Klimager\u00e4t-evaLIGHT-300x188.jpg 300w\" sizes=\"(max-width: 620px) 100vw, 620px\" \/><\/p>\n<p style=\"text-align: justify;\">\u00c4hnlich wie bei einem K\u00fchlschrank laufen Kompressor-Anlagen wartungsfrei. Auch die K\u00e4ltemittel sind meist umweltfreundlich. Von grossem Vorteil ist auch die enorme K\u00fchlkraft, die zudem weitestgehend unabh\u00e4ngig von den herrschenden Umgebungsbedingungen funktioniert. Nachteilig an den Kompressor-Anlagen ist, dass sie verh\u00e4ltnism\u00e4ssig laut sind. Damit dies nicht zur St\u00f6rquelle wird, sind zum einen eine saubere Installation und zum anderen eine Ger\u00e4uschd\u00e4mmung notwendig. Neben dem ist der Stromverbrauch hoch, um einen elektrischen Kompressor zu betreiben. W\u00e4hrend der Fahrt wird das Ger\u00e4t an der Lichtmaschine oder einem <a href=\"https:\/\/www.schlanser.ch\/elektro\/energieversorgung\/wechselrichter-spannungswandler\/\">Wechselrichter<\/a> betrieben. Je nachdem wie es um die Batterievorr\u00e4te bestellt ist, kann die Anlage auch f\u00fcr eine Zeit autark vom Stromnetz betrieben werden.<\/p>\n<p><a href=\"https:\/\/www.schlanser.ch\/elektro\/energieversorgung\/wechselrichter-spannungswandler\/48164\/buettner-sinus-wechselrichter-powerline-300-w\"><img loading=\"lazy\" decoding=\"async\" class=\"aligncenter wp-image-8747 size-full\" title=\"B\u00fcttner Sinus-Wechselrichter PowerLine 300 W\" src=\"https:\/\/www.schlanser.ch\/magazin\/wp-content\/uploads\/2021\/02\/IMG_280660_2_1901070325595c32b8b860936-1.jpg\" alt=\"B\u00fcttner Sinus-Wechselrichter PowerLine 300 W\" width=\"620\" height=\"331\" srcset=\"https:\/\/www.schlanser.ch\/magazin\/wp-content\/uploads\/2021\/02\/IMG_280660_2_1901070325595c32b8b860936-1.jpg 620w, https:\/\/www.schlanser.ch\/magazin\/wp-content\/uploads\/2021\/02\/IMG_280660_2_1901070325595c32b8b860936-1-300x160.jpg 300w, https:\/\/www.schlanser.ch\/magazin\/wp-content\/uploads\/2021\/02\/IMG_280660_2_1901070325595c32b8b860936-1-310x165.jpg 310w\" sizes=\"(max-width: 620px) 100vw, 620px\" \/><\/a><\/p>\n<h2>Die Art der Montage<\/h2>\n<p style=\"text-align: justify;\">Eine Klimaanlage im Wohnwagen wird auf zwei verschiedene Arten montiert: auf dem Dach oder im Stauraum. W\u00e4hrend Kompressor-Anlagen sich nicht auf dem Dach anbringen lassen, k\u00f6nnen Verdunsterger\u00e4te nur auf dem Dach montiert werden. Stauraumklimaanlagen arbeiten also in speziellen Staukisten, Sitztruhen oder auch Heckgaragen, werden von dort aus h\u00e4ufig mit einem Rohrsystem ausgestattet. Hier ist wieder, wie schon erw\u00e4hnt, auf gute Ger\u00e4uschd\u00e4mmung zu achten. Die k\u00fchle Luft gelangt von dem Ger\u00e4t in Schl\u00e4uche, die im ganzen Wohnmobil verlegt sind. Vorteilhaft ist, dass sie spezielle Bereiche k\u00fchlen und andere aussen vorlassen k\u00f6nnen. Tags\u00fcber m\u00f6chten Sie vielleicht eher, dass der Wohnbereich angenehm k\u00fchl ist, w\u00e4hrend nachts die Schlafumgebung mit k\u00fchler Luft versorgt werden soll. Ein Nachteil ist, dass Sie wertvollen Stauraum im Reisewohnmobil nicht anderweitig nutzen k\u00f6nnen. Nat\u00fcrlich ist dieser Platz gut investiert, doch wer ohnehin schon mit Raummangel zu k\u00e4mpfen hat, sollt sich lieber f\u00fcr die Variante auf dem Dach entscheiden.<\/p>\n<p><img loading=\"lazy\" decoding=\"async\" class=\"aligncenter wp-image-8756 size-full\" title=\"Dometic FreshJet 2000 Dachklimaanlage mit Luftverteilerbox Grau\" src=\"https:\/\/www.schlanser.ch\/magazin\/wp-content\/uploads\/2021\/02\/IMG_287730_4_2001101036545e1845abeed58-1.jpg\" alt=\"Dometic FreshJet 2000 Dachklimaanlage mit Luftverteilerbox Grau\" width=\"620\" height=\"464\" srcset=\"https:\/\/www.schlanser.ch\/magazin\/wp-content\/uploads\/2021\/02\/IMG_287730_4_2001101036545e1845abeed58-1.jpg 620w, https:\/\/www.schlanser.ch\/magazin\/wp-content\/uploads\/2021\/02\/IMG_287730_4_2001101036545e1845abeed58-1-300x225.jpg 300w\" sizes=\"(max-width: 620px) 100vw, 620px\" \/><\/p>\n<p style=\"text-align: justify;\">Auch die nicht so filigranen Schl\u00e4uche m\u00fcssen irgendwo verlegt sein, wodurch meist ein Teil des Einbauschrankvolumens verloren geht. Nicht zuletzt sind die Kosten, der Umbau und der Montageaufwand recht hoch. Entscheiden Sie sich f\u00fcr ein Klimager\u00e4t auf dem Dach, k\u00f6nnen Sie den vollst\u00e4ndigen Innenraum nutzen. In die Sitztruhe kann nach wie vor das Gep\u00e4ck wandern und auch die Schr\u00e4nke sind vollst\u00e4ndig nutzbar. Sie ben\u00f6tigen nichts weiter als ein Stromanschluss und nat\u00fcrlich ein Ausschnitt im Dach durch den die k\u00fchle Luft in den Innenraum gelangt. Das heisst, das eigentliche Ger\u00e4t und die Technik verschwinden nach aussen und von innen sehen Sie nichts weiter als den Luftaustritt. Dementsprechend ist die Montage auch schnell und verh\u00e4ltnism\u00e4ssig preisg\u00fcnstig durchgef\u00fchrt.<\/p>\n<p><img loading=\"lazy\" decoding=\"async\" class=\"aligncenter wp-image-8754 size-full\" title=\"Truma Saphir Compact, Staukastenklimaanlage\" src=\"https:\/\/www.schlanser.ch\/magazin\/wp-content\/uploads\/2021\/02\/Truma-Saphir-Compact-Staukastenklimaanlage-1.jpg\" alt=\"Truma Saphir Compact, Staukastenklimaanlage\" width=\"620\" height=\"310\" srcset=\"https:\/\/www.schlanser.ch\/magazin\/wp-content\/uploads\/2021\/02\/Truma-Saphir-Compact-Staukastenklimaanlage-1.jpg 620w, https:\/\/www.schlanser.ch\/magazin\/wp-content\/uploads\/2021\/02\/Truma-Saphir-Compact-Staukastenklimaanlage-1-300x150.jpg 300w\" sizes=\"(max-width: 620px) 100vw, 620px\" \/><\/p>\n<p style=\"text-align: justify;\">Nachteilig ist, dass Ihr Fahrzeug insgesamt in der H\u00f6he w\u00e4chst und dass ein Gewicht von bis zu 30 Kilogramm auf das Dach kommt. Ausserdem ist die L\u00f6sung auf dem Dach stets Witterungen ausgesetzt. Beim Einbau m\u00fcssen Sie sich zudem f\u00fcr einen klimatisierten Schwerpunkt entscheiden. Hier tritt die k\u00fchle Luft n\u00e4mlich nur an einer Stelle aus. Dies kann aber auch von Vorteil sein, denn gerade direkt an den Betten sollte nicht unbedingt kalte Luft auf die schlafenden Personen str\u00f6men. Das k\u00f6nnte mitunter Verk\u00fchlungen und Erk\u00e4ltungen zur Folge haben.<\/p>\n<h2>Aventa Compact plus Klimaanlage<\/h2>\n<p style=\"text-align: justify;\">Die Reihe Aventa bietet alles, was Camping-Freunde f\u00fcr eine angenehme und klimatisierte Wohnmobilreise ben\u00f6tigen. Er gilt als einer der renommiertesten Hersteller in diesem Segment. Die Truma Aventa Compact plus ist ideal f\u00fcr Wohnmobilfahrer, die sich kein schweres Ger\u00e4t auf ihr Dach montieren k\u00f6nnen\/wollen. Durch ihre kompakte Form passt sie auf jedes Fahrzeugdach und bringt kaum zus\u00e4tzliches Gewicht. Ausserdem l\u00e4uft die Truma Aventa compact sehr leise und bietet damit keine St\u00f6rquelle. Trotz ihres geringen Gewichts und ihrer leisen Laufform m\u00fcssen Sie auf eine hohe Effizienz nicht verzichten. Die K\u00fchlung funktioniert dabei exzellent. Dank des universellen Einbaurahmens geht die Montage der Truma Aventa Klimaanlage schnell und einfach vonstatten.<\/p>\n<p><a href=\"https:\/\/www.schlanser.ch\/fahrzeug\/heizen-kuehlen\/klimaanlagen\/48725\/truma-aventa-compact-plus-klimaanlage\" class=\"broken_link\"><img loading=\"lazy\" decoding=\"async\" class=\"aligncenter wp-image-8759 size-full\" title=\"Truma Aventa Compact Plus Klimaanlage\" src=\"https:\/\/www.schlanser.ch\/magazin\/wp-content\/uploads\/2021\/02\/Truma-Aventa-Compact-Plus-Klimaanlage.jpg\" alt=\"Truma Aventa Compact Plus Klimaanlage\" width=\"620\" height=\"284\" srcset=\"https:\/\/www.schlanser.ch\/magazin\/wp-content\/uploads\/2021\/02\/Truma-Aventa-Compact-Plus-Klimaanlage.jpg 620w, https:\/\/www.schlanser.ch\/magazin\/wp-content\/uploads\/2021\/02\/Truma-Aventa-Compact-Plus-Klimaanlage-300x137.jpg 300w\" sizes=\"(max-width: 620px) 100vw, 620px\" \/><\/a>Weitere Vorteile:<\/p>\n<ul>\n<li>in das Truma iNet System integrierbar,<\/li>\n<li>starke K\u00fchlleistung und energiesparende W\u00e4rmepumpenfunktion,<\/li>\n<li>Truma Aventa Analgen sind sparsam und effektiv im Verbrauch und<\/li>\n<li>M\u00f6glichkeit der Luftverteilung (flacher Luftverteiler mit dimmbarer Beleuchtung).<\/li>\n<\/ul>\n<h2><iframe loading=\"lazy\" src=\"https:\/\/www.youtube.com\/embed\/V5wkuhAqITk\" width=\"560\" height=\"315\" frameborder=\"0\" allowfullscreen=\"allowfullscreen\"><\/iframe><\/h2>\n<h2>Truma Aventa Comfort<\/h2>\n<p style=\"text-align: justify;\">Ein weiteres Modell und zwar die Truma Aventa Comfort Dachklimaanlage l\u00e4sst sich besonders unkompliziert und schnell nachr\u00fcsten. Viele Wohnwagenk\u00e4ufer verzichten aufgrund der hohen Anschaffungskosten des Reisefahrzeugs erst mal auf ein Klimager\u00e4t und bereuen dies sp\u00e4testens nach dem ersten Sommerurlaub.<\/p>\n<p><a href=\"https:\/\/www.schlanser.ch\/fahrzeug\/heizen-kuehlen\/klimaanlagen\/211620\/truma-aventa-comfort-dachklimaanlage\" class=\"broken_link\"><img loading=\"lazy\" decoding=\"async\" class=\"aligncenter wp-image-8763 size-full\" title=\"Truma Aventa Comfort Dachklimaanlage\" src=\"https:\/\/www.schlanser.ch\/magazin\/wp-content\/uploads\/2021\/02\/Truma-Aventa-Comfort-Dachklimaanlage-1.jpg\" alt=\"Truma Aventa Comfort Dachklimaanlage\" width=\"620\" height=\"184\" srcset=\"https:\/\/www.schlanser.ch\/magazin\/wp-content\/uploads\/2021\/02\/Truma-Aventa-Comfort-Dachklimaanlage-1.jpg 620w, https:\/\/www.schlanser.ch\/magazin\/wp-content\/uploads\/2021\/02\/Truma-Aventa-Comfort-Dachklimaanlage-1-300x89.jpg 300w\" sizes=\"(max-width: 620px) 100vw, 620px\" \/><\/a><\/p>\n<p style=\"text-align: justify;\">Die Truma Aventa Comfort k\u00f6nnen Sie jederzeit nachr\u00fcsten. Daf\u00fcr gen\u00fcgt schon ein einfacher Dachlukenausschnitt. Dabei handelt es sich um eine leistungsstarke Anlage f\u00fcr das Fahrzeugdach, die mithilfe eines beleuchtenden Luftverteilers nicht nur f\u00fcr angenehme Luft, sondern auch f\u00fcr ein besonderes Ambiente sorgt. In der Nacht stellen Sie einfach die extra leise Sleepfunktion ein. Mit Truma Aventa k\u00f6nnen Sie sich beim Camping rundum wohlf\u00fchlen und m\u00fcssen sich keine Gedanken mehr um hitzige Aussentemperaturen machen, denn innen bleibt es angenehm k\u00fchl. Das ist gut f\u00fcr den K\u00f6rper und das Gem\u00fct&#8230;<\/p>\n","protected":false},"excerpt":{"rendered":"<p>\u00ab Alles zu den Varianten, dem Einbau und n\u00fctzlichem Zubeh\u00f6r \u00bb Ein Reisewohnmobil ohne Heizung ist f\u00fcr die meisten Camper undenkbar. Schliesslich m\u00f6chte man es auch an k\u00fchlen Sp\u00e4tsommerabenden oder im Winter wohlig warm wissen. Was weniger wichtig erscheint, ist eine Klimaanlage im Wohnwagen. Nicht alle Wohnmobilbesitzer g\u00f6nnen sich diesen Luxus, wenngleich die Anzahl der &hellip;<\/p>\n","protected":false},"author":1,"featured_media":8771,"comment_status":"closed","ping_status":"open","sticky":false,"template":"","format":"standard","meta":{"footnotes":""},"categories":[3],"tags":[1168,1167,1123,1166,681,1163,680,1164,960,1165,1162,296,297],"yoast_head":"<!-- This site is optimized with the Yoast SEO plugin v22.2 - https:\/\/yoast.com\/wordpress\/plugins\/seo\/ -->\n<title>Truma Aventa - Schlanser Magazin<\/title>\n<meta name=\"description\" content=\"Das Schlanser Campingmagazin berichtet \u00fcber die neuste Generation Dachklimaanlagen \u2714 \u2013 Lernen Sie die Truma Aventa kennen!\" \/>\n<meta name=\"robots\" content=\"noindex, follow\" \/>\n<meta property=\"og:locale\" content=\"de_DE\" \/>\n<meta property=\"og:type\" content=\"article\" \/>\n<meta property=\"og:title\" content=\"Truma Aventa - Schlanser Magazin\" \/>\n<meta property=\"og:description\" content=\"Das Schlanser Campingmagazin berichtet \u00fcber die neuste Generation Dachklimaanlagen \u2714 \u2013 Lernen Sie die Truma Aventa kennen!\" \/>\n<meta property=\"og:url\" content=\"https:\/\/www.schlanser.ch\/magazin\/truma-aventa\/\" \/>\n<meta property=\"og:site_name\" content=\"Schlanser Magazin\" \/>\n<meta property=\"article:published_time\" content=\"2020-02-04T14:20:54+00:00\" \/>\n<meta property=\"article:modified_time\" content=\"2024-06-17T16:00:28+00:00\" \/>\n<meta property=\"og:image\" content=\"https:\/\/www.schlanser.ch\/magazin\/wp-content\/uploads\/2021\/02\/Truma.png\" \/>\n\t<meta property=\"og:image:width\" content=\"660\" \/>\n\t<meta property=\"og:image:height\" content=\"304\" \/>\n\t<meta property=\"og:image:type\" content=\"image\/png\" \/>\n<meta name=\"author\" content=\"admin\" \/>\n<meta name=\"twitter:card\" content=\"summary_large_image\" \/>\n<meta name=\"twitter:label1\" content=\"Verfasst von\" \/>\n\t<meta name=\"twitter:data1\" content=\"admin\" \/>\n\t<meta name=\"twitter:label2\" content=\"Gesch\u00e4tzte Lesezeit\" \/>\n\t<meta name=\"twitter:data2\" content=\"8 Minuten\" \/>\n<script type=\"application\/ld+json\" class=\"yoast-schema-graph\">{\"@context\":\"https:\/\/schema.org\",\"@graph\":[{\"@type\":\"WebPage\",\"@id\":\"https:\/\/www.schlanser.ch\/magazin\/truma-aventa\/\",\"url\":\"https:\/\/www.schlanser.ch\/magazin\/truma-aventa\/\",\"name\":\"Truma Aventa - Schlanser Magazin\",\"isPartOf\":{\"@id\":\"https:\/\/www.schlanser.ch\/magazin\/#website\"},\"primaryImageOfPage\":{\"@id\":\"https:\/\/www.schlanser.ch\/magazin\/truma-aventa\/#primaryimage\"},\"image\":{\"@id\":\"https:\/\/www.schlanser.ch\/magazin\/truma-aventa\/#primaryimage\"},\"thumbnailUrl\":\"https:\/\/www.schlanser.ch\/magazin\/wp-content\/uploads\/2021\/02\/Truma.png\",\"datePublished\":\"2020-02-04T14:20:54+00:00\",\"dateModified\":\"2024-06-17T16:00:28+00:00\",\"author\":{\"@id\":\"https:\/\/www.schlanser.ch\/magazin\/#\/schema\/person\/000db0a103eb2594ba3daf394b1dfea2\"},\"description\":\"Das Schlanser Campingmagazin berichtet \u00fcber die neuste Generation Dachklimaanlagen \u2714 \u2013 Lernen Sie die Truma Aventa kennen!\",\"breadcrumb\":{\"@id\":\"https:\/\/www.schlanser.ch\/magazin\/truma-aventa\/#breadcrumb\"},\"inLanguage\":\"de-DE\",\"potentialAction\":[{\"@type\":\"ReadAction\",\"target\":[\"https:\/\/www.schlanser.ch\/magazin\/truma-aventa\/\"]}]},{\"@type\":\"ImageObject\",\"inLanguage\":\"de-DE\",\"@id\":\"https:\/\/www.schlanser.ch\/magazin\/truma-aventa\/#primaryimage\",\"url\":\"https:\/\/www.schlanser.ch\/magazin\/wp-content\/uploads\/2021\/02\/Truma.png\",\"contentUrl\":\"https:\/\/www.schlanser.ch\/magazin\/wp-content\/uploads\/2021\/02\/Truma.png\",\"width\":660,\"height\":304},{\"@type\":\"BreadcrumbList\",\"@id\":\"https:\/\/www.schlanser.ch\/magazin\/truma-aventa\/#breadcrumb\",\"itemListElement\":[{\"@type\":\"ListItem\",\"position\":1,\"name\":\"Startseite\",\"item\":\"https:\/\/www.schlanser.ch\/magazin\/\"},{\"@type\":\"ListItem\",\"position\":2,\"name\":\"Truma Aventa\"}]},{\"@type\":\"WebSite\",\"@id\":\"https:\/\/www.schlanser.ch\/magazin\/#website\",\"url\":\"https:\/\/www.schlanser.ch\/magazin\/\",\"name\":\"Schlanser Magazin\",\"description\":\"\",\"potentialAction\":[{\"@type\":\"SearchAction\",\"target\":{\"@type\":\"EntryPoint\",\"urlTemplate\":\"https:\/\/www.schlanser.ch\/magazin\/?s={search_term_string}\"},\"query-input\":\"required name=search_term_string\"}],\"inLanguage\":\"de-DE\"},{\"@type\":\"Person\",\"@id\":\"https:\/\/www.schlanser.ch\/magazin\/#\/schema\/person\/000db0a103eb2594ba3daf394b1dfea2\",\"name\":\"admin\",\"image\":{\"@type\":\"ImageObject\",\"inLanguage\":\"de-DE\",\"@id\":\"https:\/\/www.schlanser.ch\/magazin\/#\/schema\/person\/image\/\",\"url\":\"https:\/\/secure.gravatar.com\/avatar\/a794a4fe8a9b9c52241597eb381dfa2e?s=96&d=mm&r=g\",\"contentUrl\":\"https:\/\/secure.gravatar.com\/avatar\/a794a4fe8a9b9c52241597eb381dfa2e?s=96&d=mm&r=g\",\"caption\":\"admin\"}}]}<\/script>\n<!-- \/ Yoast SEO plugin. -->","yoast_head_json":{"title":"Truma Aventa - Schlanser Magazin","description":"Das Schlanser Campingmagazin berichtet \u00fcber die neuste Generation Dachklimaanlagen \u2714 \u2013 Lernen Sie die Truma Aventa kennen!","robots":{"index":"noindex","follow":"follow"},"og_locale":"de_DE","og_type":"article","og_title":"Truma Aventa - Schlanser Magazin","og_description":"Das Schlanser Campingmagazin berichtet \u00fcber die neuste Generation Dachklimaanlagen \u2714 \u2013 Lernen Sie die Truma Aventa kennen!","og_url":"https:\/\/www.schlanser.ch\/magazin\/truma-aventa\/","og_site_name":"Schlanser Magazin","article_published_time":"2020-02-04T14:20:54+00:00","article_modified_time":"2024-06-17T16:00:28+00:00","og_image":[{"width":660,"height":304,"url":"https:\/\/www.schlanser.ch\/magazin\/wp-content\/uploads\/2021\/02\/Truma.png","type":"image\/png"}],"author":"admin","twitter_card":"summary_large_image","twitter_misc":{"Verfasst von":"admin","Gesch\u00e4tzte Lesezeit":"8 Minuten"},"schema":{"@context":"https:\/\/schema.org","@graph":[{"@type":"WebPage","@id":"https:\/\/www.schlanser.ch\/magazin\/truma-aventa\/","url":"https:\/\/www.schlanser.ch\/magazin\/truma-aventa\/","name":"Truma Aventa - Schlanser Magazin","isPartOf":{"@id":"https:\/\/www.schlanser.ch\/magazin\/#website"},"primaryImageOfPage":{"@id":"https:\/\/www.schlanser.ch\/magazin\/truma-aventa\/#primaryimage"},"image":{"@id":"https:\/\/www.schlanser.ch\/magazin\/truma-aventa\/#primaryimage"},"thumbnailUrl":"https:\/\/www.schlanser.ch\/magazin\/wp-content\/uploads\/2021\/02\/Truma.png","datePublished":"2020-02-04T14:20:54+00:00","dateModified":"2024-06-17T16:00:28+00:00","author":{"@id":"https:\/\/www.schlanser.ch\/magazin\/#\/schema\/person\/000db0a103eb2594ba3daf394b1dfea2"},"description":"Das Schlanser Campingmagazin berichtet \u00fcber die neuste Generation Dachklimaanlagen \u2714 \u2013 Lernen Sie die Truma Aventa kennen!","breadcrumb":{"@id":"https:\/\/www.schlanser.ch\/magazin\/truma-aventa\/#breadcrumb"},"inLanguage":"de-DE","potentialAction":[{"@type":"ReadAction","target":["https:\/\/www.schlanser.ch\/magazin\/truma-aventa\/"]}]},{"@type":"ImageObject","inLanguage":"de-DE","@id":"https:\/\/www.schlanser.ch\/magazin\/truma-aventa\/#primaryimage","url":"https:\/\/www.schlanser.ch\/magazin\/wp-content\/uploads\/2021\/02\/Truma.png","contentUrl":"https:\/\/www.schlanser.ch\/magazin\/wp-content\/uploads\/2021\/02\/Truma.png","width":660,"height":304},{"@type":"BreadcrumbList","@id":"https:\/\/www.schlanser.ch\/magazin\/truma-aventa\/#breadcrumb","itemListElement":[{"@type":"ListItem","position":1,"name":"Startseite","item":"https:\/\/www.schlanser.ch\/magazin\/"},{"@type":"ListItem","position":2,"name":"Truma Aventa"}]},{"@type":"WebSite","@id":"https:\/\/www.schlanser.ch\/magazin\/#website","url":"https:\/\/www.schlanser.ch\/magazin\/","name":"Schlanser Magazin","description":"","potentialAction":[{"@type":"SearchAction","target":{"@type":"EntryPoint","urlTemplate":"https:\/\/www.schlanser.ch\/magazin\/?s={search_term_string}"},"query-input":"required name=search_term_string"}],"inLanguage":"de-DE"},{"@type":"Person","@id":"https:\/\/www.schlanser.ch\/magazin\/#\/schema\/person\/000db0a103eb2594ba3daf394b1dfea2","name":"admin","image":{"@type":"ImageObject","inLanguage":"de-DE","@id":"https:\/\/www.schlanser.ch\/magazin\/#\/schema\/person\/image\/","url":"https:\/\/secure.gravatar.com\/avatar\/a794a4fe8a9b9c52241597eb381dfa2e?s=96&d=mm&r=g","contentUrl":"https:\/\/secure.gravatar.com\/avatar\/a794a4fe8a9b9c52241597eb381dfa2e?s=96&d=mm&r=g","caption":"admin"}}]}},"_links":{"self":[{"href":"https:\/\/www.schlanser.ch\/magazin\/wp-json\/wp\/v2\/posts\/8736"}],"collection":[{"href":"https:\/\/www.schlanser.ch\/magazin\/wp-json\/wp\/v2\/posts"}],"about":[{"href":"https:\/\/www.schlanser.ch\/magazin\/wp-json\/wp\/v2\/types\/post"}],"author":[{"embeddable":true,"href":"https:\/\/www.schlanser.ch\/magazin\/wp-json\/wp\/v2\/users\/1"}],"replies":[{"embeddable":true,"href":"https:\/\/www.schlanser.ch\/magazin\/wp-json\/wp\/v2\/comments?post=8736"}],"version-history":[{"count":26,"href":"https:\/\/www.schlanser.ch\/magazin\/wp-json\/wp\/v2\/posts\/8736\/revisions"}],"predecessor-version":[{"id":18039,"href":"https:\/\/www.schlanser.ch\/magazin\/wp-json\/wp\/v2\/posts\/8736\/revisions\/18039"}],"wp:featuredmedia":[{"embeddable":true,"href":"https:\/\/www.schlanser.ch\/magazin\/wp-json\/wp\/v2\/media\/8771"}],"wp:attachment":[{"href":"https:\/\/www.schlanser.ch\/magazin\/wp-json\/wp\/v2\/media?parent=8736"}],"wp:term":[{"taxonomy":"category","embeddable":true,"href":"https:\/\/www.schlanser.ch\/magazin\/wp-json\/wp\/v2\/categories?post=8736"},{"taxonomy":"post_tag","embeddable":true,"href":"https:\/\/www.schlanser.ch\/magazin\/wp-json\/wp\/v2\/tags?post=8736"}],"curies":[{"name":"wp","href":"https:\/\/api.w.org\/{rel}","templated":true}]}}