{"id":8937,"date":"2020-02-26T10:22:54","date_gmt":"2020-02-26T09:22:54","guid":{"rendered":"https:\/\/www.schlanser.ch\/magazin\/?p=8937"},"modified":"2025-08-29T16:39:05","modified_gmt":"2025-08-29T14:39:05","slug":"camping-im-allgaeu","status":"publish","type":"post","link":"https:\/\/www.schlanser.ch\/magazin\/camping-im-allgaeu\/","title":{"rendered":"Camping im Allg\u00e4u"},"content":{"rendered":"<h2>\u00ab Ferien im Herzen S\u00fcddeutschlands \u00bb<\/h2>\n<p style=\"text-align: justify;\"><strong>Sie lieben die Berge? Sie lieben atemberaubende Natur, in der Sonne glitzernde Seen, schneebedeckte Berggipfel, weite Aussichten bei einem spannenden kulturellen Angebot und einem vielf\u00e4ltigen Freizeitangebot? Dann kommt die folgende Ferienregion f\u00fcr Sie als Urlaubsort in Frage. Erfahren Sie, was Sie beim Camping im Allg\u00e4u auf keinen Fall verpassen sollten.<\/strong><\/p>\n<figure id=\"attachment_18830\" aria-describedby=\"caption-attachment-18830\" style=\"width: 600px\" class=\"wp-caption aligncenter\"><img loading=\"lazy\" decoding=\"async\" class=\"wp-image-18830 size-full\" title=\"Allg\u00e4u, Bayern, Deutschland, Hochgrats-Gipfel im Hintergrund\" src=\"https:\/\/www.schlanser.ch\/magazin\/wp-content\/uploads\/2025\/08\/AdobeStock_230671700.jpg\" alt=\"Wandern im Herbst, Herbst auf dem Grat der Nagelfluhkette bei Oberstaufen\" width=\"600\" height=\"353\" srcset=\"https:\/\/www.schlanser.ch\/magazin\/wp-content\/uploads\/2025\/08\/AdobeStock_230671700.jpg 600w, https:\/\/www.schlanser.ch\/magazin\/wp-content\/uploads\/2025\/08\/AdobeStock_230671700-300x177.jpg 300w\" sizes=\"(max-width: 600px) 100vw, 600px\" \/><figcaption id=\"caption-attachment-18830\" class=\"wp-caption-text\">\u00a9 uwe &#8211; stock.adobe.com<\/figcaption><\/figure>\n<p style=\"text-align: justify;\">Das Allg\u00e4u gilt als eine der sch\u00f6nsten Campingregionen Deutschlands und bietet mit \u00fcber 50 erstklassigen Campingpl\u00e4tzen f\u00fcr jeden Geschmack das passende Urlaubserlebnis. Von luxuri\u00f6sen 5 Sterne Camping Resorts bis zu naturnahen Stellpl\u00e4tzen direkt am See &#8211; <strong>Camping im Allg\u00e4u<\/strong> bedeutet Vielfalt auf h\u00f6chstem Niveau. Ob Sie die sch\u00f6nsten Campingpl\u00e4tze Allg\u00e4u suchen, einen Wohnmobil Stellplatz in Wangen im Allg\u00e4u ben\u00f6tigen oder das ber\u00fchmte Alpsee Camp erkunden m\u00f6chten &#8211; unsere komplette \u00dcbersicht f\u00fchrt Sie zu den besten Campingpl\u00e4tzen der Region.<\/p>\n<h2>Die besten Campingpl\u00e4tze im Allg\u00e4u &#8211; Unser TOP Ranking<\/h2>\n<p style=\"text-align: justify;\">Unsere Auswahl der <strong>besten Campingpl\u00e4tze im Allg\u00e4u<\/strong> basiert auf Lage, Ausstattung, Service und G\u00e4stezufriedenheit. Hier finden Sie sowohl 5 Sterne Camping im Allg\u00e4u als auch charmante Naturpl\u00e4tze f\u00fcr jeden Anspruch:<\/p>\n<h3>1. Alpsee Camp &#8211; 5 Sterne Luxus am M\u00e4rchenschloss<\/h3>\n<p style=\"text-align: justify;\">Das <strong>Alpsee Camp<\/strong> in B\u00fchl am Alpsee gilt als einer der luxuri\u00f6sesten Campingpl\u00e4tze Deutschlands. Mit direkter Lage zwischen Schloss Neuschwanstein und dem kristallklaren Alpsee bietet dieser 5 Sterne Campingplatz ein unvergleichliches Ambiente. Die 200 Stellpl\u00e4tze verf\u00fcgen \u00fcber Vollausstattung mit Strom, Wasser, Abwasser und teilweise eigenem Sanit\u00e4rbereich. Ein eigenes Strandbad, Restaurant mit Seeblick und ein umfangreiches Freizeitprogramm machen den Aufenthalt unvergesslich. Die N\u00e4he zu den K\u00f6nigsschl\u00f6ssern und der Forggensee machen das Alpsee Camp zum perfekten Basislager f\u00fcr Kulturliebhaber.<\/p>\n<figure id=\"attachment_18833\" aria-describedby=\"caption-attachment-18833\" style=\"width: 600px\" class=\"wp-caption aligncenter\"><img loading=\"lazy\" decoding=\"async\" class=\"wp-image-18833 size-full\" title=\"Luftbildlandschaft in den Allg\u00e4uer Alpen mit Alpsee bei Immenstadt, Bayern, Deutschland\" src=\"https:\/\/www.schlanser.ch\/magazin\/wp-content\/uploads\/2025\/08\/AdobeStock_1026244484.jpg\" alt=\"Luftbildlandschaft in den Allg\u00e4uer Alpen mit Alpsee bei Immenstadt, Bayern, Deutschland\" width=\"600\" height=\"410\" srcset=\"https:\/\/www.schlanser.ch\/magazin\/wp-content\/uploads\/2025\/08\/AdobeStock_1026244484.jpg 600w, https:\/\/www.schlanser.ch\/magazin\/wp-content\/uploads\/2025\/08\/AdobeStock_1026244484-300x205.jpg 300w, https:\/\/www.schlanser.ch\/magazin\/wp-content\/uploads\/2025\/08\/AdobeStock_1026244484-110x75.jpg 110w\" sizes=\"(max-width: 600px) 100vw, 600px\" \/><figcaption id=\"caption-attachment-18833\" class=\"wp-caption-text\">\u00a9 uwe &#8211; stock.adobe.com<\/figcaption><\/figure>\n<h3>2. Via Claudia Camping Lechbruck am See &#8211; Campingplatz im Allg\u00e4u<\/h3>\n<p style=\"text-align: justify;\">Der <strong>Via Claudia Camping Lechbruck am See Campingplatz im Allg\u00e4u<\/strong> liegt idyllisch am Lechsee und bietet 300 Stellpl\u00e4tze auf einem 8 Hektar grossen Gel\u00e4nde. Besonders beliebt ist der direkte Seezugang mit eigenem Badestrand und die moderne Sanit\u00e4ranlage. Der Platz verf\u00fcgt \u00fcber einen Bootsverleih, Minigolf und einen Kinderspielplatz. Von hier aus erreichen Sie bequem die Wieskirche und das Kloster Ettal. Die Via Claudia Augusta, eine historische R\u00f6merstrasse, f\u00fchrt direkt am Campingplatz vorbei.<\/p>\n<h3>3. Camping Zeh am See Allg\u00e4u &#8211; Naturerlebnis pur<\/h3>\n<p style=\"text-align: justify;\"><strong>Camping Zeh am See Allg\u00e4u<\/strong> liegt malerisch am Zeller See und gilt als Geheimtipp f\u00fcr Naturliebhaber. Der familiengef\u00fchrte Campingplatz bietet 120 Stellpl\u00e4tze in park\u00e4hnlicher Umgebung. Besonders gesch\u00e4tzt wird die ruhige Lage und die herzliche Atmosph\u00e4re. Ein eigener Badestrand, Bootsverleih und Angelpl\u00e4tze sorgen f\u00fcr Wasserspass. Von hier aus starten wundersch\u00f6ne Wanderwege in die Allg\u00e4uer Alpen.<\/p>\n<h2>Camping Allg\u00e4u See &#8211; Die sch\u00f6nsten Seencampingpl\u00e4tze<\/h2>\n<p style=\"text-align: justify;\">Das Allg\u00e4u ist ber\u00fchmt f\u00fcr seine kristallklaren Bergseen. <strong>Camping Allg\u00e4u See<\/strong> bedeutet Wasserspass und Bergpanorama in perfekter Kombination:<\/p>\n<h3>Forggensee &#8211; Bayerns f\u00fcnftgr\u00f6sster See<\/h3>\n<p style=\"text-align: justify;\">Am Forggensee finden Sie mehrere erstklassige Campingpl\u00e4tze. Der k\u00fcnstlich angelegte Stausee bietet mit seiner Gr\u00f6sse von 15 km\u00b2 optimale Bedingungen f\u00fcr Wassersport. In den Wintermonaten wird er abgelassen und zeigt eine einzigartige Mondlandschaft. Campingpl\u00e4tze wie das Resort Waldsee oder Camping Hopfensee liegen in direkter N\u00e4he und bieten Stellpl\u00e4tze mit Seeblick.<\/p>\n<h3>Hopfensee &#8211; Badespass f\u00fcr die ganze Familie<\/h3>\n<p style=\"text-align: justify;\">Der Hopfensee gilt als einer der w\u00e4rmsten Badeseen des Allg\u00e4us und ist perfekt f\u00fcr Familien geeignet. Mehrere Campingpl\u00e4tze rund um den See bieten direkten Zugang zum Wasser. Die Wasserqualit\u00e4t ist ausgezeichnet und der See eignet sich ideal zum Schwimmen, Segeln und Stand-up-Paddling.<\/p>\n<figure id=\"attachment_18835\" aria-describedby=\"caption-attachment-18835\" style=\"width: 600px\" class=\"wp-caption aligncenter\"><img loading=\"lazy\" decoding=\"async\" class=\"wp-image-18835 size-full\" title=\"Allg\u00e4u Bayern Ausblick auf den Hopfensee\" src=\"https:\/\/www.schlanser.ch\/magazin\/wp-content\/uploads\/2025\/08\/AdobeStock_393387171.jpg\" alt=\"Hopfensee im Allg\u00e4u\" width=\"600\" height=\"400\" srcset=\"https:\/\/www.schlanser.ch\/magazin\/wp-content\/uploads\/2025\/08\/AdobeStock_393387171.jpg 600w, https:\/\/www.schlanser.ch\/magazin\/wp-content\/uploads\/2025\/08\/AdobeStock_393387171-300x200.jpg 300w\" sizes=\"(max-width: 600px) 100vw, 600px\" \/><figcaption id=\"caption-attachment-18835\" class=\"wp-caption-text\">\u00a9 uwe &#8211; stock.adobe.com<\/figcaption><\/figure>\n<h3>Bannwaldsee &#8211; Ruheoase in den Bergen<\/h3>\n<p style=\"text-align: justify;\">Etwas abseits der Haupttouristenstr\u00f6me liegt der Bannwaldsee. Hier finden Sie kleinere, naturnahe Campingpl\u00e4tze, die perfekt f\u00fcr Erholungssuchende sind. Der See ist ein Eldorado f\u00fcr Angler und bietet traumhafte Wanderwege rundum.<\/p>\n<h2>In der Natur des Allg\u00e4us unterwegs<\/h2>\n<p style=\"text-align: justify;\">Die Ferienregion l\u00e4sst sich geographisch nicht genau eingrenzen, sie befindet sich auf jeden Fall im s\u00fcdlichen Schwaben, einem Regierungsbezirk von Bayern. Die Allg\u00e4uer Alpen markieren die s\u00fcdliche Grenze und liegen zur H\u00e4lfte auf \u00f6sterreichischem Gebiet, w\u00e4hrend das Allg\u00e4u selbst ein Teil von Deutschland ist. Die Menschen in Schwaben sind im Allgemeinen laut und fr\u00f6hlich und heissen Touristen herzlich willkommen.<\/p>\n<p style=\"text-align: justify;\">Im Allg\u00e4u finden Sie ausserdem zahllose M\u00f6glichkeiten, um sich in der Natur zu bewegen. Es gibt Moorlandschaften, Seen, W\u00e4lder und Bergketten zu bestaunen. Gut beschilderte Wanderwege mit unterschiedlichem Anforderungsgrad warten darauf, dass Sie hier einzigartige Eindr\u00fccke und Erlebnisse sammeln.<\/p>\n<figure id=\"attachment_8946\" aria-describedby=\"caption-attachment-8946\" style=\"width: 620px\" class=\"wp-caption aligncenter\"><img loading=\"lazy\" decoding=\"async\" class=\"wp-image-8946 size-full\" title=\"Sonnenuntergang am Gr\u00fcnten, Allg\u00e4u\" src=\"https:\/\/www.schlanser.ch\/magazin\/wp-content\/uploads\/2021\/02\/Sonnenuntergang-am-Gr\u00fcnten-Allg\u00e4u.jpg\" alt=\"Sonnenuntergang am Gr\u00fcnten, Allg\u00e4u - Camping im Allg\u00e4u\" width=\"620\" height=\"310\" srcset=\"https:\/\/www.schlanser.ch\/magazin\/wp-content\/uploads\/2021\/02\/Sonnenuntergang-am-Gr\u00fcnten-Allg\u00e4u.jpg 620w, https:\/\/www.schlanser.ch\/magazin\/wp-content\/uploads\/2021\/02\/Sonnenuntergang-am-Gr\u00fcnten-Allg\u00e4u-300x150.jpg 300w\" sizes=\"(max-width: 620px) 100vw, 620px\" \/><figcaption id=\"caption-attachment-8946\" class=\"wp-caption-text\">\u00a9 Adrian72 &#8211; stock.adobe.com<\/figcaption><\/figure>\n<p style=\"text-align: justify;\">Auch mit dem Fahrrad k\u00f6nnen Sie auf Radwanderwegen flexibel und schnell Sehensw\u00fcrdigkeiten bestaunen. Im Allg\u00e4u finden Sie gute Radwege, ein grosses Streckennetz und Routen verschiedener Schwierigkeitsstufen. Schnell k\u00f6nnen Sie nach Lust und Laune Ihre Fahrr\u00e4der vom <a href=\"https:\/\/www.schlanser.ch\/fahrzeug\/wohnwagen-wohnmobil-zubehoer\/fahrradtraeger\/\">Fahrradtr\u00e4ger<\/a> herunterholen und Ihrem Naturerlebnis eine andere Qualit\u00e4t verleihen.<\/p>\n<p>In den vielen Seen des Allg\u00e4us k\u00f6nnen Sie <a href=\"https:\/\/www.schlanser.ch\/outdoor-freizeit\/wasserwelt\/\">schwimmen, surfen, angeln und rudern<\/a>, je nach Befindlichkeit und Angebot.<\/p>\n<p><a href=\"https:\/\/www.schlanser.ch\/outdoor-freizeit\/wasserwelt\/schlauchboote-kajaks-sup-boards\/\"><img loading=\"lazy\" decoding=\"async\" class=\"aligncenter wp-image-8948 size-full\" title=\"Intex Schlauchboot Seahawk 2\" src=\"https:\/\/www.schlanser.ch\/magazin\/wp-content\/uploads\/2021\/02\/IMG_510890_1_2001070603215e14111a19658-1.jpg\" alt=\"Intex Schlauchboot Seahawk 2\" width=\"620\" height=\"352\" srcset=\"https:\/\/www.schlanser.ch\/magazin\/wp-content\/uploads\/2021\/02\/IMG_510890_1_2001070603215e14111a19658-1.jpg 620w, https:\/\/www.schlanser.ch\/magazin\/wp-content\/uploads\/2021\/02\/IMG_510890_1_2001070603215e14111a19658-1-300x170.jpg 300w\" sizes=\"(max-width: 620px) 100vw, 620px\" \/><\/a><\/p>\n<h2>Wohnmobil Stellpl\u00e4tze im Allg\u00e4u<\/h2>\n<p style=\"text-align: justify;\">Neben den klassischen Campingpl\u00e4tzen bietet das Allg\u00e4u auch eine Vielzahl an <strong>Wohnmobil Stellpl\u00e4tzen<\/strong>. Diese sind oft g\u00fcnstiger und bieten mehr Flexibilit\u00e4t f\u00fcr Durchreisende:<\/p>\n<h3>Wohnmobil Stellplatz Wangen im Allg\u00e4u<\/h3>\n<p style=\"text-align: justify;\">Der <strong>Wohnmobil Stellplatz Wangen im Allg\u00e4u<\/strong> liegt zentral in der historischen Altstadt. Mit 25 Stellpl\u00e4tzen bietet er eine perfekte Basis f\u00fcr Stadtbesichtigungen. Ver- und Entsorgung sind vorhanden, ebenso wie Stromanschl\u00fcsse. Die historische Altstadt mit ihren malerischen Gassen ist zu Fuss erreichbar. Wangen gilt als eine der besterhaltenen mittelalterlichen St\u00e4dte S\u00fcddeutschlands.<\/p>\n<h3>Isny Camping &#8211; Stellpl\u00e4tze in der Kurstadt<\/h3>\n<p style=\"text-align: justify;\"><strong>Isny Camping<\/strong> bietet sowohl traditionelle Campingstellpl\u00e4tze als auch moderne Wohnmobilpl\u00e4tze. Die Kurstadt Isny im Allg\u00e4u ist ber\u00fchmt f\u00fcr ihre mittelalterliche Altstadt und die vielen Wellness-Angebote. Der Campingplatz liegt nur wenige Gehminuten vom Stadtzentrum entfernt und bietet 80 Stellpl\u00e4tze mit Vollausstattung. Ein Hallenbad mit Sauna ist in der N\u00e4he.<\/p>\n<h2>Camping im Allg\u00e4u: Ein Roadtrip zum Kennenlernen der Region<\/h2>\n<p style=\"text-align: justify;\">Da es so viel zu entdecken gibt, bietet sich f\u00fcr Ihren Urlaub ein Roadtrip an. Orientieren Sie sich bei der Planung an den Ferienstrassen, die teilweise oder komplett durchs Allg\u00e4u f\u00fchren. Diese verbinden auf sch\u00f6nen Routen die Attraktionen der Urlaubsregion miteinander. Da es sich hier um eine ausgesprochen beliebte Ferienregion handelt, finden Sie ein sehr grosses und gutes Angebot an Stellpl\u00e4tzen sowie zahlreiche <strong>Campingpl\u00e4tze im Allg\u00e4u<\/strong>. Dieses Angebot ist breitgef\u00e4chert, neben einfachen Stellpl\u00e4tzen gibt es auch luxuri\u00f6se Pl\u00e4tze sowie Unterk\u00fcnfte mit grossem Freizeitangebot. Viele Campingpl\u00e4tze haben ausserdem eine grosse Wiese zum <a href=\"https:\/\/www.schlanser.ch\/zelte\/campingzelte\/\">Zelten<\/a>.<\/p>\n<p><a href=\"https:\/\/www.schlanser.ch\/hersteller\/berger\/445067\/berger-zelt-easy-rock-3\"><img loading=\"lazy\" decoding=\"async\" class=\"aligncenter wp-image-8950 size-full\" title=\"Berger Kuppelzelt Easy Rock 4\" src=\"https:\/\/www.schlanser.ch\/magazin\/wp-content\/uploads\/2021\/02\/Berger-Kuppelzelt-Easy-Rock-4-1.jpg\" alt=\"Berger Kuppelzelt Easy Rock 4\" width=\"620\" height=\"388\" srcset=\"https:\/\/www.schlanser.ch\/magazin\/wp-content\/uploads\/2021\/02\/Berger-Kuppelzelt-Easy-Rock-4-1.jpg 620w, https:\/\/www.schlanser.ch\/magazin\/wp-content\/uploads\/2021\/02\/Berger-Kuppelzelt-Easy-Rock-4-1-300x188.jpg 300w\" sizes=\"(max-width: 620px) 100vw, 620px\" \/><\/a><\/p>\n<p style=\"text-align: justify;\">Tipp: Informieren Sie sich vorab \u00fcber die Verf\u00fcgbarkeit der anvisierten Campingpl\u00e4tze, da die Region sommers wie winters sehr gut besucht wird.<\/p>\n<h2>Die sch\u00f6nsten Campingpl\u00e4tze Allg\u00e4u nach Regionen<\/h2>\n<h3>Ostallg\u00e4u &#8211; K\u00f6nigsschl\u00f6sser und Bergseen<\/h3>\n<p style=\"text-align: justify;\">Das Ostallg\u00e4u rund um F\u00fcssen bietet einige der <strong>sch\u00f6nsten Campingpl\u00e4tze Allg\u00e4u<\/strong>. Hier finden Sie 5 Sterne Camping im Allg\u00e4u ebenso wie naturnahe Pl\u00e4tze am Seeufer.<\/p>\n<h4>Camping Bannwaldsee &#8211; Naturidyll am stillen See<\/h4>\n<p style=\"text-align: justify;\">Der Campingplatz Bannwaldsee liegt malerisch am gleichnamigen See, eingebettet zwischen bewaldeten H\u00fcgeln. Mit 180 Stellpl\u00e4tzen bietet er eine perfekte Mischung aus Komfort und Natur. Der eigene Badestrand, Bootsverleih und die N\u00e4he zu Wanderwegen machen ihn zu einem beliebten Ziel f\u00fcr Aktivurlauber. Das Schloss Neuschwanstein ist nur 15 Autominuten entfernt.<\/p>\n<h4>Camping Hopfensee &#8211; Familienspass am warmen Badesee<\/h4>\n<p style=\"text-align: justify;\">Mit einer der h\u00f6chsten Wassertemperaturen im Allg\u00e4u ist der Hopfensee perfekt f\u00fcr Familien. Der gleichnamige Campingplatz bietet 220 Stellpl\u00e4tze mit direktem Seezugang. Besonders beliebt ist der flach abfallende Badestrand, der auch f\u00fcr kleine Kinder geeignet ist. Ein Spielplatz, Minigolf und Bootsverleih sorgen f\u00fcr Abwechslung.<\/p>\n<h3>Oberallg\u00e4u &#8211; Hochalpine Campingerlebnisse<\/h3>\n<p style=\"text-align: justify;\">Das Oberallg\u00e4u mit Oberstdorf als Zentrum bietet spektakul\u00e4re Bergkulissen und anspruchsvolle Wandertouren.<\/p>\n<figure id=\"attachment_18840\" aria-describedby=\"caption-attachment-18840\" style=\"width: 600px\" class=\"wp-caption aligncenter\"><img loading=\"lazy\" decoding=\"async\" class=\"wp-image-18840 size-full\" title=\"Oberstaufen, Allg\u00e4u, Bayern, Deutschland\" src=\"https:\/\/www.schlanser.ch\/magazin\/wp-content\/uploads\/2025\/08\/AdobeStock_230670825.jpg\" alt=\"Herbstliche Stimmung auf dem Grat der Nagelfluhkette\" width=\"600\" height=\"400\" srcset=\"https:\/\/www.schlanser.ch\/magazin\/wp-content\/uploads\/2025\/08\/AdobeStock_230670825.jpg 600w, https:\/\/www.schlanser.ch\/magazin\/wp-content\/uploads\/2025\/08\/AdobeStock_230670825-300x200.jpg 300w\" sizes=\"(max-width: 600px) 100vw, 600px\" \/><figcaption id=\"caption-attachment-18840\" class=\"wp-caption-text\">\u00a9 uwe &#8211; stock.adobe.com<\/figcaption><\/figure>\n<h4>Camping Oberstdorf &#8211; Tor zu den Allg\u00e4uer Hochalpen<\/h4>\n<p style=\"text-align: justify;\">Der Campingplatz in Oberstdorf bietet 200 Stellpl\u00e4tze mit direktem Blick auf die Allg\u00e4uer Hochalpen. Von hier starten die Bergbahnen zum Nebelhorn und Fellhorn. Der Platz ist ganzj\u00e4hrig ge\u00f6ffnet und eignet sich sowohl f\u00fcr Sommer- als auch Wintercamping. Moderne Sanit\u00e4ranlagen mit Fu\u00dfbodenheizung sorgen auch in der kalten Jahreszeit f\u00fcr Komfort.<\/p>\n<h3>Westallg\u00e4u &#8211; Sanfte H\u00fcgel und K\u00e4setradition<\/h3>\n<p style=\"text-align: justify;\">Das Westallg\u00e4u besticht durch sanfte H\u00fcgel, traditionelle K\u00e4sereien und urspr\u00fcngliche D\u00f6rfer.<\/p>\n<h4>Camping Argenb\u00fchl &#8211; Panoramablick ins Allg\u00e4u<\/h4>\n<p style=\"text-align: justify;\">Auf 800 Metern H\u00f6he gelegen bietet der Campingplatz Argenb\u00fchl einen fantastischen Panoramablick \u00fcber das gesamte Allg\u00e4u bis zu den Alpen. 150 Stellpl\u00e4tze verteilen sich auf verschiedene Terrassen. Ein Highlight ist das beheizte Freibad mit Rutsche. Der Platz liegt direkt an der Allg\u00e4uer K\u00e4sestrasse.<\/p>\n<figure id=\"attachment_18838\" aria-describedby=\"caption-attachment-18838\" style=\"width: 600px\" class=\"wp-caption aligncenter\"><img loading=\"lazy\" decoding=\"async\" class=\"wp-image-18838 size-full\" title=\"Weg f\u00fcr Mountain Bikes perfekt im Allg\u00e4u\" src=\"https:\/\/www.schlanser.ch\/magazin\/wp-content\/uploads\/2025\/08\/AdobeStock_513038063.jpg\" alt=\"Stra\u00dfe ins Allg\u00e4u\" width=\"600\" height=\"347\" srcset=\"https:\/\/www.schlanser.ch\/magazin\/wp-content\/uploads\/2025\/08\/AdobeStock_513038063.jpg 600w, https:\/\/www.schlanser.ch\/magazin\/wp-content\/uploads\/2025\/08\/AdobeStock_513038063-300x174.jpg 300w\" sizes=\"(max-width: 600px) 100vw, 600px\" \/><figcaption id=\"caption-attachment-18838\" class=\"wp-caption-text\">\u00a9 uwe &#8211; stock.adobe.com<\/figcaption><\/figure>\n<h3>Unterallg\u00e4u &#8211; Kulturelle Vielfalt und Geschichte<\/h3>\n<p style=\"text-align: justify;\">Das Unterallg\u00e4u lockt mit historischen St\u00e4dten, Kl\u00f6stern und einer reichen Kulturlandschaft.<\/p>\n<h4>Camping Ottobeuren &#8211; Nah zur ber\u00fchmten Basilika<\/h4>\n<p style=\"text-align: justify;\">Nur wenige Kilometer von der ber\u00fchmten Klosteranlage Ottobeuren entfernt liegt dieser ruhige Campingplatz. 120 Stellpl\u00e4tze in park\u00e4hnlicher Anlage bieten Erholung nach Kulturausfl\u00fcgen. Die Basilika Ottobeuren mit ihrer weltber\u00fchmten Orgel ist ein absolutes Muss f\u00fcr Kulturliebhaber.<\/p>\n<h2>Die Deutsche Alpenstrasse im S\u00fcdallg\u00e4u<\/h2>\n<p style=\"text-align: justify;\">Sie wird auch Queralpenstrasse genannt und f\u00fchrt auf einer L\u00e4nge von etwa 450 Kilometern von Lindau am Bodensee bis zum K\u00f6nigssee bei Berchtesgaden. Auf dieser Strasse durchqueren Sie Bayern auf einer H\u00f6he von bis zu 1200 Metern und finden viele der Sehensw\u00fcrdigkeiten, die das Allg\u00e4u zu bieten hat. Folgen Sie den braunen Schildern der Deutschen Alpenstrasse ab Lindau am Bodensee und passieren Sie den Tegernsee, den Hopfensee, den Schliersee und noch viele weitere Bergseen, die an der Route liegen. Weiterhin finden Sie hier zahlreiche Schl\u00f6sser, Burgen und Kl\u00f6ster.<\/p>\n<figure id=\"attachment_8953\" aria-describedby=\"caption-attachment-8953\" style=\"width: 620px\" class=\"wp-caption aligncenter\"><img loading=\"lazy\" decoding=\"async\" class=\"wp-image-8953 size-full\" title=\"Seealpsee in den Allg\u00e4uer Bergen\" src=\"https:\/\/www.schlanser.ch\/magazin\/wp-content\/uploads\/2021\/02\/Seealpsee-in-den-Allg\u00e4uer-Bergen-Bergsee-im-Allg\u00e4u.jpg\" alt=\"Seealpsee in den Allg\u00e4uer Bergen - Camping im Allg\u00e4u\" width=\"620\" height=\"413\" srcset=\"https:\/\/www.schlanser.ch\/magazin\/wp-content\/uploads\/2021\/02\/Seealpsee-in-den-Allg\u00e4uer-Bergen-Bergsee-im-Allg\u00e4u.jpg 620w, https:\/\/www.schlanser.ch\/magazin\/wp-content\/uploads\/2021\/02\/Seealpsee-in-den-Allg\u00e4uer-Bergen-Bergsee-im-Allg\u00e4u-300x200.jpg 300w\" sizes=\"(max-width: 620px) 100vw, 620px\" \/><figcaption id=\"caption-attachment-8953\" class=\"wp-caption-text\">\u00a9 Basti Heckl &#8211; stock.adobe.com<\/figcaption><\/figure>\n<h2>Die Romantische Strasse im Ostallg\u00e4u<\/h2>\n<p style=\"text-align: justify;\">Diese insgesamt 400 Kilometer lange Strasse ist ebenfalls ausgeschildert und f\u00fchrt von W\u00fcrzburg s\u00fcdlich durch Bayern hindurch bis sie in F\u00fcssen endet. Der letzte Abschnitt der Romantischen Strasse befindet sich also im Allg\u00e4u und kann als Orientierung benutzt werden. Neben vielen sch\u00f6nen St\u00e4dtchen f\u00fchrt sie auf pittoresken Strassen auch am Lechfall vorbei, den Sie am besten fussl\u00e4ufig von F\u00fcssen aus erreichen. Hier str\u00f6mt das Wasser des Lechs \u00fcber ein breites Stauwehr, flussabw\u00e4rts und verl\u00e4uft dann in der tiefen Klamm, bei der Sie einen Eindruck von der Naturgewalt Wasser bekommen. Der Lechfall und die Klamm bei F\u00fcssen sind ausgewiesenes Geotop des Bayrischen Landesamtes f\u00fcr Umwelt und ein Highlight f\u00fcr Naturliebhaber.<\/p>\n<figure id=\"attachment_8956\" aria-describedby=\"caption-attachment-8956\" style=\"width: 620px\" class=\"wp-caption aligncenter\"><img loading=\"lazy\" decoding=\"async\" class=\"wp-image-8956 size-full\" title=\"Der Lechfall bei F\u00fcssen\" src=\"https:\/\/www.schlanser.ch\/magazin\/wp-content\/uploads\/2021\/02\/Lechfall.jpg\" alt=\"Der Lechfall bei F\u00fcssen\" width=\"620\" height=\"413\" srcset=\"https:\/\/www.schlanser.ch\/magazin\/wp-content\/uploads\/2021\/02\/Lechfall.jpg 620w, https:\/\/www.schlanser.ch\/magazin\/wp-content\/uploads\/2021\/02\/Lechfall-300x200.jpg 300w\" sizes=\"(max-width: 620px) 100vw, 620px\" \/><figcaption id=\"caption-attachment-8956\" class=\"wp-caption-text\">\u00a9 Andrea Izzotti &#8211; stock.adobe.com<\/figcaption><\/figure>\n<h2>Die Allg\u00e4uer K\u00e4sestrasse im Westallg\u00e4u<\/h2>\n<p style=\"text-align: justify;\">Die K\u00e4sestrasse entf\u00fchrt Sie auf etwa 220 Kilometern zu einer kulinarischen Reise und eignet sich als Orientierungshilfe f\u00fcr einen Trip durch das Westallg\u00e4u. Sie verl\u00e4uft zwischen den Alpen und dem Bodensee und verbindet Standorte von K\u00e4seherstellern, Hofl\u00e4den und Direktvermarktern. Verschiedene Sennereien laden zur Verkostung ein.<\/p>\n<p style=\"text-align: justify;\">Vielleicht k\u00f6nnen Sie sogar im September dem Viehscheid beiwohnen: Die wohlgen\u00e4hrten Rinder mit den grossen Kuhglocken werden nach 4 Monaten Weidegang von der Alp hinunter ins Tal getrieben und daf\u00fcr mit Blumen geschm\u00fcckt. Auch die Hirten tragen traditionelle Kleidung und begeben sich dann ins Festzelt, um den Viehscheid zu feiern, was eine jahrhundertealte Tradition hat.<\/p>\n<figure id=\"attachment_8955\" aria-describedby=\"caption-attachment-8955\" style=\"width: 620px\" class=\"wp-caption aligncenter\"><img loading=\"lazy\" decoding=\"async\" class=\"wp-image-8955 size-full\" title=\"Traditioneller Almabtrieb\" src=\"https:\/\/www.schlanser.ch\/magazin\/wp-content\/uploads\/2021\/02\/Almabtrieb.jpg\" alt=\"Traditioneller Almabtrieb\" width=\"620\" height=\"413\" srcset=\"https:\/\/www.schlanser.ch\/magazin\/wp-content\/uploads\/2021\/02\/Almabtrieb.jpg 620w, https:\/\/www.schlanser.ch\/magazin\/wp-content\/uploads\/2021\/02\/Almabtrieb-300x200.jpg 300w\" sizes=\"(max-width: 620px) 100vw, 620px\" \/><figcaption id=\"caption-attachment-8955\" class=\"wp-caption-text\">\u00a9 Hans und Christa Ede &#8211; stock.adobe.com<\/figcaption><\/figure>\n<h2>5 Sterne Camping im Allg\u00e4u &#8211; Luxus in den Bergen<\/h2>\n<p style=\"text-align: justify;\">Wer beim <strong>Allg\u00e4u Camping<\/strong> besonderen Komfort sch\u00e4tzt, findet in der Region mehrere 5 Sterne Campingpl\u00e4tze, die keine W\u00fcnsche offen lassen:<\/p>\n<h3>Luxury Camp Allg\u00e4u &#8211; Premium-Glamping<\/h3>\n<p style=\"text-align: justify;\">Das neueste 5 Sterne Camping im Allg\u00e4u kombiniert Naturerlebnis mit h\u00f6chstem Komfort. Luxuri\u00f6se Safari-Zelte mit eigenem Bad, beheizte Pools und ein Spa-Bereich verw\u00f6hnen anspruchsvolle G\u00e4ste. Das hauseigene Restaurant serviert gehobene Allg\u00e4uer K\u00fcche. Der Platz liegt oberhalb des Alpsees mit direktem Blick auf Schloss Neuschwanstein.<\/p>\n<figure id=\"attachment_18836\" aria-describedby=\"caption-attachment-18836\" style=\"width: 600px\" class=\"wp-caption aligncenter\"><img loading=\"lazy\" decoding=\"async\" class=\"wp-image-18836 size-full\" title=\"Lila Himmel \u00fcber dem Allg\u00e4u\" src=\"https:\/\/www.schlanser.ch\/magazin\/wp-content\/uploads\/2025\/08\/AdobeStock_393388141.jpg\" alt=\"Alatsee in Bayern\" width=\"600\" height=\"400\" srcset=\"https:\/\/www.schlanser.ch\/magazin\/wp-content\/uploads\/2025\/08\/AdobeStock_393388141.jpg 600w, https:\/\/www.schlanser.ch\/magazin\/wp-content\/uploads\/2025\/08\/AdobeStock_393388141-300x200.jpg 300w\" sizes=\"(max-width: 600px) 100vw, 600px\" \/><figcaption id=\"caption-attachment-18836\" class=\"wp-caption-text\">\u00a9 uwe &#8211; stock.adobe.com<\/figcaption><\/figure>\n<h3>Resort Allg\u00e4u Camping &#8211; Wellness trifft Natur<\/h3>\n<p style=\"text-align: justify;\">Mit eigenem Wellnessbereich, beheizten Aussenpools und luxuri\u00f6sen Mobilheimen setzt dieser 5 Sterne Campingplatz Massst\u00e4be. Jeder Stellplatz verf\u00fcgt \u00fcber eine private Terrasse und teilweise eigene Sanit\u00e4ranlagen. Ein Concierge-Service organisiert Ausfl\u00fcge und Aktivit\u00e4ten. Besonders Familien sch\u00e4tzen den Kids Club mit Betreuung und das umfangreiche Sportprogramm.<\/p>\n<h2>Sehensw\u00fcrdigkeiten, die Sie nicht verpassen sollten<\/h2>\n<p style=\"text-align: justify;\">&#8211; Die Breitachklamm ist Europas tiefste Felsenschlucht, in der Sie wunderbar spazieren k\u00f6nnen und fabelhafte Eindr\u00fccke von den Elementen und der Grossartigkeit der Natur bekommen. Nehmen Sie sich wetterfeste Kleidung mit, Sie werden dort an spritzenden Wasserverl\u00e4ufen entlanggehen.<\/p>\n<p style=\"text-align: justify;\">&#8211; Ein Ausflug auf das Nebelhorn ist einer der sch\u00f6nsten alpinen Ausfl\u00fcge, die Sie beim Camping im Allg\u00e4u unternehmen k\u00f6nnen. Machen Sie Station in Oberstdorf auf dem Stellplatz, der Platz f\u00fcr 200 Wohnmobile bietet. Von hier aus k\u00f6nnen Sie das sch\u00f6ne St\u00e4dtchen besichtigen und auch die Bergseilbahn erreichen, die Sie zum Gipfel des Nebelhorns auf 2224 Metern H\u00f6he bringt. Hier oben ist es deutlich k\u00e4lter als im Tal, stellen Sie sich unbedingt darauf ein. Oben k\u00f6nnen Sie von der grossz\u00fcgigen Aussichtsterasse aus das Panorama geniessen und die vielen Gleitschirmflieger bewundern. Vielleicht buchen Sie sogar selbst einen Flug? Im Gipfelrestaurant k\u00f6nnen Sie sich st\u00e4rken, um dann zu einer kleinen Wanderung aufzubrechen. Vielleicht m\u00f6chten Sie 30 Minuten zum wundersch\u00f6nen Seealpsee wandern und dann noch weiter ins Oytal hinabsteigen.<\/p>\n<figure id=\"attachment_8958\" aria-describedby=\"caption-attachment-8958\" style=\"width: 620px\" class=\"wp-caption aligncenter\"><img loading=\"lazy\" decoding=\"async\" class=\"wp-image-8958 size-full\" title=\"Das &quot;Nebelhorn&quot; in der N\u00e4he von Obersdorf\" src=\"https:\/\/www.schlanser.ch\/magazin\/wp-content\/uploads\/2021\/02\/Nebelhorn-Allg\u00e4u-Wandern-Obheiter.jpg\" alt=\"Der Berggipfel &quot;Nebelhorn&quot; in der N\u00e4he von Obersdorf\" width=\"620\" height=\"413\" srcset=\"https:\/\/www.schlanser.ch\/magazin\/wp-content\/uploads\/2021\/02\/Nebelhorn-Allg\u00e4u-Wandern-Obheiter.jpg 620w, https:\/\/www.schlanser.ch\/magazin\/wp-content\/uploads\/2021\/02\/Nebelhorn-Allg\u00e4u-Wandern-Obheiter-300x200.jpg 300w\" sizes=\"(max-width: 620px) 100vw, 620px\" \/><figcaption id=\"caption-attachment-8958\" class=\"wp-caption-text\">\u00a9 Dozey &#8211; stock.adobe.com<\/figcaption><\/figure>\n<p style=\"text-align: justify;\">&#8211; Auf dem Skywalk in Scheidegg tanken Sie im Wipfel der B\u00e4ume Sonne. Scheidegg ist ein Kneipp-Kurort. Wie \u00fcberall im Allg\u00e4u trifft man hier auf Informationen \u00fcber Sebastian Kneipp und seine Massnahmen f\u00fcr die Gesundheit, zum Beispiel Wassertretanlagen. Scheidegg ist ausserdem der sonnenreichste Ort in Bayern. Hier gibt es einen kostenpflichtigen Wohnmobilstellplatz mit 22 Stellpl\u00e4tzen und hier befindet sich der Skywalk. Dies ist ein Baumwipfelpfad, auf dem Sie die Aussicht \u00fcber die W\u00e4lder bis zum Bodensee geniessen k\u00f6nnen.<\/p>\n<h2>Praktische Tipps f\u00fcr Camping im Allg\u00e4u<\/h2>\n<h3>Beste Reisezeit f\u00fcr Allg\u00e4u Camping<\/h3>\n<p style=\"text-align: justify;\"><strong>Sommer (Juni-August):<\/strong> Beste Zeit f\u00fcr Wassersport und Bergwanderungen. Alle Campingpl\u00e4tze ge\u00f6ffnet, aber auch h\u00f6chste Preise und viele Touristen.<\/p>\n<p style=\"text-align: justify;\"><strong>Fr\u00fchling\/Herbst (April-Mai, September-Oktober):<\/strong> Ideale Reisezeit mit mildem Wetter, g\u00fcnstigeren Preisen und weniger Touristen. Perfekt f\u00fcr Radtouren und Kulturausfl\u00fcge.<\/p>\n<p style=\"text-align: justify;\"><strong>Winter (Dezember-M\u00e4rz):<\/strong> Einige Campingpl\u00e4tze f\u00fcr Wintersport ge\u00f6ffnet. Besonders rund um Oberstdorf gibt es winterfeste Pl\u00e4tze mit beheizten Sanit\u00e4ranlagen.<\/p>\n<h3>Anreise ins Allg\u00e4u mit dem Wohnmobil<\/h3>\n<figure id=\"attachment_18832\" aria-describedby=\"caption-attachment-18832\" style=\"width: 400px\" class=\"wp-caption aligncenter\"><img loading=\"lazy\" decoding=\"async\" class=\"wp-image-18832 size-full\" title=\"Nagelfluh-Bergkette bei Oberstaufen, Bayern, Deutschland\" src=\"https:\/\/www.schlanser.ch\/magazin\/wp-content\/uploads\/2025\/08\/AdobeStock_927618516.jpg\" alt=\"h\u00fcbsche \u00e4ltere Frau wandert im warmen Morgenlicht und genie\u00dft die spektakul\u00e4re Aussicht \u00fcber die Allg\u00e4uer Alpen \" width=\"400\" height=\"600\" srcset=\"https:\/\/www.schlanser.ch\/magazin\/wp-content\/uploads\/2025\/08\/AdobeStock_927618516.jpg 400w, https:\/\/www.schlanser.ch\/magazin\/wp-content\/uploads\/2025\/08\/AdobeStock_927618516-200x300.jpg 200w\" sizes=\"(max-width: 400px) 100vw, 400px\" \/><figcaption id=\"caption-attachment-18832\" class=\"wp-caption-text\">\u00a9 uwe &#8211; stock.adobe.com<\/figcaption><\/figure>\n<p style=\"text-align: justify;\">Das Allg\u00e4u ist \u00fcber die Autobahnen A7 und A96 gut erreichbar. Von der Schweiz f\u00fchrt der Weg \u00fcber die A1 nach Deutschland. Wichtige Hinweise zur Anreise:<\/p>\n<ul>\n<li>Viele Bergstrassen haben H\u00f6henbeschr\u00e4nkungen f\u00fcr Wohnmobile<\/li>\n<li>Im Winter sind Schneeketten in h\u00f6heren Lagen Pflicht<\/li>\n<li>Umweltzonen in St\u00e4dten beachten (Kempten, Kaufbeuren)<\/li>\n<li>Parkpl\u00e4tze f\u00fcr Wohnmobile oft begrenzt &#8211; vorab informieren<\/li>\n<\/ul>\n<h2>Lust auf Geschichte und Kultur?<\/h2>\n<p style=\"text-align: justify;\">Auch das kulturelle Angebot kommt im s\u00fcdlichen Schwaben nicht zu kurz. Die grosse Anzahl an M\u00e4rchenschl\u00f6ssern, Burgen und Kl\u00f6stern legt den Besuch wenigstens einer dieser Orte nahe. Besonders eindrucksvoll ist das Schloss Neuschwanstein in Hohenschwangau bei F\u00fcssen. Ludwig II., der sogenannte M\u00e4rchenk\u00f6nig liess es im 19. Jahrhundert nach seiner Vorstellung von Burgen des Mittelalters errichten. Auch das Jugendschloss von Ludwig II., Schloss Hohenschwangau kann besichtigt werden. In Schwangau liegt ein luxuri\u00f6ser 5 Sterne Campingplatz zwischen den Schl\u00f6ssern und dem Forggensee.<\/p>\n[caption id=&#8220;attachment_8978&#8243; align<\/p>\n","protected":false},"excerpt":{"rendered":"<p>\u00ab Ferien im Herzen S\u00fcddeutschlands \u00bb Sie lieben die Berge? Sie lieben atemberaubende Natur, in der Sonne glitzernde Seen, schneebedeckte Berggipfel, weite Aussichten bei einem spannenden kulturellen Angebot und einem vielf\u00e4ltigen Freizeitangebot? Dann kommt die folgende Ferienregion f\u00fcr Sie als Urlaubsort in Frage. Erfahren Sie, was Sie beim Camping im Allg\u00e4u auf keinen Fall verpassen &hellip;<\/p>\n","protected":false},"author":1,"featured_media":8945,"comment_status":"closed","ping_status":"open","sticky":false,"template":"","format":"standard","meta":{"footnotes":""},"categories":[1],"tags":[1190,1195,1189,1197,1192,1191,1193,1194,1196,983],"yoast_head":"<!-- This site is optimized with the Yoast SEO plugin v22.2 - https:\/\/yoast.com\/wordpress\/plugins\/seo\/ -->\n<title>Camping im Allg\u00e4u - Schlanser Magazin<\/title>\n<meta name=\"description\" content=\"Alles Wissenswerte \u00fcber das Allg\u00e4u erfahren Sie im Campingmagazin von Schlanser \u2714 \u2013 Begleiten Sie uns auf eine Reise durch das gr\u00fcne Bayern!\" \/>\n<meta name=\"robots\" content=\"index, follow, max-snippet:-1, max-image-preview:large, max-video-preview:-1\" \/>\n<link rel=\"canonical\" href=\"https:\/\/www.schlanser.ch\/magazin\/camping-im-allgaeu\/\" \/>\n<meta property=\"og:locale\" content=\"de_DE\" \/>\n<meta property=\"og:type\" content=\"article\" \/>\n<meta property=\"og:title\" content=\"Camping im Allg\u00e4u - Schlanser Magazin\" \/>\n<meta property=\"og:description\" content=\"Alles Wissenswerte \u00fcber das Allg\u00e4u erfahren Sie im Campingmagazin von Schlanser \u2714 \u2013 Begleiten Sie uns auf eine Reise durch das gr\u00fcne Bayern!\" \/>\n<meta property=\"og:url\" content=\"https:\/\/www.schlanser.ch\/magazin\/camping-im-allgaeu\/\" \/>\n<meta property=\"og:site_name\" content=\"Schlanser Magazin\" \/>\n<meta property=\"article:published_time\" content=\"2020-02-26T09:22:54+00:00\" \/>\n<meta property=\"article:modified_time\" content=\"2025-08-29T14:39:05+00:00\" \/>\n<meta property=\"og:image\" content=\"https:\/\/www.schlanser.ch\/magazin\/wp-content\/uploads\/2021\/02\/Allg\u00e4u-Panorama.jpg\" \/>\n\t<meta property=\"og:image:width\" content=\"660\" \/>\n\t<meta property=\"og:image:height\" content=\"365\" \/>\n\t<meta property=\"og:image:type\" content=\"image\/jpeg\" \/>\n<meta name=\"author\" content=\"admin\" \/>\n<meta name=\"twitter:card\" content=\"summary_large_image\" \/>\n<meta name=\"twitter:label1\" content=\"Verfasst von\" \/>\n\t<meta name=\"twitter:data1\" content=\"admin\" \/>\n\t<meta name=\"twitter:label2\" content=\"Gesch\u00e4tzte Lesezeit\" \/>\n\t<meta name=\"twitter:data2\" content=\"16 Minuten\" \/>\n<script type=\"application\/ld+json\" class=\"yoast-schema-graph\">{\"@context\":\"https:\/\/schema.org\",\"@graph\":[{\"@type\":\"WebPage\",\"@id\":\"https:\/\/www.schlanser.ch\/magazin\/camping-im-allgaeu\/\",\"url\":\"https:\/\/www.schlanser.ch\/magazin\/camping-im-allgaeu\/\",\"name\":\"Camping im Allg\u00e4u - Schlanser Magazin\",\"isPartOf\":{\"@id\":\"https:\/\/www.schlanser.ch\/magazin\/#website\"},\"primaryImageOfPage\":{\"@id\":\"https:\/\/www.schlanser.ch\/magazin\/camping-im-allgaeu\/#primaryimage\"},\"image\":{\"@id\":\"https:\/\/www.schlanser.ch\/magazin\/camping-im-allgaeu\/#primaryimage\"},\"thumbnailUrl\":\"https:\/\/www.schlanser.ch\/magazin\/wp-content\/uploads\/2021\/02\/Allg\u00e4u-Panorama.jpg\",\"datePublished\":\"2020-02-26T09:22:54+00:00\",\"dateModified\":\"2025-08-29T14:39:05+00:00\",\"author\":{\"@id\":\"https:\/\/www.schlanser.ch\/magazin\/#\/schema\/person\/000db0a103eb2594ba3daf394b1dfea2\"},\"description\":\"Alles Wissenswerte \u00fcber das Allg\u00e4u erfahren Sie im Campingmagazin von Schlanser \u2714 \u2013 Begleiten Sie uns auf eine Reise durch das gr\u00fcne Bayern!\",\"breadcrumb\":{\"@id\":\"https:\/\/www.schlanser.ch\/magazin\/camping-im-allgaeu\/#breadcrumb\"},\"inLanguage\":\"de-DE\",\"potentialAction\":[{\"@type\":\"ReadAction\",\"target\":[\"https:\/\/www.schlanser.ch\/magazin\/camping-im-allgaeu\/\"]}]},{\"@type\":\"ImageObject\",\"inLanguage\":\"de-DE\",\"@id\":\"https:\/\/www.schlanser.ch\/magazin\/camping-im-allgaeu\/#primaryimage\",\"url\":\"https:\/\/www.schlanser.ch\/magazin\/wp-content\/uploads\/2021\/02\/Allg\u00e4u-Panorama.jpg\",\"contentUrl\":\"https:\/\/www.schlanser.ch\/magazin\/wp-content\/uploads\/2021\/02\/Allg\u00e4u-Panorama.jpg\",\"width\":660,\"height\":365,\"caption\":\"\u00a9 ARochau - stock.adobe.com\"},{\"@type\":\"BreadcrumbList\",\"@id\":\"https:\/\/www.schlanser.ch\/magazin\/camping-im-allgaeu\/#breadcrumb\",\"itemListElement\":[{\"@type\":\"ListItem\",\"position\":1,\"name\":\"Startseite\",\"item\":\"https:\/\/www.schlanser.ch\/magazin\/\"},{\"@type\":\"ListItem\",\"position\":2,\"name\":\"Camping im Allg\u00e4u\"}]},{\"@type\":\"WebSite\",\"@id\":\"https:\/\/www.schlanser.ch\/magazin\/#website\",\"url\":\"https:\/\/www.schlanser.ch\/magazin\/\",\"name\":\"Schlanser Magazin\",\"description\":\"\",\"potentialAction\":[{\"@type\":\"SearchAction\",\"target\":{\"@type\":\"EntryPoint\",\"urlTemplate\":\"https:\/\/www.schlanser.ch\/magazin\/?s={search_term_string}\"},\"query-input\":\"required name=search_term_string\"}],\"inLanguage\":\"de-DE\"},{\"@type\":\"Person\",\"@id\":\"https:\/\/www.schlanser.ch\/magazin\/#\/schema\/person\/000db0a103eb2594ba3daf394b1dfea2\",\"name\":\"admin\",\"image\":{\"@type\":\"ImageObject\",\"inLanguage\":\"de-DE\",\"@id\":\"https:\/\/www.schlanser.ch\/magazin\/#\/schema\/person\/image\/\",\"url\":\"https:\/\/secure.gravatar.com\/avatar\/a794a4fe8a9b9c52241597eb381dfa2e?s=96&d=mm&r=g\",\"contentUrl\":\"https:\/\/secure.gravatar.com\/avatar\/a794a4fe8a9b9c52241597eb381dfa2e?s=96&d=mm&r=g\",\"caption\":\"admin\"}}]}<\/script>\n<!-- \/ Yoast SEO plugin. -->","yoast_head_json":{"title":"Camping im Allg\u00e4u - Schlanser Magazin","description":"Alles Wissenswerte \u00fcber das Allg\u00e4u erfahren Sie im Campingmagazin von Schlanser \u2714 \u2013 Begleiten Sie uns auf eine Reise durch das gr\u00fcne Bayern!","robots":{"index":"index","follow":"follow","max-snippet":"max-snippet:-1","max-image-preview":"max-image-preview:large","max-video-preview":"max-video-preview:-1"},"canonical":"https:\/\/www.schlanser.ch\/magazin\/camping-im-allgaeu\/","og_locale":"de_DE","og_type":"article","og_title":"Camping im Allg\u00e4u - Schlanser Magazin","og_description":"Alles Wissenswerte \u00fcber das Allg\u00e4u erfahren Sie im Campingmagazin von Schlanser \u2714 \u2013 Begleiten Sie uns auf eine Reise durch das gr\u00fcne Bayern!","og_url":"https:\/\/www.schlanser.ch\/magazin\/camping-im-allgaeu\/","og_site_name":"Schlanser Magazin","article_published_time":"2020-02-26T09:22:54+00:00","article_modified_time":"2025-08-29T14:39:05+00:00","og_image":[{"width":660,"height":365,"url":"https:\/\/www.schlanser.ch\/magazin\/wp-content\/uploads\/2021\/02\/Allg\u00e4u-Panorama.jpg","type":"image\/jpeg"}],"author":"admin","twitter_card":"summary_large_image","twitter_misc":{"Verfasst von":"admin","Gesch\u00e4tzte Lesezeit":"16 Minuten"},"schema":{"@context":"https:\/\/schema.org","@graph":[{"@type":"WebPage","@id":"https:\/\/www.schlanser.ch\/magazin\/camping-im-allgaeu\/","url":"https:\/\/www.schlanser.ch\/magazin\/camping-im-allgaeu\/","name":"Camping im Allg\u00e4u - Schlanser Magazin","isPartOf":{"@id":"https:\/\/www.schlanser.ch\/magazin\/#website"},"primaryImageOfPage":{"@id":"https:\/\/www.schlanser.ch\/magazin\/camping-im-allgaeu\/#primaryimage"},"image":{"@id":"https:\/\/www.schlanser.ch\/magazin\/camping-im-allgaeu\/#primaryimage"},"thumbnailUrl":"https:\/\/www.schlanser.ch\/magazin\/wp-content\/uploads\/2021\/02\/Allg\u00e4u-Panorama.jpg","datePublished":"2020-02-26T09:22:54+00:00","dateModified":"2025-08-29T14:39:05+00:00","author":{"@id":"https:\/\/www.schlanser.ch\/magazin\/#\/schema\/person\/000db0a103eb2594ba3daf394b1dfea2"},"description":"Alles Wissenswerte \u00fcber das Allg\u00e4u erfahren Sie im Campingmagazin von Schlanser \u2714 \u2013 Begleiten Sie uns auf eine Reise durch das gr\u00fcne Bayern!","breadcrumb":{"@id":"https:\/\/www.schlanser.ch\/magazin\/camping-im-allgaeu\/#breadcrumb"},"inLanguage":"de-DE","potentialAction":[{"@type":"ReadAction","target":["https:\/\/www.schlanser.ch\/magazin\/camping-im-allgaeu\/"]}]},{"@type":"ImageObject","inLanguage":"de-DE","@id":"https:\/\/www.schlanser.ch\/magazin\/camping-im-allgaeu\/#primaryimage","url":"https:\/\/www.schlanser.ch\/magazin\/wp-content\/uploads\/2021\/02\/Allg\u00e4u-Panorama.jpg","contentUrl":"https:\/\/www.schlanser.ch\/magazin\/wp-content\/uploads\/2021\/02\/Allg\u00e4u-Panorama.jpg","width":660,"height":365,"caption":"\u00a9 ARochau - stock.adobe.com"},{"@type":"BreadcrumbList","@id":"https:\/\/www.schlanser.ch\/magazin\/camping-im-allgaeu\/#breadcrumb","itemListElement":[{"@type":"ListItem","position":1,"name":"Startseite","item":"https:\/\/www.schlanser.ch\/magazin\/"},{"@type":"ListItem","position":2,"name":"Camping im Allg\u00e4u"}]},{"@type":"WebSite","@id":"https:\/\/www.schlanser.ch\/magazin\/#website","url":"https:\/\/www.schlanser.ch\/magazin\/","name":"Schlanser Magazin","description":"","potentialAction":[{"@type":"SearchAction","target":{"@type":"EntryPoint","urlTemplate":"https:\/\/www.schlanser.ch\/magazin\/?s={search_term_string}"},"query-input":"required name=search_term_string"}],"inLanguage":"de-DE"},{"@type":"Person","@id":"https:\/\/www.schlanser.ch\/magazin\/#\/schema\/person\/000db0a103eb2594ba3daf394b1dfea2","name":"admin","image":{"@type":"ImageObject","inLanguage":"de-DE","@id":"https:\/\/www.schlanser.ch\/magazin\/#\/schema\/person\/image\/","url":"https:\/\/secure.gravatar.com\/avatar\/a794a4fe8a9b9c52241597eb381dfa2e?s=96&d=mm&r=g","contentUrl":"https:\/\/secure.gravatar.com\/avatar\/a794a4fe8a9b9c52241597eb381dfa2e?s=96&d=mm&r=g","caption":"admin"}}]}},"_links":{"self":[{"href":"https:\/\/www.schlanser.ch\/magazin\/wp-json\/wp\/v2\/posts\/8937"}],"collection":[{"href":"https:\/\/www.schlanser.ch\/magazin\/wp-json\/wp\/v2\/posts"}],"about":[{"href":"https:\/\/www.schlanser.ch\/magazin\/wp-json\/wp\/v2\/types\/post"}],"author":[{"embeddable":true,"href":"https:\/\/www.schlanser.ch\/magazin\/wp-json\/wp\/v2\/users\/1"}],"replies":[{"embeddable":true,"href":"https:\/\/www.schlanser.ch\/magazin\/wp-json\/wp\/v2\/comments?post=8937"}],"version-history":[{"count":34,"href":"https:\/\/www.schlanser.ch\/magazin\/wp-json\/wp\/v2\/posts\/8937\/revisions"}],"predecessor-version":[{"id":18841,"href":"https:\/\/www.schlanser.ch\/magazin\/wp-json\/wp\/v2\/posts\/8937\/revisions\/18841"}],"wp:featuredmedia":[{"embeddable":true,"href":"https:\/\/www.schlanser.ch\/magazin\/wp-json\/wp\/v2\/media\/8945"}],"wp:attachment":[{"href":"https:\/\/www.schlanser.ch\/magazin\/wp-json\/wp\/v2\/media?parent=8937"}],"wp:term":[{"taxonomy":"category","embeddable":true,"href":"https:\/\/www.schlanser.ch\/magazin\/wp-json\/wp\/v2\/categories?post=8937"},{"taxonomy":"post_tag","embeddable":true,"href":"https:\/\/www.schlanser.ch\/magazin\/wp-json\/wp\/v2\/tags?post=8937"}],"curies":[{"name":"wp","href":"https:\/\/api.w.org\/{rel}","templated":true}]}}